{"id":543835,"date":"2024-04-13T18:45:41","date_gmt":"2024-04-13T21:45:41","guid":{"rendered":"https:\/\/www.suno.com.br\/noticias\/?p=543835"},"modified":"2024-04-13T20:32:03","modified_gmt":"2024-04-13T23:32:03","slug":"ira-lanca-ataque-de-drones-e-misseis-contra-o-territorio-israelense","status":"publish","type":"post","link":"https:\/\/www.suno.com.br\/noticias\/ira-lanca-ataque-de-drones-e-misseis-contra-o-territorio-israelense\/","title":{"rendered":"Ir\u00e3 lan\u00e7a ataque de drones e m\u00edsseis contra o territ\u00f3rio israelense"},"content":{"rendered":"<p>O ex\u00e9rcito do <strong>Ir\u00e3<\/strong> lan\u00e7ou na noite deste s\u00e1bado (13) um ataque drones em dire\u00e7\u00e3o ao territ\u00f3rio de Israel. O governo israelense confirmou as informa\u00e7\u00f5es e informou que disparou baterias a\u00e9reas como contra-ataque. Segundo a CNN Internacional, o Ir\u00e3 disparou mais de 150 drones contra Israel, al\u00e9m de m\u00edsseis. A m\u00eddia israelense fala em mais de 300 drones. <\/p>\t<div class=\"wrapper-featured-image\">\n\t\t<figure class=\"spotlightImg\">\n\n\t\t\t<picture>\n\t\t\t\t<source media=\"(max-width: 768px)\" srcset=\"https:\/\/files.sunoresearch.com.br\/n\/uploads\/2024\/04\/ai-generated-8493001_1920-400x200.jpg\">\n\t\t\t\t<img loading=\"lazy\" decoding=\"async\" class=\"newsContent__article__imgCapa lazyloadDisabled \" src=\"https:\/\/files.sunoresearch.com.br\/n\/uploads\/2024\/04\/ai-generated-8493001_1920-800x450.jpg\" width=\"800\" height=\"450\" alt=\"Ir\u00e3 lan\u00e7a ataque de drones e m\u00edsseis contra o territ\u00f3rio israelense\" fetchpriority=high \/>\n\t\t\t<\/picture>\n\n\t\t\t<figcaption class=\"wp-caption-text wp-caption-text--show\">Ir\u00e3 ataca Israel. Foto: Pixabay<\/figcaption>\n\t\t<\/figure>\n\t<\/div>\n\n\n\n\n\n\t<p>\n\t\t<a href=\"\" target=\"_blank\" data-element=\"shortcode-suno-banner\" title=\"Banner SUNO, clique e saiba mais\">\n\t\t\t<picture>\n\t\t\t\t<source media=\"(max-width: 500px)\" srcset=\"\">\n\t\t\t\t<img class=\"newsContent__article__imgCapa newsContent__article__imgCapa--banner\"\n\t\t\t\t\tsrc=\"\"\n\t\t\t\t\tdata-promo-id=\"240038\"\t\t\t\t\t\t\t\t\t\t\t\t\t\t\talt=\"\"\n\t\t\t\t>\n\t\t\t<\/picture>\n\t\t<\/a>\n\t<\/p>\n\n\n\n\n\n\n\n<p>O <strong>ataque do Ir\u00e3<\/strong> n\u00e3o atingiu <strong>alvos em Israel<\/strong>. As aeronaves, n\u00e3o tripuladas, demoram para chegar aos alvos e s\u00e3o defens\u00e1veis. N\u00e3o h\u00e1 registro de mortos e feridos. <\/p>\n\n\n\n<p>Porta-voz das For\u00e7as de Defesa de Israel, Daniel Hagari confirmou a informa\u00e7\u00e3o. A Guarda Revolucion\u00e1ria do Ir\u00e3 tamb\u00e9m disse que o pa\u00eds atacou Israel.<\/p>\n\n\n\n<p>Sirenes e explos\u00f5es foram registradas em Jerusal\u00e9m e Tel Aviv, de acordo com a ag\u00eancia Reuters, \u00e0s 19h50, hor\u00e1rio de Bras\u00edlia (1h50 em Israel). Seriam drones e<strong> m\u00edsseis do Ir\u00e3<\/strong> sendo interceptados.<\/p>\n\n\n\n<p>A Globonews informou que ca\u00e7as americanos tamb\u00e9m derrubaram drones e m\u00edsseis do Ir\u00e3 em outras cidades do pa\u00eds. Imagens do X mostram explos\u00f5es em Israel de m\u00edsseis sendo abatidos. <\/p>\n\n\n\n<p>Israel fala em uma resposta &#8220;significativa&#8221; do pa\u00eds ao Ir\u00e3. A Jord\u00e2nia, que viu drones e m\u00edsseis cruzarem o seu espa\u00e7o a\u00e9reo em dire\u00e7\u00e3o \u00e0 Israel, tamb\u00e9m abateu aeronaves n\u00e3o-tripuladas, informa a CNN internacional.<\/p>\n\n\n\n<p>Autoridades do Ir\u00e3 falam em atacar como retalia\u00e7\u00e3o os EUA &#8211; que defenderam Israel interceptando m\u00edsseis e drones.<\/p>\n\n\n\n<figure class=\"wp-block-image size-full\"><img loading=\"lazy\" decoding=\"async\" width=\"497\" height=\"504\" src=\"https:\/\/files.sunoresearch.com.br\/n\/uploads\/2024\/04\/ataque-contra-Israel.jpg\" alt=\"Imagens do Tele\" class=\"wp-image-543846\" srcset=\"https:\/\/files.sunoresearch.com.br\/n\/uploads\/2024\/04\/ataque-contra-Israel.jpg 497w, https:\/\/files.sunoresearch.com.br\/n\/uploads\/2024\/04\/ataque-contra-Israel-296x300.jpg 296w, https:\/\/files.sunoresearch.com.br\/n\/uploads\/2024\/04\/ataque-contra-Israel-96x96.jpg 96w, https:\/\/files.sunoresearch.com.br\/n\/uploads\/2024\/04\/ataque-contra-Israel-150x152.jpg 150w\" sizes=\"(max-width: 497px) 100vw, 497px\" \/><\/figure>\n\n\n\n<p>O ministro das Rela\u00e7\u00f5es Exteriores do pa\u00eds, Israel Katz, confirmou o ataque em declara\u00e7\u00e3o no X. Disse que &#8220;n\u00f3s, em Israel, precisamos manter nossa unidade como povo e como pa\u00eds diante dos grandes desafios que enfrentamos&#8221;.<\/p>\n\n\n\n<p>O Ir\u00e3 tamb\u00e9m lan\u00e7ou m\u00edsseis de cruzeiro contra Israel. Foi o primeiro ataque do pa\u00eds desde 7 de outubro quando Israel respondeu aos atentados do Hamas no pa\u00eds &#8211; que deram origem \u00e0 guerra entre o grupo terrorista que controla o territ\u00f3rio palestino na Faixa de Gaza e as for\u00e7as israelenses.<\/p>\n\n\n\n<p>O governo iraniano disse que o<strong> ataque \u00e0 Israel<\/strong> \u00e9 uma resposta ao atentado da embaixada do pa\u00eds em Damasco, na S\u00edria. <\/p>\n\n\n\n<p>O primeiro-ministro de Israel, <strong>Benjamin Netanyahu<\/strong>, divulgou nota afirmando que o pa\u00eds estava preparado para ataques iranianos. O premi\u00ea est\u00e1 reunido com a c\u00fapula do militar em um gabinete de crise. <\/p>\n\n\n\n<figure class=\"wp-block-embed is-type-rich is-provider-twitter wp-block-embed-twitter\"><div class=\"wp-block-embed__wrapper\">\n<blockquote class=\"twitter-tweet\" data-width=\"550\" data-dnt=\"true\"><p lang=\"en\" dir=\"ltr\">\ud83d\udea8Sirens sounding across Israel\ud83d\udea8 <a href=\"https:\/\/t.co\/BuDasagr10\">pic.twitter.com\/BuDasagr10<\/a><\/p>&mdash; Israel Defense Forces (@IDF) <a href=\"https:\/\/twitter.com\/IDF\/status\/1779280803677036803?ref_src=twsrc%5Etfw\">April 13, 2024<\/a><\/blockquote>\n<\/div><\/figure>\n\n\n\n<p>Jornais e ag\u00eancias de not\u00edcias europeias destacaram ontem a escalada do<strong> conflito entre Israel e o Hamas<\/strong>, com a possibilidade agora de uma ofensiva vinda do Ir\u00e3, ap\u00f3s o ataque israelense contra o consulado iraniano em Damasco, na S\u00edria. Segundo os portais dos jornais The Guardian, Deutsche Welle, El Pa\u00eds, Corriere della Sera, Le Figaro, o Ocidente estava em alerta para a retalia\u00e7\u00e3o da rep\u00fablica isl\u00e2mica, reporta a jornalista Let\u00edcia Naome, do Broadcast.<\/p>\n\n\n\n<p>O presidente dos Estados Unidos, Joe Biden, que prometeu apoio incondicional a Israel em caso de repres\u00e1lia iraniana ao ataque do in\u00edcio do m\u00eas a um consulado do pa\u00eds persa na S\u00edria, disse ontem que uma a\u00e7\u00e3o inimiga contra o aliado no Oriente M\u00e9dio deveria &#8220;ocorrer mais cedo do que tarde&#8221;.<\/p>\n\n\n\n<p>Biden vai se reunir nesta noite na Casa Branca para discutir o que o EUA far\u00e3o com a confirma\u00e7\u00e3o do <strong>ataque contra Israel<\/strong>.  <\/p>\n\n\n\n<p>O porta-avi\u00f5es Dwight D. Eisenhower est\u00e1 na regi\u00e3o do Golfo P\u00e9rsico em alerta, ap\u00f3s a not\u00edcia de o Ir\u00e3 lan\u00e7ou dezenas drones contra Israel.<\/p>\n\n\n\n<p>Segundo a CNN, o ex\u00e9rcito dos EUA tem 6.000 militares de prontid\u00e3o, com um cruzador de m\u00edsseis guiados da classe Ticonderoga USS Philippine Sea (CG 58) e os destr\u00f3ieres de m\u00edsseis guiados da classe Arleigh Burke USS Mason (DDG 87) e USS Gravely (DDG 107). Essas armas podem interceptar m\u00edsseis do <strong>Ir\u00e3<\/strong>.<\/p>\n\n\n\n<figure class=\"wp-block-embed is-type-rich is-provider-twitter wp-block-embed-twitter\"><div class=\"wp-block-embed__wrapper\">\n<blockquote class=\"twitter-tweet\" data-width=\"550\" data-dnt=\"true\"><p lang=\"en\" dir=\"ltr\">Iran has launched drones toward Israel, according to an Israel Defense Forces spokesperson and confirmed by a US official.<a href=\"https:\/\/twitter.com\/hashtag\/Iran?src=hash&amp;ref_src=twsrc%5Etfw\">#Iran<\/a> <a href=\"https:\/\/twitter.com\/hashtag\/Iranians?src=hash&amp;ref_src=twsrc%5Etfw\">#Iranians<\/a> zinda abad <a href=\"https:\/\/t.co\/KFlSPRFUco\">pic.twitter.com\/KFlSPRFUco<\/a><\/p>&mdash; \u0641\u0627\u0637\u0645\u06c1 (@fatimabutt101) <a href=\"https:\/\/twitter.com\/fatimabutt101\/status\/1779280302113755233?ref_src=twsrc%5Etfw\">April 13, 2024<\/a><\/blockquote>\n<\/div><\/figure>\n\n\n\n<h2 class=\"wp-block-heading\">Ataques do Ir\u00e3 t\u00eam origem na guerra entre Hamas e Israel<\/h2>\n\n\n\n<p>Como resposta ao ataque do Hamas, que sequestrou e matou civis israelenses em outubro, Israel vem bombardeando o territ\u00f3rio palestino desde outubro. O ex\u00e9rcito de Israel tamb\u00e9m faz incurs\u00f5es por terra. O conflito, que matou centenas de israelenses e 30 mil palestinos segundo autoridades em Gaza, foi tema de uma resolu\u00e7\u00e3o do Conselho de Seguran\u00e7a da ONU em 25 de mar\u00e7o.<\/p>\n\n\n\n<p>O Conselho de Seguran\u00e7a das Na\u00e7\u00f5es Unidas aprovou uma resolu\u00e7\u00e3o para um cessar-fogo imediato e tempor\u00e1rio na <strong>Faixa de Gaza<\/strong>. De acordo com o texto, o cessar-fogo deveria durar os dias que restam do Ramad\u00e3, que \u00e9 o per\u00edodo do ano sagrado para os mu\u00e7ulmanos, que come\u00e7ou em 10 de mar\u00e7o e termina no pr\u00f3ximo dia 9 de abril.<\/p>\n\n\n\n<p>Os Estados Unidos (EUA), que vinham vetando resolu\u00e7\u00f5es que pediam o cessar-fogo imediato, se abstiveram de votar. A R\u00fassia ainda apresentou uma emenda propondo que o cessar-fogo fosse permanente, mas a medida foi vetada pelos EUA.<\/p>\n\n\n\n<p>A resolu\u00e7\u00e3o aprovada foi articulada pelos dez membros n\u00e3o permanentes do Conselho, que n\u00e3o tem direito ao veto. S\u00e3o eles Arg\u00e9lia, Equador, Guiana, Jap\u00e3o, Malta, Mo\u00e7ambique, Coreia do Sul, Serra Leoa, Eslov\u00eania e Su\u00ed\u00e7a. Com isso, o texto foi aprovado com 14 votos favor\u00e1veis, nenhum contr\u00e1rio e uma absten\u00e7\u00e3o.<\/p>\n\n\n\n<p><\/p>\n\n\n\n<h2 class=\"wp-block-heading\">Tens\u00e3o entre Oriente M\u00e9dio causou alta do petr\u00f3leo nesta sexta<\/h2>\n\n\n\n<p>O petr\u00f3leo fechou em alta nesta sexta e o Brent voltou aos US$ 90, em meio \u00e0 imin\u00eancia de um <strong>ataque iraniano contra Israel<\/strong>, que deixou a proje\u00e7\u00e3o de queda na demanda global pela Ag\u00eancia Internacional de Energia (AIE) em segundo plano. Por\u00e9m, na semana, o pre\u00e7o recuou, diante da resili\u00eancia da infla\u00e7\u00e3o dos EUA, ap\u00f3s dados do \u00cdndice de Pre\u00e7os ao Consumidor (CPI) americano em mar\u00e7o surpreenderem para cima.<\/p>\n\n\n\n<p>O WTI para maio fechou em alta de 0,75% (US$ 0,64), a US$ 85,66 o barril, na New York Mercantile Exchange (Nymex), e o Brent para junho avan\u00e7ou 0,79% (US$ 0,71), a US$ 90,45 o barril, na Intercontinental Exchange. Na semana, o WTI caiu 1,44% e o Brent recuou 0,79%.<\/p>\n\n\n\n<p>Ontem, ap\u00f3s o fechamento dos mercados, uma reportagem do Wall Street Journal disse que Israel esperava um <strong>ataque do Ir\u00e3<\/strong> a solo israelense dentro de 48 horas. Os EUA t\u00eam oferecido apoio para que israelenses se preparem e enviaram um oficial de alto escal\u00e3o do Pent\u00e1gono para auxiliar nas estrat\u00e9gias de guerra. Em meio \u00e0s tens\u00f5es, o governo americano colocou a chance de ataque em alerta m\u00e1ximo e se comprometeu a defender Israel, enquanto o Ir\u00e3 amea\u00e7ou os americanos caso tentem impedir a retalia\u00e7\u00e3o.<\/p>\n\n\n\n<p>Em meio \u00e0s expectativas por uma invas\u00e3o iraniana, os pre\u00e7os do petr\u00f3leo contornaram o relat\u00f3rio da AIE, que cortou sua previs\u00e3o para a alta na demanda global por petr\u00f3leo este ano e disse que o ritmo de consumo deve desacelerar mais em 2025. Louis Navellier, da gestora Navellier, diz que &#8220;obviamente, se os combates aumentarem, os pre\u00e7os do petr\u00f3leo bruto v\u00e3o subir&#8221;.<\/p>\n\n\n\n<p>&#8220;A procura mais forte do que o previsto, os cortes da Organiza\u00e7\u00e3o dos Pa\u00edses Exportadores de Petr\u00f3leo (Opep) e a renovada incerteza geopol\u00edtica manter\u00e3o os pre\u00e7os significativamente elevados, com algumas sugest\u00f5es de que os tr\u00eas d\u00edgitos est\u00e3o de volta \u00e0 mesa&#8221;, disse Helima Croft, estrategista da RBC Capital Markets, referindo-se ao conflito entre <strong>Ir\u00e3<\/strong> e Israel.<\/p>\n\n\n\t<p>\n\t\t<a href=\"https:\/\/lp.suno.com.br\/planilha-da-vida-financeira\/\" target=\"_blank\" data-element=\"shortcode-suno-banner\" title=\"Banner SUNO, clique e saiba mais\">\n\t\t\t<picture>\n\t\t\t\t<source media=\"(max-width: 500px)\" srcset=\"https:\/\/files.sunoresearch.com.br\/n\/uploads\/2023\/04\/400x300-Planilha-vida-financeira-true.png\">\n\t\t\t\t<img class=\"newsContent__article__imgCapa newsContent__article__imgCapa--banner\"\n\t\t\t\t\tsrc=\"https:\/\/files.sunoresearch.com.br\/n\/uploads\/2023\/04\/1420x240-Planilha-vida-financeira-true.png\"\n\t\t\t\t\tdata-promo-id=\"383123\"\t\t\t\t\t\t\t\t\t\twidth='1420' height='240'\t\t\t\t\talt=\"https:\/\/files.sunoresearch.com.br\/n\/uploads\/2023\/04\/1420x240-Planilha-vida-financeira-true.png\"\n\t\t\t\t>\n\t\t\t<\/picture>\n\t\t<\/a>\n\t<\/p>\n\n\n","protected":false},"excerpt":{"rendered":"<p>O ex\u00e9rcito do Ir\u00e3 lan\u00e7ou na noite deste s\u00e1bado (13) um ataque drones em dire\u00e7\u00e3o ao territ\u00f3rio de Israel. O governo israelense confirmou as informa\u00e7\u00f5es e informou que disparou baterias a\u00e9reas como contra-ataque. Segundo a CNN Internacional, o Ir\u00e3 disparou mais de 150 drones contra Israel, al\u00e9m de m\u00edsseis. A m\u00eddia israelense fala em mais [&hellip;]<\/p>\n","protected":false},"author":98,"featured_media":543856,"comment_status":"closed","ping_status":"closed","sticky":false,"template":"","format":"standard","meta":[],"categories":[61],"tags":[793,1458,926],"suno_strategy":[],"class_list":["post-543835","post","type-post","status-publish","format-standard","has-post-thumbnail","hentry","category-politica","tag-estados-unidos-eua","tag-ira","tag-israel"],"yoast_head":"<!-- This site is optimized with the Yoast SEO plugin v24.4 - https:\/\/yoast.com\/wordpress\/plugins\/seo\/ -->\n<title>Ir\u00e3 lan\u00e7a ataque de drones e m\u00edsseis contra o territ\u00f3rio israelense<\/title>\n<meta name=\"description\" content=\"O ex\u00e9rcito do Ir\u00e3 lan\u00e7ou neste s\u00e1bado (13) um ataque com dezenas de drones em dire\u00e7\u00e3o ao territ\u00f3rio de Israel.\" \/>\n<meta name=\"robots\" content=\"index, follow, max-snippet:-1, max-image-preview:large, max-video-preview:-1\" \/>\n<link rel=\"canonical\" href=\"https:\/\/www.suno.com.br\/noticias\/ira-lanca-ataque-de-drones-e-misseis-contra-o-territorio-israelense\/\" \/>\n<meta property=\"og:locale\" content=\"pt_BR\" \/>\n<meta property=\"og:type\" content=\"article\" \/>\n<meta property=\"og:title\" content=\"Ir\u00e3 lan\u00e7a ataque de drones e m\u00edsseis contra o territ\u00f3rio israelense\" \/>\n<meta property=\"og:description\" content=\"O ex\u00e9rcito do Ir\u00e3 lan\u00e7ou neste s\u00e1bado (13) um ataque com dezenas de drones em dire\u00e7\u00e3o ao territ\u00f3rio de Israel.\" \/>\n<meta property=\"og:url\" content=\"https:\/\/www.suno.com.br\/noticias\/ira-lanca-ataque-de-drones-e-misseis-contra-o-territorio-israelense\/\" \/>\n<meta property=\"og:site_name\" content=\"Suno Not\u00edcias\" \/>\n<meta property=\"article:publisher\" content=\"https:\/\/facebook.com\/sunoresearch\" \/>\n<meta property=\"og:image\" content=\"https:\/\/files.sunoresearch.com.br\/n\/uploads\/2024\/04\/ai-generated-8493001_1920.jpg\" \/>\n\t<meta property=\"og:image:width\" content=\"1920\" \/>\n\t<meta property=\"og:image:height\" content=\"1080\" \/>\n\t<meta property=\"og:image:type\" content=\"image\/jpeg\" \/>\n<meta name=\"author\" content=\"Marco Ant\u00f4nio Lopes\" \/>\n<meta name=\"twitter:card\" content=\"summary_large_image\" \/>\n<meta name=\"twitter:creator\" content=\"@sunoresearch\" \/>\n<meta name=\"twitter:site\" content=\"@sunoresearch\" \/>\n<meta name=\"twitter:label1\" content=\"Escrito por\" \/>\n\t<meta name=\"twitter:data1\" content=\"Marco Ant\u00f4nio Lopes\" \/>\n\t<meta name=\"twitter:label2\" content=\"Est. tempo de leitura\" \/>\n\t<meta name=\"twitter:data2\" content=\"7 minutos\" \/>\n<script type=\"application\/ld+json\" class=\"yoast-schema-graph\">{\"@context\":\"https:\/\/schema.org\",\"@graph\":[{\"@type\":\"NewsArticle\",\"@id\":\"https:\/\/www.suno.com.br\/noticias\/ira-lanca-ataque-de-drones-e-misseis-contra-o-territorio-israelense\/#article\",\"isPartOf\":{\"@id\":\"https:\/\/www.suno.com.br\/noticias\/ira-lanca-ataque-de-drones-e-misseis-contra-o-territorio-israelense\/\"},\"author\":{\"name\":\"Marco Ant\u00f4nio Lopes\",\"@id\":\"https:\/\/www.suno.com.br\/noticias\/#\/schema\/person\/829bbe8d57f84333b966b96229c6bf5f\"},\"headline\":\"Ir\u00e3 lan\u00e7a ataque de drones e m\u00edsseis contra o territ\u00f3rio israelense\",\"datePublished\":\"2024-04-13T21:45:41+00:00\",\"dateModified\":\"2024-04-13T23:32:03+00:00\",\"mainEntityOfPage\":{\"@id\":\"https:\/\/www.suno.com.br\/noticias\/ira-lanca-ataque-de-drones-e-misseis-contra-o-territorio-israelense\/\"},\"wordCount\":1295,\"publisher\":{\"@id\":\"https:\/\/www.suno.com.br\/noticias\/#organization\"},\"image\":{\"@id\":\"https:\/\/www.suno.com.br\/noticias\/ira-lanca-ataque-de-drones-e-misseis-contra-o-territorio-israelense\/#primaryimage\"},\"thumbnailUrl\":\"https:\/\/files.sunoresearch.com.br\/n\/uploads\/2024\/04\/ai-generated-8493001_1920.jpg\",\"keywords\":[\"Estados Unidos (EUA)\",\"Ir\u00e3\",\"Israel\"],\"articleSection\":[\"Pol\u00edtica\"],\"inLanguage\":\"pt-BR\"},{\"@type\":\"WebPage\",\"@id\":\"https:\/\/www.suno.com.br\/noticias\/ira-lanca-ataque-de-drones-e-misseis-contra-o-territorio-israelense\/\",\"url\":\"https:\/\/www.suno.com.br\/noticias\/ira-lanca-ataque-de-drones-e-misseis-contra-o-territorio-israelense\/\",\"name\":\"Ir\u00e3 lan\u00e7a ataque de drones e m\u00edsseis contra o territ\u00f3rio israelense\",\"isPartOf\":{\"@id\":\"https:\/\/www.suno.com.br\/noticias\/#website\"},\"primaryImageOfPage\":{\"@id\":\"https:\/\/www.suno.com.br\/noticias\/ira-lanca-ataque-de-drones-e-misseis-contra-o-territorio-israelense\/#primaryimage\"},\"image\":{\"@id\":\"https:\/\/www.suno.com.br\/noticias\/ira-lanca-ataque-de-drones-e-misseis-contra-o-territorio-israelense\/#primaryimage\"},\"thumbnailUrl\":\"https:\/\/files.sunoresearch.com.br\/n\/uploads\/2024\/04\/ai-generated-8493001_1920.jpg\",\"datePublished\":\"2024-04-13T21:45:41+00:00\",\"dateModified\":\"2024-04-13T23:32:03+00:00\",\"description\":\"O ex\u00e9rcito do Ir\u00e3 lan\u00e7ou neste s\u00e1bado (13) um ataque com dezenas de drones em dire\u00e7\u00e3o ao territ\u00f3rio de Israel.\",\"breadcrumb\":{\"@id\":\"https:\/\/www.suno.com.br\/noticias\/ira-lanca-ataque-de-drones-e-misseis-contra-o-territorio-israelense\/#breadcrumb\"},\"inLanguage\":\"pt-BR\",\"potentialAction\":[{\"@type\":\"ReadAction\",\"target\":[\"https:\/\/www.suno.com.br\/noticias\/ira-lanca-ataque-de-drones-e-misseis-contra-o-territorio-israelense\/\"]}]},{\"@type\":\"ImageObject\",\"inLanguage\":\"pt-BR\",\"@id\":\"https:\/\/www.suno.com.br\/noticias\/ira-lanca-ataque-de-drones-e-misseis-contra-o-territorio-israelense\/#primaryimage\",\"url\":\"https:\/\/files.sunoresearch.com.br\/n\/uploads\/2024\/04\/ai-generated-8493001_1920.jpg\",\"contentUrl\":\"https:\/\/files.sunoresearch.com.br\/n\/uploads\/2024\/04\/ai-generated-8493001_1920.jpg\",\"width\":1920,\"height\":1080,\"caption\":\"Ir\u00e3 ataca Israel. Foto: Pixabay\"},{\"@type\":\"BreadcrumbList\",\"@id\":\"https:\/\/www.suno.com.br\/noticias\/ira-lanca-ataque-de-drones-e-misseis-contra-o-territorio-israelense\/#breadcrumb\",\"itemListElement\":[{\"@type\":\"ListItem\",\"position\":1,\"name\":\"Not\u00edcias\",\"item\":\"https:\/\/www.suno.com.br\/noticias\/\"},{\"@type\":\"ListItem\",\"position\":2,\"name\":\"Pol\u00edtica\",\"item\":\"https:\/\/www.suno.com.br\/noticias\/politica\/\"},{\"@type\":\"ListItem\",\"position\":3,\"name\":\"Ir\u00e3 lan\u00e7a ataque de drones e m\u00edsseis contra o territ\u00f3rio israelense\"}]},{\"@type\":\"WebSite\",\"@id\":\"https:\/\/www.suno.com.br\/noticias\/#website\",\"url\":\"https:\/\/www.suno.com.br\/noticias\/\",\"name\":\"Suno Not\u00edcias\",\"description\":\"Seu portal de informa\u00e7\u00e3o sobre o mundo dos investimentos\",\"publisher\":{\"@id\":\"https:\/\/www.suno.com.br\/noticias\/#organization\"},\"potentialAction\":[{\"@type\":\"SearchAction\",\"target\":{\"@type\":\"EntryPoint\",\"urlTemplate\":\"https:\/\/www.suno.com.br\/noticias\/?s={search_term_string}\"},\"query-input\":{\"@type\":\"PropertyValueSpecification\",\"valueRequired\":true,\"valueName\":\"search_term_string\"}}],\"inLanguage\":\"pt-BR\"},{\"@type\":\"Organization\",\"@id\":\"https:\/\/www.suno.com.br\/noticias\/#organization\",\"name\":\"Suno Not\u00edcias\",\"url\":\"https:\/\/www.suno.com.br\/noticias\/\",\"logo\":{\"@type\":\"ImageObject\",\"inLanguage\":\"pt-BR\",\"@id\":\"https:\/\/www.suno.com.br\/noticias\/#\/schema\/logo\/image\/\",\"url\":\"https:\/\/files.sunoresearch.com.br\/n\/uploads\/2021\/09\/suno-logo.png\",\"contentUrl\":\"https:\/\/files.sunoresearch.com.br\/n\/uploads\/2021\/09\/suno-logo.png\",\"width\":180,\"height\":180,\"caption\":\"Suno Not\u00edcias\"},\"image\":{\"@id\":\"https:\/\/www.suno.com.br\/noticias\/#\/schema\/logo\/image\/\"},\"sameAs\":[\"https:\/\/facebook.com\/sunoresearch\",\"https:\/\/x.com\/sunoresearch\",\"https:\/\/www.instagram.com\/suno\",\"https:\/\/www.linkedin.com\/company\/suno-research\/\",\"https:\/\/www.youtube.com\/c\/sunoresearch\"]},{\"@type\":\"Person\",\"@id\":\"https:\/\/www.suno.com.br\/noticias\/#\/schema\/person\/829bbe8d57f84333b966b96229c6bf5f\",\"name\":\"Marco Ant\u00f4nio Lopes\",\"image\":{\"@type\":\"ImageObject\",\"inLanguage\":\"pt-BR\",\"@id\":\"https:\/\/www.suno.com.br\/noticias\/#\/schema\/person\/image\/\",\"url\":\"https:\/\/secure.gravatar.com\/avatar\/385167b012fbc1cde32c5446ee253313?s=96&r=g\",\"contentUrl\":\"https:\/\/secure.gravatar.com\/avatar\/385167b012fbc1cde32c5446ee253313?s=96&r=g\",\"caption\":\"Marco Ant\u00f4nio Lopes\"},\"description\":\"Jornalista, \u00e9 editor no Suno Not\u00edcias. Trabalhou nas revistas Playboy, Super, Veja Comer &amp; Beber, Homem Vogue e Universo Masculino, al\u00e9m dos portais Abril.com, R7, nas editorias de Home, Esportes, Hora 7, Entretenimento e Geral, e Eu Quero Investir. Autor do livro Bruce Lee: Definitivo (Editora Conrad). Colaborou nas revistas Nova, Veja SP, Grandes Guerras, Placar, Bizz, Casa Claudia e Quatro Rodas.\",\"url\":\"https:\/\/www.suno.com.br\/noticias\/author\/marco-lopes\/\"}]}<\/script>\n<!-- \/ Yoast SEO plugin. -->","yoast_head_json":{"title":"Ir\u00e3 lan\u00e7a ataque de drones e m\u00edsseis contra o territ\u00f3rio israelense","description":"O ex\u00e9rcito do Ir\u00e3 lan\u00e7ou neste s\u00e1bado (13) um ataque com dezenas de drones em dire\u00e7\u00e3o ao territ\u00f3rio de Israel.","robots":{"index":"index","follow":"follow","max-snippet":"max-snippet:-1","max-image-preview":"max-image-preview:large","max-video-preview":"max-video-preview:-1"},"canonical":"https:\/\/www.suno.com.br\/noticias\/ira-lanca-ataque-de-drones-e-misseis-contra-o-territorio-israelense\/","og_locale":"pt_BR","og_type":"article","og_title":"Ir\u00e3 lan\u00e7a ataque de drones e m\u00edsseis contra o territ\u00f3rio israelense","og_description":"O ex\u00e9rcito do Ir\u00e3 lan\u00e7ou neste s\u00e1bado (13) um ataque com dezenas de drones em dire\u00e7\u00e3o ao territ\u00f3rio de Israel.","og_url":"https:\/\/www.suno.com.br\/noticias\/ira-lanca-ataque-de-drones-e-misseis-contra-o-territorio-israelense\/","og_site_name":"Suno Not\u00edcias","article_publisher":"https:\/\/facebook.com\/sunoresearch","og_image":[{"width":1920,"height":1080,"url":"https:\/\/files.sunoresearch.com.br\/n\/uploads\/2024\/04\/ai-generated-8493001_1920.jpg","type":"image\/jpeg"}],"author":"Marco Ant\u00f4nio Lopes","twitter_card":"summary_large_image","twitter_creator":"@sunoresearch","twitter_site":"@sunoresearch","twitter_misc":{"Escrito por":"Marco Ant\u00f4nio Lopes","Est. tempo de leitura":"7 minutos"},"schema":{"@context":"https:\/\/schema.org","@graph":[{"@type":"NewsArticle","@id":"https:\/\/www.suno.com.br\/noticias\/ira-lanca-ataque-de-drones-e-misseis-contra-o-territorio-israelense\/#article","isPartOf":{"@id":"https:\/\/www.suno.com.br\/noticias\/ira-lanca-ataque-de-drones-e-misseis-contra-o-territorio-israelense\/"},"author":{"name":"Marco Ant\u00f4nio Lopes","@id":"https:\/\/www.suno.com.br\/noticias\/#\/schema\/person\/829bbe8d57f84333b966b96229c6bf5f"},"headline":"Ir\u00e3 lan\u00e7a ataque de drones e m\u00edsseis contra o territ\u00f3rio israelense","datePublished":"2024-04-13T21:45:41+00:00","dateModified":"2024-04-13T23:32:03+00:00","mainEntityOfPage":{"@id":"https:\/\/www.suno.com.br\/noticias\/ira-lanca-ataque-de-drones-e-misseis-contra-o-territorio-israelense\/"},"wordCount":1295,"publisher":{"@id":"https:\/\/www.suno.com.br\/noticias\/#organization"},"image":{"@id":"https:\/\/www.suno.com.br\/noticias\/ira-lanca-ataque-de-drones-e-misseis-contra-o-territorio-israelense\/#primaryimage"},"thumbnailUrl":"https:\/\/files.sunoresearch.com.br\/n\/uploads\/2024\/04\/ai-generated-8493001_1920.jpg","keywords":["Estados Unidos (EUA)","Ir\u00e3","Israel"],"articleSection":["Pol\u00edtica"],"inLanguage":"pt-BR"},{"@type":"WebPage","@id":"https:\/\/www.suno.com.br\/noticias\/ira-lanca-ataque-de-drones-e-misseis-contra-o-territorio-israelense\/","url":"https:\/\/www.suno.com.br\/noticias\/ira-lanca-ataque-de-drones-e-misseis-contra-o-territorio-israelense\/","name":"Ir\u00e3 lan\u00e7a ataque de drones e m\u00edsseis contra o territ\u00f3rio israelense","isPartOf":{"@id":"https:\/\/www.suno.com.br\/noticias\/#website"},"primaryImageOfPage":{"@id":"https:\/\/www.suno.com.br\/noticias\/ira-lanca-ataque-de-drones-e-misseis-contra-o-territorio-israelense\/#primaryimage"},"image":{"@id":"https:\/\/www.suno.com.br\/noticias\/ira-lanca-ataque-de-drones-e-misseis-contra-o-territorio-israelense\/#primaryimage"},"thumbnailUrl":"https:\/\/files.sunoresearch.com.br\/n\/uploads\/2024\/04\/ai-generated-8493001_1920.jpg","datePublished":"2024-04-13T21:45:41+00:00","dateModified":"2024-04-13T23:32:03+00:00","description":"O ex\u00e9rcito do Ir\u00e3 lan\u00e7ou neste s\u00e1bado (13) um ataque com dezenas de drones em dire\u00e7\u00e3o ao territ\u00f3rio de Israel.","breadcrumb":{"@id":"https:\/\/www.suno.com.br\/noticias\/ira-lanca-ataque-de-drones-e-misseis-contra-o-territorio-israelense\/#breadcrumb"},"inLanguage":"pt-BR","potentialAction":[{"@type":"ReadAction","target":["https:\/\/www.suno.com.br\/noticias\/ira-lanca-ataque-de-drones-e-misseis-contra-o-territorio-israelense\/"]}]},{"@type":"ImageObject","inLanguage":"pt-BR","@id":"https:\/\/www.suno.com.br\/noticias\/ira-lanca-ataque-de-drones-e-misseis-contra-o-territorio-israelense\/#primaryimage","url":"https:\/\/files.sunoresearch.com.br\/n\/uploads\/2024\/04\/ai-generated-8493001_1920.jpg","contentUrl":"https:\/\/files.sunoresearch.com.br\/n\/uploads\/2024\/04\/ai-generated-8493001_1920.jpg","width":1920,"height":1080,"caption":"Ir\u00e3 ataca Israel. Foto: Pixabay"},{"@type":"BreadcrumbList","@id":"https:\/\/www.suno.com.br\/noticias\/ira-lanca-ataque-de-drones-e-misseis-contra-o-territorio-israelense\/#breadcrumb","itemListElement":[{"@type":"ListItem","position":1,"name":"Not\u00edcias","item":"https:\/\/www.suno.com.br\/noticias\/"},{"@type":"ListItem","position":2,"name":"Pol\u00edtica","item":"https:\/\/www.suno.com.br\/noticias\/politica\/"},{"@type":"ListItem","position":3,"name":"Ir\u00e3 lan\u00e7a ataque de drones e m\u00edsseis contra o territ\u00f3rio israelense"}]},{"@type":"WebSite","@id":"https:\/\/www.suno.com.br\/noticias\/#website","url":"https:\/\/www.suno.com.br\/noticias\/","name":"Suno Not\u00edcias","description":"Seu portal de informa\u00e7\u00e3o sobre o mundo dos investimentos","publisher":{"@id":"https:\/\/www.suno.com.br\/noticias\/#organization"},"potentialAction":[{"@type":"SearchAction","target":{"@type":"EntryPoint","urlTemplate":"https:\/\/www.suno.com.br\/noticias\/?s={search_term_string}"},"query-input":{"@type":"PropertyValueSpecification","valueRequired":true,"valueName":"search_term_string"}}],"inLanguage":"pt-BR"},{"@type":"Organization","@id":"https:\/\/www.suno.com.br\/noticias\/#organization","name":"Suno Not\u00edcias","url":"https:\/\/www.suno.com.br\/noticias\/","logo":{"@type":"ImageObject","inLanguage":"pt-BR","@id":"https:\/\/www.suno.com.br\/noticias\/#\/schema\/logo\/image\/","url":"https:\/\/files.sunoresearch.com.br\/n\/uploads\/2021\/09\/suno-logo.png","contentUrl":"https:\/\/files.sunoresearch.com.br\/n\/uploads\/2021\/09\/suno-logo.png","width":180,"height":180,"caption":"Suno Not\u00edcias"},"image":{"@id":"https:\/\/www.suno.com.br\/noticias\/#\/schema\/logo\/image\/"},"sameAs":["https:\/\/facebook.com\/sunoresearch","https:\/\/x.com\/sunoresearch","https:\/\/www.instagram.com\/suno","https:\/\/www.linkedin.com\/company\/suno-research\/","https:\/\/www.youtube.com\/c\/sunoresearch"]},{"@type":"Person","@id":"https:\/\/www.suno.com.br\/noticias\/#\/schema\/person\/829bbe8d57f84333b966b96229c6bf5f","name":"Marco Ant\u00f4nio Lopes","image":{"@type":"ImageObject","inLanguage":"pt-BR","@id":"https:\/\/www.suno.com.br\/noticias\/#\/schema\/person\/image\/","url":"https:\/\/secure.gravatar.com\/avatar\/385167b012fbc1cde32c5446ee253313?s=96&r=g","contentUrl":"https:\/\/secure.gravatar.com\/avatar\/385167b012fbc1cde32c5446ee253313?s=96&r=g","caption":"Marco Ant\u00f4nio Lopes"},"description":"Jornalista, \u00e9 editor no Suno Not\u00edcias. Trabalhou nas revistas Playboy, Super, Veja Comer &amp; Beber, Homem Vogue e Universo Masculino, al\u00e9m dos portais Abril.com, R7, nas editorias de Home, Esportes, Hora 7, Entretenimento e Geral, e Eu Quero Investir. Autor do livro Bruce Lee: Definitivo (Editora Conrad). Colaborou nas revistas Nova, Veja SP, Grandes Guerras, Placar, Bizz, Casa Claudia e Quatro Rodas.","url":"https:\/\/www.suno.com.br\/noticias\/author\/marco-lopes\/"}]}},"default_loop_html":"<div class=\"cardsPage__listCard__boxs\"><div class=\"cardsPage__listCard__boxs__img\"><a href=\"https:\/\/www.suno.com.br\/noticias\/ira-lanca-ataque-de-drones-e-misseis-contra-o-territorio-israelense\/\"><img class=\"mask\" src=\"https:\/\/www.suno.com.br\/noticias\/wp-content\/themes\/suno\/resources\/images\/spotlight\/spotlight1img\/bg-mask.png\" alt=\"Image Mask\"\/><img src=\"https:\/\/files.sunoresearch.com.br\/n\/uploads\/2024\/04\/ai-generated-8493001_1920-400x200.jpg\" alt=\"Ir\u00e3 lan\u00e7a ataque de drones e m\u00edsseis contra o territ\u00f3rio israelense\"\/><\/a><span class=\"spotlightCategory\"><a href=\"https:\/\/www.suno.com.br\/noticias\/politica\/\">Pol\u00edtica<\/a><\/span><\/div><div class=\"cardsPage__listCard__boxs__content\"><a href=\"https:\/\/www.suno.com.br\/noticias\/ira-lanca-ataque-de-drones-e-misseis-contra-o-territorio-israelense\/\"><h2 class=\"content__title\">Ir\u00e3 lan\u00e7a ataque de drones e m\u00edsseis contra o territ\u00f3rio israelense<\/h2><\/a><div class=\"newsContent__article__meta\"><div class=\"newsContent__article__meta__authorBox\"><a href=\"https:\/\/www.suno.com.br\/noticias\/author\/marco-lopes\/\" class=\"authorBox__avatar noMobi\"><img src=\"https:\/\/secure.gravatar.com\/avatar\/385167b012fbc1cde32c5446ee253313?s=96&#038;r=g\" alt=\"Marco Ant\u00f4nio Lopes\"><\/a><div class=\"authorBox__name\"><span>por\n\t\t\t<a href=\"https:\/\/www.suno.com.br\/noticias\/author\/marco-lopes\/\"><span itemprop=\"author\">Marco Ant\u00f4nio Lopes<\/span><\/a><\/span><time datetime=\"2024-04-13T18:45:41-03:00\" itemprop=\"datePublished\">13\/04\/2024 18:45<\/time><\/div><\/div><\/div><\/div><\/div>","single_layout":"posts","amp_enabled":true,"_links":{"self":[{"href":"https:\/\/www.suno.com.br\/noticias\/wp-json\/wp\/v2\/posts\/543835"}],"collection":[{"href":"https:\/\/www.suno.com.br\/noticias\/wp-json\/wp\/v2\/posts"}],"about":[{"href":"https:\/\/www.suno.com.br\/noticias\/wp-json\/wp\/v2\/types\/post"}],"author":[{"embeddable":true,"href":"https:\/\/www.suno.com.br\/noticias\/wp-json\/wp\/v2\/users\/98"}],"replies":[{"embeddable":true,"href":"https:\/\/www.suno.com.br\/noticias\/wp-json\/wp\/v2\/comments?post=543835"}],"version-history":[{"count":2,"href":"https:\/\/www.suno.com.br\/noticias\/wp-json\/wp\/v2\/posts\/543835\/revisions"}],"predecessor-version":[{"id":543863,"href":"https:\/\/www.suno.com.br\/noticias\/wp-json\/wp\/v2\/posts\/543835\/revisions\/543863"}],"wp:featuredmedia":[{"embeddable":true,"href":"https:\/\/www.suno.com.br\/noticias\/wp-json\/wp\/v2\/media\/543856"}],"wp:attachment":[{"href":"https:\/\/www.suno.com.br\/noticias\/wp-json\/wp\/v2\/media?parent=543835"}],"wp:term":[{"taxonomy":"category","embeddable":true,"href":"https:\/\/www.suno.com.br\/noticias\/wp-json\/wp\/v2\/categories?post=543835"},{"taxonomy":"post_tag","embeddable":true,"href":"https:\/\/www.suno.com.br\/noticias\/wp-json\/wp\/v2\/tags?post=543835"},{"taxonomy":"suno_strategy","embeddable":true,"href":"https:\/\/www.suno.com.br\/noticias\/wp-json\/wp\/v2\/suno_strategy?post=543835"}],"curies":[{"name":"wp","href":"https:\/\/api.w.org\/{rel}","templated":true}]}}