{"id":543814,"date":"2024-04-13T16:55:14","date_gmt":"2024-04-13T19:55:14","guid":{"rendered":"https:\/\/www.suno.com.br\/noticias\/?p=543814"},"modified":"2024-04-13T16:55:18","modified_gmt":"2024-04-13T19:55:18","slug":"x-ex-twitter-responsavel-brasil-renuncia-carg","status":"publish","type":"post","link":"https:\/\/www.suno.com.br\/noticias\/x-ex-twitter-responsavel-brasil-renuncia-carg\/","title":{"rendered":"Respons\u00e1vel pelo X no Brasil renuncia ao cargo"},"content":{"rendered":"<p>O advogado Diego de Lima Gualda, diretor Jur\u00eddico do <strong>X<\/strong> (antigo Twitter), renunciou ao cargo nesta semana, segundo carta enviada \u00e0 <a class=\"suno-keyword\" target=\"_blank\" data-force=\"no\" data-priority=\"3\" href=\"https:\/\/www.suno.com.br\/artigos\/junta-comercial\/\" rel=\"noopener\">Junta Comercial<\/a> de S\u00e3o Paulo (Jucesp), na \u00faltima segunda-feira (8). Na Junta Comercial, seu cargo constava como administrador e representante da plataforma.<\/p>\t<div class=\"wrapper-featured-image\">\n\t\t<figure class=\"spotlightImg\">\n\n\t\t\t<picture>\n\t\t\t\t<source media=\"(max-width: 768px)\" srcset=\"https:\/\/files.sunoresearch.com.br\/n\/uploads\/2024\/04\/X-ex-twitter-400x200.jpg\">\n\t\t\t\t<img loading=\"lazy\" decoding=\"async\" class=\"newsContent__article__imgCapa lazyloadDisabled \" src=\"https:\/\/files.sunoresearch.com.br\/n\/uploads\/2024\/04\/X-ex-twitter-800x450.jpg\" width=\"800\" height=\"450\" alt=\"Respons\u00e1vel pelo X no Brasil renuncia ao cargo\" fetchpriority=high \/>\n\t\t\t<\/picture>\n\n\t\t\t<figcaption class=\"wp-caption-text wp-caption-text--show\">X, ex-Twitter. Foto: Divulga\u00e7\u00e3o<\/figcaption>\n\t\t<\/figure>\n\t<\/div>\n\n\n\n\n\n\t<p>\n\t\t<a href=\"\" target=\"_blank\" data-element=\"shortcode-suno-banner\" title=\"Banner SUNO, clique e saiba mais\">\n\t\t\t<picture>\n\t\t\t\t<source media=\"(max-width: 500px)\" srcset=\"\">\n\t\t\t\t<img class=\"newsContent__article__imgCapa newsContent__article__imgCapa--banner\"\n\t\t\t\t\tsrc=\"\"\n\t\t\t\t\tdata-promo-id=\"240038\"\t\t\t\t\t\t\t\t\t\t\t\t\t\t\talt=\"\"\n\t\t\t\t>\n\t\t\t<\/picture>\n\t\t<\/a>\n\t<\/p>\n\n\n\n\n\n\n\n<p>Em seu perfil em outra plataforma digital, o LinkedIn, Gualda informa que foi diretor jur\u00eddico da empresa respons\u00e1vel pela <strong>rede social X <\/strong>no pa\u00eds de junho de 2021 a abril deste ano, m\u00eas em que declara ter encerrado seu v\u00ednculo com a fun\u00e7\u00e3o.<\/p>\n\n\n\n<p>A carta de <strong>ren\u00fancia de Gualda<\/strong> foi enviada \u00e0 Junta Comercial no dia seguinte \u00e0 decis\u00e3o, do ministro do Supremo Tribunal Federal (STF) Alexandre de Moraes, de incluir o empres\u00e1rio <strong>Elon Musk<\/strong>, dono da X, entre os investigados do inqu\u00e9rito das Mil\u00edcias Digitais.<\/p>\n\n\n\n<p>Musk foi inclu\u00eddo no inqu\u00e9rito para que seja investigada a conduta de \u201cdolosa [intencional] instrumentaliza\u00e7\u00e3o criminosa da rede social X\u201d.<\/p>\n\n\n\n<p>O ministro tamb\u00e9m determinou a instaura\u00e7\u00e3o de um \u201cinqu\u00e9rito por preven\u00e7\u00e3o\u201d para apurar as condutas de Musk, j\u00e1 que o empres\u00e1rio afirmou recentemente que liberaria <strong>contas de usu\u00e1rios da X<\/strong> suspensas por decis\u00f5es judiciais brasileiras \u2013 conduta que, em sua decis\u00e3o, Moraes tipifica como poss\u00edveis casos de obstru\u00e7\u00e3o da Justi\u00e7a e incita\u00e7\u00e3o ao crime.<\/p>\n\n\n\n<p>Outra decis\u00e3o do <strong>ministro do STF<\/strong> negou pedido da rede social de isentar sua representa\u00e7\u00e3o brasileira de ser afetada por decis\u00f5es judiciais tomadas no Brasil. A empresa queria que somente a sede internacional respondesse em poss\u00edveis processos.<\/p>\n\n\n\t<p>\n\t\t<a href=\"https:\/\/lp.suno.com.br\/ebook-gratuito-investindo-no-exterior\/\" target=\"_blank\" data-element=\"shortcode-suno-banner\" title=\"Banner SUNO, clique e saiba mais\">\n\t\t\t<picture>\n\t\t\t\t<source media=\"(max-width: 500px)\" srcset=\"https:\/\/files.sunoresearch.com.br\/n\/uploads\/2023\/03\/400x300-Investindo-no-exterior.png\">\n\t\t\t\t<img class=\"newsContent__article__imgCapa newsContent__article__imgCapa--banner\"\n\t\t\t\t\tsrc=\"https:\/\/files.sunoresearch.com.br\/n\/uploads\/2023\/03\/1420x240-Investindo-no-exterior.png\"\n\t\t\t\t\tdata-promo-id=\"383161\"\t\t\t\t\t\t\t\t\t\twidth='1420' height='240'\t\t\t\t\talt=\"https:\/\/files.sunoresearch.com.br\/n\/uploads\/2023\/03\/1420x240-Investindo-no-exterior.png\"\n\t\t\t\t>\n\t\t\t<\/picture>\n\t\t<\/a>\n\t<\/p>\n\n\n\n\n\n<h2 class=\"wp-block-heading\">Musk \u00e9 inclu\u00eddo por Alexandre de Moraes em inqu\u00e9rito<\/h2>\n\n\n\n<p>O ministro Alexandre de Moraes, do Supremo Tribunal Federal (STF), incluiu o bilion\u00e1rio Elon<strong>&nbsp;Musk<\/strong>, dono do X (antigo Twitter), como investigado no inqu\u00e9rito das mil\u00edcias digitais por \u201cdolosa instrumentaliza\u00e7\u00e3o\u201d da rede social.<\/p>\n\n\n\n<p><strong>Moraes<\/strong>&nbsp;tamb\u00e9m solicitou a abertura de um inqu\u00e9rito \u00e0 parte sobre o empres\u00e1rio por suposta obstru\u00e7\u00e3o de Justi\u00e7a \u201cinclusive em organiza\u00e7\u00e3o criminosa e incita\u00e7\u00e3o ao crime\u201d.<\/p>\n\n\n\n<p>Em despacho assinado no domingo (7), o<strong>&nbsp;ministro do STF<\/strong>&nbsp;determinou que o X se abstenha de \u201cdesobedecer qualquer ordem judicial j\u00e1 emanada\u201d pela Justi\u00e7a Brasileira, incluindo reativar perfis cujo bloqueio foi determinado pelo Supremo ou pelo Tribunal Superior Eleitoral (<strong>TSE<\/strong>).<\/p>\n\n\n\n<p>Segundo a determina\u00e7\u00e3o de&nbsp;<strong>Alexandre de Moraes,<\/strong>&nbsp;em caso de descumprimento da decis\u00e3o por parte da rede social, ser\u00e1 aplicada uma multa di\u00e1ria de R$ 100 mil por perfil desbloqueado, e os respons\u00e1veis legais pela empresa no Brasil podem acabar enquadrados por desobedi\u00eancia \u00e0 ordem judicial.<\/p>\n\n\n\n<p>Para o ministro, as redes sociais, \u201cdevem absoluto respeito \u00e0 Constitui\u00e7\u00e3o Federal, \u00e0 Lei e \u00e0 Jurisdi\u00e7\u00e3o Brasileira\u201d, e que a \u201cdignidade da pessoa humana, a prote\u00e7\u00e3o \u00e0 vida de crian\u00e7as e adolescentes e a manuten\u00e7\u00e3o do Estado Democr\u00e1tico de Direito est\u00e3o acima dos interesses financeiros dos provedores de redes sociais e de servi\u00e7os de mensageria privada\u201d.<\/p>\n\n\n\n<p>A decis\u00e3o ocorre um dia ap\u00f3s o dono do <strong>X<\/strong> (antigo&nbsp;Twitter) fazer publica\u00e7\u00f5es criticando a atua\u00e7\u00e3o do presidente do TSE, atribuindo ao mesmo suposta \u2018censura\u2019. No domingo,&nbsp;<a class=\"suno-keyword\" target=\"_blank\" data-force=\"no\" data-priority=\"2\" href=\"https:\/\/www.suno.com.br\/tudo-sobre\/elon-musk\/\" rel=\"noopener\">Elon Musk<\/a>&nbsp;escreveu em sua conta no X que Moraes deveria \u201crenunciar ou sofrer um impeachment\u201d.<\/p>\n\n\n\n\t<div data-element=\"shortcode-read-more\" class=\"readToo\">\n\t\t\t\t<span class=\"readToo__title\">Leia mais<\/span>\n\t\t\t\t<ul class=\"readToo__list\">\n\t\t\t<li><a href=\"https:\/\/www.suno.com.br\/noticias\/elon-musk-ia-inteligencia-artificial-evm\/\">Elon Musk: Intelig\u00eancia Artificial pode superar ser humano em 2025<\/a><\/li><li><a href=\"https:\/\/www.suno.com.br\/noticias\/musk-moraes-inquerito-milicias-gpj\/\">Elon Musk \u00e9 inclu\u00eddo por Alexandre de Moraes em inqu\u00e9rito sobre mil\u00edcias digitais<\/a><\/li>\t\t<\/ul>\n\t<\/div>\n\n\n\n\n<p><em>Com Ag\u00eancia Brasil<\/em><\/p>\n\n\n\t<p>\n\t\t<a href=\"https:\/\/lp.suno.com.br\/planilha-da-vida-financeira\/\" target=\"_blank\" data-element=\"shortcode-suno-banner\" title=\"Banner SUNO, clique e saiba mais\">\n\t\t\t<picture>\n\t\t\t\t<source media=\"(max-width: 500px)\" srcset=\"https:\/\/files.sunoresearch.com.br\/n\/uploads\/2023\/04\/400x300-Planilha-vida-financeira-true.png\">\n\t\t\t\t<img class=\"newsContent__article__imgCapa newsContent__article__imgCapa--banner\"\n\t\t\t\t\tsrc=\"https:\/\/files.sunoresearch.com.br\/n\/uploads\/2023\/04\/1420x240-Planilha-vida-financeira-true.png\"\n\t\t\t\t\tdata-promo-id=\"383123\"\t\t\t\t\t\t\t\t\t\twidth='1420' height='240'\t\t\t\t\talt=\"https:\/\/files.sunoresearch.com.br\/n\/uploads\/2023\/04\/1420x240-Planilha-vida-financeira-true.png\"\n\t\t\t\t>\n\t\t\t<\/picture>\n\t\t<\/a>\n\t<\/p>\n\n\n","protected":false},"excerpt":{"rendered":"<p>O advogado Diego de Lima Gualda, diretor Jur\u00eddico do X (antigo Twitter), renunciou ao cargo nesta semana, segundo carta enviada \u00e0 Junta Comercial de S\u00e3o Paulo (Jucesp), na \u00faltima segunda-feira (8). Na Junta Comercial, seu cargo constava como administrador e representante da plataforma. X, ex-Twitter. Foto: Divulga\u00e7\u00e3o Em seu perfil em outra plataforma digital, o [&hellip;]<\/p>\n","protected":false},"author":43,"featured_media":543815,"comment_status":"closed","ping_status":"closed","sticky":false,"template":"","format":"standard","meta":[],"categories":[64],"tags":[726,104821,1110],"suno_strategy":[],"class_list":["post-543814","post","type-post","status-publish","format-standard","has-post-thumbnail","hentry","category-negocios","tag-elon-musk","tag-redes-sociais","tag-twitter-twtr34"],"yoast_head":"<!-- This site is optimized with the Yoast SEO plugin v24.4 - https:\/\/yoast.com\/wordpress\/plugins\/seo\/ -->\n<title>Respons\u00e1vel pelo X no Brasil renuncia a cargo<\/title>\n<meta name=\"description\" content=\"O advogado Diego de Lima Gualda, diretor Jur\u00eddico do X (antigo Twitter), renunciou ao cargo. Saiba mais sobre a demiss\u00e3o do diretor do X\" \/>\n<meta name=\"robots\" content=\"index, follow, max-snippet:-1, max-image-preview:large, max-video-preview:-1\" \/>\n<link rel=\"canonical\" href=\"https:\/\/www.suno.com.br\/noticias\/x-ex-twitter-responsavel-brasil-renuncia-carg\/\" \/>\n<meta property=\"og:locale\" content=\"pt_BR\" \/>\n<meta property=\"og:type\" content=\"article\" \/>\n<meta property=\"og:title\" content=\"Respons\u00e1vel pelo X no Brasil renuncia a cargo\" \/>\n<meta property=\"og:description\" content=\"O advogado Diego de Lima Gualda, diretor Jur\u00eddico do X (antigo Twitter), renunciou ao cargo. Saiba mais sobre a demiss\u00e3o do diretor do X\" \/>\n<meta property=\"og:url\" content=\"https:\/\/www.suno.com.br\/noticias\/x-ex-twitter-responsavel-brasil-renuncia-carg\/\" \/>\n<meta property=\"og:site_name\" content=\"Suno Not\u00edcias\" \/>\n<meta property=\"article:publisher\" content=\"https:\/\/facebook.com\/sunoresearch\" \/>\n<meta property=\"article:author\" content=\"https:\/\/www.facebook.com\/sunonoticias\/\" \/>\n<meta property=\"og:image\" content=\"https:\/\/files.sunoresearch.com.br\/n\/uploads\/2024\/04\/X-ex-twitter.jpg\" \/>\n\t<meta property=\"og:image:width\" content=\"1600\" \/>\n\t<meta property=\"og:image:height\" content=\"852\" \/>\n\t<meta property=\"og:image:type\" content=\"image\/jpeg\" \/>\n<meta name=\"author\" content=\"Reda\u00e7\u00e3o Suno Not\u00edcias\" \/>\n<meta name=\"twitter:card\" content=\"summary_large_image\" \/>\n<meta name=\"twitter:creator\" content=\"@https:\/\/twitter.com\/sunoresearch\" \/>\n<meta name=\"twitter:site\" content=\"@sunoresearch\" \/>\n<meta name=\"twitter:label1\" content=\"Escrito por\" \/>\n\t<meta name=\"twitter:data1\" content=\"Reda\u00e7\u00e3o Suno Not\u00edcias\" \/>\n\t<meta name=\"twitter:label2\" content=\"Est. tempo de leitura\" \/>\n\t<meta name=\"twitter:data2\" content=\"3 minutos\" \/>\n<script type=\"application\/ld+json\" class=\"yoast-schema-graph\">{\"@context\":\"https:\/\/schema.org\",\"@graph\":[{\"@type\":\"NewsArticle\",\"@id\":\"https:\/\/www.suno.com.br\/noticias\/x-ex-twitter-responsavel-brasil-renuncia-carg\/#article\",\"isPartOf\":{\"@id\":\"https:\/\/www.suno.com.br\/noticias\/x-ex-twitter-responsavel-brasil-renuncia-carg\/\"},\"author\":{\"name\":\"Reda\u00e7\u00e3o Suno Not\u00edcias\",\"@id\":\"https:\/\/www.suno.com.br\/noticias\/#\/schema\/person\/c1b1bd3727fa852bd045e9dbff3673ea\"},\"headline\":\"Respons\u00e1vel pelo X no Brasil renuncia ao cargo\",\"datePublished\":\"2024-04-13T19:55:14+00:00\",\"dateModified\":\"2024-04-13T19:55:18+00:00\",\"mainEntityOfPage\":{\"@id\":\"https:\/\/www.suno.com.br\/noticias\/x-ex-twitter-responsavel-brasil-renuncia-carg\/\"},\"wordCount\":575,\"publisher\":{\"@id\":\"https:\/\/www.suno.com.br\/noticias\/#organization\"},\"image\":{\"@id\":\"https:\/\/www.suno.com.br\/noticias\/x-ex-twitter-responsavel-brasil-renuncia-carg\/#primaryimage\"},\"thumbnailUrl\":\"https:\/\/files.sunoresearch.com.br\/n\/uploads\/2024\/04\/X-ex-twitter.jpg\",\"keywords\":[\"Elon Musk\",\"redes sociais\",\"Twitter (TWTR34)\"],\"articleSection\":[\"Neg\u00f3cios\"],\"inLanguage\":\"pt-BR\"},{\"@type\":\"WebPage\",\"@id\":\"https:\/\/www.suno.com.br\/noticias\/x-ex-twitter-responsavel-brasil-renuncia-carg\/\",\"url\":\"https:\/\/www.suno.com.br\/noticias\/x-ex-twitter-responsavel-brasil-renuncia-carg\/\",\"name\":\"Respons\u00e1vel pelo X no Brasil renuncia a cargo\",\"isPartOf\":{\"@id\":\"https:\/\/www.suno.com.br\/noticias\/#website\"},\"primaryImageOfPage\":{\"@id\":\"https:\/\/www.suno.com.br\/noticias\/x-ex-twitter-responsavel-brasil-renuncia-carg\/#primaryimage\"},\"image\":{\"@id\":\"https:\/\/www.suno.com.br\/noticias\/x-ex-twitter-responsavel-brasil-renuncia-carg\/#primaryimage\"},\"thumbnailUrl\":\"https:\/\/files.sunoresearch.com.br\/n\/uploads\/2024\/04\/X-ex-twitter.jpg\",\"datePublished\":\"2024-04-13T19:55:14+00:00\",\"dateModified\":\"2024-04-13T19:55:18+00:00\",\"description\":\"O advogado Diego de Lima Gualda, diretor Jur\u00eddico do X (antigo Twitter), renunciou ao cargo. Saiba mais sobre a demiss\u00e3o do diretor do X\",\"breadcrumb\":{\"@id\":\"https:\/\/www.suno.com.br\/noticias\/x-ex-twitter-responsavel-brasil-renuncia-carg\/#breadcrumb\"},\"inLanguage\":\"pt-BR\",\"potentialAction\":[{\"@type\":\"ReadAction\",\"target\":[\"https:\/\/www.suno.com.br\/noticias\/x-ex-twitter-responsavel-brasil-renuncia-carg\/\"]}]},{\"@type\":\"ImageObject\",\"inLanguage\":\"pt-BR\",\"@id\":\"https:\/\/www.suno.com.br\/noticias\/x-ex-twitter-responsavel-brasil-renuncia-carg\/#primaryimage\",\"url\":\"https:\/\/files.sunoresearch.com.br\/n\/uploads\/2024\/04\/X-ex-twitter.jpg\",\"contentUrl\":\"https:\/\/files.sunoresearch.com.br\/n\/uploads\/2024\/04\/X-ex-twitter.jpg\",\"width\":1600,\"height\":852,\"caption\":\"X, ex-Twitter. Foto: Divulga\u00e7\u00e3o\"},{\"@type\":\"BreadcrumbList\",\"@id\":\"https:\/\/www.suno.com.br\/noticias\/x-ex-twitter-responsavel-brasil-renuncia-carg\/#breadcrumb\",\"itemListElement\":[{\"@type\":\"ListItem\",\"position\":1,\"name\":\"Not\u00edcias\",\"item\":\"https:\/\/www.suno.com.br\/noticias\/\"},{\"@type\":\"ListItem\",\"position\":2,\"name\":\"Neg\u00f3cios\",\"item\":\"https:\/\/www.suno.com.br\/noticias\/negocios\/\"},{\"@type\":\"ListItem\",\"position\":3,\"name\":\"Respons\u00e1vel pelo X no Brasil renuncia ao cargo\"}]},{\"@type\":\"WebSite\",\"@id\":\"https:\/\/www.suno.com.br\/noticias\/#website\",\"url\":\"https:\/\/www.suno.com.br\/noticias\/\",\"name\":\"Suno Not\u00edcias\",\"description\":\"Seu portal de informa\u00e7\u00e3o sobre o mundo dos investimentos\",\"publisher\":{\"@id\":\"https:\/\/www.suno.com.br\/noticias\/#organization\"},\"potentialAction\":[{\"@type\":\"SearchAction\",\"target\":{\"@type\":\"EntryPoint\",\"urlTemplate\":\"https:\/\/www.suno.com.br\/noticias\/?s={search_term_string}\"},\"query-input\":{\"@type\":\"PropertyValueSpecification\",\"valueRequired\":true,\"valueName\":\"search_term_string\"}}],\"inLanguage\":\"pt-BR\"},{\"@type\":\"Organization\",\"@id\":\"https:\/\/www.suno.com.br\/noticias\/#organization\",\"name\":\"Suno Not\u00edcias\",\"url\":\"https:\/\/www.suno.com.br\/noticias\/\",\"logo\":{\"@type\":\"ImageObject\",\"inLanguage\":\"pt-BR\",\"@id\":\"https:\/\/www.suno.com.br\/noticias\/#\/schema\/logo\/image\/\",\"url\":\"https:\/\/files.sunoresearch.com.br\/n\/uploads\/2021\/09\/suno-logo.png\",\"contentUrl\":\"https:\/\/files.sunoresearch.com.br\/n\/uploads\/2021\/09\/suno-logo.png\",\"width\":180,\"height\":180,\"caption\":\"Suno Not\u00edcias\"},\"image\":{\"@id\":\"https:\/\/www.suno.com.br\/noticias\/#\/schema\/logo\/image\/\"},\"sameAs\":[\"https:\/\/facebook.com\/sunoresearch\",\"https:\/\/x.com\/sunoresearch\",\"https:\/\/www.instagram.com\/suno\",\"https:\/\/www.linkedin.com\/company\/suno-research\/\",\"https:\/\/www.youtube.com\/c\/sunoresearch\"]},{\"@type\":\"Person\",\"@id\":\"https:\/\/www.suno.com.br\/noticias\/#\/schema\/person\/c1b1bd3727fa852bd045e9dbff3673ea\",\"name\":\"Reda\u00e7\u00e3o Suno Not\u00edcias\",\"image\":{\"@type\":\"ImageObject\",\"inLanguage\":\"pt-BR\",\"@id\":\"https:\/\/www.suno.com.br\/noticias\/#\/schema\/person\/image\/\",\"url\":\"https:\/\/secure.gravatar.com\/avatar\/b8104b9b5a71985d5238ee59fbe418af?s=96&r=g\",\"contentUrl\":\"https:\/\/secure.gravatar.com\/avatar\/b8104b9b5a71985d5238ee59fbe418af?s=96&r=g\",\"caption\":\"Reda\u00e7\u00e3o Suno Not\u00edcias\"},\"description\":\"O Suno Not\u00edcias \u00e9 um portal de informa\u00e7\u00f5es sobre Mercado Financeiro, Pol\u00edtica, Neg\u00f3cios, Economia e Finan\u00e7as Pessoais.\",\"sameAs\":[\"https:\/\/www.suno.com.br\/noticias\",\"https:\/\/www.facebook.com\/sunonoticias\/\",\"https:\/\/www.instagram.com\/sunonoticias\/\",\"https:\/\/x.com\/https:\/\/twitter.com\/sunoresearch\",\"https:\/\/www.youtube.com\/sunonoticias\"],\"url\":\"https:\/\/www.suno.com.br\/noticias\/author\/redacao-suno\/\"}]}<\/script>\n<!-- \/ Yoast SEO plugin. -->","yoast_head_json":{"title":"Respons\u00e1vel pelo X no Brasil renuncia a cargo","description":"O advogado Diego de Lima Gualda, diretor Jur\u00eddico do X (antigo Twitter), renunciou ao cargo. Saiba mais sobre a demiss\u00e3o do diretor do X","robots":{"index":"index","follow":"follow","max-snippet":"max-snippet:-1","max-image-preview":"max-image-preview:large","max-video-preview":"max-video-preview:-1"},"canonical":"https:\/\/www.suno.com.br\/noticias\/x-ex-twitter-responsavel-brasil-renuncia-carg\/","og_locale":"pt_BR","og_type":"article","og_title":"Respons\u00e1vel pelo X no Brasil renuncia a cargo","og_description":"O advogado Diego de Lima Gualda, diretor Jur\u00eddico do X (antigo Twitter), renunciou ao cargo. Saiba mais sobre a demiss\u00e3o do diretor do X","og_url":"https:\/\/www.suno.com.br\/noticias\/x-ex-twitter-responsavel-brasil-renuncia-carg\/","og_site_name":"Suno Not\u00edcias","article_publisher":"https:\/\/facebook.com\/sunoresearch","article_author":"https:\/\/www.facebook.com\/sunonoticias\/","og_image":[{"width":1600,"height":852,"url":"https:\/\/files.sunoresearch.com.br\/n\/uploads\/2024\/04\/X-ex-twitter.jpg","type":"image\/jpeg"}],"author":"Reda\u00e7\u00e3o Suno Not\u00edcias","twitter_card":"summary_large_image","twitter_creator":"@https:\/\/twitter.com\/sunoresearch","twitter_site":"@sunoresearch","twitter_misc":{"Escrito por":"Reda\u00e7\u00e3o Suno Not\u00edcias","Est. tempo de leitura":"3 minutos"},"schema":{"@context":"https:\/\/schema.org","@graph":[{"@type":"NewsArticle","@id":"https:\/\/www.suno.com.br\/noticias\/x-ex-twitter-responsavel-brasil-renuncia-carg\/#article","isPartOf":{"@id":"https:\/\/www.suno.com.br\/noticias\/x-ex-twitter-responsavel-brasil-renuncia-carg\/"},"author":{"name":"Reda\u00e7\u00e3o Suno Not\u00edcias","@id":"https:\/\/www.suno.com.br\/noticias\/#\/schema\/person\/c1b1bd3727fa852bd045e9dbff3673ea"},"headline":"Respons\u00e1vel pelo X no Brasil renuncia ao cargo","datePublished":"2024-04-13T19:55:14+00:00","dateModified":"2024-04-13T19:55:18+00:00","mainEntityOfPage":{"@id":"https:\/\/www.suno.com.br\/noticias\/x-ex-twitter-responsavel-brasil-renuncia-carg\/"},"wordCount":575,"publisher":{"@id":"https:\/\/www.suno.com.br\/noticias\/#organization"},"image":{"@id":"https:\/\/www.suno.com.br\/noticias\/x-ex-twitter-responsavel-brasil-renuncia-carg\/#primaryimage"},"thumbnailUrl":"https:\/\/files.sunoresearch.com.br\/n\/uploads\/2024\/04\/X-ex-twitter.jpg","keywords":["Elon Musk","redes sociais","Twitter (TWTR34)"],"articleSection":["Neg\u00f3cios"],"inLanguage":"pt-BR"},{"@type":"WebPage","@id":"https:\/\/www.suno.com.br\/noticias\/x-ex-twitter-responsavel-brasil-renuncia-carg\/","url":"https:\/\/www.suno.com.br\/noticias\/x-ex-twitter-responsavel-brasil-renuncia-carg\/","name":"Respons\u00e1vel pelo X no Brasil renuncia a cargo","isPartOf":{"@id":"https:\/\/www.suno.com.br\/noticias\/#website"},"primaryImageOfPage":{"@id":"https:\/\/www.suno.com.br\/noticias\/x-ex-twitter-responsavel-brasil-renuncia-carg\/#primaryimage"},"image":{"@id":"https:\/\/www.suno.com.br\/noticias\/x-ex-twitter-responsavel-brasil-renuncia-carg\/#primaryimage"},"thumbnailUrl":"https:\/\/files.sunoresearch.com.br\/n\/uploads\/2024\/04\/X-ex-twitter.jpg","datePublished":"2024-04-13T19:55:14+00:00","dateModified":"2024-04-13T19:55:18+00:00","description":"O advogado Diego de Lima Gualda, diretor Jur\u00eddico do X (antigo Twitter), renunciou ao cargo. Saiba mais sobre a demiss\u00e3o do diretor do X","breadcrumb":{"@id":"https:\/\/www.suno.com.br\/noticias\/x-ex-twitter-responsavel-brasil-renuncia-carg\/#breadcrumb"},"inLanguage":"pt-BR","potentialAction":[{"@type":"ReadAction","target":["https:\/\/www.suno.com.br\/noticias\/x-ex-twitter-responsavel-brasil-renuncia-carg\/"]}]},{"@type":"ImageObject","inLanguage":"pt-BR","@id":"https:\/\/www.suno.com.br\/noticias\/x-ex-twitter-responsavel-brasil-renuncia-carg\/#primaryimage","url":"https:\/\/files.sunoresearch.com.br\/n\/uploads\/2024\/04\/X-ex-twitter.jpg","contentUrl":"https:\/\/files.sunoresearch.com.br\/n\/uploads\/2024\/04\/X-ex-twitter.jpg","width":1600,"height":852,"caption":"X, ex-Twitter. Foto: Divulga\u00e7\u00e3o"},{"@type":"BreadcrumbList","@id":"https:\/\/www.suno.com.br\/noticias\/x-ex-twitter-responsavel-brasil-renuncia-carg\/#breadcrumb","itemListElement":[{"@type":"ListItem","position":1,"name":"Not\u00edcias","item":"https:\/\/www.suno.com.br\/noticias\/"},{"@type":"ListItem","position":2,"name":"Neg\u00f3cios","item":"https:\/\/www.suno.com.br\/noticias\/negocios\/"},{"@type":"ListItem","position":3,"name":"Respons\u00e1vel pelo X no Brasil renuncia ao cargo"}]},{"@type":"WebSite","@id":"https:\/\/www.suno.com.br\/noticias\/#website","url":"https:\/\/www.suno.com.br\/noticias\/","name":"Suno Not\u00edcias","description":"Seu portal de informa\u00e7\u00e3o sobre o mundo dos investimentos","publisher":{"@id":"https:\/\/www.suno.com.br\/noticias\/#organization"},"potentialAction":[{"@type":"SearchAction","target":{"@type":"EntryPoint","urlTemplate":"https:\/\/www.suno.com.br\/noticias\/?s={search_term_string}"},"query-input":{"@type":"PropertyValueSpecification","valueRequired":true,"valueName":"search_term_string"}}],"inLanguage":"pt-BR"},{"@type":"Organization","@id":"https:\/\/www.suno.com.br\/noticias\/#organization","name":"Suno Not\u00edcias","url":"https:\/\/www.suno.com.br\/noticias\/","logo":{"@type":"ImageObject","inLanguage":"pt-BR","@id":"https:\/\/www.suno.com.br\/noticias\/#\/schema\/logo\/image\/","url":"https:\/\/files.sunoresearch.com.br\/n\/uploads\/2021\/09\/suno-logo.png","contentUrl":"https:\/\/files.sunoresearch.com.br\/n\/uploads\/2021\/09\/suno-logo.png","width":180,"height":180,"caption":"Suno Not\u00edcias"},"image":{"@id":"https:\/\/www.suno.com.br\/noticias\/#\/schema\/logo\/image\/"},"sameAs":["https:\/\/facebook.com\/sunoresearch","https:\/\/x.com\/sunoresearch","https:\/\/www.instagram.com\/suno","https:\/\/www.linkedin.com\/company\/suno-research\/","https:\/\/www.youtube.com\/c\/sunoresearch"]},{"@type":"Person","@id":"https:\/\/www.suno.com.br\/noticias\/#\/schema\/person\/c1b1bd3727fa852bd045e9dbff3673ea","name":"Reda\u00e7\u00e3o Suno Not\u00edcias","image":{"@type":"ImageObject","inLanguage":"pt-BR","@id":"https:\/\/www.suno.com.br\/noticias\/#\/schema\/person\/image\/","url":"https:\/\/secure.gravatar.com\/avatar\/b8104b9b5a71985d5238ee59fbe418af?s=96&r=g","contentUrl":"https:\/\/secure.gravatar.com\/avatar\/b8104b9b5a71985d5238ee59fbe418af?s=96&r=g","caption":"Reda\u00e7\u00e3o Suno Not\u00edcias"},"description":"O Suno Not\u00edcias \u00e9 um portal de informa\u00e7\u00f5es sobre Mercado Financeiro, Pol\u00edtica, Neg\u00f3cios, Economia e Finan\u00e7as Pessoais.","sameAs":["https:\/\/www.suno.com.br\/noticias","https:\/\/www.facebook.com\/sunonoticias\/","https:\/\/www.instagram.com\/sunonoticias\/","https:\/\/x.com\/https:\/\/twitter.com\/sunoresearch","https:\/\/www.youtube.com\/sunonoticias"],"url":"https:\/\/www.suno.com.br\/noticias\/author\/redacao-suno\/"}]}},"default_loop_html":"<div class=\"cardsPage__listCard__boxs\"><div class=\"cardsPage__listCard__boxs__img\"><a href=\"https:\/\/www.suno.com.br\/noticias\/x-ex-twitter-responsavel-brasil-renuncia-carg\/\"><img class=\"mask\" src=\"https:\/\/www.suno.com.br\/noticias\/wp-content\/themes\/suno\/resources\/images\/spotlight\/spotlight1img\/bg-mask.png\" alt=\"Image Mask\"\/><img src=\"https:\/\/files.sunoresearch.com.br\/n\/uploads\/2024\/04\/X-ex-twitter-400x200.jpg\" alt=\"Respons\u00e1vel pelo X no Brasil renuncia ao cargo\"\/><\/a><span class=\"spotlightCategory\"><a href=\"https:\/\/www.suno.com.br\/noticias\/negocios\/\">Neg\u00f3cios<\/a><\/span><\/div><div class=\"cardsPage__listCard__boxs__content\"><a href=\"https:\/\/www.suno.com.br\/noticias\/x-ex-twitter-responsavel-brasil-renuncia-carg\/\"><h2 class=\"content__title\">Respons\u00e1vel pelo X no Brasil renuncia ao cargo<\/h2><\/a><div class=\"newsContent__article__meta\"><div class=\"newsContent__article__meta__authorBox\"><a href=\"https:\/\/www.suno.com.br\/noticias\/author\/giovanni-porfiriosuno-com-br\/\" class=\"authorBox__avatar noMobi\"><img src=\"https:\/\/files.sunoresearch.com.br\/n\/uploads\/2024\/05\/DSCF4115-1-1-150x150.webp\" alt=\"Giovanni Porf\u00edrio Jacomino\"><\/a><div class=\"authorBox__name\"><span>por\n\t\t\t<a href=\"https:\/\/www.suno.com.br\/noticias\/author\/giovanni-porfiriosuno-com-br\/\"><span itemprop=\"author\">Giovanni Porf\u00edrio Jacomino<\/span><\/a><\/span><time datetime=\"2024-04-13T16:55:14-03:00\" itemprop=\"datePublished\">13\/04\/2024 16:55<\/time><\/div><\/div><\/div><\/div><\/div>","single_layout":"posts","amp_enabled":true,"_links":{"self":[{"href":"https:\/\/www.suno.com.br\/noticias\/wp-json\/wp\/v2\/posts\/543814"}],"collection":[{"href":"https:\/\/www.suno.com.br\/noticias\/wp-json\/wp\/v2\/posts"}],"about":[{"href":"https:\/\/www.suno.com.br\/noticias\/wp-json\/wp\/v2\/types\/post"}],"author":[{"embeddable":true,"href":"https:\/\/www.suno.com.br\/noticias\/wp-json\/wp\/v2\/users\/43"}],"replies":[{"embeddable":true,"href":"https:\/\/www.suno.com.br\/noticias\/wp-json\/wp\/v2\/comments?post=543814"}],"version-history":[{"count":2,"href":"https:\/\/www.suno.com.br\/noticias\/wp-json\/wp\/v2\/posts\/543814\/revisions"}],"predecessor-version":[{"id":543817,"href":"https:\/\/www.suno.com.br\/noticias\/wp-json\/wp\/v2\/posts\/543814\/revisions\/543817"}],"wp:featuredmedia":[{"embeddable":true,"href":"https:\/\/www.suno.com.br\/noticias\/wp-json\/wp\/v2\/media\/543815"}],"wp:attachment":[{"href":"https:\/\/www.suno.com.br\/noticias\/wp-json\/wp\/v2\/media?parent=543814"}],"wp:term":[{"taxonomy":"category","embeddable":true,"href":"https:\/\/www.suno.com.br\/noticias\/wp-json\/wp\/v2\/categories?post=543814"},{"taxonomy":"post_tag","embeddable":true,"href":"https:\/\/www.suno.com.br\/noticias\/wp-json\/wp\/v2\/tags?post=543814"},{"taxonomy":"suno_strategy","embeddable":true,"href":"https:\/\/www.suno.com.br\/noticias\/wp-json\/wp\/v2\/suno_strategy?post=543814"}],"curies":[{"name":"wp","href":"https:\/\/api.w.org\/{rel}","templated":true}]}}