{"id":543799,"date":"2024-04-13T15:14:55","date_gmt":"2024-04-13T18:14:55","guid":{"rendered":"https:\/\/www.suno.com.br\/noticias\/?p=543799"},"modified":"2024-04-13T18:07:57","modified_gmt":"2024-04-13T21:07:57","slug":"ibovespa-perdas-semana-inflacao-eua-petrobras-petr4-mal","status":"publish","type":"post","link":"https:\/\/www.suno.com.br\/noticias\/ibovespa-perdas-semana-inflacao-eua-petrobras-petr4-mal\/","title":{"rendered":"Petrobras (PETR4) reage e fica entre as maiores altas do Ibovespa em semana turbulenta na Bolsa"},"content":{"rendered":"<p>A semana n\u00e3o terminou bem para a Bolsa brasileira. Na sexta (12) o <strong>Ibovespa<\/strong> emendou a terceira perda consecutiva, com o aumento das tens\u00f5es entre Israel e Ir\u00e3 e a piora do humor externo. O \u00edndice da B3 fechou o dia em baixa de 1,14%, aos 125.946,09 pontos, menor n\u00edvel de encerramento desde 6 de dezembro passado. Na semana, o IBOV acabou acumulando perda de 0,67%, ap\u00f3s retra\u00e7\u00e3o de 1,02% no intervalo anterior. No m\u00eas, o Ibovespa cai 1,69% e, no ano, cede 6,14%. Entre as blue chips, a Petrobras (PETR4) acumulou alta semanal, entre os maiores ganhos do per\u00edodo.  <\/p>\t<div class=\"wrapper-featured-image\">\n\t\t<figure class=\"spotlightImg\">\n\n\t\t\t<picture>\n\t\t\t\t<source media=\"(max-width: 768px)\" srcset=\"https:\/\/files.sunoresearch.com.br\/n\/uploads\/2024\/03\/iStock-1304066178-400x200.jpg\">\n\t\t\t\t<img loading=\"lazy\" decoding=\"async\" class=\"newsContent__article__imgCapa lazyloadDisabled \" src=\"https:\/\/files.sunoresearch.com.br\/n\/uploads\/2024\/03\/iStock-1304066178-800x450.jpg\" width=\"800\" height=\"450\" alt=\"Petrobras (PETR4) reage e fica entre as maiores altas do Ibovespa em semana turbulenta na Bolsa\" fetchpriority=high \/>\n\t\t\t<\/picture>\n\n\t\t\t<figcaption class=\"wp-caption-text wp-caption-text--show\">Mercado de a\u00e7\u00f5es. Foto: iStock<\/figcaption>\n\t\t<\/figure>\n\t<\/div>\n\n\n\n\n\n\t<p>\n\t\t<a href=\"https:\/\/lp.suno.com.br\/planilha-da-vida-financeira\/\" target=\"_blank\" data-element=\"shortcode-suno-banner\" title=\"Banner SUNO, clique e saiba mais\">\n\t\t\t<picture>\n\t\t\t\t<source media=\"(max-width: 500px)\" srcset=\"https:\/\/files.sunoresearch.com.br\/n\/uploads\/2023\/04\/400x300-Planilha-vida-financeira-true.png\">\n\t\t\t\t<img class=\"newsContent__article__imgCapa newsContent__article__imgCapa--banner\"\n\t\t\t\t\tsrc=\"https:\/\/files.sunoresearch.com.br\/n\/uploads\/2023\/04\/1420x240-Planilha-vida-financeira-true.png\"\n\t\t\t\t\tdata-promo-id=\"106682\"\t\t\t\t\t\t\t\t\t\twidth='1420' height='240'\t\t\t\t\talt=\"https:\/\/files.sunoresearch.com.br\/n\/uploads\/2023\/04\/1420x240-Planilha-vida-financeira-true.png\"\n\t\t\t\t>\n\t\t\t<\/picture>\n\t\t<\/a>\n\t<\/p>\n\n\n\n\n\n\n\n<p>Em Nova York, as perdas nesta \u00faltima sess\u00e3o da semana ficaram entre 1,24% (<a class=\"suno-keyword\" target=\"_blank\" data-force=\"no\" data-priority=\"2\" href=\"https:\/\/www.suno.com.br\/artigos\/indice-dow-jones-djia\/\" rel=\"noopener\">Dow Jones<\/a>) e 1,62% (Nasdaq). Na China, o min\u00e9rio subiu pelo quinto dia em Dalian, a US$ 116,55 por tonelada, em alta de 3,12% &#8211; desde a retomada dos neg\u00f3cios nesta semana, ap\u00f3s o feriado chin\u00eas, o min\u00e9rio se recuperou sem interrup\u00e7\u00e3o.<\/p>\n\n\n\n<p>Para al\u00e9m das tens\u00f5es geopol\u00edticas no Oriente M\u00e9dio, &#8220;a <strong>cota\u00e7\u00e3o do Ibovespa<\/strong> teve tr\u00eas dias consecutivos de quedas expressivas, e o d\u00f3lar tr\u00eas dias seguidos de alta, muito atrelada \u00e0 preocupa\u00e7\u00e3o com os juros americanos e com a infla\u00e7\u00e3o mundial&#8221;, observa Dierson Richetti, s\u00f3cio da GT Capital. <\/p>\n\n\n\n<p>&#8220;O retrato da semana \u00e9 de muita cautela, principalmente na Bolsa, com falta de atratividade para trazer recursos ao Brasil no momento, o que se reflete na cota\u00e7\u00e3o <a class=\"suno-keyword\" data-force=\"no\" data-priority=\"1\" href=\"https:\/\/www.suno.com.br\/artigos\/alta-do-dolar\/\" target=\"_blank\" rel=\"noopener\">alta do d\u00f3lar<\/a>&#8220;, acrescenta.<\/p>\n\n\n\n<h2 class=\"wp-block-heading\">Infla\u00e7\u00e3o e juros nos EUA: Ibovespa em queda<\/h2>\n\n\n\n<p>Nesta sexta-feira, o d\u00f3lar \u00e0 vista fechou em alta de 0,60%, a R$ 5,1212, <a href=\"https:\/\/www.suno.com.br\/noticias\/dolar-semana-tensa-alta-moeda-eua-mal\/\">avan\u00e7ando na semana<\/a>. A correla\u00e7\u00e3o de d\u00f3lar em alta e de <strong>Bolsa em queda<\/strong> no intervalo refletiu, em especial, a leitura preocupante, ainda no meio da semana, sobre a infla\u00e7\u00e3o ao consumidor nos Estados Unidos em mar\u00e7o, que retardou, de junho ou julho para setembro, a expectativa de mercado quanto ao momento em que o Federal Reserve come\u00e7ar\u00e1 a cortar os juros.<\/p>\n\n\n\n<p>&#8220;O destaque da semana foi a infla\u00e7\u00e3o ao consumidor dos EUA acima do esperado, que reduziu as expectativas do in\u00edcio do corte de juros americano ocorrer em junho&#8221;, analisa a XP em relat\u00f3rio.  <\/p>\n\n\n\n<p>&#8220;Com isso, a taxa da Treasury de 10 anos subiu 12bps na semana e encerrou aos 4,52%, enquanto os <a class=\"suno-keyword\" target=\"_blank\" data-force=\"no\" data-priority=\"1\" href=\"https:\/\/www.suno.com.br\/artigos\/indices-americanos\/\" rel=\"noopener\">\u00edndices americanos<\/a> tiveram uma semana de quedas, com S&amp;P 500 acumulando perdas de 1,6%&#8221;, acrescenta.<\/p>\n\n\n\n<p>Relat\u00f3rio do Inter sobre o <strong>Ibovespa na semana<\/strong> tamb\u00e9m refor\u00e7a o impacto da infla\u00e7\u00e3o nos EUA:  &#8220;A divulga\u00e7\u00e3o de infla\u00e7\u00e3o de mar\u00e7o da economia americana mostrou alta de 0,4%. Com o resultado, a infla\u00e7\u00e3o americana acumula alta de 3,5% nos \u00faltimos 12 meses e d\u00e1 sinais preocupantes de reacelera\u00e7\u00e3o.&#8221;<\/p>\n\n\n\n<p>Com as principais press\u00f5es vindo da infla\u00e7\u00e3o de servi\u00e7os, aumentou a incerteza sobre os pr\u00f3ximos passos da <a class=\"suno-keyword\" target=\"_blank\" data-force=\"no\" data-priority=\"1\" href=\"https:\/\/www.suno.com.br\/artigos\/politica-monetaria\/\" rel=\"noopener\">pol\u00edtica monet\u00e1ria<\/a>, uma vez que o Federal Reserve espera bons resultados de infla\u00e7\u00e3o para ter maior confian\u00e7a para iniciar o ciclo de cortes, o que ainda n\u00e3o ocorreu em 2024. <\/p>\n\n\n\n<p>&#8220;Assim, as apostas sobre o in\u00edcio do ciclo de cortes s\u00e3o cada vez mais adiadas, com o mercado antecipando agora apenas 2 cortes de juros e com o primeiro corte podendo ocorrer apenas em setembro&#8221;, diz o relat\u00f3rio do Inter.<\/p>\n\n\n\n<p>Nem os dados da infla\u00e7\u00e3o no Brasil &#8211; abaixo do esperado &#8211; seguraram o <strong>IBOV na semana<\/strong>. &#8220;O IPCA de mar\u00e7o trouxe sinais de al\u00edvio, enquanto dados de venda do varejo apontaram uma economia brasileira ainda aquecida&#8221;, observa XP. <\/p>\n\n\n\n<p>E o que revelou o IPCA? &#8220;O \u00edndice apresentou alta de 3,93% nos \u00faltimos 12 meses e afastou os temores de uma reacelera\u00e7\u00e3o da infla\u00e7\u00e3o, mantendo o caminho aberto para o banco central manter o ciclo de flexibiliza\u00e7\u00e3o da pol\u00edtica monet\u00e1ria&#8221;, lembra o Inter.<\/p>\n\n\n\n<p>&#8220;Al\u00e9m disso, tivemos a divulga\u00e7\u00e3o do restante dos dados de atividade. O volume de vendas no varejo surpreendeu positivamente, registrando alta de 1%, segundo m\u00eas consecutivo de alta&#8221;, diz o banco. <\/p>\n\n\n\n<p>&#8220;Por outro lado, o volume de servi\u00e7os veio pior que o esperado, com diminui\u00e7\u00e3o de 0,9%. Dado o desempenho negativo da produ\u00e7\u00e3o industrial, antecipamos uma atividade menos aquecida em fevereiro, e projetamos uma queda de 0,14% no IBC-Br&#8221;, lembra ainda o relat\u00f3rio do Inter.<\/p>\n\n\n\n<p>&#8220;O fiscal tamb\u00e9m voltou aos holofotes com not\u00edcias de que o governo discute reduzir a <a class=\"suno-keyword\" target=\"_blank\" data-force=\"no\" data-priority=\"1\" href=\"https:\/\/www.suno.com.br\/artigos\/meta-fiscal\/\" rel=\"noopener\">meta fiscal<\/a> de 2025 de um super\u00e1vit de 0,5% do PIB para um resultado entre 0,0% e 0,25%&#8221;, complementa.<\/p>\n\n\n\t<p>\n\t\t<a href=\"https:\/\/lp.suno.com.br\/ebook-como-analisar-uma-acao\/\" target=\"_blank\" data-element=\"shortcode-suno-banner\" title=\"Banner SUNO, clique e saiba mais\">\n\t\t\t<picture>\n\t\t\t\t<source media=\"(max-width: 500px)\" srcset=\"https:\/\/files.sunoresearch.com.br\/n\/uploads\/2023\/03\/Ebook-Acoes-Mobile.jpg\">\n\t\t\t\t<img class=\"newsContent__article__imgCapa newsContent__article__imgCapa--banner\"\n\t\t\t\t\tsrc=\"https:\/\/files.sunoresearch.com.br\/n\/uploads\/2023\/03\/Ebook-Acoes-Desktop.jpg\"\n\t\t\t\t\tdata-promo-id=\"378302\"\t\t\t\t\t\t\t\t\t\twidth='1420' height='286'\t\t\t\t\talt=\"https:\/\/files.sunoresearch.com.br\/n\/uploads\/2023\/03\/Ebook-Acoes-Desktop.jpg\"\n\t\t\t\t>\n\t\t\t<\/picture>\n\t\t<\/a>\n\t<\/p>\n\n\n\n\n\n<h2 class=\"wp-block-heading\">Quem ganhou e quem perdeu na Bolsa na semana?<\/h2>\n\n\n\n<p>Algumas <strong>a\u00e7\u00f5es no Ibovespa<\/strong> desempenharam com for\u00e7a em meio ao cen\u00e1rio desfavor\u00e1vel &#8211; por outros motivos, claro. Na Bolsa, as maiores altas na semana foram da JBS (JBSS3, +4,0%), &#8220;devido ao arquivamento de den\u00fancias do TCU contra o BNDES a respeito da <a class=\"suno-keyword\" target=\"_blank\" data-force=\"no\" data-priority=\"1\" href=\"https:\/\/www.suno.com.br\/artigos\/compra-de-acoes\/\" rel=\"noopener\">compra de a\u00e7\u00f5es<\/a> da JBS&#8221;, explica a XP.<\/p>\n\n\n\n<p>A Petrobras (<a href=\"https:\/\/www.suno.com.br\/acoes\/petr3\/\">PETR3<\/a>, +3,2%; <a href=\"https:\/\/www.suno.com.br\/acoes\/petr4\/\">PETR4<\/a>, +2,2%) figurou entre as maiores altas dos \u00faltimos cinco dias &#8211; ap\u00f3s uma semana agitada entre os dias 1\u00ba e 5 de abril com rumores sobre troca de comando e a novela da reten\u00e7\u00e3o dos <a class=\"suno-keyword\" data-force=\"no\" data-priority=\"1\" href=\"https:\/\/www.suno.com.br\/guias\/dividendos\/\" target=\"_blank\" rel=\"noopener\">dividendos<\/a> extraordin\u00e1rios; As a\u00e7\u00f5es da estatal repercutiram not\u00edcias que apontam a perman\u00eancia do CEO da estatal no cargo.<\/p>\n\n\n\n<div class=\"pluginQuotation\">\n  <p class=\"ticker\">\n    Cota\u00e7\u00e3o <span>PETR4<\/span>\n  <\/p>\n  <div class=\"info\">\n    <div class=\"leftSide\">\n      Gr\u00e1fico gerado em: 13\/04\/2024    <\/div>\n\t\t\t\t\t<div class=\"rightSide\">\n\t\t\t\t\t<span class=\"period\">\n\t\t\t\t\t\t5 Dias\t\t\t\t\t<\/span>\n\t\t\t<\/div>\n\t\t  <\/div>\n\n  <div id=\"chart-f9cb34c86c026d684fa7ca7de0569c9a\" data-block-hash=\"f9cb34c86c026d684fa7ca7de0569c9a\"  class=\"chart\" style=\"width:100%;height:400px;\"><\/div>\n\n  <div class=\"pluginQuotation__footer\">\n    <div class=\"dataChart\">\n\n      <div class=\"dataChart__div1 variation\">\n        <div class=\"value-negative\">\n          -1,02 (-0,40%)        <\/div>\n        <div class=\"text\">\n          Varia\u00e7\u00e3o do per\u00edodo\n        <\/div>\n      <\/div>\n\n      <div class=\"dataChart__div2 minMax\">\n        <div class=\"value\">\n          R$\u00a038,90        <\/div>\n        <div class=\"text\">\n          M\u00ednima\n        <\/div>\n      <\/div>\n\n      <div class=\"dataChart__div3 minMax\">\n        <div class=\"value\">\n          R$\u00a039,41        <\/div>\n        <div class=\"text\">\n          M\u00e1xima\n        <\/div>\n      <\/div>\n\n\t\t\t<div class=\"dataChart__div4 rightSide\">\n\t\t\t\t<div class=\"analiticaSource\">\n\t\t\t\t\t<span>\n\t\t\t\t\t\tFonte:\n\t\t\t\t\t<\/span>\n\t\t\t\t\t<img decoding=\"async\" class=\"analiticaLogo\" src=\"https:\/\/www.suno.com.br\/noticias\/wp-content\/plugins\/suno-block-ticker-quotation\/src\/suno-analitica-logo.png\" alt=\"Logo Suno Anal\u00edtica\" \/>\n\t\t\t\t<\/div>\n\n\t\t\t\t<a href=\"https:\/\/www.suno.com.br\/analitica\/acoes\/PETR4\" target=\"_blank\">\n\t\t\t\t\t<span>\n\t\t\t\t\t\tVer mais cota\u00e7\u00f5es\n\t\t\t\t\t<\/span>\n\t\t\t\t\t<svg xmlns=\"http:\/\/www.w3.org\/2000\/svg\" width=\"9\" height=\"8\" viewBox=\"0 0 9 8\" fill=\"none\">\n\t\t\t\t\t\t<path d=\"M4.20996 0L3.50496 0.705L6.29496 3.5H0.209961V4.5H6.29496L3.50496 7.295L4.20996 8L8.20996 4L4.20996 0Z\" fill=\"#D42126\" \/>\n\t\t\t\t\t<\/svg>\n\t\t\t\t<\/a>\n    <\/div>\n\n    <\/div>\n  <\/div>\n<\/div>\n\n\n<script type=\"text\/javascript\">\n  let chart_f9cb34c86c026d684fa7ca7de0569c9a = document.getElementById('chart-f9cb34c86c026d684fa7ca7de0569c9a');\n  let data_json_f9cb34c86c026d684fa7ca7de0569c9a = \"[{\\\"date\\\":\\\"11\\\\\\\/04\\\\\\\/24 16:20\\\",\\\"value\\\":39.3},{\\\"date\\\":\\\"11\\\\\\\/04\\\\\\\/24 16:30\\\",\\\"value\\\":39.35},{\\\"date\\\":\\\"11\\\\\\\/04\\\\\\\/24 16:40\\\",\\\"value\\\":39.34},{\\\"date\\\":\\\"11\\\\\\\/04\\\\\\\/24 16:50\\\",\\\"value\\\":39.24},{\\\"date\\\":\\\"12\\\\\\\/04\\\\\\\/24 13:20\\\",\\\"value\\\":39.34},{\\\"date\\\":\\\"12\\\\\\\/04\\\\\\\/24 13:30\\\",\\\"value\\\":39.41},{\\\"date\\\":\\\"12\\\\\\\/04\\\\\\\/24 13:40\\\",\\\"value\\\":39.29},{\\\"date\\\":\\\"12\\\\\\\/04\\\\\\\/24 13:50\\\",\\\"value\\\":39.07},{\\\"date\\\":\\\"12\\\\\\\/04\\\\\\\/24 14:00\\\",\\\"value\\\":38.9}]\";\n  let isPositive_f9cb34c86c026d684fa7ca7de0569c9a = \"\";\n\n  let color_f9cb34c86c026d684fa7ca7de0569c9a = isPositive_f9cb34c86c026d684fa7ca7de0569c9a ? '#3AB53A' : '#D92C2D';\n\n  let data_f9cb34c86c026d684fa7ca7de0569c9a = JSON.parse(data_json_f9cb34c86c026d684fa7ca7de0569c9a);\n\n  const result_f9cb34c86c026d684fa7ca7de0569c9a = {\n    date: [],\n    value: [],\n  };\n\n  data_f9cb34c86c026d684fa7ca7de0569c9a.forEach((item) => {\n    result_f9cb34c86c026d684fa7ca7de0569c9a.date.push(item.date);\n    result_f9cb34c86c026d684fa7ca7de0569c9a.value.push(Number(item.value));\n  });\n\n  let option_f9cb34c86c026d684fa7ca7de0569c9a = {\n    \/\/ variavel de cor global\n    color: [color_f9cb34c86c026d684fa7ca7de0569c9a],\n    title: {\n      text: '',\n    },\n    tooltip: {\n      trigger: 'axis',\n      axisPointer: {\n        type: 'cross',\n        label: {\n          \/\/ cor dos valores em X e Y\n          backgroundColor: color_f9cb34c86c026d684fa7ca7de0569c9a,\n          formatter: (value) => {\n            if (typeof value.value === 'number') {\n              return Number(value.value).toLocaleString('pt-br', {\n                style: 'currency',\n                currency: 'BRL'\n              });\n            }\n            return value.value;\n          },\n        },\n      },\n      valueFormatter: (value) => Number(value).toLocaleString('pt-br', {\n        style: 'currency',\n        currency: 'BRL'\n      }),\n    },\n    legend: {\n      \/\/ data: ['Valor de Fechamento'],\n      show: false,\n    },\n    toolbox: {\n      feature: {\n        saveAsImage: {\n          show: false,\n        },\n      },\n    },\n    grid: {\n      left: '0px',\n      right: '0px',\n      bottom: '0px',\n      containLabel: true,\n    },\n    xAxis: [{\n      type: 'category',\n      data: result_f9cb34c86c026d684fa7ca7de0569c9a.date,\n      boundaryGap: true,\n    }],\n    yAxis: [{\n      type: 'value',\n      min: Math.min(...result_f9cb34c86c026d684fa7ca7de0569c9a.value),\n      max: Math.max(...result_f9cb34c86c026d684fa7ca7de0569c9a.value),\n      axisLabel: {\n        formatter: (value) => value.toLocaleString('pt-br', {\n          style: 'currency',\n          currency: 'BRL'\n        }),\n      },\n    }],\n    series: [{\n      name: 'Valor de Fechamento',\n      type: 'line',\n      stack: 'Total',\n      \/\/ cor do grafico\n      areaStyle: {},\n      emphasis: {\n        focus: 'series',\n      },\n      data: result_f9cb34c86c026d684fa7ca7de0569c9a.value,\n      \/\/ cor da linha\n      lineStyle: {\n        color: color_f9cb34c86c026d684fa7ca7de0569c9a,\n      },\n    }, ],\n  };\n\n\twindow.chart_f9cb34c86c026d684fa7ca7de0569c9a = {\n\t\tel: chart_f9cb34c86c026d684fa7ca7de0569c9a,\n\t\toption: option_f9cb34c86c026d684fa7ca7de0569c9a\t};\n\n\n<\/script>\n\n\n\n<p>A Vale (VALE3) fechou a semana com alta de 0,92%, em dias de ganhos do min\u00e9rios de ferro.<\/p>\n\n\n\n<p>No lado das maiores perd\u00e3o est\u00e3o a CVC (<a href=\"https:\/\/www.suno.com.br\/acoes\/cvcb3\/\">CVCB3<\/a>; -18,0%), que caiu na semana ap\u00f3s anunciar troca do CFO da companhia, a Azul (<a href=\"https:\/\/www.suno.com.br\/acoes\/azul4\/\">AZUL4<\/a>; -13,9%), em raz\u00e3o de uma combina\u00e7\u00e3o de queda no pre\u00e7o das passagens a\u00e9reas apontada pelo IPCA &#8211; afetada ainda pela alta do d\u00f3lar.<\/p>\n\n\n\n<figure class=\"wp-block-image size-large\"><img loading=\"lazy\" decoding=\"async\" width=\"1024\" height=\"573\" src=\"https:\/\/files.sunoresearch.com.br\/n\/uploads\/2024\/04\/XP-acoes-na-semana--1024x573.jpg\" alt=\"\" class=\"wp-image-543800\" srcset=\"https:\/\/files.sunoresearch.com.br\/n\/uploads\/2024\/04\/XP-acoes-na-semana--1024x573.jpg 1024w, https:\/\/files.sunoresearch.com.br\/n\/uploads\/2024\/04\/XP-acoes-na-semana--300x168.jpg 300w, https:\/\/files.sunoresearch.com.br\/n\/uploads\/2024\/04\/XP-acoes-na-semana--768x430.jpg 768w, https:\/\/files.sunoresearch.com.br\/n\/uploads\/2024\/04\/XP-acoes-na-semana--150x84.jpg 150w, https:\/\/files.sunoresearch.com.br\/n\/uploads\/2024\/04\/XP-acoes-na-semana-.jpg 1254w\" sizes=\"(max-width: 1024px) 100vw, 1024px\" \/><\/figure>\n\n\n\n<h2 class=\"wp-block-heading\">Ibovespa: o que acompanhar na pr\u00f3xima semana<\/h2>\n\n\n\n<p>Investidores v\u00e3o estar de olho na pr\u00f3xima semana nos <a class=\"suno-keyword\" target=\"_blank\" data-force=\"no\" data-priority=\"1\" href=\"https:\/\/www.suno.com.br\/artigos\/indicadores-de-atividade\/\" rel=\"noopener\">indicadores de atividade<\/a> na China, incluindo PIB do 1\u00ba trimestre, vendas no varejo e produ\u00e7\u00e3o industrial de mar\u00e7o, que saem na segunda (15). &#8220;Al\u00e9m disso, teremos a divulga\u00e7\u00e3o dos \u00edndices de pre\u00e7os ao consumidor de mar\u00e7o em algumas das principais economias do mundo, incluindo Reino Unido e <a class=\"suno-keyword\" target=\"_blank\" data-force=\"no\" data-priority=\"1\" href=\"https:\/\/www.suno.com.br\/artigos\/zona-do-euro\/\" rel=\"noopener\">zona do euro<\/a> na quarta&#8221;, diz a XP. <\/p>\n\n\n\n<p>&#8220;Por \u00faltimo, dirigentes do banco central dos EUA e da zona do euro falar\u00e3o publicamente. Estas falas ganham relev\u00e2ncia ap\u00f3s a divulga\u00e7\u00e3o de dados fortes nesta semana, e os dirigentes podem dar novas orienta\u00e7\u00f5es sobre a condu\u00e7\u00e3o da pol\u00edtica monet\u00e1ria adiante&#8221;, complementa. <\/p>\n\n\n\n<p>No Brasil, o Ibovespa ter\u00e1 poucos <a class=\"suno-keyword\" target=\"_blank\" data-force=\"no\" data-priority=\"1\" href=\"https:\/\/www.suno.com.br\/artigos\/indicadores-economicos\/\" rel=\"noopener\">indicadores econ\u00f4micos<\/a> para acompanhar. O mais importante ser\u00e1 o o IBC-Br \u2013 pr\u00e9via do PIB. &#8220;De maior relev\u00e2ncia, o Projeto de Lei de Diretrizes Or\u00e7ament\u00e1rias (PLDO) de 2025, que traz prioridades e metas do governo para o ano que vem, ser\u00e1 divulgado na segunda&#8221;, observa a XP.<\/p>\n\n\n\n<p>Com Estad\u00e3o Conte\u00fado<\/p>\n\n\n\t<p>\n\t\t<a href=\"https:\/\/lp.suno.com.br\/planilha-da-vida-financeira\/\" target=\"_blank\" data-element=\"shortcode-suno-banner\" title=\"Banner SUNO, clique e saiba mais\">\n\t\t\t<picture>\n\t\t\t\t<source media=\"(max-width: 500px)\" srcset=\"https:\/\/files.sunoresearch.com.br\/n\/uploads\/2023\/04\/400x300-Planilha-vida-financeira-true.png\">\n\t\t\t\t<img class=\"newsContent__article__imgCapa newsContent__article__imgCapa--banner\"\n\t\t\t\t\tsrc=\"https:\/\/files.sunoresearch.com.br\/n\/uploads\/2023\/04\/1420x240-Planilha-vida-financeira-true.png\"\n\t\t\t\t\tdata-promo-id=\"383123\"\t\t\t\t\t\t\t\t\t\twidth='1420' height='240'\t\t\t\t\talt=\"https:\/\/files.sunoresearch.com.br\/n\/uploads\/2023\/04\/1420x240-Planilha-vida-financeira-true.png\"\n\t\t\t\t>\n\t\t\t<\/picture>\n\t\t<\/a>\n\t<\/p>\n\n\n","protected":false},"excerpt":{"rendered":"<p>A semana n\u00e3o terminou bem para a Bolsa brasileira. Na sexta (12) o Ibovespa emendou a terceira perda consecutiva, com o aumento das tens\u00f5es entre Israel e Ir\u00e3 e a piora do humor externo. O \u00edndice da B3 fechou o dia em baixa de 1,14%, aos 125.946,09 pontos, menor n\u00edvel de encerramento desde 6 de [&hellip;]<\/p>\n","protected":false},"author":98,"featured_media":533080,"comment_status":"closed","ping_status":"closed","sticky":false,"template":"","format":"standard","meta":[],"categories":[60],"tags":[286,721,595],"suno_strategy":[],"class_list":["post-543799","post","type-post","status-publish","format-standard","has-post-thumbnail","hentry","category-mercado","tag-acoes","tag-ibovespa","tag-petrobras-petr4"],"yoast_head":"<!-- This site is optimized with the Yoast SEO plugin v24.4 - https:\/\/yoast.com\/wordpress\/plugins\/seo\/ -->\n<title>Ibovespa tem perdas em semana tensa; Petrobras (PETR4) sobe<\/title>\n<meta name=\"description\" content=\"O \u00edndice da B3 somou baixa de 0,67%, ap\u00f3s retra\u00e7\u00e3o de 1,02% no intervalo anterior. No m\u00eas, o Ibovespa cai 1,69% e, no ano, cede 6,14%.\" \/>\n<meta name=\"robots\" content=\"index, follow, max-snippet:-1, max-image-preview:large, max-video-preview:-1\" \/>\n<link rel=\"canonical\" href=\"https:\/\/www.suno.com.br\/noticias\/ibovespa-perdas-semana-inflacao-eua-petrobras-petr4-mal\/\" \/>\n<meta property=\"og:locale\" content=\"pt_BR\" \/>\n<meta property=\"og:type\" content=\"article\" \/>\n<meta property=\"og:title\" content=\"Ibovespa tem perdas em semana tensa; Petrobras (PETR4) sobe\" \/>\n<meta property=\"og:description\" content=\"O \u00edndice da B3 somou baixa de 0,67%, ap\u00f3s retra\u00e7\u00e3o de 1,02% no intervalo anterior. No m\u00eas, o Ibovespa cai 1,69% e, no ano, cede 6,14%.\" \/>\n<meta property=\"og:url\" content=\"https:\/\/www.suno.com.br\/noticias\/ibovespa-perdas-semana-inflacao-eua-petrobras-petr4-mal\/\" \/>\n<meta property=\"og:site_name\" content=\"Suno Not\u00edcias\" \/>\n<meta property=\"article:publisher\" content=\"https:\/\/facebook.com\/sunoresearch\" \/>\n<meta property=\"og:image\" content=\"https:\/\/files.sunoresearch.com.br\/n\/uploads\/2024\/03\/iStock-1304066178.jpg\" \/>\n\t<meta property=\"og:image:width\" content=\"1254\" \/>\n\t<meta property=\"og:image:height\" content=\"836\" \/>\n\t<meta property=\"og:image:type\" content=\"image\/jpeg\" \/>\n<meta name=\"author\" content=\"Marco Ant\u00f4nio Lopes\" \/>\n<meta name=\"twitter:card\" content=\"summary_large_image\" \/>\n<meta name=\"twitter:creator\" content=\"@sunoresearch\" \/>\n<meta name=\"twitter:site\" content=\"@sunoresearch\" \/>\n<meta name=\"twitter:label1\" content=\"Escrito por\" \/>\n\t<meta name=\"twitter:data1\" content=\"Marco Ant\u00f4nio Lopes\" \/>\n\t<meta name=\"twitter:label2\" content=\"Est. tempo de leitura\" \/>\n\t<meta name=\"twitter:data2\" content=\"7 minutos\" \/>\n<script type=\"application\/ld+json\" class=\"yoast-schema-graph\">{\"@context\":\"https:\/\/schema.org\",\"@graph\":[{\"@type\":\"NewsArticle\",\"@id\":\"https:\/\/www.suno.com.br\/noticias\/ibovespa-perdas-semana-inflacao-eua-petrobras-petr4-mal\/#article\",\"isPartOf\":{\"@id\":\"https:\/\/www.suno.com.br\/noticias\/ibovespa-perdas-semana-inflacao-eua-petrobras-petr4-mal\/\"},\"author\":{\"name\":\"Marco Ant\u00f4nio Lopes\",\"@id\":\"https:\/\/www.suno.com.br\/noticias\/#\/schema\/person\/829bbe8d57f84333b966b96229c6bf5f\"},\"headline\":\"Petrobras (PETR4) reage e fica entre as maiores altas do Ibovespa em semana turbulenta na Bolsa\",\"datePublished\":\"2024-04-13T18:14:55+00:00\",\"dateModified\":\"2024-04-13T21:07:57+00:00\",\"mainEntityOfPage\":{\"@id\":\"https:\/\/www.suno.com.br\/noticias\/ibovespa-perdas-semana-inflacao-eua-petrobras-petr4-mal\/\"},\"wordCount\":1168,\"publisher\":{\"@id\":\"https:\/\/www.suno.com.br\/noticias\/#organization\"},\"image\":{\"@id\":\"https:\/\/www.suno.com.br\/noticias\/ibovespa-perdas-semana-inflacao-eua-petrobras-petr4-mal\/#primaryimage\"},\"thumbnailUrl\":\"https:\/\/files.sunoresearch.com.br\/n\/uploads\/2024\/03\/iStock-1304066178.jpg\",\"keywords\":[\"A\u00e7\u00f5es\",\"Ibovespa\",\"Petrobras (PETR4)\"],\"articleSection\":[\"Mercado\"],\"inLanguage\":\"pt-BR\"},{\"@type\":\"WebPage\",\"@id\":\"https:\/\/www.suno.com.br\/noticias\/ibovespa-perdas-semana-inflacao-eua-petrobras-petr4-mal\/\",\"url\":\"https:\/\/www.suno.com.br\/noticias\/ibovespa-perdas-semana-inflacao-eua-petrobras-petr4-mal\/\",\"name\":\"Ibovespa tem perdas em semana tensa; Petrobras (PETR4) sobe\",\"isPartOf\":{\"@id\":\"https:\/\/www.suno.com.br\/noticias\/#website\"},\"primaryImageOfPage\":{\"@id\":\"https:\/\/www.suno.com.br\/noticias\/ibovespa-perdas-semana-inflacao-eua-petrobras-petr4-mal\/#primaryimage\"},\"image\":{\"@id\":\"https:\/\/www.suno.com.br\/noticias\/ibovespa-perdas-semana-inflacao-eua-petrobras-petr4-mal\/#primaryimage\"},\"thumbnailUrl\":\"https:\/\/files.sunoresearch.com.br\/n\/uploads\/2024\/03\/iStock-1304066178.jpg\",\"datePublished\":\"2024-04-13T18:14:55+00:00\",\"dateModified\":\"2024-04-13T21:07:57+00:00\",\"description\":\"O \u00edndice da B3 somou baixa de 0,67%, ap\u00f3s retra\u00e7\u00e3o de 1,02% no intervalo anterior. No m\u00eas, o Ibovespa cai 1,69% e, no ano, cede 6,14%.\",\"breadcrumb\":{\"@id\":\"https:\/\/www.suno.com.br\/noticias\/ibovespa-perdas-semana-inflacao-eua-petrobras-petr4-mal\/#breadcrumb\"},\"inLanguage\":\"pt-BR\",\"potentialAction\":[{\"@type\":\"ReadAction\",\"target\":[\"https:\/\/www.suno.com.br\/noticias\/ibovespa-perdas-semana-inflacao-eua-petrobras-petr4-mal\/\"]}]},{\"@type\":\"ImageObject\",\"inLanguage\":\"pt-BR\",\"@id\":\"https:\/\/www.suno.com.br\/noticias\/ibovespa-perdas-semana-inflacao-eua-petrobras-petr4-mal\/#primaryimage\",\"url\":\"https:\/\/files.sunoresearch.com.br\/n\/uploads\/2024\/03\/iStock-1304066178.jpg\",\"contentUrl\":\"https:\/\/files.sunoresearch.com.br\/n\/uploads\/2024\/03\/iStock-1304066178.jpg\",\"width\":1254,\"height\":836,\"caption\":\"Mercado de a\u00e7\u00f5es. Foto: iStock\"},{\"@type\":\"BreadcrumbList\",\"@id\":\"https:\/\/www.suno.com.br\/noticias\/ibovespa-perdas-semana-inflacao-eua-petrobras-petr4-mal\/#breadcrumb\",\"itemListElement\":[{\"@type\":\"ListItem\",\"position\":1,\"name\":\"Not\u00edcias\",\"item\":\"https:\/\/www.suno.com.br\/noticias\/\"},{\"@type\":\"ListItem\",\"position\":2,\"name\":\"Mercado\",\"item\":\"https:\/\/www.suno.com.br\/noticias\/mercado\/\"},{\"@type\":\"ListItem\",\"position\":3,\"name\":\"Petrobras (PETR4) reage e fica entre as maiores altas do Ibovespa em semana turbulenta na Bolsa\"}]},{\"@type\":\"WebSite\",\"@id\":\"https:\/\/www.suno.com.br\/noticias\/#website\",\"url\":\"https:\/\/www.suno.com.br\/noticias\/\",\"name\":\"Suno Not\u00edcias\",\"description\":\"Seu portal de informa\u00e7\u00e3o sobre o mundo dos investimentos\",\"publisher\":{\"@id\":\"https:\/\/www.suno.com.br\/noticias\/#organization\"},\"potentialAction\":[{\"@type\":\"SearchAction\",\"target\":{\"@type\":\"EntryPoint\",\"urlTemplate\":\"https:\/\/www.suno.com.br\/noticias\/?s={search_term_string}\"},\"query-input\":{\"@type\":\"PropertyValueSpecification\",\"valueRequired\":true,\"valueName\":\"search_term_string\"}}],\"inLanguage\":\"pt-BR\"},{\"@type\":\"Organization\",\"@id\":\"https:\/\/www.suno.com.br\/noticias\/#organization\",\"name\":\"Suno Not\u00edcias\",\"url\":\"https:\/\/www.suno.com.br\/noticias\/\",\"logo\":{\"@type\":\"ImageObject\",\"inLanguage\":\"pt-BR\",\"@id\":\"https:\/\/www.suno.com.br\/noticias\/#\/schema\/logo\/image\/\",\"url\":\"https:\/\/files.sunoresearch.com.br\/n\/uploads\/2021\/09\/suno-logo.png\",\"contentUrl\":\"https:\/\/files.sunoresearch.com.br\/n\/uploads\/2021\/09\/suno-logo.png\",\"width\":180,\"height\":180,\"caption\":\"Suno Not\u00edcias\"},\"image\":{\"@id\":\"https:\/\/www.suno.com.br\/noticias\/#\/schema\/logo\/image\/\"},\"sameAs\":[\"https:\/\/facebook.com\/sunoresearch\",\"https:\/\/x.com\/sunoresearch\",\"https:\/\/www.instagram.com\/suno\",\"https:\/\/www.linkedin.com\/company\/suno-research\/\",\"https:\/\/www.youtube.com\/c\/sunoresearch\"]},{\"@type\":\"Person\",\"@id\":\"https:\/\/www.suno.com.br\/noticias\/#\/schema\/person\/829bbe8d57f84333b966b96229c6bf5f\",\"name\":\"Marco Ant\u00f4nio Lopes\",\"image\":{\"@type\":\"ImageObject\",\"inLanguage\":\"pt-BR\",\"@id\":\"https:\/\/www.suno.com.br\/noticias\/#\/schema\/person\/image\/\",\"url\":\"https:\/\/secure.gravatar.com\/avatar\/385167b012fbc1cde32c5446ee253313?s=96&r=g\",\"contentUrl\":\"https:\/\/secure.gravatar.com\/avatar\/385167b012fbc1cde32c5446ee253313?s=96&r=g\",\"caption\":\"Marco Ant\u00f4nio Lopes\"},\"description\":\"Jornalista, \u00e9 editor no Suno Not\u00edcias. Trabalhou nas revistas Playboy, Super, Veja Comer &amp; Beber, Homem Vogue e Universo Masculino, al\u00e9m dos portais Abril.com, R7, nas editorias de Home, Esportes, Hora 7, Entretenimento e Geral, e Eu Quero Investir. Autor do livro Bruce Lee: Definitivo (Editora Conrad). Colaborou nas revistas Nova, Veja SP, Grandes Guerras, Placar, Bizz, Casa Claudia e Quatro Rodas.\",\"url\":\"https:\/\/www.suno.com.br\/noticias\/author\/marco-lopes\/\"}]}<\/script>\n<!-- \/ Yoast SEO plugin. -->","yoast_head_json":{"title":"Ibovespa tem perdas em semana tensa; Petrobras (PETR4) sobe","description":"O \u00edndice da B3 somou baixa de 0,67%, ap\u00f3s retra\u00e7\u00e3o de 1,02% no intervalo anterior. No m\u00eas, o Ibovespa cai 1,69% e, no ano, cede 6,14%.","robots":{"index":"index","follow":"follow","max-snippet":"max-snippet:-1","max-image-preview":"max-image-preview:large","max-video-preview":"max-video-preview:-1"},"canonical":"https:\/\/www.suno.com.br\/noticias\/ibovespa-perdas-semana-inflacao-eua-petrobras-petr4-mal\/","og_locale":"pt_BR","og_type":"article","og_title":"Ibovespa tem perdas em semana tensa; Petrobras (PETR4) sobe","og_description":"O \u00edndice da B3 somou baixa de 0,67%, ap\u00f3s retra\u00e7\u00e3o de 1,02% no intervalo anterior. No m\u00eas, o Ibovespa cai 1,69% e, no ano, cede 6,14%.","og_url":"https:\/\/www.suno.com.br\/noticias\/ibovespa-perdas-semana-inflacao-eua-petrobras-petr4-mal\/","og_site_name":"Suno Not\u00edcias","article_publisher":"https:\/\/facebook.com\/sunoresearch","og_image":[{"width":1254,"height":836,"url":"https:\/\/files.sunoresearch.com.br\/n\/uploads\/2024\/03\/iStock-1304066178.jpg","type":"image\/jpeg"}],"author":"Marco Ant\u00f4nio Lopes","twitter_card":"summary_large_image","twitter_creator":"@sunoresearch","twitter_site":"@sunoresearch","twitter_misc":{"Escrito por":"Marco Ant\u00f4nio Lopes","Est. tempo de leitura":"7 minutos"},"schema":{"@context":"https:\/\/schema.org","@graph":[{"@type":"NewsArticle","@id":"https:\/\/www.suno.com.br\/noticias\/ibovespa-perdas-semana-inflacao-eua-petrobras-petr4-mal\/#article","isPartOf":{"@id":"https:\/\/www.suno.com.br\/noticias\/ibovespa-perdas-semana-inflacao-eua-petrobras-petr4-mal\/"},"author":{"name":"Marco Ant\u00f4nio Lopes","@id":"https:\/\/www.suno.com.br\/noticias\/#\/schema\/person\/829bbe8d57f84333b966b96229c6bf5f"},"headline":"Petrobras (PETR4) reage e fica entre as maiores altas do Ibovespa em semana turbulenta na Bolsa","datePublished":"2024-04-13T18:14:55+00:00","dateModified":"2024-04-13T21:07:57+00:00","mainEntityOfPage":{"@id":"https:\/\/www.suno.com.br\/noticias\/ibovespa-perdas-semana-inflacao-eua-petrobras-petr4-mal\/"},"wordCount":1168,"publisher":{"@id":"https:\/\/www.suno.com.br\/noticias\/#organization"},"image":{"@id":"https:\/\/www.suno.com.br\/noticias\/ibovespa-perdas-semana-inflacao-eua-petrobras-petr4-mal\/#primaryimage"},"thumbnailUrl":"https:\/\/files.sunoresearch.com.br\/n\/uploads\/2024\/03\/iStock-1304066178.jpg","keywords":["A\u00e7\u00f5es","Ibovespa","Petrobras (PETR4)"],"articleSection":["Mercado"],"inLanguage":"pt-BR"},{"@type":"WebPage","@id":"https:\/\/www.suno.com.br\/noticias\/ibovespa-perdas-semana-inflacao-eua-petrobras-petr4-mal\/","url":"https:\/\/www.suno.com.br\/noticias\/ibovespa-perdas-semana-inflacao-eua-petrobras-petr4-mal\/","name":"Ibovespa tem perdas em semana tensa; Petrobras (PETR4) sobe","isPartOf":{"@id":"https:\/\/www.suno.com.br\/noticias\/#website"},"primaryImageOfPage":{"@id":"https:\/\/www.suno.com.br\/noticias\/ibovespa-perdas-semana-inflacao-eua-petrobras-petr4-mal\/#primaryimage"},"image":{"@id":"https:\/\/www.suno.com.br\/noticias\/ibovespa-perdas-semana-inflacao-eua-petrobras-petr4-mal\/#primaryimage"},"thumbnailUrl":"https:\/\/files.sunoresearch.com.br\/n\/uploads\/2024\/03\/iStock-1304066178.jpg","datePublished":"2024-04-13T18:14:55+00:00","dateModified":"2024-04-13T21:07:57+00:00","description":"O \u00edndice da B3 somou baixa de 0,67%, ap\u00f3s retra\u00e7\u00e3o de 1,02% no intervalo anterior. No m\u00eas, o Ibovespa cai 1,69% e, no ano, cede 6,14%.","breadcrumb":{"@id":"https:\/\/www.suno.com.br\/noticias\/ibovespa-perdas-semana-inflacao-eua-petrobras-petr4-mal\/#breadcrumb"},"inLanguage":"pt-BR","potentialAction":[{"@type":"ReadAction","target":["https:\/\/www.suno.com.br\/noticias\/ibovespa-perdas-semana-inflacao-eua-petrobras-petr4-mal\/"]}]},{"@type":"ImageObject","inLanguage":"pt-BR","@id":"https:\/\/www.suno.com.br\/noticias\/ibovespa-perdas-semana-inflacao-eua-petrobras-petr4-mal\/#primaryimage","url":"https:\/\/files.sunoresearch.com.br\/n\/uploads\/2024\/03\/iStock-1304066178.jpg","contentUrl":"https:\/\/files.sunoresearch.com.br\/n\/uploads\/2024\/03\/iStock-1304066178.jpg","width":1254,"height":836,"caption":"Mercado de a\u00e7\u00f5es. Foto: iStock"},{"@type":"BreadcrumbList","@id":"https:\/\/www.suno.com.br\/noticias\/ibovespa-perdas-semana-inflacao-eua-petrobras-petr4-mal\/#breadcrumb","itemListElement":[{"@type":"ListItem","position":1,"name":"Not\u00edcias","item":"https:\/\/www.suno.com.br\/noticias\/"},{"@type":"ListItem","position":2,"name":"Mercado","item":"https:\/\/www.suno.com.br\/noticias\/mercado\/"},{"@type":"ListItem","position":3,"name":"Petrobras (PETR4) reage e fica entre as maiores altas do Ibovespa em semana turbulenta na Bolsa"}]},{"@type":"WebSite","@id":"https:\/\/www.suno.com.br\/noticias\/#website","url":"https:\/\/www.suno.com.br\/noticias\/","name":"Suno Not\u00edcias","description":"Seu portal de informa\u00e7\u00e3o sobre o mundo dos investimentos","publisher":{"@id":"https:\/\/www.suno.com.br\/noticias\/#organization"},"potentialAction":[{"@type":"SearchAction","target":{"@type":"EntryPoint","urlTemplate":"https:\/\/www.suno.com.br\/noticias\/?s={search_term_string}"},"query-input":{"@type":"PropertyValueSpecification","valueRequired":true,"valueName":"search_term_string"}}],"inLanguage":"pt-BR"},{"@type":"Organization","@id":"https:\/\/www.suno.com.br\/noticias\/#organization","name":"Suno Not\u00edcias","url":"https:\/\/www.suno.com.br\/noticias\/","logo":{"@type":"ImageObject","inLanguage":"pt-BR","@id":"https:\/\/www.suno.com.br\/noticias\/#\/schema\/logo\/image\/","url":"https:\/\/files.sunoresearch.com.br\/n\/uploads\/2021\/09\/suno-logo.png","contentUrl":"https:\/\/files.sunoresearch.com.br\/n\/uploads\/2021\/09\/suno-logo.png","width":180,"height":180,"caption":"Suno Not\u00edcias"},"image":{"@id":"https:\/\/www.suno.com.br\/noticias\/#\/schema\/logo\/image\/"},"sameAs":["https:\/\/facebook.com\/sunoresearch","https:\/\/x.com\/sunoresearch","https:\/\/www.instagram.com\/suno","https:\/\/www.linkedin.com\/company\/suno-research\/","https:\/\/www.youtube.com\/c\/sunoresearch"]},{"@type":"Person","@id":"https:\/\/www.suno.com.br\/noticias\/#\/schema\/person\/829bbe8d57f84333b966b96229c6bf5f","name":"Marco Ant\u00f4nio Lopes","image":{"@type":"ImageObject","inLanguage":"pt-BR","@id":"https:\/\/www.suno.com.br\/noticias\/#\/schema\/person\/image\/","url":"https:\/\/secure.gravatar.com\/avatar\/385167b012fbc1cde32c5446ee253313?s=96&r=g","contentUrl":"https:\/\/secure.gravatar.com\/avatar\/385167b012fbc1cde32c5446ee253313?s=96&r=g","caption":"Marco Ant\u00f4nio Lopes"},"description":"Jornalista, \u00e9 editor no Suno Not\u00edcias. Trabalhou nas revistas Playboy, Super, Veja Comer &amp; Beber, Homem Vogue e Universo Masculino, al\u00e9m dos portais Abril.com, R7, nas editorias de Home, Esportes, Hora 7, Entretenimento e Geral, e Eu Quero Investir. Autor do livro Bruce Lee: Definitivo (Editora Conrad). Colaborou nas revistas Nova, Veja SP, Grandes Guerras, Placar, Bizz, Casa Claudia e Quatro Rodas.","url":"https:\/\/www.suno.com.br\/noticias\/author\/marco-lopes\/"}]}},"default_loop_html":"<div class=\"cardsPage__listCard__boxs\"><div class=\"cardsPage__listCard__boxs__img\"><a href=\"https:\/\/www.suno.com.br\/noticias\/ibovespa-perdas-semana-inflacao-eua-petrobras-petr4-mal\/\"><img class=\"mask\" src=\"https:\/\/www.suno.com.br\/noticias\/wp-content\/themes\/suno\/resources\/images\/spotlight\/spotlight1img\/bg-mask.png\" alt=\"Image Mask\"\/><img src=\"https:\/\/files.sunoresearch.com.br\/n\/uploads\/2024\/03\/iStock-1304066178-400x200.jpg\" alt=\"Petrobras (PETR4) reage e fica entre as maiores altas do Ibovespa em semana turbulenta na Bolsa\"\/><\/a><span class=\"spotlightCategory\"><a href=\"https:\/\/www.suno.com.br\/noticias\/mercado\/\">Mercado<\/a><\/span><\/div><div class=\"cardsPage__listCard__boxs__content\"><a href=\"https:\/\/www.suno.com.br\/noticias\/ibovespa-perdas-semana-inflacao-eua-petrobras-petr4-mal\/\"><h2 class=\"content__title\">Petrobras (PETR4) reage e fica entre as maiores altas do Ibovespa em semana turbulenta na Bolsa<\/h2><\/a><div class=\"newsContent__article__meta\"><div class=\"newsContent__article__meta__authorBox\"><a href=\"https:\/\/www.suno.com.br\/noticias\/author\/marco-lopes\/\" class=\"authorBox__avatar noMobi\"><img src=\"https:\/\/secure.gravatar.com\/avatar\/385167b012fbc1cde32c5446ee253313?s=96&#038;r=g\" alt=\"Marco Ant\u00f4nio Lopes\"><\/a><div class=\"authorBox__name\"><span>por\n\t\t\t<a href=\"https:\/\/www.suno.com.br\/noticias\/author\/marco-lopes\/\"><span itemprop=\"author\">Marco Ant\u00f4nio Lopes<\/span><\/a><\/span><time datetime=\"2024-04-13T15:14:55-03:00\" itemprop=\"datePublished\">13\/04\/2024 15:14<\/time><\/div><\/div><\/div><\/div><\/div>","single_layout":"posts","amp_enabled":true,"_links":{"self":[{"href":"https:\/\/www.suno.com.br\/noticias\/wp-json\/wp\/v2\/posts\/543799"}],"collection":[{"href":"https:\/\/www.suno.com.br\/noticias\/wp-json\/wp\/v2\/posts"}],"about":[{"href":"https:\/\/www.suno.com.br\/noticias\/wp-json\/wp\/v2\/types\/post"}],"author":[{"embeddable":true,"href":"https:\/\/www.suno.com.br\/noticias\/wp-json\/wp\/v2\/users\/98"}],"replies":[{"embeddable":true,"href":"https:\/\/www.suno.com.br\/noticias\/wp-json\/wp\/v2\/comments?post=543799"}],"version-history":[{"count":3,"href":"https:\/\/www.suno.com.br\/noticias\/wp-json\/wp\/v2\/posts\/543799\/revisions"}],"predecessor-version":[{"id":543831,"href":"https:\/\/www.suno.com.br\/noticias\/wp-json\/wp\/v2\/posts\/543799\/revisions\/543831"}],"wp:featuredmedia":[{"embeddable":true,"href":"https:\/\/www.suno.com.br\/noticias\/wp-json\/wp\/v2\/media\/533080"}],"wp:attachment":[{"href":"https:\/\/www.suno.com.br\/noticias\/wp-json\/wp\/v2\/media?parent=543799"}],"wp:term":[{"taxonomy":"category","embeddable":true,"href":"https:\/\/www.suno.com.br\/noticias\/wp-json\/wp\/v2\/categories?post=543799"},{"taxonomy":"post_tag","embeddable":true,"href":"https:\/\/www.suno.com.br\/noticias\/wp-json\/wp\/v2\/tags?post=543799"},{"taxonomy":"suno_strategy","embeddable":true,"href":"https:\/\/www.suno.com.br\/noticias\/wp-json\/wp\/v2\/suno_strategy?post=543799"}],"curies":[{"name":"wp","href":"https:\/\/api.w.org\/{rel}","templated":true}]}}