{"id":543765,"date":"2024-04-13T11:28:41","date_gmt":"2024-04-13T14:28:41","guid":{"rendered":"https:\/\/www.suno.com.br\/noticias\/?p=543765"},"modified":"2024-04-13T17:40:15","modified_gmt":"2024-04-13T20:40:15","slug":"dolar-semana-tensa-alta-moeda-eua-mal","status":"publish","type":"post","link":"https:\/\/www.suno.com.br\/noticias\/dolar-semana-tensa-alta-moeda-eua-mal\/","title":{"rendered":"D\u00f3lar nas alturas: moeda tem alta semanal e chega a R$ 5,12. Veja o que aconteceu"},"content":{"rendered":"<p>A percep\u00e7\u00e3o de fragilidade das contas p\u00fablicas brasileiras e a perspectiva de que os juros nos EUA v\u00e3o demorar mais tempo para come\u00e7ar a cair deram o tom dos neg\u00f3cios nos \u00faltimos dias. Nesta sexta-feira, 12, uma nova preocupa\u00e7\u00e3o ganhou a aten\u00e7\u00e3o do <a class=\"suno-keyword\" target=\"_blank\" data-force=\"no\" data-priority=\"2\" href=\"https:\/\/www.suno.com.br\/guias\/mercado-financeiro\/\" rel=\"noopener\">mercado financeiro<\/a>: o risco de um agravamento nos conflitos no Oriente M\u00e9dio, com o aumento de tens\u00e3o entre Ir\u00e3 e Israel. O resultado disso foi uma forte alta do <strong>d\u00f3lar <\/strong>e a queda da Bolsa de Valores para seu menor patamar desde 7 de dezembro.<\/p><div class=\"videoFull \">\n\t\t\t<div class=\"videoWrapper yt-lazyload center\"\n\t\t\t\tdata-width=\"960\"\n\t\t\t\tdata-height=\"540\"\n\t\t\t\tdata-id=\"T8FCXiRVmwI\"\n\t\t\t\tdata-alt=\"V\u00eddeo do YouTube - clique para reproduzir\"\n\t\t\t\tdata-logo=\"3\"\n\t\t\t\tdata-imagequality=\"maxres\">\n\t\t\t<\/div>\n\t\t<\/div><script type=\"application\/ld+json\">{\"@context\":\"https:\/\/schema.org\",\"@type\":\"VideoObject\",\"name\":\"\ud83d\udd34PRESIDENTE DO CONSELHO DA PETROBRAS (PETR4) SUSPENSO | Ibovespa cai | Recorde no agro\",\"description\":\"#mercadofinanceiro #a\u00e7\u00f5es #investimentos #bolsadevalores #ibovespa #dinheiro #finan\u00e7as #pol\u00edtica #d\u00f3lar #livedas19h #petr4 #petr3 #petrobras #vale3 #vale #a\u00e7\u00f5es #economia #dividendos #min\u00e9riodeferro #min\u00e9rio #petr\u00f3leo #commodities #proventos #jcp #statusinvest #statusalpha #governo #lula #ceo #presidente #agro #agroneg\u00f3cio \ud83d\udd34\ud83d\udccaINVISTA MELHOR COM STATUS ALPHA: https:\/\/lp.statusinvest.com.br\/ao\/status-alpha\/?utm_source=youtube.noticias&utm_medium=live 00:00 In\u00edcio do v\u00eddeo 01:36 Fechamento de preg\u00e3o 03:50 CEO da Petrobras ironiza crise 05:30 Presidente do\u2026\",\"duration\":\"PT20M11S\",\"embedUrl\":\"https:\/\/www.youtube.com\/embed\/T8FCXiRVmwI\",\"regionsAllowed\":\"en-US\",\"interactionStatistic\":{\"@type\":\"InteractionCounter\",\"interactionType\":{\"@type\":\"WatchAction\"},\"userInteractionCount\":8165},\"thumbnailUrl\":\"https:\/\/i.ytimg.com\/vi\/T8FCXiRVmwI\/default.jpg\",\"uploadDate\":\"2024-04-12T22:30:12Z\"}<\/script>\n\n\n\n\n\t<p>\n\t\t<a href=\"https:\/\/lp.suno.com.br\/planilha-da-vida-financeira\/\" target=\"_blank\" data-element=\"shortcode-suno-banner\" title=\"Banner SUNO, clique e saiba mais\">\n\t\t\t<picture>\n\t\t\t\t<source media=\"(max-width: 500px)\" srcset=\"https:\/\/files.sunoresearch.com.br\/n\/uploads\/2023\/04\/400x300-Planilha-vida-financeira-true.png\">\n\t\t\t\t<img class=\"newsContent__article__imgCapa newsContent__article__imgCapa--banner\"\n\t\t\t\t\tsrc=\"https:\/\/files.sunoresearch.com.br\/n\/uploads\/2023\/04\/1420x240-Planilha-vida-financeira-true.png\"\n\t\t\t\t\tdata-promo-id=\"106682\"\t\t\t\t\t\t\t\t\t\twidth='1420' height='240'\t\t\t\t\talt=\"https:\/\/files.sunoresearch.com.br\/n\/uploads\/2023\/04\/1420x240-Planilha-vida-financeira-true.png\"\n\t\t\t\t>\n\t\t\t<\/picture>\n\t\t<\/a>\n\t<\/p>\n\n\n\n\n\n\n\n<p>A <strong>cota\u00e7\u00e3o do d\u00f3lar<\/strong> fechou a sexta (12) valendo R$ 5,12, depois de passar a maior parte do dia na casa dos R$ 5,14. Esse \u00e9 o maior patamar em seis meses, lembra relat\u00f3rio da XP. A <strong>alta do d\u00f3lar<\/strong> foi de 0,6%, levando o acumulado de valoriza\u00e7\u00e3o s\u00f3 nesta semana para 1,1%. No m\u00eas, a moeda americana avan\u00e7a 2,11%.<\/p>\n\n\n\n<p>J\u00e1 fortalecido globalmente pela perspectiva de que o Federal Reserve (Fed, o banco central americano) postergue o corte de juros nos pa\u00eds para o segundo semestre, o d\u00f3lar subiu mais alguns degraus com os sinais de um eventual ataque do Ir\u00e3 a Israel &#8211; que, se confirmado, poderia levar ao envolvimento direto dos EUA no conflito no Oriente M\u00e9dio. No jarg\u00e3o do mercado, isso provocou um movimento de &#8220;fuga para a qualidade&#8221;. Investidores reduziram posi\u00e7\u00f5es em ativos de risco para se abrigar nos Treasuries e na pr\u00f3pria moeda americana.<\/p>\n\n\n\n<p>O chefe da <a class=\"suno-keyword\" target=\"_blank\" data-force=\"no\" data-priority=\"1\" href=\"https:\/\/www.suno.com.br\/artigos\/mesa-de-operacoes\/\" rel=\"noopener\">mesa de opera\u00e7\u00f5es<\/a> do C6 Bank, Felipe Garcia, observa que dados recentes de atividade e infla\u00e7\u00e3o nos EUA j\u00e1 levavam ao<strong> fortalecimento global do d\u00f3la<\/strong>r. A leitura acima do esperado da infla\u00e7\u00e3o ao consumidor em mar\u00e7o, divulgada na \u00faltima quarta-feira (10), alavancou ainda mais a moeda americana, ao desencadear mudan\u00e7as de expectativas para a magnitude total de redu\u00e7\u00e3o de juros pelo Fed neste ano.<\/p>\n\n\n\n<p>&#8220;O mercado passou a ver mais chances de apenas duas quedas dos juros. H\u00e1 quem veja espa\u00e7o para um corte ou at\u00e9 manuten\u00e7\u00e3o. Vimos uma grande reprecifica\u00e7\u00e3o da <a class=\"suno-keyword\" target=\"_blank\" data-force=\"no\" data-priority=\"1\" href=\"https:\/\/www.suno.com.br\/artigos\/curva-de-juros\/\" rel=\"noopener\">curva de juros<\/a> americana&#8221;, afirma Garcia, ressaltando que hoje houve um movimento de risk off com em raz\u00e3o do quadro geopol\u00edtico. &#8220;Vemos as taxas dos Treasuries fechando e<strong> d\u00f3lar em alta<\/strong>, com redu\u00e7\u00e3o de posi\u00e7\u00f5es em moedas emergentes na v\u00e9spera do fim de semana&#8221;.<\/p>\n\n\n\n<p>Term\u00f4metro do comportamento do d\u00f3lar em rela\u00e7\u00e3o a seis divisas fortes, o <a class=\"suno-keyword\" target=\"_blank\" data-force=\"no\" data-priority=\"1\" href=\"https:\/\/www.suno.com.br\/artigos\/dxy\/\" rel=\"noopener\">\u00edndice DXY<\/a>, que j\u00e1 operava nos maiores n\u00edveis desde novembro, chegou a superar os 106,000 pontos, com m\u00e1xima em 106,109 pontos.<\/p>\n\n\n\n<figure class=\"wp-block-image size-full\"><img loading=\"lazy\" decoding=\"async\" width=\"627\" height=\"496\" src=\"https:\/\/files.sunoresearch.com.br\/n\/uploads\/2024\/04\/dolar-XP.jpg\" alt=\"\" class=\"wp-image-543770\" srcset=\"https:\/\/files.sunoresearch.com.br\/n\/uploads\/2024\/04\/dolar-XP.jpg 627w, https:\/\/files.sunoresearch.com.br\/n\/uploads\/2024\/04\/dolar-XP-300x237.jpg 300w, https:\/\/files.sunoresearch.com.br\/n\/uploads\/2024\/04\/dolar-XP-150x119.jpg 150w\" sizes=\"(max-width: 627px) 100vw, 627px\" \/><\/figure>\n\n\n\n<h2 class=\"wp-block-heading\">Real sofre mais que outras moedas latino-americanas com o peso do d\u00f3lar<\/h2>\n\n\n\n<p>Garcia afirma que o <strong>real<\/strong>, embora sofra menos que divisas pares, teve desempenho inferior ao de outras moedas latino-americanas na semana &#8211; o que, segundo ele, pode ser atribu\u00eddo, em parte, ao aumento dos ru\u00eddos pol\u00edticos locais e \u00e0 crescente desconfian\u00e7a em torno do compromisso do governo com o arcabou\u00e7o fiscal.<\/p>\n\n\n\n<p>&#8220;A manobra para mudar o arcabou\u00e7o e liberar mais recursos neste ano pegou mal. E as quest\u00f5es envolvendo a <a class=\"suno-keyword\" target=\"_blank\" data-force=\"yes\" data-priority=\"2\" href=\"https:\/\/www.suno.com.br\/acoes\/PETR4\/\" rel=\"noopener\">Petrobras (PETR4)<\/a>, como a crise pol\u00edtica que envolveu o presidente da empresa, Jean Paul Prates, e o ministro de Minas e Energia, Alexandre Silveiram n\u00e3o ajudam&#8221;, diz Garcia.<\/p>\n\n\n\t<p>\n\t\t<a href=\"https:\/\/lp.suno.com.br\/ebook-como-analisar-uma-acao\/\" target=\"_blank\" data-element=\"shortcode-suno-banner\" title=\"Banner SUNO, clique e saiba mais\">\n\t\t\t<picture>\n\t\t\t\t<source media=\"(max-width: 500px)\" srcset=\"https:\/\/files.sunoresearch.com.br\/n\/uploads\/2023\/03\/Ebook-Acoes-Mobile.jpg\">\n\t\t\t\t<img class=\"newsContent__article__imgCapa newsContent__article__imgCapa--banner\"\n\t\t\t\t\tsrc=\"https:\/\/files.sunoresearch.com.br\/n\/uploads\/2023\/03\/Ebook-Acoes-Desktop.jpg\"\n\t\t\t\t\tdata-promo-id=\"378302\"\t\t\t\t\t\t\t\t\t\twidth='1420' height='286'\t\t\t\t\talt=\"https:\/\/files.sunoresearch.com.br\/n\/uploads\/2023\/03\/Ebook-Acoes-Desktop.jpg\"\n\t\t\t\t>\n\t\t\t<\/picture>\n\t\t<\/a>\n\t<\/p>\n\n\n\n\n\n\t<div data-element=\"shortcode-read-more\" class=\"readToo\">\n\t\t\t\t<span class=\"readToo__title\">Leia mais<\/span>\n\t\t\t\t<ul class=\"readToo__list\">\n\t\t\t<li><a href=\"https:\/\/www.suno.com.br\/noticias\/dolar-sobe-veja-cinco-gatinhos-valorizacao-moeda-cpf\/\">5 gatilhos que fizeram o d\u00f3lar disparar em 2024 \u2013 e podem continuar valorizando a moeda<\/a><\/li><li><a href=\"https:\/\/www.suno.com.br\/noticias\/dolar-maozinha-bc-cambio-cotacao-evm\/\">D\u00f3lar: Ap\u00f3s &#8216;m\u00e3ozinha do BC&#8217;, entenda o que acontece com o c\u00e2mbio<\/a><\/li>\t\t<\/ul>\n\t<\/div>\n\n\n\n\n<h2 class=\"wp-block-heading\">Bolsa tamb\u00e9m perdeu na semana<\/h2>\n\n\n\n<p>Taxas altas em economias avan\u00e7adas estimulam a <a class=\"suno-keyword\" target=\"_blank\" data-force=\"no\" data-priority=\"1\" href=\"https:\/\/www.suno.com.br\/artigos\/fuga-de-capitais\/\" rel=\"noopener\">fuga de capitais<\/a> de pa\u00edses emergentes, como o Brasil, pressionando o d\u00f3lar e a bolsa. Os investidores migram para os t\u00edtulos do Tesouro norte-americano, considerados os investimentos mais seguros do planeta. Por enquanto, esse movimento est\u00e1 atrelado ao d\u00f3lar. O euro comercial recuou 0,23%, vendido a R$ 5,448, ap\u00f3s o Banco Central Europeu anunciar que pretende baixar os juros em junho.<\/p>\n\n\n\n<p>O Ibovespa, o principal indicador da Bolsa de Valores, registrou queda de 1,14%, aos 125,9 mil pontos. Na semana, o \u00edndice da B3 acumulou perda de 0,67%, ap\u00f3s retra\u00e7\u00e3o de 1,02% no per\u00edodo anterior. J\u00e1 no m\u00eas, o Ibovespa recua 1,69%. Em Nova York, as perdas ficaram entre 1,24% (<a class=\"suno-keyword\" target=\"_blank\" data-force=\"no\" data-priority=\"2\" href=\"https:\/\/www.suno.com.br\/artigos\/indice-dow-jones-djia\/\" rel=\"noopener\">Dow Jones<\/a>) e 1,62% (Nasdaq).<\/p>\n\n\n\n<p>Na B3, poucas entre as principais a\u00e7\u00f5es escaparam ao dia de corre\u00e7\u00e3o. Vale (VALE3, -0,37%) e Petrobras (PETR3, -0,81%, PETR4m -0,92%) n\u00e3o ficaram imunes, apesar do avan\u00e7o ontem nos pre\u00e7os do min\u00e9rio e do petr\u00f3leo. &#8220;O retrato da semana \u00e9 de muita cautela, principalmente na Bolsa, com falta de atratividade para trazer recursos ao Brasil no momento, o que se reflete na<strong> cota\u00e7\u00e3o alta do d\u00f3lar<\/strong>&#8220;, resumiu Dierson Richetti, s\u00f3cio da GT Capital.<\/p>\n\n\n\n<p>A preocupa\u00e7\u00e3o com o cen\u00e1rio global e a maior cautela em rela\u00e7\u00e3o ao futuro da <a class=\"suno-keyword\" target=\"_blank\" data-force=\"no\" data-priority=\"1\" href=\"https:\/\/www.suno.com.br\/artigos\/politica-fiscal\/\" rel=\"noopener\">pol\u00edtica fiscal<\/a> dominaram as discuss\u00f5es que executivos do mercado tiveram ontem com diretores do Banco Central. As reuni\u00f5es ocorreram na sede da autarquia em S\u00e3o Paulo. Pelo BC, participaram os diretores Diogo Guillen (<a class=\"suno-keyword\" target=\"_blank\" data-force=\"no\" data-priority=\"1\" href=\"https:\/\/www.suno.com.br\/artigos\/politica-economica\/\" rel=\"noopener\">Pol\u00edtica Econ\u00f4mica<\/a>) e Paulo Picchetti (Assuntos Internacionais e <a class=\"suno-keyword\" target=\"_blank\" data-force=\"no\" data-priority=\"1\" href=\"https:\/\/www.suno.com.br\/artigos\/gestao-de-riscos\/\" rel=\"noopener\">Gest\u00e3o de Riscos<\/a> Corporativos), segundo os relatos.<\/p>\n\n\n\n<p>Os encontros s\u00e3o uma forma de os diretores do BC colherem as avalia\u00e7\u00f5es do mercado sobre o cen\u00e1rio econ\u00f4mico, para embasar a formula\u00e7\u00e3o dos relat\u00f3rios trimestrais de infla\u00e7\u00e3o. O pr\u00f3ximo documento ser\u00e1 divulgado em 27 de junho.<\/p>\n\n\n\n<h2 class=\"wp-block-heading\">Fortalecimento global do d\u00f3lar <\/h2>\n\n\n\n<p>Al\u00e9m do fortalecimento global do d\u00f3lar e dos ru\u00eddos dom\u00e9sticos, a forma\u00e7\u00e3o da <strong>taxa de c\u00e2mbio<\/strong> tem sido influenciada por quest\u00f5es t\u00e9cnicas. Na segunda-feira, 15, vencem NTN-As no valor de US$ 3,8 bilh\u00f5es, cuja liquida\u00e7\u00e3o se dar\u00e1 de acordo com a taxa ptax desta sexta-feira.<\/p>\n\n\n\n<p>Na pr\u00e1tica, quem carrega NTN-As est\u00e1 &#8220;comprado em d\u00f3lar&#8221;. Quando os t\u00edtulos vencem, os detentores podem ir ao mercado para recompor sua posi\u00e7\u00e3o, o que aumenta a demanda por compra no <a class=\"suno-keyword\" target=\"_blank\" data-force=\"no\" data-priority=\"1\" href=\"https:\/\/www.suno.com.br\/artigos\/contrato-futuro\/\" rel=\"noopener\">mercado futuro<\/a> e turbina a cota\u00e7\u00e3o da moeda. Como o Banco Central vendeu, no \u00faltimo dia 2, US$ 1 bilh\u00e3o em swaps cambiais extras, mencionando justamente o vencimento de NTN-As, haveria ainda uma demanda de US$ 2,8 bilh\u00f5es por <strong>d\u00f3lar<\/strong> futuro.<\/p>\n\n\n\n<p><em>Com Estad\u00e3o Conte\u00fado e Ag\u00eancia Brasil<\/em><\/p>\n\n\n\t<p>\n\t\t<a href=\"https:\/\/lp.suno.com.br\/planilha-da-vida-financeira\/\" target=\"_blank\" data-element=\"shortcode-suno-banner\" title=\"Banner SUNO, clique e saiba mais\">\n\t\t\t<picture>\n\t\t\t\t<source media=\"(max-width: 500px)\" srcset=\"https:\/\/files.sunoresearch.com.br\/n\/uploads\/2023\/04\/400x300-Planilha-vida-financeira-true.png\">\n\t\t\t\t<img class=\"newsContent__article__imgCapa newsContent__article__imgCapa--banner\"\n\t\t\t\t\tsrc=\"https:\/\/files.sunoresearch.com.br\/n\/uploads\/2023\/04\/1420x240-Planilha-vida-financeira-true.png\"\n\t\t\t\t\tdata-promo-id=\"383123\"\t\t\t\t\t\t\t\t\t\twidth='1420' height='240'\t\t\t\t\talt=\"https:\/\/files.sunoresearch.com.br\/n\/uploads\/2023\/04\/1420x240-Planilha-vida-financeira-true.png\"\n\t\t\t\t>\n\t\t\t<\/picture>\n\t\t<\/a>\n\t<\/p>\n\n\n","protected":false},"excerpt":{"rendered":"<p>A percep\u00e7\u00e3o de fragilidade das contas p\u00fablicas brasileiras e a perspectiva de que os juros nos EUA v\u00e3o demorar mais tempo para come\u00e7ar a cair deram o tom dos neg\u00f3cios nos \u00faltimos dias. Nesta sexta-feira, 12, uma nova preocupa\u00e7\u00e3o ganhou a aten\u00e7\u00e3o do mercado financeiro: o risco de um agravamento nos conflitos no Oriente M\u00e9dio, [&hellip;]<\/p>\n","protected":false},"author":98,"featured_media":495020,"comment_status":"closed","ping_status":"closed","sticky":false,"template":"","format":"standard","meta":[],"categories":[60],"tags":[326,1852],"suno_strategy":[],"class_list":["post-543765","post","type-post","status-publish","format-standard","has-post-thumbnail","hentry","category-mercado","tag-dolar","tag-dolar-futuro"],"yoast_head":"<!-- This site is optimized with the Yoast SEO plugin v24.4 - https:\/\/yoast.com\/wordpress\/plugins\/seo\/ -->\n<title>D\u00f3lar: em semana tensa, moeda acumula alta e chega a R$ 5,12<\/title>\n<meta name=\"description\" content=\"Juros nos EUA, tens\u00e3o no Oriente M\u00e9dio e dados de infla\u00e7\u00e3o americana fortaleceram alta do d\u00f3lar. Entenda mais sobre a cota\u00e7\u00e3o do d\u00f3lar\" \/>\n<meta name=\"robots\" content=\"index, follow, max-snippet:-1, max-image-preview:large, max-video-preview:-1\" \/>\n<link rel=\"canonical\" href=\"https:\/\/www.suno.com.br\/noticias\/dolar-semana-tensa-alta-moeda-eua-mal\/\" \/>\n<meta property=\"og:locale\" content=\"pt_BR\" \/>\n<meta property=\"og:type\" content=\"article\" \/>\n<meta property=\"og:title\" content=\"D\u00f3lar: em semana tensa, moeda acumula alta e chega a R$ 5,12\" \/>\n<meta property=\"og:description\" content=\"Juros nos EUA, tens\u00e3o no Oriente M\u00e9dio e dados de infla\u00e7\u00e3o americana fortaleceram alta do d\u00f3lar. Entenda mais sobre a cota\u00e7\u00e3o do d\u00f3lar\" \/>\n<meta property=\"og:url\" content=\"https:\/\/www.suno.com.br\/noticias\/dolar-semana-tensa-alta-moeda-eua-mal\/\" \/>\n<meta property=\"og:site_name\" content=\"Suno Not\u00edcias\" \/>\n<meta property=\"article:publisher\" content=\"https:\/\/facebook.com\/sunoresearch\" \/>\n<meta property=\"og:image\" content=\"https:\/\/files.sunoresearch.com.br\/n\/uploads\/2023\/12\/dolar-cotacao.jpg\" \/>\n\t<meta property=\"og:image:width\" content=\"1200\" \/>\n\t<meta property=\"og:image:height\" content=\"800\" \/>\n\t<meta property=\"og:image:type\" content=\"image\/jpeg\" \/>\n<meta name=\"author\" content=\"Marco Ant\u00f4nio Lopes\" \/>\n<meta name=\"twitter:card\" content=\"summary_large_image\" \/>\n<meta name=\"twitter:creator\" content=\"@sunoresearch\" \/>\n<meta name=\"twitter:site\" content=\"@sunoresearch\" \/>\n<meta name=\"twitter:label1\" content=\"Escrito por\" \/>\n\t<meta name=\"twitter:data1\" content=\"Marco Ant\u00f4nio Lopes\" \/>\n\t<meta name=\"twitter:label2\" content=\"Est. tempo de leitura\" \/>\n\t<meta name=\"twitter:data2\" content=\"6 minutos\" \/>\n<script type=\"application\/ld+json\" class=\"yoast-schema-graph\">{\"@context\":\"https:\/\/schema.org\",\"@graph\":[{\"@type\":\"NewsArticle\",\"@id\":\"https:\/\/www.suno.com.br\/noticias\/dolar-semana-tensa-alta-moeda-eua-mal\/#article\",\"isPartOf\":{\"@id\":\"https:\/\/www.suno.com.br\/noticias\/dolar-semana-tensa-alta-moeda-eua-mal\/\"},\"author\":{\"name\":\"Marco Ant\u00f4nio Lopes\",\"@id\":\"https:\/\/www.suno.com.br\/noticias\/#\/schema\/person\/829bbe8d57f84333b966b96229c6bf5f\"},\"headline\":\"D\u00f3lar nas alturas: moeda tem alta semanal e chega a R$ 5,12. Veja o que aconteceu\",\"datePublished\":\"2024-04-13T14:28:41+00:00\",\"dateModified\":\"2024-04-13T20:40:15+00:00\",\"mainEntityOfPage\":{\"@id\":\"https:\/\/www.suno.com.br\/noticias\/dolar-semana-tensa-alta-moeda-eua-mal\/\"},\"wordCount\":1058,\"publisher\":{\"@id\":\"https:\/\/www.suno.com.br\/noticias\/#organization\"},\"image\":{\"@id\":\"https:\/\/www.suno.com.br\/noticias\/dolar-semana-tensa-alta-moeda-eua-mal\/#primaryimage\"},\"thumbnailUrl\":\"https:\/\/files.sunoresearch.com.br\/n\/uploads\/2023\/12\/dolar-cotacao.jpg\",\"keywords\":[\"d\u00f3lar\",\"d\u00f3lar futuro\"],\"articleSection\":[\"Mercado\"],\"inLanguage\":\"pt-BR\"},{\"@type\":\"WebPage\",\"@id\":\"https:\/\/www.suno.com.br\/noticias\/dolar-semana-tensa-alta-moeda-eua-mal\/\",\"url\":\"https:\/\/www.suno.com.br\/noticias\/dolar-semana-tensa-alta-moeda-eua-mal\/\",\"name\":\"D\u00f3lar: em semana tensa, moeda acumula alta e chega a R$ 5,12\",\"isPartOf\":{\"@id\":\"https:\/\/www.suno.com.br\/noticias\/#website\"},\"primaryImageOfPage\":{\"@id\":\"https:\/\/www.suno.com.br\/noticias\/dolar-semana-tensa-alta-moeda-eua-mal\/#primaryimage\"},\"image\":{\"@id\":\"https:\/\/www.suno.com.br\/noticias\/dolar-semana-tensa-alta-moeda-eua-mal\/#primaryimage\"},\"thumbnailUrl\":\"https:\/\/files.sunoresearch.com.br\/n\/uploads\/2023\/12\/dolar-cotacao.jpg\",\"datePublished\":\"2024-04-13T14:28:41+00:00\",\"dateModified\":\"2024-04-13T20:40:15+00:00\",\"description\":\"Juros nos EUA, tens\u00e3o no Oriente M\u00e9dio e dados de infla\u00e7\u00e3o americana fortaleceram alta do d\u00f3lar. Entenda mais sobre a cota\u00e7\u00e3o do d\u00f3lar\",\"breadcrumb\":{\"@id\":\"https:\/\/www.suno.com.br\/noticias\/dolar-semana-tensa-alta-moeda-eua-mal\/#breadcrumb\"},\"inLanguage\":\"pt-BR\",\"potentialAction\":[{\"@type\":\"ReadAction\",\"target\":[\"https:\/\/www.suno.com.br\/noticias\/dolar-semana-tensa-alta-moeda-eua-mal\/\"]}]},{\"@type\":\"ImageObject\",\"inLanguage\":\"pt-BR\",\"@id\":\"https:\/\/www.suno.com.br\/noticias\/dolar-semana-tensa-alta-moeda-eua-mal\/#primaryimage\",\"url\":\"https:\/\/files.sunoresearch.com.br\/n\/uploads\/2023\/12\/dolar-cotacao.jpg\",\"contentUrl\":\"https:\/\/files.sunoresearch.com.br\/n\/uploads\/2023\/12\/dolar-cotacao.jpg\",\"width\":1200,\"height\":800,\"caption\":\"D\u00f3lar. Foto: iStock\"},{\"@type\":\"BreadcrumbList\",\"@id\":\"https:\/\/www.suno.com.br\/noticias\/dolar-semana-tensa-alta-moeda-eua-mal\/#breadcrumb\",\"itemListElement\":[{\"@type\":\"ListItem\",\"position\":1,\"name\":\"Not\u00edcias\",\"item\":\"https:\/\/www.suno.com.br\/noticias\/\"},{\"@type\":\"ListItem\",\"position\":2,\"name\":\"Mercado\",\"item\":\"https:\/\/www.suno.com.br\/noticias\/mercado\/\"},{\"@type\":\"ListItem\",\"position\":3,\"name\":\"D\u00f3lar nas alturas: moeda tem alta semanal e chega a R$ 5,12. Veja o que aconteceu\"}]},{\"@type\":\"WebSite\",\"@id\":\"https:\/\/www.suno.com.br\/noticias\/#website\",\"url\":\"https:\/\/www.suno.com.br\/noticias\/\",\"name\":\"Suno Not\u00edcias\",\"description\":\"Seu portal de informa\u00e7\u00e3o sobre o mundo dos investimentos\",\"publisher\":{\"@id\":\"https:\/\/www.suno.com.br\/noticias\/#organization\"},\"potentialAction\":[{\"@type\":\"SearchAction\",\"target\":{\"@type\":\"EntryPoint\",\"urlTemplate\":\"https:\/\/www.suno.com.br\/noticias\/?s={search_term_string}\"},\"query-input\":{\"@type\":\"PropertyValueSpecification\",\"valueRequired\":true,\"valueName\":\"search_term_string\"}}],\"inLanguage\":\"pt-BR\"},{\"@type\":\"Organization\",\"@id\":\"https:\/\/www.suno.com.br\/noticias\/#organization\",\"name\":\"Suno Not\u00edcias\",\"url\":\"https:\/\/www.suno.com.br\/noticias\/\",\"logo\":{\"@type\":\"ImageObject\",\"inLanguage\":\"pt-BR\",\"@id\":\"https:\/\/www.suno.com.br\/noticias\/#\/schema\/logo\/image\/\",\"url\":\"https:\/\/files.sunoresearch.com.br\/n\/uploads\/2021\/09\/suno-logo.png\",\"contentUrl\":\"https:\/\/files.sunoresearch.com.br\/n\/uploads\/2021\/09\/suno-logo.png\",\"width\":180,\"height\":180,\"caption\":\"Suno Not\u00edcias\"},\"image\":{\"@id\":\"https:\/\/www.suno.com.br\/noticias\/#\/schema\/logo\/image\/\"},\"sameAs\":[\"https:\/\/facebook.com\/sunoresearch\",\"https:\/\/x.com\/sunoresearch\",\"https:\/\/www.instagram.com\/suno\",\"https:\/\/www.linkedin.com\/company\/suno-research\/\",\"https:\/\/www.youtube.com\/c\/sunoresearch\"]},{\"@type\":\"Person\",\"@id\":\"https:\/\/www.suno.com.br\/noticias\/#\/schema\/person\/829bbe8d57f84333b966b96229c6bf5f\",\"name\":\"Marco Ant\u00f4nio Lopes\",\"image\":{\"@type\":\"ImageObject\",\"inLanguage\":\"pt-BR\",\"@id\":\"https:\/\/www.suno.com.br\/noticias\/#\/schema\/person\/image\/\",\"url\":\"https:\/\/secure.gravatar.com\/avatar\/385167b012fbc1cde32c5446ee253313?s=96&r=g\",\"contentUrl\":\"https:\/\/secure.gravatar.com\/avatar\/385167b012fbc1cde32c5446ee253313?s=96&r=g\",\"caption\":\"Marco Ant\u00f4nio Lopes\"},\"description\":\"Jornalista, \u00e9 editor no Suno Not\u00edcias. Trabalhou nas revistas Playboy, Super, Veja Comer &amp; Beber, Homem Vogue e Universo Masculino, al\u00e9m dos portais Abril.com, R7, nas editorias de Home, Esportes, Hora 7, Entretenimento e Geral, e Eu Quero Investir. Autor do livro Bruce Lee: Definitivo (Editora Conrad). Colaborou nas revistas Nova, Veja SP, Grandes Guerras, Placar, Bizz, Casa Claudia e Quatro Rodas.\",\"url\":\"https:\/\/www.suno.com.br\/noticias\/author\/marco-lopes\/\"}]}<\/script>\n<!-- \/ Yoast SEO plugin. -->","yoast_head_json":{"title":"D\u00f3lar: em semana tensa, moeda acumula alta e chega a R$ 5,12","description":"Juros nos EUA, tens\u00e3o no Oriente M\u00e9dio e dados de infla\u00e7\u00e3o americana fortaleceram alta do d\u00f3lar. Entenda mais sobre a cota\u00e7\u00e3o do d\u00f3lar","robots":{"index":"index","follow":"follow","max-snippet":"max-snippet:-1","max-image-preview":"max-image-preview:large","max-video-preview":"max-video-preview:-1"},"canonical":"https:\/\/www.suno.com.br\/noticias\/dolar-semana-tensa-alta-moeda-eua-mal\/","og_locale":"pt_BR","og_type":"article","og_title":"D\u00f3lar: em semana tensa, moeda acumula alta e chega a R$ 5,12","og_description":"Juros nos EUA, tens\u00e3o no Oriente M\u00e9dio e dados de infla\u00e7\u00e3o americana fortaleceram alta do d\u00f3lar. Entenda mais sobre a cota\u00e7\u00e3o do d\u00f3lar","og_url":"https:\/\/www.suno.com.br\/noticias\/dolar-semana-tensa-alta-moeda-eua-mal\/","og_site_name":"Suno Not\u00edcias","article_publisher":"https:\/\/facebook.com\/sunoresearch","og_image":[{"width":1200,"height":800,"url":"https:\/\/files.sunoresearch.com.br\/n\/uploads\/2023\/12\/dolar-cotacao.jpg","type":"image\/jpeg"}],"author":"Marco Ant\u00f4nio Lopes","twitter_card":"summary_large_image","twitter_creator":"@sunoresearch","twitter_site":"@sunoresearch","twitter_misc":{"Escrito por":"Marco Ant\u00f4nio Lopes","Est. tempo de leitura":"6 minutos"},"schema":{"@context":"https:\/\/schema.org","@graph":[{"@type":"NewsArticle","@id":"https:\/\/www.suno.com.br\/noticias\/dolar-semana-tensa-alta-moeda-eua-mal\/#article","isPartOf":{"@id":"https:\/\/www.suno.com.br\/noticias\/dolar-semana-tensa-alta-moeda-eua-mal\/"},"author":{"name":"Marco Ant\u00f4nio Lopes","@id":"https:\/\/www.suno.com.br\/noticias\/#\/schema\/person\/829bbe8d57f84333b966b96229c6bf5f"},"headline":"D\u00f3lar nas alturas: moeda tem alta semanal e chega a R$ 5,12. Veja o que aconteceu","datePublished":"2024-04-13T14:28:41+00:00","dateModified":"2024-04-13T20:40:15+00:00","mainEntityOfPage":{"@id":"https:\/\/www.suno.com.br\/noticias\/dolar-semana-tensa-alta-moeda-eua-mal\/"},"wordCount":1058,"publisher":{"@id":"https:\/\/www.suno.com.br\/noticias\/#organization"},"image":{"@id":"https:\/\/www.suno.com.br\/noticias\/dolar-semana-tensa-alta-moeda-eua-mal\/#primaryimage"},"thumbnailUrl":"https:\/\/files.sunoresearch.com.br\/n\/uploads\/2023\/12\/dolar-cotacao.jpg","keywords":["d\u00f3lar","d\u00f3lar futuro"],"articleSection":["Mercado"],"inLanguage":"pt-BR"},{"@type":"WebPage","@id":"https:\/\/www.suno.com.br\/noticias\/dolar-semana-tensa-alta-moeda-eua-mal\/","url":"https:\/\/www.suno.com.br\/noticias\/dolar-semana-tensa-alta-moeda-eua-mal\/","name":"D\u00f3lar: em semana tensa, moeda acumula alta e chega a R$ 5,12","isPartOf":{"@id":"https:\/\/www.suno.com.br\/noticias\/#website"},"primaryImageOfPage":{"@id":"https:\/\/www.suno.com.br\/noticias\/dolar-semana-tensa-alta-moeda-eua-mal\/#primaryimage"},"image":{"@id":"https:\/\/www.suno.com.br\/noticias\/dolar-semana-tensa-alta-moeda-eua-mal\/#primaryimage"},"thumbnailUrl":"https:\/\/files.sunoresearch.com.br\/n\/uploads\/2023\/12\/dolar-cotacao.jpg","datePublished":"2024-04-13T14:28:41+00:00","dateModified":"2024-04-13T20:40:15+00:00","description":"Juros nos EUA, tens\u00e3o no Oriente M\u00e9dio e dados de infla\u00e7\u00e3o americana fortaleceram alta do d\u00f3lar. Entenda mais sobre a cota\u00e7\u00e3o do d\u00f3lar","breadcrumb":{"@id":"https:\/\/www.suno.com.br\/noticias\/dolar-semana-tensa-alta-moeda-eua-mal\/#breadcrumb"},"inLanguage":"pt-BR","potentialAction":[{"@type":"ReadAction","target":["https:\/\/www.suno.com.br\/noticias\/dolar-semana-tensa-alta-moeda-eua-mal\/"]}]},{"@type":"ImageObject","inLanguage":"pt-BR","@id":"https:\/\/www.suno.com.br\/noticias\/dolar-semana-tensa-alta-moeda-eua-mal\/#primaryimage","url":"https:\/\/files.sunoresearch.com.br\/n\/uploads\/2023\/12\/dolar-cotacao.jpg","contentUrl":"https:\/\/files.sunoresearch.com.br\/n\/uploads\/2023\/12\/dolar-cotacao.jpg","width":1200,"height":800,"caption":"D\u00f3lar. Foto: iStock"},{"@type":"BreadcrumbList","@id":"https:\/\/www.suno.com.br\/noticias\/dolar-semana-tensa-alta-moeda-eua-mal\/#breadcrumb","itemListElement":[{"@type":"ListItem","position":1,"name":"Not\u00edcias","item":"https:\/\/www.suno.com.br\/noticias\/"},{"@type":"ListItem","position":2,"name":"Mercado","item":"https:\/\/www.suno.com.br\/noticias\/mercado\/"},{"@type":"ListItem","position":3,"name":"D\u00f3lar nas alturas: moeda tem alta semanal e chega a R$ 5,12. Veja o que aconteceu"}]},{"@type":"WebSite","@id":"https:\/\/www.suno.com.br\/noticias\/#website","url":"https:\/\/www.suno.com.br\/noticias\/","name":"Suno Not\u00edcias","description":"Seu portal de informa\u00e7\u00e3o sobre o mundo dos investimentos","publisher":{"@id":"https:\/\/www.suno.com.br\/noticias\/#organization"},"potentialAction":[{"@type":"SearchAction","target":{"@type":"EntryPoint","urlTemplate":"https:\/\/www.suno.com.br\/noticias\/?s={search_term_string}"},"query-input":{"@type":"PropertyValueSpecification","valueRequired":true,"valueName":"search_term_string"}}],"inLanguage":"pt-BR"},{"@type":"Organization","@id":"https:\/\/www.suno.com.br\/noticias\/#organization","name":"Suno Not\u00edcias","url":"https:\/\/www.suno.com.br\/noticias\/","logo":{"@type":"ImageObject","inLanguage":"pt-BR","@id":"https:\/\/www.suno.com.br\/noticias\/#\/schema\/logo\/image\/","url":"https:\/\/files.sunoresearch.com.br\/n\/uploads\/2021\/09\/suno-logo.png","contentUrl":"https:\/\/files.sunoresearch.com.br\/n\/uploads\/2021\/09\/suno-logo.png","width":180,"height":180,"caption":"Suno Not\u00edcias"},"image":{"@id":"https:\/\/www.suno.com.br\/noticias\/#\/schema\/logo\/image\/"},"sameAs":["https:\/\/facebook.com\/sunoresearch","https:\/\/x.com\/sunoresearch","https:\/\/www.instagram.com\/suno","https:\/\/www.linkedin.com\/company\/suno-research\/","https:\/\/www.youtube.com\/c\/sunoresearch"]},{"@type":"Person","@id":"https:\/\/www.suno.com.br\/noticias\/#\/schema\/person\/829bbe8d57f84333b966b96229c6bf5f","name":"Marco Ant\u00f4nio Lopes","image":{"@type":"ImageObject","inLanguage":"pt-BR","@id":"https:\/\/www.suno.com.br\/noticias\/#\/schema\/person\/image\/","url":"https:\/\/secure.gravatar.com\/avatar\/385167b012fbc1cde32c5446ee253313?s=96&r=g","contentUrl":"https:\/\/secure.gravatar.com\/avatar\/385167b012fbc1cde32c5446ee253313?s=96&r=g","caption":"Marco Ant\u00f4nio Lopes"},"description":"Jornalista, \u00e9 editor no Suno Not\u00edcias. Trabalhou nas revistas Playboy, Super, Veja Comer &amp; Beber, Homem Vogue e Universo Masculino, al\u00e9m dos portais Abril.com, R7, nas editorias de Home, Esportes, Hora 7, Entretenimento e Geral, e Eu Quero Investir. Autor do livro Bruce Lee: Definitivo (Editora Conrad). Colaborou nas revistas Nova, Veja SP, Grandes Guerras, Placar, Bizz, Casa Claudia e Quatro Rodas.","url":"https:\/\/www.suno.com.br\/noticias\/author\/marco-lopes\/"}]}},"default_loop_html":"<div class=\"cardsPage__listCard__boxs\"><div class=\"cardsPage__listCard__boxs__img\"><a href=\"https:\/\/www.suno.com.br\/noticias\/dolar-semana-tensa-alta-moeda-eua-mal\/\"><img class=\"mask\" src=\"https:\/\/www.suno.com.br\/noticias\/wp-content\/themes\/suno\/resources\/images\/spotlight\/spotlight1img\/bg-mask.png\" alt=\"Image Mask\"\/><img src=\"https:\/\/files.sunoresearch.com.br\/n\/uploads\/2023\/12\/dolar-cotacao-400x200.jpg\" alt=\"D\u00f3lar nas alturas: moeda tem alta semanal e chega a R$ 5,12. Veja o que aconteceu\"\/><\/a><span class=\"spotlightCategory\"><a href=\"https:\/\/www.suno.com.br\/noticias\/mercado\/\">Mercado<\/a><\/span><\/div><div class=\"cardsPage__listCard__boxs__content\"><a href=\"https:\/\/www.suno.com.br\/noticias\/dolar-semana-tensa-alta-moeda-eua-mal\/\"><h2 class=\"content__title\">D\u00f3lar nas alturas: moeda tem alta semanal e chega a R$ 5,12. Veja o que aconteceu<\/h2><\/a><div class=\"newsContent__article__meta\"><div class=\"newsContent__article__meta__authorBox\"><a href=\"https:\/\/www.suno.com.br\/noticias\/author\/eduardo-vargas\/\" class=\"authorBox__avatar noMobi\"><img src=\"https:\/\/secure.gravatar.com\/avatar\/dac340933427a22924c9f99d1eb2e3f2?s=96&#038;r=g\" alt=\"Eduardo Vargas\"><\/a><div class=\"authorBox__name\"><span>por\n\t\t\t<a href=\"https:\/\/www.suno.com.br\/noticias\/author\/eduardo-vargas\/\"><span itemprop=\"author\">Eduardo Vargas<\/span><\/a><\/span><time datetime=\"2024-04-13T11:28:41-03:00\" itemprop=\"datePublished\">13\/04\/2024 11:28<\/time><\/div><\/div><\/div><\/div><\/div>","single_layout":"posts","amp_enabled":true,"_links":{"self":[{"href":"https:\/\/www.suno.com.br\/noticias\/wp-json\/wp\/v2\/posts\/543765"}],"collection":[{"href":"https:\/\/www.suno.com.br\/noticias\/wp-json\/wp\/v2\/posts"}],"about":[{"href":"https:\/\/www.suno.com.br\/noticias\/wp-json\/wp\/v2\/types\/post"}],"author":[{"embeddable":true,"href":"https:\/\/www.suno.com.br\/noticias\/wp-json\/wp\/v2\/users\/98"}],"replies":[{"embeddable":true,"href":"https:\/\/www.suno.com.br\/noticias\/wp-json\/wp\/v2\/comments?post=543765"}],"version-history":[{"count":2,"href":"https:\/\/www.suno.com.br\/noticias\/wp-json\/wp\/v2\/posts\/543765\/revisions"}],"predecessor-version":[{"id":543826,"href":"https:\/\/www.suno.com.br\/noticias\/wp-json\/wp\/v2\/posts\/543765\/revisions\/543826"}],"wp:featuredmedia":[{"embeddable":true,"href":"https:\/\/www.suno.com.br\/noticias\/wp-json\/wp\/v2\/media\/495020"}],"wp:attachment":[{"href":"https:\/\/www.suno.com.br\/noticias\/wp-json\/wp\/v2\/media?parent=543765"}],"wp:term":[{"taxonomy":"category","embeddable":true,"href":"https:\/\/www.suno.com.br\/noticias\/wp-json\/wp\/v2\/categories?post=543765"},{"taxonomy":"post_tag","embeddable":true,"href":"https:\/\/www.suno.com.br\/noticias\/wp-json\/wp\/v2\/tags?post=543765"},{"taxonomy":"suno_strategy","embeddable":true,"href":"https:\/\/www.suno.com.br\/noticias\/wp-json\/wp\/v2\/suno_strategy?post=543765"}],"curies":[{"name":"wp","href":"https:\/\/api.w.org\/{rel}","templated":true}]}}