{"id":543714,"date":"2024-04-12T20:57:10","date_gmt":"2024-04-12T23:57:10","guid":{"rendered":"https:\/\/www.suno.com.br\/noticias\/?p=543714"},"modified":"2024-04-12T21:41:56","modified_gmt":"2024-04-13T00:41:56","slug":"eztec-eztc3-vendas-previa-operacional-1t24-jvj","status":"publish","type":"post","link":"https:\/\/www.suno.com.br\/noticias\/eztec-eztc3-vendas-previa-operacional-1t24-jvj\/","title":{"rendered":"Eztec (EZTC3): vendas caem 19,6%, para quase R$ 300 milh\u00f5es, em pr\u00e9via do balan\u00e7o do 1T24"},"content":{"rendered":"<p>A <a class=\"suno-keyword\" data-force=\"yes\" data-priority=\"2\" href=\"https:\/\/www.suno.com.br\/acoes\/EZTC3\/\" target=\"_blank\" rel=\"noopener\"><strong>Eztec<\/strong> (EZTC3)<\/a> registrou vendas l\u00edquidas de R$ 299,6 no primeiro trimestre de 2024 (1T24), conforme nova pr\u00e9via operacional divulgada pela companhia.<\/p>\t<div class=\"wrapper-featured-image\">\n\t\t<figure class=\"spotlightImg\">\n\n\t\t\t<picture>\n\t\t\t\t<source media=\"(max-width: 768px)\" srcset=\"https:\/\/files.sunoresearch.com.br\/n\/uploads\/2021\/04\/593d73ae-cidade-maia-eztec-400x200.webp\">\n\t\t\t\t<img loading=\"lazy\" decoding=\"async\" class=\"newsContent__article__imgCapa lazyloadDisabled \" src=\"https:\/\/files.sunoresearch.com.br\/n\/uploads\/2021\/04\/593d73ae-cidade-maia-eztec-800x450.webp\" width=\"800\" height=\"450\" alt=\"Eztec (EZTC3): vendas caem 19,6%, para quase R$ 300 milh\u00f5es, em pr\u00e9via do balan\u00e7o do 1T24\" fetchpriority=high \/>\n\t\t\t<\/picture>\n\n\t\t\t<figcaption class=\"wp-caption-text wp-caption-text--show\">Eztec (EZTC3). Foto: Divulga\u00e7\u00e3o<\/figcaption>\n\t\t<\/figure>\n\t<\/div>\n\n\n\n\n\n\t<p>\n\t\t<a href=\"https:\/\/lp.suno.com.br\/ebook-como-analisar-uma-acao\/\" target=\"_blank\" data-element=\"shortcode-suno-banner\" title=\"Banner SUNO, clique e saiba mais\">\n\t\t\t<picture>\n\t\t\t\t<source media=\"(max-width: 500px)\" srcset=\"https:\/\/files.sunoresearch.com.br\/n\/uploads\/2023\/12\/Ebook-Acoes-Mobile.jpg\">\n\t\t\t\t<img class=\"newsContent__article__imgCapa newsContent__article__imgCapa--banner\"\n\t\t\t\t\tsrc=\"https:\/\/files.sunoresearch.com.br\/n\/uploads\/2023\/12\/Ebook-Acoes-Desktop.webp\"\n\t\t\t\t\tdata-promo-id=\"311260\"\t\t\t\t\t\t\t\t\t\twidth='1420' height='286'\t\t\t\t\talt=\"https:\/\/files.sunoresearch.com.br\/n\/uploads\/2023\/12\/Ebook-Acoes-Desktop.webp\"\n\t\t\t\t>\n\t\t\t<\/picture>\n\t\t<\/a>\n\t<\/p>\n\n\n\n\n\n<p>Em termos l\u00edquidos, as <strong>vendas da Eztec<\/strong> registraram baixa de 19,6% na compara\u00e7\u00e3o com o primeiro trimestre de 2023 (1T23). J\u00e1 em rela\u00e7\u00e3o ao 4T23, o n\u00famero atual mostra um crescimento de 45,5%.<\/p>\n\n\n\n<p>As vendas brutas somaram R$ 330,3 milh\u00f5es no 1T24, com recuo anual de 20,2% A m\u00e9dia de pre\u00e7o das unidades vendidas pela Eztec chegou em R$ 615,1 mil, com aumento de 9,2% em rela\u00e7\u00e3o ao 1T23.<\/p>\n\n\n\n<p>A empresa realizou o lan\u00e7amento de 3 empreendimentos durante o primeiro trimestre deste ano, totalizando um Valor Geral de Vendas (VGV) de R$ 457,5 milh\u00f5es.<\/p>\n\n\n\t<div data-element=\"shortcode-read-more\" class=\"knowMore\">\n\t\t\t\t<span class=\"knowMore__title\">Leia mais<\/span>\n\t\t\t\t<a class=\"knowMore__link\" href=\"https:\/\/www.suno.com.br\/noticias\/petrobras-petr4-interino-conselho-administracao-mm\/\">\n\t\t\tPetrobras (PETR4): representante quer eleger presidente interino do conselho em reuni\u00e3o emergencial\t\t<\/a>\n\t<\/div>\n\n\n\n\n<p>Dentre os primeiros <strong>lan\u00e7amentos da Eztec <\/strong>em 2024, est\u00e3o inclu\u00eddas as 2 primeiras incorpora\u00e7\u00f5es do complexo Mooca Citt\u00e0. Esses dois somaram um VGV total de R$ 214,5 milh\u00f5es, sendo um projeto realizado em parceria com a Aguassanta DI. J\u00e1 o complexo conta com mais de 5 incorpora\u00e7\u00f5es que ainda devem ser lan\u00e7adas posteriormente.<\/p>\n\n\n\n<p>A Eztec lan\u00e7ou a 1\u00aa torre do Lindenberg Vista Brooklin no encerramento do trimestre, contando com um Volume Geral de Vendas de R$ 243 milh\u00f5es, outro projeto feito a partir de uma parceria com a Construtora Adolpho Lindenberg.<\/p>\n\n\n\n<h2 class=\"wp-block-heading\"><a><\/a>Outros destaques da pr\u00e9via operacional da Eztec<\/h2>\n\n\n\n<p>A VSO l\u00edquida foi elevada em 2 pontos percentuais (2 p.p.), diante do crescimento das vendas l\u00edquidas e brutas, conforme destaca a <strong>pr\u00e9via operacional da Eztec<\/strong>.<\/p>\n\n\n\n<p>As vendas de lan\u00e7amentos tiveram crescimento de 69% em rela\u00e7\u00e3o ao primeiro trimestre de 2023 (1T23). J\u00e1 em compara\u00e7\u00e3o com o 4T23, o avan\u00e7o foi de 320%. Os distratos, por sua vez, tiveram recuo trimestral de 37% e baixa anual de 26%.<\/p>\n\n\n\n<p>Ao final do primeiro trimestre de 2024, o estoque registrado foi de R$ 3 bilh\u00f5es. Desse montante, cerca de 58% se referem a projetos em obras. O crescimento do estoque de lan\u00e7amentos \u00e9 atribu\u00eddo ao retorno \u201cdo apetite da companhia por realizar lan\u00e7amentos\u201d, aponta o relat\u00f3rio.<\/p>\n\n\n\n<p>A<strong> Eztec<\/strong> ainda acrescenta: \u201cComo alguns projetos ultrapassaram a cl\u00e1usula suspensiva, a companhia aumentou o volume de estoque em obras\u201d.<\/p>\n\n\n\t<p>\n\t\t<a href=\"https:\/\/lp.suno.com.br\/ebook-como-analisar-uma-acao\/\" target=\"_blank\" data-element=\"shortcode-suno-banner\" title=\"Banner SUNO, clique e saiba mais\">\n\t\t\t<picture>\n\t\t\t\t<source media=\"(max-width: 500px)\" srcset=\"https:\/\/files.sunoresearch.com.br\/n\/uploads\/2023\/12\/Ebook-Acoes-Mobile.jpg\">\n\t\t\t\t<img class=\"newsContent__article__imgCapa newsContent__article__imgCapa--banner\"\n\t\t\t\t\tsrc=\"https:\/\/files.sunoresearch.com.br\/n\/uploads\/2023\/12\/Ebook-Acoes-Desktop.webp\"\n\t\t\t\t\tdata-promo-id=\"311260\"\t\t\t\t\t\t\t\t\t\twidth='1420' height='286'\t\t\t\t\talt=\"https:\/\/files.sunoresearch.com.br\/n\/uploads\/2023\/12\/Ebook-Acoes-Desktop.webp\"\n\t\t\t\t>\n\t\t\t<\/picture>\n\t\t<\/a>\n\t<\/p>\n\n\n","protected":false},"excerpt":{"rendered":"<p>A Eztec (EZTC3) registrou vendas l\u00edquidas de R$ 299,6 no primeiro trimestre de 2024 (1T24), conforme nova pr\u00e9via operacional divulgada pela companhia. Eztec (EZTC3). Foto: Divulga\u00e7\u00e3o Em termos l\u00edquidos, as vendas da Eztec registraram baixa de 19,6% na compara\u00e7\u00e3o com o primeiro trimestre de 2023 (1T23). J\u00e1 em rela\u00e7\u00e3o ao 4T23, o n\u00famero atual mostra [&hellip;]<\/p>\n","protected":false},"author":173,"featured_media":138096,"comment_status":"closed","ping_status":"closed","sticky":false,"template":"","format":"standard","meta":[],"categories":[64],"tags":[473],"suno_strategy":[],"class_list":["post-543714","post","type-post","status-publish","format-standard","has-post-thumbnail","hentry","category-negocios","tag-eztec-eztc3"],"yoast_head":"<!-- This site is optimized with the Yoast SEO plugin v24.4 - https:\/\/yoast.com\/wordpress\/plugins\/seo\/ -->\n<title>Eztec (EZTC3): vendas l\u00edquidas caem 19,6%; veja o valor<\/title>\n<meta name=\"description\" content=\"As vendas l\u00edquidas da Eztec (EZTC3) ca\u00edram 19,6%. Veja o valor e outros destaques da nova pr\u00e9via operacional da Eztec.\" \/>\n<meta name=\"robots\" content=\"index, follow, max-snippet:-1, max-image-preview:large, max-video-preview:-1\" \/>\n<link rel=\"canonical\" href=\"https:\/\/www.suno.com.br\/noticias\/eztec-eztc3-vendas-previa-operacional-1t24-jvj\/\" \/>\n<meta property=\"og:locale\" content=\"pt_BR\" \/>\n<meta property=\"og:type\" content=\"article\" \/>\n<meta property=\"og:title\" content=\"Eztec (EZTC3): vendas l\u00edquidas caem 19,6%; veja o valor\" \/>\n<meta property=\"og:description\" content=\"As vendas l\u00edquidas da Eztec (EZTC3) ca\u00edram 19,6%. Veja o valor e outros destaques da nova pr\u00e9via operacional da Eztec.\" \/>\n<meta property=\"og:url\" content=\"https:\/\/www.suno.com.br\/noticias\/eztec-eztc3-vendas-previa-operacional-1t24-jvj\/\" \/>\n<meta property=\"og:site_name\" content=\"Suno Not\u00edcias\" \/>\n<meta property=\"article:publisher\" content=\"https:\/\/facebook.com\/sunoresearch\" \/>\n<meta property=\"og:image\" content=\"https:\/\/files.sunoresearch.com.br\/n\/uploads\/2021\/04\/593d73ae-cidade-maia-eztec.jpg\" \/>\n\t<meta property=\"og:image:width\" content=\"1200\" \/>\n\t<meta property=\"og:image:height\" content=\"800\" \/>\n\t<meta property=\"og:image:type\" content=\"image\/jpeg\" \/>\n<meta name=\"author\" content=\"Jo\u00e3o Vitor\" \/>\n<meta name=\"twitter:card\" content=\"summary_large_image\" \/>\n<meta name=\"twitter:creator\" content=\"@sunoresearch\" \/>\n<meta name=\"twitter:site\" content=\"@sunoresearch\" \/>\n<meta name=\"twitter:label1\" content=\"Escrito por\" \/>\n\t<meta name=\"twitter:data1\" content=\"Jo\u00e3o Vitor\" \/>\n\t<meta name=\"twitter:label2\" content=\"Est. tempo de leitura\" \/>\n\t<meta name=\"twitter:data2\" content=\"2 minutos\" \/>\n<script type=\"application\/ld+json\" class=\"yoast-schema-graph\">{\"@context\":\"https:\/\/schema.org\",\"@graph\":[{\"@type\":\"NewsArticle\",\"@id\":\"https:\/\/www.suno.com.br\/noticias\/eztec-eztc3-vendas-previa-operacional-1t24-jvj\/#article\",\"isPartOf\":{\"@id\":\"https:\/\/www.suno.com.br\/noticias\/eztec-eztc3-vendas-previa-operacional-1t24-jvj\/\"},\"author\":{\"name\":\"Jo\u00e3o Vitor\",\"@id\":\"https:\/\/www.suno.com.br\/noticias\/#\/schema\/person\/87fc6973867c52dd884811905c43afba\"},\"headline\":\"Eztec (EZTC3): vendas caem 19,6%, para quase R$ 300 milh\u00f5es, em pr\u00e9via do balan\u00e7o do 1T24\",\"datePublished\":\"2024-04-12T23:57:10+00:00\",\"dateModified\":\"2024-04-13T00:41:56+00:00\",\"mainEntityOfPage\":{\"@id\":\"https:\/\/www.suno.com.br\/noticias\/eztec-eztc3-vendas-previa-operacional-1t24-jvj\/\"},\"wordCount\":379,\"publisher\":{\"@id\":\"https:\/\/www.suno.com.br\/noticias\/#organization\"},\"image\":{\"@id\":\"https:\/\/www.suno.com.br\/noticias\/eztec-eztc3-vendas-previa-operacional-1t24-jvj\/#primaryimage\"},\"thumbnailUrl\":\"https:\/\/files.sunoresearch.com.br\/n\/uploads\/2021\/04\/593d73ae-cidade-maia-eztec-jpg.webp\",\"keywords\":[\"Eztec (EZTC3)\"],\"articleSection\":[\"Neg\u00f3cios\"],\"inLanguage\":\"pt-BR\"},{\"@type\":\"WebPage\",\"@id\":\"https:\/\/www.suno.com.br\/noticias\/eztec-eztc3-vendas-previa-operacional-1t24-jvj\/\",\"url\":\"https:\/\/www.suno.com.br\/noticias\/eztec-eztc3-vendas-previa-operacional-1t24-jvj\/\",\"name\":\"Eztec (EZTC3): vendas l\u00edquidas caem 19,6%; veja o valor\",\"isPartOf\":{\"@id\":\"https:\/\/www.suno.com.br\/noticias\/#website\"},\"primaryImageOfPage\":{\"@id\":\"https:\/\/www.suno.com.br\/noticias\/eztec-eztc3-vendas-previa-operacional-1t24-jvj\/#primaryimage\"},\"image\":{\"@id\":\"https:\/\/www.suno.com.br\/noticias\/eztec-eztc3-vendas-previa-operacional-1t24-jvj\/#primaryimage\"},\"thumbnailUrl\":\"https:\/\/files.sunoresearch.com.br\/n\/uploads\/2021\/04\/593d73ae-cidade-maia-eztec-jpg.webp\",\"datePublished\":\"2024-04-12T23:57:10+00:00\",\"dateModified\":\"2024-04-13T00:41:56+00:00\",\"description\":\"As vendas l\u00edquidas da Eztec (EZTC3) ca\u00edram 19,6%. Veja o valor e outros destaques da nova pr\u00e9via operacional da Eztec.\",\"breadcrumb\":{\"@id\":\"https:\/\/www.suno.com.br\/noticias\/eztec-eztc3-vendas-previa-operacional-1t24-jvj\/#breadcrumb\"},\"inLanguage\":\"pt-BR\",\"potentialAction\":[{\"@type\":\"ReadAction\",\"target\":[\"https:\/\/www.suno.com.br\/noticias\/eztec-eztc3-vendas-previa-operacional-1t24-jvj\/\"]}]},{\"@type\":\"ImageObject\",\"inLanguage\":\"pt-BR\",\"@id\":\"https:\/\/www.suno.com.br\/noticias\/eztec-eztc3-vendas-previa-operacional-1t24-jvj\/#primaryimage\",\"url\":\"https:\/\/files.sunoresearch.com.br\/n\/uploads\/2021\/04\/593d73ae-cidade-maia-eztec-jpg.webp\",\"contentUrl\":\"https:\/\/files.sunoresearch.com.br\/n\/uploads\/2021\/04\/593d73ae-cidade-maia-eztec-jpg.webp\",\"width\":1200,\"height\":800,\"caption\":\"Eztec (EZTC3). Foto: Divulga\u00e7\u00e3o\"},{\"@type\":\"BreadcrumbList\",\"@id\":\"https:\/\/www.suno.com.br\/noticias\/eztec-eztc3-vendas-previa-operacional-1t24-jvj\/#breadcrumb\",\"itemListElement\":[{\"@type\":\"ListItem\",\"position\":1,\"name\":\"Not\u00edcias\",\"item\":\"https:\/\/www.suno.com.br\/noticias\/\"},{\"@type\":\"ListItem\",\"position\":2,\"name\":\"Neg\u00f3cios\",\"item\":\"https:\/\/www.suno.com.br\/noticias\/negocios\/\"},{\"@type\":\"ListItem\",\"position\":3,\"name\":\"Eztec (EZTC3): vendas caem 19,6%, para quase R$ 300 milh\u00f5es, em pr\u00e9via do balan\u00e7o do 1T24\"}]},{\"@type\":\"WebSite\",\"@id\":\"https:\/\/www.suno.com.br\/noticias\/#website\",\"url\":\"https:\/\/www.suno.com.br\/noticias\/\",\"name\":\"Suno Not\u00edcias\",\"description\":\"Seu portal de informa\u00e7\u00e3o sobre o mundo dos investimentos\",\"publisher\":{\"@id\":\"https:\/\/www.suno.com.br\/noticias\/#organization\"},\"potentialAction\":[{\"@type\":\"SearchAction\",\"target\":{\"@type\":\"EntryPoint\",\"urlTemplate\":\"https:\/\/www.suno.com.br\/noticias\/?s={search_term_string}\"},\"query-input\":{\"@type\":\"PropertyValueSpecification\",\"valueRequired\":true,\"valueName\":\"search_term_string\"}}],\"inLanguage\":\"pt-BR\"},{\"@type\":\"Organization\",\"@id\":\"https:\/\/www.suno.com.br\/noticias\/#organization\",\"name\":\"Suno Not\u00edcias\",\"url\":\"https:\/\/www.suno.com.br\/noticias\/\",\"logo\":{\"@type\":\"ImageObject\",\"inLanguage\":\"pt-BR\",\"@id\":\"https:\/\/www.suno.com.br\/noticias\/#\/schema\/logo\/image\/\",\"url\":\"https:\/\/files.sunoresearch.com.br\/n\/uploads\/2021\/09\/suno-logo.png\",\"contentUrl\":\"https:\/\/files.sunoresearch.com.br\/n\/uploads\/2021\/09\/suno-logo.png\",\"width\":180,\"height\":180,\"caption\":\"Suno Not\u00edcias\"},\"image\":{\"@id\":\"https:\/\/www.suno.com.br\/noticias\/#\/schema\/logo\/image\/\"},\"sameAs\":[\"https:\/\/facebook.com\/sunoresearch\",\"https:\/\/x.com\/sunoresearch\",\"https:\/\/www.instagram.com\/suno\",\"https:\/\/www.linkedin.com\/company\/suno-research\/\",\"https:\/\/www.youtube.com\/c\/sunoresearch\"]},{\"@type\":\"Person\",\"@id\":\"https:\/\/www.suno.com.br\/noticias\/#\/schema\/person\/87fc6973867c52dd884811905c43afba\",\"name\":\"Jo\u00e3o Vitor\",\"image\":{\"@type\":\"ImageObject\",\"inLanguage\":\"pt-BR\",\"@id\":\"https:\/\/www.suno.com.br\/noticias\/#\/schema\/person\/image\/\",\"url\":\"https:\/\/secure.gravatar.com\/avatar\/2843227ca03ccf8cc7ccca45204c127e?s=96&r=g\",\"contentUrl\":\"https:\/\/secure.gravatar.com\/avatar\/2843227ca03ccf8cc7ccca45204c127e?s=96&r=g\",\"caption\":\"Jo\u00e3o Vitor\"},\"description\":\"Redator profissional, com atua\u00e7\u00e3o no mercado editorial na produ\u00e7\u00e3o de not\u00edcias e conte\u00fados sobre o mercado de a\u00e7\u00f5es, fundos imobili\u00e1rios e economia popular. Graduando em Engenharia Qu\u00edmica pela Unesp, tamb\u00e9m j\u00e1 atuou como consultor financeiro.\",\"url\":\"https:\/\/www.suno.com.br\/noticias\/author\/joao-vitor-jacintho\/\"}]}<\/script>\n<!-- \/ Yoast SEO plugin. -->","yoast_head_json":{"title":"Eztec (EZTC3): vendas l\u00edquidas caem 19,6%; veja o valor","description":"As vendas l\u00edquidas da Eztec (EZTC3) ca\u00edram 19,6%. Veja o valor e outros destaques da nova pr\u00e9via operacional da Eztec.","robots":{"index":"index","follow":"follow","max-snippet":"max-snippet:-1","max-image-preview":"max-image-preview:large","max-video-preview":"max-video-preview:-1"},"canonical":"https:\/\/www.suno.com.br\/noticias\/eztec-eztc3-vendas-previa-operacional-1t24-jvj\/","og_locale":"pt_BR","og_type":"article","og_title":"Eztec (EZTC3): vendas l\u00edquidas caem 19,6%; veja o valor","og_description":"As vendas l\u00edquidas da Eztec (EZTC3) ca\u00edram 19,6%. Veja o valor e outros destaques da nova pr\u00e9via operacional da Eztec.","og_url":"https:\/\/www.suno.com.br\/noticias\/eztec-eztc3-vendas-previa-operacional-1t24-jvj\/","og_site_name":"Suno Not\u00edcias","article_publisher":"https:\/\/facebook.com\/sunoresearch","og_image":[{"width":1200,"height":800,"url":"https:\/\/files.sunoresearch.com.br\/n\/uploads\/2021\/04\/593d73ae-cidade-maia-eztec.jpg","type":"image\/jpeg"}],"author":"Jo\u00e3o Vitor","twitter_card":"summary_large_image","twitter_creator":"@sunoresearch","twitter_site":"@sunoresearch","twitter_misc":{"Escrito por":"Jo\u00e3o Vitor","Est. tempo de leitura":"2 minutos"},"schema":{"@context":"https:\/\/schema.org","@graph":[{"@type":"NewsArticle","@id":"https:\/\/www.suno.com.br\/noticias\/eztec-eztc3-vendas-previa-operacional-1t24-jvj\/#article","isPartOf":{"@id":"https:\/\/www.suno.com.br\/noticias\/eztec-eztc3-vendas-previa-operacional-1t24-jvj\/"},"author":{"name":"Jo\u00e3o Vitor","@id":"https:\/\/www.suno.com.br\/noticias\/#\/schema\/person\/87fc6973867c52dd884811905c43afba"},"headline":"Eztec (EZTC3): vendas caem 19,6%, para quase R$ 300 milh\u00f5es, em pr\u00e9via do balan\u00e7o do 1T24","datePublished":"2024-04-12T23:57:10+00:00","dateModified":"2024-04-13T00:41:56+00:00","mainEntityOfPage":{"@id":"https:\/\/www.suno.com.br\/noticias\/eztec-eztc3-vendas-previa-operacional-1t24-jvj\/"},"wordCount":379,"publisher":{"@id":"https:\/\/www.suno.com.br\/noticias\/#organization"},"image":{"@id":"https:\/\/www.suno.com.br\/noticias\/eztec-eztc3-vendas-previa-operacional-1t24-jvj\/#primaryimage"},"thumbnailUrl":"https:\/\/files.sunoresearch.com.br\/n\/uploads\/2021\/04\/593d73ae-cidade-maia-eztec-jpg.webp","keywords":["Eztec (EZTC3)"],"articleSection":["Neg\u00f3cios"],"inLanguage":"pt-BR"},{"@type":"WebPage","@id":"https:\/\/www.suno.com.br\/noticias\/eztec-eztc3-vendas-previa-operacional-1t24-jvj\/","url":"https:\/\/www.suno.com.br\/noticias\/eztec-eztc3-vendas-previa-operacional-1t24-jvj\/","name":"Eztec (EZTC3): vendas l\u00edquidas caem 19,6%; veja o valor","isPartOf":{"@id":"https:\/\/www.suno.com.br\/noticias\/#website"},"primaryImageOfPage":{"@id":"https:\/\/www.suno.com.br\/noticias\/eztec-eztc3-vendas-previa-operacional-1t24-jvj\/#primaryimage"},"image":{"@id":"https:\/\/www.suno.com.br\/noticias\/eztec-eztc3-vendas-previa-operacional-1t24-jvj\/#primaryimage"},"thumbnailUrl":"https:\/\/files.sunoresearch.com.br\/n\/uploads\/2021\/04\/593d73ae-cidade-maia-eztec-jpg.webp","datePublished":"2024-04-12T23:57:10+00:00","dateModified":"2024-04-13T00:41:56+00:00","description":"As vendas l\u00edquidas da Eztec (EZTC3) ca\u00edram 19,6%. Veja o valor e outros destaques da nova pr\u00e9via operacional da Eztec.","breadcrumb":{"@id":"https:\/\/www.suno.com.br\/noticias\/eztec-eztc3-vendas-previa-operacional-1t24-jvj\/#breadcrumb"},"inLanguage":"pt-BR","potentialAction":[{"@type":"ReadAction","target":["https:\/\/www.suno.com.br\/noticias\/eztec-eztc3-vendas-previa-operacional-1t24-jvj\/"]}]},{"@type":"ImageObject","inLanguage":"pt-BR","@id":"https:\/\/www.suno.com.br\/noticias\/eztec-eztc3-vendas-previa-operacional-1t24-jvj\/#primaryimage","url":"https:\/\/files.sunoresearch.com.br\/n\/uploads\/2021\/04\/593d73ae-cidade-maia-eztec-jpg.webp","contentUrl":"https:\/\/files.sunoresearch.com.br\/n\/uploads\/2021\/04\/593d73ae-cidade-maia-eztec-jpg.webp","width":1200,"height":800,"caption":"Eztec (EZTC3). Foto: Divulga\u00e7\u00e3o"},{"@type":"BreadcrumbList","@id":"https:\/\/www.suno.com.br\/noticias\/eztec-eztc3-vendas-previa-operacional-1t24-jvj\/#breadcrumb","itemListElement":[{"@type":"ListItem","position":1,"name":"Not\u00edcias","item":"https:\/\/www.suno.com.br\/noticias\/"},{"@type":"ListItem","position":2,"name":"Neg\u00f3cios","item":"https:\/\/www.suno.com.br\/noticias\/negocios\/"},{"@type":"ListItem","position":3,"name":"Eztec (EZTC3): vendas caem 19,6%, para quase R$ 300 milh\u00f5es, em pr\u00e9via do balan\u00e7o do 1T24"}]},{"@type":"WebSite","@id":"https:\/\/www.suno.com.br\/noticias\/#website","url":"https:\/\/www.suno.com.br\/noticias\/","name":"Suno Not\u00edcias","description":"Seu portal de informa\u00e7\u00e3o sobre o mundo dos investimentos","publisher":{"@id":"https:\/\/www.suno.com.br\/noticias\/#organization"},"potentialAction":[{"@type":"SearchAction","target":{"@type":"EntryPoint","urlTemplate":"https:\/\/www.suno.com.br\/noticias\/?s={search_term_string}"},"query-input":{"@type":"PropertyValueSpecification","valueRequired":true,"valueName":"search_term_string"}}],"inLanguage":"pt-BR"},{"@type":"Organization","@id":"https:\/\/www.suno.com.br\/noticias\/#organization","name":"Suno Not\u00edcias","url":"https:\/\/www.suno.com.br\/noticias\/","logo":{"@type":"ImageObject","inLanguage":"pt-BR","@id":"https:\/\/www.suno.com.br\/noticias\/#\/schema\/logo\/image\/","url":"https:\/\/files.sunoresearch.com.br\/n\/uploads\/2021\/09\/suno-logo.png","contentUrl":"https:\/\/files.sunoresearch.com.br\/n\/uploads\/2021\/09\/suno-logo.png","width":180,"height":180,"caption":"Suno Not\u00edcias"},"image":{"@id":"https:\/\/www.suno.com.br\/noticias\/#\/schema\/logo\/image\/"},"sameAs":["https:\/\/facebook.com\/sunoresearch","https:\/\/x.com\/sunoresearch","https:\/\/www.instagram.com\/suno","https:\/\/www.linkedin.com\/company\/suno-research\/","https:\/\/www.youtube.com\/c\/sunoresearch"]},{"@type":"Person","@id":"https:\/\/www.suno.com.br\/noticias\/#\/schema\/person\/87fc6973867c52dd884811905c43afba","name":"Jo\u00e3o Vitor","image":{"@type":"ImageObject","inLanguage":"pt-BR","@id":"https:\/\/www.suno.com.br\/noticias\/#\/schema\/person\/image\/","url":"https:\/\/secure.gravatar.com\/avatar\/2843227ca03ccf8cc7ccca45204c127e?s=96&r=g","contentUrl":"https:\/\/secure.gravatar.com\/avatar\/2843227ca03ccf8cc7ccca45204c127e?s=96&r=g","caption":"Jo\u00e3o Vitor"},"description":"Redator profissional, com atua\u00e7\u00e3o no mercado editorial na produ\u00e7\u00e3o de not\u00edcias e conte\u00fados sobre o mercado de a\u00e7\u00f5es, fundos imobili\u00e1rios e economia popular. Graduando em Engenharia Qu\u00edmica pela Unesp, tamb\u00e9m j\u00e1 atuou como consultor financeiro.","url":"https:\/\/www.suno.com.br\/noticias\/author\/joao-vitor-jacintho\/"}]}},"default_loop_html":"<div class=\"cardsPage__listCard__boxs\"><div class=\"cardsPage__listCard__boxs__img\"><a href=\"https:\/\/www.suno.com.br\/noticias\/eztec-eztc3-vendas-previa-operacional-1t24-jvj\/\"><img class=\"mask\" src=\"https:\/\/www.suno.com.br\/noticias\/wp-content\/themes\/suno\/resources\/images\/spotlight\/spotlight1img\/bg-mask.png\" alt=\"Image Mask\"\/><img src=\"https:\/\/files.sunoresearch.com.br\/n\/uploads\/2021\/04\/593d73ae-cidade-maia-eztec-400x200.webp\" alt=\"Eztec (EZTC3): vendas caem 19,6%, para quase R$ 300 milh\u00f5es, em pr\u00e9via do balan\u00e7o do 1T24\"\/><\/a><span class=\"spotlightCategory\"><a href=\"https:\/\/www.suno.com.br\/noticias\/negocios\/\">Neg\u00f3cios<\/a><\/span><\/div><div class=\"cardsPage__listCard__boxs__content\"><a href=\"https:\/\/www.suno.com.br\/noticias\/eztec-eztc3-vendas-previa-operacional-1t24-jvj\/\"><h2 class=\"content__title\">Eztec (EZTC3): vendas caem 19,6%, para quase R$ 300 milh\u00f5es, em pr\u00e9via do balan\u00e7o do 1T24<\/h2><\/a><div class=\"newsContent__article__meta\"><div class=\"newsContent__article__meta__authorBox\"><a href=\"https:\/\/www.suno.com.br\/noticias\/author\/joao-vitor-jacintho\/\" class=\"authorBox__avatar noMobi\"><img src=\"https:\/\/secure.gravatar.com\/avatar\/2843227ca03ccf8cc7ccca45204c127e?s=96&#038;r=g\" alt=\"Jo\u00e3o Vitor Jacintho\"><\/a><div class=\"authorBox__name\"><span>por\n\t\t\t<a href=\"https:\/\/www.suno.com.br\/noticias\/author\/joao-vitor-jacintho\/\"><span itemprop=\"author\">Jo\u00e3o Vitor Jacintho<\/span><\/a><\/span><time datetime=\"2024-04-12T20:57:10-03:00\" itemprop=\"datePublished\">12\/04\/2024 20:57<\/time><\/div><\/div><\/div><\/div><\/div>","single_layout":"posts","amp_enabled":true,"_links":{"self":[{"href":"https:\/\/www.suno.com.br\/noticias\/wp-json\/wp\/v2\/posts\/543714"}],"collection":[{"href":"https:\/\/www.suno.com.br\/noticias\/wp-json\/wp\/v2\/posts"}],"about":[{"href":"https:\/\/www.suno.com.br\/noticias\/wp-json\/wp\/v2\/types\/post"}],"author":[{"embeddable":true,"href":"https:\/\/www.suno.com.br\/noticias\/wp-json\/wp\/v2\/users\/173"}],"replies":[{"embeddable":true,"href":"https:\/\/www.suno.com.br\/noticias\/wp-json\/wp\/v2\/comments?post=543714"}],"version-history":[{"count":3,"href":"https:\/\/www.suno.com.br\/noticias\/wp-json\/wp\/v2\/posts\/543714\/revisions"}],"predecessor-version":[{"id":543734,"href":"https:\/\/www.suno.com.br\/noticias\/wp-json\/wp\/v2\/posts\/543714\/revisions\/543734"}],"wp:featuredmedia":[{"embeddable":true,"href":"https:\/\/www.suno.com.br\/noticias\/wp-json\/wp\/v2\/media\/138096"}],"wp:attachment":[{"href":"https:\/\/www.suno.com.br\/noticias\/wp-json\/wp\/v2\/media?parent=543714"}],"wp:term":[{"taxonomy":"category","embeddable":true,"href":"https:\/\/www.suno.com.br\/noticias\/wp-json\/wp\/v2\/categories?post=543714"},{"taxonomy":"post_tag","embeddable":true,"href":"https:\/\/www.suno.com.br\/noticias\/wp-json\/wp\/v2\/tags?post=543714"},{"taxonomy":"suno_strategy","embeddable":true,"href":"https:\/\/www.suno.com.br\/noticias\/wp-json\/wp\/v2\/suno_strategy?post=543714"}],"curies":[{"name":"wp","href":"https:\/\/api.w.org\/{rel}","templated":true}]}}