{"id":543037,"date":"2024-04-11T10:47:49","date_gmt":"2024-04-11T13:47:49","guid":{"rendered":"https:\/\/www.suno.com.br\/noticias\/?p=543037"},"modified":"2024-04-11T10:47:56","modified_gmt":"2024-04-11T13:47:56","slug":"dolar-anda-re-dados-eua-zona-euro-cpf","status":"publish","type":"post","link":"https:\/\/www.suno.com.br\/noticias\/dolar-anda-re-dados-eua-zona-euro-cpf\/","title":{"rendered":"D\u00f3lar anda de r\u00e9 com dados dos EUA e potenciais cortes na Zona do Euro"},"content":{"rendered":"<p>O <strong>d\u00f3lar <\/strong>\u00e0 vista passou a cair na pr\u00e9-abertura do mercado de c\u00e2mbio desta quinta-feira (11), ap\u00f3s os dados norte-americanos divulgados h\u00e1 pouco, enquanto a sinaliza\u00e7\u00e3o de potencial corte nos juros da <a class=\"suno-keyword\" data-force=\"no\" data-priority=\"1\" href=\"https:\/\/www.suno.com.br\/artigos\/zona-do-euro\/\" target=\"_blank\" rel=\"noopener\">zona do euro<\/a> dada pelo <a class=\"suno-keyword\" data-force=\"no\" data-priority=\"1\" href=\"https:\/\/www.suno.com.br\/artigos\/bce\/\" target=\"_blank\" rel=\"noopener\">Banco Central Europeu (BCE)<\/a> pesou contra o euro e a libra mais cedo.<\/p>\t<div class=\"wrapper-featured-image\">\n\t\t<figure class=\"spotlightImg\">\n\n\t\t\t<picture>\n\t\t\t\t<source media=\"(max-width: 768px)\" srcset=\"https:\/\/files.sunoresearch.com.br\/n\/uploads\/2023\/05\/dinheiro-dolar-euro-cambio-400x200.jpg\">\n\t\t\t\t<img loading=\"lazy\" decoding=\"async\" class=\"newsContent__article__imgCapa lazyloadDisabled \" src=\"https:\/\/files.sunoresearch.com.br\/n\/uploads\/2023\/05\/dinheiro-dolar-euro-cambio-800x450.jpg\" width=\"800\" height=\"450\" alt=\"D\u00f3lar anda de r\u00e9 com dados dos EUA e potenciais cortes na Zona do Euro\" fetchpriority=high \/>\n\t\t\t<\/picture>\n\n\t\t\t<figcaption class=\"wp-caption-text wp-caption-text--show\">Apollo restringe saques em fundo de cr\u00e9dito privado ap\u00f3s forte demanda por resgates. - Foto: iStock<\/figcaption>\n\t\t<\/figure>\n\t<\/div>\n\n\n\n\n\n\n\n\t<p>\n\t\t<a href=\"https:\/\/lp.suno.com.br\/ebook-como-analisar-uma-acao\/\" target=\"_blank\" data-element=\"shortcode-suno-banner\" title=\"Banner SUNO, clique e saiba mais\">\n\t\t\t<picture>\n\t\t\t\t<source media=\"(max-width: 500px)\" srcset=\"https:\/\/files.sunoresearch.com.br\/n\/uploads\/2023\/03\/Ebook-Acoes-Mobile.jpg\">\n\t\t\t\t<img class=\"newsContent__article__imgCapa newsContent__article__imgCapa--banner\"\n\t\t\t\t\tsrc=\"https:\/\/files.sunoresearch.com.br\/n\/uploads\/2023\/03\/Ebook-Acoes-Desktop.jpg\"\n\t\t\t\t\tdata-promo-id=\"378302\"\t\t\t\t\t\t\t\t\t\twidth='1420' height='286'\t\t\t\t\talt=\"https:\/\/files.sunoresearch.com.br\/n\/uploads\/2023\/03\/Ebook-Acoes-Desktop.jpg\"\n\t\t\t\t>\n\t\t\t<\/picture>\n\t\t<\/a>\n\t<\/p>\n\n\n\n\n\n<p>A princ\u00edpio, o <strong>d\u00f3lar americano <\/strong>subiu refletindo o avan\u00e7o da <a class=\"suno-keyword\" data-force=\"no\" data-priority=\"1\" href=\"https:\/\/www.suno.com.br\/artigos\/curva-de-juros\/\" target=\"_blank\" rel=\"noopener\">curva de juros<\/a> futuros, diante da alta de 1% das vendas no varejo no pa\u00eds em fevereiro ante janeiro, com ajuste, surpreendentemente bem acima do teto das proje\u00e7\u00f5es do mercado (+0,3%).<\/p>\n\n\n\n<h2 class=\"wp-block-heading\">PPI, CPI e BCE: Dados internacionais<\/h2>\n\n\n\n<p>Nos <strong>Estados Unidos<\/strong>, o \u00edndice de pre\u00e7os ao produtor (PPI, na sigla em ingl\u00eas) subiu 0,2% em mar\u00e7o ante fevereiro, levemente abaixo da previs\u00e3o (+0,3%), enquanto o n\u00facleo avan\u00e7ou 0,2% em mar\u00e7o ante fevereiro, como previsto, o que ajuda a aliviar a corre\u00e7\u00e3o nos juros e determina a invers\u00e3o de sinal do d\u00f3lar, de leve alta para queda, h\u00e1 pouco. <\/p>\n\n\n\n<p>Os pedidos de aux\u00edlio-desemprego americano ca\u00edram 11 mil na semana, a 211 mil, contra previs\u00e3o de 218 mil.<\/p>\n\n\n\n<p>No in\u00edcio dos neg\u00f3cios, o d\u00f3lar (<strong>USD<\/strong>) tamb\u00e9m foi afetado para cima pela valoriza\u00e7\u00e3o dos juros longos dos Treasuries, cujas taxas de curto e m\u00e9dio prazo perderam for\u00e7a ap\u00f3s os dados dos EUA, mas a longa ainda subia.<\/p>\n\n\n\n<p>Ontem, o forte indicador de pre\u00e7os ao consumidor (CPI, na sigla em ingl\u00eas) e a <strong>ata do Federal Reserve <\/strong>(Fed, o banco central norte-americano) provocaram revis\u00f5es, de junho pra setembro, na chance de in\u00edcio de corte de juros no pa\u00eds e tamb\u00e9m apontando no m\u00e1ximo mais dois cortes neste ano, num ciclo total de 50 pontos-base.<\/p>\n\n\n\n<p>Os investidores olham ainda a decis\u00e3o do <strong>Banco Central Europeu <\/strong>de manter a taxa de dep\u00f3sito em 4% e a taxa de refinanciamento, em 4,5%. Agora, as expectativas est\u00e3o sobre a entrevista da presidente do BCE, <a class=\"suno-keyword\" data-force=\"no\" data-priority=\"2\" href=\"https:\/\/www.suno.com.br\/tudo-sobre\/christine-lagarde\/\" target=\"_blank\" rel=\"noopener\">Christine Lagarde<\/a>, para comentar a decis\u00e3o monet\u00e1ria.<\/p>\n\n\n\t<p>\n\t\t<a href=\"https:\/\/lp.suno.com.br\/ebook-gratuito-investindo-no-exterior\/\" target=\"_blank\" data-element=\"shortcode-suno-banner\" title=\"Banner SUNO, clique e saiba mais\">\n\t\t\t<picture>\n\t\t\t\t<source media=\"(max-width: 500px)\" srcset=\"https:\/\/files.sunoresearch.com.br\/n\/uploads\/2023\/03\/400x300-Investindo-no-exterior.png\">\n\t\t\t\t<img class=\"newsContent__article__imgCapa newsContent__article__imgCapa--banner\"\n\t\t\t\t\tsrc=\"https:\/\/files.sunoresearch.com.br\/n\/uploads\/2023\/03\/1420x240-Investindo-no-exterior.png\"\n\t\t\t\t\tdata-promo-id=\"383161\"\t\t\t\t\t\t\t\t\t\twidth='1420' height='240'\t\t\t\t\talt=\"https:\/\/files.sunoresearch.com.br\/n\/uploads\/2023\/03\/1420x240-Investindo-no-exterior.png\"\n\t\t\t\t>\n\t\t\t<\/picture>\n\t\t<\/a>\n\t<\/p>\n\n\n\n\n\n<h2 class=\"wp-block-heading\">Dados de varejo no Brasil<\/h2>\n\n\n\n<p>Em rela\u00e7\u00e3o aos dados de varejo locais, as vendas do varejo restrito acumularam crescimento de 6,1% no ano, que tem como base de compara\u00e7\u00e3o o mesmo per\u00edodo do ano anterior. Em 12 meses, houve alta de 2,3%. <\/p>\n\n\n\n<p>Quanto ao varejo ampliado &#8211; que inclui as atividades de material de constru\u00e7\u00e3o, ve\u00edculos e atacado aliment\u00edcio -, as vendas subiram 1,2% em fevereiro ante janeiro, na s\u00e9rie com ajuste sazonal. <\/p>\n\n\n\n<p>O resultado veio perto do teto das estimativas dos analistas ouvidos pelo Proje\u00e7\u00f5es Broadcast, que iam desde uma queda de 1,6% a alta de 1,5%, com mediana negativa de 0,9%.<\/p>\n\n\n\n<p>A <a class=\"suno-keyword\" data-force=\"no\" data-priority=\"2\" href=\"https:\/\/www.suno.com.br\/artigos\/opep\/\" target=\"_blank\" rel=\"noopener\">Organiza\u00e7\u00e3o dos Pa\u00edses Exportadores de Petr\u00f3leo (Opep)<\/a> manteve sua previs\u00e3o de alta na demanda global por <strong>petr\u00f3leo <\/strong>em 2024, em 2,2 milh\u00f5es de barris por dia (bpd), segundo relat\u00f3rio mensal publicado nesta quinta-feira. <\/p>\n\n\n\n<p>Para 2025, o cartel tamb\u00e9m reiterou sua proje\u00e7\u00e3o para a demanda mundial, de acr\u00e9scimo de 1,8 milh\u00e3o de bpd.<\/p>\n\n\n\n<p>Na <strong>cota\u00e7\u00e3o do d\u00f3lar<\/strong>, \u00e0s 9h50, a moeda \u00e0 vista ca\u00eda 0,28%, a R$ 5,0642. <\/p>\n\n\n\n<p>O <strong>d\u00f3lar <\/strong>para maio recuava 0,08%, a R$ 5,0740.<\/p>\n\n\n\n<p><em>Com informa\u00e7\u00f5es de Estad\u00e3o Conte\u00fado.<\/em><\/p>\n\n\n\t<p>\n\t\t<a href=\"https:\/\/lp.suno.com.br\/planilha-da-vida-financeira\/\" target=\"_blank\" data-element=\"shortcode-suno-banner\" title=\"Banner SUNO, clique e saiba mais\">\n\t\t\t<picture>\n\t\t\t\t<source media=\"(max-width: 500px)\" srcset=\"https:\/\/files.sunoresearch.com.br\/n\/uploads\/2023\/04\/400x300-Planilha-vida-financeira-true.png\">\n\t\t\t\t<img class=\"newsContent__article__imgCapa newsContent__article__imgCapa--banner\"\n\t\t\t\t\tsrc=\"https:\/\/files.sunoresearch.com.br\/n\/uploads\/2023\/04\/1420x240-Planilha-vida-financeira-true.png\"\n\t\t\t\t\tdata-promo-id=\"383123\"\t\t\t\t\t\t\t\t\t\twidth='1420' height='240'\t\t\t\t\talt=\"https:\/\/files.sunoresearch.com.br\/n\/uploads\/2023\/04\/1420x240-Planilha-vida-financeira-true.png\"\n\t\t\t\t>\n\t\t\t<\/picture>\n\t\t<\/a>\n\t<\/p>\n\n\n","protected":false},"excerpt":{"rendered":"<p>O d\u00f3lar \u00e0 vista passou a cair na pr\u00e9-abertura do mercado de c\u00e2mbio desta quinta-feira (11), ap\u00f3s os dados norte-americanos divulgados h\u00e1 pouco, enquanto a sinaliza\u00e7\u00e3o de potencial corte nos juros da zona do euro dada pelo Banco Central Europeu (BCE) pesou contra o euro e a libra mais cedo. Apollo restringe saques em fundo [&hellip;]<\/p>\n","protected":false},"author":283,"featured_media":401512,"comment_status":"closed","ping_status":"closed","sticky":false,"template":"","format":"standard","meta":[],"categories":[64],"tags":[863,326,991],"suno_strategy":[],"class_list":["post-543037","post","type-post","status-publish","format-standard","has-post-thumbnail","hentry","category-negocios","tag-banco-central-europeu-bce","tag-dolar","tag-zona-do-euro"],"yoast_head":"<!-- This site is optimized with the Yoast SEO plugin v24.4 - https:\/\/yoast.com\/wordpress\/plugins\/seo\/ -->\n<title>D\u00f3lar anda de r\u00e9 com dados dos EUA e sinais de cortes na Europa<\/title>\n<meta name=\"description\" content=\"O d\u00f3lar come\u00e7ou esta quinta-feira (11) recuando em face a sinais de poss\u00edveis cortes das taxas de juros na Zona do Euro e press\u00e3o da libra.\" \/>\n<meta name=\"robots\" content=\"index, follow, max-snippet:-1, max-image-preview:large, max-video-preview:-1\" \/>\n<link rel=\"canonical\" href=\"https:\/\/www.suno.com.br\/noticias\/dolar-anda-re-dados-eua-zona-euro-cpf\/\" \/>\n<meta property=\"og:locale\" content=\"pt_BR\" \/>\n<meta property=\"og:type\" content=\"article\" \/>\n<meta property=\"og:title\" content=\"D\u00f3lar anda de r\u00e9 com dados dos EUA e sinais de cortes na Europa\" \/>\n<meta property=\"og:description\" content=\"O d\u00f3lar come\u00e7ou esta quinta-feira (11) recuando em face a sinais de poss\u00edveis cortes das taxas de juros na Zona do Euro e press\u00e3o da libra.\" \/>\n<meta property=\"og:url\" content=\"https:\/\/www.suno.com.br\/noticias\/dolar-anda-re-dados-eua-zona-euro-cpf\/\" \/>\n<meta property=\"og:site_name\" content=\"Suno Not\u00edcias\" \/>\n<meta property=\"article:publisher\" content=\"https:\/\/facebook.com\/sunoresearch\" \/>\n<meta property=\"og:image\" content=\"https:\/\/files.sunoresearch.com.br\/n\/uploads\/2023\/05\/dinheiro-dolar-euro-cambio.jpg\" \/>\n\t<meta property=\"og:image:width\" content=\"1200\" \/>\n\t<meta property=\"og:image:height\" content=\"800\" \/>\n\t<meta property=\"og:image:type\" content=\"image\/jpeg\" \/>\n<meta name=\"author\" content=\"Camila Paim\" \/>\n<meta name=\"twitter:card\" content=\"summary_large_image\" \/>\n<meta name=\"twitter:creator\" content=\"@sunoresearch\" \/>\n<meta name=\"twitter:site\" content=\"@sunoresearch\" \/>\n<meta name=\"twitter:label1\" content=\"Escrito por\" \/>\n\t<meta name=\"twitter:data1\" content=\"Camila Paim\" \/>\n\t<meta name=\"twitter:label2\" content=\"Est. tempo de leitura\" \/>\n\t<meta name=\"twitter:data2\" content=\"3 minutos\" \/>\n<script type=\"application\/ld+json\" class=\"yoast-schema-graph\">{\"@context\":\"https:\/\/schema.org\",\"@graph\":[{\"@type\":\"NewsArticle\",\"@id\":\"https:\/\/www.suno.com.br\/noticias\/dolar-anda-re-dados-eua-zona-euro-cpf\/#article\",\"isPartOf\":{\"@id\":\"https:\/\/www.suno.com.br\/noticias\/dolar-anda-re-dados-eua-zona-euro-cpf\/\"},\"author\":{\"name\":\"Camila Paim\",\"@id\":\"https:\/\/www.suno.com.br\/noticias\/#\/schema\/person\/f341d3ae5d1cc685176c9a5327cdfdbb\"},\"headline\":\"D\u00f3lar anda de r\u00e9 com dados dos EUA e potenciais cortes na Zona do Euro\",\"datePublished\":\"2024-04-11T13:47:49+00:00\",\"dateModified\":\"2024-04-11T13:47:56+00:00\",\"mainEntityOfPage\":{\"@id\":\"https:\/\/www.suno.com.br\/noticias\/dolar-anda-re-dados-eua-zona-euro-cpf\/\"},\"wordCount\":562,\"publisher\":{\"@id\":\"https:\/\/www.suno.com.br\/noticias\/#organization\"},\"image\":{\"@id\":\"https:\/\/www.suno.com.br\/noticias\/dolar-anda-re-dados-eua-zona-euro-cpf\/#primaryimage\"},\"thumbnailUrl\":\"https:\/\/files.sunoresearch.com.br\/n\/uploads\/2023\/05\/dinheiro-dolar-euro-cambio.jpg\",\"keywords\":[\"Banco Central Europeu (BCE)\",\"d\u00f3lar\",\"zona do euro\"],\"articleSection\":[\"Neg\u00f3cios\"],\"inLanguage\":\"pt-BR\"},{\"@type\":\"WebPage\",\"@id\":\"https:\/\/www.suno.com.br\/noticias\/dolar-anda-re-dados-eua-zona-euro-cpf\/\",\"url\":\"https:\/\/www.suno.com.br\/noticias\/dolar-anda-re-dados-eua-zona-euro-cpf\/\",\"name\":\"D\u00f3lar anda de r\u00e9 com dados dos EUA e sinais de cortes na Europa\",\"isPartOf\":{\"@id\":\"https:\/\/www.suno.com.br\/noticias\/#website\"},\"primaryImageOfPage\":{\"@id\":\"https:\/\/www.suno.com.br\/noticias\/dolar-anda-re-dados-eua-zona-euro-cpf\/#primaryimage\"},\"image\":{\"@id\":\"https:\/\/www.suno.com.br\/noticias\/dolar-anda-re-dados-eua-zona-euro-cpf\/#primaryimage\"},\"thumbnailUrl\":\"https:\/\/files.sunoresearch.com.br\/n\/uploads\/2023\/05\/dinheiro-dolar-euro-cambio.jpg\",\"datePublished\":\"2024-04-11T13:47:49+00:00\",\"dateModified\":\"2024-04-11T13:47:56+00:00\",\"description\":\"O d\u00f3lar come\u00e7ou esta quinta-feira (11) recuando em face a sinais de poss\u00edveis cortes das taxas de juros na Zona do Euro e press\u00e3o da libra.\",\"breadcrumb\":{\"@id\":\"https:\/\/www.suno.com.br\/noticias\/dolar-anda-re-dados-eua-zona-euro-cpf\/#breadcrumb\"},\"inLanguage\":\"pt-BR\",\"potentialAction\":[{\"@type\":\"ReadAction\",\"target\":[\"https:\/\/www.suno.com.br\/noticias\/dolar-anda-re-dados-eua-zona-euro-cpf\/\"]}]},{\"@type\":\"ImageObject\",\"inLanguage\":\"pt-BR\",\"@id\":\"https:\/\/www.suno.com.br\/noticias\/dolar-anda-re-dados-eua-zona-euro-cpf\/#primaryimage\",\"url\":\"https:\/\/files.sunoresearch.com.br\/n\/uploads\/2023\/05\/dinheiro-dolar-euro-cambio.jpg\",\"contentUrl\":\"https:\/\/files.sunoresearch.com.br\/n\/uploads\/2023\/05\/dinheiro-dolar-euro-cambio.jpg\",\"width\":1200,\"height\":800,\"caption\":\"Apollo restringe saques em fundo de cr\u00e9dito privado ap\u00f3s forte demanda por resgates. - Foto: iStock\"},{\"@type\":\"BreadcrumbList\",\"@id\":\"https:\/\/www.suno.com.br\/noticias\/dolar-anda-re-dados-eua-zona-euro-cpf\/#breadcrumb\",\"itemListElement\":[{\"@type\":\"ListItem\",\"position\":1,\"name\":\"Not\u00edcias\",\"item\":\"https:\/\/www.suno.com.br\/noticias\/\"},{\"@type\":\"ListItem\",\"position\":2,\"name\":\"Neg\u00f3cios\",\"item\":\"https:\/\/www.suno.com.br\/noticias\/negocios\/\"},{\"@type\":\"ListItem\",\"position\":3,\"name\":\"D\u00f3lar anda de r\u00e9 com dados dos EUA e potenciais cortes na Zona do Euro\"}]},{\"@type\":\"WebSite\",\"@id\":\"https:\/\/www.suno.com.br\/noticias\/#website\",\"url\":\"https:\/\/www.suno.com.br\/noticias\/\",\"name\":\"Suno Not\u00edcias\",\"description\":\"Seu portal de informa\u00e7\u00e3o sobre o mundo dos investimentos\",\"publisher\":{\"@id\":\"https:\/\/www.suno.com.br\/noticias\/#organization\"},\"potentialAction\":[{\"@type\":\"SearchAction\",\"target\":{\"@type\":\"EntryPoint\",\"urlTemplate\":\"https:\/\/www.suno.com.br\/noticias\/?s={search_term_string}\"},\"query-input\":{\"@type\":\"PropertyValueSpecification\",\"valueRequired\":true,\"valueName\":\"search_term_string\"}}],\"inLanguage\":\"pt-BR\"},{\"@type\":\"Organization\",\"@id\":\"https:\/\/www.suno.com.br\/noticias\/#organization\",\"name\":\"Suno Not\u00edcias\",\"url\":\"https:\/\/www.suno.com.br\/noticias\/\",\"logo\":{\"@type\":\"ImageObject\",\"inLanguage\":\"pt-BR\",\"@id\":\"https:\/\/www.suno.com.br\/noticias\/#\/schema\/logo\/image\/\",\"url\":\"https:\/\/files.sunoresearch.com.br\/n\/uploads\/2021\/09\/suno-logo.png\",\"contentUrl\":\"https:\/\/files.sunoresearch.com.br\/n\/uploads\/2021\/09\/suno-logo.png\",\"width\":180,\"height\":180,\"caption\":\"Suno Not\u00edcias\"},\"image\":{\"@id\":\"https:\/\/www.suno.com.br\/noticias\/#\/schema\/logo\/image\/\"},\"sameAs\":[\"https:\/\/facebook.com\/sunoresearch\",\"https:\/\/x.com\/sunoresearch\",\"https:\/\/www.instagram.com\/suno\",\"https:\/\/www.linkedin.com\/company\/suno-research\/\",\"https:\/\/www.youtube.com\/c\/sunoresearch\"]},{\"@type\":\"Person\",\"@id\":\"https:\/\/www.suno.com.br\/noticias\/#\/schema\/person\/f341d3ae5d1cc685176c9a5327cdfdbb\",\"name\":\"Camila Paim\",\"image\":{\"@type\":\"ImageObject\",\"inLanguage\":\"pt-BR\",\"@id\":\"https:\/\/www.suno.com.br\/noticias\/#\/schema\/person\/image\/\",\"url\":\"https:\/\/secure.gravatar.com\/avatar\/f33728e65febb1aa7ecf6792956f9b20?s=96&r=g\",\"contentUrl\":\"https:\/\/secure.gravatar.com\/avatar\/f33728e65febb1aa7ecf6792956f9b20?s=96&r=g\",\"caption\":\"Camila Paim\"},\"description\":\"Jornalista formada pela USP, tem experi\u00eancia em reda\u00e7\u00f5es, SEO, Branded Content e Webdesign. Com passagem pelo Jornal da USP, Empiricus e C6 Bank, hoje \u00e9 rep\u00f3rter no Suno Not\u00edcias cobrindo macroeconomia, finan\u00e7as pessoais e startups.\",\"url\":\"https:\/\/www.suno.com.br\/noticias\/author\/camila-figueiredosuno-com-br\/\"}]}<\/script>\n<!-- \/ Yoast SEO plugin. -->","yoast_head_json":{"title":"D\u00f3lar anda de r\u00e9 com dados dos EUA e sinais de cortes na Europa","description":"O d\u00f3lar come\u00e7ou esta quinta-feira (11) recuando em face a sinais de poss\u00edveis cortes das taxas de juros na Zona do Euro e press\u00e3o da libra.","robots":{"index":"index","follow":"follow","max-snippet":"max-snippet:-1","max-image-preview":"max-image-preview:large","max-video-preview":"max-video-preview:-1"},"canonical":"https:\/\/www.suno.com.br\/noticias\/dolar-anda-re-dados-eua-zona-euro-cpf\/","og_locale":"pt_BR","og_type":"article","og_title":"D\u00f3lar anda de r\u00e9 com dados dos EUA e sinais de cortes na Europa","og_description":"O d\u00f3lar come\u00e7ou esta quinta-feira (11) recuando em face a sinais de poss\u00edveis cortes das taxas de juros na Zona do Euro e press\u00e3o da libra.","og_url":"https:\/\/www.suno.com.br\/noticias\/dolar-anda-re-dados-eua-zona-euro-cpf\/","og_site_name":"Suno Not\u00edcias","article_publisher":"https:\/\/facebook.com\/sunoresearch","og_image":[{"width":1200,"height":800,"url":"https:\/\/files.sunoresearch.com.br\/n\/uploads\/2023\/05\/dinheiro-dolar-euro-cambio.jpg","type":"image\/jpeg"}],"author":"Camila Paim","twitter_card":"summary_large_image","twitter_creator":"@sunoresearch","twitter_site":"@sunoresearch","twitter_misc":{"Escrito por":"Camila Paim","Est. tempo de leitura":"3 minutos"},"schema":{"@context":"https:\/\/schema.org","@graph":[{"@type":"NewsArticle","@id":"https:\/\/www.suno.com.br\/noticias\/dolar-anda-re-dados-eua-zona-euro-cpf\/#article","isPartOf":{"@id":"https:\/\/www.suno.com.br\/noticias\/dolar-anda-re-dados-eua-zona-euro-cpf\/"},"author":{"name":"Camila Paim","@id":"https:\/\/www.suno.com.br\/noticias\/#\/schema\/person\/f341d3ae5d1cc685176c9a5327cdfdbb"},"headline":"D\u00f3lar anda de r\u00e9 com dados dos EUA e potenciais cortes na Zona do Euro","datePublished":"2024-04-11T13:47:49+00:00","dateModified":"2024-04-11T13:47:56+00:00","mainEntityOfPage":{"@id":"https:\/\/www.suno.com.br\/noticias\/dolar-anda-re-dados-eua-zona-euro-cpf\/"},"wordCount":562,"publisher":{"@id":"https:\/\/www.suno.com.br\/noticias\/#organization"},"image":{"@id":"https:\/\/www.suno.com.br\/noticias\/dolar-anda-re-dados-eua-zona-euro-cpf\/#primaryimage"},"thumbnailUrl":"https:\/\/files.sunoresearch.com.br\/n\/uploads\/2023\/05\/dinheiro-dolar-euro-cambio.jpg","keywords":["Banco Central Europeu (BCE)","d\u00f3lar","zona do euro"],"articleSection":["Neg\u00f3cios"],"inLanguage":"pt-BR"},{"@type":"WebPage","@id":"https:\/\/www.suno.com.br\/noticias\/dolar-anda-re-dados-eua-zona-euro-cpf\/","url":"https:\/\/www.suno.com.br\/noticias\/dolar-anda-re-dados-eua-zona-euro-cpf\/","name":"D\u00f3lar anda de r\u00e9 com dados dos EUA e sinais de cortes na Europa","isPartOf":{"@id":"https:\/\/www.suno.com.br\/noticias\/#website"},"primaryImageOfPage":{"@id":"https:\/\/www.suno.com.br\/noticias\/dolar-anda-re-dados-eua-zona-euro-cpf\/#primaryimage"},"image":{"@id":"https:\/\/www.suno.com.br\/noticias\/dolar-anda-re-dados-eua-zona-euro-cpf\/#primaryimage"},"thumbnailUrl":"https:\/\/files.sunoresearch.com.br\/n\/uploads\/2023\/05\/dinheiro-dolar-euro-cambio.jpg","datePublished":"2024-04-11T13:47:49+00:00","dateModified":"2024-04-11T13:47:56+00:00","description":"O d\u00f3lar come\u00e7ou esta quinta-feira (11) recuando em face a sinais de poss\u00edveis cortes das taxas de juros na Zona do Euro e press\u00e3o da libra.","breadcrumb":{"@id":"https:\/\/www.suno.com.br\/noticias\/dolar-anda-re-dados-eua-zona-euro-cpf\/#breadcrumb"},"inLanguage":"pt-BR","potentialAction":[{"@type":"ReadAction","target":["https:\/\/www.suno.com.br\/noticias\/dolar-anda-re-dados-eua-zona-euro-cpf\/"]}]},{"@type":"ImageObject","inLanguage":"pt-BR","@id":"https:\/\/www.suno.com.br\/noticias\/dolar-anda-re-dados-eua-zona-euro-cpf\/#primaryimage","url":"https:\/\/files.sunoresearch.com.br\/n\/uploads\/2023\/05\/dinheiro-dolar-euro-cambio.jpg","contentUrl":"https:\/\/files.sunoresearch.com.br\/n\/uploads\/2023\/05\/dinheiro-dolar-euro-cambio.jpg","width":1200,"height":800,"caption":"Apollo restringe saques em fundo de cr\u00e9dito privado ap\u00f3s forte demanda por resgates. - Foto: iStock"},{"@type":"BreadcrumbList","@id":"https:\/\/www.suno.com.br\/noticias\/dolar-anda-re-dados-eua-zona-euro-cpf\/#breadcrumb","itemListElement":[{"@type":"ListItem","position":1,"name":"Not\u00edcias","item":"https:\/\/www.suno.com.br\/noticias\/"},{"@type":"ListItem","position":2,"name":"Neg\u00f3cios","item":"https:\/\/www.suno.com.br\/noticias\/negocios\/"},{"@type":"ListItem","position":3,"name":"D\u00f3lar anda de r\u00e9 com dados dos EUA e potenciais cortes na Zona do Euro"}]},{"@type":"WebSite","@id":"https:\/\/www.suno.com.br\/noticias\/#website","url":"https:\/\/www.suno.com.br\/noticias\/","name":"Suno Not\u00edcias","description":"Seu portal de informa\u00e7\u00e3o sobre o mundo dos investimentos","publisher":{"@id":"https:\/\/www.suno.com.br\/noticias\/#organization"},"potentialAction":[{"@type":"SearchAction","target":{"@type":"EntryPoint","urlTemplate":"https:\/\/www.suno.com.br\/noticias\/?s={search_term_string}"},"query-input":{"@type":"PropertyValueSpecification","valueRequired":true,"valueName":"search_term_string"}}],"inLanguage":"pt-BR"},{"@type":"Organization","@id":"https:\/\/www.suno.com.br\/noticias\/#organization","name":"Suno Not\u00edcias","url":"https:\/\/www.suno.com.br\/noticias\/","logo":{"@type":"ImageObject","inLanguage":"pt-BR","@id":"https:\/\/www.suno.com.br\/noticias\/#\/schema\/logo\/image\/","url":"https:\/\/files.sunoresearch.com.br\/n\/uploads\/2021\/09\/suno-logo.png","contentUrl":"https:\/\/files.sunoresearch.com.br\/n\/uploads\/2021\/09\/suno-logo.png","width":180,"height":180,"caption":"Suno Not\u00edcias"},"image":{"@id":"https:\/\/www.suno.com.br\/noticias\/#\/schema\/logo\/image\/"},"sameAs":["https:\/\/facebook.com\/sunoresearch","https:\/\/x.com\/sunoresearch","https:\/\/www.instagram.com\/suno","https:\/\/www.linkedin.com\/company\/suno-research\/","https:\/\/www.youtube.com\/c\/sunoresearch"]},{"@type":"Person","@id":"https:\/\/www.suno.com.br\/noticias\/#\/schema\/person\/f341d3ae5d1cc685176c9a5327cdfdbb","name":"Camila Paim","image":{"@type":"ImageObject","inLanguage":"pt-BR","@id":"https:\/\/www.suno.com.br\/noticias\/#\/schema\/person\/image\/","url":"https:\/\/secure.gravatar.com\/avatar\/f33728e65febb1aa7ecf6792956f9b20?s=96&r=g","contentUrl":"https:\/\/secure.gravatar.com\/avatar\/f33728e65febb1aa7ecf6792956f9b20?s=96&r=g","caption":"Camila Paim"},"description":"Jornalista formada pela USP, tem experi\u00eancia em reda\u00e7\u00f5es, SEO, Branded Content e Webdesign. Com passagem pelo Jornal da USP, Empiricus e C6 Bank, hoje \u00e9 rep\u00f3rter no Suno Not\u00edcias cobrindo macroeconomia, finan\u00e7as pessoais e startups.","url":"https:\/\/www.suno.com.br\/noticias\/author\/camila-figueiredosuno-com-br\/"}]}},"default_loop_html":"<div class=\"cardsPage__listCard__boxs\"><div class=\"cardsPage__listCard__boxs__img\"><a href=\"https:\/\/www.suno.com.br\/noticias\/dolar-anda-re-dados-eua-zona-euro-cpf\/\"><img class=\"mask\" src=\"https:\/\/www.suno.com.br\/noticias\/wp-content\/themes\/suno\/resources\/images\/spotlight\/spotlight1img\/bg-mask.png\" alt=\"Image Mask\"\/><img src=\"https:\/\/files.sunoresearch.com.br\/n\/uploads\/2023\/05\/dinheiro-dolar-euro-cambio-400x200.jpg\" alt=\"D\u00f3lar anda de r\u00e9 com dados dos EUA e potenciais cortes na Zona do Euro\"\/><\/a><span class=\"spotlightCategory\"><a href=\"https:\/\/www.suno.com.br\/noticias\/negocios\/\">Neg\u00f3cios<\/a><\/span><\/div><div class=\"cardsPage__listCard__boxs__content\"><a href=\"https:\/\/www.suno.com.br\/noticias\/dolar-anda-re-dados-eua-zona-euro-cpf\/\"><h2 class=\"content__title\">D\u00f3lar anda de r\u00e9 com dados dos EUA e potenciais cortes na Zona do Euro<\/h2><\/a><div class=\"newsContent__article__meta\"><div class=\"newsContent__article__meta__authorBox\"><a href=\"https:\/\/www.suno.com.br\/noticias\/author\/camila-figueiredosuno-com-br\/\" class=\"authorBox__avatar noMobi\"><img src=\"https:\/\/files.sunoresearch.com.br\/n\/uploads\/2024\/05\/camila-paim-square-150x150.jpg\" alt=\"Camila Paim\"><\/a><div class=\"authorBox__name\"><span>por\n\t\t\t<a href=\"https:\/\/www.suno.com.br\/noticias\/author\/camila-figueiredosuno-com-br\/\"><span itemprop=\"author\">Camila Paim<\/span><\/a><\/span><time datetime=\"2024-04-11T10:47:49-03:00\" itemprop=\"datePublished\">11\/04\/2024 10:47<\/time><\/div><\/div><\/div><\/div><\/div>","single_layout":"posts","amp_enabled":true,"_links":{"self":[{"href":"https:\/\/www.suno.com.br\/noticias\/wp-json\/wp\/v2\/posts\/543037"}],"collection":[{"href":"https:\/\/www.suno.com.br\/noticias\/wp-json\/wp\/v2\/posts"}],"about":[{"href":"https:\/\/www.suno.com.br\/noticias\/wp-json\/wp\/v2\/types\/post"}],"author":[{"embeddable":true,"href":"https:\/\/www.suno.com.br\/noticias\/wp-json\/wp\/v2\/users\/283"}],"replies":[{"embeddable":true,"href":"https:\/\/www.suno.com.br\/noticias\/wp-json\/wp\/v2\/comments?post=543037"}],"version-history":[{"count":3,"href":"https:\/\/www.suno.com.br\/noticias\/wp-json\/wp\/v2\/posts\/543037\/revisions"}],"predecessor-version":[{"id":543064,"href":"https:\/\/www.suno.com.br\/noticias\/wp-json\/wp\/v2\/posts\/543037\/revisions\/543064"}],"wp:featuredmedia":[{"embeddable":true,"href":"https:\/\/www.suno.com.br\/noticias\/wp-json\/wp\/v2\/media\/401512"}],"wp:attachment":[{"href":"https:\/\/www.suno.com.br\/noticias\/wp-json\/wp\/v2\/media?parent=543037"}],"wp:term":[{"taxonomy":"category","embeddable":true,"href":"https:\/\/www.suno.com.br\/noticias\/wp-json\/wp\/v2\/categories?post=543037"},{"taxonomy":"post_tag","embeddable":true,"href":"https:\/\/www.suno.com.br\/noticias\/wp-json\/wp\/v2\/tags?post=543037"},{"taxonomy":"suno_strategy","embeddable":true,"href":"https:\/\/www.suno.com.br\/noticias\/wp-json\/wp\/v2\/suno_strategy?post=543037"}],"curies":[{"name":"wp","href":"https:\/\/api.w.org\/{rel}","templated":true}]}}