{"id":542997,"date":"2024-04-11T10:19:40","date_gmt":"2024-04-11T13:19:40","guid":{"rendered":"https:\/\/www.suno.com.br\/noticias\/?p=542997"},"modified":"2024-04-11T12:20:57","modified_gmt":"2024-04-11T15:20:57","slug":"oi-oibr3-1t24-evolucao-plano-recuperacao-judicial-cpf","status":"publish","type":"post","link":"https:\/\/www.suno.com.br\/noticias\/oi-oibr3-1t24-evolucao-plano-recuperacao-judicial-cpf\/","title":{"rendered":"Oi (OIBR3): Em que p\u00e9 est\u00e1 o plano de recupera\u00e7\u00e3o judicial da tele em 2024?"},"content":{"rendered":"<p>Nos primeiros tr\u00eas meses deste ano, a <strong>Oi <\/strong><a class=\"suno-keyword\" data-force=\"yes\" data-priority=\"2\" href=\"https:\/\/www.suno.com.br\/acoes\/OIBR3\/\" target=\"_blank\" rel=\"noopener\">(OIBR3)<\/a> anunciou agrupamentos de a\u00e7\u00f5es, marcou e adiou assembleias e reformulou seu plano de recupera\u00e7\u00e3o judicial. <\/p>\t<div class=\"wrapper-featured-image\">\n\t\t<figure class=\"spotlightImg\">\n\n\t\t\t<picture>\n\t\t\t\t<source media=\"(max-width: 768px)\" srcset=\"https:\/\/files.sunoresearch.com.br\/n\/uploads\/2024\/04\/oi-telefone-oibr3-1-400x200.jpg\">\n\t\t\t\t<img loading=\"lazy\" decoding=\"async\" class=\"newsContent__article__imgCapa lazyloadDisabled \" src=\"https:\/\/files.sunoresearch.com.br\/n\/uploads\/2024\/04\/oi-telefone-oibr3-1-800x450.jpg\" width=\"800\" height=\"450\" alt=\"Oi (OIBR3): Em que p\u00e9 est\u00e1 o plano de recupera\u00e7\u00e3o judicial da tele em 2024?\" fetchpriority=high \/>\n\t\t\t<\/picture>\n\n\t\t\t<figcaption class=\"wp-caption-text wp-caption-text--show\">Oi (OIBR3) - Foto: Unsplash\/ Reprodu\u00e7\u00e3o - Montagem: Suno Not\u00edcias<\/figcaption>\n\t\t<\/figure>\n\t<\/div>\n\n\n\n\n\n\n\n\t<p>\n\t\t<a href=\"\" target=\"_blank\" data-element=\"shortcode-suno-banner\" title=\"Banner SUNO, clique e saiba mais\">\n\t\t\t<picture>\n\t\t\t\t<source media=\"(max-width: 500px)\" srcset=\"\">\n\t\t\t\t<img class=\"newsContent__article__imgCapa newsContent__article__imgCapa--banner\"\n\t\t\t\t\tsrc=\"\"\n\t\t\t\t\tdata-promo-id=\"250705\"\t\t\t\t\t\t\t\t\t\t\t\t\t\t\talt=\"\"\n\t\t\t\t>\n\t\t\t<\/picture>\n\t\t<\/a>\n\t<\/p>\n\n\n\n\n\n<p>Com tantos acontecimentos embaralhados, fica dif\u00edcil entender em que p\u00e9 est\u00e1 a <strong>recupera\u00e7\u00e3o judicial da Oi<\/strong> ou o que esperar da companhia adiante. <\/p>\n\n\n\n<p>A seguir, confira os principais momentos da Oi (<strong>OIBR3<\/strong>) entre janeiro e mar\u00e7o de 2024. <\/p>\n\n\n\n<h2 class=\"wp-block-heading\">Linha do tempo da Oi no 1T24<\/h2>\n\n\n\n<p>O <strong>Grupo Oi <\/strong>j\u00e1 come\u00e7ou o ano com uma nova alta diretoria. Em janeiro, a empresa anunciou a troca do antigo diretor-presidente, Rodrigo Modesto de Abreu, que acordou com o <a class=\"suno-keyword\" target=\"_blank\" data-force=\"no\" data-priority=\"1\" href=\"https:\/\/www.suno.com.br\/artigos\/conselho-administracao\/\" rel=\"noopener\">conselho de administra\u00e7\u00e3o<\/a> de n\u00e3o renovar o mandato para o pr\u00f3ximo per\u00edodo.<\/p>\n\n\n\n<p>Para o cargo de <strong>CEO da Oi<\/strong>, foi indicado ent\u00e3o Mateus Affonso Bandeira, que atuava como membro independente do conselho de administra\u00e7\u00e3o, onde liderava at\u00e9 ent\u00e3o o Comit\u00ea de Gente, Nomea\u00e7\u00f5es e Governan\u00e7a.<\/p>\n\n\n\n<p>Al\u00e9m disso, a companhia se comprometeu apresentar o novo plano de <a class=\"suno-keyword\" target=\"_blank\" data-force=\"no\" data-priority=\"2\" href=\"https:\/\/www.suno.com.br\/artigos\/recuperacao-judicial\/\" rel=\"noopener\">recupera\u00e7\u00e3o judicial<\/a> ainda no primeiro m\u00eas do ano, junto com a conclus\u00e3o das discuss\u00f5es com Anatel, TCU e AGU. <\/p>\n\n\n\n<p>Este planejamento acabou sendo adiado, com a aprova\u00e7\u00e3o da nova proposta de RJ em 6 de fevereiro, perante a 7\u00aa Vara Empresarial da Comarca da Capital do Estado do Rio de Janeiro.<\/p>\n\n\n\n<p>Na nova vers\u00e3o do <strong>plano de recupera\u00e7\u00e3o judicial da Oi<\/strong> consta: <\/p>\n\n\n\n<ul class=\"wp-block-list\">\n<li>Equaliza\u00e7\u00e3o do passivo financeiro;<\/li>\n\n\n\n<li>Reestrutura\u00e7\u00e3o de cr\u00e9ditos concursais da companhia,<\/li>\n\n\n\n<li>Potencial aliena\u00e7\u00e3o e onera\u00e7\u00e3o de bens do ativo permanente (n\u00e3o circulante) das recuperandas, sob a forma de Unidades Produtivas Isoladas (UPIs) ou n\u00e3o, incluindo as UPIs ClientCo. e V.tal <\/li>\n\n\n\n<li>Reestrutura\u00e7\u00e3o dos cr\u00e9ditos de fornecedores Take or Pay, em particular com empresas de Torres e Sat\u00e9lites.<\/li>\n<\/ul>\n\n\n\n<p>Para os dois primeiros pontos, a estrat\u00e9gia da companhia telef\u00f4nica prev\u00ea a capta\u00e7\u00e3o de recursos na forma de um empr\u00e9stimo extraconcursal superpriorit\u00e1rio, no valor de at\u00e9 US$ 650 milh\u00f5es, em negocia\u00e7\u00e3o de um compromisso firme quanto a este montante.<\/p>\n\n\n\n<p>O andamento da RJ durante o m\u00eas de fevereiro inclusive beneficiou as <strong>a\u00e7\u00f5es da Oi<\/strong>, que tiveram dias com altas de mais de 10% e at\u00e9 uma alta intradia de 30%, em 7 de fevereiro. <\/p>\n\n\n\n<blockquote class=\"wp-block-quote is-layout-flow wp-block-quote-is-layout-flow\">\n<p>\u201cA aprova\u00e7\u00e3o da nova vers\u00e3o do plano de recupera\u00e7\u00e3o judicial acaba trazendo uma maior seguran\u00e7a para alguns investidores que tinham alguma incerteza sobre a companhia. O principal movimento que poderia provocar uma disparada desse tipo na Oi \u00e9 a aprova\u00e7\u00e3o do projeto,\u201d explicou Jo\u00e3o Daronco, analista CNPI da Suno Research, na ocasi\u00e3o.<\/p>\n<\/blockquote>\n\n\n\n<p>Al\u00e9m disso, a nova vers\u00e3o da RJ previa a venda de ativos avaliados em mais de R$ 15 bilh\u00f5es, al\u00e9m de desconto e convers\u00e3o de d\u00edvidas antigas. Para isso, a Oi precisa entrar em um acordo com credores em assembleia. <\/p>\n\n\n\n<p>Dando sinais de acelera\u00e7\u00e3o, no final de fevereiro a Anatel pediu \u00e0 Justi\u00e7a que adiasse a homologa\u00e7\u00e3o do <strong>plano da Oi<\/strong>, caso fosse aprovado pela Assembleia Geral de Credores (AGC), agendada para a primeira semana de mar\u00e7o (dia 5). <\/p>\n\n\n\n<p>Mesmo sem conceder o pedido da Anatel, a AGC acabou sendo igualmente adiada pela maioria dos credores, para o dia 26 de mar\u00e7o. <\/p>\n\n\n\t<div data-element=\"shortcode-read-more\" class=\"knowMore\">\n\t\t\t\t<span class=\"knowMore__title\">Leia mais<\/span>\n\t\t\t\t<a class=\"knowMore__link\" href=\"https:\/\/www.suno.com.br\/noticias\/oi-oibr3-afirma-que-chegou-em-bons-termos-com-credores-apos-agc\/\">\n\t\t\tOi (OIBR3) afirma que chegou em &#039;bons termos&#039; com credores ap\u00f3s AGC\t\t<\/a>\n\t<\/div>\n\n\n\n\n<p>Enfim realizada, a <strong>AGC da Oi<\/strong> levou a companhia a um \u201cbom termo com rela\u00e7\u00e3o aos termos e condi\u00e7\u00f5es comerciais com credores titulares de cr\u00e9ditos&#8221;, divulgou a tele. <\/p>\n\n\n\n<p>Segundo o comunicado foram firmadas negocia\u00e7\u00f5es com a maioria dos cr\u00e9ditos concursais presentes da companhia telef\u00f4nica, incluindo os grupos de credores relevantes, como Ad Hoc Group, os Noteholders e os fornecedores take or pay. <\/p>\n\n\n\n<p>Apesar das negocia\u00e7\u00f5es, os <strong>ativos da Oi <\/strong>tornaram a cair em meados de mar\u00e7o, rondando os R$ 0,65. Com o valor equivalente a uma penny stock, a companhia anunciou que far\u00e1 um agrupamento de a\u00e7\u00f5es na propor\u00e7\u00e3o 10 para 1. <\/p>\n\n\n\n<p>A medida foi tomada seguindo as exig\u00eancias regulat\u00f3rias da <a class=\"suno-keyword\" target=\"_blank\" data-force=\"no\" data-priority=\"3\" href=\"https:\/\/www.suno.com.br\/guias\/bolsa-de-valores\/\" rel=\"noopener\">bolsa de valores<\/a> brasileira. Conforme as regras, o pre\u00e7o das a\u00e7\u00f5es em negocia\u00e7\u00e3o deve ser igual ou superior a R$ 1,00 por unidade.<\/p>\n\n\n\n<p>Durante todos esses meses, a empresa foi mantida em &#8220;stay period&#8221;, per\u00edodo equivalente \u00e0 suspens\u00e3o das a\u00e7\u00f5es e execu\u00e7\u00f5es em face da<strong> RJ da Oi<\/strong>. <\/p>\n\n\n\n<p>Agora, a pr\u00f3xima Assembleia de credores est\u00e1 agendada para o dia 17 de abril, junto com a prorroga\u00e7\u00e3o do \u2018stay period\u2019.<\/p>\n\n\n\n\t<div data-element=\"shortcode-read-more\" class=\"readToo\">\n\t\t\t\t<span class=\"readToo__title\">Leia mais<\/span>\n\t\t\t\t<ul class=\"readToo__list\">\n\t\t\t<li><a href=\"https:\/\/www.suno.com.br\/noticias\/oi-oibr3-justica-aprova-adiamento-assembleia-credores-jvj\/\">Oi (OIBR3): Justi\u00e7a aprova adiamento de assembleia de credores novamente; veja o que mudou<\/a><\/li><li><a href=\"https:\/\/www.suno.com.br\/noticias\/oi-oibr3-resultado-4t23-reduz-prejuizo-cpf\/\">Oi (OIBR3) reduz preju\u00edzo em 97% no 4T23 e anuncia grupamento de a\u00e7\u00f5es em 10 para 1<\/a><\/li>\t\t<\/ul>\n\t<\/div>\n\n\n\n\t<p>\n\t\t<a href=\"https:\/\/lp.suno.com.br\/ebook-como-analisar-uma-acao\/\" target=\"_blank\" data-element=\"shortcode-suno-banner\" title=\"Banner SUNO, clique e saiba mais\">\n\t\t\t<picture>\n\t\t\t\t<source media=\"(max-width: 500px)\" srcset=\"https:\/\/files.sunoresearch.com.br\/n\/uploads\/2023\/03\/Ebook-Acoes-Mobile.jpg\">\n\t\t\t\t<img class=\"newsContent__article__imgCapa newsContent__article__imgCapa--banner\"\n\t\t\t\t\tsrc=\"https:\/\/files.sunoresearch.com.br\/n\/uploads\/2023\/03\/Ebook-Acoes-Desktop.jpg\"\n\t\t\t\t\tdata-promo-id=\"378302\"\t\t\t\t\t\t\t\t\t\twidth='1420' height='286'\t\t\t\t\talt=\"https:\/\/files.sunoresearch.com.br\/n\/uploads\/2023\/03\/Ebook-Acoes-Desktop.jpg\"\n\t\t\t\t>\n\t\t\t<\/picture>\n\t\t<\/a>\n\t<\/p>\n\n\n\n\n\n<h2 class=\"wp-block-heading\">O que o mercado espera das a\u00e7\u00f5es da OIBR3?<\/h2>\n\n\n\n<p>As <strong>a\u00e7\u00f5es OIBR3<\/strong>, assim como as preferenciais OIBR4, parecem ter sido &#8220;esquecidas&#8221; pelo mercado.<\/p>\n\n\n\n<p>Na p\u00e1gina oficial de <a class=\"suno-keyword\" target=\"_blank\" data-force=\"no\" data-priority=\"1\" href=\"https:\/\/www.suno.com.br\/artigos\/relacoes-com-investidores\/\" rel=\"noopener\">Rela\u00e7\u00f5es com Investidores<\/a> (RI) da tele, das 12 grandes institui\u00e7\u00f5es que cobriam o papel, oito n\u00e3o acompanham mais a empresa, enquanto tr\u00eas apresentam recomenda\u00e7\u00e3o neutra (New Street, UBS e BTG Pactual). <\/p>\n\n\n\n<p>O <a class=\"suno-keyword\" target=\"_blank\" data-force=\"yes\" data-priority=\"2\" href=\"https:\/\/www.suno.com.br\/acoes\/SANB11\/\" rel=\"noopener\">Santander (SANB11)<\/a> recomenda a venda dos papeis, com pre\u00e7o-alvo a R$ 0,15. <\/p>\n\n\n\n<h2 class=\"wp-block-heading\">O que sobrou da Oi?<\/h2>\n\n\n\n<p>Em seu segundo pedido de recupera\u00e7\u00e3o judicial, em mar\u00e7o de 2023, a <strong>d\u00edvida da Oi <\/strong>\u00e9 estimada em R$ 44,3 bilh\u00f5es. <\/p>\n\n\n\n<p>Desde 2021, as unidades de neg\u00f3cios da Oi v\u00eam sendo negociadas para quitar d\u00e9bitos da empresa, desde a sua primeira RJ. No ano, as unidades de data centers e torres de telefonia fixa foram alienadas.<\/p>\n\n\n\n<p>Em 2022, os ativos de telefonia m\u00f3vel foram vendidos para as concorrentes <a class=\"suno-keyword\" target=\"_blank\" data-force=\"yes\" data-priority=\"2\" href=\"https:\/\/www.suno.com.br\/acoes\/TIMS3\/\" rel=\"noopener\">Tim (TIMS3)<\/a>, <a class=\"suno-keyword\" target=\"_blank\" data-force=\"yes\" data-priority=\"2\" href=\"https:\/\/www.suno.com.br\/acoes\/VIVT3\/\" rel=\"noopener\">Vivo (VIVT3)<\/a> e Claro. <\/p>\n\n\n\n<p>Al\u00e9m disso, a Oi vendeu o controle da unidade de fibra \u00f3tica, V.tal, para fundos do BTG Pactual.<\/p>\n\n\n\n<p>Atualmente, os ativos da operadora s\u00e3o:<\/p>\n\n\n\n<ul class=\"wp-block-list\">\n<li>Participa\u00e7\u00e3o de 34% na V.tal;<\/li>\n\n\n\n<li>Participa\u00e7\u00e3o na ClientCo, bra\u00e7o de presta\u00e7\u00e3o de servi\u00e7os a clientes;<\/li>\n\n\n\n<li>Oi Solu\u00e7\u00f5es, que atende o mercado corporativo.<\/li>\n<\/ul>\n\n\n\n<p>As duas \u00faltimas, entretanto, j\u00e1 foram cogitadas em aliena\u00e7\u00f5es do atual plano de RJ. <\/p>\n\n\n\n<p>Al\u00e9m disso, o portf\u00f3lio da <strong>Oi <\/strong>(OIBR3) tem ainda as subsidi\u00e1rias Tahto, de atendimento, e Serede, respons\u00e1vel pela implanta\u00e7\u00e3o, opera\u00e7\u00e3o e manuten\u00e7\u00e3o em redes de fibra. <\/p>\n\n\n\t<p>\n\t\t<a href=\"https:\/\/lp.suno.com.br\/plataforma-de-controle-de-investimentos\/\" target=\"_blank\" data-element=\"shortcode-suno-banner\" title=\"Banner SUNO, clique e saiba mais\">\n\t\t\t<picture>\n\t\t\t\t<source media=\"(max-width: 500px)\" srcset=\"https:\/\/files.sunoresearch.com.br\/n\/uploads\/2023\/03\/400x300-Controle-de-Investimentos.png\">\n\t\t\t\t<img class=\"newsContent__article__imgCapa newsContent__article__imgCapa--banner\"\n\t\t\t\t\tsrc=\"https:\/\/files.sunoresearch.com.br\/n\/uploads\/2023\/03\/1420x240-Controle-de-Investimentos.png\"\n\t\t\t\t\tdata-promo-id=\"383162\"\t\t\t\t\t\t\t\t\t\twidth='1420' height='240'\t\t\t\t\talt=\"https:\/\/files.sunoresearch.com.br\/n\/uploads\/2023\/03\/1420x240-Controle-de-Investimentos.png\"\n\t\t\t\t>\n\t\t\t<\/picture>\n\t\t<\/a>\n\t<\/p>\n\n\n","protected":false},"excerpt":{"rendered":"<p>Nos primeiros tr\u00eas meses deste ano, a Oi (OIBR3) anunciou agrupamentos de a\u00e7\u00f5es, marcou e adiou assembleias e reformulou seu plano de recupera\u00e7\u00e3o judicial. Oi (OIBR3) &#8211; Foto: Unsplash\/ Reprodu\u00e7\u00e3o &#8211; Montagem: Suno Not\u00edcias Com tantos acontecimentos embaralhados, fica dif\u00edcil entender em que p\u00e9 est\u00e1 a recupera\u00e7\u00e3o judicial da Oi ou o que esperar da [&hellip;]<\/p>\n","protected":false},"author":283,"featured_media":543029,"comment_status":"closed","ping_status":"closed","sticky":false,"template":"","format":"standard","meta":[],"categories":[64],"tags":[105816,584,314],"suno_strategy":[],"class_list":["post-542997","post","type-post","status-publish","format-standard","has-post-thumbnail","hentry","category-negocios","tag-especialistas","tag-oi-oibr3-oibr4","tag-recuperacao-judicial"],"yoast_head":"<!-- This site is optimized with the Yoast SEO plugin v24.4 - https:\/\/yoast.com\/wordpress\/plugins\/seo\/ -->\n<title>Oi (OIBR3) no 1T24: Como a recupera\u00e7\u00e3o judicial evoluiu? Confira<\/title>\n<meta name=\"description\" content=\"O que mudou na Oi (OIBR3) no primeiro trimestre deste ano? Fique por dentro dos destaque no andamento da recupera\u00e7\u00e3o judicial da Oi.\" \/>\n<meta name=\"robots\" content=\"index, follow, max-snippet:-1, max-image-preview:large, max-video-preview:-1\" \/>\n<link rel=\"canonical\" href=\"https:\/\/www.suno.com.br\/noticias\/oi-oibr3-1t24-evolucao-plano-recuperacao-judicial-cpf\/\" \/>\n<meta property=\"og:locale\" content=\"pt_BR\" \/>\n<meta property=\"og:type\" content=\"article\" \/>\n<meta property=\"og:title\" content=\"Oi (OIBR3) no 1T24: Como a recupera\u00e7\u00e3o judicial evoluiu? Confira\" \/>\n<meta property=\"og:description\" content=\"O que mudou na Oi (OIBR3) no primeiro trimestre deste ano? Fique por dentro dos destaque no andamento da recupera\u00e7\u00e3o judicial da Oi.\" \/>\n<meta property=\"og:url\" content=\"https:\/\/www.suno.com.br\/noticias\/oi-oibr3-1t24-evolucao-plano-recuperacao-judicial-cpf\/\" \/>\n<meta property=\"og:site_name\" content=\"Suno Not\u00edcias\" \/>\n<meta property=\"article:publisher\" content=\"https:\/\/facebook.com\/sunoresearch\" \/>\n<meta property=\"og:image\" content=\"https:\/\/files.sunoresearch.com.br\/n\/uploads\/2024\/04\/oi-telefone-oibr3-1.jpg\" \/>\n\t<meta property=\"og:image:width\" content=\"1200\" \/>\n\t<meta property=\"og:image:height\" content=\"800\" \/>\n\t<meta property=\"og:image:type\" content=\"image\/jpeg\" \/>\n<meta name=\"author\" content=\"Camila Paim\" \/>\n<meta name=\"twitter:card\" content=\"summary_large_image\" \/>\n<meta name=\"twitter:creator\" content=\"@sunoresearch\" \/>\n<meta name=\"twitter:site\" content=\"@sunoresearch\" \/>\n<meta name=\"twitter:label1\" content=\"Escrito por\" \/>\n\t<meta name=\"twitter:data1\" content=\"Camila Paim\" \/>\n\t<meta name=\"twitter:label2\" content=\"Est. tempo de leitura\" \/>\n\t<meta name=\"twitter:data2\" content=\"5 minutos\" \/>\n<script type=\"application\/ld+json\" class=\"yoast-schema-graph\">{\"@context\":\"https:\/\/schema.org\",\"@graph\":[{\"@type\":\"NewsArticle\",\"@id\":\"https:\/\/www.suno.com.br\/noticias\/oi-oibr3-1t24-evolucao-plano-recuperacao-judicial-cpf\/#article\",\"isPartOf\":{\"@id\":\"https:\/\/www.suno.com.br\/noticias\/oi-oibr3-1t24-evolucao-plano-recuperacao-judicial-cpf\/\"},\"author\":{\"name\":\"Camila Paim\",\"@id\":\"https:\/\/www.suno.com.br\/noticias\/#\/schema\/person\/f341d3ae5d1cc685176c9a5327cdfdbb\"},\"headline\":\"Oi (OIBR3): Em que p\u00e9 est\u00e1 o plano de recupera\u00e7\u00e3o judicial da tele em 2024?\",\"datePublished\":\"2024-04-11T13:19:40+00:00\",\"dateModified\":\"2024-04-11T15:20:57+00:00\",\"mainEntityOfPage\":{\"@id\":\"https:\/\/www.suno.com.br\/noticias\/oi-oibr3-1t24-evolucao-plano-recuperacao-judicial-cpf\/\"},\"wordCount\":1032,\"publisher\":{\"@id\":\"https:\/\/www.suno.com.br\/noticias\/#organization\"},\"image\":{\"@id\":\"https:\/\/www.suno.com.br\/noticias\/oi-oibr3-1t24-evolucao-plano-recuperacao-judicial-cpf\/#primaryimage\"},\"thumbnailUrl\":\"https:\/\/files.sunoresearch.com.br\/n\/uploads\/2024\/04\/oi-telefone-oibr3-1.jpg\",\"keywords\":[\"Especialistas\",\"Oi (OIBR3\/OIBR4)\",\"recupera\u00e7\u00e3o judicial\"],\"articleSection\":[\"Neg\u00f3cios\"],\"inLanguage\":\"pt-BR\"},{\"@type\":\"WebPage\",\"@id\":\"https:\/\/www.suno.com.br\/noticias\/oi-oibr3-1t24-evolucao-plano-recuperacao-judicial-cpf\/\",\"url\":\"https:\/\/www.suno.com.br\/noticias\/oi-oibr3-1t24-evolucao-plano-recuperacao-judicial-cpf\/\",\"name\":\"Oi (OIBR3) no 1T24: Como a recupera\u00e7\u00e3o judicial evoluiu? Confira\",\"isPartOf\":{\"@id\":\"https:\/\/www.suno.com.br\/noticias\/#website\"},\"primaryImageOfPage\":{\"@id\":\"https:\/\/www.suno.com.br\/noticias\/oi-oibr3-1t24-evolucao-plano-recuperacao-judicial-cpf\/#primaryimage\"},\"image\":{\"@id\":\"https:\/\/www.suno.com.br\/noticias\/oi-oibr3-1t24-evolucao-plano-recuperacao-judicial-cpf\/#primaryimage\"},\"thumbnailUrl\":\"https:\/\/files.sunoresearch.com.br\/n\/uploads\/2024\/04\/oi-telefone-oibr3-1.jpg\",\"datePublished\":\"2024-04-11T13:19:40+00:00\",\"dateModified\":\"2024-04-11T15:20:57+00:00\",\"description\":\"O que mudou na Oi (OIBR3) no primeiro trimestre deste ano? Fique por dentro dos destaque no andamento da recupera\u00e7\u00e3o judicial da Oi.\",\"breadcrumb\":{\"@id\":\"https:\/\/www.suno.com.br\/noticias\/oi-oibr3-1t24-evolucao-plano-recuperacao-judicial-cpf\/#breadcrumb\"},\"inLanguage\":\"pt-BR\",\"potentialAction\":[{\"@type\":\"ReadAction\",\"target\":[\"https:\/\/www.suno.com.br\/noticias\/oi-oibr3-1t24-evolucao-plano-recuperacao-judicial-cpf\/\"]}]},{\"@type\":\"ImageObject\",\"inLanguage\":\"pt-BR\",\"@id\":\"https:\/\/www.suno.com.br\/noticias\/oi-oibr3-1t24-evolucao-plano-recuperacao-judicial-cpf\/#primaryimage\",\"url\":\"https:\/\/files.sunoresearch.com.br\/n\/uploads\/2024\/04\/oi-telefone-oibr3-1.jpg\",\"contentUrl\":\"https:\/\/files.sunoresearch.com.br\/n\/uploads\/2024\/04\/oi-telefone-oibr3-1.jpg\",\"width\":1200,\"height\":800,\"caption\":\"Oi (OIBR3) - Foto: Unsplash\/ Reprodu\u00e7\u00e3o - Montagem: Suno Not\u00edcias\"},{\"@type\":\"BreadcrumbList\",\"@id\":\"https:\/\/www.suno.com.br\/noticias\/oi-oibr3-1t24-evolucao-plano-recuperacao-judicial-cpf\/#breadcrumb\",\"itemListElement\":[{\"@type\":\"ListItem\",\"position\":1,\"name\":\"Not\u00edcias\",\"item\":\"https:\/\/www.suno.com.br\/noticias\/\"},{\"@type\":\"ListItem\",\"position\":2,\"name\":\"Neg\u00f3cios\",\"item\":\"https:\/\/www.suno.com.br\/noticias\/negocios\/\"},{\"@type\":\"ListItem\",\"position\":3,\"name\":\"Oi (OIBR3): Em que p\u00e9 est\u00e1 o plano de recupera\u00e7\u00e3o judicial da tele em 2024?\"}]},{\"@type\":\"WebSite\",\"@id\":\"https:\/\/www.suno.com.br\/noticias\/#website\",\"url\":\"https:\/\/www.suno.com.br\/noticias\/\",\"name\":\"Suno Not\u00edcias\",\"description\":\"Seu portal de informa\u00e7\u00e3o sobre o mundo dos investimentos\",\"publisher\":{\"@id\":\"https:\/\/www.suno.com.br\/noticias\/#organization\"},\"potentialAction\":[{\"@type\":\"SearchAction\",\"target\":{\"@type\":\"EntryPoint\",\"urlTemplate\":\"https:\/\/www.suno.com.br\/noticias\/?s={search_term_string}\"},\"query-input\":{\"@type\":\"PropertyValueSpecification\",\"valueRequired\":true,\"valueName\":\"search_term_string\"}}],\"inLanguage\":\"pt-BR\"},{\"@type\":\"Organization\",\"@id\":\"https:\/\/www.suno.com.br\/noticias\/#organization\",\"name\":\"Suno Not\u00edcias\",\"url\":\"https:\/\/www.suno.com.br\/noticias\/\",\"logo\":{\"@type\":\"ImageObject\",\"inLanguage\":\"pt-BR\",\"@id\":\"https:\/\/www.suno.com.br\/noticias\/#\/schema\/logo\/image\/\",\"url\":\"https:\/\/files.sunoresearch.com.br\/n\/uploads\/2021\/09\/suno-logo.png\",\"contentUrl\":\"https:\/\/files.sunoresearch.com.br\/n\/uploads\/2021\/09\/suno-logo.png\",\"width\":180,\"height\":180,\"caption\":\"Suno Not\u00edcias\"},\"image\":{\"@id\":\"https:\/\/www.suno.com.br\/noticias\/#\/schema\/logo\/image\/\"},\"sameAs\":[\"https:\/\/facebook.com\/sunoresearch\",\"https:\/\/x.com\/sunoresearch\",\"https:\/\/www.instagram.com\/suno\",\"https:\/\/www.linkedin.com\/company\/suno-research\/\",\"https:\/\/www.youtube.com\/c\/sunoresearch\"]},{\"@type\":\"Person\",\"@id\":\"https:\/\/www.suno.com.br\/noticias\/#\/schema\/person\/f341d3ae5d1cc685176c9a5327cdfdbb\",\"name\":\"Camila Paim\",\"image\":{\"@type\":\"ImageObject\",\"inLanguage\":\"pt-BR\",\"@id\":\"https:\/\/www.suno.com.br\/noticias\/#\/schema\/person\/image\/\",\"url\":\"https:\/\/secure.gravatar.com\/avatar\/f33728e65febb1aa7ecf6792956f9b20?s=96&r=g\",\"contentUrl\":\"https:\/\/secure.gravatar.com\/avatar\/f33728e65febb1aa7ecf6792956f9b20?s=96&r=g\",\"caption\":\"Camila Paim\"},\"description\":\"Jornalista formada pela USP, tem experi\u00eancia em reda\u00e7\u00f5es, SEO, Branded Content e Webdesign. Com passagem pelo Jornal da USP, Empiricus e C6 Bank, hoje \u00e9 rep\u00f3rter no Suno Not\u00edcias cobrindo macroeconomia, finan\u00e7as pessoais e startups.\",\"url\":\"https:\/\/www.suno.com.br\/noticias\/author\/camila-figueiredosuno-com-br\/\"}]}<\/script>\n<!-- \/ Yoast SEO plugin. -->","yoast_head_json":{"title":"Oi (OIBR3) no 1T24: Como a recupera\u00e7\u00e3o judicial evoluiu? Confira","description":"O que mudou na Oi (OIBR3) no primeiro trimestre deste ano? Fique por dentro dos destaque no andamento da recupera\u00e7\u00e3o judicial da Oi.","robots":{"index":"index","follow":"follow","max-snippet":"max-snippet:-1","max-image-preview":"max-image-preview:large","max-video-preview":"max-video-preview:-1"},"canonical":"https:\/\/www.suno.com.br\/noticias\/oi-oibr3-1t24-evolucao-plano-recuperacao-judicial-cpf\/","og_locale":"pt_BR","og_type":"article","og_title":"Oi (OIBR3) no 1T24: Como a recupera\u00e7\u00e3o judicial evoluiu? Confira","og_description":"O que mudou na Oi (OIBR3) no primeiro trimestre deste ano? Fique por dentro dos destaque no andamento da recupera\u00e7\u00e3o judicial da Oi.","og_url":"https:\/\/www.suno.com.br\/noticias\/oi-oibr3-1t24-evolucao-plano-recuperacao-judicial-cpf\/","og_site_name":"Suno Not\u00edcias","article_publisher":"https:\/\/facebook.com\/sunoresearch","og_image":[{"width":1200,"height":800,"url":"https:\/\/files.sunoresearch.com.br\/n\/uploads\/2024\/04\/oi-telefone-oibr3-1.jpg","type":"image\/jpeg"}],"author":"Camila Paim","twitter_card":"summary_large_image","twitter_creator":"@sunoresearch","twitter_site":"@sunoresearch","twitter_misc":{"Escrito por":"Camila Paim","Est. tempo de leitura":"5 minutos"},"schema":{"@context":"https:\/\/schema.org","@graph":[{"@type":"NewsArticle","@id":"https:\/\/www.suno.com.br\/noticias\/oi-oibr3-1t24-evolucao-plano-recuperacao-judicial-cpf\/#article","isPartOf":{"@id":"https:\/\/www.suno.com.br\/noticias\/oi-oibr3-1t24-evolucao-plano-recuperacao-judicial-cpf\/"},"author":{"name":"Camila Paim","@id":"https:\/\/www.suno.com.br\/noticias\/#\/schema\/person\/f341d3ae5d1cc685176c9a5327cdfdbb"},"headline":"Oi (OIBR3): Em que p\u00e9 est\u00e1 o plano de recupera\u00e7\u00e3o judicial da tele em 2024?","datePublished":"2024-04-11T13:19:40+00:00","dateModified":"2024-04-11T15:20:57+00:00","mainEntityOfPage":{"@id":"https:\/\/www.suno.com.br\/noticias\/oi-oibr3-1t24-evolucao-plano-recuperacao-judicial-cpf\/"},"wordCount":1032,"publisher":{"@id":"https:\/\/www.suno.com.br\/noticias\/#organization"},"image":{"@id":"https:\/\/www.suno.com.br\/noticias\/oi-oibr3-1t24-evolucao-plano-recuperacao-judicial-cpf\/#primaryimage"},"thumbnailUrl":"https:\/\/files.sunoresearch.com.br\/n\/uploads\/2024\/04\/oi-telefone-oibr3-1.jpg","keywords":["Especialistas","Oi (OIBR3\/OIBR4)","recupera\u00e7\u00e3o judicial"],"articleSection":["Neg\u00f3cios"],"inLanguage":"pt-BR"},{"@type":"WebPage","@id":"https:\/\/www.suno.com.br\/noticias\/oi-oibr3-1t24-evolucao-plano-recuperacao-judicial-cpf\/","url":"https:\/\/www.suno.com.br\/noticias\/oi-oibr3-1t24-evolucao-plano-recuperacao-judicial-cpf\/","name":"Oi (OIBR3) no 1T24: Como a recupera\u00e7\u00e3o judicial evoluiu? Confira","isPartOf":{"@id":"https:\/\/www.suno.com.br\/noticias\/#website"},"primaryImageOfPage":{"@id":"https:\/\/www.suno.com.br\/noticias\/oi-oibr3-1t24-evolucao-plano-recuperacao-judicial-cpf\/#primaryimage"},"image":{"@id":"https:\/\/www.suno.com.br\/noticias\/oi-oibr3-1t24-evolucao-plano-recuperacao-judicial-cpf\/#primaryimage"},"thumbnailUrl":"https:\/\/files.sunoresearch.com.br\/n\/uploads\/2024\/04\/oi-telefone-oibr3-1.jpg","datePublished":"2024-04-11T13:19:40+00:00","dateModified":"2024-04-11T15:20:57+00:00","description":"O que mudou na Oi (OIBR3) no primeiro trimestre deste ano? Fique por dentro dos destaque no andamento da recupera\u00e7\u00e3o judicial da Oi.","breadcrumb":{"@id":"https:\/\/www.suno.com.br\/noticias\/oi-oibr3-1t24-evolucao-plano-recuperacao-judicial-cpf\/#breadcrumb"},"inLanguage":"pt-BR","potentialAction":[{"@type":"ReadAction","target":["https:\/\/www.suno.com.br\/noticias\/oi-oibr3-1t24-evolucao-plano-recuperacao-judicial-cpf\/"]}]},{"@type":"ImageObject","inLanguage":"pt-BR","@id":"https:\/\/www.suno.com.br\/noticias\/oi-oibr3-1t24-evolucao-plano-recuperacao-judicial-cpf\/#primaryimage","url":"https:\/\/files.sunoresearch.com.br\/n\/uploads\/2024\/04\/oi-telefone-oibr3-1.jpg","contentUrl":"https:\/\/files.sunoresearch.com.br\/n\/uploads\/2024\/04\/oi-telefone-oibr3-1.jpg","width":1200,"height":800,"caption":"Oi (OIBR3) - Foto: Unsplash\/ Reprodu\u00e7\u00e3o - Montagem: Suno Not\u00edcias"},{"@type":"BreadcrumbList","@id":"https:\/\/www.suno.com.br\/noticias\/oi-oibr3-1t24-evolucao-plano-recuperacao-judicial-cpf\/#breadcrumb","itemListElement":[{"@type":"ListItem","position":1,"name":"Not\u00edcias","item":"https:\/\/www.suno.com.br\/noticias\/"},{"@type":"ListItem","position":2,"name":"Neg\u00f3cios","item":"https:\/\/www.suno.com.br\/noticias\/negocios\/"},{"@type":"ListItem","position":3,"name":"Oi (OIBR3): Em que p\u00e9 est\u00e1 o plano de recupera\u00e7\u00e3o judicial da tele em 2024?"}]},{"@type":"WebSite","@id":"https:\/\/www.suno.com.br\/noticias\/#website","url":"https:\/\/www.suno.com.br\/noticias\/","name":"Suno Not\u00edcias","description":"Seu portal de informa\u00e7\u00e3o sobre o mundo dos investimentos","publisher":{"@id":"https:\/\/www.suno.com.br\/noticias\/#organization"},"potentialAction":[{"@type":"SearchAction","target":{"@type":"EntryPoint","urlTemplate":"https:\/\/www.suno.com.br\/noticias\/?s={search_term_string}"},"query-input":{"@type":"PropertyValueSpecification","valueRequired":true,"valueName":"search_term_string"}}],"inLanguage":"pt-BR"},{"@type":"Organization","@id":"https:\/\/www.suno.com.br\/noticias\/#organization","name":"Suno Not\u00edcias","url":"https:\/\/www.suno.com.br\/noticias\/","logo":{"@type":"ImageObject","inLanguage":"pt-BR","@id":"https:\/\/www.suno.com.br\/noticias\/#\/schema\/logo\/image\/","url":"https:\/\/files.sunoresearch.com.br\/n\/uploads\/2021\/09\/suno-logo.png","contentUrl":"https:\/\/files.sunoresearch.com.br\/n\/uploads\/2021\/09\/suno-logo.png","width":180,"height":180,"caption":"Suno Not\u00edcias"},"image":{"@id":"https:\/\/www.suno.com.br\/noticias\/#\/schema\/logo\/image\/"},"sameAs":["https:\/\/facebook.com\/sunoresearch","https:\/\/x.com\/sunoresearch","https:\/\/www.instagram.com\/suno","https:\/\/www.linkedin.com\/company\/suno-research\/","https:\/\/www.youtube.com\/c\/sunoresearch"]},{"@type":"Person","@id":"https:\/\/www.suno.com.br\/noticias\/#\/schema\/person\/f341d3ae5d1cc685176c9a5327cdfdbb","name":"Camila Paim","image":{"@type":"ImageObject","inLanguage":"pt-BR","@id":"https:\/\/www.suno.com.br\/noticias\/#\/schema\/person\/image\/","url":"https:\/\/secure.gravatar.com\/avatar\/f33728e65febb1aa7ecf6792956f9b20?s=96&r=g","contentUrl":"https:\/\/secure.gravatar.com\/avatar\/f33728e65febb1aa7ecf6792956f9b20?s=96&r=g","caption":"Camila Paim"},"description":"Jornalista formada pela USP, tem experi\u00eancia em reda\u00e7\u00f5es, SEO, Branded Content e Webdesign. Com passagem pelo Jornal da USP, Empiricus e C6 Bank, hoje \u00e9 rep\u00f3rter no Suno Not\u00edcias cobrindo macroeconomia, finan\u00e7as pessoais e startups.","url":"https:\/\/www.suno.com.br\/noticias\/author\/camila-figueiredosuno-com-br\/"}]}},"default_loop_html":"<div class=\"cardsPage__listCard__boxs\"><div class=\"cardsPage__listCard__boxs__img\"><a href=\"https:\/\/www.suno.com.br\/noticias\/oi-oibr3-1t24-evolucao-plano-recuperacao-judicial-cpf\/\"><img class=\"mask\" src=\"https:\/\/www.suno.com.br\/noticias\/wp-content\/themes\/suno\/resources\/images\/spotlight\/spotlight1img\/bg-mask.png\" alt=\"Image Mask\"\/><img src=\"https:\/\/files.sunoresearch.com.br\/n\/uploads\/2024\/04\/oi-telefone-oibr3-1-400x200.jpg\" alt=\"Oi (OIBR3): Em que p\u00e9 est\u00e1 o plano de recupera\u00e7\u00e3o judicial da tele em 2024?\"\/><\/a><span class=\"spotlightCategory\"><a href=\"https:\/\/www.suno.com.br\/noticias\/negocios\/\">Neg\u00f3cios<\/a><\/span><\/div><div class=\"cardsPage__listCard__boxs__content\"><a href=\"https:\/\/www.suno.com.br\/noticias\/oi-oibr3-1t24-evolucao-plano-recuperacao-judicial-cpf\/\"><h2 class=\"content__title\">Oi (OIBR3): Em que p\u00e9 est\u00e1 o plano de recupera\u00e7\u00e3o judicial da tele em 2024?<\/h2><\/a><div class=\"newsContent__article__meta\"><div class=\"newsContent__article__meta__authorBox\"><a href=\"https:\/\/www.suno.com.br\/noticias\/author\/camila-figueiredosuno-com-br\/\" class=\"authorBox__avatar noMobi\"><img src=\"https:\/\/files.sunoresearch.com.br\/n\/uploads\/2024\/05\/camila-paim-square-150x150.jpg\" alt=\"Camila Paim\"><\/a><div class=\"authorBox__name\"><span>por\n\t\t\t<a href=\"https:\/\/www.suno.com.br\/noticias\/author\/camila-figueiredosuno-com-br\/\"><span itemprop=\"author\">Camila Paim<\/span><\/a><\/span><time datetime=\"2024-04-11T10:19:40-03:00\" itemprop=\"datePublished\">11\/04\/2024 10:19<\/time><\/div><\/div><\/div><\/div><\/div>","single_layout":"posts","amp_enabled":true,"_links":{"self":[{"href":"https:\/\/www.suno.com.br\/noticias\/wp-json\/wp\/v2\/posts\/542997"}],"collection":[{"href":"https:\/\/www.suno.com.br\/noticias\/wp-json\/wp\/v2\/posts"}],"about":[{"href":"https:\/\/www.suno.com.br\/noticias\/wp-json\/wp\/v2\/types\/post"}],"author":[{"embeddable":true,"href":"https:\/\/www.suno.com.br\/noticias\/wp-json\/wp\/v2\/users\/283"}],"replies":[{"embeddable":true,"href":"https:\/\/www.suno.com.br\/noticias\/wp-json\/wp\/v2\/comments?post=542997"}],"version-history":[{"count":2,"href":"https:\/\/www.suno.com.br\/noticias\/wp-json\/wp\/v2\/posts\/542997\/revisions"}],"predecessor-version":[{"id":543107,"href":"https:\/\/www.suno.com.br\/noticias\/wp-json\/wp\/v2\/posts\/542997\/revisions\/543107"}],"wp:featuredmedia":[{"embeddable":true,"href":"https:\/\/www.suno.com.br\/noticias\/wp-json\/wp\/v2\/media\/543029"}],"wp:attachment":[{"href":"https:\/\/www.suno.com.br\/noticias\/wp-json\/wp\/v2\/media?parent=542997"}],"wp:term":[{"taxonomy":"category","embeddable":true,"href":"https:\/\/www.suno.com.br\/noticias\/wp-json\/wp\/v2\/categories?post=542997"},{"taxonomy":"post_tag","embeddable":true,"href":"https:\/\/www.suno.com.br\/noticias\/wp-json\/wp\/v2\/tags?post=542997"},{"taxonomy":"suno_strategy","embeddable":true,"href":"https:\/\/www.suno.com.br\/noticias\/wp-json\/wp\/v2\/suno_strategy?post=542997"}],"curies":[{"name":"wp","href":"https:\/\/api.w.org\/{rel}","templated":true}]}}