{"id":54293,"date":"2020-03-01T09:00:12","date_gmt":"2020-03-01T12:00:12","guid":{"rendered":"https:\/\/www.suno.com.br\/noticias\/?p=54293"},"modified":"2020-03-04T17:05:45","modified_gmt":"2020-03-04T20:05:45","slug":"small-caps-que-mais-valorizaram-fevereiro","status":"publish","type":"post","link":"https:\/\/www.suno.com.br\/noticias\/small-caps-que-mais-valorizaram-fevereiro\/","title":{"rendered":"Confira as small caps que mais valorizaram em fevereiro"},"content":{"rendered":"<p>O m\u00eas de fevereiro foi de grande volatilidade na <a href=\"https:\/\/www.suno.com.br\/artigos\/b3\/\">Bolsa de Valores de S\u00e3o Paulo (<strong>B3<\/strong>)<\/a>. O coronav\u00edrus (Covid-19) chegou ao Brasil e, ap\u00f3s a abertura do mercado depois do feriado do carnaval, caiu mais de 7%, atingindo desde <strong>blue chips<\/strong> at\u00e9 <strong>small caps<\/strong>.<\/p>\t<div class=\"wrapper-featured-image\">\n\t\t<figure class=\"spotlightImg\">\n\n\t\t\t<picture>\n\t\t\t\t<source media=\"(max-width: 768px)\" srcset=\"https:\/\/files.sunoresearch.com.br\/n\/uploads\/2020\/02\/2c9718e6-small-caps-400x200.webp\">\n\t\t\t\t<img loading=\"lazy\" decoding=\"async\" class=\"newsContent__article__imgCapa lazyloadDisabled newsContent__article__imgCapa--noCaption\" src=\"https:\/\/files.sunoresearch.com.br\/n\/uploads\/2020\/02\/2c9718e6-small-caps-800x450.webp\" width=\"800\" height=\"450\" alt=\"Confira as small caps que mais valorizaram em fevereiro\" fetchpriority=high \/>\n\t\t\t<\/picture>\n\n\t\t\t<figcaption class=\"wp-caption-text wp-caption-text--hide\">Confira as small caps que mais valorizaram em maio<\/figcaption>\n\t\t<\/figure>\n\t<\/div>\n\n\n\n<p>A \u00faltima vez que houve uma desvaloriza\u00e7\u00e3o deste patamar em apenas um preg\u00e3o foi em 17 de maio de 2017, dia que ficou conhecido como &#8220;Joesley Day&#8221;. No entanto, no acumulado mensal, algumas <a href=\"https:\/\/www.youtube.com\/watch?v=g14ywH1C4bQ\">small caps fecharam fevereiro de forma positiva<\/a>.<\/p>\n<p>O <a href=\"https:\/\/www.suno.com.br\/artigos\/smal11\/\"><strong>SMAL11<\/strong>, ETF que replica a carteira te\u00f3rica de small caps do mercado<\/a>, caiu 10,62% em fevereiro. Em contraponto ao \u00edndice, seguindo seus <a href=\"https:\/\/www.suno.com.br\/artigos\/small-caps\/\">crit\u00e9rios metodol\u00f3gicos<\/a>, confira quais foram as quatro a\u00e7\u00f5es que melhor desempenharam desde o primeiro dia do m\u00eas, salientando que esta mat\u00e9ria <strong>n\u00e3o \u00e9 uma recomenda\u00e7\u00e3o de investimento<\/strong>.<\/p>\n<h2>Centauro<\/h2>\n<p>A hist\u00f3ria da <a href=\"https:\/\/www.suno.com.br\/acoes\/cnto3\/\"><strong>Centauro<\/strong> (CNTO3)<\/a> come\u00e7ou em 1981 em Belo Horizonte, Minas Gerais. Possui 192 distribu\u00eddas em 97 cidades, presente em 23 estados, mais o Distrito Federal.<\/p>\n<p>A companhia &#8220;\u00e9 a maior varejista de produtos esportivos da Am\u00e9rica Latina e possui o maior <em>Brand Awareness<\/em> entre as companhias de varejo esportivo no Brasil&#8221;.<\/p>\n<p><span style=\"font-size: 1.21429rem;\">\t<p>\n\t\t<a href=\"https:\/\/lp.suno.com.br\/planilha-da-vida-financeira\/\" target=\"_blank\" data-element=\"shortcode-suno-banner\" title=\"Banner SUNO, clique e saiba mais\">\n\t\t\t<picture>\n\t\t\t\t<source media=\"(max-width: 500px)\" srcset=\"https:\/\/files.sunoresearch.com.br\/n\/uploads\/2023\/04\/400x300-Planilha-vida-financeira-true.png\">\n\t\t\t\t<img class=\"newsContent__article__imgCapa newsContent__article__imgCapa--banner\"\n\t\t\t\t\tsrc=\"https:\/\/files.sunoresearch.com.br\/n\/uploads\/2023\/04\/1420x240-Planilha-vida-financeira-true.png\"\n\t\t\t\t\tdata-promo-id=\"106682\"\t\t\t\t\t\t\t\t\t\twidth='1420' height='240'\t\t\t\t\talt=\"https:\/\/files.sunoresearch.com.br\/n\/uploads\/2023\/04\/1420x240-Planilha-vida-financeira-true.png\"\n\t\t\t\t>\n\t\t\t<\/picture>\n\t\t<\/a>\n\t<\/p>\n\n<\/span><\/p>\n<p>No terceiro trimestre de 2019, a empresa apresentou um lucro l\u00edquido de R$ 46,8 milh\u00f5es, alta de 21,8% em compara\u00e7\u00e3o com o mesmo per\u00edodo do ano anterior. J\u00e1 o <a href=\"https:\/\/www.suno.com.br\/artigos\/ebitda\/\"><strong>Ebitda<\/strong> (lucro antes de juros, impostos, deprecia\u00e7\u00e3o e amortiza\u00e7\u00e3o)<\/a> atingiu R$ 80,6 milh\u00f5es, equivalente a uma queda de 1,8% frente ao terceiro trimestre de 2018. Ambos os resultados n\u00e3o consideram o efeito <a href=\"https:\/\/www.suno.com.br\/artigos\/contabilidade-internacional\/\">IFRS 16<\/a>.<\/p>\n<p>O valor de mercado da Centauro \u00e9 de R$ 9,16 bilh\u00f5es. Nos \u00faltimos 12 meses, as a\u00e7\u00f5es da empresa apresentaram uma valoriza\u00e7\u00e3o de cerca de 290%. Os pap\u00e9is ordin\u00e1rios da companhia, na \u00faltima sexta-feira (28), fecharam o preg\u00e3o na B3 a R$ 43,59, terminando fevereiro com uma alta de 9,8%.<\/p>\n<h2>Marfrig<\/h2>\n<p>A <a href=\"https:\/\/www.suno.com.br\/acoes\/mrfg3\/\"><strong>Marfrig Global Foods<\/strong> (MRFG3)<\/a> \u00e9 uma multinacional brasileira que opera no setor aliment\u00edcio. \u00c9 a segunda maior produtora de carne bovina do mundo. A companhia possui escrit\u00f3rios na Am\u00e9rica do Sul, Am\u00e9rica do Norte e \u00c1sia. Em sua opera\u00e7\u00e3o, a Marfrig det\u00e9m 36 unidades de processamento, sendo 24 unit\u00e1rias, al\u00e9m de 10 centros de distribui\u00e7\u00e3o.<\/p>\n<p>Em novembro de 2018, a empresa concluiu a venda da <strong>Keystone Foods<\/strong>, em linha com o seu objetivo de reduzir sua alavancagem financeira. Com isso, segundo a companhia, a empresa tornou-se mais simples, focada e com estrutura de capital adequada ao setor.<\/p>\n<p><a href=\"https:\/\/www.suno.com.br\/noticias\/riscos-da-economia-global-2020\/\">Saiba mais: Os cinco principais riscos \u00e0 economia global em 2020<\/a><\/p>\n<p>A empresa destaca que, em 2019, consolidou a posi\u00e7\u00e3o de l\u00edder na produ\u00e7\u00e3o de hamb\u00fargueres em todo o mundo.<\/p>\n<p>O valor de mercado da empresa \u00e9 de R$ 8,58 bilh\u00f5es. Em todo o ano passado, as a\u00e7\u00f5es da empresa apresentaram uma valoriza\u00e7\u00e3o de 82,42%. Os pap\u00e9is ordin\u00e1rios da companhia, na \u00faltima sexta-feira, terminaram o preg\u00e3o a R$ 12,07, fechando fevereiro com uma alta de 7,58%.<\/p>\n<h2>Duratex<\/h2>\n<p>A <a href=\"https:\/\/www.suno.com.br\/acoes\/dtex3\/\"><strong>Duratex<\/strong> (DTEX3)<\/a>, fundada em 1951, \u00e9 uma empresa que atua nos segmentos de madeira, deca e revestimentos cer\u00e2micos. Possui 6 unidades florestais e 16 unidades no Pa\u00eds, al\u00e9m de 3 fabricas na Col\u00f4mbia. 40% de suas a\u00e7\u00f5es est\u00e3o em posse da <a href=\"https:\/\/www.suno.com.br\/acoes\/itsa4\/\"><strong>Ita\u00fasa<\/strong> (ITSA4)<\/a>, 20% s\u00e3o do Grupo Ligna, e 20% est\u00e3o em free float na B3.<\/p>\n<p>No acumulado de 2019, a empresa teve um Ebitda ajustado e recorrente de R$ 908,9 milh\u00f5es, uma alta de 7,1% em rela\u00e7\u00e3o ao resultado do ano anterior.<\/p>\n<p>No ano, a <a href=\"https:\/\/www.suno.com.br\/artigos\/geracao-de-caixa\/\"><strong>gera\u00e7\u00e3o de caixa<\/strong><\/a> da companhia foi de R$ 459,7 milh\u00f5es, 181% maior do que o reportado em 2018. Esse montante, no entanto, exclui efeitos n\u00e3o recorrentes, como os recebimentos referentes \u00e0s vendas de ativos florestais realizadas no per\u00edodo.<\/p>\n<p><span style=\"font-size: 1.21429rem;\">\t<p>\n\t\t<a href=\"https:\/\/lp.suno.com.br\/planilha-controle-gastos\/\" target=\"_blank\" data-element=\"shortcode-suno-banner\" title=\"Banner SUNO, clique e saiba mais\">\n\t\t\t<picture>\n\t\t\t\t<source media=\"(max-width: 500px)\" srcset=\"https:\/\/files.sunoresearch.com.br\/n\/uploads\/2023\/03\/400x300-Planilha-controle-de-gastos.png\">\n\t\t\t\t<img class=\"newsContent__article__imgCapa newsContent__article__imgCapa--banner\"\n\t\t\t\t\tsrc=\"https:\/\/files.sunoresearch.com.br\/n\/uploads\/2023\/03\/1420x240-Planilha-controle-de-gastos.png\"\n\t\t\t\t\tdata-promo-id=\"311945\"\t\t\t\t\t\t\t\t\t\twidth='1420' height='240'\t\t\t\t\talt=\"https:\/\/files.sunoresearch.com.br\/n\/uploads\/2023\/03\/1420x240-Planilha-controle-de-gastos.png\"\n\t\t\t\t>\n\t\t\t<\/picture>\n\t\t<\/a>\n\t<\/p>\n\n<\/span><\/p>\n<p>Atualmente, o valor de mercado da companhia \u00e9 de R$ 12,03 bilh\u00f5es. No acumulado do ano passado, as a\u00e7\u00f5es da empresa apresentaram uma valoriza\u00e7\u00e3o de 44,26%. Na \u00faltima sexta-feira, as a\u00e7\u00f5es ordin\u00e1rias da empresa fecharam o preg\u00e3o a R$ 17,39, terminaram fevereiro com uma valoriza\u00e7\u00e3o de 7,35%.<\/p>\n<h2>M.Dias Branco<\/h2>\n<p>Criada em 1961, a <a href=\"https:\/\/www.suno.com.br\/acoes\/mdia3\/\"><strong>M.Dias Branco<\/strong> (MDIA3)<\/a> \u00e9 uma companhia de alimentos que fabrica, comercializa e distribui biscoitos, massas, bolos e farinha de trigo, entre outros produtos, em todo o Brasil, com sede na cidade de Eus\u00e9bio, Cear\u00e1.<\/p>\n<p>No terceiro trimestre do ano passado, a empresa apresentou um <strong><a href=\"https:\/\/www.suno.com.br\/artigos\/lucro-liquido\/\">lucro l\u00edquido<\/a><\/strong> de R$ 134,5 milh\u00f5es, uma queda de 42,6% em compara\u00e7\u00e3o com o mesmo intervalo de 2018.<\/p>\n<p><a href=\"https:\/\/www.suno.com.br\/noticias\/serena-williams-conheca-empresa-liderada-atleta\/\">Confira: Serena Williams: conhe\u00e7a a empresa de investimentos liderada pela atleta<\/a><\/p>\n<p>De acordo com a M.Dias Branco, a retra\u00e7\u00e3o do lucro se deu por conta de eventos n\u00e3o recorrentes, como &#8220;as receitas de cr\u00e9ditos tribut\u00e1rios extempor\u00e2neos l\u00edquidos de honor\u00e1rios advocat\u00edcios, revis\u00e3o do quadro de colaboradores, implementa\u00e7\u00e3o do novo modelo log\u00edstico e in\u00edcio da deprecia\u00e7\u00e3o de novas linhas de produ\u00e7\u00e3o&#8221;, entre outras raz\u00f5es.<\/p>\n<p>O <a href=\"https:\/\/www.suno.com.br\/artigos\/valor-de-mercado\/\"><strong>valor de mercado<\/strong><\/a> da empresa, que \u00e9 uma das mais tradicionais <strong>small caps<\/strong> do mercado, \u00e9 de R$ 13,89 bilh\u00f5es. No acumulado de 2019, as a\u00e7\u00f5es da empresa apresentaram uma desvaloriza\u00e7\u00e3o de 10,86%. Os pap\u00e9is ordin\u00e1rios da companhia, na \u00faltima sexta-feira, terminaram o preg\u00e3o a R$ 41, fechando fevereiro com uma alta de 5,67%.<\/p>\n\n","protected":false},"excerpt":{"rendered":"<p>O m\u00eas de fevereiro foi de grande volatilidade na Bolsa de Valores de S\u00e3o Paulo (B3). O coronav\u00edrus (Covid-19) chegou ao Brasil e, ap\u00f3s a abertura do mercado depois do feriado do carnaval, caiu mais de 7%, atingindo desde blue chips at\u00e9 small caps. Confira as small caps que mais valorizaram em maio A \u00faltima [&hellip;]<\/p>\n","protected":false},"author":24,"featured_media":54458,"comment_status":"closed","ping_status":"closed","sticky":false,"template":"","format":"standard","meta":[],"categories":[64],"tags":[1937,1329,451,546,552,304],"suno_strategy":[],"class_list":["post-54293","post","type-post","status-publish","format-standard","has-post-thumbnail","hentry","category-negocios","tag-bolsa-de-valores-de-sao-paulo-b3","tag-centauro-cnto3","tag-duratex-dtex3","tag-m-dias-branco-mdia3","tag-marfrig-mrfg3","tag-small-caps"],"yoast_head":"<!-- This site is optimized with the Yoast SEO plugin v24.4 - https:\/\/yoast.com\/wordpress\/plugins\/seo\/ -->\n<title>Small caps: confira as que mais valorizaram em fevereiro<\/title>\n<meta name=\"description\" content=\"Em um m\u00eas de alta volatilidade, o Ibovespa fechou em queda. No entanto, algumas small caps finalizaram o m\u00eas em alta. Clique e saiba mais.\" \/>\n<meta name=\"robots\" content=\"index, follow, max-snippet:-1, max-image-preview:large, max-video-preview:-1\" \/>\n<link rel=\"canonical\" href=\"https:\/\/www.suno.com.br\/noticias\/small-caps-que-mais-valorizaram-fevereiro\/\" \/>\n<meta property=\"og:locale\" content=\"pt_BR\" \/>\n<meta property=\"og:type\" content=\"article\" \/>\n<meta property=\"og:title\" content=\"Small caps: confira as que mais valorizaram em fevereiro\" \/>\n<meta property=\"og:description\" content=\"Em um m\u00eas de alta volatilidade, o Ibovespa fechou em queda. No entanto, algumas small caps finalizaram o m\u00eas em alta. Clique e saiba mais.\" \/>\n<meta property=\"og:url\" content=\"https:\/\/www.suno.com.br\/noticias\/small-caps-que-mais-valorizaram-fevereiro\/\" \/>\n<meta property=\"og:site_name\" content=\"Suno Not\u00edcias\" \/>\n<meta property=\"article:publisher\" content=\"https:\/\/facebook.com\/sunoresearch\" \/>\n<meta property=\"og:image\" content=\"https:\/\/files.sunoresearch.com.br\/n\/uploads\/2020\/02\/2c9718e6-small-caps.jpg\" \/>\n\t<meta property=\"og:image:width\" content=\"1700\" \/>\n\t<meta property=\"og:image:height\" content=\"1133\" \/>\n\t<meta property=\"og:image:type\" content=\"image\/jpeg\" \/>\n<meta name=\"author\" content=\"Jader Lazarini\" \/>\n<meta name=\"twitter:card\" content=\"summary_large_image\" \/>\n<meta name=\"twitter:creator\" content=\"@sunoresearch\" \/>\n<meta name=\"twitter:site\" content=\"@sunoresearch\" \/>\n<meta name=\"twitter:label1\" content=\"Escrito por\" \/>\n\t<meta name=\"twitter:data1\" content=\"Jader Lazarini\" \/>\n\t<meta name=\"twitter:label2\" content=\"Est. tempo de leitura\" \/>\n\t<meta name=\"twitter:data2\" content=\"4 minutos\" \/>\n<script type=\"application\/ld+json\" class=\"yoast-schema-graph\">{\"@context\":\"https:\/\/schema.org\",\"@graph\":[{\"@type\":\"NewsArticle\",\"@id\":\"https:\/\/www.suno.com.br\/noticias\/small-caps-que-mais-valorizaram-fevereiro\/#article\",\"isPartOf\":{\"@id\":\"https:\/\/www.suno.com.br\/noticias\/small-caps-que-mais-valorizaram-fevereiro\/\"},\"author\":{\"name\":\"Jader Lazarini\",\"@id\":\"https:\/\/www.suno.com.br\/noticias\/#\/schema\/person\/918d79de1f0281f01599b93f9ea6e23f\"},\"headline\":\"Confira as small caps que mais valorizaram em fevereiro\",\"datePublished\":\"2020-03-01T12:00:12+00:00\",\"dateModified\":\"2020-03-04T20:05:45+00:00\",\"mainEntityOfPage\":{\"@id\":\"https:\/\/www.suno.com.br\/noticias\/small-caps-que-mais-valorizaram-fevereiro\/\"},\"wordCount\":890,\"publisher\":{\"@id\":\"https:\/\/www.suno.com.br\/noticias\/#organization\"},\"image\":{\"@id\":\"https:\/\/www.suno.com.br\/noticias\/small-caps-que-mais-valorizaram-fevereiro\/#primaryimage\"},\"thumbnailUrl\":\"https:\/\/files.sunoresearch.com.br\/n\/uploads\/2020\/02\/2c9718e6-small-caps-jpg.webp\",\"keywords\":[\"Bolsa de Valores de S\u00e3o Paulo (B3)\",\"Centauro (CNTO3)\",\"Duratex (DTEX3)\",\"M.Dias Branco (MDIA3)\",\"Marfrig (MRFG3)\",\"Small Caps\"],\"articleSection\":[\"Neg\u00f3cios\"],\"inLanguage\":\"pt-BR\"},{\"@type\":\"WebPage\",\"@id\":\"https:\/\/www.suno.com.br\/noticias\/small-caps-que-mais-valorizaram-fevereiro\/\",\"url\":\"https:\/\/www.suno.com.br\/noticias\/small-caps-que-mais-valorizaram-fevereiro\/\",\"name\":\"Small caps: confira as que mais valorizaram em fevereiro\",\"isPartOf\":{\"@id\":\"https:\/\/www.suno.com.br\/noticias\/#website\"},\"primaryImageOfPage\":{\"@id\":\"https:\/\/www.suno.com.br\/noticias\/small-caps-que-mais-valorizaram-fevereiro\/#primaryimage\"},\"image\":{\"@id\":\"https:\/\/www.suno.com.br\/noticias\/small-caps-que-mais-valorizaram-fevereiro\/#primaryimage\"},\"thumbnailUrl\":\"https:\/\/files.sunoresearch.com.br\/n\/uploads\/2020\/02\/2c9718e6-small-caps-jpg.webp\",\"datePublished\":\"2020-03-01T12:00:12+00:00\",\"dateModified\":\"2020-03-04T20:05:45+00:00\",\"description\":\"Em um m\u00eas de alta volatilidade, o Ibovespa fechou em queda. No entanto, algumas small caps finalizaram o m\u00eas em alta. Clique e saiba mais.\",\"breadcrumb\":{\"@id\":\"https:\/\/www.suno.com.br\/noticias\/small-caps-que-mais-valorizaram-fevereiro\/#breadcrumb\"},\"inLanguage\":\"pt-BR\",\"potentialAction\":[{\"@type\":\"ReadAction\",\"target\":[\"https:\/\/www.suno.com.br\/noticias\/small-caps-que-mais-valorizaram-fevereiro\/\"]}]},{\"@type\":\"ImageObject\",\"inLanguage\":\"pt-BR\",\"@id\":\"https:\/\/www.suno.com.br\/noticias\/small-caps-que-mais-valorizaram-fevereiro\/#primaryimage\",\"url\":\"https:\/\/files.sunoresearch.com.br\/n\/uploads\/2020\/02\/2c9718e6-small-caps-jpg.webp\",\"contentUrl\":\"https:\/\/files.sunoresearch.com.br\/n\/uploads\/2020\/02\/2c9718e6-small-caps-jpg.webp\",\"width\":1700,\"height\":1133,\"caption\":\"Confira as small caps que mais valorizaram em maio\"},{\"@type\":\"BreadcrumbList\",\"@id\":\"https:\/\/www.suno.com.br\/noticias\/small-caps-que-mais-valorizaram-fevereiro\/#breadcrumb\",\"itemListElement\":[{\"@type\":\"ListItem\",\"position\":1,\"name\":\"Not\u00edcias\",\"item\":\"https:\/\/www.suno.com.br\/noticias\/\"},{\"@type\":\"ListItem\",\"position\":2,\"name\":\"Neg\u00f3cios\",\"item\":\"https:\/\/www.suno.com.br\/noticias\/negocios\/\"},{\"@type\":\"ListItem\",\"position\":3,\"name\":\"Confira as small caps que mais valorizaram em fevereiro\"}]},{\"@type\":\"WebSite\",\"@id\":\"https:\/\/www.suno.com.br\/noticias\/#website\",\"url\":\"https:\/\/www.suno.com.br\/noticias\/\",\"name\":\"Suno Not\u00edcias\",\"description\":\"Seu portal de informa\u00e7\u00e3o sobre o mundo dos investimentos\",\"publisher\":{\"@id\":\"https:\/\/www.suno.com.br\/noticias\/#organization\"},\"potentialAction\":[{\"@type\":\"SearchAction\",\"target\":{\"@type\":\"EntryPoint\",\"urlTemplate\":\"https:\/\/www.suno.com.br\/noticias\/?s={search_term_string}\"},\"query-input\":{\"@type\":\"PropertyValueSpecification\",\"valueRequired\":true,\"valueName\":\"search_term_string\"}}],\"inLanguage\":\"pt-BR\"},{\"@type\":\"Organization\",\"@id\":\"https:\/\/www.suno.com.br\/noticias\/#organization\",\"name\":\"Suno Not\u00edcias\",\"url\":\"https:\/\/www.suno.com.br\/noticias\/\",\"logo\":{\"@type\":\"ImageObject\",\"inLanguage\":\"pt-BR\",\"@id\":\"https:\/\/www.suno.com.br\/noticias\/#\/schema\/logo\/image\/\",\"url\":\"https:\/\/files.sunoresearch.com.br\/n\/uploads\/2021\/09\/suno-logo.png\",\"contentUrl\":\"https:\/\/files.sunoresearch.com.br\/n\/uploads\/2021\/09\/suno-logo.png\",\"width\":180,\"height\":180,\"caption\":\"Suno Not\u00edcias\"},\"image\":{\"@id\":\"https:\/\/www.suno.com.br\/noticias\/#\/schema\/logo\/image\/\"},\"sameAs\":[\"https:\/\/facebook.com\/sunoresearch\",\"https:\/\/x.com\/sunoresearch\",\"https:\/\/www.instagram.com\/suno\",\"https:\/\/www.linkedin.com\/company\/suno-research\/\",\"https:\/\/www.youtube.com\/c\/sunoresearch\"]},{\"@type\":\"Person\",\"@id\":\"https:\/\/www.suno.com.br\/noticias\/#\/schema\/person\/918d79de1f0281f01599b93f9ea6e23f\",\"name\":\"Jader Lazarini\",\"image\":{\"@type\":\"ImageObject\",\"inLanguage\":\"pt-BR\",\"@id\":\"https:\/\/www.suno.com.br\/noticias\/#\/schema\/person\/image\/\",\"url\":\"https:\/\/secure.gravatar.com\/avatar\/3c1ad8caa51589841baeb923fcddea97?s=96&r=g\",\"contentUrl\":\"https:\/\/secure.gravatar.com\/avatar\/3c1ad8caa51589841baeb923fcddea97?s=96&r=g\",\"caption\":\"Jader Lazarini\"},\"description\":\"Jader Lazarini escreve sobre investimentos, finan\u00e7as, economia e neg\u00f3cios. \u00c9 bacharel em Rela\u00e7\u00f5es Internacionais e analista CNPI (2619).\",\"url\":\"https:\/\/www.suno.com.br\/noticias\/author\/jader-lazarini\/\"}]}<\/script>\n<!-- \/ Yoast SEO plugin. -->","yoast_head_json":{"title":"Small caps: confira as que mais valorizaram em fevereiro","description":"Em um m\u00eas de alta volatilidade, o Ibovespa fechou em queda. No entanto, algumas small caps finalizaram o m\u00eas em alta. Clique e saiba mais.","robots":{"index":"index","follow":"follow","max-snippet":"max-snippet:-1","max-image-preview":"max-image-preview:large","max-video-preview":"max-video-preview:-1"},"canonical":"https:\/\/www.suno.com.br\/noticias\/small-caps-que-mais-valorizaram-fevereiro\/","og_locale":"pt_BR","og_type":"article","og_title":"Small caps: confira as que mais valorizaram em fevereiro","og_description":"Em um m\u00eas de alta volatilidade, o Ibovespa fechou em queda. No entanto, algumas small caps finalizaram o m\u00eas em alta. Clique e saiba mais.","og_url":"https:\/\/www.suno.com.br\/noticias\/small-caps-que-mais-valorizaram-fevereiro\/","og_site_name":"Suno Not\u00edcias","article_publisher":"https:\/\/facebook.com\/sunoresearch","og_image":[{"width":1700,"height":1133,"url":"https:\/\/files.sunoresearch.com.br\/n\/uploads\/2020\/02\/2c9718e6-small-caps.jpg","type":"image\/jpeg"}],"author":"Jader Lazarini","twitter_card":"summary_large_image","twitter_creator":"@sunoresearch","twitter_site":"@sunoresearch","twitter_misc":{"Escrito por":"Jader Lazarini","Est. tempo de leitura":"4 minutos"},"schema":{"@context":"https:\/\/schema.org","@graph":[{"@type":"NewsArticle","@id":"https:\/\/www.suno.com.br\/noticias\/small-caps-que-mais-valorizaram-fevereiro\/#article","isPartOf":{"@id":"https:\/\/www.suno.com.br\/noticias\/small-caps-que-mais-valorizaram-fevereiro\/"},"author":{"name":"Jader Lazarini","@id":"https:\/\/www.suno.com.br\/noticias\/#\/schema\/person\/918d79de1f0281f01599b93f9ea6e23f"},"headline":"Confira as small caps que mais valorizaram em fevereiro","datePublished":"2020-03-01T12:00:12+00:00","dateModified":"2020-03-04T20:05:45+00:00","mainEntityOfPage":{"@id":"https:\/\/www.suno.com.br\/noticias\/small-caps-que-mais-valorizaram-fevereiro\/"},"wordCount":890,"publisher":{"@id":"https:\/\/www.suno.com.br\/noticias\/#organization"},"image":{"@id":"https:\/\/www.suno.com.br\/noticias\/small-caps-que-mais-valorizaram-fevereiro\/#primaryimage"},"thumbnailUrl":"https:\/\/files.sunoresearch.com.br\/n\/uploads\/2020\/02\/2c9718e6-small-caps-jpg.webp","keywords":["Bolsa de Valores de S\u00e3o Paulo (B3)","Centauro (CNTO3)","Duratex (DTEX3)","M.Dias Branco (MDIA3)","Marfrig (MRFG3)","Small Caps"],"articleSection":["Neg\u00f3cios"],"inLanguage":"pt-BR"},{"@type":"WebPage","@id":"https:\/\/www.suno.com.br\/noticias\/small-caps-que-mais-valorizaram-fevereiro\/","url":"https:\/\/www.suno.com.br\/noticias\/small-caps-que-mais-valorizaram-fevereiro\/","name":"Small caps: confira as que mais valorizaram em fevereiro","isPartOf":{"@id":"https:\/\/www.suno.com.br\/noticias\/#website"},"primaryImageOfPage":{"@id":"https:\/\/www.suno.com.br\/noticias\/small-caps-que-mais-valorizaram-fevereiro\/#primaryimage"},"image":{"@id":"https:\/\/www.suno.com.br\/noticias\/small-caps-que-mais-valorizaram-fevereiro\/#primaryimage"},"thumbnailUrl":"https:\/\/files.sunoresearch.com.br\/n\/uploads\/2020\/02\/2c9718e6-small-caps-jpg.webp","datePublished":"2020-03-01T12:00:12+00:00","dateModified":"2020-03-04T20:05:45+00:00","description":"Em um m\u00eas de alta volatilidade, o Ibovespa fechou em queda. No entanto, algumas small caps finalizaram o m\u00eas em alta. Clique e saiba mais.","breadcrumb":{"@id":"https:\/\/www.suno.com.br\/noticias\/small-caps-que-mais-valorizaram-fevereiro\/#breadcrumb"},"inLanguage":"pt-BR","potentialAction":[{"@type":"ReadAction","target":["https:\/\/www.suno.com.br\/noticias\/small-caps-que-mais-valorizaram-fevereiro\/"]}]},{"@type":"ImageObject","inLanguage":"pt-BR","@id":"https:\/\/www.suno.com.br\/noticias\/small-caps-que-mais-valorizaram-fevereiro\/#primaryimage","url":"https:\/\/files.sunoresearch.com.br\/n\/uploads\/2020\/02\/2c9718e6-small-caps-jpg.webp","contentUrl":"https:\/\/files.sunoresearch.com.br\/n\/uploads\/2020\/02\/2c9718e6-small-caps-jpg.webp","width":1700,"height":1133,"caption":"Confira as small caps que mais valorizaram em maio"},{"@type":"BreadcrumbList","@id":"https:\/\/www.suno.com.br\/noticias\/small-caps-que-mais-valorizaram-fevereiro\/#breadcrumb","itemListElement":[{"@type":"ListItem","position":1,"name":"Not\u00edcias","item":"https:\/\/www.suno.com.br\/noticias\/"},{"@type":"ListItem","position":2,"name":"Neg\u00f3cios","item":"https:\/\/www.suno.com.br\/noticias\/negocios\/"},{"@type":"ListItem","position":3,"name":"Confira as small caps que mais valorizaram em fevereiro"}]},{"@type":"WebSite","@id":"https:\/\/www.suno.com.br\/noticias\/#website","url":"https:\/\/www.suno.com.br\/noticias\/","name":"Suno Not\u00edcias","description":"Seu portal de informa\u00e7\u00e3o sobre o mundo dos investimentos","publisher":{"@id":"https:\/\/www.suno.com.br\/noticias\/#organization"},"potentialAction":[{"@type":"SearchAction","target":{"@type":"EntryPoint","urlTemplate":"https:\/\/www.suno.com.br\/noticias\/?s={search_term_string}"},"query-input":{"@type":"PropertyValueSpecification","valueRequired":true,"valueName":"search_term_string"}}],"inLanguage":"pt-BR"},{"@type":"Organization","@id":"https:\/\/www.suno.com.br\/noticias\/#organization","name":"Suno Not\u00edcias","url":"https:\/\/www.suno.com.br\/noticias\/","logo":{"@type":"ImageObject","inLanguage":"pt-BR","@id":"https:\/\/www.suno.com.br\/noticias\/#\/schema\/logo\/image\/","url":"https:\/\/files.sunoresearch.com.br\/n\/uploads\/2021\/09\/suno-logo.png","contentUrl":"https:\/\/files.sunoresearch.com.br\/n\/uploads\/2021\/09\/suno-logo.png","width":180,"height":180,"caption":"Suno Not\u00edcias"},"image":{"@id":"https:\/\/www.suno.com.br\/noticias\/#\/schema\/logo\/image\/"},"sameAs":["https:\/\/facebook.com\/sunoresearch","https:\/\/x.com\/sunoresearch","https:\/\/www.instagram.com\/suno","https:\/\/www.linkedin.com\/company\/suno-research\/","https:\/\/www.youtube.com\/c\/sunoresearch"]},{"@type":"Person","@id":"https:\/\/www.suno.com.br\/noticias\/#\/schema\/person\/918d79de1f0281f01599b93f9ea6e23f","name":"Jader Lazarini","image":{"@type":"ImageObject","inLanguage":"pt-BR","@id":"https:\/\/www.suno.com.br\/noticias\/#\/schema\/person\/image\/","url":"https:\/\/secure.gravatar.com\/avatar\/3c1ad8caa51589841baeb923fcddea97?s=96&r=g","contentUrl":"https:\/\/secure.gravatar.com\/avatar\/3c1ad8caa51589841baeb923fcddea97?s=96&r=g","caption":"Jader Lazarini"},"description":"Jader Lazarini escreve sobre investimentos, finan\u00e7as, economia e neg\u00f3cios. \u00c9 bacharel em Rela\u00e7\u00f5es Internacionais e analista CNPI (2619).","url":"https:\/\/www.suno.com.br\/noticias\/author\/jader-lazarini\/"}]}},"default_loop_html":"<div class=\"cardsPage__listCard__boxs\"><div class=\"cardsPage__listCard__boxs__img\"><a href=\"https:\/\/www.suno.com.br\/noticias\/small-caps-que-mais-valorizaram-fevereiro\/\"><img class=\"mask\" src=\"https:\/\/www.suno.com.br\/noticias\/wp-content\/themes\/suno\/resources\/images\/spotlight\/spotlight1img\/bg-mask.png\" alt=\"Image Mask\"\/><img src=\"https:\/\/files.sunoresearch.com.br\/n\/uploads\/2020\/02\/2c9718e6-small-caps-400x200.webp\" alt=\"Confira as small caps que mais valorizaram em fevereiro\"\/><\/a><span class=\"spotlightCategory\"><a href=\"https:\/\/www.suno.com.br\/noticias\/negocios\/\">Neg\u00f3cios<\/a><\/span><\/div><div class=\"cardsPage__listCard__boxs__content\"><a href=\"https:\/\/www.suno.com.br\/noticias\/small-caps-que-mais-valorizaram-fevereiro\/\"><h2 class=\"content__title\">Confira as small caps que mais valorizaram em fevereiro<\/h2><\/a><div class=\"newsContent__article__meta\"><div class=\"newsContent__article__meta__authorBox\"><a href=\"https:\/\/www.suno.com.br\/noticias\/author\/jader-lazarini\/\" class=\"authorBox__avatar noMobi\"><img src=\"https:\/\/files.sunoresearch.com.br\/n\/uploads\/2021\/01\/178e6598-foto-perfil-2-150x150.jpg\" alt=\"Jader Lazarini\"><\/a><div class=\"authorBox__name\"><span>por\n\t\t\t<a href=\"https:\/\/www.suno.com.br\/noticias\/author\/jader-lazarini\/\"><span itemprop=\"author\">Jader Lazarini<\/span><\/a><\/span><time datetime=\"2020-03-01T09:00:12-03:00\" itemprop=\"datePublished\">01\/03\/2020 09:00<\/time><\/div><\/div><\/div><\/div><\/div>","single_layout":"posts","amp_enabled":true,"_links":{"self":[{"href":"https:\/\/www.suno.com.br\/noticias\/wp-json\/wp\/v2\/posts\/54293"}],"collection":[{"href":"https:\/\/www.suno.com.br\/noticias\/wp-json\/wp\/v2\/posts"}],"about":[{"href":"https:\/\/www.suno.com.br\/noticias\/wp-json\/wp\/v2\/types\/post"}],"author":[{"embeddable":true,"href":"https:\/\/www.suno.com.br\/noticias\/wp-json\/wp\/v2\/users\/24"}],"replies":[{"embeddable":true,"href":"https:\/\/www.suno.com.br\/noticias\/wp-json\/wp\/v2\/comments?post=54293"}],"version-history":[{"count":0,"href":"https:\/\/www.suno.com.br\/noticias\/wp-json\/wp\/v2\/posts\/54293\/revisions"}],"wp:featuredmedia":[{"embeddable":true,"href":"https:\/\/www.suno.com.br\/noticias\/wp-json\/wp\/v2\/media\/54458"}],"wp:attachment":[{"href":"https:\/\/www.suno.com.br\/noticias\/wp-json\/wp\/v2\/media?parent=54293"}],"wp:term":[{"taxonomy":"category","embeddable":true,"href":"https:\/\/www.suno.com.br\/noticias\/wp-json\/wp\/v2\/categories?post=54293"},{"taxonomy":"post_tag","embeddable":true,"href":"https:\/\/www.suno.com.br\/noticias\/wp-json\/wp\/v2\/tags?post=54293"},{"taxonomy":"suno_strategy","embeddable":true,"href":"https:\/\/www.suno.com.br\/noticias\/wp-json\/wp\/v2\/suno_strategy?post=54293"}],"curies":[{"name":"wp","href":"https:\/\/api.w.org\/{rel}","templated":true}]}}