{"id":542873,"date":"2024-04-10T21:49:41","date_gmt":"2024-04-11T00:49:41","guid":{"rendered":"https:\/\/www.suno.com.br\/noticias\/?p=542873"},"modified":"2024-04-10T21:56:03","modified_gmt":"2024-04-11T00:56:03","slug":"itausa-itsa4-dividendos-projecao-safra-mm","status":"publish","type":"post","link":"https:\/\/www.suno.com.br\/noticias\/itausa-itsa4-dividendos-projecao-safra-mm\/","title":{"rendered":"Analistas projetam aumento de dividendos da Ita\u00fasa (ITSA4) para 2025 e elevam pre\u00e7o-alvo das a\u00e7\u00f5es"},"content":{"rendered":"<p>As proje\u00e7\u00f5es para os <a class=\"suno-keyword\" data-force=\"no\" data-priority=\"1\" href=\"https:\/\/www.suno.com.br\/guias\/dividendos\/\" target=\"_blank\" rel=\"noopener\">dividendos<\/a> da <a class=\"suno-keyword\" data-force=\"yes\" data-priority=\"2\" href=\"https:\/\/www.suno.com.br\/acoes\/ITSA4\/\" target=\"_blank\" rel=\"noopener\"><strong>Ita\u00fasa<\/strong> (ITSA4)<\/a> em 2025, segundo an\u00e1lise do Banco Safra, sugerem um cen\u00e1rio de expectativa positiva. Essas estimativas refletem n\u00e3o apenas a performance financeira da empresa, mas tamb\u00e9m <a class=\"suno-keyword\" data-force=\"no\" data-priority=\"1\" href=\"https:\/\/www.suno.com.br\/artigos\/indicadores-macroeconomicos\/\" target=\"_blank\" rel=\"noopener\">indicadores macroecon\u00f4micos<\/a> e mudan\u00e7as estrat\u00e9gicas recentes, afirma relat\u00f3rio da institui\u00e7\u00e3o.<\/p>\t<div class=\"wrapper-featured-image\">\n\t\t<figure class=\"spotlightImg\">\n\n\t\t\t<picture>\n\t\t\t\t<source media=\"(max-width: 768px)\" srcset=\"https:\/\/files.sunoresearch.com.br\/n\/uploads\/2022\/03\/itausa-divulgacao-400x200.jpg\">\n\t\t\t\t<img loading=\"lazy\" decoding=\"async\" class=\"newsContent__article__imgCapa lazyloadDisabled \" src=\"https:\/\/files.sunoresearch.com.br\/n\/uploads\/2022\/03\/itausa-divulgacao-800x450.jpg\" width=\"800\" height=\"450\" alt=\"Analistas projetam aumento de dividendos da Ita\u00fasa (ITSA4) para 2025 e elevam pre\u00e7o-alvo das a\u00e7\u00f5es\" fetchpriority=high \/>\n\t\t\t<\/picture>\n\n\t\t\t<figcaption class=\"wp-caption-text wp-caption-text--show\">Ita\u00fasa (ITSA4). Foto: Divulga\u00e7\u00e3o<\/figcaption>\n\t\t<\/figure>\n\t<\/div>\n\n\n\n\n\n\t<p>\n\t\t<a href=\"\" target=\"_blank\" data-element=\"shortcode-suno-banner\" title=\"Banner SUNO, clique e saiba mais\">\n\t\t\t<picture>\n\t\t\t\t<source media=\"(max-width: 500px)\" srcset=\"\">\n\t\t\t\t<img class=\"newsContent__article__imgCapa newsContent__article__imgCapa--banner\"\n\t\t\t\t\tsrc=\"\"\n\t\t\t\t\tdata-promo-id=\"89005\"\t\t\t\t\t\t\t\t\t\t\t\t\t\t\talt=\"\"\n\t\t\t\t>\n\t\t\t<\/picture>\n\t\t<\/a>\n\t<\/p>\n\n\n\n\n\n<p>Os estrategistas dizem que a <strong>venda da participa\u00e7\u00e3o na XP Inc.<\/strong> ano passado proporcionou \u00e0 Ita\u00fasa<strong> <\/strong>uma significativa inje\u00e7\u00e3o de liquidez, permitindo que a empresa reduzisse sua alavancagem e fortalecesse sua posi\u00e7\u00e3o financeira. Esse movimento estrat\u00e9gico, diz o Safra, aliado a um ambiente de queda nas taxas de juros, sinaliza um potencial aumento nos dividendos para os acionistas.<\/p>\n\n\n\n<p>No entanto, o relat\u00f3rio do Safra tamb\u00e9m destaca desafios enfrentados por alguns segmentos do <strong>portf\u00f3lio da Ita\u00fasa<\/strong>. Empresas como <a class=\"suno-keyword\" target=\"_blank\" data-force=\"yes\" data-priority=\"2\" href=\"https:\/\/www.suno.com.br\/acoes\/dxco3\/\" rel=\"noopener\">Dexco (DXCO3)<\/a> e <a class=\"suno-keyword\" target=\"_blank\" data-force=\"yes\" data-priority=\"2\" href=\"https:\/\/www.suno.com.br\/acoes\/ALPA4\/\" rel=\"noopener\">Alpargatas (ALPA4)<\/a> passam por dificuldades devido \u00e0s condi\u00e7\u00f5es econ\u00f4micas adversas e \u00e0 baixa demanda. Apesar disso, o banco diz que h\u00e1 uma recupera\u00e7\u00e3o gradual das subsidi\u00e1rias nos pr\u00f3ximos anos.<\/p>\n\n\n\n<p>Al\u00e9m das perspectivas de <strong>dividendos do Ita\u00fasa<\/strong>, o relat\u00f3rio aborda a import\u00e2ncia da gest\u00e3o eficiente de recursos e aloca\u00e7\u00e3o de capital para garantir o crescimento sustent\u00e1vel da empresa. A <a class=\"suno-keyword\" data-force=\"no\" data-priority=\"1\" href=\"https:\/\/www.suno.com.br\/artigos\/estrategia-de-investimento\/\" target=\"_blank\" rel=\"noopener\">estrat\u00e9gia de investimento<\/a> da Ita\u00fasa, analisa o banco, continua focada em oportunidades que ofere\u00e7am retornos consistentes e estejam alinhadas com seus objetivos de neg\u00f3cios.<\/p>\n\n\n\t<p>\n\t\t<a href=\"https:\/\/lp.suno.com.br\/minicurso-investindo-fiis\/\" target=\"_blank\" data-element=\"shortcode-suno-banner\" title=\"Banner SUNO, clique e saiba mais\">\n\t\t\t<picture>\n\t\t\t\t<source media=\"(max-width: 500px)\" srcset=\"https:\/\/files.sunoresearch.com.br\/n\/uploads\/2023\/03\/400x300-Minicurso-FIIS.png\">\n\t\t\t\t<img class=\"newsContent__article__imgCapa newsContent__article__imgCapa--banner\"\n\t\t\t\t\tsrc=\"https:\/\/files.sunoresearch.com.br\/n\/uploads\/2023\/03\/1420x240-Minicurso-FIIS.png\"\n\t\t\t\t\tdata-promo-id=\"383125\"\t\t\t\t\t\t\t\t\t\twidth='1420' height='240'\t\t\t\t\talt=\"https:\/\/files.sunoresearch.com.br\/n\/uploads\/2023\/03\/1420x240-Minicurso-FIIS.png\"\n\t\t\t\t>\n\t\t\t<\/picture>\n\t\t<\/a>\n\t<\/p>\n\n\n\n\n\n<h2 class=\"wp-block-heading\">Banco ajusta pre\u00e7o-alvo da Ita\u00fasa por expectativa de crescimento<\/h2>\n\n\n\n<p>O Safra ajustou o <strong>pre\u00e7o-alvo das a\u00e7\u00f5es da Ita\u00fasa<\/strong> de R$ 11 para R$ 12,50 (hoje negociadas a R$ 10), incluindo o desempenho de <a class=\"suno-keyword\" target=\"_blank\" data-force=\"yes\" data-priority=\"2\" href=\"https:\/\/www.suno.com.br\/acoes\/ITUB4\/\" rel=\"noopener\">Ita\u00fa (ITUB4)<\/a>, Alpargatas e <a class=\"suno-keyword\" target=\"_blank\" data-force=\"yes\" data-priority=\"2\" href=\"https:\/\/www.suno.com.br\/acoes\/CCRO3\/\" rel=\"noopener\">CCR (CCRO3)<\/a>. Segundos os analistas, o aumento para as a\u00e7\u00f5es <strong>ITSA4<\/strong> reflete as mudan\u00e7as no cen\u00e1rio econ\u00f4mico e as expectativas de crescimento da empresa. Essa revis\u00e3o, diz o banco, leva em considera\u00e7\u00e3o n\u00e3o apenas os resultados financeiros projetados, mas tamb\u00e9m os m\u00faltiplos de avalia\u00e7\u00e3o e as previs\u00f5es de lucros futuros.<br><br>&#8220;Nosso novo pre\u00e7o-alvo oferece um upside de 24% em rela\u00e7\u00e3o ao pre\u00e7o atual e implica um desconto justo de 20,9% para a abordagem SOTP, em linha com o n\u00edvel atual. A a\u00e7\u00e3o da <strong>Ita\u00fasa <\/strong>est\u00e1 sendo negociada a 7,1x P\/E 24\u2019 e 6,4x 25\u2019, com <a class=\"suno-keyword\" data-force=\"no\" data-priority=\"2\" href=\"https:\/\/www.suno.com.br\/artigos\/dividend-yield-como-calcular\/\" target=\"_blank\" rel=\"noopener\">rendimento de dividendos<\/a> de 8,9% e 9,7%, respectivamente&#8221;, diz o relat\u00f3rio.<\/p>\n\n\n\t<p>\n\t\t<a href=\"https:\/\/lp.suno.com.br\/planilha-da-vida-financeira\/\" target=\"_blank\" data-element=\"shortcode-suno-banner\" title=\"Banner SUNO, clique e saiba mais\">\n\t\t\t<picture>\n\t\t\t\t<source media=\"(max-width: 500px)\" srcset=\"https:\/\/files.sunoresearch.com.br\/n\/uploads\/2023\/04\/400x300-Planilha-vida-financeira-true.png\">\n\t\t\t\t<img class=\"newsContent__article__imgCapa newsContent__article__imgCapa--banner\"\n\t\t\t\t\tsrc=\"https:\/\/files.sunoresearch.com.br\/n\/uploads\/2023\/04\/1420x240-Planilha-vida-financeira-true.png\"\n\t\t\t\t\tdata-promo-id=\"383123\"\t\t\t\t\t\t\t\t\t\twidth='1420' height='240'\t\t\t\t\talt=\"https:\/\/files.sunoresearch.com.br\/n\/uploads\/2023\/04\/1420x240-Planilha-vida-financeira-true.png\"\n\t\t\t\t>\n\t\t\t<\/picture>\n\t\t<\/a>\n\t<\/p>\n\n\n","protected":false},"excerpt":{"rendered":"<p>As proje\u00e7\u00f5es para os dividendos da Ita\u00fasa (ITSA4) em 2025, segundo an\u00e1lise do Banco Safra, sugerem um cen\u00e1rio de expectativa positiva. Essas estimativas refletem n\u00e3o apenas a performance financeira da empresa, mas tamb\u00e9m indicadores macroecon\u00f4micos e mudan\u00e7as estrat\u00e9gicas recentes, afirma relat\u00f3rio da institui\u00e7\u00e3o. Ita\u00fasa (ITSA4). Foto: Divulga\u00e7\u00e3o Os estrategistas dizem que a venda da participa\u00e7\u00e3o [&hellip;]<\/p>\n","protected":false},"author":345,"featured_media":244608,"comment_status":"closed","ping_status":"closed","sticky":false,"template":"","format":"standard","meta":[],"categories":[64],"tags":[286,517],"suno_strategy":[],"class_list":["post-542873","post","type-post","status-publish","format-standard","has-post-thumbnail","hentry","category-negocios","tag-acoes","tag-itausa-itsa3-itsa4"],"yoast_head":"<!-- This site is optimized with the Yoast SEO plugin v24.4 - https:\/\/yoast.com\/wordpress\/plugins\/seo\/ -->\n<title>Safra projeta alta dos dividendos da Ita\u00fasa (ITSA4) para 2025<\/title>\n<meta name=\"description\" content=\"As proje\u00e7\u00f5es para os dividendos da Ita\u00fasa (ITSA4) em 2025, segundo an\u00e1lise do Banco Safra, sugerem um cen\u00e1rio de expectativa positiva.\" \/>\n<meta name=\"robots\" content=\"index, follow, max-snippet:-1, max-image-preview:large, max-video-preview:-1\" \/>\n<link rel=\"canonical\" href=\"https:\/\/www.suno.com.br\/noticias\/itausa-itsa4-dividendos-projecao-safra-mm\/\" \/>\n<meta property=\"og:locale\" content=\"pt_BR\" \/>\n<meta property=\"og:type\" content=\"article\" \/>\n<meta property=\"og:title\" content=\"Safra projeta alta dos dividendos da Ita\u00fasa (ITSA4) para 2025\" \/>\n<meta property=\"og:description\" content=\"As proje\u00e7\u00f5es para os dividendos da Ita\u00fasa (ITSA4) em 2025, segundo an\u00e1lise do Banco Safra, sugerem um cen\u00e1rio de expectativa positiva.\" \/>\n<meta property=\"og:url\" content=\"https:\/\/www.suno.com.br\/noticias\/itausa-itsa4-dividendos-projecao-safra-mm\/\" \/>\n<meta property=\"og:site_name\" content=\"Suno Not\u00edcias\" \/>\n<meta property=\"article:publisher\" content=\"https:\/\/facebook.com\/sunoresearch\" \/>\n<meta property=\"og:image\" content=\"https:\/\/files.sunoresearch.com.br\/n\/uploads\/2022\/03\/itausa-divulgacao.jpg\" \/>\n\t<meta property=\"og:image:width\" content=\"1300\" \/>\n\t<meta property=\"og:image:height\" content=\"805\" \/>\n\t<meta property=\"og:image:type\" content=\"image\/jpeg\" \/>\n<meta name=\"author\" content=\"Murilo Melo\" \/>\n<meta name=\"twitter:card\" content=\"summary_large_image\" \/>\n<meta name=\"twitter:creator\" content=\"@sunoresearch\" \/>\n<meta name=\"twitter:site\" content=\"@sunoresearch\" \/>\n<meta name=\"twitter:label1\" content=\"Escrito por\" \/>\n\t<meta name=\"twitter:data1\" content=\"Murilo Melo\" \/>\n\t<meta name=\"twitter:label2\" content=\"Est. tempo de leitura\" \/>\n\t<meta name=\"twitter:data2\" content=\"2 minutos\" \/>\n<script type=\"application\/ld+json\" class=\"yoast-schema-graph\">{\"@context\":\"https:\/\/schema.org\",\"@graph\":[{\"@type\":\"NewsArticle\",\"@id\":\"https:\/\/www.suno.com.br\/noticias\/itausa-itsa4-dividendos-projecao-safra-mm\/#article\",\"isPartOf\":{\"@id\":\"https:\/\/www.suno.com.br\/noticias\/itausa-itsa4-dividendos-projecao-safra-mm\/\"},\"author\":{\"name\":\"Murilo Melo\",\"@id\":\"https:\/\/www.suno.com.br\/noticias\/#\/schema\/person\/32d4feb215afe4b317d446bb442400dd\"},\"headline\":\"Analistas projetam aumento de dividendos da Ita\u00fasa (ITSA4) para 2025 e elevam pre\u00e7o-alvo das a\u00e7\u00f5es\",\"datePublished\":\"2024-04-11T00:49:41+00:00\",\"dateModified\":\"2024-04-11T00:56:03+00:00\",\"mainEntityOfPage\":{\"@id\":\"https:\/\/www.suno.com.br\/noticias\/itausa-itsa4-dividendos-projecao-safra-mm\/\"},\"wordCount\":422,\"publisher\":{\"@id\":\"https:\/\/www.suno.com.br\/noticias\/#organization\"},\"image\":{\"@id\":\"https:\/\/www.suno.com.br\/noticias\/itausa-itsa4-dividendos-projecao-safra-mm\/#primaryimage\"},\"thumbnailUrl\":\"https:\/\/files.sunoresearch.com.br\/n\/uploads\/2022\/03\/itausa-divulgacao.jpg\",\"keywords\":[\"A\u00e7\u00f5es\",\"Ita\u00fasa (ITSA3\/ITSA4)\"],\"articleSection\":[\"Neg\u00f3cios\"],\"inLanguage\":\"pt-BR\"},{\"@type\":\"WebPage\",\"@id\":\"https:\/\/www.suno.com.br\/noticias\/itausa-itsa4-dividendos-projecao-safra-mm\/\",\"url\":\"https:\/\/www.suno.com.br\/noticias\/itausa-itsa4-dividendos-projecao-safra-mm\/\",\"name\":\"Safra projeta alta dos dividendos da Ita\u00fasa (ITSA4) para 2025\",\"isPartOf\":{\"@id\":\"https:\/\/www.suno.com.br\/noticias\/#website\"},\"primaryImageOfPage\":{\"@id\":\"https:\/\/www.suno.com.br\/noticias\/itausa-itsa4-dividendos-projecao-safra-mm\/#primaryimage\"},\"image\":{\"@id\":\"https:\/\/www.suno.com.br\/noticias\/itausa-itsa4-dividendos-projecao-safra-mm\/#primaryimage\"},\"thumbnailUrl\":\"https:\/\/files.sunoresearch.com.br\/n\/uploads\/2022\/03\/itausa-divulgacao.jpg\",\"datePublished\":\"2024-04-11T00:49:41+00:00\",\"dateModified\":\"2024-04-11T00:56:03+00:00\",\"description\":\"As proje\u00e7\u00f5es para os dividendos da Ita\u00fasa (ITSA4) em 2025, segundo an\u00e1lise do Banco Safra, sugerem um cen\u00e1rio de expectativa positiva.\",\"breadcrumb\":{\"@id\":\"https:\/\/www.suno.com.br\/noticias\/itausa-itsa4-dividendos-projecao-safra-mm\/#breadcrumb\"},\"inLanguage\":\"pt-BR\",\"potentialAction\":[{\"@type\":\"ReadAction\",\"target\":[\"https:\/\/www.suno.com.br\/noticias\/itausa-itsa4-dividendos-projecao-safra-mm\/\"]}]},{\"@type\":\"ImageObject\",\"inLanguage\":\"pt-BR\",\"@id\":\"https:\/\/www.suno.com.br\/noticias\/itausa-itsa4-dividendos-projecao-safra-mm\/#primaryimage\",\"url\":\"https:\/\/files.sunoresearch.com.br\/n\/uploads\/2022\/03\/itausa-divulgacao.jpg\",\"contentUrl\":\"https:\/\/files.sunoresearch.com.br\/n\/uploads\/2022\/03\/itausa-divulgacao.jpg\",\"width\":1300,\"height\":805,\"caption\":\"Ita\u00fasa (ITSA4). Foto: Divulga\u00e7\u00e3o\"},{\"@type\":\"BreadcrumbList\",\"@id\":\"https:\/\/www.suno.com.br\/noticias\/itausa-itsa4-dividendos-projecao-safra-mm\/#breadcrumb\",\"itemListElement\":[{\"@type\":\"ListItem\",\"position\":1,\"name\":\"Not\u00edcias\",\"item\":\"https:\/\/www.suno.com.br\/noticias\/\"},{\"@type\":\"ListItem\",\"position\":2,\"name\":\"Neg\u00f3cios\",\"item\":\"https:\/\/www.suno.com.br\/noticias\/negocios\/\"},{\"@type\":\"ListItem\",\"position\":3,\"name\":\"Analistas projetam aumento de dividendos da Ita\u00fasa (ITSA4) para 2025 e elevam pre\u00e7o-alvo das a\u00e7\u00f5es\"}]},{\"@type\":\"WebSite\",\"@id\":\"https:\/\/www.suno.com.br\/noticias\/#website\",\"url\":\"https:\/\/www.suno.com.br\/noticias\/\",\"name\":\"Suno Not\u00edcias\",\"description\":\"Seu portal de informa\u00e7\u00e3o sobre o mundo dos investimentos\",\"publisher\":{\"@id\":\"https:\/\/www.suno.com.br\/noticias\/#organization\"},\"potentialAction\":[{\"@type\":\"SearchAction\",\"target\":{\"@type\":\"EntryPoint\",\"urlTemplate\":\"https:\/\/www.suno.com.br\/noticias\/?s={search_term_string}\"},\"query-input\":{\"@type\":\"PropertyValueSpecification\",\"valueRequired\":true,\"valueName\":\"search_term_string\"}}],\"inLanguage\":\"pt-BR\"},{\"@type\":\"Organization\",\"@id\":\"https:\/\/www.suno.com.br\/noticias\/#organization\",\"name\":\"Suno Not\u00edcias\",\"url\":\"https:\/\/www.suno.com.br\/noticias\/\",\"logo\":{\"@type\":\"ImageObject\",\"inLanguage\":\"pt-BR\",\"@id\":\"https:\/\/www.suno.com.br\/noticias\/#\/schema\/logo\/image\/\",\"url\":\"https:\/\/files.sunoresearch.com.br\/n\/uploads\/2021\/09\/suno-logo.png\",\"contentUrl\":\"https:\/\/files.sunoresearch.com.br\/n\/uploads\/2021\/09\/suno-logo.png\",\"width\":180,\"height\":180,\"caption\":\"Suno Not\u00edcias\"},\"image\":{\"@id\":\"https:\/\/www.suno.com.br\/noticias\/#\/schema\/logo\/image\/\"},\"sameAs\":[\"https:\/\/facebook.com\/sunoresearch\",\"https:\/\/x.com\/sunoresearch\",\"https:\/\/www.instagram.com\/suno\",\"https:\/\/www.linkedin.com\/company\/suno-research\/\",\"https:\/\/www.youtube.com\/c\/sunoresearch\"]},{\"@type\":\"Person\",\"@id\":\"https:\/\/www.suno.com.br\/noticias\/#\/schema\/person\/32d4feb215afe4b317d446bb442400dd\",\"name\":\"Murilo Melo\",\"image\":{\"@type\":\"ImageObject\",\"inLanguage\":\"pt-BR\",\"@id\":\"https:\/\/www.suno.com.br\/noticias\/#\/schema\/person\/image\/\",\"url\":\"https:\/\/secure.gravatar.com\/avatar\/af7a693198b592028493c0e8b0583d4f?s=96&r=g\",\"contentUrl\":\"https:\/\/secure.gravatar.com\/avatar\/af7a693198b592028493c0e8b0583d4f?s=96&r=g\",\"caption\":\"Murilo Melo\"},\"description\":\"\u00c9 um jornalista e letr\u00f3logo com vasta experi\u00eancia em economia, finan\u00e7as e mercado. J\u00e1 foi rep\u00f3rter de jornais, revistas e sites noticiosos como A Tarde, Correio e Folha de S.Paulo. No Suno Not\u00edcias, escreve sobre neg\u00f3cios\",\"url\":\"https:\/\/www.suno.com.br\/noticias\/author\/murilomelo-jornalismogmail-com\/\"}]}<\/script>\n<!-- \/ Yoast SEO plugin. -->","yoast_head_json":{"title":"Safra projeta alta dos dividendos da Ita\u00fasa (ITSA4) para 2025","description":"As proje\u00e7\u00f5es para os dividendos da Ita\u00fasa (ITSA4) em 2025, segundo an\u00e1lise do Banco Safra, sugerem um cen\u00e1rio de expectativa positiva.","robots":{"index":"index","follow":"follow","max-snippet":"max-snippet:-1","max-image-preview":"max-image-preview:large","max-video-preview":"max-video-preview:-1"},"canonical":"https:\/\/www.suno.com.br\/noticias\/itausa-itsa4-dividendos-projecao-safra-mm\/","og_locale":"pt_BR","og_type":"article","og_title":"Safra projeta alta dos dividendos da Ita\u00fasa (ITSA4) para 2025","og_description":"As proje\u00e7\u00f5es para os dividendos da Ita\u00fasa (ITSA4) em 2025, segundo an\u00e1lise do Banco Safra, sugerem um cen\u00e1rio de expectativa positiva.","og_url":"https:\/\/www.suno.com.br\/noticias\/itausa-itsa4-dividendos-projecao-safra-mm\/","og_site_name":"Suno Not\u00edcias","article_publisher":"https:\/\/facebook.com\/sunoresearch","og_image":[{"width":1300,"height":805,"url":"https:\/\/files.sunoresearch.com.br\/n\/uploads\/2022\/03\/itausa-divulgacao.jpg","type":"image\/jpeg"}],"author":"Murilo Melo","twitter_card":"summary_large_image","twitter_creator":"@sunoresearch","twitter_site":"@sunoresearch","twitter_misc":{"Escrito por":"Murilo Melo","Est. tempo de leitura":"2 minutos"},"schema":{"@context":"https:\/\/schema.org","@graph":[{"@type":"NewsArticle","@id":"https:\/\/www.suno.com.br\/noticias\/itausa-itsa4-dividendos-projecao-safra-mm\/#article","isPartOf":{"@id":"https:\/\/www.suno.com.br\/noticias\/itausa-itsa4-dividendos-projecao-safra-mm\/"},"author":{"name":"Murilo Melo","@id":"https:\/\/www.suno.com.br\/noticias\/#\/schema\/person\/32d4feb215afe4b317d446bb442400dd"},"headline":"Analistas projetam aumento de dividendos da Ita\u00fasa (ITSA4) para 2025 e elevam pre\u00e7o-alvo das a\u00e7\u00f5es","datePublished":"2024-04-11T00:49:41+00:00","dateModified":"2024-04-11T00:56:03+00:00","mainEntityOfPage":{"@id":"https:\/\/www.suno.com.br\/noticias\/itausa-itsa4-dividendos-projecao-safra-mm\/"},"wordCount":422,"publisher":{"@id":"https:\/\/www.suno.com.br\/noticias\/#organization"},"image":{"@id":"https:\/\/www.suno.com.br\/noticias\/itausa-itsa4-dividendos-projecao-safra-mm\/#primaryimage"},"thumbnailUrl":"https:\/\/files.sunoresearch.com.br\/n\/uploads\/2022\/03\/itausa-divulgacao.jpg","keywords":["A\u00e7\u00f5es","Ita\u00fasa (ITSA3\/ITSA4)"],"articleSection":["Neg\u00f3cios"],"inLanguage":"pt-BR"},{"@type":"WebPage","@id":"https:\/\/www.suno.com.br\/noticias\/itausa-itsa4-dividendos-projecao-safra-mm\/","url":"https:\/\/www.suno.com.br\/noticias\/itausa-itsa4-dividendos-projecao-safra-mm\/","name":"Safra projeta alta dos dividendos da Ita\u00fasa (ITSA4) para 2025","isPartOf":{"@id":"https:\/\/www.suno.com.br\/noticias\/#website"},"primaryImageOfPage":{"@id":"https:\/\/www.suno.com.br\/noticias\/itausa-itsa4-dividendos-projecao-safra-mm\/#primaryimage"},"image":{"@id":"https:\/\/www.suno.com.br\/noticias\/itausa-itsa4-dividendos-projecao-safra-mm\/#primaryimage"},"thumbnailUrl":"https:\/\/files.sunoresearch.com.br\/n\/uploads\/2022\/03\/itausa-divulgacao.jpg","datePublished":"2024-04-11T00:49:41+00:00","dateModified":"2024-04-11T00:56:03+00:00","description":"As proje\u00e7\u00f5es para os dividendos da Ita\u00fasa (ITSA4) em 2025, segundo an\u00e1lise do Banco Safra, sugerem um cen\u00e1rio de expectativa positiva.","breadcrumb":{"@id":"https:\/\/www.suno.com.br\/noticias\/itausa-itsa4-dividendos-projecao-safra-mm\/#breadcrumb"},"inLanguage":"pt-BR","potentialAction":[{"@type":"ReadAction","target":["https:\/\/www.suno.com.br\/noticias\/itausa-itsa4-dividendos-projecao-safra-mm\/"]}]},{"@type":"ImageObject","inLanguage":"pt-BR","@id":"https:\/\/www.suno.com.br\/noticias\/itausa-itsa4-dividendos-projecao-safra-mm\/#primaryimage","url":"https:\/\/files.sunoresearch.com.br\/n\/uploads\/2022\/03\/itausa-divulgacao.jpg","contentUrl":"https:\/\/files.sunoresearch.com.br\/n\/uploads\/2022\/03\/itausa-divulgacao.jpg","width":1300,"height":805,"caption":"Ita\u00fasa (ITSA4). Foto: Divulga\u00e7\u00e3o"},{"@type":"BreadcrumbList","@id":"https:\/\/www.suno.com.br\/noticias\/itausa-itsa4-dividendos-projecao-safra-mm\/#breadcrumb","itemListElement":[{"@type":"ListItem","position":1,"name":"Not\u00edcias","item":"https:\/\/www.suno.com.br\/noticias\/"},{"@type":"ListItem","position":2,"name":"Neg\u00f3cios","item":"https:\/\/www.suno.com.br\/noticias\/negocios\/"},{"@type":"ListItem","position":3,"name":"Analistas projetam aumento de dividendos da Ita\u00fasa (ITSA4) para 2025 e elevam pre\u00e7o-alvo das a\u00e7\u00f5es"}]},{"@type":"WebSite","@id":"https:\/\/www.suno.com.br\/noticias\/#website","url":"https:\/\/www.suno.com.br\/noticias\/","name":"Suno Not\u00edcias","description":"Seu portal de informa\u00e7\u00e3o sobre o mundo dos investimentos","publisher":{"@id":"https:\/\/www.suno.com.br\/noticias\/#organization"},"potentialAction":[{"@type":"SearchAction","target":{"@type":"EntryPoint","urlTemplate":"https:\/\/www.suno.com.br\/noticias\/?s={search_term_string}"},"query-input":{"@type":"PropertyValueSpecification","valueRequired":true,"valueName":"search_term_string"}}],"inLanguage":"pt-BR"},{"@type":"Organization","@id":"https:\/\/www.suno.com.br\/noticias\/#organization","name":"Suno Not\u00edcias","url":"https:\/\/www.suno.com.br\/noticias\/","logo":{"@type":"ImageObject","inLanguage":"pt-BR","@id":"https:\/\/www.suno.com.br\/noticias\/#\/schema\/logo\/image\/","url":"https:\/\/files.sunoresearch.com.br\/n\/uploads\/2021\/09\/suno-logo.png","contentUrl":"https:\/\/files.sunoresearch.com.br\/n\/uploads\/2021\/09\/suno-logo.png","width":180,"height":180,"caption":"Suno Not\u00edcias"},"image":{"@id":"https:\/\/www.suno.com.br\/noticias\/#\/schema\/logo\/image\/"},"sameAs":["https:\/\/facebook.com\/sunoresearch","https:\/\/x.com\/sunoresearch","https:\/\/www.instagram.com\/suno","https:\/\/www.linkedin.com\/company\/suno-research\/","https:\/\/www.youtube.com\/c\/sunoresearch"]},{"@type":"Person","@id":"https:\/\/www.suno.com.br\/noticias\/#\/schema\/person\/32d4feb215afe4b317d446bb442400dd","name":"Murilo Melo","image":{"@type":"ImageObject","inLanguage":"pt-BR","@id":"https:\/\/www.suno.com.br\/noticias\/#\/schema\/person\/image\/","url":"https:\/\/secure.gravatar.com\/avatar\/af7a693198b592028493c0e8b0583d4f?s=96&r=g","contentUrl":"https:\/\/secure.gravatar.com\/avatar\/af7a693198b592028493c0e8b0583d4f?s=96&r=g","caption":"Murilo Melo"},"description":"\u00c9 um jornalista e letr\u00f3logo com vasta experi\u00eancia em economia, finan\u00e7as e mercado. J\u00e1 foi rep\u00f3rter de jornais, revistas e sites noticiosos como A Tarde, Correio e Folha de S.Paulo. No Suno Not\u00edcias, escreve sobre neg\u00f3cios","url":"https:\/\/www.suno.com.br\/noticias\/author\/murilomelo-jornalismogmail-com\/"}]}},"default_loop_html":"<div class=\"cardsPage__listCard__boxs\"><div class=\"cardsPage__listCard__boxs__img\"><a href=\"https:\/\/www.suno.com.br\/noticias\/itausa-itsa4-dividendos-projecao-safra-mm\/\"><img class=\"mask\" src=\"https:\/\/www.suno.com.br\/noticias\/wp-content\/themes\/suno\/resources\/images\/spotlight\/spotlight1img\/bg-mask.png\" alt=\"Image Mask\"\/><img src=\"https:\/\/files.sunoresearch.com.br\/n\/uploads\/2022\/03\/itausa-divulgacao-400x200.jpg\" alt=\"Analistas projetam aumento de dividendos da Ita\u00fasa (ITSA4) para 2025 e elevam pre\u00e7o-alvo das a\u00e7\u00f5es\"\/><\/a><span class=\"spotlightCategory\"><a href=\"https:\/\/www.suno.com.br\/noticias\/negocios\/\">Neg\u00f3cios<\/a><\/span><\/div><div class=\"cardsPage__listCard__boxs__content\"><a href=\"https:\/\/www.suno.com.br\/noticias\/itausa-itsa4-dividendos-projecao-safra-mm\/\"><h2 class=\"content__title\">Analistas projetam aumento de dividendos da Ita\u00fasa (ITSA4) para 2025 e elevam pre\u00e7o-alvo das a\u00e7\u00f5es<\/h2><\/a><div class=\"newsContent__article__meta\"><div class=\"newsContent__article__meta__authorBox\"><a href=\"https:\/\/www.suno.com.br\/noticias\/author\/murilomelo-jornalismogmail-com\/\" class=\"authorBox__avatar noMobi\"><img src=\"https:\/\/files.sunoresearch.com.br\/n\/uploads\/2024\/02\/Murilo_Melo_Jornalista-e1708476456132-150x150.jpeg\" alt=\"Murilo Melo\"><\/a><div class=\"authorBox__name\"><span>por\n\t\t\t<a href=\"https:\/\/www.suno.com.br\/noticias\/author\/murilomelo-jornalismogmail-com\/\"><span itemprop=\"author\">Murilo Melo<\/span><\/a><\/span><time datetime=\"2024-04-10T21:49:41-03:00\" itemprop=\"datePublished\">10\/04\/2024 21:49<\/time><\/div><\/div><\/div><\/div><\/div>","single_layout":"posts","amp_enabled":true,"_links":{"self":[{"href":"https:\/\/www.suno.com.br\/noticias\/wp-json\/wp\/v2\/posts\/542873"}],"collection":[{"href":"https:\/\/www.suno.com.br\/noticias\/wp-json\/wp\/v2\/posts"}],"about":[{"href":"https:\/\/www.suno.com.br\/noticias\/wp-json\/wp\/v2\/types\/post"}],"author":[{"embeddable":true,"href":"https:\/\/www.suno.com.br\/noticias\/wp-json\/wp\/v2\/users\/345"}],"replies":[{"embeddable":true,"href":"https:\/\/www.suno.com.br\/noticias\/wp-json\/wp\/v2\/comments?post=542873"}],"version-history":[{"count":3,"href":"https:\/\/www.suno.com.br\/noticias\/wp-json\/wp\/v2\/posts\/542873\/revisions"}],"predecessor-version":[{"id":542911,"href":"https:\/\/www.suno.com.br\/noticias\/wp-json\/wp\/v2\/posts\/542873\/revisions\/542911"}],"wp:featuredmedia":[{"embeddable":true,"href":"https:\/\/www.suno.com.br\/noticias\/wp-json\/wp\/v2\/media\/244608"}],"wp:attachment":[{"href":"https:\/\/www.suno.com.br\/noticias\/wp-json\/wp\/v2\/media?parent=542873"}],"wp:term":[{"taxonomy":"category","embeddable":true,"href":"https:\/\/www.suno.com.br\/noticias\/wp-json\/wp\/v2\/categories?post=542873"},{"taxonomy":"post_tag","embeddable":true,"href":"https:\/\/www.suno.com.br\/noticias\/wp-json\/wp\/v2\/tags?post=542873"},{"taxonomy":"suno_strategy","embeddable":true,"href":"https:\/\/www.suno.com.br\/noticias\/wp-json\/wp\/v2\/suno_strategy?post=542873"}],"curies":[{"name":"wp","href":"https:\/\/api.w.org\/{rel}","templated":true}]}}