{"id":542628,"date":"2024-04-10T12:10:14","date_gmt":"2024-04-10T15:10:14","guid":{"rendered":"https:\/\/www.suno.com.br\/noticias\/?p=542628"},"modified":"2024-04-10T19:17:32","modified_gmt":"2024-04-10T22:17:32","slug":"casas-bahia-bhia3-queda-ipca-cpi-gpj","status":"publish","type":"post","link":"https:\/\/www.suno.com.br\/noticias\/casas-bahia-bhia3-queda-ipca-cpi-gpj\/","title":{"rendered":"Casas Bahia (BHIA3) e outras varejistas no negativo: o que est\u00e1 por tr\u00e1s da queda no Ibovespa?"},"content":{"rendered":"<p>As a\u00e7\u00f5es das <strong>Casas Bahia<\/strong> (BHIA3), assim como de outras varejistas, t\u00eam forte queda nesta quarta-feira (10) no Ibovespa. A alta da infla\u00e7\u00e3o nos EUA, al\u00e9m da queda nas vendas do setor de varejo em mar\u00e7o, segundo pesquisa da Cielo, s\u00e3o alguns dos fatores que contribuem para a queda dos pap\u00e9is.<\/p>\t<div class=\"wrapper-featured-image\">\n\t\t<figure class=\"spotlightImg\">\n\n\t\t\t<picture>\n\t\t\t\t<source media=\"(max-width: 768px)\" srcset=\"https:\/\/files.sunoresearch.com.br\/n\/uploads\/2023\/07\/via-viia3-casas-bahia-400x200.jpg\">\n\t\t\t\t<img loading=\"lazy\" decoding=\"async\" class=\"newsContent__article__imgCapa lazyloadDisabled \" src=\"https:\/\/files.sunoresearch.com.br\/n\/uploads\/2023\/07\/via-viia3-casas-bahia-800x450.jpg\" width=\"800\" height=\"450\" alt=\"Casas Bahia (BHIA3) e outras varejistas no negativo: o que est\u00e1 por tr\u00e1s da queda no Ibovespa?\" fetchpriority=high \/>\n\t\t\t<\/picture>\n\n\t\t\t<figcaption class=\"wp-caption-text wp-caption-text--show\">Casas Bahia (BHIA3). Foto: Divulga\u00e7\u00e3o\/ Casas Bahia.<\/figcaption>\n\t\t<\/figure>\n\t<\/div>\n\n\n\n\n\n\n\n\t<p>\n\t\t<a href=\"https:\/\/lp.suno.com.br\/planilha-da-vida-financeira\/\" target=\"_blank\" data-element=\"shortcode-suno-banner\" title=\"Banner SUNO, clique e saiba mais\">\n\t\t\t<picture>\n\t\t\t\t<source media=\"(max-width: 500px)\" srcset=\"https:\/\/files.sunoresearch.com.br\/n\/uploads\/2023\/04\/400x300-Planilha-vida-financeira-true.png\">\n\t\t\t\t<img class=\"newsContent__article__imgCapa newsContent__article__imgCapa--banner\"\n\t\t\t\t\tsrc=\"https:\/\/files.sunoresearch.com.br\/n\/uploads\/2023\/04\/1420x240-Planilha-vida-financeira-true.png\"\n\t\t\t\t\tdata-promo-id=\"106682\"\t\t\t\t\t\t\t\t\t\twidth='1420' height='240'\t\t\t\t\talt=\"https:\/\/files.sunoresearch.com.br\/n\/uploads\/2023\/04\/1420x240-Planilha-vida-financeira-true.png\"\n\t\t\t\t>\n\t\t\t<\/picture>\n\t\t<\/a>\n\t<\/p>\n\n\n\n\n\n<p>No fechamento, as<strong> a\u00e7\u00f5es BHIA3<\/strong> ca\u00edram 2,27%, cotadas a R$ 6,90. Outras companhias do setor tamb\u00e9m ca\u00edam em bloco. Confira:<\/p>\n\n\n\n<ul class=\"wp-block-list\">\n<li><a href=\"https:\/\/www.suno.com.br\/acoes\/mglu3\/\">Magazine Luiza (MGLU3)<\/a>: -2,75%, a R$ 1,77;<\/li>\n\n\n\n<li><a href=\"https:\/\/www.suno.com.br\/acoes\/pcar3\/\">P\u00e3o de A\u00e7\u00facar (PCAR3)<\/a>: -2,99%, a R$ 2,60;<\/li>\n\n\n\n<li><a href=\"https:\/\/www.suno.com.br\/acoes\/petz3\/\">Petz (PETZ3)<\/a>: -6,10%, a R$ 3,79;<\/li>\n\n\n\n<li><a href=\"https:\/\/www.suno.com.br\/acoes\/soma3\/\">Grupo Soma (SOMA3)<\/a>: -4,16%, a R$ 6,45;<\/li>\n\n\n\n<li><a href=\"https:\/\/www.suno.com.br\/acoes\/crfb3\/\">Carrefour (CRFB3)<\/a>: -4,08%, a R$ 12,93;<\/li>\n\n\n\n<li><a href=\"https:\/\/www.suno.com.br\/acoes\/arzz3\/\">Arezzo (ARZZ3)<\/a>: -5,02%, a R$ 53,95.<\/li>\n<\/ul>\n\n\n\n<div class=\"pluginQuotation\">\n  <p class=\"ticker\">\n    Cota\u00e7\u00e3o <span>BHIA3<\/span>\n  <\/p>\n  <div class=\"info\">\n    <div class=\"leftSide\">\n      Gr\u00e1fico gerado em: 10\/04\/2024    <\/div>\n\t\t\t\t\t<div class=\"rightSide\">\n\t\t\t\t\t<span class=\"period\">\n\t\t\t\t\t\t5 Dias\t\t\t\t\t<\/span>\n\t\t\t<\/div>\n\t\t  <\/div>\n\n  <div id=\"chart-53b10462b7482c746c02adb5f8ea8bc5\" data-block-hash=\"53b10462b7482c746c02adb5f8ea8bc5\"  class=\"chart\" style=\"width:100%;height:400px;\"><\/div>\n\n  <div class=\"pluginQuotation__footer\">\n    <div class=\"dataChart\">\n\n      <div class=\"dataChart__div1 variation\">\n        <div class=\"value-negative\">\n          -2,35 (-0,17%)        <\/div>\n        <div class=\"text\">\n          Varia\u00e7\u00e3o do per\u00edodo\n        <\/div>\n      <\/div>\n\n      <div class=\"dataChart__div2 minMax\">\n        <div class=\"value\">\n          R$\u00a07,05        <\/div>\n        <div class=\"text\">\n          M\u00ednima\n        <\/div>\n      <\/div>\n\n      <div class=\"dataChart__div3 minMax\">\n        <div class=\"value\">\n          R$\u00a07,24        <\/div>\n        <div class=\"text\">\n          M\u00e1xima\n        <\/div>\n      <\/div>\n\n\t\t\t<div class=\"dataChart__div4 rightSide\">\n\t\t\t\t<div class=\"analiticaSource\">\n\t\t\t\t\t<span>\n\t\t\t\t\t\tFonte:\n\t\t\t\t\t<\/span>\n\t\t\t\t\t<img decoding=\"async\" class=\"analiticaLogo\" src=\"https:\/\/www.suno.com.br\/noticias\/wp-content\/plugins\/suno-block-ticker-quotation\/src\/suno-analitica-logo.png\" alt=\"Logo Suno Anal\u00edtica\" \/>\n\t\t\t\t<\/div>\n\n\t\t\t\t<a href=\"https:\/\/www.suno.com.br\/analitica\/acoes\/BHIA3\" target=\"_blank\">\n\t\t\t\t\t<span>\n\t\t\t\t\t\tVer mais cota\u00e7\u00f5es\n\t\t\t\t\t<\/span>\n\t\t\t\t\t<svg xmlns=\"http:\/\/www.w3.org\/2000\/svg\" width=\"9\" height=\"8\" viewBox=\"0 0 9 8\" fill=\"none\">\n\t\t\t\t\t\t<path d=\"M4.20996 0L3.50496 0.705L6.29496 3.5H0.209961V4.5H6.29496L3.50496 7.295L4.20996 8L8.20996 4L4.20996 0Z\" fill=\"#D42126\" \/>\n\t\t\t\t\t<\/svg>\n\t\t\t\t<\/a>\n    <\/div>\n\n    <\/div>\n  <\/div>\n<\/div>\n\n\n<script type=\"text\/javascript\">\n  let chart_53b10462b7482c746c02adb5f8ea8bc5 = document.getElementById('chart-53b10462b7482c746c02adb5f8ea8bc5');\n  let data_json_53b10462b7482c746c02adb5f8ea8bc5 = \"[{\\\"date\\\":\\\"03\\\\\\\/04\\\\\\\/24 14:10\\\",\\\"value\\\":7.22},{\\\"date\\\":\\\"03\\\\\\\/04\\\\\\\/24 14:20\\\",\\\"value\\\":7.22},{\\\"date\\\":\\\"03\\\\\\\/04\\\\\\\/24 14:30\\\",\\\"value\\\":7.22},{\\\"date\\\":\\\"03\\\\\\\/04\\\\\\\/24 14:40\\\",\\\"value\\\":7.24},{\\\"date\\\":\\\"03\\\\\\\/04\\\\\\\/24 14:50\\\",\\\"value\\\":7.05}]\";\n  let isPositive_53b10462b7482c746c02adb5f8ea8bc5 = \"\";\n\n  let color_53b10462b7482c746c02adb5f8ea8bc5 = isPositive_53b10462b7482c746c02adb5f8ea8bc5 ? '#3AB53A' : '#D92C2D';\n\n  let data_53b10462b7482c746c02adb5f8ea8bc5 = JSON.parse(data_json_53b10462b7482c746c02adb5f8ea8bc5);\n\n  const result_53b10462b7482c746c02adb5f8ea8bc5 = {\n    date: [],\n    value: [],\n  };\n\n  data_53b10462b7482c746c02adb5f8ea8bc5.forEach((item) => {\n    result_53b10462b7482c746c02adb5f8ea8bc5.date.push(item.date);\n    result_53b10462b7482c746c02adb5f8ea8bc5.value.push(Number(item.value));\n  });\n\n  let option_53b10462b7482c746c02adb5f8ea8bc5 = {\n    \/\/ variavel de cor global\n    color: [color_53b10462b7482c746c02adb5f8ea8bc5],\n    title: {\n      text: '',\n    },\n    tooltip: {\n      trigger: 'axis',\n      axisPointer: {\n        type: 'cross',\n        label: {\n          \/\/ cor dos valores em X e Y\n          backgroundColor: color_53b10462b7482c746c02adb5f8ea8bc5,\n          formatter: (value) => {\n            if (typeof value.value === 'number') {\n              return Number(value.value).toLocaleString('pt-br', {\n                style: 'currency',\n                currency: 'BRL'\n              });\n            }\n            return value.value;\n          },\n        },\n      },\n      valueFormatter: (value) => Number(value).toLocaleString('pt-br', {\n        style: 'currency',\n        currency: 'BRL'\n      }),\n    },\n    legend: {\n      \/\/ data: ['Valor de Fechamento'],\n      show: false,\n    },\n    toolbox: {\n      feature: {\n        saveAsImage: {\n          show: false,\n        },\n      },\n    },\n    grid: {\n      left: '0px',\n      right: '0px',\n      bottom: '0px',\n      containLabel: true,\n    },\n    xAxis: [{\n      type: 'category',\n      data: result_53b10462b7482c746c02adb5f8ea8bc5.date,\n      boundaryGap: true,\n    }],\n    yAxis: [{\n      type: 'value',\n      min: Math.min(...result_53b10462b7482c746c02adb5f8ea8bc5.value),\n      max: Math.max(...result_53b10462b7482c746c02adb5f8ea8bc5.value),\n      axisLabel: {\n        formatter: (value) => value.toLocaleString('pt-br', {\n          style: 'currency',\n          currency: 'BRL'\n        }),\n      },\n    }],\n    series: [{\n      name: 'Valor de Fechamento',\n      type: 'line',\n      stack: 'Total',\n      \/\/ cor do grafico\n      areaStyle: {},\n      emphasis: {\n        focus: 'series',\n      },\n      data: result_53b10462b7482c746c02adb5f8ea8bc5.value,\n      \/\/ cor da linha\n      lineStyle: {\n        color: color_53b10462b7482c746c02adb5f8ea8bc5,\n      },\n    }, ],\n  };\n\n\twindow.chart_53b10462b7482c746c02adb5f8ea8bc5 = {\n\t\tel: chart_53b10462b7482c746c02adb5f8ea8bc5,\n\t\toption: option_53b10462b7482c746c02adb5f8ea8bc5\t};\n\n\n<\/script>\n\n\n\n<p>&#8220;Apesar de um n\u00famero melhor do IPCA, o mercado acabou sendo contaminado por dados ruins do <strong>CPI nos EUA<\/strong> acima do esperado, impondo mais press\u00e3o sobre o Federal Reserve (Fed, o banco central americano), at\u00e9 mesmo porque houve uma &#8216;empina\u00e7\u00e3o&#8217; tanto do \u00edndice cheio quanto do n\u00facleo, deixando em xeque a possibilidade de corte pelo Fed em junho, como o mercado vinha desejando&#8221;, disse F\u00e1bio Lemos, s\u00f3cio da Fatorial Investimentos.<\/p>\n\n\n\n<p>Principal term\u00f4metro da infla\u00e7\u00e3o brasileira, o <strong>IPCA de mar\u00e7o<\/strong> presentou alta de 0,16%, abaixo das expectativas do pr\u00f3prio Banco Central, que projetava avan\u00e7o de 0,24%. O dado fico 0,67 ponto percentual abaixo do resultado de fevereiro, quando houve alta de 0,83%. Segundo a publica\u00e7\u00e3o do Instituto Brasileiro e Geografia e Estat\u00edstica (IBGE), o <strong>resultado do IPCA <\/strong>foi principalmente impulsionado pela alta nos pre\u00e7os de alimentos e bebidas.<\/p>\n\n\n\n<p>Em paralelo, nesta quarta-feira, o principal indicador da <strong>infla\u00e7\u00e3o nos EUA<\/strong>, o CPI registrou uma alta de 0,40% em mar\u00e7o ante fevereiro, acima das proje\u00e7\u00f5es de de 0,30%. O n\u00facleo, que exclui itens mais vol\u00e1teis, tamb\u00e9m teve alta de 0,40%. Os dados do <a href=\"https:\/\/www.suno.com.br\/artigos\/cpi\/\">Consumer Price Index (CPI)<\/a> foram divulgados pelo Departamento de Estat\u00edsticas do Trabalho.<\/p>\n\n\n\n<p>&#8220;Some-se a isso, o \u00cdndice Cielo do Varejo Ampliado (<strong>ICVA<\/strong>), divulgado hoje, com queda de 1,1% em mar\u00e7o, mostra que o setor ainda inspira muita aten\u00e7\u00e3o, principalmente se o cen\u00e1rio de juros global n\u00e3o ceder, impondo press\u00e3o para que nosso Banco Central (BC) tamb\u00e9m seja mais prudente&#8221;, completa Lemos. Segundo o ICVA, em termos nominais, que espelham a receita de vendas observadas pelo varejista, o \u00edndice registrou alta de 2,8%.<\/p>\n\n\n\n\t<div data-element=\"shortcode-read-more\" class=\"readToo\">\n\t\t\t\t<span class=\"readToo__title\">Leia mais<\/span>\n\t\t\t\t<ul class=\"readToo__list\">\n\t\t\t<li><a href=\"https:\/\/www.suno.com.br\/noticias\/varejo-vendas-caem-marco-cielo-ciel3-gpj\/\">Varejo: vendas caem 1,1% em mar\u00e7o, aponta \u00edndice da Cielo (CIEL3)<\/a><\/li><li><a href=\"https:\/\/www.suno.com.br\/noticias\/cpi-inflacao-nos-eua-marco-resultado-cpf\/\">Infla\u00e7\u00e3o nos EUA sobe 0,40% em mar\u00e7o, segundo CPI; dado vem acima do consenso<\/a><\/li><li><a href=\"https:\/\/www.suno.com.br\/noticias\/ipca-marco-inflacao-resultado-abaixo-projecoes-cpf\/\">IPCA desacelera e tem alta de 0,16% em mar\u00e7o, abaixo das proje\u00e7\u00f5es do BC<\/a><\/li>\t\t<\/ul>\n\t<\/div>\n\n\n\n\n<h2 class=\"wp-block-heading\">Casas Bahia (BHIA3) informa data de assembleia geral ordin\u00e1ria e extraordin\u00e1ria; veja quando ser\u00e1<\/h2>\n\n\n\n<p>A Casas Bahia (BHIA3), comunicou aos seus acionistas e ao mercado que sua <a href=\"https:\/\/www.suno.com.br\/artigos\/assembleia-geral-ordinaria\/\">assembleia geral ordin\u00e1ria<\/a> e extraordin\u00e1ria (AGOE) est\u00e1 prevista para o dia 30 de abril de 2024, \u00e0s 11h.<\/p>\n\n\n\n<p>Ainda de acordo com a Casas Bahia, informa\u00e7\u00f5es sobre os prazos, procedimentos e orienta\u00e7\u00f5es para cadastro e acesso ao sistema eletr\u00f4nico para participa\u00e7\u00e3o a dist\u00e2ncia est\u00e3o dispon\u00edveis no edital de convoca\u00e7\u00e3o e da proposta da administra\u00e7\u00e3o para a assembleia.<\/p>\n\n\n\n<p>No fim de mar\u00e7o, a Casas Bahia informou que o JP Morgan (<a href=\"https:\/\/www.suno.com.br\/bdrs\/jpmc34\/\">JPMC34<\/a>) aumentou sua participa\u00e7\u00e3o para 5,86% do n\u00famero total de <a href=\"https:\/\/www.suno.com.br\/artigos\/o-que-sao-acoes-ordinarias-preferenciais-e-units\/\">a\u00e7\u00f5es ordin\u00e1rias<\/a> da companhia, segundo comunicado anexado \u00e0 Comiss\u00e3o de Valores Mobili\u00e1rios (CVM).<\/p>\n\n\n\n<p>Segundo comunicado, a porcentagem atingida pelo JP Morgan corresponde a 898.973 pap\u00e9is ordin\u00e1rios da companhia. A institui\u00e7\u00e3o det\u00e9m 5.571.948 instrumentos derivativos com previs\u00e3o de liquida\u00e7\u00e3o f\u00edsica em posi\u00e7\u00e3o comprada.<\/p>\n\n\n\n<p>\u201cO aumento da participa\u00e7\u00e3o teve motiva\u00e7\u00e3o exclusiva de investimento e de prote\u00e7\u00e3o de <a href=\"https:\/\/www.suno.com.br\/artigos\/riscos-financeiros\/\">riscos financeiros<\/a> assumidos em opera\u00e7\u00f5es celebradas com clientes e n\u00e3o visa, portanto, alterar a composi\u00e7\u00e3o do controle ou da estrutura administrativa da companhia, sem preju\u00edzo do regular exerc\u00edcio de direito de voto pelos referidos investidores\u201d, escreveu o JP Morgan sobre o aumento da participa\u00e7\u00e3o na <strong>Casas Bahia<\/strong>.<\/p>\n\n\n\t<p>\n\t\t<a href=\"https:\/\/lp.suno.com.br\/ebook-como-analisar-uma-acao\/\" target=\"_blank\" data-element=\"shortcode-suno-banner\" title=\"Banner SUNO, clique e saiba mais\">\n\t\t\t<picture>\n\t\t\t\t<source media=\"(max-width: 500px)\" srcset=\"https:\/\/files.sunoresearch.com.br\/n\/uploads\/2023\/03\/Ebook-Acoes-Mobile.jpg\">\n\t\t\t\t<img class=\"newsContent__article__imgCapa newsContent__article__imgCapa--banner\"\n\t\t\t\t\tsrc=\"https:\/\/files.sunoresearch.com.br\/n\/uploads\/2023\/03\/Ebook-Acoes-Desktop.jpg\"\n\t\t\t\t\tdata-promo-id=\"378302\"\t\t\t\t\t\t\t\t\t\twidth='1420' height='286'\t\t\t\t\talt=\"https:\/\/files.sunoresearch.com.br\/n\/uploads\/2023\/03\/Ebook-Acoes-Desktop.jpg\"\n\t\t\t\t>\n\t\t\t<\/picture>\n\t\t<\/a>\n\t<\/p>\n\n\n","protected":false},"excerpt":{"rendered":"<p>As a\u00e7\u00f5es das Casas Bahia (BHIA3), assim como de outras varejistas, t\u00eam forte queda nesta quarta-feira (10) no Ibovespa. A alta da infla\u00e7\u00e3o nos EUA, al\u00e9m da queda nas vendas do setor de varejo em mar\u00e7o, segundo pesquisa da Cielo, s\u00e3o alguns dos fatores que contribuem para a queda dos pap\u00e9is. Casas Bahia (BHIA3). Foto: [&hellip;]<\/p>\n","protected":false},"author":313,"featured_media":429977,"comment_status":"closed","ping_status":"closed","sticky":false,"template":"","format":"standard","meta":[],"categories":[64],"tags":[286,362,405,107138,105816,1964,2686,548,97380],"suno_strategy":[],"class_list":["post-542628","post","type-post","status-publish","format-standard","has-post-thumbnail","hentry","category-negocios","tag-acoes","tag-arezzo-arzz3","tag-carrefour-crfb3","tag-casas-bahia-bhia3","tag-especialistas","tag-grupo-pao-de-acucar-pcar3-pcar4","tag-grupo-soma-soma3","tag-magazine-luiza-mglu3","tag-petz-petz3"],"yoast_head":"<!-- This site is optimized with the Yoast SEO plugin v24.4 - https:\/\/yoast.com\/wordpress\/plugins\/seo\/ -->\n<title>Casas Bahia (BHIA3): o que est\u00e1 por tr\u00e1s da queda no Ibovespa?<\/title>\n<meta name=\"description\" content=\"As a\u00e7\u00f5es de Casas Bahia, assim como de outras varejistas, despencam nesta quarta (10) no Ibovespa. Veja por qu\u00ea as a\u00e7\u00f5es de Casas Bahia caem.\" \/>\n<meta name=\"robots\" content=\"index, follow, max-snippet:-1, max-image-preview:large, max-video-preview:-1\" \/>\n<link rel=\"canonical\" href=\"https:\/\/www.suno.com.br\/noticias\/casas-bahia-bhia3-queda-ipca-cpi-gpj\/\" \/>\n<meta property=\"og:locale\" content=\"pt_BR\" \/>\n<meta property=\"og:type\" content=\"article\" \/>\n<meta property=\"og:title\" content=\"Casas Bahia (BHIA3): o que est\u00e1 por tr\u00e1s da queda no Ibovespa?\" \/>\n<meta property=\"og:description\" content=\"As a\u00e7\u00f5es de Casas Bahia, assim como de outras varejistas, despencam nesta quarta (10) no Ibovespa. Veja por qu\u00ea as a\u00e7\u00f5es de Casas Bahia caem.\" \/>\n<meta property=\"og:url\" content=\"https:\/\/www.suno.com.br\/noticias\/casas-bahia-bhia3-queda-ipca-cpi-gpj\/\" \/>\n<meta property=\"og:site_name\" content=\"Suno Not\u00edcias\" \/>\n<meta property=\"article:publisher\" content=\"https:\/\/facebook.com\/sunoresearch\" \/>\n<meta property=\"og:image\" content=\"https:\/\/files.sunoresearch.com.br\/n\/uploads\/2023\/07\/via-viia3-casas-bahia.jpg\" \/>\n\t<meta property=\"og:image:width\" content=\"1200\" \/>\n\t<meta property=\"og:image:height\" content=\"800\" \/>\n\t<meta property=\"og:image:type\" content=\"image\/jpeg\" \/>\n<meta name=\"author\" content=\"Giovanni Porf\u00edrio Jacomino\" \/>\n<meta name=\"twitter:card\" content=\"summary_large_image\" \/>\n<meta name=\"twitter:creator\" content=\"@sunoresearch\" \/>\n<meta name=\"twitter:site\" content=\"@sunoresearch\" \/>\n<meta name=\"twitter:label1\" content=\"Escrito por\" \/>\n\t<meta name=\"twitter:data1\" content=\"Giovanni Porf\u00edrio Jacomino\" \/>\n\t<meta name=\"twitter:label2\" content=\"Est. tempo de leitura\" \/>\n\t<meta name=\"twitter:data2\" content=\"4 minutos\" \/>\n<script type=\"application\/ld+json\" class=\"yoast-schema-graph\">{\"@context\":\"https:\/\/schema.org\",\"@graph\":[{\"@type\":\"NewsArticle\",\"@id\":\"https:\/\/www.suno.com.br\/noticias\/casas-bahia-bhia3-queda-ipca-cpi-gpj\/#article\",\"isPartOf\":{\"@id\":\"https:\/\/www.suno.com.br\/noticias\/casas-bahia-bhia3-queda-ipca-cpi-gpj\/\"},\"author\":{\"name\":\"Giovanni Porf\u00edrio Jacomino\",\"@id\":\"https:\/\/www.suno.com.br\/noticias\/#\/schema\/person\/d0f32748bbca4bee871fa191ee4e2d40\"},\"headline\":\"Casas Bahia (BHIA3) e outras varejistas no negativo: o que est\u00e1 por tr\u00e1s da queda no Ibovespa?\",\"datePublished\":\"2024-04-10T15:10:14+00:00\",\"dateModified\":\"2024-04-10T22:17:32+00:00\",\"mainEntityOfPage\":{\"@id\":\"https:\/\/www.suno.com.br\/noticias\/casas-bahia-bhia3-queda-ipca-cpi-gpj\/\"},\"wordCount\":658,\"publisher\":{\"@id\":\"https:\/\/www.suno.com.br\/noticias\/#organization\"},\"image\":{\"@id\":\"https:\/\/www.suno.com.br\/noticias\/casas-bahia-bhia3-queda-ipca-cpi-gpj\/#primaryimage\"},\"thumbnailUrl\":\"https:\/\/files.sunoresearch.com.br\/n\/uploads\/2023\/07\/via-viia3-casas-bahia.jpg\",\"keywords\":[\"A\u00e7\u00f5es\",\"Arezzo (ARZZ3)\",\"Carrefour (CRFB3)\",\"Casas Bahia (BHIA3)\",\"Especialistas\",\"Grupo P\u00e3o de A\u00e7\u00facar (PCAR3\/PCAR4)\",\"Grupo Soma (SOMA3)\",\"Magazine Luiza (MGLU3)\",\"Petz (PETZ3)\"],\"articleSection\":[\"Neg\u00f3cios\"],\"inLanguage\":\"pt-BR\"},{\"@type\":\"WebPage\",\"@id\":\"https:\/\/www.suno.com.br\/noticias\/casas-bahia-bhia3-queda-ipca-cpi-gpj\/\",\"url\":\"https:\/\/www.suno.com.br\/noticias\/casas-bahia-bhia3-queda-ipca-cpi-gpj\/\",\"name\":\"Casas Bahia (BHIA3): o que est\u00e1 por tr\u00e1s da queda no Ibovespa?\",\"isPartOf\":{\"@id\":\"https:\/\/www.suno.com.br\/noticias\/#website\"},\"primaryImageOfPage\":{\"@id\":\"https:\/\/www.suno.com.br\/noticias\/casas-bahia-bhia3-queda-ipca-cpi-gpj\/#primaryimage\"},\"image\":{\"@id\":\"https:\/\/www.suno.com.br\/noticias\/casas-bahia-bhia3-queda-ipca-cpi-gpj\/#primaryimage\"},\"thumbnailUrl\":\"https:\/\/files.sunoresearch.com.br\/n\/uploads\/2023\/07\/via-viia3-casas-bahia.jpg\",\"datePublished\":\"2024-04-10T15:10:14+00:00\",\"dateModified\":\"2024-04-10T22:17:32+00:00\",\"description\":\"As a\u00e7\u00f5es de Casas Bahia, assim como de outras varejistas, despencam nesta quarta (10) no Ibovespa. Veja por qu\u00ea as a\u00e7\u00f5es de Casas Bahia caem.\",\"breadcrumb\":{\"@id\":\"https:\/\/www.suno.com.br\/noticias\/casas-bahia-bhia3-queda-ipca-cpi-gpj\/#breadcrumb\"},\"inLanguage\":\"pt-BR\",\"potentialAction\":[{\"@type\":\"ReadAction\",\"target\":[\"https:\/\/www.suno.com.br\/noticias\/casas-bahia-bhia3-queda-ipca-cpi-gpj\/\"]}]},{\"@type\":\"ImageObject\",\"inLanguage\":\"pt-BR\",\"@id\":\"https:\/\/www.suno.com.br\/noticias\/casas-bahia-bhia3-queda-ipca-cpi-gpj\/#primaryimage\",\"url\":\"https:\/\/files.sunoresearch.com.br\/n\/uploads\/2023\/07\/via-viia3-casas-bahia.jpg\",\"contentUrl\":\"https:\/\/files.sunoresearch.com.br\/n\/uploads\/2023\/07\/via-viia3-casas-bahia.jpg\",\"width\":1200,\"height\":800,\"caption\":\"Casas Bahia (BHIA3). Foto: Divulga\u00e7\u00e3o\/ Casas Bahia.\"},{\"@type\":\"BreadcrumbList\",\"@id\":\"https:\/\/www.suno.com.br\/noticias\/casas-bahia-bhia3-queda-ipca-cpi-gpj\/#breadcrumb\",\"itemListElement\":[{\"@type\":\"ListItem\",\"position\":1,\"name\":\"Not\u00edcias\",\"item\":\"https:\/\/www.suno.com.br\/noticias\/\"},{\"@type\":\"ListItem\",\"position\":2,\"name\":\"Neg\u00f3cios\",\"item\":\"https:\/\/www.suno.com.br\/noticias\/negocios\/\"},{\"@type\":\"ListItem\",\"position\":3,\"name\":\"Casas Bahia (BHIA3) e outras varejistas no negativo: o que est\u00e1 por tr\u00e1s da queda no Ibovespa?\"}]},{\"@type\":\"WebSite\",\"@id\":\"https:\/\/www.suno.com.br\/noticias\/#website\",\"url\":\"https:\/\/www.suno.com.br\/noticias\/\",\"name\":\"Suno Not\u00edcias\",\"description\":\"Seu portal de informa\u00e7\u00e3o sobre o mundo dos investimentos\",\"publisher\":{\"@id\":\"https:\/\/www.suno.com.br\/noticias\/#organization\"},\"potentialAction\":[{\"@type\":\"SearchAction\",\"target\":{\"@type\":\"EntryPoint\",\"urlTemplate\":\"https:\/\/www.suno.com.br\/noticias\/?s={search_term_string}\"},\"query-input\":{\"@type\":\"PropertyValueSpecification\",\"valueRequired\":true,\"valueName\":\"search_term_string\"}}],\"inLanguage\":\"pt-BR\"},{\"@type\":\"Organization\",\"@id\":\"https:\/\/www.suno.com.br\/noticias\/#organization\",\"name\":\"Suno Not\u00edcias\",\"url\":\"https:\/\/www.suno.com.br\/noticias\/\",\"logo\":{\"@type\":\"ImageObject\",\"inLanguage\":\"pt-BR\",\"@id\":\"https:\/\/www.suno.com.br\/noticias\/#\/schema\/logo\/image\/\",\"url\":\"https:\/\/files.sunoresearch.com.br\/n\/uploads\/2021\/09\/suno-logo.png\",\"contentUrl\":\"https:\/\/files.sunoresearch.com.br\/n\/uploads\/2021\/09\/suno-logo.png\",\"width\":180,\"height\":180,\"caption\":\"Suno Not\u00edcias\"},\"image\":{\"@id\":\"https:\/\/www.suno.com.br\/noticias\/#\/schema\/logo\/image\/\"},\"sameAs\":[\"https:\/\/facebook.com\/sunoresearch\",\"https:\/\/x.com\/sunoresearch\",\"https:\/\/www.instagram.com\/suno\",\"https:\/\/www.linkedin.com\/company\/suno-research\/\",\"https:\/\/www.youtube.com\/c\/sunoresearch\"]},{\"@type\":\"Person\",\"@id\":\"https:\/\/www.suno.com.br\/noticias\/#\/schema\/person\/d0f32748bbca4bee871fa191ee4e2d40\",\"name\":\"Giovanni Porf\u00edrio Jacomino\",\"image\":{\"@type\":\"ImageObject\",\"inLanguage\":\"pt-BR\",\"@id\":\"https:\/\/www.suno.com.br\/noticias\/#\/schema\/person\/image\/\",\"url\":\"https:\/\/secure.gravatar.com\/avatar\/efb32e19b730a121cb7a80f41ffec01a?s=96&r=g\",\"contentUrl\":\"https:\/\/secure.gravatar.com\/avatar\/efb32e19b730a121cb7a80f41ffec01a?s=96&r=g\",\"caption\":\"Giovanni Porf\u00edrio Jacomino\"},\"description\":\"Giovanni Porf\u00edrio Jacomino \u00e9 jornalista formado pela Universidade Estadual de Londrina (UEL) e p\u00f3s-graduado em Produ\u00e7\u00e3o e Pr\u00e1ticas Jornal\u00edsticas na Contemporaneidade na Faculdade C\u00e1sper L\u00edbero (FCL). Foi editor web no Startupi e no Finsiders, atuando ainda como editor no TC Mover, portal de not\u00edcias da TradersClub, fazendo a cobertura de assuntos relacionados ao mercado financeiro interno e externo. Atualmente, \u00e9 Rep\u00f3rter do Suno Not\u00edcias.\",\"url\":\"https:\/\/www.suno.com.br\/noticias\/author\/giovanni-porfiriosuno-com-br\/\"}]}<\/script>\n<!-- \/ Yoast SEO plugin. -->","yoast_head_json":{"title":"Casas Bahia (BHIA3): o que est\u00e1 por tr\u00e1s da queda no Ibovespa?","description":"As a\u00e7\u00f5es de Casas Bahia, assim como de outras varejistas, despencam nesta quarta (10) no Ibovespa. Veja por qu\u00ea as a\u00e7\u00f5es de Casas Bahia caem.","robots":{"index":"index","follow":"follow","max-snippet":"max-snippet:-1","max-image-preview":"max-image-preview:large","max-video-preview":"max-video-preview:-1"},"canonical":"https:\/\/www.suno.com.br\/noticias\/casas-bahia-bhia3-queda-ipca-cpi-gpj\/","og_locale":"pt_BR","og_type":"article","og_title":"Casas Bahia (BHIA3): o que est\u00e1 por tr\u00e1s da queda no Ibovespa?","og_description":"As a\u00e7\u00f5es de Casas Bahia, assim como de outras varejistas, despencam nesta quarta (10) no Ibovespa. Veja por qu\u00ea as a\u00e7\u00f5es de Casas Bahia caem.","og_url":"https:\/\/www.suno.com.br\/noticias\/casas-bahia-bhia3-queda-ipca-cpi-gpj\/","og_site_name":"Suno Not\u00edcias","article_publisher":"https:\/\/facebook.com\/sunoresearch","og_image":[{"width":1200,"height":800,"url":"https:\/\/files.sunoresearch.com.br\/n\/uploads\/2023\/07\/via-viia3-casas-bahia.jpg","type":"image\/jpeg"}],"author":"Giovanni Porf\u00edrio Jacomino","twitter_card":"summary_large_image","twitter_creator":"@sunoresearch","twitter_site":"@sunoresearch","twitter_misc":{"Escrito por":"Giovanni Porf\u00edrio Jacomino","Est. tempo de leitura":"4 minutos"},"schema":{"@context":"https:\/\/schema.org","@graph":[{"@type":"NewsArticle","@id":"https:\/\/www.suno.com.br\/noticias\/casas-bahia-bhia3-queda-ipca-cpi-gpj\/#article","isPartOf":{"@id":"https:\/\/www.suno.com.br\/noticias\/casas-bahia-bhia3-queda-ipca-cpi-gpj\/"},"author":{"name":"Giovanni Porf\u00edrio Jacomino","@id":"https:\/\/www.suno.com.br\/noticias\/#\/schema\/person\/d0f32748bbca4bee871fa191ee4e2d40"},"headline":"Casas Bahia (BHIA3) e outras varejistas no negativo: o que est\u00e1 por tr\u00e1s da queda no Ibovespa?","datePublished":"2024-04-10T15:10:14+00:00","dateModified":"2024-04-10T22:17:32+00:00","mainEntityOfPage":{"@id":"https:\/\/www.suno.com.br\/noticias\/casas-bahia-bhia3-queda-ipca-cpi-gpj\/"},"wordCount":658,"publisher":{"@id":"https:\/\/www.suno.com.br\/noticias\/#organization"},"image":{"@id":"https:\/\/www.suno.com.br\/noticias\/casas-bahia-bhia3-queda-ipca-cpi-gpj\/#primaryimage"},"thumbnailUrl":"https:\/\/files.sunoresearch.com.br\/n\/uploads\/2023\/07\/via-viia3-casas-bahia.jpg","keywords":["A\u00e7\u00f5es","Arezzo (ARZZ3)","Carrefour (CRFB3)","Casas Bahia (BHIA3)","Especialistas","Grupo P\u00e3o de A\u00e7\u00facar (PCAR3\/PCAR4)","Grupo Soma (SOMA3)","Magazine Luiza (MGLU3)","Petz (PETZ3)"],"articleSection":["Neg\u00f3cios"],"inLanguage":"pt-BR"},{"@type":"WebPage","@id":"https:\/\/www.suno.com.br\/noticias\/casas-bahia-bhia3-queda-ipca-cpi-gpj\/","url":"https:\/\/www.suno.com.br\/noticias\/casas-bahia-bhia3-queda-ipca-cpi-gpj\/","name":"Casas Bahia (BHIA3): o que est\u00e1 por tr\u00e1s da queda no Ibovespa?","isPartOf":{"@id":"https:\/\/www.suno.com.br\/noticias\/#website"},"primaryImageOfPage":{"@id":"https:\/\/www.suno.com.br\/noticias\/casas-bahia-bhia3-queda-ipca-cpi-gpj\/#primaryimage"},"image":{"@id":"https:\/\/www.suno.com.br\/noticias\/casas-bahia-bhia3-queda-ipca-cpi-gpj\/#primaryimage"},"thumbnailUrl":"https:\/\/files.sunoresearch.com.br\/n\/uploads\/2023\/07\/via-viia3-casas-bahia.jpg","datePublished":"2024-04-10T15:10:14+00:00","dateModified":"2024-04-10T22:17:32+00:00","description":"As a\u00e7\u00f5es de Casas Bahia, assim como de outras varejistas, despencam nesta quarta (10) no Ibovespa. Veja por qu\u00ea as a\u00e7\u00f5es de Casas Bahia caem.","breadcrumb":{"@id":"https:\/\/www.suno.com.br\/noticias\/casas-bahia-bhia3-queda-ipca-cpi-gpj\/#breadcrumb"},"inLanguage":"pt-BR","potentialAction":[{"@type":"ReadAction","target":["https:\/\/www.suno.com.br\/noticias\/casas-bahia-bhia3-queda-ipca-cpi-gpj\/"]}]},{"@type":"ImageObject","inLanguage":"pt-BR","@id":"https:\/\/www.suno.com.br\/noticias\/casas-bahia-bhia3-queda-ipca-cpi-gpj\/#primaryimage","url":"https:\/\/files.sunoresearch.com.br\/n\/uploads\/2023\/07\/via-viia3-casas-bahia.jpg","contentUrl":"https:\/\/files.sunoresearch.com.br\/n\/uploads\/2023\/07\/via-viia3-casas-bahia.jpg","width":1200,"height":800,"caption":"Casas Bahia (BHIA3). Foto: Divulga\u00e7\u00e3o\/ Casas Bahia."},{"@type":"BreadcrumbList","@id":"https:\/\/www.suno.com.br\/noticias\/casas-bahia-bhia3-queda-ipca-cpi-gpj\/#breadcrumb","itemListElement":[{"@type":"ListItem","position":1,"name":"Not\u00edcias","item":"https:\/\/www.suno.com.br\/noticias\/"},{"@type":"ListItem","position":2,"name":"Neg\u00f3cios","item":"https:\/\/www.suno.com.br\/noticias\/negocios\/"},{"@type":"ListItem","position":3,"name":"Casas Bahia (BHIA3) e outras varejistas no negativo: o que est\u00e1 por tr\u00e1s da queda no Ibovespa?"}]},{"@type":"WebSite","@id":"https:\/\/www.suno.com.br\/noticias\/#website","url":"https:\/\/www.suno.com.br\/noticias\/","name":"Suno Not\u00edcias","description":"Seu portal de informa\u00e7\u00e3o sobre o mundo dos investimentos","publisher":{"@id":"https:\/\/www.suno.com.br\/noticias\/#organization"},"potentialAction":[{"@type":"SearchAction","target":{"@type":"EntryPoint","urlTemplate":"https:\/\/www.suno.com.br\/noticias\/?s={search_term_string}"},"query-input":{"@type":"PropertyValueSpecification","valueRequired":true,"valueName":"search_term_string"}}],"inLanguage":"pt-BR"},{"@type":"Organization","@id":"https:\/\/www.suno.com.br\/noticias\/#organization","name":"Suno Not\u00edcias","url":"https:\/\/www.suno.com.br\/noticias\/","logo":{"@type":"ImageObject","inLanguage":"pt-BR","@id":"https:\/\/www.suno.com.br\/noticias\/#\/schema\/logo\/image\/","url":"https:\/\/files.sunoresearch.com.br\/n\/uploads\/2021\/09\/suno-logo.png","contentUrl":"https:\/\/files.sunoresearch.com.br\/n\/uploads\/2021\/09\/suno-logo.png","width":180,"height":180,"caption":"Suno Not\u00edcias"},"image":{"@id":"https:\/\/www.suno.com.br\/noticias\/#\/schema\/logo\/image\/"},"sameAs":["https:\/\/facebook.com\/sunoresearch","https:\/\/x.com\/sunoresearch","https:\/\/www.instagram.com\/suno","https:\/\/www.linkedin.com\/company\/suno-research\/","https:\/\/www.youtube.com\/c\/sunoresearch"]},{"@type":"Person","@id":"https:\/\/www.suno.com.br\/noticias\/#\/schema\/person\/d0f32748bbca4bee871fa191ee4e2d40","name":"Giovanni Porf\u00edrio Jacomino","image":{"@type":"ImageObject","inLanguage":"pt-BR","@id":"https:\/\/www.suno.com.br\/noticias\/#\/schema\/person\/image\/","url":"https:\/\/secure.gravatar.com\/avatar\/efb32e19b730a121cb7a80f41ffec01a?s=96&r=g","contentUrl":"https:\/\/secure.gravatar.com\/avatar\/efb32e19b730a121cb7a80f41ffec01a?s=96&r=g","caption":"Giovanni Porf\u00edrio Jacomino"},"description":"Giovanni Porf\u00edrio Jacomino \u00e9 jornalista formado pela Universidade Estadual de Londrina (UEL) e p\u00f3s-graduado em Produ\u00e7\u00e3o e Pr\u00e1ticas Jornal\u00edsticas na Contemporaneidade na Faculdade C\u00e1sper L\u00edbero (FCL). Foi editor web no Startupi e no Finsiders, atuando ainda como editor no TC Mover, portal de not\u00edcias da TradersClub, fazendo a cobertura de assuntos relacionados ao mercado financeiro interno e externo. Atualmente, \u00e9 Rep\u00f3rter do Suno Not\u00edcias.","url":"https:\/\/www.suno.com.br\/noticias\/author\/giovanni-porfiriosuno-com-br\/"}]}},"default_loop_html":"<div class=\"cardsPage__listCard__boxs\"><div class=\"cardsPage__listCard__boxs__img\"><a href=\"https:\/\/www.suno.com.br\/noticias\/casas-bahia-bhia3-queda-ipca-cpi-gpj\/\"><img class=\"mask\" src=\"https:\/\/www.suno.com.br\/noticias\/wp-content\/themes\/suno\/resources\/images\/spotlight\/spotlight1img\/bg-mask.png\" alt=\"Image Mask\"\/><img src=\"https:\/\/files.sunoresearch.com.br\/n\/uploads\/2023\/07\/via-viia3-casas-bahia-400x200.jpg\" alt=\"Casas Bahia (BHIA3) e outras varejistas no negativo: o que est\u00e1 por tr\u00e1s da queda no Ibovespa?\"\/><\/a><span class=\"spotlightCategory\"><a href=\"https:\/\/www.suno.com.br\/noticias\/negocios\/\">Neg\u00f3cios<\/a><\/span><\/div><div class=\"cardsPage__listCard__boxs__content\"><a href=\"https:\/\/www.suno.com.br\/noticias\/casas-bahia-bhia3-queda-ipca-cpi-gpj\/\"><h2 class=\"content__title\">Casas Bahia (BHIA3) e outras varejistas no negativo: o que est\u00e1 por tr\u00e1s da queda no Ibovespa?<\/h2><\/a><div class=\"newsContent__article__meta\"><div class=\"newsContent__article__meta__authorBox\"><a href=\"https:\/\/www.suno.com.br\/noticias\/author\/camila-figueiredosuno-com-br\/\" class=\"authorBox__avatar noMobi\"><img src=\"https:\/\/files.sunoresearch.com.br\/n\/uploads\/2024\/05\/camila-paim-square-150x150.jpg\" alt=\"Camila Paim\"><\/a><div class=\"authorBox__name\"><span>por\n\t\t\t<a href=\"https:\/\/www.suno.com.br\/noticias\/author\/camila-figueiredosuno-com-br\/\"><span itemprop=\"author\">Camila Paim<\/span><\/a><\/span><time datetime=\"2024-04-10T12:10:14-03:00\" itemprop=\"datePublished\">10\/04\/2024 12:10<\/time><\/div><\/div><\/div><\/div><\/div>","single_layout":"posts","amp_enabled":true,"_links":{"self":[{"href":"https:\/\/www.suno.com.br\/noticias\/wp-json\/wp\/v2\/posts\/542628"}],"collection":[{"href":"https:\/\/www.suno.com.br\/noticias\/wp-json\/wp\/v2\/posts"}],"about":[{"href":"https:\/\/www.suno.com.br\/noticias\/wp-json\/wp\/v2\/types\/post"}],"author":[{"embeddable":true,"href":"https:\/\/www.suno.com.br\/noticias\/wp-json\/wp\/v2\/users\/313"}],"replies":[{"embeddable":true,"href":"https:\/\/www.suno.com.br\/noticias\/wp-json\/wp\/v2\/comments?post=542628"}],"version-history":[{"count":2,"href":"https:\/\/www.suno.com.br\/noticias\/wp-json\/wp\/v2\/posts\/542628\/revisions"}],"predecessor-version":[{"id":542843,"href":"https:\/\/www.suno.com.br\/noticias\/wp-json\/wp\/v2\/posts\/542628\/revisions\/542843"}],"wp:featuredmedia":[{"embeddable":true,"href":"https:\/\/www.suno.com.br\/noticias\/wp-json\/wp\/v2\/media\/429977"}],"wp:attachment":[{"href":"https:\/\/www.suno.com.br\/noticias\/wp-json\/wp\/v2\/media?parent=542628"}],"wp:term":[{"taxonomy":"category","embeddable":true,"href":"https:\/\/www.suno.com.br\/noticias\/wp-json\/wp\/v2\/categories?post=542628"},{"taxonomy":"post_tag","embeddable":true,"href":"https:\/\/www.suno.com.br\/noticias\/wp-json\/wp\/v2\/tags?post=542628"},{"taxonomy":"suno_strategy","embeddable":true,"href":"https:\/\/www.suno.com.br\/noticias\/wp-json\/wp\/v2\/suno_strategy?post=542628"}],"curies":[{"name":"wp","href":"https:\/\/api.w.org\/{rel}","templated":true}]}}