{"id":542484,"date":"2024-04-10T09:15:37","date_gmt":"2024-04-10T12:15:37","guid":{"rendered":"https:\/\/www.suno.com.br\/noticias\/?p=542484"},"modified":"2024-04-10T13:44:43","modified_gmt":"2024-04-10T16:44:43","slug":"ipca-marco-inflacao-resultado-abaixo-projecoes-cpf","status":"publish","type":"post","link":"https:\/\/www.suno.com.br\/noticias\/ipca-marco-inflacao-resultado-abaixo-projecoes-cpf\/","title":{"rendered":"IPCA desacelera e tem alta de 0,16% em mar\u00e7o, abaixo das proje\u00e7\u00f5es do BC"},"content":{"rendered":"<p>Principal term\u00f4metro da infla\u00e7\u00e3o brasileira, o <strong>IPCA <\/strong>de mar\u00e7o apresentou alta de 0,16%, abaixo das expectativas do pr\u00f3prio Banco Central, que projetava avan\u00e7o de 0,24%. O dado fico 0,67 ponto percentual abaixo do resultado de fevereiro, quando houve alta de 0,83%.<\/p>\t<div class=\"wrapper-featured-image\">\n\t\t<figure class=\"spotlightImg\">\n\n\t\t\t<picture>\n\t\t\t\t<source media=\"(max-width: 768px)\" srcset=\"https:\/\/files.sunoresearch.com.br\/n\/uploads\/2024\/02\/iStock-1487850283-400x200.jpg\">\n\t\t\t\t<img loading=\"lazy\" decoding=\"async\" class=\"newsContent__article__imgCapa lazyloadDisabled \" src=\"https:\/\/files.sunoresearch.com.br\/n\/uploads\/2024\/02\/iStock-1487850283-800x450.jpg\" width=\"800\" height=\"450\" alt=\"IPCA desacelera e tem alta de 0,16% em mar\u00e7o, abaixo das proje\u00e7\u00f5es do BC\" fetchpriority=high \/>\n\t\t\t<\/picture>\n\n\t\t\t<figcaption class=\"wp-caption-text wp-caption-text--show\">Infla\u00e7\u00e3o IPCA. Foto: iStock.<\/figcaption>\n\t\t<\/figure>\n\t<\/div>\n\n\n\n\n\n\n\n\t<p>\n\t\t<a href=\"\" target=\"_blank\" data-element=\"shortcode-suno-banner\" title=\"Banner SUNO, clique e saiba mais\">\n\t\t\t<picture>\n\t\t\t\t<source media=\"(max-width: 500px)\" srcset=\"\">\n\t\t\t\t<img class=\"newsContent__article__imgCapa newsContent__article__imgCapa--banner\"\n\t\t\t\t\tsrc=\"\"\n\t\t\t\t\tdata-promo-id=\"240038\"\t\t\t\t\t\t\t\t\t\t\t\t\t\t\talt=\"\"\n\t\t\t\t>\n\t\t\t<\/picture>\n\t\t<\/a>\n\t<\/p>\n\n\n\n\n\n<p>Segundo a publica\u00e7\u00e3o do Instituto Brasileiro e Geografia e Estat\u00edstica (IBGE), o<strong> resultado do IPCA <\/strong>foi principalmente impulsionado pela alta nos <strong>pre\u00e7os de alimentos e bebidas.<\/strong><\/p>\n\n\n\n<p>A<strong> infla\u00e7\u00e3o brasileira <\/strong>acumula uma alta de 3,93% em 12 meses e de 1,42% no ano.<\/p>\n\n\n\n<p>A previs\u00e3o do BC no Relat\u00f3rio Trimestral de Infla\u00e7\u00e3o (RTI) para o <strong>IPCA de mar\u00e7o<\/strong> era de alta de 0,24%.<\/p>\n\n\n\t<p>\n\t\t<a href=\"https:\/\/lp.suno.com.br\/ebook-gratuito-investindo-no-exterior\/\" target=\"_blank\" data-element=\"shortcode-suno-banner\" title=\"Banner SUNO, clique e saiba mais\">\n\t\t\t<picture>\n\t\t\t\t<source media=\"(max-width: 500px)\" srcset=\"https:\/\/files.sunoresearch.com.br\/n\/uploads\/2023\/03\/400x300-Investindo-no-exterior.png\">\n\t\t\t\t<img class=\"newsContent__article__imgCapa newsContent__article__imgCapa--banner\"\n\t\t\t\t\tsrc=\"https:\/\/files.sunoresearch.com.br\/n\/uploads\/2023\/03\/1420x240-Investindo-no-exterior.png\"\n\t\t\t\t\tdata-promo-id=\"383161\"\t\t\t\t\t\t\t\t\t\twidth='1420' height='240'\t\t\t\t\talt=\"https:\/\/files.sunoresearch.com.br\/n\/uploads\/2023\/03\/1420x240-Investindo-no-exterior.png\"\n\t\t\t\t>\n\t\t\t<\/picture>\n\t\t<\/a>\n\t<\/p>\n\n\n\n\n\n<h2 class=\"wp-block-heading\">IPCA de mar\u00e7o<\/h2>\n\n\n\n<p>De fevereiro para mar\u00e7o, seis dos nove grupos analisados tiveram alta nos pre\u00e7os. Contudo, houve uma desacelera\u00e7\u00e3o relevante em grupos que t\u00eam grande impacto no \u00edndice. <\/p>\n\n\n\n<p>\u201cEssa desacelera\u00e7\u00e3o na <strong>infla\u00e7\u00e3o<\/strong> tamb\u00e9m \u00e9 explicada pelo fato de que, em fevereiro, os pre\u00e7os da Educa\u00e7\u00e3o tiveram alta significativa por conta dos reajustes habitualmente praticados no in\u00edcio do ano letivo, o que n\u00e3o aconteceu em mar\u00e7o\u201d, explica o gerente da pesquisa, Andr\u00e9 Almeida, citando o grupo que saiu de alta de 4,98% para 0,14%.<\/p>\n\n\n\n<p>Entre os principais destaques do<strong>&nbsp;\u00cdndice Nacional de Pre\u00e7os ao Consumidor Amplo <\/strong>(IPCA), o grupo de Alimenta\u00e7\u00e3o e bebidas teve a maior varia\u00e7\u00e3o, de 0,53%, impactando em 0,11 p.p. do \u00edndice. <\/p>\n\n\n\n<p>Em seguida, os custos de sa\u00fade registraram alta de 0,43%. <\/p>\n\n\n\n<p>Entre os grupos que mais puxaram o resultado &#8220;para baixo&#8221;, est\u00e1  Transportes, com queda de 0,33%.<\/p>\n\n\n\n<p>A seguir, \u00e9 poss\u00edvel comparar o <strong>desempenho do IPCA<\/strong> ao longo dos \u00faltimos meses:<\/p>\n\n\n\n<figure class=\"wp-block-table\"><table><tbody><tr><td>M\u00caS<\/td><td>RESULTADO<\/td><\/tr><tr><td>Mar\u00e7o\/24<\/td><td>0,16%<\/td><\/tr><tr><td><a href=\"https:\/\/suno.com.br\/noticias\/ipca-fevereiro-2024-alta-alimentos-bebidas-cpf\/\" target=\"_blank\" rel=\"noreferrer noopener\">Fevereiro<\/a>\/24<\/td><td>0,83%<\/td><\/tr><tr><td><a href=\"https:\/\/www.suno.com.br\/noticias\/ipca-inflacao-desacelera-janeiro-cpf\/\" target=\"_blank\" rel=\"noreferrer noopener\">Janeiro<\/a>\/2024<\/td><td>0,42%<\/td><\/tr><tr><td><a href=\"https:\/\/www.suno.com.br\/noticias\/ipca-dezembro-inflacao-precos-alimentos-bebidas-cpf\/\" target=\"_blank\" rel=\"noreferrer noopener\">Dezembro<\/a>\/2023<\/td><td>0,56%<\/td><\/tr><tr><td><a href=\"https:\/\/www.suno.com.br\/noticias\/ipca-inflacao-acumulada-novembro-preco-alimentos-cpf\/\" target=\"_blank\" rel=\"noreferrer noopener\">Novembro<\/a>\/23<\/td><td>0,28%<\/td><\/tr><tr><td><a href=\"https:\/\/www.suno.com.br\/noticias\/ipca-outubro-2023-inflacao-cpf\/\" target=\"_blank\" rel=\"noreferrer noopener\">Outubro<\/a>\/23<\/td><td>0,24%<\/td><\/tr><tr><td><a href=\"https:\/\/www.suno.com.br\/noticias\/ipca-setembro-2023-reflete-alta-combustiveis-cpf\/\" target=\"_blank\" rel=\"noreferrer noopener\">Setembro<\/a>\/23<\/td><td>0,26%<\/td><\/tr><tr><td><a href=\"https:\/\/www.suno.com.br\/noticias\/ipca-de-agosto-gpj\/\" target=\"_blank\" rel=\"noreferrer noopener\">Agosto<\/a>\/23<\/td><td>0,23%<\/td><\/tr><tr><td><a href=\"https:\/\/www.suno.com.br\/noticias\/ipca-julho-retorno-inflacao-cpf\/#:~:text=O%20indicador%20registrou%20uma%20queda,de%20%2D0%2C60%25.\" target=\"_blank\" rel=\"noreferrer noopener\">Julho<\/a>\/23<\/td><td>0,12%<\/td><\/tr><tr><td><a href=\"https:\/\/www.suno.com.br\/noticias\/ipca-junho-inflacao-brasil-evm\/\" target=\"_blank\" rel=\"noreferrer noopener\">Junho<\/a>\/23<\/td><td>0,08%<\/td><\/tr><tr><td><a href=\"https:\/\/www.suno.com.br\/noticias\/ipca-inflacao-brasil-maio-ibge-dados\/\" target=\"_blank\" rel=\"noreferrer noopener\">Maio<\/a>\/23<\/td><td>0,23%<\/td><\/tr><tr><td><a href=\"https:\/\/www.suno.com.br\/noticias\/ipca-abril-desacalera-alta\/\" target=\"_blank\" rel=\"noreferrer noopener\">Abril<\/a>\/23<\/td><td>0,61%<\/td><\/tr><tr><td><a href=\"https:\/\/www.suno.com.br\/noticias\/ipca-inflacao-marco-ibge\/\" target=\"_blank\" rel=\"noreferrer noopener\">Mar\u00e7o<\/a>\/23<\/td><td>0,71%<\/td><\/tr><tr><td><a href=\"https:\/\/www.suno.com.br\/noticias\/ipca-inflacao-fevereiro-ibge\/\" target=\"_blank\" rel=\"noreferrer noopener\">Fevereiro<\/a>\/23<\/td><td>0,84%<\/td><\/tr><tr><td><a href=\"https:\/\/www.suno.com.br\/noticias\/ipca-janeiro-inflacao-sobe\/\" target=\"_blank\" rel=\"noreferrer noopener\">Janeiro<\/a>\/23<\/td><td>0,53%<\/td><\/tr><\/tbody><\/table><\/figure>\n\n\n\n<h2 class=\"wp-block-heading\">Vis\u00e3o do mercado sobre o resultado do IPCA<\/h2>\n\n\n\n<p>Em mar\u00e7o, os alimentos que mais subiram de pre\u00e7o foram a cebola (14,34%), o tomate (9,85%), o ovo de galinha (4,59%), as frutas (3,75%) e o leite longa vida (2,63%). <\/p>\n\n\n\n<p>\u201cO caso do ovo de galinha tem uma explica\u00e7\u00e3o pr\u00f3pria: tratou-se de um per\u00edodo em que uma parcela da popula\u00e7\u00e3o faz a op\u00e7\u00e3o de n\u00e3o comer carne por quest\u00f5es religiosas, aumentando a demanda dessa prote\u00edna\u201d, ressalta o gerente da pesquisa no IBGE.<\/p>\n\n\n\n<p>Gustavo Sung, economista-chefe da Suno Research, ressalta que o \u00edndice d\u00e1 sinais de alertas, para o pre\u00e7os de servi\u00e7os ainda pressionados. Entretanto, enxerga al\u00edvio no pre\u00e7o de alimentos, com os efeitos do El Ni\u00f1o prejudicando menos o setor. &#8220;Os efeitos do El Ni\u00f1o foram mais moderados do que esperado e esse fen\u00f4meno clim\u00e1tico deve acabar em breve&#8221;, diz o economista. <\/p>\n\n\n\n<p>&#8220;Al\u00e9m disso, a melhora da oferta mundial de gr\u00e3os, mesmo com uma menor produ\u00e7\u00e3o no Brasil, contribuiu para uma desacelera\u00e7\u00e3o dos pre\u00e7os das commodities agr\u00edcolas,&#8221; ressalta Sung.<\/p>\n\n\n\n<p>Andre Fernandes, head de renda vari\u00e1vel e s\u00f3cio da A7 Capital, destaca que a <strong>baixa no IPCA<\/strong> teve uma m\u00e3ozinha do segmento de transportes com queda de -0,33% com a desacelera\u00e7\u00e3o no pre\u00e7o dos combust\u00edveis, &#8220;que est\u00e3o defasados em rela\u00e7\u00e3o ao pre\u00e7o internacional&#8221;.<\/p>\n\n\n\n<p>Fernandes destaca que a infla\u00e7\u00e3o de servi\u00e7os voltou a subir no resultado, o que pode ser um sinal de alerta que poderia voltar a pressionar a infla\u00e7\u00e3o. &#8220;Algo que o Banco Central vem batendo na tecla, e que acredito que pode impactar no ritmo de cortes da SELIC ao longo do ano. De fato, isso pode alterar as perspectivas do mercado de um corte [na <strong>taxa Selic<\/strong>] de -0,50% em junho para -0,25%&#8221;, afirma o especialista. <\/p>\n\n\n\n<p>Segundo ele, para maio j\u00e1 \u00e9 consenso que haver\u00e1 um corte de -0,50% conforme comunicado do Copom.<\/p>\n\n\n\n<p>A estrategista infla\u00e7\u00e3o da Warren Investimentos, Andr\u00e9a Angelo antecipa que, por ora, espera-se um IPCA em abril a 0,39% e 0,30% em maio. &#8220;Vamos fazer alguns ajustes pontuais, mas o curto prazo n\u00e3o deve alterar de forma relevante,&#8221; diz a estrategista.<\/p>\n\n\n\n<p>Sobre o direcionamento da pol\u00edtica monet\u00e1ria, Gustavo Sung defende que o IPCA de mar\u00e7o<strong> <\/strong>n\u00e3o deve alterar o plano de voo anunciado pelo Banco Central. &#8220;A nossa perspectiva \u00e9 de cortes de 0,5 p.p. nas pr\u00f3ximas reuni\u00f5es, pelo menos para maio e junho. Os pr\u00f3ximos dados ser\u00e3o importantes para calibrar melhor o cen\u00e1rio \u00e0 frente&#8221;, refor\u00e7o o economista da Suno Research. <\/p>\n\n\n\n<p>Al\u00e9m disso, Sung aponta que a proje\u00e7\u00e3o da casa para o <strong>IPCA <\/strong>deste ano \u00e9 de 3,60%. &#8220;A expectativa de desacelera\u00e7\u00e3o dos pre\u00e7os dos alimentos e a recente trajet\u00f3ria benigna dos pre\u00e7os de bens industriais levaram a uma revis\u00e3o baixista recente&#8221;, conclui.<\/p>\n\n\n\t<p>\n\t\t<a href=\"https:\/\/lp.suno.com.br\/planilha-da-vida-financeira\/\" target=\"_blank\" data-element=\"shortcode-suno-banner\" title=\"Banner SUNO, clique e saiba mais\">\n\t\t\t<picture>\n\t\t\t\t<source media=\"(max-width: 500px)\" srcset=\"https:\/\/files.sunoresearch.com.br\/n\/uploads\/2023\/04\/400x300-Planilha-vida-financeira-true.png\">\n\t\t\t\t<img class=\"newsContent__article__imgCapa newsContent__article__imgCapa--banner\"\n\t\t\t\t\tsrc=\"https:\/\/files.sunoresearch.com.br\/n\/uploads\/2023\/04\/1420x240-Planilha-vida-financeira-true.png\"\n\t\t\t\t\tdata-promo-id=\"383123\"\t\t\t\t\t\t\t\t\t\twidth='1420' height='240'\t\t\t\t\talt=\"https:\/\/files.sunoresearch.com.br\/n\/uploads\/2023\/04\/1420x240-Planilha-vida-financeira-true.png\"\n\t\t\t\t>\n\t\t\t<\/picture>\n\t\t<\/a>\n\t<\/p>\n\n\n","protected":false},"excerpt":{"rendered":"<p>Principal term\u00f4metro da infla\u00e7\u00e3o brasileira, o IPCA de mar\u00e7o apresentou alta de 0,16%, abaixo das expectativas do pr\u00f3prio Banco Central, que projetava avan\u00e7o de 0,24%. O dado fico 0,67 ponto percentual abaixo do resultado de fevereiro, quando houve alta de 0,83%. Infla\u00e7\u00e3o IPCA. Foto: iStock. Segundo a publica\u00e7\u00e3o do Instituto Brasileiro e Geografia e Estat\u00edstica [&hellip;]<\/p>\n","protected":false},"author":283,"featured_media":527031,"comment_status":"closed","ping_status":"closed","sticky":false,"template":"","format":"standard","meta":[],"categories":[62],"tags":[105816,821,966],"suno_strategy":[],"class_list":["post-542484","post","type-post","status-publish","format-standard","has-post-thumbnail","hentry","category-economia","tag-especialistas","tag-ibge","tag-ipca"],"yoast_head":"<!-- This site is optimized with the Yoast SEO plugin v24.4 - https:\/\/yoast.com\/wordpress\/plugins\/seo\/ -->\n<title>IPCA desacelera e sobe 0,16% em mar\u00e7o, abaixo do consenso<\/title>\n<meta name=\"description\" content=\"Indicador da infla\u00e7\u00e3o oficial no Brasil, o IPCA de mar\u00e7o registrou uma alta de 0,16%, mais leve do que o esperado. Veja mais sobre o IPCA.\" \/>\n<meta name=\"robots\" content=\"index, follow, max-snippet:-1, max-image-preview:large, max-video-preview:-1\" \/>\n<link rel=\"canonical\" href=\"https:\/\/www.suno.com.br\/noticias\/ipca-marco-inflacao-resultado-abaixo-projecoes-cpf\/\" \/>\n<meta property=\"og:locale\" content=\"pt_BR\" \/>\n<meta property=\"og:type\" content=\"article\" \/>\n<meta property=\"og:title\" content=\"IPCA desacelera e sobe 0,16% em mar\u00e7o, abaixo do consenso\" \/>\n<meta property=\"og:description\" content=\"Indicador da infla\u00e7\u00e3o oficial no Brasil, o IPCA de mar\u00e7o registrou uma alta de 0,16%, mais leve do que o esperado. Veja mais sobre o IPCA.\" \/>\n<meta property=\"og:url\" content=\"https:\/\/www.suno.com.br\/noticias\/ipca-marco-inflacao-resultado-abaixo-projecoes-cpf\/\" \/>\n<meta property=\"og:site_name\" content=\"Suno Not\u00edcias\" \/>\n<meta property=\"article:publisher\" content=\"https:\/\/facebook.com\/sunoresearch\" \/>\n<meta property=\"og:image\" content=\"https:\/\/files.sunoresearch.com.br\/n\/uploads\/2024\/02\/iStock-1487850283.jpg\" \/>\n\t<meta property=\"og:image:width\" content=\"1272\" \/>\n\t<meta property=\"og:image:height\" content=\"825\" \/>\n\t<meta property=\"og:image:type\" content=\"image\/jpeg\" \/>\n<meta name=\"author\" content=\"Camila Paim\" \/>\n<meta name=\"twitter:card\" content=\"summary_large_image\" \/>\n<meta name=\"twitter:creator\" content=\"@sunoresearch\" \/>\n<meta name=\"twitter:site\" content=\"@sunoresearch\" \/>\n<meta name=\"twitter:label1\" content=\"Escrito por\" \/>\n\t<meta name=\"twitter:data1\" content=\"Camila Paim\" \/>\n\t<meta name=\"twitter:label2\" content=\"Est. tempo de leitura\" \/>\n\t<meta name=\"twitter:data2\" content=\"4 minutos\" \/>\n<script type=\"application\/ld+json\" class=\"yoast-schema-graph\">{\"@context\":\"https:\/\/schema.org\",\"@graph\":[{\"@type\":\"NewsArticle\",\"@id\":\"https:\/\/www.suno.com.br\/noticias\/ipca-marco-inflacao-resultado-abaixo-projecoes-cpf\/#article\",\"isPartOf\":{\"@id\":\"https:\/\/www.suno.com.br\/noticias\/ipca-marco-inflacao-resultado-abaixo-projecoes-cpf\/\"},\"author\":{\"name\":\"Camila Paim\",\"@id\":\"https:\/\/www.suno.com.br\/noticias\/#\/schema\/person\/f341d3ae5d1cc685176c9a5327cdfdbb\"},\"headline\":\"IPCA desacelera e tem alta de 0,16% em mar\u00e7o, abaixo das proje\u00e7\u00f5es do BC\",\"datePublished\":\"2024-04-10T12:15:37+00:00\",\"dateModified\":\"2024-04-10T16:44:43+00:00\",\"mainEntityOfPage\":{\"@id\":\"https:\/\/www.suno.com.br\/noticias\/ipca-marco-inflacao-resultado-abaixo-projecoes-cpf\/\"},\"wordCount\":791,\"publisher\":{\"@id\":\"https:\/\/www.suno.com.br\/noticias\/#organization\"},\"image\":{\"@id\":\"https:\/\/www.suno.com.br\/noticias\/ipca-marco-inflacao-resultado-abaixo-projecoes-cpf\/#primaryimage\"},\"thumbnailUrl\":\"https:\/\/files.sunoresearch.com.br\/n\/uploads\/2024\/02\/iStock-1487850283.jpg\",\"keywords\":[\"Especialistas\",\"IBGE\",\"IPCA\"],\"articleSection\":[\"Economia\"],\"inLanguage\":\"pt-BR\"},{\"@type\":\"WebPage\",\"@id\":\"https:\/\/www.suno.com.br\/noticias\/ipca-marco-inflacao-resultado-abaixo-projecoes-cpf\/\",\"url\":\"https:\/\/www.suno.com.br\/noticias\/ipca-marco-inflacao-resultado-abaixo-projecoes-cpf\/\",\"name\":\"IPCA desacelera e sobe 0,16% em mar\u00e7o, abaixo do consenso\",\"isPartOf\":{\"@id\":\"https:\/\/www.suno.com.br\/noticias\/#website\"},\"primaryImageOfPage\":{\"@id\":\"https:\/\/www.suno.com.br\/noticias\/ipca-marco-inflacao-resultado-abaixo-projecoes-cpf\/#primaryimage\"},\"image\":{\"@id\":\"https:\/\/www.suno.com.br\/noticias\/ipca-marco-inflacao-resultado-abaixo-projecoes-cpf\/#primaryimage\"},\"thumbnailUrl\":\"https:\/\/files.sunoresearch.com.br\/n\/uploads\/2024\/02\/iStock-1487850283.jpg\",\"datePublished\":\"2024-04-10T12:15:37+00:00\",\"dateModified\":\"2024-04-10T16:44:43+00:00\",\"description\":\"Indicador da infla\u00e7\u00e3o oficial no Brasil, o IPCA de mar\u00e7o registrou uma alta de 0,16%, mais leve do que o esperado. Veja mais sobre o IPCA.\",\"breadcrumb\":{\"@id\":\"https:\/\/www.suno.com.br\/noticias\/ipca-marco-inflacao-resultado-abaixo-projecoes-cpf\/#breadcrumb\"},\"inLanguage\":\"pt-BR\",\"potentialAction\":[{\"@type\":\"ReadAction\",\"target\":[\"https:\/\/www.suno.com.br\/noticias\/ipca-marco-inflacao-resultado-abaixo-projecoes-cpf\/\"]}]},{\"@type\":\"ImageObject\",\"inLanguage\":\"pt-BR\",\"@id\":\"https:\/\/www.suno.com.br\/noticias\/ipca-marco-inflacao-resultado-abaixo-projecoes-cpf\/#primaryimage\",\"url\":\"https:\/\/files.sunoresearch.com.br\/n\/uploads\/2024\/02\/iStock-1487850283.jpg\",\"contentUrl\":\"https:\/\/files.sunoresearch.com.br\/n\/uploads\/2024\/02\/iStock-1487850283.jpg\",\"width\":1272,\"height\":825,\"caption\":\"Infla\u00e7\u00e3o IPCA. Foto: iStock.\"},{\"@type\":\"BreadcrumbList\",\"@id\":\"https:\/\/www.suno.com.br\/noticias\/ipca-marco-inflacao-resultado-abaixo-projecoes-cpf\/#breadcrumb\",\"itemListElement\":[{\"@type\":\"ListItem\",\"position\":1,\"name\":\"Not\u00edcias\",\"item\":\"https:\/\/www.suno.com.br\/noticias\/\"},{\"@type\":\"ListItem\",\"position\":2,\"name\":\"Economia\",\"item\":\"https:\/\/www.suno.com.br\/noticias\/economia\/\"},{\"@type\":\"ListItem\",\"position\":3,\"name\":\"IPCA desacelera e tem alta de 0,16% em mar\u00e7o, abaixo das proje\u00e7\u00f5es do BC\"}]},{\"@type\":\"WebSite\",\"@id\":\"https:\/\/www.suno.com.br\/noticias\/#website\",\"url\":\"https:\/\/www.suno.com.br\/noticias\/\",\"name\":\"Suno Not\u00edcias\",\"description\":\"Seu portal de informa\u00e7\u00e3o sobre o mundo dos investimentos\",\"publisher\":{\"@id\":\"https:\/\/www.suno.com.br\/noticias\/#organization\"},\"potentialAction\":[{\"@type\":\"SearchAction\",\"target\":{\"@type\":\"EntryPoint\",\"urlTemplate\":\"https:\/\/www.suno.com.br\/noticias\/?s={search_term_string}\"},\"query-input\":{\"@type\":\"PropertyValueSpecification\",\"valueRequired\":true,\"valueName\":\"search_term_string\"}}],\"inLanguage\":\"pt-BR\"},{\"@type\":\"Organization\",\"@id\":\"https:\/\/www.suno.com.br\/noticias\/#organization\",\"name\":\"Suno Not\u00edcias\",\"url\":\"https:\/\/www.suno.com.br\/noticias\/\",\"logo\":{\"@type\":\"ImageObject\",\"inLanguage\":\"pt-BR\",\"@id\":\"https:\/\/www.suno.com.br\/noticias\/#\/schema\/logo\/image\/\",\"url\":\"https:\/\/files.sunoresearch.com.br\/n\/uploads\/2021\/09\/suno-logo.png\",\"contentUrl\":\"https:\/\/files.sunoresearch.com.br\/n\/uploads\/2021\/09\/suno-logo.png\",\"width\":180,\"height\":180,\"caption\":\"Suno Not\u00edcias\"},\"image\":{\"@id\":\"https:\/\/www.suno.com.br\/noticias\/#\/schema\/logo\/image\/\"},\"sameAs\":[\"https:\/\/facebook.com\/sunoresearch\",\"https:\/\/x.com\/sunoresearch\",\"https:\/\/www.instagram.com\/suno\",\"https:\/\/www.linkedin.com\/company\/suno-research\/\",\"https:\/\/www.youtube.com\/c\/sunoresearch\"]},{\"@type\":\"Person\",\"@id\":\"https:\/\/www.suno.com.br\/noticias\/#\/schema\/person\/f341d3ae5d1cc685176c9a5327cdfdbb\",\"name\":\"Camila Paim\",\"image\":{\"@type\":\"ImageObject\",\"inLanguage\":\"pt-BR\",\"@id\":\"https:\/\/www.suno.com.br\/noticias\/#\/schema\/person\/image\/\",\"url\":\"https:\/\/secure.gravatar.com\/avatar\/f33728e65febb1aa7ecf6792956f9b20?s=96&r=g\",\"contentUrl\":\"https:\/\/secure.gravatar.com\/avatar\/f33728e65febb1aa7ecf6792956f9b20?s=96&r=g\",\"caption\":\"Camila Paim\"},\"description\":\"Jornalista formada pela USP, tem experi\u00eancia em reda\u00e7\u00f5es, SEO, Branded Content e Webdesign. Com passagem pelo Jornal da USP, Empiricus e C6 Bank, hoje \u00e9 rep\u00f3rter no Suno Not\u00edcias cobrindo macroeconomia, finan\u00e7as pessoais e startups.\",\"url\":\"https:\/\/www.suno.com.br\/noticias\/author\/camila-figueiredosuno-com-br\/\"}]}<\/script>\n<!-- \/ Yoast SEO plugin. -->","yoast_head_json":{"title":"IPCA desacelera e sobe 0,16% em mar\u00e7o, abaixo do consenso","description":"Indicador da infla\u00e7\u00e3o oficial no Brasil, o IPCA de mar\u00e7o registrou uma alta de 0,16%, mais leve do que o esperado. Veja mais sobre o IPCA.","robots":{"index":"index","follow":"follow","max-snippet":"max-snippet:-1","max-image-preview":"max-image-preview:large","max-video-preview":"max-video-preview:-1"},"canonical":"https:\/\/www.suno.com.br\/noticias\/ipca-marco-inflacao-resultado-abaixo-projecoes-cpf\/","og_locale":"pt_BR","og_type":"article","og_title":"IPCA desacelera e sobe 0,16% em mar\u00e7o, abaixo do consenso","og_description":"Indicador da infla\u00e7\u00e3o oficial no Brasil, o IPCA de mar\u00e7o registrou uma alta de 0,16%, mais leve do que o esperado. Veja mais sobre o IPCA.","og_url":"https:\/\/www.suno.com.br\/noticias\/ipca-marco-inflacao-resultado-abaixo-projecoes-cpf\/","og_site_name":"Suno Not\u00edcias","article_publisher":"https:\/\/facebook.com\/sunoresearch","og_image":[{"width":1272,"height":825,"url":"https:\/\/files.sunoresearch.com.br\/n\/uploads\/2024\/02\/iStock-1487850283.jpg","type":"image\/jpeg"}],"author":"Camila Paim","twitter_card":"summary_large_image","twitter_creator":"@sunoresearch","twitter_site":"@sunoresearch","twitter_misc":{"Escrito por":"Camila Paim","Est. tempo de leitura":"4 minutos"},"schema":{"@context":"https:\/\/schema.org","@graph":[{"@type":"NewsArticle","@id":"https:\/\/www.suno.com.br\/noticias\/ipca-marco-inflacao-resultado-abaixo-projecoes-cpf\/#article","isPartOf":{"@id":"https:\/\/www.suno.com.br\/noticias\/ipca-marco-inflacao-resultado-abaixo-projecoes-cpf\/"},"author":{"name":"Camila Paim","@id":"https:\/\/www.suno.com.br\/noticias\/#\/schema\/person\/f341d3ae5d1cc685176c9a5327cdfdbb"},"headline":"IPCA desacelera e tem alta de 0,16% em mar\u00e7o, abaixo das proje\u00e7\u00f5es do BC","datePublished":"2024-04-10T12:15:37+00:00","dateModified":"2024-04-10T16:44:43+00:00","mainEntityOfPage":{"@id":"https:\/\/www.suno.com.br\/noticias\/ipca-marco-inflacao-resultado-abaixo-projecoes-cpf\/"},"wordCount":791,"publisher":{"@id":"https:\/\/www.suno.com.br\/noticias\/#organization"},"image":{"@id":"https:\/\/www.suno.com.br\/noticias\/ipca-marco-inflacao-resultado-abaixo-projecoes-cpf\/#primaryimage"},"thumbnailUrl":"https:\/\/files.sunoresearch.com.br\/n\/uploads\/2024\/02\/iStock-1487850283.jpg","keywords":["Especialistas","IBGE","IPCA"],"articleSection":["Economia"],"inLanguage":"pt-BR"},{"@type":"WebPage","@id":"https:\/\/www.suno.com.br\/noticias\/ipca-marco-inflacao-resultado-abaixo-projecoes-cpf\/","url":"https:\/\/www.suno.com.br\/noticias\/ipca-marco-inflacao-resultado-abaixo-projecoes-cpf\/","name":"IPCA desacelera e sobe 0,16% em mar\u00e7o, abaixo do consenso","isPartOf":{"@id":"https:\/\/www.suno.com.br\/noticias\/#website"},"primaryImageOfPage":{"@id":"https:\/\/www.suno.com.br\/noticias\/ipca-marco-inflacao-resultado-abaixo-projecoes-cpf\/#primaryimage"},"image":{"@id":"https:\/\/www.suno.com.br\/noticias\/ipca-marco-inflacao-resultado-abaixo-projecoes-cpf\/#primaryimage"},"thumbnailUrl":"https:\/\/files.sunoresearch.com.br\/n\/uploads\/2024\/02\/iStock-1487850283.jpg","datePublished":"2024-04-10T12:15:37+00:00","dateModified":"2024-04-10T16:44:43+00:00","description":"Indicador da infla\u00e7\u00e3o oficial no Brasil, o IPCA de mar\u00e7o registrou uma alta de 0,16%, mais leve do que o esperado. Veja mais sobre o IPCA.","breadcrumb":{"@id":"https:\/\/www.suno.com.br\/noticias\/ipca-marco-inflacao-resultado-abaixo-projecoes-cpf\/#breadcrumb"},"inLanguage":"pt-BR","potentialAction":[{"@type":"ReadAction","target":["https:\/\/www.suno.com.br\/noticias\/ipca-marco-inflacao-resultado-abaixo-projecoes-cpf\/"]}]},{"@type":"ImageObject","inLanguage":"pt-BR","@id":"https:\/\/www.suno.com.br\/noticias\/ipca-marco-inflacao-resultado-abaixo-projecoes-cpf\/#primaryimage","url":"https:\/\/files.sunoresearch.com.br\/n\/uploads\/2024\/02\/iStock-1487850283.jpg","contentUrl":"https:\/\/files.sunoresearch.com.br\/n\/uploads\/2024\/02\/iStock-1487850283.jpg","width":1272,"height":825,"caption":"Infla\u00e7\u00e3o IPCA. Foto: iStock."},{"@type":"BreadcrumbList","@id":"https:\/\/www.suno.com.br\/noticias\/ipca-marco-inflacao-resultado-abaixo-projecoes-cpf\/#breadcrumb","itemListElement":[{"@type":"ListItem","position":1,"name":"Not\u00edcias","item":"https:\/\/www.suno.com.br\/noticias\/"},{"@type":"ListItem","position":2,"name":"Economia","item":"https:\/\/www.suno.com.br\/noticias\/economia\/"},{"@type":"ListItem","position":3,"name":"IPCA desacelera e tem alta de 0,16% em mar\u00e7o, abaixo das proje\u00e7\u00f5es do BC"}]},{"@type":"WebSite","@id":"https:\/\/www.suno.com.br\/noticias\/#website","url":"https:\/\/www.suno.com.br\/noticias\/","name":"Suno Not\u00edcias","description":"Seu portal de informa\u00e7\u00e3o sobre o mundo dos investimentos","publisher":{"@id":"https:\/\/www.suno.com.br\/noticias\/#organization"},"potentialAction":[{"@type":"SearchAction","target":{"@type":"EntryPoint","urlTemplate":"https:\/\/www.suno.com.br\/noticias\/?s={search_term_string}"},"query-input":{"@type":"PropertyValueSpecification","valueRequired":true,"valueName":"search_term_string"}}],"inLanguage":"pt-BR"},{"@type":"Organization","@id":"https:\/\/www.suno.com.br\/noticias\/#organization","name":"Suno Not\u00edcias","url":"https:\/\/www.suno.com.br\/noticias\/","logo":{"@type":"ImageObject","inLanguage":"pt-BR","@id":"https:\/\/www.suno.com.br\/noticias\/#\/schema\/logo\/image\/","url":"https:\/\/files.sunoresearch.com.br\/n\/uploads\/2021\/09\/suno-logo.png","contentUrl":"https:\/\/files.sunoresearch.com.br\/n\/uploads\/2021\/09\/suno-logo.png","width":180,"height":180,"caption":"Suno Not\u00edcias"},"image":{"@id":"https:\/\/www.suno.com.br\/noticias\/#\/schema\/logo\/image\/"},"sameAs":["https:\/\/facebook.com\/sunoresearch","https:\/\/x.com\/sunoresearch","https:\/\/www.instagram.com\/suno","https:\/\/www.linkedin.com\/company\/suno-research\/","https:\/\/www.youtube.com\/c\/sunoresearch"]},{"@type":"Person","@id":"https:\/\/www.suno.com.br\/noticias\/#\/schema\/person\/f341d3ae5d1cc685176c9a5327cdfdbb","name":"Camila Paim","image":{"@type":"ImageObject","inLanguage":"pt-BR","@id":"https:\/\/www.suno.com.br\/noticias\/#\/schema\/person\/image\/","url":"https:\/\/secure.gravatar.com\/avatar\/f33728e65febb1aa7ecf6792956f9b20?s=96&r=g","contentUrl":"https:\/\/secure.gravatar.com\/avatar\/f33728e65febb1aa7ecf6792956f9b20?s=96&r=g","caption":"Camila Paim"},"description":"Jornalista formada pela USP, tem experi\u00eancia em reda\u00e7\u00f5es, SEO, Branded Content e Webdesign. Com passagem pelo Jornal da USP, Empiricus e C6 Bank, hoje \u00e9 rep\u00f3rter no Suno Not\u00edcias cobrindo macroeconomia, finan\u00e7as pessoais e startups.","url":"https:\/\/www.suno.com.br\/noticias\/author\/camila-figueiredosuno-com-br\/"}]}},"default_loop_html":"<div class=\"cardsPage__listCard__boxs\"><div class=\"cardsPage__listCard__boxs__img\"><a href=\"https:\/\/www.suno.com.br\/noticias\/ipca-marco-inflacao-resultado-abaixo-projecoes-cpf\/\"><img class=\"mask\" src=\"https:\/\/www.suno.com.br\/noticias\/wp-content\/themes\/suno\/resources\/images\/spotlight\/spotlight1img\/bg-mask.png\" alt=\"Image Mask\"\/><img src=\"https:\/\/files.sunoresearch.com.br\/n\/uploads\/2024\/02\/iStock-1487850283-400x200.jpg\" alt=\"IPCA desacelera e tem alta de 0,16% em mar\u00e7o, abaixo das proje\u00e7\u00f5es do BC\"\/><\/a><span class=\"spotlightCategory\"><a href=\"https:\/\/www.suno.com.br\/noticias\/economia\/\">Economia<\/a><\/span><\/div><div class=\"cardsPage__listCard__boxs__content\"><a href=\"https:\/\/www.suno.com.br\/noticias\/ipca-marco-inflacao-resultado-abaixo-projecoes-cpf\/\"><h2 class=\"content__title\">IPCA desacelera e tem alta de 0,16% em mar\u00e7o, abaixo das proje\u00e7\u00f5es do BC<\/h2><\/a><div class=\"newsContent__article__meta\"><div class=\"newsContent__article__meta__authorBox\"><a href=\"https:\/\/www.suno.com.br\/noticias\/author\/camila-figueiredosuno-com-br\/\" class=\"authorBox__avatar noMobi\"><img src=\"https:\/\/files.sunoresearch.com.br\/n\/uploads\/2024\/05\/camila-paim-square-150x150.jpg\" alt=\"Camila Paim\"><\/a><div class=\"authorBox__name\"><span>por\n\t\t\t<a href=\"https:\/\/www.suno.com.br\/noticias\/author\/camila-figueiredosuno-com-br\/\"><span itemprop=\"author\">Camila Paim<\/span><\/a><\/span><time datetime=\"2024-04-10T09:15:37-03:00\" itemprop=\"datePublished\">10\/04\/2024 09:15<\/time><\/div><\/div><\/div><\/div><\/div>","single_layout":"posts","amp_enabled":true,"_links":{"self":[{"href":"https:\/\/www.suno.com.br\/noticias\/wp-json\/wp\/v2\/posts\/542484"}],"collection":[{"href":"https:\/\/www.suno.com.br\/noticias\/wp-json\/wp\/v2\/posts"}],"about":[{"href":"https:\/\/www.suno.com.br\/noticias\/wp-json\/wp\/v2\/types\/post"}],"author":[{"embeddable":true,"href":"https:\/\/www.suno.com.br\/noticias\/wp-json\/wp\/v2\/users\/283"}],"replies":[{"embeddable":true,"href":"https:\/\/www.suno.com.br\/noticias\/wp-json\/wp\/v2\/comments?post=542484"}],"version-history":[{"count":3,"href":"https:\/\/www.suno.com.br\/noticias\/wp-json\/wp\/v2\/posts\/542484\/revisions"}],"predecessor-version":[{"id":542728,"href":"https:\/\/www.suno.com.br\/noticias\/wp-json\/wp\/v2\/posts\/542484\/revisions\/542728"}],"wp:featuredmedia":[{"embeddable":true,"href":"https:\/\/www.suno.com.br\/noticias\/wp-json\/wp\/v2\/media\/527031"}],"wp:attachment":[{"href":"https:\/\/www.suno.com.br\/noticias\/wp-json\/wp\/v2\/media?parent=542484"}],"wp:term":[{"taxonomy":"category","embeddable":true,"href":"https:\/\/www.suno.com.br\/noticias\/wp-json\/wp\/v2\/categories?post=542484"},{"taxonomy":"post_tag","embeddable":true,"href":"https:\/\/www.suno.com.br\/noticias\/wp-json\/wp\/v2\/tags?post=542484"},{"taxonomy":"suno_strategy","embeddable":true,"href":"https:\/\/www.suno.com.br\/noticias\/wp-json\/wp\/v2\/suno_strategy?post=542484"}],"curies":[{"name":"wp","href":"https:\/\/api.w.org\/{rel}","templated":true}]}}