{"id":542463,"date":"2024-04-10T10:25:13","date_gmt":"2024-04-10T13:25:13","guid":{"rendered":"https:\/\/www.suno.com.br\/noticias\/?p=542463"},"modified":"2024-04-10T10:25:19","modified_gmt":"2024-04-10T13:25:19","slug":"prio-prio3-producao-sobe-marco-gpj","status":"publish","type":"post","link":"https:\/\/www.suno.com.br\/noticias\/prio-prio3-producao-sobe-marco-gpj\/","title":{"rendered":"Prio (PRIO3): produ\u00e7\u00e3o sobe 4,1% em mar\u00e7o; confira pr\u00e9via da petroleira"},"content":{"rendered":"<p>A <a href=\"https:\/\/www.suno.com.br\/acoes\/prio3\/\"><strong>Prio<\/strong> (PRIO3)<\/a>, antiga PetroRio, registrou em mar\u00e7o uma produ\u00e7\u00e3o de 86,2 mil barris de \u00f3leo equivalente por dia (boed), uma eleva\u00e7\u00e3o de 4,1% ante fevereiro \u2013 quando foram produzidos 82,8 mil boed. A companhia divulgou sua pr\u00e9via operacional nesta ter\u00e7a-feira (9).<\/p>\t<div class=\"wrapper-featured-image\">\n\t\t<figure class=\"spotlightImg\">\n\n\t\t\t<picture>\n\t\t\t\t<source media=\"(max-width: 768px)\" srcset=\"https:\/\/files.sunoresearch.com.br\/n\/uploads\/2023\/07\/bofa-eleva-preco-alvo-prio3-cpf-400x200.jpg\">\n\t\t\t\t<img loading=\"lazy\" decoding=\"async\" class=\"newsContent__article__imgCapa lazyloadDisabled \" src=\"https:\/\/files.sunoresearch.com.br\/n\/uploads\/2023\/07\/bofa-eleva-preco-alvo-prio3-cpf-800x450.jpg\" width=\"800\" height=\"450\" alt=\"Prio (PRIO3): produ\u00e7\u00e3o sobe 4,1% em mar\u00e7o; confira pr\u00e9via da petroleira\" fetchpriority=high \/>\n\t\t\t<\/picture>\n\n\t\t\t<figcaption class=\"wp-caption-text wp-caption-text--show\">Prio (PRIO3) - Foto: Reprodu\u00e7\u00e3o<\/figcaption>\n\t\t<\/figure>\n\t<\/div>\n\n\n\n\n\n\n\n\t<p>\n\t\t<a href=\"https:\/\/lp.suno.com.br\/planilha-da-vida-financeira\/\" target=\"_blank\" data-element=\"shortcode-suno-banner\" title=\"Banner SUNO, clique e saiba mais\">\n\t\t\t<picture>\n\t\t\t\t<source media=\"(max-width: 500px)\" srcset=\"https:\/\/files.sunoresearch.com.br\/n\/uploads\/2023\/04\/400x300-Planilha-vida-financeira-true.png\">\n\t\t\t\t<img class=\"newsContent__article__imgCapa newsContent__article__imgCapa--banner\"\n\t\t\t\t\tsrc=\"https:\/\/files.sunoresearch.com.br\/n\/uploads\/2023\/04\/1420x240-Planilha-vida-financeira-true.png\"\n\t\t\t\t\tdata-promo-id=\"106682\"\t\t\t\t\t\t\t\t\t\twidth='1420' height='240'\t\t\t\t\talt=\"https:\/\/files.sunoresearch.com.br\/n\/uploads\/2023\/04\/1420x240-Planilha-vida-financeira-true.png\"\n\t\t\t\t>\n\t\t\t<\/picture>\n\t\t<\/a>\n\t<\/p>\n\n\n\n\n\n<p>Segundo a companhia, a maior contribui\u00e7\u00e3o para o <strong>resultado da Prio em mar\u00e7o<\/strong> foi o Campo de Frade, que produziu 47,07 mil boed por dia, uma alta de 17,1% na base mensal.<\/p>\n\n\n\n<p>Na sequ\u00eancia, aparecem o Campo de Albacora Leste, que teve produ\u00e7\u00e3o de 23,49 mil boed em dezembro, volume 11,7% menor ante o m\u00eas de fevereiro, e o de Cluster Polvo que, somado ao Tubar\u00e3o Martelo, teve queda 2,2% no per\u00edodo, atingindo 15,65 mil boed na compara\u00e7\u00e3o mensal.<\/p>\n\n\n\n<p>No primeiro trimestre, a <strong>produ\u00e7\u00e3o di\u00e1ria da Prio <\/strong>alcan\u00e7ou 88,32 mil boed. No per\u00edodo, o Campo de Frade produziu 46,45 mil boed, enquanto Albora Leste atingiu 26,01 mil boed, e o Cluster Polvo, somado ao Tubar\u00e3o Martelo, foi de 15,86 mil boed.<\/p>\n\n\n\n<p>Em mar\u00e7o deste ano, a Prio registrou vendas de 2,698 milh\u00f5es de barris. Desse total, Frade foi respons\u00e1vel por 1,75 milh\u00f5es, Cluster por 359,6 mil e Albacora por 583,3 mil. No primeiro trimestre de 2024, as vendas alcan\u00e7aram 7,591 milh\u00f5es.<\/p>\n\n\n\n<p>O <strong>balan\u00e7o do 1T24 da Prio<\/strong> ser\u00e1 divulgado no pr\u00f3ximo dia 7 de maio.<\/p>\n\n\n\t<p>\n\t\t<a href=\"https:\/\/lp.suno.com.br\/ebook-como-analisar-uma-acao\/\" target=\"_blank\" data-element=\"shortcode-suno-banner\" title=\"Banner SUNO, clique e saiba mais\">\n\t\t\t<picture>\n\t\t\t\t<source media=\"(max-width: 500px)\" srcset=\"https:\/\/files.sunoresearch.com.br\/n\/uploads\/2023\/03\/Ebook-Acoes-Mobile.jpg\">\n\t\t\t\t<img class=\"newsContent__article__imgCapa newsContent__article__imgCapa--banner\"\n\t\t\t\t\tsrc=\"https:\/\/files.sunoresearch.com.br\/n\/uploads\/2023\/03\/Ebook-Acoes-Desktop.jpg\"\n\t\t\t\t\tdata-promo-id=\"378302\"\t\t\t\t\t\t\t\t\t\twidth='1420' height='286'\t\t\t\t\talt=\"https:\/\/files.sunoresearch.com.br\/n\/uploads\/2023\/03\/Ebook-Acoes-Desktop.jpg\"\n\t\t\t\t>\n\t\t\t<\/picture>\n\t\t<\/a>\n\t<\/p>\n\n\n\n\n\n<h2 class=\"wp-block-heading\">Genial sobre PRIO: resultados &#8216;negativos&#8217; n\u00e3o devem alterar tese de empresa<\/h2>\n\n\n\n<p>Em relat\u00f3rio, analistas da Genial Investimentos enxergam os <strong>resultados de mar\u00e7o da PRIO<\/strong> como negativos, considerando os n\u00fameros recentes de produ\u00e7\u00e3o divulgados nos meses anteriores (acima dos 100 mil boed).<\/p>\n\n\n\n<p>Apesar disso, a casa acredita que os dados referentes ao m\u00eas de mar\u00e7o n\u00e3o devem trazer grandes altera\u00e7\u00f5es na tese da empresa, tendo em vista os motivos da queda de produ\u00e7\u00e3o, o que a Genial considera pontuais e que j\u00e1 foram solucionados. <\/p>\n\n\n\n<p>&#8220;Apesar de aumentar sua produ\u00e7\u00e3o com rela\u00e7\u00e3o ao m\u00eas passado, ela ainda n\u00e3o retornou aos n\u00edveis de janeiro, onde a produ\u00e7\u00e3o mensal ocorreu sem grandes interrup\u00e7\u00f5es&#8221;, escrevem os analistas Vitor Sousa e Israel Rodrigues.<\/p>\n\n\n\n<p>Ainda para a Genial, os grandes gatilhos de valor para tese da empresa devem se materializar somente no 2\u00ba semestre deste ano, com a entrada operacional do campo de Wahoo (com produ\u00e7\u00e3o esperada de 40 mil boed) e in\u00edcio do ramp de produ\u00e7\u00e3o do campo de Albacora. <\/p>\n\n\n\n<p>&#8220;Aos atuais n\u00edveis de pre\u00e7o, vemos <strong>PRIO3<\/strong> negociando 2,4x EV\/EBITDA 24E e com um rendimento de <a href=\"https:\/\/www.suno.com.br\/artigos\/fluxo-de-caixa\/\">fluxo de caixa<\/a> de 18%&#8221;, completa a casa.<\/p>\n\n\n\n<p>A Genial tem recomenda\u00e7\u00e3o de &#8216;compra&#8217; para as <strong>a\u00e7\u00f5es da Prio<\/strong>, com pre\u00e7o-alvo a R$ 60,00. <\/p>\n\n\n\n<h2 class=\"wp-block-heading\">Desempenho das a\u00e7\u00f5es da Prio (PRIO3):<\/h2>\n\n\n\n<p>Confira o desempenho das a\u00e7\u00f5es da <strong>Prio <\/strong>(PRIO3).<\/p>\n\n\n\n<div class=\"pluginQuotation\">\n  <p class=\"ticker\">\n    Cota\u00e7\u00e3o <span>PRIO3<\/span>\n  <\/p>\n  <div class=\"info\">\n    <div class=\"leftSide\">\n      Gr\u00e1fico gerado em: 10\/04\/2024    <\/div>\n\t\t\t\t\t<div class=\"rightSide\">\n\t\t\t\t\t<span class=\"period\">\n\t\t\t\t\t\t5 Dias\t\t\t\t\t<\/span>\n\t\t\t<\/div>\n\t\t  <\/div>\n\n  <div id=\"chart-cf571370f4e5afcabfd4c497c576c0c2\" data-block-hash=\"cf571370f4e5afcabfd4c497c576c0c2\"  class=\"chart\" style=\"width:100%;height:400px;\"><\/div>\n\n  <div class=\"pluginQuotation__footer\">\n    <div class=\"dataChart\">\n\n      <div class=\"dataChart__div1 variation\">\n        <div class=\"value-positive\">\n          1,10 (+0,54%)        <\/div>\n        <div class=\"text\">\n          Varia\u00e7\u00e3o do per\u00edodo\n        <\/div>\n      <\/div>\n\n      <div class=\"dataChart__div2 minMax\">\n        <div class=\"value\">\n          R$\u00a049,29        <\/div>\n        <div class=\"text\">\n          M\u00ednima\n        <\/div>\n      <\/div>\n\n      <div class=\"dataChart__div3 minMax\">\n        <div class=\"value\">\n          R$\u00a049,83        <\/div>\n        <div class=\"text\">\n          M\u00e1xima\n        <\/div>\n      <\/div>\n\n\t\t\t<div class=\"dataChart__div4 rightSide\">\n\t\t\t\t<div class=\"analiticaSource\">\n\t\t\t\t\t<span>\n\t\t\t\t\t\tFonte:\n\t\t\t\t\t<\/span>\n\t\t\t\t\t<img decoding=\"async\" class=\"analiticaLogo\" src=\"https:\/\/www.suno.com.br\/noticias\/wp-content\/plugins\/suno-block-ticker-quotation\/src\/suno-analitica-logo.png\" alt=\"Logo Suno Anal\u00edtica\" \/>\n\t\t\t\t<\/div>\n\n\t\t\t\t<a href=\"https:\/\/www.suno.com.br\/analitica\/acoes\/PRIO3\" target=\"_blank\">\n\t\t\t\t\t<span>\n\t\t\t\t\t\tVer mais cota\u00e7\u00f5es\n\t\t\t\t\t<\/span>\n\t\t\t\t\t<svg xmlns=\"http:\/\/www.w3.org\/2000\/svg\" width=\"9\" height=\"8\" viewBox=\"0 0 9 8\" fill=\"none\">\n\t\t\t\t\t\t<path d=\"M4.20996 0L3.50496 0.705L6.29496 3.5H0.209961V4.5H6.29496L3.50496 7.295L4.20996 8L8.20996 4L4.20996 0Z\" fill=\"#D42126\" \/>\n\t\t\t\t\t<\/svg>\n\t\t\t\t<\/a>\n    <\/div>\n\n    <\/div>\n  <\/div>\n<\/div>\n\n\n<script type=\"text\/javascript\">\n  let chart_cf571370f4e5afcabfd4c497c576c0c2 = document.getElementById('chart-cf571370f4e5afcabfd4c497c576c0c2');\n  let data_json_cf571370f4e5afcabfd4c497c576c0c2 = \"[{\\\"date\\\":\\\"03\\\\\\\/04\\\\\\\/24 15:10\\\",\\\"value\\\":49.29},{\\\"date\\\":\\\"03\\\\\\\/04\\\\\\\/24 15:20\\\",\\\"value\\\":49.37},{\\\"date\\\":\\\"03\\\\\\\/04\\\\\\\/24 15:30\\\",\\\"value\\\":49.32},{\\\"date\\\":\\\"03\\\\\\\/04\\\\\\\/24 15:40\\\",\\\"value\\\":49.36},{\\\"date\\\":\\\"03\\\\\\\/04\\\\\\\/24 15:50\\\",\\\"value\\\":49.83}]\";\n  let isPositive_cf571370f4e5afcabfd4c497c576c0c2 = true;\n\n  let color_cf571370f4e5afcabfd4c497c576c0c2 = isPositive_cf571370f4e5afcabfd4c497c576c0c2 ? '#3AB53A' : '#D92C2D';\n\n  let data_cf571370f4e5afcabfd4c497c576c0c2 = JSON.parse(data_json_cf571370f4e5afcabfd4c497c576c0c2);\n\n  const result_cf571370f4e5afcabfd4c497c576c0c2 = {\n    date: [],\n    value: [],\n  };\n\n  data_cf571370f4e5afcabfd4c497c576c0c2.forEach((item) => {\n    result_cf571370f4e5afcabfd4c497c576c0c2.date.push(item.date);\n    result_cf571370f4e5afcabfd4c497c576c0c2.value.push(Number(item.value));\n  });\n\n  let option_cf571370f4e5afcabfd4c497c576c0c2 = {\n    \/\/ variavel de cor global\n    color: [color_cf571370f4e5afcabfd4c497c576c0c2],\n    title: {\n      text: '',\n    },\n    tooltip: {\n      trigger: 'axis',\n      axisPointer: {\n        type: 'cross',\n        label: {\n          \/\/ cor dos valores em X e Y\n          backgroundColor: color_cf571370f4e5afcabfd4c497c576c0c2,\n          formatter: (value) => {\n            if (typeof value.value === 'number') {\n              return Number(value.value).toLocaleString('pt-br', {\n                style: 'currency',\n                currency: 'BRL'\n              });\n            }\n            return value.value;\n          },\n        },\n      },\n      valueFormatter: (value) => Number(value).toLocaleString('pt-br', {\n        style: 'currency',\n        currency: 'BRL'\n      }),\n    },\n    legend: {\n      \/\/ data: ['Valor de Fechamento'],\n      show: false,\n    },\n    toolbox: {\n      feature: {\n        saveAsImage: {\n          show: false,\n        },\n      },\n    },\n    grid: {\n      left: '0px',\n      right: '0px',\n      bottom: '0px',\n      containLabel: true,\n    },\n    xAxis: [{\n      type: 'category',\n      data: result_cf571370f4e5afcabfd4c497c576c0c2.date,\n      boundaryGap: true,\n    }],\n    yAxis: [{\n      type: 'value',\n      min: Math.min(...result_cf571370f4e5afcabfd4c497c576c0c2.value),\n      max: Math.max(...result_cf571370f4e5afcabfd4c497c576c0c2.value),\n      axisLabel: {\n        formatter: (value) => value.toLocaleString('pt-br', {\n          style: 'currency',\n          currency: 'BRL'\n        }),\n      },\n    }],\n    series: [{\n      name: 'Valor de Fechamento',\n      type: 'line',\n      stack: 'Total',\n      \/\/ cor do grafico\n      areaStyle: {},\n      emphasis: {\n        focus: 'series',\n      },\n      data: result_cf571370f4e5afcabfd4c497c576c0c2.value,\n      \/\/ cor da linha\n      lineStyle: {\n        color: color_cf571370f4e5afcabfd4c497c576c0c2,\n      },\n    }, ],\n  };\n\n\twindow.chart_cf571370f4e5afcabfd4c497c576c0c2 = {\n\t\tel: chart_cf571370f4e5afcabfd4c497c576c0c2,\n\t\toption: option_cf571370f4e5afcabfd4c497c576c0c2\t};\n\n\n<\/script>\n\n\n\t<p>\n\t\t<a href=\"https:\/\/lp.suno.com.br\/planilha-da-vida-financeira\/\" target=\"_blank\" data-element=\"shortcode-suno-banner\" title=\"Banner SUNO, clique e saiba mais\">\n\t\t\t<picture>\n\t\t\t\t<source media=\"(max-width: 500px)\" srcset=\"https:\/\/files.sunoresearch.com.br\/n\/uploads\/2023\/04\/400x300-Planilha-vida-financeira-true.png\">\n\t\t\t\t<img class=\"newsContent__article__imgCapa newsContent__article__imgCapa--banner\"\n\t\t\t\t\tsrc=\"https:\/\/files.sunoresearch.com.br\/n\/uploads\/2023\/04\/1420x240-Planilha-vida-financeira-true.png\"\n\t\t\t\t\tdata-promo-id=\"383123\"\t\t\t\t\t\t\t\t\t\twidth='1420' height='240'\t\t\t\t\talt=\"https:\/\/files.sunoresearch.com.br\/n\/uploads\/2023\/04\/1420x240-Planilha-vida-financeira-true.png\"\n\t\t\t\t>\n\t\t\t<\/picture>\n\t\t<\/a>\n\t<\/p>\n\n\n","protected":false},"excerpt":{"rendered":"<p>A Prio (PRIO3), antiga PetroRio, registrou em mar\u00e7o uma produ\u00e7\u00e3o de 86,2 mil barris de \u00f3leo equivalente por dia (boed), uma eleva\u00e7\u00e3o de 4,1% ante fevereiro \u2013 quando foram produzidos 82,8 mil boed. A companhia divulgou sua pr\u00e9via operacional nesta ter\u00e7a-feira (9). Prio (PRIO3) &#8211; Foto: Reprodu\u00e7\u00e3o Segundo a companhia, a maior contribui\u00e7\u00e3o para o [&hellip;]<\/p>\n","protected":false},"author":313,"featured_media":424775,"comment_status":"closed","ping_status":"closed","sticky":false,"template":"","format":"standard","meta":[],"categories":[64],"tags":[286,105816,107114],"suno_strategy":[],"class_list":["post-542463","post","type-post","status-publish","format-standard","has-post-thumbnail","hentry","category-negocios","tag-acoes","tag-especialistas","tag-prio-prio3"],"yoast_head":"<!-- This site is optimized with the Yoast SEO plugin v24.4 - https:\/\/yoast.com\/wordpress\/plugins\/seo\/ -->\n<title>Prio (PRIO3): produ\u00e7\u00e3o sobe 4,1% em mar\u00e7o, para 86,2 mil boed<\/title>\n<meta name=\"description\" content=\"A Prio (PRIO3) registrou em mar\u00e7o uma produ\u00e7\u00e3o de 86,2 mil boed, uma eleva\u00e7\u00e3o de 4,1% ante fevereiro. Veja os resultados da Prio de mar\u00e7o.\" \/>\n<meta name=\"robots\" content=\"index, follow, max-snippet:-1, max-image-preview:large, max-video-preview:-1\" \/>\n<link rel=\"canonical\" href=\"https:\/\/www.suno.com.br\/noticias\/prio-prio3-producao-sobe-marco-gpj\/\" \/>\n<meta property=\"og:locale\" content=\"pt_BR\" \/>\n<meta property=\"og:type\" content=\"article\" \/>\n<meta property=\"og:title\" content=\"Prio (PRIO3): produ\u00e7\u00e3o sobe 4,1% em mar\u00e7o, para 86,2 mil boed\" \/>\n<meta property=\"og:description\" content=\"A Prio (PRIO3) registrou em mar\u00e7o uma produ\u00e7\u00e3o de 86,2 mil boed, uma eleva\u00e7\u00e3o de 4,1% ante fevereiro. Veja os resultados da Prio de mar\u00e7o.\" \/>\n<meta property=\"og:url\" content=\"https:\/\/www.suno.com.br\/noticias\/prio-prio3-producao-sobe-marco-gpj\/\" \/>\n<meta property=\"og:site_name\" content=\"Suno Not\u00edcias\" \/>\n<meta property=\"article:publisher\" content=\"https:\/\/facebook.com\/sunoresearch\" \/>\n<meta property=\"og:image\" content=\"https:\/\/files.sunoresearch.com.br\/n\/uploads\/2023\/07\/bofa-eleva-preco-alvo-prio3-cpf.jpg\" \/>\n\t<meta property=\"og:image:width\" content=\"1200\" \/>\n\t<meta property=\"og:image:height\" content=\"800\" \/>\n\t<meta property=\"og:image:type\" content=\"image\/jpeg\" \/>\n<meta name=\"author\" content=\"Giovanni Porf\u00edrio Jacomino\" \/>\n<meta name=\"twitter:card\" content=\"summary_large_image\" \/>\n<meta name=\"twitter:creator\" content=\"@sunoresearch\" \/>\n<meta name=\"twitter:site\" content=\"@sunoresearch\" \/>\n<meta name=\"twitter:label1\" content=\"Escrito por\" \/>\n\t<meta name=\"twitter:data1\" content=\"Giovanni Porf\u00edrio Jacomino\" \/>\n\t<meta name=\"twitter:label2\" content=\"Est. tempo de leitura\" \/>\n\t<meta name=\"twitter:data2\" content=\"3 minutos\" \/>\n<script type=\"application\/ld+json\" class=\"yoast-schema-graph\">{\"@context\":\"https:\/\/schema.org\",\"@graph\":[{\"@type\":\"NewsArticle\",\"@id\":\"https:\/\/www.suno.com.br\/noticias\/prio-prio3-producao-sobe-marco-gpj\/#article\",\"isPartOf\":{\"@id\":\"https:\/\/www.suno.com.br\/noticias\/prio-prio3-producao-sobe-marco-gpj\/\"},\"author\":{\"name\":\"Giovanni Porf\u00edrio Jacomino\",\"@id\":\"https:\/\/www.suno.com.br\/noticias\/#\/schema\/person\/d0f32748bbca4bee871fa191ee4e2d40\"},\"headline\":\"Prio (PRIO3): produ\u00e7\u00e3o sobe 4,1% em mar\u00e7o; confira pr\u00e9via da petroleira\",\"datePublished\":\"2024-04-10T13:25:13+00:00\",\"dateModified\":\"2024-04-10T13:25:19+00:00\",\"mainEntityOfPage\":{\"@id\":\"https:\/\/www.suno.com.br\/noticias\/prio-prio3-producao-sobe-marco-gpj\/\"},\"wordCount\":484,\"publisher\":{\"@id\":\"https:\/\/www.suno.com.br\/noticias\/#organization\"},\"image\":{\"@id\":\"https:\/\/www.suno.com.br\/noticias\/prio-prio3-producao-sobe-marco-gpj\/#primaryimage\"},\"thumbnailUrl\":\"https:\/\/files.sunoresearch.com.br\/n\/uploads\/2023\/07\/bofa-eleva-preco-alvo-prio3-cpf.jpg\",\"keywords\":[\"A\u00e7\u00f5es\",\"Especialistas\",\"Prio (PRIO3)\"],\"articleSection\":[\"Neg\u00f3cios\"],\"inLanguage\":\"pt-BR\"},{\"@type\":\"WebPage\",\"@id\":\"https:\/\/www.suno.com.br\/noticias\/prio-prio3-producao-sobe-marco-gpj\/\",\"url\":\"https:\/\/www.suno.com.br\/noticias\/prio-prio3-producao-sobe-marco-gpj\/\",\"name\":\"Prio (PRIO3): produ\u00e7\u00e3o sobe 4,1% em mar\u00e7o, para 86,2 mil boed\",\"isPartOf\":{\"@id\":\"https:\/\/www.suno.com.br\/noticias\/#website\"},\"primaryImageOfPage\":{\"@id\":\"https:\/\/www.suno.com.br\/noticias\/prio-prio3-producao-sobe-marco-gpj\/#primaryimage\"},\"image\":{\"@id\":\"https:\/\/www.suno.com.br\/noticias\/prio-prio3-producao-sobe-marco-gpj\/#primaryimage\"},\"thumbnailUrl\":\"https:\/\/files.sunoresearch.com.br\/n\/uploads\/2023\/07\/bofa-eleva-preco-alvo-prio3-cpf.jpg\",\"datePublished\":\"2024-04-10T13:25:13+00:00\",\"dateModified\":\"2024-04-10T13:25:19+00:00\",\"description\":\"A Prio (PRIO3) registrou em mar\u00e7o uma produ\u00e7\u00e3o de 86,2 mil boed, uma eleva\u00e7\u00e3o de 4,1% ante fevereiro. Veja os resultados da Prio de mar\u00e7o.\",\"breadcrumb\":{\"@id\":\"https:\/\/www.suno.com.br\/noticias\/prio-prio3-producao-sobe-marco-gpj\/#breadcrumb\"},\"inLanguage\":\"pt-BR\",\"potentialAction\":[{\"@type\":\"ReadAction\",\"target\":[\"https:\/\/www.suno.com.br\/noticias\/prio-prio3-producao-sobe-marco-gpj\/\"]}]},{\"@type\":\"ImageObject\",\"inLanguage\":\"pt-BR\",\"@id\":\"https:\/\/www.suno.com.br\/noticias\/prio-prio3-producao-sobe-marco-gpj\/#primaryimage\",\"url\":\"https:\/\/files.sunoresearch.com.br\/n\/uploads\/2023\/07\/bofa-eleva-preco-alvo-prio3-cpf.jpg\",\"contentUrl\":\"https:\/\/files.sunoresearch.com.br\/n\/uploads\/2023\/07\/bofa-eleva-preco-alvo-prio3-cpf.jpg\",\"width\":1200,\"height\":800,\"caption\":\"Prio (PRIO3) - Foto: Reprodu\u00e7\u00e3o\"},{\"@type\":\"BreadcrumbList\",\"@id\":\"https:\/\/www.suno.com.br\/noticias\/prio-prio3-producao-sobe-marco-gpj\/#breadcrumb\",\"itemListElement\":[{\"@type\":\"ListItem\",\"position\":1,\"name\":\"Not\u00edcias\",\"item\":\"https:\/\/www.suno.com.br\/noticias\/\"},{\"@type\":\"ListItem\",\"position\":2,\"name\":\"Neg\u00f3cios\",\"item\":\"https:\/\/www.suno.com.br\/noticias\/negocios\/\"},{\"@type\":\"ListItem\",\"position\":3,\"name\":\"Prio (PRIO3): produ\u00e7\u00e3o sobe 4,1% em mar\u00e7o; confira pr\u00e9via da petroleira\"}]},{\"@type\":\"WebSite\",\"@id\":\"https:\/\/www.suno.com.br\/noticias\/#website\",\"url\":\"https:\/\/www.suno.com.br\/noticias\/\",\"name\":\"Suno Not\u00edcias\",\"description\":\"Seu portal de informa\u00e7\u00e3o sobre o mundo dos investimentos\",\"publisher\":{\"@id\":\"https:\/\/www.suno.com.br\/noticias\/#organization\"},\"potentialAction\":[{\"@type\":\"SearchAction\",\"target\":{\"@type\":\"EntryPoint\",\"urlTemplate\":\"https:\/\/www.suno.com.br\/noticias\/?s={search_term_string}\"},\"query-input\":{\"@type\":\"PropertyValueSpecification\",\"valueRequired\":true,\"valueName\":\"search_term_string\"}}],\"inLanguage\":\"pt-BR\"},{\"@type\":\"Organization\",\"@id\":\"https:\/\/www.suno.com.br\/noticias\/#organization\",\"name\":\"Suno Not\u00edcias\",\"url\":\"https:\/\/www.suno.com.br\/noticias\/\",\"logo\":{\"@type\":\"ImageObject\",\"inLanguage\":\"pt-BR\",\"@id\":\"https:\/\/www.suno.com.br\/noticias\/#\/schema\/logo\/image\/\",\"url\":\"https:\/\/files.sunoresearch.com.br\/n\/uploads\/2021\/09\/suno-logo.png\",\"contentUrl\":\"https:\/\/files.sunoresearch.com.br\/n\/uploads\/2021\/09\/suno-logo.png\",\"width\":180,\"height\":180,\"caption\":\"Suno Not\u00edcias\"},\"image\":{\"@id\":\"https:\/\/www.suno.com.br\/noticias\/#\/schema\/logo\/image\/\"},\"sameAs\":[\"https:\/\/facebook.com\/sunoresearch\",\"https:\/\/x.com\/sunoresearch\",\"https:\/\/www.instagram.com\/suno\",\"https:\/\/www.linkedin.com\/company\/suno-research\/\",\"https:\/\/www.youtube.com\/c\/sunoresearch\"]},{\"@type\":\"Person\",\"@id\":\"https:\/\/www.suno.com.br\/noticias\/#\/schema\/person\/d0f32748bbca4bee871fa191ee4e2d40\",\"name\":\"Giovanni Porf\u00edrio Jacomino\",\"image\":{\"@type\":\"ImageObject\",\"inLanguage\":\"pt-BR\",\"@id\":\"https:\/\/www.suno.com.br\/noticias\/#\/schema\/person\/image\/\",\"url\":\"https:\/\/secure.gravatar.com\/avatar\/efb32e19b730a121cb7a80f41ffec01a?s=96&r=g\",\"contentUrl\":\"https:\/\/secure.gravatar.com\/avatar\/efb32e19b730a121cb7a80f41ffec01a?s=96&r=g\",\"caption\":\"Giovanni Porf\u00edrio Jacomino\"},\"description\":\"Giovanni Porf\u00edrio Jacomino \u00e9 jornalista formado pela Universidade Estadual de Londrina (UEL) e p\u00f3s-graduado em Produ\u00e7\u00e3o e Pr\u00e1ticas Jornal\u00edsticas na Contemporaneidade na Faculdade C\u00e1sper L\u00edbero (FCL). Foi editor web no Startupi e no Finsiders, atuando ainda como editor no TC Mover, portal de not\u00edcias da TradersClub, fazendo a cobertura de assuntos relacionados ao mercado financeiro interno e externo. Atualmente, \u00e9 Rep\u00f3rter do Suno Not\u00edcias.\",\"url\":\"https:\/\/www.suno.com.br\/noticias\/author\/giovanni-porfiriosuno-com-br\/\"}]}<\/script>\n<!-- \/ Yoast SEO plugin. -->","yoast_head_json":{"title":"Prio (PRIO3): produ\u00e7\u00e3o sobe 4,1% em mar\u00e7o, para 86,2 mil boed","description":"A Prio (PRIO3) registrou em mar\u00e7o uma produ\u00e7\u00e3o de 86,2 mil boed, uma eleva\u00e7\u00e3o de 4,1% ante fevereiro. Veja os resultados da Prio de mar\u00e7o.","robots":{"index":"index","follow":"follow","max-snippet":"max-snippet:-1","max-image-preview":"max-image-preview:large","max-video-preview":"max-video-preview:-1"},"canonical":"https:\/\/www.suno.com.br\/noticias\/prio-prio3-producao-sobe-marco-gpj\/","og_locale":"pt_BR","og_type":"article","og_title":"Prio (PRIO3): produ\u00e7\u00e3o sobe 4,1% em mar\u00e7o, para 86,2 mil boed","og_description":"A Prio (PRIO3) registrou em mar\u00e7o uma produ\u00e7\u00e3o de 86,2 mil boed, uma eleva\u00e7\u00e3o de 4,1% ante fevereiro. Veja os resultados da Prio de mar\u00e7o.","og_url":"https:\/\/www.suno.com.br\/noticias\/prio-prio3-producao-sobe-marco-gpj\/","og_site_name":"Suno Not\u00edcias","article_publisher":"https:\/\/facebook.com\/sunoresearch","og_image":[{"width":1200,"height":800,"url":"https:\/\/files.sunoresearch.com.br\/n\/uploads\/2023\/07\/bofa-eleva-preco-alvo-prio3-cpf.jpg","type":"image\/jpeg"}],"author":"Giovanni Porf\u00edrio Jacomino","twitter_card":"summary_large_image","twitter_creator":"@sunoresearch","twitter_site":"@sunoresearch","twitter_misc":{"Escrito por":"Giovanni Porf\u00edrio Jacomino","Est. tempo de leitura":"3 minutos"},"schema":{"@context":"https:\/\/schema.org","@graph":[{"@type":"NewsArticle","@id":"https:\/\/www.suno.com.br\/noticias\/prio-prio3-producao-sobe-marco-gpj\/#article","isPartOf":{"@id":"https:\/\/www.suno.com.br\/noticias\/prio-prio3-producao-sobe-marco-gpj\/"},"author":{"name":"Giovanni Porf\u00edrio Jacomino","@id":"https:\/\/www.suno.com.br\/noticias\/#\/schema\/person\/d0f32748bbca4bee871fa191ee4e2d40"},"headline":"Prio (PRIO3): produ\u00e7\u00e3o sobe 4,1% em mar\u00e7o; confira pr\u00e9via da petroleira","datePublished":"2024-04-10T13:25:13+00:00","dateModified":"2024-04-10T13:25:19+00:00","mainEntityOfPage":{"@id":"https:\/\/www.suno.com.br\/noticias\/prio-prio3-producao-sobe-marco-gpj\/"},"wordCount":484,"publisher":{"@id":"https:\/\/www.suno.com.br\/noticias\/#organization"},"image":{"@id":"https:\/\/www.suno.com.br\/noticias\/prio-prio3-producao-sobe-marco-gpj\/#primaryimage"},"thumbnailUrl":"https:\/\/files.sunoresearch.com.br\/n\/uploads\/2023\/07\/bofa-eleva-preco-alvo-prio3-cpf.jpg","keywords":["A\u00e7\u00f5es","Especialistas","Prio (PRIO3)"],"articleSection":["Neg\u00f3cios"],"inLanguage":"pt-BR"},{"@type":"WebPage","@id":"https:\/\/www.suno.com.br\/noticias\/prio-prio3-producao-sobe-marco-gpj\/","url":"https:\/\/www.suno.com.br\/noticias\/prio-prio3-producao-sobe-marco-gpj\/","name":"Prio (PRIO3): produ\u00e7\u00e3o sobe 4,1% em mar\u00e7o, para 86,2 mil boed","isPartOf":{"@id":"https:\/\/www.suno.com.br\/noticias\/#website"},"primaryImageOfPage":{"@id":"https:\/\/www.suno.com.br\/noticias\/prio-prio3-producao-sobe-marco-gpj\/#primaryimage"},"image":{"@id":"https:\/\/www.suno.com.br\/noticias\/prio-prio3-producao-sobe-marco-gpj\/#primaryimage"},"thumbnailUrl":"https:\/\/files.sunoresearch.com.br\/n\/uploads\/2023\/07\/bofa-eleva-preco-alvo-prio3-cpf.jpg","datePublished":"2024-04-10T13:25:13+00:00","dateModified":"2024-04-10T13:25:19+00:00","description":"A Prio (PRIO3) registrou em mar\u00e7o uma produ\u00e7\u00e3o de 86,2 mil boed, uma eleva\u00e7\u00e3o de 4,1% ante fevereiro. Veja os resultados da Prio de mar\u00e7o.","breadcrumb":{"@id":"https:\/\/www.suno.com.br\/noticias\/prio-prio3-producao-sobe-marco-gpj\/#breadcrumb"},"inLanguage":"pt-BR","potentialAction":[{"@type":"ReadAction","target":["https:\/\/www.suno.com.br\/noticias\/prio-prio3-producao-sobe-marco-gpj\/"]}]},{"@type":"ImageObject","inLanguage":"pt-BR","@id":"https:\/\/www.suno.com.br\/noticias\/prio-prio3-producao-sobe-marco-gpj\/#primaryimage","url":"https:\/\/files.sunoresearch.com.br\/n\/uploads\/2023\/07\/bofa-eleva-preco-alvo-prio3-cpf.jpg","contentUrl":"https:\/\/files.sunoresearch.com.br\/n\/uploads\/2023\/07\/bofa-eleva-preco-alvo-prio3-cpf.jpg","width":1200,"height":800,"caption":"Prio (PRIO3) - Foto: Reprodu\u00e7\u00e3o"},{"@type":"BreadcrumbList","@id":"https:\/\/www.suno.com.br\/noticias\/prio-prio3-producao-sobe-marco-gpj\/#breadcrumb","itemListElement":[{"@type":"ListItem","position":1,"name":"Not\u00edcias","item":"https:\/\/www.suno.com.br\/noticias\/"},{"@type":"ListItem","position":2,"name":"Neg\u00f3cios","item":"https:\/\/www.suno.com.br\/noticias\/negocios\/"},{"@type":"ListItem","position":3,"name":"Prio (PRIO3): produ\u00e7\u00e3o sobe 4,1% em mar\u00e7o; confira pr\u00e9via da petroleira"}]},{"@type":"WebSite","@id":"https:\/\/www.suno.com.br\/noticias\/#website","url":"https:\/\/www.suno.com.br\/noticias\/","name":"Suno Not\u00edcias","description":"Seu portal de informa\u00e7\u00e3o sobre o mundo dos investimentos","publisher":{"@id":"https:\/\/www.suno.com.br\/noticias\/#organization"},"potentialAction":[{"@type":"SearchAction","target":{"@type":"EntryPoint","urlTemplate":"https:\/\/www.suno.com.br\/noticias\/?s={search_term_string}"},"query-input":{"@type":"PropertyValueSpecification","valueRequired":true,"valueName":"search_term_string"}}],"inLanguage":"pt-BR"},{"@type":"Organization","@id":"https:\/\/www.suno.com.br\/noticias\/#organization","name":"Suno Not\u00edcias","url":"https:\/\/www.suno.com.br\/noticias\/","logo":{"@type":"ImageObject","inLanguage":"pt-BR","@id":"https:\/\/www.suno.com.br\/noticias\/#\/schema\/logo\/image\/","url":"https:\/\/files.sunoresearch.com.br\/n\/uploads\/2021\/09\/suno-logo.png","contentUrl":"https:\/\/files.sunoresearch.com.br\/n\/uploads\/2021\/09\/suno-logo.png","width":180,"height":180,"caption":"Suno Not\u00edcias"},"image":{"@id":"https:\/\/www.suno.com.br\/noticias\/#\/schema\/logo\/image\/"},"sameAs":["https:\/\/facebook.com\/sunoresearch","https:\/\/x.com\/sunoresearch","https:\/\/www.instagram.com\/suno","https:\/\/www.linkedin.com\/company\/suno-research\/","https:\/\/www.youtube.com\/c\/sunoresearch"]},{"@type":"Person","@id":"https:\/\/www.suno.com.br\/noticias\/#\/schema\/person\/d0f32748bbca4bee871fa191ee4e2d40","name":"Giovanni Porf\u00edrio Jacomino","image":{"@type":"ImageObject","inLanguage":"pt-BR","@id":"https:\/\/www.suno.com.br\/noticias\/#\/schema\/person\/image\/","url":"https:\/\/secure.gravatar.com\/avatar\/efb32e19b730a121cb7a80f41ffec01a?s=96&r=g","contentUrl":"https:\/\/secure.gravatar.com\/avatar\/efb32e19b730a121cb7a80f41ffec01a?s=96&r=g","caption":"Giovanni Porf\u00edrio Jacomino"},"description":"Giovanni Porf\u00edrio Jacomino \u00e9 jornalista formado pela Universidade Estadual de Londrina (UEL) e p\u00f3s-graduado em Produ\u00e7\u00e3o e Pr\u00e1ticas Jornal\u00edsticas na Contemporaneidade na Faculdade C\u00e1sper L\u00edbero (FCL). Foi editor web no Startupi e no Finsiders, atuando ainda como editor no TC Mover, portal de not\u00edcias da TradersClub, fazendo a cobertura de assuntos relacionados ao mercado financeiro interno e externo. Atualmente, \u00e9 Rep\u00f3rter do Suno Not\u00edcias.","url":"https:\/\/www.suno.com.br\/noticias\/author\/giovanni-porfiriosuno-com-br\/"}]}},"default_loop_html":"<div class=\"cardsPage__listCard__boxs\"><div class=\"cardsPage__listCard__boxs__img\"><a href=\"https:\/\/www.suno.com.br\/noticias\/prio-prio3-producao-sobe-marco-gpj\/\"><img class=\"mask\" src=\"https:\/\/www.suno.com.br\/noticias\/wp-content\/themes\/suno\/resources\/images\/spotlight\/spotlight1img\/bg-mask.png\" alt=\"Image Mask\"\/><img src=\"https:\/\/files.sunoresearch.com.br\/n\/uploads\/2023\/07\/bofa-eleva-preco-alvo-prio3-cpf-400x200.jpg\" alt=\"Prio (PRIO3): produ\u00e7\u00e3o sobe 4,1% em mar\u00e7o; confira pr\u00e9via da petroleira\"\/><\/a><span class=\"spotlightCategory\"><a href=\"https:\/\/www.suno.com.br\/noticias\/negocios\/\">Neg\u00f3cios<\/a><\/span><\/div><div class=\"cardsPage__listCard__boxs__content\"><a href=\"https:\/\/www.suno.com.br\/noticias\/prio-prio3-producao-sobe-marco-gpj\/\"><h2 class=\"content__title\">Prio (PRIO3): produ\u00e7\u00e3o sobe 4,1% em mar\u00e7o; confira pr\u00e9via da petroleira<\/h2><\/a><div class=\"newsContent__article__meta\"><div class=\"newsContent__article__meta__authorBox\"><a href=\"https:\/\/www.suno.com.br\/noticias\/author\/giovanni-porfiriosuno-com-br\/\" class=\"authorBox__avatar noMobi\"><img src=\"https:\/\/files.sunoresearch.com.br\/n\/uploads\/2024\/05\/DSCF4115-1-1-150x150.webp\" alt=\"Giovanni Porf\u00edrio Jacomino\"><\/a><div class=\"authorBox__name\"><span>por\n\t\t\t<a href=\"https:\/\/www.suno.com.br\/noticias\/author\/giovanni-porfiriosuno-com-br\/\"><span itemprop=\"author\">Giovanni Porf\u00edrio Jacomino<\/span><\/a><\/span><time datetime=\"2024-04-10T10:25:13-03:00\" itemprop=\"datePublished\">10\/04\/2024 10:25<\/time><\/div><\/div><\/div><\/div><\/div>","single_layout":"posts","amp_enabled":true,"_links":{"self":[{"href":"https:\/\/www.suno.com.br\/noticias\/wp-json\/wp\/v2\/posts\/542463"}],"collection":[{"href":"https:\/\/www.suno.com.br\/noticias\/wp-json\/wp\/v2\/posts"}],"about":[{"href":"https:\/\/www.suno.com.br\/noticias\/wp-json\/wp\/v2\/types\/post"}],"author":[{"embeddable":true,"href":"https:\/\/www.suno.com.br\/noticias\/wp-json\/wp\/v2\/users\/313"}],"replies":[{"embeddable":true,"href":"https:\/\/www.suno.com.br\/noticias\/wp-json\/wp\/v2\/comments?post=542463"}],"version-history":[{"count":2,"href":"https:\/\/www.suno.com.br\/noticias\/wp-json\/wp\/v2\/posts\/542463\/revisions"}],"predecessor-version":[{"id":542585,"href":"https:\/\/www.suno.com.br\/noticias\/wp-json\/wp\/v2\/posts\/542463\/revisions\/542585"}],"wp:featuredmedia":[{"embeddable":true,"href":"https:\/\/www.suno.com.br\/noticias\/wp-json\/wp\/v2\/media\/424775"}],"wp:attachment":[{"href":"https:\/\/www.suno.com.br\/noticias\/wp-json\/wp\/v2\/media?parent=542463"}],"wp:term":[{"taxonomy":"category","embeddable":true,"href":"https:\/\/www.suno.com.br\/noticias\/wp-json\/wp\/v2\/categories?post=542463"},{"taxonomy":"post_tag","embeddable":true,"href":"https:\/\/www.suno.com.br\/noticias\/wp-json\/wp\/v2\/tags?post=542463"},{"taxonomy":"suno_strategy","embeddable":true,"href":"https:\/\/www.suno.com.br\/noticias\/wp-json\/wp\/v2\/suno_strategy?post=542463"}],"curies":[{"name":"wp","href":"https:\/\/api.w.org\/{rel}","templated":true}]}}