{"id":542135,"date":"2024-04-09T12:44:49","date_gmt":"2024-04-09T15:44:49","guid":{"rendered":"https:\/\/www.suno.com.br\/noticias\/?p=542135"},"modified":"2024-04-09T15:14:01","modified_gmt":"2024-04-09T18:14:01","slug":"b3-b3sa3-enfrenta-processo-carf-cpf","status":"publish","type":"post","link":"https:\/\/www.suno.com.br\/noticias\/b3-b3sa3-enfrenta-processo-carf-cpf\/","title":{"rendered":"B3 (B3SA3) enfrenta processo de R$ 5,4 bilh\u00f5es no Carf; entenda os tr\u00eas casos da empresa"},"content":{"rendered":"<p>A <strong>B3 <\/strong>(<a href=\"https:\/\/www.suno.com.br\/acoes\/b3sa3\/\" target=\"_blank\" rel=\"noreferrer noopener\">B3SA3<\/a>) viu nesta ter\u00e7a-feira (9) o desenrolar de tr\u00eas processos fiscais no Conselho Administrativo de Recursos Fiscais (Carf). <\/p>\t<div class=\"wrapper-featured-image\">\n\t\t<figure class=\"spotlightImg\">\n\n\t\t\t<picture>\n\t\t\t\t<source media=\"(max-width: 768px)\" srcset=\"https:\/\/files.sunoresearch.com.br\/n\/uploads\/2024\/03\/iStock-1460320054-400x200.jpg\">\n\t\t\t\t<img loading=\"lazy\" decoding=\"async\" class=\"newsContent__article__imgCapa lazyloadDisabled \" src=\"https:\/\/files.sunoresearch.com.br\/n\/uploads\/2024\/03\/iStock-1460320054-800x450.jpg\" width=\"800\" height=\"450\" alt=\"B3 (B3SA3) enfrenta processo de R$ 5,4 bilh\u00f5es no Carf; entenda os tr\u00eas casos da empresa\" fetchpriority=high \/>\n\t\t\t<\/picture>\n\n\t\t\t<figcaption class=\"wp-caption-text wp-caption-text--show\">Investidores estrangeiros na B3 (B3SA3). Foto: iStock<\/figcaption>\n\t\t<\/figure>\n\t<\/div>\n\n\n\n\n\n\n\n\t<p>\n\t\t<a href=\"\" target=\"_blank\" data-element=\"shortcode-suno-banner\" title=\"Banner SUNO, clique e saiba mais\">\n\t\t\t<picture>\n\t\t\t\t<source media=\"(max-width: 500px)\" srcset=\"\">\n\t\t\t\t<img class=\"newsContent__article__imgCapa newsContent__article__imgCapa--banner\"\n\t\t\t\t\tsrc=\"\"\n\t\t\t\t\tdata-promo-id=\"265380\"\t\t\t\t\t\t\t\t\t\t\t\t\t\t\talt=\"\"\n\t\t\t\t>\n\t\t\t<\/picture>\n\t\t<\/a>\n\t<\/p>\n\n\n\n\n\n<p>No primeiro deles, o resultado foi desfavor\u00e1vel \u00e0 <strong>B3 no Carf<\/strong>, em um recurso relacionado \u00e0 amortiza\u00e7\u00e3o de \u00e1gio, a diferen\u00e7a entre o valor de aquisi\u00e7\u00e3o de uma empresa e o valor cont\u00e1bil dos ativos l\u00edquidos adquiridos. <\/p>\n\n\n\n<p>&#8220;A amortiza\u00e7\u00e3o \u00e9 registrada nas demonstra\u00e7\u00f5es financeiras da empresa e tem impacto no c\u00e1lculo de seus lucros, podendo reduzir o lucro l\u00edquido reportado, o que obviamente tem impacto no pagamento de impostos, que \u00e9 o cerne do imbr\u00f3glio da <strong>B3 com a Receita Federal<\/strong>&#8220;, explica Milton Rabelo, analista da VG Research.<\/p>\n\n\n\n<p>A Receita Federal questionou a amortiza\u00e7\u00e3o nos anos de 2014, 2015 e 2016, referente \u00e0 incorpora\u00e7\u00e3o das a\u00e7\u00f5es da <strong>Bovespa Holding<\/strong> pela B3 em 2008. <\/p>\n\n\n\n<p>A empresa discorda dessa decis\u00e3o e planeja recorrer \u00e0 C\u00e2mara Superior de Recursos Fiscais do Carf, argumentando que a opera\u00e7\u00e3o foi realizada de acordo com a legisla\u00e7\u00e3o fiscal.<\/p>\n\n\n\n<p>O valor do processo, segundo c\u00e1lculos de dezembro de 2023, equivale a R$ 5,4 bilh\u00f5es.<\/p>\n\n\n\n<p>&#8220;\u00c9 interessante apontar que a B3 j\u00e1 recebeu cinco autos de infra\u00e7\u00e3o relacionados a essa opera\u00e7\u00e3o, cujos processos totalizam R$ 14,6 bilh\u00f5es&#8221;, relembra Rabelo.<\/p>\n\n\n\n<h2 class=\"wp-block-heading\">O que \u00e9 a amortiza\u00e7\u00e3o de \u00e1gio e o que tem a ver com a B3?<\/h2>\n\n\n\n<p>A amortiza\u00e7\u00e3o de \u00e1gio \u00e9 um termo utilizado no contexto financeiro e cont\u00e1bil para se referir \u00e0 redu\u00e7\u00e3o gradual do valor do \u00e1gio pago na aquisi\u00e7\u00e3o de uma empresa ou ativo. <\/p>\n\n\n\n<p>&#8220;Quando uma empresa adquire outra por um valor superior ao seu valor cont\u00e1bil, a diferen\u00e7a entre o valor pago e o valor cont\u00e1bil \u00e9 chamada de \u00e1gio. Esse \u00e1gio pode representar diversos fatores, como a reputa\u00e7\u00e3o da empresa adquirida, sua posi\u00e7\u00e3o no mercado, entre outros ativos intang\u00edveis&#8221;, explica Rabelo. <\/p>\n\n\n\n<p>A amortiza\u00e7\u00e3o de \u00e1gio \u00e9 necess\u00e1ria porque o \u00e1gio n\u00e3o pode ser considerado um ativo intang\u00edvel indefinidamente, uma vez que seu valor tende a se diluir ao longo do tempo devido \u00e0 deprecia\u00e7\u00e3o de intang\u00edveis. &#8220;Portanto, a empresa compradora precisa amortizar gradualmente esse \u00e1gio ao longo do tempo, geralmente ao longo da vida \u00fatil dos ativos intang\u00edveis subjacentes,&#8221; aponta o analista. <\/p>\n\n\n\t<p>\n\t\t<a href=\"https:\/\/lp.suno.com.br\/ebook-como-analisar-uma-acao\/\" target=\"_blank\" data-element=\"shortcode-suno-banner\" title=\"Banner SUNO, clique e saiba mais\">\n\t\t\t<picture>\n\t\t\t\t<source media=\"(max-width: 500px)\" srcset=\"https:\/\/files.sunoresearch.com.br\/n\/uploads\/2023\/03\/Ebook-Acoes-Mobile.jpg\">\n\t\t\t\t<img class=\"newsContent__article__imgCapa newsContent__article__imgCapa--banner\"\n\t\t\t\t\tsrc=\"https:\/\/files.sunoresearch.com.br\/n\/uploads\/2023\/03\/Ebook-Acoes-Desktop.jpg\"\n\t\t\t\t\tdata-promo-id=\"378302\"\t\t\t\t\t\t\t\t\t\twidth='1420' height='286'\t\t\t\t\talt=\"https:\/\/files.sunoresearch.com.br\/n\/uploads\/2023\/03\/Ebook-Acoes-Desktop.jpg\"\n\t\t\t\t>\n\t\t\t<\/picture>\n\t\t<\/a>\n\t<\/p>\n\n\n\n\n\n<h2 class=\"wp-block-heading\">Mais casos da B3 com Carf<\/h2>\n\n\n\n<p>Em outro caso, o <strong>processo da B3 <\/strong>conseguiu uma decis\u00e3o favor\u00e1vel em rela\u00e7\u00e3o \u00e0 tributa\u00e7\u00e3o das varia\u00e7\u00f5es cambiais positivas de seu investimento no CME Group. <\/p>\n\n\n\n<p>A <strong>Receita Federal<\/strong> questionou o tratamento dessas varia\u00e7\u00f5es cambiais no c\u00e1lculo do <a class=\"suno-keyword\" data-force=\"no\" data-priority=\"1\" href=\"https:\/\/www.suno.com.br\/artigos\/ganho-de-capital\/\" target=\"_blank\" rel=\"noopener\">ganho de capital<\/a> para fins de imposto de renda e contribui\u00e7\u00e3o social sobre o <a class=\"suno-keyword\" data-force=\"no\" data-priority=\"1\" href=\"https:\/\/www.suno.com.br\/artigos\/lucro-liquido\/\" target=\"_blank\" rel=\"noopener\">lucro l\u00edquido<\/a> em 2016. <\/p>\n\n\n\n<p>O <strong>Carf<\/strong> manteve parte do valor da autua\u00e7\u00e3o, mas cancelou uma parcela de R$ 1,5 bilh\u00e3o de um auto de infra\u00e7\u00e3o da Receita Federal sobre o investimento na CME Group. A B3 avaliar\u00e1 se ir\u00e1 recorrer em rela\u00e7\u00e3o \u00e0 parcela mantida.<\/p>\n\n\n\n<p>Al\u00e9m disso, houve uma decis\u00e3o que anulou um ac\u00f3rd\u00e3o de R$ 608 milh\u00f5es da Delegacia Regional de Julgamento relacionado ao imposto de renda sobre <a class=\"suno-keyword\" data-force=\"no\" data-priority=\"1\" href=\"https:\/\/www.suno.com.br\/artigos\/ganho-de-capital\/\" target=\"_blank\" rel=\"noopener\">ganho de capital<\/a> por ocasi\u00e3o da incorpora\u00e7\u00e3o da Cetip, resultante da incorpora\u00e7\u00e3o das a\u00e7\u00f5es da B3 como parte da combina\u00e7\u00e3o de neg\u00f3cios entre Cetip e BM&amp;FBOVESPA. <\/p>\n\n\n\n<p>Conforme explica o analista da Levante Corp, Matheus Nascimento, o Carf indiciou a B3 em v\u00e1rios processos na \u00e9poca das fus\u00f5es com a CETIP e BMF. &#8220;O volume total estava em R$ 16 bilh\u00f5es, um absurdo. Mas a B3 nunca provisionou nada, dado que o risco de perda era baixo&#8221;, comenta o especialista. <\/p>\n\n\n\n<p>Nesse caso, o processo retornar\u00e1 \u00e0 Delegacia Regional de Julgamento para novo julgamento. A <strong>B3 <\/strong>continuar\u00e1 monitorando esses processos e considerando suas op\u00e7\u00f5es legais.<\/p>\n\n\n\t<p>\n\t\t<a href=\"https:\/\/lp.suno.com.br\/plataforma-de-controle-de-investimentos\/\" target=\"_blank\" data-element=\"shortcode-suno-banner\" title=\"Banner SUNO, clique e saiba mais\">\n\t\t\t<picture>\n\t\t\t\t<source media=\"(max-width: 500px)\" srcset=\"https:\/\/files.sunoresearch.com.br\/n\/uploads\/2023\/03\/400x300-Controle-de-Investimentos.png\">\n\t\t\t\t<img class=\"newsContent__article__imgCapa newsContent__article__imgCapa--banner\"\n\t\t\t\t\tsrc=\"https:\/\/files.sunoresearch.com.br\/n\/uploads\/2023\/03\/1420x240-Controle-de-Investimentos.png\"\n\t\t\t\t\tdata-promo-id=\"383162\"\t\t\t\t\t\t\t\t\t\twidth='1420' height='240'\t\t\t\t\talt=\"https:\/\/files.sunoresearch.com.br\/n\/uploads\/2023\/03\/1420x240-Controle-de-Investimentos.png\"\n\t\t\t\t>\n\t\t\t<\/picture>\n\t\t<\/a>\n\t<\/p>\n\n\n","protected":false},"excerpt":{"rendered":"<p>A B3 (B3SA3) viu nesta ter\u00e7a-feira (9) o desenrolar de tr\u00eas processos fiscais no Conselho Administrativo de Recursos Fiscais (Carf). Investidores estrangeiros na B3 (B3SA3). Foto: iStock No primeiro deles, o resultado foi desfavor\u00e1vel \u00e0 B3 no Carf, em um recurso relacionado \u00e0 amortiza\u00e7\u00e3o de \u00e1gio, a diferen\u00e7a entre o valor de aquisi\u00e7\u00e3o de uma [&hellip;]<\/p>\n","protected":false},"author":283,"featured_media":532969,"comment_status":"closed","ping_status":"closed","sticky":false,"template":"","format":"standard","meta":[],"categories":[64],"tags":[367,1233,105816,847],"suno_strategy":[],"class_list":["post-542135","post","type-post","status-publish","format-standard","has-post-thumbnail","hentry","category-negocios","tag-b3-b3sa3","tag-carf","tag-especialistas","tag-receita-federal"],"yoast_head":"<!-- This site is optimized with the Yoast SEO plugin v24.4 - https:\/\/yoast.com\/wordpress\/plugins\/seo\/ -->\n<title>B3 (B3SA3) enfrenta processo de R$ 5,4 bilh\u00f5es no Carf<\/title>\n<meta name=\"description\" content=\"A B3 (B3SA3) avan\u00e7ou em tr\u00eas processos com o Carf nesta ter\u00e7a-feira (9). Entenda o caso da B3 e o que a empresa pode ter que pagar.\" \/>\n<meta name=\"robots\" content=\"index, follow, max-snippet:-1, max-image-preview:large, max-video-preview:-1\" \/>\n<link rel=\"canonical\" href=\"https:\/\/www.suno.com.br\/noticias\/b3-b3sa3-enfrenta-processo-carf-cpf\/\" \/>\n<meta property=\"og:locale\" content=\"pt_BR\" \/>\n<meta property=\"og:type\" content=\"article\" \/>\n<meta property=\"og:title\" content=\"B3 (B3SA3) enfrenta processo de R$ 5,4 bilh\u00f5es no Carf\" \/>\n<meta property=\"og:description\" content=\"A B3 (B3SA3) avan\u00e7ou em tr\u00eas processos com o Carf nesta ter\u00e7a-feira (9). Entenda o caso da B3 e o que a empresa pode ter que pagar.\" \/>\n<meta property=\"og:url\" content=\"https:\/\/www.suno.com.br\/noticias\/b3-b3sa3-enfrenta-processo-carf-cpf\/\" \/>\n<meta property=\"og:site_name\" content=\"Suno Not\u00edcias\" \/>\n<meta property=\"article:publisher\" content=\"https:\/\/facebook.com\/sunoresearch\" \/>\n<meta property=\"og:image\" content=\"https:\/\/files.sunoresearch.com.br\/n\/uploads\/2024\/03\/iStock-1460320054.jpg\" \/>\n\t<meta property=\"og:image:width\" content=\"1254\" \/>\n\t<meta property=\"og:image:height\" content=\"836\" \/>\n\t<meta property=\"og:image:type\" content=\"image\/jpeg\" \/>\n<meta name=\"author\" content=\"Camila Paim\" \/>\n<meta name=\"twitter:card\" content=\"summary_large_image\" \/>\n<meta name=\"twitter:creator\" content=\"@sunoresearch\" \/>\n<meta name=\"twitter:site\" content=\"@sunoresearch\" \/>\n<meta name=\"twitter:label1\" content=\"Escrito por\" \/>\n\t<meta name=\"twitter:data1\" content=\"Camila Paim\" \/>\n\t<meta name=\"twitter:label2\" content=\"Est. tempo de leitura\" \/>\n\t<meta name=\"twitter:data2\" content=\"4 minutos\" \/>\n<script type=\"application\/ld+json\" class=\"yoast-schema-graph\">{\"@context\":\"https:\/\/schema.org\",\"@graph\":[{\"@type\":\"NewsArticle\",\"@id\":\"https:\/\/www.suno.com.br\/noticias\/b3-b3sa3-enfrenta-processo-carf-cpf\/#article\",\"isPartOf\":{\"@id\":\"https:\/\/www.suno.com.br\/noticias\/b3-b3sa3-enfrenta-processo-carf-cpf\/\"},\"author\":{\"name\":\"Camila Paim\",\"@id\":\"https:\/\/www.suno.com.br\/noticias\/#\/schema\/person\/f341d3ae5d1cc685176c9a5327cdfdbb\"},\"headline\":\"B3 (B3SA3) enfrenta processo de R$ 5,4 bilh\u00f5es no Carf; entenda os tr\u00eas casos da empresa\",\"datePublished\":\"2024-04-09T15:44:49+00:00\",\"dateModified\":\"2024-04-09T18:14:01+00:00\",\"mainEntityOfPage\":{\"@id\":\"https:\/\/www.suno.com.br\/noticias\/b3-b3sa3-enfrenta-processo-carf-cpf\/\"},\"wordCount\":659,\"publisher\":{\"@id\":\"https:\/\/www.suno.com.br\/noticias\/#organization\"},\"image\":{\"@id\":\"https:\/\/www.suno.com.br\/noticias\/b3-b3sa3-enfrenta-processo-carf-cpf\/#primaryimage\"},\"thumbnailUrl\":\"https:\/\/files.sunoresearch.com.br\/n\/uploads\/2024\/03\/iStock-1460320054.jpg\",\"keywords\":[\"B3 (B3SA3)\",\"Carf\",\"Especialistas\",\"Receita Federal\"],\"articleSection\":[\"Neg\u00f3cios\"],\"inLanguage\":\"pt-BR\"},{\"@type\":\"WebPage\",\"@id\":\"https:\/\/www.suno.com.br\/noticias\/b3-b3sa3-enfrenta-processo-carf-cpf\/\",\"url\":\"https:\/\/www.suno.com.br\/noticias\/b3-b3sa3-enfrenta-processo-carf-cpf\/\",\"name\":\"B3 (B3SA3) enfrenta processo de R$ 5,4 bilh\u00f5es no Carf\",\"isPartOf\":{\"@id\":\"https:\/\/www.suno.com.br\/noticias\/#website\"},\"primaryImageOfPage\":{\"@id\":\"https:\/\/www.suno.com.br\/noticias\/b3-b3sa3-enfrenta-processo-carf-cpf\/#primaryimage\"},\"image\":{\"@id\":\"https:\/\/www.suno.com.br\/noticias\/b3-b3sa3-enfrenta-processo-carf-cpf\/#primaryimage\"},\"thumbnailUrl\":\"https:\/\/files.sunoresearch.com.br\/n\/uploads\/2024\/03\/iStock-1460320054.jpg\",\"datePublished\":\"2024-04-09T15:44:49+00:00\",\"dateModified\":\"2024-04-09T18:14:01+00:00\",\"description\":\"A B3 (B3SA3) avan\u00e7ou em tr\u00eas processos com o Carf nesta ter\u00e7a-feira (9). Entenda o caso da B3 e o que a empresa pode ter que pagar.\",\"breadcrumb\":{\"@id\":\"https:\/\/www.suno.com.br\/noticias\/b3-b3sa3-enfrenta-processo-carf-cpf\/#breadcrumb\"},\"inLanguage\":\"pt-BR\",\"potentialAction\":[{\"@type\":\"ReadAction\",\"target\":[\"https:\/\/www.suno.com.br\/noticias\/b3-b3sa3-enfrenta-processo-carf-cpf\/\"]}]},{\"@type\":\"ImageObject\",\"inLanguage\":\"pt-BR\",\"@id\":\"https:\/\/www.suno.com.br\/noticias\/b3-b3sa3-enfrenta-processo-carf-cpf\/#primaryimage\",\"url\":\"https:\/\/files.sunoresearch.com.br\/n\/uploads\/2024\/03\/iStock-1460320054.jpg\",\"contentUrl\":\"https:\/\/files.sunoresearch.com.br\/n\/uploads\/2024\/03\/iStock-1460320054.jpg\",\"width\":1254,\"height\":836,\"caption\":\"Investidores estrangeiros na B3 (B3SA3). Foto: iStock\"},{\"@type\":\"BreadcrumbList\",\"@id\":\"https:\/\/www.suno.com.br\/noticias\/b3-b3sa3-enfrenta-processo-carf-cpf\/#breadcrumb\",\"itemListElement\":[{\"@type\":\"ListItem\",\"position\":1,\"name\":\"Not\u00edcias\",\"item\":\"https:\/\/www.suno.com.br\/noticias\/\"},{\"@type\":\"ListItem\",\"position\":2,\"name\":\"Neg\u00f3cios\",\"item\":\"https:\/\/www.suno.com.br\/noticias\/negocios\/\"},{\"@type\":\"ListItem\",\"position\":3,\"name\":\"B3 (B3SA3) enfrenta processo de R$ 5,4 bilh\u00f5es no Carf; entenda os tr\u00eas casos da empresa\"}]},{\"@type\":\"WebSite\",\"@id\":\"https:\/\/www.suno.com.br\/noticias\/#website\",\"url\":\"https:\/\/www.suno.com.br\/noticias\/\",\"name\":\"Suno Not\u00edcias\",\"description\":\"Seu portal de informa\u00e7\u00e3o sobre o mundo dos investimentos\",\"publisher\":{\"@id\":\"https:\/\/www.suno.com.br\/noticias\/#organization\"},\"potentialAction\":[{\"@type\":\"SearchAction\",\"target\":{\"@type\":\"EntryPoint\",\"urlTemplate\":\"https:\/\/www.suno.com.br\/noticias\/?s={search_term_string}\"},\"query-input\":{\"@type\":\"PropertyValueSpecification\",\"valueRequired\":true,\"valueName\":\"search_term_string\"}}],\"inLanguage\":\"pt-BR\"},{\"@type\":\"Organization\",\"@id\":\"https:\/\/www.suno.com.br\/noticias\/#organization\",\"name\":\"Suno Not\u00edcias\",\"url\":\"https:\/\/www.suno.com.br\/noticias\/\",\"logo\":{\"@type\":\"ImageObject\",\"inLanguage\":\"pt-BR\",\"@id\":\"https:\/\/www.suno.com.br\/noticias\/#\/schema\/logo\/image\/\",\"url\":\"https:\/\/files.sunoresearch.com.br\/n\/uploads\/2021\/09\/suno-logo.png\",\"contentUrl\":\"https:\/\/files.sunoresearch.com.br\/n\/uploads\/2021\/09\/suno-logo.png\",\"width\":180,\"height\":180,\"caption\":\"Suno Not\u00edcias\"},\"image\":{\"@id\":\"https:\/\/www.suno.com.br\/noticias\/#\/schema\/logo\/image\/\"},\"sameAs\":[\"https:\/\/facebook.com\/sunoresearch\",\"https:\/\/x.com\/sunoresearch\",\"https:\/\/www.instagram.com\/suno\",\"https:\/\/www.linkedin.com\/company\/suno-research\/\",\"https:\/\/www.youtube.com\/c\/sunoresearch\"]},{\"@type\":\"Person\",\"@id\":\"https:\/\/www.suno.com.br\/noticias\/#\/schema\/person\/f341d3ae5d1cc685176c9a5327cdfdbb\",\"name\":\"Camila Paim\",\"image\":{\"@type\":\"ImageObject\",\"inLanguage\":\"pt-BR\",\"@id\":\"https:\/\/www.suno.com.br\/noticias\/#\/schema\/person\/image\/\",\"url\":\"https:\/\/secure.gravatar.com\/avatar\/f33728e65febb1aa7ecf6792956f9b20?s=96&r=g\",\"contentUrl\":\"https:\/\/secure.gravatar.com\/avatar\/f33728e65febb1aa7ecf6792956f9b20?s=96&r=g\",\"caption\":\"Camila Paim\"},\"description\":\"Jornalista formada pela USP, tem experi\u00eancia em reda\u00e7\u00f5es, SEO, Branded Content e Webdesign. Com passagem pelo Jornal da USP, Empiricus e C6 Bank, hoje \u00e9 rep\u00f3rter no Suno Not\u00edcias cobrindo macroeconomia, finan\u00e7as pessoais e startups.\",\"url\":\"https:\/\/www.suno.com.br\/noticias\/author\/camila-figueiredosuno-com-br\/\"}]}<\/script>\n<!-- \/ Yoast SEO plugin. -->","yoast_head_json":{"title":"B3 (B3SA3) enfrenta processo de R$ 5,4 bilh\u00f5es no Carf","description":"A B3 (B3SA3) avan\u00e7ou em tr\u00eas processos com o Carf nesta ter\u00e7a-feira (9). Entenda o caso da B3 e o que a empresa pode ter que pagar.","robots":{"index":"index","follow":"follow","max-snippet":"max-snippet:-1","max-image-preview":"max-image-preview:large","max-video-preview":"max-video-preview:-1"},"canonical":"https:\/\/www.suno.com.br\/noticias\/b3-b3sa3-enfrenta-processo-carf-cpf\/","og_locale":"pt_BR","og_type":"article","og_title":"B3 (B3SA3) enfrenta processo de R$ 5,4 bilh\u00f5es no Carf","og_description":"A B3 (B3SA3) avan\u00e7ou em tr\u00eas processos com o Carf nesta ter\u00e7a-feira (9). Entenda o caso da B3 e o que a empresa pode ter que pagar.","og_url":"https:\/\/www.suno.com.br\/noticias\/b3-b3sa3-enfrenta-processo-carf-cpf\/","og_site_name":"Suno Not\u00edcias","article_publisher":"https:\/\/facebook.com\/sunoresearch","og_image":[{"width":1254,"height":836,"url":"https:\/\/files.sunoresearch.com.br\/n\/uploads\/2024\/03\/iStock-1460320054.jpg","type":"image\/jpeg"}],"author":"Camila Paim","twitter_card":"summary_large_image","twitter_creator":"@sunoresearch","twitter_site":"@sunoresearch","twitter_misc":{"Escrito por":"Camila Paim","Est. tempo de leitura":"4 minutos"},"schema":{"@context":"https:\/\/schema.org","@graph":[{"@type":"NewsArticle","@id":"https:\/\/www.suno.com.br\/noticias\/b3-b3sa3-enfrenta-processo-carf-cpf\/#article","isPartOf":{"@id":"https:\/\/www.suno.com.br\/noticias\/b3-b3sa3-enfrenta-processo-carf-cpf\/"},"author":{"name":"Camila Paim","@id":"https:\/\/www.suno.com.br\/noticias\/#\/schema\/person\/f341d3ae5d1cc685176c9a5327cdfdbb"},"headline":"B3 (B3SA3) enfrenta processo de R$ 5,4 bilh\u00f5es no Carf; entenda os tr\u00eas casos da empresa","datePublished":"2024-04-09T15:44:49+00:00","dateModified":"2024-04-09T18:14:01+00:00","mainEntityOfPage":{"@id":"https:\/\/www.suno.com.br\/noticias\/b3-b3sa3-enfrenta-processo-carf-cpf\/"},"wordCount":659,"publisher":{"@id":"https:\/\/www.suno.com.br\/noticias\/#organization"},"image":{"@id":"https:\/\/www.suno.com.br\/noticias\/b3-b3sa3-enfrenta-processo-carf-cpf\/#primaryimage"},"thumbnailUrl":"https:\/\/files.sunoresearch.com.br\/n\/uploads\/2024\/03\/iStock-1460320054.jpg","keywords":["B3 (B3SA3)","Carf","Especialistas","Receita Federal"],"articleSection":["Neg\u00f3cios"],"inLanguage":"pt-BR"},{"@type":"WebPage","@id":"https:\/\/www.suno.com.br\/noticias\/b3-b3sa3-enfrenta-processo-carf-cpf\/","url":"https:\/\/www.suno.com.br\/noticias\/b3-b3sa3-enfrenta-processo-carf-cpf\/","name":"B3 (B3SA3) enfrenta processo de R$ 5,4 bilh\u00f5es no Carf","isPartOf":{"@id":"https:\/\/www.suno.com.br\/noticias\/#website"},"primaryImageOfPage":{"@id":"https:\/\/www.suno.com.br\/noticias\/b3-b3sa3-enfrenta-processo-carf-cpf\/#primaryimage"},"image":{"@id":"https:\/\/www.suno.com.br\/noticias\/b3-b3sa3-enfrenta-processo-carf-cpf\/#primaryimage"},"thumbnailUrl":"https:\/\/files.sunoresearch.com.br\/n\/uploads\/2024\/03\/iStock-1460320054.jpg","datePublished":"2024-04-09T15:44:49+00:00","dateModified":"2024-04-09T18:14:01+00:00","description":"A B3 (B3SA3) avan\u00e7ou em tr\u00eas processos com o Carf nesta ter\u00e7a-feira (9). Entenda o caso da B3 e o que a empresa pode ter que pagar.","breadcrumb":{"@id":"https:\/\/www.suno.com.br\/noticias\/b3-b3sa3-enfrenta-processo-carf-cpf\/#breadcrumb"},"inLanguage":"pt-BR","potentialAction":[{"@type":"ReadAction","target":["https:\/\/www.suno.com.br\/noticias\/b3-b3sa3-enfrenta-processo-carf-cpf\/"]}]},{"@type":"ImageObject","inLanguage":"pt-BR","@id":"https:\/\/www.suno.com.br\/noticias\/b3-b3sa3-enfrenta-processo-carf-cpf\/#primaryimage","url":"https:\/\/files.sunoresearch.com.br\/n\/uploads\/2024\/03\/iStock-1460320054.jpg","contentUrl":"https:\/\/files.sunoresearch.com.br\/n\/uploads\/2024\/03\/iStock-1460320054.jpg","width":1254,"height":836,"caption":"Investidores estrangeiros na B3 (B3SA3). Foto: iStock"},{"@type":"BreadcrumbList","@id":"https:\/\/www.suno.com.br\/noticias\/b3-b3sa3-enfrenta-processo-carf-cpf\/#breadcrumb","itemListElement":[{"@type":"ListItem","position":1,"name":"Not\u00edcias","item":"https:\/\/www.suno.com.br\/noticias\/"},{"@type":"ListItem","position":2,"name":"Neg\u00f3cios","item":"https:\/\/www.suno.com.br\/noticias\/negocios\/"},{"@type":"ListItem","position":3,"name":"B3 (B3SA3) enfrenta processo de R$ 5,4 bilh\u00f5es no Carf; entenda os tr\u00eas casos da empresa"}]},{"@type":"WebSite","@id":"https:\/\/www.suno.com.br\/noticias\/#website","url":"https:\/\/www.suno.com.br\/noticias\/","name":"Suno Not\u00edcias","description":"Seu portal de informa\u00e7\u00e3o sobre o mundo dos investimentos","publisher":{"@id":"https:\/\/www.suno.com.br\/noticias\/#organization"},"potentialAction":[{"@type":"SearchAction","target":{"@type":"EntryPoint","urlTemplate":"https:\/\/www.suno.com.br\/noticias\/?s={search_term_string}"},"query-input":{"@type":"PropertyValueSpecification","valueRequired":true,"valueName":"search_term_string"}}],"inLanguage":"pt-BR"},{"@type":"Organization","@id":"https:\/\/www.suno.com.br\/noticias\/#organization","name":"Suno Not\u00edcias","url":"https:\/\/www.suno.com.br\/noticias\/","logo":{"@type":"ImageObject","inLanguage":"pt-BR","@id":"https:\/\/www.suno.com.br\/noticias\/#\/schema\/logo\/image\/","url":"https:\/\/files.sunoresearch.com.br\/n\/uploads\/2021\/09\/suno-logo.png","contentUrl":"https:\/\/files.sunoresearch.com.br\/n\/uploads\/2021\/09\/suno-logo.png","width":180,"height":180,"caption":"Suno Not\u00edcias"},"image":{"@id":"https:\/\/www.suno.com.br\/noticias\/#\/schema\/logo\/image\/"},"sameAs":["https:\/\/facebook.com\/sunoresearch","https:\/\/x.com\/sunoresearch","https:\/\/www.instagram.com\/suno","https:\/\/www.linkedin.com\/company\/suno-research\/","https:\/\/www.youtube.com\/c\/sunoresearch"]},{"@type":"Person","@id":"https:\/\/www.suno.com.br\/noticias\/#\/schema\/person\/f341d3ae5d1cc685176c9a5327cdfdbb","name":"Camila Paim","image":{"@type":"ImageObject","inLanguage":"pt-BR","@id":"https:\/\/www.suno.com.br\/noticias\/#\/schema\/person\/image\/","url":"https:\/\/secure.gravatar.com\/avatar\/f33728e65febb1aa7ecf6792956f9b20?s=96&r=g","contentUrl":"https:\/\/secure.gravatar.com\/avatar\/f33728e65febb1aa7ecf6792956f9b20?s=96&r=g","caption":"Camila Paim"},"description":"Jornalista formada pela USP, tem experi\u00eancia em reda\u00e7\u00f5es, SEO, Branded Content e Webdesign. Com passagem pelo Jornal da USP, Empiricus e C6 Bank, hoje \u00e9 rep\u00f3rter no Suno Not\u00edcias cobrindo macroeconomia, finan\u00e7as pessoais e startups.","url":"https:\/\/www.suno.com.br\/noticias\/author\/camila-figueiredosuno-com-br\/"}]}},"default_loop_html":"<div class=\"cardsPage__listCard__boxs\"><div class=\"cardsPage__listCard__boxs__img\"><a href=\"https:\/\/www.suno.com.br\/noticias\/b3-b3sa3-enfrenta-processo-carf-cpf\/\"><img class=\"mask\" src=\"https:\/\/www.suno.com.br\/noticias\/wp-content\/themes\/suno\/resources\/images\/spotlight\/spotlight1img\/bg-mask.png\" alt=\"Image Mask\"\/><img src=\"https:\/\/files.sunoresearch.com.br\/n\/uploads\/2024\/03\/iStock-1460320054-400x200.jpg\" alt=\"B3 (B3SA3) enfrenta processo de R$ 5,4 bilh\u00f5es no Carf; entenda os tr\u00eas casos da empresa\"\/><\/a><span class=\"spotlightCategory\"><a href=\"https:\/\/www.suno.com.br\/noticias\/negocios\/\">Neg\u00f3cios<\/a><\/span><\/div><div class=\"cardsPage__listCard__boxs__content\"><a href=\"https:\/\/www.suno.com.br\/noticias\/b3-b3sa3-enfrenta-processo-carf-cpf\/\"><h2 class=\"content__title\">B3 (B3SA3) enfrenta processo de R$ 5,4 bilh\u00f5es no Carf; entenda os tr\u00eas casos da empresa<\/h2><\/a><div class=\"newsContent__article__meta\"><div class=\"newsContent__article__meta__authorBox\"><a href=\"https:\/\/www.suno.com.br\/noticias\/author\/camila-figueiredosuno-com-br\/\" class=\"authorBox__avatar noMobi\"><img src=\"https:\/\/files.sunoresearch.com.br\/n\/uploads\/2024\/05\/camila-paim-square-150x150.jpg\" alt=\"Camila Paim\"><\/a><div class=\"authorBox__name\"><span>por\n\t\t\t<a href=\"https:\/\/www.suno.com.br\/noticias\/author\/camila-figueiredosuno-com-br\/\"><span itemprop=\"author\">Camila Paim<\/span><\/a><\/span><time datetime=\"2024-04-09T12:44:49-03:00\" itemprop=\"datePublished\">09\/04\/2024 12:44<\/time><\/div><\/div><\/div><\/div><\/div>","single_layout":"posts","amp_enabled":true,"_links":{"self":[{"href":"https:\/\/www.suno.com.br\/noticias\/wp-json\/wp\/v2\/posts\/542135"}],"collection":[{"href":"https:\/\/www.suno.com.br\/noticias\/wp-json\/wp\/v2\/posts"}],"about":[{"href":"https:\/\/www.suno.com.br\/noticias\/wp-json\/wp\/v2\/types\/post"}],"author":[{"embeddable":true,"href":"https:\/\/www.suno.com.br\/noticias\/wp-json\/wp\/v2\/users\/283"}],"replies":[{"embeddable":true,"href":"https:\/\/www.suno.com.br\/noticias\/wp-json\/wp\/v2\/comments?post=542135"}],"version-history":[{"count":2,"href":"https:\/\/www.suno.com.br\/noticias\/wp-json\/wp\/v2\/posts\/542135\/revisions"}],"predecessor-version":[{"id":542214,"href":"https:\/\/www.suno.com.br\/noticias\/wp-json\/wp\/v2\/posts\/542135\/revisions\/542214"}],"wp:featuredmedia":[{"embeddable":true,"href":"https:\/\/www.suno.com.br\/noticias\/wp-json\/wp\/v2\/media\/532969"}],"wp:attachment":[{"href":"https:\/\/www.suno.com.br\/noticias\/wp-json\/wp\/v2\/media?parent=542135"}],"wp:term":[{"taxonomy":"category","embeddable":true,"href":"https:\/\/www.suno.com.br\/noticias\/wp-json\/wp\/v2\/categories?post=542135"},{"taxonomy":"post_tag","embeddable":true,"href":"https:\/\/www.suno.com.br\/noticias\/wp-json\/wp\/v2\/tags?post=542135"},{"taxonomy":"suno_strategy","embeddable":true,"href":"https:\/\/www.suno.com.br\/noticias\/wp-json\/wp\/v2\/suno_strategy?post=542135"}],"curies":[{"name":"wp","href":"https:\/\/api.w.org\/{rel}","templated":true}]}}