{"id":542133,"date":"2024-04-09T12:13:17","date_gmt":"2024-04-09T15:13:17","guid":{"rendered":"https:\/\/www.suno.com.br\/noticias\/?p=542133"},"modified":"2024-04-09T12:13:25","modified_gmt":"2024-04-09T15:13:25","slug":"cvc-cvcb3-mudancas-diretoria-acoes-caem-gpj","status":"publish","type":"post","link":"https:\/\/www.suno.com.br\/noticias\/cvc-cvcb3-mudancas-diretoria-acoes-caem-gpj\/","title":{"rendered":"CVC (CVCB3) anuncia mudan\u00e7as em alto escal\u00e3o e a\u00e7\u00f5es caem no Ibovespa"},"content":{"rendered":"<p>A <a href=\"https:\/\/www.suno.com.br\/artigos\/relacoes-com-investidores\/\"><strong>C<\/strong><\/a><a href=\"https:\/\/www.suno.com.br\/acoes\/CVCB3\/\"><strong>VC <\/strong>(CVCB3)<\/a> comunicou nesta segunda-feira (8) mudan\u00e7as relativas aos cargos de diretor financeiro (CFO), <a href=\"https:\/\/www.suno.com.br\/artigos\/relacoes-com-investidores\/\">rela\u00e7\u00f5es com investidores<\/a> (RI) e compliance. As a\u00e7\u00f5es da companhia lideram perdas nesta ter\u00e7a-feira (9) no Ibovespa.<\/p>\t<div class=\"wrapper-featured-image\">\n\t\t<figure class=\"spotlightImg\">\n\n\t\t\t<picture>\n\t\t\t\t<source media=\"(max-width: 768px)\" srcset=\"https:\/\/files.sunoresearch.com.br\/n\/uploads\/2023\/05\/cvc-cvcb3-escritorio-empresa-foto-divulgacao-400x200.jpg\">\n\t\t\t\t<img loading=\"lazy\" decoding=\"async\" class=\"newsContent__article__imgCapa lazyloadDisabled \" src=\"https:\/\/files.sunoresearch.com.br\/n\/uploads\/2023\/05\/cvc-cvcb3-escritorio-empresa-foto-divulgacao-800x450.jpg\" width=\"800\" height=\"450\" alt=\"CVC (CVCB3) anuncia mudan\u00e7as em alto escal\u00e3o e a\u00e7\u00f5es caem no Ibovespa\" fetchpriority=high \/>\n\t\t\t<\/picture>\n\n\t\t\t<figcaption class=\"wp-caption-text wp-caption-text--show\">CVC (CVCB3). Foto: Divulga\u00e7\u00e3o<\/figcaption>\n\t\t<\/figure>\n\t<\/div>\n\n\n\n\n\n\n\n\t<p>\n\t\t<a href=\"https:\/\/lp.suno.com.br\/planilha-da-vida-financeira\/\" target=\"_blank\" data-element=\"shortcode-suno-banner\" title=\"Banner SUNO, clique e saiba mais\">\n\t\t\t<picture>\n\t\t\t\t<source media=\"(max-width: 500px)\" srcset=\"https:\/\/files.sunoresearch.com.br\/n\/uploads\/2023\/04\/400x300-Planilha-vida-financeira-true.png\">\n\t\t\t\t<img class=\"newsContent__article__imgCapa newsContent__article__imgCapa--banner\"\n\t\t\t\t\tsrc=\"https:\/\/files.sunoresearch.com.br\/n\/uploads\/2023\/04\/1420x240-Planilha-vida-financeira-true.png\"\n\t\t\t\t\tdata-promo-id=\"106682\"\t\t\t\t\t\t\t\t\t\twidth='1420' height='240'\t\t\t\t\talt=\"https:\/\/files.sunoresearch.com.br\/n\/uploads\/2023\/04\/1420x240-Planilha-vida-financeira-true.png\"\n\t\t\t\t>\n\t\t\t<\/picture>\n\t\t<\/a>\n\t<\/p>\n\n\n\n\n\n<p>No intradia, as <strong>a\u00e7\u00f5es CVCB3<\/strong> ca\u00edam 3,37%, cotadas a R$ 2,58. No m\u00eas, os <strong>pap\u00e9is da CVC<\/strong> caem 9,65% e no acumulado do ano, o recuo \u00e9 de 25,14%.<\/p>\n\n\n\n<div class=\"pluginQuotation\">\n  <p class=\"ticker\">\n    Cota\u00e7\u00e3o <span>CVCB3<\/span>\n  <\/p>\n  <div class=\"info\">\n    <div class=\"leftSide\">\n      Gr\u00e1fico gerado em: 09\/04\/2024    <\/div>\n\t\t\t\t\t<div class=\"rightSide\">\n\t\t\t\t\t<span class=\"period\">\n\t\t\t\t\t\t5 Dias\t\t\t\t\t<\/span>\n\t\t\t<\/div>\n\t\t  <\/div>\n\n  <div id=\"chart-173aab3d41527368b2d92f007a2023b4\" data-block-hash=\"173aab3d41527368b2d92f007a2023b4\"  class=\"chart\" style=\"width:100%;height:400px;\"><\/div>\n\n  <div class=\"pluginQuotation__footer\">\n    <div class=\"dataChart\">\n\n      <div class=\"dataChart__div1 variation\">\n        <div class=\"value-negative\">\n          -1,48 (-0,04%)        <\/div>\n        <div class=\"text\">\n          Varia\u00e7\u00e3o do per\u00edodo\n        <\/div>\n      <\/div>\n\n      <div class=\"dataChart__div2 minMax\">\n        <div class=\"value\">\n          R$\u00a02,67        <\/div>\n        <div class=\"text\">\n          M\u00ednima\n        <\/div>\n      <\/div>\n\n      <div class=\"dataChart__div3 minMax\">\n        <div class=\"value\">\n          R$\u00a02,72        <\/div>\n        <div class=\"text\">\n          M\u00e1xima\n        <\/div>\n      <\/div>\n\n\t\t\t<div class=\"dataChart__div4 rightSide\">\n\t\t\t\t<div class=\"analiticaSource\">\n\t\t\t\t\t<span>\n\t\t\t\t\t\tFonte:\n\t\t\t\t\t<\/span>\n\t\t\t\t\t<img decoding=\"async\" class=\"analiticaLogo\" src=\"https:\/\/www.suno.com.br\/noticias\/wp-content\/plugins\/suno-block-ticker-quotation\/src\/suno-analitica-logo.png\" alt=\"Logo Suno Anal\u00edtica\" \/>\n\t\t\t\t<\/div>\n\n\t\t\t\t<a href=\"https:\/\/www.suno.com.br\/analitica\/acoes\/CVCB3\" target=\"_blank\">\n\t\t\t\t\t<span>\n\t\t\t\t\t\tVer mais cota\u00e7\u00f5es\n\t\t\t\t\t<\/span>\n\t\t\t\t\t<svg xmlns=\"http:\/\/www.w3.org\/2000\/svg\" width=\"9\" height=\"8\" viewBox=\"0 0 9 8\" fill=\"none\">\n\t\t\t\t\t\t<path d=\"M4.20996 0L3.50496 0.705L6.29496 3.5H0.209961V4.5H6.29496L3.50496 7.295L4.20996 8L8.20996 4L4.20996 0Z\" fill=\"#D42126\" \/>\n\t\t\t\t\t<\/svg>\n\t\t\t\t<\/a>\n    <\/div>\n\n    <\/div>\n  <\/div>\n<\/div>\n\n\n<script type=\"text\/javascript\">\n  let chart_173aab3d41527368b2d92f007a2023b4 = document.getElementById('chart-173aab3d41527368b2d92f007a2023b4');\n  let data_json_173aab3d41527368b2d92f007a2023b4 = \"[{\\\"date\\\":\\\"03\\\\\\\/04\\\\\\\/24 14:30\\\",\\\"value\\\":2.71},{\\\"date\\\":\\\"03\\\\\\\/04\\\\\\\/24 14:40\\\",\\\"value\\\":2.71},{\\\"date\\\":\\\"03\\\\\\\/04\\\\\\\/24 14:50\\\",\\\"value\\\":2.72},{\\\"date\\\":\\\"03\\\\\\\/04\\\\\\\/24 15:00\\\",\\\"value\\\":2.67}]\";\n  let isPositive_173aab3d41527368b2d92f007a2023b4 = \"\";\n\n  let color_173aab3d41527368b2d92f007a2023b4 = isPositive_173aab3d41527368b2d92f007a2023b4 ? '#3AB53A' : '#D92C2D';\n\n  let data_173aab3d41527368b2d92f007a2023b4 = JSON.parse(data_json_173aab3d41527368b2d92f007a2023b4);\n\n  const result_173aab3d41527368b2d92f007a2023b4 = {\n    date: [],\n    value: [],\n  };\n\n  data_173aab3d41527368b2d92f007a2023b4.forEach((item) => {\n    result_173aab3d41527368b2d92f007a2023b4.date.push(item.date);\n    result_173aab3d41527368b2d92f007a2023b4.value.push(Number(item.value));\n  });\n\n  let option_173aab3d41527368b2d92f007a2023b4 = {\n    \/\/ variavel de cor global\n    color: [color_173aab3d41527368b2d92f007a2023b4],\n    title: {\n      text: '',\n    },\n    tooltip: {\n      trigger: 'axis',\n      axisPointer: {\n        type: 'cross',\n        label: {\n          \/\/ cor dos valores em X e Y\n          backgroundColor: color_173aab3d41527368b2d92f007a2023b4,\n          formatter: (value) => {\n            if (typeof value.value === 'number') {\n              return Number(value.value).toLocaleString('pt-br', {\n                style: 'currency',\n                currency: 'BRL'\n              });\n            }\n            return value.value;\n          },\n        },\n      },\n      valueFormatter: (value) => Number(value).toLocaleString('pt-br', {\n        style: 'currency',\n        currency: 'BRL'\n      }),\n    },\n    legend: {\n      \/\/ data: ['Valor de Fechamento'],\n      show: false,\n    },\n    toolbox: {\n      feature: {\n        saveAsImage: {\n          show: false,\n        },\n      },\n    },\n    grid: {\n      left: '0px',\n      right: '0px',\n      bottom: '0px',\n      containLabel: true,\n    },\n    xAxis: [{\n      type: 'category',\n      data: result_173aab3d41527368b2d92f007a2023b4.date,\n      boundaryGap: true,\n    }],\n    yAxis: [{\n      type: 'value',\n      min: Math.min(...result_173aab3d41527368b2d92f007a2023b4.value),\n      max: Math.max(...result_173aab3d41527368b2d92f007a2023b4.value),\n      axisLabel: {\n        formatter: (value) => value.toLocaleString('pt-br', {\n          style: 'currency',\n          currency: 'BRL'\n        }),\n      },\n    }],\n    series: [{\n      name: 'Valor de Fechamento',\n      type: 'line',\n      stack: 'Total',\n      \/\/ cor do grafico\n      areaStyle: {},\n      emphasis: {\n        focus: 'series',\n      },\n      data: result_173aab3d41527368b2d92f007a2023b4.value,\n      \/\/ cor da linha\n      lineStyle: {\n        color: color_173aab3d41527368b2d92f007a2023b4,\n      },\n    }, ],\n  };\n\n\twindow.chart_173aab3d41527368b2d92f007a2023b4 = {\n\t\tel: chart_173aab3d41527368b2d92f007a2023b4,\n\t\toption: option_173aab3d41527368b2d92f007a2023b4\t};\n\n\n<\/script>\n\n\n\n<p>Segundo a CVC, <strong>Jos\u00e9 Carlos Wollenweber<\/strong> deixa os cargos de diretor financeiro (CFO), de <a href=\"https:\/\/www.suno.com.br\/artigos\/relacoes-com-investidores\/\">rela\u00e7\u00f5es com investidores<\/a> (RI), de governan\u00e7a corporativa e compliance. Para os cargos de CFO e RI, Wollenweber ser\u00e1 substitu\u00eddo por <strong>Felipe Pinto Gomes<\/strong>, que tomar\u00e1 posse nos respectivos cargos no dia 1 de maio de 2024.<\/p>\n\n\n\n<figure class=\"wp-block-image size-full is-resized\"><img loading=\"lazy\" decoding=\"async\" src=\"https:\/\/files.sunoresearch.com.br\/n\/uploads\/2024\/04\/foto-Felipe-Gomes.jpg\" alt=\"\" class=\"wp-image-542144\" style=\"width:805px;height:805px\" width=\"805\" height=\"805\" srcset=\"https:\/\/files.sunoresearch.com.br\/n\/uploads\/2024\/04\/foto-Felipe-Gomes.jpg 800w, https:\/\/files.sunoresearch.com.br\/n\/uploads\/2024\/04\/foto-Felipe-Gomes-300x300.jpg 300w, https:\/\/files.sunoresearch.com.br\/n\/uploads\/2024\/04\/foto-Felipe-Gomes-150x150.jpg 150w, https:\/\/files.sunoresearch.com.br\/n\/uploads\/2024\/04\/foto-Felipe-Gomes-768x768.jpg 768w, https:\/\/files.sunoresearch.com.br\/n\/uploads\/2024\/04\/foto-Felipe-Gomes-96x96.jpg 96w\" sizes=\"(max-width: 805px) 100vw, 805px\" \/><figcaption class=\"wp-element-caption\">Felipe Gomes \u00e9 o novo <strong>CFO da\u00a0CVC<\/strong>\u00a0Corp. Foto: Divulga\u00e7\u00e3o\/CVC.<\/figcaption><\/figure>\n\n\n\n<p>J\u00e1 para o cargo em governan\u00e7a corporativa e compliance, <strong>Karin Regina Demarques Cruz<\/strong> tomou posse na segunda-feira (8).<\/p>\n\n\n\n<figure class=\"wp-block-image size-full\"><img loading=\"lazy\" decoding=\"async\" width=\"884\" height=\"989\" src=\"https:\/\/files.sunoresearch.com.br\/n\/uploads\/2024\/04\/Karin-Rocha.jpg\" alt=\"\" class=\"wp-image-542146\" srcset=\"https:\/\/files.sunoresearch.com.br\/n\/uploads\/2024\/04\/Karin-Rocha.jpg 884w, https:\/\/files.sunoresearch.com.br\/n\/uploads\/2024\/04\/Karin-Rocha-268x300.jpg 268w, https:\/\/files.sunoresearch.com.br\/n\/uploads\/2024\/04\/Karin-Rocha-768x859.jpg 768w, https:\/\/files.sunoresearch.com.br\/n\/uploads\/2024\/04\/Karin-Rocha-150x168.jpg 150w\" sizes=\"(max-width: 884px) 100vw, 884px\" \/><figcaption class=\"wp-element-caption\">Karin Regina \u00e9 a nova diretora de Jur\u00eddico e Compliance da\u00a0CVC\u00a0Corp. Foto: Divulga\u00e7\u00e3o\/CVC.<\/figcaption><\/figure>\n\n\n\n<h2 class=\"wp-block-heading\">Preju\u00edzo da CVC (CVCB3) cai 23% no 4T23, para R$ 74,5 milh\u00f5es, mas perdas aumentam no acumulado do ano<\/h2>\n\n\n\n<p>A CVC apresentou um preju\u00edzo l\u00edquido de R$ 456,9 milh\u00f5es \u2014 alta de 5,4% no comparativo com o ano anterior, segundo balan\u00e7o de resultados divulgado no fim de mar\u00e7o. <\/p>\n\n\n\n<p>Nos \u00faltimos tr\u00eas meses do ano, no entanto, as perdas reduziram 23% \u2014 indo de 96,8 milh\u00f5es no quarto trimestre de 2022 para um preju\u00edzo de R$ 74,5 milh\u00f5es.<\/p>\n\n\n\n<p>A receita l\u00edquida da CVC apresentou um crescimento de 9,6% no trimestre ante ao mesmo per\u00edodo do ano anterior \u2014 a R$ 352,2 milh\u00f5es. Segundo a administra\u00e7\u00e3o, o resultado da CVC no 4T23 se deve ao aumento de vendas diretas ao consumidor (B2C) e a opera\u00e7\u00e3o argentina. No ano, a linha do balan\u00e7o cresceu 5,8% (R$ 1,2 bilh\u00e3o).<\/p>\n\n\n\n<p>O Ebitda (lucro antes de juros, impostos, <a href=\"https:\/\/www.suno.com.br\/artigos\/depreciacao-amortizacao\/\">deprecia\u00e7\u00e3o e amortiza\u00e7\u00e3o<\/a>, na sigla em ingl\u00eas) apresentou queda de 34,3% no trimestre. No ano, o recuo foi de 46,9%, a R$ 88 milh\u00f5es.<\/p>\n\n\n\n<p>J\u00e1 o <a href=\"https:\/\/www.suno.com.br\/artigos\/ebitda-ajustado\/\">Ebitda ajustado<\/a>, com desconto de <a href=\"https:\/\/www.suno.com.br\/artigos\/despesas-financeiras\/\">despesas financeiras<\/a> e eventos n\u00e3o recorrentes, a CVC mostrou recupera\u00e7\u00e3o. Entre 2022 e 2023, o crescimento foi de 165,8% \u2014 a R$ 193 mi.<\/p>\n\n\n\t<p>\n\t\t<a href=\"https:\/\/lp.suno.com.br\/ebook-como-analisar-uma-acao\/\" target=\"_blank\" data-element=\"shortcode-suno-banner\" title=\"Banner SUNO, clique e saiba mais\">\n\t\t\t<picture>\n\t\t\t\t<source media=\"(max-width: 500px)\" srcset=\"https:\/\/files.sunoresearch.com.br\/n\/uploads\/2023\/03\/Ebook-Acoes-Mobile.jpg\">\n\t\t\t\t<img class=\"newsContent__article__imgCapa newsContent__article__imgCapa--banner\"\n\t\t\t\t\tsrc=\"https:\/\/files.sunoresearch.com.br\/n\/uploads\/2023\/03\/Ebook-Acoes-Desktop.jpg\"\n\t\t\t\t\tdata-promo-id=\"378302\"\t\t\t\t\t\t\t\t\t\twidth='1420' height='286'\t\t\t\t\talt=\"https:\/\/files.sunoresearch.com.br\/n\/uploads\/2023\/03\/Ebook-Acoes-Desktop.jpg\"\n\t\t\t\t>\n\t\t\t<\/picture>\n\t\t<\/a>\n\t<\/p>\n\n\n\n\n\n<h2 class=\"wp-block-heading\">CVC: d\u00edvida cai ante o 3T23<\/h2>\n\n\n\n<p>No release de resultados da CVC, a companhia exaltou o trabalho da nova gest\u00e3o \u2014 com a volta da fam\u00edlia fundadora Paulus como acionista estrat\u00e9gico. O ano foi marcado por mudan\u00e7as na <a href=\"https:\/\/www.suno.com.br\/artigos\/indicadores-estrutura-capital\/\">estrutura de capital<\/a>, realiza\u00e7\u00e3o de um follow on que levantou R$ 550 milh\u00f5es \u2014 acima das expectativas \u2014, e uma estrat\u00e9gia focada na diversifica\u00e7\u00e3o dos canais de atendimento digital e offline.<\/p>\n\n\n\n<p>Com grande foco na sua reestrutura\u00e7\u00e3o de capital ao longo do ano, a empresa viu a sua <a href=\"https:\/\/www.suno.com.br\/artigos\/divida-liquida\/\">d\u00edvida l\u00edquida<\/a> cair de R$ 224,9 milh\u00f5es no comparativo com o terceiro trimestre \u2014 indo a R$ 414, 3 milh\u00f5es.<\/p>\n\n\n\n<p>Com rela\u00e7\u00e3o \u00e0s <a href=\"https:\/\/www.suno.com.br\/artigos\/despesas-operacionais\/\">despesas operacionais<\/a>, a companhia viu um crescimento de 25% no comparativo do 4T23 da CVC com o 4T22 \u2014 a R$ 297,9 milh\u00f5es, com R$ 32,3 mi vindo de eventos n\u00e3o-recorrentes. J\u00e1 as despesas gerais e administrativas tiveram queda de 28,7% entre outubro e dezembro.<\/p>\n\n\n\n<p>Para a gest\u00e3o da empresa, a redu\u00e7\u00e3o se deve a melhorias estruturais e revis\u00e3o de contratos feitos no per\u00edodo.<\/p>\n\n\n\n<p>A companhia de turismo registrou um crescimento de 9,1% em suas reservas confirmadas nos \u00faltimos tr\u00eas meses do ano, empurrada pelas vendas realizadas ao longo da Black Friday. Em 2023, o \u00edndice foi de 10,4%.<\/p>\n\n\n\n<p>Foco da administra\u00e7\u00e3o nos \u00faltimos trimestre, a rede de lojas f\u00edsicas da <strong>CVC <\/strong>seguiu crescendo \u2014 no 4T23, foram abertas 42 novas unidades, enquanto 26 foram encerradas.<\/p>\n\n\n\t<p>\n\t\t<a href=\"https:\/\/lp.suno.com.br\/planilha-da-vida-financeira\/\" target=\"_blank\" data-element=\"shortcode-suno-banner\" title=\"Banner SUNO, clique e saiba mais\">\n\t\t\t<picture>\n\t\t\t\t<source media=\"(max-width: 500px)\" srcset=\"https:\/\/files.sunoresearch.com.br\/n\/uploads\/2023\/04\/400x300-Planilha-vida-financeira-true.png\">\n\t\t\t\t<img class=\"newsContent__article__imgCapa newsContent__article__imgCapa--banner\"\n\t\t\t\t\tsrc=\"https:\/\/files.sunoresearch.com.br\/n\/uploads\/2023\/04\/1420x240-Planilha-vida-financeira-true.png\"\n\t\t\t\t\tdata-promo-id=\"383123\"\t\t\t\t\t\t\t\t\t\twidth='1420' height='240'\t\t\t\t\talt=\"https:\/\/files.sunoresearch.com.br\/n\/uploads\/2023\/04\/1420x240-Planilha-vida-financeira-true.png\"\n\t\t\t\t>\n\t\t\t<\/picture>\n\t\t<\/a>\n\t<\/p>\n\n\n","protected":false},"excerpt":{"rendered":"<p>A CVC (CVCB3) comunicou nesta segunda-feira (8) mudan\u00e7as relativas aos cargos de diretor financeiro (CFO), rela\u00e7\u00f5es com investidores (RI) e compliance. As a\u00e7\u00f5es da companhia lideram perdas nesta ter\u00e7a-feira (9) no Ibovespa. CVC (CVCB3). Foto: Divulga\u00e7\u00e3o No intradia, as a\u00e7\u00f5es CVCB3 ca\u00edam 3,37%, cotadas a R$ 2,58. No m\u00eas, os pap\u00e9is da CVC caem 9,65% [&hellip;]<\/p>\n","protected":false},"author":313,"featured_media":402725,"comment_status":"closed","ping_status":"closed","sticky":false,"template":"","format":"standard","meta":[],"categories":[64],"tags":[442],"suno_strategy":[],"class_list":["post-542133","post","type-post","status-publish","format-standard","has-post-thumbnail","hentry","category-negocios","tag-cvc-cvcb3"],"yoast_head":"<!-- This site is optimized with the Yoast SEO plugin v24.4 - https:\/\/yoast.com\/wordpress\/plugins\/seo\/ -->\n<title>CVC (CVCB3) anuncia mudan\u00e7as em alto escal\u00e3o; a\u00e7\u00f5es caem<\/title>\n<meta name=\"description\" content=\"A CVC comunicou mudan\u00e7as relativas aos cargos de diretor financeiro (CFO), RI e compliance. Confira os novos diretores da CVC.\" \/>\n<meta name=\"robots\" content=\"index, follow, max-snippet:-1, max-image-preview:large, max-video-preview:-1\" \/>\n<link rel=\"canonical\" href=\"https:\/\/www.suno.com.br\/noticias\/cvc-cvcb3-mudancas-diretoria-acoes-caem-gpj\/\" \/>\n<meta property=\"og:locale\" content=\"pt_BR\" \/>\n<meta property=\"og:type\" content=\"article\" \/>\n<meta property=\"og:title\" content=\"CVC (CVCB3) anuncia mudan\u00e7as em alto escal\u00e3o; a\u00e7\u00f5es caem\" \/>\n<meta property=\"og:description\" content=\"A CVC comunicou mudan\u00e7as relativas aos cargos de diretor financeiro (CFO), RI e compliance. Confira os novos diretores da CVC.\" \/>\n<meta property=\"og:url\" content=\"https:\/\/www.suno.com.br\/noticias\/cvc-cvcb3-mudancas-diretoria-acoes-caem-gpj\/\" \/>\n<meta property=\"og:site_name\" content=\"Suno Not\u00edcias\" \/>\n<meta property=\"article:publisher\" content=\"https:\/\/facebook.com\/sunoresearch\" \/>\n<meta property=\"og:image\" content=\"https:\/\/files.sunoresearch.com.br\/n\/uploads\/2023\/05\/cvc-cvcb3-escritorio-empresa-foto-divulgacao.jpg\" \/>\n\t<meta property=\"og:image:width\" content=\"1200\" \/>\n\t<meta property=\"og:image:height\" content=\"675\" \/>\n\t<meta property=\"og:image:type\" content=\"image\/jpeg\" \/>\n<meta name=\"author\" content=\"Giovanni Porf\u00edrio Jacomino\" \/>\n<meta name=\"twitter:card\" content=\"summary_large_image\" \/>\n<meta name=\"twitter:creator\" content=\"@sunoresearch\" \/>\n<meta name=\"twitter:site\" content=\"@sunoresearch\" \/>\n<meta name=\"twitter:label1\" content=\"Escrito por\" \/>\n\t<meta name=\"twitter:data1\" content=\"Giovanni Porf\u00edrio Jacomino\" \/>\n\t<meta name=\"twitter:label2\" content=\"Est. tempo de leitura\" \/>\n\t<meta name=\"twitter:data2\" content=\"4 minutos\" \/>\n<script type=\"application\/ld+json\" class=\"yoast-schema-graph\">{\"@context\":\"https:\/\/schema.org\",\"@graph\":[{\"@type\":\"NewsArticle\",\"@id\":\"https:\/\/www.suno.com.br\/noticias\/cvc-cvcb3-mudancas-diretoria-acoes-caem-gpj\/#article\",\"isPartOf\":{\"@id\":\"https:\/\/www.suno.com.br\/noticias\/cvc-cvcb3-mudancas-diretoria-acoes-caem-gpj\/\"},\"author\":{\"name\":\"Giovanni Porf\u00edrio Jacomino\",\"@id\":\"https:\/\/www.suno.com.br\/noticias\/#\/schema\/person\/d0f32748bbca4bee871fa191ee4e2d40\"},\"headline\":\"CVC (CVCB3) anuncia mudan\u00e7as em alto escal\u00e3o e a\u00e7\u00f5es caem no Ibovespa\",\"datePublished\":\"2024-04-09T15:13:17+00:00\",\"dateModified\":\"2024-04-09T15:13:25+00:00\",\"mainEntityOfPage\":{\"@id\":\"https:\/\/www.suno.com.br\/noticias\/cvc-cvcb3-mudancas-diretoria-acoes-caem-gpj\/\"},\"wordCount\":624,\"publisher\":{\"@id\":\"https:\/\/www.suno.com.br\/noticias\/#organization\"},\"image\":{\"@id\":\"https:\/\/www.suno.com.br\/noticias\/cvc-cvcb3-mudancas-diretoria-acoes-caem-gpj\/#primaryimage\"},\"thumbnailUrl\":\"https:\/\/files.sunoresearch.com.br\/n\/uploads\/2023\/05\/cvc-cvcb3-escritorio-empresa-foto-divulgacao.jpg\",\"keywords\":[\"CVC (CVCB3)\"],\"articleSection\":[\"Neg\u00f3cios\"],\"inLanguage\":\"pt-BR\"},{\"@type\":\"WebPage\",\"@id\":\"https:\/\/www.suno.com.br\/noticias\/cvc-cvcb3-mudancas-diretoria-acoes-caem-gpj\/\",\"url\":\"https:\/\/www.suno.com.br\/noticias\/cvc-cvcb3-mudancas-diretoria-acoes-caem-gpj\/\",\"name\":\"CVC (CVCB3) anuncia mudan\u00e7as em alto escal\u00e3o; a\u00e7\u00f5es caem\",\"isPartOf\":{\"@id\":\"https:\/\/www.suno.com.br\/noticias\/#website\"},\"primaryImageOfPage\":{\"@id\":\"https:\/\/www.suno.com.br\/noticias\/cvc-cvcb3-mudancas-diretoria-acoes-caem-gpj\/#primaryimage\"},\"image\":{\"@id\":\"https:\/\/www.suno.com.br\/noticias\/cvc-cvcb3-mudancas-diretoria-acoes-caem-gpj\/#primaryimage\"},\"thumbnailUrl\":\"https:\/\/files.sunoresearch.com.br\/n\/uploads\/2023\/05\/cvc-cvcb3-escritorio-empresa-foto-divulgacao.jpg\",\"datePublished\":\"2024-04-09T15:13:17+00:00\",\"dateModified\":\"2024-04-09T15:13:25+00:00\",\"description\":\"A CVC comunicou mudan\u00e7as relativas aos cargos de diretor financeiro (CFO), RI e compliance. Confira os novos diretores da CVC.\",\"breadcrumb\":{\"@id\":\"https:\/\/www.suno.com.br\/noticias\/cvc-cvcb3-mudancas-diretoria-acoes-caem-gpj\/#breadcrumb\"},\"inLanguage\":\"pt-BR\",\"potentialAction\":[{\"@type\":\"ReadAction\",\"target\":[\"https:\/\/www.suno.com.br\/noticias\/cvc-cvcb3-mudancas-diretoria-acoes-caem-gpj\/\"]}]},{\"@type\":\"ImageObject\",\"inLanguage\":\"pt-BR\",\"@id\":\"https:\/\/www.suno.com.br\/noticias\/cvc-cvcb3-mudancas-diretoria-acoes-caem-gpj\/#primaryimage\",\"url\":\"https:\/\/files.sunoresearch.com.br\/n\/uploads\/2023\/05\/cvc-cvcb3-escritorio-empresa-foto-divulgacao.jpg\",\"contentUrl\":\"https:\/\/files.sunoresearch.com.br\/n\/uploads\/2023\/05\/cvc-cvcb3-escritorio-empresa-foto-divulgacao.jpg\",\"width\":1200,\"height\":675,\"caption\":\"CVC (CVCB3). Foto: Divulga\u00e7\u00e3o\"},{\"@type\":\"BreadcrumbList\",\"@id\":\"https:\/\/www.suno.com.br\/noticias\/cvc-cvcb3-mudancas-diretoria-acoes-caem-gpj\/#breadcrumb\",\"itemListElement\":[{\"@type\":\"ListItem\",\"position\":1,\"name\":\"Not\u00edcias\",\"item\":\"https:\/\/www.suno.com.br\/noticias\/\"},{\"@type\":\"ListItem\",\"position\":2,\"name\":\"Neg\u00f3cios\",\"item\":\"https:\/\/www.suno.com.br\/noticias\/negocios\/\"},{\"@type\":\"ListItem\",\"position\":3,\"name\":\"CVC (CVCB3) anuncia mudan\u00e7as em alto escal\u00e3o e a\u00e7\u00f5es caem no Ibovespa\"}]},{\"@type\":\"WebSite\",\"@id\":\"https:\/\/www.suno.com.br\/noticias\/#website\",\"url\":\"https:\/\/www.suno.com.br\/noticias\/\",\"name\":\"Suno Not\u00edcias\",\"description\":\"Seu portal de informa\u00e7\u00e3o sobre o mundo dos investimentos\",\"publisher\":{\"@id\":\"https:\/\/www.suno.com.br\/noticias\/#organization\"},\"potentialAction\":[{\"@type\":\"SearchAction\",\"target\":{\"@type\":\"EntryPoint\",\"urlTemplate\":\"https:\/\/www.suno.com.br\/noticias\/?s={search_term_string}\"},\"query-input\":{\"@type\":\"PropertyValueSpecification\",\"valueRequired\":true,\"valueName\":\"search_term_string\"}}],\"inLanguage\":\"pt-BR\"},{\"@type\":\"Organization\",\"@id\":\"https:\/\/www.suno.com.br\/noticias\/#organization\",\"name\":\"Suno Not\u00edcias\",\"url\":\"https:\/\/www.suno.com.br\/noticias\/\",\"logo\":{\"@type\":\"ImageObject\",\"inLanguage\":\"pt-BR\",\"@id\":\"https:\/\/www.suno.com.br\/noticias\/#\/schema\/logo\/image\/\",\"url\":\"https:\/\/files.sunoresearch.com.br\/n\/uploads\/2021\/09\/suno-logo.png\",\"contentUrl\":\"https:\/\/files.sunoresearch.com.br\/n\/uploads\/2021\/09\/suno-logo.png\",\"width\":180,\"height\":180,\"caption\":\"Suno Not\u00edcias\"},\"image\":{\"@id\":\"https:\/\/www.suno.com.br\/noticias\/#\/schema\/logo\/image\/\"},\"sameAs\":[\"https:\/\/facebook.com\/sunoresearch\",\"https:\/\/x.com\/sunoresearch\",\"https:\/\/www.instagram.com\/suno\",\"https:\/\/www.linkedin.com\/company\/suno-research\/\",\"https:\/\/www.youtube.com\/c\/sunoresearch\"]},{\"@type\":\"Person\",\"@id\":\"https:\/\/www.suno.com.br\/noticias\/#\/schema\/person\/d0f32748bbca4bee871fa191ee4e2d40\",\"name\":\"Giovanni Porf\u00edrio Jacomino\",\"image\":{\"@type\":\"ImageObject\",\"inLanguage\":\"pt-BR\",\"@id\":\"https:\/\/www.suno.com.br\/noticias\/#\/schema\/person\/image\/\",\"url\":\"https:\/\/secure.gravatar.com\/avatar\/efb32e19b730a121cb7a80f41ffec01a?s=96&r=g\",\"contentUrl\":\"https:\/\/secure.gravatar.com\/avatar\/efb32e19b730a121cb7a80f41ffec01a?s=96&r=g\",\"caption\":\"Giovanni Porf\u00edrio Jacomino\"},\"description\":\"Giovanni Porf\u00edrio Jacomino \u00e9 jornalista formado pela Universidade Estadual de Londrina (UEL) e p\u00f3s-graduado em Produ\u00e7\u00e3o e Pr\u00e1ticas Jornal\u00edsticas na Contemporaneidade na Faculdade C\u00e1sper L\u00edbero (FCL). Foi editor web no Startupi e no Finsiders, atuando ainda como editor no TC Mover, portal de not\u00edcias da TradersClub, fazendo a cobertura de assuntos relacionados ao mercado financeiro interno e externo. Atualmente, \u00e9 Rep\u00f3rter do Suno Not\u00edcias.\",\"url\":\"https:\/\/www.suno.com.br\/noticias\/author\/giovanni-porfiriosuno-com-br\/\"}]}<\/script>\n<!-- \/ Yoast SEO plugin. -->","yoast_head_json":{"title":"CVC (CVCB3) anuncia mudan\u00e7as em alto escal\u00e3o; a\u00e7\u00f5es caem","description":"A CVC comunicou mudan\u00e7as relativas aos cargos de diretor financeiro (CFO), RI e compliance. Confira os novos diretores da CVC.","robots":{"index":"index","follow":"follow","max-snippet":"max-snippet:-1","max-image-preview":"max-image-preview:large","max-video-preview":"max-video-preview:-1"},"canonical":"https:\/\/www.suno.com.br\/noticias\/cvc-cvcb3-mudancas-diretoria-acoes-caem-gpj\/","og_locale":"pt_BR","og_type":"article","og_title":"CVC (CVCB3) anuncia mudan\u00e7as em alto escal\u00e3o; a\u00e7\u00f5es caem","og_description":"A CVC comunicou mudan\u00e7as relativas aos cargos de diretor financeiro (CFO), RI e compliance. Confira os novos diretores da CVC.","og_url":"https:\/\/www.suno.com.br\/noticias\/cvc-cvcb3-mudancas-diretoria-acoes-caem-gpj\/","og_site_name":"Suno Not\u00edcias","article_publisher":"https:\/\/facebook.com\/sunoresearch","og_image":[{"width":1200,"height":675,"url":"https:\/\/files.sunoresearch.com.br\/n\/uploads\/2023\/05\/cvc-cvcb3-escritorio-empresa-foto-divulgacao.jpg","type":"image\/jpeg"}],"author":"Giovanni Porf\u00edrio Jacomino","twitter_card":"summary_large_image","twitter_creator":"@sunoresearch","twitter_site":"@sunoresearch","twitter_misc":{"Escrito por":"Giovanni Porf\u00edrio Jacomino","Est. tempo de leitura":"4 minutos"},"schema":{"@context":"https:\/\/schema.org","@graph":[{"@type":"NewsArticle","@id":"https:\/\/www.suno.com.br\/noticias\/cvc-cvcb3-mudancas-diretoria-acoes-caem-gpj\/#article","isPartOf":{"@id":"https:\/\/www.suno.com.br\/noticias\/cvc-cvcb3-mudancas-diretoria-acoes-caem-gpj\/"},"author":{"name":"Giovanni Porf\u00edrio Jacomino","@id":"https:\/\/www.suno.com.br\/noticias\/#\/schema\/person\/d0f32748bbca4bee871fa191ee4e2d40"},"headline":"CVC (CVCB3) anuncia mudan\u00e7as em alto escal\u00e3o e a\u00e7\u00f5es caem no Ibovespa","datePublished":"2024-04-09T15:13:17+00:00","dateModified":"2024-04-09T15:13:25+00:00","mainEntityOfPage":{"@id":"https:\/\/www.suno.com.br\/noticias\/cvc-cvcb3-mudancas-diretoria-acoes-caem-gpj\/"},"wordCount":624,"publisher":{"@id":"https:\/\/www.suno.com.br\/noticias\/#organization"},"image":{"@id":"https:\/\/www.suno.com.br\/noticias\/cvc-cvcb3-mudancas-diretoria-acoes-caem-gpj\/#primaryimage"},"thumbnailUrl":"https:\/\/files.sunoresearch.com.br\/n\/uploads\/2023\/05\/cvc-cvcb3-escritorio-empresa-foto-divulgacao.jpg","keywords":["CVC (CVCB3)"],"articleSection":["Neg\u00f3cios"],"inLanguage":"pt-BR"},{"@type":"WebPage","@id":"https:\/\/www.suno.com.br\/noticias\/cvc-cvcb3-mudancas-diretoria-acoes-caem-gpj\/","url":"https:\/\/www.suno.com.br\/noticias\/cvc-cvcb3-mudancas-diretoria-acoes-caem-gpj\/","name":"CVC (CVCB3) anuncia mudan\u00e7as em alto escal\u00e3o; a\u00e7\u00f5es caem","isPartOf":{"@id":"https:\/\/www.suno.com.br\/noticias\/#website"},"primaryImageOfPage":{"@id":"https:\/\/www.suno.com.br\/noticias\/cvc-cvcb3-mudancas-diretoria-acoes-caem-gpj\/#primaryimage"},"image":{"@id":"https:\/\/www.suno.com.br\/noticias\/cvc-cvcb3-mudancas-diretoria-acoes-caem-gpj\/#primaryimage"},"thumbnailUrl":"https:\/\/files.sunoresearch.com.br\/n\/uploads\/2023\/05\/cvc-cvcb3-escritorio-empresa-foto-divulgacao.jpg","datePublished":"2024-04-09T15:13:17+00:00","dateModified":"2024-04-09T15:13:25+00:00","description":"A CVC comunicou mudan\u00e7as relativas aos cargos de diretor financeiro (CFO), RI e compliance. Confira os novos diretores da CVC.","breadcrumb":{"@id":"https:\/\/www.suno.com.br\/noticias\/cvc-cvcb3-mudancas-diretoria-acoes-caem-gpj\/#breadcrumb"},"inLanguage":"pt-BR","potentialAction":[{"@type":"ReadAction","target":["https:\/\/www.suno.com.br\/noticias\/cvc-cvcb3-mudancas-diretoria-acoes-caem-gpj\/"]}]},{"@type":"ImageObject","inLanguage":"pt-BR","@id":"https:\/\/www.suno.com.br\/noticias\/cvc-cvcb3-mudancas-diretoria-acoes-caem-gpj\/#primaryimage","url":"https:\/\/files.sunoresearch.com.br\/n\/uploads\/2023\/05\/cvc-cvcb3-escritorio-empresa-foto-divulgacao.jpg","contentUrl":"https:\/\/files.sunoresearch.com.br\/n\/uploads\/2023\/05\/cvc-cvcb3-escritorio-empresa-foto-divulgacao.jpg","width":1200,"height":675,"caption":"CVC (CVCB3). Foto: Divulga\u00e7\u00e3o"},{"@type":"BreadcrumbList","@id":"https:\/\/www.suno.com.br\/noticias\/cvc-cvcb3-mudancas-diretoria-acoes-caem-gpj\/#breadcrumb","itemListElement":[{"@type":"ListItem","position":1,"name":"Not\u00edcias","item":"https:\/\/www.suno.com.br\/noticias\/"},{"@type":"ListItem","position":2,"name":"Neg\u00f3cios","item":"https:\/\/www.suno.com.br\/noticias\/negocios\/"},{"@type":"ListItem","position":3,"name":"CVC (CVCB3) anuncia mudan\u00e7as em alto escal\u00e3o e a\u00e7\u00f5es caem no Ibovespa"}]},{"@type":"WebSite","@id":"https:\/\/www.suno.com.br\/noticias\/#website","url":"https:\/\/www.suno.com.br\/noticias\/","name":"Suno Not\u00edcias","description":"Seu portal de informa\u00e7\u00e3o sobre o mundo dos investimentos","publisher":{"@id":"https:\/\/www.suno.com.br\/noticias\/#organization"},"potentialAction":[{"@type":"SearchAction","target":{"@type":"EntryPoint","urlTemplate":"https:\/\/www.suno.com.br\/noticias\/?s={search_term_string}"},"query-input":{"@type":"PropertyValueSpecification","valueRequired":true,"valueName":"search_term_string"}}],"inLanguage":"pt-BR"},{"@type":"Organization","@id":"https:\/\/www.suno.com.br\/noticias\/#organization","name":"Suno Not\u00edcias","url":"https:\/\/www.suno.com.br\/noticias\/","logo":{"@type":"ImageObject","inLanguage":"pt-BR","@id":"https:\/\/www.suno.com.br\/noticias\/#\/schema\/logo\/image\/","url":"https:\/\/files.sunoresearch.com.br\/n\/uploads\/2021\/09\/suno-logo.png","contentUrl":"https:\/\/files.sunoresearch.com.br\/n\/uploads\/2021\/09\/suno-logo.png","width":180,"height":180,"caption":"Suno Not\u00edcias"},"image":{"@id":"https:\/\/www.suno.com.br\/noticias\/#\/schema\/logo\/image\/"},"sameAs":["https:\/\/facebook.com\/sunoresearch","https:\/\/x.com\/sunoresearch","https:\/\/www.instagram.com\/suno","https:\/\/www.linkedin.com\/company\/suno-research\/","https:\/\/www.youtube.com\/c\/sunoresearch"]},{"@type":"Person","@id":"https:\/\/www.suno.com.br\/noticias\/#\/schema\/person\/d0f32748bbca4bee871fa191ee4e2d40","name":"Giovanni Porf\u00edrio Jacomino","image":{"@type":"ImageObject","inLanguage":"pt-BR","@id":"https:\/\/www.suno.com.br\/noticias\/#\/schema\/person\/image\/","url":"https:\/\/secure.gravatar.com\/avatar\/efb32e19b730a121cb7a80f41ffec01a?s=96&r=g","contentUrl":"https:\/\/secure.gravatar.com\/avatar\/efb32e19b730a121cb7a80f41ffec01a?s=96&r=g","caption":"Giovanni Porf\u00edrio Jacomino"},"description":"Giovanni Porf\u00edrio Jacomino \u00e9 jornalista formado pela Universidade Estadual de Londrina (UEL) e p\u00f3s-graduado em Produ\u00e7\u00e3o e Pr\u00e1ticas Jornal\u00edsticas na Contemporaneidade na Faculdade C\u00e1sper L\u00edbero (FCL). Foi editor web no Startupi e no Finsiders, atuando ainda como editor no TC Mover, portal de not\u00edcias da TradersClub, fazendo a cobertura de assuntos relacionados ao mercado financeiro interno e externo. Atualmente, \u00e9 Rep\u00f3rter do Suno Not\u00edcias.","url":"https:\/\/www.suno.com.br\/noticias\/author\/giovanni-porfiriosuno-com-br\/"}]}},"default_loop_html":"<div class=\"cardsPage__listCard__boxs\"><div class=\"cardsPage__listCard__boxs__img\"><a href=\"https:\/\/www.suno.com.br\/noticias\/cvc-cvcb3-mudancas-diretoria-acoes-caem-gpj\/\"><img class=\"mask\" src=\"https:\/\/www.suno.com.br\/noticias\/wp-content\/themes\/suno\/resources\/images\/spotlight\/spotlight1img\/bg-mask.png\" alt=\"Image Mask\"\/><img src=\"https:\/\/files.sunoresearch.com.br\/n\/uploads\/2023\/05\/cvc-cvcb3-escritorio-empresa-foto-divulgacao-400x200.jpg\" alt=\"CVC (CVCB3) anuncia mudan\u00e7as em alto escal\u00e3o e a\u00e7\u00f5es caem no Ibovespa\"\/><\/a><span class=\"spotlightCategory\"><a href=\"https:\/\/www.suno.com.br\/noticias\/negocios\/\">Neg\u00f3cios<\/a><\/span><\/div><div class=\"cardsPage__listCard__boxs__content\"><a href=\"https:\/\/www.suno.com.br\/noticias\/cvc-cvcb3-mudancas-diretoria-acoes-caem-gpj\/\"><h2 class=\"content__title\">CVC (CVCB3) anuncia mudan\u00e7as em alto escal\u00e3o e a\u00e7\u00f5es caem no Ibovespa<\/h2><\/a><div class=\"newsContent__article__meta\"><div class=\"newsContent__article__meta__authorBox\"><a href=\"https:\/\/www.suno.com.br\/noticias\/author\/giovanni-porfiriosuno-com-br\/\" class=\"authorBox__avatar noMobi\"><img src=\"https:\/\/files.sunoresearch.com.br\/n\/uploads\/2024\/05\/DSCF4115-1-1-150x150.webp\" alt=\"Giovanni Porf\u00edrio Jacomino\"><\/a><div class=\"authorBox__name\"><span>por\n\t\t\t<a href=\"https:\/\/www.suno.com.br\/noticias\/author\/giovanni-porfiriosuno-com-br\/\"><span itemprop=\"author\">Giovanni Porf\u00edrio Jacomino<\/span><\/a><\/span><time datetime=\"2024-04-09T12:13:17-03:00\" itemprop=\"datePublished\">09\/04\/2024 12:13<\/time><\/div><\/div><\/div><\/div><\/div>","single_layout":"posts","amp_enabled":true,"_links":{"self":[{"href":"https:\/\/www.suno.com.br\/noticias\/wp-json\/wp\/v2\/posts\/542133"}],"collection":[{"href":"https:\/\/www.suno.com.br\/noticias\/wp-json\/wp\/v2\/posts"}],"about":[{"href":"https:\/\/www.suno.com.br\/noticias\/wp-json\/wp\/v2\/types\/post"}],"author":[{"embeddable":true,"href":"https:\/\/www.suno.com.br\/noticias\/wp-json\/wp\/v2\/users\/313"}],"replies":[{"embeddable":true,"href":"https:\/\/www.suno.com.br\/noticias\/wp-json\/wp\/v2\/comments?post=542133"}],"version-history":[{"count":3,"href":"https:\/\/www.suno.com.br\/noticias\/wp-json\/wp\/v2\/posts\/542133\/revisions"}],"predecessor-version":[{"id":542165,"href":"https:\/\/www.suno.com.br\/noticias\/wp-json\/wp\/v2\/posts\/542133\/revisions\/542165"}],"wp:featuredmedia":[{"embeddable":true,"href":"https:\/\/www.suno.com.br\/noticias\/wp-json\/wp\/v2\/media\/402725"}],"wp:attachment":[{"href":"https:\/\/www.suno.com.br\/noticias\/wp-json\/wp\/v2\/media?parent=542133"}],"wp:term":[{"taxonomy":"category","embeddable":true,"href":"https:\/\/www.suno.com.br\/noticias\/wp-json\/wp\/v2\/categories?post=542133"},{"taxonomy":"post_tag","embeddable":true,"href":"https:\/\/www.suno.com.br\/noticias\/wp-json\/wp\/v2\/tags?post=542133"},{"taxonomy":"suno_strategy","embeddable":true,"href":"https:\/\/www.suno.com.br\/noticias\/wp-json\/wp\/v2\/suno_strategy?post=542133"}],"curies":[{"name":"wp","href":"https:\/\/api.w.org\/{rel}","templated":true}]}}