{"id":542111,"date":"2024-04-09T12:10:14","date_gmt":"2024-04-09T15:10:14","guid":{"rendered":"https:\/\/www.suno.com.br\/noticias\/?p=542111"},"modified":"2024-04-09T12:10:23","modified_gmt":"2024-04-09T15:10:23","slug":"oi-oibr3-sabesp-sbsp3-destaques-va","status":"publish","type":"post","link":"https:\/\/www.suno.com.br\/noticias\/oi-oibr3-sabesp-sbsp3-destaques-va\/","title":{"rendered":"Oi (OIBR3), Sabesp (SBSP3) e CVC (CVCB3) aquecem o mercado nesta ter\u00e7a-feira; veja mais destaques"},"content":{"rendered":"<p>A informa\u00e7\u00e3o de que a <strong>Oi <\/strong>(OIBR3)<strong> <\/strong>adiou a assembleia de credores para 17 de abril \u00e9 um dos destaques desta ter\u00e7a-feira (09).\u00a0<\/p>\t<div class=\"wrapper-featured-image\">\n\t\t<figure class=\"spotlightImg\">\n\n\t\t\t<picture>\n\t\t\t\t<source media=\"(max-width: 768px)\" srcset=\"https:\/\/files.sunoresearch.com.br\/n\/uploads\/2024\/04\/iStock-1194088877-400x200.jpg\">\n\t\t\t\t<img loading=\"lazy\" decoding=\"async\" class=\"newsContent__article__imgCapa lazyloadDisabled \" src=\"https:\/\/files.sunoresearch.com.br\/n\/uploads\/2024\/04\/iStock-1194088877-800x450.jpg\" width=\"800\" height=\"450\" alt=\"Oi (OIBR3), Sabesp (SBSP3) e CVC (CVCB3) aquecem o mercado nesta ter\u00e7a-feira; veja mais destaques\" fetchpriority=high \/>\n\t\t\t<\/picture>\n\n\t\t\t<figcaption class=\"wp-caption-text wp-caption-text--show\">Oi (OIBR3), Sabesp (SBSP3) e CVC (CVCB3) aquecem o mercado. Foto: iStock<\/figcaption>\n\t\t<\/figure>\n\t<\/div>\n\n\n\n\n\n\t<p>\n\t\t<a href=\"https:\/\/lp.suno.com.br\/planilha-da-vida-financeira\/\" target=\"_blank\" data-element=\"shortcode-suno-banner\" title=\"Banner SUNO, clique e saiba mais\">\n\t\t\t<picture>\n\t\t\t\t<source media=\"(max-width: 500px)\" srcset=\"https:\/\/files.sunoresearch.com.br\/n\/uploads\/2023\/04\/400x300-Planilha-vida-financeira-true.png\">\n\t\t\t\t<img class=\"newsContent__article__imgCapa newsContent__article__imgCapa--banner\"\n\t\t\t\t\tsrc=\"https:\/\/files.sunoresearch.com.br\/n\/uploads\/2023\/04\/1420x240-Planilha-vida-financeira-true.png\"\n\t\t\t\t\tdata-promo-id=\"106682\"\t\t\t\t\t\t\t\t\t\twidth='1420' height='240'\t\t\t\t\talt=\"https:\/\/files.sunoresearch.com.br\/n\/uploads\/2023\/04\/1420x240-Planilha-vida-financeira-true.png\"\n\t\t\t\t>\n\t\t\t<\/picture>\n\t\t<\/a>\n\t<\/p>\n\n\n\n\n\n<p>Tamb\u00e9m est\u00e1 entre os <strong>destaques do mercado financeiro<\/strong> a <a class=\"suno-keyword\" target=\"_blank\" data-force=\"yes\" data-priority=\"2\" href=\"https:\/\/www.suno.com.br\/acoes\/SBSP3\/\" rel=\"noopener\">Sabesp (SBSP3)<\/a>, ap\u00f3s realizar reajuste tarif\u00e1rio acima do esperado.&nbsp;<\/p>\n\n\n\n<p>A <a class=\"suno-keyword\" data-force=\"yes\" data-priority=\"2\" href=\"https:\/\/www.suno.com.br\/acoes\/CVCB3\/\" target=\"_blank\" rel=\"noopener\">CVC (CVCB3)<\/a> \u00e9 outra empresa no radar dos investidores hoje, depois de anunciar o novo diretor financeiro.\u00a0<\/p>\n\n\n\n<p>Veja os<strong> <\/strong>destaques do mercado financeiro hoje:<\/p>\n\n\n\n<h2 class=\"wp-block-heading\">Oi<\/h2>\n\n\n\n<p>A <a class=\"suno-keyword\" data-force=\"yes\" data-priority=\"2\" href=\"https:\/\/www.suno.com.br\/acoes\/OIBR3\/\" target=\"_blank\" rel=\"noopener\">Oi (<strong>OIBR3<\/strong>)<\/a> informou que a justi\u00e7a do Rio de Janeiro aprovou o adiamento da sua assembleia geral de credores, cuja retomada aconteceria na pr\u00f3xima quarta-feira (10). A data foi remarcada pela terceira vez.<\/p>\n\n\n\n<p>A nova data da assembleia de<strong> credores da Oi <\/strong>ser\u00e1 no dia 17 de abril de 2024, \u00e0s 11h. O \u201cstay period\u201d tamb\u00e9m foi prorrogado para essa mesma data, estendendo o per\u00edodo de suspens\u00e3o de execu\u00e7\u00e3o de d\u00edvidas por pelo menos mais uma semana.<\/p>\n\n\n\n<p>O adiamento da data foi um pedido feito por um grupo importante de credores financeiros internacionais que possuem notas do Grupo Oi no <a class=\"suno-keyword\" data-force=\"no\" data-priority=\"1\" href=\"https:\/\/www.suno.com.br\/artigos\/mercado-externo\/\" target=\"_blank\" rel=\"noopener\">mercado externo<\/a>. Al\u00e9m disso, essa solicita\u00e7\u00e3o foi realizada por ag\u00eancias de fomento internacionais.<\/p>\n\n\n\t<div data-element=\"shortcode-read-more\" class=\"knowMore\">\n\t\t\t\t<span class=\"knowMore__title\">Leia mais<\/span>\n\t\t\t\t<a class=\"knowMore__link\" href=\"https:\/\/www.suno.com.br\/noticias\/oi-oibr3-justica-aprova-adiamento-assembleia-credores-jvj\/\">\n\t\t\tOi (OIBR3): Justi\u00e7a aprova adiamento de assembleia de credores novamente; veja o que mudou\t\t<\/a>\n\t<\/div>\n\n\n\n\n<h2 class=\"wp-block-heading\">Sabesp&nbsp;<\/h2>\n\n\n\n<p>A <strong>Sabesp <\/strong>(SBSP3) comunicou que a Ag\u00eancia Reguladora de Servi\u00e7os P\u00fablicos do Estado de S\u00e3o Paulo (ARSESP) concedeu autoriza\u00e7\u00e3o \u00e0 empresa para aplicar um \u00edndice de reajuste tarif\u00e1rio de 6,4469% sobre as tarifas em vigor.<\/p>\n\n\n\n<h2 class=\"wp-block-heading\">CVC&nbsp;<\/h2>\n\n\n\n<p>A<strong> CVC <\/strong>(CVCB3)<strong> <\/strong>anunciou que Jos\u00e9 Carlos Wollenweber Filho est\u00e1 iniciando o processo de transi\u00e7\u00e3o de seus cargos de Diretor de Finan\u00e7as, de Rela\u00e7\u00e3o com Investidores da Companhia e de Governan\u00e7a Corporativa e Compliance.&nbsp;<\/p>\n\n\n\n<p>Ele ser\u00e1 substitu\u00eddo por Felipe Pinto Gomes como Diretor Financeiro (CFO) e Diretor de Rela\u00e7\u00e3o com Investidores, a partir de 1\u00ba de maio de 2024. Al\u00e9m disso, Karin Regina da Rocha Demarques Cruz assume o cargo de Diretora de Governan\u00e7a Corporativa e Compliance a partir de hoje.<\/p>\n\n\n\t<p>\n\t\t<a href=\"https:\/\/lp.suno.com.br\/ebook-como-analisar-uma-acao\/\" target=\"_blank\" data-element=\"shortcode-suno-banner\" title=\"Banner SUNO, clique e saiba mais\">\n\t\t\t<picture>\n\t\t\t\t<source media=\"(max-width: 500px)\" srcset=\"https:\/\/files.sunoresearch.com.br\/n\/uploads\/2023\/03\/Ebook-Acoes-Mobile.jpg\">\n\t\t\t\t<img class=\"newsContent__article__imgCapa newsContent__article__imgCapa--banner\"\n\t\t\t\t\tsrc=\"https:\/\/files.sunoresearch.com.br\/n\/uploads\/2023\/03\/Ebook-Acoes-Desktop.jpg\"\n\t\t\t\t\tdata-promo-id=\"378302\"\t\t\t\t\t\t\t\t\t\twidth='1420' height='286'\t\t\t\t\talt=\"https:\/\/files.sunoresearch.com.br\/n\/uploads\/2023\/03\/Ebook-Acoes-Desktop.jpg\"\n\t\t\t\t>\n\t\t\t<\/picture>\n\t\t<\/a>\n\t<\/p>\n\n\n\n\n\n<h2 class=\"wp-block-heading\">Tenda<\/h2>\n\n\n\n<p>A <strong>Tenda<\/strong> (TEND3) atingiu vendas l\u00edquidas de R$ 884,1 milh\u00f5es no primeiro trimestre de 2024, aumento de 47,3% em rela\u00e7\u00e3o ao mesmo per\u00edodo do ano anterior.<\/p>\n\n\n\n<p>No 1T24, o Valor Geral de Vendas (VGV) da Tenda chegou a R$ 675,4 milh\u00f5es, aumento de 50,7% em rela\u00e7\u00e3o ao 1T23, quando havia registrado R$ 447,6 milh\u00f5es. No primeiro trimestre deste ano, a Tenda lan\u00e7ou 9 empreendimentos.<\/p>\n\n\n\n<h2 class=\"wp-block-heading\">PetroRec\u00f4ncavo&nbsp;<\/h2>\n\n\n\n<p>A<strong> PetroRec\u00f4ncavo<\/strong> (RECV3) anunciou os resultados da atualiza\u00e7\u00e3o da certifica\u00e7\u00e3o de reservas em seus ativos nos campos de Potiguar e Bahia. A empresa agora registra um total de 171,94 milh\u00f5es de barris de \u00f3leo equivalente de reservas provadas e prov\u00e1veis. O laudo foi elaborado pela consultoria independente Netherland, Sewell &amp; Associates (NSAI).<\/p>\n\n\n\n<h2 class=\"wp-block-heading\">Rumo<\/h2>\n\n\n\n<p>A <strong>Rumo<\/strong> (RAIL3) registrou o transporte de 6,52 bilh\u00f5es de toneladas por quil\u00f4metro \u00fatil (TKU) em mar\u00e7o, o que representa um aumento de 1% em rela\u00e7\u00e3o ao mesmo per\u00edodo do ano anterior e um crescimento de 7,2% em compara\u00e7\u00e3o com os volumes transportados em fevereiro.<\/p>\n\n\n\n<h2 class=\"wp-block-heading\">Vibra&nbsp;<\/h2>\n\n\n\n<p>Os fundos geridos pela Dynamo e Dynamo Internacional ampliaram sua participa\u00e7\u00e3o na <a class=\"suno-keyword\" data-force=\"yes\" data-priority=\"2\" href=\"https:\/\/www.suno.com.br\/acoes\/vbbr3\/\" target=\"_blank\" rel=\"noopener\"><strong>Vibra Energia<\/strong> (VBBR3)<\/a>, totalizando 111.856.700 <a class=\"suno-keyword\" data-force=\"no\" data-priority=\"1\" href=\"https:\/\/www.suno.com.br\/artigos\/o-que-sao-acoes-ordinarias-preferenciais-e-units\/\" target=\"_blank\" rel=\"noopener\">a\u00e7\u00f5es ordin\u00e1rias<\/a> e instrumentos derivativos equivalentes a 3.229.500 a\u00e7\u00f5es. Essa participa\u00e7\u00e3o corresponde a 10,28% do capital social da empresa.<\/p>\n\n\n\n<p>Os destaques do mercado financeiro do Suno Not\u00edcias mostram os principais acontecimentos que prometem movimentar o mercado durante o dia, como a <strong>Oi <\/strong>(OIBR3), que deve estar no foco dos investidores hoje.<\/p>\n\n\n\n\n\t<p>\n\t\t<a href=\"https:\/\/lp.suno.com.br\/planilha-da-vida-financeira\/\" target=\"_blank\" data-element=\"shortcode-suno-banner\" title=\"Banner SUNO, clique e saiba mais\">\n\t\t\t<picture>\n\t\t\t\t<source media=\"(max-width: 500px)\" srcset=\"https:\/\/files.sunoresearch.com.br\/n\/uploads\/2023\/04\/400x300-Planilha-vida-financeira-true.png\">\n\t\t\t\t<img class=\"newsContent__article__imgCapa newsContent__article__imgCapa--banner\"\n\t\t\t\t\tsrc=\"https:\/\/files.sunoresearch.com.br\/n\/uploads\/2023\/04\/1420x240-Planilha-vida-financeira-true.png\"\n\t\t\t\t\tdata-promo-id=\"383123\"\t\t\t\t\t\t\t\t\t\twidth='1420' height='240'\t\t\t\t\talt=\"https:\/\/files.sunoresearch.com.br\/n\/uploads\/2023\/04\/1420x240-Planilha-vida-financeira-true.png\"\n\t\t\t\t>\n\t\t\t<\/picture>\n\t\t<\/a>\n\t<\/p>\n\n\n","protected":false},"excerpt":{"rendered":"<p>A informa\u00e7\u00e3o de que a Oi (OIBR3) adiou a assembleia de credores para 17 de abril \u00e9 um dos destaques desta ter\u00e7a-feira (09).\u00a0 Oi (OIBR3), Sabesp (SBSP3) e CVC (CVCB3) aquecem o mercado. Foto: iStock Tamb\u00e9m est\u00e1 entre os destaques do mercado financeiro a Sabesp (SBSP3), ap\u00f3s realizar reajuste tarif\u00e1rio acima do esperado.&nbsp; A CVC [&hellip;]<\/p>\n","protected":false},"author":301,"featured_media":539560,"comment_status":"closed","ping_status":"closed","sticky":false,"template":"","format":"standard","meta":[],"categories":[60],"tags":[442,584,106252,354,106765,660,596],"suno_strategy":[],"class_list":["post-542111","post","type-post","status-publish","format-standard","has-post-thumbnail","hentry","category-mercado","tag-cvc-cvcb3","tag-oi-oibr3-oibr4","tag-petroreconcavo-recv3","tag-rumo-rail3","tag-sabesp-sbsp3","tag-tenda-tend3","tag-vibra-energia-vbbr3"],"yoast_head":"<!-- This site is optimized with the Yoast SEO plugin v24.4 - https:\/\/yoast.com\/wordpress\/plugins\/seo\/ -->\n<title>Oi (OIBR3) e Sabesp (SBSP3) movimentam o mercado hoje (09)<\/title>\n<meta name=\"description\" content=\"A informa\u00e7\u00e3o de que a Oi (OIBR3) adiou a assembleia de credores para 17 de abril \u00e9 um dos destaques desta ter\u00e7a-feira (09).\u00a0\" \/>\n<meta name=\"robots\" content=\"index, follow, max-snippet:-1, max-image-preview:large, max-video-preview:-1\" \/>\n<link rel=\"canonical\" href=\"https:\/\/www.suno.com.br\/noticias\/oi-oibr3-sabesp-sbsp3-destaques-va\/\" \/>\n<meta property=\"og:locale\" content=\"pt_BR\" \/>\n<meta property=\"og:type\" content=\"article\" \/>\n<meta property=\"og:title\" content=\"Oi (OIBR3) e Sabesp (SBSP3) movimentam o mercado hoje (09)\" \/>\n<meta property=\"og:description\" content=\"A informa\u00e7\u00e3o de que a Oi (OIBR3) adiou a assembleia de credores para 17 de abril \u00e9 um dos destaques desta ter\u00e7a-feira (09).\u00a0\" \/>\n<meta property=\"og:url\" content=\"https:\/\/www.suno.com.br\/noticias\/oi-oibr3-sabesp-sbsp3-destaques-va\/\" \/>\n<meta property=\"og:site_name\" content=\"Suno Not\u00edcias\" \/>\n<meta property=\"article:publisher\" content=\"https:\/\/facebook.com\/sunoresearch\" \/>\n<meta property=\"og:image\" content=\"https:\/\/files.sunoresearch.com.br\/n\/uploads\/2024\/04\/iStock-1194088877.jpg\" \/>\n\t<meta property=\"og:image:width\" content=\"1257\" \/>\n\t<meta property=\"og:image:height\" content=\"835\" \/>\n\t<meta property=\"og:image:type\" content=\"image\/jpeg\" \/>\n<meta name=\"author\" content=\"Vin\u00edcius Alves\" \/>\n<meta name=\"twitter:card\" content=\"summary_large_image\" \/>\n<meta name=\"twitter:creator\" content=\"@sunoresearch\" \/>\n<meta name=\"twitter:site\" content=\"@sunoresearch\" \/>\n<meta name=\"twitter:label1\" content=\"Escrito por\" \/>\n\t<meta name=\"twitter:data1\" content=\"Vin\u00edcius Alves\" \/>\n\t<meta name=\"twitter:label2\" content=\"Est. tempo de leitura\" \/>\n\t<meta name=\"twitter:data2\" content=\"3 minutos\" \/>\n<script type=\"application\/ld+json\" class=\"yoast-schema-graph\">{\"@context\":\"https:\/\/schema.org\",\"@graph\":[{\"@type\":\"NewsArticle\",\"@id\":\"https:\/\/www.suno.com.br\/noticias\/oi-oibr3-sabesp-sbsp3-destaques-va\/#article\",\"isPartOf\":{\"@id\":\"https:\/\/www.suno.com.br\/noticias\/oi-oibr3-sabesp-sbsp3-destaques-va\/\"},\"author\":{\"name\":\"Vin\u00edcius Alves\",\"@id\":\"https:\/\/www.suno.com.br\/noticias\/#\/schema\/person\/4a180549702d0e236b3e420862bcded3\"},\"headline\":\"Oi (OIBR3), Sabesp (SBSP3) e CVC (CVCB3) aquecem o mercado nesta ter\u00e7a-feira; veja mais destaques\",\"datePublished\":\"2024-04-09T15:10:14+00:00\",\"dateModified\":\"2024-04-09T15:10:23+00:00\",\"mainEntityOfPage\":{\"@id\":\"https:\/\/www.suno.com.br\/noticias\/oi-oibr3-sabesp-sbsp3-destaques-va\/\"},\"wordCount\":593,\"publisher\":{\"@id\":\"https:\/\/www.suno.com.br\/noticias\/#organization\"},\"image\":{\"@id\":\"https:\/\/www.suno.com.br\/noticias\/oi-oibr3-sabesp-sbsp3-destaques-va\/#primaryimage\"},\"thumbnailUrl\":\"https:\/\/files.sunoresearch.com.br\/n\/uploads\/2024\/04\/iStock-1194088877.jpg\",\"keywords\":[\"CVC (CVCB3)\",\"Oi (OIBR3\/OIBR4)\",\"PetroRec\u00f4ncavo (RECV3)\",\"Rumo (RAIL3)\",\"Sabesp (SBSP3)\",\"Tenda (TEND3)\",\"Vibra Energia (VBBR3)\"],\"articleSection\":[\"Mercado\"],\"inLanguage\":\"pt-BR\"},{\"@type\":\"WebPage\",\"@id\":\"https:\/\/www.suno.com.br\/noticias\/oi-oibr3-sabesp-sbsp3-destaques-va\/\",\"url\":\"https:\/\/www.suno.com.br\/noticias\/oi-oibr3-sabesp-sbsp3-destaques-va\/\",\"name\":\"Oi (OIBR3) e Sabesp (SBSP3) movimentam o mercado hoje (09)\",\"isPartOf\":{\"@id\":\"https:\/\/www.suno.com.br\/noticias\/#website\"},\"primaryImageOfPage\":{\"@id\":\"https:\/\/www.suno.com.br\/noticias\/oi-oibr3-sabesp-sbsp3-destaques-va\/#primaryimage\"},\"image\":{\"@id\":\"https:\/\/www.suno.com.br\/noticias\/oi-oibr3-sabesp-sbsp3-destaques-va\/#primaryimage\"},\"thumbnailUrl\":\"https:\/\/files.sunoresearch.com.br\/n\/uploads\/2024\/04\/iStock-1194088877.jpg\",\"datePublished\":\"2024-04-09T15:10:14+00:00\",\"dateModified\":\"2024-04-09T15:10:23+00:00\",\"description\":\"A informa\u00e7\u00e3o de que a Oi (OIBR3) adiou a assembleia de credores para 17 de abril \u00e9 um dos destaques desta ter\u00e7a-feira (09).\u00a0\",\"breadcrumb\":{\"@id\":\"https:\/\/www.suno.com.br\/noticias\/oi-oibr3-sabesp-sbsp3-destaques-va\/#breadcrumb\"},\"inLanguage\":\"pt-BR\",\"potentialAction\":[{\"@type\":\"ReadAction\",\"target\":[\"https:\/\/www.suno.com.br\/noticias\/oi-oibr3-sabesp-sbsp3-destaques-va\/\"]}]},{\"@type\":\"ImageObject\",\"inLanguage\":\"pt-BR\",\"@id\":\"https:\/\/www.suno.com.br\/noticias\/oi-oibr3-sabesp-sbsp3-destaques-va\/#primaryimage\",\"url\":\"https:\/\/files.sunoresearch.com.br\/n\/uploads\/2024\/04\/iStock-1194088877.jpg\",\"contentUrl\":\"https:\/\/files.sunoresearch.com.br\/n\/uploads\/2024\/04\/iStock-1194088877.jpg\",\"width\":1257,\"height\":835,\"caption\":\"Oi (OIBR3), Sabesp (SBSP3) e CVC (CVCB3) aquecem o mercado. Foto: iStock\"},{\"@type\":\"BreadcrumbList\",\"@id\":\"https:\/\/www.suno.com.br\/noticias\/oi-oibr3-sabesp-sbsp3-destaques-va\/#breadcrumb\",\"itemListElement\":[{\"@type\":\"ListItem\",\"position\":1,\"name\":\"Not\u00edcias\",\"item\":\"https:\/\/www.suno.com.br\/noticias\/\"},{\"@type\":\"ListItem\",\"position\":2,\"name\":\"Mercado\",\"item\":\"https:\/\/www.suno.com.br\/noticias\/mercado\/\"},{\"@type\":\"ListItem\",\"position\":3,\"name\":\"Oi (OIBR3), Sabesp (SBSP3) e CVC (CVCB3) aquecem o mercado nesta ter\u00e7a-feira; veja mais destaques\"}]},{\"@type\":\"WebSite\",\"@id\":\"https:\/\/www.suno.com.br\/noticias\/#website\",\"url\":\"https:\/\/www.suno.com.br\/noticias\/\",\"name\":\"Suno Not\u00edcias\",\"description\":\"Seu portal de informa\u00e7\u00e3o sobre o mundo dos investimentos\",\"publisher\":{\"@id\":\"https:\/\/www.suno.com.br\/noticias\/#organization\"},\"potentialAction\":[{\"@type\":\"SearchAction\",\"target\":{\"@type\":\"EntryPoint\",\"urlTemplate\":\"https:\/\/www.suno.com.br\/noticias\/?s={search_term_string}\"},\"query-input\":{\"@type\":\"PropertyValueSpecification\",\"valueRequired\":true,\"valueName\":\"search_term_string\"}}],\"inLanguage\":\"pt-BR\"},{\"@type\":\"Organization\",\"@id\":\"https:\/\/www.suno.com.br\/noticias\/#organization\",\"name\":\"Suno Not\u00edcias\",\"url\":\"https:\/\/www.suno.com.br\/noticias\/\",\"logo\":{\"@type\":\"ImageObject\",\"inLanguage\":\"pt-BR\",\"@id\":\"https:\/\/www.suno.com.br\/noticias\/#\/schema\/logo\/image\/\",\"url\":\"https:\/\/files.sunoresearch.com.br\/n\/uploads\/2021\/09\/suno-logo.png\",\"contentUrl\":\"https:\/\/files.sunoresearch.com.br\/n\/uploads\/2021\/09\/suno-logo.png\",\"width\":180,\"height\":180,\"caption\":\"Suno Not\u00edcias\"},\"image\":{\"@id\":\"https:\/\/www.suno.com.br\/noticias\/#\/schema\/logo\/image\/\"},\"sameAs\":[\"https:\/\/facebook.com\/sunoresearch\",\"https:\/\/x.com\/sunoresearch\",\"https:\/\/www.instagram.com\/suno\",\"https:\/\/www.linkedin.com\/company\/suno-research\/\",\"https:\/\/www.youtube.com\/c\/sunoresearch\"]},{\"@type\":\"Person\",\"@id\":\"https:\/\/www.suno.com.br\/noticias\/#\/schema\/person\/4a180549702d0e236b3e420862bcded3\",\"name\":\"Vin\u00edcius Alves\",\"image\":{\"@type\":\"ImageObject\",\"inLanguage\":\"pt-BR\",\"@id\":\"https:\/\/www.suno.com.br\/noticias\/#\/schema\/person\/image\/\",\"url\":\"https:\/\/secure.gravatar.com\/avatar\/a95b7fe6d1b813f7907d4f476d5a39e1?s=96&r=g\",\"contentUrl\":\"https:\/\/secure.gravatar.com\/avatar\/a95b7fe6d1b813f7907d4f476d5a39e1?s=96&r=g\",\"caption\":\"Vin\u00edcius Alves\"},\"description\":\"Jornalista formado na Faculdade C\u00e1sper L\u00edbero. Com passagens pela Ag\u00eancia Estado, InfoMoney e Editora Globo.\",\"url\":\"https:\/\/www.suno.com.br\/noticias\/author\/vini08correiagmail-com\/\"}]}<\/script>\n<!-- \/ Yoast SEO plugin. -->","yoast_head_json":{"title":"Oi (OIBR3) e Sabesp (SBSP3) movimentam o mercado hoje (09)","description":"A informa\u00e7\u00e3o de que a Oi (OIBR3) adiou a assembleia de credores para 17 de abril \u00e9 um dos destaques desta ter\u00e7a-feira (09).\u00a0","robots":{"index":"index","follow":"follow","max-snippet":"max-snippet:-1","max-image-preview":"max-image-preview:large","max-video-preview":"max-video-preview:-1"},"canonical":"https:\/\/www.suno.com.br\/noticias\/oi-oibr3-sabesp-sbsp3-destaques-va\/","og_locale":"pt_BR","og_type":"article","og_title":"Oi (OIBR3) e Sabesp (SBSP3) movimentam o mercado hoje (09)","og_description":"A informa\u00e7\u00e3o de que a Oi (OIBR3) adiou a assembleia de credores para 17 de abril \u00e9 um dos destaques desta ter\u00e7a-feira (09).\u00a0","og_url":"https:\/\/www.suno.com.br\/noticias\/oi-oibr3-sabesp-sbsp3-destaques-va\/","og_site_name":"Suno Not\u00edcias","article_publisher":"https:\/\/facebook.com\/sunoresearch","og_image":[{"width":1257,"height":835,"url":"https:\/\/files.sunoresearch.com.br\/n\/uploads\/2024\/04\/iStock-1194088877.jpg","type":"image\/jpeg"}],"author":"Vin\u00edcius Alves","twitter_card":"summary_large_image","twitter_creator":"@sunoresearch","twitter_site":"@sunoresearch","twitter_misc":{"Escrito por":"Vin\u00edcius Alves","Est. tempo de leitura":"3 minutos"},"schema":{"@context":"https:\/\/schema.org","@graph":[{"@type":"NewsArticle","@id":"https:\/\/www.suno.com.br\/noticias\/oi-oibr3-sabesp-sbsp3-destaques-va\/#article","isPartOf":{"@id":"https:\/\/www.suno.com.br\/noticias\/oi-oibr3-sabesp-sbsp3-destaques-va\/"},"author":{"name":"Vin\u00edcius Alves","@id":"https:\/\/www.suno.com.br\/noticias\/#\/schema\/person\/4a180549702d0e236b3e420862bcded3"},"headline":"Oi (OIBR3), Sabesp (SBSP3) e CVC (CVCB3) aquecem o mercado nesta ter\u00e7a-feira; veja mais destaques","datePublished":"2024-04-09T15:10:14+00:00","dateModified":"2024-04-09T15:10:23+00:00","mainEntityOfPage":{"@id":"https:\/\/www.suno.com.br\/noticias\/oi-oibr3-sabesp-sbsp3-destaques-va\/"},"wordCount":593,"publisher":{"@id":"https:\/\/www.suno.com.br\/noticias\/#organization"},"image":{"@id":"https:\/\/www.suno.com.br\/noticias\/oi-oibr3-sabesp-sbsp3-destaques-va\/#primaryimage"},"thumbnailUrl":"https:\/\/files.sunoresearch.com.br\/n\/uploads\/2024\/04\/iStock-1194088877.jpg","keywords":["CVC (CVCB3)","Oi (OIBR3\/OIBR4)","PetroRec\u00f4ncavo (RECV3)","Rumo (RAIL3)","Sabesp (SBSP3)","Tenda (TEND3)","Vibra Energia (VBBR3)"],"articleSection":["Mercado"],"inLanguage":"pt-BR"},{"@type":"WebPage","@id":"https:\/\/www.suno.com.br\/noticias\/oi-oibr3-sabesp-sbsp3-destaques-va\/","url":"https:\/\/www.suno.com.br\/noticias\/oi-oibr3-sabesp-sbsp3-destaques-va\/","name":"Oi (OIBR3) e Sabesp (SBSP3) movimentam o mercado hoje (09)","isPartOf":{"@id":"https:\/\/www.suno.com.br\/noticias\/#website"},"primaryImageOfPage":{"@id":"https:\/\/www.suno.com.br\/noticias\/oi-oibr3-sabesp-sbsp3-destaques-va\/#primaryimage"},"image":{"@id":"https:\/\/www.suno.com.br\/noticias\/oi-oibr3-sabesp-sbsp3-destaques-va\/#primaryimage"},"thumbnailUrl":"https:\/\/files.sunoresearch.com.br\/n\/uploads\/2024\/04\/iStock-1194088877.jpg","datePublished":"2024-04-09T15:10:14+00:00","dateModified":"2024-04-09T15:10:23+00:00","description":"A informa\u00e7\u00e3o de que a Oi (OIBR3) adiou a assembleia de credores para 17 de abril \u00e9 um dos destaques desta ter\u00e7a-feira (09).\u00a0","breadcrumb":{"@id":"https:\/\/www.suno.com.br\/noticias\/oi-oibr3-sabesp-sbsp3-destaques-va\/#breadcrumb"},"inLanguage":"pt-BR","potentialAction":[{"@type":"ReadAction","target":["https:\/\/www.suno.com.br\/noticias\/oi-oibr3-sabesp-sbsp3-destaques-va\/"]}]},{"@type":"ImageObject","inLanguage":"pt-BR","@id":"https:\/\/www.suno.com.br\/noticias\/oi-oibr3-sabesp-sbsp3-destaques-va\/#primaryimage","url":"https:\/\/files.sunoresearch.com.br\/n\/uploads\/2024\/04\/iStock-1194088877.jpg","contentUrl":"https:\/\/files.sunoresearch.com.br\/n\/uploads\/2024\/04\/iStock-1194088877.jpg","width":1257,"height":835,"caption":"Oi (OIBR3), Sabesp (SBSP3) e CVC (CVCB3) aquecem o mercado. Foto: iStock"},{"@type":"BreadcrumbList","@id":"https:\/\/www.suno.com.br\/noticias\/oi-oibr3-sabesp-sbsp3-destaques-va\/#breadcrumb","itemListElement":[{"@type":"ListItem","position":1,"name":"Not\u00edcias","item":"https:\/\/www.suno.com.br\/noticias\/"},{"@type":"ListItem","position":2,"name":"Mercado","item":"https:\/\/www.suno.com.br\/noticias\/mercado\/"},{"@type":"ListItem","position":3,"name":"Oi (OIBR3), Sabesp (SBSP3) e CVC (CVCB3) aquecem o mercado nesta ter\u00e7a-feira; veja mais destaques"}]},{"@type":"WebSite","@id":"https:\/\/www.suno.com.br\/noticias\/#website","url":"https:\/\/www.suno.com.br\/noticias\/","name":"Suno Not\u00edcias","description":"Seu portal de informa\u00e7\u00e3o sobre o mundo dos investimentos","publisher":{"@id":"https:\/\/www.suno.com.br\/noticias\/#organization"},"potentialAction":[{"@type":"SearchAction","target":{"@type":"EntryPoint","urlTemplate":"https:\/\/www.suno.com.br\/noticias\/?s={search_term_string}"},"query-input":{"@type":"PropertyValueSpecification","valueRequired":true,"valueName":"search_term_string"}}],"inLanguage":"pt-BR"},{"@type":"Organization","@id":"https:\/\/www.suno.com.br\/noticias\/#organization","name":"Suno Not\u00edcias","url":"https:\/\/www.suno.com.br\/noticias\/","logo":{"@type":"ImageObject","inLanguage":"pt-BR","@id":"https:\/\/www.suno.com.br\/noticias\/#\/schema\/logo\/image\/","url":"https:\/\/files.sunoresearch.com.br\/n\/uploads\/2021\/09\/suno-logo.png","contentUrl":"https:\/\/files.sunoresearch.com.br\/n\/uploads\/2021\/09\/suno-logo.png","width":180,"height":180,"caption":"Suno Not\u00edcias"},"image":{"@id":"https:\/\/www.suno.com.br\/noticias\/#\/schema\/logo\/image\/"},"sameAs":["https:\/\/facebook.com\/sunoresearch","https:\/\/x.com\/sunoresearch","https:\/\/www.instagram.com\/suno","https:\/\/www.linkedin.com\/company\/suno-research\/","https:\/\/www.youtube.com\/c\/sunoresearch"]},{"@type":"Person","@id":"https:\/\/www.suno.com.br\/noticias\/#\/schema\/person\/4a180549702d0e236b3e420862bcded3","name":"Vin\u00edcius Alves","image":{"@type":"ImageObject","inLanguage":"pt-BR","@id":"https:\/\/www.suno.com.br\/noticias\/#\/schema\/person\/image\/","url":"https:\/\/secure.gravatar.com\/avatar\/a95b7fe6d1b813f7907d4f476d5a39e1?s=96&r=g","contentUrl":"https:\/\/secure.gravatar.com\/avatar\/a95b7fe6d1b813f7907d4f476d5a39e1?s=96&r=g","caption":"Vin\u00edcius Alves"},"description":"Jornalista formado na Faculdade C\u00e1sper L\u00edbero. Com passagens pela Ag\u00eancia Estado, InfoMoney e Editora Globo.","url":"https:\/\/www.suno.com.br\/noticias\/author\/vini08correiagmail-com\/"}]}},"default_loop_html":"<div class=\"cardsPage__listCard__boxs\"><div class=\"cardsPage__listCard__boxs__img\"><a href=\"https:\/\/www.suno.com.br\/noticias\/oi-oibr3-sabesp-sbsp3-destaques-va\/\"><img class=\"mask\" src=\"https:\/\/www.suno.com.br\/noticias\/wp-content\/themes\/suno\/resources\/images\/spotlight\/spotlight1img\/bg-mask.png\" alt=\"Image Mask\"\/><img src=\"https:\/\/files.sunoresearch.com.br\/n\/uploads\/2024\/04\/iStock-1194088877-400x200.jpg\" alt=\"Oi (OIBR3), Sabesp (SBSP3) e CVC (CVCB3) aquecem o mercado nesta ter\u00e7a-feira; veja mais destaques\"\/><\/a><span class=\"spotlightCategory\"><a href=\"https:\/\/www.suno.com.br\/noticias\/mercado\/\">Mercado<\/a><\/span><\/div><div class=\"cardsPage__listCard__boxs__content\"><a href=\"https:\/\/www.suno.com.br\/noticias\/oi-oibr3-sabesp-sbsp3-destaques-va\/\"><h2 class=\"content__title\">Oi (OIBR3), Sabesp (SBSP3) e CVC (CVCB3) aquecem o mercado nesta ter\u00e7a-feira; veja mais destaques<\/h2><\/a><div class=\"newsContent__article__meta\"><div class=\"newsContent__article__meta__authorBox\"><a href=\"https:\/\/www.suno.com.br\/noticias\/author\/vini08correiagmail-com\/\" class=\"authorBox__avatar noMobi\"><img src=\"https:\/\/files.sunoresearch.com.br\/n\/uploads\/2026\/04\/WhatsApp-Image-2026-04-20-at-19.35.48-150x150.webp\" alt=\"Vin\u00edcius Alves\"><\/a><div class=\"authorBox__name\"><span>por\n\t\t\t<a href=\"https:\/\/www.suno.com.br\/noticias\/author\/vini08correiagmail-com\/\"><span itemprop=\"author\">Vin\u00edcius Alves<\/span><\/a><\/span><time datetime=\"2024-04-09T12:10:14-03:00\" itemprop=\"datePublished\">09\/04\/2024 12:10<\/time><\/div><\/div><\/div><\/div><\/div>","single_layout":"posts","amp_enabled":true,"_links":{"self":[{"href":"https:\/\/www.suno.com.br\/noticias\/wp-json\/wp\/v2\/posts\/542111"}],"collection":[{"href":"https:\/\/www.suno.com.br\/noticias\/wp-json\/wp\/v2\/posts"}],"about":[{"href":"https:\/\/www.suno.com.br\/noticias\/wp-json\/wp\/v2\/types\/post"}],"author":[{"embeddable":true,"href":"https:\/\/www.suno.com.br\/noticias\/wp-json\/wp\/v2\/users\/301"}],"replies":[{"embeddable":true,"href":"https:\/\/www.suno.com.br\/noticias\/wp-json\/wp\/v2\/comments?post=542111"}],"version-history":[{"count":2,"href":"https:\/\/www.suno.com.br\/noticias\/wp-json\/wp\/v2\/posts\/542111\/revisions"}],"predecessor-version":[{"id":542163,"href":"https:\/\/www.suno.com.br\/noticias\/wp-json\/wp\/v2\/posts\/542111\/revisions\/542163"}],"wp:featuredmedia":[{"embeddable":true,"href":"https:\/\/www.suno.com.br\/noticias\/wp-json\/wp\/v2\/media\/539560"}],"wp:attachment":[{"href":"https:\/\/www.suno.com.br\/noticias\/wp-json\/wp\/v2\/media?parent=542111"}],"wp:term":[{"taxonomy":"category","embeddable":true,"href":"https:\/\/www.suno.com.br\/noticias\/wp-json\/wp\/v2\/categories?post=542111"},{"taxonomy":"post_tag","embeddable":true,"href":"https:\/\/www.suno.com.br\/noticias\/wp-json\/wp\/v2\/tags?post=542111"},{"taxonomy":"suno_strategy","embeddable":true,"href":"https:\/\/www.suno.com.br\/noticias\/wp-json\/wp\/v2\/suno_strategy?post=542111"}],"curies":[{"name":"wp","href":"https:\/\/api.w.org\/{rel}","templated":true}]}}