{"id":542041,"date":"2024-04-09T08:58:28","date_gmt":"2024-04-09T11:58:28","guid":{"rendered":"https:\/\/www.suno.com.br\/noticias\/?p=542041"},"modified":"2024-04-09T08:58:35","modified_gmt":"2024-04-09T11:58:35","slug":"selic-inalterada-pib-alta-boletim-focus-gpj","status":"publish","type":"post","link":"https:\/\/www.suno.com.br\/noticias\/selic-inalterada-pib-alta-boletim-focus-gpj\/","title":{"rendered":"Selic inalterada e PIB para cima: confira as proje\u00e7\u00f5es do Boletim Focus desta semana"},"content":{"rendered":"<p>O <a href=\"https:\/\/www.suno.com.br\/guias\/mercado-financeiro\/\">mercado financeiro<\/a> manteve a proje\u00e7\u00e3o para a <a href=\"https:\/\/www.suno.com.br\/artigos\/taxa-de-juros\/\">taxa b\u00e1sica de juros<\/a>, a <strong>Selic<\/strong>, ao final de 2024, e aumentou a previs\u00e3o para a infla\u00e7\u00e3o oficial, o IPCA, e tamb\u00e9m para o Produto Interno Bruto (PIB).<\/p>\t<div class=\"wrapper-featured-image\">\n\t\t<figure class=\"spotlightImg\">\n\n\t\t\t<picture>\n\t\t\t\t<source media=\"(max-width: 768px)\" srcset=\"https:\/\/files.sunoresearch.com.br\/n\/uploads\/2024\/03\/iStock-1475324668-400x200.jpg\">\n\t\t\t\t<img loading=\"lazy\" decoding=\"async\" class=\"newsContent__article__imgCapa lazyloadDisabled \" src=\"https:\/\/files.sunoresearch.com.br\/n\/uploads\/2024\/03\/iStock-1475324668-800x450.jpg\" width=\"800\" height=\"450\" alt=\"Selic inalterada e PIB para cima: confira as proje\u00e7\u00f5es do Boletim Focus desta semana\" fetchpriority=high \/>\n\t\t\t<\/picture>\n\n\t\t\t<figcaption class=\"wp-caption-text wp-caption-text--show\">IPCA e Selic. Foto: iStock.<\/figcaption>\n\t\t<\/figure>\n\t<\/div>\n\n\n\n\n\n\n\n\t<p>\n\t\t<a href=\"\" target=\"_blank\" data-element=\"shortcode-suno-banner\" title=\"Banner SUNO, clique e saiba mais\">\n\t\t\t<picture>\n\t\t\t\t<source media=\"(max-width: 500px)\" srcset=\"\">\n\t\t\t\t<img class=\"newsContent__article__imgCapa newsContent__article__imgCapa--banner\"\n\t\t\t\t\tsrc=\"\"\n\t\t\t\t\tdata-promo-id=\"240038\"\t\t\t\t\t\t\t\t\t\t\t\t\t\t\talt=\"\"\n\t\t\t\t>\n\t\t\t<\/picture>\n\t\t<\/a>\n\t<\/p>\n\n\n\n\n\n<p>Segundo <strong>Boletim Focus<\/strong> divulgado nesta ter\u00e7a-feira (9) pelo <strong>Banco Central<\/strong> (BC), a estimativa para a taxa de juros, a Selic, segue em 9,00% ao final deste ano.<\/p>\n\n\n\n<p>De acordo com a pesquisa, para 2025, o mercado espera que a <strong>taxa de juros<\/strong> termine em 8,50%, mesma proje\u00e7\u00e3o da semana anterior. Para 2026, a expectativa \u00e9 de que a <strong>taxa Selic<\/strong> tamb\u00e9m chegue a 8,50%.<\/p>\n\n\n\n<p>Paralelamente, ainda conforme o <strong>Focus<\/strong> desta semana, o mercado espera que o <strong>IPCA<\/strong>, principal indicador de infla\u00e7\u00e3o, termine 2024 em 3,76%, acima da proje\u00e7\u00e3o da semana passada (3,75%), mas abaixo das \u00faltimas quatro semanas (3,77%).<\/p>\n\n\n\n<p>Al\u00e9m disso, o mercado financeiro elevou as suas estimativas do <strong>PIB<\/strong> deste ano, para 1,90%, ante 1,89% na semana anterior. H\u00e1 quatro semanas, a previs\u00e3o era de 1,78%.<\/p>\n\n\n\n<p>No caso do<strong> d\u00f3lar<\/strong>, a previs\u00e3o desta semana foi mantida em R$ 4,95 para 2024. H\u00e1 quatro semanas, a previs\u00e3o era de R$ 4,93.<\/p>\n\n\n\t<p>\n\t\t<a href=\"https:\/\/lp.suno.com.br\/ebook-gratuito-investindo-no-exterior\/\" target=\"_blank\" data-element=\"shortcode-suno-banner\" title=\"Banner SUNO, clique e saiba mais\">\n\t\t\t<picture>\n\t\t\t\t<source media=\"(max-width: 500px)\" srcset=\"https:\/\/files.sunoresearch.com.br\/n\/uploads\/2023\/03\/400x300-Investindo-no-exterior.png\">\n\t\t\t\t<img class=\"newsContent__article__imgCapa newsContent__article__imgCapa--banner\"\n\t\t\t\t\tsrc=\"https:\/\/files.sunoresearch.com.br\/n\/uploads\/2023\/03\/1420x240-Investindo-no-exterior.png\"\n\t\t\t\t\tdata-promo-id=\"383161\"\t\t\t\t\t\t\t\t\t\twidth='1420' height='240'\t\t\t\t\talt=\"https:\/\/files.sunoresearch.com.br\/n\/uploads\/2023\/03\/1420x240-Investindo-no-exterior.png\"\n\t\t\t\t>\n\t\t\t<\/picture>\n\t\t<\/a>\n\t<\/p>\n\n\n\n\n\n<h2 class=\"wp-block-heading\">Resumo do Boletim Focus<\/h2>\n\n\n\n<p>Veja, em detalhes, as proje\u00e7\u00f5es mais importantes para 2024 e 2025:<\/p>\n\n\n\n<h3 class=\"wp-block-heading\">2024<\/h3>\n\n\n\n<ul class=\"wp-block-list\">\n<li>IPCA: a proje\u00e7\u00e3o subiu para 3,76%<\/li>\n\n\n\n<li>PIB: a proje\u00e7\u00e3o subiu para 1,90%<\/li>\n\n\n\n<li>D\u00f3lar: a previs\u00e3o do c\u00e2mbio se manteve em R$ 4,95<\/li>\n\n\n\n<li>Balan\u00e7a Comercial: a expectativa para o super\u00e1vit caiu para US$ 80,50 bilh\u00f5es<\/li>\n\n\n\n<li>Investimento Estrangeiro Direto: a previs\u00e3o se manteve em US$ 65,00 bilh\u00f5es<\/li>\n\n\n\n<li>D\u00edvida do Setor P\u00fablico: a previs\u00e3o se manteve em 63,85% do PIB<\/li>\n<\/ul>\n\n\n\n<h3 class=\"wp-block-heading\">2025<\/h3>\n\n\n\n<ul class=\"wp-block-list\">\n<li>IPCA: a proje\u00e7\u00e3o aumentou para 3,53%<\/li>\n\n\n\n<li>PIB: a proje\u00e7\u00e3o se manteve em 2,00%<\/li>\n\n\n\n<li>D\u00f3lar: a previs\u00e3o do c\u00e2mbio se manteve em R$ 5,00<\/li>\n\n\n\n<li>Taxa Selic: a previs\u00e3o se manteve em 8,50%<\/li>\n\n\n\n<li>Balan\u00e7a Comercial: a expectativa para o super\u00e1vit se manteve em US$ 74,55 bilh\u00f5es<\/li>\n\n\n\n<li>Investimento Estrangeiro Direto: a previs\u00e3o se manteve em US$ 73,10 bilh\u00f5es<\/li>\n\n\n\n<li>D\u00edvida do Setor P\u00fablico: a previs\u00e3o se manteve em 66,42% do PIB<\/li>\n<\/ul>\n\n\n\n<p>O Boletim Focus \u00e9 elaborado semanalmente pelo Banco Central. A <strong>divulga\u00e7\u00e3o do boletim Focus<\/strong>, que costuma ocorrer sempre \u00e0s segundas-feiras, foi adiada pela segunda vez consecutiva na semana em fun\u00e7\u00e3o da mobiliza\u00e7\u00e3o de servidores do Banco Central (BC) em opera\u00e7\u00e3o-padr\u00e3o, informou a institui\u00e7\u00e3o.<\/p>\n\n\n\n<p>Para a composi\u00e7\u00e3o do boletim, s\u00e3o utilizadas as proje\u00e7\u00f5es dos especialistas das 100 principais institui\u00e7\u00f5es ligadas ao mercado financeiro do Brasil para juros, IPCA, c\u00e2mbio, taxa <strong>Selic<\/strong> e outros indicadores.<\/p>\n\n\n\t<p>\n\t\t<a href=\"https:\/\/lp.suno.com.br\/planilha-da-vida-financeira\/\" target=\"_blank\" data-element=\"shortcode-suno-banner\" title=\"Banner SUNO, clique e saiba mais\">\n\t\t\t<picture>\n\t\t\t\t<source media=\"(max-width: 500px)\" srcset=\"https:\/\/files.sunoresearch.com.br\/n\/uploads\/2023\/04\/400x300-Planilha-vida-financeira-true.png\">\n\t\t\t\t<img class=\"newsContent__article__imgCapa newsContent__article__imgCapa--banner\"\n\t\t\t\t\tsrc=\"https:\/\/files.sunoresearch.com.br\/n\/uploads\/2023\/04\/1420x240-Planilha-vida-financeira-true.png\"\n\t\t\t\t\tdata-promo-id=\"383123\"\t\t\t\t\t\t\t\t\t\twidth='1420' height='240'\t\t\t\t\talt=\"https:\/\/files.sunoresearch.com.br\/n\/uploads\/2023\/04\/1420x240-Planilha-vida-financeira-true.png\"\n\t\t\t\t>\n\t\t\t<\/picture>\n\t\t<\/a>\n\t<\/p>\n\n\n","protected":false},"excerpt":{"rendered":"<p>O mercado financeiro manteve a proje\u00e7\u00e3o para a taxa b\u00e1sica de juros, a Selic, ao final de 2024, e aumentou a previs\u00e3o para a infla\u00e7\u00e3o oficial, o IPCA, e tamb\u00e9m para o Produto Interno Bruto (PIB). IPCA e Selic. Foto: iStock. Segundo Boletim Focus divulgado nesta ter\u00e7a-feira (9) pelo Banco Central (BC), a estimativa para [&hellip;]<\/p>\n","protected":false},"author":313,"featured_media":532431,"comment_status":"closed","ping_status":"closed","sticky":false,"template":"","format":"standard","meta":[],"categories":[62],"tags":[914,834,326,850,966,1635,807,290],"suno_strategy":[],"class_list":["post-542041","post","type-post","status-publish","format-standard","has-post-thumbnail","hentry","category-economia","tag-balanca-comercial","tag-boletim-focus","tag-dolar","tag-inflacao","tag-ipca","tag-mercado-financeiro","tag-produto-interno-bruto-pib","tag-taxa-selic"],"yoast_head":"<!-- This site is optimized with the Yoast SEO plugin v24.4 - https:\/\/yoast.com\/wordpress\/plugins\/seo\/ -->\n<title>Selic inalterada e PIB para cima: confira as proje\u00e7\u00f5es do Focus<\/title>\n<meta name=\"description\" content=\"O mercado manteve a proje\u00e7\u00e3o para a taxa Selic e aumentou a previs\u00e3o para o IPCA e tamb\u00e9m para o PIB. Confira o Boletim Focus da semana.\" \/>\n<meta name=\"robots\" content=\"index, follow, max-snippet:-1, max-image-preview:large, max-video-preview:-1\" \/>\n<link rel=\"canonical\" href=\"https:\/\/www.suno.com.br\/noticias\/selic-inalterada-pib-alta-boletim-focus-gpj\/\" \/>\n<meta property=\"og:locale\" content=\"pt_BR\" \/>\n<meta property=\"og:type\" content=\"article\" \/>\n<meta property=\"og:title\" content=\"Selic inalterada e PIB para cima: confira as proje\u00e7\u00f5es do Focus\" \/>\n<meta property=\"og:description\" content=\"O mercado manteve a proje\u00e7\u00e3o para a taxa Selic e aumentou a previs\u00e3o para o IPCA e tamb\u00e9m para o PIB. Confira o Boletim Focus da semana.\" \/>\n<meta property=\"og:url\" content=\"https:\/\/www.suno.com.br\/noticias\/selic-inalterada-pib-alta-boletim-focus-gpj\/\" \/>\n<meta property=\"og:site_name\" content=\"Suno Not\u00edcias\" \/>\n<meta property=\"article:publisher\" content=\"https:\/\/facebook.com\/sunoresearch\" \/>\n<meta property=\"og:image\" content=\"https:\/\/files.sunoresearch.com.br\/n\/uploads\/2024\/03\/iStock-1475324668.jpg\" \/>\n\t<meta property=\"og:image:width\" content=\"2121\" \/>\n\t<meta property=\"og:image:height\" content=\"1414\" \/>\n\t<meta property=\"og:image:type\" content=\"image\/jpeg\" \/>\n<meta name=\"author\" content=\"Giovanni Porf\u00edrio Jacomino\" \/>\n<meta name=\"twitter:card\" content=\"summary_large_image\" \/>\n<meta name=\"twitter:creator\" content=\"@sunoresearch\" \/>\n<meta name=\"twitter:site\" content=\"@sunoresearch\" \/>\n<meta name=\"twitter:label1\" content=\"Escrito por\" \/>\n\t<meta name=\"twitter:data1\" content=\"Giovanni Porf\u00edrio Jacomino\" \/>\n\t<meta name=\"twitter:label2\" content=\"Est. tempo de leitura\" \/>\n\t<meta name=\"twitter:data2\" content=\"3 minutos\" \/>\n<script type=\"application\/ld+json\" class=\"yoast-schema-graph\">{\"@context\":\"https:\/\/schema.org\",\"@graph\":[{\"@type\":\"NewsArticle\",\"@id\":\"https:\/\/www.suno.com.br\/noticias\/selic-inalterada-pib-alta-boletim-focus-gpj\/#article\",\"isPartOf\":{\"@id\":\"https:\/\/www.suno.com.br\/noticias\/selic-inalterada-pib-alta-boletim-focus-gpj\/\"},\"author\":{\"name\":\"Giovanni Porf\u00edrio Jacomino\",\"@id\":\"https:\/\/www.suno.com.br\/noticias\/#\/schema\/person\/d0f32748bbca4bee871fa191ee4e2d40\"},\"headline\":\"Selic inalterada e PIB para cima: confira as proje\u00e7\u00f5es do Boletim Focus desta semana\",\"datePublished\":\"2024-04-09T11:58:28+00:00\",\"dateModified\":\"2024-04-09T11:58:35+00:00\",\"mainEntityOfPage\":{\"@id\":\"https:\/\/www.suno.com.br\/noticias\/selic-inalterada-pib-alta-boletim-focus-gpj\/\"},\"wordCount\":442,\"publisher\":{\"@id\":\"https:\/\/www.suno.com.br\/noticias\/#organization\"},\"image\":{\"@id\":\"https:\/\/www.suno.com.br\/noticias\/selic-inalterada-pib-alta-boletim-focus-gpj\/#primaryimage\"},\"thumbnailUrl\":\"https:\/\/files.sunoresearch.com.br\/n\/uploads\/2024\/03\/iStock-1475324668.jpg\",\"keywords\":[\"balan\u00e7a comercial\",\"Boletim Focus\",\"d\u00f3lar\",\"infla\u00e7\u00e3o\",\"IPCA\",\"mercado financeiro\",\"Produto Interno Bruto (PIB)\",\"Taxa Selic\"],\"articleSection\":[\"Economia\"],\"inLanguage\":\"pt-BR\"},{\"@type\":\"WebPage\",\"@id\":\"https:\/\/www.suno.com.br\/noticias\/selic-inalterada-pib-alta-boletim-focus-gpj\/\",\"url\":\"https:\/\/www.suno.com.br\/noticias\/selic-inalterada-pib-alta-boletim-focus-gpj\/\",\"name\":\"Selic inalterada e PIB para cima: confira as proje\u00e7\u00f5es do Focus\",\"isPartOf\":{\"@id\":\"https:\/\/www.suno.com.br\/noticias\/#website\"},\"primaryImageOfPage\":{\"@id\":\"https:\/\/www.suno.com.br\/noticias\/selic-inalterada-pib-alta-boletim-focus-gpj\/#primaryimage\"},\"image\":{\"@id\":\"https:\/\/www.suno.com.br\/noticias\/selic-inalterada-pib-alta-boletim-focus-gpj\/#primaryimage\"},\"thumbnailUrl\":\"https:\/\/files.sunoresearch.com.br\/n\/uploads\/2024\/03\/iStock-1475324668.jpg\",\"datePublished\":\"2024-04-09T11:58:28+00:00\",\"dateModified\":\"2024-04-09T11:58:35+00:00\",\"description\":\"O mercado manteve a proje\u00e7\u00e3o para a taxa Selic e aumentou a previs\u00e3o para o IPCA e tamb\u00e9m para o PIB. Confira o Boletim Focus da semana.\",\"breadcrumb\":{\"@id\":\"https:\/\/www.suno.com.br\/noticias\/selic-inalterada-pib-alta-boletim-focus-gpj\/#breadcrumb\"},\"inLanguage\":\"pt-BR\",\"potentialAction\":[{\"@type\":\"ReadAction\",\"target\":[\"https:\/\/www.suno.com.br\/noticias\/selic-inalterada-pib-alta-boletim-focus-gpj\/\"]}]},{\"@type\":\"ImageObject\",\"inLanguage\":\"pt-BR\",\"@id\":\"https:\/\/www.suno.com.br\/noticias\/selic-inalterada-pib-alta-boletim-focus-gpj\/#primaryimage\",\"url\":\"https:\/\/files.sunoresearch.com.br\/n\/uploads\/2024\/03\/iStock-1475324668.jpg\",\"contentUrl\":\"https:\/\/files.sunoresearch.com.br\/n\/uploads\/2024\/03\/iStock-1475324668.jpg\",\"width\":2121,\"height\":1414,\"caption\":\"IPCA e Selic. Foto: iStock.\"},{\"@type\":\"BreadcrumbList\",\"@id\":\"https:\/\/www.suno.com.br\/noticias\/selic-inalterada-pib-alta-boletim-focus-gpj\/#breadcrumb\",\"itemListElement\":[{\"@type\":\"ListItem\",\"position\":1,\"name\":\"Not\u00edcias\",\"item\":\"https:\/\/www.suno.com.br\/noticias\/\"},{\"@type\":\"ListItem\",\"position\":2,\"name\":\"Economia\",\"item\":\"https:\/\/www.suno.com.br\/noticias\/economia\/\"},{\"@type\":\"ListItem\",\"position\":3,\"name\":\"Selic inalterada e PIB para cima: confira as proje\u00e7\u00f5es do Boletim Focus desta semana\"}]},{\"@type\":\"WebSite\",\"@id\":\"https:\/\/www.suno.com.br\/noticias\/#website\",\"url\":\"https:\/\/www.suno.com.br\/noticias\/\",\"name\":\"Suno Not\u00edcias\",\"description\":\"Seu portal de informa\u00e7\u00e3o sobre o mundo dos investimentos\",\"publisher\":{\"@id\":\"https:\/\/www.suno.com.br\/noticias\/#organization\"},\"potentialAction\":[{\"@type\":\"SearchAction\",\"target\":{\"@type\":\"EntryPoint\",\"urlTemplate\":\"https:\/\/www.suno.com.br\/noticias\/?s={search_term_string}\"},\"query-input\":{\"@type\":\"PropertyValueSpecification\",\"valueRequired\":true,\"valueName\":\"search_term_string\"}}],\"inLanguage\":\"pt-BR\"},{\"@type\":\"Organization\",\"@id\":\"https:\/\/www.suno.com.br\/noticias\/#organization\",\"name\":\"Suno Not\u00edcias\",\"url\":\"https:\/\/www.suno.com.br\/noticias\/\",\"logo\":{\"@type\":\"ImageObject\",\"inLanguage\":\"pt-BR\",\"@id\":\"https:\/\/www.suno.com.br\/noticias\/#\/schema\/logo\/image\/\",\"url\":\"https:\/\/files.sunoresearch.com.br\/n\/uploads\/2021\/09\/suno-logo.png\",\"contentUrl\":\"https:\/\/files.sunoresearch.com.br\/n\/uploads\/2021\/09\/suno-logo.png\",\"width\":180,\"height\":180,\"caption\":\"Suno Not\u00edcias\"},\"image\":{\"@id\":\"https:\/\/www.suno.com.br\/noticias\/#\/schema\/logo\/image\/\"},\"sameAs\":[\"https:\/\/facebook.com\/sunoresearch\",\"https:\/\/x.com\/sunoresearch\",\"https:\/\/www.instagram.com\/suno\",\"https:\/\/www.linkedin.com\/company\/suno-research\/\",\"https:\/\/www.youtube.com\/c\/sunoresearch\"]},{\"@type\":\"Person\",\"@id\":\"https:\/\/www.suno.com.br\/noticias\/#\/schema\/person\/d0f32748bbca4bee871fa191ee4e2d40\",\"name\":\"Giovanni Porf\u00edrio Jacomino\",\"image\":{\"@type\":\"ImageObject\",\"inLanguage\":\"pt-BR\",\"@id\":\"https:\/\/www.suno.com.br\/noticias\/#\/schema\/person\/image\/\",\"url\":\"https:\/\/secure.gravatar.com\/avatar\/efb32e19b730a121cb7a80f41ffec01a?s=96&r=g\",\"contentUrl\":\"https:\/\/secure.gravatar.com\/avatar\/efb32e19b730a121cb7a80f41ffec01a?s=96&r=g\",\"caption\":\"Giovanni Porf\u00edrio Jacomino\"},\"description\":\"Giovanni Porf\u00edrio Jacomino \u00e9 jornalista formado pela Universidade Estadual de Londrina (UEL) e p\u00f3s-graduado em Produ\u00e7\u00e3o e Pr\u00e1ticas Jornal\u00edsticas na Contemporaneidade na Faculdade C\u00e1sper L\u00edbero (FCL). Foi editor web no Startupi e no Finsiders, atuando ainda como editor no TC Mover, portal de not\u00edcias da TradersClub, fazendo a cobertura de assuntos relacionados ao mercado financeiro interno e externo. Atualmente, \u00e9 Rep\u00f3rter do Suno Not\u00edcias.\",\"url\":\"https:\/\/www.suno.com.br\/noticias\/author\/giovanni-porfiriosuno-com-br\/\"}]}<\/script>\n<!-- \/ Yoast SEO plugin. -->","yoast_head_json":{"title":"Selic inalterada e PIB para cima: confira as proje\u00e7\u00f5es do Focus","description":"O mercado manteve a proje\u00e7\u00e3o para a taxa Selic e aumentou a previs\u00e3o para o IPCA e tamb\u00e9m para o PIB. Confira o Boletim Focus da semana.","robots":{"index":"index","follow":"follow","max-snippet":"max-snippet:-1","max-image-preview":"max-image-preview:large","max-video-preview":"max-video-preview:-1"},"canonical":"https:\/\/www.suno.com.br\/noticias\/selic-inalterada-pib-alta-boletim-focus-gpj\/","og_locale":"pt_BR","og_type":"article","og_title":"Selic inalterada e PIB para cima: confira as proje\u00e7\u00f5es do Focus","og_description":"O mercado manteve a proje\u00e7\u00e3o para a taxa Selic e aumentou a previs\u00e3o para o IPCA e tamb\u00e9m para o PIB. Confira o Boletim Focus da semana.","og_url":"https:\/\/www.suno.com.br\/noticias\/selic-inalterada-pib-alta-boletim-focus-gpj\/","og_site_name":"Suno Not\u00edcias","article_publisher":"https:\/\/facebook.com\/sunoresearch","og_image":[{"width":2121,"height":1414,"url":"https:\/\/files.sunoresearch.com.br\/n\/uploads\/2024\/03\/iStock-1475324668.jpg","type":"image\/jpeg"}],"author":"Giovanni Porf\u00edrio Jacomino","twitter_card":"summary_large_image","twitter_creator":"@sunoresearch","twitter_site":"@sunoresearch","twitter_misc":{"Escrito por":"Giovanni Porf\u00edrio Jacomino","Est. tempo de leitura":"3 minutos"},"schema":{"@context":"https:\/\/schema.org","@graph":[{"@type":"NewsArticle","@id":"https:\/\/www.suno.com.br\/noticias\/selic-inalterada-pib-alta-boletim-focus-gpj\/#article","isPartOf":{"@id":"https:\/\/www.suno.com.br\/noticias\/selic-inalterada-pib-alta-boletim-focus-gpj\/"},"author":{"name":"Giovanni Porf\u00edrio Jacomino","@id":"https:\/\/www.suno.com.br\/noticias\/#\/schema\/person\/d0f32748bbca4bee871fa191ee4e2d40"},"headline":"Selic inalterada e PIB para cima: confira as proje\u00e7\u00f5es do Boletim Focus desta semana","datePublished":"2024-04-09T11:58:28+00:00","dateModified":"2024-04-09T11:58:35+00:00","mainEntityOfPage":{"@id":"https:\/\/www.suno.com.br\/noticias\/selic-inalterada-pib-alta-boletim-focus-gpj\/"},"wordCount":442,"publisher":{"@id":"https:\/\/www.suno.com.br\/noticias\/#organization"},"image":{"@id":"https:\/\/www.suno.com.br\/noticias\/selic-inalterada-pib-alta-boletim-focus-gpj\/#primaryimage"},"thumbnailUrl":"https:\/\/files.sunoresearch.com.br\/n\/uploads\/2024\/03\/iStock-1475324668.jpg","keywords":["balan\u00e7a comercial","Boletim Focus","d\u00f3lar","infla\u00e7\u00e3o","IPCA","mercado financeiro","Produto Interno Bruto (PIB)","Taxa Selic"],"articleSection":["Economia"],"inLanguage":"pt-BR"},{"@type":"WebPage","@id":"https:\/\/www.suno.com.br\/noticias\/selic-inalterada-pib-alta-boletim-focus-gpj\/","url":"https:\/\/www.suno.com.br\/noticias\/selic-inalterada-pib-alta-boletim-focus-gpj\/","name":"Selic inalterada e PIB para cima: confira as proje\u00e7\u00f5es do Focus","isPartOf":{"@id":"https:\/\/www.suno.com.br\/noticias\/#website"},"primaryImageOfPage":{"@id":"https:\/\/www.suno.com.br\/noticias\/selic-inalterada-pib-alta-boletim-focus-gpj\/#primaryimage"},"image":{"@id":"https:\/\/www.suno.com.br\/noticias\/selic-inalterada-pib-alta-boletim-focus-gpj\/#primaryimage"},"thumbnailUrl":"https:\/\/files.sunoresearch.com.br\/n\/uploads\/2024\/03\/iStock-1475324668.jpg","datePublished":"2024-04-09T11:58:28+00:00","dateModified":"2024-04-09T11:58:35+00:00","description":"O mercado manteve a proje\u00e7\u00e3o para a taxa Selic e aumentou a previs\u00e3o para o IPCA e tamb\u00e9m para o PIB. Confira o Boletim Focus da semana.","breadcrumb":{"@id":"https:\/\/www.suno.com.br\/noticias\/selic-inalterada-pib-alta-boletim-focus-gpj\/#breadcrumb"},"inLanguage":"pt-BR","potentialAction":[{"@type":"ReadAction","target":["https:\/\/www.suno.com.br\/noticias\/selic-inalterada-pib-alta-boletim-focus-gpj\/"]}]},{"@type":"ImageObject","inLanguage":"pt-BR","@id":"https:\/\/www.suno.com.br\/noticias\/selic-inalterada-pib-alta-boletim-focus-gpj\/#primaryimage","url":"https:\/\/files.sunoresearch.com.br\/n\/uploads\/2024\/03\/iStock-1475324668.jpg","contentUrl":"https:\/\/files.sunoresearch.com.br\/n\/uploads\/2024\/03\/iStock-1475324668.jpg","width":2121,"height":1414,"caption":"IPCA e Selic. Foto: iStock."},{"@type":"BreadcrumbList","@id":"https:\/\/www.suno.com.br\/noticias\/selic-inalterada-pib-alta-boletim-focus-gpj\/#breadcrumb","itemListElement":[{"@type":"ListItem","position":1,"name":"Not\u00edcias","item":"https:\/\/www.suno.com.br\/noticias\/"},{"@type":"ListItem","position":2,"name":"Economia","item":"https:\/\/www.suno.com.br\/noticias\/economia\/"},{"@type":"ListItem","position":3,"name":"Selic inalterada e PIB para cima: confira as proje\u00e7\u00f5es do Boletim Focus desta semana"}]},{"@type":"WebSite","@id":"https:\/\/www.suno.com.br\/noticias\/#website","url":"https:\/\/www.suno.com.br\/noticias\/","name":"Suno Not\u00edcias","description":"Seu portal de informa\u00e7\u00e3o sobre o mundo dos investimentos","publisher":{"@id":"https:\/\/www.suno.com.br\/noticias\/#organization"},"potentialAction":[{"@type":"SearchAction","target":{"@type":"EntryPoint","urlTemplate":"https:\/\/www.suno.com.br\/noticias\/?s={search_term_string}"},"query-input":{"@type":"PropertyValueSpecification","valueRequired":true,"valueName":"search_term_string"}}],"inLanguage":"pt-BR"},{"@type":"Organization","@id":"https:\/\/www.suno.com.br\/noticias\/#organization","name":"Suno Not\u00edcias","url":"https:\/\/www.suno.com.br\/noticias\/","logo":{"@type":"ImageObject","inLanguage":"pt-BR","@id":"https:\/\/www.suno.com.br\/noticias\/#\/schema\/logo\/image\/","url":"https:\/\/files.sunoresearch.com.br\/n\/uploads\/2021\/09\/suno-logo.png","contentUrl":"https:\/\/files.sunoresearch.com.br\/n\/uploads\/2021\/09\/suno-logo.png","width":180,"height":180,"caption":"Suno Not\u00edcias"},"image":{"@id":"https:\/\/www.suno.com.br\/noticias\/#\/schema\/logo\/image\/"},"sameAs":["https:\/\/facebook.com\/sunoresearch","https:\/\/x.com\/sunoresearch","https:\/\/www.instagram.com\/suno","https:\/\/www.linkedin.com\/company\/suno-research\/","https:\/\/www.youtube.com\/c\/sunoresearch"]},{"@type":"Person","@id":"https:\/\/www.suno.com.br\/noticias\/#\/schema\/person\/d0f32748bbca4bee871fa191ee4e2d40","name":"Giovanni Porf\u00edrio Jacomino","image":{"@type":"ImageObject","inLanguage":"pt-BR","@id":"https:\/\/www.suno.com.br\/noticias\/#\/schema\/person\/image\/","url":"https:\/\/secure.gravatar.com\/avatar\/efb32e19b730a121cb7a80f41ffec01a?s=96&r=g","contentUrl":"https:\/\/secure.gravatar.com\/avatar\/efb32e19b730a121cb7a80f41ffec01a?s=96&r=g","caption":"Giovanni Porf\u00edrio Jacomino"},"description":"Giovanni Porf\u00edrio Jacomino \u00e9 jornalista formado pela Universidade Estadual de Londrina (UEL) e p\u00f3s-graduado em Produ\u00e7\u00e3o e Pr\u00e1ticas Jornal\u00edsticas na Contemporaneidade na Faculdade C\u00e1sper L\u00edbero (FCL). Foi editor web no Startupi e no Finsiders, atuando ainda como editor no TC Mover, portal de not\u00edcias da TradersClub, fazendo a cobertura de assuntos relacionados ao mercado financeiro interno e externo. Atualmente, \u00e9 Rep\u00f3rter do Suno Not\u00edcias.","url":"https:\/\/www.suno.com.br\/noticias\/author\/giovanni-porfiriosuno-com-br\/"}]}},"default_loop_html":"<div class=\"cardsPage__listCard__boxs\"><div class=\"cardsPage__listCard__boxs__img\"><a href=\"https:\/\/www.suno.com.br\/noticias\/selic-inalterada-pib-alta-boletim-focus-gpj\/\"><img class=\"mask\" src=\"https:\/\/www.suno.com.br\/noticias\/wp-content\/themes\/suno\/resources\/images\/spotlight\/spotlight1img\/bg-mask.png\" alt=\"Image Mask\"\/><img src=\"https:\/\/files.sunoresearch.com.br\/n\/uploads\/2024\/03\/iStock-1475324668-400x200.jpg\" alt=\"Selic inalterada e PIB para cima: confira as proje\u00e7\u00f5es do Boletim Focus desta semana\"\/><\/a><span class=\"spotlightCategory\"><a href=\"https:\/\/www.suno.com.br\/noticias\/economia\/\">Economia<\/a><\/span><\/div><div class=\"cardsPage__listCard__boxs__content\"><a href=\"https:\/\/www.suno.com.br\/noticias\/selic-inalterada-pib-alta-boletim-focus-gpj\/\"><h2 class=\"content__title\">Selic inalterada e PIB para cima: confira as proje\u00e7\u00f5es do Boletim Focus desta semana<\/h2><\/a><div class=\"newsContent__article__meta\"><div class=\"newsContent__article__meta__authorBox\"><a href=\"https:\/\/www.suno.com.br\/noticias\/author\/giovanni-porfiriosuno-com-br\/\" class=\"authorBox__avatar noMobi\"><img src=\"https:\/\/files.sunoresearch.com.br\/n\/uploads\/2024\/05\/DSCF4115-1-1-150x150.webp\" alt=\"Giovanni Porf\u00edrio Jacomino\"><\/a><div class=\"authorBox__name\"><span>por\n\t\t\t<a href=\"https:\/\/www.suno.com.br\/noticias\/author\/giovanni-porfiriosuno-com-br\/\"><span itemprop=\"author\">Giovanni Porf\u00edrio Jacomino<\/span><\/a><\/span><time datetime=\"2024-04-09T08:58:28-03:00\" itemprop=\"datePublished\">09\/04\/2024 08:58<\/time><\/div><\/div><\/div><\/div><\/div>","single_layout":"posts","amp_enabled":true,"_links":{"self":[{"href":"https:\/\/www.suno.com.br\/noticias\/wp-json\/wp\/v2\/posts\/542041"}],"collection":[{"href":"https:\/\/www.suno.com.br\/noticias\/wp-json\/wp\/v2\/posts"}],"about":[{"href":"https:\/\/www.suno.com.br\/noticias\/wp-json\/wp\/v2\/types\/post"}],"author":[{"embeddable":true,"href":"https:\/\/www.suno.com.br\/noticias\/wp-json\/wp\/v2\/users\/313"}],"replies":[{"embeddable":true,"href":"https:\/\/www.suno.com.br\/noticias\/wp-json\/wp\/v2\/comments?post=542041"}],"version-history":[{"count":2,"href":"https:\/\/www.suno.com.br\/noticias\/wp-json\/wp\/v2\/posts\/542041\/revisions"}],"predecessor-version":[{"id":542059,"href":"https:\/\/www.suno.com.br\/noticias\/wp-json\/wp\/v2\/posts\/542041\/revisions\/542059"}],"wp:featuredmedia":[{"embeddable":true,"href":"https:\/\/www.suno.com.br\/noticias\/wp-json\/wp\/v2\/media\/532431"}],"wp:attachment":[{"href":"https:\/\/www.suno.com.br\/noticias\/wp-json\/wp\/v2\/media?parent=542041"}],"wp:term":[{"taxonomy":"category","embeddable":true,"href":"https:\/\/www.suno.com.br\/noticias\/wp-json\/wp\/v2\/categories?post=542041"},{"taxonomy":"post_tag","embeddable":true,"href":"https:\/\/www.suno.com.br\/noticias\/wp-json\/wp\/v2\/tags?post=542041"},{"taxonomy":"suno_strategy","embeddable":true,"href":"https:\/\/www.suno.com.br\/noticias\/wp-json\/wp\/v2\/suno_strategy?post=542041"}],"curies":[{"name":"wp","href":"https:\/\/api.w.org\/{rel}","templated":true}]}}