{"id":542017,"date":"2024-04-09T08:03:21","date_gmt":"2024-04-09T11:03:21","guid":{"rendered":"https:\/\/www.suno.com.br\/noticias\/?p=542017"},"modified":"2024-04-09T08:31:18","modified_gmt":"2024-04-09T11:31:18","slug":"tenda-tend3-previa-1t34-gpj","status":"publish","type":"post","link":"https:\/\/www.suno.com.br\/noticias\/tenda-tend3-previa-1t34-gpj\/","title":{"rendered":"Tenda (TEND3) tem alta de 47% nas vendas l\u00edquidas do 1T24, segundo pr\u00e9via"},"content":{"rendered":"<p>Segundo pr\u00e9via operacional divulgada nesta segunda-feira (8), a <a href=\"https:\/\/www.suno.com.br\/acoes\/TEND3\/\"><strong>Tenda<\/strong> (TEND3)<\/a> atingiu vendas l\u00edquidas de R$ 884,1 milh\u00f5es no primeiro trimestre de 2024, aumento de 47,3% em rela\u00e7\u00e3o ao mesmo per\u00edodo do ano anterior.<\/p>\t<div class=\"wrapper-featured-image\">\n\t\t<figure class=\"spotlightImg\">\n\n\t\t\t<picture>\n\t\t\t\t<source media=\"(max-width: 768px)\" srcset=\"https:\/\/files.sunoresearch.com.br\/n\/uploads\/2024\/04\/pexels-photomix-company-224924-400x200.jpg\">\n\t\t\t\t<img loading=\"lazy\" decoding=\"async\" class=\"newsContent__article__imgCapa lazyloadDisabled \" src=\"https:\/\/files.sunoresearch.com.br\/n\/uploads\/2024\/04\/pexels-photomix-company-224924-800x450.jpg\" width=\"800\" height=\"450\" alt=\"Tenda (TEND3) tem alta de 47% nas vendas l\u00edquidas do 1T24, segundo pr\u00e9via\" fetchpriority=high \/>\n\t\t\t<\/picture>\n\n\t\t\t<figcaption class=\"wp-caption-text wp-caption-text--show\">Tenda (TEND3). Foto: Unsplash.<\/figcaption>\n\t\t<\/figure>\n\t<\/div>\n\n\n\n\n\n\n\n\t<p>\n\t\t<a href=\"https:\/\/lp.suno.com.br\/planilha-da-vida-financeira\/\" target=\"_blank\" data-element=\"shortcode-suno-banner\" title=\"Banner SUNO, clique e saiba mais\">\n\t\t\t<picture>\n\t\t\t\t<source media=\"(max-width: 500px)\" srcset=\"https:\/\/files.sunoresearch.com.br\/n\/uploads\/2023\/04\/400x300-Planilha-vida-financeira-true.png\">\n\t\t\t\t<img class=\"newsContent__article__imgCapa newsContent__article__imgCapa--banner\"\n\t\t\t\t\tsrc=\"https:\/\/files.sunoresearch.com.br\/n\/uploads\/2023\/04\/1420x240-Planilha-vida-financeira-true.png\"\n\t\t\t\t\tdata-promo-id=\"106682\"\t\t\t\t\t\t\t\t\t\twidth='1420' height='240'\t\t\t\t\talt=\"https:\/\/files.sunoresearch.com.br\/n\/uploads\/2023\/04\/1420x240-Planilha-vida-financeira-true.png\"\n\t\t\t\t>\n\t\t\t<\/picture>\n\t\t<\/a>\n\t<\/p>\n\n\n\n\n\n<p>No 1T24, o Valor Geral de Vendas (VGV) da Tenda chegou a R$ 675,4 milh\u00f5es, aumento de 50,7% em rela\u00e7\u00e3o ao 1T23, quando havia registrado R$ 447,6 milh\u00f5es. No primeiro trimestre deste ano, a Tenda lan\u00e7ou 9 empreendimentos.<\/p>\n\n\n\n<p>No 1T24, as <strong>vendas brutas da Tenda <\/strong>totalizaram R$ 972,1 milh\u00f5es, aumento de 34,8% em rela\u00e7\u00e3o aos R$ 720,9 milh\u00f5es reportados no 1T23. <\/p>\n\n\n\n<p>J\u00e1 a Velocidade sobre a Oferta L\u00edquida (VSO) l\u00edquida foi de de 31,2% no primeiro trimestre deste ano, aumento de 6,4 ponto percentual (p.p) em rela\u00e7\u00e3o ao mesmo per\u00edodo do ano anterior.<\/p>\n\n\n\n<p>A companhia finalizou o 1T24 com R$ 15,7 bilh\u00f5es em VGV no seu banco de terrenos, aumento de 4,2% em rela\u00e7\u00e3o ao mesmo per\u00edodo do ano anterior.<\/p>\n\n\n\n<p>O <strong>balan\u00e7o do 1T24 da Tenda<\/strong> ser\u00e1 divulgado no dia 8 de maio de 2024.<\/p>\n\n\n\n<h2 class=\"wp-block-heading\">Tenda no 1T24: vendas l\u00edquidas da divis\u00e3o Alea chegam a R$ 80,7 milh\u00f5es<\/h2>\n\n\n\n<p>Em rela\u00e7\u00e3o \u00e0 <strong>Alea<\/strong>, divis\u00e3o de casas pr\u00e9-fabricadas da Tenda, foram lan\u00e7ados 4 empreendimentos no 1T24, com VGV de R$ 84,5 milh\u00f5es.<\/p>\n\n\n\n<p>J\u00e1 as <strong>vendas brutas da Alea<\/strong> no trimestre totalizaram R$ 104,3 milh\u00f5es, n\u00famero 57,6% superior ao mesmo per\u00edodo do ano anterior, com <a href=\"https:\/\/www.suno.com.br\/artigos\/preco-medio\/\">pre\u00e7o m\u00e9dio<\/a> por unidade de R$ 186,2 mil.<\/p>\n\n\n\n<p>As <strong>vendas l\u00edquidas da Alea<\/strong> foram de R$ 80,7 milh\u00f5es no 1T24, com VSO l\u00edquida de 23,9%, aumento de 10,6 p.p em rela\u00e7\u00e3o ao primeiro trimestre de 2023.<\/p>\n\n\n\n<p>Ainda em rela\u00e7\u00e3o a Alea, o VGV no seu banco de terrenos foi de R$ 3,3 bilh\u00f5es, aumento de 99,5% comparado ao mesmo per\u00edodo do ano anterior, o que representa um total de 17,4% do VGV consolidado.<\/p>\n\n\n\t<p>\n\t\t<a href=\"https:\/\/lp.suno.com.br\/ebook-como-analisar-uma-acao\/\" target=\"_blank\" data-element=\"shortcode-suno-banner\" title=\"Banner SUNO, clique e saiba mais\">\n\t\t\t<picture>\n\t\t\t\t<source media=\"(max-width: 500px)\" srcset=\"https:\/\/files.sunoresearch.com.br\/n\/uploads\/2023\/03\/Ebook-Acoes-Mobile.jpg\">\n\t\t\t\t<img class=\"newsContent__article__imgCapa newsContent__article__imgCapa--banner\"\n\t\t\t\t\tsrc=\"https:\/\/files.sunoresearch.com.br\/n\/uploads\/2023\/03\/Ebook-Acoes-Desktop.jpg\"\n\t\t\t\t\tdata-promo-id=\"378302\"\t\t\t\t\t\t\t\t\t\twidth='1420' height='286'\t\t\t\t\talt=\"https:\/\/files.sunoresearch.com.br\/n\/uploads\/2023\/03\/Ebook-Acoes-Desktop.jpg\"\n\t\t\t\t>\n\t\t\t<\/picture>\n\t\t<\/a>\n\t<\/p>\n\n\n\n\n\n<h2 class=\"wp-block-heading\">XP: pr\u00e9via da Tenda refor\u00e7a cen\u00e1rio de demanda aquecida<\/h2>\n\n\n\n<p>Em relat\u00f3rio, a XP (<a href=\"https:\/\/www.suno.com.br\/bdrs\/xpbr31\/\">XPBR31<\/a>) enxerga com bons olhos o desempenho positiva das <strong>vendas l\u00edquidas da Tenda<\/strong>, refor\u00e7ando o cen\u00e1rio de demanda aquecida no programa habitacional Minha Casa Minha Vida (MCMV), que acredita que poder\u00e1 ser adicionalmente impulsionado pela recente implementa\u00e7\u00e3o do FGTS Futuro, cujas concess\u00f5es foram iniciadas pela Caixa Econ\u00f4mica Federal na segunda-feira (8).<\/p>\n\n\n\n<p>&#8220;Al\u00e9m disso, acreditamos que a consistente expans\u00e3o de pre\u00e7os do segmento Tenda deve continuar apoiando uma recupera\u00e7\u00e3o gradual da <a href=\"https:\/\/www.suno.com.br\/artigos\/margem-bruta-entenda-sua-importancia\/\">margem bruta<\/a>, embora acreditemos que a Alea deva continuar arrastando os resultados no <a href=\"https:\/\/www.suno.com.br\/artigos\/curto-prazo\/\">curto prazo<\/a>&#8220;, pontuaram os analistas Ygor Altero e Ruan Argenton.<\/p>\n\n\n\n<h2 class=\"wp-block-heading\">Desempenho das a\u00e7\u00f5es de Tenda (TEND3)<\/h2>\n\n\n\n<p>Confira o desempenho das a\u00e7\u00f5es de<strong> Tenda <\/strong>(TEND3).<\/p>\n\n\n\n<div class=\"pluginQuotation\">\n  <p class=\"ticker\">\n    Cota\u00e7\u00e3o <span>TEND3<\/span>\n  <\/p>\n  <div class=\"info\">\n    <div class=\"leftSide\">\n      Gr\u00e1fico gerado em: 09\/04\/2024    <\/div>\n\t\t\t\t\t<div class=\"rightSide\">\n\t\t\t\t\t<span class=\"period\">\n\t\t\t\t\t\t5 Dias\t\t\t\t\t<\/span>\n\t\t\t<\/div>\n\t\t  <\/div>\n\n  <div id=\"chart-e33bf88c9e006107650f03daf0cd9d20\" data-block-hash=\"e33bf88c9e006107650f03daf0cd9d20\"  class=\"chart\" style=\"width:100%;height:400px;\"><\/div>\n\n  <div class=\"pluginQuotation__footer\">\n    <div class=\"dataChart\">\n\n      <div class=\"dataChart__div1 variation\">\n        <div class=\"value-negative\">\n          0,00 (0,00%)        <\/div>\n        <div class=\"text\">\n          Varia\u00e7\u00e3o do per\u00edodo\n        <\/div>\n      <\/div>\n\n      <div class=\"dataChart__div2 minMax\">\n        <div class=\"value\">\n          R$\u00a013,21        <\/div>\n        <div class=\"text\">\n          M\u00ednima\n        <\/div>\n      <\/div>\n\n      <div class=\"dataChart__div3 minMax\">\n        <div class=\"value\">\n          R$\u00a013,21        <\/div>\n        <div class=\"text\">\n          M\u00e1xima\n        <\/div>\n      <\/div>\n\n\t\t\t<div class=\"dataChart__div4 rightSide\">\n\t\t\t\t<div class=\"analiticaSource\">\n\t\t\t\t\t<span>\n\t\t\t\t\t\tFonte:\n\t\t\t\t\t<\/span>\n\t\t\t\t\t<img decoding=\"async\" class=\"analiticaLogo\" src=\"https:\/\/www.suno.com.br\/noticias\/wp-content\/plugins\/suno-block-ticker-quotation\/src\/suno-analitica-logo.png\" alt=\"Logo Suno Anal\u00edtica\" \/>\n\t\t\t\t<\/div>\n\n\t\t\t\t<a href=\"https:\/\/www.suno.com.br\/analitica\/acoes\/TEND3\" target=\"_blank\">\n\t\t\t\t\t<span>\n\t\t\t\t\t\tVer mais cota\u00e7\u00f5es\n\t\t\t\t\t<\/span>\n\t\t\t\t\t<svg xmlns=\"http:\/\/www.w3.org\/2000\/svg\" width=\"9\" height=\"8\" viewBox=\"0 0 9 8\" fill=\"none\">\n\t\t\t\t\t\t<path d=\"M4.20996 0L3.50496 0.705L6.29496 3.5H0.209961V4.5H6.29496L3.50496 7.295L4.20996 8L8.20996 4L4.20996 0Z\" fill=\"#D42126\" \/>\n\t\t\t\t\t<\/svg>\n\t\t\t\t<\/a>\n    <\/div>\n\n    <\/div>\n  <\/div>\n<\/div>\n\n\n<script type=\"text\/javascript\">\n  let chart_e33bf88c9e006107650f03daf0cd9d20 = document.getElementById('chart-e33bf88c9e006107650f03daf0cd9d20');\n  let data_json_e33bf88c9e006107650f03daf0cd9d20 = \"[{\\\"date\\\":\\\"04\\\\\\\/04\\\\\\\/24 10:10\\\",\\\"value\\\":13.21}]\";\n  let isPositive_e33bf88c9e006107650f03daf0cd9d20 = true;\n\n  let color_e33bf88c9e006107650f03daf0cd9d20 = isPositive_e33bf88c9e006107650f03daf0cd9d20 ? '#3AB53A' : '#D92C2D';\n\n  let data_e33bf88c9e006107650f03daf0cd9d20 = JSON.parse(data_json_e33bf88c9e006107650f03daf0cd9d20);\n\n  const result_e33bf88c9e006107650f03daf0cd9d20 = {\n    date: [],\n    value: [],\n  };\n\n  data_e33bf88c9e006107650f03daf0cd9d20.forEach((item) => {\n    result_e33bf88c9e006107650f03daf0cd9d20.date.push(item.date);\n    result_e33bf88c9e006107650f03daf0cd9d20.value.push(Number(item.value));\n  });\n\n  let option_e33bf88c9e006107650f03daf0cd9d20 = {\n    \/\/ variavel de cor global\n    color: [color_e33bf88c9e006107650f03daf0cd9d20],\n    title: {\n      text: '',\n    },\n    tooltip: {\n      trigger: 'axis',\n      axisPointer: {\n        type: 'cross',\n        label: {\n          \/\/ cor dos valores em X e Y\n          backgroundColor: color_e33bf88c9e006107650f03daf0cd9d20,\n          formatter: (value) => {\n            if (typeof value.value === 'number') {\n              return Number(value.value).toLocaleString('pt-br', {\n                style: 'currency',\n                currency: 'BRL'\n              });\n            }\n            return value.value;\n          },\n        },\n      },\n      valueFormatter: (value) => Number(value).toLocaleString('pt-br', {\n        style: 'currency',\n        currency: 'BRL'\n      }),\n    },\n    legend: {\n      \/\/ data: ['Valor de Fechamento'],\n      show: false,\n    },\n    toolbox: {\n      feature: {\n        saveAsImage: {\n          show: false,\n        },\n      },\n    },\n    grid: {\n      left: '0px',\n      right: '0px',\n      bottom: '0px',\n      containLabel: true,\n    },\n    xAxis: [{\n      type: 'category',\n      data: result_e33bf88c9e006107650f03daf0cd9d20.date,\n      boundaryGap: true,\n    }],\n    yAxis: [{\n      type: 'value',\n      min: Math.min(...result_e33bf88c9e006107650f03daf0cd9d20.value),\n      max: Math.max(...result_e33bf88c9e006107650f03daf0cd9d20.value),\n      axisLabel: {\n        formatter: (value) => value.toLocaleString('pt-br', {\n          style: 'currency',\n          currency: 'BRL'\n        }),\n      },\n    }],\n    series: [{\n      name: 'Valor de Fechamento',\n      type: 'line',\n      stack: 'Total',\n      \/\/ cor do grafico\n      areaStyle: {},\n      emphasis: {\n        focus: 'series',\n      },\n      data: result_e33bf88c9e006107650f03daf0cd9d20.value,\n      \/\/ cor da linha\n      lineStyle: {\n        color: color_e33bf88c9e006107650f03daf0cd9d20,\n      },\n    }, ],\n  };\n\n\twindow.chart_e33bf88c9e006107650f03daf0cd9d20 = {\n\t\tel: chart_e33bf88c9e006107650f03daf0cd9d20,\n\t\toption: option_e33bf88c9e006107650f03daf0cd9d20\t};\n\n\n<\/script>\n\n\n\t<p>\n\t\t<a href=\"https:\/\/lp.suno.com.br\/planilha-da-vida-financeira\/\" target=\"_blank\" data-element=\"shortcode-suno-banner\" title=\"Banner SUNO, clique e saiba mais\">\n\t\t\t<picture>\n\t\t\t\t<source media=\"(max-width: 500px)\" srcset=\"https:\/\/files.sunoresearch.com.br\/n\/uploads\/2023\/04\/400x300-Planilha-vida-financeira-true.png\">\n\t\t\t\t<img class=\"newsContent__article__imgCapa newsContent__article__imgCapa--banner\"\n\t\t\t\t\tsrc=\"https:\/\/files.sunoresearch.com.br\/n\/uploads\/2023\/04\/1420x240-Planilha-vida-financeira-true.png\"\n\t\t\t\t\tdata-promo-id=\"383123\"\t\t\t\t\t\t\t\t\t\twidth='1420' height='240'\t\t\t\t\talt=\"https:\/\/files.sunoresearch.com.br\/n\/uploads\/2023\/04\/1420x240-Planilha-vida-financeira-true.png\"\n\t\t\t\t>\n\t\t\t<\/picture>\n\t\t<\/a>\n\t<\/p>\n\n\n","protected":false},"excerpt":{"rendered":"<p>Segundo pr\u00e9via operacional divulgada nesta segunda-feira (8), a Tenda (TEND3) atingiu vendas l\u00edquidas de R$ 884,1 milh\u00f5es no primeiro trimestre de 2024, aumento de 47,3% em rela\u00e7\u00e3o ao mesmo per\u00edodo do ano anterior. Tenda (TEND3). Foto: Unsplash. No 1T24, o Valor Geral de Vendas (VGV) da Tenda chegou a R$ 675,4 milh\u00f5es, aumento de 50,7% [&hellip;]<\/p>\n","protected":false},"author":313,"featured_media":542019,"comment_status":"closed","ping_status":"closed","sticky":false,"template":"","format":"standard","meta":[],"categories":[64],"tags":[286,1029,105816,1607,660],"suno_strategy":[],"class_list":["post-542017","post","type-post","status-publish","format-standard","has-post-thumbnail","hentry","category-negocios","tag-acoes","tag-balancos-trimestrais","tag-especialistas","tag-resultado-das-empresas","tag-tenda-tend3"],"yoast_head":"<!-- This site is optimized with the Yoast SEO plugin v24.4 - https:\/\/yoast.com\/wordpress\/plugins\/seo\/ -->\n<title>Tenda (TEND3) tem alta de 47% nas vendas do 1T24, diz pr\u00e9via<\/title>\n<meta name=\"description\" content=\"A Tenda atingiu vendas l\u00edquidas de R$ 884,1 milh\u00f5es no 1T24. segundo pr\u00e9via operacional. Veja mais n\u00fameros da pr\u00e9via operacional da Tenda.\" \/>\n<meta name=\"robots\" content=\"index, follow, max-snippet:-1, max-image-preview:large, max-video-preview:-1\" \/>\n<link rel=\"canonical\" href=\"https:\/\/www.suno.com.br\/noticias\/tenda-tend3-previa-1t34-gpj\/\" \/>\n<meta property=\"og:locale\" content=\"pt_BR\" \/>\n<meta property=\"og:type\" content=\"article\" \/>\n<meta property=\"og:title\" content=\"Tenda (TEND3) tem alta de 47% nas vendas do 1T24, diz pr\u00e9via\" \/>\n<meta property=\"og:description\" content=\"A Tenda atingiu vendas l\u00edquidas de R$ 884,1 milh\u00f5es no 1T24. segundo pr\u00e9via operacional. Veja mais n\u00fameros da pr\u00e9via operacional da Tenda.\" \/>\n<meta property=\"og:url\" content=\"https:\/\/www.suno.com.br\/noticias\/tenda-tend3-previa-1t34-gpj\/\" \/>\n<meta property=\"og:site_name\" content=\"Suno Not\u00edcias\" \/>\n<meta property=\"article:publisher\" content=\"https:\/\/facebook.com\/sunoresearch\" \/>\n<meta property=\"og:image\" content=\"https:\/\/files.sunoresearch.com.br\/n\/uploads\/2024\/04\/pexels-photomix-company-224924-scaled.jpg\" \/>\n\t<meta property=\"og:image:width\" content=\"2560\" \/>\n\t<meta property=\"og:image:height\" content=\"1707\" \/>\n\t<meta property=\"og:image:type\" content=\"image\/jpeg\" \/>\n<meta name=\"author\" content=\"Giovanni Porf\u00edrio Jacomino\" \/>\n<meta name=\"twitter:card\" content=\"summary_large_image\" \/>\n<meta name=\"twitter:creator\" content=\"@sunoresearch\" \/>\n<meta name=\"twitter:site\" content=\"@sunoresearch\" \/>\n<meta name=\"twitter:label1\" content=\"Escrito por\" \/>\n\t<meta name=\"twitter:data1\" content=\"Giovanni Porf\u00edrio Jacomino\" \/>\n\t<meta name=\"twitter:label2\" content=\"Est. tempo de leitura\" \/>\n\t<meta name=\"twitter:data2\" content=\"3 minutos\" \/>\n<script type=\"application\/ld+json\" class=\"yoast-schema-graph\">{\"@context\":\"https:\/\/schema.org\",\"@graph\":[{\"@type\":\"NewsArticle\",\"@id\":\"https:\/\/www.suno.com.br\/noticias\/tenda-tend3-previa-1t34-gpj\/#article\",\"isPartOf\":{\"@id\":\"https:\/\/www.suno.com.br\/noticias\/tenda-tend3-previa-1t34-gpj\/\"},\"author\":{\"name\":\"Giovanni Porf\u00edrio Jacomino\",\"@id\":\"https:\/\/www.suno.com.br\/noticias\/#\/schema\/person\/d0f32748bbca4bee871fa191ee4e2d40\"},\"headline\":\"Tenda (TEND3) tem alta de 47% nas vendas l\u00edquidas do 1T24, segundo pr\u00e9via\",\"datePublished\":\"2024-04-09T11:03:21+00:00\",\"dateModified\":\"2024-04-09T11:31:18+00:00\",\"mainEntityOfPage\":{\"@id\":\"https:\/\/www.suno.com.br\/noticias\/tenda-tend3-previa-1t34-gpj\/\"},\"wordCount\":467,\"publisher\":{\"@id\":\"https:\/\/www.suno.com.br\/noticias\/#organization\"},\"image\":{\"@id\":\"https:\/\/www.suno.com.br\/noticias\/tenda-tend3-previa-1t34-gpj\/#primaryimage\"},\"thumbnailUrl\":\"https:\/\/files.sunoresearch.com.br\/n\/uploads\/2024\/04\/pexels-photomix-company-224924-scaled.jpg\",\"keywords\":[\"A\u00e7\u00f5es\",\"balan\u00e7os trimestrais\",\"Especialistas\",\"Resultado das empresas\",\"Tenda (TEND3)\"],\"articleSection\":[\"Neg\u00f3cios\"],\"inLanguage\":\"pt-BR\"},{\"@type\":\"WebPage\",\"@id\":\"https:\/\/www.suno.com.br\/noticias\/tenda-tend3-previa-1t34-gpj\/\",\"url\":\"https:\/\/www.suno.com.br\/noticias\/tenda-tend3-previa-1t34-gpj\/\",\"name\":\"Tenda (TEND3) tem alta de 47% nas vendas do 1T24, diz pr\u00e9via\",\"isPartOf\":{\"@id\":\"https:\/\/www.suno.com.br\/noticias\/#website\"},\"primaryImageOfPage\":{\"@id\":\"https:\/\/www.suno.com.br\/noticias\/tenda-tend3-previa-1t34-gpj\/#primaryimage\"},\"image\":{\"@id\":\"https:\/\/www.suno.com.br\/noticias\/tenda-tend3-previa-1t34-gpj\/#primaryimage\"},\"thumbnailUrl\":\"https:\/\/files.sunoresearch.com.br\/n\/uploads\/2024\/04\/pexels-photomix-company-224924-scaled.jpg\",\"datePublished\":\"2024-04-09T11:03:21+00:00\",\"dateModified\":\"2024-04-09T11:31:18+00:00\",\"description\":\"A Tenda atingiu vendas l\u00edquidas de R$ 884,1 milh\u00f5es no 1T24. segundo pr\u00e9via operacional. Veja mais n\u00fameros da pr\u00e9via operacional da Tenda.\",\"breadcrumb\":{\"@id\":\"https:\/\/www.suno.com.br\/noticias\/tenda-tend3-previa-1t34-gpj\/#breadcrumb\"},\"inLanguage\":\"pt-BR\",\"potentialAction\":[{\"@type\":\"ReadAction\",\"target\":[\"https:\/\/www.suno.com.br\/noticias\/tenda-tend3-previa-1t34-gpj\/\"]}]},{\"@type\":\"ImageObject\",\"inLanguage\":\"pt-BR\",\"@id\":\"https:\/\/www.suno.com.br\/noticias\/tenda-tend3-previa-1t34-gpj\/#primaryimage\",\"url\":\"https:\/\/files.sunoresearch.com.br\/n\/uploads\/2024\/04\/pexels-photomix-company-224924-scaled.jpg\",\"contentUrl\":\"https:\/\/files.sunoresearch.com.br\/n\/uploads\/2024\/04\/pexels-photomix-company-224924-scaled.jpg\",\"width\":2560,\"height\":1707,\"caption\":\"Tenda (TEND3). Foto: Unsplash.\"},{\"@type\":\"BreadcrumbList\",\"@id\":\"https:\/\/www.suno.com.br\/noticias\/tenda-tend3-previa-1t34-gpj\/#breadcrumb\",\"itemListElement\":[{\"@type\":\"ListItem\",\"position\":1,\"name\":\"Not\u00edcias\",\"item\":\"https:\/\/www.suno.com.br\/noticias\/\"},{\"@type\":\"ListItem\",\"position\":2,\"name\":\"Neg\u00f3cios\",\"item\":\"https:\/\/www.suno.com.br\/noticias\/negocios\/\"},{\"@type\":\"ListItem\",\"position\":3,\"name\":\"Tenda (TEND3) tem alta de 47% nas vendas l\u00edquidas do 1T24, segundo pr\u00e9via\"}]},{\"@type\":\"WebSite\",\"@id\":\"https:\/\/www.suno.com.br\/noticias\/#website\",\"url\":\"https:\/\/www.suno.com.br\/noticias\/\",\"name\":\"Suno Not\u00edcias\",\"description\":\"Seu portal de informa\u00e7\u00e3o sobre o mundo dos investimentos\",\"publisher\":{\"@id\":\"https:\/\/www.suno.com.br\/noticias\/#organization\"},\"potentialAction\":[{\"@type\":\"SearchAction\",\"target\":{\"@type\":\"EntryPoint\",\"urlTemplate\":\"https:\/\/www.suno.com.br\/noticias\/?s={search_term_string}\"},\"query-input\":{\"@type\":\"PropertyValueSpecification\",\"valueRequired\":true,\"valueName\":\"search_term_string\"}}],\"inLanguage\":\"pt-BR\"},{\"@type\":\"Organization\",\"@id\":\"https:\/\/www.suno.com.br\/noticias\/#organization\",\"name\":\"Suno Not\u00edcias\",\"url\":\"https:\/\/www.suno.com.br\/noticias\/\",\"logo\":{\"@type\":\"ImageObject\",\"inLanguage\":\"pt-BR\",\"@id\":\"https:\/\/www.suno.com.br\/noticias\/#\/schema\/logo\/image\/\",\"url\":\"https:\/\/files.sunoresearch.com.br\/n\/uploads\/2021\/09\/suno-logo.png\",\"contentUrl\":\"https:\/\/files.sunoresearch.com.br\/n\/uploads\/2021\/09\/suno-logo.png\",\"width\":180,\"height\":180,\"caption\":\"Suno Not\u00edcias\"},\"image\":{\"@id\":\"https:\/\/www.suno.com.br\/noticias\/#\/schema\/logo\/image\/\"},\"sameAs\":[\"https:\/\/facebook.com\/sunoresearch\",\"https:\/\/x.com\/sunoresearch\",\"https:\/\/www.instagram.com\/suno\",\"https:\/\/www.linkedin.com\/company\/suno-research\/\",\"https:\/\/www.youtube.com\/c\/sunoresearch\"]},{\"@type\":\"Person\",\"@id\":\"https:\/\/www.suno.com.br\/noticias\/#\/schema\/person\/d0f32748bbca4bee871fa191ee4e2d40\",\"name\":\"Giovanni Porf\u00edrio Jacomino\",\"image\":{\"@type\":\"ImageObject\",\"inLanguage\":\"pt-BR\",\"@id\":\"https:\/\/www.suno.com.br\/noticias\/#\/schema\/person\/image\/\",\"url\":\"https:\/\/secure.gravatar.com\/avatar\/efb32e19b730a121cb7a80f41ffec01a?s=96&r=g\",\"contentUrl\":\"https:\/\/secure.gravatar.com\/avatar\/efb32e19b730a121cb7a80f41ffec01a?s=96&r=g\",\"caption\":\"Giovanni Porf\u00edrio Jacomino\"},\"description\":\"Giovanni Porf\u00edrio Jacomino \u00e9 jornalista formado pela Universidade Estadual de Londrina (UEL) e p\u00f3s-graduado em Produ\u00e7\u00e3o e Pr\u00e1ticas Jornal\u00edsticas na Contemporaneidade na Faculdade C\u00e1sper L\u00edbero (FCL). Foi editor web no Startupi e no Finsiders, atuando ainda como editor no TC Mover, portal de not\u00edcias da TradersClub, fazendo a cobertura de assuntos relacionados ao mercado financeiro interno e externo. Atualmente, \u00e9 Rep\u00f3rter do Suno Not\u00edcias.\",\"url\":\"https:\/\/www.suno.com.br\/noticias\/author\/giovanni-porfiriosuno-com-br\/\"}]}<\/script>\n<!-- \/ Yoast SEO plugin. -->","yoast_head_json":{"title":"Tenda (TEND3) tem alta de 47% nas vendas do 1T24, diz pr\u00e9via","description":"A Tenda atingiu vendas l\u00edquidas de R$ 884,1 milh\u00f5es no 1T24. segundo pr\u00e9via operacional. Veja mais n\u00fameros da pr\u00e9via operacional da Tenda.","robots":{"index":"index","follow":"follow","max-snippet":"max-snippet:-1","max-image-preview":"max-image-preview:large","max-video-preview":"max-video-preview:-1"},"canonical":"https:\/\/www.suno.com.br\/noticias\/tenda-tend3-previa-1t34-gpj\/","og_locale":"pt_BR","og_type":"article","og_title":"Tenda (TEND3) tem alta de 47% nas vendas do 1T24, diz pr\u00e9via","og_description":"A Tenda atingiu vendas l\u00edquidas de R$ 884,1 milh\u00f5es no 1T24. segundo pr\u00e9via operacional. Veja mais n\u00fameros da pr\u00e9via operacional da Tenda.","og_url":"https:\/\/www.suno.com.br\/noticias\/tenda-tend3-previa-1t34-gpj\/","og_site_name":"Suno Not\u00edcias","article_publisher":"https:\/\/facebook.com\/sunoresearch","og_image":[{"width":2560,"height":1707,"url":"https:\/\/files.sunoresearch.com.br\/n\/uploads\/2024\/04\/pexels-photomix-company-224924-scaled.jpg","type":"image\/jpeg"}],"author":"Giovanni Porf\u00edrio Jacomino","twitter_card":"summary_large_image","twitter_creator":"@sunoresearch","twitter_site":"@sunoresearch","twitter_misc":{"Escrito por":"Giovanni Porf\u00edrio Jacomino","Est. tempo de leitura":"3 minutos"},"schema":{"@context":"https:\/\/schema.org","@graph":[{"@type":"NewsArticle","@id":"https:\/\/www.suno.com.br\/noticias\/tenda-tend3-previa-1t34-gpj\/#article","isPartOf":{"@id":"https:\/\/www.suno.com.br\/noticias\/tenda-tend3-previa-1t34-gpj\/"},"author":{"name":"Giovanni Porf\u00edrio Jacomino","@id":"https:\/\/www.suno.com.br\/noticias\/#\/schema\/person\/d0f32748bbca4bee871fa191ee4e2d40"},"headline":"Tenda (TEND3) tem alta de 47% nas vendas l\u00edquidas do 1T24, segundo pr\u00e9via","datePublished":"2024-04-09T11:03:21+00:00","dateModified":"2024-04-09T11:31:18+00:00","mainEntityOfPage":{"@id":"https:\/\/www.suno.com.br\/noticias\/tenda-tend3-previa-1t34-gpj\/"},"wordCount":467,"publisher":{"@id":"https:\/\/www.suno.com.br\/noticias\/#organization"},"image":{"@id":"https:\/\/www.suno.com.br\/noticias\/tenda-tend3-previa-1t34-gpj\/#primaryimage"},"thumbnailUrl":"https:\/\/files.sunoresearch.com.br\/n\/uploads\/2024\/04\/pexels-photomix-company-224924-scaled.jpg","keywords":["A\u00e7\u00f5es","balan\u00e7os trimestrais","Especialistas","Resultado das empresas","Tenda (TEND3)"],"articleSection":["Neg\u00f3cios"],"inLanguage":"pt-BR"},{"@type":"WebPage","@id":"https:\/\/www.suno.com.br\/noticias\/tenda-tend3-previa-1t34-gpj\/","url":"https:\/\/www.suno.com.br\/noticias\/tenda-tend3-previa-1t34-gpj\/","name":"Tenda (TEND3) tem alta de 47% nas vendas do 1T24, diz pr\u00e9via","isPartOf":{"@id":"https:\/\/www.suno.com.br\/noticias\/#website"},"primaryImageOfPage":{"@id":"https:\/\/www.suno.com.br\/noticias\/tenda-tend3-previa-1t34-gpj\/#primaryimage"},"image":{"@id":"https:\/\/www.suno.com.br\/noticias\/tenda-tend3-previa-1t34-gpj\/#primaryimage"},"thumbnailUrl":"https:\/\/files.sunoresearch.com.br\/n\/uploads\/2024\/04\/pexels-photomix-company-224924-scaled.jpg","datePublished":"2024-04-09T11:03:21+00:00","dateModified":"2024-04-09T11:31:18+00:00","description":"A Tenda atingiu vendas l\u00edquidas de R$ 884,1 milh\u00f5es no 1T24. segundo pr\u00e9via operacional. Veja mais n\u00fameros da pr\u00e9via operacional da Tenda.","breadcrumb":{"@id":"https:\/\/www.suno.com.br\/noticias\/tenda-tend3-previa-1t34-gpj\/#breadcrumb"},"inLanguage":"pt-BR","potentialAction":[{"@type":"ReadAction","target":["https:\/\/www.suno.com.br\/noticias\/tenda-tend3-previa-1t34-gpj\/"]}]},{"@type":"ImageObject","inLanguage":"pt-BR","@id":"https:\/\/www.suno.com.br\/noticias\/tenda-tend3-previa-1t34-gpj\/#primaryimage","url":"https:\/\/files.sunoresearch.com.br\/n\/uploads\/2024\/04\/pexels-photomix-company-224924-scaled.jpg","contentUrl":"https:\/\/files.sunoresearch.com.br\/n\/uploads\/2024\/04\/pexels-photomix-company-224924-scaled.jpg","width":2560,"height":1707,"caption":"Tenda (TEND3). Foto: Unsplash."},{"@type":"BreadcrumbList","@id":"https:\/\/www.suno.com.br\/noticias\/tenda-tend3-previa-1t34-gpj\/#breadcrumb","itemListElement":[{"@type":"ListItem","position":1,"name":"Not\u00edcias","item":"https:\/\/www.suno.com.br\/noticias\/"},{"@type":"ListItem","position":2,"name":"Neg\u00f3cios","item":"https:\/\/www.suno.com.br\/noticias\/negocios\/"},{"@type":"ListItem","position":3,"name":"Tenda (TEND3) tem alta de 47% nas vendas l\u00edquidas do 1T24, segundo pr\u00e9via"}]},{"@type":"WebSite","@id":"https:\/\/www.suno.com.br\/noticias\/#website","url":"https:\/\/www.suno.com.br\/noticias\/","name":"Suno Not\u00edcias","description":"Seu portal de informa\u00e7\u00e3o sobre o mundo dos investimentos","publisher":{"@id":"https:\/\/www.suno.com.br\/noticias\/#organization"},"potentialAction":[{"@type":"SearchAction","target":{"@type":"EntryPoint","urlTemplate":"https:\/\/www.suno.com.br\/noticias\/?s={search_term_string}"},"query-input":{"@type":"PropertyValueSpecification","valueRequired":true,"valueName":"search_term_string"}}],"inLanguage":"pt-BR"},{"@type":"Organization","@id":"https:\/\/www.suno.com.br\/noticias\/#organization","name":"Suno Not\u00edcias","url":"https:\/\/www.suno.com.br\/noticias\/","logo":{"@type":"ImageObject","inLanguage":"pt-BR","@id":"https:\/\/www.suno.com.br\/noticias\/#\/schema\/logo\/image\/","url":"https:\/\/files.sunoresearch.com.br\/n\/uploads\/2021\/09\/suno-logo.png","contentUrl":"https:\/\/files.sunoresearch.com.br\/n\/uploads\/2021\/09\/suno-logo.png","width":180,"height":180,"caption":"Suno Not\u00edcias"},"image":{"@id":"https:\/\/www.suno.com.br\/noticias\/#\/schema\/logo\/image\/"},"sameAs":["https:\/\/facebook.com\/sunoresearch","https:\/\/x.com\/sunoresearch","https:\/\/www.instagram.com\/suno","https:\/\/www.linkedin.com\/company\/suno-research\/","https:\/\/www.youtube.com\/c\/sunoresearch"]},{"@type":"Person","@id":"https:\/\/www.suno.com.br\/noticias\/#\/schema\/person\/d0f32748bbca4bee871fa191ee4e2d40","name":"Giovanni Porf\u00edrio Jacomino","image":{"@type":"ImageObject","inLanguage":"pt-BR","@id":"https:\/\/www.suno.com.br\/noticias\/#\/schema\/person\/image\/","url":"https:\/\/secure.gravatar.com\/avatar\/efb32e19b730a121cb7a80f41ffec01a?s=96&r=g","contentUrl":"https:\/\/secure.gravatar.com\/avatar\/efb32e19b730a121cb7a80f41ffec01a?s=96&r=g","caption":"Giovanni Porf\u00edrio Jacomino"},"description":"Giovanni Porf\u00edrio Jacomino \u00e9 jornalista formado pela Universidade Estadual de Londrina (UEL) e p\u00f3s-graduado em Produ\u00e7\u00e3o e Pr\u00e1ticas Jornal\u00edsticas na Contemporaneidade na Faculdade C\u00e1sper L\u00edbero (FCL). Foi editor web no Startupi e no Finsiders, atuando ainda como editor no TC Mover, portal de not\u00edcias da TradersClub, fazendo a cobertura de assuntos relacionados ao mercado financeiro interno e externo. Atualmente, \u00e9 Rep\u00f3rter do Suno Not\u00edcias.","url":"https:\/\/www.suno.com.br\/noticias\/author\/giovanni-porfiriosuno-com-br\/"}]}},"default_loop_html":"<div class=\"cardsPage__listCard__boxs\"><div class=\"cardsPage__listCard__boxs__img\"><a href=\"https:\/\/www.suno.com.br\/noticias\/tenda-tend3-previa-1t34-gpj\/\"><img class=\"mask\" src=\"https:\/\/www.suno.com.br\/noticias\/wp-content\/themes\/suno\/resources\/images\/spotlight\/spotlight1img\/bg-mask.png\" alt=\"Image Mask\"\/><img src=\"https:\/\/files.sunoresearch.com.br\/n\/uploads\/2024\/04\/pexels-photomix-company-224924-400x200.jpg\" alt=\"Tenda (TEND3) tem alta de 47% nas vendas l\u00edquidas do 1T24, segundo pr\u00e9via\"\/><\/a><span class=\"spotlightCategory\"><a href=\"https:\/\/www.suno.com.br\/noticias\/negocios\/\">Neg\u00f3cios<\/a><\/span><\/div><div class=\"cardsPage__listCard__boxs__content\"><a href=\"https:\/\/www.suno.com.br\/noticias\/tenda-tend3-previa-1t34-gpj\/\"><h2 class=\"content__title\">Tenda (TEND3) tem alta de 47% nas vendas l\u00edquidas do 1T24, segundo pr\u00e9via<\/h2><\/a><div class=\"newsContent__article__meta\"><div class=\"newsContent__article__meta__authorBox\"><a href=\"https:\/\/www.suno.com.br\/noticias\/author\/giovanni-porfiriosuno-com-br\/\" class=\"authorBox__avatar noMobi\"><img src=\"https:\/\/files.sunoresearch.com.br\/n\/uploads\/2024\/05\/DSCF4115-1-1-150x150.webp\" alt=\"Giovanni Porf\u00edrio Jacomino\"><\/a><div class=\"authorBox__name\"><span>por\n\t\t\t<a href=\"https:\/\/www.suno.com.br\/noticias\/author\/giovanni-porfiriosuno-com-br\/\"><span itemprop=\"author\">Giovanni Porf\u00edrio Jacomino<\/span><\/a><\/span><time datetime=\"2024-04-09T08:03:21-03:00\" itemprop=\"datePublished\">09\/04\/2024 08:03<\/time><\/div><\/div><\/div><\/div><\/div>","single_layout":"posts","amp_enabled":true,"_links":{"self":[{"href":"https:\/\/www.suno.com.br\/noticias\/wp-json\/wp\/v2\/posts\/542017"}],"collection":[{"href":"https:\/\/www.suno.com.br\/noticias\/wp-json\/wp\/v2\/posts"}],"about":[{"href":"https:\/\/www.suno.com.br\/noticias\/wp-json\/wp\/v2\/types\/post"}],"author":[{"embeddable":true,"href":"https:\/\/www.suno.com.br\/noticias\/wp-json\/wp\/v2\/users\/313"}],"replies":[{"embeddable":true,"href":"https:\/\/www.suno.com.br\/noticias\/wp-json\/wp\/v2\/comments?post=542017"}],"version-history":[{"count":3,"href":"https:\/\/www.suno.com.br\/noticias\/wp-json\/wp\/v2\/posts\/542017\/revisions"}],"predecessor-version":[{"id":542042,"href":"https:\/\/www.suno.com.br\/noticias\/wp-json\/wp\/v2\/posts\/542017\/revisions\/542042"}],"wp:featuredmedia":[{"embeddable":true,"href":"https:\/\/www.suno.com.br\/noticias\/wp-json\/wp\/v2\/media\/542019"}],"wp:attachment":[{"href":"https:\/\/www.suno.com.br\/noticias\/wp-json\/wp\/v2\/media?parent=542017"}],"wp:term":[{"taxonomy":"category","embeddable":true,"href":"https:\/\/www.suno.com.br\/noticias\/wp-json\/wp\/v2\/categories?post=542017"},{"taxonomy":"post_tag","embeddable":true,"href":"https:\/\/www.suno.com.br\/noticias\/wp-json\/wp\/v2\/tags?post=542017"},{"taxonomy":"suno_strategy","embeddable":true,"href":"https:\/\/www.suno.com.br\/noticias\/wp-json\/wp\/v2\/suno_strategy?post=542017"}],"curies":[{"name":"wp","href":"https:\/\/api.w.org\/{rel}","templated":true}]}}