{"id":541986,"date":"2024-04-08T22:42:27","date_gmt":"2024-04-09T01:42:27","guid":{"rendered":"https:\/\/www.suno.com.br\/noticias\/?p=541986"},"modified":"2024-04-08T22:42:42","modified_gmt":"2024-04-09T01:42:42","slug":"radar-oi-oibr3-itau-itub4-emae-emae4","status":"publish","type":"post","link":"https:\/\/www.suno.com.br\/noticias\/radar-oi-oibr3-itau-itub4-emae-emae4\/","title":{"rendered":"Radar: adiamento da assembleia da Oi (OIBR3), XP projeta pre\u00e7o por a\u00e7\u00e3o do Ita\u00fa (ITUB4) e Emae (EMAE4) pagar\u00e1 dividendos milion\u00e1rios"},"content":{"rendered":"<p>A<strong>&nbsp;<a href=\"https:\/\/www.suno.com.br\/acoes\/OIBR3\/\" target=\"_blank\" rel=\"noreferrer noopener\">Oi<\/a><\/strong><a href=\"https:\/\/www.suno.com.br\/acoes\/OIBR3\/\" target=\"_blank\" rel=\"noreferrer noopener\">&nbsp;(OIBR3)<\/a>&nbsp;informou hoje (8) que a justi\u00e7a do Rio de Janeiro aprovou o adiamento da sua assembleia geral de credores, cuja retomada aconteceria na pr\u00f3xima quarta-feira (10). A data foi remarcada pela terceira vez.<\/p>\t<div class=\"wrapper-featured-image\">\n\t\t<figure class=\"spotlightImg\">\n\n\t\t\t<picture>\n\t\t\t\t<source media=\"(max-width: 768px)\" srcset=\"https:\/\/files.sunoresearch.com.br\/n\/uploads\/2024\/03\/oi-oibr3-telefone-orelhao-brasil-1-400x200.jpg\">\n\t\t\t\t<img loading=\"lazy\" decoding=\"async\" class=\"newsContent__article__imgCapa lazyloadDisabled \" src=\"https:\/\/files.sunoresearch.com.br\/n\/uploads\/2024\/03\/oi-oibr3-telefone-orelhao-brasil-1-800x450.jpg\" width=\"800\" height=\"450\" alt=\"Radar: adiamento da assembleia da Oi (OIBR3), XP projeta pre\u00e7o por a\u00e7\u00e3o do Ita\u00fa (ITUB4) e Emae (EMAE4) pagar\u00e1 dividendos milion\u00e1rios\" fetchpriority=high \/>\n\t\t\t<\/picture>\n\n\t\t\t<figcaption class=\"wp-caption-text wp-caption-text--show\">Oi (OIBR3) - Foto: iStock<\/figcaption>\n\t\t<\/figure>\n\t<\/div>\n\n\n\n\n\n\t<p>\n\t\t<a href=\"https:\/\/lp.suno.com.br\/planilha-da-vida-financeira\/\" target=\"_blank\" data-element=\"shortcode-suno-banner\" title=\"Banner SUNO, clique e saiba mais\">\n\t\t\t<picture>\n\t\t\t\t<source media=\"(max-width: 500px)\" srcset=\"https:\/\/files.sunoresearch.com.br\/n\/uploads\/2023\/04\/400x300-Planilha-vida-financeira-true.png\">\n\t\t\t\t<img class=\"newsContent__article__imgCapa newsContent__article__imgCapa--banner\"\n\t\t\t\t\tsrc=\"https:\/\/files.sunoresearch.com.br\/n\/uploads\/2023\/04\/1420x240-Planilha-vida-financeira-true.png\"\n\t\t\t\t\tdata-promo-id=\"106682\"\t\t\t\t\t\t\t\t\t\twidth='1420' height='240'\t\t\t\t\talt=\"https:\/\/files.sunoresearch.com.br\/n\/uploads\/2023\/04\/1420x240-Planilha-vida-financeira-true.png\"\n\t\t\t\t>\n\t\t\t<\/picture>\n\t\t<\/a>\n\t<\/p>\n\n\n\n\n\n\n\n<p>A nova data da&nbsp;<strong>assembleia de credores da Oi&nbsp;<\/strong>ser\u00e1 no dia 17 de abril de 2024, \u00e0s 11h. O \u201cstay period\u201d tamb\u00e9m foi prorrogado para essa mesma data, estendendo o per\u00edodo de suspens\u00e3o de execu\u00e7\u00e3o de d\u00edvidas por pelo menos mais uma semana.<\/p>\n\n\n\n<p>O adiamento da data foi um pedido feito por um grupo importante de credores financeiros internacionais que possuem notas do&nbsp;<strong>Grupo Oi<\/strong>&nbsp;no&nbsp;<a href=\"https:\/\/www.suno.com.br\/artigos\/mercado-externo\/\" target=\"_blank\" rel=\"noreferrer noopener\">mercado externo<\/a>. Al\u00e9m disso, essa solicita\u00e7\u00e3o foi realizada por ag\u00eancias de fomento internacionais.<\/p>\n\n\n\n<p>O adiamento tamb\u00e9m teve ades\u00e3o das torreiras (empresas de infraestrutura das antenas das operadoras m\u00f3veis) e do credor fornecedor de capacidade de sat\u00e9lites que, juntamente com o grupo de credores e ag\u00eancias de fomento, correspondem \u00e0 metade dos cr\u00e9ditos votantes desta assembleia, que tinha sido instalada no dia 5 de mar\u00e7o de 2024.<\/p>\n\n\n\n<p>A<strong>&nbsp;assembleia da Oi&nbsp;<\/strong>vai acontecer em 17 de abril de 2024, \u00e0s 11h, no Hotel Windsor Marapendi, no Rio de Janeiro \u2013 RJ.<\/p>\n\n\n\n<p>Al\u00e9m de Oi, confira outros destaques desta segunda-feira:<\/p>\n\n\n\n<h2 class=\"wp-block-heading\">Ita\u00fa (ITUB4): XP estabelece pre\u00e7o por a\u00e7\u00e3o e cita \u201cboas perspectivas com crescimento da carteira\u201d<\/h2>\n\n\n\n<ul class=\"wp-block-list\">\n<li>A XP Investimentos sugere, nesta segunda-feira (8), uma oportunidade de trade de compra em a\u00e7\u00f5es do&nbsp;<a href=\"https:\/\/www.suno.com.br\/acoes\/itub4\/\"><strong>Ita\u00fa<\/strong>&nbsp;Unibanco (ITUB4)<\/a>, considerado sua principal escolha (top pick), com um pre\u00e7o de entrada a R$ 32,96 por a\u00e7\u00e3o, com uma diferen\u00e7a entre o pre\u00e7o mais alto e o pre\u00e7o mais baixo de um ativo (range) variando de +1,5% a -2% em rela\u00e7\u00e3o ao pre\u00e7o de abertura.<\/li>\n<\/ul>\n\n\n\n<ul class=\"wp-block-list\">\n<li>Nesta segunda (8), as&nbsp;<strong>a\u00e7\u00f5es do Ita\u00fa<\/strong>&nbsp;fecharam em alta de 1,5%, cotadas a R$ 33,22.<\/li>\n<\/ul>\n\n\n\n<ul class=\"wp-block-list\">\n<li>Os n\u00edveis de&nbsp;<a href=\"https:\/\/www.suno.com.br\/artigos\/stop-gain\/\" target=\"_blank\" rel=\"noreferrer noopener\">stop gain<\/a>&nbsp;e&nbsp;<a href=\"https:\/\/www.suno.com.br\/artigos\/stop-loss-descubra-se-essa-estrategia-realmente-funciona\/\" target=\"_blank\" rel=\"noreferrer noopener\">stop loss<\/a>&nbsp;(venda de ativos para realizar o lucro ou limitar perda, respectivamente) s\u00e3o definidos em +20% e -13%, respectivamente, para gerenciar os riscos do trade. Em relat\u00f3rio de estrat\u00e9gia, a XP diz que a sugest\u00e3o de&nbsp;<strong>compra de a\u00e7\u00f5es do Ita\u00fa<\/strong>&nbsp;\u00e9 baseada na posi\u00e7\u00e3o favor\u00e1vel do banco em rela\u00e7\u00e3o aos concorrentes em termos de qualidade de cr\u00e9dito e perspectivas para este ano.<\/li>\n<\/ul>\n\n\n\n<ul class=\"wp-block-list\">\n<li>Apesar do guidance (desempenho) conservador para 2024 fornecido pelo banco, a XP afirma que o banco est\u00e1 bem posicionado para superar algumas das estimativas, especialmente no que diz respeito ao crescimento da&nbsp;<strong>carteira do Ita\u00fa<\/strong>. A vis\u00e3o positiva da XP para o banco se fundamenta na expectativa de redu\u00e7\u00e3o dos indicadores de inadimpl\u00eancia, que abre caminho para menores provis\u00f5es e que pode impulsionar os resultados do banco.<\/li>\n<\/ul>\n\n\n\n<ul class=\"wp-block-list\">\n<li>Outro ponto \u00e9 a reacelera\u00e7\u00e3o nas atividades de mercados de capitais com a perspectiva de queda da Selic, que pode estimular uma retomada nas atividades de&nbsp;<a href=\"https:\/\/www.suno.com.br\/artigos\/mercado-de-capitais-conceito\/\" target=\"_blank\" rel=\"noreferrer noopener\">mercado de capitais<\/a>, o que beneficiaria o Ita\u00fa. Al\u00e9m disso, o XP diz que v\u00ea potencial para o banco continuar melhorando sua&nbsp;<a href=\"https:\/\/www.suno.com.br\/artigos\/eficiencia-operacional\/\" target=\"_blank\" rel=\"noreferrer noopener\">efici\u00eancia operacional<\/a>, o que pode resultar em ganhos de margem e rentabilidade.<\/li>\n<\/ul>\n\n\n\n<ul class=\"wp-block-list\">\n<li>Os analistas esperam ainda uma recupera\u00e7\u00e3o significativa no Retorno sobre o Patrim\u00f4nio L\u00edquido (ROE) da unidade de varejo do banco, enquanto o ROE da unidade de atacado deve permanecer est\u00e1vel ou ligeiramente abaixo.<\/li>\n<\/ul>\n\n\n\n<ul class=\"wp-block-list\">\n<li>No entanto, os estrategistas ressaltam que existem riscos de queda para o&nbsp;<strong>trade do Ita\u00fa<\/strong>, incluindo um ambiente macroecon\u00f4mico desfavor\u00e1vel para a origina\u00e7\u00e3o de cr\u00e9dito, um desempenho abaixo do esperado nos mercados de capitais e uma poss\u00edvel reacelera\u00e7\u00e3o nos indicadores de inadimpl\u00eancia.<\/li>\n<\/ul>\n\n\n\n<h2 class=\"wp-block-heading\">Emae (EMAE4) pagar\u00e1 R$ 28 milh\u00f5es em dividendos; veja<\/h2>\n\n\n\n<ul class=\"wp-block-list\">\n<li>A&nbsp;<a href=\"https:\/\/www.suno.com.br\/acoes\/emae4\/\" target=\"_blank\" rel=\"noreferrer noopener\"><strong>Emae<\/strong>&nbsp;(EMAE4)<\/a>&nbsp;vai pagar R$ 28 milh\u00f5es em&nbsp;<a href=\"https:\/\/www.suno.com.br\/guias\/dividendos\/\" target=\"_blank\" rel=\"noreferrer noopener\">dividendos<\/a>&nbsp;aos seus acionistas, segundo&nbsp;<a href=\"https:\/\/www.rad.cvm.gov.br\/ENET\/frmExibirArquivoIPEExterno.aspx?NumeroProtocoloEntrega=1219397\">aviso divulgado esta segunda-feira (8)<\/a>.<\/li>\n<\/ul>\n\n\n\n<ul class=\"wp-block-list\">\n<li>O valor dos&nbsp;<strong>dividendos da Emae<\/strong>&nbsp;por papel ser\u00e1 de R$ 0,72 por a\u00e7\u00e3o ordin\u00e1ria e R$ 0,79 por a\u00e7\u00e3o preferencial, que ser\u00e3o pagos no dia 30 de abril.<\/li>\n<\/ul>\n\n\n\n<ul class=\"wp-block-list\">\n<li>Apenas os investidores com a\u00e7\u00f5es da Emae no dia 8 de abril ter\u00e3o direito de receber os&nbsp;<strong>dividendos<\/strong>. A partir do dia 9 de abril, as a\u00e7\u00f5es&nbsp;<strong>EMAE3<\/strong>&nbsp;e&nbsp;<strong>EMAE4<\/strong>&nbsp;ser\u00e3o negociadas sem direito aos dividendos.<\/li>\n<\/ul>\n\n\n\n<ul class=\"wp-block-list\">\n<li>Segundo documento arquivado na Comiss\u00e3o de Valores Mobili\u00e1rios (CVM), esses proventos foram aprovados ap\u00f3s&nbsp;<a href=\"https:\/\/www.suno.com.br\/artigos\/assembleia-geral-ordinaria\/\" target=\"_blank\" rel=\"noreferrer noopener\">Assembleia Geral Ordin\u00e1ria<\/a>&nbsp;da companhia.<\/li>\n<\/ul>\n\n\n\t<p>\n\t\t<a href=\"https:\/\/lp.suno.com.br\/ebook-como-analisar-uma-acao\/\" target=\"_blank\" data-element=\"shortcode-suno-banner\" title=\"Banner SUNO, clique e saiba mais\">\n\t\t\t<picture>\n\t\t\t\t<source media=\"(max-width: 500px)\" srcset=\"https:\/\/files.sunoresearch.com.br\/n\/uploads\/2023\/03\/Ebook-Acoes-Mobile.jpg\">\n\t\t\t\t<img class=\"newsContent__article__imgCapa newsContent__article__imgCapa--banner\"\n\t\t\t\t\tsrc=\"https:\/\/files.sunoresearch.com.br\/n\/uploads\/2023\/03\/Ebook-Acoes-Desktop.jpg\"\n\t\t\t\t\tdata-promo-id=\"378302\"\t\t\t\t\t\t\t\t\t\twidth='1420' height='286'\t\t\t\t\talt=\"https:\/\/files.sunoresearch.com.br\/n\/uploads\/2023\/03\/Ebook-Acoes-Desktop.jpg\"\n\t\t\t\t>\n\t\t\t<\/picture>\n\t\t<\/a>\n\t<\/p>\n\n\n\n\n\n<h2 class=\"wp-block-heading\">Nubank (ROXO34) pode superar o Ita\u00fa (ITUB4) em valor de mercado? Veja o que dizem os analistas e quais a\u00e7\u00f5es indicam<\/h2>\n\n\n\n<ul class=\"wp-block-list\">\n<li>O&nbsp;<strong>Nubank (ROXO34)<\/strong>&nbsp;est\u00e1 se aproximando de se tornar o banco mais valioso da Am\u00e9rica Latina, impulsionado por sua avalia\u00e7\u00e3o alta e pelo ciclo positivo no Brasil, informa o BTG Pactual. Apesar desse feito, o BTG ainda mant\u00e9m recomenda\u00e7\u00e3o neutra para a fintech \u2013 e o&nbsp;<a href=\"https:\/\/www.suno.com.br\/acoes\/ITUB4\/\" target=\"_blank\" rel=\"noreferrer noopener\">Ita\u00fa (ITUB4)<\/a>&nbsp;se mant\u00e9m como top pick no setor, segundo o BTG.&nbsp;<\/li>\n<\/ul>\n\n\n\n<ul class=\"wp-block-list\">\n<li>\u201cCom um empate t\u00e9cnico em&nbsp;<a href=\"https:\/\/www.suno.com.br\/artigos\/valor-de-mercado\/\" target=\"_blank\" rel=\"noreferrer noopener\">valor de mercado<\/a>&nbsp;com o<strong>&nbsp;Ita\u00fa,<\/strong>&nbsp;o Nubank est\u00e1 caminhando para se tornar o banco mais valioso da Am\u00e9rica Latina. Isso \u00e9 impulsionado por um forte desempenho no quarto trimestre, a percep\u00e7\u00e3o de que estamos em um ciclo de cr\u00e9dito local melhor, a potencial inclus\u00e3o no MSCI no segundo semestre de 2024 e o entusiasmo com seu crescimento no M\u00e9xico\u201d, afirma o BTG.&nbsp;<\/li>\n<\/ul>\n\n\n\n<ul class=\"wp-block-list\">\n<li>Por enquanto, afirmam os analistas, a posi\u00e7\u00e3o neutra para as&nbsp;<strong>a\u00e7\u00f5es do Nubank<\/strong>&nbsp;foi conferida pelo patamar atual de valuation da&nbsp;<strong>fintech<\/strong>: \u201cEstamos mais confiantes no Ita\u00fa, ap\u00f3s o recente desempenho trimestral, e classificamos as&nbsp;<strong>a\u00e7\u00f5es do Ita\u00fa<\/strong>&nbsp;como compra. Ita\u00fa e Banorte s\u00e3o nossas principais escolhas banc\u00e1rias na Am\u00e9rica Latina\u201d.<\/li>\n<\/ul>\n\n\n\n<ul class=\"wp-block-list\">\n<li>O Nubank encerrou 2023 com 93,9 milh\u00f5es de clientes, sendo 87,9 milh\u00f5es no Brasil. A empresa registrou US$ 43,3 bilh\u00f5es em ativos, US$ 23,7 bilh\u00f5es em dep\u00f3sitos e US$ 18,2 bilh\u00f5es em empr\u00e9stimos, incluindo US$ 14,5 bilh\u00f5es em cart\u00f5es de cr\u00e9dito. O<strong>&nbsp;lucro l\u00edquido do Nubank<\/strong>&nbsp;foi de US$ 1,03 bilh\u00e3o, com um&nbsp;<a href=\"https:\/\/www.suno.com.br\/artigos\/patrimonio-liquido\/\" target=\"_blank\" rel=\"noreferrer noopener\">patrim\u00f4nio l\u00edquido<\/a>&nbsp;de US$ 6,4 bilh\u00f5es. Neste contexto, o Nubank negocia a 9,1x o \u00faltimo&nbsp;<a href=\"https:\/\/www.suno.com.br\/artigos\/valor-patrimonial\/\" target=\"_blank\" rel=\"noreferrer noopener\">valor patrimonial<\/a>&nbsp;e a 30x o P\/E com base na estimativa de lucro l\u00edquido de US$ 1,94 bilh\u00e3o para 2024.<\/li>\n<\/ul>\n\n\n\n<ul class=\"wp-block-list\">\n<li>O Ita\u00fa possui mais de 65 milh\u00f5es de clientes e encerrou 2023 com US$ 538 bilh\u00f5es em ativos. A posi\u00e7\u00e3o de financiamento foi de US$ 269 bilh\u00f5es, incluindo US$ 190 bilh\u00f5es em dep\u00f3sitos, e US$ 235 bilh\u00f5es em empr\u00e9stimos expandidos totais, incluindo US$ 27 bilh\u00f5es em cart\u00f5es de cr\u00e9dito. O&nbsp;<strong>lucro l\u00edquido do Ita\u00fa<\/strong>&nbsp;foi de US$ 7,1 bilh\u00f5es, com ROE de 20,8% e ROA de 1,3%. O&nbsp;<strong>ITUB4<\/strong>&nbsp;negocia a 1,8x o \u00faltimo&nbsp;<a href=\"https:\/\/www.suno.com.br\/artigos\/valor-patrimonial\/\" target=\"_blank\" rel=\"noreferrer noopener\">valor patrimonial<\/a>&nbsp;e a 8x o P\/E.<\/li>\n<\/ul>\n\n\n\n<ul class=\"wp-block-list\">\n<li>De acordo com o BTG, essa n\u00e3o seria a primeira vez em que o Nubank conquistaria o t\u00edtulo de banco mais valioso da Am\u00e9rica Latina. Na primeira semana ap\u00f3s o IPO, ele ultrapassou o Ita\u00fa em valor de mercado. Adiante, o progresso tecnol\u00f3gico, as mudan\u00e7as regulat\u00f3rias e a entrada de novos concorrentes no setor financeiro impactaram significativamente o banco de varejo brasileiro, especialmente entre a popula\u00e7\u00e3o de baixa renda.<\/li>\n<\/ul>\n\n\n\n<ul class=\"wp-block-list\">\n<li>\u201cDe acordo com o BTG Pactual, o Bradesco (BBDC4) viu uma redu\u00e7\u00e3o em sua capitaliza\u00e7\u00e3o de mercado, possivelmente influenciada pelo sucesso cont\u00ednuo do Nubank, sua capacidade de manter resultados impressionantes e uma base consider\u00e1vel de relacionamentos banc\u00e1rios prim\u00e1rios.<\/li>\n<\/ul>\n\n\n\n<ul class=\"wp-block-list\">\n<li>\u201cAp\u00f3s a queda do Nubank e os fortes&nbsp;<strong>resultados do Ita\u00fa<\/strong>&nbsp;em 2022, a diferen\u00e7a de&nbsp;<a href=\"https:\/\/www.suno.com.br\/artigos\/valor-de-mercado\/\" target=\"_blank\" rel=\"noreferrer noopener\">valor de mercado<\/a>&nbsp;entre eles atingiu o pico de US$ 33,5 bilh\u00f5es no in\u00edcio de 2023 (US$ 51,1 bilh\u00f5es para ITUB4 vs. US$ 17,6 bilh\u00f5es para o Nubank). Com todo o ru\u00eddo sobre o limite das taxas de cart\u00e3o de&nbsp;<a href=\"https:\/\/www.suno.com.br\/artigos\/credito-rotativo\/\" target=\"_blank\" rel=\"noreferrer noopener\">cr\u00e9dito rotativo<\/a>, o&nbsp;<strong>valor de mercado do Nubank<\/strong>&nbsp;quase atingiu o fundo do po\u00e7o em US$ 15,4 bilh\u00f5es em 16 de junho de 2022. Em retrospecto, essa foi uma clara oportunidade de compra que perdemos\u201d, afirma o BTG.&nbsp;<\/li>\n<\/ul>\n\n\n\n<h2 class=\"wp-block-heading\">Magazine Luiza (MGLU3) ou Mercado Livre (MELI34): quem vai brilhar no 1T24, segundo o Ita\u00fa BBA<\/h2>\n\n\n\n<ul class=\"wp-block-list\">\n<li>Em relat\u00f3rio sobre as pr\u00e9vias de resultados do 1T24 para o setor varejista, analistas do Ita\u00fa BBA projetam que as vendas do&nbsp;<a href=\"https:\/\/www.suno.com.br\/acoes\/MGLU3\/\"><strong>Magazine Luiza<\/strong>&nbsp;(MGLU3)<\/a>&nbsp;devem crescer no per\u00edodo, e que o foco em rentabilidade deve tamb\u00e9m trazer bons frutos. No caso do Mercado Livre (<a href=\"https:\/\/www.suno.com.br\/bdrs\/meli34\/\">MELI34<\/a>), a receita deve subir, com modesto ganho de margem.<\/li>\n<\/ul>\n\n\n\n<ul class=\"wp-block-list\">\n<li>Para o&nbsp;<strong>1T24 do Magalu<\/strong>, o Ita\u00fa BBA prev\u00ea um&nbsp;<a href=\"https:\/\/www.suno.com.br\/artigos\/lucro-liquido\/\">lucro l\u00edquido<\/a>&nbsp;ajustado de R$ 2 milh\u00f5es, ante preju\u00edzo de R$ 309 milh\u00f5es no mesmo per\u00edodo do ano passado.<\/li>\n<\/ul>\n\n\n\n<ul class=\"wp-block-list\">\n<li>J\u00e1 a previs\u00e3o para a&nbsp;<strong>receita l\u00edquida do Magazine Luiza<\/strong>&nbsp;no per\u00edodo \u00e9 de R$ 9,5 bilh\u00f5es, alta de 5% na compara\u00e7\u00e3o com o 1T23, \u201ccom a conclus\u00e3o do repasse do imposto DIFAL e aumento das receitas de servi\u00e7os\u201d, enxerga o banco.<\/li>\n<\/ul>\n\n\n\n<ul class=\"wp-block-list\">\n<li>A proje\u00e7\u00e3o para o&nbsp;<strong>Ebitda da Magazine Luiza<\/strong>&nbsp;para o primeiro trimestre de 2024, segundo o Ita\u00fa BBA, \u00e9 de R$ 665 milh\u00f5es, aumento de 48,4% frente aos R$ 448 milh\u00f5es registrados no 1T23, com a&nbsp;<a href=\"https:\/\/www.suno.com.br\/artigos\/margem-ebitda\/\">margem Ebitda<\/a>&nbsp;crescendo 2,0 p.p (pontos percentuais) no per\u00edodo, a 7%.<\/li>\n<\/ul>\n\n\n\n<ul class=\"wp-block-list\">\n<li>A casa tamb\u00e9m prev\u00ea um crescimento de 5,4% no volume bruto total de mercadorias (GVM) online na base anual, chegando a R$ 11,9 bilh\u00f5es, com aumento de vendas no canal 3P (marketplace) compensando o desempenho mais fraco no canal 1P.<\/li>\n<\/ul>\n\n\n\n<ul class=\"wp-block-list\">\n<li>\u201cO canal 3P carrega maiores&nbsp;<a href=\"https:\/\/www.suno.com.br\/artigos\/despesas-operacionais\/\">despesas operacionais<\/a>&nbsp;como percentual da&nbsp;<a href=\"https:\/\/www.suno.com.br\/artigos\/o-que-receita-liquida\/\">receita l\u00edquida<\/a>, e este canal vem ganhando participa\u00e7\u00e3o nas vendas totais\u201d, escreve o Ita\u00fa BBA.<\/li>\n<\/ul>\n\n\n\n<ul class=\"wp-block-list\">\n<li>O Ita\u00fa BBA tem recomenda\u00e7\u00e3o \u2018<a href=\"https:\/\/www.suno.com.br\/artigos\/market-perform\/\">market perform<\/a>\u2018 para as&nbsp;<strong>a\u00e7\u00f5es de Magazine Luiza<\/strong>, com pre\u00e7o-alvo a R$ 3,00. Os resultados do primeiro trimestre de 2024 da varejista devem ser divulgados em 9 de maio, ap\u00f3s o&nbsp;<a href=\"https:\/\/www.suno.com.br\/artigos\/fechamento-do-mercado\/\">fechamento do mercado<\/a>.<\/li>\n<\/ul>\n\n\n\n<h2 class=\"wp-block-heading\">Nubank (ROXO34) recebe financiamento de US$ 150 milh\u00f5es na Col\u00f4mbia<\/h2>\n\n\n\n<ul class=\"wp-block-list\">\n<li>A subsidi\u00e1ria do&nbsp;<strong>Nubank<\/strong>&nbsp;(ROXO34) na Col\u00f4mbia obteve um financiamento de US$ 150 milh\u00f5es da DFC, ag\u00eancia dos EUA para o desenvolvimento financeiro.<\/li>\n<\/ul>\n\n\n\n<ul class=\"wp-block-list\">\n<li>O financiamento vem em meio a um crescimento vertiginoso do&nbsp;<strong>Nubank da Col\u00f4mbia<\/strong>, com a companhia atingindo 92% dos munic\u00edpios do pa\u00eds.<\/li>\n<\/ul>\n\n\n\n<ul class=\"wp-block-list\">\n<li>No fim de 2023, a&nbsp;<a href=\"https:\/\/www.suno.com.br\/noticias\/mercado-pago-remuneracao-conta-digital-cdi-gpj\/\">fintech<\/a>&nbsp;atingiu 800 mil clientes com seu produto de&nbsp;<a href=\"https:\/\/www.suno.com.br\/artigos\/cartao-de-credito\/\" target=\"_blank\" rel=\"noreferrer noopener\">cart\u00e3o de cr\u00e9dito<\/a>&nbsp;e, agora, possui uma lista de espera para sua conta digital \u2013 chamado Cuenta Nu no pa\u00eds.<\/li>\n<\/ul>\n\n\n\n<ul class=\"wp-block-list\">\n<li>Com os recursos deste empr\u00e9stimo, a companhia deve seguir focando em aumentar sua base de clientes e tamb\u00e9m expandir seu portf\u00f3lio.<\/li>\n<\/ul>\n\n\n\n<ul class=\"wp-block-list\">\n<li>\u201cEstamos muito orgulhosos que uma institui\u00e7\u00e3o como a&nbsp;<strong>DFC<\/strong>&nbsp;tenha confiado em n\u00f3s para continuar gerando um impacto positivo no pa\u00eds\u201d, diz em nota Marcela Torres, gerente geral do Nubank na&nbsp;<strong>Col\u00f4mbia<\/strong>.<\/li>\n<\/ul>\n\n\n\n<ul class=\"wp-block-list\">\n<li>\u201cEste empr\u00e9stimo nos permitir\u00e1 investir ainda mais em nossas opera\u00e7\u00f5es na Col\u00f4mbia para continuar acelerando o modelo de neg\u00f3cios do Nubank enquanto promovemos o desenvolvimento do pa\u00eds\u201d, adiciona Cristina Junqueira, cofundadora e CGO do&nbsp;<a href=\"https:\/\/www.suno.com.br\/artigos\/banco-digital\/\" target=\"_blank\" rel=\"noreferrer noopener\">banco digital<\/a>.<\/li>\n<\/ul>\n\n\n\n<p>Da&nbsp;<strong>Oi<\/strong> \u00e0 Emae, essas foram as empresas que se destacaram hoje. Para ler todas as mat\u00e9rias&nbsp;<strong><a href=\"https:\/\/www.suno.com.br\/noticias\/todos\/?utm_content=XYOE2ItQuUY.20201113&amp;utm_campaign=Track%2B&amp;utm_medium=video&amp;utm_source=telegram.sunoresearch\" target=\"_blank\" rel=\"noreferrer noopener\">clique aqui<\/a><\/strong>.<a href=\"https:\/\/lp.suno.com.br\/planilha-da-vida-financeira\/\" target=\"_blank\" rel=\"noreferrer noopener\"><\/a><a href=\"https:\/\/lp.suno.com.br\/cl\/webinario-suno-black-2024\/\" target=\"_blank\" rel=\"noreferrer noopener\"><\/a><a href=\"https:\/\/lp.suno.com.br\/planilha-da-vida-financeira\/\" target=\"_blank\" rel=\"noreferrer noopener\"><\/a><a href=\"https:\/\/lp.suno.com.br\/planilha-da-vida-financeira\/\" target=\"_blank\" rel=\"noreferrer noopener\"><\/a><a href=\"https:\/\/lp.suno.com.br\/planilha-da-vida-financeira\/\" target=\"_blank\" rel=\"noreferrer noopener\"><\/a><a href=\"https:\/\/lp.suno.com.br\/planilha-da-vida-financeira\/\" target=\"_blank\" rel=\"noreferrer noopener\"><\/a><a href=\"https:\/\/lp.suno.com.br\/planilha-da-vida-financeira\/\" target=\"_blank\" rel=\"noreferrer noopener\"><\/a><a href=\"https:\/\/lp.suno.com.br\/planilha-da-vida-financeira\/\" target=\"_blank\" rel=\"noreferrer noopener\"><\/a><a href=\"https:\/\/lp.suno.com.br\/planilha-da-vida-financeira\/\" target=\"_blank\" rel=\"noreferrer noopener\"><\/a><a href=\"https:\/\/lp.suno.com.br\/planilha-da-vida-financeira\/\" target=\"_blank\" rel=\"noreferrer noopener\"><\/a><a href=\"https:\/\/lp.suno.com.br\/planilha-da-vida-financeira\/\" target=\"_blank\" rel=\"noreferrer noopener\"><\/a><a href=\"https:\/\/lp.suno.com.br\/planilha-da-vida-financeira\/\" target=\"_blank\" rel=\"noreferrer noopener\"><\/a><a href=\"https:\/\/lp.suno.com.br\/planilha-da-vida-financeira\/\" target=\"_blank\" rel=\"noreferrer noopener\"><\/a><a href=\"https:\/\/lp.suno.com.br\/planilha-da-vida-financeira\/\" target=\"_blank\" rel=\"noreferrer noopener\"><\/a><a href=\"https:\/\/lp.suno.com.br\/planilha-da-vida-financeira\/\" target=\"_blank\" rel=\"noreferrer noopener\"><\/a><a href=\"https:\/\/lp.suno.com.br\/planilha-da-vida-financeira\/\" target=\"_blank\" rel=\"noreferrer noopener\"><\/a><a href=\"https:\/\/lp.suno.com.br\/planilha-da-vida-financeira\/\" target=\"_blank\" rel=\"noreferrer noopener\"><\/a><a href=\"https:\/\/lp.suno.com.br\/planilha-da-vida-financeira\/\" target=\"_blank\" rel=\"noreferrer noopener\"><\/a><a href=\"https:\/\/lp.suno.com.br\/planilha-da-vida-financeira\/\" target=\"_blank\" rel=\"noreferrer noopener\"><\/a><a href=\"https:\/\/lp.suno.com.br\/cl\/aniversario-suno-7-anos\/\" target=\"_blank\" rel=\"noreferrer noopener\"><\/a><a href=\"https:\/\/lp.suno.com.br\/cl\/aniversario-suno-7-anos\/\" target=\"_blank\" rel=\"noreferrer noopener\"><\/a><a href=\"https:\/\/lp.suno.com.br\/cl\/aniversario-suno-7-anos\/\" target=\"_blank\" rel=\"noreferrer noopener\"><\/a><a href=\"https:\/\/lp.suno.com.br\/cl\/distribuicao-aniversario-7-anos\/\" target=\"_blank\" rel=\"noreferrer noopener\"><\/a><a href=\"https:\/\/lp.suno.com.br\/planilha-da-vida-financeira\/\" target=\"_blank\" rel=\"noreferrer noopener\"><\/a><a href=\"https:\/\/lp.suno.com.br\/planilha-da-vida-financeira\/\" target=\"_blank\" rel=\"noreferrer noopener\"><\/a><a href=\"https:\/\/lp.suno.com.br\/cl\/aniversario-suno-7-anos\/\" target=\"_blank\" rel=\"noreferrer noopener\"><\/a><a href=\"https:\/\/lp.suno.com.br\/planilha-da-vida-financeira\/\" target=\"_blank\" rel=\"noreferrer noopener\"><\/a><a href=\"https:\/\/lp.suno.com.br\/planilha-da-vida-financeira\/\" target=\"_blank\" rel=\"noreferrer noopener\"><\/a><a href=\"https:\/\/lp.suno.com.br\/planilha-da-vida-financeira\/\" target=\"_blank\" rel=\"noreferrer noopener\"><\/a><a href=\"https:\/\/lp.suno.com.br\/planilha-da-vida-financeira\/\" target=\"_blank\" rel=\"noreferrer noopener\"><\/a><a href=\"https:\/\/lp.suno.com.br\/planilha-da-vida-financeira\/\" target=\"_blank\" rel=\"noreferrer noopener\"><\/a><a href=\"https:\/\/lp.suno.com.br\/planilha-da-vida-financeira\/\" target=\"_blank\" rel=\"noreferrer noopener\"><\/a><a href=\"https:\/\/lp.suno.com.br\/planilha-da-vida-financeira\/\" target=\"_blank\" rel=\"noreferrer noopener\"><\/a><a href=\"https:\/\/lp.suno.com.br\/planilha-da-vida-financeira\/\" target=\"_blank\" rel=\"noreferrer noopener\"><\/a><a href=\"https:\/\/lp.suno.com.br\/planilha-da-vida-financeira\/\" target=\"_blank\" rel=\"noreferrer noopener\"><\/a><a href=\"https:\/\/lp.suno.com.br\/planilha-da-vida-financeira\/\" target=\"_blank\" rel=\"noreferrer noopener\"><\/a><a href=\"https:\/\/lp.suno.com.br\/aniversario-suno-7-anos-fase-2\/\" target=\"_blank\" rel=\"noreferrer noopener\"><\/a><a href=\"https:\/\/lp.suno.com.br\/planilha-da-vida-financeira\/\" target=\"_blank\" rel=\"noreferrer noopener\"><\/a><a href=\"https:\/\/lp.suno.com.br\/planilha-da-vida-financeira\/\" target=\"_blank\" rel=\"noreferrer noopener\"><\/a><a href=\"https:\/\/lp.suno.com.br\/planilha-da-vida-financeira\/\" target=\"_blank\" rel=\"noreferrer noopener\"><\/a><a href=\"https:\/\/lp.suno.com.br\/planilha-da-vida-financeira\/\" target=\"_blank\" rel=\"noreferrer noopener\"><\/a><a href=\"https:\/\/lp.suno.com.br\/planilha-da-vida-financeira\/\" target=\"_blank\" rel=\"noreferrer noopener\"><\/a><a href=\"https:\/\/lp.suno.com.br\/planilha-da-vida-financeira\/\" target=\"_blank\" rel=\"noreferrer noopener\"><\/a><a href=\"https:\/\/lp.suno.com.br\/planilha-da-vida-financeira\/\" target=\"_blank\" rel=\"noreferrer noopener\"><\/a><a href=\"https:\/\/lp.suno.com.br\/planilha-da-vida-financeira\/\" target=\"_blank\" rel=\"noreferrer noopener\"><\/a><a href=\"https:\/\/lp.suno.com.br\/planilha-da-vida-financeira\/\" target=\"_blank\" rel=\"noreferrer noopener\"><\/a><a href=\"https:\/\/lp.suno.com.br\/ebook-como-analisar-uma-acao\/\" target=\"_blank\" rel=\"noreferrer noopener\"><\/a><a href=\"https:\/\/lp.suno.com.br\/planilha-da-vida-financeira\/\" target=\"_blank\" rel=\"noreferrer noopener\"><\/a><a href=\"https:\/\/lp.suno.com.br\/planilha-da-vida-financeira\/\" target=\"_blank\" rel=\"noreferrer noopener\"><\/a><\/p>\n\n\n\t<p>\n\t\t<a href=\"https:\/\/lp.suno.com.br\/planilha-da-vida-financeira\/\" target=\"_blank\" data-element=\"shortcode-suno-banner\" title=\"Banner SUNO, clique e saiba mais\">\n\t\t\t<picture>\n\t\t\t\t<source media=\"(max-width: 500px)\" srcset=\"https:\/\/files.sunoresearch.com.br\/n\/uploads\/2023\/04\/400x300-Planilha-vida-financeira-true.png\">\n\t\t\t\t<img class=\"newsContent__article__imgCapa newsContent__article__imgCapa--banner\"\n\t\t\t\t\tsrc=\"https:\/\/files.sunoresearch.com.br\/n\/uploads\/2023\/04\/1420x240-Planilha-vida-financeira-true.png\"\n\t\t\t\t\tdata-promo-id=\"383123\"\t\t\t\t\t\t\t\t\t\twidth='1420' height='240'\t\t\t\t\talt=\"https:\/\/files.sunoresearch.com.br\/n\/uploads\/2023\/04\/1420x240-Planilha-vida-financeira-true.png\"\n\t\t\t\t>\n\t\t\t<\/picture>\n\t\t<\/a>\n\t<\/p>\n\n\n","protected":false},"excerpt":{"rendered":"<p>A&nbsp;Oi&nbsp;(OIBR3)&nbsp;informou hoje (8) que a justi\u00e7a do Rio de Janeiro aprovou o adiamento da sua assembleia geral de credores, cuja retomada aconteceria na pr\u00f3xima quarta-feira (10). A data foi remarcada pela terceira vez. Oi (OIBR3) &#8211; Foto: iStock A nova data da&nbsp;assembleia de credores da Oi&nbsp;ser\u00e1 no dia 17 de abril de 2024, \u00e0s 11h. [&hellip;]<\/p>\n","protected":false},"author":227,"featured_media":534136,"comment_status":"closed","ping_status":"closed","sticky":false,"template":"","format":"standard","meta":[],"categories":[64],"tags":[519,548,1235,107160,584],"suno_strategy":[],"class_list":["post-541986","post","type-post","status-publish","format-standard","has-post-thumbnail","hentry","category-negocios","tag-itau-unibanco-itub3-itub4","tag-magazine-luiza-mglu3","tag-mercado-livre-meli34","tag-nubank-roxo34","tag-oi-oibr3-oibr4"],"yoast_head":"<!-- This site is optimized with the Yoast SEO plugin v24.4 - https:\/\/yoast.com\/wordpress\/plugins\/seo\/ -->\n<title>Radar: adiamento da assembleia da Oi (OIBR3), XP estabelece pre\u00e7o por a\u00e7\u00e3o do Ita\u00fa (ITUB4) e Emae (EMAE4) pagar\u00e1 dividendos milion\u00e1rios<\/title>\n<meta name=\"description\" content=\"Oi (OIBR3) tem adiamento de assembleia aprovada, XP estabelece pre\u00e7o por a\u00e7\u00e3o do Ita\u00fa (ITUB4) e Emae (EMAE4) pagar\u00e1 dividendos milion\u00e1rios\" \/>\n<meta name=\"robots\" content=\"index, follow, max-snippet:-1, max-image-preview:large, max-video-preview:-1\" \/>\n<link rel=\"canonical\" href=\"https:\/\/www.suno.com.br\/noticias\/radar-oi-oibr3-itau-itub4-emae-emae4\/\" \/>\n<meta property=\"og:locale\" content=\"pt_BR\" \/>\n<meta property=\"og:type\" content=\"article\" \/>\n<meta property=\"og:title\" content=\"Radar: adiamento da assembleia da Oi (OIBR3), XP estabelece pre\u00e7o por a\u00e7\u00e3o do Ita\u00fa (ITUB4) e Emae (EMAE4) pagar\u00e1 dividendos milion\u00e1rios\" \/>\n<meta property=\"og:description\" content=\"Oi (OIBR3) tem adiamento de assembleia aprovada, XP estabelece pre\u00e7o por a\u00e7\u00e3o do Ita\u00fa (ITUB4) e Emae (EMAE4) pagar\u00e1 dividendos milion\u00e1rios\" \/>\n<meta property=\"og:url\" content=\"https:\/\/www.suno.com.br\/noticias\/radar-oi-oibr3-itau-itub4-emae-emae4\/\" \/>\n<meta property=\"og:site_name\" content=\"Suno Not\u00edcias\" \/>\n<meta property=\"article:publisher\" content=\"https:\/\/facebook.com\/sunoresearch\" \/>\n<meta property=\"og:image\" content=\"https:\/\/files.sunoresearch.com.br\/n\/uploads\/2024\/03\/oi-oibr3-telefone-orelhao-brasil-1.jpg\" \/>\n\t<meta property=\"og:image:width\" content=\"1200\" \/>\n\t<meta property=\"og:image:height\" content=\"800\" \/>\n\t<meta property=\"og:image:type\" content=\"image\/jpeg\" \/>\n<meta name=\"author\" content=\"Vanessa Loiola\" \/>\n<meta name=\"twitter:card\" content=\"summary_large_image\" \/>\n<meta name=\"twitter:creator\" content=\"@sunoresearch\" \/>\n<meta name=\"twitter:site\" content=\"@sunoresearch\" \/>\n<meta name=\"twitter:label1\" content=\"Escrito por\" \/>\n\t<meta name=\"twitter:data1\" content=\"Vanessa Loiola\" \/>\n\t<meta name=\"twitter:label2\" content=\"Est. tempo de leitura\" \/>\n\t<meta name=\"twitter:data2\" content=\"10 minutos\" \/>\n<script type=\"application\/ld+json\" class=\"yoast-schema-graph\">{\"@context\":\"https:\/\/schema.org\",\"@graph\":[{\"@type\":\"NewsArticle\",\"@id\":\"https:\/\/www.suno.com.br\/noticias\/radar-oi-oibr3-itau-itub4-emae-emae4\/#article\",\"isPartOf\":{\"@id\":\"https:\/\/www.suno.com.br\/noticias\/radar-oi-oibr3-itau-itub4-emae-emae4\/\"},\"author\":{\"name\":\"Vanessa Loiola\",\"@id\":\"https:\/\/www.suno.com.br\/noticias\/#\/schema\/person\/450c455ecff319bab1f1a0e643451479\"},\"headline\":\"Radar: adiamento da assembleia da Oi (OIBR3), XP projeta pre\u00e7o por a\u00e7\u00e3o do Ita\u00fa (ITUB4) e Emae (EMAE4) pagar\u00e1 dividendos milion\u00e1rios\",\"datePublished\":\"2024-04-09T01:42:27+00:00\",\"dateModified\":\"2024-04-09T01:42:42+00:00\",\"mainEntityOfPage\":{\"@id\":\"https:\/\/www.suno.com.br\/noticias\/radar-oi-oibr3-itau-itub4-emae-emae4\/\"},\"wordCount\":1991,\"publisher\":{\"@id\":\"https:\/\/www.suno.com.br\/noticias\/#organization\"},\"image\":{\"@id\":\"https:\/\/www.suno.com.br\/noticias\/radar-oi-oibr3-itau-itub4-emae-emae4\/#primaryimage\"},\"thumbnailUrl\":\"https:\/\/files.sunoresearch.com.br\/n\/uploads\/2024\/03\/oi-oibr3-telefone-orelhao-brasil-1.jpg\",\"keywords\":[\"Ita\u00fa Unibanco (ITUB3\/ITUB4)\",\"Magazine Luiza (MGLU3)\",\"Mercado Livre (MELI34)\",\"Nubank (ROXO34)\",\"Oi (OIBR3\/OIBR4)\"],\"articleSection\":[\"Neg\u00f3cios\"],\"inLanguage\":\"pt-BR\"},{\"@type\":\"WebPage\",\"@id\":\"https:\/\/www.suno.com.br\/noticias\/radar-oi-oibr3-itau-itub4-emae-emae4\/\",\"url\":\"https:\/\/www.suno.com.br\/noticias\/radar-oi-oibr3-itau-itub4-emae-emae4\/\",\"name\":\"Radar: adiamento da assembleia da Oi (OIBR3), XP estabelece pre\u00e7o por a\u00e7\u00e3o do Ita\u00fa (ITUB4) e Emae (EMAE4) pagar\u00e1 dividendos milion\u00e1rios\",\"isPartOf\":{\"@id\":\"https:\/\/www.suno.com.br\/noticias\/#website\"},\"primaryImageOfPage\":{\"@id\":\"https:\/\/www.suno.com.br\/noticias\/radar-oi-oibr3-itau-itub4-emae-emae4\/#primaryimage\"},\"image\":{\"@id\":\"https:\/\/www.suno.com.br\/noticias\/radar-oi-oibr3-itau-itub4-emae-emae4\/#primaryimage\"},\"thumbnailUrl\":\"https:\/\/files.sunoresearch.com.br\/n\/uploads\/2024\/03\/oi-oibr3-telefone-orelhao-brasil-1.jpg\",\"datePublished\":\"2024-04-09T01:42:27+00:00\",\"dateModified\":\"2024-04-09T01:42:42+00:00\",\"description\":\"Oi (OIBR3) tem adiamento de assembleia aprovada, XP estabelece pre\u00e7o por a\u00e7\u00e3o do Ita\u00fa (ITUB4) e Emae (EMAE4) pagar\u00e1 dividendos milion\u00e1rios\",\"breadcrumb\":{\"@id\":\"https:\/\/www.suno.com.br\/noticias\/radar-oi-oibr3-itau-itub4-emae-emae4\/#breadcrumb\"},\"inLanguage\":\"pt-BR\",\"potentialAction\":[{\"@type\":\"ReadAction\",\"target\":[\"https:\/\/www.suno.com.br\/noticias\/radar-oi-oibr3-itau-itub4-emae-emae4\/\"]}]},{\"@type\":\"ImageObject\",\"inLanguage\":\"pt-BR\",\"@id\":\"https:\/\/www.suno.com.br\/noticias\/radar-oi-oibr3-itau-itub4-emae-emae4\/#primaryimage\",\"url\":\"https:\/\/files.sunoresearch.com.br\/n\/uploads\/2024\/03\/oi-oibr3-telefone-orelhao-brasil-1.jpg\",\"contentUrl\":\"https:\/\/files.sunoresearch.com.br\/n\/uploads\/2024\/03\/oi-oibr3-telefone-orelhao-brasil-1.jpg\",\"width\":1200,\"height\":800,\"caption\":\"Oi (OIBR3) - Foto: iStock\"},{\"@type\":\"BreadcrumbList\",\"@id\":\"https:\/\/www.suno.com.br\/noticias\/radar-oi-oibr3-itau-itub4-emae-emae4\/#breadcrumb\",\"itemListElement\":[{\"@type\":\"ListItem\",\"position\":1,\"name\":\"Not\u00edcias\",\"item\":\"https:\/\/www.suno.com.br\/noticias\/\"},{\"@type\":\"ListItem\",\"position\":2,\"name\":\"Neg\u00f3cios\",\"item\":\"https:\/\/www.suno.com.br\/noticias\/negocios\/\"},{\"@type\":\"ListItem\",\"position\":3,\"name\":\"Radar: adiamento da assembleia da Oi (OIBR3), XP projeta pre\u00e7o por a\u00e7\u00e3o do Ita\u00fa (ITUB4) e Emae (EMAE4) pagar\u00e1 dividendos milion\u00e1rios\"}]},{\"@type\":\"WebSite\",\"@id\":\"https:\/\/www.suno.com.br\/noticias\/#website\",\"url\":\"https:\/\/www.suno.com.br\/noticias\/\",\"name\":\"Suno Not\u00edcias\",\"description\":\"Seu portal de informa\u00e7\u00e3o sobre o mundo dos investimentos\",\"publisher\":{\"@id\":\"https:\/\/www.suno.com.br\/noticias\/#organization\"},\"potentialAction\":[{\"@type\":\"SearchAction\",\"target\":{\"@type\":\"EntryPoint\",\"urlTemplate\":\"https:\/\/www.suno.com.br\/noticias\/?s={search_term_string}\"},\"query-input\":{\"@type\":\"PropertyValueSpecification\",\"valueRequired\":true,\"valueName\":\"search_term_string\"}}],\"inLanguage\":\"pt-BR\"},{\"@type\":\"Organization\",\"@id\":\"https:\/\/www.suno.com.br\/noticias\/#organization\",\"name\":\"Suno Not\u00edcias\",\"url\":\"https:\/\/www.suno.com.br\/noticias\/\",\"logo\":{\"@type\":\"ImageObject\",\"inLanguage\":\"pt-BR\",\"@id\":\"https:\/\/www.suno.com.br\/noticias\/#\/schema\/logo\/image\/\",\"url\":\"https:\/\/files.sunoresearch.com.br\/n\/uploads\/2021\/09\/suno-logo.png\",\"contentUrl\":\"https:\/\/files.sunoresearch.com.br\/n\/uploads\/2021\/09\/suno-logo.png\",\"width\":180,\"height\":180,\"caption\":\"Suno Not\u00edcias\"},\"image\":{\"@id\":\"https:\/\/www.suno.com.br\/noticias\/#\/schema\/logo\/image\/\"},\"sameAs\":[\"https:\/\/facebook.com\/sunoresearch\",\"https:\/\/x.com\/sunoresearch\",\"https:\/\/www.instagram.com\/suno\",\"https:\/\/www.linkedin.com\/company\/suno-research\/\",\"https:\/\/www.youtube.com\/c\/sunoresearch\"]},{\"@type\":\"Person\",\"@id\":\"https:\/\/www.suno.com.br\/noticias\/#\/schema\/person\/450c455ecff319bab1f1a0e643451479\",\"name\":\"Vanessa Loiola\",\"image\":{\"@type\":\"ImageObject\",\"inLanguage\":\"pt-BR\",\"@id\":\"https:\/\/www.suno.com.br\/noticias\/#\/schema\/person\/image\/\",\"url\":\"https:\/\/secure.gravatar.com\/avatar\/8b41117f9780831919eb38da349c3f20?s=96&r=g\",\"contentUrl\":\"https:\/\/secure.gravatar.com\/avatar\/8b41117f9780831919eb38da349c3f20?s=96&r=g\",\"caption\":\"Vanessa Loiola\"},\"description\":\"Jornalista formada pela PUC-SP, com experi\u00eancia na cobertura das editorias de economia, finan\u00e7as, bolsa de valores, pol\u00edtica, energia solar e entretenimento. Com passagem pela BM&amp;C News e RedeTV!\",\"url\":\"https:\/\/www.suno.com.br\/noticias\/author\/vanessal-loiolagmail-com\/\"}]}<\/script>\n<!-- \/ Yoast SEO plugin. -->","yoast_head_json":{"title":"Radar: adiamento da assembleia da Oi (OIBR3), XP estabelece pre\u00e7o por a\u00e7\u00e3o do Ita\u00fa (ITUB4) e Emae (EMAE4) pagar\u00e1 dividendos milion\u00e1rios","description":"Oi (OIBR3) tem adiamento de assembleia aprovada, XP estabelece pre\u00e7o por a\u00e7\u00e3o do Ita\u00fa (ITUB4) e Emae (EMAE4) pagar\u00e1 dividendos milion\u00e1rios","robots":{"index":"index","follow":"follow","max-snippet":"max-snippet:-1","max-image-preview":"max-image-preview:large","max-video-preview":"max-video-preview:-1"},"canonical":"https:\/\/www.suno.com.br\/noticias\/radar-oi-oibr3-itau-itub4-emae-emae4\/","og_locale":"pt_BR","og_type":"article","og_title":"Radar: adiamento da assembleia da Oi (OIBR3), XP estabelece pre\u00e7o por a\u00e7\u00e3o do Ita\u00fa (ITUB4) e Emae (EMAE4) pagar\u00e1 dividendos milion\u00e1rios","og_description":"Oi (OIBR3) tem adiamento de assembleia aprovada, XP estabelece pre\u00e7o por a\u00e7\u00e3o do Ita\u00fa (ITUB4) e Emae (EMAE4) pagar\u00e1 dividendos milion\u00e1rios","og_url":"https:\/\/www.suno.com.br\/noticias\/radar-oi-oibr3-itau-itub4-emae-emae4\/","og_site_name":"Suno Not\u00edcias","article_publisher":"https:\/\/facebook.com\/sunoresearch","og_image":[{"width":1200,"height":800,"url":"https:\/\/files.sunoresearch.com.br\/n\/uploads\/2024\/03\/oi-oibr3-telefone-orelhao-brasil-1.jpg","type":"image\/jpeg"}],"author":"Vanessa Loiola","twitter_card":"summary_large_image","twitter_creator":"@sunoresearch","twitter_site":"@sunoresearch","twitter_misc":{"Escrito por":"Vanessa Loiola","Est. tempo de leitura":"10 minutos"},"schema":{"@context":"https:\/\/schema.org","@graph":[{"@type":"NewsArticle","@id":"https:\/\/www.suno.com.br\/noticias\/radar-oi-oibr3-itau-itub4-emae-emae4\/#article","isPartOf":{"@id":"https:\/\/www.suno.com.br\/noticias\/radar-oi-oibr3-itau-itub4-emae-emae4\/"},"author":{"name":"Vanessa Loiola","@id":"https:\/\/www.suno.com.br\/noticias\/#\/schema\/person\/450c455ecff319bab1f1a0e643451479"},"headline":"Radar: adiamento da assembleia da Oi (OIBR3), XP projeta pre\u00e7o por a\u00e7\u00e3o do Ita\u00fa (ITUB4) e Emae (EMAE4) pagar\u00e1 dividendos milion\u00e1rios","datePublished":"2024-04-09T01:42:27+00:00","dateModified":"2024-04-09T01:42:42+00:00","mainEntityOfPage":{"@id":"https:\/\/www.suno.com.br\/noticias\/radar-oi-oibr3-itau-itub4-emae-emae4\/"},"wordCount":1991,"publisher":{"@id":"https:\/\/www.suno.com.br\/noticias\/#organization"},"image":{"@id":"https:\/\/www.suno.com.br\/noticias\/radar-oi-oibr3-itau-itub4-emae-emae4\/#primaryimage"},"thumbnailUrl":"https:\/\/files.sunoresearch.com.br\/n\/uploads\/2024\/03\/oi-oibr3-telefone-orelhao-brasil-1.jpg","keywords":["Ita\u00fa Unibanco (ITUB3\/ITUB4)","Magazine Luiza (MGLU3)","Mercado Livre (MELI34)","Nubank (ROXO34)","Oi (OIBR3\/OIBR4)"],"articleSection":["Neg\u00f3cios"],"inLanguage":"pt-BR"},{"@type":"WebPage","@id":"https:\/\/www.suno.com.br\/noticias\/radar-oi-oibr3-itau-itub4-emae-emae4\/","url":"https:\/\/www.suno.com.br\/noticias\/radar-oi-oibr3-itau-itub4-emae-emae4\/","name":"Radar: adiamento da assembleia da Oi (OIBR3), XP estabelece pre\u00e7o por a\u00e7\u00e3o do Ita\u00fa (ITUB4) e Emae (EMAE4) pagar\u00e1 dividendos milion\u00e1rios","isPartOf":{"@id":"https:\/\/www.suno.com.br\/noticias\/#website"},"primaryImageOfPage":{"@id":"https:\/\/www.suno.com.br\/noticias\/radar-oi-oibr3-itau-itub4-emae-emae4\/#primaryimage"},"image":{"@id":"https:\/\/www.suno.com.br\/noticias\/radar-oi-oibr3-itau-itub4-emae-emae4\/#primaryimage"},"thumbnailUrl":"https:\/\/files.sunoresearch.com.br\/n\/uploads\/2024\/03\/oi-oibr3-telefone-orelhao-brasil-1.jpg","datePublished":"2024-04-09T01:42:27+00:00","dateModified":"2024-04-09T01:42:42+00:00","description":"Oi (OIBR3) tem adiamento de assembleia aprovada, XP estabelece pre\u00e7o por a\u00e7\u00e3o do Ita\u00fa (ITUB4) e Emae (EMAE4) pagar\u00e1 dividendos milion\u00e1rios","breadcrumb":{"@id":"https:\/\/www.suno.com.br\/noticias\/radar-oi-oibr3-itau-itub4-emae-emae4\/#breadcrumb"},"inLanguage":"pt-BR","potentialAction":[{"@type":"ReadAction","target":["https:\/\/www.suno.com.br\/noticias\/radar-oi-oibr3-itau-itub4-emae-emae4\/"]}]},{"@type":"ImageObject","inLanguage":"pt-BR","@id":"https:\/\/www.suno.com.br\/noticias\/radar-oi-oibr3-itau-itub4-emae-emae4\/#primaryimage","url":"https:\/\/files.sunoresearch.com.br\/n\/uploads\/2024\/03\/oi-oibr3-telefone-orelhao-brasil-1.jpg","contentUrl":"https:\/\/files.sunoresearch.com.br\/n\/uploads\/2024\/03\/oi-oibr3-telefone-orelhao-brasil-1.jpg","width":1200,"height":800,"caption":"Oi (OIBR3) - Foto: iStock"},{"@type":"BreadcrumbList","@id":"https:\/\/www.suno.com.br\/noticias\/radar-oi-oibr3-itau-itub4-emae-emae4\/#breadcrumb","itemListElement":[{"@type":"ListItem","position":1,"name":"Not\u00edcias","item":"https:\/\/www.suno.com.br\/noticias\/"},{"@type":"ListItem","position":2,"name":"Neg\u00f3cios","item":"https:\/\/www.suno.com.br\/noticias\/negocios\/"},{"@type":"ListItem","position":3,"name":"Radar: adiamento da assembleia da Oi (OIBR3), XP projeta pre\u00e7o por a\u00e7\u00e3o do Ita\u00fa (ITUB4) e Emae (EMAE4) pagar\u00e1 dividendos milion\u00e1rios"}]},{"@type":"WebSite","@id":"https:\/\/www.suno.com.br\/noticias\/#website","url":"https:\/\/www.suno.com.br\/noticias\/","name":"Suno Not\u00edcias","description":"Seu portal de informa\u00e7\u00e3o sobre o mundo dos investimentos","publisher":{"@id":"https:\/\/www.suno.com.br\/noticias\/#organization"},"potentialAction":[{"@type":"SearchAction","target":{"@type":"EntryPoint","urlTemplate":"https:\/\/www.suno.com.br\/noticias\/?s={search_term_string}"},"query-input":{"@type":"PropertyValueSpecification","valueRequired":true,"valueName":"search_term_string"}}],"inLanguage":"pt-BR"},{"@type":"Organization","@id":"https:\/\/www.suno.com.br\/noticias\/#organization","name":"Suno Not\u00edcias","url":"https:\/\/www.suno.com.br\/noticias\/","logo":{"@type":"ImageObject","inLanguage":"pt-BR","@id":"https:\/\/www.suno.com.br\/noticias\/#\/schema\/logo\/image\/","url":"https:\/\/files.sunoresearch.com.br\/n\/uploads\/2021\/09\/suno-logo.png","contentUrl":"https:\/\/files.sunoresearch.com.br\/n\/uploads\/2021\/09\/suno-logo.png","width":180,"height":180,"caption":"Suno Not\u00edcias"},"image":{"@id":"https:\/\/www.suno.com.br\/noticias\/#\/schema\/logo\/image\/"},"sameAs":["https:\/\/facebook.com\/sunoresearch","https:\/\/x.com\/sunoresearch","https:\/\/www.instagram.com\/suno","https:\/\/www.linkedin.com\/company\/suno-research\/","https:\/\/www.youtube.com\/c\/sunoresearch"]},{"@type":"Person","@id":"https:\/\/www.suno.com.br\/noticias\/#\/schema\/person\/450c455ecff319bab1f1a0e643451479","name":"Vanessa Loiola","image":{"@type":"ImageObject","inLanguage":"pt-BR","@id":"https:\/\/www.suno.com.br\/noticias\/#\/schema\/person\/image\/","url":"https:\/\/secure.gravatar.com\/avatar\/8b41117f9780831919eb38da349c3f20?s=96&r=g","contentUrl":"https:\/\/secure.gravatar.com\/avatar\/8b41117f9780831919eb38da349c3f20?s=96&r=g","caption":"Vanessa Loiola"},"description":"Jornalista formada pela PUC-SP, com experi\u00eancia na cobertura das editorias de economia, finan\u00e7as, bolsa de valores, pol\u00edtica, energia solar e entretenimento. Com passagem pela BM&amp;C News e RedeTV!","url":"https:\/\/www.suno.com.br\/noticias\/author\/vanessal-loiolagmail-com\/"}]}},"default_loop_html":"<div class=\"cardsPage__listCard__boxs\"><div class=\"cardsPage__listCard__boxs__img\"><a href=\"https:\/\/www.suno.com.br\/noticias\/radar-oi-oibr3-itau-itub4-emae-emae4\/\"><img class=\"mask\" src=\"https:\/\/www.suno.com.br\/noticias\/wp-content\/themes\/suno\/resources\/images\/spotlight\/spotlight1img\/bg-mask.png\" alt=\"Image Mask\"\/><img src=\"https:\/\/files.sunoresearch.com.br\/n\/uploads\/2024\/03\/oi-oibr3-telefone-orelhao-brasil-1-400x200.jpg\" alt=\"Radar: adiamento da assembleia da Oi (OIBR3), XP projeta pre\u00e7o por a\u00e7\u00e3o do Ita\u00fa (ITUB4) e Emae (EMAE4) pagar\u00e1 dividendos milion\u00e1rios\"\/><\/a><span class=\"spotlightCategory\"><a href=\"https:\/\/www.suno.com.br\/noticias\/negocios\/\">Neg\u00f3cios<\/a><\/span><\/div><div class=\"cardsPage__listCard__boxs__content\"><a href=\"https:\/\/www.suno.com.br\/noticias\/radar-oi-oibr3-itau-itub4-emae-emae4\/\"><h2 class=\"content__title\">Radar: adiamento da assembleia da Oi (OIBR3), XP projeta pre\u00e7o por a\u00e7\u00e3o do Ita\u00fa (ITUB4) e Emae (EMAE4) pagar\u00e1 dividendos milion\u00e1rios<\/h2><\/a><div class=\"newsContent__article__meta\"><div class=\"newsContent__article__meta__authorBox\"><a href=\"https:\/\/www.suno.com.br\/noticias\/author\/vanessal-loiolagmail-com\/\" class=\"authorBox__avatar noMobi\"><img src=\"https:\/\/secure.gravatar.com\/avatar\/8b41117f9780831919eb38da349c3f20?s=96&#038;r=g\" alt=\"Vanessa Loiola\"><\/a><div class=\"authorBox__name\"><span>por\n\t\t\t<a href=\"https:\/\/www.suno.com.br\/noticias\/author\/vanessal-loiolagmail-com\/\"><span itemprop=\"author\">Vanessa Loiola<\/span><\/a><\/span><time datetime=\"2024-04-08T22:42:27-03:00\" itemprop=\"datePublished\">08\/04\/2024 22:42<\/time><\/div><\/div><\/div><\/div><\/div>","single_layout":"posts","amp_enabled":true,"_links":{"self":[{"href":"https:\/\/www.suno.com.br\/noticias\/wp-json\/wp\/v2\/posts\/541986"}],"collection":[{"href":"https:\/\/www.suno.com.br\/noticias\/wp-json\/wp\/v2\/posts"}],"about":[{"href":"https:\/\/www.suno.com.br\/noticias\/wp-json\/wp\/v2\/types\/post"}],"author":[{"embeddable":true,"href":"https:\/\/www.suno.com.br\/noticias\/wp-json\/wp\/v2\/users\/227"}],"replies":[{"embeddable":true,"href":"https:\/\/www.suno.com.br\/noticias\/wp-json\/wp\/v2\/comments?post=541986"}],"version-history":[{"count":2,"href":"https:\/\/www.suno.com.br\/noticias\/wp-json\/wp\/v2\/posts\/541986\/revisions"}],"predecessor-version":[{"id":541997,"href":"https:\/\/www.suno.com.br\/noticias\/wp-json\/wp\/v2\/posts\/541986\/revisions\/541997"}],"wp:featuredmedia":[{"embeddable":true,"href":"https:\/\/www.suno.com.br\/noticias\/wp-json\/wp\/v2\/media\/534136"}],"wp:attachment":[{"href":"https:\/\/www.suno.com.br\/noticias\/wp-json\/wp\/v2\/media?parent=541986"}],"wp:term":[{"taxonomy":"category","embeddable":true,"href":"https:\/\/www.suno.com.br\/noticias\/wp-json\/wp\/v2\/categories?post=541986"},{"taxonomy":"post_tag","embeddable":true,"href":"https:\/\/www.suno.com.br\/noticias\/wp-json\/wp\/v2\/tags?post=541986"},{"taxonomy":"suno_strategy","embeddable":true,"href":"https:\/\/www.suno.com.br\/noticias\/wp-json\/wp\/v2\/suno_strategy?post=541986"}],"curies":[{"name":"wp","href":"https:\/\/api.w.org\/{rel}","templated":true}]}}