{"id":541882,"date":"2024-04-08T20:08:36","date_gmt":"2024-04-08T23:08:36","guid":{"rendered":"https:\/\/www.suno.com.br\/noticias\/?p=541882"},"modified":"2024-04-08T22:57:24","modified_gmt":"2024-04-09T01:57:24","slug":"petrobras-petr4-dividendos-haddad-decisao","status":"publish","type":"post","link":"https:\/\/www.suno.com.br\/noticias\/petrobras-petr4-dividendos-haddad-decisao\/","title":{"rendered":"Petrobras (PETR4) \u00e9 quem deve decidir sobre pagar ou n\u00e3o os dividendos, diz Haddad"},"content":{"rendered":"<p>O ministro da Fazenda, Fernando Haddad, afirmou nesta segunda-feira que cabe \u00e0 <strong><a href=\"https:\/\/www.suno.com.br\/acoes\/petr4\/\">Petrobras (PETR4)<\/a><\/strong> a decis\u00e3o de distribuir ou n\u00e3o os <a class=\"suno-keyword\" data-force=\"no\" data-priority=\"1\" href=\"https:\/\/www.suno.com.br\/guias\/dividendos\/\" target=\"_blank\" rel=\"noopener\">dividendos<\/a> extraordin\u00e1rios aos acionistas. Haddad ponderou, no entanto, que o tema est\u00e1 bem encaminhado e que a empresa est\u00e1 &#8220;robusta&#8221;. Os dados sobre o caixa da estatal t\u00eam sido levados ao presidente da Rep\u00fablica, Luiz In\u00e1cio Lula da Silva, segundo ele.<\/p>\t<div class=\"wrapper-featured-image\">\n\t\t<figure class=\"spotlightImg\">\n\n\t\t\t<picture>\n\t\t\t\t<source media=\"(max-width: 768px)\" srcset=\"https:\/\/files.sunoresearch.com.br\/n\/uploads\/2023\/07\/haddad-banco-central-reforma-tributaria-400x200.jpg\">\n\t\t\t\t<img loading=\"lazy\" decoding=\"async\" class=\"newsContent__article__imgCapa lazyloadDisabled \" src=\"https:\/\/files.sunoresearch.com.br\/n\/uploads\/2023\/07\/haddad-banco-central-reforma-tributaria-800x450.jpg\" width=\"800\" height=\"450\" alt=\"Petrobras (PETR4) \u00e9 quem deve decidir sobre pagar ou n\u00e3o os dividendos, diz Haddad\" fetchpriority=high \/>\n\t\t\t<\/picture>\n\n\t\t\t<figcaption class=\"wp-caption-text wp-caption-text--show\">Haddad fala sobre invas\u00e3o ao Siafi, do governo federal. Foto: Rovena Rosa\/Ag\u00eancia Brasil<\/figcaption>\n\t\t<\/figure>\n\t<\/div>\n\n\n\n\n\n\t<p>\n\t\t<a href=\"\" target=\"_blank\" data-element=\"shortcode-suno-banner\" title=\"Banner SUNO, clique e saiba mais\">\n\t\t\t<picture>\n\t\t\t\t<source media=\"(max-width: 500px)\" srcset=\"\">\n\t\t\t\t<img class=\"newsContent__article__imgCapa newsContent__article__imgCapa--banner\"\n\t\t\t\t\tsrc=\"\"\n\t\t\t\t\tdata-promo-id=\"240038\"\t\t\t\t\t\t\t\t\t\t\t\t\t\t\talt=\"\"\n\t\t\t\t>\n\t\t\t<\/picture>\n\t\t<\/a>\n\t<\/p>\n\n\n\n\n\n\n\n<p>&#8220;Temos levado muitas informa\u00e7\u00f5es para o presidente sobre a situa\u00e7\u00e3o do <strong>caixa da Petrobras<\/strong> para que ele Lula possa ter tranquilidade que o plano de investimento n\u00e3o vai ser prejudicado pelo financeiro&#8221;, disse o <strong>ministro Fernando Haddad<\/strong>.<\/p>\n\n\n\n<p>Haddad afirmou que essas informa\u00e7\u00f5es v\u00e3o dar seguran\u00e7a para que a diretoria da companhia possa tomar uma decis\u00e3o sobre os <a class=\"suno-keyword\" target=\"_blank\" data-force=\"no\" data-priority=\"1\" href=\"https:\/\/www.suno.com.br\/guias\/dividendos\/\" rel=\"noopener\">dividendos<\/a> da Petrobras.<\/p>\n\n\n\n<p>De acordo com o ministro, os n\u00fameros da empresa est\u00e3o consistentes e h\u00e1 capacidade para realizar um plano de investimento eficiente.<\/p>\n\n\n\n<p>Ele repetiu que a estatal estava sendo &#8220;dilapidada&#8221;, em refer\u00eancia ao governo do ex-presidente da Rep\u00fablica Jair Bolsonaro (PL), e disse que \u00e9 um desafio retomar a agenda de investimentos da companhia.<\/p>\n\n\n\n<p>Questionado sobre um calend\u00e1rio para defini\u00e7\u00e3o da <strong>distribui\u00e7\u00e3o de <a class=\"suno-keyword\" target=\"_blank\" data-force=\"no\" data-priority=\"1\" href=\"https:\/\/www.suno.com.br\/guias\/dividendos\/\" rel=\"noopener\">dividendos<\/a> da Petrobras<\/strong>, Haddad disse que cabe \u00e0 empresa, mas relembrou que est\u00e1 prevista uma reuni\u00e3o do Conselho para este m\u00eas.<\/p>\n\n\n\t<p>\n\t\t<a href=\"https:\/\/lp.suno.com.br\/ebook-gratuito-investindo-no-exterior\/\" target=\"_blank\" data-element=\"shortcode-suno-banner\" title=\"Banner SUNO, clique e saiba mais\">\n\t\t\t<picture>\n\t\t\t\t<source media=\"(max-width: 500px)\" srcset=\"https:\/\/files.sunoresearch.com.br\/n\/uploads\/2023\/03\/400x300-Investindo-no-exterior.png\">\n\t\t\t\t<img class=\"newsContent__article__imgCapa newsContent__article__imgCapa--banner\"\n\t\t\t\t\tsrc=\"https:\/\/files.sunoresearch.com.br\/n\/uploads\/2023\/03\/1420x240-Investindo-no-exterior.png\"\n\t\t\t\t\tdata-promo-id=\"383161\"\t\t\t\t\t\t\t\t\t\twidth='1420' height='240'\t\t\t\t\talt=\"https:\/\/files.sunoresearch.com.br\/n\/uploads\/2023\/03\/1420x240-Investindo-no-exterior.png\"\n\t\t\t\t>\n\t\t\t<\/picture>\n\t\t<\/a>\n\t<\/p>\n\n\n\n\n\n<h2 class=\"wp-block-heading\">Haddad diz que comando da Petrobras n\u00e3o est\u00e1 sob sua al\u00e7ada e que n\u00e3o discute isso com Lula<\/h2>\n\n\n\n<p>O <strong>ministro da Fazenda<\/strong>, Fernando Haddad, evitou comentar nesta segunda-feira, 8, sobre eventual troca de <strong>comando da Petrobras<\/strong>. Haddad disse que o assunto n\u00e3o est\u00e1 na sua al\u00e7ada e refor\u00e7ou que n\u00e3o discute esse tema com o presidente da Rep\u00fablica, Luiz In\u00e1cio Lula da Silva.<\/p>\n\n\n\n<p>Como mostrou o <i>Broadcast<\/i> (sistema de not\u00edcias em tempo real do Grupo Estado), Haddad foi chamado no domingo para retornar a Bras\u00edlia para participar de uma reuni\u00e3o com Lula sobre o futuro da estatal. A expectativa girava em torno da possibilidade de demiss\u00e3o do atual <strong>presidente da Petrobras<\/strong>, Jean Paul Prates. O chefe do Executivo, no entanto, se irritou com o vazamento e cancelou o encontro.<\/p>\n\n\n\n<p>At\u00e9 o momento, n\u00e3o h\u00e1 uma decis\u00e3o se <strong>Prates<\/strong> continuar\u00e1 ou n\u00e3o no comando da Petrobras. Interlocutores do governo avaliam que, se Lula de fato decidir demiti-lo, o an\u00fancio seria feito apenas ap\u00f3s o <a class=\"suno-keyword\" target=\"_blank\" data-force=\"no\" data-priority=\"1\" href=\"https:\/\/www.suno.com.br\/artigos\/fechamento-do-mercado\/\" rel=\"noopener\">fechamento do mercado<\/a>. O consenso \u00e9 de que \u00e9 preciso tomar uma medida em breve para evitar que as <strong>a\u00e7\u00f5es da Petrobras<\/strong> continuem em queda.<\/p>\n\n\n\n<div class=\"pluginQuotation\">\n  <p class=\"ticker\">\n    Cota\u00e7\u00e3o <span>PETR4<\/span>\n  <\/p>\n  <div class=\"info\">\n    <div class=\"leftSide\">\n      Gr\u00e1fico gerado em: 08\/04\/2024    <\/div>\n\t\t\t\t\t<div class=\"rightSide\">\n\t\t\t\t\t<span class=\"period\">\n\t\t\t\t\t\t1 M\u00eas\t\t\t\t\t<\/span>\n\t\t\t<\/div>\n\t\t  <\/div>\n\n  <div id=\"chart-7ba5235f7a0578fae6ded3b1115f201a\" data-block-hash=\"7ba5235f7a0578fae6ded3b1115f201a\"  class=\"chart\" style=\"width:100%;height:400px;\"><\/div>\n\n  <div class=\"pluginQuotation__footer\">\n    <div class=\"dataChart\">\n\n      <div class=\"dataChart__div1 variation\">\n        <div class=\"value-positive\">\n          8,56 (+3,05%)        <\/div>\n        <div class=\"text\">\n          Varia\u00e7\u00e3o do per\u00edodo\n        <\/div>\n      <\/div>\n\n      <div class=\"dataChart__div2 minMax\">\n        <div class=\"value\">\n          R$\u00a035,65        <\/div>\n        <div class=\"text\">\n          M\u00ednima\n        <\/div>\n      <\/div>\n\n      <div class=\"dataChart__div3 minMax\">\n        <div class=\"value\">\n          R$\u00a038,70        <\/div>\n        <div class=\"text\">\n          M\u00e1xima\n        <\/div>\n      <\/div>\n\n\t\t\t<div class=\"dataChart__div4 rightSide\">\n\t\t\t\t<div class=\"analiticaSource\">\n\t\t\t\t\t<span>\n\t\t\t\t\t\tFonte:\n\t\t\t\t\t<\/span>\n\t\t\t\t\t<img decoding=\"async\" class=\"analiticaLogo\" src=\"https:\/\/www.suno.com.br\/noticias\/wp-content\/plugins\/suno-block-ticker-quotation\/src\/suno-analitica-logo.png\" alt=\"Logo Suno Anal\u00edtica\" \/>\n\t\t\t\t<\/div>\n\n\t\t\t\t<a href=\"https:\/\/www.suno.com.br\/analitica\/acoes\/PETR4\" target=\"_blank\">\n\t\t\t\t\t<span>\n\t\t\t\t\t\tVer mais cota\u00e7\u00f5es\n\t\t\t\t\t<\/span>\n\t\t\t\t\t<svg xmlns=\"http:\/\/www.w3.org\/2000\/svg\" width=\"9\" height=\"8\" viewBox=\"0 0 9 8\" fill=\"none\">\n\t\t\t\t\t\t<path d=\"M4.20996 0L3.50496 0.705L6.29496 3.5H0.209961V4.5H6.29496L3.50496 7.295L4.20996 8L8.20996 4L4.20996 0Z\" fill=\"#D42126\" \/>\n\t\t\t\t\t<\/svg>\n\t\t\t\t<\/a>\n    <\/div>\n\n    <\/div>\n  <\/div>\n<\/div>\n\n\n<script type=\"text\/javascript\">\n  let chart_7ba5235f7a0578fae6ded3b1115f201a = document.getElementById('chart-7ba5235f7a0578fae6ded3b1115f201a');\n  let data_json_7ba5235f7a0578fae6ded3b1115f201a = \"[{\\\"date\\\":\\\"11\\\\\\\/03\\\\\\\/24 \\\",\\\"value\\\":35.65},{\\\"date\\\":\\\"12\\\\\\\/03\\\\\\\/24 \\\",\\\"value\\\":36.82},{\\\"date\\\":\\\"13\\\\\\\/03\\\\\\\/24 \\\",\\\"value\\\":36.38},{\\\"date\\\":\\\"14\\\\\\\/03\\\\\\\/24 \\\",\\\"value\\\":36.22},{\\\"date\\\":\\\"15\\\\\\\/03\\\\\\\/24 \\\",\\\"value\\\":36.32},{\\\"date\\\":\\\"18\\\\\\\/03\\\\\\\/24 \\\",\\\"value\\\":36.34},{\\\"date\\\":\\\"19\\\\\\\/03\\\\\\\/24 \\\",\\\"value\\\":36.07},{\\\"date\\\":\\\"20\\\\\\\/03\\\\\\\/24 \\\",\\\"value\\\":36.7},{\\\"date\\\":\\\"21\\\\\\\/03\\\\\\\/24 \\\",\\\"value\\\":35.7},{\\\"date\\\":\\\"22\\\\\\\/03\\\\\\\/24 \\\",\\\"value\\\":36.05},{\\\"date\\\":\\\"25\\\\\\\/03\\\\\\\/24 \\\",\\\"value\\\":36.6},{\\\"date\\\":\\\"26\\\\\\\/03\\\\\\\/24 \\\",\\\"value\\\":36.26},{\\\"date\\\":\\\"27\\\\\\\/03\\\\\\\/24 \\\",\\\"value\\\":36.55},{\\\"date\\\":\\\"28\\\\\\\/03\\\\\\\/24 \\\",\\\"value\\\":37.36},{\\\"date\\\":\\\"01\\\\\\\/04\\\\\\\/24 \\\",\\\"value\\\":37.72},{\\\"date\\\":\\\"02\\\\\\\/04\\\\\\\/24 \\\",\\\"value\\\":38.7},{\\\"date\\\":\\\"03\\\\\\\/04\\\\\\\/24 \\\",\\\"value\\\":38.4},{\\\"date\\\":\\\"04\\\\\\\/04\\\\\\\/24 \\\",\\\"value\\\":37.5},{\\\"date\\\":\\\"05\\\\\\\/04\\\\\\\/24 \\\",\\\"value\\\":38.26},{\\\"date\\\":\\\"08\\\\\\\/04\\\\\\\/24 \\\",\\\"value\\\":38.7}]\";\n  let isPositive_7ba5235f7a0578fae6ded3b1115f201a = true;\n\n  let color_7ba5235f7a0578fae6ded3b1115f201a = isPositive_7ba5235f7a0578fae6ded3b1115f201a ? '#3AB53A' : '#D92C2D';\n\n  let data_7ba5235f7a0578fae6ded3b1115f201a = JSON.parse(data_json_7ba5235f7a0578fae6ded3b1115f201a);\n\n  const result_7ba5235f7a0578fae6ded3b1115f201a = {\n    date: [],\n    value: [],\n  };\n\n  data_7ba5235f7a0578fae6ded3b1115f201a.forEach((item) => {\n    result_7ba5235f7a0578fae6ded3b1115f201a.date.push(item.date);\n    result_7ba5235f7a0578fae6ded3b1115f201a.value.push(Number(item.value));\n  });\n\n  let option_7ba5235f7a0578fae6ded3b1115f201a = {\n    \/\/ variavel de cor global\n    color: [color_7ba5235f7a0578fae6ded3b1115f201a],\n    title: {\n      text: '',\n    },\n    tooltip: {\n      trigger: 'axis',\n      axisPointer: {\n        type: 'cross',\n        label: {\n          \/\/ cor dos valores em X e Y\n          backgroundColor: color_7ba5235f7a0578fae6ded3b1115f201a,\n          formatter: (value) => {\n            if (typeof value.value === 'number') {\n              return Number(value.value).toLocaleString('pt-br', {\n                style: 'currency',\n                currency: 'BRL'\n              });\n            }\n            return value.value;\n          },\n        },\n      },\n      valueFormatter: (value) => Number(value).toLocaleString('pt-br', {\n        style: 'currency',\n        currency: 'BRL'\n      }),\n    },\n    legend: {\n      \/\/ data: ['Valor de Fechamento'],\n      show: false,\n    },\n    toolbox: {\n      feature: {\n        saveAsImage: {\n          show: false,\n        },\n      },\n    },\n    grid: {\n      left: '0px',\n      right: '0px',\n      bottom: '0px',\n      containLabel: true,\n    },\n    xAxis: [{\n      type: 'category',\n      data: result_7ba5235f7a0578fae6ded3b1115f201a.date,\n      boundaryGap: true,\n    }],\n    yAxis: [{\n      type: 'value',\n      min: Math.min(...result_7ba5235f7a0578fae6ded3b1115f201a.value),\n      max: Math.max(...result_7ba5235f7a0578fae6ded3b1115f201a.value),\n      axisLabel: {\n        formatter: (value) => value.toLocaleString('pt-br', {\n          style: 'currency',\n          currency: 'BRL'\n        }),\n      },\n    }],\n    series: [{\n      name: 'Valor de Fechamento',\n      type: 'line',\n      stack: 'Total',\n      \/\/ cor do grafico\n      areaStyle: {},\n      emphasis: {\n        focus: 'series',\n      },\n      data: result_7ba5235f7a0578fae6ded3b1115f201a.value,\n      \/\/ cor da linha\n      lineStyle: {\n        color: color_7ba5235f7a0578fae6ded3b1115f201a,\n      },\n    }, ],\n  };\n\n\twindow.chart_7ba5235f7a0578fae6ded3b1115f201a = {\n\t\tel: chart_7ba5235f7a0578fae6ded3b1115f201a,\n\t\toption: option_7ba5235f7a0578fae6ded3b1115f201a\t};\n\n\n<\/script>\n\n\n\n<p>Desde a semana passada, ap\u00f3s os rumores sobre a sa\u00edda de Prates, passou a se especular em Bras\u00edlia quem poderia tomar o posto. O nome do presidente do Banco Nacional de <a class=\"suno-keyword\" target=\"_blank\" data-force=\"no\" data-priority=\"1\" href=\"https:\/\/www.suno.com.br\/artigos\/desenvolvimento-economico\/\" rel=\"noopener\">Desenvolvimento Econ\u00f4mico<\/a> e Social (BNDES), <strong>Aloizio Mercadante<\/strong>, aparece, at\u00e9 o momento, como o mais cotado.<\/p>\n\n\n\n<p>N\u00e3o est\u00e1 descartada, no entanto, a possibilidade de manter o atual presidente da Petrobras no cargo e costurar um &#8220;meio-termo&#8221; para apaziguar os \u00e2nimos entre integrantes do governo.<\/p>\n\n\n\n<p>Como mostrou o <i>Broadcast<\/i>, um arranjo alternativo seria Mercadante na presid\u00eancia do conselho da estatal, mediando conflitos entre a diretoria e demais integrantes indicados pelo Poder Executivo, enquanto Prates manteria o cargo, mas com foco na parte operacional da Petrobras.<\/p>\n\n\n\n\t<div data-element=\"shortcode-read-more\" class=\"readToo\">\n\t\t\t\t<span class=\"readToo__title\">Leia mais<\/span>\n\t\t\t\t<ul class=\"readToo__list\">\n\t\t\t<li><a href=\"https:\/\/www.suno.com.br\/noticias\/petrobras-petr4-dividendos-distribuicao-mm\/\">Petrobras (PETR4): governo deve propor distribui\u00e7\u00e3o de 50% dos dividendos retidos, diz jornal<\/a><\/li><li><a href=\"https:\/\/www.suno.com.br\/noticias\/petrobras-petr4-moodys-mudancas-governo-cpf\/\">Petrobras (PETR4): conduta do governo coloca em risco o perfil de cr\u00e9dito, diz Moody&#8217;s<\/a><\/li><li><a href=\"https:\/\/www.suno.com.br\/noticias\/petrobras-petr4-estatais-queda-lucro-lula-va\/\">Petrobras (PETR4) e outras estatais t\u00eam queda no lucro em 2023 sob governo Lula<\/a><\/li>\t\t<\/ul>\n\t<\/div>\n\n\n\n\n<p><em>Com Estad\u00e3o Conte\u00fado<\/em><\/p>\n\n\n\t<p>\n\t\t<a href=\"https:\/\/lp.suno.com.br\/planilha-da-vida-financeira\/\" target=\"_blank\" data-element=\"shortcode-suno-banner\" title=\"Banner SUNO, clique e saiba mais\">\n\t\t\t<picture>\n\t\t\t\t<source media=\"(max-width: 500px)\" srcset=\"https:\/\/files.sunoresearch.com.br\/n\/uploads\/2023\/04\/400x300-Planilha-vida-financeira-true.png\">\n\t\t\t\t<img class=\"newsContent__article__imgCapa newsContent__article__imgCapa--banner\"\n\t\t\t\t\tsrc=\"https:\/\/files.sunoresearch.com.br\/n\/uploads\/2023\/04\/1420x240-Planilha-vida-financeira-true.png\"\n\t\t\t\t\tdata-promo-id=\"383123\"\t\t\t\t\t\t\t\t\t\twidth='1420' height='240'\t\t\t\t\talt=\"https:\/\/files.sunoresearch.com.br\/n\/uploads\/2023\/04\/1420x240-Planilha-vida-financeira-true.png\"\n\t\t\t\t>\n\t\t\t<\/picture>\n\t\t<\/a>\n\t<\/p>\n\n\n","protected":false},"excerpt":{"rendered":"<p>O ministro da Fazenda, Fernando Haddad, afirmou nesta segunda-feira que cabe \u00e0 Petrobras (PETR4) a decis\u00e3o de distribuir ou n\u00e3o os dividendos extraordin\u00e1rios aos acionistas. Haddad ponderou, no entanto, que o tema est\u00e1 bem encaminhado e que a empresa est\u00e1 &#8220;robusta&#8221;. Os dados sobre o caixa da estatal t\u00eam sido levados ao presidente da Rep\u00fablica, [&hellip;]<\/p>\n","protected":false},"author":43,"featured_media":427207,"comment_status":"closed","ping_status":"closed","sticky":false,"template":"","format":"standard","meta":[],"categories":[61],"tags":[286,716,824,595],"suno_strategy":[],"class_list":["post-541882","post","type-post","status-publish","format-standard","has-post-thumbnail","hentry","category-politica","tag-acoes","tag-fernando-haddad","tag-ministerio-fazenda","tag-petrobras-petr4"],"yoast_head":"<!-- This site is optimized with the Yoast SEO plugin v24.4 - https:\/\/yoast.com\/wordpress\/plugins\/seo\/ -->\n<title>Petrobras (PETR4) decidir\u00e1 sobre dividendos, diz Haddad<\/title>\n<meta name=\"description\" content=\"O ministro da Fazenda, Fernando Haddad, afirmou que cabe \u00e0 Petrobras a decis\u00e3o de distribuir ou n\u00e3o os dividendos extraordin\u00e1rios\" \/>\n<meta name=\"robots\" content=\"index, follow, max-snippet:-1, max-image-preview:large, max-video-preview:-1\" \/>\n<link rel=\"canonical\" href=\"https:\/\/www.suno.com.br\/noticias\/petrobras-petr4-dividendos-haddad-decisao\/\" \/>\n<meta property=\"og:locale\" content=\"pt_BR\" \/>\n<meta property=\"og:type\" content=\"article\" \/>\n<meta property=\"og:title\" content=\"Petrobras (PETR4) decidir\u00e1 sobre dividendos, diz Haddad\" \/>\n<meta property=\"og:description\" content=\"O ministro da Fazenda, Fernando Haddad, afirmou que cabe \u00e0 Petrobras a decis\u00e3o de distribuir ou n\u00e3o os dividendos extraordin\u00e1rios\" \/>\n<meta property=\"og:url\" content=\"https:\/\/www.suno.com.br\/noticias\/petrobras-petr4-dividendos-haddad-decisao\/\" \/>\n<meta property=\"og:site_name\" content=\"Suno Not\u00edcias\" \/>\n<meta property=\"article:publisher\" content=\"https:\/\/facebook.com\/sunoresearch\" \/>\n<meta property=\"article:author\" content=\"https:\/\/www.facebook.com\/sunonoticias\/\" \/>\n<meta property=\"og:image\" content=\"https:\/\/files.sunoresearch.com.br\/n\/uploads\/2023\/07\/haddad-banco-central-reforma-tributaria.jpg\" \/>\n\t<meta property=\"og:image:width\" content=\"1200\" \/>\n\t<meta property=\"og:image:height\" content=\"800\" \/>\n\t<meta property=\"og:image:type\" content=\"image\/jpeg\" \/>\n<meta name=\"author\" content=\"Reda\u00e7\u00e3o Suno Not\u00edcias\" \/>\n<meta name=\"twitter:card\" content=\"summary_large_image\" \/>\n<meta name=\"twitter:creator\" content=\"@https:\/\/twitter.com\/sunoresearch\" \/>\n<meta name=\"twitter:site\" content=\"@sunoresearch\" \/>\n<meta name=\"twitter:label1\" content=\"Escrito por\" \/>\n\t<meta name=\"twitter:data1\" content=\"Reda\u00e7\u00e3o Suno Not\u00edcias\" \/>\n\t<meta name=\"twitter:label2\" content=\"Est. tempo de leitura\" \/>\n\t<meta name=\"twitter:data2\" content=\"3 minutos\" \/>\n<script type=\"application\/ld+json\" class=\"yoast-schema-graph\">{\"@context\":\"https:\/\/schema.org\",\"@graph\":[{\"@type\":\"NewsArticle\",\"@id\":\"https:\/\/www.suno.com.br\/noticias\/petrobras-petr4-dividendos-haddad-decisao\/#article\",\"isPartOf\":{\"@id\":\"https:\/\/www.suno.com.br\/noticias\/petrobras-petr4-dividendos-haddad-decisao\/\"},\"author\":{\"name\":\"Reda\u00e7\u00e3o Suno Not\u00edcias\",\"@id\":\"https:\/\/www.suno.com.br\/noticias\/#\/schema\/person\/c1b1bd3727fa852bd045e9dbff3673ea\"},\"headline\":\"Petrobras (PETR4) \u00e9 quem deve decidir sobre pagar ou n\u00e3o os dividendos, diz Haddad\",\"datePublished\":\"2024-04-08T23:08:36+00:00\",\"dateModified\":\"2024-04-09T01:57:24+00:00\",\"mainEntityOfPage\":{\"@id\":\"https:\/\/www.suno.com.br\/noticias\/petrobras-petr4-dividendos-haddad-decisao\/\"},\"wordCount\":576,\"publisher\":{\"@id\":\"https:\/\/www.suno.com.br\/noticias\/#organization\"},\"image\":{\"@id\":\"https:\/\/www.suno.com.br\/noticias\/petrobras-petr4-dividendos-haddad-decisao\/#primaryimage\"},\"thumbnailUrl\":\"https:\/\/files.sunoresearch.com.br\/n\/uploads\/2023\/07\/haddad-banco-central-reforma-tributaria.jpg\",\"keywords\":[\"A\u00e7\u00f5es\",\"Fernando Haddad\",\"Minist\u00e9rio da Fazenda\",\"Petrobras (PETR4)\"],\"articleSection\":[\"Pol\u00edtica\"],\"inLanguage\":\"pt-BR\"},{\"@type\":\"WebPage\",\"@id\":\"https:\/\/www.suno.com.br\/noticias\/petrobras-petr4-dividendos-haddad-decisao\/\",\"url\":\"https:\/\/www.suno.com.br\/noticias\/petrobras-petr4-dividendos-haddad-decisao\/\",\"name\":\"Petrobras (PETR4) decidir\u00e1 sobre dividendos, diz Haddad\",\"isPartOf\":{\"@id\":\"https:\/\/www.suno.com.br\/noticias\/#website\"},\"primaryImageOfPage\":{\"@id\":\"https:\/\/www.suno.com.br\/noticias\/petrobras-petr4-dividendos-haddad-decisao\/#primaryimage\"},\"image\":{\"@id\":\"https:\/\/www.suno.com.br\/noticias\/petrobras-petr4-dividendos-haddad-decisao\/#primaryimage\"},\"thumbnailUrl\":\"https:\/\/files.sunoresearch.com.br\/n\/uploads\/2023\/07\/haddad-banco-central-reforma-tributaria.jpg\",\"datePublished\":\"2024-04-08T23:08:36+00:00\",\"dateModified\":\"2024-04-09T01:57:24+00:00\",\"description\":\"O ministro da Fazenda, Fernando Haddad, afirmou que cabe \u00e0 Petrobras a decis\u00e3o de distribuir ou n\u00e3o os dividendos extraordin\u00e1rios\",\"breadcrumb\":{\"@id\":\"https:\/\/www.suno.com.br\/noticias\/petrobras-petr4-dividendos-haddad-decisao\/#breadcrumb\"},\"inLanguage\":\"pt-BR\",\"potentialAction\":[{\"@type\":\"ReadAction\",\"target\":[\"https:\/\/www.suno.com.br\/noticias\/petrobras-petr4-dividendos-haddad-decisao\/\"]}]},{\"@type\":\"ImageObject\",\"inLanguage\":\"pt-BR\",\"@id\":\"https:\/\/www.suno.com.br\/noticias\/petrobras-petr4-dividendos-haddad-decisao\/#primaryimage\",\"url\":\"https:\/\/files.sunoresearch.com.br\/n\/uploads\/2023\/07\/haddad-banco-central-reforma-tributaria.jpg\",\"contentUrl\":\"https:\/\/files.sunoresearch.com.br\/n\/uploads\/2023\/07\/haddad-banco-central-reforma-tributaria.jpg\",\"width\":1200,\"height\":800,\"caption\":\"Haddad fala sobre invas\u00e3o ao Siafi, do governo federal. Foto: Rovena Rosa\/Ag\u00eancia Brasil\"},{\"@type\":\"BreadcrumbList\",\"@id\":\"https:\/\/www.suno.com.br\/noticias\/petrobras-petr4-dividendos-haddad-decisao\/#breadcrumb\",\"itemListElement\":[{\"@type\":\"ListItem\",\"position\":1,\"name\":\"Not\u00edcias\",\"item\":\"https:\/\/www.suno.com.br\/noticias\/\"},{\"@type\":\"ListItem\",\"position\":2,\"name\":\"Pol\u00edtica\",\"item\":\"https:\/\/www.suno.com.br\/noticias\/politica\/\"},{\"@type\":\"ListItem\",\"position\":3,\"name\":\"Petrobras (PETR4) \u00e9 quem deve decidir sobre pagar ou n\u00e3o os dividendos, diz Haddad\"}]},{\"@type\":\"WebSite\",\"@id\":\"https:\/\/www.suno.com.br\/noticias\/#website\",\"url\":\"https:\/\/www.suno.com.br\/noticias\/\",\"name\":\"Suno Not\u00edcias\",\"description\":\"Seu portal de informa\u00e7\u00e3o sobre o mundo dos investimentos\",\"publisher\":{\"@id\":\"https:\/\/www.suno.com.br\/noticias\/#organization\"},\"potentialAction\":[{\"@type\":\"SearchAction\",\"target\":{\"@type\":\"EntryPoint\",\"urlTemplate\":\"https:\/\/www.suno.com.br\/noticias\/?s={search_term_string}\"},\"query-input\":{\"@type\":\"PropertyValueSpecification\",\"valueRequired\":true,\"valueName\":\"search_term_string\"}}],\"inLanguage\":\"pt-BR\"},{\"@type\":\"Organization\",\"@id\":\"https:\/\/www.suno.com.br\/noticias\/#organization\",\"name\":\"Suno Not\u00edcias\",\"url\":\"https:\/\/www.suno.com.br\/noticias\/\",\"logo\":{\"@type\":\"ImageObject\",\"inLanguage\":\"pt-BR\",\"@id\":\"https:\/\/www.suno.com.br\/noticias\/#\/schema\/logo\/image\/\",\"url\":\"https:\/\/files.sunoresearch.com.br\/n\/uploads\/2021\/09\/suno-logo.png\",\"contentUrl\":\"https:\/\/files.sunoresearch.com.br\/n\/uploads\/2021\/09\/suno-logo.png\",\"width\":180,\"height\":180,\"caption\":\"Suno Not\u00edcias\"},\"image\":{\"@id\":\"https:\/\/www.suno.com.br\/noticias\/#\/schema\/logo\/image\/\"},\"sameAs\":[\"https:\/\/facebook.com\/sunoresearch\",\"https:\/\/x.com\/sunoresearch\",\"https:\/\/www.instagram.com\/suno\",\"https:\/\/www.linkedin.com\/company\/suno-research\/\",\"https:\/\/www.youtube.com\/c\/sunoresearch\"]},{\"@type\":\"Person\",\"@id\":\"https:\/\/www.suno.com.br\/noticias\/#\/schema\/person\/c1b1bd3727fa852bd045e9dbff3673ea\",\"name\":\"Reda\u00e7\u00e3o Suno Not\u00edcias\",\"image\":{\"@type\":\"ImageObject\",\"inLanguage\":\"pt-BR\",\"@id\":\"https:\/\/www.suno.com.br\/noticias\/#\/schema\/person\/image\/\",\"url\":\"https:\/\/secure.gravatar.com\/avatar\/b8104b9b5a71985d5238ee59fbe418af?s=96&r=g\",\"contentUrl\":\"https:\/\/secure.gravatar.com\/avatar\/b8104b9b5a71985d5238ee59fbe418af?s=96&r=g\",\"caption\":\"Reda\u00e7\u00e3o Suno Not\u00edcias\"},\"description\":\"O Suno Not\u00edcias \u00e9 um portal de informa\u00e7\u00f5es sobre Mercado Financeiro, Pol\u00edtica, Neg\u00f3cios, Economia e Finan\u00e7as Pessoais.\",\"sameAs\":[\"https:\/\/www.suno.com.br\/noticias\",\"https:\/\/www.facebook.com\/sunonoticias\/\",\"https:\/\/www.instagram.com\/sunonoticias\/\",\"https:\/\/x.com\/https:\/\/twitter.com\/sunoresearch\",\"https:\/\/www.youtube.com\/sunonoticias\"],\"url\":\"https:\/\/www.suno.com.br\/noticias\/author\/redacao-suno\/\"}]}<\/script>\n<!-- \/ Yoast SEO plugin. -->","yoast_head_json":{"title":"Petrobras (PETR4) decidir\u00e1 sobre dividendos, diz Haddad","description":"O ministro da Fazenda, Fernando Haddad, afirmou que cabe \u00e0 Petrobras a decis\u00e3o de distribuir ou n\u00e3o os dividendos extraordin\u00e1rios","robots":{"index":"index","follow":"follow","max-snippet":"max-snippet:-1","max-image-preview":"max-image-preview:large","max-video-preview":"max-video-preview:-1"},"canonical":"https:\/\/www.suno.com.br\/noticias\/petrobras-petr4-dividendos-haddad-decisao\/","og_locale":"pt_BR","og_type":"article","og_title":"Petrobras (PETR4) decidir\u00e1 sobre dividendos, diz Haddad","og_description":"O ministro da Fazenda, Fernando Haddad, afirmou que cabe \u00e0 Petrobras a decis\u00e3o de distribuir ou n\u00e3o os dividendos extraordin\u00e1rios","og_url":"https:\/\/www.suno.com.br\/noticias\/petrobras-petr4-dividendos-haddad-decisao\/","og_site_name":"Suno Not\u00edcias","article_publisher":"https:\/\/facebook.com\/sunoresearch","article_author":"https:\/\/www.facebook.com\/sunonoticias\/","og_image":[{"width":1200,"height":800,"url":"https:\/\/files.sunoresearch.com.br\/n\/uploads\/2023\/07\/haddad-banco-central-reforma-tributaria.jpg","type":"image\/jpeg"}],"author":"Reda\u00e7\u00e3o Suno Not\u00edcias","twitter_card":"summary_large_image","twitter_creator":"@https:\/\/twitter.com\/sunoresearch","twitter_site":"@sunoresearch","twitter_misc":{"Escrito por":"Reda\u00e7\u00e3o Suno Not\u00edcias","Est. tempo de leitura":"3 minutos"},"schema":{"@context":"https:\/\/schema.org","@graph":[{"@type":"NewsArticle","@id":"https:\/\/www.suno.com.br\/noticias\/petrobras-petr4-dividendos-haddad-decisao\/#article","isPartOf":{"@id":"https:\/\/www.suno.com.br\/noticias\/petrobras-petr4-dividendos-haddad-decisao\/"},"author":{"name":"Reda\u00e7\u00e3o Suno Not\u00edcias","@id":"https:\/\/www.suno.com.br\/noticias\/#\/schema\/person\/c1b1bd3727fa852bd045e9dbff3673ea"},"headline":"Petrobras (PETR4) \u00e9 quem deve decidir sobre pagar ou n\u00e3o os dividendos, diz Haddad","datePublished":"2024-04-08T23:08:36+00:00","dateModified":"2024-04-09T01:57:24+00:00","mainEntityOfPage":{"@id":"https:\/\/www.suno.com.br\/noticias\/petrobras-petr4-dividendos-haddad-decisao\/"},"wordCount":576,"publisher":{"@id":"https:\/\/www.suno.com.br\/noticias\/#organization"},"image":{"@id":"https:\/\/www.suno.com.br\/noticias\/petrobras-petr4-dividendos-haddad-decisao\/#primaryimage"},"thumbnailUrl":"https:\/\/files.sunoresearch.com.br\/n\/uploads\/2023\/07\/haddad-banco-central-reforma-tributaria.jpg","keywords":["A\u00e7\u00f5es","Fernando Haddad","Minist\u00e9rio da Fazenda","Petrobras (PETR4)"],"articleSection":["Pol\u00edtica"],"inLanguage":"pt-BR"},{"@type":"WebPage","@id":"https:\/\/www.suno.com.br\/noticias\/petrobras-petr4-dividendos-haddad-decisao\/","url":"https:\/\/www.suno.com.br\/noticias\/petrobras-petr4-dividendos-haddad-decisao\/","name":"Petrobras (PETR4) decidir\u00e1 sobre dividendos, diz Haddad","isPartOf":{"@id":"https:\/\/www.suno.com.br\/noticias\/#website"},"primaryImageOfPage":{"@id":"https:\/\/www.suno.com.br\/noticias\/petrobras-petr4-dividendos-haddad-decisao\/#primaryimage"},"image":{"@id":"https:\/\/www.suno.com.br\/noticias\/petrobras-petr4-dividendos-haddad-decisao\/#primaryimage"},"thumbnailUrl":"https:\/\/files.sunoresearch.com.br\/n\/uploads\/2023\/07\/haddad-banco-central-reforma-tributaria.jpg","datePublished":"2024-04-08T23:08:36+00:00","dateModified":"2024-04-09T01:57:24+00:00","description":"O ministro da Fazenda, Fernando Haddad, afirmou que cabe \u00e0 Petrobras a decis\u00e3o de distribuir ou n\u00e3o os dividendos extraordin\u00e1rios","breadcrumb":{"@id":"https:\/\/www.suno.com.br\/noticias\/petrobras-petr4-dividendos-haddad-decisao\/#breadcrumb"},"inLanguage":"pt-BR","potentialAction":[{"@type":"ReadAction","target":["https:\/\/www.suno.com.br\/noticias\/petrobras-petr4-dividendos-haddad-decisao\/"]}]},{"@type":"ImageObject","inLanguage":"pt-BR","@id":"https:\/\/www.suno.com.br\/noticias\/petrobras-petr4-dividendos-haddad-decisao\/#primaryimage","url":"https:\/\/files.sunoresearch.com.br\/n\/uploads\/2023\/07\/haddad-banco-central-reforma-tributaria.jpg","contentUrl":"https:\/\/files.sunoresearch.com.br\/n\/uploads\/2023\/07\/haddad-banco-central-reforma-tributaria.jpg","width":1200,"height":800,"caption":"Haddad fala sobre invas\u00e3o ao Siafi, do governo federal. Foto: Rovena Rosa\/Ag\u00eancia Brasil"},{"@type":"BreadcrumbList","@id":"https:\/\/www.suno.com.br\/noticias\/petrobras-petr4-dividendos-haddad-decisao\/#breadcrumb","itemListElement":[{"@type":"ListItem","position":1,"name":"Not\u00edcias","item":"https:\/\/www.suno.com.br\/noticias\/"},{"@type":"ListItem","position":2,"name":"Pol\u00edtica","item":"https:\/\/www.suno.com.br\/noticias\/politica\/"},{"@type":"ListItem","position":3,"name":"Petrobras (PETR4) \u00e9 quem deve decidir sobre pagar ou n\u00e3o os dividendos, diz Haddad"}]},{"@type":"WebSite","@id":"https:\/\/www.suno.com.br\/noticias\/#website","url":"https:\/\/www.suno.com.br\/noticias\/","name":"Suno Not\u00edcias","description":"Seu portal de informa\u00e7\u00e3o sobre o mundo dos investimentos","publisher":{"@id":"https:\/\/www.suno.com.br\/noticias\/#organization"},"potentialAction":[{"@type":"SearchAction","target":{"@type":"EntryPoint","urlTemplate":"https:\/\/www.suno.com.br\/noticias\/?s={search_term_string}"},"query-input":{"@type":"PropertyValueSpecification","valueRequired":true,"valueName":"search_term_string"}}],"inLanguage":"pt-BR"},{"@type":"Organization","@id":"https:\/\/www.suno.com.br\/noticias\/#organization","name":"Suno Not\u00edcias","url":"https:\/\/www.suno.com.br\/noticias\/","logo":{"@type":"ImageObject","inLanguage":"pt-BR","@id":"https:\/\/www.suno.com.br\/noticias\/#\/schema\/logo\/image\/","url":"https:\/\/files.sunoresearch.com.br\/n\/uploads\/2021\/09\/suno-logo.png","contentUrl":"https:\/\/files.sunoresearch.com.br\/n\/uploads\/2021\/09\/suno-logo.png","width":180,"height":180,"caption":"Suno Not\u00edcias"},"image":{"@id":"https:\/\/www.suno.com.br\/noticias\/#\/schema\/logo\/image\/"},"sameAs":["https:\/\/facebook.com\/sunoresearch","https:\/\/x.com\/sunoresearch","https:\/\/www.instagram.com\/suno","https:\/\/www.linkedin.com\/company\/suno-research\/","https:\/\/www.youtube.com\/c\/sunoresearch"]},{"@type":"Person","@id":"https:\/\/www.suno.com.br\/noticias\/#\/schema\/person\/c1b1bd3727fa852bd045e9dbff3673ea","name":"Reda\u00e7\u00e3o Suno Not\u00edcias","image":{"@type":"ImageObject","inLanguage":"pt-BR","@id":"https:\/\/www.suno.com.br\/noticias\/#\/schema\/person\/image\/","url":"https:\/\/secure.gravatar.com\/avatar\/b8104b9b5a71985d5238ee59fbe418af?s=96&r=g","contentUrl":"https:\/\/secure.gravatar.com\/avatar\/b8104b9b5a71985d5238ee59fbe418af?s=96&r=g","caption":"Reda\u00e7\u00e3o Suno Not\u00edcias"},"description":"O Suno Not\u00edcias \u00e9 um portal de informa\u00e7\u00f5es sobre Mercado Financeiro, Pol\u00edtica, Neg\u00f3cios, Economia e Finan\u00e7as Pessoais.","sameAs":["https:\/\/www.suno.com.br\/noticias","https:\/\/www.facebook.com\/sunonoticias\/","https:\/\/www.instagram.com\/sunonoticias\/","https:\/\/x.com\/https:\/\/twitter.com\/sunoresearch","https:\/\/www.youtube.com\/sunonoticias"],"url":"https:\/\/www.suno.com.br\/noticias\/author\/redacao-suno\/"}]}},"default_loop_html":"<div class=\"cardsPage__listCard__boxs\"><div class=\"cardsPage__listCard__boxs__img\"><a href=\"https:\/\/www.suno.com.br\/noticias\/petrobras-petr4-dividendos-haddad-decisao\/\"><img class=\"mask\" src=\"https:\/\/www.suno.com.br\/noticias\/wp-content\/themes\/suno\/resources\/images\/spotlight\/spotlight1img\/bg-mask.png\" alt=\"Image Mask\"\/><img src=\"https:\/\/files.sunoresearch.com.br\/n\/uploads\/2023\/07\/haddad-banco-central-reforma-tributaria-400x200.jpg\" alt=\"Petrobras (PETR4) \u00e9 quem deve decidir sobre pagar ou n\u00e3o os dividendos, diz Haddad\"\/><\/a><span class=\"spotlightCategory\"><a href=\"https:\/\/www.suno.com.br\/noticias\/politica\/\">Pol\u00edtica<\/a><\/span><\/div><div class=\"cardsPage__listCard__boxs__content\"><a href=\"https:\/\/www.suno.com.br\/noticias\/petrobras-petr4-dividendos-haddad-decisao\/\"><h2 class=\"content__title\">Petrobras (PETR4) \u00e9 quem deve decidir sobre pagar ou n\u00e3o os dividendos, diz Haddad<\/h2><\/a><div class=\"newsContent__article__meta\"><div class=\"newsContent__article__meta__authorBox\"><a href=\"https:\/\/www.suno.com.br\/noticias\/author\/vini08correiagmail-com\/\" class=\"authorBox__avatar noMobi\"><img src=\"https:\/\/files.sunoresearch.com.br\/n\/uploads\/2026\/04\/WhatsApp-Image-2026-04-20-at-19.35.48-150x150.webp\" alt=\"Vin\u00edcius Alves\"><\/a><div class=\"authorBox__name\"><span>por\n\t\t\t<a href=\"https:\/\/www.suno.com.br\/noticias\/author\/vini08correiagmail-com\/\"><span itemprop=\"author\">Vin\u00edcius Alves<\/span><\/a><\/span><time datetime=\"2024-04-08T20:08:36-03:00\" itemprop=\"datePublished\">08\/04\/2024 20:08<\/time><\/div><\/div><\/div><\/div><\/div>","single_layout":"posts","amp_enabled":true,"_links":{"self":[{"href":"https:\/\/www.suno.com.br\/noticias\/wp-json\/wp\/v2\/posts\/541882"}],"collection":[{"href":"https:\/\/www.suno.com.br\/noticias\/wp-json\/wp\/v2\/posts"}],"about":[{"href":"https:\/\/www.suno.com.br\/noticias\/wp-json\/wp\/v2\/types\/post"}],"author":[{"embeddable":true,"href":"https:\/\/www.suno.com.br\/noticias\/wp-json\/wp\/v2\/users\/43"}],"replies":[{"embeddable":true,"href":"https:\/\/www.suno.com.br\/noticias\/wp-json\/wp\/v2\/comments?post=541882"}],"version-history":[{"count":3,"href":"https:\/\/www.suno.com.br\/noticias\/wp-json\/wp\/v2\/posts\/541882\/revisions"}],"predecessor-version":[{"id":542003,"href":"https:\/\/www.suno.com.br\/noticias\/wp-json\/wp\/v2\/posts\/541882\/revisions\/542003"}],"wp:featuredmedia":[{"embeddable":true,"href":"https:\/\/www.suno.com.br\/noticias\/wp-json\/wp\/v2\/media\/427207"}],"wp:attachment":[{"href":"https:\/\/www.suno.com.br\/noticias\/wp-json\/wp\/v2\/media?parent=541882"}],"wp:term":[{"taxonomy":"category","embeddable":true,"href":"https:\/\/www.suno.com.br\/noticias\/wp-json\/wp\/v2\/categories?post=541882"},{"taxonomy":"post_tag","embeddable":true,"href":"https:\/\/www.suno.com.br\/noticias\/wp-json\/wp\/v2\/tags?post=541882"},{"taxonomy":"suno_strategy","embeddable":true,"href":"https:\/\/www.suno.com.br\/noticias\/wp-json\/wp\/v2\/suno_strategy?post=541882"}],"curies":[{"name":"wp","href":"https:\/\/api.w.org\/{rel}","templated":true}]}}