{"id":541811,"date":"2024-04-08T15:41:24","date_gmt":"2024-04-08T18:41:24","guid":{"rendered":"https:\/\/www.suno.com.br\/noticias\/?p=541811"},"modified":"2024-04-08T15:41:30","modified_gmt":"2024-04-08T18:41:30","slug":"banco-do-brasil-bbas3-lanca-cartao-braile-cpf","status":"publish","type":"post","link":"https:\/\/www.suno.com.br\/noticias\/banco-do-brasil-bbas3-lanca-cartao-braile-cpf\/","title":{"rendered":"Banco do Brasil (BBAS3) foca em acessibilidade com 1\u00ba cart\u00e3o 100% em braile"},"content":{"rendered":"<p>O <strong>Banco do Brasil <\/strong>(<a href=\"https:\/\/www.suno.com.br\/acoes\/bbas3\/\" target=\"_blank\" rel=\"noreferrer noopener\">BBAS3<\/a>) anunciou nesta segunda-feira (8) o lan\u00e7amento de seu primeiro cart\u00e3o em braile. O modelo \u00e9 o primeiro do Brasil totalmente impresso na linguagem.<\/p>\t<div class=\"wrapper-featured-image\">\n\t\t<figure class=\"spotlightImg\">\n\n\t\t\t<picture>\n\t\t\t\t<source media=\"(max-width: 768px)\" srcset=\"https:\/\/files.sunoresearch.com.br\/n\/uploads\/2024\/04\/Cartao-Banco-do-Brasil-Kit-Braile-15-400x200.jpg\">\n\t\t\t\t<img loading=\"lazy\" decoding=\"async\" class=\"newsContent__article__imgCapa lazyloadDisabled \" src=\"https:\/\/files.sunoresearch.com.br\/n\/uploads\/2024\/04\/Cartao-Banco-do-Brasil-Kit-Braile-15-800x450.jpg\" width=\"800\" height=\"450\" alt=\"Banco do Brasil (BBAS3) foca em acessibilidade com 1\u00ba cart\u00e3o 100% em braile\" fetchpriority=high \/>\n\t\t\t<\/picture>\n\n\t\t\t<figcaption class=\"wp-caption-text wp-caption-text--show\">Cart\u00e3o em braile do Banco do Brasil - Foto: Reprodu\u00e7\u00e3o\/ BB<\/figcaption>\n\t\t<\/figure>\n\t<\/div>\n\n\n\n\n\n\t<p>\n\t\t<a href=\"\" target=\"_blank\" data-element=\"shortcode-suno-banner\" title=\"Banner SUNO, clique e saiba mais\">\n\t\t\t<picture>\n\t\t\t\t<source media=\"(max-width: 500px)\" srcset=\"\">\n\t\t\t\t<img class=\"newsContent__article__imgCapa newsContent__article__imgCapa--banner\"\n\t\t\t\t\tsrc=\"\"\n\t\t\t\t\tdata-promo-id=\"250678\"\t\t\t\t\t\t\t\t\t\t\t\t\t\t\talt=\"\"\n\t\t\t\t>\n\t\t\t<\/picture>\n\t\t<\/a>\n\t<\/p>\n\n\n\n\n\n<p>Utilizado na comunica\u00e7\u00e3o por meio do tato, o Braille \u00e9 um sistema oficializado em 1852 para permitir o acesso \u00e0 leitura para pessoas com defici\u00eancia visual, parcial ou total. <\/p>\n\n\n\n<p>A iniciativa com o <strong>cart\u00e3o do Banco do Brasil <\/strong>reflete o compromisso da institui\u00e7\u00e3o de tornar seus servi\u00e7os mais acess\u00edveis, possibilitando uma experi\u00eancia banc\u00e1ria mais aut\u00f4noma e inclusiva para deficientes visuais. <\/p>\n\n\n\n<p>O Dia Nacional do Sistema Braile \u00e9 celebrado hoje, 8 de abril, com o objetivo de conscientizar a popula\u00e7\u00e3o sobre a import\u00e2ncia de a\u00e7\u00f5es para a inclus\u00e3o das pessoas com defici\u00eancia visual.<\/p>\n\n\n\n\t<div data-element=\"shortcode-read-more\" class=\"readToo\">\n\t\t\t\t<span class=\"readToo__title\">Leia mais<\/span>\n\t\t\t\t<ul class=\"readToo__list\">\n\t\t\t<li><a href=\"https:\/\/www.suno.com.br\/noticias\/eletrobras-elet3-governo-controle-moodys-cpf\/\">Eletrobras (ELET3): Governo quer ter maior poder sobre a empresa, diz Moody&#8217;s<\/a><\/li><li><a href=\"https:\/\/www.suno.com.br\/noticias\/magazine-luiza-mglu3-casas-bahia-bhia3-acoes-segunda-ibovespa-gpj\/\">Sem sufoco: a\u00e7\u00f5es do Magazine Luiza (MGLU3) e Casas Bahia (BHIA3) fecham em alta no Ibovespa; veja motivos<\/a><\/li><li><a href=\"https:\/\/www.suno.com.br\/noticias\/fiagros-suno-guia-especial-va\/\">Conhe\u00e7a os Fiagros: Suno disponibiliza Guia Especial para investidores interessados<\/a><\/li>\t\t<\/ul>\n\t<\/div>\n\n\n\n\n<h2 class=\"wp-block-heading\">Cart\u00e3o em braile do Banco de Brasil<\/h2>\n\n\n\n<p>Com a novidade, os<strong> clientes do Banco do Brasil <\/strong>autodeclarados como cegos ou pessoas com defici\u00eancia visual, ao solicitarem uma nova via de seu cart\u00e3o receber\u00e3o o kit contendo com o item de lan\u00e7amento e mais informa\u00e7\u00f5es, como o n\u00famero, CVV, data de validade e bandeira. <\/p>\n\n\n\n<p>Al\u00e9m disso, tamb\u00e9m foi elaborado um folder contendo esclarecimentos sobre o cart\u00e3o e sua forma de desbloqueio e um porta-cart\u00e3o com os dados completos, ambos escritos em braile e em caracteres ampliados, oferecendo facilidade n\u00e3o s\u00f3 para os brailistas, mas tamb\u00e9m para os clientes com baixa vis\u00e3o.<\/p>\n\n\n\n<p>&#8220;O lan\u00e7amento do cart\u00e3o em braile estabelece um novo padr\u00e3o de inclus\u00e3o no setor financeiro, permitindo que o Banco do Brasil se destaque como um banco verdadeiramente para todos&#8221;, afirma a <strong>presidente do Banco do Brasil, <\/strong>Tarciana Medeiros. <\/p>\n\n\n\n<blockquote class=\"wp-block-quote is-layout-flow wp-block-quote-is-layout-flow\">\n<p>&#8220;A inclus\u00e3o e o acesso v\u00e3o muito al\u00e9m do cumprimento da legisla\u00e7\u00e3o vigente, s\u00e3o valores cultivados no dia a dia pelo BB.&#8221;, destaca Medeiros, presidente do Banco do Brasil.<\/p>\n<\/blockquote>\n\n\n\n<p>A atualiza\u00e7\u00e3o do Kit Braile foi realizada a partir de estudos de mercado, segundo o <strong>BB<\/strong>, em que pessoas com defici\u00eancia visual relataram sentir falta do n\u00famero do cart\u00e3o impresso no pr\u00f3prio.<\/p>\n\n\n\n<p>Todos os cart\u00f5es emitidos para clientes que tenham se autodeclarado PCD visuais, no App BB ou em uma ag\u00eancia, j\u00e1 ser\u00e3o nesse novo modelo. <\/p>\n\n\n\n<p>Em caso de novas contrata\u00e7\u00f5es de cart\u00e3o ou renova\u00e7\u00f5es de cart\u00f5es vencidos, n\u00e3o h\u00e1 custo adicional. Para solicita\u00e7\u00e3o de segunda via, o custo ser\u00e1 o mesmo de um cart\u00e3o comum, seguindo valores da Tabela de Tarifas dispon\u00edvel no <strong>site do Banco do Brasil.<\/strong><\/p>\n\n\n\t<p>\n\t\t<a href=\"https:\/\/lp.suno.com.br\/ebook-como-analisar-uma-acao\/\" target=\"_blank\" data-element=\"shortcode-suno-banner\" title=\"Banner SUNO, clique e saiba mais\">\n\t\t\t<picture>\n\t\t\t\t<source media=\"(max-width: 500px)\" srcset=\"https:\/\/files.sunoresearch.com.br\/n\/uploads\/2023\/03\/Ebook-Acoes-Mobile.jpg\">\n\t\t\t\t<img class=\"newsContent__article__imgCapa newsContent__article__imgCapa--banner\"\n\t\t\t\t\tsrc=\"https:\/\/files.sunoresearch.com.br\/n\/uploads\/2023\/03\/Ebook-Acoes-Desktop.jpg\"\n\t\t\t\t\tdata-promo-id=\"378302\"\t\t\t\t\t\t\t\t\t\twidth='1420' height='286'\t\t\t\t\talt=\"https:\/\/files.sunoresearch.com.br\/n\/uploads\/2023\/03\/Ebook-Acoes-Desktop.jpg\"\n\t\t\t\t>\n\t\t\t<\/picture>\n\t\t<\/a>\n\t<\/p>\n\n\n\n\n\n<h2 class=\"wp-block-heading\">Extrato do Banco do Brasil em braile<\/h2>\n\n\n\n<p>Al\u00e9m do novo cart\u00e3o, o Banco do Brasil tamb\u00e9m oferece aos seus clientes com defici\u00eancia visual a possibilidade de solicitar, para a sua resid\u00eancia, o envio do Extrato Unificado, impresso em braile e caracteres ampliados. <\/p>\n\n\n\n<p>A contrata\u00e7\u00e3o do servi\u00e7o de recebimento deste documento de periodicidade mensal, que apresenta informa\u00e7\u00f5es do relacionamento do cliente, pode ser realizada em qualquer <strong>ag\u00eancia do Banco do Brasil,<\/strong> sem custo adicional. Al\u00e9m do extrato de <a class=\"suno-keyword\" target=\"_blank\" data-force=\"no\" data-priority=\"2\" href=\"https:\/\/www.suno.com.br\/artigos\/conta-corrente\/\" rel=\"noopener\">conta corrente<\/a>, traz informa\u00e7\u00f5es sobre investimentos e previd\u00eancia, oferecendo aos clientes PCD visual, a autonomia de acompanhar suas movimenta\u00e7\u00f5es financeiras com mais facilidade.<\/p>\n\n\n\n<p>Segundo Medeiros, essas iniciativas s\u00e3o parte da dedica\u00e7\u00e3o do <strong>Banco do Brasil <\/strong>em atender \u00e0s necessidades de todos os seus clientes, assegurando que os servi\u00e7os banc\u00e1rios sejam inclusivos.<\/p>\n\n\n\n\n\t<p>\n\t\t<a href=\"https:\/\/lp.suno.com.br\/plataforma-de-controle-de-investimentos\/\" target=\"_blank\" data-element=\"shortcode-suno-banner\" title=\"Banner SUNO, clique e saiba mais\">\n\t\t\t<picture>\n\t\t\t\t<source media=\"(max-width: 500px)\" srcset=\"https:\/\/files.sunoresearch.com.br\/n\/uploads\/2023\/03\/400x300-Controle-de-Investimentos.png\">\n\t\t\t\t<img class=\"newsContent__article__imgCapa newsContent__article__imgCapa--banner\"\n\t\t\t\t\tsrc=\"https:\/\/files.sunoresearch.com.br\/n\/uploads\/2023\/03\/1420x240-Controle-de-Investimentos.png\"\n\t\t\t\t\tdata-promo-id=\"383162\"\t\t\t\t\t\t\t\t\t\twidth='1420' height='240'\t\t\t\t\talt=\"https:\/\/files.sunoresearch.com.br\/n\/uploads\/2023\/03\/1420x240-Controle-de-Investimentos.png\"\n\t\t\t\t>\n\t\t\t<\/picture>\n\t\t<\/a>\n\t<\/p>\n\n\n","protected":false},"excerpt":{"rendered":"<p>O Banco do Brasil (BBAS3) anunciou nesta segunda-feira (8) o lan\u00e7amento de seu primeiro cart\u00e3o em braile. O modelo \u00e9 o primeiro do Brasil totalmente impresso na linguagem. Cart\u00e3o em braile do Banco do Brasil &#8211; Foto: Reprodu\u00e7\u00e3o\/ BB Utilizado na comunica\u00e7\u00e3o por meio do tato, o Braille \u00e9 um sistema oficializado em 1852 para [&hellip;]<\/p>\n","protected":false},"author":283,"featured_media":541832,"comment_status":"closed","ping_status":"closed","sticky":false,"template":"","format":"standard","meta":[],"categories":[64],"tags":[732,1188,105816],"suno_strategy":[],"class_list":["post-541811","post","type-post","status-publish","format-standard","has-post-thumbnail","hentry","category-negocios","tag-banco-do-brasil-bbas3","tag-cartoes-de-credito","tag-especialistas"],"yoast_head":"<!-- This site is optimized with the Yoast SEO plugin v24.4 - https:\/\/yoast.com\/wordpress\/plugins\/seo\/ -->\n<title>Banco do Brasil (BBAS3) lan\u00e7a 1\u00ba cart\u00e3o 100% em braile<\/title>\n<meta name=\"description\" content=\"O Banco do Brasil (BBAS3) lan\u00e7ou um novo cart\u00e3o em braile para os seus contistas. Veja como solicitar o cart\u00e3o do Banco do Brasil (BBAS3).\" \/>\n<meta name=\"robots\" content=\"index, follow, max-snippet:-1, max-image-preview:large, max-video-preview:-1\" \/>\n<link rel=\"canonical\" href=\"https:\/\/www.suno.com.br\/noticias\/banco-do-brasil-bbas3-lanca-cartao-braile-cpf\/\" \/>\n<meta property=\"og:locale\" content=\"pt_BR\" \/>\n<meta property=\"og:type\" content=\"article\" \/>\n<meta property=\"og:title\" content=\"Banco do Brasil (BBAS3) lan\u00e7a 1\u00ba cart\u00e3o 100% em braile\" \/>\n<meta property=\"og:description\" content=\"O Banco do Brasil (BBAS3) lan\u00e7ou um novo cart\u00e3o em braile para os seus contistas. Veja como solicitar o cart\u00e3o do Banco do Brasil (BBAS3).\" \/>\n<meta property=\"og:url\" content=\"https:\/\/www.suno.com.br\/noticias\/banco-do-brasil-bbas3-lanca-cartao-braile-cpf\/\" \/>\n<meta property=\"og:site_name\" content=\"Suno Not\u00edcias\" \/>\n<meta property=\"article:publisher\" content=\"https:\/\/facebook.com\/sunoresearch\" \/>\n<meta property=\"og:image\" content=\"https:\/\/files.sunoresearch.com.br\/n\/uploads\/2024\/04\/Cartao-Banco-do-Brasil-Kit-Braile-15.jpg\" \/>\n\t<meta property=\"og:image:width\" content=\"1200\" \/>\n\t<meta property=\"og:image:height\" content=\"675\" \/>\n\t<meta property=\"og:image:type\" content=\"image\/jpeg\" \/>\n<meta name=\"author\" content=\"Camila Paim\" \/>\n<meta name=\"twitter:card\" content=\"summary_large_image\" \/>\n<meta name=\"twitter:creator\" content=\"@sunoresearch\" \/>\n<meta name=\"twitter:site\" content=\"@sunoresearch\" \/>\n<meta name=\"twitter:label1\" content=\"Escrito por\" \/>\n\t<meta name=\"twitter:data1\" content=\"Camila Paim\" \/>\n\t<meta name=\"twitter:label2\" content=\"Est. tempo de leitura\" \/>\n\t<meta name=\"twitter:data2\" content=\"3 minutos\" \/>\n<script type=\"application\/ld+json\" class=\"yoast-schema-graph\">{\"@context\":\"https:\/\/schema.org\",\"@graph\":[{\"@type\":\"NewsArticle\",\"@id\":\"https:\/\/www.suno.com.br\/noticias\/banco-do-brasil-bbas3-lanca-cartao-braile-cpf\/#article\",\"isPartOf\":{\"@id\":\"https:\/\/www.suno.com.br\/noticias\/banco-do-brasil-bbas3-lanca-cartao-braile-cpf\/\"},\"author\":{\"name\":\"Camila Paim\",\"@id\":\"https:\/\/www.suno.com.br\/noticias\/#\/schema\/person\/f341d3ae5d1cc685176c9a5327cdfdbb\"},\"headline\":\"Banco do Brasil (BBAS3) foca em acessibilidade com 1\u00ba cart\u00e3o 100% em braile\",\"datePublished\":\"2024-04-08T18:41:24+00:00\",\"dateModified\":\"2024-04-08T18:41:30+00:00\",\"mainEntityOfPage\":{\"@id\":\"https:\/\/www.suno.com.br\/noticias\/banco-do-brasil-bbas3-lanca-cartao-braile-cpf\/\"},\"wordCount\":600,\"publisher\":{\"@id\":\"https:\/\/www.suno.com.br\/noticias\/#organization\"},\"image\":{\"@id\":\"https:\/\/www.suno.com.br\/noticias\/banco-do-brasil-bbas3-lanca-cartao-braile-cpf\/#primaryimage\"},\"thumbnailUrl\":\"https:\/\/files.sunoresearch.com.br\/n\/uploads\/2024\/04\/Cartao-Banco-do-Brasil-Kit-Braile-15.jpg\",\"keywords\":[\"Banco do Brasil (BBAS3)\",\"cart\u00f5es de cr\u00e9dito\",\"Especialistas\"],\"articleSection\":[\"Neg\u00f3cios\"],\"inLanguage\":\"pt-BR\"},{\"@type\":\"WebPage\",\"@id\":\"https:\/\/www.suno.com.br\/noticias\/banco-do-brasil-bbas3-lanca-cartao-braile-cpf\/\",\"url\":\"https:\/\/www.suno.com.br\/noticias\/banco-do-brasil-bbas3-lanca-cartao-braile-cpf\/\",\"name\":\"Banco do Brasil (BBAS3) lan\u00e7a 1\u00ba cart\u00e3o 100% em braile\",\"isPartOf\":{\"@id\":\"https:\/\/www.suno.com.br\/noticias\/#website\"},\"primaryImageOfPage\":{\"@id\":\"https:\/\/www.suno.com.br\/noticias\/banco-do-brasil-bbas3-lanca-cartao-braile-cpf\/#primaryimage\"},\"image\":{\"@id\":\"https:\/\/www.suno.com.br\/noticias\/banco-do-brasil-bbas3-lanca-cartao-braile-cpf\/#primaryimage\"},\"thumbnailUrl\":\"https:\/\/files.sunoresearch.com.br\/n\/uploads\/2024\/04\/Cartao-Banco-do-Brasil-Kit-Braile-15.jpg\",\"datePublished\":\"2024-04-08T18:41:24+00:00\",\"dateModified\":\"2024-04-08T18:41:30+00:00\",\"description\":\"O Banco do Brasil (BBAS3) lan\u00e7ou um novo cart\u00e3o em braile para os seus contistas. Veja como solicitar o cart\u00e3o do Banco do Brasil (BBAS3).\",\"breadcrumb\":{\"@id\":\"https:\/\/www.suno.com.br\/noticias\/banco-do-brasil-bbas3-lanca-cartao-braile-cpf\/#breadcrumb\"},\"inLanguage\":\"pt-BR\",\"potentialAction\":[{\"@type\":\"ReadAction\",\"target\":[\"https:\/\/www.suno.com.br\/noticias\/banco-do-brasil-bbas3-lanca-cartao-braile-cpf\/\"]}]},{\"@type\":\"ImageObject\",\"inLanguage\":\"pt-BR\",\"@id\":\"https:\/\/www.suno.com.br\/noticias\/banco-do-brasil-bbas3-lanca-cartao-braile-cpf\/#primaryimage\",\"url\":\"https:\/\/files.sunoresearch.com.br\/n\/uploads\/2024\/04\/Cartao-Banco-do-Brasil-Kit-Braile-15.jpg\",\"contentUrl\":\"https:\/\/files.sunoresearch.com.br\/n\/uploads\/2024\/04\/Cartao-Banco-do-Brasil-Kit-Braile-15.jpg\",\"width\":1200,\"height\":675,\"caption\":\"Cart\u00e3o em braile do Banco do Brasil - Foto: Reprodu\u00e7\u00e3o\/ BB\"},{\"@type\":\"BreadcrumbList\",\"@id\":\"https:\/\/www.suno.com.br\/noticias\/banco-do-brasil-bbas3-lanca-cartao-braile-cpf\/#breadcrumb\",\"itemListElement\":[{\"@type\":\"ListItem\",\"position\":1,\"name\":\"Not\u00edcias\",\"item\":\"https:\/\/www.suno.com.br\/noticias\/\"},{\"@type\":\"ListItem\",\"position\":2,\"name\":\"Neg\u00f3cios\",\"item\":\"https:\/\/www.suno.com.br\/noticias\/negocios\/\"},{\"@type\":\"ListItem\",\"position\":3,\"name\":\"Banco do Brasil (BBAS3) foca em acessibilidade com 1\u00ba cart\u00e3o 100% em braile\"}]},{\"@type\":\"WebSite\",\"@id\":\"https:\/\/www.suno.com.br\/noticias\/#website\",\"url\":\"https:\/\/www.suno.com.br\/noticias\/\",\"name\":\"Suno Not\u00edcias\",\"description\":\"Seu portal de informa\u00e7\u00e3o sobre o mundo dos investimentos\",\"publisher\":{\"@id\":\"https:\/\/www.suno.com.br\/noticias\/#organization\"},\"potentialAction\":[{\"@type\":\"SearchAction\",\"target\":{\"@type\":\"EntryPoint\",\"urlTemplate\":\"https:\/\/www.suno.com.br\/noticias\/?s={search_term_string}\"},\"query-input\":{\"@type\":\"PropertyValueSpecification\",\"valueRequired\":true,\"valueName\":\"search_term_string\"}}],\"inLanguage\":\"pt-BR\"},{\"@type\":\"Organization\",\"@id\":\"https:\/\/www.suno.com.br\/noticias\/#organization\",\"name\":\"Suno Not\u00edcias\",\"url\":\"https:\/\/www.suno.com.br\/noticias\/\",\"logo\":{\"@type\":\"ImageObject\",\"inLanguage\":\"pt-BR\",\"@id\":\"https:\/\/www.suno.com.br\/noticias\/#\/schema\/logo\/image\/\",\"url\":\"https:\/\/files.sunoresearch.com.br\/n\/uploads\/2021\/09\/suno-logo.png\",\"contentUrl\":\"https:\/\/files.sunoresearch.com.br\/n\/uploads\/2021\/09\/suno-logo.png\",\"width\":180,\"height\":180,\"caption\":\"Suno Not\u00edcias\"},\"image\":{\"@id\":\"https:\/\/www.suno.com.br\/noticias\/#\/schema\/logo\/image\/\"},\"sameAs\":[\"https:\/\/facebook.com\/sunoresearch\",\"https:\/\/x.com\/sunoresearch\",\"https:\/\/www.instagram.com\/suno\",\"https:\/\/www.linkedin.com\/company\/suno-research\/\",\"https:\/\/www.youtube.com\/c\/sunoresearch\"]},{\"@type\":\"Person\",\"@id\":\"https:\/\/www.suno.com.br\/noticias\/#\/schema\/person\/f341d3ae5d1cc685176c9a5327cdfdbb\",\"name\":\"Camila Paim\",\"image\":{\"@type\":\"ImageObject\",\"inLanguage\":\"pt-BR\",\"@id\":\"https:\/\/www.suno.com.br\/noticias\/#\/schema\/person\/image\/\",\"url\":\"https:\/\/secure.gravatar.com\/avatar\/f33728e65febb1aa7ecf6792956f9b20?s=96&r=g\",\"contentUrl\":\"https:\/\/secure.gravatar.com\/avatar\/f33728e65febb1aa7ecf6792956f9b20?s=96&r=g\",\"caption\":\"Camila Paim\"},\"description\":\"Jornalista formada pela USP, tem experi\u00eancia em reda\u00e7\u00f5es, SEO, Branded Content e Webdesign. Com passagem pelo Jornal da USP, Empiricus e C6 Bank, hoje \u00e9 rep\u00f3rter no Suno Not\u00edcias cobrindo macroeconomia, finan\u00e7as pessoais e startups.\",\"url\":\"https:\/\/www.suno.com.br\/noticias\/author\/camila-figueiredosuno-com-br\/\"}]}<\/script>\n<!-- \/ Yoast SEO plugin. -->","yoast_head_json":{"title":"Banco do Brasil (BBAS3) lan\u00e7a 1\u00ba cart\u00e3o 100% em braile","description":"O Banco do Brasil (BBAS3) lan\u00e7ou um novo cart\u00e3o em braile para os seus contistas. Veja como solicitar o cart\u00e3o do Banco do Brasil (BBAS3).","robots":{"index":"index","follow":"follow","max-snippet":"max-snippet:-1","max-image-preview":"max-image-preview:large","max-video-preview":"max-video-preview:-1"},"canonical":"https:\/\/www.suno.com.br\/noticias\/banco-do-brasil-bbas3-lanca-cartao-braile-cpf\/","og_locale":"pt_BR","og_type":"article","og_title":"Banco do Brasil (BBAS3) lan\u00e7a 1\u00ba cart\u00e3o 100% em braile","og_description":"O Banco do Brasil (BBAS3) lan\u00e7ou um novo cart\u00e3o em braile para os seus contistas. Veja como solicitar o cart\u00e3o do Banco do Brasil (BBAS3).","og_url":"https:\/\/www.suno.com.br\/noticias\/banco-do-brasil-bbas3-lanca-cartao-braile-cpf\/","og_site_name":"Suno Not\u00edcias","article_publisher":"https:\/\/facebook.com\/sunoresearch","og_image":[{"width":1200,"height":675,"url":"https:\/\/files.sunoresearch.com.br\/n\/uploads\/2024\/04\/Cartao-Banco-do-Brasil-Kit-Braile-15.jpg","type":"image\/jpeg"}],"author":"Camila Paim","twitter_card":"summary_large_image","twitter_creator":"@sunoresearch","twitter_site":"@sunoresearch","twitter_misc":{"Escrito por":"Camila Paim","Est. tempo de leitura":"3 minutos"},"schema":{"@context":"https:\/\/schema.org","@graph":[{"@type":"NewsArticle","@id":"https:\/\/www.suno.com.br\/noticias\/banco-do-brasil-bbas3-lanca-cartao-braile-cpf\/#article","isPartOf":{"@id":"https:\/\/www.suno.com.br\/noticias\/banco-do-brasil-bbas3-lanca-cartao-braile-cpf\/"},"author":{"name":"Camila Paim","@id":"https:\/\/www.suno.com.br\/noticias\/#\/schema\/person\/f341d3ae5d1cc685176c9a5327cdfdbb"},"headline":"Banco do Brasil (BBAS3) foca em acessibilidade com 1\u00ba cart\u00e3o 100% em braile","datePublished":"2024-04-08T18:41:24+00:00","dateModified":"2024-04-08T18:41:30+00:00","mainEntityOfPage":{"@id":"https:\/\/www.suno.com.br\/noticias\/banco-do-brasil-bbas3-lanca-cartao-braile-cpf\/"},"wordCount":600,"publisher":{"@id":"https:\/\/www.suno.com.br\/noticias\/#organization"},"image":{"@id":"https:\/\/www.suno.com.br\/noticias\/banco-do-brasil-bbas3-lanca-cartao-braile-cpf\/#primaryimage"},"thumbnailUrl":"https:\/\/files.sunoresearch.com.br\/n\/uploads\/2024\/04\/Cartao-Banco-do-Brasil-Kit-Braile-15.jpg","keywords":["Banco do Brasil (BBAS3)","cart\u00f5es de cr\u00e9dito","Especialistas"],"articleSection":["Neg\u00f3cios"],"inLanguage":"pt-BR"},{"@type":"WebPage","@id":"https:\/\/www.suno.com.br\/noticias\/banco-do-brasil-bbas3-lanca-cartao-braile-cpf\/","url":"https:\/\/www.suno.com.br\/noticias\/banco-do-brasil-bbas3-lanca-cartao-braile-cpf\/","name":"Banco do Brasil (BBAS3) lan\u00e7a 1\u00ba cart\u00e3o 100% em braile","isPartOf":{"@id":"https:\/\/www.suno.com.br\/noticias\/#website"},"primaryImageOfPage":{"@id":"https:\/\/www.suno.com.br\/noticias\/banco-do-brasil-bbas3-lanca-cartao-braile-cpf\/#primaryimage"},"image":{"@id":"https:\/\/www.suno.com.br\/noticias\/banco-do-brasil-bbas3-lanca-cartao-braile-cpf\/#primaryimage"},"thumbnailUrl":"https:\/\/files.sunoresearch.com.br\/n\/uploads\/2024\/04\/Cartao-Banco-do-Brasil-Kit-Braile-15.jpg","datePublished":"2024-04-08T18:41:24+00:00","dateModified":"2024-04-08T18:41:30+00:00","description":"O Banco do Brasil (BBAS3) lan\u00e7ou um novo cart\u00e3o em braile para os seus contistas. Veja como solicitar o cart\u00e3o do Banco do Brasil (BBAS3).","breadcrumb":{"@id":"https:\/\/www.suno.com.br\/noticias\/banco-do-brasil-bbas3-lanca-cartao-braile-cpf\/#breadcrumb"},"inLanguage":"pt-BR","potentialAction":[{"@type":"ReadAction","target":["https:\/\/www.suno.com.br\/noticias\/banco-do-brasil-bbas3-lanca-cartao-braile-cpf\/"]}]},{"@type":"ImageObject","inLanguage":"pt-BR","@id":"https:\/\/www.suno.com.br\/noticias\/banco-do-brasil-bbas3-lanca-cartao-braile-cpf\/#primaryimage","url":"https:\/\/files.sunoresearch.com.br\/n\/uploads\/2024\/04\/Cartao-Banco-do-Brasil-Kit-Braile-15.jpg","contentUrl":"https:\/\/files.sunoresearch.com.br\/n\/uploads\/2024\/04\/Cartao-Banco-do-Brasil-Kit-Braile-15.jpg","width":1200,"height":675,"caption":"Cart\u00e3o em braile do Banco do Brasil - Foto: Reprodu\u00e7\u00e3o\/ BB"},{"@type":"BreadcrumbList","@id":"https:\/\/www.suno.com.br\/noticias\/banco-do-brasil-bbas3-lanca-cartao-braile-cpf\/#breadcrumb","itemListElement":[{"@type":"ListItem","position":1,"name":"Not\u00edcias","item":"https:\/\/www.suno.com.br\/noticias\/"},{"@type":"ListItem","position":2,"name":"Neg\u00f3cios","item":"https:\/\/www.suno.com.br\/noticias\/negocios\/"},{"@type":"ListItem","position":3,"name":"Banco do Brasil (BBAS3) foca em acessibilidade com 1\u00ba cart\u00e3o 100% em braile"}]},{"@type":"WebSite","@id":"https:\/\/www.suno.com.br\/noticias\/#website","url":"https:\/\/www.suno.com.br\/noticias\/","name":"Suno Not\u00edcias","description":"Seu portal de informa\u00e7\u00e3o sobre o mundo dos investimentos","publisher":{"@id":"https:\/\/www.suno.com.br\/noticias\/#organization"},"potentialAction":[{"@type":"SearchAction","target":{"@type":"EntryPoint","urlTemplate":"https:\/\/www.suno.com.br\/noticias\/?s={search_term_string}"},"query-input":{"@type":"PropertyValueSpecification","valueRequired":true,"valueName":"search_term_string"}}],"inLanguage":"pt-BR"},{"@type":"Organization","@id":"https:\/\/www.suno.com.br\/noticias\/#organization","name":"Suno Not\u00edcias","url":"https:\/\/www.suno.com.br\/noticias\/","logo":{"@type":"ImageObject","inLanguage":"pt-BR","@id":"https:\/\/www.suno.com.br\/noticias\/#\/schema\/logo\/image\/","url":"https:\/\/files.sunoresearch.com.br\/n\/uploads\/2021\/09\/suno-logo.png","contentUrl":"https:\/\/files.sunoresearch.com.br\/n\/uploads\/2021\/09\/suno-logo.png","width":180,"height":180,"caption":"Suno Not\u00edcias"},"image":{"@id":"https:\/\/www.suno.com.br\/noticias\/#\/schema\/logo\/image\/"},"sameAs":["https:\/\/facebook.com\/sunoresearch","https:\/\/x.com\/sunoresearch","https:\/\/www.instagram.com\/suno","https:\/\/www.linkedin.com\/company\/suno-research\/","https:\/\/www.youtube.com\/c\/sunoresearch"]},{"@type":"Person","@id":"https:\/\/www.suno.com.br\/noticias\/#\/schema\/person\/f341d3ae5d1cc685176c9a5327cdfdbb","name":"Camila Paim","image":{"@type":"ImageObject","inLanguage":"pt-BR","@id":"https:\/\/www.suno.com.br\/noticias\/#\/schema\/person\/image\/","url":"https:\/\/secure.gravatar.com\/avatar\/f33728e65febb1aa7ecf6792956f9b20?s=96&r=g","contentUrl":"https:\/\/secure.gravatar.com\/avatar\/f33728e65febb1aa7ecf6792956f9b20?s=96&r=g","caption":"Camila Paim"},"description":"Jornalista formada pela USP, tem experi\u00eancia em reda\u00e7\u00f5es, SEO, Branded Content e Webdesign. Com passagem pelo Jornal da USP, Empiricus e C6 Bank, hoje \u00e9 rep\u00f3rter no Suno Not\u00edcias cobrindo macroeconomia, finan\u00e7as pessoais e startups.","url":"https:\/\/www.suno.com.br\/noticias\/author\/camila-figueiredosuno-com-br\/"}]}},"default_loop_html":"<div class=\"cardsPage__listCard__boxs\"><div class=\"cardsPage__listCard__boxs__img\"><a href=\"https:\/\/www.suno.com.br\/noticias\/banco-do-brasil-bbas3-lanca-cartao-braile-cpf\/\"><img class=\"mask\" src=\"https:\/\/www.suno.com.br\/noticias\/wp-content\/themes\/suno\/resources\/images\/spotlight\/spotlight1img\/bg-mask.png\" alt=\"Image Mask\"\/><img src=\"https:\/\/files.sunoresearch.com.br\/n\/uploads\/2024\/04\/Cartao-Banco-do-Brasil-Kit-Braile-15-400x200.jpg\" alt=\"Banco do Brasil (BBAS3) foca em acessibilidade com 1\u00ba cart\u00e3o 100% em braile\"\/><\/a><span class=\"spotlightCategory\"><a href=\"https:\/\/www.suno.com.br\/noticias\/negocios\/\">Neg\u00f3cios<\/a><\/span><\/div><div class=\"cardsPage__listCard__boxs__content\"><a href=\"https:\/\/www.suno.com.br\/noticias\/banco-do-brasil-bbas3-lanca-cartao-braile-cpf\/\"><h2 class=\"content__title\">Banco do Brasil (BBAS3) foca em acessibilidade com 1\u00ba cart\u00e3o 100% em braile<\/h2><\/a><div class=\"newsContent__article__meta\"><div class=\"newsContent__article__meta__authorBox\"><a href=\"https:\/\/www.suno.com.br\/noticias\/author\/vini08correiagmail-com\/\" class=\"authorBox__avatar noMobi\"><img src=\"https:\/\/files.sunoresearch.com.br\/n\/uploads\/2026\/04\/WhatsApp-Image-2026-04-20-at-19.35.48-150x150.webp\" alt=\"Vin\u00edcius Alves\"><\/a><div class=\"authorBox__name\"><span>por\n\t\t\t<a href=\"https:\/\/www.suno.com.br\/noticias\/author\/vini08correiagmail-com\/\"><span itemprop=\"author\">Vin\u00edcius Alves<\/span><\/a><\/span><time datetime=\"2024-04-08T15:41:24-03:00\" itemprop=\"datePublished\">08\/04\/2024 15:41<\/time><\/div><\/div><\/div><\/div><\/div>","single_layout":"posts","amp_enabled":true,"_links":{"self":[{"href":"https:\/\/www.suno.com.br\/noticias\/wp-json\/wp\/v2\/posts\/541811"}],"collection":[{"href":"https:\/\/www.suno.com.br\/noticias\/wp-json\/wp\/v2\/posts"}],"about":[{"href":"https:\/\/www.suno.com.br\/noticias\/wp-json\/wp\/v2\/types\/post"}],"author":[{"embeddable":true,"href":"https:\/\/www.suno.com.br\/noticias\/wp-json\/wp\/v2\/users\/283"}],"replies":[{"embeddable":true,"href":"https:\/\/www.suno.com.br\/noticias\/wp-json\/wp\/v2\/comments?post=541811"}],"version-history":[{"count":3,"href":"https:\/\/www.suno.com.br\/noticias\/wp-json\/wp\/v2\/posts\/541811\/revisions"}],"predecessor-version":[{"id":541838,"href":"https:\/\/www.suno.com.br\/noticias\/wp-json\/wp\/v2\/posts\/541811\/revisions\/541838"}],"wp:featuredmedia":[{"embeddable":true,"href":"https:\/\/www.suno.com.br\/noticias\/wp-json\/wp\/v2\/media\/541832"}],"wp:attachment":[{"href":"https:\/\/www.suno.com.br\/noticias\/wp-json\/wp\/v2\/media?parent=541811"}],"wp:term":[{"taxonomy":"category","embeddable":true,"href":"https:\/\/www.suno.com.br\/noticias\/wp-json\/wp\/v2\/categories?post=541811"},{"taxonomy":"post_tag","embeddable":true,"href":"https:\/\/www.suno.com.br\/noticias\/wp-json\/wp\/v2\/tags?post=541811"},{"taxonomy":"suno_strategy","embeddable":true,"href":"https:\/\/www.suno.com.br\/noticias\/wp-json\/wp\/v2\/suno_strategy?post=541811"}],"curies":[{"name":"wp","href":"https:\/\/api.w.org\/{rel}","templated":true}]}}