{"id":541517,"date":"2024-04-07T12:11:44","date_gmt":"2024-04-07T15:11:44","guid":{"rendered":"https:\/\/www.suno.com.br\/noticias\/?p=541517"},"modified":"2024-04-07T12:11:49","modified_gmt":"2024-04-07T15:11:49","slug":"haddad-entrevista-eleicao-gpj","status":"publish","type":"post","link":"https:\/\/www.suno.com.br\/noticias\/haddad-entrevista-eleicao-gpj\/","title":{"rendered":"Haddad: &#8216;N\u00e3o podemos sair da boa vibe do ano passado s\u00f3 por 2024 ser ano eleitoral&#8217;"},"content":{"rendered":"<p>O ministro da Fazenda, Fernando <strong>Haddad<\/strong>, disse que espera que o Pa\u00eds mantenha o ritmo de ajustes econ\u00f4micos apesar da prov\u00e1vel desmobiliza\u00e7\u00e3o do Congresso em raz\u00e3o das elei\u00e7\u00f5es municipais deste ano. &#8220;N\u00e3o podemos sair da boa vibe do ano passado s\u00f3 por (2024) ser ano eleitoral&#8221;, disse.<\/p>\t<div class=\"wrapper-featured-image\">\n\t\t<figure class=\"spotlightImg\">\n\n\t\t\t<picture>\n\t\t\t\t<source media=\"(max-width: 768px)\" srcset=\"https:\/\/files.sunoresearch.com.br\/n\/uploads\/2023\/01\/fernando-haddad-400x200.jpg\">\n\t\t\t\t<img loading=\"lazy\" decoding=\"async\" class=\"newsContent__article__imgCapa lazyloadDisabled \" src=\"https:\/\/files.sunoresearch.com.br\/n\/uploads\/2023\/01\/fernando-haddad-800x450.jpg\" width=\"800\" height=\"450\" alt=\"Haddad: &#8216;N\u00e3o podemos sair da boa vibe do ano passado s\u00f3 por 2024 ser ano eleitoral&#8217;\" fetchpriority=high \/>\n\t\t\t<\/picture>\n\n\t\t\t<figcaption class=\"wp-caption-text wp-caption-text--show\">O ministro da Fazenda, Fernando Haddad. Foto: Fabio Rodrigues-Pozzebom\/ Ag\u00eancia Brasil<\/figcaption>\n\t\t<\/figure>\n\t<\/div>\n\n\n\n\n\n\n\n\t<p>\n\t\t<a href=\"\" target=\"_blank\" data-element=\"shortcode-suno-banner\" title=\"Banner SUNO, clique e saiba mais\">\n\t\t\t<picture>\n\t\t\t\t<source media=\"(max-width: 500px)\" srcset=\"\">\n\t\t\t\t<img class=\"newsContent__article__imgCapa newsContent__article__imgCapa--banner\"\n\t\t\t\t\tsrc=\"\"\n\t\t\t\t\tdata-promo-id=\"240038\"\t\t\t\t\t\t\t\t\t\t\t\t\t\t\talt=\"\"\n\t\t\t\t>\n\t\t\t<\/picture>\n\t\t<\/a>\n\t<\/p>\n\n\n\n\n\n<p>Segundo o ministro, est\u00e1 mantida a perspectiva de que o Congresso finalizar\u00e1 a regulamenta\u00e7\u00e3o da <a href=\"https:\/\/www.suno.com.br\/artigos\/reforma-tributaria\/\"><strong>reforma tribut\u00e1ria<\/strong><\/a> at\u00e9 o final deste ano. &#8220;Vamos mandar a regulamenta\u00e7\u00e3o (ao Congresso) at\u00e9 o dia 15 de abril&#8221;, afirmou em entrevista transmitida neste s\u00e1bado (6) pelo canal do senador Jorge Kajuru (PSD-GO).<\/p>\n\n\n\n<p>Al\u00e9m da tribut\u00e1ria, o governo ainda busca dos parlamentares apoio para pautas que buscam f\u00f4lego para as contas p\u00fablicas, o que inclui revis\u00e3o de <a href=\"https:\/\/www.suno.com.br\/artigos\/incentivos-fiscais\/\">incentivos fiscais<\/a>. Para o ministro, h\u00e1 necessidade de uni\u00e3o do parlamento para aproveitar a janela de oportunidade vivida pelo Pa\u00eds. &#8220;N\u00e3o d\u00e1 para ser do jeito que algu\u00e9m quer. O importante \u00e9 a agenda&#8221;, disse.<\/p>\n\n\n\n<p>Haddad elogiou o papel do <strong>Supremo Tribunal Federal<\/strong> (<strong>STF<\/strong>) em an\u00e1lises de propostas econ\u00f4micas. &#8220;STF tem tomado decis\u00f5es para n\u00e3o desarrumar a casa ainda mais que est\u00e1&#8221;, afirmou.<\/p>\n\n\n\n<p>O ministro voltou a cobrar uma uni\u00e3o dos Tr\u00eas Poderes por um &#8220;pacto para colocar ordem na desarruma\u00e7\u00e3o&#8221; da gest\u00e3o do Pa\u00eds. &#8220;A \u00fanica forma do Brasil dar certo \u00e9 virar p\u00e1gina escrita nos \u00faltimos dez anos&#8221;, disse Haddad.<\/p>\n\n\n\t<p>\n\t\t<a href=\"https:\/\/lp.suno.com.br\/ebook-gratuito-investindo-no-exterior\/\" target=\"_blank\" data-element=\"shortcode-suno-banner\" title=\"Banner SUNO, clique e saiba mais\">\n\t\t\t<picture>\n\t\t\t\t<source media=\"(max-width: 500px)\" srcset=\"https:\/\/files.sunoresearch.com.br\/n\/uploads\/2023\/03\/400x300-Investindo-no-exterior.png\">\n\t\t\t\t<img class=\"newsContent__article__imgCapa newsContent__article__imgCapa--banner\"\n\t\t\t\t\tsrc=\"https:\/\/files.sunoresearch.com.br\/n\/uploads\/2023\/03\/1420x240-Investindo-no-exterior.png\"\n\t\t\t\t\tdata-promo-id=\"383161\"\t\t\t\t\t\t\t\t\t\twidth='1420' height='240'\t\t\t\t\talt=\"https:\/\/files.sunoresearch.com.br\/n\/uploads\/2023\/03\/1420x240-Investindo-no-exterior.png\"\n\t\t\t\t>\n\t\t\t<\/picture>\n\t\t<\/a>\n\t<\/p>\n\n\n\n\n\n<p>Para o ministro, o Brasil ainda enfrenta reflexos da crise que, para ele, foi iniciada ap\u00f3s a reelei\u00e7\u00e3o da presidente <strong>Dilma Rousseff<\/strong>, quando, segundo ele, &#8220;poderes se desentenderam&#8221;, at\u00e9 2022. &#8220;Tivemos dez anos de irresponsabilidade fiscal, com baix\u00edssimo crescimento. O gasto n\u00e3o produziu os efeitos pretendidos&#8221;, afirmou Haddad.<\/p>\n\n\n\n<p>O ministro destacou que, no Congresso, entende que o enfrentamento a propostas econ\u00f4micas tem desafios pol\u00edticos. &#8220;Entendo que n\u00e3o d\u00e1 para ser \u00e0 vista. Tem constrangimento pol\u00edtico, press\u00f5es que s\u00e3o leg\u00edtimas, outras que n\u00e3o&#8221;, afirmou.<\/p>\n\n\n\n<p>Ele disse ainda que n\u00e3o h\u00e1 possibilidade de entregar um bom trabalho se n\u00e3o houver compreens\u00e3o do risco que o Brasil vive no momento. &#8220;Estamos em um paradoxo. Estamos vendo oportunidade e mostrando que para aproveitar \u00e9 preciso tomar determinadas medidas&#8221;, disse.<\/p>\n\n\n\n<p>Haddad afirmou que \u00e9 preciso superar a vis\u00e3o de antagonismo entre desenvolvimento e meio ambiente. &#8220;Foram necess\u00e1rios alguns anos para que o mundo acordasse para a oportunidade que a transi\u00e7\u00e3o [energ\u00e9tica] representa&#8221;, afirmou.<\/p>\n\n\n\n<p>Sobre a chamada pauta verde, disse que h\u00e1 potencial de ela ser transformada em gera\u00e7\u00e3o de emprego. Por\u00e9m, afirmou que \u00e9 preciso ajustes para que isso seja efetivado. &#8220;Estamos arrumando toda a infraestrutura econ\u00f4mica. Na hora que bater um vento de cauda, esse Pa\u00eds decola&#8221;, disse.<\/p>\n\n\n\n<p>Para o ministro, um dos ajustes legais que devem demonstrar impactos econ\u00f4micos positivos \u00e9 o marco de garantias, sancionado no ano passado e que possibilita que um mesmo bem possa ser usado como garantia em mais de um pedido de empr\u00e9stimo.<\/p>\n\n\n\n<p>&#8220;O marco far\u00e1 uma revolu\u00e7\u00e3o no <a href=\"https:\/\/www.suno.com.br\/artigos\/mercado-imobiliario\/\">mercado imobili\u00e1rio<\/a>, no mercado de venda de carros&#8221;, disse. &#8220;Estamos modernizando a economia brasileira&#8221;, complementou <strong>Haddad<\/strong>.<\/p>\n\n\n\n<p><em>*Com informa\u00e7\u00f5es de Estad\u00e3o Conte\u00fado<\/em><\/p>\n\n\n\t<p>\n\t\t<a href=\"https:\/\/lp.suno.com.br\/planilha-da-vida-financeira\/\" target=\"_blank\" data-element=\"shortcode-suno-banner\" title=\"Banner SUNO, clique e saiba mais\">\n\t\t\t<picture>\n\t\t\t\t<source media=\"(max-width: 500px)\" srcset=\"https:\/\/files.sunoresearch.com.br\/n\/uploads\/2023\/04\/400x300-Planilha-vida-financeira-true.png\">\n\t\t\t\t<img class=\"newsContent__article__imgCapa newsContent__article__imgCapa--banner\"\n\t\t\t\t\tsrc=\"https:\/\/files.sunoresearch.com.br\/n\/uploads\/2023\/04\/1420x240-Planilha-vida-financeira-true.png\"\n\t\t\t\t\tdata-promo-id=\"383123\"\t\t\t\t\t\t\t\t\t\twidth='1420' height='240'\t\t\t\t\talt=\"https:\/\/files.sunoresearch.com.br\/n\/uploads\/2023\/04\/1420x240-Planilha-vida-financeira-true.png\"\n\t\t\t\t>\n\t\t\t<\/picture>\n\t\t<\/a>\n\t<\/p>\n\n\n","protected":false},"excerpt":{"rendered":"<p>O ministro da Fazenda, Fernando Haddad, disse que espera que o Pa\u00eds mantenha o ritmo de ajustes econ\u00f4micos apesar da prov\u00e1vel desmobiliza\u00e7\u00e3o do Congresso em raz\u00e3o das elei\u00e7\u00f5es municipais deste ano. &#8220;N\u00e3o podemos sair da boa vibe do ano passado s\u00f3 por (2024) ser ano eleitoral&#8221;, disse. O ministro da Fazenda, Fernando Haddad. Foto: Fabio [&hellip;]<\/p>\n","protected":false},"author":313,"featured_media":341144,"comment_status":"closed","ping_status":"closed","sticky":false,"template":"","format":"standard","meta":[],"categories":[62],"tags":[716,824],"suno_strategy":[],"class_list":["post-541517","post","type-post","status-publish","format-standard","has-post-thumbnail","hentry","category-economia","tag-fernando-haddad","tag-ministerio-fazenda"],"yoast_head":"<!-- This site is optimized with the Yoast SEO plugin v24.4 - https:\/\/yoast.com\/wordpress\/plugins\/seo\/ -->\n<title>Haddad: &#039;N\u00e3o podemos sair da boa vibe s\u00f3 por ser ano eleitoral&#039;<\/title>\n<meta name=\"description\" content=\"O ministro da Fazenda, Fernando Haddad, disse que espera que o Pa\u00eds mantenha o ritmo de ajustes econ\u00f4micos. Veja a entrevista de Haddad.\" \/>\n<meta name=\"robots\" content=\"index, follow, max-snippet:-1, max-image-preview:large, max-video-preview:-1\" \/>\n<link rel=\"canonical\" href=\"https:\/\/www.suno.com.br\/noticias\/haddad-entrevista-eleicao-gpj\/\" \/>\n<meta property=\"og:locale\" content=\"pt_BR\" \/>\n<meta property=\"og:type\" content=\"article\" \/>\n<meta property=\"og:title\" content=\"Haddad: &#039;N\u00e3o podemos sair da boa vibe s\u00f3 por ser ano eleitoral&#039;\" \/>\n<meta property=\"og:description\" content=\"O ministro da Fazenda, Fernando Haddad, disse que espera que o Pa\u00eds mantenha o ritmo de ajustes econ\u00f4micos. Veja a entrevista de Haddad.\" \/>\n<meta property=\"og:url\" content=\"https:\/\/www.suno.com.br\/noticias\/haddad-entrevista-eleicao-gpj\/\" \/>\n<meta property=\"og:site_name\" content=\"Suno Not\u00edcias\" \/>\n<meta property=\"article:publisher\" content=\"https:\/\/facebook.com\/sunoresearch\" \/>\n<meta property=\"og:image\" content=\"https:\/\/files.sunoresearch.com.br\/n\/uploads\/2023\/01\/fernando-haddad.jpg\" \/>\n\t<meta property=\"og:image:width\" content=\"1200\" \/>\n\t<meta property=\"og:image:height\" content=\"800\" \/>\n\t<meta property=\"og:image:type\" content=\"image\/jpeg\" \/>\n<meta name=\"author\" content=\"Giovanni Porf\u00edrio Jacomino\" \/>\n<meta name=\"twitter:card\" content=\"summary_large_image\" \/>\n<meta name=\"twitter:creator\" content=\"@sunoresearch\" \/>\n<meta name=\"twitter:site\" content=\"@sunoresearch\" \/>\n<meta name=\"twitter:label1\" content=\"Escrito por\" \/>\n\t<meta name=\"twitter:data1\" content=\"Giovanni Porf\u00edrio Jacomino\" \/>\n\t<meta name=\"twitter:label2\" content=\"Est. tempo de leitura\" \/>\n\t<meta name=\"twitter:data2\" content=\"3 minutos\" \/>\n<script type=\"application\/ld+json\" class=\"yoast-schema-graph\">{\"@context\":\"https:\/\/schema.org\",\"@graph\":[{\"@type\":\"NewsArticle\",\"@id\":\"https:\/\/www.suno.com.br\/noticias\/haddad-entrevista-eleicao-gpj\/#article\",\"isPartOf\":{\"@id\":\"https:\/\/www.suno.com.br\/noticias\/haddad-entrevista-eleicao-gpj\/\"},\"author\":{\"name\":\"Giovanni Porf\u00edrio Jacomino\",\"@id\":\"https:\/\/www.suno.com.br\/noticias\/#\/schema\/person\/d0f32748bbca4bee871fa191ee4e2d40\"},\"headline\":\"Haddad: &#8216;N\u00e3o podemos sair da boa vibe do ano passado s\u00f3 por 2024 ser ano eleitoral&#8217;\",\"datePublished\":\"2024-04-07T15:11:44+00:00\",\"dateModified\":\"2024-04-07T15:11:49+00:00\",\"mainEntityOfPage\":{\"@id\":\"https:\/\/www.suno.com.br\/noticias\/haddad-entrevista-eleicao-gpj\/\"},\"wordCount\":567,\"publisher\":{\"@id\":\"https:\/\/www.suno.com.br\/noticias\/#organization\"},\"image\":{\"@id\":\"https:\/\/www.suno.com.br\/noticias\/haddad-entrevista-eleicao-gpj\/#primaryimage\"},\"thumbnailUrl\":\"https:\/\/files.sunoresearch.com.br\/n\/uploads\/2023\/01\/fernando-haddad.jpg\",\"keywords\":[\"Fernando Haddad\",\"Minist\u00e9rio da Fazenda\"],\"articleSection\":[\"Economia\"],\"inLanguage\":\"pt-BR\"},{\"@type\":\"WebPage\",\"@id\":\"https:\/\/www.suno.com.br\/noticias\/haddad-entrevista-eleicao-gpj\/\",\"url\":\"https:\/\/www.suno.com.br\/noticias\/haddad-entrevista-eleicao-gpj\/\",\"name\":\"Haddad: 'N\u00e3o podemos sair da boa vibe s\u00f3 por ser ano eleitoral'\",\"isPartOf\":{\"@id\":\"https:\/\/www.suno.com.br\/noticias\/#website\"},\"primaryImageOfPage\":{\"@id\":\"https:\/\/www.suno.com.br\/noticias\/haddad-entrevista-eleicao-gpj\/#primaryimage\"},\"image\":{\"@id\":\"https:\/\/www.suno.com.br\/noticias\/haddad-entrevista-eleicao-gpj\/#primaryimage\"},\"thumbnailUrl\":\"https:\/\/files.sunoresearch.com.br\/n\/uploads\/2023\/01\/fernando-haddad.jpg\",\"datePublished\":\"2024-04-07T15:11:44+00:00\",\"dateModified\":\"2024-04-07T15:11:49+00:00\",\"description\":\"O ministro da Fazenda, Fernando Haddad, disse que espera que o Pa\u00eds mantenha o ritmo de ajustes econ\u00f4micos. Veja a entrevista de Haddad.\",\"breadcrumb\":{\"@id\":\"https:\/\/www.suno.com.br\/noticias\/haddad-entrevista-eleicao-gpj\/#breadcrumb\"},\"inLanguage\":\"pt-BR\",\"potentialAction\":[{\"@type\":\"ReadAction\",\"target\":[\"https:\/\/www.suno.com.br\/noticias\/haddad-entrevista-eleicao-gpj\/\"]}]},{\"@type\":\"ImageObject\",\"inLanguage\":\"pt-BR\",\"@id\":\"https:\/\/www.suno.com.br\/noticias\/haddad-entrevista-eleicao-gpj\/#primaryimage\",\"url\":\"https:\/\/files.sunoresearch.com.br\/n\/uploads\/2023\/01\/fernando-haddad.jpg\",\"contentUrl\":\"https:\/\/files.sunoresearch.com.br\/n\/uploads\/2023\/01\/fernando-haddad.jpg\",\"width\":1200,\"height\":800,\"caption\":\"O ministro da Fazenda, Fernando Haddad. Foto: Fabio Rodrigues-Pozzebom\/ Ag\u00eancia Brasil\"},{\"@type\":\"BreadcrumbList\",\"@id\":\"https:\/\/www.suno.com.br\/noticias\/haddad-entrevista-eleicao-gpj\/#breadcrumb\",\"itemListElement\":[{\"@type\":\"ListItem\",\"position\":1,\"name\":\"Not\u00edcias\",\"item\":\"https:\/\/www.suno.com.br\/noticias\/\"},{\"@type\":\"ListItem\",\"position\":2,\"name\":\"Economia\",\"item\":\"https:\/\/www.suno.com.br\/noticias\/economia\/\"},{\"@type\":\"ListItem\",\"position\":3,\"name\":\"Haddad: &#8216;N\u00e3o podemos sair da boa vibe do ano passado s\u00f3 por 2024 ser ano eleitoral&#8217;\"}]},{\"@type\":\"WebSite\",\"@id\":\"https:\/\/www.suno.com.br\/noticias\/#website\",\"url\":\"https:\/\/www.suno.com.br\/noticias\/\",\"name\":\"Suno Not\u00edcias\",\"description\":\"Seu portal de informa\u00e7\u00e3o sobre o mundo dos investimentos\",\"publisher\":{\"@id\":\"https:\/\/www.suno.com.br\/noticias\/#organization\"},\"potentialAction\":[{\"@type\":\"SearchAction\",\"target\":{\"@type\":\"EntryPoint\",\"urlTemplate\":\"https:\/\/www.suno.com.br\/noticias\/?s={search_term_string}\"},\"query-input\":{\"@type\":\"PropertyValueSpecification\",\"valueRequired\":true,\"valueName\":\"search_term_string\"}}],\"inLanguage\":\"pt-BR\"},{\"@type\":\"Organization\",\"@id\":\"https:\/\/www.suno.com.br\/noticias\/#organization\",\"name\":\"Suno Not\u00edcias\",\"url\":\"https:\/\/www.suno.com.br\/noticias\/\",\"logo\":{\"@type\":\"ImageObject\",\"inLanguage\":\"pt-BR\",\"@id\":\"https:\/\/www.suno.com.br\/noticias\/#\/schema\/logo\/image\/\",\"url\":\"https:\/\/files.sunoresearch.com.br\/n\/uploads\/2021\/09\/suno-logo.png\",\"contentUrl\":\"https:\/\/files.sunoresearch.com.br\/n\/uploads\/2021\/09\/suno-logo.png\",\"width\":180,\"height\":180,\"caption\":\"Suno Not\u00edcias\"},\"image\":{\"@id\":\"https:\/\/www.suno.com.br\/noticias\/#\/schema\/logo\/image\/\"},\"sameAs\":[\"https:\/\/facebook.com\/sunoresearch\",\"https:\/\/x.com\/sunoresearch\",\"https:\/\/www.instagram.com\/suno\",\"https:\/\/www.linkedin.com\/company\/suno-research\/\",\"https:\/\/www.youtube.com\/c\/sunoresearch\"]},{\"@type\":\"Person\",\"@id\":\"https:\/\/www.suno.com.br\/noticias\/#\/schema\/person\/d0f32748bbca4bee871fa191ee4e2d40\",\"name\":\"Giovanni Porf\u00edrio Jacomino\",\"image\":{\"@type\":\"ImageObject\",\"inLanguage\":\"pt-BR\",\"@id\":\"https:\/\/www.suno.com.br\/noticias\/#\/schema\/person\/image\/\",\"url\":\"https:\/\/secure.gravatar.com\/avatar\/efb32e19b730a121cb7a80f41ffec01a?s=96&r=g\",\"contentUrl\":\"https:\/\/secure.gravatar.com\/avatar\/efb32e19b730a121cb7a80f41ffec01a?s=96&r=g\",\"caption\":\"Giovanni Porf\u00edrio Jacomino\"},\"description\":\"Giovanni Porf\u00edrio Jacomino \u00e9 jornalista formado pela Universidade Estadual de Londrina (UEL) e p\u00f3s-graduado em Produ\u00e7\u00e3o e Pr\u00e1ticas Jornal\u00edsticas na Contemporaneidade na Faculdade C\u00e1sper L\u00edbero (FCL). Foi editor web no Startupi e no Finsiders, atuando ainda como editor no TC Mover, portal de not\u00edcias da TradersClub, fazendo a cobertura de assuntos relacionados ao mercado financeiro interno e externo. Atualmente, \u00e9 Rep\u00f3rter do Suno Not\u00edcias.\",\"url\":\"https:\/\/www.suno.com.br\/noticias\/author\/giovanni-porfiriosuno-com-br\/\"}]}<\/script>\n<!-- \/ Yoast SEO plugin. -->","yoast_head_json":{"title":"Haddad: 'N\u00e3o podemos sair da boa vibe s\u00f3 por ser ano eleitoral'","description":"O ministro da Fazenda, Fernando Haddad, disse que espera que o Pa\u00eds mantenha o ritmo de ajustes econ\u00f4micos. Veja a entrevista de Haddad.","robots":{"index":"index","follow":"follow","max-snippet":"max-snippet:-1","max-image-preview":"max-image-preview:large","max-video-preview":"max-video-preview:-1"},"canonical":"https:\/\/www.suno.com.br\/noticias\/haddad-entrevista-eleicao-gpj\/","og_locale":"pt_BR","og_type":"article","og_title":"Haddad: 'N\u00e3o podemos sair da boa vibe s\u00f3 por ser ano eleitoral'","og_description":"O ministro da Fazenda, Fernando Haddad, disse que espera que o Pa\u00eds mantenha o ritmo de ajustes econ\u00f4micos. Veja a entrevista de Haddad.","og_url":"https:\/\/www.suno.com.br\/noticias\/haddad-entrevista-eleicao-gpj\/","og_site_name":"Suno Not\u00edcias","article_publisher":"https:\/\/facebook.com\/sunoresearch","og_image":[{"width":1200,"height":800,"url":"https:\/\/files.sunoresearch.com.br\/n\/uploads\/2023\/01\/fernando-haddad.jpg","type":"image\/jpeg"}],"author":"Giovanni Porf\u00edrio Jacomino","twitter_card":"summary_large_image","twitter_creator":"@sunoresearch","twitter_site":"@sunoresearch","twitter_misc":{"Escrito por":"Giovanni Porf\u00edrio Jacomino","Est. tempo de leitura":"3 minutos"},"schema":{"@context":"https:\/\/schema.org","@graph":[{"@type":"NewsArticle","@id":"https:\/\/www.suno.com.br\/noticias\/haddad-entrevista-eleicao-gpj\/#article","isPartOf":{"@id":"https:\/\/www.suno.com.br\/noticias\/haddad-entrevista-eleicao-gpj\/"},"author":{"name":"Giovanni Porf\u00edrio Jacomino","@id":"https:\/\/www.suno.com.br\/noticias\/#\/schema\/person\/d0f32748bbca4bee871fa191ee4e2d40"},"headline":"Haddad: &#8216;N\u00e3o podemos sair da boa vibe do ano passado s\u00f3 por 2024 ser ano eleitoral&#8217;","datePublished":"2024-04-07T15:11:44+00:00","dateModified":"2024-04-07T15:11:49+00:00","mainEntityOfPage":{"@id":"https:\/\/www.suno.com.br\/noticias\/haddad-entrevista-eleicao-gpj\/"},"wordCount":567,"publisher":{"@id":"https:\/\/www.suno.com.br\/noticias\/#organization"},"image":{"@id":"https:\/\/www.suno.com.br\/noticias\/haddad-entrevista-eleicao-gpj\/#primaryimage"},"thumbnailUrl":"https:\/\/files.sunoresearch.com.br\/n\/uploads\/2023\/01\/fernando-haddad.jpg","keywords":["Fernando Haddad","Minist\u00e9rio da Fazenda"],"articleSection":["Economia"],"inLanguage":"pt-BR"},{"@type":"WebPage","@id":"https:\/\/www.suno.com.br\/noticias\/haddad-entrevista-eleicao-gpj\/","url":"https:\/\/www.suno.com.br\/noticias\/haddad-entrevista-eleicao-gpj\/","name":"Haddad: 'N\u00e3o podemos sair da boa vibe s\u00f3 por ser ano eleitoral'","isPartOf":{"@id":"https:\/\/www.suno.com.br\/noticias\/#website"},"primaryImageOfPage":{"@id":"https:\/\/www.suno.com.br\/noticias\/haddad-entrevista-eleicao-gpj\/#primaryimage"},"image":{"@id":"https:\/\/www.suno.com.br\/noticias\/haddad-entrevista-eleicao-gpj\/#primaryimage"},"thumbnailUrl":"https:\/\/files.sunoresearch.com.br\/n\/uploads\/2023\/01\/fernando-haddad.jpg","datePublished":"2024-04-07T15:11:44+00:00","dateModified":"2024-04-07T15:11:49+00:00","description":"O ministro da Fazenda, Fernando Haddad, disse que espera que o Pa\u00eds mantenha o ritmo de ajustes econ\u00f4micos. Veja a entrevista de Haddad.","breadcrumb":{"@id":"https:\/\/www.suno.com.br\/noticias\/haddad-entrevista-eleicao-gpj\/#breadcrumb"},"inLanguage":"pt-BR","potentialAction":[{"@type":"ReadAction","target":["https:\/\/www.suno.com.br\/noticias\/haddad-entrevista-eleicao-gpj\/"]}]},{"@type":"ImageObject","inLanguage":"pt-BR","@id":"https:\/\/www.suno.com.br\/noticias\/haddad-entrevista-eleicao-gpj\/#primaryimage","url":"https:\/\/files.sunoresearch.com.br\/n\/uploads\/2023\/01\/fernando-haddad.jpg","contentUrl":"https:\/\/files.sunoresearch.com.br\/n\/uploads\/2023\/01\/fernando-haddad.jpg","width":1200,"height":800,"caption":"O ministro da Fazenda, Fernando Haddad. Foto: Fabio Rodrigues-Pozzebom\/ Ag\u00eancia Brasil"},{"@type":"BreadcrumbList","@id":"https:\/\/www.suno.com.br\/noticias\/haddad-entrevista-eleicao-gpj\/#breadcrumb","itemListElement":[{"@type":"ListItem","position":1,"name":"Not\u00edcias","item":"https:\/\/www.suno.com.br\/noticias\/"},{"@type":"ListItem","position":2,"name":"Economia","item":"https:\/\/www.suno.com.br\/noticias\/economia\/"},{"@type":"ListItem","position":3,"name":"Haddad: &#8216;N\u00e3o podemos sair da boa vibe do ano passado s\u00f3 por 2024 ser ano eleitoral&#8217;"}]},{"@type":"WebSite","@id":"https:\/\/www.suno.com.br\/noticias\/#website","url":"https:\/\/www.suno.com.br\/noticias\/","name":"Suno Not\u00edcias","description":"Seu portal de informa\u00e7\u00e3o sobre o mundo dos investimentos","publisher":{"@id":"https:\/\/www.suno.com.br\/noticias\/#organization"},"potentialAction":[{"@type":"SearchAction","target":{"@type":"EntryPoint","urlTemplate":"https:\/\/www.suno.com.br\/noticias\/?s={search_term_string}"},"query-input":{"@type":"PropertyValueSpecification","valueRequired":true,"valueName":"search_term_string"}}],"inLanguage":"pt-BR"},{"@type":"Organization","@id":"https:\/\/www.suno.com.br\/noticias\/#organization","name":"Suno Not\u00edcias","url":"https:\/\/www.suno.com.br\/noticias\/","logo":{"@type":"ImageObject","inLanguage":"pt-BR","@id":"https:\/\/www.suno.com.br\/noticias\/#\/schema\/logo\/image\/","url":"https:\/\/files.sunoresearch.com.br\/n\/uploads\/2021\/09\/suno-logo.png","contentUrl":"https:\/\/files.sunoresearch.com.br\/n\/uploads\/2021\/09\/suno-logo.png","width":180,"height":180,"caption":"Suno Not\u00edcias"},"image":{"@id":"https:\/\/www.suno.com.br\/noticias\/#\/schema\/logo\/image\/"},"sameAs":["https:\/\/facebook.com\/sunoresearch","https:\/\/x.com\/sunoresearch","https:\/\/www.instagram.com\/suno","https:\/\/www.linkedin.com\/company\/suno-research\/","https:\/\/www.youtube.com\/c\/sunoresearch"]},{"@type":"Person","@id":"https:\/\/www.suno.com.br\/noticias\/#\/schema\/person\/d0f32748bbca4bee871fa191ee4e2d40","name":"Giovanni Porf\u00edrio Jacomino","image":{"@type":"ImageObject","inLanguage":"pt-BR","@id":"https:\/\/www.suno.com.br\/noticias\/#\/schema\/person\/image\/","url":"https:\/\/secure.gravatar.com\/avatar\/efb32e19b730a121cb7a80f41ffec01a?s=96&r=g","contentUrl":"https:\/\/secure.gravatar.com\/avatar\/efb32e19b730a121cb7a80f41ffec01a?s=96&r=g","caption":"Giovanni Porf\u00edrio Jacomino"},"description":"Giovanni Porf\u00edrio Jacomino \u00e9 jornalista formado pela Universidade Estadual de Londrina (UEL) e p\u00f3s-graduado em Produ\u00e7\u00e3o e Pr\u00e1ticas Jornal\u00edsticas na Contemporaneidade na Faculdade C\u00e1sper L\u00edbero (FCL). Foi editor web no Startupi e no Finsiders, atuando ainda como editor no TC Mover, portal de not\u00edcias da TradersClub, fazendo a cobertura de assuntos relacionados ao mercado financeiro interno e externo. Atualmente, \u00e9 Rep\u00f3rter do Suno Not\u00edcias.","url":"https:\/\/www.suno.com.br\/noticias\/author\/giovanni-porfiriosuno-com-br\/"}]}},"default_loop_html":"<div class=\"cardsPage__listCard__boxs\"><div class=\"cardsPage__listCard__boxs__img\"><a href=\"https:\/\/www.suno.com.br\/noticias\/haddad-entrevista-eleicao-gpj\/\"><img class=\"mask\" src=\"https:\/\/www.suno.com.br\/noticias\/wp-content\/themes\/suno\/resources\/images\/spotlight\/spotlight1img\/bg-mask.png\" alt=\"Image Mask\"\/><img src=\"https:\/\/files.sunoresearch.com.br\/n\/uploads\/2023\/01\/fernando-haddad-400x200.jpg\" alt=\"Haddad: &#8216;N\u00e3o podemos sair da boa vibe do ano passado s\u00f3 por 2024 ser ano eleitoral&#8217;\"\/><\/a><span class=\"spotlightCategory\"><a href=\"https:\/\/www.suno.com.br\/noticias\/economia\/\">Economia<\/a><\/span><\/div><div class=\"cardsPage__listCard__boxs__content\"><a href=\"https:\/\/www.suno.com.br\/noticias\/haddad-entrevista-eleicao-gpj\/\"><h2 class=\"content__title\">Haddad: &#8216;N\u00e3o podemos sair da boa vibe do ano passado s\u00f3 por 2024 ser ano eleitoral&#8217;<\/h2><\/a><div class=\"newsContent__article__meta\"><div class=\"newsContent__article__meta__authorBox\"><a href=\"https:\/\/www.suno.com.br\/noticias\/author\/giovanni-porfiriosuno-com-br\/\" class=\"authorBox__avatar noMobi\"><img src=\"https:\/\/files.sunoresearch.com.br\/n\/uploads\/2024\/05\/DSCF4115-1-1-150x150.webp\" alt=\"Giovanni Porf\u00edrio Jacomino\"><\/a><div class=\"authorBox__name\"><span>por\n\t\t\t<a href=\"https:\/\/www.suno.com.br\/noticias\/author\/giovanni-porfiriosuno-com-br\/\"><span itemprop=\"author\">Giovanni Porf\u00edrio Jacomino<\/span><\/a><\/span><time datetime=\"2024-04-07T12:11:44-03:00\" itemprop=\"datePublished\">07\/04\/2024 12:11<\/time><\/div><\/div><\/div><\/div><\/div>","single_layout":"posts","amp_enabled":true,"_links":{"self":[{"href":"https:\/\/www.suno.com.br\/noticias\/wp-json\/wp\/v2\/posts\/541517"}],"collection":[{"href":"https:\/\/www.suno.com.br\/noticias\/wp-json\/wp\/v2\/posts"}],"about":[{"href":"https:\/\/www.suno.com.br\/noticias\/wp-json\/wp\/v2\/types\/post"}],"author":[{"embeddable":true,"href":"https:\/\/www.suno.com.br\/noticias\/wp-json\/wp\/v2\/users\/313"}],"replies":[{"embeddable":true,"href":"https:\/\/www.suno.com.br\/noticias\/wp-json\/wp\/v2\/comments?post=541517"}],"version-history":[{"count":3,"href":"https:\/\/www.suno.com.br\/noticias\/wp-json\/wp\/v2\/posts\/541517\/revisions"}],"predecessor-version":[{"id":541527,"href":"https:\/\/www.suno.com.br\/noticias\/wp-json\/wp\/v2\/posts\/541517\/revisions\/541527"}],"wp:featuredmedia":[{"embeddable":true,"href":"https:\/\/www.suno.com.br\/noticias\/wp-json\/wp\/v2\/media\/341144"}],"wp:attachment":[{"href":"https:\/\/www.suno.com.br\/noticias\/wp-json\/wp\/v2\/media?parent=541517"}],"wp:term":[{"taxonomy":"category","embeddable":true,"href":"https:\/\/www.suno.com.br\/noticias\/wp-json\/wp\/v2\/categories?post=541517"},{"taxonomy":"post_tag","embeddable":true,"href":"https:\/\/www.suno.com.br\/noticias\/wp-json\/wp\/v2\/tags?post=541517"},{"taxonomy":"suno_strategy","embeddable":true,"href":"https:\/\/www.suno.com.br\/noticias\/wp-json\/wp\/v2\/suno_strategy?post=541517"}],"curies":[{"name":"wp","href":"https:\/\/api.w.org\/{rel}","templated":true}]}}