{"id":541325,"date":"2024-04-05T18:50:41","date_gmt":"2024-04-05T21:50:41","guid":{"rendered":"https:\/\/www.suno.com.br\/noticias\/?p=541325"},"modified":"2024-04-05T18:50:49","modified_gmt":"2024-04-05T21:50:49","slug":"petrobras-petr4-presidente-mercadante-prates-conselho-mm","status":"publish","type":"post","link":"https:\/\/www.suno.com.br\/noticias\/petrobras-petr4-presidente-mercadante-prates-conselho-mm\/","title":{"rendered":"Petrobras (PETR4): aliados querem manter Prates como CEO e indicar Mercadante para a presid\u00eancia do conselho, diz portal"},"content":{"rendered":"<p>Aliados do presidente da <strong>Petrobras <\/strong>(PETR4), Jean Paul Prates, querem alocar o presidente do <a class=\"suno-keyword\" data-force=\"no\" data-priority=\"2\" href=\"https:\/\/www.suno.com.br\/artigos\/bndes\/\" target=\"_blank\" rel=\"noopener\">Banco Nacional de Desenvolvimento Econ\u00f4mico e Social (BNDES)<\/a>, Aloizio Mercadante, na presid\u00eancia do <a class=\"suno-keyword\" data-force=\"no\" data-priority=\"1\" href=\"https:\/\/www.suno.com.br\/artigos\/conselho-administracao\/\" target=\"_blank\" rel=\"noopener\">conselho de administra\u00e7\u00e3o<\/a> da petroleira para manter Prates no cargo, informou a jornalista Andr\u00e9ia Sadi, nesta sexta-feira (5), em seu blog no G1.   <\/p>\t<div class=\"wrapper-featured-image\">\n\t\t<figure class=\"spotlightImg\">\n\n\t\t\t<picture>\n\t\t\t\t<source media=\"(max-width: 768px)\" srcset=\"https:\/\/files.sunoresearch.com.br\/n\/uploads\/2024\/03\/iStock-1052665994-400x200.jpg\">\n\t\t\t\t<img loading=\"lazy\" decoding=\"async\" class=\"newsContent__article__imgCapa lazyloadDisabled \" src=\"https:\/\/files.sunoresearch.com.br\/n\/uploads\/2024\/03\/iStock-1052665994-800x450.jpg\" width=\"800\" height=\"450\" alt=\"Petrobras (PETR4): aliados querem manter Prates como CEO e indicar Mercadante para a presid\u00eancia do conselho, diz portal\" fetchpriority=high \/>\n\t\t\t<\/picture>\n\n\t\t\t<figcaption class=\"wp-caption-text wp-caption-text--show\">Petrobras. Foto: iStock<\/figcaption>\n\t\t<\/figure>\n\t<\/div>\n\n\n\n\n\n\t<p>\n\t\t<a href=\"\" target=\"_blank\" data-element=\"shortcode-suno-banner\" title=\"Banner SUNO, clique e saiba mais\">\n\t\t\t<picture>\n\t\t\t\t<source media=\"(max-width: 500px)\" srcset=\"\">\n\t\t\t\t<img class=\"newsContent__article__imgCapa newsContent__article__imgCapa--banner\"\n\t\t\t\t\tsrc=\"\"\n\t\t\t\t\tdata-promo-id=\"89005\"\t\t\t\t\t\t\t\t\t\t\t\t\t\t\talt=\"\"\n\t\t\t\t>\n\t\t\t<\/picture>\n\t\t<\/a>\n\t<\/p>\n\n\n\n\n\n<p>Nesta quinta (4), o Pipeline, do Valor Econ\u00f4mico, informou que a ideia do governo era que <strong>Mercadante assumisse a Petrobras <\/strong>e, como consequ\u00eancia, Nelson Barbosa, atual diretor de planejamento do banco de fomento, iria presidir a institui\u00e7\u00e3o em seu lugar. <\/p>\n\n\n\n<p>O ru\u00eddo sobre uma poss\u00edvel mudan\u00e7a na lideran\u00e7a da petroleira acontece ap\u00f3s Alexandre Silveira, ministro de Minas e Energia, e Prates travarem embates frequentes desde o ano passado. Recentemente, divergiram sobre os <strong>dividendos extras da Petrobras<\/strong> e o papel do biodiesel no projeto de lei \u201cCombust\u00edvel do Futuro\u201d, que define metas verdes para o setor. Ambos os ministros est\u00e3o \u00e0 frente de cadeiras que s\u00e3o pe\u00e7as-chave para a transi\u00e7\u00e3o energ\u00e9tica, uma das bandeiras do terceiro mandato de Lula.<\/p>\n\n\n\n<p>Silveira reconheceu os debates intensos com Prates em entrevista ao jornal Folha de S. Paulo, nesta semana, mas suavizou o tom: \u201cSempre tive debates acalorados, verdadeiros. Mas debates transparentes sobre o que eu, como governo, defendo na Petrobras; e o presidente da Petrobras, naturalmente [defende] como presidente de uma empresa. Os pap\u00e9is s\u00e3o diferentes. Por isso h\u00e1 um conflito\u201d, disse.<\/p>\n\n\n\n<h2 class=\"wp-block-heading\">Mercadante diz que n\u00e3o quer abandonar BNDES e Prates falta reuni\u00e3o da petroleira nesta sexta<\/h2>\n\n\n\n<p>Se a articula\u00e7\u00e3o dos aliados de Prates der certo, Pietro Mendes, eleito em abril de 2023 e ligado a Silveira, deixaria o cargo no conselho para ceder o lugar ao presidente do BNDES. Sadi afirma que fontes dizem que Mercadante tem reiterado aos seus contatos que n\u00e3o deseja abandonar a institui\u00e7\u00e3o financeira e que mant\u00e9m uma rela\u00e7\u00e3o muito positiva com Prates. Qualquer substitui\u00e7\u00e3o causaria desconforto entre eles. Enquanto isso, Prates afirma a seus confidentes que s\u00f3 deixar\u00e1 a Petrobras se for demitido.<\/p>\n\n\n\n<p>Na tarde da quinta-feira (4), o<strong> presidente da Petrobras<\/strong> publicou no X, antigo Twitter, um print de uma suposta mensagem de WhatsApp. Na conversa, uma pessoa n\u00e3o identificada pergunta: \u201cJean Paul vai sair da Petrobras?\u201d, e a resposta que aparece no di\u00e1logo \u00e9: \u201cAcho que ap\u00f3s as 20h02. Vai pra casa jantar\u2026 E amanh\u00e3, \u00e0s 7h09, ele estar\u00e1 de volta na empresa, pois sempre tem a agenda cheia\u201d.<\/p>\n\n\n\n<p>Nesta sexta-feira (5), por\u00e9m, Prates n\u00e3o compareceu \u00e0 reuni\u00e3o do <a class=\"suno-keyword\" data-force=\"no\" data-priority=\"1\" href=\"https:\/\/www.suno.com.br\/artigos\/conselho-administracao\/\" target=\"_blank\" rel=\"noopener\">conselho de administra\u00e7\u00e3o<\/a> da estatal. Prates costuma participar, ainda que de forma remota, das <strong>reuni\u00f5es da Petrobras<\/strong>. A <strong>distribui\u00e7\u00e3o de dividendos<\/strong> pode ser um dos assuntos em discuss\u00e3o no evento de hoje. Existe a possibilidade de os conselheiros aprovarem o acordo para distribuir parte dos recursos, que foi firmado nesta semana pelos ministros Fernando Haddad e Silveira, em Bras\u00edlia.<\/p>\n\n\n\n<p>Ao <strong>presidente do conselho da Petrobras <\/strong>cabe a responsabilidade de convocar os conselheiros para deliberarem sobre assuntos relevantes, gerenciar a import\u00e2ncia das contribui\u00e7\u00f5es, coordenar as vota\u00e7\u00f5es e comunicar os resultados. Al\u00e9m disso, \u00e9 de sua compet\u00eancia decidir sobre vota\u00e7\u00f5es que resultem em empate.<\/p>\n\n\n\t<p>\n\t\t<a href=\"https:\/\/lp.suno.com.br\/minicurso-investindo-fiis\/\" target=\"_blank\" data-element=\"shortcode-suno-banner\" title=\"Banner SUNO, clique e saiba mais\">\n\t\t\t<picture>\n\t\t\t\t<source media=\"(max-width: 500px)\" srcset=\"https:\/\/files.sunoresearch.com.br\/n\/uploads\/2023\/03\/400x300-Minicurso-FIIS.png\">\n\t\t\t\t<img class=\"newsContent__article__imgCapa newsContent__article__imgCapa--banner\"\n\t\t\t\t\tsrc=\"https:\/\/files.sunoresearch.com.br\/n\/uploads\/2023\/03\/1420x240-Minicurso-FIIS.png\"\n\t\t\t\t\tdata-promo-id=\"383125\"\t\t\t\t\t\t\t\t\t\twidth='1420' height='240'\t\t\t\t\talt=\"https:\/\/files.sunoresearch.com.br\/n\/uploads\/2023\/03\/1420x240-Minicurso-FIIS.png\"\n\t\t\t\t>\n\t\t\t<\/picture>\n\t\t<\/a>\n\t<\/p>\n\n\n\n\n\n<h2 class=\"wp-block-heading\">Lula deve programar reuni\u00e3o com ministros neste fim de semana<\/h2>\n\n\n\n<p>O presidente Lula est\u00e1 programando uma reuni\u00e3o com ministros durante o fim de semana para abordar a estrutura da equipe e a <strong>crise na<\/strong> <strong>Petrobras<\/strong>, informa a Folha. De acordo com um membro do governo, os ministros devem estar dispon\u00edveis para poss\u00edveis reuni\u00f5es no s\u00e1bado e domingo. As discuss\u00f5es ainda n\u00e3o foram marcadas. \u00c9 esperado que a sucess\u00e3o na Petrobras seja um dos temas em pauta.<\/p>\n\n\n\n<p>Segundo aliados, durante uma de suas visitas, Lula mencionou de forma superficial a possibilidade de o presidente do BNDES, <strong>Aloizio Mercadante<\/strong>, assumir a presid\u00eancia da empresa. No entanto, at\u00e9 o momento, nenhum convite formal foi feito. Entre os contatos de Lula, h\u00e1 apoio \u00e0 perman\u00eancia de Jean Paul Prates, embora sua sa\u00edda seja vista como praticamente inevit\u00e1vel. No s\u00e1bado, Lula tem um encontro agendado com representantes de movimentos sociais, incluindo a FUP (Federa\u00e7\u00e3o \u00danica dos Petroleiros).<\/p>\n\n\n\n<p>Embora Lula ainda n\u00e3o tenha se manifestado oficialmente sobre o biodiesel, ele seguiu a sugest\u00e3o de Silveira de adiar o pagamento dos lucros extraordin\u00e1rios. Na segunda-feira (3), criticou os lucros exorbitantes da <strong>Petrobras <\/strong>e a postura do mercado sobre os <a class=\"suno-keyword\" target=\"_blank\" data-force=\"no\" data-priority=\"1\" href=\"https:\/\/www.suno.com.br\/guias\/dividendos\/\" rel=\"noopener\">dividendos<\/a>. &#8220;N\u00e3o podemos admitir que a Petrobras tenha um \u00fanico e exclusivo objetivo de ter lucros exorbitantes para poder distribuir aos seus acionistas&#8221;, afirmou \u00e0 GloboNews.<\/p>\n\n\n\n<h2 class=\"wp-block-heading\">Entenda por que Prates pode ser dispensado da presid\u00eancia da petroleira<\/h2>\n\n\n\n<p>A principal causa de instabilidade para a perman\u00eancia de Jean Paul Prates como <strong>CEO da Petrobras <\/strong>surge predominantemente de dentro do pr\u00f3prio governo. Entre seus opositores mais proeminentes est\u00e3o os ministros Alexandre Silveira, respons\u00e1vel pelas Minas e Energia, e Rui Costa, da Casa Civil.<\/p>\n\n\n\n<p>Nas \u00faltimas semanas, o cerco contra Prates aumentou, e as amea\u00e7as \u00e0 sua perman\u00eancia no cargo atingiram um n\u00edvel sem precedentes no governo Lula. A controv\u00e9rsia se originou da postura do CEO em rela\u00e7\u00e3o \u00e0 distribui\u00e7\u00e3o dos dividendos extraordin\u00e1rios da Petrobras, adotada no in\u00edcio de mar\u00e7o.<\/p>\n\n\n\n<p>Prates defendia uma distribui\u00e7\u00e3o mais ampla desses dividendos aos acionistas, enquanto Lula e Silveira discordavam. Em 8 de mar\u00e7o, uma sexta-feira, as <strong>a\u00e7\u00f5es da Petrobras despencaram 10% na Bolsa<\/strong> brasileira (B3) quando foi anunciada a decis\u00e3o de se reter os <a class=\"suno-keyword\" target=\"_blank\" data-force=\"no\" data-priority=\"1\" href=\"https:\/\/www.suno.com.br\/guias\/dividendos\/\" rel=\"noopener\">dividendos<\/a>. Essa not\u00edcia resultou em uma perda de quase R$ 56 bilh\u00f5es em <a class=\"suno-keyword\" target=\"_blank\" data-force=\"no\" data-priority=\"1\" href=\"https:\/\/www.suno.com.br\/artigos\/valor-de-mercado\/\" rel=\"noopener\">valor de mercado<\/a> da empresa em um \u00fanico dia.<\/p>\n\n\n\n<p>Al\u00e9m disso, devido \u00e0 mesma quest\u00e3o, Prates enfrentou contesta\u00e7\u00f5es de representantes dos petroleiros, que t\u00eam direito a um assento no <a class=\"suno-keyword\" data-force=\"no\" data-priority=\"1\" href=\"https:\/\/www.suno.com.br\/artigos\/conselho-administracao\/\" target=\"_blank\" rel=\"noopener\">conselho de administra\u00e7\u00e3o<\/a> da <strong>Petrobras<\/strong>.<\/p>\n\n\n\t<p>\n\t\t<a href=\"https:\/\/lp.suno.com.br\/planilha-da-vida-financeira\/\" target=\"_blank\" data-element=\"shortcode-suno-banner\" title=\"Banner SUNO, clique e saiba mais\">\n\t\t\t<picture>\n\t\t\t\t<source media=\"(max-width: 500px)\" srcset=\"https:\/\/files.sunoresearch.com.br\/n\/uploads\/2023\/04\/400x300-Planilha-vida-financeira-true.png\">\n\t\t\t\t<img class=\"newsContent__article__imgCapa newsContent__article__imgCapa--banner\"\n\t\t\t\t\tsrc=\"https:\/\/files.sunoresearch.com.br\/n\/uploads\/2023\/04\/1420x240-Planilha-vida-financeira-true.png\"\n\t\t\t\t\tdata-promo-id=\"383123\"\t\t\t\t\t\t\t\t\t\twidth='1420' height='240'\t\t\t\t\talt=\"https:\/\/files.sunoresearch.com.br\/n\/uploads\/2023\/04\/1420x240-Planilha-vida-financeira-true.png\"\n\t\t\t\t>\n\t\t\t<\/picture>\n\t\t<\/a>\n\t<\/p>\n\n\n","protected":false},"excerpt":{"rendered":"<p>Aliados do presidente da Petrobras (PETR4), Jean Paul Prates, querem alocar o presidente do Banco Nacional de Desenvolvimento Econ\u00f4mico e Social (BNDES), Aloizio Mercadante, na presid\u00eancia do conselho de administra\u00e7\u00e3o da petroleira para manter Prates no cargo, informou a jornalista Andr\u00e9ia Sadi, nesta sexta-feira (5), em seu blog no G1. Petrobras. Foto: iStock Nesta quinta [&hellip;]<\/p>\n","protected":false},"author":345,"featured_media":531789,"comment_status":"closed","ping_status":"closed","sticky":false,"template":"","format":"standard","meta":[],"categories":[61],"tags":[286,595],"suno_strategy":[],"class_list":["post-541325","post","type-post","status-publish","format-standard","has-post-thumbnail","hentry","category-politica","tag-acoes","tag-petrobras-petr4"],"yoast_head":"<!-- This site is optimized with the Yoast SEO plugin v24.4 - https:\/\/yoast.com\/wordpress\/plugins\/seo\/ -->\n<title>Petrobras (PETR4): Mercadante deve ser presidente do conselho<\/title>\n<meta name=\"description\" content=\"Aliados de Prates querem alocar o presidente do BNDES, Mercadante, na presid\u00eancia do conselho de administra\u00e7\u00e3o da Petrobras\" \/>\n<meta name=\"robots\" content=\"index, follow, max-snippet:-1, max-image-preview:large, max-video-preview:-1\" \/>\n<link rel=\"canonical\" href=\"https:\/\/www.suno.com.br\/noticias\/petrobras-petr4-presidente-mercadante-prates-conselho-mm\/\" \/>\n<meta property=\"og:locale\" content=\"pt_BR\" \/>\n<meta property=\"og:type\" content=\"article\" \/>\n<meta property=\"og:title\" content=\"Petrobras (PETR4): Mercadante deve ser presidente do conselho\" \/>\n<meta property=\"og:description\" content=\"Aliados de Prates querem alocar o presidente do BNDES, Mercadante, na presid\u00eancia do conselho de administra\u00e7\u00e3o da Petrobras\" \/>\n<meta property=\"og:url\" content=\"https:\/\/www.suno.com.br\/noticias\/petrobras-petr4-presidente-mercadante-prates-conselho-mm\/\" \/>\n<meta property=\"og:site_name\" content=\"Suno Not\u00edcias\" \/>\n<meta property=\"article:publisher\" content=\"https:\/\/facebook.com\/sunoresearch\" \/>\n<meta property=\"og:image\" content=\"https:\/\/files.sunoresearch.com.br\/n\/uploads\/2024\/03\/iStock-1052665994.jpg\" \/>\n\t<meta property=\"og:image:width\" content=\"1254\" \/>\n\t<meta property=\"og:image:height\" content=\"836\" \/>\n\t<meta property=\"og:image:type\" content=\"image\/jpeg\" \/>\n<meta name=\"author\" content=\"Murilo Melo\" \/>\n<meta name=\"twitter:card\" content=\"summary_large_image\" \/>\n<meta name=\"twitter:creator\" content=\"@sunoresearch\" \/>\n<meta name=\"twitter:site\" content=\"@sunoresearch\" \/>\n<meta name=\"twitter:label1\" content=\"Escrito por\" \/>\n\t<meta name=\"twitter:data1\" content=\"Murilo Melo\" \/>\n\t<meta name=\"twitter:label2\" content=\"Est. tempo de leitura\" \/>\n\t<meta name=\"twitter:data2\" content=\"6 minutos\" \/>\n<script type=\"application\/ld+json\" class=\"yoast-schema-graph\">{\"@context\":\"https:\/\/schema.org\",\"@graph\":[{\"@type\":\"NewsArticle\",\"@id\":\"https:\/\/www.suno.com.br\/noticias\/petrobras-petr4-presidente-mercadante-prates-conselho-mm\/#article\",\"isPartOf\":{\"@id\":\"https:\/\/www.suno.com.br\/noticias\/petrobras-petr4-presidente-mercadante-prates-conselho-mm\/\"},\"author\":{\"name\":\"Murilo Melo\",\"@id\":\"https:\/\/www.suno.com.br\/noticias\/#\/schema\/person\/32d4feb215afe4b317d446bb442400dd\"},\"headline\":\"Petrobras (PETR4): aliados querem manter Prates como CEO e indicar Mercadante para a presid\u00eancia do conselho, diz portal\",\"datePublished\":\"2024-04-05T21:50:41+00:00\",\"dateModified\":\"2024-04-05T21:50:49+00:00\",\"mainEntityOfPage\":{\"@id\":\"https:\/\/www.suno.com.br\/noticias\/petrobras-petr4-presidente-mercadante-prates-conselho-mm\/\"},\"wordCount\":1009,\"publisher\":{\"@id\":\"https:\/\/www.suno.com.br\/noticias\/#organization\"},\"image\":{\"@id\":\"https:\/\/www.suno.com.br\/noticias\/petrobras-petr4-presidente-mercadante-prates-conselho-mm\/#primaryimage\"},\"thumbnailUrl\":\"https:\/\/files.sunoresearch.com.br\/n\/uploads\/2024\/03\/iStock-1052665994.jpg\",\"keywords\":[\"A\u00e7\u00f5es\",\"Petrobras (PETR4)\"],\"articleSection\":[\"Pol\u00edtica\"],\"inLanguage\":\"pt-BR\"},{\"@type\":\"WebPage\",\"@id\":\"https:\/\/www.suno.com.br\/noticias\/petrobras-petr4-presidente-mercadante-prates-conselho-mm\/\",\"url\":\"https:\/\/www.suno.com.br\/noticias\/petrobras-petr4-presidente-mercadante-prates-conselho-mm\/\",\"name\":\"Petrobras (PETR4): Mercadante deve ser presidente do conselho\",\"isPartOf\":{\"@id\":\"https:\/\/www.suno.com.br\/noticias\/#website\"},\"primaryImageOfPage\":{\"@id\":\"https:\/\/www.suno.com.br\/noticias\/petrobras-petr4-presidente-mercadante-prates-conselho-mm\/#primaryimage\"},\"image\":{\"@id\":\"https:\/\/www.suno.com.br\/noticias\/petrobras-petr4-presidente-mercadante-prates-conselho-mm\/#primaryimage\"},\"thumbnailUrl\":\"https:\/\/files.sunoresearch.com.br\/n\/uploads\/2024\/03\/iStock-1052665994.jpg\",\"datePublished\":\"2024-04-05T21:50:41+00:00\",\"dateModified\":\"2024-04-05T21:50:49+00:00\",\"description\":\"Aliados de Prates querem alocar o presidente do BNDES, Mercadante, na presid\u00eancia do conselho de administra\u00e7\u00e3o da Petrobras\",\"breadcrumb\":{\"@id\":\"https:\/\/www.suno.com.br\/noticias\/petrobras-petr4-presidente-mercadante-prates-conselho-mm\/#breadcrumb\"},\"inLanguage\":\"pt-BR\",\"potentialAction\":[{\"@type\":\"ReadAction\",\"target\":[\"https:\/\/www.suno.com.br\/noticias\/petrobras-petr4-presidente-mercadante-prates-conselho-mm\/\"]}]},{\"@type\":\"ImageObject\",\"inLanguage\":\"pt-BR\",\"@id\":\"https:\/\/www.suno.com.br\/noticias\/petrobras-petr4-presidente-mercadante-prates-conselho-mm\/#primaryimage\",\"url\":\"https:\/\/files.sunoresearch.com.br\/n\/uploads\/2024\/03\/iStock-1052665994.jpg\",\"contentUrl\":\"https:\/\/files.sunoresearch.com.br\/n\/uploads\/2024\/03\/iStock-1052665994.jpg\",\"width\":1254,\"height\":836,\"caption\":\"Petrobras. Foto: iStock\"},{\"@type\":\"BreadcrumbList\",\"@id\":\"https:\/\/www.suno.com.br\/noticias\/petrobras-petr4-presidente-mercadante-prates-conselho-mm\/#breadcrumb\",\"itemListElement\":[{\"@type\":\"ListItem\",\"position\":1,\"name\":\"Not\u00edcias\",\"item\":\"https:\/\/www.suno.com.br\/noticias\/\"},{\"@type\":\"ListItem\",\"position\":2,\"name\":\"Pol\u00edtica\",\"item\":\"https:\/\/www.suno.com.br\/noticias\/politica\/\"},{\"@type\":\"ListItem\",\"position\":3,\"name\":\"Petrobras (PETR4): aliados querem manter Prates como CEO e indicar Mercadante para a presid\u00eancia do conselho, diz portal\"}]},{\"@type\":\"WebSite\",\"@id\":\"https:\/\/www.suno.com.br\/noticias\/#website\",\"url\":\"https:\/\/www.suno.com.br\/noticias\/\",\"name\":\"Suno Not\u00edcias\",\"description\":\"Seu portal de informa\u00e7\u00e3o sobre o mundo dos investimentos\",\"publisher\":{\"@id\":\"https:\/\/www.suno.com.br\/noticias\/#organization\"},\"potentialAction\":[{\"@type\":\"SearchAction\",\"target\":{\"@type\":\"EntryPoint\",\"urlTemplate\":\"https:\/\/www.suno.com.br\/noticias\/?s={search_term_string}\"},\"query-input\":{\"@type\":\"PropertyValueSpecification\",\"valueRequired\":true,\"valueName\":\"search_term_string\"}}],\"inLanguage\":\"pt-BR\"},{\"@type\":\"Organization\",\"@id\":\"https:\/\/www.suno.com.br\/noticias\/#organization\",\"name\":\"Suno Not\u00edcias\",\"url\":\"https:\/\/www.suno.com.br\/noticias\/\",\"logo\":{\"@type\":\"ImageObject\",\"inLanguage\":\"pt-BR\",\"@id\":\"https:\/\/www.suno.com.br\/noticias\/#\/schema\/logo\/image\/\",\"url\":\"https:\/\/files.sunoresearch.com.br\/n\/uploads\/2021\/09\/suno-logo.png\",\"contentUrl\":\"https:\/\/files.sunoresearch.com.br\/n\/uploads\/2021\/09\/suno-logo.png\",\"width\":180,\"height\":180,\"caption\":\"Suno Not\u00edcias\"},\"image\":{\"@id\":\"https:\/\/www.suno.com.br\/noticias\/#\/schema\/logo\/image\/\"},\"sameAs\":[\"https:\/\/facebook.com\/sunoresearch\",\"https:\/\/x.com\/sunoresearch\",\"https:\/\/www.instagram.com\/suno\",\"https:\/\/www.linkedin.com\/company\/suno-research\/\",\"https:\/\/www.youtube.com\/c\/sunoresearch\"]},{\"@type\":\"Person\",\"@id\":\"https:\/\/www.suno.com.br\/noticias\/#\/schema\/person\/32d4feb215afe4b317d446bb442400dd\",\"name\":\"Murilo Melo\",\"image\":{\"@type\":\"ImageObject\",\"inLanguage\":\"pt-BR\",\"@id\":\"https:\/\/www.suno.com.br\/noticias\/#\/schema\/person\/image\/\",\"url\":\"https:\/\/secure.gravatar.com\/avatar\/af7a693198b592028493c0e8b0583d4f?s=96&r=g\",\"contentUrl\":\"https:\/\/secure.gravatar.com\/avatar\/af7a693198b592028493c0e8b0583d4f?s=96&r=g\",\"caption\":\"Murilo Melo\"},\"description\":\"\u00c9 um jornalista e letr\u00f3logo com vasta experi\u00eancia em economia, finan\u00e7as e mercado. J\u00e1 foi rep\u00f3rter de jornais, revistas e sites noticiosos como A Tarde, Correio e Folha de S.Paulo. No Suno Not\u00edcias, escreve sobre neg\u00f3cios\",\"url\":\"https:\/\/www.suno.com.br\/noticias\/author\/murilomelo-jornalismogmail-com\/\"}]}<\/script>\n<!-- \/ Yoast SEO plugin. -->","yoast_head_json":{"title":"Petrobras (PETR4): Mercadante deve ser presidente do conselho","description":"Aliados de Prates querem alocar o presidente do BNDES, Mercadante, na presid\u00eancia do conselho de administra\u00e7\u00e3o da Petrobras","robots":{"index":"index","follow":"follow","max-snippet":"max-snippet:-1","max-image-preview":"max-image-preview:large","max-video-preview":"max-video-preview:-1"},"canonical":"https:\/\/www.suno.com.br\/noticias\/petrobras-petr4-presidente-mercadante-prates-conselho-mm\/","og_locale":"pt_BR","og_type":"article","og_title":"Petrobras (PETR4): Mercadante deve ser presidente do conselho","og_description":"Aliados de Prates querem alocar o presidente do BNDES, Mercadante, na presid\u00eancia do conselho de administra\u00e7\u00e3o da Petrobras","og_url":"https:\/\/www.suno.com.br\/noticias\/petrobras-petr4-presidente-mercadante-prates-conselho-mm\/","og_site_name":"Suno Not\u00edcias","article_publisher":"https:\/\/facebook.com\/sunoresearch","og_image":[{"width":1254,"height":836,"url":"https:\/\/files.sunoresearch.com.br\/n\/uploads\/2024\/03\/iStock-1052665994.jpg","type":"image\/jpeg"}],"author":"Murilo Melo","twitter_card":"summary_large_image","twitter_creator":"@sunoresearch","twitter_site":"@sunoresearch","twitter_misc":{"Escrito por":"Murilo Melo","Est. tempo de leitura":"6 minutos"},"schema":{"@context":"https:\/\/schema.org","@graph":[{"@type":"NewsArticle","@id":"https:\/\/www.suno.com.br\/noticias\/petrobras-petr4-presidente-mercadante-prates-conselho-mm\/#article","isPartOf":{"@id":"https:\/\/www.suno.com.br\/noticias\/petrobras-petr4-presidente-mercadante-prates-conselho-mm\/"},"author":{"name":"Murilo Melo","@id":"https:\/\/www.suno.com.br\/noticias\/#\/schema\/person\/32d4feb215afe4b317d446bb442400dd"},"headline":"Petrobras (PETR4): aliados querem manter Prates como CEO e indicar Mercadante para a presid\u00eancia do conselho, diz portal","datePublished":"2024-04-05T21:50:41+00:00","dateModified":"2024-04-05T21:50:49+00:00","mainEntityOfPage":{"@id":"https:\/\/www.suno.com.br\/noticias\/petrobras-petr4-presidente-mercadante-prates-conselho-mm\/"},"wordCount":1009,"publisher":{"@id":"https:\/\/www.suno.com.br\/noticias\/#organization"},"image":{"@id":"https:\/\/www.suno.com.br\/noticias\/petrobras-petr4-presidente-mercadante-prates-conselho-mm\/#primaryimage"},"thumbnailUrl":"https:\/\/files.sunoresearch.com.br\/n\/uploads\/2024\/03\/iStock-1052665994.jpg","keywords":["A\u00e7\u00f5es","Petrobras (PETR4)"],"articleSection":["Pol\u00edtica"],"inLanguage":"pt-BR"},{"@type":"WebPage","@id":"https:\/\/www.suno.com.br\/noticias\/petrobras-petr4-presidente-mercadante-prates-conselho-mm\/","url":"https:\/\/www.suno.com.br\/noticias\/petrobras-petr4-presidente-mercadante-prates-conselho-mm\/","name":"Petrobras (PETR4): Mercadante deve ser presidente do conselho","isPartOf":{"@id":"https:\/\/www.suno.com.br\/noticias\/#website"},"primaryImageOfPage":{"@id":"https:\/\/www.suno.com.br\/noticias\/petrobras-petr4-presidente-mercadante-prates-conselho-mm\/#primaryimage"},"image":{"@id":"https:\/\/www.suno.com.br\/noticias\/petrobras-petr4-presidente-mercadante-prates-conselho-mm\/#primaryimage"},"thumbnailUrl":"https:\/\/files.sunoresearch.com.br\/n\/uploads\/2024\/03\/iStock-1052665994.jpg","datePublished":"2024-04-05T21:50:41+00:00","dateModified":"2024-04-05T21:50:49+00:00","description":"Aliados de Prates querem alocar o presidente do BNDES, Mercadante, na presid\u00eancia do conselho de administra\u00e7\u00e3o da Petrobras","breadcrumb":{"@id":"https:\/\/www.suno.com.br\/noticias\/petrobras-petr4-presidente-mercadante-prates-conselho-mm\/#breadcrumb"},"inLanguage":"pt-BR","potentialAction":[{"@type":"ReadAction","target":["https:\/\/www.suno.com.br\/noticias\/petrobras-petr4-presidente-mercadante-prates-conselho-mm\/"]}]},{"@type":"ImageObject","inLanguage":"pt-BR","@id":"https:\/\/www.suno.com.br\/noticias\/petrobras-petr4-presidente-mercadante-prates-conselho-mm\/#primaryimage","url":"https:\/\/files.sunoresearch.com.br\/n\/uploads\/2024\/03\/iStock-1052665994.jpg","contentUrl":"https:\/\/files.sunoresearch.com.br\/n\/uploads\/2024\/03\/iStock-1052665994.jpg","width":1254,"height":836,"caption":"Petrobras. Foto: iStock"},{"@type":"BreadcrumbList","@id":"https:\/\/www.suno.com.br\/noticias\/petrobras-petr4-presidente-mercadante-prates-conselho-mm\/#breadcrumb","itemListElement":[{"@type":"ListItem","position":1,"name":"Not\u00edcias","item":"https:\/\/www.suno.com.br\/noticias\/"},{"@type":"ListItem","position":2,"name":"Pol\u00edtica","item":"https:\/\/www.suno.com.br\/noticias\/politica\/"},{"@type":"ListItem","position":3,"name":"Petrobras (PETR4): aliados querem manter Prates como CEO e indicar Mercadante para a presid\u00eancia do conselho, diz portal"}]},{"@type":"WebSite","@id":"https:\/\/www.suno.com.br\/noticias\/#website","url":"https:\/\/www.suno.com.br\/noticias\/","name":"Suno Not\u00edcias","description":"Seu portal de informa\u00e7\u00e3o sobre o mundo dos investimentos","publisher":{"@id":"https:\/\/www.suno.com.br\/noticias\/#organization"},"potentialAction":[{"@type":"SearchAction","target":{"@type":"EntryPoint","urlTemplate":"https:\/\/www.suno.com.br\/noticias\/?s={search_term_string}"},"query-input":{"@type":"PropertyValueSpecification","valueRequired":true,"valueName":"search_term_string"}}],"inLanguage":"pt-BR"},{"@type":"Organization","@id":"https:\/\/www.suno.com.br\/noticias\/#organization","name":"Suno Not\u00edcias","url":"https:\/\/www.suno.com.br\/noticias\/","logo":{"@type":"ImageObject","inLanguage":"pt-BR","@id":"https:\/\/www.suno.com.br\/noticias\/#\/schema\/logo\/image\/","url":"https:\/\/files.sunoresearch.com.br\/n\/uploads\/2021\/09\/suno-logo.png","contentUrl":"https:\/\/files.sunoresearch.com.br\/n\/uploads\/2021\/09\/suno-logo.png","width":180,"height":180,"caption":"Suno Not\u00edcias"},"image":{"@id":"https:\/\/www.suno.com.br\/noticias\/#\/schema\/logo\/image\/"},"sameAs":["https:\/\/facebook.com\/sunoresearch","https:\/\/x.com\/sunoresearch","https:\/\/www.instagram.com\/suno","https:\/\/www.linkedin.com\/company\/suno-research\/","https:\/\/www.youtube.com\/c\/sunoresearch"]},{"@type":"Person","@id":"https:\/\/www.suno.com.br\/noticias\/#\/schema\/person\/32d4feb215afe4b317d446bb442400dd","name":"Murilo Melo","image":{"@type":"ImageObject","inLanguage":"pt-BR","@id":"https:\/\/www.suno.com.br\/noticias\/#\/schema\/person\/image\/","url":"https:\/\/secure.gravatar.com\/avatar\/af7a693198b592028493c0e8b0583d4f?s=96&r=g","contentUrl":"https:\/\/secure.gravatar.com\/avatar\/af7a693198b592028493c0e8b0583d4f?s=96&r=g","caption":"Murilo Melo"},"description":"\u00c9 um jornalista e letr\u00f3logo com vasta experi\u00eancia em economia, finan\u00e7as e mercado. J\u00e1 foi rep\u00f3rter de jornais, revistas e sites noticiosos como A Tarde, Correio e Folha de S.Paulo. No Suno Not\u00edcias, escreve sobre neg\u00f3cios","url":"https:\/\/www.suno.com.br\/noticias\/author\/murilomelo-jornalismogmail-com\/"}]}},"default_loop_html":"<div class=\"cardsPage__listCard__boxs\"><div class=\"cardsPage__listCard__boxs__img\"><a href=\"https:\/\/www.suno.com.br\/noticias\/petrobras-petr4-presidente-mercadante-prates-conselho-mm\/\"><img class=\"mask\" src=\"https:\/\/www.suno.com.br\/noticias\/wp-content\/themes\/suno\/resources\/images\/spotlight\/spotlight1img\/bg-mask.png\" alt=\"Image Mask\"\/><img src=\"https:\/\/files.sunoresearch.com.br\/n\/uploads\/2024\/03\/iStock-1052665994-400x200.jpg\" alt=\"Petrobras (PETR4): aliados querem manter Prates como CEO e indicar Mercadante para a presid\u00eancia do conselho, diz portal\"\/><\/a><span class=\"spotlightCategory\"><a href=\"https:\/\/www.suno.com.br\/noticias\/politica\/\">Pol\u00edtica<\/a><\/span><\/div><div class=\"cardsPage__listCard__boxs__content\"><a href=\"https:\/\/www.suno.com.br\/noticias\/petrobras-petr4-presidente-mercadante-prates-conselho-mm\/\"><h2 class=\"content__title\">Petrobras (PETR4): aliados querem manter Prates como CEO e indicar Mercadante para a presid\u00eancia do conselho, diz portal<\/h2><\/a><div class=\"newsContent__article__meta\"><div class=\"newsContent__article__meta__authorBox\"><a href=\"https:\/\/www.suno.com.br\/noticias\/author\/murilomelo-jornalismogmail-com\/\" class=\"authorBox__avatar noMobi\"><img src=\"https:\/\/files.sunoresearch.com.br\/n\/uploads\/2024\/02\/Murilo_Melo_Jornalista-e1708476456132-150x150.jpeg\" alt=\"Murilo Melo\"><\/a><div class=\"authorBox__name\"><span>por\n\t\t\t<a href=\"https:\/\/www.suno.com.br\/noticias\/author\/murilomelo-jornalismogmail-com\/\"><span itemprop=\"author\">Murilo Melo<\/span><\/a><\/span><time datetime=\"2024-04-05T18:50:41-03:00\" itemprop=\"datePublished\">05\/04\/2024 18:50<\/time><\/div><\/div><\/div><\/div><\/div>","single_layout":"posts","amp_enabled":true,"_links":{"self":[{"href":"https:\/\/www.suno.com.br\/noticias\/wp-json\/wp\/v2\/posts\/541325"}],"collection":[{"href":"https:\/\/www.suno.com.br\/noticias\/wp-json\/wp\/v2\/posts"}],"about":[{"href":"https:\/\/www.suno.com.br\/noticias\/wp-json\/wp\/v2\/types\/post"}],"author":[{"embeddable":true,"href":"https:\/\/www.suno.com.br\/noticias\/wp-json\/wp\/v2\/users\/345"}],"replies":[{"embeddable":true,"href":"https:\/\/www.suno.com.br\/noticias\/wp-json\/wp\/v2\/comments?post=541325"}],"version-history":[{"count":2,"href":"https:\/\/www.suno.com.br\/noticias\/wp-json\/wp\/v2\/posts\/541325\/revisions"}],"predecessor-version":[{"id":541365,"href":"https:\/\/www.suno.com.br\/noticias\/wp-json\/wp\/v2\/posts\/541325\/revisions\/541365"}],"wp:featuredmedia":[{"embeddable":true,"href":"https:\/\/www.suno.com.br\/noticias\/wp-json\/wp\/v2\/media\/531789"}],"wp:attachment":[{"href":"https:\/\/www.suno.com.br\/noticias\/wp-json\/wp\/v2\/media?parent=541325"}],"wp:term":[{"taxonomy":"category","embeddable":true,"href":"https:\/\/www.suno.com.br\/noticias\/wp-json\/wp\/v2\/categories?post=541325"},{"taxonomy":"post_tag","embeddable":true,"href":"https:\/\/www.suno.com.br\/noticias\/wp-json\/wp\/v2\/tags?post=541325"},{"taxonomy":"suno_strategy","embeddable":true,"href":"https:\/\/www.suno.com.br\/noticias\/wp-json\/wp\/v2\/suno_strategy?post=541325"}],"curies":[{"name":"wp","href":"https:\/\/api.w.org\/{rel}","templated":true}]}}