{"id":54127,"date":"2020-02-26T13:18:02","date_gmt":"2020-02-26T16:18:02","guid":{"rendered":"https:\/\/www.suno.com.br\/noticias\/?p=54127"},"modified":"2020-02-26T13:18:02","modified_gmt":"2020-02-26T16:18:02","slug":"apos-feriado-de-carnaval-dolar-abre-em-alta-com-coronavirus-no-radar","status":"publish","type":"post","link":"https:\/\/www.suno.com.br\/noticias\/apos-feriado-de-carnaval-dolar-abre-em-alta-com-coronavirus-no-radar\/","title":{"rendered":"Ap\u00f3s feriado de carnaval, d\u00f3lar abre em alta com coronav\u00edrus no radar"},"content":{"rendered":"<p>Ap\u00f3s feriado de carnaval o <strong>d\u00f3lar<\/strong> abre em alta nesta quarta-feira (26) com o <strong>coronav\u00edrus<\/strong> e seus efeitos no <strong>mercado nacional<\/strong> e <strong>internacional<\/strong> no radar.<\/p>\t<div class=\"wrapper-featured-image\">\n\t\t<figure class=\"spotlightImg\">\n\n\t\t\t<picture>\n\t\t\t\t<source media=\"(max-width: 768px)\" srcset=\"https:\/\/files.sunoresearch.com.br\/n\/uploads\/2018\/12\/e7841ec7-d\u00f3lar-400x200.webp\">\n\t\t\t\t<img loading=\"lazy\" decoding=\"async\" class=\"newsContent__article__imgCapa lazyloadDisabled newsContent__article__imgCapa--noCaption\" src=\"https:\/\/files.sunoresearch.com.br\/n\/uploads\/2018\/12\/e7841ec7-d\u00f3lar-800x450.webp\" width=\"800\" height=\"450\" alt=\"Ap\u00f3s feriado de carnaval, d\u00f3lar abre em alta com coronav\u00edrus no radar\" fetchpriority=high \/>\n\t\t\t<\/picture>\n\n\t\t\t<figcaption class=\"wp-caption-text wp-caption-text--hide\">Ap\u00f3s feriado de carnaval, d\u00f3lar abre em alta com coronav\u00edrus no radar<\/figcaption>\n\t\t<\/figure>\n\t<\/div>\n\n\n\n<p>Por volta das 13h15, o d\u00f3lar variava positivamente a 0,405%, negociado a R$ 4,40. Tanto o mercado nacional quanto o internacional est\u00e3o atentos aos novos casos do novo v\u00edrus Covid-19 fora da China.<\/p>\n<p>Assuntos para ficar atento: o Minist\u00e9rio da Sa\u00fade confirma o primeiro caso de coronav\u00edrus no Brasil, n\u00famero de mortes pelo v\u00edrus fora do pa\u00eds asi\u00e1tico aumenta e bolsas internacionais registram perdas.<\/p>\n<h2>Mercado internacional<\/h2>\n<p>No cen\u00e1rio internacional a preocupa\u00e7\u00e3o com o novo coronav\u00edrus (Covid-19) faz o mercado registrar quedas. As bolsas de valores da Europa e de Nova York acumulam perdas expressivas por dois preg\u00f5es consecutivos.<\/p>\n<p><a href=\"\/\/www.suno.com.br\/noticias\/agenda-do-dia-coronavirus-amazon-disney-hp-sompo\/\">Veja Tamb\u00e9m: Agenda do Dia: Coronav\u00edrus; Amazon; Disney; HP; Sompo Seguros<\/a><\/p>\n<p>O \u00edndice Dow Jones perdeu 1.900 pontos em dois dias e os c\u00e1lculos indicam US$ 1,7 trilh\u00e3o (R$ 7,47 trilh\u00f5es) em valores de a\u00e7\u00e3o.<\/p>\n<p>Na Europa, nesta quarta, os indicadores da Alemanha, Reino Unido e Fran\u00e7a, apresentam queda de 1,28%, 0,63%, 0,89%, respectivamente.<\/p>\n<h2>Coronav\u00edrus no Brasil<\/h2>\n<p>O Brasil confirmou o primeiro caso de coronav\u00edrus nesta quarta (26). O caso havia sido registrado na \u00faltima ter\u00e7a-feira (25), por\u00e9m ainda necessitava uma contraprova. Com a confirma\u00e7\u00e3o, o Brasil passou a ser o primeiro pa\u00eds da Am\u00e9rica Latina a ter um caso confirmado do v\u00edrus que j\u00e1 fez 2.708 v\u00edtimas fatais.<\/p>\n<h2>Coronav\u00edrus no mundo<\/h2>\n<p>O governo chin\u00eas confirmou, nesta quarta-feira (26), mais 52 casos de morte ocasionadas pelo coronav\u00edrus. Dessa forma, apenas na China, j\u00e1 foram registrados 2,71 mil mortos.<\/p>\n<p>De acordo com as autoridades, todas as novas mortes confirmadas foram registradas na prov\u00edncia de Hubei, epicentro da epidemia. Al\u00e9m disso, foram confirmados 406 novos casos de coronav\u00edrus, elevando para mais de 78 mil infectados totais.<\/p>\n\t<p>\n\t\t<a href=\"https:\/\/www.suno.com.br\/asset\/fundos\/suno-acoes-xp-seg-prev\/\" target=\"_blank\" data-element=\"shortcode-suno-banner\" title=\"Banner SUNO, clique e saiba mais\">\n\t\t\t<picture>\n\t\t\t\t<source media=\"(max-width: 500px)\" srcset=\"https:\/\/files.sunoresearch.com.br\/n\/uploads\/2023\/10\/SUNOPREV-v2-400x300-Mobile-Artigos-3.png\">\n\t\t\t\t<img class=\"newsContent__article__imgCapa newsContent__article__imgCapa--banner\"\n\t\t\t\t\tsrc=\"https:\/\/files.sunoresearch.com.br\/n\/uploads\/2023\/10\/SUNOPREV-v2-1420x240-Banner-Artigos-1-_-Banner-Materias-1.png\"\n\t\t\t\t\tdata-promo-id=\"476311\"\t\t\t\t\t\t\t\t\t\twidth='1420' height='240'\t\t\t\t\talt=\"https:\/\/files.sunoresearch.com.br\/n\/uploads\/2023\/10\/SUNOPREV-v2-1420x240-Banner-Artigos-1-_-Banner-Materias-1.png\"\n\t\t\t\t>\n\t\t\t<\/picture>\n\t\t<\/a>\n\t<\/p>\n\n\n<p>Embora as autoridades chinesas tenham colocado em pr\u00e1tica medidas de conten\u00e7\u00e3o ao coronav\u00edrus, a epidemia chegou a outros pa\u00edses nos \u00faltimos dias.<\/p>\n<p>Na manh\u00e3 desta quarta-feira, o governo do Jap\u00e3o confirmou que o n\u00famero de casos confirmados da doen\u00e7a \u00e9 de 862. Desses, 157 eram pessoas contagiadas dentro do pa\u00eds ou turistas vindo da China e de outras regi\u00f5es. J\u00e1 o governo da Coreia do Sul anunciou que mais 169 pessoas foram infectadas, subindo para 1,14 mil casos confirmados.<\/p>\n<h2>\u00daltima cota\u00e7\u00e3o do d\u00f3lar<\/h2>\n<p>Na \u00faltima sess\u00e3o, sexta-feira (21), o <a href=\"https:\/\/www.youtube.com\/watch?v=YLVbWKnRr6Q\"><strong>d\u00f3lar<\/strong> <\/a>encerrou o preg\u00e3o em alta de 0,04%, cotado em R$ 4,393.<\/p>\n\n","protected":false},"excerpt":{"rendered":"<p>Ap\u00f3s feriado de carnaval o d\u00f3lar abre em alta nesta quarta-feira (26) com o coronav\u00edrus e seus efeitos no mercado nacional e internacional no radar. Ap\u00f3s feriado de carnaval, d\u00f3lar abre em alta com coronav\u00edrus no radar Por volta das 13h15, o d\u00f3lar variava positivamente a 0,405%, negociado a R$ 4,40. Tanto o mercado nacional [&hellip;]<\/p>\n","protected":false},"author":15,"featured_media":7820,"comment_status":"closed","ping_status":"closed","sticky":false,"template":"","format":"standard","meta":[],"categories":[60],"tags":[2487,326],"suno_strategy":[],"class_list":["post-54127","post","type-post","status-publish","format-standard","has-post-thumbnail","hentry","category-mercado","tag-coronavirus","tag-dolar"],"yoast_head":"<!-- This site is optimized with the Yoast SEO plugin v24.4 - https:\/\/yoast.com\/wordpress\/plugins\/seo\/ -->\n<title>Ap\u00f3s feriado de carnaval, d\u00f3lar abre em alta com coronav\u00edrus no radar<\/title>\n<meta name=\"description\" content=\"Por volta das 12h20, nesta quinta-feira (25) o d\u00f3lar variava positivamente a 0,405%, negociado a R$ 4,40. Para saber mais clique aqui.\" \/>\n<meta name=\"robots\" content=\"index, follow, max-snippet:-1, max-image-preview:large, max-video-preview:-1\" \/>\n<link rel=\"canonical\" href=\"https:\/\/www.suno.com.br\/noticias\/apos-feriado-de-carnaval-dolar-abre-em-alta-com-coronavirus-no-radar\/\" \/>\n<meta property=\"og:locale\" content=\"pt_BR\" \/>\n<meta property=\"og:type\" content=\"article\" \/>\n<meta property=\"og:title\" content=\"Ap\u00f3s feriado de carnaval, d\u00f3lar abre em alta com coronav\u00edrus no radar\" \/>\n<meta property=\"og:description\" content=\"Por volta das 12h20, nesta quinta-feira (25) o d\u00f3lar variava positivamente a 0,405%, negociado a R$ 4,40. Para saber mais clique aqui.\" \/>\n<meta property=\"og:url\" content=\"https:\/\/www.suno.com.br\/noticias\/apos-feriado-de-carnaval-dolar-abre-em-alta-com-coronavirus-no-radar\/\" \/>\n<meta property=\"og:site_name\" content=\"Suno Not\u00edcias\" \/>\n<meta property=\"article:publisher\" content=\"https:\/\/facebook.com\/sunoresearch\" \/>\n<meta property=\"og:image\" content=\"https:\/\/files.sunoresearch.com.br\/n\/uploads\/2018\/12\/e7841ec7-d\u00f3lar.jpg\" \/>\n\t<meta property=\"og:image:width\" content=\"960\" \/>\n\t<meta property=\"og:image:height\" content=\"640\" \/>\n\t<meta property=\"og:image:type\" content=\"image\/jpeg\" \/>\n<meta name=\"author\" content=\"Poliana Santos\" \/>\n<meta name=\"twitter:card\" content=\"summary_large_image\" \/>\n<meta name=\"twitter:creator\" content=\"@sunoresearch\" \/>\n<meta name=\"twitter:site\" content=\"@sunoresearch\" \/>\n<meta name=\"twitter:label1\" content=\"Escrito por\" \/>\n\t<meta name=\"twitter:data1\" content=\"Poliana Santos\" \/>\n\t<meta name=\"twitter:label2\" content=\"Est. tempo de leitura\" \/>\n\t<meta name=\"twitter:data2\" content=\"2 minutos\" \/>\n<script type=\"application\/ld+json\" class=\"yoast-schema-graph\">{\"@context\":\"https:\/\/schema.org\",\"@graph\":[{\"@type\":\"NewsArticle\",\"@id\":\"https:\/\/www.suno.com.br\/noticias\/apos-feriado-de-carnaval-dolar-abre-em-alta-com-coronavirus-no-radar\/#article\",\"isPartOf\":{\"@id\":\"https:\/\/www.suno.com.br\/noticias\/apos-feriado-de-carnaval-dolar-abre-em-alta-com-coronavirus-no-radar\/\"},\"author\":{\"name\":\"Poliana Santos\",\"@id\":\"https:\/\/www.suno.com.br\/noticias\/#\/schema\/person\/02ec1f752758247878a2bf4abee1aeda\"},\"headline\":\"Ap\u00f3s feriado de carnaval, d\u00f3lar abre em alta com coronav\u00edrus no radar\",\"datePublished\":\"2020-02-26T16:18:02+00:00\",\"mainEntityOfPage\":{\"@id\":\"https:\/\/www.suno.com.br\/noticias\/apos-feriado-de-carnaval-dolar-abre-em-alta-com-coronavirus-no-radar\/\"},\"wordCount\":452,\"publisher\":{\"@id\":\"https:\/\/www.suno.com.br\/noticias\/#organization\"},\"image\":{\"@id\":\"https:\/\/www.suno.com.br\/noticias\/apos-feriado-de-carnaval-dolar-abre-em-alta-com-coronavirus-no-radar\/#primaryimage\"},\"thumbnailUrl\":\"https:\/\/files.sunoresearch.com.br\/n\/uploads\/2018\/12\/e7841ec7-d\u00f3lar-jpg.webp\",\"keywords\":[\"coronav\u00edrus\",\"d\u00f3lar\"],\"articleSection\":[\"Mercado\"],\"inLanguage\":\"pt-BR\"},{\"@type\":\"WebPage\",\"@id\":\"https:\/\/www.suno.com.br\/noticias\/apos-feriado-de-carnaval-dolar-abre-em-alta-com-coronavirus-no-radar\/\",\"url\":\"https:\/\/www.suno.com.br\/noticias\/apos-feriado-de-carnaval-dolar-abre-em-alta-com-coronavirus-no-radar\/\",\"name\":\"Ap\u00f3s feriado de carnaval, d\u00f3lar abre em alta com coronav\u00edrus no radar\",\"isPartOf\":{\"@id\":\"https:\/\/www.suno.com.br\/noticias\/#website\"},\"primaryImageOfPage\":{\"@id\":\"https:\/\/www.suno.com.br\/noticias\/apos-feriado-de-carnaval-dolar-abre-em-alta-com-coronavirus-no-radar\/#primaryimage\"},\"image\":{\"@id\":\"https:\/\/www.suno.com.br\/noticias\/apos-feriado-de-carnaval-dolar-abre-em-alta-com-coronavirus-no-radar\/#primaryimage\"},\"thumbnailUrl\":\"https:\/\/files.sunoresearch.com.br\/n\/uploads\/2018\/12\/e7841ec7-d\u00f3lar-jpg.webp\",\"datePublished\":\"2020-02-26T16:18:02+00:00\",\"description\":\"Por volta das 12h20, nesta quinta-feira (25) o d\u00f3lar variava positivamente a 0,405%, negociado a R$ 4,40. Para saber mais clique aqui.\",\"breadcrumb\":{\"@id\":\"https:\/\/www.suno.com.br\/noticias\/apos-feriado-de-carnaval-dolar-abre-em-alta-com-coronavirus-no-radar\/#breadcrumb\"},\"inLanguage\":\"pt-BR\",\"potentialAction\":[{\"@type\":\"ReadAction\",\"target\":[\"https:\/\/www.suno.com.br\/noticias\/apos-feriado-de-carnaval-dolar-abre-em-alta-com-coronavirus-no-radar\/\"]}]},{\"@type\":\"ImageObject\",\"inLanguage\":\"pt-BR\",\"@id\":\"https:\/\/www.suno.com.br\/noticias\/apos-feriado-de-carnaval-dolar-abre-em-alta-com-coronavirus-no-radar\/#primaryimage\",\"url\":\"https:\/\/files.sunoresearch.com.br\/n\/uploads\/2018\/12\/e7841ec7-d\u00f3lar-jpg.webp\",\"contentUrl\":\"https:\/\/files.sunoresearch.com.br\/n\/uploads\/2018\/12\/e7841ec7-d\u00f3lar-jpg.webp\",\"width\":960,\"height\":640,\"caption\":\"Ap\u00f3s feriado de carnaval, d\u00f3lar abre em alta com coronav\u00edrus no radar\"},{\"@type\":\"BreadcrumbList\",\"@id\":\"https:\/\/www.suno.com.br\/noticias\/apos-feriado-de-carnaval-dolar-abre-em-alta-com-coronavirus-no-radar\/#breadcrumb\",\"itemListElement\":[{\"@type\":\"ListItem\",\"position\":1,\"name\":\"Not\u00edcias\",\"item\":\"https:\/\/www.suno.com.br\/noticias\/\"},{\"@type\":\"ListItem\",\"position\":2,\"name\":\"Mercado\",\"item\":\"https:\/\/www.suno.com.br\/noticias\/mercado\/\"},{\"@type\":\"ListItem\",\"position\":3,\"name\":\"Ap\u00f3s feriado de carnaval, d\u00f3lar abre em alta com coronav\u00edrus no radar\"}]},{\"@type\":\"WebSite\",\"@id\":\"https:\/\/www.suno.com.br\/noticias\/#website\",\"url\":\"https:\/\/www.suno.com.br\/noticias\/\",\"name\":\"Suno Not\u00edcias\",\"description\":\"Seu portal de informa\u00e7\u00e3o sobre o mundo dos investimentos\",\"publisher\":{\"@id\":\"https:\/\/www.suno.com.br\/noticias\/#organization\"},\"potentialAction\":[{\"@type\":\"SearchAction\",\"target\":{\"@type\":\"EntryPoint\",\"urlTemplate\":\"https:\/\/www.suno.com.br\/noticias\/?s={search_term_string}\"},\"query-input\":{\"@type\":\"PropertyValueSpecification\",\"valueRequired\":true,\"valueName\":\"search_term_string\"}}],\"inLanguage\":\"pt-BR\"},{\"@type\":\"Organization\",\"@id\":\"https:\/\/www.suno.com.br\/noticias\/#organization\",\"name\":\"Suno Not\u00edcias\",\"url\":\"https:\/\/www.suno.com.br\/noticias\/\",\"logo\":{\"@type\":\"ImageObject\",\"inLanguage\":\"pt-BR\",\"@id\":\"https:\/\/www.suno.com.br\/noticias\/#\/schema\/logo\/image\/\",\"url\":\"https:\/\/files.sunoresearch.com.br\/n\/uploads\/2021\/09\/suno-logo.png\",\"contentUrl\":\"https:\/\/files.sunoresearch.com.br\/n\/uploads\/2021\/09\/suno-logo.png\",\"width\":180,\"height\":180,\"caption\":\"Suno Not\u00edcias\"},\"image\":{\"@id\":\"https:\/\/www.suno.com.br\/noticias\/#\/schema\/logo\/image\/\"},\"sameAs\":[\"https:\/\/facebook.com\/sunoresearch\",\"https:\/\/x.com\/sunoresearch\",\"https:\/\/www.instagram.com\/suno\",\"https:\/\/www.linkedin.com\/company\/suno-research\/\",\"https:\/\/www.youtube.com\/c\/sunoresearch\"]},{\"@type\":\"Person\",\"@id\":\"https:\/\/www.suno.com.br\/noticias\/#\/schema\/person\/02ec1f752758247878a2bf4abee1aeda\",\"name\":\"Poliana Santos\",\"image\":{\"@type\":\"ImageObject\",\"inLanguage\":\"pt-BR\",\"@id\":\"https:\/\/www.suno.com.br\/noticias\/#\/schema\/person\/image\/\",\"url\":\"https:\/\/secure.gravatar.com\/avatar\/0645bd32f23d87b2130f2b2dff1d3f8d?s=96&r=g\",\"contentUrl\":\"https:\/\/secure.gravatar.com\/avatar\/0645bd32f23d87b2130f2b2dff1d3f8d?s=96&r=g\",\"caption\":\"Poliana Santos\"},\"description\":\"Rep\u00f3rter no Suno Not\u00edcias, com cobertura em mercado financeiro, economia, finan\u00e7as pessoais, renda fixa e varejo. Jornalista formada pela Faculdade C\u00e1sper L\u00edbero e possui passagem na R\u00e1dio Gazeta AM com a produ\u00e7\u00e3o de conte\u00fado sobre economia, pol\u00edtica, sa\u00fade, moda e m\u00fasica. Possui certificado de conclus\u00e3o do curso de An\u00e1lise de Balan\u00e7os pela Funda\u00e7\u00e3o Bradesco, Agenda Brasil pela FAAP, Educa\u00e7\u00e3o Pol\u00edtica por Alexandre Garcia e do Tesouro Direto e Mercado de A\u00e7\u00f5es pela B3.\",\"url\":\"https:\/\/www.suno.com.br\/noticias\/author\/poliana-santos\/\"}]}<\/script>\n<!-- \/ Yoast SEO plugin. -->","yoast_head_json":{"title":"Ap\u00f3s feriado de carnaval, d\u00f3lar abre em alta com coronav\u00edrus no radar","description":"Por volta das 12h20, nesta quinta-feira (25) o d\u00f3lar variava positivamente a 0,405%, negociado a R$ 4,40. Para saber mais clique aqui.","robots":{"index":"index","follow":"follow","max-snippet":"max-snippet:-1","max-image-preview":"max-image-preview:large","max-video-preview":"max-video-preview:-1"},"canonical":"https:\/\/www.suno.com.br\/noticias\/apos-feriado-de-carnaval-dolar-abre-em-alta-com-coronavirus-no-radar\/","og_locale":"pt_BR","og_type":"article","og_title":"Ap\u00f3s feriado de carnaval, d\u00f3lar abre em alta com coronav\u00edrus no radar","og_description":"Por volta das 12h20, nesta quinta-feira (25) o d\u00f3lar variava positivamente a 0,405%, negociado a R$ 4,40. Para saber mais clique aqui.","og_url":"https:\/\/www.suno.com.br\/noticias\/apos-feriado-de-carnaval-dolar-abre-em-alta-com-coronavirus-no-radar\/","og_site_name":"Suno Not\u00edcias","article_publisher":"https:\/\/facebook.com\/sunoresearch","og_image":[{"width":960,"height":640,"url":"https:\/\/files.sunoresearch.com.br\/n\/uploads\/2018\/12\/e7841ec7-d\u00f3lar.jpg","type":"image\/jpeg"}],"author":"Poliana Santos","twitter_card":"summary_large_image","twitter_creator":"@sunoresearch","twitter_site":"@sunoresearch","twitter_misc":{"Escrito por":"Poliana Santos","Est. tempo de leitura":"2 minutos"},"schema":{"@context":"https:\/\/schema.org","@graph":[{"@type":"NewsArticle","@id":"https:\/\/www.suno.com.br\/noticias\/apos-feriado-de-carnaval-dolar-abre-em-alta-com-coronavirus-no-radar\/#article","isPartOf":{"@id":"https:\/\/www.suno.com.br\/noticias\/apos-feriado-de-carnaval-dolar-abre-em-alta-com-coronavirus-no-radar\/"},"author":{"name":"Poliana Santos","@id":"https:\/\/www.suno.com.br\/noticias\/#\/schema\/person\/02ec1f752758247878a2bf4abee1aeda"},"headline":"Ap\u00f3s feriado de carnaval, d\u00f3lar abre em alta com coronav\u00edrus no radar","datePublished":"2020-02-26T16:18:02+00:00","mainEntityOfPage":{"@id":"https:\/\/www.suno.com.br\/noticias\/apos-feriado-de-carnaval-dolar-abre-em-alta-com-coronavirus-no-radar\/"},"wordCount":452,"publisher":{"@id":"https:\/\/www.suno.com.br\/noticias\/#organization"},"image":{"@id":"https:\/\/www.suno.com.br\/noticias\/apos-feriado-de-carnaval-dolar-abre-em-alta-com-coronavirus-no-radar\/#primaryimage"},"thumbnailUrl":"https:\/\/files.sunoresearch.com.br\/n\/uploads\/2018\/12\/e7841ec7-d\u00f3lar-jpg.webp","keywords":["coronav\u00edrus","d\u00f3lar"],"articleSection":["Mercado"],"inLanguage":"pt-BR"},{"@type":"WebPage","@id":"https:\/\/www.suno.com.br\/noticias\/apos-feriado-de-carnaval-dolar-abre-em-alta-com-coronavirus-no-radar\/","url":"https:\/\/www.suno.com.br\/noticias\/apos-feriado-de-carnaval-dolar-abre-em-alta-com-coronavirus-no-radar\/","name":"Ap\u00f3s feriado de carnaval, d\u00f3lar abre em alta com coronav\u00edrus no radar","isPartOf":{"@id":"https:\/\/www.suno.com.br\/noticias\/#website"},"primaryImageOfPage":{"@id":"https:\/\/www.suno.com.br\/noticias\/apos-feriado-de-carnaval-dolar-abre-em-alta-com-coronavirus-no-radar\/#primaryimage"},"image":{"@id":"https:\/\/www.suno.com.br\/noticias\/apos-feriado-de-carnaval-dolar-abre-em-alta-com-coronavirus-no-radar\/#primaryimage"},"thumbnailUrl":"https:\/\/files.sunoresearch.com.br\/n\/uploads\/2018\/12\/e7841ec7-d\u00f3lar-jpg.webp","datePublished":"2020-02-26T16:18:02+00:00","description":"Por volta das 12h20, nesta quinta-feira (25) o d\u00f3lar variava positivamente a 0,405%, negociado a R$ 4,40. Para saber mais clique aqui.","breadcrumb":{"@id":"https:\/\/www.suno.com.br\/noticias\/apos-feriado-de-carnaval-dolar-abre-em-alta-com-coronavirus-no-radar\/#breadcrumb"},"inLanguage":"pt-BR","potentialAction":[{"@type":"ReadAction","target":["https:\/\/www.suno.com.br\/noticias\/apos-feriado-de-carnaval-dolar-abre-em-alta-com-coronavirus-no-radar\/"]}]},{"@type":"ImageObject","inLanguage":"pt-BR","@id":"https:\/\/www.suno.com.br\/noticias\/apos-feriado-de-carnaval-dolar-abre-em-alta-com-coronavirus-no-radar\/#primaryimage","url":"https:\/\/files.sunoresearch.com.br\/n\/uploads\/2018\/12\/e7841ec7-d\u00f3lar-jpg.webp","contentUrl":"https:\/\/files.sunoresearch.com.br\/n\/uploads\/2018\/12\/e7841ec7-d\u00f3lar-jpg.webp","width":960,"height":640,"caption":"Ap\u00f3s feriado de carnaval, d\u00f3lar abre em alta com coronav\u00edrus no radar"},{"@type":"BreadcrumbList","@id":"https:\/\/www.suno.com.br\/noticias\/apos-feriado-de-carnaval-dolar-abre-em-alta-com-coronavirus-no-radar\/#breadcrumb","itemListElement":[{"@type":"ListItem","position":1,"name":"Not\u00edcias","item":"https:\/\/www.suno.com.br\/noticias\/"},{"@type":"ListItem","position":2,"name":"Mercado","item":"https:\/\/www.suno.com.br\/noticias\/mercado\/"},{"@type":"ListItem","position":3,"name":"Ap\u00f3s feriado de carnaval, d\u00f3lar abre em alta com coronav\u00edrus no radar"}]},{"@type":"WebSite","@id":"https:\/\/www.suno.com.br\/noticias\/#website","url":"https:\/\/www.suno.com.br\/noticias\/","name":"Suno Not\u00edcias","description":"Seu portal de informa\u00e7\u00e3o sobre o mundo dos investimentos","publisher":{"@id":"https:\/\/www.suno.com.br\/noticias\/#organization"},"potentialAction":[{"@type":"SearchAction","target":{"@type":"EntryPoint","urlTemplate":"https:\/\/www.suno.com.br\/noticias\/?s={search_term_string}"},"query-input":{"@type":"PropertyValueSpecification","valueRequired":true,"valueName":"search_term_string"}}],"inLanguage":"pt-BR"},{"@type":"Organization","@id":"https:\/\/www.suno.com.br\/noticias\/#organization","name":"Suno Not\u00edcias","url":"https:\/\/www.suno.com.br\/noticias\/","logo":{"@type":"ImageObject","inLanguage":"pt-BR","@id":"https:\/\/www.suno.com.br\/noticias\/#\/schema\/logo\/image\/","url":"https:\/\/files.sunoresearch.com.br\/n\/uploads\/2021\/09\/suno-logo.png","contentUrl":"https:\/\/files.sunoresearch.com.br\/n\/uploads\/2021\/09\/suno-logo.png","width":180,"height":180,"caption":"Suno Not\u00edcias"},"image":{"@id":"https:\/\/www.suno.com.br\/noticias\/#\/schema\/logo\/image\/"},"sameAs":["https:\/\/facebook.com\/sunoresearch","https:\/\/x.com\/sunoresearch","https:\/\/www.instagram.com\/suno","https:\/\/www.linkedin.com\/company\/suno-research\/","https:\/\/www.youtube.com\/c\/sunoresearch"]},{"@type":"Person","@id":"https:\/\/www.suno.com.br\/noticias\/#\/schema\/person\/02ec1f752758247878a2bf4abee1aeda","name":"Poliana Santos","image":{"@type":"ImageObject","inLanguage":"pt-BR","@id":"https:\/\/www.suno.com.br\/noticias\/#\/schema\/person\/image\/","url":"https:\/\/secure.gravatar.com\/avatar\/0645bd32f23d87b2130f2b2dff1d3f8d?s=96&r=g","contentUrl":"https:\/\/secure.gravatar.com\/avatar\/0645bd32f23d87b2130f2b2dff1d3f8d?s=96&r=g","caption":"Poliana Santos"},"description":"Rep\u00f3rter no Suno Not\u00edcias, com cobertura em mercado financeiro, economia, finan\u00e7as pessoais, renda fixa e varejo. Jornalista formada pela Faculdade C\u00e1sper L\u00edbero e possui passagem na R\u00e1dio Gazeta AM com a produ\u00e7\u00e3o de conte\u00fado sobre economia, pol\u00edtica, sa\u00fade, moda e m\u00fasica. Possui certificado de conclus\u00e3o do curso de An\u00e1lise de Balan\u00e7os pela Funda\u00e7\u00e3o Bradesco, Agenda Brasil pela FAAP, Educa\u00e7\u00e3o Pol\u00edtica por Alexandre Garcia e do Tesouro Direto e Mercado de A\u00e7\u00f5es pela B3.","url":"https:\/\/www.suno.com.br\/noticias\/author\/poliana-santos\/"}]}},"default_loop_html":"<div class=\"cardsPage__listCard__boxs\"><div class=\"cardsPage__listCard__boxs__img\"><a href=\"https:\/\/www.suno.com.br\/noticias\/apos-feriado-de-carnaval-dolar-abre-em-alta-com-coronavirus-no-radar\/\"><img class=\"mask\" src=\"https:\/\/www.suno.com.br\/noticias\/wp-content\/themes\/suno\/resources\/images\/spotlight\/spotlight1img\/bg-mask.png\" alt=\"Image Mask\"\/><img src=\"https:\/\/files.sunoresearch.com.br\/n\/uploads\/2018\/12\/e7841ec7-d\u00f3lar-400x200.webp\" alt=\"Ap\u00f3s feriado de carnaval, d\u00f3lar abre em alta com coronav\u00edrus no radar\"\/><\/a><span class=\"spotlightCategory\"><a href=\"https:\/\/www.suno.com.br\/noticias\/mercado\/\">Mercado<\/a><\/span><\/div><div class=\"cardsPage__listCard__boxs__content\"><a href=\"https:\/\/www.suno.com.br\/noticias\/apos-feriado-de-carnaval-dolar-abre-em-alta-com-coronavirus-no-radar\/\"><h2 class=\"content__title\">Ap\u00f3s feriado de carnaval, d\u00f3lar abre em alta com coronav\u00edrus no radar<\/h2><\/a><div class=\"newsContent__article__meta\"><div class=\"newsContent__article__meta__authorBox\"><a href=\"https:\/\/www.suno.com.br\/noticias\/author\/poliana-santos\/\" class=\"authorBox__avatar noMobi\"><img src=\"https:\/\/files.sunoresearch.com.br\/n\/uploads\/2020\/08\/7ef34026-whatsapp-image-2020-08-03-at-12.37.57-150x150.webp\" alt=\"Poliana Santos\"><\/a><div class=\"authorBox__name\"><span>por\n\t\t\t<a href=\"https:\/\/www.suno.com.br\/noticias\/author\/poliana-santos\/\"><span itemprop=\"author\">Poliana Santos<\/span><\/a><\/span><time datetime=\"2020-02-26T13:18:02-03:00\" itemprop=\"datePublished\">26\/02\/2020 13:18<\/time><\/div><\/div><\/div><\/div><\/div>","single_layout":"posts","amp_enabled":true,"_links":{"self":[{"href":"https:\/\/www.suno.com.br\/noticias\/wp-json\/wp\/v2\/posts\/54127"}],"collection":[{"href":"https:\/\/www.suno.com.br\/noticias\/wp-json\/wp\/v2\/posts"}],"about":[{"href":"https:\/\/www.suno.com.br\/noticias\/wp-json\/wp\/v2\/types\/post"}],"author":[{"embeddable":true,"href":"https:\/\/www.suno.com.br\/noticias\/wp-json\/wp\/v2\/users\/15"}],"replies":[{"embeddable":true,"href":"https:\/\/www.suno.com.br\/noticias\/wp-json\/wp\/v2\/comments?post=54127"}],"version-history":[{"count":0,"href":"https:\/\/www.suno.com.br\/noticias\/wp-json\/wp\/v2\/posts\/54127\/revisions"}],"wp:featuredmedia":[{"embeddable":true,"href":"https:\/\/www.suno.com.br\/noticias\/wp-json\/wp\/v2\/media\/7820"}],"wp:attachment":[{"href":"https:\/\/www.suno.com.br\/noticias\/wp-json\/wp\/v2\/media?parent=54127"}],"wp:term":[{"taxonomy":"category","embeddable":true,"href":"https:\/\/www.suno.com.br\/noticias\/wp-json\/wp\/v2\/categories?post=54127"},{"taxonomy":"post_tag","embeddable":true,"href":"https:\/\/www.suno.com.br\/noticias\/wp-json\/wp\/v2\/tags?post=54127"},{"taxonomy":"suno_strategy","embeddable":true,"href":"https:\/\/www.suno.com.br\/noticias\/wp-json\/wp\/v2\/suno_strategy?post=54127"}],"curies":[{"name":"wp","href":"https:\/\/api.w.org\/{rel}","templated":true}]}}