{"id":54126,"date":"2020-02-26T13:31:46","date_gmt":"2020-02-26T16:31:46","guid":{"rendered":"https:\/\/www.suno.com.br\/noticias\/?p=54126"},"modified":"2020-02-26T13:33:45","modified_gmt":"2020-02-26T16:33:45","slug":"carnaval-foi-noticia-feriado","status":"publish","type":"post","link":"https:\/\/www.suno.com.br\/noticias\/carnaval-foi-noticia-feriado\/","title":{"rendered":"Carnaval: Veja o que foi not\u00edcia enquanto voc\u00ea curtia o feriado"},"content":{"rendered":"<p>Enquanto voc\u00ea se desligou das not\u00edcias para curtir o feriado de <strong>carnaval<\/strong>, novas informa\u00e7\u00f5es agitaram o mercado e a economia. Para deixar voc\u00ea por dentro de tudo, o <strong>Suno<\/strong> <strong>Not\u00edcias<\/strong> preparou um resumo com as principais dos \u00faltimos 5 dias.<\/p>\t<div class=\"wrapper-featured-image\">\n\t\t<figure class=\"spotlightImg\">\n\n\t\t\t<picture>\n\t\t\t\t<source media=\"(max-width: 768px)\" srcset=\"https:\/\/files.sunoresearch.com.br\/n\/uploads\/2018\/09\/fa20779a-ibovespa-dolar-400x200.webp\">\n\t\t\t\t<img loading=\"lazy\" decoding=\"async\" class=\"newsContent__article__imgCapa lazyloadDisabled newsContent__article__imgCapa--noCaption\" src=\"https:\/\/files.sunoresearch.com.br\/n\/uploads\/2018\/09\/fa20779a-ibovespa-dolar-800x450.webp\" width=\"800\" height=\"450\" alt=\"Carnaval: Veja o que foi not\u00edcia enquanto voc\u00ea curtia o feriado\" fetchpriority=high \/>\n\t\t\t<\/picture>\n\n\t\t\t<figcaption class=\"wp-caption-text wp-caption-text--hide\">infla\u00e7\u00e3o na Am\u00e9rica Latina deve bater as metas apenas em 2024<\/figcaption>\n\t\t<\/figure>\n\t<\/div>\n\n\n\n<p>Come\u00e7ando pelo <strong>Covid-19<\/strong>, o novo <strong>coronav\u00edrus<\/strong>, que fez novas v\u00edtimas ao redor do mundo e chegou na \u00faltima ter\u00e7a-feira (25) a Am\u00e9rica Latina, mais especificamente no Brasil. A primeira v\u00edtima do Pa\u00eds \u00e9 um idoso de 61 anos, que mora em S\u00e3o Paulo, capital, e voltou da It\u00e1lia na \u00faltima semana.<\/p>\n<p>Na Fran\u00e7a, um franc\u00eas morreu na madrugada desta quarta-feira (26), em Paris, v\u00edtima do coronav\u00edrus. O homem tinha 60 anos. O vice-ministro da Sa\u00fade, J\u00e9rome Salomon, disse que a v\u00edtima foi submetida com urg\u00eancia aos exames no hospital Piti\u00e9-Salp\u00eatri\u00e8re em estado grav\u00edssimo e faleceu durante a noite.<\/p>\n<p>Na manh\u00e3 desta quarta, o governo do <strong>Jap\u00e3o<\/strong> confirmou que o n\u00famero de casos confirmados da doen\u00e7a \u00e9 de 862. Do total, 157 eram pessoas contagiadas dentro do pa\u00eds ou turistas vindo da China e de outras regi\u00f5es. O governo da <strong>Coreia do Sul<\/strong> tamb\u00e9m anunciou que houve um aumento mais 169 pessoas foram infectadas, subindo para 1,14 mil casos confirmados.<\/p>\n<p><a href=\"https:\/\/www.suno.com.br\/noticias\/coronavirus-estimulo-da-economia-hong-kong\/\">Veja tamb\u00e9m: Coronav\u00edrus: para estimular a economia, Hong Kong distribuir\u00e1 dinheiro<\/a><\/p>\n<p>A It\u00e1lia confirmou a 12\u00aa morte pelo Covid-19. O pa\u00eds \u00e9 o mais infectado da Europa com 374 casos de pessoas infectadas.\u00a0<strong>Su\u00ed\u00e7a<\/strong>, <strong>\u00c1ustria<\/strong> e <strong>Cro\u00e1cia<\/strong> tamb\u00e9m registraram os primeiros casos. No <strong>Ir\u00e3<\/strong>, j\u00e1 s\u00e3o 15 mortes provocadas pelo v\u00edrus e 95 pessoas infectadas. O n\u00famero de pessoas infectadas em todo mundo j\u00e1 \u00e9 de 80.988.<\/p>\n<h2>ADRs brasileiros<\/h2>\n<p>Nos \u00faltimos dois dias do carnaval, o <strong>Dow Jones Brazil Titans 20 ADR<\/strong>, que mede a performance dos 20 <strong>ADRs<\/strong> brasileiros mais l\u00edquidos no mercado dos Estados Unidos, apresentou baixa de de 4,41% na \u00faltima segunda-feira (24) e queda de 1,99% na ter\u00e7a-feira (25). No total, em dois dias, houve uma queda de 6,71%.<\/p>\n<h2>Bolsonaro contra o Congresso<\/h2>\n<p>Durante o feriado de carnaval, na \u00faltima ter\u00e7a-feira (25), o presidente <strong>Jair<\/strong> <strong>Bolsonaro<\/strong> compartilhou, por WhatsApp, um v\u00eddeo chamando a popula\u00e7\u00e3o para atos anti-Congresso. O ex-deputado federal Alberto Fraga (DEM-DF), que \u00e9 amigo do mandat\u00e1rio, confirmou a informa\u00e7\u00e3o ao jornal &#8220;O Globo&#8221;. O deputado disse que tamb\u00e9m recebeu o material diretamente de Bolsonaro pela rede social.<\/p>\n<p>Apoiadores de Bolsonaro em defesa do governo e dos militares marcaram o ato contra o Congresso. Fernando Henrique Cardoso disse que o epis\u00f3dio como \u201cuma crise institucional de consequ\u00eancias grav\u00edssimas\u201d.<\/p>\n<p>Os principais \u00edndices de a\u00e7\u00f5es dos Estados Unidos registraram o quarto dia consecutivo de queda na \u00faltima ter\u00e7a-feira (25). O <strong>Dow Jones<\/strong> <strong>Industrial<\/strong> <strong>Average<\/strong> fechou em queda de 3,15%, para 27.080 pontos. O S&amp;P 500 teve baixa 3,03%, para 3.128 pontos, e o <strong>Nasdaq<\/strong> <strong>Composite<\/strong> recuou 2,77%, para 8.965 pontos.<\/p>\n<p>O S&amp;P 500 e o <a href=\"https:\/\/www.youtube.com\/watch?v=Dby8KWohaNE\">Dow Industrials<\/a> tiveram a pior sess\u00e3o desde fevereiro de 2018 por conta das preocupa\u00e7\u00f5es com o coronav\u00edrus.<\/p>\n<h2>Queda mundial na venda de autom\u00f3veis<\/h2>\n<p>Em 2020, a venda mundial de autom\u00f3veis deve ter recuo de 2,5% por conta da dissemina\u00e7\u00e3o do coronav\u00edrus, segundo informa\u00e7\u00f5es da ag\u00eancia de classifica\u00e7\u00e3o de risco Moody&#8217;s. A ag\u00eancia esperava uma queda de 0,9% neste ano, entretanto o n\u00famero teve que ser revisado.<\/p>\n<p>Segundo a ag\u00eancia, a recupera\u00e7\u00e3o das vendas deve ocorrer somente no ano que vem, com um avan\u00e7o estipulado de 1,5%.<\/p>\n<p>&#8220;As vendas globais de ve\u00edculos cair\u00e3o 2,5% em 2020, diminuindo de uma queda de 4,6% em 2019, mas piorando do decl\u00ednio de 0,9% que hav\u00edamos projetado anteriormente para este ano. As vendas se recuperar\u00e3o apenas modestamente em 2021, com um crescimento de 1,5%&#8221;, afirmou Falk Frey, vice-presidente s\u00eanior da Moody&#8217;s.<\/p>\n\n","protected":false},"excerpt":{"rendered":"<p>Enquanto voc\u00ea se desligou das not\u00edcias para curtir o feriado de carnaval, novas informa\u00e7\u00f5es agitaram o mercado e a economia. Para deixar voc\u00ea por dentro de tudo, o Suno Not\u00edcias preparou um resumo com as principais dos \u00faltimos 5 dias. infla\u00e7\u00e3o na Am\u00e9rica Latina deve bater as metas apenas em 2024 Come\u00e7ando pelo Covid-19, o [&hellip;]<\/p>\n","protected":false},"author":19,"featured_media":3757,"comment_status":"closed","ping_status":"closed","sticky":false,"template":"","format":"standard","meta":[],"categories":[64],"tags":[1041,1214,2487,2006,719,964],"suno_strategy":[],"class_list":["post-54126","post","type-post","status-publish","format-standard","has-post-thumbnail","hentry","category-negocios","tag-adrs","tag-carnaval","tag-coronavirus","tag-dow-jones","tag-jair-bolsonaro","tag-nasdaq"],"yoast_head":"<!-- This site is optimized with the Yoast SEO plugin v24.4 - https:\/\/yoast.com\/wordpress\/plugins\/seo\/ -->\n<title>Carnaval: Veja o que foi not\u00edcia enquanto voc\u00ea curtia o feriado<\/title>\n<meta name=\"description\" content=\"O Suno Not\u00edcias preparou um resumo com as principais informa\u00e7\u00f5es dos \u00faltimos 5 dias (Carnaval) sobre mercado e internacional. Saiba mais.\" \/>\n<meta name=\"robots\" content=\"index, follow, max-snippet:-1, max-image-preview:large, max-video-preview:-1\" \/>\n<link rel=\"canonical\" href=\"https:\/\/www.suno.com.br\/noticias\/carnaval-foi-noticia-feriado\/\" \/>\n<meta property=\"og:locale\" content=\"pt_BR\" \/>\n<meta property=\"og:type\" content=\"article\" \/>\n<meta property=\"og:title\" content=\"Carnaval: Veja o que foi not\u00edcia enquanto voc\u00ea curtia o feriado\" \/>\n<meta property=\"og:description\" content=\"O Suno Not\u00edcias preparou um resumo com as principais informa\u00e7\u00f5es dos \u00faltimos 5 dias (Carnaval) sobre mercado e internacional. Saiba mais.\" \/>\n<meta property=\"og:url\" content=\"https:\/\/www.suno.com.br\/noticias\/carnaval-foi-noticia-feriado\/\" \/>\n<meta property=\"og:site_name\" content=\"Suno Not\u00edcias\" \/>\n<meta property=\"article:publisher\" content=\"https:\/\/facebook.com\/sunoresearch\" \/>\n<meta property=\"og:image\" content=\"https:\/\/files.sunoresearch.com.br\/n\/uploads\/2018\/09\/fa20779a-ibovespa-dolar.jpg\" \/>\n\t<meta property=\"og:image:width\" content=\"1920\" \/>\n\t<meta property=\"og:image:height\" content=\"1280\" \/>\n\t<meta property=\"og:image:type\" content=\"image\/jpeg\" \/>\n<meta name=\"author\" content=\"Juliano Passaro\" \/>\n<meta name=\"twitter:card\" content=\"summary_large_image\" \/>\n<meta name=\"twitter:creator\" content=\"@sunoresearch\" \/>\n<meta name=\"twitter:site\" content=\"@sunoresearch\" \/>\n<meta name=\"twitter:label1\" content=\"Escrito por\" \/>\n\t<meta name=\"twitter:data1\" content=\"Juliano Passaro\" \/>\n\t<meta name=\"twitter:label2\" content=\"Est. tempo de leitura\" \/>\n\t<meta name=\"twitter:data2\" content=\"3 minutos\" \/>\n<script type=\"application\/ld+json\" class=\"yoast-schema-graph\">{\"@context\":\"https:\/\/schema.org\",\"@graph\":[{\"@type\":\"NewsArticle\",\"@id\":\"https:\/\/www.suno.com.br\/noticias\/carnaval-foi-noticia-feriado\/#article\",\"isPartOf\":{\"@id\":\"https:\/\/www.suno.com.br\/noticias\/carnaval-foi-noticia-feriado\/\"},\"author\":{\"name\":\"Juliano Passaro\",\"@id\":\"https:\/\/www.suno.com.br\/noticias\/#\/schema\/person\/1db762f78ffd8919a648a63e425953e3\"},\"headline\":\"Carnaval: Veja o que foi not\u00edcia enquanto voc\u00ea curtia o feriado\",\"datePublished\":\"2020-02-26T16:31:46+00:00\",\"dateModified\":\"2020-02-26T16:33:45+00:00\",\"mainEntityOfPage\":{\"@id\":\"https:\/\/www.suno.com.br\/noticias\/carnaval-foi-noticia-feriado\/\"},\"wordCount\":655,\"publisher\":{\"@id\":\"https:\/\/www.suno.com.br\/noticias\/#organization\"},\"image\":{\"@id\":\"https:\/\/www.suno.com.br\/noticias\/carnaval-foi-noticia-feriado\/#primaryimage\"},\"thumbnailUrl\":\"https:\/\/files.sunoresearch.com.br\/n\/uploads\/2018\/09\/fa20779a-ibovespa-dolar-jpg.webp\",\"keywords\":[\"ADRs\",\"Carnaval\",\"coronav\u00edrus\",\"Dow Jones\",\"Jair Bolsonaro\",\"Nasdaq\"],\"articleSection\":[\"Neg\u00f3cios\"],\"inLanguage\":\"pt-BR\"},{\"@type\":\"WebPage\",\"@id\":\"https:\/\/www.suno.com.br\/noticias\/carnaval-foi-noticia-feriado\/\",\"url\":\"https:\/\/www.suno.com.br\/noticias\/carnaval-foi-noticia-feriado\/\",\"name\":\"Carnaval: Veja o que foi not\u00edcia enquanto voc\u00ea curtia o feriado\",\"isPartOf\":{\"@id\":\"https:\/\/www.suno.com.br\/noticias\/#website\"},\"primaryImageOfPage\":{\"@id\":\"https:\/\/www.suno.com.br\/noticias\/carnaval-foi-noticia-feriado\/#primaryimage\"},\"image\":{\"@id\":\"https:\/\/www.suno.com.br\/noticias\/carnaval-foi-noticia-feriado\/#primaryimage\"},\"thumbnailUrl\":\"https:\/\/files.sunoresearch.com.br\/n\/uploads\/2018\/09\/fa20779a-ibovespa-dolar-jpg.webp\",\"datePublished\":\"2020-02-26T16:31:46+00:00\",\"dateModified\":\"2020-02-26T16:33:45+00:00\",\"description\":\"O Suno Not\u00edcias preparou um resumo com as principais informa\u00e7\u00f5es dos \u00faltimos 5 dias (Carnaval) sobre mercado e internacional. Saiba mais.\",\"breadcrumb\":{\"@id\":\"https:\/\/www.suno.com.br\/noticias\/carnaval-foi-noticia-feriado\/#breadcrumb\"},\"inLanguage\":\"pt-BR\",\"potentialAction\":[{\"@type\":\"ReadAction\",\"target\":[\"https:\/\/www.suno.com.br\/noticias\/carnaval-foi-noticia-feriado\/\"]}]},{\"@type\":\"ImageObject\",\"inLanguage\":\"pt-BR\",\"@id\":\"https:\/\/www.suno.com.br\/noticias\/carnaval-foi-noticia-feriado\/#primaryimage\",\"url\":\"https:\/\/files.sunoresearch.com.br\/n\/uploads\/2018\/09\/fa20779a-ibovespa-dolar-jpg.webp\",\"contentUrl\":\"https:\/\/files.sunoresearch.com.br\/n\/uploads\/2018\/09\/fa20779a-ibovespa-dolar-jpg.webp\",\"width\":1920,\"height\":1280,\"caption\":\"infla\u00e7\u00e3o na Am\u00e9rica Latina deve bater as metas apenas em 2024\"},{\"@type\":\"BreadcrumbList\",\"@id\":\"https:\/\/www.suno.com.br\/noticias\/carnaval-foi-noticia-feriado\/#breadcrumb\",\"itemListElement\":[{\"@type\":\"ListItem\",\"position\":1,\"name\":\"Not\u00edcias\",\"item\":\"https:\/\/www.suno.com.br\/noticias\/\"},{\"@type\":\"ListItem\",\"position\":2,\"name\":\"Neg\u00f3cios\",\"item\":\"https:\/\/www.suno.com.br\/noticias\/negocios\/\"},{\"@type\":\"ListItem\",\"position\":3,\"name\":\"Carnaval: Veja o que foi not\u00edcia enquanto voc\u00ea curtia o feriado\"}]},{\"@type\":\"WebSite\",\"@id\":\"https:\/\/www.suno.com.br\/noticias\/#website\",\"url\":\"https:\/\/www.suno.com.br\/noticias\/\",\"name\":\"Suno Not\u00edcias\",\"description\":\"Seu portal de informa\u00e7\u00e3o sobre o mundo dos investimentos\",\"publisher\":{\"@id\":\"https:\/\/www.suno.com.br\/noticias\/#organization\"},\"potentialAction\":[{\"@type\":\"SearchAction\",\"target\":{\"@type\":\"EntryPoint\",\"urlTemplate\":\"https:\/\/www.suno.com.br\/noticias\/?s={search_term_string}\"},\"query-input\":{\"@type\":\"PropertyValueSpecification\",\"valueRequired\":true,\"valueName\":\"search_term_string\"}}],\"inLanguage\":\"pt-BR\"},{\"@type\":\"Organization\",\"@id\":\"https:\/\/www.suno.com.br\/noticias\/#organization\",\"name\":\"Suno Not\u00edcias\",\"url\":\"https:\/\/www.suno.com.br\/noticias\/\",\"logo\":{\"@type\":\"ImageObject\",\"inLanguage\":\"pt-BR\",\"@id\":\"https:\/\/www.suno.com.br\/noticias\/#\/schema\/logo\/image\/\",\"url\":\"https:\/\/files.sunoresearch.com.br\/n\/uploads\/2021\/09\/suno-logo.png\",\"contentUrl\":\"https:\/\/files.sunoresearch.com.br\/n\/uploads\/2021\/09\/suno-logo.png\",\"width\":180,\"height\":180,\"caption\":\"Suno Not\u00edcias\"},\"image\":{\"@id\":\"https:\/\/www.suno.com.br\/noticias\/#\/schema\/logo\/image\/\"},\"sameAs\":[\"https:\/\/facebook.com\/sunoresearch\",\"https:\/\/x.com\/sunoresearch\",\"https:\/\/www.instagram.com\/suno\",\"https:\/\/www.linkedin.com\/company\/suno-research\/\",\"https:\/\/www.youtube.com\/c\/sunoresearch\"]},{\"@type\":\"Person\",\"@id\":\"https:\/\/www.suno.com.br\/noticias\/#\/schema\/person\/1db762f78ffd8919a648a63e425953e3\",\"name\":\"Juliano Passaro\",\"image\":{\"@type\":\"ImageObject\",\"inLanguage\":\"pt-BR\",\"@id\":\"https:\/\/www.suno.com.br\/noticias\/#\/schema\/person\/image\/\",\"url\":\"https:\/\/secure.gravatar.com\/avatar\/743d4df28eebf6dcc46b4ad03c319e92?s=96&r=g\",\"contentUrl\":\"https:\/\/secure.gravatar.com\/avatar\/743d4df28eebf6dcc46b4ad03c319e92?s=96&r=g\",\"caption\":\"Juliano Passaro\"},\"description\":\"Juliano Passaro escreve sobre pol\u00edtica, economia e neg\u00f3cios para o portal da Suno Research. Antes da Suno, trabalhou no Portal da Band. \u00c9 formado em jornalismo pela Universidade Presbiteriana Mackenzie.\",\"url\":\"https:\/\/www.suno.com.br\/noticias\/author\/juliano\/\"}]}<\/script>\n<!-- \/ Yoast SEO plugin. -->","yoast_head_json":{"title":"Carnaval: Veja o que foi not\u00edcia enquanto voc\u00ea curtia o feriado","description":"O Suno Not\u00edcias preparou um resumo com as principais informa\u00e7\u00f5es dos \u00faltimos 5 dias (Carnaval) sobre mercado e internacional. Saiba mais.","robots":{"index":"index","follow":"follow","max-snippet":"max-snippet:-1","max-image-preview":"max-image-preview:large","max-video-preview":"max-video-preview:-1"},"canonical":"https:\/\/www.suno.com.br\/noticias\/carnaval-foi-noticia-feriado\/","og_locale":"pt_BR","og_type":"article","og_title":"Carnaval: Veja o que foi not\u00edcia enquanto voc\u00ea curtia o feriado","og_description":"O Suno Not\u00edcias preparou um resumo com as principais informa\u00e7\u00f5es dos \u00faltimos 5 dias (Carnaval) sobre mercado e internacional. Saiba mais.","og_url":"https:\/\/www.suno.com.br\/noticias\/carnaval-foi-noticia-feriado\/","og_site_name":"Suno Not\u00edcias","article_publisher":"https:\/\/facebook.com\/sunoresearch","og_image":[{"width":1920,"height":1280,"url":"https:\/\/files.sunoresearch.com.br\/n\/uploads\/2018\/09\/fa20779a-ibovespa-dolar.jpg","type":"image\/jpeg"}],"author":"Juliano Passaro","twitter_card":"summary_large_image","twitter_creator":"@sunoresearch","twitter_site":"@sunoresearch","twitter_misc":{"Escrito por":"Juliano Passaro","Est. tempo de leitura":"3 minutos"},"schema":{"@context":"https:\/\/schema.org","@graph":[{"@type":"NewsArticle","@id":"https:\/\/www.suno.com.br\/noticias\/carnaval-foi-noticia-feriado\/#article","isPartOf":{"@id":"https:\/\/www.suno.com.br\/noticias\/carnaval-foi-noticia-feriado\/"},"author":{"name":"Juliano Passaro","@id":"https:\/\/www.suno.com.br\/noticias\/#\/schema\/person\/1db762f78ffd8919a648a63e425953e3"},"headline":"Carnaval: Veja o que foi not\u00edcia enquanto voc\u00ea curtia o feriado","datePublished":"2020-02-26T16:31:46+00:00","dateModified":"2020-02-26T16:33:45+00:00","mainEntityOfPage":{"@id":"https:\/\/www.suno.com.br\/noticias\/carnaval-foi-noticia-feriado\/"},"wordCount":655,"publisher":{"@id":"https:\/\/www.suno.com.br\/noticias\/#organization"},"image":{"@id":"https:\/\/www.suno.com.br\/noticias\/carnaval-foi-noticia-feriado\/#primaryimage"},"thumbnailUrl":"https:\/\/files.sunoresearch.com.br\/n\/uploads\/2018\/09\/fa20779a-ibovespa-dolar-jpg.webp","keywords":["ADRs","Carnaval","coronav\u00edrus","Dow Jones","Jair Bolsonaro","Nasdaq"],"articleSection":["Neg\u00f3cios"],"inLanguage":"pt-BR"},{"@type":"WebPage","@id":"https:\/\/www.suno.com.br\/noticias\/carnaval-foi-noticia-feriado\/","url":"https:\/\/www.suno.com.br\/noticias\/carnaval-foi-noticia-feriado\/","name":"Carnaval: Veja o que foi not\u00edcia enquanto voc\u00ea curtia o feriado","isPartOf":{"@id":"https:\/\/www.suno.com.br\/noticias\/#website"},"primaryImageOfPage":{"@id":"https:\/\/www.suno.com.br\/noticias\/carnaval-foi-noticia-feriado\/#primaryimage"},"image":{"@id":"https:\/\/www.suno.com.br\/noticias\/carnaval-foi-noticia-feriado\/#primaryimage"},"thumbnailUrl":"https:\/\/files.sunoresearch.com.br\/n\/uploads\/2018\/09\/fa20779a-ibovespa-dolar-jpg.webp","datePublished":"2020-02-26T16:31:46+00:00","dateModified":"2020-02-26T16:33:45+00:00","description":"O Suno Not\u00edcias preparou um resumo com as principais informa\u00e7\u00f5es dos \u00faltimos 5 dias (Carnaval) sobre mercado e internacional. Saiba mais.","breadcrumb":{"@id":"https:\/\/www.suno.com.br\/noticias\/carnaval-foi-noticia-feriado\/#breadcrumb"},"inLanguage":"pt-BR","potentialAction":[{"@type":"ReadAction","target":["https:\/\/www.suno.com.br\/noticias\/carnaval-foi-noticia-feriado\/"]}]},{"@type":"ImageObject","inLanguage":"pt-BR","@id":"https:\/\/www.suno.com.br\/noticias\/carnaval-foi-noticia-feriado\/#primaryimage","url":"https:\/\/files.sunoresearch.com.br\/n\/uploads\/2018\/09\/fa20779a-ibovespa-dolar-jpg.webp","contentUrl":"https:\/\/files.sunoresearch.com.br\/n\/uploads\/2018\/09\/fa20779a-ibovespa-dolar-jpg.webp","width":1920,"height":1280,"caption":"infla\u00e7\u00e3o na Am\u00e9rica Latina deve bater as metas apenas em 2024"},{"@type":"BreadcrumbList","@id":"https:\/\/www.suno.com.br\/noticias\/carnaval-foi-noticia-feriado\/#breadcrumb","itemListElement":[{"@type":"ListItem","position":1,"name":"Not\u00edcias","item":"https:\/\/www.suno.com.br\/noticias\/"},{"@type":"ListItem","position":2,"name":"Neg\u00f3cios","item":"https:\/\/www.suno.com.br\/noticias\/negocios\/"},{"@type":"ListItem","position":3,"name":"Carnaval: Veja o que foi not\u00edcia enquanto voc\u00ea curtia o feriado"}]},{"@type":"WebSite","@id":"https:\/\/www.suno.com.br\/noticias\/#website","url":"https:\/\/www.suno.com.br\/noticias\/","name":"Suno Not\u00edcias","description":"Seu portal de informa\u00e7\u00e3o sobre o mundo dos investimentos","publisher":{"@id":"https:\/\/www.suno.com.br\/noticias\/#organization"},"potentialAction":[{"@type":"SearchAction","target":{"@type":"EntryPoint","urlTemplate":"https:\/\/www.suno.com.br\/noticias\/?s={search_term_string}"},"query-input":{"@type":"PropertyValueSpecification","valueRequired":true,"valueName":"search_term_string"}}],"inLanguage":"pt-BR"},{"@type":"Organization","@id":"https:\/\/www.suno.com.br\/noticias\/#organization","name":"Suno Not\u00edcias","url":"https:\/\/www.suno.com.br\/noticias\/","logo":{"@type":"ImageObject","inLanguage":"pt-BR","@id":"https:\/\/www.suno.com.br\/noticias\/#\/schema\/logo\/image\/","url":"https:\/\/files.sunoresearch.com.br\/n\/uploads\/2021\/09\/suno-logo.png","contentUrl":"https:\/\/files.sunoresearch.com.br\/n\/uploads\/2021\/09\/suno-logo.png","width":180,"height":180,"caption":"Suno Not\u00edcias"},"image":{"@id":"https:\/\/www.suno.com.br\/noticias\/#\/schema\/logo\/image\/"},"sameAs":["https:\/\/facebook.com\/sunoresearch","https:\/\/x.com\/sunoresearch","https:\/\/www.instagram.com\/suno","https:\/\/www.linkedin.com\/company\/suno-research\/","https:\/\/www.youtube.com\/c\/sunoresearch"]},{"@type":"Person","@id":"https:\/\/www.suno.com.br\/noticias\/#\/schema\/person\/1db762f78ffd8919a648a63e425953e3","name":"Juliano Passaro","image":{"@type":"ImageObject","inLanguage":"pt-BR","@id":"https:\/\/www.suno.com.br\/noticias\/#\/schema\/person\/image\/","url":"https:\/\/secure.gravatar.com\/avatar\/743d4df28eebf6dcc46b4ad03c319e92?s=96&r=g","contentUrl":"https:\/\/secure.gravatar.com\/avatar\/743d4df28eebf6dcc46b4ad03c319e92?s=96&r=g","caption":"Juliano Passaro"},"description":"Juliano Passaro escreve sobre pol\u00edtica, economia e neg\u00f3cios para o portal da Suno Research. Antes da Suno, trabalhou no Portal da Band. \u00c9 formado em jornalismo pela Universidade Presbiteriana Mackenzie.","url":"https:\/\/www.suno.com.br\/noticias\/author\/juliano\/"}]}},"default_loop_html":"<div class=\"cardsPage__listCard__boxs\"><div class=\"cardsPage__listCard__boxs__img\"><a href=\"https:\/\/www.suno.com.br\/noticias\/carnaval-foi-noticia-feriado\/\"><img class=\"mask\" src=\"https:\/\/www.suno.com.br\/noticias\/wp-content\/themes\/suno\/resources\/images\/spotlight\/spotlight1img\/bg-mask.png\" alt=\"Image Mask\"\/><img src=\"https:\/\/files.sunoresearch.com.br\/n\/uploads\/2018\/09\/fa20779a-ibovespa-dolar-400x200.webp\" alt=\"Carnaval: Veja o que foi not\u00edcia enquanto voc\u00ea curtia o feriado\"\/><\/a><span class=\"spotlightCategory\"><a href=\"https:\/\/www.suno.com.br\/noticias\/negocios\/\">Neg\u00f3cios<\/a><\/span><\/div><div class=\"cardsPage__listCard__boxs__content\"><a href=\"https:\/\/www.suno.com.br\/noticias\/carnaval-foi-noticia-feriado\/\"><h2 class=\"content__title\">Carnaval: Veja o que foi not\u00edcia enquanto voc\u00ea curtia o feriado<\/h2><\/a><div class=\"newsContent__article__meta\"><div class=\"newsContent__article__meta__authorBox\"><a href=\"https:\/\/www.suno.com.br\/noticias\/author\/juliano\/\" class=\"authorBox__avatar noMobi\"><img src=\"https:\/\/files.sunoresearch.com.br\/n\/uploads\/2019\/06\/7cc3efea-whatsapp-image-2019-07-18-at-21.59.33-e1563499821209-150x150.webp\" alt=\"Juliano Passaro\"><\/a><div class=\"authorBox__name\"><span>por\n\t\t\t<a href=\"https:\/\/www.suno.com.br\/noticias\/author\/juliano\/\"><span itemprop=\"author\">Juliano Passaro<\/span><\/a><\/span><time datetime=\"2020-02-26T13:31:46-03:00\" itemprop=\"datePublished\">26\/02\/2020 13:31<\/time><\/div><\/div><\/div><\/div><\/div>","single_layout":"posts","amp_enabled":true,"_links":{"self":[{"href":"https:\/\/www.suno.com.br\/noticias\/wp-json\/wp\/v2\/posts\/54126"}],"collection":[{"href":"https:\/\/www.suno.com.br\/noticias\/wp-json\/wp\/v2\/posts"}],"about":[{"href":"https:\/\/www.suno.com.br\/noticias\/wp-json\/wp\/v2\/types\/post"}],"author":[{"embeddable":true,"href":"https:\/\/www.suno.com.br\/noticias\/wp-json\/wp\/v2\/users\/19"}],"replies":[{"embeddable":true,"href":"https:\/\/www.suno.com.br\/noticias\/wp-json\/wp\/v2\/comments?post=54126"}],"version-history":[{"count":0,"href":"https:\/\/www.suno.com.br\/noticias\/wp-json\/wp\/v2\/posts\/54126\/revisions"}],"wp:featuredmedia":[{"embeddable":true,"href":"https:\/\/www.suno.com.br\/noticias\/wp-json\/wp\/v2\/media\/3757"}],"wp:attachment":[{"href":"https:\/\/www.suno.com.br\/noticias\/wp-json\/wp\/v2\/media?parent=54126"}],"wp:term":[{"taxonomy":"category","embeddable":true,"href":"https:\/\/www.suno.com.br\/noticias\/wp-json\/wp\/v2\/categories?post=54126"},{"taxonomy":"post_tag","embeddable":true,"href":"https:\/\/www.suno.com.br\/noticias\/wp-json\/wp\/v2\/tags?post=54126"},{"taxonomy":"suno_strategy","embeddable":true,"href":"https:\/\/www.suno.com.br\/noticias\/wp-json\/wp\/v2\/suno_strategy?post=54126"}],"curies":[{"name":"wp","href":"https:\/\/api.w.org\/{rel}","templated":true}]}}