{"id":541135,"date":"2024-04-05T08:33:32","date_gmt":"2024-04-05T11:33:32","guid":{"rendered":"https:\/\/www.suno.com.br\/noticias\/?p=541135"},"modified":"2024-04-05T09:32:11","modified_gmt":"2024-04-05T12:32:11","slug":"eletrobras-elet3-registro-companhia-aberta-gpj","status":"publish","type":"post","link":"https:\/\/www.suno.com.br\/noticias\/eletrobras-elet3-registro-companhia-aberta-gpj\/","title":{"rendered":"Eletrobras (ELET3) pede registro de empresa aberta para CGT Eletrosul e Eletronorte"},"content":{"rendered":"<p>A <a href=\"https:\/\/www.suno.com.br\/acoes\/ELET3\/\"><strong>Eletrobras<\/strong> (ELET3)<\/a> informou nesta quinta-feira (4) que protocolou na Comiss\u00e3o de Valores Mobili\u00e1rios (CVM) um pedido de registro de emissor de valores mobili\u00e1rios na categoria B das subsidi\u00e1rias CGT Eletrosul e Eletronorte.<\/p>\t<div class=\"wrapper-featured-image\">\n\t\t<figure class=\"spotlightImg\">\n\n\t\t\t<picture>\n\t\t\t\t<source media=\"(max-width: 768px)\" srcset=\"https:\/\/files.sunoresearch.com.br\/n\/uploads\/2022\/12\/eletrobras-elet3-logo-companhia-foto-divulgacao-400x200.jpg\">\n\t\t\t\t<img loading=\"lazy\" decoding=\"async\" class=\"newsContent__article__imgCapa lazyloadDisabled \" src=\"https:\/\/files.sunoresearch.com.br\/n\/uploads\/2022\/12\/eletrobras-elet3-logo-companhia-foto-divulgacao-800x450.jpg\" width=\"800\" height=\"450\" alt=\"Eletrobras (ELET3) pede registro de empresa aberta para CGT Eletrosul e Eletronorte\" fetchpriority=high \/>\n\t\t\t<\/picture>\n\n\t\t\t<figcaption class=\"wp-caption-text wp-caption-text--show\">Eletrobras (ELET3). Foto: Divulga\u00e7\u00e3o<\/figcaption>\n\t\t<\/figure>\n\t<\/div>\n\n\n\n\n\n\n\n\t<p>\n\t\t<a href=\"\" target=\"_blank\" data-element=\"shortcode-suno-banner\" title=\"Banner SUNO, clique e saiba mais\">\n\t\t\t<picture>\n\t\t\t\t<source media=\"(max-width: 500px)\" srcset=\"\">\n\t\t\t\t<img class=\"newsContent__article__imgCapa newsContent__article__imgCapa--banner\"\n\t\t\t\t\tsrc=\"\"\n\t\t\t\t\tdata-promo-id=\"265372\"\t\t\t\t\t\t\t\t\t\t\t\t\t\t\talt=\"\"\n\t\t\t\t>\n\t\t\t<\/picture>\n\t\t<\/a>\n\t<\/p>\n\n\n\n\n\n<p>Caso o pedido da Eletrobras seja aceito pela CVM, isso autorizar\u00e1 as companhias a distribuir publicamente valores mobili\u00e1rios de sua emiss\u00e3o (exceto a\u00e7\u00f5es) para um p\u00fablico-alvo mais amplo, bem como negoci\u00e1-los com maior liquidez em mercados regulamentados de valores mobili\u00e1rios.<\/p>\n\n\n\n<p>A Eletrobras esclarece que o processo de registro dessas companhias segue de forma independente e desvinculado das ofertas p\u00fablicas de deb\u00eantures da <strong>CGT Eletrosul<\/strong> e da <strong>Eletronorte<\/strong> destinada somente a investidores profissionais.<\/p>\n\n\n\t<div data-element=\"shortcode-read-more\" class=\"knowMore\">\n\t\t\t\t<span class=\"knowMore__title\">Leia mais<\/span>\n\t\t\t\t<a class=\"knowMore__link\" href=\"https:\/\/www.suno.com.br\/noticias\/eletrobras-elet3-reducao-salarios-negociacao-va\/\">\n\t\t\tEletrobras (ELET3) mira redu\u00e7\u00f5es de sal\u00e1rios e terceiriza negocia\u00e7\u00e3o trabalhista\t\t<\/a>\n\t<\/div>\n\n\n\n\n<h2 class=\"wp-block-heading\">Eletrobras (ELET3): analistas veem chance de acordo com o governo na disputa por votos do conselho<\/h2>\n\n\n\n<p>A Advocacia-Geral da Uni\u00e3o (AGU) encaminhou um pedido ao Ministro K\u00e1ssio Nunes, do Supremo Tribunal Federal (STF), solicitando uma extens\u00e3o de 90 dias no prazo para as negocia\u00e7\u00f5es com a Eletrobras, com o objetivo de aumentar a representatividade do governo no <a href=\"https:\/\/www.suno.com.br\/artigos\/conselho-administracao\/\">conselho de administra\u00e7\u00e3o<\/a> da empresa.<\/p>\n\n\n\n<p>Segundo o Ita\u00fa BBA, a vis\u00e3o \u00e9 otimista sobre as chances de um acordo potencial entre o governo federal e a Eletrobras na disputa pelos direitos de voto. \u201cCom base em intera\u00e7\u00f5es recentes, acredita-se que os acionistas da Eletrobras estariam dispostos a permitir que o governo federal nomeei dois dos nove membros do conselho\u201d, afirmam os analistas.<\/p>\n\n\n\n<p>Neste contexto, o limite de 10% para os direitos de voto permaneceria inalterado. Assim, a Eletrobras provavelmente concordaria com um pagamento anterior ao fundo da CDE (Conta de Desenvolvimento Energ\u00e9tico), dado que a d\u00edvida \u00e9 ajustada pelo WACC (<a href=\"https:\/\/www.suno.com.br\/artigos\/custo-medio-ponderado\/\">Custo M\u00e9dio Ponderado<\/a> de Capital) + infla\u00e7\u00e3o, o que n\u00e3o destruiria o VPL.<\/p>\n\n\n\n<p>Para os ativos nucleares, os acionistas desejam alterar o acordo da Eletronuclear para remover a obriga\u00e7\u00e3o da Eletrobras de capitalizar a empresa se Angra 3 for desenvolvida.<\/p>\n\n\n\n<p>Sobre os proventos da securitiza\u00e7\u00e3o, o BBA afirma que eles podem ser utilizados para pagar a d\u00edvida contra\u00edda pelo setor (CCEE) durante a pandemia e a crise h\u00eddrica. \u201cOs proventos tamb\u00e9m poderiam ser usados pelo governo para reduzir tarifas, incluindo uma redu\u00e7\u00e3o na magnitude do aumento de mais de 40% nas tarifas no Amap\u00e1 (que foi adiado pela ANEEL)\u201d, diz a casa.<\/p>\n\n\n\n<p>Neste contexto, o BBA tem recomenda\u00e7\u00e3o de compra para as a\u00e7\u00f5es da companhia, com pre\u00e7o-alvo de R$ 59,56.<\/p>\n\n\n\t<p>\n\t\t<a href=\"https:\/\/lp.suno.com.br\/ebook-como-analisar-uma-acao\/\" target=\"_blank\" data-element=\"shortcode-suno-banner\" title=\"Banner SUNO, clique e saiba mais\">\n\t\t\t<picture>\n\t\t\t\t<source media=\"(max-width: 500px)\" srcset=\"https:\/\/files.sunoresearch.com.br\/n\/uploads\/2023\/03\/Ebook-Acoes-Mobile.jpg\">\n\t\t\t\t<img class=\"newsContent__article__imgCapa newsContent__article__imgCapa--banner\"\n\t\t\t\t\tsrc=\"https:\/\/files.sunoresearch.com.br\/n\/uploads\/2023\/03\/Ebook-Acoes-Desktop.jpg\"\n\t\t\t\t\tdata-promo-id=\"378302\"\t\t\t\t\t\t\t\t\t\twidth='1420' height='286'\t\t\t\t\talt=\"https:\/\/files.sunoresearch.com.br\/n\/uploads\/2023\/03\/Ebook-Acoes-Desktop.jpg\"\n\t\t\t\t>\n\t\t\t<\/picture>\n\t\t<\/a>\n\t<\/p>\n\n\n\n\n\n<h2 class=\"wp-block-heading\">Desempenho das a\u00e7\u00f5es de Eletrobras (ELET3)<\/h2>\n\n\n\n<p>Confira o desempenho das a\u00e7\u00f5es de <strong>Eletrobras<\/strong> (ELET3)<\/p>\n\n\n\n<div class=\"pluginQuotation\">\n  <p class=\"ticker\">\n    Cota\u00e7\u00e3o <span>ELET3<\/span>\n  <\/p>\n  <div class=\"info\">\n    <div class=\"leftSide\">\n      Gr\u00e1fico gerado em: 05\/04\/2024    <\/div>\n\t\t\t\t\t<div class=\"rightSide\">\n\t\t\t\t\t<span class=\"period\">\n\t\t\t\t\t\t5 Dias\t\t\t\t\t<\/span>\n\t\t\t<\/div>\n\t\t  <\/div>\n\n  <div id=\"chart-eade8825672d1305c1082d76f14402d0\" data-block-hash=\"eade8825672d1305c1082d76f14402d0\"  class=\"chart\" style=\"width:100%;height:400px;\"><\/div>\n\n  <div class=\"pluginQuotation__footer\">\n    <div class=\"dataChart\">\n\n      <div class=\"dataChart__div1 variation\">\n        <div class=\"value-negative\">\n          -2,19 (-0,92%)        <\/div>\n        <div class=\"text\">\n          Varia\u00e7\u00e3o do per\u00edodo\n        <\/div>\n      <\/div>\n\n      <div class=\"dataChart__div2 minMax\">\n        <div class=\"value\">\n          R$\u00a040,61        <\/div>\n        <div class=\"text\">\n          M\u00ednima\n        <\/div>\n      <\/div>\n\n      <div class=\"dataChart__div3 minMax\">\n        <div class=\"value\">\n          R$\u00a042,00        <\/div>\n        <div class=\"text\">\n          M\u00e1xima\n        <\/div>\n      <\/div>\n\n\t\t\t<div class=\"dataChart__div4 rightSide\">\n\t\t\t\t<div class=\"analiticaSource\">\n\t\t\t\t\t<span>\n\t\t\t\t\t\tFonte:\n\t\t\t\t\t<\/span>\n\t\t\t\t\t<img decoding=\"async\" class=\"analiticaLogo\" src=\"https:\/\/www.suno.com.br\/noticias\/wp-content\/plugins\/suno-block-ticker-quotation\/src\/suno-analitica-logo.png\" alt=\"Logo Suno Anal\u00edtica\" \/>\n\t\t\t\t<\/div>\n\n\t\t\t\t<a href=\"https:\/\/www.suno.com.br\/analitica\/acoes\/ELET3\" target=\"_blank\">\n\t\t\t\t\t<span>\n\t\t\t\t\t\tVer mais cota\u00e7\u00f5es\n\t\t\t\t\t<\/span>\n\t\t\t\t\t<svg xmlns=\"http:\/\/www.w3.org\/2000\/svg\" width=\"9\" height=\"8\" viewBox=\"0 0 9 8\" fill=\"none\">\n\t\t\t\t\t\t<path d=\"M4.20996 0L3.50496 0.705L6.29496 3.5H0.209961V4.5H6.29496L3.50496 7.295L4.20996 8L8.20996 4L4.20996 0Z\" fill=\"#D42126\" \/>\n\t\t\t\t\t<\/svg>\n\t\t\t\t<\/a>\n    <\/div>\n\n    <\/div>\n  <\/div>\n<\/div>\n\n\n<script type=\"text\/javascript\">\n  let chart_eade8825672d1305c1082d76f14402d0 = document.getElementById('chart-eade8825672d1305c1082d76f14402d0');\n  let data_json_eade8825672d1305c1082d76f14402d0 = \"[{\\\"date\\\":\\\"01\\\\\\\/04\\\\\\\/24 10:30\\\",\\\"value\\\":41.99},{\\\"date\\\":\\\"01\\\\\\\/04\\\\\\\/24 10:40\\\",\\\"value\\\":41.97},{\\\"date\\\":\\\"01\\\\\\\/04\\\\\\\/24 10:50\\\",\\\"value\\\":42},{\\\"date\\\":\\\"01\\\\\\\/04\\\\\\\/24 11:00\\\",\\\"value\\\":41.64},{\\\"date\\\":\\\"01\\\\\\\/04\\\\\\\/24 16:20\\\",\\\"value\\\":41.03},{\\\"date\\\":\\\"01\\\\\\\/04\\\\\\\/24 16:30\\\",\\\"value\\\":40.96},{\\\"date\\\":\\\"01\\\\\\\/04\\\\\\\/24 16:40\\\",\\\"value\\\":40.99},{\\\"date\\\":\\\"01\\\\\\\/04\\\\\\\/24 16:50\\\",\\\"value\\\":41.06},{\\\"date\\\":\\\"02\\\\\\\/04\\\\\\\/24 13:30\\\",\\\"value\\\":40.61},{\\\"date\\\":\\\"02\\\\\\\/04\\\\\\\/24 13:40\\\",\\\"value\\\":40.65},{\\\"date\\\":\\\"02\\\\\\\/04\\\\\\\/24 13:50\\\",\\\"value\\\":40.67},{\\\"date\\\":\\\"02\\\\\\\/04\\\\\\\/24 14:00\\\",\\\"value\\\":40.73},{\\\"date\\\":\\\"02\\\\\\\/04\\\\\\\/24 14:10\\\",\\\"value\\\":40.67},{\\\"date\\\":\\\"03\\\\\\\/04\\\\\\\/24 10:10\\\",\\\"value\\\":41.07}]\";\n  let isPositive_eade8825672d1305c1082d76f14402d0 = \"\";\n\n  let color_eade8825672d1305c1082d76f14402d0 = isPositive_eade8825672d1305c1082d76f14402d0 ? '#3AB53A' : '#D92C2D';\n\n  let data_eade8825672d1305c1082d76f14402d0 = JSON.parse(data_json_eade8825672d1305c1082d76f14402d0);\n\n  const result_eade8825672d1305c1082d76f14402d0 = {\n    date: [],\n    value: [],\n  };\n\n  data_eade8825672d1305c1082d76f14402d0.forEach((item) => {\n    result_eade8825672d1305c1082d76f14402d0.date.push(item.date);\n    result_eade8825672d1305c1082d76f14402d0.value.push(Number(item.value));\n  });\n\n  let option_eade8825672d1305c1082d76f14402d0 = {\n    \/\/ variavel de cor global\n    color: [color_eade8825672d1305c1082d76f14402d0],\n    title: {\n      text: '',\n    },\n    tooltip: {\n      trigger: 'axis',\n      axisPointer: {\n        type: 'cross',\n        label: {\n          \/\/ cor dos valores em X e Y\n          backgroundColor: color_eade8825672d1305c1082d76f14402d0,\n          formatter: (value) => {\n            if (typeof value.value === 'number') {\n              return Number(value.value).toLocaleString('pt-br', {\n                style: 'currency',\n                currency: 'BRL'\n              });\n            }\n            return value.value;\n          },\n        },\n      },\n      valueFormatter: (value) => Number(value).toLocaleString('pt-br', {\n        style: 'currency',\n        currency: 'BRL'\n      }),\n    },\n    legend: {\n      \/\/ data: ['Valor de Fechamento'],\n      show: false,\n    },\n    toolbox: {\n      feature: {\n        saveAsImage: {\n          show: false,\n        },\n      },\n    },\n    grid: {\n      left: '0px',\n      right: '0px',\n      bottom: '0px',\n      containLabel: true,\n    },\n    xAxis: [{\n      type: 'category',\n      data: result_eade8825672d1305c1082d76f14402d0.date,\n      boundaryGap: true,\n    }],\n    yAxis: [{\n      type: 'value',\n      min: Math.min(...result_eade8825672d1305c1082d76f14402d0.value),\n      max: Math.max(...result_eade8825672d1305c1082d76f14402d0.value),\n      axisLabel: {\n        formatter: (value) => value.toLocaleString('pt-br', {\n          style: 'currency',\n          currency: 'BRL'\n        }),\n      },\n    }],\n    series: [{\n      name: 'Valor de Fechamento',\n      type: 'line',\n      stack: 'Total',\n      \/\/ cor do grafico\n      areaStyle: {},\n      emphasis: {\n        focus: 'series',\n      },\n      data: result_eade8825672d1305c1082d76f14402d0.value,\n      \/\/ cor da linha\n      lineStyle: {\n        color: color_eade8825672d1305c1082d76f14402d0,\n      },\n    }, ],\n  };\n\n\twindow.chart_eade8825672d1305c1082d76f14402d0 = {\n\t\tel: chart_eade8825672d1305c1082d76f14402d0,\n\t\toption: option_eade8825672d1305c1082d76f14402d0\t};\n\n\n<\/script>\n\n\n\t<p>\n\t\t<a href=\"https:\/\/lp.suno.com.br\/plataforma-de-controle-de-investimentos\/\" target=\"_blank\" data-element=\"shortcode-suno-banner\" title=\"Banner SUNO, clique e saiba mais\">\n\t\t\t<picture>\n\t\t\t\t<source media=\"(max-width: 500px)\" srcset=\"https:\/\/files.sunoresearch.com.br\/n\/uploads\/2023\/03\/400x300-Controle-de-Investimentos.png\">\n\t\t\t\t<img class=\"newsContent__article__imgCapa newsContent__article__imgCapa--banner\"\n\t\t\t\t\tsrc=\"https:\/\/files.sunoresearch.com.br\/n\/uploads\/2023\/03\/1420x240-Controle-de-Investimentos.png\"\n\t\t\t\t\tdata-promo-id=\"383162\"\t\t\t\t\t\t\t\t\t\twidth='1420' height='240'\t\t\t\t\talt=\"https:\/\/files.sunoresearch.com.br\/n\/uploads\/2023\/03\/1420x240-Controle-de-Investimentos.png\"\n\t\t\t\t>\n\t\t\t<\/picture>\n\t\t<\/a>\n\t<\/p>\n\n\n","protected":false},"excerpt":{"rendered":"<p>A Eletrobras (ELET3) informou nesta quinta-feira (4) que protocolou na Comiss\u00e3o de Valores Mobili\u00e1rios (CVM) um pedido de registro de emissor de valores mobili\u00e1rios na categoria B das subsidi\u00e1rias CGT Eletrosul e Eletronorte. Eletrobras (ELET3). Foto: Divulga\u00e7\u00e3o Caso o pedido da Eletrobras seja aceito pela CVM, isso autorizar\u00e1 as companhias a distribuir publicamente valores mobili\u00e1rios [&hellip;]<\/p>\n","protected":false},"author":313,"featured_media":329592,"comment_status":"closed","ping_status":"closed","sticky":false,"template":"","format":"standard","meta":[],"categories":[64],"tags":[455],"suno_strategy":[],"class_list":["post-541135","post","type-post","status-publish","format-standard","has-post-thumbnail","hentry","category-negocios","tag-eletrobras-elet3-elet5-elet6"],"yoast_head":"<!-- This site is optimized with the Yoast SEO plugin v24.4 - https:\/\/yoast.com\/wordpress\/plugins\/seo\/ -->\n<title>Eletrobras (ELET3) pede registro na CVM para controladas<\/title>\n<meta name=\"description\" content=\"A Eletrobras protocolou na CVM um pedido de registro de companhia aberta para as subsidi\u00e1rias CGT Eletrosul e Eletronorte. Saiba mais!\" \/>\n<meta name=\"robots\" content=\"index, follow, max-snippet:-1, max-image-preview:large, max-video-preview:-1\" \/>\n<link rel=\"canonical\" href=\"https:\/\/www.suno.com.br\/noticias\/eletrobras-elet3-registro-companhia-aberta-gpj\/\" \/>\n<meta property=\"og:locale\" content=\"pt_BR\" \/>\n<meta property=\"og:type\" content=\"article\" \/>\n<meta property=\"og:title\" content=\"Eletrobras (ELET3) pede registro na CVM para controladas\" \/>\n<meta property=\"og:description\" content=\"A Eletrobras protocolou na CVM um pedido de registro de companhia aberta para as subsidi\u00e1rias CGT Eletrosul e Eletronorte. Saiba mais!\" \/>\n<meta property=\"og:url\" content=\"https:\/\/www.suno.com.br\/noticias\/eletrobras-elet3-registro-companhia-aberta-gpj\/\" \/>\n<meta property=\"og:site_name\" content=\"Suno Not\u00edcias\" \/>\n<meta property=\"article:publisher\" content=\"https:\/\/facebook.com\/sunoresearch\" \/>\n<meta property=\"og:image\" content=\"https:\/\/files.sunoresearch.com.br\/n\/uploads\/2022\/12\/eletrobras-elet3-logo-companhia-foto-divulgacao.jpg\" \/>\n\t<meta property=\"og:image:width\" content=\"1200\" \/>\n\t<meta property=\"og:image:height\" content=\"675\" \/>\n\t<meta property=\"og:image:type\" content=\"image\/jpeg\" \/>\n<meta name=\"author\" content=\"Giovanni Porf\u00edrio Jacomino\" \/>\n<meta name=\"twitter:card\" content=\"summary_large_image\" \/>\n<meta name=\"twitter:creator\" content=\"@sunoresearch\" \/>\n<meta name=\"twitter:site\" content=\"@sunoresearch\" \/>\n<meta name=\"twitter:label1\" content=\"Escrito por\" \/>\n\t<meta name=\"twitter:data1\" content=\"Giovanni Porf\u00edrio Jacomino\" \/>\n\t<meta name=\"twitter:label2\" content=\"Est. tempo de leitura\" \/>\n\t<meta name=\"twitter:data2\" content=\"3 minutos\" \/>\n<script type=\"application\/ld+json\" class=\"yoast-schema-graph\">{\"@context\":\"https:\/\/schema.org\",\"@graph\":[{\"@type\":\"NewsArticle\",\"@id\":\"https:\/\/www.suno.com.br\/noticias\/eletrobras-elet3-registro-companhia-aberta-gpj\/#article\",\"isPartOf\":{\"@id\":\"https:\/\/www.suno.com.br\/noticias\/eletrobras-elet3-registro-companhia-aberta-gpj\/\"},\"author\":{\"name\":\"Giovanni Porf\u00edrio Jacomino\",\"@id\":\"https:\/\/www.suno.com.br\/noticias\/#\/schema\/person\/d0f32748bbca4bee871fa191ee4e2d40\"},\"headline\":\"Eletrobras (ELET3) pede registro de empresa aberta para CGT Eletrosul e Eletronorte\",\"datePublished\":\"2024-04-05T11:33:32+00:00\",\"dateModified\":\"2024-04-05T12:32:11+00:00\",\"mainEntityOfPage\":{\"@id\":\"https:\/\/www.suno.com.br\/noticias\/eletrobras-elet3-registro-companhia-aberta-gpj\/\"},\"wordCount\":444,\"publisher\":{\"@id\":\"https:\/\/www.suno.com.br\/noticias\/#organization\"},\"image\":{\"@id\":\"https:\/\/www.suno.com.br\/noticias\/eletrobras-elet3-registro-companhia-aberta-gpj\/#primaryimage\"},\"thumbnailUrl\":\"https:\/\/files.sunoresearch.com.br\/n\/uploads\/2022\/12\/eletrobras-elet3-logo-companhia-foto-divulgacao.jpg\",\"keywords\":[\"Eletrobras (ELET3\/ELET5\/ELET6)\"],\"articleSection\":[\"Neg\u00f3cios\"],\"inLanguage\":\"pt-BR\"},{\"@type\":\"WebPage\",\"@id\":\"https:\/\/www.suno.com.br\/noticias\/eletrobras-elet3-registro-companhia-aberta-gpj\/\",\"url\":\"https:\/\/www.suno.com.br\/noticias\/eletrobras-elet3-registro-companhia-aberta-gpj\/\",\"name\":\"Eletrobras (ELET3) pede registro na CVM para controladas\",\"isPartOf\":{\"@id\":\"https:\/\/www.suno.com.br\/noticias\/#website\"},\"primaryImageOfPage\":{\"@id\":\"https:\/\/www.suno.com.br\/noticias\/eletrobras-elet3-registro-companhia-aberta-gpj\/#primaryimage\"},\"image\":{\"@id\":\"https:\/\/www.suno.com.br\/noticias\/eletrobras-elet3-registro-companhia-aberta-gpj\/#primaryimage\"},\"thumbnailUrl\":\"https:\/\/files.sunoresearch.com.br\/n\/uploads\/2022\/12\/eletrobras-elet3-logo-companhia-foto-divulgacao.jpg\",\"datePublished\":\"2024-04-05T11:33:32+00:00\",\"dateModified\":\"2024-04-05T12:32:11+00:00\",\"description\":\"A Eletrobras protocolou na CVM um pedido de registro de companhia aberta para as subsidi\u00e1rias CGT Eletrosul e Eletronorte. Saiba mais!\",\"breadcrumb\":{\"@id\":\"https:\/\/www.suno.com.br\/noticias\/eletrobras-elet3-registro-companhia-aberta-gpj\/#breadcrumb\"},\"inLanguage\":\"pt-BR\",\"potentialAction\":[{\"@type\":\"ReadAction\",\"target\":[\"https:\/\/www.suno.com.br\/noticias\/eletrobras-elet3-registro-companhia-aberta-gpj\/\"]}]},{\"@type\":\"ImageObject\",\"inLanguage\":\"pt-BR\",\"@id\":\"https:\/\/www.suno.com.br\/noticias\/eletrobras-elet3-registro-companhia-aberta-gpj\/#primaryimage\",\"url\":\"https:\/\/files.sunoresearch.com.br\/n\/uploads\/2022\/12\/eletrobras-elet3-logo-companhia-foto-divulgacao.jpg\",\"contentUrl\":\"https:\/\/files.sunoresearch.com.br\/n\/uploads\/2022\/12\/eletrobras-elet3-logo-companhia-foto-divulgacao.jpg\",\"width\":1200,\"height\":675,\"caption\":\"Eletrobras (ELET3). Foto: Divulga\u00e7\u00e3o\"},{\"@type\":\"BreadcrumbList\",\"@id\":\"https:\/\/www.suno.com.br\/noticias\/eletrobras-elet3-registro-companhia-aberta-gpj\/#breadcrumb\",\"itemListElement\":[{\"@type\":\"ListItem\",\"position\":1,\"name\":\"Not\u00edcias\",\"item\":\"https:\/\/www.suno.com.br\/noticias\/\"},{\"@type\":\"ListItem\",\"position\":2,\"name\":\"Neg\u00f3cios\",\"item\":\"https:\/\/www.suno.com.br\/noticias\/negocios\/\"},{\"@type\":\"ListItem\",\"position\":3,\"name\":\"Eletrobras (ELET3) pede registro de empresa aberta para CGT Eletrosul e Eletronorte\"}]},{\"@type\":\"WebSite\",\"@id\":\"https:\/\/www.suno.com.br\/noticias\/#website\",\"url\":\"https:\/\/www.suno.com.br\/noticias\/\",\"name\":\"Suno Not\u00edcias\",\"description\":\"Seu portal de informa\u00e7\u00e3o sobre o mundo dos investimentos\",\"publisher\":{\"@id\":\"https:\/\/www.suno.com.br\/noticias\/#organization\"},\"potentialAction\":[{\"@type\":\"SearchAction\",\"target\":{\"@type\":\"EntryPoint\",\"urlTemplate\":\"https:\/\/www.suno.com.br\/noticias\/?s={search_term_string}\"},\"query-input\":{\"@type\":\"PropertyValueSpecification\",\"valueRequired\":true,\"valueName\":\"search_term_string\"}}],\"inLanguage\":\"pt-BR\"},{\"@type\":\"Organization\",\"@id\":\"https:\/\/www.suno.com.br\/noticias\/#organization\",\"name\":\"Suno Not\u00edcias\",\"url\":\"https:\/\/www.suno.com.br\/noticias\/\",\"logo\":{\"@type\":\"ImageObject\",\"inLanguage\":\"pt-BR\",\"@id\":\"https:\/\/www.suno.com.br\/noticias\/#\/schema\/logo\/image\/\",\"url\":\"https:\/\/files.sunoresearch.com.br\/n\/uploads\/2021\/09\/suno-logo.png\",\"contentUrl\":\"https:\/\/files.sunoresearch.com.br\/n\/uploads\/2021\/09\/suno-logo.png\",\"width\":180,\"height\":180,\"caption\":\"Suno Not\u00edcias\"},\"image\":{\"@id\":\"https:\/\/www.suno.com.br\/noticias\/#\/schema\/logo\/image\/\"},\"sameAs\":[\"https:\/\/facebook.com\/sunoresearch\",\"https:\/\/x.com\/sunoresearch\",\"https:\/\/www.instagram.com\/suno\",\"https:\/\/www.linkedin.com\/company\/suno-research\/\",\"https:\/\/www.youtube.com\/c\/sunoresearch\"]},{\"@type\":\"Person\",\"@id\":\"https:\/\/www.suno.com.br\/noticias\/#\/schema\/person\/d0f32748bbca4bee871fa191ee4e2d40\",\"name\":\"Giovanni Porf\u00edrio Jacomino\",\"image\":{\"@type\":\"ImageObject\",\"inLanguage\":\"pt-BR\",\"@id\":\"https:\/\/www.suno.com.br\/noticias\/#\/schema\/person\/image\/\",\"url\":\"https:\/\/secure.gravatar.com\/avatar\/efb32e19b730a121cb7a80f41ffec01a?s=96&r=g\",\"contentUrl\":\"https:\/\/secure.gravatar.com\/avatar\/efb32e19b730a121cb7a80f41ffec01a?s=96&r=g\",\"caption\":\"Giovanni Porf\u00edrio Jacomino\"},\"description\":\"Giovanni Porf\u00edrio Jacomino \u00e9 jornalista formado pela Universidade Estadual de Londrina (UEL) e p\u00f3s-graduado em Produ\u00e7\u00e3o e Pr\u00e1ticas Jornal\u00edsticas na Contemporaneidade na Faculdade C\u00e1sper L\u00edbero (FCL). Foi editor web no Startupi e no Finsiders, atuando ainda como editor no TC Mover, portal de not\u00edcias da TradersClub, fazendo a cobertura de assuntos relacionados ao mercado financeiro interno e externo. Atualmente, \u00e9 Rep\u00f3rter do Suno Not\u00edcias.\",\"url\":\"https:\/\/www.suno.com.br\/noticias\/author\/giovanni-porfiriosuno-com-br\/\"}]}<\/script>\n<!-- \/ Yoast SEO plugin. -->","yoast_head_json":{"title":"Eletrobras (ELET3) pede registro na CVM para controladas","description":"A Eletrobras protocolou na CVM um pedido de registro de companhia aberta para as subsidi\u00e1rias CGT Eletrosul e Eletronorte. Saiba mais!","robots":{"index":"index","follow":"follow","max-snippet":"max-snippet:-1","max-image-preview":"max-image-preview:large","max-video-preview":"max-video-preview:-1"},"canonical":"https:\/\/www.suno.com.br\/noticias\/eletrobras-elet3-registro-companhia-aberta-gpj\/","og_locale":"pt_BR","og_type":"article","og_title":"Eletrobras (ELET3) pede registro na CVM para controladas","og_description":"A Eletrobras protocolou na CVM um pedido de registro de companhia aberta para as subsidi\u00e1rias CGT Eletrosul e Eletronorte. Saiba mais!","og_url":"https:\/\/www.suno.com.br\/noticias\/eletrobras-elet3-registro-companhia-aberta-gpj\/","og_site_name":"Suno Not\u00edcias","article_publisher":"https:\/\/facebook.com\/sunoresearch","og_image":[{"width":1200,"height":675,"url":"https:\/\/files.sunoresearch.com.br\/n\/uploads\/2022\/12\/eletrobras-elet3-logo-companhia-foto-divulgacao.jpg","type":"image\/jpeg"}],"author":"Giovanni Porf\u00edrio Jacomino","twitter_card":"summary_large_image","twitter_creator":"@sunoresearch","twitter_site":"@sunoresearch","twitter_misc":{"Escrito por":"Giovanni Porf\u00edrio Jacomino","Est. tempo de leitura":"3 minutos"},"schema":{"@context":"https:\/\/schema.org","@graph":[{"@type":"NewsArticle","@id":"https:\/\/www.suno.com.br\/noticias\/eletrobras-elet3-registro-companhia-aberta-gpj\/#article","isPartOf":{"@id":"https:\/\/www.suno.com.br\/noticias\/eletrobras-elet3-registro-companhia-aberta-gpj\/"},"author":{"name":"Giovanni Porf\u00edrio Jacomino","@id":"https:\/\/www.suno.com.br\/noticias\/#\/schema\/person\/d0f32748bbca4bee871fa191ee4e2d40"},"headline":"Eletrobras (ELET3) pede registro de empresa aberta para CGT Eletrosul e Eletronorte","datePublished":"2024-04-05T11:33:32+00:00","dateModified":"2024-04-05T12:32:11+00:00","mainEntityOfPage":{"@id":"https:\/\/www.suno.com.br\/noticias\/eletrobras-elet3-registro-companhia-aberta-gpj\/"},"wordCount":444,"publisher":{"@id":"https:\/\/www.suno.com.br\/noticias\/#organization"},"image":{"@id":"https:\/\/www.suno.com.br\/noticias\/eletrobras-elet3-registro-companhia-aberta-gpj\/#primaryimage"},"thumbnailUrl":"https:\/\/files.sunoresearch.com.br\/n\/uploads\/2022\/12\/eletrobras-elet3-logo-companhia-foto-divulgacao.jpg","keywords":["Eletrobras (ELET3\/ELET5\/ELET6)"],"articleSection":["Neg\u00f3cios"],"inLanguage":"pt-BR"},{"@type":"WebPage","@id":"https:\/\/www.suno.com.br\/noticias\/eletrobras-elet3-registro-companhia-aberta-gpj\/","url":"https:\/\/www.suno.com.br\/noticias\/eletrobras-elet3-registro-companhia-aberta-gpj\/","name":"Eletrobras (ELET3) pede registro na CVM para controladas","isPartOf":{"@id":"https:\/\/www.suno.com.br\/noticias\/#website"},"primaryImageOfPage":{"@id":"https:\/\/www.suno.com.br\/noticias\/eletrobras-elet3-registro-companhia-aberta-gpj\/#primaryimage"},"image":{"@id":"https:\/\/www.suno.com.br\/noticias\/eletrobras-elet3-registro-companhia-aberta-gpj\/#primaryimage"},"thumbnailUrl":"https:\/\/files.sunoresearch.com.br\/n\/uploads\/2022\/12\/eletrobras-elet3-logo-companhia-foto-divulgacao.jpg","datePublished":"2024-04-05T11:33:32+00:00","dateModified":"2024-04-05T12:32:11+00:00","description":"A Eletrobras protocolou na CVM um pedido de registro de companhia aberta para as subsidi\u00e1rias CGT Eletrosul e Eletronorte. Saiba mais!","breadcrumb":{"@id":"https:\/\/www.suno.com.br\/noticias\/eletrobras-elet3-registro-companhia-aberta-gpj\/#breadcrumb"},"inLanguage":"pt-BR","potentialAction":[{"@type":"ReadAction","target":["https:\/\/www.suno.com.br\/noticias\/eletrobras-elet3-registro-companhia-aberta-gpj\/"]}]},{"@type":"ImageObject","inLanguage":"pt-BR","@id":"https:\/\/www.suno.com.br\/noticias\/eletrobras-elet3-registro-companhia-aberta-gpj\/#primaryimage","url":"https:\/\/files.sunoresearch.com.br\/n\/uploads\/2022\/12\/eletrobras-elet3-logo-companhia-foto-divulgacao.jpg","contentUrl":"https:\/\/files.sunoresearch.com.br\/n\/uploads\/2022\/12\/eletrobras-elet3-logo-companhia-foto-divulgacao.jpg","width":1200,"height":675,"caption":"Eletrobras (ELET3). Foto: Divulga\u00e7\u00e3o"},{"@type":"BreadcrumbList","@id":"https:\/\/www.suno.com.br\/noticias\/eletrobras-elet3-registro-companhia-aberta-gpj\/#breadcrumb","itemListElement":[{"@type":"ListItem","position":1,"name":"Not\u00edcias","item":"https:\/\/www.suno.com.br\/noticias\/"},{"@type":"ListItem","position":2,"name":"Neg\u00f3cios","item":"https:\/\/www.suno.com.br\/noticias\/negocios\/"},{"@type":"ListItem","position":3,"name":"Eletrobras (ELET3) pede registro de empresa aberta para CGT Eletrosul e Eletronorte"}]},{"@type":"WebSite","@id":"https:\/\/www.suno.com.br\/noticias\/#website","url":"https:\/\/www.suno.com.br\/noticias\/","name":"Suno Not\u00edcias","description":"Seu portal de informa\u00e7\u00e3o sobre o mundo dos investimentos","publisher":{"@id":"https:\/\/www.suno.com.br\/noticias\/#organization"},"potentialAction":[{"@type":"SearchAction","target":{"@type":"EntryPoint","urlTemplate":"https:\/\/www.suno.com.br\/noticias\/?s={search_term_string}"},"query-input":{"@type":"PropertyValueSpecification","valueRequired":true,"valueName":"search_term_string"}}],"inLanguage":"pt-BR"},{"@type":"Organization","@id":"https:\/\/www.suno.com.br\/noticias\/#organization","name":"Suno Not\u00edcias","url":"https:\/\/www.suno.com.br\/noticias\/","logo":{"@type":"ImageObject","inLanguage":"pt-BR","@id":"https:\/\/www.suno.com.br\/noticias\/#\/schema\/logo\/image\/","url":"https:\/\/files.sunoresearch.com.br\/n\/uploads\/2021\/09\/suno-logo.png","contentUrl":"https:\/\/files.sunoresearch.com.br\/n\/uploads\/2021\/09\/suno-logo.png","width":180,"height":180,"caption":"Suno Not\u00edcias"},"image":{"@id":"https:\/\/www.suno.com.br\/noticias\/#\/schema\/logo\/image\/"},"sameAs":["https:\/\/facebook.com\/sunoresearch","https:\/\/x.com\/sunoresearch","https:\/\/www.instagram.com\/suno","https:\/\/www.linkedin.com\/company\/suno-research\/","https:\/\/www.youtube.com\/c\/sunoresearch"]},{"@type":"Person","@id":"https:\/\/www.suno.com.br\/noticias\/#\/schema\/person\/d0f32748bbca4bee871fa191ee4e2d40","name":"Giovanni Porf\u00edrio Jacomino","image":{"@type":"ImageObject","inLanguage":"pt-BR","@id":"https:\/\/www.suno.com.br\/noticias\/#\/schema\/person\/image\/","url":"https:\/\/secure.gravatar.com\/avatar\/efb32e19b730a121cb7a80f41ffec01a?s=96&r=g","contentUrl":"https:\/\/secure.gravatar.com\/avatar\/efb32e19b730a121cb7a80f41ffec01a?s=96&r=g","caption":"Giovanni Porf\u00edrio Jacomino"},"description":"Giovanni Porf\u00edrio Jacomino \u00e9 jornalista formado pela Universidade Estadual de Londrina (UEL) e p\u00f3s-graduado em Produ\u00e7\u00e3o e Pr\u00e1ticas Jornal\u00edsticas na Contemporaneidade na Faculdade C\u00e1sper L\u00edbero (FCL). Foi editor web no Startupi e no Finsiders, atuando ainda como editor no TC Mover, portal de not\u00edcias da TradersClub, fazendo a cobertura de assuntos relacionados ao mercado financeiro interno e externo. Atualmente, \u00e9 Rep\u00f3rter do Suno Not\u00edcias.","url":"https:\/\/www.suno.com.br\/noticias\/author\/giovanni-porfiriosuno-com-br\/"}]}},"default_loop_html":"<div class=\"cardsPage__listCard__boxs\"><div class=\"cardsPage__listCard__boxs__img\"><a href=\"https:\/\/www.suno.com.br\/noticias\/eletrobras-elet3-registro-companhia-aberta-gpj\/\"><img class=\"mask\" src=\"https:\/\/www.suno.com.br\/noticias\/wp-content\/themes\/suno\/resources\/images\/spotlight\/spotlight1img\/bg-mask.png\" alt=\"Image Mask\"\/><img src=\"https:\/\/files.sunoresearch.com.br\/n\/uploads\/2022\/12\/eletrobras-elet3-logo-companhia-foto-divulgacao-400x200.jpg\" alt=\"Eletrobras (ELET3) pede registro de empresa aberta para CGT Eletrosul e Eletronorte\"\/><\/a><span class=\"spotlightCategory\"><a href=\"https:\/\/www.suno.com.br\/noticias\/negocios\/\">Neg\u00f3cios<\/a><\/span><\/div><div class=\"cardsPage__listCard__boxs__content\"><a href=\"https:\/\/www.suno.com.br\/noticias\/eletrobras-elet3-registro-companhia-aberta-gpj\/\"><h2 class=\"content__title\">Eletrobras (ELET3) pede registro de empresa aberta para CGT Eletrosul e Eletronorte<\/h2><\/a><div class=\"newsContent__article__meta\"><div class=\"newsContent__article__meta__authorBox\"><a href=\"https:\/\/www.suno.com.br\/noticias\/author\/giovanni-porfiriosuno-com-br\/\" class=\"authorBox__avatar noMobi\"><img src=\"https:\/\/files.sunoresearch.com.br\/n\/uploads\/2024\/05\/DSCF4115-1-1-150x150.webp\" alt=\"Giovanni Porf\u00edrio Jacomino\"><\/a><div class=\"authorBox__name\"><span>por\n\t\t\t<a href=\"https:\/\/www.suno.com.br\/noticias\/author\/giovanni-porfiriosuno-com-br\/\"><span itemprop=\"author\">Giovanni Porf\u00edrio Jacomino<\/span><\/a><\/span><time datetime=\"2024-04-05T08:33:32-03:00\" itemprop=\"datePublished\">05\/04\/2024 08:33<\/time><\/div><\/div><\/div><\/div><\/div>","single_layout":"posts","amp_enabled":true,"_links":{"self":[{"href":"https:\/\/www.suno.com.br\/noticias\/wp-json\/wp\/v2\/posts\/541135"}],"collection":[{"href":"https:\/\/www.suno.com.br\/noticias\/wp-json\/wp\/v2\/posts"}],"about":[{"href":"https:\/\/www.suno.com.br\/noticias\/wp-json\/wp\/v2\/types\/post"}],"author":[{"embeddable":true,"href":"https:\/\/www.suno.com.br\/noticias\/wp-json\/wp\/v2\/users\/313"}],"replies":[{"embeddable":true,"href":"https:\/\/www.suno.com.br\/noticias\/wp-json\/wp\/v2\/comments?post=541135"}],"version-history":[{"count":2,"href":"https:\/\/www.suno.com.br\/noticias\/wp-json\/wp\/v2\/posts\/541135\/revisions"}],"predecessor-version":[{"id":541162,"href":"https:\/\/www.suno.com.br\/noticias\/wp-json\/wp\/v2\/posts\/541135\/revisions\/541162"}],"wp:featuredmedia":[{"embeddable":true,"href":"https:\/\/www.suno.com.br\/noticias\/wp-json\/wp\/v2\/media\/329592"}],"wp:attachment":[{"href":"https:\/\/www.suno.com.br\/noticias\/wp-json\/wp\/v2\/media?parent=541135"}],"wp:term":[{"taxonomy":"category","embeddable":true,"href":"https:\/\/www.suno.com.br\/noticias\/wp-json\/wp\/v2\/categories?post=541135"},{"taxonomy":"post_tag","embeddable":true,"href":"https:\/\/www.suno.com.br\/noticias\/wp-json\/wp\/v2\/tags?post=541135"},{"taxonomy":"suno_strategy","embeddable":true,"href":"https:\/\/www.suno.com.br\/noticias\/wp-json\/wp\/v2\/suno_strategy?post=541135"}],"curies":[{"name":"wp","href":"https:\/\/api.w.org\/{rel}","templated":true}]}}