{"id":540889,"date":"2024-04-04T13:40:23","date_gmt":"2024-04-04T16:40:23","guid":{"rendered":"https:\/\/www.suno.com.br\/noticias\/?p=540889"},"modified":"2024-04-04T13:53:05","modified_gmt":"2024-04-04T16:53:05","slug":"petrobras-petr4-ministros-lula-dividendos-extraordinarios-evm","status":"publish","type":"post","link":"https:\/\/www.suno.com.br\/noticias\/petrobras-petr4-ministros-lula-dividendos-extraordinarios-evm\/","title":{"rendered":"Petrobras (PETR4): Ministros deram sinal verde para dividendos extraordin\u00e1rios, diz jornal"},"content":{"rendered":"<p>Em reuni\u00e3o nesta quarta-feira (4), os ministros Fernando Haddad, da Fazenda, Alexandre Silveira, de Minas e Energia e Rui Costa, da Casa Civil, fecharam um acordo para pagar os <a class=\"suno-keyword\" data-force=\"no\" data-priority=\"1\" href=\"https:\/\/www.suno.com.br\/guias\/dividendos\/\" target=\"_blank\" rel=\"noopener\">dividendos<\/a> extraordin\u00e1rios da <a class=\"suno-keyword\" data-force=\"yes\" data-priority=\"2\" href=\"https:\/\/www.suno.com.br\/acoes\/PETR4\/\" target=\"_blank\" rel=\"noopener\"><strong>Petrobras<\/strong> (PETR4)<\/a> que foram retidos. As informa\u00e7\u00f5es s\u00e3o da coluna da Malu Gaspar, do jornal O Globo.<\/p><div class=\"videoFull \">\n\t\t\t<div class=\"videoWrapper yt-lazyload center\"\n\t\t\t\tdata-width=\"960\"\n\t\t\t\tdata-height=\"540\"\n\t\t\t\tdata-id=\"sOyqn1zRXn0\"\n\t\t\t\tdata-alt=\"V\u00eddeo do YouTube - clique para reproduzir\"\n\t\t\t\tdata-logo=\"3\"\n\t\t\t\tdata-imagequality=\"maxres\">\n\t\t\t<\/div>\n\t\t<\/div><script type=\"application\/ld+json\">{\"@context\":\"https:\/\/schema.org\",\"@type\":\"VideoObject\",\"name\":\"\ud83d\udd34 NOVO PRESIDENTE DA PETROBRAS (PETR4) ? | Ibovespa cai | Oferta da Sabesp (SBSP3)\",\"description\":\"#mercadofinanceiro #a\u00e7\u00f5es #investimentos #bolsadevalores #ibovespa #dinheiro #finan\u00e7as #pol\u00edtica #d\u00f3lar #livedas19h #petr4 #petr3 #petrobras #vale3 #vale #a\u00e7\u00f5es #economia #dividendos #min\u00e9riodeferro #min\u00e9rio #petr\u00f3leo #commodities #proventos #jcp #nubank #roxo34 #sabesp #sbsps3 00:00 In\u00edcio do v\u00eddeo 01:50 Fechamento de mercado 07:10 Novo CEO da Petrobras? 16:10 Oferta da Sabesp 20:05 Cofundadora do Nubank entra para a lista da Forbes\u2026\",\"duration\":\"PT25M58S\",\"embedUrl\":\"https:\/\/www.youtube.com\/embed\/sOyqn1zRXn0\",\"regionsAllowed\":\"en-US\",\"interactionStatistic\":{\"@type\":\"InteractionCounter\",\"interactionType\":{\"@type\":\"WatchAction\"},\"userInteractionCount\":9215},\"thumbnailUrl\":\"https:\/\/i.ytimg.com\/vi\/sOyqn1zRXn0\/default.jpg\",\"uploadDate\":\"2024-04-03T22:31:58Z\"}<\/script>\n\n\n\n\n\t<p>\n\t\t<a href=\"\" target=\"_blank\" data-element=\"shortcode-suno-banner\" title=\"Banner SUNO, clique e saiba mais\">\n\t\t\t<picture>\n\t\t\t\t<source media=\"(max-width: 500px)\" srcset=\"\">\n\t\t\t\t<img class=\"newsContent__article__imgCapa newsContent__article__imgCapa--banner\"\n\t\t\t\t\tsrc=\"\"\n\t\t\t\t\tdata-promo-id=\"254218\"\t\t\t\t\t\t\t\t\t\t\t\t\t\t\talt=\"\"\n\t\t\t\t>\n\t\t\t<\/picture>\n\t\t<\/a>\n\t<\/p>\n\n\n\n\n\n<p>A apura\u00e7\u00e3o de bastidores mostra que a decis\u00e3o foi por distribuir 100% dos <strong>dividendos extraordin\u00e1rios da Petrobras<\/strong>, que representa uma cifra de R$ 43,9 bilh\u00f5es.<\/p>\n\n\n\n<p>A decis\u00e3o teria sido acordada pelos ministros em reuni\u00e3o nesta quarta (3).<\/p>\n\n\n\n<p>Agora, essa decis\u00e3o deve ser levada ao Presidente da Rep\u00fablica, Lula (PT). A avalia\u00e7\u00e3o \u00e9 de que o mandat\u00e1rio deve aprovar a medida.<\/p>\n\n\n\n<p>Ap\u00f3s isso, esse tema ser\u00e1 levado para a aprecia\u00e7\u00e3o do <a class=\"suno-keyword\" target=\"_blank\" data-force=\"no\" data-priority=\"1\" href=\"https:\/\/www.suno.com.br\/artigos\/conselho-administracao\/\" rel=\"noopener\">Conselho de Administra\u00e7\u00e3o<\/a> da Petrobras, em uma reuni\u00e3o que ocorrer\u00e1 no dia 19 de abril.<\/p>\n\n\n\n<p>Na vota\u00e7\u00e3o que optou pela n\u00e3o distribui\u00e7\u00e3o dos proventos, 6 dos 11 conselheiros decidiram reter, sendo representantes do <a href=\"https:\/\/www.gov.br\/pt-br\">Governo Federal<\/a>, que \u00e9 <a class=\"suno-keyword\" data-force=\"no\" data-priority=\"1\" href=\"https:\/\/www.suno.com.br\/artigos\/acionista-majoritario\/\" target=\"_blank\" rel=\"noopener\">acionista majorit\u00e1rio<\/a>. Jean Paul Prates, CEO da companhia, se absteve.<\/p>\n\n\n\n<p>\u00c0 \u00e9poca, Lula chegou a declarar que teve &#8220;uma conversa s\u00e9ria com a administra\u00e7\u00e3o da Petrobras&#8221; sobre os tema e que n\u00e3o atenderia &#8220;\u00e0 choradeira do mercado&#8221;.<\/p>\n\n\n\n\t<div data-element=\"shortcode-read-more\" class=\"readToo\">\n\t\t\t\t<span class=\"readToo__title\">Leia mais<\/span>\n\t\t\t\t<ul class=\"readToo__list\">\n\t\t\t<li><a href=\"https:\/\/www.suno.com.br\/noticias\/dolar-indicadores-dirigentes-fed-evm\/\">D\u00f3lar cai com indicadores antes de discurso de dirigentes do Fed<\/a><\/li><li><a href=\"https:\/\/www.suno.com.br\/noticias\/b3-b3sa3-acoes-disparam-selic-gringo-evm\/\">B3 (B3SA3): A\u00e7\u00f5es disparam com Selic e &#8216;efeito gringo&#8217;; entenda<\/a><\/li><li><a href=\"https:\/\/www.suno.com.br\/noticias\/petrobras-petr4-mercadante-presidencia-gpj\/\">Petrobras (PETR4): Mercadante \u00e9 cotado para comandar estatal, diz coluna<\/a><\/li><li><a href=\"https:\/\/www.suno.com.br\/noticias\/petrobras-petr4-indicacoes-conselhos-gpj\/\">Petrobras (PETR4) recebe indica\u00e7\u00f5es para assentos nos conselhos fiscal e de administra\u00e7\u00e3o; saiba mais<\/a><\/li>\t\t<\/ul>\n\t<\/div>\n\n\n\n\n<p>Para a forma\u00e7\u00e3o de maioria atualmente, Haddad teria conversado previamente com Prates sobre o assunto e o CEO teria relatado que o plano de investimentos da companhia n\u00e3o seria executado por completo, o que faria sobrar caixa.<\/p>\n\n\n\n<p>Esse cen\u00e1rio foi o suficiente para os ministros cederem para o pagamento de proventos.<\/p>\n\n\n\n<p>Prates e Lula ir\u00e3o se reunir nesta sexta-feira (5).<\/p>\n\n\n\n<h2 class=\"wp-block-heading\">Decis\u00e3o sobre dividendos da Petrobras \u00e9 &#8216;vit\u00f3ria de Haddad&#8217;<\/h2>\n\n\n\n<p>A avalia\u00e7\u00e3o, segundo a apura\u00e7\u00e3o do Globo, \u00e9 de que essa decis\u00e3o representa uma vit\u00f3ria do ministro da Fazenda.<\/p>\n\n\n\t<p>\n\t\t<a href=\"https:\/\/lp.suno.com.br\/ebook-como-analisar-uma-acao\/\" target=\"_blank\" data-element=\"shortcode-suno-banner\" title=\"Banner SUNO, clique e saiba mais\">\n\t\t\t<picture>\n\t\t\t\t<source media=\"(max-width: 500px)\" srcset=\"https:\/\/files.sunoresearch.com.br\/n\/uploads\/2023\/03\/Ebook-Acoes-Mobile.jpg\">\n\t\t\t\t<img class=\"newsContent__article__imgCapa newsContent__article__imgCapa--banner\"\n\t\t\t\t\tsrc=\"https:\/\/files.sunoresearch.com.br\/n\/uploads\/2023\/03\/Ebook-Acoes-Desktop.jpg\"\n\t\t\t\t\tdata-promo-id=\"378302\"\t\t\t\t\t\t\t\t\t\twidth='1420' height='286'\t\t\t\t\talt=\"https:\/\/files.sunoresearch.com.br\/n\/uploads\/2023\/03\/Ebook-Acoes-Desktop.jpg\"\n\t\t\t\t>\n\t\t\t<\/picture>\n\t\t<\/a>\n\t<\/p>\n\n\n\n\n\n<p>Isso, pois ele estaria defendendo o <strong>pagamento de dividendos<\/strong> ao passo que Costa e Silveira estariam defendendo a reten\u00e7\u00e3o dos recursos.<\/p>\n\n\n\n<p>A n\u00e3o distribui\u00e7\u00e3o dos <strong>dividendos da Petrobras<\/strong> ap\u00f3s a divulga\u00e7\u00e3o do balan\u00e7o do quarto trimestre de 2023 representou uma frustra\u00e7\u00e3o relevante para o mercado, que tinha grandes expectativas para a distribui\u00e7\u00e3o.<\/p>\n\n\n\n<p>Com isso, esse evento foi um dos grandes catalisadores para a queda de <strong>PETR4<\/strong> em mar\u00e7o.<\/p>\n\n\n\n<p>Al\u00e9m disso, vale destacar que, dado que a Uni\u00e3o \u00e9 o maior acionista da Petrobras atualmente, ela receberia uma fatia expressiva &#8211; 30%, cercad e R$ 13 bilh\u00f5es &#8211; destes dividendos. <\/p>\n\n\n\n<p>Isso, em um contexto que a Fazenda est\u00e1 em uma encruzilhada para zerar o <a class=\"suno-keyword\" target=\"_blank\" data-force=\"no\" data-priority=\"1\" href=\"https:\/\/www.suno.com.br\/artigos\/deficit-primario\/\" rel=\"noopener\">d\u00e9ficit prim\u00e1rio<\/a> neste ano.<\/p>\n\n\n\n<p>O cen\u00e1rio mostra um embate entre Haddad e Prates, que tem uma vis\u00e3o acerca dos rumos da Petrobras, enquanto Costa e Silveira tem posi\u00e7\u00f5es diferentes acerca da estrat\u00e9gia da estatal.<\/p>\n\n\n\n<p>&#8220;Acredito que em alguma medida \u00e9 uma vit\u00f3ria do Minist\u00e9rio da Fazenda conseguir esses dividendos haja visto que \u00e9 um governo que n\u00e3o est\u00e1 muito preocupado em reduzir gastos, ou seja, busca o equil\u00edbrio fiscal por meio de aumento de receitas e, claro, o dividendo distribu\u00eddo da <strong>Petrobras<\/strong> vai uma parte direcionada pro governo, que \u00e9 um dos principais acionistas da empresa. Ent\u00e3o \u00e9 um refor\u00e7o de caixa, \u00e9 uma receita a\u00ed que ajuda no equil\u00edbrio fiscal do pa\u00eds&#8221;, comenta Leandro Petrokas, diretor de research e s\u00f3cio da Quantzed.<\/p>\n\n\n\t<p>\n\t\t<a href=\"https:\/\/lp.suno.com.br\/plataforma-de-controle-de-investimentos\/\" target=\"_blank\" data-element=\"shortcode-suno-banner\" title=\"Banner SUNO, clique e saiba mais\">\n\t\t\t<picture>\n\t\t\t\t<source media=\"(max-width: 500px)\" srcset=\"https:\/\/files.sunoresearch.com.br\/n\/uploads\/2023\/03\/400x300-Controle-de-Investimentos.png\">\n\t\t\t\t<img class=\"newsContent__article__imgCapa newsContent__article__imgCapa--banner\"\n\t\t\t\t\tsrc=\"https:\/\/files.sunoresearch.com.br\/n\/uploads\/2023\/03\/1420x240-Controle-de-Investimentos.png\"\n\t\t\t\t\tdata-promo-id=\"383162\"\t\t\t\t\t\t\t\t\t\twidth='1420' height='240'\t\t\t\t\talt=\"https:\/\/files.sunoresearch.com.br\/n\/uploads\/2023\/03\/1420x240-Controle-de-Investimentos.png\"\n\t\t\t\t>\n\t\t\t<\/picture>\n\t\t<\/a>\n\t<\/p>\n\n\n","protected":false},"excerpt":{"rendered":"<p>Em reuni\u00e3o nesta quarta-feira (4), os ministros Fernando Haddad, da Fazenda, Alexandre Silveira, de Minas e Energia e Rui Costa, da Casa Civil, fecharam um acordo para pagar os dividendos extraordin\u00e1rios da Petrobras (PETR4) que foram retidos. As informa\u00e7\u00f5es s\u00e3o da coluna da Malu Gaspar, do jornal O Globo. A apura\u00e7\u00e3o de bastidores mostra que [&hellip;]<\/p>\n","protected":false},"author":73,"featured_media":327855,"comment_status":"closed","ping_status":"closed","sticky":false,"template":"","format":"standard","meta":[],"categories":[64],"tags":[295,105816,595],"suno_strategy":[],"class_list":["post-540889","post","type-post","status-publish","format-standard","has-post-thumbnail","hentry","category-negocios","tag-dividendos","tag-especialistas","tag-petrobras-petr4"],"yoast_head":"<!-- This site is optimized with the Yoast SEO plugin v24.4 - https:\/\/yoast.com\/wordpress\/plugins\/seo\/ -->\n<title>Petrobras (PETR4): Ministros aprovam dividendos extraordin\u00e1rios<\/title>\n<meta name=\"description\" content=\"Em meio \u00e0 crise na Petrobras, ministros teriam selado um acordo para dividendos. Clique para saber mais sobre os dividendos da Petrobras.\" \/>\n<meta name=\"robots\" content=\"index, follow, max-snippet:-1, max-image-preview:large, max-video-preview:-1\" \/>\n<link rel=\"canonical\" href=\"https:\/\/www.suno.com.br\/noticias\/petrobras-petr4-ministros-lula-dividendos-extraordinarios-evm\/\" \/>\n<meta property=\"og:locale\" content=\"pt_BR\" \/>\n<meta property=\"og:type\" content=\"article\" \/>\n<meta property=\"og:title\" content=\"Petrobras (PETR4): Ministros aprovam dividendos extraordin\u00e1rios\" \/>\n<meta property=\"og:description\" content=\"Em meio \u00e0 crise na Petrobras, ministros teriam selado um acordo para dividendos. Clique para saber mais sobre os dividendos da Petrobras.\" \/>\n<meta property=\"og:url\" content=\"https:\/\/www.suno.com.br\/noticias\/petrobras-petr4-ministros-lula-dividendos-extraordinarios-evm\/\" \/>\n<meta property=\"og:site_name\" content=\"Suno Not\u00edcias\" \/>\n<meta property=\"article:publisher\" content=\"https:\/\/facebook.com\/sunoresearch\" \/>\n<meta property=\"og:image\" content=\"https:\/\/files.sunoresearch.com.br\/n\/uploads\/2022\/12\/fernando-haddad-transicao-foto-marcelo-camargo-agencia-brasil.jpg\" \/>\n\t<meta property=\"og:image:width\" content=\"1200\" \/>\n\t<meta property=\"og:image:height\" content=\"675\" \/>\n\t<meta property=\"og:image:type\" content=\"image\/jpeg\" \/>\n<meta name=\"author\" content=\"Eduardo Vargas\" \/>\n<meta name=\"twitter:card\" content=\"summary_large_image\" \/>\n<meta name=\"twitter:creator\" content=\"@sunoresearch\" \/>\n<meta name=\"twitter:site\" content=\"@sunoresearch\" \/>\n<meta name=\"twitter:label1\" content=\"Escrito por\" \/>\n\t<meta name=\"twitter:data1\" content=\"Eduardo Vargas\" \/>\n\t<meta name=\"twitter:label2\" content=\"Est. tempo de leitura\" \/>\n\t<meta name=\"twitter:data2\" content=\"3 minutos\" \/>\n<script type=\"application\/ld+json\" class=\"yoast-schema-graph\">{\"@context\":\"https:\/\/schema.org\",\"@graph\":[{\"@type\":\"NewsArticle\",\"@id\":\"https:\/\/www.suno.com.br\/noticias\/petrobras-petr4-ministros-lula-dividendos-extraordinarios-evm\/#article\",\"isPartOf\":{\"@id\":\"https:\/\/www.suno.com.br\/noticias\/petrobras-petr4-ministros-lula-dividendos-extraordinarios-evm\/\"},\"author\":{\"name\":\"Eduardo Vargas\",\"@id\":\"https:\/\/www.suno.com.br\/noticias\/#\/schema\/person\/7f4d362bf3518e76090143ae77bb49a5\"},\"headline\":\"Petrobras (PETR4): Ministros deram sinal verde para dividendos extraordin\u00e1rios, diz jornal\",\"datePublished\":\"2024-04-04T16:40:23+00:00\",\"dateModified\":\"2024-04-04T16:53:05+00:00\",\"mainEntityOfPage\":{\"@id\":\"https:\/\/www.suno.com.br\/noticias\/petrobras-petr4-ministros-lula-dividendos-extraordinarios-evm\/\"},\"wordCount\":578,\"publisher\":{\"@id\":\"https:\/\/www.suno.com.br\/noticias\/#organization\"},\"image\":{\"@id\":\"https:\/\/www.suno.com.br\/noticias\/petrobras-petr4-ministros-lula-dividendos-extraordinarios-evm\/#primaryimage\"},\"thumbnailUrl\":\"https:\/\/files.sunoresearch.com.br\/n\/uploads\/2022\/12\/fernando-haddad-transicao-foto-marcelo-camargo-agencia-brasil.jpg\",\"keywords\":[\"dividendos\",\"Especialistas\",\"Petrobras (PETR4)\"],\"articleSection\":[\"Neg\u00f3cios\"],\"inLanguage\":\"pt-BR\"},{\"@type\":\"WebPage\",\"@id\":\"https:\/\/www.suno.com.br\/noticias\/petrobras-petr4-ministros-lula-dividendos-extraordinarios-evm\/\",\"url\":\"https:\/\/www.suno.com.br\/noticias\/petrobras-petr4-ministros-lula-dividendos-extraordinarios-evm\/\",\"name\":\"Petrobras (PETR4): Ministros aprovam dividendos extraordin\u00e1rios\",\"isPartOf\":{\"@id\":\"https:\/\/www.suno.com.br\/noticias\/#website\"},\"primaryImageOfPage\":{\"@id\":\"https:\/\/www.suno.com.br\/noticias\/petrobras-petr4-ministros-lula-dividendos-extraordinarios-evm\/#primaryimage\"},\"image\":{\"@id\":\"https:\/\/www.suno.com.br\/noticias\/petrobras-petr4-ministros-lula-dividendos-extraordinarios-evm\/#primaryimage\"},\"thumbnailUrl\":\"https:\/\/files.sunoresearch.com.br\/n\/uploads\/2022\/12\/fernando-haddad-transicao-foto-marcelo-camargo-agencia-brasil.jpg\",\"datePublished\":\"2024-04-04T16:40:23+00:00\",\"dateModified\":\"2024-04-04T16:53:05+00:00\",\"description\":\"Em meio \u00e0 crise na Petrobras, ministros teriam selado um acordo para dividendos. Clique para saber mais sobre os dividendos da Petrobras.\",\"breadcrumb\":{\"@id\":\"https:\/\/www.suno.com.br\/noticias\/petrobras-petr4-ministros-lula-dividendos-extraordinarios-evm\/#breadcrumb\"},\"inLanguage\":\"pt-BR\",\"potentialAction\":[{\"@type\":\"ReadAction\",\"target\":[\"https:\/\/www.suno.com.br\/noticias\/petrobras-petr4-ministros-lula-dividendos-extraordinarios-evm\/\"]}]},{\"@type\":\"ImageObject\",\"inLanguage\":\"pt-BR\",\"@id\":\"https:\/\/www.suno.com.br\/noticias\/petrobras-petr4-ministros-lula-dividendos-extraordinarios-evm\/#primaryimage\",\"url\":\"https:\/\/files.sunoresearch.com.br\/n\/uploads\/2022\/12\/fernando-haddad-transicao-foto-marcelo-camargo-agencia-brasil.jpg\",\"contentUrl\":\"https:\/\/files.sunoresearch.com.br\/n\/uploads\/2022\/12\/fernando-haddad-transicao-foto-marcelo-camargo-agencia-brasil.jpg\",\"width\":1200,\"height\":675,\"caption\":\"Haddad. Foto: Marcelo Camargo\/Ag\u00eancia Brasil\"},{\"@type\":\"BreadcrumbList\",\"@id\":\"https:\/\/www.suno.com.br\/noticias\/petrobras-petr4-ministros-lula-dividendos-extraordinarios-evm\/#breadcrumb\",\"itemListElement\":[{\"@type\":\"ListItem\",\"position\":1,\"name\":\"Not\u00edcias\",\"item\":\"https:\/\/www.suno.com.br\/noticias\/\"},{\"@type\":\"ListItem\",\"position\":2,\"name\":\"Neg\u00f3cios\",\"item\":\"https:\/\/www.suno.com.br\/noticias\/negocios\/\"},{\"@type\":\"ListItem\",\"position\":3,\"name\":\"Petrobras (PETR4): Ministros deram sinal verde para dividendos extraordin\u00e1rios, diz jornal\"}]},{\"@type\":\"WebSite\",\"@id\":\"https:\/\/www.suno.com.br\/noticias\/#website\",\"url\":\"https:\/\/www.suno.com.br\/noticias\/\",\"name\":\"Suno Not\u00edcias\",\"description\":\"Seu portal de informa\u00e7\u00e3o sobre o mundo dos investimentos\",\"publisher\":{\"@id\":\"https:\/\/www.suno.com.br\/noticias\/#organization\"},\"potentialAction\":[{\"@type\":\"SearchAction\",\"target\":{\"@type\":\"EntryPoint\",\"urlTemplate\":\"https:\/\/www.suno.com.br\/noticias\/?s={search_term_string}\"},\"query-input\":{\"@type\":\"PropertyValueSpecification\",\"valueRequired\":true,\"valueName\":\"search_term_string\"}}],\"inLanguage\":\"pt-BR\"},{\"@type\":\"Organization\",\"@id\":\"https:\/\/www.suno.com.br\/noticias\/#organization\",\"name\":\"Suno Not\u00edcias\",\"url\":\"https:\/\/www.suno.com.br\/noticias\/\",\"logo\":{\"@type\":\"ImageObject\",\"inLanguage\":\"pt-BR\",\"@id\":\"https:\/\/www.suno.com.br\/noticias\/#\/schema\/logo\/image\/\",\"url\":\"https:\/\/files.sunoresearch.com.br\/n\/uploads\/2021\/09\/suno-logo.png\",\"contentUrl\":\"https:\/\/files.sunoresearch.com.br\/n\/uploads\/2021\/09\/suno-logo.png\",\"width\":180,\"height\":180,\"caption\":\"Suno Not\u00edcias\"},\"image\":{\"@id\":\"https:\/\/www.suno.com.br\/noticias\/#\/schema\/logo\/image\/\"},\"sameAs\":[\"https:\/\/facebook.com\/sunoresearch\",\"https:\/\/x.com\/sunoresearch\",\"https:\/\/www.instagram.com\/suno\",\"https:\/\/www.linkedin.com\/company\/suno-research\/\",\"https:\/\/www.youtube.com\/c\/sunoresearch\"]},{\"@type\":\"Person\",\"@id\":\"https:\/\/www.suno.com.br\/noticias\/#\/schema\/person\/7f4d362bf3518e76090143ae77bb49a5\",\"name\":\"Eduardo Vargas\",\"image\":{\"@type\":\"ImageObject\",\"inLanguage\":\"pt-BR\",\"@id\":\"https:\/\/www.suno.com.br\/noticias\/#\/schema\/person\/image\/\",\"url\":\"https:\/\/secure.gravatar.com\/avatar\/dac340933427a22924c9f99d1eb2e3f2?s=96&r=g\",\"contentUrl\":\"https:\/\/secure.gravatar.com\/avatar\/dac340933427a22924c9f99d1eb2e3f2?s=96&r=g\",\"caption\":\"Eduardo Vargas\"},\"description\":\"Jornalista formado pela UFSC, cobre macroeconomia, neg\u00f3cios e startups para o Suno Not\u00edcias, escrevendo principalmente not\u00edcias sobre o mercado financeiro e a bolsa de valores. No YouTube e no Instagram, \u00e9 respons\u00e1vel pela produ\u00e7\u00e3o de Reels e Shorts do Suno Not\u00edcias. Anteriormente, trabalhou cobrindo economia e cotidiano no ND+ e para o ND, maior jornal impresso de Santa Catarina. Cursou um semestre letivo de Estudos de M\u00eddia na Universidad de Buenos Aires.\",\"url\":\"https:\/\/www.suno.com.br\/noticias\/author\/eduardo-vargas\/\"}]}<\/script>\n<!-- \/ Yoast SEO plugin. -->","yoast_head_json":{"title":"Petrobras (PETR4): Ministros aprovam dividendos extraordin\u00e1rios","description":"Em meio \u00e0 crise na Petrobras, ministros teriam selado um acordo para dividendos. Clique para saber mais sobre os dividendos da Petrobras.","robots":{"index":"index","follow":"follow","max-snippet":"max-snippet:-1","max-image-preview":"max-image-preview:large","max-video-preview":"max-video-preview:-1"},"canonical":"https:\/\/www.suno.com.br\/noticias\/petrobras-petr4-ministros-lula-dividendos-extraordinarios-evm\/","og_locale":"pt_BR","og_type":"article","og_title":"Petrobras (PETR4): Ministros aprovam dividendos extraordin\u00e1rios","og_description":"Em meio \u00e0 crise na Petrobras, ministros teriam selado um acordo para dividendos. Clique para saber mais sobre os dividendos da Petrobras.","og_url":"https:\/\/www.suno.com.br\/noticias\/petrobras-petr4-ministros-lula-dividendos-extraordinarios-evm\/","og_site_name":"Suno Not\u00edcias","article_publisher":"https:\/\/facebook.com\/sunoresearch","og_image":[{"width":1200,"height":675,"url":"https:\/\/files.sunoresearch.com.br\/n\/uploads\/2022\/12\/fernando-haddad-transicao-foto-marcelo-camargo-agencia-brasil.jpg","type":"image\/jpeg"}],"author":"Eduardo Vargas","twitter_card":"summary_large_image","twitter_creator":"@sunoresearch","twitter_site":"@sunoresearch","twitter_misc":{"Escrito por":"Eduardo Vargas","Est. tempo de leitura":"3 minutos"},"schema":{"@context":"https:\/\/schema.org","@graph":[{"@type":"NewsArticle","@id":"https:\/\/www.suno.com.br\/noticias\/petrobras-petr4-ministros-lula-dividendos-extraordinarios-evm\/#article","isPartOf":{"@id":"https:\/\/www.suno.com.br\/noticias\/petrobras-petr4-ministros-lula-dividendos-extraordinarios-evm\/"},"author":{"name":"Eduardo Vargas","@id":"https:\/\/www.suno.com.br\/noticias\/#\/schema\/person\/7f4d362bf3518e76090143ae77bb49a5"},"headline":"Petrobras (PETR4): Ministros deram sinal verde para dividendos extraordin\u00e1rios, diz jornal","datePublished":"2024-04-04T16:40:23+00:00","dateModified":"2024-04-04T16:53:05+00:00","mainEntityOfPage":{"@id":"https:\/\/www.suno.com.br\/noticias\/petrobras-petr4-ministros-lula-dividendos-extraordinarios-evm\/"},"wordCount":578,"publisher":{"@id":"https:\/\/www.suno.com.br\/noticias\/#organization"},"image":{"@id":"https:\/\/www.suno.com.br\/noticias\/petrobras-petr4-ministros-lula-dividendos-extraordinarios-evm\/#primaryimage"},"thumbnailUrl":"https:\/\/files.sunoresearch.com.br\/n\/uploads\/2022\/12\/fernando-haddad-transicao-foto-marcelo-camargo-agencia-brasil.jpg","keywords":["dividendos","Especialistas","Petrobras (PETR4)"],"articleSection":["Neg\u00f3cios"],"inLanguage":"pt-BR"},{"@type":"WebPage","@id":"https:\/\/www.suno.com.br\/noticias\/petrobras-petr4-ministros-lula-dividendos-extraordinarios-evm\/","url":"https:\/\/www.suno.com.br\/noticias\/petrobras-petr4-ministros-lula-dividendos-extraordinarios-evm\/","name":"Petrobras (PETR4): Ministros aprovam dividendos extraordin\u00e1rios","isPartOf":{"@id":"https:\/\/www.suno.com.br\/noticias\/#website"},"primaryImageOfPage":{"@id":"https:\/\/www.suno.com.br\/noticias\/petrobras-petr4-ministros-lula-dividendos-extraordinarios-evm\/#primaryimage"},"image":{"@id":"https:\/\/www.suno.com.br\/noticias\/petrobras-petr4-ministros-lula-dividendos-extraordinarios-evm\/#primaryimage"},"thumbnailUrl":"https:\/\/files.sunoresearch.com.br\/n\/uploads\/2022\/12\/fernando-haddad-transicao-foto-marcelo-camargo-agencia-brasil.jpg","datePublished":"2024-04-04T16:40:23+00:00","dateModified":"2024-04-04T16:53:05+00:00","description":"Em meio \u00e0 crise na Petrobras, ministros teriam selado um acordo para dividendos. Clique para saber mais sobre os dividendos da Petrobras.","breadcrumb":{"@id":"https:\/\/www.suno.com.br\/noticias\/petrobras-petr4-ministros-lula-dividendos-extraordinarios-evm\/#breadcrumb"},"inLanguage":"pt-BR","potentialAction":[{"@type":"ReadAction","target":["https:\/\/www.suno.com.br\/noticias\/petrobras-petr4-ministros-lula-dividendos-extraordinarios-evm\/"]}]},{"@type":"ImageObject","inLanguage":"pt-BR","@id":"https:\/\/www.suno.com.br\/noticias\/petrobras-petr4-ministros-lula-dividendos-extraordinarios-evm\/#primaryimage","url":"https:\/\/files.sunoresearch.com.br\/n\/uploads\/2022\/12\/fernando-haddad-transicao-foto-marcelo-camargo-agencia-brasil.jpg","contentUrl":"https:\/\/files.sunoresearch.com.br\/n\/uploads\/2022\/12\/fernando-haddad-transicao-foto-marcelo-camargo-agencia-brasil.jpg","width":1200,"height":675,"caption":"Haddad. Foto: Marcelo Camargo\/Ag\u00eancia Brasil"},{"@type":"BreadcrumbList","@id":"https:\/\/www.suno.com.br\/noticias\/petrobras-petr4-ministros-lula-dividendos-extraordinarios-evm\/#breadcrumb","itemListElement":[{"@type":"ListItem","position":1,"name":"Not\u00edcias","item":"https:\/\/www.suno.com.br\/noticias\/"},{"@type":"ListItem","position":2,"name":"Neg\u00f3cios","item":"https:\/\/www.suno.com.br\/noticias\/negocios\/"},{"@type":"ListItem","position":3,"name":"Petrobras (PETR4): Ministros deram sinal verde para dividendos extraordin\u00e1rios, diz jornal"}]},{"@type":"WebSite","@id":"https:\/\/www.suno.com.br\/noticias\/#website","url":"https:\/\/www.suno.com.br\/noticias\/","name":"Suno Not\u00edcias","description":"Seu portal de informa\u00e7\u00e3o sobre o mundo dos investimentos","publisher":{"@id":"https:\/\/www.suno.com.br\/noticias\/#organization"},"potentialAction":[{"@type":"SearchAction","target":{"@type":"EntryPoint","urlTemplate":"https:\/\/www.suno.com.br\/noticias\/?s={search_term_string}"},"query-input":{"@type":"PropertyValueSpecification","valueRequired":true,"valueName":"search_term_string"}}],"inLanguage":"pt-BR"},{"@type":"Organization","@id":"https:\/\/www.suno.com.br\/noticias\/#organization","name":"Suno Not\u00edcias","url":"https:\/\/www.suno.com.br\/noticias\/","logo":{"@type":"ImageObject","inLanguage":"pt-BR","@id":"https:\/\/www.suno.com.br\/noticias\/#\/schema\/logo\/image\/","url":"https:\/\/files.sunoresearch.com.br\/n\/uploads\/2021\/09\/suno-logo.png","contentUrl":"https:\/\/files.sunoresearch.com.br\/n\/uploads\/2021\/09\/suno-logo.png","width":180,"height":180,"caption":"Suno Not\u00edcias"},"image":{"@id":"https:\/\/www.suno.com.br\/noticias\/#\/schema\/logo\/image\/"},"sameAs":["https:\/\/facebook.com\/sunoresearch","https:\/\/x.com\/sunoresearch","https:\/\/www.instagram.com\/suno","https:\/\/www.linkedin.com\/company\/suno-research\/","https:\/\/www.youtube.com\/c\/sunoresearch"]},{"@type":"Person","@id":"https:\/\/www.suno.com.br\/noticias\/#\/schema\/person\/7f4d362bf3518e76090143ae77bb49a5","name":"Eduardo Vargas","image":{"@type":"ImageObject","inLanguage":"pt-BR","@id":"https:\/\/www.suno.com.br\/noticias\/#\/schema\/person\/image\/","url":"https:\/\/secure.gravatar.com\/avatar\/dac340933427a22924c9f99d1eb2e3f2?s=96&r=g","contentUrl":"https:\/\/secure.gravatar.com\/avatar\/dac340933427a22924c9f99d1eb2e3f2?s=96&r=g","caption":"Eduardo Vargas"},"description":"Jornalista formado pela UFSC, cobre macroeconomia, neg\u00f3cios e startups para o Suno Not\u00edcias, escrevendo principalmente not\u00edcias sobre o mercado financeiro e a bolsa de valores. No YouTube e no Instagram, \u00e9 respons\u00e1vel pela produ\u00e7\u00e3o de Reels e Shorts do Suno Not\u00edcias. Anteriormente, trabalhou cobrindo economia e cotidiano no ND+ e para o ND, maior jornal impresso de Santa Catarina. Cursou um semestre letivo de Estudos de M\u00eddia na Universidad de Buenos Aires.","url":"https:\/\/www.suno.com.br\/noticias\/author\/eduardo-vargas\/"}]}},"default_loop_html":"<div class=\"cardsPage__listCard__boxs\"><div class=\"cardsPage__listCard__boxs__img\"><a href=\"https:\/\/www.suno.com.br\/noticias\/petrobras-petr4-ministros-lula-dividendos-extraordinarios-evm\/\"><img class=\"mask\" src=\"https:\/\/www.suno.com.br\/noticias\/wp-content\/themes\/suno\/resources\/images\/spotlight\/spotlight1img\/bg-mask.png\" alt=\"Image Mask\"\/><img src=\"https:\/\/files.sunoresearch.com.br\/n\/uploads\/2022\/12\/fernando-haddad-transicao-foto-marcelo-camargo-agencia-brasil-400x200.jpg\" alt=\"Petrobras (PETR4): Ministros deram sinal verde para dividendos extraordin\u00e1rios, diz jornal\"\/><\/a><span class=\"spotlightCategory\"><a href=\"https:\/\/www.suno.com.br\/noticias\/negocios\/\">Neg\u00f3cios<\/a><\/span><\/div><div class=\"cardsPage__listCard__boxs__content\"><a href=\"https:\/\/www.suno.com.br\/noticias\/petrobras-petr4-ministros-lula-dividendos-extraordinarios-evm\/\"><h2 class=\"content__title\">Petrobras (PETR4): Ministros deram sinal verde para dividendos extraordin\u00e1rios, diz jornal<\/h2><\/a><div class=\"newsContent__article__meta\"><div class=\"newsContent__article__meta__authorBox\"><a href=\"https:\/\/www.suno.com.br\/noticias\/author\/giovanni-porfiriosuno-com-br\/\" class=\"authorBox__avatar noMobi\"><img src=\"https:\/\/files.sunoresearch.com.br\/n\/uploads\/2024\/05\/DSCF4115-1-1-150x150.webp\" alt=\"Giovanni Porf\u00edrio Jacomino\"><\/a><div class=\"authorBox__name\"><span>por\n\t\t\t<a href=\"https:\/\/www.suno.com.br\/noticias\/author\/giovanni-porfiriosuno-com-br\/\"><span itemprop=\"author\">Giovanni Porf\u00edrio Jacomino<\/span><\/a><\/span><time datetime=\"2024-04-04T13:40:23-03:00\" itemprop=\"datePublished\">04\/04\/2024 13:40<\/time><\/div><\/div><\/div><\/div><\/div>","single_layout":"posts","amp_enabled":true,"_links":{"self":[{"href":"https:\/\/www.suno.com.br\/noticias\/wp-json\/wp\/v2\/posts\/540889"}],"collection":[{"href":"https:\/\/www.suno.com.br\/noticias\/wp-json\/wp\/v2\/posts"}],"about":[{"href":"https:\/\/www.suno.com.br\/noticias\/wp-json\/wp\/v2\/types\/post"}],"author":[{"embeddable":true,"href":"https:\/\/www.suno.com.br\/noticias\/wp-json\/wp\/v2\/users\/73"}],"replies":[{"embeddable":true,"href":"https:\/\/www.suno.com.br\/noticias\/wp-json\/wp\/v2\/comments?post=540889"}],"version-history":[{"count":2,"href":"https:\/\/www.suno.com.br\/noticias\/wp-json\/wp\/v2\/posts\/540889\/revisions"}],"predecessor-version":[{"id":540912,"href":"https:\/\/www.suno.com.br\/noticias\/wp-json\/wp\/v2\/posts\/540889\/revisions\/540912"}],"wp:featuredmedia":[{"embeddable":true,"href":"https:\/\/www.suno.com.br\/noticias\/wp-json\/wp\/v2\/media\/327855"}],"wp:attachment":[{"href":"https:\/\/www.suno.com.br\/noticias\/wp-json\/wp\/v2\/media?parent=540889"}],"wp:term":[{"taxonomy":"category","embeddable":true,"href":"https:\/\/www.suno.com.br\/noticias\/wp-json\/wp\/v2\/categories?post=540889"},{"taxonomy":"post_tag","embeddable":true,"href":"https:\/\/www.suno.com.br\/noticias\/wp-json\/wp\/v2\/tags?post=540889"},{"taxonomy":"suno_strategy","embeddable":true,"href":"https:\/\/www.suno.com.br\/noticias\/wp-json\/wp\/v2\/suno_strategy?post=540889"}],"curies":[{"name":"wp","href":"https:\/\/api.w.org\/{rel}","templated":true}]}}