{"id":540840,"date":"2024-04-04T12:31:46","date_gmt":"2024-04-04T15:31:46","guid":{"rendered":"https:\/\/www.suno.com.br\/noticias\/?p=540840"},"modified":"2024-04-04T13:23:35","modified_gmt":"2024-04-04T16:23:35","slug":"petrobras-petr4-mercadante-presidencia-gpj","status":"publish","type":"post","link":"https:\/\/www.suno.com.br\/noticias\/petrobras-petr4-mercadante-presidencia-gpj\/","title":{"rendered":"Petrobras (PETR4): Mercadante \u00e9 cotado para comandar estatal, diz coluna"},"content":{"rendered":"<p>As a\u00e7\u00f5es de <a href=\"https:\/\/www.suno.com.br\/artigos\/desenvolvimento-economico\/\"><strong>P<\/strong><\/a><a href=\"https:\/\/www.suno.com.br\/acoes\/PETR4\/\"><strong>etrobras<\/strong> (PETR4)<\/a> oscilavam entre perdas e ganhos no in\u00edcio da tarde desta quinta-feira (4), ap\u00f3s fontes informarem \u00e0 coluna de Raquel Landim, da CNN Brasil, que Aloizio Mercadante, presidente do Banco Nacional de <a href=\"https:\/\/www.suno.com.br\/artigos\/desenvolvimento-economico\/\">Desenvolvimento Econ\u00f4mico<\/a> e Social (BNDES), \u00e9 um dos nomes cotados para assumir a estatal.<\/p>\t<div class=\"wrapper-featured-image\">\n\t\t<figure class=\"spotlightImg\">\n\n\t\t\t<picture>\n\t\t\t\t<source media=\"(max-width: 768px)\" srcset=\"https:\/\/files.sunoresearch.com.br\/n\/uploads\/2022\/11\/Aloizio-Mercadante-400x200.jpg\">\n\t\t\t\t<img loading=\"lazy\" decoding=\"async\" class=\"newsContent__article__imgCapa lazyloadDisabled \" src=\"https:\/\/files.sunoresearch.com.br\/n\/uploads\/2022\/11\/Aloizio-Mercadante-800x450.jpg\" width=\"800\" height=\"450\" alt=\"Petrobras (PETR4): Mercadante \u00e9 cotado para comandar estatal, diz coluna\" fetchpriority=high \/>\n\t\t\t<\/picture>\n\n\t\t\t<figcaption class=\"wp-caption-text wp-caption-text--show\">Aloizio Mercadante. Foto: Marcelo Camargo\/Ag\u00eancia Brasil<\/figcaption>\n\t\t<\/figure>\n\t<\/div>\n\n\n\n\n\n\n\n\t<p>\n\t\t<a href=\"\" target=\"_blank\" data-element=\"shortcode-suno-banner\" title=\"Banner SUNO, clique e saiba mais\">\n\t\t\t<picture>\n\t\t\t\t<source media=\"(max-width: 500px)\" srcset=\"\">\n\t\t\t\t<img class=\"newsContent__article__imgCapa newsContent__article__imgCapa--banner\"\n\t\t\t\t\tsrc=\"\"\n\t\t\t\t\tdata-promo-id=\"254218\"\t\t\t\t\t\t\t\t\t\t\t\t\t\t\talt=\"\"\n\t\t\t\t>\n\t\t\t<\/picture>\n\t\t<\/a>\n\t<\/p>\n\n\n\n\n\n<p>Perto das 12h55, as <a href=\"https:\/\/www.suno.com.br\/artigos\/acoes-preferenciais\/\">a\u00e7\u00f5es preferenciais<\/a> de <a href=\"https:\/\/www.suno.com.br\/acoes\/PETR4\/\">Petrobras (<strong>PETR4<\/strong>)<\/a> subiam 1,46%, cotadas a R$ 38,98.<\/p>\n\n\n\n<div class=\"pluginQuotation\">\n  <p class=\"ticker\">\n    Cota\u00e7\u00e3o <span>PETR4<\/span>\n  <\/p>\n  <div class=\"info\">\n    <div class=\"leftSide\">\n      Gr\u00e1fico gerado em: 04\/04\/2024    <\/div>\n\t\t\t\t\t<div class=\"rightSide\">\n\t\t\t\t\t<span class=\"period\">\n\t\t\t\t\t\t5 Dias\t\t\t\t\t<\/span>\n\t\t\t<\/div>\n\t\t  <\/div>\n\n  <div id=\"chart-dc3fb8e566e44d2a155fa53b35438a56\" data-block-hash=\"dc3fb8e566e44d2a155fa53b35438a56\"  class=\"chart\" style=\"width:100%;height:400px;\"><\/div>\n\n  <div class=\"pluginQuotation__footer\">\n    <div class=\"dataChart\">\n\n      <div class=\"dataChart__div1 variation\">\n        <div class=\"value-positive\">\n          1,63 (+0,61%)        <\/div>\n        <div class=\"text\">\n          Varia\u00e7\u00e3o do per\u00edodo\n        <\/div>\n      <\/div>\n\n      <div class=\"dataChart__div2 minMax\">\n        <div class=\"value\">\n          R$\u00a037,50        <\/div>\n        <div class=\"text\">\n          M\u00ednima\n        <\/div>\n      <\/div>\n\n      <div class=\"dataChart__div3 minMax\">\n        <div class=\"value\">\n          R$\u00a038,62        <\/div>\n        <div class=\"text\">\n          M\u00e1xima\n        <\/div>\n      <\/div>\n\n\t\t\t<div class=\"dataChart__div4 rightSide\">\n\t\t\t\t<div class=\"analiticaSource\">\n\t\t\t\t\t<span>\n\t\t\t\t\t\tFonte:\n\t\t\t\t\t<\/span>\n\t\t\t\t\t<img decoding=\"async\" class=\"analiticaLogo\" src=\"https:\/\/www.suno.com.br\/noticias\/wp-content\/plugins\/suno-block-ticker-quotation\/src\/suno-analitica-logo.png\" alt=\"Logo Suno Anal\u00edtica\" \/>\n\t\t\t\t<\/div>\n\n\t\t\t\t<a href=\"https:\/\/www.suno.com.br\/analitica\/acoes\/PETR4\" target=\"_blank\">\n\t\t\t\t\t<span>\n\t\t\t\t\t\tVer mais cota\u00e7\u00f5es\n\t\t\t\t\t<\/span>\n\t\t\t\t\t<svg xmlns=\"http:\/\/www.w3.org\/2000\/svg\" width=\"9\" height=\"8\" viewBox=\"0 0 9 8\" fill=\"none\">\n\t\t\t\t\t\t<path d=\"M4.20996 0L3.50496 0.705L6.29496 3.5H0.209961V4.5H6.29496L3.50496 7.295L4.20996 8L8.20996 4L4.20996 0Z\" fill=\"#D42126\" \/>\n\t\t\t\t\t<\/svg>\n\t\t\t\t<\/a>\n    <\/div>\n\n    <\/div>\n  <\/div>\n<\/div>\n\n\n<script type=\"text\/javascript\">\n  let chart_dc3fb8e566e44d2a155fa53b35438a56 = document.getElementById('chart-dc3fb8e566e44d2a155fa53b35438a56');\n  let data_json_dc3fb8e566e44d2a155fa53b35438a56 = \"[{\\\"date\\\":\\\"01\\\\\\\/04\\\\\\\/24 10:10\\\",\\\"value\\\":37.5},{\\\"date\\\":\\\"01\\\\\\\/04\\\\\\\/24 15:20\\\",\\\"value\\\":37.51},{\\\"date\\\":\\\"01\\\\\\\/04\\\\\\\/24 15:30\\\",\\\"value\\\":37.53},{\\\"date\\\":\\\"01\\\\\\\/04\\\\\\\/24 15:40\\\",\\\"value\\\":37.56},{\\\"date\\\":\\\"01\\\\\\\/04\\\\\\\/24 15:50\\\",\\\"value\\\":37.54},{\\\"date\\\":\\\"01\\\\\\\/04\\\\\\\/24 16:00\\\",\\\"value\\\":37.55},{\\\"date\\\":\\\"02\\\\\\\/04\\\\\\\/24 13:20\\\",\\\"value\\\":37.88},{\\\"date\\\":\\\"02\\\\\\\/04\\\\\\\/24 13:30\\\",\\\"value\\\":37.95},{\\\"date\\\":\\\"02\\\\\\\/04\\\\\\\/24 13:40\\\",\\\"value\\\":37.95},{\\\"date\\\":\\\"02\\\\\\\/04\\\\\\\/24 13:50\\\",\\\"value\\\":37.98},{\\\"date\\\":\\\"02\\\\\\\/04\\\\\\\/24 17:40\\\",\\\"value\\\":38.62},{\\\"date\\\":\\\"02\\\\\\\/04\\\\\\\/24 17:50\\\",\\\"value\\\":38.62},{\\\"date\\\":\\\"03\\\\\\\/04\\\\\\\/24 15:00\\\",\\\"value\\\":38.56},{\\\"date\\\":\\\"03\\\\\\\/04\\\\\\\/24 15:10\\\",\\\"value\\\":38.57},{\\\"date\\\":\\\"03\\\\\\\/04\\\\\\\/24 15:20\\\",\\\"value\\\":38.52},{\\\"date\\\":\\\"03\\\\\\\/04\\\\\\\/24 15:30\\\",\\\"value\\\":38.51},{\\\"date\\\":\\\"03\\\\\\\/04\\\\\\\/24 15:40\\\",\\\"value\\\":38.11}]\";\n  let isPositive_dc3fb8e566e44d2a155fa53b35438a56 = true;\n\n  let color_dc3fb8e566e44d2a155fa53b35438a56 = isPositive_dc3fb8e566e44d2a155fa53b35438a56 ? '#3AB53A' : '#D92C2D';\n\n  let data_dc3fb8e566e44d2a155fa53b35438a56 = JSON.parse(data_json_dc3fb8e566e44d2a155fa53b35438a56);\n\n  const result_dc3fb8e566e44d2a155fa53b35438a56 = {\n    date: [],\n    value: [],\n  };\n\n  data_dc3fb8e566e44d2a155fa53b35438a56.forEach((item) => {\n    result_dc3fb8e566e44d2a155fa53b35438a56.date.push(item.date);\n    result_dc3fb8e566e44d2a155fa53b35438a56.value.push(Number(item.value));\n  });\n\n  let option_dc3fb8e566e44d2a155fa53b35438a56 = {\n    \/\/ variavel de cor global\n    color: [color_dc3fb8e566e44d2a155fa53b35438a56],\n    title: {\n      text: '',\n    },\n    tooltip: {\n      trigger: 'axis',\n      axisPointer: {\n        type: 'cross',\n        label: {\n          \/\/ cor dos valores em X e Y\n          backgroundColor: color_dc3fb8e566e44d2a155fa53b35438a56,\n          formatter: (value) => {\n            if (typeof value.value === 'number') {\n              return Number(value.value).toLocaleString('pt-br', {\n                style: 'currency',\n                currency: 'BRL'\n              });\n            }\n            return value.value;\n          },\n        },\n      },\n      valueFormatter: (value) => Number(value).toLocaleString('pt-br', {\n        style: 'currency',\n        currency: 'BRL'\n      }),\n    },\n    legend: {\n      \/\/ data: ['Valor de Fechamento'],\n      show: false,\n    },\n    toolbox: {\n      feature: {\n        saveAsImage: {\n          show: false,\n        },\n      },\n    },\n    grid: {\n      left: '0px',\n      right: '0px',\n      bottom: '0px',\n      containLabel: true,\n    },\n    xAxis: [{\n      type: 'category',\n      data: result_dc3fb8e566e44d2a155fa53b35438a56.date,\n      boundaryGap: true,\n    }],\n    yAxis: [{\n      type: 'value',\n      min: Math.min(...result_dc3fb8e566e44d2a155fa53b35438a56.value),\n      max: Math.max(...result_dc3fb8e566e44d2a155fa53b35438a56.value),\n      axisLabel: {\n        formatter: (value) => value.toLocaleString('pt-br', {\n          style: 'currency',\n          currency: 'BRL'\n        }),\n      },\n    }],\n    series: [{\n      name: 'Valor de Fechamento',\n      type: 'line',\n      stack: 'Total',\n      \/\/ cor do grafico\n      areaStyle: {},\n      emphasis: {\n        focus: 'series',\n      },\n      data: result_dc3fb8e566e44d2a155fa53b35438a56.value,\n      \/\/ cor da linha\n      lineStyle: {\n        color: color_dc3fb8e566e44d2a155fa53b35438a56,\n      },\n    }, ],\n  };\n\n\twindow.chart_dc3fb8e566e44d2a155fa53b35438a56 = {\n\t\tel: chart_dc3fb8e566e44d2a155fa53b35438a56,\n\t\toption: option_dc3fb8e566e44d2a155fa53b35438a56\t};\n\n\n<\/script>\n\n\n\n<p>Segundo a publica\u00e7\u00e3o, <strong>Mercadante<\/strong> tem sido um dos nomes aventados para o cargo desde a transi\u00e7\u00e3o e est\u00e1 na lista do presidente Lula. Ainda de acordo com fontes \u00e0 CNN Brasil, a demiss\u00e3o do atual presidente, Jean Paul Prates, \u00e9 iminente. <\/p>\n\n\n\n<p>&#8220;De fato, tem-se uma sinaliza\u00e7\u00e3o muito forte de interfer\u00eancia pol\u00edtica em cima da empresa, e \u00e9 uma derrota para os minorit\u00e1rios. Isso em termos de governan\u00e7a n\u00e3o \u00e9 positivo&#8221;, comenta Rafael Passos, s\u00f3cio e analista da Ajax Asset Management.<\/p>\n\n\n\n<p>Segundo a colunista M\u00f4nica Bergamo, do jornal Folha de S. Paulo, o <strong>presidente da Petrobras<\/strong> pediu uma reuni\u00e3o com Lula para conversar sobre ataques disparados contra ele por pessoas do pr\u00f3prio governo. <\/p>\n\n\n\n<p><strong>Prates<\/strong> pretende definir de uma vez a sua situa\u00e7\u00e3o na empresa, expondo \u00e0 Lula as conquistas e os problemas de sua gest\u00e3o, disse Bergamo, acrescentando que ele decidiu tomar a iniciativa depois que os ataques se intensificaram, partindo especialmente do ministro de Minas e Energia, Alexandre Silveira, e do ministro da Casa Civil, Rui Costa.<\/p>\n\n\n\n\t<div data-element=\"shortcode-read-more\" class=\"readToo\">\n\t\t\t\t<span class=\"readToo__title\">Leia mais<\/span>\n\t\t\t\t<ul class=\"readToo__list\">\n\t\t\t<li><a href=\"https:\/\/www.suno.com.br\/noticias\/petrobras-petr4-audiencia-lula-presidente-gpj\/\">Petrobras (PETR4): Prates pede reuni\u00e3o com Lula sobre perman\u00eancia no cargo, diz coluna<\/a><\/li><li><a href=\"https:\/\/www.suno.com.br\/noticias\/petrobras-petr4-haddad-governo-dividendos-evm\/\">Petrobras (PETR4): Haddad diz que governo &#8216;aguarda informa\u00e7\u00f5es&#8217; para definir dividendos<\/a><\/li>\t\t<\/ul>\n\t<\/div>\n\n\n\n\n<h2 class=\"wp-block-heading\">Petrobras (PETR4) recebe indica\u00e7\u00f5es para assentos nos conselhos fiscal e de administra\u00e7\u00e3o; saiba mais <\/h2>\n\n\n\n<p>A Petrobras informou nesta quarta-feira (3) que recebeu solicita\u00e7\u00e3o de acionistas minorit\u00e1rios para a substitui\u00e7\u00e3o de candidatos \u00e0s vagas de membros titular e suplente do conselho fiscal, al\u00e9m da indica\u00e7\u00e3o de um acionista minorit\u00e1rio de um nome ao conselho de administra\u00e7\u00e3o.<\/p>\n\n\n\n<p>De acordo com a Petrobras, em substitui\u00e7\u00e3o a Daniel Alves Ferreira e Aloisio Mac\u00e1rio Ferreira de Souza, foram indicados Ronaldo Dias (titular) e Ricardo Jos\u00e9 Martins Gimenez (suplente) para o conselho fiscal da companhia, para elei\u00e7\u00e3o a ser realizada em assembleia geral ordin\u00e1ria (AGO) em 25 de abril.<\/p>\n\n\n\n<p>Para a elei\u00e7\u00e3o em separado, houve a indica\u00e7\u00e3o de Thales Kroth de Souza para o cargo de membro do conselho de administra\u00e7\u00e3o da Petrobras.<\/p>\n\n\n\n<p>Ainda de acordo com a <strong>Petrobras<\/strong>, as indica\u00e7\u00f5es ser\u00e3o submetidas aos procedimentos de governan\u00e7a interna da companhia, \u201cpara a an\u00e1lise dos requisitos legais e de gest\u00e3o e integridade e posterior manifesta\u00e7\u00e3o do Comit\u00ea de Pessoas\u201d.<\/p>\n\n\n\t<p>\n\t\t<a href=\"https:\/\/lp.suno.com.br\/ebook-como-analisar-uma-acao\/\" target=\"_blank\" data-element=\"shortcode-suno-banner\" title=\"Banner SUNO, clique e saiba mais\">\n\t\t\t<picture>\n\t\t\t\t<source media=\"(max-width: 500px)\" srcset=\"https:\/\/files.sunoresearch.com.br\/n\/uploads\/2023\/03\/Ebook-Acoes-Mobile.jpg\">\n\t\t\t\t<img class=\"newsContent__article__imgCapa newsContent__article__imgCapa--banner\"\n\t\t\t\t\tsrc=\"https:\/\/files.sunoresearch.com.br\/n\/uploads\/2023\/03\/Ebook-Acoes-Desktop.jpg\"\n\t\t\t\t\tdata-promo-id=\"378302\"\t\t\t\t\t\t\t\t\t\twidth='1420' height='286'\t\t\t\t\talt=\"https:\/\/files.sunoresearch.com.br\/n\/uploads\/2023\/03\/Ebook-Acoes-Desktop.jpg\"\n\t\t\t\t>\n\t\t\t<\/picture>\n\t\t<\/a>\n\t<\/p>\n\n\n","protected":false},"excerpt":{"rendered":"<p>As a\u00e7\u00f5es de Petrobras (PETR4) oscilavam entre perdas e ganhos no in\u00edcio da tarde desta quinta-feira (4), ap\u00f3s fontes informarem \u00e0 coluna de Raquel Landim, da CNN Brasil, que Aloizio Mercadante, presidente do Banco Nacional de Desenvolvimento Econ\u00f4mico e Social (BNDES), \u00e9 um dos nomes cotados para assumir a estatal. Aloizio Mercadante. Foto: Marcelo Camargo\/Ag\u00eancia [&hellip;]<\/p>\n","protected":false},"author":313,"featured_media":314782,"comment_status":"closed","ping_status":"closed","sticky":false,"template":"","format":"standard","meta":[],"categories":[64],"tags":[286,105816,595],"suno_strategy":[],"class_list":["post-540840","post","type-post","status-publish","format-standard","has-post-thumbnail","hentry","category-negocios","tag-acoes","tag-especialistas","tag-petrobras-petr4"],"yoast_head":"<!-- This site is optimized with the Yoast SEO plugin v24.4 - https:\/\/yoast.com\/wordpress\/plugins\/seo\/ -->\n<title>Petrobras (PETR4): Mercadante \u00e9 cotado para comandar estatal<\/title>\n<meta name=\"description\" content=\"As a\u00e7\u00f5es de Petrobras ap\u00f3s a not\u00edcia de que Aloizio Mercadante, presidente do BNDES, \u00e9 um dos nomes cotados para assumir a estatal.\" \/>\n<meta name=\"robots\" content=\"index, follow, max-snippet:-1, max-image-preview:large, max-video-preview:-1\" \/>\n<link rel=\"canonical\" href=\"https:\/\/www.suno.com.br\/noticias\/petrobras-petr4-mercadante-presidencia-gpj\/\" \/>\n<meta property=\"og:locale\" content=\"pt_BR\" \/>\n<meta property=\"og:type\" content=\"article\" \/>\n<meta property=\"og:title\" content=\"Petrobras (PETR4): Mercadante \u00e9 cotado para comandar estatal\" \/>\n<meta property=\"og:description\" content=\"As a\u00e7\u00f5es de Petrobras ap\u00f3s a not\u00edcia de que Aloizio Mercadante, presidente do BNDES, \u00e9 um dos nomes cotados para assumir a estatal.\" \/>\n<meta property=\"og:url\" content=\"https:\/\/www.suno.com.br\/noticias\/petrobras-petr4-mercadante-presidencia-gpj\/\" \/>\n<meta property=\"og:site_name\" content=\"Suno Not\u00edcias\" \/>\n<meta property=\"article:publisher\" content=\"https:\/\/facebook.com\/sunoresearch\" \/>\n<meta property=\"og:image\" content=\"https:\/\/files.sunoresearch.com.br\/n\/uploads\/2022\/11\/Aloizio-Mercadante.jpg\" \/>\n\t<meta property=\"og:image:width\" content=\"1280\" \/>\n\t<meta property=\"og:image:height\" content=\"853\" \/>\n\t<meta property=\"og:image:type\" content=\"image\/jpeg\" \/>\n<meta name=\"author\" content=\"Giovanni Porf\u00edrio Jacomino\" \/>\n<meta name=\"twitter:card\" content=\"summary_large_image\" \/>\n<meta name=\"twitter:creator\" content=\"@sunoresearch\" \/>\n<meta name=\"twitter:site\" content=\"@sunoresearch\" \/>\n<meta name=\"twitter:label1\" content=\"Escrito por\" \/>\n\t<meta name=\"twitter:data1\" content=\"Giovanni Porf\u00edrio Jacomino\" \/>\n\t<meta name=\"twitter:label2\" content=\"Est. tempo de leitura\" \/>\n\t<meta name=\"twitter:data2\" content=\"3 minutos\" \/>\n<script type=\"application\/ld+json\" class=\"yoast-schema-graph\">{\"@context\":\"https:\/\/schema.org\",\"@graph\":[{\"@type\":\"NewsArticle\",\"@id\":\"https:\/\/www.suno.com.br\/noticias\/petrobras-petr4-mercadante-presidencia-gpj\/#article\",\"isPartOf\":{\"@id\":\"https:\/\/www.suno.com.br\/noticias\/petrobras-petr4-mercadante-presidencia-gpj\/\"},\"author\":{\"name\":\"Giovanni Porf\u00edrio Jacomino\",\"@id\":\"https:\/\/www.suno.com.br\/noticias\/#\/schema\/person\/d0f32748bbca4bee871fa191ee4e2d40\"},\"headline\":\"Petrobras (PETR4): Mercadante \u00e9 cotado para comandar estatal, diz coluna\",\"datePublished\":\"2024-04-04T15:31:46+00:00\",\"dateModified\":\"2024-04-04T16:23:35+00:00\",\"mainEntityOfPage\":{\"@id\":\"https:\/\/www.suno.com.br\/noticias\/petrobras-petr4-mercadante-presidencia-gpj\/\"},\"wordCount\":440,\"publisher\":{\"@id\":\"https:\/\/www.suno.com.br\/noticias\/#organization\"},\"image\":{\"@id\":\"https:\/\/www.suno.com.br\/noticias\/petrobras-petr4-mercadante-presidencia-gpj\/#primaryimage\"},\"thumbnailUrl\":\"https:\/\/files.sunoresearch.com.br\/n\/uploads\/2022\/11\/Aloizio-Mercadante.jpg\",\"keywords\":[\"A\u00e7\u00f5es\",\"Especialistas\",\"Petrobras (PETR4)\"],\"articleSection\":[\"Neg\u00f3cios\"],\"inLanguage\":\"pt-BR\"},{\"@type\":\"WebPage\",\"@id\":\"https:\/\/www.suno.com.br\/noticias\/petrobras-petr4-mercadante-presidencia-gpj\/\",\"url\":\"https:\/\/www.suno.com.br\/noticias\/petrobras-petr4-mercadante-presidencia-gpj\/\",\"name\":\"Petrobras (PETR4): Mercadante \u00e9 cotado para comandar estatal\",\"isPartOf\":{\"@id\":\"https:\/\/www.suno.com.br\/noticias\/#website\"},\"primaryImageOfPage\":{\"@id\":\"https:\/\/www.suno.com.br\/noticias\/petrobras-petr4-mercadante-presidencia-gpj\/#primaryimage\"},\"image\":{\"@id\":\"https:\/\/www.suno.com.br\/noticias\/petrobras-petr4-mercadante-presidencia-gpj\/#primaryimage\"},\"thumbnailUrl\":\"https:\/\/files.sunoresearch.com.br\/n\/uploads\/2022\/11\/Aloizio-Mercadante.jpg\",\"datePublished\":\"2024-04-04T15:31:46+00:00\",\"dateModified\":\"2024-04-04T16:23:35+00:00\",\"description\":\"As a\u00e7\u00f5es de Petrobras ap\u00f3s a not\u00edcia de que Aloizio Mercadante, presidente do BNDES, \u00e9 um dos nomes cotados para assumir a estatal.\",\"breadcrumb\":{\"@id\":\"https:\/\/www.suno.com.br\/noticias\/petrobras-petr4-mercadante-presidencia-gpj\/#breadcrumb\"},\"inLanguage\":\"pt-BR\",\"potentialAction\":[{\"@type\":\"ReadAction\",\"target\":[\"https:\/\/www.suno.com.br\/noticias\/petrobras-petr4-mercadante-presidencia-gpj\/\"]}]},{\"@type\":\"ImageObject\",\"inLanguage\":\"pt-BR\",\"@id\":\"https:\/\/www.suno.com.br\/noticias\/petrobras-petr4-mercadante-presidencia-gpj\/#primaryimage\",\"url\":\"https:\/\/files.sunoresearch.com.br\/n\/uploads\/2022\/11\/Aloizio-Mercadante.jpg\",\"contentUrl\":\"https:\/\/files.sunoresearch.com.br\/n\/uploads\/2022\/11\/Aloizio-Mercadante.jpg\",\"width\":1280,\"height\":853,\"caption\":\"Aloizio Mercadante. Foto: Marcelo Camargo\/Ag\u00eancia Brasil\"},{\"@type\":\"BreadcrumbList\",\"@id\":\"https:\/\/www.suno.com.br\/noticias\/petrobras-petr4-mercadante-presidencia-gpj\/#breadcrumb\",\"itemListElement\":[{\"@type\":\"ListItem\",\"position\":1,\"name\":\"Not\u00edcias\",\"item\":\"https:\/\/www.suno.com.br\/noticias\/\"},{\"@type\":\"ListItem\",\"position\":2,\"name\":\"Neg\u00f3cios\",\"item\":\"https:\/\/www.suno.com.br\/noticias\/negocios\/\"},{\"@type\":\"ListItem\",\"position\":3,\"name\":\"Petrobras (PETR4): Mercadante \u00e9 cotado para comandar estatal, diz coluna\"}]},{\"@type\":\"WebSite\",\"@id\":\"https:\/\/www.suno.com.br\/noticias\/#website\",\"url\":\"https:\/\/www.suno.com.br\/noticias\/\",\"name\":\"Suno Not\u00edcias\",\"description\":\"Seu portal de informa\u00e7\u00e3o sobre o mundo dos investimentos\",\"publisher\":{\"@id\":\"https:\/\/www.suno.com.br\/noticias\/#organization\"},\"potentialAction\":[{\"@type\":\"SearchAction\",\"target\":{\"@type\":\"EntryPoint\",\"urlTemplate\":\"https:\/\/www.suno.com.br\/noticias\/?s={search_term_string}\"},\"query-input\":{\"@type\":\"PropertyValueSpecification\",\"valueRequired\":true,\"valueName\":\"search_term_string\"}}],\"inLanguage\":\"pt-BR\"},{\"@type\":\"Organization\",\"@id\":\"https:\/\/www.suno.com.br\/noticias\/#organization\",\"name\":\"Suno Not\u00edcias\",\"url\":\"https:\/\/www.suno.com.br\/noticias\/\",\"logo\":{\"@type\":\"ImageObject\",\"inLanguage\":\"pt-BR\",\"@id\":\"https:\/\/www.suno.com.br\/noticias\/#\/schema\/logo\/image\/\",\"url\":\"https:\/\/files.sunoresearch.com.br\/n\/uploads\/2021\/09\/suno-logo.png\",\"contentUrl\":\"https:\/\/files.sunoresearch.com.br\/n\/uploads\/2021\/09\/suno-logo.png\",\"width\":180,\"height\":180,\"caption\":\"Suno Not\u00edcias\"},\"image\":{\"@id\":\"https:\/\/www.suno.com.br\/noticias\/#\/schema\/logo\/image\/\"},\"sameAs\":[\"https:\/\/facebook.com\/sunoresearch\",\"https:\/\/x.com\/sunoresearch\",\"https:\/\/www.instagram.com\/suno\",\"https:\/\/www.linkedin.com\/company\/suno-research\/\",\"https:\/\/www.youtube.com\/c\/sunoresearch\"]},{\"@type\":\"Person\",\"@id\":\"https:\/\/www.suno.com.br\/noticias\/#\/schema\/person\/d0f32748bbca4bee871fa191ee4e2d40\",\"name\":\"Giovanni Porf\u00edrio Jacomino\",\"image\":{\"@type\":\"ImageObject\",\"inLanguage\":\"pt-BR\",\"@id\":\"https:\/\/www.suno.com.br\/noticias\/#\/schema\/person\/image\/\",\"url\":\"https:\/\/secure.gravatar.com\/avatar\/efb32e19b730a121cb7a80f41ffec01a?s=96&r=g\",\"contentUrl\":\"https:\/\/secure.gravatar.com\/avatar\/efb32e19b730a121cb7a80f41ffec01a?s=96&r=g\",\"caption\":\"Giovanni Porf\u00edrio Jacomino\"},\"description\":\"Giovanni Porf\u00edrio Jacomino \u00e9 jornalista formado pela Universidade Estadual de Londrina (UEL) e p\u00f3s-graduado em Produ\u00e7\u00e3o e Pr\u00e1ticas Jornal\u00edsticas na Contemporaneidade na Faculdade C\u00e1sper L\u00edbero (FCL). Foi editor web no Startupi e no Finsiders, atuando ainda como editor no TC Mover, portal de not\u00edcias da TradersClub, fazendo a cobertura de assuntos relacionados ao mercado financeiro interno e externo. Atualmente, \u00e9 Rep\u00f3rter do Suno Not\u00edcias.\",\"url\":\"https:\/\/www.suno.com.br\/noticias\/author\/giovanni-porfiriosuno-com-br\/\"}]}<\/script>\n<!-- \/ Yoast SEO plugin. -->","yoast_head_json":{"title":"Petrobras (PETR4): Mercadante \u00e9 cotado para comandar estatal","description":"As a\u00e7\u00f5es de Petrobras ap\u00f3s a not\u00edcia de que Aloizio Mercadante, presidente do BNDES, \u00e9 um dos nomes cotados para assumir a estatal.","robots":{"index":"index","follow":"follow","max-snippet":"max-snippet:-1","max-image-preview":"max-image-preview:large","max-video-preview":"max-video-preview:-1"},"canonical":"https:\/\/www.suno.com.br\/noticias\/petrobras-petr4-mercadante-presidencia-gpj\/","og_locale":"pt_BR","og_type":"article","og_title":"Petrobras (PETR4): Mercadante \u00e9 cotado para comandar estatal","og_description":"As a\u00e7\u00f5es de Petrobras ap\u00f3s a not\u00edcia de que Aloizio Mercadante, presidente do BNDES, \u00e9 um dos nomes cotados para assumir a estatal.","og_url":"https:\/\/www.suno.com.br\/noticias\/petrobras-petr4-mercadante-presidencia-gpj\/","og_site_name":"Suno Not\u00edcias","article_publisher":"https:\/\/facebook.com\/sunoresearch","og_image":[{"width":1280,"height":853,"url":"https:\/\/files.sunoresearch.com.br\/n\/uploads\/2022\/11\/Aloizio-Mercadante.jpg","type":"image\/jpeg"}],"author":"Giovanni Porf\u00edrio Jacomino","twitter_card":"summary_large_image","twitter_creator":"@sunoresearch","twitter_site":"@sunoresearch","twitter_misc":{"Escrito por":"Giovanni Porf\u00edrio Jacomino","Est. tempo de leitura":"3 minutos"},"schema":{"@context":"https:\/\/schema.org","@graph":[{"@type":"NewsArticle","@id":"https:\/\/www.suno.com.br\/noticias\/petrobras-petr4-mercadante-presidencia-gpj\/#article","isPartOf":{"@id":"https:\/\/www.suno.com.br\/noticias\/petrobras-petr4-mercadante-presidencia-gpj\/"},"author":{"name":"Giovanni Porf\u00edrio Jacomino","@id":"https:\/\/www.suno.com.br\/noticias\/#\/schema\/person\/d0f32748bbca4bee871fa191ee4e2d40"},"headline":"Petrobras (PETR4): Mercadante \u00e9 cotado para comandar estatal, diz coluna","datePublished":"2024-04-04T15:31:46+00:00","dateModified":"2024-04-04T16:23:35+00:00","mainEntityOfPage":{"@id":"https:\/\/www.suno.com.br\/noticias\/petrobras-petr4-mercadante-presidencia-gpj\/"},"wordCount":440,"publisher":{"@id":"https:\/\/www.suno.com.br\/noticias\/#organization"},"image":{"@id":"https:\/\/www.suno.com.br\/noticias\/petrobras-petr4-mercadante-presidencia-gpj\/#primaryimage"},"thumbnailUrl":"https:\/\/files.sunoresearch.com.br\/n\/uploads\/2022\/11\/Aloizio-Mercadante.jpg","keywords":["A\u00e7\u00f5es","Especialistas","Petrobras (PETR4)"],"articleSection":["Neg\u00f3cios"],"inLanguage":"pt-BR"},{"@type":"WebPage","@id":"https:\/\/www.suno.com.br\/noticias\/petrobras-petr4-mercadante-presidencia-gpj\/","url":"https:\/\/www.suno.com.br\/noticias\/petrobras-petr4-mercadante-presidencia-gpj\/","name":"Petrobras (PETR4): Mercadante \u00e9 cotado para comandar estatal","isPartOf":{"@id":"https:\/\/www.suno.com.br\/noticias\/#website"},"primaryImageOfPage":{"@id":"https:\/\/www.suno.com.br\/noticias\/petrobras-petr4-mercadante-presidencia-gpj\/#primaryimage"},"image":{"@id":"https:\/\/www.suno.com.br\/noticias\/petrobras-petr4-mercadante-presidencia-gpj\/#primaryimage"},"thumbnailUrl":"https:\/\/files.sunoresearch.com.br\/n\/uploads\/2022\/11\/Aloizio-Mercadante.jpg","datePublished":"2024-04-04T15:31:46+00:00","dateModified":"2024-04-04T16:23:35+00:00","description":"As a\u00e7\u00f5es de Petrobras ap\u00f3s a not\u00edcia de que Aloizio Mercadante, presidente do BNDES, \u00e9 um dos nomes cotados para assumir a estatal.","breadcrumb":{"@id":"https:\/\/www.suno.com.br\/noticias\/petrobras-petr4-mercadante-presidencia-gpj\/#breadcrumb"},"inLanguage":"pt-BR","potentialAction":[{"@type":"ReadAction","target":["https:\/\/www.suno.com.br\/noticias\/petrobras-petr4-mercadante-presidencia-gpj\/"]}]},{"@type":"ImageObject","inLanguage":"pt-BR","@id":"https:\/\/www.suno.com.br\/noticias\/petrobras-petr4-mercadante-presidencia-gpj\/#primaryimage","url":"https:\/\/files.sunoresearch.com.br\/n\/uploads\/2022\/11\/Aloizio-Mercadante.jpg","contentUrl":"https:\/\/files.sunoresearch.com.br\/n\/uploads\/2022\/11\/Aloizio-Mercadante.jpg","width":1280,"height":853,"caption":"Aloizio Mercadante. Foto: Marcelo Camargo\/Ag\u00eancia Brasil"},{"@type":"BreadcrumbList","@id":"https:\/\/www.suno.com.br\/noticias\/petrobras-petr4-mercadante-presidencia-gpj\/#breadcrumb","itemListElement":[{"@type":"ListItem","position":1,"name":"Not\u00edcias","item":"https:\/\/www.suno.com.br\/noticias\/"},{"@type":"ListItem","position":2,"name":"Neg\u00f3cios","item":"https:\/\/www.suno.com.br\/noticias\/negocios\/"},{"@type":"ListItem","position":3,"name":"Petrobras (PETR4): Mercadante \u00e9 cotado para comandar estatal, diz coluna"}]},{"@type":"WebSite","@id":"https:\/\/www.suno.com.br\/noticias\/#website","url":"https:\/\/www.suno.com.br\/noticias\/","name":"Suno Not\u00edcias","description":"Seu portal de informa\u00e7\u00e3o sobre o mundo dos investimentos","publisher":{"@id":"https:\/\/www.suno.com.br\/noticias\/#organization"},"potentialAction":[{"@type":"SearchAction","target":{"@type":"EntryPoint","urlTemplate":"https:\/\/www.suno.com.br\/noticias\/?s={search_term_string}"},"query-input":{"@type":"PropertyValueSpecification","valueRequired":true,"valueName":"search_term_string"}}],"inLanguage":"pt-BR"},{"@type":"Organization","@id":"https:\/\/www.suno.com.br\/noticias\/#organization","name":"Suno Not\u00edcias","url":"https:\/\/www.suno.com.br\/noticias\/","logo":{"@type":"ImageObject","inLanguage":"pt-BR","@id":"https:\/\/www.suno.com.br\/noticias\/#\/schema\/logo\/image\/","url":"https:\/\/files.sunoresearch.com.br\/n\/uploads\/2021\/09\/suno-logo.png","contentUrl":"https:\/\/files.sunoresearch.com.br\/n\/uploads\/2021\/09\/suno-logo.png","width":180,"height":180,"caption":"Suno Not\u00edcias"},"image":{"@id":"https:\/\/www.suno.com.br\/noticias\/#\/schema\/logo\/image\/"},"sameAs":["https:\/\/facebook.com\/sunoresearch","https:\/\/x.com\/sunoresearch","https:\/\/www.instagram.com\/suno","https:\/\/www.linkedin.com\/company\/suno-research\/","https:\/\/www.youtube.com\/c\/sunoresearch"]},{"@type":"Person","@id":"https:\/\/www.suno.com.br\/noticias\/#\/schema\/person\/d0f32748bbca4bee871fa191ee4e2d40","name":"Giovanni Porf\u00edrio Jacomino","image":{"@type":"ImageObject","inLanguage":"pt-BR","@id":"https:\/\/www.suno.com.br\/noticias\/#\/schema\/person\/image\/","url":"https:\/\/secure.gravatar.com\/avatar\/efb32e19b730a121cb7a80f41ffec01a?s=96&r=g","contentUrl":"https:\/\/secure.gravatar.com\/avatar\/efb32e19b730a121cb7a80f41ffec01a?s=96&r=g","caption":"Giovanni Porf\u00edrio Jacomino"},"description":"Giovanni Porf\u00edrio Jacomino \u00e9 jornalista formado pela Universidade Estadual de Londrina (UEL) e p\u00f3s-graduado em Produ\u00e7\u00e3o e Pr\u00e1ticas Jornal\u00edsticas na Contemporaneidade na Faculdade C\u00e1sper L\u00edbero (FCL). Foi editor web no Startupi e no Finsiders, atuando ainda como editor no TC Mover, portal de not\u00edcias da TradersClub, fazendo a cobertura de assuntos relacionados ao mercado financeiro interno e externo. Atualmente, \u00e9 Rep\u00f3rter do Suno Not\u00edcias.","url":"https:\/\/www.suno.com.br\/noticias\/author\/giovanni-porfiriosuno-com-br\/"}]}},"default_loop_html":"<div class=\"cardsPage__listCard__boxs\"><div class=\"cardsPage__listCard__boxs__img\"><a href=\"https:\/\/www.suno.com.br\/noticias\/petrobras-petr4-mercadante-presidencia-gpj\/\"><img class=\"mask\" src=\"https:\/\/www.suno.com.br\/noticias\/wp-content\/themes\/suno\/resources\/images\/spotlight\/spotlight1img\/bg-mask.png\" alt=\"Image Mask\"\/><img src=\"https:\/\/files.sunoresearch.com.br\/n\/uploads\/2022\/11\/Aloizio-Mercadante-400x200.jpg\" alt=\"Petrobras (PETR4): Mercadante \u00e9 cotado para comandar estatal, diz coluna\"\/><\/a><span class=\"spotlightCategory\"><a href=\"https:\/\/www.suno.com.br\/noticias\/negocios\/\">Neg\u00f3cios<\/a><\/span><\/div><div class=\"cardsPage__listCard__boxs__content\"><a href=\"https:\/\/www.suno.com.br\/noticias\/petrobras-petr4-mercadante-presidencia-gpj\/\"><h2 class=\"content__title\">Petrobras (PETR4): Mercadante \u00e9 cotado para comandar estatal, diz coluna<\/h2><\/a><div class=\"newsContent__article__meta\"><div class=\"newsContent__article__meta__authorBox\"><a href=\"https:\/\/www.suno.com.br\/noticias\/author\/eduardo-vargas\/\" class=\"authorBox__avatar noMobi\"><img src=\"https:\/\/secure.gravatar.com\/avatar\/dac340933427a22924c9f99d1eb2e3f2?s=96&#038;r=g\" alt=\"Eduardo Vargas\"><\/a><div class=\"authorBox__name\"><span>por\n\t\t\t<a href=\"https:\/\/www.suno.com.br\/noticias\/author\/eduardo-vargas\/\"><span itemprop=\"author\">Eduardo Vargas<\/span><\/a><\/span><time datetime=\"2024-04-04T12:31:46-03:00\" itemprop=\"datePublished\">04\/04\/2024 12:31<\/time><\/div><\/div><\/div><\/div><\/div>","single_layout":"posts","amp_enabled":true,"_links":{"self":[{"href":"https:\/\/www.suno.com.br\/noticias\/wp-json\/wp\/v2\/posts\/540840"}],"collection":[{"href":"https:\/\/www.suno.com.br\/noticias\/wp-json\/wp\/v2\/posts"}],"about":[{"href":"https:\/\/www.suno.com.br\/noticias\/wp-json\/wp\/v2\/types\/post"}],"author":[{"embeddable":true,"href":"https:\/\/www.suno.com.br\/noticias\/wp-json\/wp\/v2\/users\/313"}],"replies":[{"embeddable":true,"href":"https:\/\/www.suno.com.br\/noticias\/wp-json\/wp\/v2\/comments?post=540840"}],"version-history":[{"count":2,"href":"https:\/\/www.suno.com.br\/noticias\/wp-json\/wp\/v2\/posts\/540840\/revisions"}],"predecessor-version":[{"id":540891,"href":"https:\/\/www.suno.com.br\/noticias\/wp-json\/wp\/v2\/posts\/540840\/revisions\/540891"}],"wp:featuredmedia":[{"embeddable":true,"href":"https:\/\/www.suno.com.br\/noticias\/wp-json\/wp\/v2\/media\/314782"}],"wp:attachment":[{"href":"https:\/\/www.suno.com.br\/noticias\/wp-json\/wp\/v2\/media?parent=540840"}],"wp:term":[{"taxonomy":"category","embeddable":true,"href":"https:\/\/www.suno.com.br\/noticias\/wp-json\/wp\/v2\/categories?post=540840"},{"taxonomy":"post_tag","embeddable":true,"href":"https:\/\/www.suno.com.br\/noticias\/wp-json\/wp\/v2\/tags?post=540840"},{"taxonomy":"suno_strategy","embeddable":true,"href":"https:\/\/www.suno.com.br\/noticias\/wp-json\/wp\/v2\/suno_strategy?post=540840"}],"curies":[{"name":"wp","href":"https:\/\/api.w.org\/{rel}","templated":true}]}}