{"id":540766,"date":"2024-04-04T11:27:32","date_gmt":"2024-04-04T14:27:32","guid":{"rendered":"https:\/\/www.suno.com.br\/noticias\/?p=540766"},"modified":"2024-04-04T11:28:48","modified_gmt":"2024-04-04T14:28:48","slug":"weg-wege3-novo-ceo-crescimento-btg-gpj","status":"publish","type":"post","link":"https:\/\/www.suno.com.br\/noticias\/weg-wege3-novo-ceo-crescimento-btg-gpj\/","title":{"rendered":"Weg (WEGE3): novo CEO manter\u00e1 crescimento saud\u00e1vel e retornos s\u00f3lidos, projeta BTG"},"content":{"rendered":"<p>Em relat\u00f3rio mais recente sobre a <a href=\"https:\/\/www.suno.com.br\/acoes\/BPAC11\/\"><strong>W<\/strong><\/a><a href=\"https:\/\/www.suno.com.br\/acoes\/WEGE3\/\"><strong>eg<\/strong> (WEGE3)<\/a>, o <a href=\"https:\/\/www.suno.com.br\/acoes\/BPAC11\/\">BTG Pactual (BPAC11)<\/a> comentou sobre as expectativas em rela\u00e7\u00e3o ao novo CEO da companhia, Alberto Kuba, que assumiu o cargo na \u00faltima segunda-feira (1) substituindo Harry Schmelzer Jr. <\/p>\t<div class=\"wrapper-featured-image\">\n\t\t<figure class=\"spotlightImg\">\n\n\t\t\t<picture>\n\t\t\t\t<source media=\"(max-width: 768px)\" srcset=\"https:\/\/files.sunoresearch.com.br\/n\/uploads\/2019\/10\/48d2689d-weg-400x200.webp\">\n\t\t\t\t<img loading=\"lazy\" decoding=\"async\" class=\"newsContent__article__imgCapa lazyloadDisabled \" src=\"https:\/\/files.sunoresearch.com.br\/n\/uploads\/2019\/10\/48d2689d-weg-800x450.webp\" width=\"800\" height=\"450\" alt=\"Weg (WEGE3): novo CEO manter\u00e1 crescimento saud\u00e1vel e retornos s\u00f3lidos, projeta BTG\" fetchpriority=high \/>\n\t\t\t<\/picture>\n\n\t\t\t<figcaption class=\"wp-caption-text wp-caption-text--show\">Weg (WEGE3). Foto: Reprodu\u00e7\u00e3o.<\/figcaption>\n\t\t<\/figure>\n\t<\/div>\n\n\n\n\n\n\n\n\t<p>\n\t\t<a href=\"\" target=\"_blank\" data-element=\"shortcode-suno-banner\" title=\"Banner SUNO, clique e saiba mais\">\n\t\t\t<picture>\n\t\t\t\t<source media=\"(max-width: 500px)\" srcset=\"\">\n\t\t\t\t<img class=\"newsContent__article__imgCapa newsContent__article__imgCapa--banner\"\n\t\t\t\t\tsrc=\"\"\n\t\t\t\t\tdata-promo-id=\"250708\"\t\t\t\t\t\t\t\t\t\t\t\t\t\t\talt=\"\"\n\t\t\t\t>\n\t\t\t<\/picture>\n\t\t<\/a>\n\t<\/p>\n\n\n\n\n\n<p>O BTG considera que depois de uma &#8220;passagem not\u00e1vel&#8221; sob o comando de Schmelzer Jr, n\u00e3o vislumbra grandes mudan\u00e7as na estrat\u00e9gia corporativa da Weg, com<strong> Kuba<\/strong> mantendo um crescimento sustent\u00e1vel e retornos s\u00f3lidos. <\/p>\n\n\n\n<p>O banco tamb\u00e9m acredita que a Weg continuar\u00e1 seus esfor\u00e7os de globaliza\u00e7\u00e3o e sua estrat\u00e9gia para aumentar o valor agregado para os clientes, ganhando participa\u00e7\u00e3o no setor de drives. <\/p>\n\n\n\n<p>&#8220;Temos uma recomenda\u00e7\u00e3o neutra na Weg, principalmente no valuation, mas \u00e9 injusto n\u00e3o reconhec\u00ea-la como um dos casos de investimento premium no Brasil&#8221;, escrevem os analistas Lucas Marquiori, Fernanda Recchia, Marcelo Arazi e Marcel Zambello. O banco tem pre\u00e7o-alvo a R$ 50,00 para <strong>a\u00e7\u00f5es da Weg<\/strong>.<\/p>\n\n\n\n<p>O BTG elogiou o mandato de Schmelzer Jr, que comandou a companhia de 2008 at\u00e9 este ano, per\u00edodo em que a Weg cresceu aproximadamente 15% ano a ano em receita e <a href=\"https:\/\/www.suno.com.br\/artigos\/lucro-liquido\/\">lucro l\u00edquido<\/a>. &#8220;O crescimento estelar e a capacidade de continuar crescendo apesar de seu tamanho s\u00e3o not\u00e1veis, principalmente em um setor t\u00e3o globalizado e competitivo como o de <a href=\"https:\/\/www.suno.com.br\/artigos\/bens-capital\/\">bens de capital<\/a>. Mais importante, ele deixa o cargo com retornos na m\u00e1xima (39% de ROIC no 4\u00ba trimestre)&#8221;, diz.<\/p>\n\n\n\n<p>A casa considera que a pandemia de Covid-19 foi o teste do modelo de neg\u00f3cios verticalmente integrado da Weg, j\u00e1 que a empresa prosperou em tempos dif\u00edceis e se tornou n\u00famero 2 do mundo em motores el\u00e9tricos. &#8220;Fazer tudo isso, apesar de toda a volatilidade pol\u00edtica e macroecon\u00f4mica no Brasil, nos mercados emergentes e no mundo, \u00e9 realmente impressionante&#8221;, refor\u00e7am os analistas.<\/p>\n\n\n\t<p>\n\t\t<a href=\"https:\/\/lp.suno.com.br\/ebook-como-analisar-uma-acao\/\" target=\"_blank\" data-element=\"shortcode-suno-banner\" title=\"Banner SUNO, clique e saiba mais\">\n\t\t\t<picture>\n\t\t\t\t<source media=\"(max-width: 500px)\" srcset=\"https:\/\/files.sunoresearch.com.br\/n\/uploads\/2023\/03\/Ebook-Acoes-Mobile.jpg\">\n\t\t\t\t<img class=\"newsContent__article__imgCapa newsContent__article__imgCapa--banner\"\n\t\t\t\t\tsrc=\"https:\/\/files.sunoresearch.com.br\/n\/uploads\/2023\/03\/Ebook-Acoes-Desktop.jpg\"\n\t\t\t\t\tdata-promo-id=\"378302\"\t\t\t\t\t\t\t\t\t\twidth='1420' height='286'\t\t\t\t\talt=\"https:\/\/files.sunoresearch.com.br\/n\/uploads\/2023\/03\/Ebook-Acoes-Desktop.jpg\"\n\t\t\t\t>\n\t\t\t<\/picture>\n\t\t<\/a>\n\t<\/p>\n\n\n\n\n\n<h2 class=\"wp-block-heading\">Weg tem muito espa\u00e7o para crescer fora do Brasil, diz BTG<\/h2>\n\n\n\n<p>Para o BTG, o crescimento da companhia nos mercados internacionais se acelerou desde os anos 2000, e enxerga muito espa\u00e7o para continuar crescendo nesta esteira.<\/p>\n\n\n\n<p>&#8220;Em seu <a href=\"https:\/\/www.suno.com.br\/artigos\/core-business\/\">core business<\/a> (motores el\u00e9tricos), a Weg tem baixa participa\u00e7\u00e3o em grandes mercados como Europa, Oriente M\u00e9dio e \u00c1sia (EMEA), de modo que sua estrat\u00e9gia para aumentar a capacidade e capturar participa\u00e7\u00e3o de volume deve continuar sendo uma prioridade. Al\u00e9m dos motores, a Weg provavelmente continuar\u00e1 a &#8220;internacionalizar&#8221; outros produtos-chave, como transformadores (j\u00e1 um grande fluxo de receita no USMCA) e solu\u00e7\u00f5es de energia renov\u00e1vel, como a nova turbina e\u00f3lica da WEG na \u00cdndia&#8221;, pontuam.<\/p>\n\n\n\n<p>Ainda de acordo com o banco, a empresa sempre usou o crescimento inorg\u00e2nico para alavancar seu portf\u00f3lio e presen\u00e7a geogr\u00e1fica, e n\u00e3o v\u00ea uma mudan\u00e7a neste caso. No <a href=\"https:\/\/www.suno.com.br\/artigos\/curto-prazo\/\">curto prazo<\/a>, o BTG considera que a integra\u00e7\u00e3o da aquisi\u00e7\u00e3o recentemente anunciada da Regal Rexnord se tornar\u00e1 uma prioridade uma vez totalmente aprovada pelas autoridades antitruste. <\/p>\n\n\n\n<p>&#8220;A recente integra\u00e7\u00e3o do Gefran tamb\u00e9m \u00e9 uma boa refer\u00eancia para a integra\u00e7\u00e3o bem-sucedida do Regal. N\u00e3o descartamos que a Weg use aquisi\u00e7\u00f5es para acelerar o crescimento no segmento de drives, principalmente em regi\u00f5es onde ainda n\u00e3o \u00e9 muito grande&#8221;, escreve.<\/p>\n\n\n\t<div data-element=\"shortcode-read-more\" class=\"knowMore\">\n\t\t\t\t<span class=\"knowMore__title\">Leia mais<\/span>\n\t\t\t\t<a class=\"knowMore__link\" href=\"https:\/\/www.suno.com.br\/noticias\/weg-wege3-acordo-regal-rexnord-gpj\/\">\n\t\t\tWeg (WEGE3): controladas fecham acordo com Regal Rexnord por US$ 400 milh\u00f5es\t\t<\/a>\n\t<\/div>\n\n\n\n\n<h2 class=\"wp-block-heading\">BTG: Weg possui espa\u00e7o para continuar explorando novas tecnologias<\/h2>\n\n\n\n<p>O BTG acredita que a <strong>WEGE3<\/strong> possui muito espa\u00e7o para continuar explorando novas tecnologias e, com as solu\u00e7\u00f5es de mobilidade el\u00e9trica ganhando participa\u00e7\u00e3o no backlog, muitas outras tecnologias tamb\u00e9m podem ganhar participa\u00e7\u00e3o &#8211; como armazenamento de energia, infraestrutura de eletricidade, hidrog\u00eanio verde, digitaliza\u00e7\u00e3o de produtos e automa\u00e7\u00e3o de fabrica\u00e7\u00e3o.<\/p>\n\n\n\n<p>&#8220;Essas classes de produtos s\u00e3o t\u00e3o grandes que parece quase imposs\u00edvel para o mercado quantificar totalmente essas oportunidades para a Weg. Assim, acreditamos que o mercado continuar\u00e1 monitorando o desenvolvimento dessas novas tecnologias para avaliar o quanto elas podem representar em termos de receita e <a href=\"https:\/\/www.suno.com.br\/artigos\/geracao-de-caixa\/\">gera\u00e7\u00e3o de caixa<\/a>&#8220;.<\/p>\n\n\n\n<h2 class=\"wp-block-heading\">Manter ROIC em alta ser\u00e1 grande desafio para novo CEO, projeta BTG<\/h2>\n\n\n\n<p>Por fim, o banco ressalta que o novo <strong>CEO da Weg <\/strong>est\u00e1 assumindo em um per\u00edodo de pico de <a href=\"https:\/\/www.suno.com.br\/artigos\/retorno-capital-investido\/\">Retorno sobre o Capital Investido<\/a> (ROIC), e que ser\u00e1 um desafio manter os retornos em um n\u00edvel t\u00e3o alto. Na avalia\u00e7\u00e3o do BTG, a Weg tamb\u00e9m teve uma grande sequ\u00eancia de crescimento durante a pandemia, e agora est\u00e1 entrando em um padr\u00e3o de crescimento mais normalizado. <\/p>\n\n\n\n<p>&#8220;Olhando para seu longo hist\u00f3rico, \u00e9 justo supor que a Weg continuar\u00e1 crescendo na faixa de dois d\u00edgitos (e sustentar\u00e1 retornos acima da m\u00e9dia da ind\u00fastria (vemos o ROIC se estabelecendo mais perto de 20%). Essas duas m\u00e9tricas (crescimento sustent\u00e1vel + retornos s\u00f3lidos) por si s\u00f3 garantem o status da Weg como um dos melhores cases de investimento no Brasil&#8221;, avalia.<\/p>\n\n\n\n<p>&#8220;Sempre ouvimos da Weg que manter o crescimento sustent\u00e1vel \u00e9 a melhor maneira de reter grandes talentos internamente, por isso vemos a Weg mantendo sua vantagem em ter uma equipe executiva qualificada, pois estamos confiantes no crescimento sustent\u00e1vel do <a href=\"https:\/\/www.suno.com.br\/artigos\/longo-prazo\/\">longo prazo<\/a>&#8220;, finaliza.<\/p>\n\n\n\n<h2 class=\"wp-block-heading\">Desempenho das a\u00e7\u00f5es de Weg (WEGE3)<\/h2>\n\n\n\n<p>No intradia, as a\u00e7\u00f5es da <strong>Weg<\/strong> subiam 0,87%, cotadas a R$ 38,22. No m\u00eas de abril, as a\u00e7\u00f5es caem 0,54%, enquanto no ano, avan\u00e7am 3,92%.<\/p>\n\n\n\n<div class=\"pluginQuotation\">\n  <p class=\"ticker\">\n    Cota\u00e7\u00e3o <span>WEGE3<\/span>\n  <\/p>\n  <div class=\"info\">\n    <div class=\"leftSide\">\n      Gr\u00e1fico gerado em: 04\/04\/2024    <\/div>\n\t\t\t\t\t<div class=\"rightSide\">\n\t\t\t\t\t<span class=\"period\">\n\t\t\t\t\t\t1 Dia\t\t\t\t\t<\/span>\n\t\t\t<\/div>\n\t\t  <\/div>\n\n  <div id=\"chart-cfe02f947c8b76de4d5277bfe7b02e78\" data-block-hash=\"cfe02f947c8b76de4d5277bfe7b02e78\"  class=\"chart\" style=\"width:100%;height:400px;\"><\/div>\n\n  <div class=\"pluginQuotation__footer\">\n    <div class=\"dataChart\">\n\n      <div class=\"dataChart__div1 variation\">\n        <div class=\"value-negative\">\n          -0,08 (-0,03%)        <\/div>\n        <div class=\"text\">\n          Varia\u00e7\u00e3o do per\u00edodo\n        <\/div>\n      <\/div>\n\n      <div class=\"dataChart__div2 minMax\">\n        <div class=\"value\">\n          R$\u00a037,79        <\/div>\n        <div class=\"text\">\n          M\u00ednima\n        <\/div>\n      <\/div>\n\n      <div class=\"dataChart__div3 minMax\">\n        <div class=\"value\">\n          R$\u00a038,05        <\/div>\n        <div class=\"text\">\n          M\u00e1xima\n        <\/div>\n      <\/div>\n\n\t\t\t<div class=\"dataChart__div4 rightSide\">\n\t\t\t\t<div class=\"analiticaSource\">\n\t\t\t\t\t<span>\n\t\t\t\t\t\tFonte:\n\t\t\t\t\t<\/span>\n\t\t\t\t\t<img decoding=\"async\" class=\"analiticaLogo\" src=\"https:\/\/www.suno.com.br\/noticias\/wp-content\/plugins\/suno-block-ticker-quotation\/src\/suno-analitica-logo.png\" alt=\"Logo Suno Anal\u00edtica\" \/>\n\t\t\t\t<\/div>\n\n\t\t\t\t<a href=\"https:\/\/www.suno.com.br\/analitica\/acoes\/WEGE3\" target=\"_blank\">\n\t\t\t\t\t<span>\n\t\t\t\t\t\tVer mais cota\u00e7\u00f5es\n\t\t\t\t\t<\/span>\n\t\t\t\t\t<svg xmlns=\"http:\/\/www.w3.org\/2000\/svg\" width=\"9\" height=\"8\" viewBox=\"0 0 9 8\" fill=\"none\">\n\t\t\t\t\t\t<path d=\"M4.20996 0L3.50496 0.705L6.29496 3.5H0.209961V4.5H6.29496L3.50496 7.295L4.20996 8L8.20996 4L4.20996 0Z\" fill=\"#D42126\" \/>\n\t\t\t\t\t<\/svg>\n\t\t\t\t<\/a>\n    <\/div>\n\n    <\/div>\n  <\/div>\n<\/div>\n\n\n<script type=\"text\/javascript\">\n  let chart_cfe02f947c8b76de4d5277bfe7b02e78 = document.getElementById('chart-cfe02f947c8b76de4d5277bfe7b02e78');\n  let data_json_cfe02f947c8b76de4d5277bfe7b02e78 = \"[{\\\"date\\\":\\\"04\\\\\\\/04\\\\\\\/24 10:00\\\",\\\"value\\\":37.82},{\\\"date\\\":\\\"04\\\\\\\/04\\\\\\\/24 10:02\\\",\\\"value\\\":38.05},{\\\"date\\\":\\\"04\\\\\\\/04\\\\\\\/24 10:04\\\",\\\"value\\\":38.01},{\\\"date\\\":\\\"04\\\\\\\/04\\\\\\\/24 10:06\\\",\\\"value\\\":38},{\\\"date\\\":\\\"04\\\\\\\/04\\\\\\\/24 10:08\\\",\\\"value\\\":37.99},{\\\"date\\\":\\\"04\\\\\\\/04\\\\\\\/24 10:10\\\",\\\"value\\\":37.79},{\\\"date\\\":\\\"04\\\\\\\/04\\\\\\\/24 10:12\\\",\\\"value\\\":38},{\\\"date\\\":\\\"04\\\\\\\/04\\\\\\\/24 10:14\\\",\\\"value\\\":37.79}]\";\n  let isPositive_cfe02f947c8b76de4d5277bfe7b02e78 = \"\";\n\n  let color_cfe02f947c8b76de4d5277bfe7b02e78 = isPositive_cfe02f947c8b76de4d5277bfe7b02e78 ? '#3AB53A' : '#D92C2D';\n\n  let data_cfe02f947c8b76de4d5277bfe7b02e78 = JSON.parse(data_json_cfe02f947c8b76de4d5277bfe7b02e78);\n\n  const result_cfe02f947c8b76de4d5277bfe7b02e78 = {\n    date: [],\n    value: [],\n  };\n\n  data_cfe02f947c8b76de4d5277bfe7b02e78.forEach((item) => {\n    result_cfe02f947c8b76de4d5277bfe7b02e78.date.push(item.date);\n    result_cfe02f947c8b76de4d5277bfe7b02e78.value.push(Number(item.value));\n  });\n\n  let option_cfe02f947c8b76de4d5277bfe7b02e78 = {\n    \/\/ variavel de cor global\n    color: [color_cfe02f947c8b76de4d5277bfe7b02e78],\n    title: {\n      text: '',\n    },\n    tooltip: {\n      trigger: 'axis',\n      axisPointer: {\n        type: 'cross',\n        label: {\n          \/\/ cor dos valores em X e Y\n          backgroundColor: color_cfe02f947c8b76de4d5277bfe7b02e78,\n          formatter: (value) => {\n            if (typeof value.value === 'number') {\n              return Number(value.value).toLocaleString('pt-br', {\n                style: 'currency',\n                currency: 'BRL'\n              });\n            }\n            return value.value;\n          },\n        },\n      },\n      valueFormatter: (value) => Number(value).toLocaleString('pt-br', {\n        style: 'currency',\n        currency: 'BRL'\n      }),\n    },\n    legend: {\n      \/\/ data: ['Valor de Fechamento'],\n      show: false,\n    },\n    toolbox: {\n      feature: {\n        saveAsImage: {\n          show: false,\n        },\n      },\n    },\n    grid: {\n      left: '0px',\n      right: '0px',\n      bottom: '0px',\n      containLabel: true,\n    },\n    xAxis: [{\n      type: 'category',\n      data: result_cfe02f947c8b76de4d5277bfe7b02e78.date,\n      boundaryGap: true,\n    }],\n    yAxis: [{\n      type: 'value',\n      min: Math.min(...result_cfe02f947c8b76de4d5277bfe7b02e78.value),\n      max: Math.max(...result_cfe02f947c8b76de4d5277bfe7b02e78.value),\n      axisLabel: {\n        formatter: (value) => value.toLocaleString('pt-br', {\n          style: 'currency',\n          currency: 'BRL'\n        }),\n      },\n    }],\n    series: [{\n      name: 'Valor de Fechamento',\n      type: 'line',\n      stack: 'Total',\n      \/\/ cor do grafico\n      areaStyle: {},\n      emphasis: {\n        focus: 'series',\n      },\n      data: result_cfe02f947c8b76de4d5277bfe7b02e78.value,\n      \/\/ cor da linha\n      lineStyle: {\n        color: color_cfe02f947c8b76de4d5277bfe7b02e78,\n      },\n    }, ],\n  };\n\n\twindow.chart_cfe02f947c8b76de4d5277bfe7b02e78 = {\n\t\tel: chart_cfe02f947c8b76de4d5277bfe7b02e78,\n\t\toption: option_cfe02f947c8b76de4d5277bfe7b02e78\t};\n\n\n<\/script>\n\n\n\t<p>\n\t\t<a href=\"https:\/\/lp.suno.com.br\/plataforma-de-controle-de-investimentos\/\" target=\"_blank\" data-element=\"shortcode-suno-banner\" title=\"Banner SUNO, clique e saiba mais\">\n\t\t\t<picture>\n\t\t\t\t<source media=\"(max-width: 500px)\" srcset=\"https:\/\/files.sunoresearch.com.br\/n\/uploads\/2023\/03\/400x300-Controle-de-Investimentos.png\">\n\t\t\t\t<img class=\"newsContent__article__imgCapa newsContent__article__imgCapa--banner\"\n\t\t\t\t\tsrc=\"https:\/\/files.sunoresearch.com.br\/n\/uploads\/2023\/03\/1420x240-Controle-de-Investimentos.png\"\n\t\t\t\t\tdata-promo-id=\"383162\"\t\t\t\t\t\t\t\t\t\twidth='1420' height='240'\t\t\t\t\talt=\"https:\/\/files.sunoresearch.com.br\/n\/uploads\/2023\/03\/1420x240-Controle-de-Investimentos.png\"\n\t\t\t\t>\n\t\t\t<\/picture>\n\t\t<\/a>\n\t<\/p>\n\n\n","protected":false},"excerpt":{"rendered":"<p>Em relat\u00f3rio mais recente sobre a Weg (WEGE3), o BTG Pactual (BPAC11) comentou sobre as expectativas em rela\u00e7\u00e3o ao novo CEO da companhia, Alberto Kuba, que assumiu o cargo na \u00faltima segunda-feira (1) substituindo Harry Schmelzer Jr. Weg (WEGE3). Foto: Reprodu\u00e7\u00e3o. O BTG considera que depois de uma &#8220;passagem not\u00e1vel&#8221; sob o comando de Schmelzer [&hellip;]<\/p>\n","protected":false},"author":313,"featured_media":42079,"comment_status":"closed","ping_status":"closed","sticky":false,"template":"","format":"standard","meta":[],"categories":[64],"tags":[286,105816,681],"suno_strategy":[],"class_list":["post-540766","post","type-post","status-publish","format-standard","has-post-thumbnail","hentry","category-negocios","tag-acoes","tag-especialistas","tag-weg-wege3"],"yoast_head":"<!-- This site is optimized with the Yoast SEO plugin v24.4 - https:\/\/yoast.com\/wordpress\/plugins\/seo\/ -->\n<title>Weg (WEGE3): novo CEO manter\u00e1 crescimento saud\u00e1vel, diz BTG<\/title>\n<meta name=\"description\" content=\"Em relat\u00f3rio, o BTG comentou sobre as expectativas em rela\u00e7\u00e3o ao novo CEO da Weg. Veja o que diz o BTG sobre o novo presidente da Weg.\" \/>\n<meta name=\"robots\" content=\"index, follow, max-snippet:-1, max-image-preview:large, max-video-preview:-1\" \/>\n<link rel=\"canonical\" href=\"https:\/\/www.suno.com.br\/noticias\/weg-wege3-novo-ceo-crescimento-btg-gpj\/\" \/>\n<meta property=\"og:locale\" content=\"pt_BR\" \/>\n<meta property=\"og:type\" content=\"article\" \/>\n<meta property=\"og:title\" content=\"Weg (WEGE3): novo CEO manter\u00e1 crescimento saud\u00e1vel, diz BTG\" \/>\n<meta property=\"og:description\" content=\"Em relat\u00f3rio, o BTG comentou sobre as expectativas em rela\u00e7\u00e3o ao novo CEO da Weg. Veja o que diz o BTG sobre o novo presidente da Weg.\" \/>\n<meta property=\"og:url\" content=\"https:\/\/www.suno.com.br\/noticias\/weg-wege3-novo-ceo-crescimento-btg-gpj\/\" \/>\n<meta property=\"og:site_name\" content=\"Suno Not\u00edcias\" \/>\n<meta property=\"article:publisher\" content=\"https:\/\/facebook.com\/sunoresearch\" \/>\n<meta property=\"og:image\" content=\"https:\/\/files.sunoresearch.com.br\/n\/uploads\/2019\/10\/48d2689d-weg.jpg\" \/>\n\t<meta property=\"og:image:width\" content=\"1400\" \/>\n\t<meta property=\"og:image:height\" content=\"700\" \/>\n\t<meta property=\"og:image:type\" content=\"image\/jpeg\" \/>\n<meta name=\"author\" content=\"Giovanni Porf\u00edrio Jacomino\" \/>\n<meta name=\"twitter:card\" content=\"summary_large_image\" \/>\n<meta name=\"twitter:creator\" content=\"@sunoresearch\" \/>\n<meta name=\"twitter:site\" content=\"@sunoresearch\" \/>\n<meta name=\"twitter:label1\" content=\"Escrito por\" \/>\n\t<meta name=\"twitter:data1\" content=\"Giovanni Porf\u00edrio Jacomino\" \/>\n\t<meta name=\"twitter:label2\" content=\"Est. tempo de leitura\" \/>\n\t<meta name=\"twitter:data2\" content=\"5 minutos\" \/>\n<script type=\"application\/ld+json\" class=\"yoast-schema-graph\">{\"@context\":\"https:\/\/schema.org\",\"@graph\":[{\"@type\":\"NewsArticle\",\"@id\":\"https:\/\/www.suno.com.br\/noticias\/weg-wege3-novo-ceo-crescimento-btg-gpj\/#article\",\"isPartOf\":{\"@id\":\"https:\/\/www.suno.com.br\/noticias\/weg-wege3-novo-ceo-crescimento-btg-gpj\/\"},\"author\":{\"name\":\"Giovanni Porf\u00edrio Jacomino\",\"@id\":\"https:\/\/www.suno.com.br\/noticias\/#\/schema\/person\/d0f32748bbca4bee871fa191ee4e2d40\"},\"headline\":\"Weg (WEGE3): novo CEO manter\u00e1 crescimento saud\u00e1vel e retornos s\u00f3lidos, projeta BTG\",\"datePublished\":\"2024-04-04T14:27:32+00:00\",\"dateModified\":\"2024-04-04T14:28:48+00:00\",\"mainEntityOfPage\":{\"@id\":\"https:\/\/www.suno.com.br\/noticias\/weg-wege3-novo-ceo-crescimento-btg-gpj\/\"},\"wordCount\":908,\"publisher\":{\"@id\":\"https:\/\/www.suno.com.br\/noticias\/#organization\"},\"image\":{\"@id\":\"https:\/\/www.suno.com.br\/noticias\/weg-wege3-novo-ceo-crescimento-btg-gpj\/#primaryimage\"},\"thumbnailUrl\":\"https:\/\/files.sunoresearch.com.br\/n\/uploads\/2019\/10\/48d2689d-weg-jpg.webp\",\"keywords\":[\"A\u00e7\u00f5es\",\"Especialistas\",\"Weg (WEGE3)\"],\"articleSection\":[\"Neg\u00f3cios\"],\"inLanguage\":\"pt-BR\"},{\"@type\":\"WebPage\",\"@id\":\"https:\/\/www.suno.com.br\/noticias\/weg-wege3-novo-ceo-crescimento-btg-gpj\/\",\"url\":\"https:\/\/www.suno.com.br\/noticias\/weg-wege3-novo-ceo-crescimento-btg-gpj\/\",\"name\":\"Weg (WEGE3): novo CEO manter\u00e1 crescimento saud\u00e1vel, diz BTG\",\"isPartOf\":{\"@id\":\"https:\/\/www.suno.com.br\/noticias\/#website\"},\"primaryImageOfPage\":{\"@id\":\"https:\/\/www.suno.com.br\/noticias\/weg-wege3-novo-ceo-crescimento-btg-gpj\/#primaryimage\"},\"image\":{\"@id\":\"https:\/\/www.suno.com.br\/noticias\/weg-wege3-novo-ceo-crescimento-btg-gpj\/#primaryimage\"},\"thumbnailUrl\":\"https:\/\/files.sunoresearch.com.br\/n\/uploads\/2019\/10\/48d2689d-weg-jpg.webp\",\"datePublished\":\"2024-04-04T14:27:32+00:00\",\"dateModified\":\"2024-04-04T14:28:48+00:00\",\"description\":\"Em relat\u00f3rio, o BTG comentou sobre as expectativas em rela\u00e7\u00e3o ao novo CEO da Weg. Veja o que diz o BTG sobre o novo presidente da Weg.\",\"breadcrumb\":{\"@id\":\"https:\/\/www.suno.com.br\/noticias\/weg-wege3-novo-ceo-crescimento-btg-gpj\/#breadcrumb\"},\"inLanguage\":\"pt-BR\",\"potentialAction\":[{\"@type\":\"ReadAction\",\"target\":[\"https:\/\/www.suno.com.br\/noticias\/weg-wege3-novo-ceo-crescimento-btg-gpj\/\"]}]},{\"@type\":\"ImageObject\",\"inLanguage\":\"pt-BR\",\"@id\":\"https:\/\/www.suno.com.br\/noticias\/weg-wege3-novo-ceo-crescimento-btg-gpj\/#primaryimage\",\"url\":\"https:\/\/files.sunoresearch.com.br\/n\/uploads\/2019\/10\/48d2689d-weg-jpg.webp\",\"contentUrl\":\"https:\/\/files.sunoresearch.com.br\/n\/uploads\/2019\/10\/48d2689d-weg-jpg.webp\",\"width\":1400,\"height\":700,\"caption\":\"Weg (WEGE3). Foto: Reprodu\u00e7\u00e3o.\"},{\"@type\":\"BreadcrumbList\",\"@id\":\"https:\/\/www.suno.com.br\/noticias\/weg-wege3-novo-ceo-crescimento-btg-gpj\/#breadcrumb\",\"itemListElement\":[{\"@type\":\"ListItem\",\"position\":1,\"name\":\"Not\u00edcias\",\"item\":\"https:\/\/www.suno.com.br\/noticias\/\"},{\"@type\":\"ListItem\",\"position\":2,\"name\":\"Neg\u00f3cios\",\"item\":\"https:\/\/www.suno.com.br\/noticias\/negocios\/\"},{\"@type\":\"ListItem\",\"position\":3,\"name\":\"Weg (WEGE3): novo CEO manter\u00e1 crescimento saud\u00e1vel e retornos s\u00f3lidos, projeta BTG\"}]},{\"@type\":\"WebSite\",\"@id\":\"https:\/\/www.suno.com.br\/noticias\/#website\",\"url\":\"https:\/\/www.suno.com.br\/noticias\/\",\"name\":\"Suno Not\u00edcias\",\"description\":\"Seu portal de informa\u00e7\u00e3o sobre o mundo dos investimentos\",\"publisher\":{\"@id\":\"https:\/\/www.suno.com.br\/noticias\/#organization\"},\"potentialAction\":[{\"@type\":\"SearchAction\",\"target\":{\"@type\":\"EntryPoint\",\"urlTemplate\":\"https:\/\/www.suno.com.br\/noticias\/?s={search_term_string}\"},\"query-input\":{\"@type\":\"PropertyValueSpecification\",\"valueRequired\":true,\"valueName\":\"search_term_string\"}}],\"inLanguage\":\"pt-BR\"},{\"@type\":\"Organization\",\"@id\":\"https:\/\/www.suno.com.br\/noticias\/#organization\",\"name\":\"Suno Not\u00edcias\",\"url\":\"https:\/\/www.suno.com.br\/noticias\/\",\"logo\":{\"@type\":\"ImageObject\",\"inLanguage\":\"pt-BR\",\"@id\":\"https:\/\/www.suno.com.br\/noticias\/#\/schema\/logo\/image\/\",\"url\":\"https:\/\/files.sunoresearch.com.br\/n\/uploads\/2021\/09\/suno-logo.png\",\"contentUrl\":\"https:\/\/files.sunoresearch.com.br\/n\/uploads\/2021\/09\/suno-logo.png\",\"width\":180,\"height\":180,\"caption\":\"Suno Not\u00edcias\"},\"image\":{\"@id\":\"https:\/\/www.suno.com.br\/noticias\/#\/schema\/logo\/image\/\"},\"sameAs\":[\"https:\/\/facebook.com\/sunoresearch\",\"https:\/\/x.com\/sunoresearch\",\"https:\/\/www.instagram.com\/suno\",\"https:\/\/www.linkedin.com\/company\/suno-research\/\",\"https:\/\/www.youtube.com\/c\/sunoresearch\"]},{\"@type\":\"Person\",\"@id\":\"https:\/\/www.suno.com.br\/noticias\/#\/schema\/person\/d0f32748bbca4bee871fa191ee4e2d40\",\"name\":\"Giovanni Porf\u00edrio Jacomino\",\"image\":{\"@type\":\"ImageObject\",\"inLanguage\":\"pt-BR\",\"@id\":\"https:\/\/www.suno.com.br\/noticias\/#\/schema\/person\/image\/\",\"url\":\"https:\/\/secure.gravatar.com\/avatar\/efb32e19b730a121cb7a80f41ffec01a?s=96&r=g\",\"contentUrl\":\"https:\/\/secure.gravatar.com\/avatar\/efb32e19b730a121cb7a80f41ffec01a?s=96&r=g\",\"caption\":\"Giovanni Porf\u00edrio Jacomino\"},\"description\":\"Giovanni Porf\u00edrio Jacomino \u00e9 jornalista formado pela Universidade Estadual de Londrina (UEL) e p\u00f3s-graduado em Produ\u00e7\u00e3o e Pr\u00e1ticas Jornal\u00edsticas na Contemporaneidade na Faculdade C\u00e1sper L\u00edbero (FCL). Foi editor web no Startupi e no Finsiders, atuando ainda como editor no TC Mover, portal de not\u00edcias da TradersClub, fazendo a cobertura de assuntos relacionados ao mercado financeiro interno e externo. Atualmente, \u00e9 Rep\u00f3rter do Suno Not\u00edcias.\",\"url\":\"https:\/\/www.suno.com.br\/noticias\/author\/giovanni-porfiriosuno-com-br\/\"}]}<\/script>\n<!-- \/ Yoast SEO plugin. -->","yoast_head_json":{"title":"Weg (WEGE3): novo CEO manter\u00e1 crescimento saud\u00e1vel, diz BTG","description":"Em relat\u00f3rio, o BTG comentou sobre as expectativas em rela\u00e7\u00e3o ao novo CEO da Weg. Veja o que diz o BTG sobre o novo presidente da Weg.","robots":{"index":"index","follow":"follow","max-snippet":"max-snippet:-1","max-image-preview":"max-image-preview:large","max-video-preview":"max-video-preview:-1"},"canonical":"https:\/\/www.suno.com.br\/noticias\/weg-wege3-novo-ceo-crescimento-btg-gpj\/","og_locale":"pt_BR","og_type":"article","og_title":"Weg (WEGE3): novo CEO manter\u00e1 crescimento saud\u00e1vel, diz BTG","og_description":"Em relat\u00f3rio, o BTG comentou sobre as expectativas em rela\u00e7\u00e3o ao novo CEO da Weg. Veja o que diz o BTG sobre o novo presidente da Weg.","og_url":"https:\/\/www.suno.com.br\/noticias\/weg-wege3-novo-ceo-crescimento-btg-gpj\/","og_site_name":"Suno Not\u00edcias","article_publisher":"https:\/\/facebook.com\/sunoresearch","og_image":[{"width":1400,"height":700,"url":"https:\/\/files.sunoresearch.com.br\/n\/uploads\/2019\/10\/48d2689d-weg.jpg","type":"image\/jpeg"}],"author":"Giovanni Porf\u00edrio Jacomino","twitter_card":"summary_large_image","twitter_creator":"@sunoresearch","twitter_site":"@sunoresearch","twitter_misc":{"Escrito por":"Giovanni Porf\u00edrio Jacomino","Est. tempo de leitura":"5 minutos"},"schema":{"@context":"https:\/\/schema.org","@graph":[{"@type":"NewsArticle","@id":"https:\/\/www.suno.com.br\/noticias\/weg-wege3-novo-ceo-crescimento-btg-gpj\/#article","isPartOf":{"@id":"https:\/\/www.suno.com.br\/noticias\/weg-wege3-novo-ceo-crescimento-btg-gpj\/"},"author":{"name":"Giovanni Porf\u00edrio Jacomino","@id":"https:\/\/www.suno.com.br\/noticias\/#\/schema\/person\/d0f32748bbca4bee871fa191ee4e2d40"},"headline":"Weg (WEGE3): novo CEO manter\u00e1 crescimento saud\u00e1vel e retornos s\u00f3lidos, projeta BTG","datePublished":"2024-04-04T14:27:32+00:00","dateModified":"2024-04-04T14:28:48+00:00","mainEntityOfPage":{"@id":"https:\/\/www.suno.com.br\/noticias\/weg-wege3-novo-ceo-crescimento-btg-gpj\/"},"wordCount":908,"publisher":{"@id":"https:\/\/www.suno.com.br\/noticias\/#organization"},"image":{"@id":"https:\/\/www.suno.com.br\/noticias\/weg-wege3-novo-ceo-crescimento-btg-gpj\/#primaryimage"},"thumbnailUrl":"https:\/\/files.sunoresearch.com.br\/n\/uploads\/2019\/10\/48d2689d-weg-jpg.webp","keywords":["A\u00e7\u00f5es","Especialistas","Weg (WEGE3)"],"articleSection":["Neg\u00f3cios"],"inLanguage":"pt-BR"},{"@type":"WebPage","@id":"https:\/\/www.suno.com.br\/noticias\/weg-wege3-novo-ceo-crescimento-btg-gpj\/","url":"https:\/\/www.suno.com.br\/noticias\/weg-wege3-novo-ceo-crescimento-btg-gpj\/","name":"Weg (WEGE3): novo CEO manter\u00e1 crescimento saud\u00e1vel, diz BTG","isPartOf":{"@id":"https:\/\/www.suno.com.br\/noticias\/#website"},"primaryImageOfPage":{"@id":"https:\/\/www.suno.com.br\/noticias\/weg-wege3-novo-ceo-crescimento-btg-gpj\/#primaryimage"},"image":{"@id":"https:\/\/www.suno.com.br\/noticias\/weg-wege3-novo-ceo-crescimento-btg-gpj\/#primaryimage"},"thumbnailUrl":"https:\/\/files.sunoresearch.com.br\/n\/uploads\/2019\/10\/48d2689d-weg-jpg.webp","datePublished":"2024-04-04T14:27:32+00:00","dateModified":"2024-04-04T14:28:48+00:00","description":"Em relat\u00f3rio, o BTG comentou sobre as expectativas em rela\u00e7\u00e3o ao novo CEO da Weg. Veja o que diz o BTG sobre o novo presidente da Weg.","breadcrumb":{"@id":"https:\/\/www.suno.com.br\/noticias\/weg-wege3-novo-ceo-crescimento-btg-gpj\/#breadcrumb"},"inLanguage":"pt-BR","potentialAction":[{"@type":"ReadAction","target":["https:\/\/www.suno.com.br\/noticias\/weg-wege3-novo-ceo-crescimento-btg-gpj\/"]}]},{"@type":"ImageObject","inLanguage":"pt-BR","@id":"https:\/\/www.suno.com.br\/noticias\/weg-wege3-novo-ceo-crescimento-btg-gpj\/#primaryimage","url":"https:\/\/files.sunoresearch.com.br\/n\/uploads\/2019\/10\/48d2689d-weg-jpg.webp","contentUrl":"https:\/\/files.sunoresearch.com.br\/n\/uploads\/2019\/10\/48d2689d-weg-jpg.webp","width":1400,"height":700,"caption":"Weg (WEGE3). Foto: Reprodu\u00e7\u00e3o."},{"@type":"BreadcrumbList","@id":"https:\/\/www.suno.com.br\/noticias\/weg-wege3-novo-ceo-crescimento-btg-gpj\/#breadcrumb","itemListElement":[{"@type":"ListItem","position":1,"name":"Not\u00edcias","item":"https:\/\/www.suno.com.br\/noticias\/"},{"@type":"ListItem","position":2,"name":"Neg\u00f3cios","item":"https:\/\/www.suno.com.br\/noticias\/negocios\/"},{"@type":"ListItem","position":3,"name":"Weg (WEGE3): novo CEO manter\u00e1 crescimento saud\u00e1vel e retornos s\u00f3lidos, projeta BTG"}]},{"@type":"WebSite","@id":"https:\/\/www.suno.com.br\/noticias\/#website","url":"https:\/\/www.suno.com.br\/noticias\/","name":"Suno Not\u00edcias","description":"Seu portal de informa\u00e7\u00e3o sobre o mundo dos investimentos","publisher":{"@id":"https:\/\/www.suno.com.br\/noticias\/#organization"},"potentialAction":[{"@type":"SearchAction","target":{"@type":"EntryPoint","urlTemplate":"https:\/\/www.suno.com.br\/noticias\/?s={search_term_string}"},"query-input":{"@type":"PropertyValueSpecification","valueRequired":true,"valueName":"search_term_string"}}],"inLanguage":"pt-BR"},{"@type":"Organization","@id":"https:\/\/www.suno.com.br\/noticias\/#organization","name":"Suno Not\u00edcias","url":"https:\/\/www.suno.com.br\/noticias\/","logo":{"@type":"ImageObject","inLanguage":"pt-BR","@id":"https:\/\/www.suno.com.br\/noticias\/#\/schema\/logo\/image\/","url":"https:\/\/files.sunoresearch.com.br\/n\/uploads\/2021\/09\/suno-logo.png","contentUrl":"https:\/\/files.sunoresearch.com.br\/n\/uploads\/2021\/09\/suno-logo.png","width":180,"height":180,"caption":"Suno Not\u00edcias"},"image":{"@id":"https:\/\/www.suno.com.br\/noticias\/#\/schema\/logo\/image\/"},"sameAs":["https:\/\/facebook.com\/sunoresearch","https:\/\/x.com\/sunoresearch","https:\/\/www.instagram.com\/suno","https:\/\/www.linkedin.com\/company\/suno-research\/","https:\/\/www.youtube.com\/c\/sunoresearch"]},{"@type":"Person","@id":"https:\/\/www.suno.com.br\/noticias\/#\/schema\/person\/d0f32748bbca4bee871fa191ee4e2d40","name":"Giovanni Porf\u00edrio Jacomino","image":{"@type":"ImageObject","inLanguage":"pt-BR","@id":"https:\/\/www.suno.com.br\/noticias\/#\/schema\/person\/image\/","url":"https:\/\/secure.gravatar.com\/avatar\/efb32e19b730a121cb7a80f41ffec01a?s=96&r=g","contentUrl":"https:\/\/secure.gravatar.com\/avatar\/efb32e19b730a121cb7a80f41ffec01a?s=96&r=g","caption":"Giovanni Porf\u00edrio Jacomino"},"description":"Giovanni Porf\u00edrio Jacomino \u00e9 jornalista formado pela Universidade Estadual de Londrina (UEL) e p\u00f3s-graduado em Produ\u00e7\u00e3o e Pr\u00e1ticas Jornal\u00edsticas na Contemporaneidade na Faculdade C\u00e1sper L\u00edbero (FCL). Foi editor web no Startupi e no Finsiders, atuando ainda como editor no TC Mover, portal de not\u00edcias da TradersClub, fazendo a cobertura de assuntos relacionados ao mercado financeiro interno e externo. Atualmente, \u00e9 Rep\u00f3rter do Suno Not\u00edcias.","url":"https:\/\/www.suno.com.br\/noticias\/author\/giovanni-porfiriosuno-com-br\/"}]}},"default_loop_html":"<div class=\"cardsPage__listCard__boxs\"><div class=\"cardsPage__listCard__boxs__img\"><a href=\"https:\/\/www.suno.com.br\/noticias\/weg-wege3-novo-ceo-crescimento-btg-gpj\/\"><img class=\"mask\" src=\"https:\/\/www.suno.com.br\/noticias\/wp-content\/themes\/suno\/resources\/images\/spotlight\/spotlight1img\/bg-mask.png\" alt=\"Image Mask\"\/><img src=\"https:\/\/files.sunoresearch.com.br\/n\/uploads\/2019\/10\/48d2689d-weg-400x200.webp\" alt=\"Weg (WEGE3): novo CEO manter\u00e1 crescimento saud\u00e1vel e retornos s\u00f3lidos, projeta BTG\"\/><\/a><span class=\"spotlightCategory\"><a href=\"https:\/\/www.suno.com.br\/noticias\/negocios\/\">Neg\u00f3cios<\/a><\/span><\/div><div class=\"cardsPage__listCard__boxs__content\"><a href=\"https:\/\/www.suno.com.br\/noticias\/weg-wege3-novo-ceo-crescimento-btg-gpj\/\"><h2 class=\"content__title\">Weg (WEGE3): novo CEO manter\u00e1 crescimento saud\u00e1vel e retornos s\u00f3lidos, projeta BTG<\/h2><\/a><div class=\"newsContent__article__meta\"><div class=\"newsContent__article__meta__authorBox\"><a href=\"https:\/\/www.suno.com.br\/noticias\/author\/giovanni-porfiriosuno-com-br\/\" class=\"authorBox__avatar noMobi\"><img src=\"https:\/\/files.sunoresearch.com.br\/n\/uploads\/2024\/05\/DSCF4115-1-1-150x150.webp\" alt=\"Giovanni Porf\u00edrio Jacomino\"><\/a><div class=\"authorBox__name\"><span>por\n\t\t\t<a href=\"https:\/\/www.suno.com.br\/noticias\/author\/giovanni-porfiriosuno-com-br\/\"><span itemprop=\"author\">Giovanni Porf\u00edrio Jacomino<\/span><\/a><\/span><time datetime=\"2024-04-04T11:27:32-03:00\" itemprop=\"datePublished\">04\/04\/2024 11:27<\/time><\/div><\/div><\/div><\/div><\/div>","single_layout":"posts","amp_enabled":true,"_links":{"self":[{"href":"https:\/\/www.suno.com.br\/noticias\/wp-json\/wp\/v2\/posts\/540766"}],"collection":[{"href":"https:\/\/www.suno.com.br\/noticias\/wp-json\/wp\/v2\/posts"}],"about":[{"href":"https:\/\/www.suno.com.br\/noticias\/wp-json\/wp\/v2\/types\/post"}],"author":[{"embeddable":true,"href":"https:\/\/www.suno.com.br\/noticias\/wp-json\/wp\/v2\/users\/313"}],"replies":[{"embeddable":true,"href":"https:\/\/www.suno.com.br\/noticias\/wp-json\/wp\/v2\/comments?post=540766"}],"version-history":[{"count":3,"href":"https:\/\/www.suno.com.br\/noticias\/wp-json\/wp\/v2\/posts\/540766\/revisions"}],"predecessor-version":[{"id":540816,"href":"https:\/\/www.suno.com.br\/noticias\/wp-json\/wp\/v2\/posts\/540766\/revisions\/540816"}],"wp:featuredmedia":[{"embeddable":true,"href":"https:\/\/www.suno.com.br\/noticias\/wp-json\/wp\/v2\/media\/42079"}],"wp:attachment":[{"href":"https:\/\/www.suno.com.br\/noticias\/wp-json\/wp\/v2\/media?parent=540766"}],"wp:term":[{"taxonomy":"category","embeddable":true,"href":"https:\/\/www.suno.com.br\/noticias\/wp-json\/wp\/v2\/categories?post=540766"},{"taxonomy":"post_tag","embeddable":true,"href":"https:\/\/www.suno.com.br\/noticias\/wp-json\/wp\/v2\/tags?post=540766"},{"taxonomy":"suno_strategy","embeddable":true,"href":"https:\/\/www.suno.com.br\/noticias\/wp-json\/wp\/v2\/suno_strategy?post=540766"}],"curies":[{"name":"wp","href":"https:\/\/api.w.org\/{rel}","templated":true}]}}