{"id":540713,"date":"2024-04-04T08:19:31","date_gmt":"2024-04-04T11:19:31","guid":{"rendered":"https:\/\/www.suno.com.br\/noticias\/?p=540713"},"modified":"2024-04-04T09:23:13","modified_gmt":"2024-04-04T12:23:13","slug":"petrobras-petr4-audiencia-lula-presidente-gpj","status":"publish","type":"post","link":"https:\/\/www.suno.com.br\/noticias\/petrobras-petr4-audiencia-lula-presidente-gpj\/","title":{"rendered":"Petrobras (PETR4): Prates pede reuni\u00e3o com Lula sobre perman\u00eancia no cargo, diz coluna"},"content":{"rendered":"<p>O presidente da <a href=\"https:\/\/www.suno.com.br\/acoes\/PETR4\/\"><strong>Petrobras<\/strong> (PETR4)<\/a>, Jean Paul Prates, pediu uma reuni\u00e3o com Lula para conversar sobre ataques disparados contra ele por pessoas do pr\u00f3prio governo. Prates, inclusive, considera deixar o cargo, embora espera que o presidente da Rep\u00fablica apoie sua perman\u00eancia, informou a colunista M\u00f4nica Bergamo, do jornal Folha de S. Paulo.  <\/p>\t<div class=\"wrapper-featured-image\">\n\t\t<figure class=\"spotlightImg\">\n\n\t\t\t<picture>\n\t\t\t\t<source media=\"(max-width: 768px)\" srcset=\"https:\/\/files.sunoresearch.com.br\/n\/uploads\/2023\/03\/coletiva_presidente_petrobras_jeanpaulprates_8_-_02-03-2023-400x200.jpg\">\n\t\t\t\t<img loading=\"lazy\" decoding=\"async\" class=\"newsContent__article__imgCapa lazyloadDisabled \" src=\"https:\/\/files.sunoresearch.com.br\/n\/uploads\/2023\/03\/coletiva_presidente_petrobras_jeanpaulprates_8_-_02-03-2023-800x450.jpg\" width=\"800\" height=\"450\" alt=\"Petrobras (PETR4): Prates pede reuni\u00e3o com Lula sobre perman\u00eancia no cargo, diz coluna\" fetchpriority=high \/>\n\t\t\t<\/picture>\n\n\t\t\t<figcaption class=\"wp-caption-text wp-caption-text--show\">Jean Paul Prates, CEO da Petrobras (PETR4). Foto: Divulga\u00e7\u00e3o\/Ag\u00eancia Petrobras<\/figcaption>\n\t\t<\/figure>\n\t<\/div>\n\n\n\n\n\n\n\n\t<p>\n\t\t<a href=\"\" target=\"_blank\" data-element=\"shortcode-suno-banner\" title=\"Banner SUNO, clique e saiba mais\">\n\t\t\t<picture>\n\t\t\t\t<source media=\"(max-width: 500px)\" srcset=\"\">\n\t\t\t\t<img class=\"newsContent__article__imgCapa newsContent__article__imgCapa--banner\"\n\t\t\t\t\tsrc=\"\"\n\t\t\t\t\tdata-promo-id=\"254218\"\t\t\t\t\t\t\t\t\t\t\t\t\t\t\talt=\"\"\n\t\t\t\t>\n\t\t\t<\/picture>\n\t\t<\/a>\n\t<\/p>\n\n\n\n\n\n<p>De acordo com a publica\u00e7\u00e3o, <strong>Jean Paul Prates<\/strong> pretende definir de uma vez a sua situa\u00e7\u00e3o na empresa, expondo \u00e0 Lula as conquistas e os problemas de sua gest\u00e3o. Ele decidiu tomar a iniciativa depois que os ataques se intensificaram, partindo especialmente do ministro de Minas e Energia, Alexandre Silveira, e do ministro da Casa Civil, Rui Costa, disse Bergamo.<\/p>\n\n\n\n<p>A colunista lembra que o <strong>presidente da Petrobras<\/strong> mant\u00e9m o apoio de lideran\u00e7as do PT, de senadores da base de Lula e do ministro da Fazenda, Fernando Haddad. Eles consideram que a sa\u00edda de <strong>Prates<\/strong> neste momento poderia ser traum\u00e1tica para a empresa e o governo, gerando uma crise desncess\u00e1ria.<\/p>\n\n\n\n<p>Segundo a coluna Painel S.A, tamb\u00e9m da Folha de S. Paulo, nomes de potenciais substitutos para o cargo de presidente da estatal j\u00e1 estariam circulando em Bras\u00edlia.<\/p>\n\n\n\n<p>Entre eles, est\u00e1 o de Bruno Moretti, atual secret\u00e1rio especial de an\u00e1lise governamental da Presid\u00eancia da Rep\u00fablica. Assessores do Planalto afirmam que ele \u00e9 uma indica\u00e7\u00e3o do ministro da Casa Civil, Rui Costa, como alternativa a Marcus Cavalcanti, que a pasta n\u00e3o quer tirar do comando do Programa de Parcerias em Investimentos (PPI).<\/p>\n\n\n\n<p>Um outra op\u00e7\u00e3o, diz a Folha, \u00e9 o nome de Magda Chambriard, que atuou na Petrobras antes de migrar para a Ag\u00eancia Nacional de Petr\u00f3leo (ANP), presidido por ela entre 2012 e 2016.<\/p>\n\n\n\n<p>O ministro de Minas e Energia, Alexandre Silveira, n\u00e3o fez indica\u00e7\u00e3o, afirma o Painel S.A.<\/p>\n\n\n\n<p>Ainda de acordo com a coluna, o \u00fanico pedido de Silveira \u00e9 de que Pietro Mendes, secret\u00e1rio de Petr\u00f3leo, G\u00e1s Natural e Biocombust\u00edveis, seja o presidente do conselho, caso haja mudan\u00e7a no comando da <strong>Petrobras<\/strong>.<\/p>\n\n\n\t<p>\n\t\t<a href=\"https:\/\/lp.suno.com.br\/ebook-como-analisar-uma-acao\/\" target=\"_blank\" data-element=\"shortcode-suno-banner\" title=\"Banner SUNO, clique e saiba mais\">\n\t\t\t<picture>\n\t\t\t\t<source media=\"(max-width: 500px)\" srcset=\"https:\/\/files.sunoresearch.com.br\/n\/uploads\/2023\/03\/Ebook-Acoes-Mobile.jpg\">\n\t\t\t\t<img class=\"newsContent__article__imgCapa newsContent__article__imgCapa--banner\"\n\t\t\t\t\tsrc=\"https:\/\/files.sunoresearch.com.br\/n\/uploads\/2023\/03\/Ebook-Acoes-Desktop.jpg\"\n\t\t\t\t\tdata-promo-id=\"378302\"\t\t\t\t\t\t\t\t\t\twidth='1420' height='286'\t\t\t\t\talt=\"https:\/\/files.sunoresearch.com.br\/n\/uploads\/2023\/03\/Ebook-Acoes-Desktop.jpg\"\n\t\t\t\t>\n\t\t\t<\/picture>\n\t\t<\/a>\n\t<\/p>\n\n\n","protected":false},"excerpt":{"rendered":"<p>O presidente da Petrobras (PETR4), Jean Paul Prates, pediu uma reuni\u00e3o com Lula para conversar sobre ataques disparados contra ele por pessoas do pr\u00f3prio governo. Prates, inclusive, considera deixar o cargo, embora espera que o presidente da Rep\u00fablica apoie sua perman\u00eancia, informou a colunista M\u00f4nica Bergamo, do jornal Folha de S. Paulo. Jean Paul Prates, [&hellip;]<\/p>\n","protected":false},"author":313,"featured_media":374375,"comment_status":"closed","ping_status":"closed","sticky":false,"template":"","format":"standard","meta":[],"categories":[64],"tags":[595],"suno_strategy":[],"class_list":["post-540713","post","type-post","status-publish","format-standard","has-post-thumbnail","hentry","category-negocios","tag-petrobras-petr4"],"yoast_head":"<!-- This site is optimized with the Yoast SEO plugin v24.4 - https:\/\/yoast.com\/wordpress\/plugins\/seo\/ -->\n<title>Petrobras (PETR4): Prates pede audi\u00eancia e cogita deixar cargo<\/title>\n<meta name=\"description\" content=\"O presidente da Petrobras pediu uma audi\u00eancia com Lula (PT) para conversar sobre ataques disparados contra ele, e cogita deixar o cargo.\" \/>\n<meta name=\"robots\" content=\"index, follow, max-snippet:-1, max-image-preview:large, max-video-preview:-1\" \/>\n<link rel=\"canonical\" href=\"https:\/\/www.suno.com.br\/noticias\/petrobras-petr4-audiencia-lula-presidente-gpj\/\" \/>\n<meta property=\"og:locale\" content=\"pt_BR\" \/>\n<meta property=\"og:type\" content=\"article\" \/>\n<meta property=\"og:title\" content=\"Petrobras (PETR4): Prates pede audi\u00eancia e cogita deixar cargo\" \/>\n<meta property=\"og:description\" content=\"O presidente da Petrobras pediu uma audi\u00eancia com Lula (PT) para conversar sobre ataques disparados contra ele, e cogita deixar o cargo.\" \/>\n<meta property=\"og:url\" content=\"https:\/\/www.suno.com.br\/noticias\/petrobras-petr4-audiencia-lula-presidente-gpj\/\" \/>\n<meta property=\"og:site_name\" content=\"Suno Not\u00edcias\" \/>\n<meta property=\"article:publisher\" content=\"https:\/\/facebook.com\/sunoresearch\" \/>\n<meta property=\"og:image\" content=\"https:\/\/files.sunoresearch.com.br\/n\/uploads\/2023\/03\/coletiva_presidente_petrobras_jeanpaulprates_8_-_02-03-2023-scaled.jpg\" \/>\n\t<meta property=\"og:image:width\" content=\"2560\" \/>\n\t<meta property=\"og:image:height\" content=\"1707\" \/>\n\t<meta property=\"og:image:type\" content=\"image\/jpeg\" \/>\n<meta name=\"author\" content=\"Giovanni Porf\u00edrio Jacomino\" \/>\n<meta name=\"twitter:card\" content=\"summary_large_image\" \/>\n<meta name=\"twitter:creator\" content=\"@sunoresearch\" \/>\n<meta name=\"twitter:site\" content=\"@sunoresearch\" \/>\n<meta name=\"twitter:label1\" content=\"Escrito por\" \/>\n\t<meta name=\"twitter:data1\" content=\"Giovanni Porf\u00edrio Jacomino\" \/>\n\t<meta name=\"twitter:label2\" content=\"Est. tempo de leitura\" \/>\n\t<meta name=\"twitter:data2\" content=\"2 minutos\" \/>\n<script type=\"application\/ld+json\" class=\"yoast-schema-graph\">{\"@context\":\"https:\/\/schema.org\",\"@graph\":[{\"@type\":\"NewsArticle\",\"@id\":\"https:\/\/www.suno.com.br\/noticias\/petrobras-petr4-audiencia-lula-presidente-gpj\/#article\",\"isPartOf\":{\"@id\":\"https:\/\/www.suno.com.br\/noticias\/petrobras-petr4-audiencia-lula-presidente-gpj\/\"},\"author\":{\"name\":\"Giovanni Porf\u00edrio Jacomino\",\"@id\":\"https:\/\/www.suno.com.br\/noticias\/#\/schema\/person\/d0f32748bbca4bee871fa191ee4e2d40\"},\"headline\":\"Petrobras (PETR4): Prates pede reuni\u00e3o com Lula sobre perman\u00eancia no cargo, diz coluna\",\"datePublished\":\"2024-04-04T11:19:31+00:00\",\"dateModified\":\"2024-04-04T12:23:13+00:00\",\"mainEntityOfPage\":{\"@id\":\"https:\/\/www.suno.com.br\/noticias\/petrobras-petr4-audiencia-lula-presidente-gpj\/\"},\"wordCount\":373,\"publisher\":{\"@id\":\"https:\/\/www.suno.com.br\/noticias\/#organization\"},\"image\":{\"@id\":\"https:\/\/www.suno.com.br\/noticias\/petrobras-petr4-audiencia-lula-presidente-gpj\/#primaryimage\"},\"thumbnailUrl\":\"https:\/\/files.sunoresearch.com.br\/n\/uploads\/2023\/03\/coletiva_presidente_petrobras_jeanpaulprates_8_-_02-03-2023-scaled.jpg\",\"keywords\":[\"Petrobras (PETR4)\"],\"articleSection\":[\"Neg\u00f3cios\"],\"inLanguage\":\"pt-BR\"},{\"@type\":\"WebPage\",\"@id\":\"https:\/\/www.suno.com.br\/noticias\/petrobras-petr4-audiencia-lula-presidente-gpj\/\",\"url\":\"https:\/\/www.suno.com.br\/noticias\/petrobras-petr4-audiencia-lula-presidente-gpj\/\",\"name\":\"Petrobras (PETR4): Prates pede audi\u00eancia e cogita deixar cargo\",\"isPartOf\":{\"@id\":\"https:\/\/www.suno.com.br\/noticias\/#website\"},\"primaryImageOfPage\":{\"@id\":\"https:\/\/www.suno.com.br\/noticias\/petrobras-petr4-audiencia-lula-presidente-gpj\/#primaryimage\"},\"image\":{\"@id\":\"https:\/\/www.suno.com.br\/noticias\/petrobras-petr4-audiencia-lula-presidente-gpj\/#primaryimage\"},\"thumbnailUrl\":\"https:\/\/files.sunoresearch.com.br\/n\/uploads\/2023\/03\/coletiva_presidente_petrobras_jeanpaulprates_8_-_02-03-2023-scaled.jpg\",\"datePublished\":\"2024-04-04T11:19:31+00:00\",\"dateModified\":\"2024-04-04T12:23:13+00:00\",\"description\":\"O presidente da Petrobras pediu uma audi\u00eancia com Lula (PT) para conversar sobre ataques disparados contra ele, e cogita deixar o cargo.\",\"breadcrumb\":{\"@id\":\"https:\/\/www.suno.com.br\/noticias\/petrobras-petr4-audiencia-lula-presidente-gpj\/#breadcrumb\"},\"inLanguage\":\"pt-BR\",\"potentialAction\":[{\"@type\":\"ReadAction\",\"target\":[\"https:\/\/www.suno.com.br\/noticias\/petrobras-petr4-audiencia-lula-presidente-gpj\/\"]}]},{\"@type\":\"ImageObject\",\"inLanguage\":\"pt-BR\",\"@id\":\"https:\/\/www.suno.com.br\/noticias\/petrobras-petr4-audiencia-lula-presidente-gpj\/#primaryimage\",\"url\":\"https:\/\/files.sunoresearch.com.br\/n\/uploads\/2023\/03\/coletiva_presidente_petrobras_jeanpaulprates_8_-_02-03-2023-scaled.jpg\",\"contentUrl\":\"https:\/\/files.sunoresearch.com.br\/n\/uploads\/2023\/03\/coletiva_presidente_petrobras_jeanpaulprates_8_-_02-03-2023-scaled.jpg\",\"width\":2560,\"height\":1707,\"caption\":\"Jean Paul Prates, CEO da Petrobras (PETR4). Foto: Divulga\u00e7\u00e3o\/Ag\u00eancia Petrobras\"},{\"@type\":\"BreadcrumbList\",\"@id\":\"https:\/\/www.suno.com.br\/noticias\/petrobras-petr4-audiencia-lula-presidente-gpj\/#breadcrumb\",\"itemListElement\":[{\"@type\":\"ListItem\",\"position\":1,\"name\":\"Not\u00edcias\",\"item\":\"https:\/\/www.suno.com.br\/noticias\/\"},{\"@type\":\"ListItem\",\"position\":2,\"name\":\"Neg\u00f3cios\",\"item\":\"https:\/\/www.suno.com.br\/noticias\/negocios\/\"},{\"@type\":\"ListItem\",\"position\":3,\"name\":\"Petrobras (PETR4): Prates pede reuni\u00e3o com Lula sobre perman\u00eancia no cargo, diz coluna\"}]},{\"@type\":\"WebSite\",\"@id\":\"https:\/\/www.suno.com.br\/noticias\/#website\",\"url\":\"https:\/\/www.suno.com.br\/noticias\/\",\"name\":\"Suno Not\u00edcias\",\"description\":\"Seu portal de informa\u00e7\u00e3o sobre o mundo dos investimentos\",\"publisher\":{\"@id\":\"https:\/\/www.suno.com.br\/noticias\/#organization\"},\"potentialAction\":[{\"@type\":\"SearchAction\",\"target\":{\"@type\":\"EntryPoint\",\"urlTemplate\":\"https:\/\/www.suno.com.br\/noticias\/?s={search_term_string}\"},\"query-input\":{\"@type\":\"PropertyValueSpecification\",\"valueRequired\":true,\"valueName\":\"search_term_string\"}}],\"inLanguage\":\"pt-BR\"},{\"@type\":\"Organization\",\"@id\":\"https:\/\/www.suno.com.br\/noticias\/#organization\",\"name\":\"Suno Not\u00edcias\",\"url\":\"https:\/\/www.suno.com.br\/noticias\/\",\"logo\":{\"@type\":\"ImageObject\",\"inLanguage\":\"pt-BR\",\"@id\":\"https:\/\/www.suno.com.br\/noticias\/#\/schema\/logo\/image\/\",\"url\":\"https:\/\/files.sunoresearch.com.br\/n\/uploads\/2021\/09\/suno-logo.png\",\"contentUrl\":\"https:\/\/files.sunoresearch.com.br\/n\/uploads\/2021\/09\/suno-logo.png\",\"width\":180,\"height\":180,\"caption\":\"Suno Not\u00edcias\"},\"image\":{\"@id\":\"https:\/\/www.suno.com.br\/noticias\/#\/schema\/logo\/image\/\"},\"sameAs\":[\"https:\/\/facebook.com\/sunoresearch\",\"https:\/\/x.com\/sunoresearch\",\"https:\/\/www.instagram.com\/suno\",\"https:\/\/www.linkedin.com\/company\/suno-research\/\",\"https:\/\/www.youtube.com\/c\/sunoresearch\"]},{\"@type\":\"Person\",\"@id\":\"https:\/\/www.suno.com.br\/noticias\/#\/schema\/person\/d0f32748bbca4bee871fa191ee4e2d40\",\"name\":\"Giovanni Porf\u00edrio Jacomino\",\"image\":{\"@type\":\"ImageObject\",\"inLanguage\":\"pt-BR\",\"@id\":\"https:\/\/www.suno.com.br\/noticias\/#\/schema\/person\/image\/\",\"url\":\"https:\/\/secure.gravatar.com\/avatar\/efb32e19b730a121cb7a80f41ffec01a?s=96&r=g\",\"contentUrl\":\"https:\/\/secure.gravatar.com\/avatar\/efb32e19b730a121cb7a80f41ffec01a?s=96&r=g\",\"caption\":\"Giovanni Porf\u00edrio Jacomino\"},\"description\":\"Giovanni Porf\u00edrio Jacomino \u00e9 jornalista formado pela Universidade Estadual de Londrina (UEL) e p\u00f3s-graduado em Produ\u00e7\u00e3o e Pr\u00e1ticas Jornal\u00edsticas na Contemporaneidade na Faculdade C\u00e1sper L\u00edbero (FCL). Foi editor web no Startupi e no Finsiders, atuando ainda como editor no TC Mover, portal de not\u00edcias da TradersClub, fazendo a cobertura de assuntos relacionados ao mercado financeiro interno e externo. Atualmente, \u00e9 Rep\u00f3rter do Suno Not\u00edcias.\",\"url\":\"https:\/\/www.suno.com.br\/noticias\/author\/giovanni-porfiriosuno-com-br\/\"}]}<\/script>\n<!-- \/ Yoast SEO plugin. -->","yoast_head_json":{"title":"Petrobras (PETR4): Prates pede audi\u00eancia e cogita deixar cargo","description":"O presidente da Petrobras pediu uma audi\u00eancia com Lula (PT) para conversar sobre ataques disparados contra ele, e cogita deixar o cargo.","robots":{"index":"index","follow":"follow","max-snippet":"max-snippet:-1","max-image-preview":"max-image-preview:large","max-video-preview":"max-video-preview:-1"},"canonical":"https:\/\/www.suno.com.br\/noticias\/petrobras-petr4-audiencia-lula-presidente-gpj\/","og_locale":"pt_BR","og_type":"article","og_title":"Petrobras (PETR4): Prates pede audi\u00eancia e cogita deixar cargo","og_description":"O presidente da Petrobras pediu uma audi\u00eancia com Lula (PT) para conversar sobre ataques disparados contra ele, e cogita deixar o cargo.","og_url":"https:\/\/www.suno.com.br\/noticias\/petrobras-petr4-audiencia-lula-presidente-gpj\/","og_site_name":"Suno Not\u00edcias","article_publisher":"https:\/\/facebook.com\/sunoresearch","og_image":[{"width":2560,"height":1707,"url":"https:\/\/files.sunoresearch.com.br\/n\/uploads\/2023\/03\/coletiva_presidente_petrobras_jeanpaulprates_8_-_02-03-2023-scaled.jpg","type":"image\/jpeg"}],"author":"Giovanni Porf\u00edrio Jacomino","twitter_card":"summary_large_image","twitter_creator":"@sunoresearch","twitter_site":"@sunoresearch","twitter_misc":{"Escrito por":"Giovanni Porf\u00edrio Jacomino","Est. tempo de leitura":"2 minutos"},"schema":{"@context":"https:\/\/schema.org","@graph":[{"@type":"NewsArticle","@id":"https:\/\/www.suno.com.br\/noticias\/petrobras-petr4-audiencia-lula-presidente-gpj\/#article","isPartOf":{"@id":"https:\/\/www.suno.com.br\/noticias\/petrobras-petr4-audiencia-lula-presidente-gpj\/"},"author":{"name":"Giovanni Porf\u00edrio Jacomino","@id":"https:\/\/www.suno.com.br\/noticias\/#\/schema\/person\/d0f32748bbca4bee871fa191ee4e2d40"},"headline":"Petrobras (PETR4): Prates pede reuni\u00e3o com Lula sobre perman\u00eancia no cargo, diz coluna","datePublished":"2024-04-04T11:19:31+00:00","dateModified":"2024-04-04T12:23:13+00:00","mainEntityOfPage":{"@id":"https:\/\/www.suno.com.br\/noticias\/petrobras-petr4-audiencia-lula-presidente-gpj\/"},"wordCount":373,"publisher":{"@id":"https:\/\/www.suno.com.br\/noticias\/#organization"},"image":{"@id":"https:\/\/www.suno.com.br\/noticias\/petrobras-petr4-audiencia-lula-presidente-gpj\/#primaryimage"},"thumbnailUrl":"https:\/\/files.sunoresearch.com.br\/n\/uploads\/2023\/03\/coletiva_presidente_petrobras_jeanpaulprates_8_-_02-03-2023-scaled.jpg","keywords":["Petrobras (PETR4)"],"articleSection":["Neg\u00f3cios"],"inLanguage":"pt-BR"},{"@type":"WebPage","@id":"https:\/\/www.suno.com.br\/noticias\/petrobras-petr4-audiencia-lula-presidente-gpj\/","url":"https:\/\/www.suno.com.br\/noticias\/petrobras-petr4-audiencia-lula-presidente-gpj\/","name":"Petrobras (PETR4): Prates pede audi\u00eancia e cogita deixar cargo","isPartOf":{"@id":"https:\/\/www.suno.com.br\/noticias\/#website"},"primaryImageOfPage":{"@id":"https:\/\/www.suno.com.br\/noticias\/petrobras-petr4-audiencia-lula-presidente-gpj\/#primaryimage"},"image":{"@id":"https:\/\/www.suno.com.br\/noticias\/petrobras-petr4-audiencia-lula-presidente-gpj\/#primaryimage"},"thumbnailUrl":"https:\/\/files.sunoresearch.com.br\/n\/uploads\/2023\/03\/coletiva_presidente_petrobras_jeanpaulprates_8_-_02-03-2023-scaled.jpg","datePublished":"2024-04-04T11:19:31+00:00","dateModified":"2024-04-04T12:23:13+00:00","description":"O presidente da Petrobras pediu uma audi\u00eancia com Lula (PT) para conversar sobre ataques disparados contra ele, e cogita deixar o cargo.","breadcrumb":{"@id":"https:\/\/www.suno.com.br\/noticias\/petrobras-petr4-audiencia-lula-presidente-gpj\/#breadcrumb"},"inLanguage":"pt-BR","potentialAction":[{"@type":"ReadAction","target":["https:\/\/www.suno.com.br\/noticias\/petrobras-petr4-audiencia-lula-presidente-gpj\/"]}]},{"@type":"ImageObject","inLanguage":"pt-BR","@id":"https:\/\/www.suno.com.br\/noticias\/petrobras-petr4-audiencia-lula-presidente-gpj\/#primaryimage","url":"https:\/\/files.sunoresearch.com.br\/n\/uploads\/2023\/03\/coletiva_presidente_petrobras_jeanpaulprates_8_-_02-03-2023-scaled.jpg","contentUrl":"https:\/\/files.sunoresearch.com.br\/n\/uploads\/2023\/03\/coletiva_presidente_petrobras_jeanpaulprates_8_-_02-03-2023-scaled.jpg","width":2560,"height":1707,"caption":"Jean Paul Prates, CEO da Petrobras (PETR4). Foto: Divulga\u00e7\u00e3o\/Ag\u00eancia Petrobras"},{"@type":"BreadcrumbList","@id":"https:\/\/www.suno.com.br\/noticias\/petrobras-petr4-audiencia-lula-presidente-gpj\/#breadcrumb","itemListElement":[{"@type":"ListItem","position":1,"name":"Not\u00edcias","item":"https:\/\/www.suno.com.br\/noticias\/"},{"@type":"ListItem","position":2,"name":"Neg\u00f3cios","item":"https:\/\/www.suno.com.br\/noticias\/negocios\/"},{"@type":"ListItem","position":3,"name":"Petrobras (PETR4): Prates pede reuni\u00e3o com Lula sobre perman\u00eancia no cargo, diz coluna"}]},{"@type":"WebSite","@id":"https:\/\/www.suno.com.br\/noticias\/#website","url":"https:\/\/www.suno.com.br\/noticias\/","name":"Suno Not\u00edcias","description":"Seu portal de informa\u00e7\u00e3o sobre o mundo dos investimentos","publisher":{"@id":"https:\/\/www.suno.com.br\/noticias\/#organization"},"potentialAction":[{"@type":"SearchAction","target":{"@type":"EntryPoint","urlTemplate":"https:\/\/www.suno.com.br\/noticias\/?s={search_term_string}"},"query-input":{"@type":"PropertyValueSpecification","valueRequired":true,"valueName":"search_term_string"}}],"inLanguage":"pt-BR"},{"@type":"Organization","@id":"https:\/\/www.suno.com.br\/noticias\/#organization","name":"Suno Not\u00edcias","url":"https:\/\/www.suno.com.br\/noticias\/","logo":{"@type":"ImageObject","inLanguage":"pt-BR","@id":"https:\/\/www.suno.com.br\/noticias\/#\/schema\/logo\/image\/","url":"https:\/\/files.sunoresearch.com.br\/n\/uploads\/2021\/09\/suno-logo.png","contentUrl":"https:\/\/files.sunoresearch.com.br\/n\/uploads\/2021\/09\/suno-logo.png","width":180,"height":180,"caption":"Suno Not\u00edcias"},"image":{"@id":"https:\/\/www.suno.com.br\/noticias\/#\/schema\/logo\/image\/"},"sameAs":["https:\/\/facebook.com\/sunoresearch","https:\/\/x.com\/sunoresearch","https:\/\/www.instagram.com\/suno","https:\/\/www.linkedin.com\/company\/suno-research\/","https:\/\/www.youtube.com\/c\/sunoresearch"]},{"@type":"Person","@id":"https:\/\/www.suno.com.br\/noticias\/#\/schema\/person\/d0f32748bbca4bee871fa191ee4e2d40","name":"Giovanni Porf\u00edrio Jacomino","image":{"@type":"ImageObject","inLanguage":"pt-BR","@id":"https:\/\/www.suno.com.br\/noticias\/#\/schema\/person\/image\/","url":"https:\/\/secure.gravatar.com\/avatar\/efb32e19b730a121cb7a80f41ffec01a?s=96&r=g","contentUrl":"https:\/\/secure.gravatar.com\/avatar\/efb32e19b730a121cb7a80f41ffec01a?s=96&r=g","caption":"Giovanni Porf\u00edrio Jacomino"},"description":"Giovanni Porf\u00edrio Jacomino \u00e9 jornalista formado pela Universidade Estadual de Londrina (UEL) e p\u00f3s-graduado em Produ\u00e7\u00e3o e Pr\u00e1ticas Jornal\u00edsticas na Contemporaneidade na Faculdade C\u00e1sper L\u00edbero (FCL). Foi editor web no Startupi e no Finsiders, atuando ainda como editor no TC Mover, portal de not\u00edcias da TradersClub, fazendo a cobertura de assuntos relacionados ao mercado financeiro interno e externo. Atualmente, \u00e9 Rep\u00f3rter do Suno Not\u00edcias.","url":"https:\/\/www.suno.com.br\/noticias\/author\/giovanni-porfiriosuno-com-br\/"}]}},"default_loop_html":"<div class=\"cardsPage__listCard__boxs\"><div class=\"cardsPage__listCard__boxs__img\"><a href=\"https:\/\/www.suno.com.br\/noticias\/petrobras-petr4-audiencia-lula-presidente-gpj\/\"><img class=\"mask\" src=\"https:\/\/www.suno.com.br\/noticias\/wp-content\/themes\/suno\/resources\/images\/spotlight\/spotlight1img\/bg-mask.png\" alt=\"Image Mask\"\/><img src=\"https:\/\/files.sunoresearch.com.br\/n\/uploads\/2023\/03\/coletiva_presidente_petrobras_jeanpaulprates_8_-_02-03-2023-400x200.jpg\" alt=\"Petrobras (PETR4): Prates pede reuni\u00e3o com Lula sobre perman\u00eancia no cargo, diz coluna\"\/><\/a><span class=\"spotlightCategory\"><a href=\"https:\/\/www.suno.com.br\/noticias\/negocios\/\">Neg\u00f3cios<\/a><\/span><\/div><div class=\"cardsPage__listCard__boxs__content\"><a href=\"https:\/\/www.suno.com.br\/noticias\/petrobras-petr4-audiencia-lula-presidente-gpj\/\"><h2 class=\"content__title\">Petrobras (PETR4): Prates pede reuni\u00e3o com Lula sobre perman\u00eancia no cargo, diz coluna<\/h2><\/a><div class=\"newsContent__article__meta\"><div class=\"newsContent__article__meta__authorBox\"><a href=\"https:\/\/www.suno.com.br\/noticias\/author\/giovanni-porfiriosuno-com-br\/\" class=\"authorBox__avatar noMobi\"><img src=\"https:\/\/files.sunoresearch.com.br\/n\/uploads\/2024\/05\/DSCF4115-1-1-150x150.webp\" alt=\"Giovanni Porf\u00edrio Jacomino\"><\/a><div class=\"authorBox__name\"><span>por\n\t\t\t<a href=\"https:\/\/www.suno.com.br\/noticias\/author\/giovanni-porfiriosuno-com-br\/\"><span itemprop=\"author\">Giovanni Porf\u00edrio Jacomino<\/span><\/a><\/span><time datetime=\"2024-04-04T08:19:31-03:00\" itemprop=\"datePublished\">04\/04\/2024 08:19<\/time><\/div><\/div><\/div><\/div><\/div>","single_layout":"posts","amp_enabled":true,"_links":{"self":[{"href":"https:\/\/www.suno.com.br\/noticias\/wp-json\/wp\/v2\/posts\/540713"}],"collection":[{"href":"https:\/\/www.suno.com.br\/noticias\/wp-json\/wp\/v2\/posts"}],"about":[{"href":"https:\/\/www.suno.com.br\/noticias\/wp-json\/wp\/v2\/types\/post"}],"author":[{"embeddable":true,"href":"https:\/\/www.suno.com.br\/noticias\/wp-json\/wp\/v2\/users\/313"}],"replies":[{"embeddable":true,"href":"https:\/\/www.suno.com.br\/noticias\/wp-json\/wp\/v2\/comments?post=540713"}],"version-history":[{"count":3,"href":"https:\/\/www.suno.com.br\/noticias\/wp-json\/wp\/v2\/posts\/540713\/revisions"}],"predecessor-version":[{"id":540747,"href":"https:\/\/www.suno.com.br\/noticias\/wp-json\/wp\/v2\/posts\/540713\/revisions\/540747"}],"wp:featuredmedia":[{"embeddable":true,"href":"https:\/\/www.suno.com.br\/noticias\/wp-json\/wp\/v2\/media\/374375"}],"wp:attachment":[{"href":"https:\/\/www.suno.com.br\/noticias\/wp-json\/wp\/v2\/media?parent=540713"}],"wp:term":[{"taxonomy":"category","embeddable":true,"href":"https:\/\/www.suno.com.br\/noticias\/wp-json\/wp\/v2\/categories?post=540713"},{"taxonomy":"post_tag","embeddable":true,"href":"https:\/\/www.suno.com.br\/noticias\/wp-json\/wp\/v2\/tags?post=540713"},{"taxonomy":"suno_strategy","embeddable":true,"href":"https:\/\/www.suno.com.br\/noticias\/wp-json\/wp\/v2\/suno_strategy?post=540713"}],"curies":[{"name":"wp","href":"https:\/\/api.w.org\/{rel}","templated":true}]}}