{"id":540663,"date":"2024-04-03T20:31:35","date_gmt":"2024-04-03T23:31:35","guid":{"rendered":"https:\/\/www.suno.com.br\/noticias\/?p=540663"},"modified":"2024-04-03T20:46:44","modified_gmt":"2024-04-03T23:46:44","slug":"kepler-weber-kepl3-pagamento-dividendos-milionarios-03-04-24-jvj","status":"publish","type":"post","link":"https:\/\/www.suno.com.br\/noticias\/kepler-weber-kepl3-pagamento-dividendos-milionarios-03-04-24-jvj\/","title":{"rendered":"Kepler Weber (KEPL3) anuncia novo pagamento de dividendos milion\u00e1rios; veja o valor"},"content":{"rendered":"<p>A <a class=\"suno-keyword\" data-force=\"yes\" data-priority=\"2\" href=\"https:\/\/www.suno.com.br\/acoes\/KEPL3\/\" target=\"_blank\" rel=\"noopener\"><strong>Kepler Weber<\/strong> (KEPL3)<\/a> anunciou um novo pagamento de dividendos, no valor de quase R$ 74,87 milh\u00f5es. Esse montante \u00e9 relativo ao <a class=\"suno-keyword\" data-force=\"no\" data-priority=\"1\" href=\"https:\/\/www.suno.com.br\/artigos\/exercicio-social\/\" target=\"_blank\" rel=\"noopener\">exerc\u00edcio social<\/a> que terminou em dezembro de 2023.<\/p>\t<div class=\"wrapper-featured-image\">\n\t\t<figure class=\"spotlightImg\">\n\n\t\t\t<picture>\n\t\t\t\t<source media=\"(max-width: 768px)\" srcset=\"https:\/\/files.sunoresearch.com.br\/n\/uploads\/2022\/11\/kepler-weber-dividendos-400x200.jpg\">\n\t\t\t\t<img loading=\"lazy\" decoding=\"async\" class=\"newsContent__article__imgCapa lazyloadDisabled \" src=\"https:\/\/files.sunoresearch.com.br\/n\/uploads\/2022\/11\/kepler-weber-dividendos-800x450.jpg\" width=\"800\" height=\"450\" alt=\"Kepler Weber (KEPL3) anuncia novo pagamento de dividendos milion\u00e1rios; veja o valor\" fetchpriority=high \/>\n\t\t\t<\/picture>\n\n\t\t\t<figcaption class=\"wp-caption-text wp-caption-text--show\">Kepler Weber (KEPL3). Foto: Divulga\u00e7\u00e3o<\/figcaption>\n\t\t<\/figure>\n\t<\/div>\n\n\n\n\n\n\t<p>\n\t\t<a href=\"https:\/\/lp.suno.com.br\/ebook-como-analisar-uma-acao\/\" target=\"_blank\" data-element=\"shortcode-suno-banner\" title=\"Banner SUNO, clique e saiba mais\">\n\t\t\t<picture>\n\t\t\t\t<source media=\"(max-width: 500px)\" srcset=\"https:\/\/files.sunoresearch.com.br\/n\/uploads\/2023\/12\/Ebook-Acoes-Mobile.jpg\">\n\t\t\t\t<img class=\"newsContent__article__imgCapa newsContent__article__imgCapa--banner\"\n\t\t\t\t\tsrc=\"https:\/\/files.sunoresearch.com.br\/n\/uploads\/2023\/12\/Ebook-Acoes-Desktop.webp\"\n\t\t\t\t\tdata-promo-id=\"311260\"\t\t\t\t\t\t\t\t\t\twidth='1420' height='286'\t\t\t\t\talt=\"https:\/\/files.sunoresearch.com.br\/n\/uploads\/2023\/12\/Ebook-Acoes-Desktop.webp\"\n\t\t\t\t>\n\t\t\t<\/picture>\n\t\t<\/a>\n\t<\/p>\n\n\n\n\n\n<p>Conforme comunicado nesta quarta-feira (3), os <strong>dividendos da Kepler Weber<\/strong> representam o valor de R$ 0,42356737 por a\u00e7\u00e3o ordin\u00e1ria.<\/p>\n\n\n\n<p>Na composi\u00e7\u00e3o dos <a class=\"suno-keyword\" target=\"_blank\" data-force=\"no\" data-priority=\"1\" href=\"https:\/\/www.suno.com.br\/guias\/dividendos\/\" rel=\"noopener\">dividendos<\/a>, est\u00e3o os dividendos m\u00ednimos obrigat\u00f3rios de aproximadamente R$ 27,87 milh\u00f5es, ou R$ 0,15767046 por a\u00e7\u00e3o ordin\u00e1ria, e os dividendos adicionais de R$ 47 milh\u00f5es, ou R$ 0,26589691 por a\u00e7\u00e3o ordin\u00e1ria. O montante foi aprovado em <a class=\"suno-keyword\" target=\"_blank\" data-force=\"no\" data-priority=\"1\" href=\"https:\/\/www.suno.com.br\/artigos\/assembleia-geral-ordinaria\/\" rel=\"noopener\">Assembleia Geral Ordin\u00e1ria<\/a>.<\/p>\n\n\n\t<div data-element=\"shortcode-read-more\" class=\"knowMore\">\n\t\t\t\t<span class=\"knowMore__title\">Leia mais<\/span>\n\t\t\t\t<a class=\"knowMore__link\" href=\"https:\/\/www.suno.com.br\/noticias\/aegea-comprar-sabesp-sbsp3-ceo-privatizacao-evm\/\">\n\t\t\tAegea, da Ita\u00fasa (ITSA4), deve comprar fatia relevante da Sabesp (SBSP3) em privatiza\u00e7\u00e3o, diz CEO\t\t<\/a>\n\t<\/div>\n\n\n\n\n<p>A distribui\u00e7\u00e3o estar\u00e1 de acordo com a quantidade de<strong> a\u00e7\u00f5es da Kepler Weber<\/strong> que os investidores detinham at\u00e9 hoje (3), sendo esta a data de corte que identifica os acionistas aptos a receberem.<\/p>\n\n\n\n<p>Dessa forma, as a\u00e7\u00f5es adquiridas a partir de amanh\u00e3, 4 de abril, v\u00e3o ser negociadas como \u201cex-dividendos\u201d, ou seja, sem direito aos proventos.<\/p>\n\n\n\n<p>O pagamento dos <strong>proventos da Kepler Weber <\/strong>vai acontecer em parcela \u00fanica, no dia 15 de abril de 2024. Sobre o valor n\u00e3o haver\u00e1 reten\u00e7\u00e3o de imposto de renda na fonte. Al\u00e9m disso, n\u00e3o est\u00e1 prevista remunera\u00e7\u00e3o ou atualiza\u00e7\u00e3o monet\u00e1ria.<\/p>\n\n\n\n<h2 class=\"wp-block-heading\">Pagamento dos dividendos da Kepler Weber<\/h2>\n\n\n\n<p>O pagamento ser\u00e1 realizado aos investidores conforme a conta corrente e domic\u00edlio banc\u00e1rio informado ao banco <a class=\"suno-keyword\" target=\"_blank\" data-force=\"yes\" data-priority=\"2\" href=\"https:\/\/www.suno.com.br\/acoes\/ITUB4\/\" rel=\"noopener\">Ita\u00fa (ITUB4)<\/a> que, por sua vez, \u00e9 a institui\u00e7\u00e3o financeira escritur\u00e1ria das <strong>a\u00e7\u00f5es KEPL3<\/strong>.<\/p>\n\n\n\n<p>Inclusive, as a\u00e7\u00f5es da Kepler Weber encerraram a sess\u00e3o desta quarta-feira (3) em alta de 2,82%, cotadas a R$ 10,95, dando continuidade \u00e0 valoriza\u00e7\u00e3o de 0,95% observada ontem (2).<\/p>\n\n\n\n<p>No caso dos investidores com a\u00e7\u00f5es depositadas em institui\u00e7\u00f5es prestadoras dos servi\u00e7os de cust\u00f3dia de valores mobili\u00e1rios, os proventos ser\u00e3o distribu\u00eddos de acordo com os procedimentos utilizados pelos agentes de cust\u00f3dia.<\/p>\n\n\n\n<p>Os investidores cadastrados no Ita\u00fa Unibanco, mas que n\u00e3o informaram o n\u00famero do CPF ou CNPJ, ou ent\u00e3o n\u00e3o indicaram o banco, a ag\u00eancia ou a conta corrente, precisam regularizar a situa\u00e7\u00e3o em uma ag\u00eancia do banco. Dessa forma, os dividendos da <strong>Kepler Weber <\/strong>ser\u00e3o pagos somente ap\u00f3s o cadastro estar regularizado.<\/p>\n\n\n\t<p>\n\t\t<a href=\"https:\/\/lp2.suno.com.br\/cl\/black-friday-2025\/?utm_campaign=_SNCDF0E4858_\" target=\"_blank\" data-element=\"shortcode-suno-banner\" title=\"Banner SUNO, clique e saiba mais\">\n\t\t\t<picture>\n\t\t\t\t<source media=\"(max-width: 500px)\" srcset=\"https:\/\/files.sunoresearch.com.br\/n\/uploads\/2025\/10\/Artigos-e-Noticias-Banner-Home-artigos-01-Mobile_-400x300-1-png.webp\">\n\t\t\t\t<img class=\"newsContent__article__imgCapa newsContent__article__imgCapa--banner\"\n\t\t\t\t\tsrc=\"https:\/\/files.sunoresearch.com.br\/n\/uploads\/2025\/10\/Artigos-e-Noticias-Banner-Home-artigos-01-Desktop_-1420x240-1-png.webp\"\n\t\t\t\t\tdata-promo-id=\"311259\"\t\t\t\t\t\t\t\t\t\twidth='1420' height='240'\t\t\t\t\talt=\"https:\/\/files.sunoresearch.com.br\/n\/uploads\/2025\/10\/Artigos-e-Noticias-Banner-Home-artigos-01-Desktop_-1420x240-1-png.webp\"\n\t\t\t\t>\n\t\t\t<\/picture>\n\t\t<\/a>\n\t<\/p>\n\n\n","protected":false},"excerpt":{"rendered":"<p>A Kepler Weber (KEPL3) anunciou um novo pagamento de dividendos, no valor de quase R$ 74,87 milh\u00f5es. Esse montante \u00e9 relativo ao exerc\u00edcio social que terminou em dezembro de 2023. Kepler Weber (KEPL3). Foto: Divulga\u00e7\u00e3o Conforme comunicado nesta quarta-feira (3), os dividendos da Kepler Weber representam o valor de R$ 0,42356737 por a\u00e7\u00e3o ordin\u00e1ria. Na [&hellip;]<\/p>\n","protected":false},"author":173,"featured_media":322601,"comment_status":"closed","ping_status":"closed","sticky":false,"template":"","format":"standard","meta":[],"categories":[64],"tags":[295,528],"suno_strategy":[],"class_list":["post-540663","post","type-post","status-publish","format-standard","has-post-thumbnail","hentry","category-negocios","tag-dividendos","tag-kepler-weber-kepl11-kepl3"],"yoast_head":"<!-- This site is optimized with the Yoast SEO plugin v24.4 - https:\/\/yoast.com\/wordpress\/plugins\/seo\/ -->\n<title>Kepler Weber (KEPL3) anuncia novos dividendos milion\u00e1rios<\/title>\n<meta name=\"description\" content=\"A Kepler Weber (KEPL3) divulgou um novo pagamento de dividendos milion\u00e1rios. Veja o valor, data de pagamento e quem poder\u00e1 receber.\" \/>\n<meta name=\"robots\" content=\"index, follow, max-snippet:-1, max-image-preview:large, max-video-preview:-1\" \/>\n<link rel=\"canonical\" href=\"https:\/\/www.suno.com.br\/noticias\/kepler-weber-kepl3-pagamento-dividendos-milionarios-03-04-24-jvj\/\" \/>\n<meta property=\"og:locale\" content=\"pt_BR\" \/>\n<meta property=\"og:type\" content=\"article\" \/>\n<meta property=\"og:title\" content=\"Kepler Weber (KEPL3) anuncia novos dividendos milion\u00e1rios\" \/>\n<meta property=\"og:description\" content=\"A Kepler Weber (KEPL3) divulgou um novo pagamento de dividendos milion\u00e1rios. Veja o valor, data de pagamento e quem poder\u00e1 receber.\" \/>\n<meta property=\"og:url\" content=\"https:\/\/www.suno.com.br\/noticias\/kepler-weber-kepl3-pagamento-dividendos-milionarios-03-04-24-jvj\/\" \/>\n<meta property=\"og:site_name\" content=\"Suno Not\u00edcias\" \/>\n<meta property=\"article:publisher\" content=\"https:\/\/facebook.com\/sunoresearch\" \/>\n<meta property=\"og:image\" content=\"https:\/\/files.sunoresearch.com.br\/n\/uploads\/2022\/11\/kepler-weber-dividendos.jpg\" \/>\n\t<meta property=\"og:image:width\" content=\"1244\" \/>\n\t<meta property=\"og:image:height\" content=\"700\" \/>\n\t<meta property=\"og:image:type\" content=\"image\/jpeg\" \/>\n<meta name=\"author\" content=\"Jo\u00e3o Vitor\" \/>\n<meta name=\"twitter:card\" content=\"summary_large_image\" \/>\n<meta name=\"twitter:creator\" content=\"@sunoresearch\" \/>\n<meta name=\"twitter:site\" content=\"@sunoresearch\" \/>\n<meta name=\"twitter:label1\" content=\"Escrito por\" \/>\n\t<meta name=\"twitter:data1\" content=\"Jo\u00e3o Vitor\" \/>\n\t<meta name=\"twitter:label2\" content=\"Est. tempo de leitura\" \/>\n\t<meta name=\"twitter:data2\" content=\"2 minutos\" \/>\n<script type=\"application\/ld+json\" class=\"yoast-schema-graph\">{\"@context\":\"https:\/\/schema.org\",\"@graph\":[{\"@type\":\"NewsArticle\",\"@id\":\"https:\/\/www.suno.com.br\/noticias\/kepler-weber-kepl3-pagamento-dividendos-milionarios-03-04-24-jvj\/#article\",\"isPartOf\":{\"@id\":\"https:\/\/www.suno.com.br\/noticias\/kepler-weber-kepl3-pagamento-dividendos-milionarios-03-04-24-jvj\/\"},\"author\":{\"name\":\"Jo\u00e3o Vitor\",\"@id\":\"https:\/\/www.suno.com.br\/noticias\/#\/schema\/person\/87fc6973867c52dd884811905c43afba\"},\"headline\":\"Kepler Weber (KEPL3) anuncia novo pagamento de dividendos milion\u00e1rios; veja o valor\",\"datePublished\":\"2024-04-03T23:31:35+00:00\",\"dateModified\":\"2024-04-03T23:46:44+00:00\",\"mainEntityOfPage\":{\"@id\":\"https:\/\/www.suno.com.br\/noticias\/kepler-weber-kepl3-pagamento-dividendos-milionarios-03-04-24-jvj\/\"},\"wordCount\":385,\"publisher\":{\"@id\":\"https:\/\/www.suno.com.br\/noticias\/#organization\"},\"image\":{\"@id\":\"https:\/\/www.suno.com.br\/noticias\/kepler-weber-kepl3-pagamento-dividendos-milionarios-03-04-24-jvj\/#primaryimage\"},\"thumbnailUrl\":\"https:\/\/files.sunoresearch.com.br\/n\/uploads\/2022\/11\/kepler-weber-dividendos.jpg\",\"keywords\":[\"dividendos\",\"Kepler Weber (KEPL11\/KEPL3)\"],\"articleSection\":[\"Neg\u00f3cios\"],\"inLanguage\":\"pt-BR\"},{\"@type\":\"WebPage\",\"@id\":\"https:\/\/www.suno.com.br\/noticias\/kepler-weber-kepl3-pagamento-dividendos-milionarios-03-04-24-jvj\/\",\"url\":\"https:\/\/www.suno.com.br\/noticias\/kepler-weber-kepl3-pagamento-dividendos-milionarios-03-04-24-jvj\/\",\"name\":\"Kepler Weber (KEPL3) anuncia novos dividendos milion\u00e1rios\",\"isPartOf\":{\"@id\":\"https:\/\/www.suno.com.br\/noticias\/#website\"},\"primaryImageOfPage\":{\"@id\":\"https:\/\/www.suno.com.br\/noticias\/kepler-weber-kepl3-pagamento-dividendos-milionarios-03-04-24-jvj\/#primaryimage\"},\"image\":{\"@id\":\"https:\/\/www.suno.com.br\/noticias\/kepler-weber-kepl3-pagamento-dividendos-milionarios-03-04-24-jvj\/#primaryimage\"},\"thumbnailUrl\":\"https:\/\/files.sunoresearch.com.br\/n\/uploads\/2022\/11\/kepler-weber-dividendos.jpg\",\"datePublished\":\"2024-04-03T23:31:35+00:00\",\"dateModified\":\"2024-04-03T23:46:44+00:00\",\"description\":\"A Kepler Weber (KEPL3) divulgou um novo pagamento de dividendos milion\u00e1rios. Veja o valor, data de pagamento e quem poder\u00e1 receber.\",\"breadcrumb\":{\"@id\":\"https:\/\/www.suno.com.br\/noticias\/kepler-weber-kepl3-pagamento-dividendos-milionarios-03-04-24-jvj\/#breadcrumb\"},\"inLanguage\":\"pt-BR\",\"potentialAction\":[{\"@type\":\"ReadAction\",\"target\":[\"https:\/\/www.suno.com.br\/noticias\/kepler-weber-kepl3-pagamento-dividendos-milionarios-03-04-24-jvj\/\"]}]},{\"@type\":\"ImageObject\",\"inLanguage\":\"pt-BR\",\"@id\":\"https:\/\/www.suno.com.br\/noticias\/kepler-weber-kepl3-pagamento-dividendos-milionarios-03-04-24-jvj\/#primaryimage\",\"url\":\"https:\/\/files.sunoresearch.com.br\/n\/uploads\/2022\/11\/kepler-weber-dividendos.jpg\",\"contentUrl\":\"https:\/\/files.sunoresearch.com.br\/n\/uploads\/2022\/11\/kepler-weber-dividendos.jpg\",\"width\":1244,\"height\":700,\"caption\":\"Kepler Weber (KEPL3). Foto: Divulga\u00e7\u00e3o\"},{\"@type\":\"BreadcrumbList\",\"@id\":\"https:\/\/www.suno.com.br\/noticias\/kepler-weber-kepl3-pagamento-dividendos-milionarios-03-04-24-jvj\/#breadcrumb\",\"itemListElement\":[{\"@type\":\"ListItem\",\"position\":1,\"name\":\"Not\u00edcias\",\"item\":\"https:\/\/www.suno.com.br\/noticias\/\"},{\"@type\":\"ListItem\",\"position\":2,\"name\":\"Neg\u00f3cios\",\"item\":\"https:\/\/www.suno.com.br\/noticias\/negocios\/\"},{\"@type\":\"ListItem\",\"position\":3,\"name\":\"Kepler Weber (KEPL3) anuncia novo pagamento de dividendos milion\u00e1rios; veja o valor\"}]},{\"@type\":\"WebSite\",\"@id\":\"https:\/\/www.suno.com.br\/noticias\/#website\",\"url\":\"https:\/\/www.suno.com.br\/noticias\/\",\"name\":\"Suno Not\u00edcias\",\"description\":\"Seu portal de informa\u00e7\u00e3o sobre o mundo dos investimentos\",\"publisher\":{\"@id\":\"https:\/\/www.suno.com.br\/noticias\/#organization\"},\"potentialAction\":[{\"@type\":\"SearchAction\",\"target\":{\"@type\":\"EntryPoint\",\"urlTemplate\":\"https:\/\/www.suno.com.br\/noticias\/?s={search_term_string}\"},\"query-input\":{\"@type\":\"PropertyValueSpecification\",\"valueRequired\":true,\"valueName\":\"search_term_string\"}}],\"inLanguage\":\"pt-BR\"},{\"@type\":\"Organization\",\"@id\":\"https:\/\/www.suno.com.br\/noticias\/#organization\",\"name\":\"Suno Not\u00edcias\",\"url\":\"https:\/\/www.suno.com.br\/noticias\/\",\"logo\":{\"@type\":\"ImageObject\",\"inLanguage\":\"pt-BR\",\"@id\":\"https:\/\/www.suno.com.br\/noticias\/#\/schema\/logo\/image\/\",\"url\":\"https:\/\/files.sunoresearch.com.br\/n\/uploads\/2021\/09\/suno-logo.png\",\"contentUrl\":\"https:\/\/files.sunoresearch.com.br\/n\/uploads\/2021\/09\/suno-logo.png\",\"width\":180,\"height\":180,\"caption\":\"Suno Not\u00edcias\"},\"image\":{\"@id\":\"https:\/\/www.suno.com.br\/noticias\/#\/schema\/logo\/image\/\"},\"sameAs\":[\"https:\/\/facebook.com\/sunoresearch\",\"https:\/\/x.com\/sunoresearch\",\"https:\/\/www.instagram.com\/suno\",\"https:\/\/www.linkedin.com\/company\/suno-research\/\",\"https:\/\/www.youtube.com\/c\/sunoresearch\"]},{\"@type\":\"Person\",\"@id\":\"https:\/\/www.suno.com.br\/noticias\/#\/schema\/person\/87fc6973867c52dd884811905c43afba\",\"name\":\"Jo\u00e3o Vitor\",\"image\":{\"@type\":\"ImageObject\",\"inLanguage\":\"pt-BR\",\"@id\":\"https:\/\/www.suno.com.br\/noticias\/#\/schema\/person\/image\/\",\"url\":\"https:\/\/secure.gravatar.com\/avatar\/2843227ca03ccf8cc7ccca45204c127e?s=96&r=g\",\"contentUrl\":\"https:\/\/secure.gravatar.com\/avatar\/2843227ca03ccf8cc7ccca45204c127e?s=96&r=g\",\"caption\":\"Jo\u00e3o Vitor\"},\"description\":\"Redator profissional, com atua\u00e7\u00e3o no mercado editorial na produ\u00e7\u00e3o de not\u00edcias e conte\u00fados sobre o mercado de a\u00e7\u00f5es, fundos imobili\u00e1rios e economia popular. Graduando em Engenharia Qu\u00edmica pela Unesp, tamb\u00e9m j\u00e1 atuou como consultor financeiro.\",\"url\":\"https:\/\/www.suno.com.br\/noticias\/author\/joao-vitor-jacintho\/\"}]}<\/script>\n<!-- \/ Yoast SEO plugin. -->","yoast_head_json":{"title":"Kepler Weber (KEPL3) anuncia novos dividendos milion\u00e1rios","description":"A Kepler Weber (KEPL3) divulgou um novo pagamento de dividendos milion\u00e1rios. Veja o valor, data de pagamento e quem poder\u00e1 receber.","robots":{"index":"index","follow":"follow","max-snippet":"max-snippet:-1","max-image-preview":"max-image-preview:large","max-video-preview":"max-video-preview:-1"},"canonical":"https:\/\/www.suno.com.br\/noticias\/kepler-weber-kepl3-pagamento-dividendos-milionarios-03-04-24-jvj\/","og_locale":"pt_BR","og_type":"article","og_title":"Kepler Weber (KEPL3) anuncia novos dividendos milion\u00e1rios","og_description":"A Kepler Weber (KEPL3) divulgou um novo pagamento de dividendos milion\u00e1rios. Veja o valor, data de pagamento e quem poder\u00e1 receber.","og_url":"https:\/\/www.suno.com.br\/noticias\/kepler-weber-kepl3-pagamento-dividendos-milionarios-03-04-24-jvj\/","og_site_name":"Suno Not\u00edcias","article_publisher":"https:\/\/facebook.com\/sunoresearch","og_image":[{"width":1244,"height":700,"url":"https:\/\/files.sunoresearch.com.br\/n\/uploads\/2022\/11\/kepler-weber-dividendos.jpg","type":"image\/jpeg"}],"author":"Jo\u00e3o Vitor","twitter_card":"summary_large_image","twitter_creator":"@sunoresearch","twitter_site":"@sunoresearch","twitter_misc":{"Escrito por":"Jo\u00e3o Vitor","Est. tempo de leitura":"2 minutos"},"schema":{"@context":"https:\/\/schema.org","@graph":[{"@type":"NewsArticle","@id":"https:\/\/www.suno.com.br\/noticias\/kepler-weber-kepl3-pagamento-dividendos-milionarios-03-04-24-jvj\/#article","isPartOf":{"@id":"https:\/\/www.suno.com.br\/noticias\/kepler-weber-kepl3-pagamento-dividendos-milionarios-03-04-24-jvj\/"},"author":{"name":"Jo\u00e3o Vitor","@id":"https:\/\/www.suno.com.br\/noticias\/#\/schema\/person\/87fc6973867c52dd884811905c43afba"},"headline":"Kepler Weber (KEPL3) anuncia novo pagamento de dividendos milion\u00e1rios; veja o valor","datePublished":"2024-04-03T23:31:35+00:00","dateModified":"2024-04-03T23:46:44+00:00","mainEntityOfPage":{"@id":"https:\/\/www.suno.com.br\/noticias\/kepler-weber-kepl3-pagamento-dividendos-milionarios-03-04-24-jvj\/"},"wordCount":385,"publisher":{"@id":"https:\/\/www.suno.com.br\/noticias\/#organization"},"image":{"@id":"https:\/\/www.suno.com.br\/noticias\/kepler-weber-kepl3-pagamento-dividendos-milionarios-03-04-24-jvj\/#primaryimage"},"thumbnailUrl":"https:\/\/files.sunoresearch.com.br\/n\/uploads\/2022\/11\/kepler-weber-dividendos.jpg","keywords":["dividendos","Kepler Weber (KEPL11\/KEPL3)"],"articleSection":["Neg\u00f3cios"],"inLanguage":"pt-BR"},{"@type":"WebPage","@id":"https:\/\/www.suno.com.br\/noticias\/kepler-weber-kepl3-pagamento-dividendos-milionarios-03-04-24-jvj\/","url":"https:\/\/www.suno.com.br\/noticias\/kepler-weber-kepl3-pagamento-dividendos-milionarios-03-04-24-jvj\/","name":"Kepler Weber (KEPL3) anuncia novos dividendos milion\u00e1rios","isPartOf":{"@id":"https:\/\/www.suno.com.br\/noticias\/#website"},"primaryImageOfPage":{"@id":"https:\/\/www.suno.com.br\/noticias\/kepler-weber-kepl3-pagamento-dividendos-milionarios-03-04-24-jvj\/#primaryimage"},"image":{"@id":"https:\/\/www.suno.com.br\/noticias\/kepler-weber-kepl3-pagamento-dividendos-milionarios-03-04-24-jvj\/#primaryimage"},"thumbnailUrl":"https:\/\/files.sunoresearch.com.br\/n\/uploads\/2022\/11\/kepler-weber-dividendos.jpg","datePublished":"2024-04-03T23:31:35+00:00","dateModified":"2024-04-03T23:46:44+00:00","description":"A Kepler Weber (KEPL3) divulgou um novo pagamento de dividendos milion\u00e1rios. Veja o valor, data de pagamento e quem poder\u00e1 receber.","breadcrumb":{"@id":"https:\/\/www.suno.com.br\/noticias\/kepler-weber-kepl3-pagamento-dividendos-milionarios-03-04-24-jvj\/#breadcrumb"},"inLanguage":"pt-BR","potentialAction":[{"@type":"ReadAction","target":["https:\/\/www.suno.com.br\/noticias\/kepler-weber-kepl3-pagamento-dividendos-milionarios-03-04-24-jvj\/"]}]},{"@type":"ImageObject","inLanguage":"pt-BR","@id":"https:\/\/www.suno.com.br\/noticias\/kepler-weber-kepl3-pagamento-dividendos-milionarios-03-04-24-jvj\/#primaryimage","url":"https:\/\/files.sunoresearch.com.br\/n\/uploads\/2022\/11\/kepler-weber-dividendos.jpg","contentUrl":"https:\/\/files.sunoresearch.com.br\/n\/uploads\/2022\/11\/kepler-weber-dividendos.jpg","width":1244,"height":700,"caption":"Kepler Weber (KEPL3). Foto: Divulga\u00e7\u00e3o"},{"@type":"BreadcrumbList","@id":"https:\/\/www.suno.com.br\/noticias\/kepler-weber-kepl3-pagamento-dividendos-milionarios-03-04-24-jvj\/#breadcrumb","itemListElement":[{"@type":"ListItem","position":1,"name":"Not\u00edcias","item":"https:\/\/www.suno.com.br\/noticias\/"},{"@type":"ListItem","position":2,"name":"Neg\u00f3cios","item":"https:\/\/www.suno.com.br\/noticias\/negocios\/"},{"@type":"ListItem","position":3,"name":"Kepler Weber (KEPL3) anuncia novo pagamento de dividendos milion\u00e1rios; veja o valor"}]},{"@type":"WebSite","@id":"https:\/\/www.suno.com.br\/noticias\/#website","url":"https:\/\/www.suno.com.br\/noticias\/","name":"Suno Not\u00edcias","description":"Seu portal de informa\u00e7\u00e3o sobre o mundo dos investimentos","publisher":{"@id":"https:\/\/www.suno.com.br\/noticias\/#organization"},"potentialAction":[{"@type":"SearchAction","target":{"@type":"EntryPoint","urlTemplate":"https:\/\/www.suno.com.br\/noticias\/?s={search_term_string}"},"query-input":{"@type":"PropertyValueSpecification","valueRequired":true,"valueName":"search_term_string"}}],"inLanguage":"pt-BR"},{"@type":"Organization","@id":"https:\/\/www.suno.com.br\/noticias\/#organization","name":"Suno Not\u00edcias","url":"https:\/\/www.suno.com.br\/noticias\/","logo":{"@type":"ImageObject","inLanguage":"pt-BR","@id":"https:\/\/www.suno.com.br\/noticias\/#\/schema\/logo\/image\/","url":"https:\/\/files.sunoresearch.com.br\/n\/uploads\/2021\/09\/suno-logo.png","contentUrl":"https:\/\/files.sunoresearch.com.br\/n\/uploads\/2021\/09\/suno-logo.png","width":180,"height":180,"caption":"Suno Not\u00edcias"},"image":{"@id":"https:\/\/www.suno.com.br\/noticias\/#\/schema\/logo\/image\/"},"sameAs":["https:\/\/facebook.com\/sunoresearch","https:\/\/x.com\/sunoresearch","https:\/\/www.instagram.com\/suno","https:\/\/www.linkedin.com\/company\/suno-research\/","https:\/\/www.youtube.com\/c\/sunoresearch"]},{"@type":"Person","@id":"https:\/\/www.suno.com.br\/noticias\/#\/schema\/person\/87fc6973867c52dd884811905c43afba","name":"Jo\u00e3o Vitor","image":{"@type":"ImageObject","inLanguage":"pt-BR","@id":"https:\/\/www.suno.com.br\/noticias\/#\/schema\/person\/image\/","url":"https:\/\/secure.gravatar.com\/avatar\/2843227ca03ccf8cc7ccca45204c127e?s=96&r=g","contentUrl":"https:\/\/secure.gravatar.com\/avatar\/2843227ca03ccf8cc7ccca45204c127e?s=96&r=g","caption":"Jo\u00e3o Vitor"},"description":"Redator profissional, com atua\u00e7\u00e3o no mercado editorial na produ\u00e7\u00e3o de not\u00edcias e conte\u00fados sobre o mercado de a\u00e7\u00f5es, fundos imobili\u00e1rios e economia popular. Graduando em Engenharia Qu\u00edmica pela Unesp, tamb\u00e9m j\u00e1 atuou como consultor financeiro.","url":"https:\/\/www.suno.com.br\/noticias\/author\/joao-vitor-jacintho\/"}]}},"default_loop_html":"<div class=\"cardsPage__listCard__boxs\"><div class=\"cardsPage__listCard__boxs__img\"><a href=\"https:\/\/www.suno.com.br\/noticias\/kepler-weber-kepl3-pagamento-dividendos-milionarios-03-04-24-jvj\/\"><img class=\"mask\" src=\"https:\/\/www.suno.com.br\/noticias\/wp-content\/themes\/suno\/resources\/images\/spotlight\/spotlight1img\/bg-mask.png\" alt=\"Image Mask\"\/><img src=\"https:\/\/files.sunoresearch.com.br\/n\/uploads\/2022\/11\/kepler-weber-dividendos-400x200.jpg\" alt=\"Kepler Weber (KEPL3) anuncia novo pagamento de dividendos milion\u00e1rios; veja o valor\"\/><\/a><span class=\"spotlightCategory\"><a href=\"https:\/\/www.suno.com.br\/noticias\/negocios\/\">Neg\u00f3cios<\/a><\/span><\/div><div class=\"cardsPage__listCard__boxs__content\"><a href=\"https:\/\/www.suno.com.br\/noticias\/kepler-weber-kepl3-pagamento-dividendos-milionarios-03-04-24-jvj\/\"><h2 class=\"content__title\">Kepler Weber (KEPL3) anuncia novo pagamento de dividendos milion\u00e1rios; veja o valor<\/h2><\/a><div class=\"newsContent__article__meta\"><div class=\"newsContent__article__meta__authorBox\"><a href=\"https:\/\/www.suno.com.br\/noticias\/author\/joao-vitor-jacintho\/\" class=\"authorBox__avatar noMobi\"><img src=\"https:\/\/secure.gravatar.com\/avatar\/2843227ca03ccf8cc7ccca45204c127e?s=96&#038;r=g\" alt=\"Jo\u00e3o Vitor Jacintho\"><\/a><div class=\"authorBox__name\"><span>por\n\t\t\t<a href=\"https:\/\/www.suno.com.br\/noticias\/author\/joao-vitor-jacintho\/\"><span itemprop=\"author\">Jo\u00e3o Vitor Jacintho<\/span><\/a><\/span><time datetime=\"2024-04-03T20:31:35-03:00\" itemprop=\"datePublished\">03\/04\/2024 20:31<\/time><\/div><\/div><\/div><\/div><\/div>","single_layout":"posts","amp_enabled":true,"_links":{"self":[{"href":"https:\/\/www.suno.com.br\/noticias\/wp-json\/wp\/v2\/posts\/540663"}],"collection":[{"href":"https:\/\/www.suno.com.br\/noticias\/wp-json\/wp\/v2\/posts"}],"about":[{"href":"https:\/\/www.suno.com.br\/noticias\/wp-json\/wp\/v2\/types\/post"}],"author":[{"embeddable":true,"href":"https:\/\/www.suno.com.br\/noticias\/wp-json\/wp\/v2\/users\/173"}],"replies":[{"embeddable":true,"href":"https:\/\/www.suno.com.br\/noticias\/wp-json\/wp\/v2\/comments?post=540663"}],"version-history":[{"count":3,"href":"https:\/\/www.suno.com.br\/noticias\/wp-json\/wp\/v2\/posts\/540663\/revisions"}],"predecessor-version":[{"id":540675,"href":"https:\/\/www.suno.com.br\/noticias\/wp-json\/wp\/v2\/posts\/540663\/revisions\/540675"}],"wp:featuredmedia":[{"embeddable":true,"href":"https:\/\/www.suno.com.br\/noticias\/wp-json\/wp\/v2\/media\/322601"}],"wp:attachment":[{"href":"https:\/\/www.suno.com.br\/noticias\/wp-json\/wp\/v2\/media?parent=540663"}],"wp:term":[{"taxonomy":"category","embeddable":true,"href":"https:\/\/www.suno.com.br\/noticias\/wp-json\/wp\/v2\/categories?post=540663"},{"taxonomy":"post_tag","embeddable":true,"href":"https:\/\/www.suno.com.br\/noticias\/wp-json\/wp\/v2\/tags?post=540663"},{"taxonomy":"suno_strategy","embeddable":true,"href":"https:\/\/www.suno.com.br\/noticias\/wp-json\/wp\/v2\/suno_strategy?post=540663"}],"curies":[{"name":"wp","href":"https:\/\/api.w.org\/{rel}","templated":true}]}}