{"id":540656,"date":"2024-04-03T21:07:00","date_gmt":"2024-04-04T00:07:00","guid":{"rendered":"https:\/\/www.suno.com.br\/noticias\/?p=540656"},"modified":"2024-04-03T21:07:07","modified_gmt":"2024-04-04T00:07:07","slug":"weg-weg3-030424-mm","status":"publish","type":"post","link":"https:\/\/www.suno.com.br\/noticias\/weg-weg3-030424-mm\/","title":{"rendered":"WEG (WEG3) elege a CEO ex-estagi\u00e1rio com 22 anos de empresa"},"content":{"rendered":"<p>Uma das maiores empresas de tecnologia industrial global, a <strong>WEG<\/strong> (WEG3), com sede em Jaragu\u00e1 do Sul (SC), nomeou a CEO Alberto Yoshikazu Kuba, de 44 anos, que ascendeu de estagi\u00e1rio a diretor na China dentro da organiza\u00e7\u00e3o. Ele sucede Harry Schmelzer J\u00fanior, que ocupava anteriormente o cargo. A transi\u00e7\u00e3o ocorreu no in\u00edcio desta semana, de acordo com publica\u00e7\u00f5es da companhia nas redes sociais.<\/p>\t<div class=\"wrapper-featured-image\">\n\t\t<figure class=\"spotlightImg\">\n\n\t\t\t<picture>\n\t\t\t\t<source media=\"(max-width: 768px)\" srcset=\"https:\/\/files.sunoresearch.com.br\/n\/uploads\/2023\/02\/weg-wege3-previa-4t22-foto-divulgacao-400x200.jpg\">\n\t\t\t\t<img loading=\"lazy\" decoding=\"async\" class=\"newsContent__article__imgCapa lazyloadDisabled \" src=\"https:\/\/files.sunoresearch.com.br\/n\/uploads\/2023\/02\/weg-wege3-previa-4t22-foto-divulgacao-800x450.jpg\" width=\"800\" height=\"450\" alt=\"WEG (WEG3) elege a CEO ex-estagi\u00e1rio com 22 anos de empresa\" fetchpriority=high \/>\n\t\t\t<\/picture>\n\n\t\t\t<figcaption class=\"wp-caption-text wp-caption-text--show\">Weg (WEGE3). Foto: Divulga\u00e7\u00e3o<\/figcaption>\n\t\t<\/figure>\n\t<\/div>\n\n\n\n\n\n\t<p>\n\t\t<a href=\"\" target=\"_blank\" data-element=\"shortcode-suno-banner\" title=\"Banner SUNO, clique e saiba mais\">\n\t\t\t<picture>\n\t\t\t\t<source media=\"(max-width: 500px)\" srcset=\"\">\n\t\t\t\t<img class=\"newsContent__article__imgCapa newsContent__article__imgCapa--banner\"\n\t\t\t\t\tsrc=\"\"\n\t\t\t\t\tdata-promo-id=\"240038\"\t\t\t\t\t\t\t\t\t\t\t\t\t\t\talt=\"\"\n\t\t\t\t>\n\t\t\t<\/picture>\n\t\t<\/a>\n\t<\/p>\n\n\n\n\n\n<p>Segundo o jornal Valor Econ\u00f4mico, o <strong>novo CEO da WEG<\/strong> \u00e9 formado em engenharia el\u00e9trica e est\u00e1 na companhia h\u00e1 22 anos, onde come\u00e7ou como estagi\u00e1rio, avan\u00e7ou para analista de vendas e, posteriormente, chefe de vendas. Em 2010, do interior de S\u00e3o Paulo foi enviado para a China, onde ascendeu de diretor comercial para diretor superintendente. <\/p>\n\n\n\n<p>Ap\u00f3s quase uma d\u00e9cada de experi\u00eancia internacional, Kuba retornou ao Brasil e assumiu a lideran\u00e7a da divis\u00e3o de motores, seu cargo at\u00e9 esta semana. Em dezembro, foi anunciado como o novo <a class=\"suno-keyword\" data-force=\"no\" data-priority=\"2\" href=\"https:\/\/www.suno.com.br\/artigos\/ceo\/\" target=\"_blank\" rel=\"noopener\">diretor-presidente<\/a> da WEG. Agora, ele tem a miss\u00e3o de alavancar a <strong>internacionaliza\u00e7\u00e3o dos neg\u00f3cios na WEG<\/strong>.<\/p>\n\n\n\n<p>O antecessor desempenhou fun\u00e7\u00f5es na multinacional catarinense por mais de 40 anos. Ele foi diretor de vendas e ocupou o cargo de diretor regional na Europa antes de assumir a presid\u00eancia da WEG de 2008 a 2024. Schmelzer tamb\u00e9m fez parte do Conselho Empresarial do Brics por uma d\u00e9cada.<br><br>No LinkedIn, a WEG agradeceu a Schmelzer ao que chamou de lideran\u00e7a vision\u00e1ria e dedica\u00e7\u00e3o incans\u00e1vel durante seu per\u00edodo como presidente. &#8220;Um cap\u00edtulo se encerra, mas o legado permanece. Sua gest\u00e3o exemplar guiou a empresa para novos horizontes, inspirando n\u00e3o apenas os colaboradores, mas toda uma comunidade. Que sua jornada continue sendo marcada por sucessos e realiza\u00e7\u00f5es. Seu trabalho e vis\u00e3o deixam uma importante marca em nossa hist\u00f3ria&#8221;, escreveu a companhia.<br><br>O motivo da troca de comando n\u00e3o foi divulgado. Mas, ao Valor, Schmelzer disse que a sua sucess\u00e3o estava sendo pensada h\u00e1 quatro anos.<\/p>\n\n\n\t<p>\n\t\t<a href=\"https:\/\/lp.suno.com.br\/ebook-gratuito-investindo-no-exterior\/\" target=\"_blank\" data-element=\"shortcode-suno-banner\" title=\"Banner SUNO, clique e saiba mais\">\n\t\t\t<picture>\n\t\t\t\t<source media=\"(max-width: 500px)\" srcset=\"https:\/\/files.sunoresearch.com.br\/n\/uploads\/2023\/03\/400x300-Investindo-no-exterior.png\">\n\t\t\t\t<img class=\"newsContent__article__imgCapa newsContent__article__imgCapa--banner\"\n\t\t\t\t\tsrc=\"https:\/\/files.sunoresearch.com.br\/n\/uploads\/2023\/03\/1420x240-Investindo-no-exterior.png\"\n\t\t\t\t\tdata-promo-id=\"383161\"\t\t\t\t\t\t\t\t\t\twidth='1420' height='240'\t\t\t\t\talt=\"https:\/\/files.sunoresearch.com.br\/n\/uploads\/2023\/03\/1420x240-Investindo-no-exterior.png\"\n\t\t\t\t>\n\t\t\t<\/picture>\n\t\t<\/a>\n\t<\/p>\n\n\n\n\n\n<h2 class=\"wp-block-heading\">Empresa cresceu 20 vezes em <a class=\"suno-keyword\" target=\"_blank\" data-force=\"no\" data-priority=\"1\" href=\"https:\/\/www.suno.com.br\/artigos\/valor-de-mercado\/\" rel=\"noopener\">valor de mercado<\/a> e dobrou quadro de funcion\u00e1rios<\/h2>\n\n\n\n<p>A <strong>WEG <\/strong>registrou um crescimento de 20 vezes em <a class=\"suno-keyword\" target=\"_blank\" data-force=\"no\" data-priority=\"1\" href=\"https:\/\/www.suno.com.br\/artigos\/valor-de-mercado\/\" rel=\"noopener\">valor de mercado<\/a> durante a gest\u00e3o de Kuba. A multinacional destaca suas contribui\u00e7\u00f5es para a ind\u00fastria nacional, especialmente em termos de internacionaliza\u00e7\u00e3o, investimentos em novos neg\u00f3cios e tecnologias, desenvolvimento de lideran\u00e7a e busca por solu\u00e7\u00f5es sustent\u00e1veis.<\/p>\n\n\n\n<p>Sob sua lideran\u00e7a, a WEG viu um crescimento not\u00e1vel nos \u00faltimos 16 anos. A empresa dobrou seu quadro de funcion\u00e1rios, passando de 18 mil em 2007 para mais de 40 mil em 2024, com 28 mil no Brasil e 12 mil no exterior. Isso resultou em um aumento de aproximadamente 20 vezes no <strong>valor de mercado da WEG<\/strong>.<\/p>\n\n\n\n<p>A multinacional tamb\u00e9m expandiu suas instala\u00e7\u00f5es, atualmente operando em 52 parques fabris em 15 pa\u00edses, com filiais comerciais em 37 pa\u00edses. Al\u00e9m disso, a empresa melhorou seu desempenho financeiro e alcan\u00e7ou um not\u00e1vel retorno de investimento, garantindo a quinta posi\u00e7\u00e3o no ranking das empresas mais valorizadas da bolsa brasileira em 2023.<\/p>\n\n\n\n<p>Durante seu mandato na WEG, o ent\u00e3o CEO recebeu v\u00e1rios pr\u00eamios e reconhecimentos, incluindo 13 trof\u00e9us &#8220;Executivo de Valor&#8221;, quatro apari\u00e7\u00f5es consecutivas na lista &#8220;Melhores CEOs do Brasil&#8221; e sete t\u00edtulos de &#8220;Melhor CEO&#8221; na categoria de <a class=\"suno-keyword\" target=\"_blank\" data-force=\"no\" data-priority=\"1\" href=\"https:\/\/www.suno.com.br\/artigos\/bens-capital\/\" rel=\"noopener\">Bens de Capital<\/a>.<br><br>A <strong>WEG <\/strong>tamb\u00e9m \u00e9 a empresa por tr\u00e1s da bilion\u00e1ria mais jovem do mundo. Com apenas 19 anos, L\u00edvia Voigt, neta do cofundador, acumula uma fortuna de R$ 5,5 bilh\u00f5es. L\u00edvia e sua irm\u00e3 mais velha, Dora Voigt de Assis, de 26 anos, est\u00e3o entre as sete novas figuras entre os 25 bilion\u00e1rios mais jovens e duas das 18 herdeiras do grupo catarinense.<\/p>\n\n\n\t<p>\n\t\t<a href=\"https:\/\/lp.suno.com.br\/planilha-da-vida-financeira\/\" target=\"_blank\" data-element=\"shortcode-suno-banner\" title=\"Banner SUNO, clique e saiba mais\">\n\t\t\t<picture>\n\t\t\t\t<source media=\"(max-width: 500px)\" srcset=\"https:\/\/files.sunoresearch.com.br\/n\/uploads\/2023\/04\/400x300-Planilha-vida-financeira-true.png\">\n\t\t\t\t<img class=\"newsContent__article__imgCapa newsContent__article__imgCapa--banner\"\n\t\t\t\t\tsrc=\"https:\/\/files.sunoresearch.com.br\/n\/uploads\/2023\/04\/1420x240-Planilha-vida-financeira-true.png\"\n\t\t\t\t\tdata-promo-id=\"383123\"\t\t\t\t\t\t\t\t\t\twidth='1420' height='240'\t\t\t\t\talt=\"https:\/\/files.sunoresearch.com.br\/n\/uploads\/2023\/04\/1420x240-Planilha-vida-financeira-true.png\"\n\t\t\t\t>\n\t\t\t<\/picture>\n\t\t<\/a>\n\t<\/p>\n\n\n","protected":false},"excerpt":{"rendered":"<p>Uma das maiores empresas de tecnologia industrial global, a WEG (WEG3), com sede em Jaragu\u00e1 do Sul (SC), nomeou a CEO Alberto Yoshikazu Kuba, de 44 anos, que ascendeu de estagi\u00e1rio a diretor na China dentro da organiza\u00e7\u00e3o. Ele sucede Harry Schmelzer J\u00fanior, que ocupava anteriormente o cargo. A transi\u00e7\u00e3o ocorreu no in\u00edcio desta semana, [&hellip;]<\/p>\n","protected":false},"author":345,"featured_media":363046,"comment_status":"closed","ping_status":"closed","sticky":false,"template":"","format":"standard","meta":[],"categories":[64],"tags":[681],"suno_strategy":[],"class_list":["post-540656","post","type-post","status-publish","format-standard","has-post-thumbnail","hentry","category-negocios","tag-weg-wege3"],"yoast_head":"<!-- This site is optimized with the Yoast SEO plugin v24.4 - https:\/\/yoast.com\/wordpress\/plugins\/seo\/ -->\n<title>WEG (WEG3) elege a CEO ex-estagi\u00e1rio com 22 anos de empresa<\/title>\n<meta name=\"description\" content=\"WEG (WEG3) nomeou a CEO Alberto Yoshikazu Kuba, de 44 anos, que ascendeu de estagi\u00e1rio a diretor na China dentro da organiza\u00e7\u00e3o\" \/>\n<meta name=\"robots\" content=\"index, follow, max-snippet:-1, max-image-preview:large, max-video-preview:-1\" \/>\n<link rel=\"canonical\" href=\"https:\/\/www.suno.com.br\/noticias\/weg-weg3-030424-mm\/\" \/>\n<meta property=\"og:locale\" content=\"pt_BR\" \/>\n<meta property=\"og:type\" content=\"article\" \/>\n<meta property=\"og:title\" content=\"WEG (WEG3) elege a CEO ex-estagi\u00e1rio com 22 anos de empresa\" \/>\n<meta property=\"og:description\" content=\"WEG (WEG3) nomeou a CEO Alberto Yoshikazu Kuba, de 44 anos, que ascendeu de estagi\u00e1rio a diretor na China dentro da organiza\u00e7\u00e3o\" \/>\n<meta property=\"og:url\" content=\"https:\/\/www.suno.com.br\/noticias\/weg-weg3-030424-mm\/\" \/>\n<meta property=\"og:site_name\" content=\"Suno Not\u00edcias\" \/>\n<meta property=\"article:publisher\" content=\"https:\/\/facebook.com\/sunoresearch\" \/>\n<meta property=\"og:image\" content=\"https:\/\/files.sunoresearch.com.br\/n\/uploads\/2023\/02\/weg-wege3-previa-4t22-foto-divulgacao.jpg\" \/>\n\t<meta property=\"og:image:width\" content=\"1200\" \/>\n\t<meta property=\"og:image:height\" content=\"675\" \/>\n\t<meta property=\"og:image:type\" content=\"image\/jpeg\" \/>\n<meta name=\"author\" content=\"Murilo Melo\" \/>\n<meta name=\"twitter:card\" content=\"summary_large_image\" \/>\n<meta name=\"twitter:creator\" content=\"@sunoresearch\" \/>\n<meta name=\"twitter:site\" content=\"@sunoresearch\" \/>\n<meta name=\"twitter:label1\" content=\"Escrito por\" \/>\n\t<meta name=\"twitter:data1\" content=\"Murilo Melo\" \/>\n\t<meta name=\"twitter:label2\" content=\"Est. tempo de leitura\" \/>\n\t<meta name=\"twitter:data2\" content=\"4 minutos\" \/>\n<script type=\"application\/ld+json\" class=\"yoast-schema-graph\">{\"@context\":\"https:\/\/schema.org\",\"@graph\":[{\"@type\":\"NewsArticle\",\"@id\":\"https:\/\/www.suno.com.br\/noticias\/weg-weg3-030424-mm\/#article\",\"isPartOf\":{\"@id\":\"https:\/\/www.suno.com.br\/noticias\/weg-weg3-030424-mm\/\"},\"author\":{\"name\":\"Murilo Melo\",\"@id\":\"https:\/\/www.suno.com.br\/noticias\/#\/schema\/person\/32d4feb215afe4b317d446bb442400dd\"},\"headline\":\"WEG (WEG3) elege a CEO ex-estagi\u00e1rio com 22 anos de empresa\",\"datePublished\":\"2024-04-04T00:07:00+00:00\",\"dateModified\":\"2024-04-04T00:07:07+00:00\",\"mainEntityOfPage\":{\"@id\":\"https:\/\/www.suno.com.br\/noticias\/weg-weg3-030424-mm\/\"},\"wordCount\":644,\"publisher\":{\"@id\":\"https:\/\/www.suno.com.br\/noticias\/#organization\"},\"image\":{\"@id\":\"https:\/\/www.suno.com.br\/noticias\/weg-weg3-030424-mm\/#primaryimage\"},\"thumbnailUrl\":\"https:\/\/files.sunoresearch.com.br\/n\/uploads\/2023\/02\/weg-wege3-previa-4t22-foto-divulgacao.jpg\",\"keywords\":[\"Weg (WEGE3)\"],\"articleSection\":[\"Neg\u00f3cios\"],\"inLanguage\":\"pt-BR\"},{\"@type\":\"WebPage\",\"@id\":\"https:\/\/www.suno.com.br\/noticias\/weg-weg3-030424-mm\/\",\"url\":\"https:\/\/www.suno.com.br\/noticias\/weg-weg3-030424-mm\/\",\"name\":\"WEG (WEG3) elege a CEO ex-estagi\u00e1rio com 22 anos de empresa\",\"isPartOf\":{\"@id\":\"https:\/\/www.suno.com.br\/noticias\/#website\"},\"primaryImageOfPage\":{\"@id\":\"https:\/\/www.suno.com.br\/noticias\/weg-weg3-030424-mm\/#primaryimage\"},\"image\":{\"@id\":\"https:\/\/www.suno.com.br\/noticias\/weg-weg3-030424-mm\/#primaryimage\"},\"thumbnailUrl\":\"https:\/\/files.sunoresearch.com.br\/n\/uploads\/2023\/02\/weg-wege3-previa-4t22-foto-divulgacao.jpg\",\"datePublished\":\"2024-04-04T00:07:00+00:00\",\"dateModified\":\"2024-04-04T00:07:07+00:00\",\"description\":\"WEG (WEG3) nomeou a CEO Alberto Yoshikazu Kuba, de 44 anos, que ascendeu de estagi\u00e1rio a diretor na China dentro da organiza\u00e7\u00e3o\",\"breadcrumb\":{\"@id\":\"https:\/\/www.suno.com.br\/noticias\/weg-weg3-030424-mm\/#breadcrumb\"},\"inLanguage\":\"pt-BR\",\"potentialAction\":[{\"@type\":\"ReadAction\",\"target\":[\"https:\/\/www.suno.com.br\/noticias\/weg-weg3-030424-mm\/\"]}]},{\"@type\":\"ImageObject\",\"inLanguage\":\"pt-BR\",\"@id\":\"https:\/\/www.suno.com.br\/noticias\/weg-weg3-030424-mm\/#primaryimage\",\"url\":\"https:\/\/files.sunoresearch.com.br\/n\/uploads\/2023\/02\/weg-wege3-previa-4t22-foto-divulgacao.jpg\",\"contentUrl\":\"https:\/\/files.sunoresearch.com.br\/n\/uploads\/2023\/02\/weg-wege3-previa-4t22-foto-divulgacao.jpg\",\"width\":1200,\"height\":675,\"caption\":\"Weg (WEGE3). Foto: Divulga\u00e7\u00e3o\"},{\"@type\":\"BreadcrumbList\",\"@id\":\"https:\/\/www.suno.com.br\/noticias\/weg-weg3-030424-mm\/#breadcrumb\",\"itemListElement\":[{\"@type\":\"ListItem\",\"position\":1,\"name\":\"Not\u00edcias\",\"item\":\"https:\/\/www.suno.com.br\/noticias\/\"},{\"@type\":\"ListItem\",\"position\":2,\"name\":\"Neg\u00f3cios\",\"item\":\"https:\/\/www.suno.com.br\/noticias\/negocios\/\"},{\"@type\":\"ListItem\",\"position\":3,\"name\":\"WEG (WEG3) elege a CEO ex-estagi\u00e1rio com 22 anos de empresa\"}]},{\"@type\":\"WebSite\",\"@id\":\"https:\/\/www.suno.com.br\/noticias\/#website\",\"url\":\"https:\/\/www.suno.com.br\/noticias\/\",\"name\":\"Suno Not\u00edcias\",\"description\":\"Seu portal de informa\u00e7\u00e3o sobre o mundo dos investimentos\",\"publisher\":{\"@id\":\"https:\/\/www.suno.com.br\/noticias\/#organization\"},\"potentialAction\":[{\"@type\":\"SearchAction\",\"target\":{\"@type\":\"EntryPoint\",\"urlTemplate\":\"https:\/\/www.suno.com.br\/noticias\/?s={search_term_string}\"},\"query-input\":{\"@type\":\"PropertyValueSpecification\",\"valueRequired\":true,\"valueName\":\"search_term_string\"}}],\"inLanguage\":\"pt-BR\"},{\"@type\":\"Organization\",\"@id\":\"https:\/\/www.suno.com.br\/noticias\/#organization\",\"name\":\"Suno Not\u00edcias\",\"url\":\"https:\/\/www.suno.com.br\/noticias\/\",\"logo\":{\"@type\":\"ImageObject\",\"inLanguage\":\"pt-BR\",\"@id\":\"https:\/\/www.suno.com.br\/noticias\/#\/schema\/logo\/image\/\",\"url\":\"https:\/\/files.sunoresearch.com.br\/n\/uploads\/2021\/09\/suno-logo.png\",\"contentUrl\":\"https:\/\/files.sunoresearch.com.br\/n\/uploads\/2021\/09\/suno-logo.png\",\"width\":180,\"height\":180,\"caption\":\"Suno Not\u00edcias\"},\"image\":{\"@id\":\"https:\/\/www.suno.com.br\/noticias\/#\/schema\/logo\/image\/\"},\"sameAs\":[\"https:\/\/facebook.com\/sunoresearch\",\"https:\/\/x.com\/sunoresearch\",\"https:\/\/www.instagram.com\/suno\",\"https:\/\/www.linkedin.com\/company\/suno-research\/\",\"https:\/\/www.youtube.com\/c\/sunoresearch\"]},{\"@type\":\"Person\",\"@id\":\"https:\/\/www.suno.com.br\/noticias\/#\/schema\/person\/32d4feb215afe4b317d446bb442400dd\",\"name\":\"Murilo Melo\",\"image\":{\"@type\":\"ImageObject\",\"inLanguage\":\"pt-BR\",\"@id\":\"https:\/\/www.suno.com.br\/noticias\/#\/schema\/person\/image\/\",\"url\":\"https:\/\/secure.gravatar.com\/avatar\/af7a693198b592028493c0e8b0583d4f?s=96&r=g\",\"contentUrl\":\"https:\/\/secure.gravatar.com\/avatar\/af7a693198b592028493c0e8b0583d4f?s=96&r=g\",\"caption\":\"Murilo Melo\"},\"description\":\"\u00c9 um jornalista e letr\u00f3logo com vasta experi\u00eancia em economia, finan\u00e7as e mercado. J\u00e1 foi rep\u00f3rter de jornais, revistas e sites noticiosos como A Tarde, Correio e Folha de S.Paulo. No Suno Not\u00edcias, escreve sobre neg\u00f3cios\",\"url\":\"https:\/\/www.suno.com.br\/noticias\/author\/murilomelo-jornalismogmail-com\/\"}]}<\/script>\n<!-- \/ Yoast SEO plugin. -->","yoast_head_json":{"title":"WEG (WEG3) elege a CEO ex-estagi\u00e1rio com 22 anos de empresa","description":"WEG (WEG3) nomeou a CEO Alberto Yoshikazu Kuba, de 44 anos, que ascendeu de estagi\u00e1rio a diretor na China dentro da organiza\u00e7\u00e3o","robots":{"index":"index","follow":"follow","max-snippet":"max-snippet:-1","max-image-preview":"max-image-preview:large","max-video-preview":"max-video-preview:-1"},"canonical":"https:\/\/www.suno.com.br\/noticias\/weg-weg3-030424-mm\/","og_locale":"pt_BR","og_type":"article","og_title":"WEG (WEG3) elege a CEO ex-estagi\u00e1rio com 22 anos de empresa","og_description":"WEG (WEG3) nomeou a CEO Alberto Yoshikazu Kuba, de 44 anos, que ascendeu de estagi\u00e1rio a diretor na China dentro da organiza\u00e7\u00e3o","og_url":"https:\/\/www.suno.com.br\/noticias\/weg-weg3-030424-mm\/","og_site_name":"Suno Not\u00edcias","article_publisher":"https:\/\/facebook.com\/sunoresearch","og_image":[{"width":1200,"height":675,"url":"https:\/\/files.sunoresearch.com.br\/n\/uploads\/2023\/02\/weg-wege3-previa-4t22-foto-divulgacao.jpg","type":"image\/jpeg"}],"author":"Murilo Melo","twitter_card":"summary_large_image","twitter_creator":"@sunoresearch","twitter_site":"@sunoresearch","twitter_misc":{"Escrito por":"Murilo Melo","Est. tempo de leitura":"4 minutos"},"schema":{"@context":"https:\/\/schema.org","@graph":[{"@type":"NewsArticle","@id":"https:\/\/www.suno.com.br\/noticias\/weg-weg3-030424-mm\/#article","isPartOf":{"@id":"https:\/\/www.suno.com.br\/noticias\/weg-weg3-030424-mm\/"},"author":{"name":"Murilo Melo","@id":"https:\/\/www.suno.com.br\/noticias\/#\/schema\/person\/32d4feb215afe4b317d446bb442400dd"},"headline":"WEG (WEG3) elege a CEO ex-estagi\u00e1rio com 22 anos de empresa","datePublished":"2024-04-04T00:07:00+00:00","dateModified":"2024-04-04T00:07:07+00:00","mainEntityOfPage":{"@id":"https:\/\/www.suno.com.br\/noticias\/weg-weg3-030424-mm\/"},"wordCount":644,"publisher":{"@id":"https:\/\/www.suno.com.br\/noticias\/#organization"},"image":{"@id":"https:\/\/www.suno.com.br\/noticias\/weg-weg3-030424-mm\/#primaryimage"},"thumbnailUrl":"https:\/\/files.sunoresearch.com.br\/n\/uploads\/2023\/02\/weg-wege3-previa-4t22-foto-divulgacao.jpg","keywords":["Weg (WEGE3)"],"articleSection":["Neg\u00f3cios"],"inLanguage":"pt-BR"},{"@type":"WebPage","@id":"https:\/\/www.suno.com.br\/noticias\/weg-weg3-030424-mm\/","url":"https:\/\/www.suno.com.br\/noticias\/weg-weg3-030424-mm\/","name":"WEG (WEG3) elege a CEO ex-estagi\u00e1rio com 22 anos de empresa","isPartOf":{"@id":"https:\/\/www.suno.com.br\/noticias\/#website"},"primaryImageOfPage":{"@id":"https:\/\/www.suno.com.br\/noticias\/weg-weg3-030424-mm\/#primaryimage"},"image":{"@id":"https:\/\/www.suno.com.br\/noticias\/weg-weg3-030424-mm\/#primaryimage"},"thumbnailUrl":"https:\/\/files.sunoresearch.com.br\/n\/uploads\/2023\/02\/weg-wege3-previa-4t22-foto-divulgacao.jpg","datePublished":"2024-04-04T00:07:00+00:00","dateModified":"2024-04-04T00:07:07+00:00","description":"WEG (WEG3) nomeou a CEO Alberto Yoshikazu Kuba, de 44 anos, que ascendeu de estagi\u00e1rio a diretor na China dentro da organiza\u00e7\u00e3o","breadcrumb":{"@id":"https:\/\/www.suno.com.br\/noticias\/weg-weg3-030424-mm\/#breadcrumb"},"inLanguage":"pt-BR","potentialAction":[{"@type":"ReadAction","target":["https:\/\/www.suno.com.br\/noticias\/weg-weg3-030424-mm\/"]}]},{"@type":"ImageObject","inLanguage":"pt-BR","@id":"https:\/\/www.suno.com.br\/noticias\/weg-weg3-030424-mm\/#primaryimage","url":"https:\/\/files.sunoresearch.com.br\/n\/uploads\/2023\/02\/weg-wege3-previa-4t22-foto-divulgacao.jpg","contentUrl":"https:\/\/files.sunoresearch.com.br\/n\/uploads\/2023\/02\/weg-wege3-previa-4t22-foto-divulgacao.jpg","width":1200,"height":675,"caption":"Weg (WEGE3). Foto: Divulga\u00e7\u00e3o"},{"@type":"BreadcrumbList","@id":"https:\/\/www.suno.com.br\/noticias\/weg-weg3-030424-mm\/#breadcrumb","itemListElement":[{"@type":"ListItem","position":1,"name":"Not\u00edcias","item":"https:\/\/www.suno.com.br\/noticias\/"},{"@type":"ListItem","position":2,"name":"Neg\u00f3cios","item":"https:\/\/www.suno.com.br\/noticias\/negocios\/"},{"@type":"ListItem","position":3,"name":"WEG (WEG3) elege a CEO ex-estagi\u00e1rio com 22 anos de empresa"}]},{"@type":"WebSite","@id":"https:\/\/www.suno.com.br\/noticias\/#website","url":"https:\/\/www.suno.com.br\/noticias\/","name":"Suno Not\u00edcias","description":"Seu portal de informa\u00e7\u00e3o sobre o mundo dos investimentos","publisher":{"@id":"https:\/\/www.suno.com.br\/noticias\/#organization"},"potentialAction":[{"@type":"SearchAction","target":{"@type":"EntryPoint","urlTemplate":"https:\/\/www.suno.com.br\/noticias\/?s={search_term_string}"},"query-input":{"@type":"PropertyValueSpecification","valueRequired":true,"valueName":"search_term_string"}}],"inLanguage":"pt-BR"},{"@type":"Organization","@id":"https:\/\/www.suno.com.br\/noticias\/#organization","name":"Suno Not\u00edcias","url":"https:\/\/www.suno.com.br\/noticias\/","logo":{"@type":"ImageObject","inLanguage":"pt-BR","@id":"https:\/\/www.suno.com.br\/noticias\/#\/schema\/logo\/image\/","url":"https:\/\/files.sunoresearch.com.br\/n\/uploads\/2021\/09\/suno-logo.png","contentUrl":"https:\/\/files.sunoresearch.com.br\/n\/uploads\/2021\/09\/suno-logo.png","width":180,"height":180,"caption":"Suno Not\u00edcias"},"image":{"@id":"https:\/\/www.suno.com.br\/noticias\/#\/schema\/logo\/image\/"},"sameAs":["https:\/\/facebook.com\/sunoresearch","https:\/\/x.com\/sunoresearch","https:\/\/www.instagram.com\/suno","https:\/\/www.linkedin.com\/company\/suno-research\/","https:\/\/www.youtube.com\/c\/sunoresearch"]},{"@type":"Person","@id":"https:\/\/www.suno.com.br\/noticias\/#\/schema\/person\/32d4feb215afe4b317d446bb442400dd","name":"Murilo Melo","image":{"@type":"ImageObject","inLanguage":"pt-BR","@id":"https:\/\/www.suno.com.br\/noticias\/#\/schema\/person\/image\/","url":"https:\/\/secure.gravatar.com\/avatar\/af7a693198b592028493c0e8b0583d4f?s=96&r=g","contentUrl":"https:\/\/secure.gravatar.com\/avatar\/af7a693198b592028493c0e8b0583d4f?s=96&r=g","caption":"Murilo Melo"},"description":"\u00c9 um jornalista e letr\u00f3logo com vasta experi\u00eancia em economia, finan\u00e7as e mercado. J\u00e1 foi rep\u00f3rter de jornais, revistas e sites noticiosos como A Tarde, Correio e Folha de S.Paulo. No Suno Not\u00edcias, escreve sobre neg\u00f3cios","url":"https:\/\/www.suno.com.br\/noticias\/author\/murilomelo-jornalismogmail-com\/"}]}},"default_loop_html":"<div class=\"cardsPage__listCard__boxs\"><div class=\"cardsPage__listCard__boxs__img\"><a href=\"https:\/\/www.suno.com.br\/noticias\/weg-weg3-030424-mm\/\"><img class=\"mask\" src=\"https:\/\/www.suno.com.br\/noticias\/wp-content\/themes\/suno\/resources\/images\/spotlight\/spotlight1img\/bg-mask.png\" alt=\"Image Mask\"\/><img src=\"https:\/\/files.sunoresearch.com.br\/n\/uploads\/2023\/02\/weg-wege3-previa-4t22-foto-divulgacao-400x200.jpg\" alt=\"WEG (WEG3) elege a CEO ex-estagi\u00e1rio com 22 anos de empresa\"\/><\/a><span class=\"spotlightCategory\"><a href=\"https:\/\/www.suno.com.br\/noticias\/negocios\/\">Neg\u00f3cios<\/a><\/span><\/div><div class=\"cardsPage__listCard__boxs__content\"><a href=\"https:\/\/www.suno.com.br\/noticias\/weg-weg3-030424-mm\/\"><h2 class=\"content__title\">WEG (WEG3) elege a CEO ex-estagi\u00e1rio com 22 anos de empresa<\/h2><\/a><div class=\"newsContent__article__meta\"><div class=\"newsContent__article__meta__authorBox\"><a href=\"https:\/\/www.suno.com.br\/noticias\/author\/murilomelo-jornalismogmail-com\/\" class=\"authorBox__avatar noMobi\"><img src=\"https:\/\/files.sunoresearch.com.br\/n\/uploads\/2024\/02\/Murilo_Melo_Jornalista-e1708476456132-150x150.jpeg\" alt=\"Murilo Melo\"><\/a><div class=\"authorBox__name\"><span>por\n\t\t\t<a href=\"https:\/\/www.suno.com.br\/noticias\/author\/murilomelo-jornalismogmail-com\/\"><span itemprop=\"author\">Murilo Melo<\/span><\/a><\/span><time datetime=\"2024-04-03T21:07:00-03:00\" itemprop=\"datePublished\">03\/04\/2024 21:07<\/time><\/div><\/div><\/div><\/div><\/div>","single_layout":"posts","amp_enabled":true,"_links":{"self":[{"href":"https:\/\/www.suno.com.br\/noticias\/wp-json\/wp\/v2\/posts\/540656"}],"collection":[{"href":"https:\/\/www.suno.com.br\/noticias\/wp-json\/wp\/v2\/posts"}],"about":[{"href":"https:\/\/www.suno.com.br\/noticias\/wp-json\/wp\/v2\/types\/post"}],"author":[{"embeddable":true,"href":"https:\/\/www.suno.com.br\/noticias\/wp-json\/wp\/v2\/users\/345"}],"replies":[{"embeddable":true,"href":"https:\/\/www.suno.com.br\/noticias\/wp-json\/wp\/v2\/comments?post=540656"}],"version-history":[{"count":3,"href":"https:\/\/www.suno.com.br\/noticias\/wp-json\/wp\/v2\/posts\/540656\/revisions"}],"predecessor-version":[{"id":540681,"href":"https:\/\/www.suno.com.br\/noticias\/wp-json\/wp\/v2\/posts\/540656\/revisions\/540681"}],"wp:featuredmedia":[{"embeddable":true,"href":"https:\/\/www.suno.com.br\/noticias\/wp-json\/wp\/v2\/media\/363046"}],"wp:attachment":[{"href":"https:\/\/www.suno.com.br\/noticias\/wp-json\/wp\/v2\/media?parent=540656"}],"wp:term":[{"taxonomy":"category","embeddable":true,"href":"https:\/\/www.suno.com.br\/noticias\/wp-json\/wp\/v2\/categories?post=540656"},{"taxonomy":"post_tag","embeddable":true,"href":"https:\/\/www.suno.com.br\/noticias\/wp-json\/wp\/v2\/tags?post=540656"},{"taxonomy":"suno_strategy","embeddable":true,"href":"https:\/\/www.suno.com.br\/noticias\/wp-json\/wp\/v2\/suno_strategy?post=540656"}],"curies":[{"name":"wp","href":"https:\/\/api.w.org\/{rel}","templated":true}]}}