{"id":540627,"date":"2024-04-03T20:20:45","date_gmt":"2024-04-03T23:20:45","guid":{"rendered":"https:\/\/www.suno.com.br\/noticias\/?p=540627"},"modified":"2024-04-03T20:29:18","modified_gmt":"2024-04-03T23:29:18","slug":"copom-ubsbb-selic-taxa-juros-projecao-mm","status":"publish","type":"post","link":"https:\/\/www.suno.com.br\/noticias\/copom-ubsbb-selic-taxa-juros-projecao-mm\/","title":{"rendered":"Selic: UBS BB projeta taxa de juros a 8,5%, abaixo da expectativa do mercado"},"content":{"rendered":"<p>O UBS BB revisou sua proje\u00e7\u00e3o para a taxa terminal da <strong>Selic<\/strong> para 8,5% em dezembro, percentual abaixo do consenso de mercado, que precifica a <a class=\"suno-keyword\" data-force=\"no\" data-priority=\"1\" href=\"https:\/\/www.suno.com.br\/artigos\/taxa-de-juros\/\" target=\"_blank\" rel=\"noopener\">taxa b\u00e1sica de juros<\/a> em 9,5%. A mudan\u00e7a na proje\u00e7\u00e3o da UBS ocorre ap\u00f3s a divulga\u00e7\u00e3o da ata da reuni\u00e3o do Comit\u00ea de Pol\u00edtica Monet\u00e1ria (Copom) em mar\u00e7o e do Relat\u00f3rio de Infla\u00e7\u00e3o do primeiro trimestre pelo Banco Central do Brasil (BC). <\/p>\t<div class=\"wrapper-featured-image\">\n\t\t<figure class=\"spotlightImg\">\n\n\t\t\t<picture>\n\t\t\t\t<source media=\"(max-width: 768px)\" srcset=\"https:\/\/files.sunoresearch.com.br\/n\/uploads\/2023\/05\/agenda-copom-natura-ntco3-braskem-cpi-eua-400x200.jpg\">\n\t\t\t\t<img loading=\"lazy\" decoding=\"async\" class=\"newsContent__article__imgCapa lazyloadDisabled \" src=\"https:\/\/files.sunoresearch.com.br\/n\/uploads\/2023\/05\/agenda-copom-natura-ntco3-braskem-cpi-eua-800x450.jpg\" width=\"800\" height=\"450\" alt=\"Selic: UBS BB projeta taxa de juros a 8,5%, abaixo da expectativa do mercado\" fetchpriority=high \/>\n\t\t\t<\/picture>\n\n\t\t\t<figcaption class=\"wp-caption-text wp-caption-text--show\"> Reuni\u00e3o do Copom -  Foto: Copom \/Divulga\u00e7\u00e3o<\/figcaption>\n\t\t<\/figure>\n\t<\/div>\n\n\n\n\n\n\t<p>\n\t\t<a href=\"\" target=\"_blank\" data-element=\"shortcode-suno-banner\" title=\"Banner SUNO, clique e saiba mais\">\n\t\t\t<picture>\n\t\t\t\t<source media=\"(max-width: 500px)\" srcset=\"\">\n\t\t\t\t<img class=\"newsContent__article__imgCapa newsContent__article__imgCapa--banner\"\n\t\t\t\t\tsrc=\"\"\n\t\t\t\t\tdata-promo-id=\"240038\"\t\t\t\t\t\t\t\t\t\t\t\t\t\t\talt=\"\"\n\t\t\t\t>\n\t\t\t<\/picture>\n\t\t<\/a>\n\t<\/p>\n\n\n\n\n\n<p>Os documentos indicaram a <strong>decis\u00e3o do Copom<\/strong> de n\u00e3o fornecer orienta\u00e7\u00e3o para duas reuni\u00f5es futuras, uma mudan\u00e7a que at\u00e9 ent\u00e3o n\u00e3o fazia parte da estrat\u00e9gia de comunica\u00e7\u00e3o do \u00f3rg\u00e3o, segundo o banco de investimentos. Al\u00e9m disso, o relat\u00f3rio de infla\u00e7\u00e3o estabeleceu uma nova meta de 3% para a infla\u00e7\u00e3o em 2025, diferente da previs\u00e3o anterior de 3,2%.<\/p>\n\n\n\n<p>A UBS BB diz ainda que ap\u00f3s a reuni\u00e3o a <strong>revis\u00e3o da taxa Selic<\/strong> foi calculada com base na perspectiva econ\u00f4mica, a partir de um contexto de um <a class=\"suno-keyword\" data-force=\"no\" data-priority=\"2\" href=\"https:\/\/www.suno.com.br\/artigos\/mercado-de-trabalho\/\" target=\"_blank\" rel=\"noopener\">mercado de trabalho<\/a> &#8220;mais apertado&#8221; e uma <strong>desacelera\u00e7\u00e3o da infla\u00e7\u00e3o<\/strong> de alimentos e bens. O banco acredita que o comit\u00ea reconheceu a necessidade de maior flexibilidade na condu\u00e7\u00e3o da <a class=\"suno-keyword\" data-force=\"no\" data-priority=\"1\" href=\"https:\/\/www.suno.com.br\/artigos\/politica-monetaria\/\" target=\"_blank\" rel=\"noopener\">pol\u00edtica monet\u00e1ria<\/a>, o que influenciou a mudan\u00e7a na orienta\u00e7\u00e3o futura, optando por n\u00e3o sinalizar nenhuma informa\u00e7\u00e3o sobre a reuni\u00e3o de junho.<\/p>\n\n\n\n<p>\u00c0 medida que a pr\u00f3xima <strong>reuni\u00e3o do Copom<\/strong>, em maio<strong>, <\/strong>se aproxima, os<strong> analistas do UBS<\/strong> afirmam que a expectativa \u00e9 de que o Banco Central corte 50 pontos-base na decis\u00e3o. No entanto, no mercado financeiro, h\u00e1 uma expectativa de dois poss\u00edveis resultados ap\u00f3s essa redu\u00e7\u00e3o da Selic: <\/p>\n\n\n\n<ul class=\"wp-block-list\">\n<li>o <strong>BC<\/strong> pode parar de indicar o que far\u00e1 futuramente com os juros; <\/li>\n\n\n\n<li>e existe uma chance de 50% de que o BC pare de cortar os juros em agosto. <\/li>\n<\/ul>\n\n\n\n<p>&#8220;Embora concordemos que existem riscos para que o primeiro ponto se materialize, seria dif\u00edcil para o BC validar o segundo se a desacelera\u00e7\u00e3o da infla\u00e7\u00e3o continuar e o real permanecer est\u00e1vel. Portanto, se as taxas de <a class=\"suno-keyword\" data-force=\"no\" data-priority=\"1\" href=\"https:\/\/www.suno.com.br\/artigos\/curto-prazo\/\" target=\"_blank\" rel=\"noopener\">curto prazo<\/a> forem pressionadas pela remo\u00e7\u00e3o da orienta\u00e7\u00e3o futura do BC da pol\u00edtica no comunicado de maio, acreditamos que esse movimento provavelmente ser\u00e1 transit\u00f3rio e procuraremos uma poss\u00edvel revers\u00e3o&#8221;, pontuam os estrategistas, que acreditam em mais dois novos <strong>cortes da Selic<\/strong> de 0,5 pp, em junho e julho, (ante o consenso de 0.25 nesses dois meses), al\u00e9m de tr\u00eas de 0,25 pp,, at\u00e9 uma taxa terminal de 8,5%.<\/p>\n\n\n\t<p>\n\t\t<a href=\"https:\/\/lp.suno.com.br\/ebook-gratuito-investindo-no-exterior\/\" target=\"_blank\" data-element=\"shortcode-suno-banner\" title=\"Banner SUNO, clique e saiba mais\">\n\t\t\t<picture>\n\t\t\t\t<source media=\"(max-width: 500px)\" srcset=\"https:\/\/files.sunoresearch.com.br\/n\/uploads\/2023\/03\/400x300-Investindo-no-exterior.png\">\n\t\t\t\t<img class=\"newsContent__article__imgCapa newsContent__article__imgCapa--banner\"\n\t\t\t\t\tsrc=\"https:\/\/files.sunoresearch.com.br\/n\/uploads\/2023\/03\/1420x240-Investindo-no-exterior.png\"\n\t\t\t\t\tdata-promo-id=\"383161\"\t\t\t\t\t\t\t\t\t\twidth='1420' height='240'\t\t\t\t\talt=\"https:\/\/files.sunoresearch.com.br\/n\/uploads\/2023\/03\/1420x240-Investindo-no-exterior.png\"\n\t\t\t\t>\n\t\t\t<\/picture>\n\t\t<\/a>\n\t<\/p>\n\n\n\n\n\n<h2 class=\"wp-block-heading\">Selic: comit\u00ea faz 6\u00ba corte seguido na taxa b\u00e1sica de juros<\/h2>\n\n\n\n<p>No dia 20 de mar\u00e7o, o <strong>Copom <\/strong>optou por diminuir a Selic em 0,5 ponto percentual. Com isso, a <a class=\"suno-keyword\" target=\"_blank\" data-force=\"no\" data-priority=\"1\" href=\"https:\/\/www.suno.com.br\/artigos\/taxa-de-juros\/\" rel=\"noopener\">taxa b\u00e1sica de juros<\/a> passou de 11,25% ao ano para 10,75% ao ano. A decis\u00e3o foi un\u00e2nime.<\/p>\n\n\n\n<p>Esse foi o sexto corte consecutivo na <strong>taxa b\u00e1sica de juros<\/strong>, que come\u00e7ou a baixar em agosto de 2023. No in\u00edcio do ciclo de redu\u00e7\u00f5es, a Selic estava em 13,75% ao ano. Desde ent\u00e3o, o comit\u00ea tem diminu\u00eddo a Selic na mesma propor\u00e7\u00e3o: 0,5 ponto percentual em cada reuni\u00e3o.<\/p>\n\n\n\n<p>Especialistas em economia acreditam que a previs\u00e3o \u00e9 de que a <strong>taxa de juros<\/strong> siga em queda ao longo deste ano e termine 2024 em 9% ao ano.<\/p>\n\n\n\n<p>O Copom<strong> <\/strong>\u00e9 composto pelo presidente do Banco Central, <a class=\"suno-keyword\" data-force=\"no\" data-priority=\"2\" href=\"https:\/\/www.suno.com.br\/tudo-sobre\/roberto-campos-neto\/\" target=\"_blank\" rel=\"noopener\">Roberto Campos Neto<\/a>, e por oito diretores da institui\u00e7\u00e3o. A <strong>Selic<\/strong> \u00e9 o principal mecanismo de pol\u00edtica monet\u00e1ria utilizado pelo BC para regular a infla\u00e7\u00e3o. A taxa impacta todos os juros do pa\u00eds, incluindo os de empr\u00e9stimos, financiamentos e investimentos financeiros.<\/p>\n\n\n\t<p>\n\t\t<a href=\"https:\/\/lp.suno.com.br\/planilha-da-vida-financeira\/\" target=\"_blank\" data-element=\"shortcode-suno-banner\" title=\"Banner SUNO, clique e saiba mais\">\n\t\t\t<picture>\n\t\t\t\t<source media=\"(max-width: 500px)\" srcset=\"https:\/\/files.sunoresearch.com.br\/n\/uploads\/2023\/04\/400x300-Planilha-vida-financeira-true.png\">\n\t\t\t\t<img class=\"newsContent__article__imgCapa newsContent__article__imgCapa--banner\"\n\t\t\t\t\tsrc=\"https:\/\/files.sunoresearch.com.br\/n\/uploads\/2023\/04\/1420x240-Planilha-vida-financeira-true.png\"\n\t\t\t\t\tdata-promo-id=\"383123\"\t\t\t\t\t\t\t\t\t\twidth='1420' height='240'\t\t\t\t\talt=\"https:\/\/files.sunoresearch.com.br\/n\/uploads\/2023\/04\/1420x240-Planilha-vida-financeira-true.png\"\n\t\t\t\t>\n\t\t\t<\/picture>\n\t\t<\/a>\n\t<\/p>\n\n\n","protected":false},"excerpt":{"rendered":"<p>O UBS BB revisou sua proje\u00e7\u00e3o para a taxa terminal da Selic para 8,5% em dezembro, percentual abaixo do consenso de mercado, que precifica a taxa b\u00e1sica de juros em 9,5%. A mudan\u00e7a na proje\u00e7\u00e3o da UBS ocorre ap\u00f3s a divulga\u00e7\u00e3o da ata da reuni\u00e3o do Comit\u00ea de Pol\u00edtica Monet\u00e1ria (Copom) em mar\u00e7o e do [&hellip;]<\/p>\n","protected":false},"author":345,"featured_media":402006,"comment_status":"closed","ping_status":"closed","sticky":false,"template":"","format":"standard","meta":[],"categories":[60],"tags":[1104,1752,290],"suno_strategy":[],"class_list":["post-540627","post","type-post","status-publish","format-standard","has-post-thumbnail","hentry","category-mercado","tag-copom","tag-taxa-de-juros","tag-taxa-selic"],"yoast_head":"<!-- This site is optimized with the Yoast SEO plugin v24.4 - https:\/\/yoast.com\/wordpress\/plugins\/seo\/ -->\n<title>UBS BB projeta taxa Selic a 8,5% no fim do ano<\/title>\n<meta name=\"description\" content=\"Na contram\u00e3o do Comit\u00ea de Pol\u00edtica Monet\u00e1ria (Copom), a UBS BB revisou sua proje\u00e7\u00e3o para a taxa terminal da Selic para 8,5%.\" \/>\n<meta name=\"robots\" content=\"index, follow, max-snippet:-1, max-image-preview:large, max-video-preview:-1\" \/>\n<link rel=\"canonical\" href=\"https:\/\/www.suno.com.br\/noticias\/copom-ubsbb-selic-taxa-juros-projecao-mm\/\" \/>\n<meta property=\"og:locale\" content=\"pt_BR\" \/>\n<meta property=\"og:type\" content=\"article\" \/>\n<meta property=\"og:title\" content=\"UBS BB projeta taxa Selic a 8,5% no fim do ano\" \/>\n<meta property=\"og:description\" content=\"Na contram\u00e3o do Comit\u00ea de Pol\u00edtica Monet\u00e1ria (Copom), a UBS BB revisou sua proje\u00e7\u00e3o para a taxa terminal da Selic para 8,5%.\" \/>\n<meta property=\"og:url\" content=\"https:\/\/www.suno.com.br\/noticias\/copom-ubsbb-selic-taxa-juros-projecao-mm\/\" \/>\n<meta property=\"og:site_name\" content=\"Suno Not\u00edcias\" \/>\n<meta property=\"article:publisher\" content=\"https:\/\/facebook.com\/sunoresearch\" \/>\n<meta property=\"og:image\" content=\"https:\/\/files.sunoresearch.com.br\/n\/uploads\/2023\/05\/agenda-copom-natura-ntco3-braskem-cpi-eua.jpg\" \/>\n\t<meta property=\"og:image:width\" content=\"1200\" \/>\n\t<meta property=\"og:image:height\" content=\"800\" \/>\n\t<meta property=\"og:image:type\" content=\"image\/jpeg\" \/>\n<meta name=\"author\" content=\"Murilo Melo\" \/>\n<meta name=\"twitter:card\" content=\"summary_large_image\" \/>\n<meta name=\"twitter:creator\" content=\"@sunoresearch\" \/>\n<meta name=\"twitter:site\" content=\"@sunoresearch\" \/>\n<meta name=\"twitter:label1\" content=\"Escrito por\" \/>\n\t<meta name=\"twitter:data1\" content=\"Murilo Melo\" \/>\n\t<meta name=\"twitter:label2\" content=\"Est. tempo de leitura\" \/>\n\t<meta name=\"twitter:data2\" content=\"4 minutos\" \/>\n<script type=\"application\/ld+json\" class=\"yoast-schema-graph\">{\"@context\":\"https:\/\/schema.org\",\"@graph\":[{\"@type\":\"NewsArticle\",\"@id\":\"https:\/\/www.suno.com.br\/noticias\/copom-ubsbb-selic-taxa-juros-projecao-mm\/#article\",\"isPartOf\":{\"@id\":\"https:\/\/www.suno.com.br\/noticias\/copom-ubsbb-selic-taxa-juros-projecao-mm\/\"},\"author\":{\"name\":\"Murilo Melo\",\"@id\":\"https:\/\/www.suno.com.br\/noticias\/#\/schema\/person\/32d4feb215afe4b317d446bb442400dd\"},\"headline\":\"Selic: UBS BB projeta taxa de juros a 8,5%, abaixo da expectativa do mercado\",\"datePublished\":\"2024-04-03T23:20:45+00:00\",\"dateModified\":\"2024-04-03T23:29:18+00:00\",\"mainEntityOfPage\":{\"@id\":\"https:\/\/www.suno.com.br\/noticias\/copom-ubsbb-selic-taxa-juros-projecao-mm\/\"},\"wordCount\":633,\"publisher\":{\"@id\":\"https:\/\/www.suno.com.br\/noticias\/#organization\"},\"image\":{\"@id\":\"https:\/\/www.suno.com.br\/noticias\/copom-ubsbb-selic-taxa-juros-projecao-mm\/#primaryimage\"},\"thumbnailUrl\":\"https:\/\/files.sunoresearch.com.br\/n\/uploads\/2023\/05\/agenda-copom-natura-ntco3-braskem-cpi-eua.jpg\",\"keywords\":[\"Copom\",\"taxa de juros\",\"Taxa Selic\"],\"articleSection\":[\"Mercado\"],\"inLanguage\":\"pt-BR\"},{\"@type\":\"WebPage\",\"@id\":\"https:\/\/www.suno.com.br\/noticias\/copom-ubsbb-selic-taxa-juros-projecao-mm\/\",\"url\":\"https:\/\/www.suno.com.br\/noticias\/copom-ubsbb-selic-taxa-juros-projecao-mm\/\",\"name\":\"UBS BB projeta taxa Selic a 8,5% no fim do ano\",\"isPartOf\":{\"@id\":\"https:\/\/www.suno.com.br\/noticias\/#website\"},\"primaryImageOfPage\":{\"@id\":\"https:\/\/www.suno.com.br\/noticias\/copom-ubsbb-selic-taxa-juros-projecao-mm\/#primaryimage\"},\"image\":{\"@id\":\"https:\/\/www.suno.com.br\/noticias\/copom-ubsbb-selic-taxa-juros-projecao-mm\/#primaryimage\"},\"thumbnailUrl\":\"https:\/\/files.sunoresearch.com.br\/n\/uploads\/2023\/05\/agenda-copom-natura-ntco3-braskem-cpi-eua.jpg\",\"datePublished\":\"2024-04-03T23:20:45+00:00\",\"dateModified\":\"2024-04-03T23:29:18+00:00\",\"description\":\"Na contram\u00e3o do Comit\u00ea de Pol\u00edtica Monet\u00e1ria (Copom), a UBS BB revisou sua proje\u00e7\u00e3o para a taxa terminal da Selic para 8,5%.\",\"breadcrumb\":{\"@id\":\"https:\/\/www.suno.com.br\/noticias\/copom-ubsbb-selic-taxa-juros-projecao-mm\/#breadcrumb\"},\"inLanguage\":\"pt-BR\",\"potentialAction\":[{\"@type\":\"ReadAction\",\"target\":[\"https:\/\/www.suno.com.br\/noticias\/copom-ubsbb-selic-taxa-juros-projecao-mm\/\"]}]},{\"@type\":\"ImageObject\",\"inLanguage\":\"pt-BR\",\"@id\":\"https:\/\/www.suno.com.br\/noticias\/copom-ubsbb-selic-taxa-juros-projecao-mm\/#primaryimage\",\"url\":\"https:\/\/files.sunoresearch.com.br\/n\/uploads\/2023\/05\/agenda-copom-natura-ntco3-braskem-cpi-eua.jpg\",\"contentUrl\":\"https:\/\/files.sunoresearch.com.br\/n\/uploads\/2023\/05\/agenda-copom-natura-ntco3-braskem-cpi-eua.jpg\",\"width\":1200,\"height\":800,\"caption\":\"Reuni\u00e3o do Copom - Foto: Copom \/Divulga\u00e7\u00e3o\"},{\"@type\":\"BreadcrumbList\",\"@id\":\"https:\/\/www.suno.com.br\/noticias\/copom-ubsbb-selic-taxa-juros-projecao-mm\/#breadcrumb\",\"itemListElement\":[{\"@type\":\"ListItem\",\"position\":1,\"name\":\"Not\u00edcias\",\"item\":\"https:\/\/www.suno.com.br\/noticias\/\"},{\"@type\":\"ListItem\",\"position\":2,\"name\":\"Mercado\",\"item\":\"https:\/\/www.suno.com.br\/noticias\/mercado\/\"},{\"@type\":\"ListItem\",\"position\":3,\"name\":\"Selic: UBS BB projeta taxa de juros a 8,5%, abaixo da expectativa do mercado\"}]},{\"@type\":\"WebSite\",\"@id\":\"https:\/\/www.suno.com.br\/noticias\/#website\",\"url\":\"https:\/\/www.suno.com.br\/noticias\/\",\"name\":\"Suno Not\u00edcias\",\"description\":\"Seu portal de informa\u00e7\u00e3o sobre o mundo dos investimentos\",\"publisher\":{\"@id\":\"https:\/\/www.suno.com.br\/noticias\/#organization\"},\"potentialAction\":[{\"@type\":\"SearchAction\",\"target\":{\"@type\":\"EntryPoint\",\"urlTemplate\":\"https:\/\/www.suno.com.br\/noticias\/?s={search_term_string}\"},\"query-input\":{\"@type\":\"PropertyValueSpecification\",\"valueRequired\":true,\"valueName\":\"search_term_string\"}}],\"inLanguage\":\"pt-BR\"},{\"@type\":\"Organization\",\"@id\":\"https:\/\/www.suno.com.br\/noticias\/#organization\",\"name\":\"Suno Not\u00edcias\",\"url\":\"https:\/\/www.suno.com.br\/noticias\/\",\"logo\":{\"@type\":\"ImageObject\",\"inLanguage\":\"pt-BR\",\"@id\":\"https:\/\/www.suno.com.br\/noticias\/#\/schema\/logo\/image\/\",\"url\":\"https:\/\/files.sunoresearch.com.br\/n\/uploads\/2021\/09\/suno-logo.png\",\"contentUrl\":\"https:\/\/files.sunoresearch.com.br\/n\/uploads\/2021\/09\/suno-logo.png\",\"width\":180,\"height\":180,\"caption\":\"Suno Not\u00edcias\"},\"image\":{\"@id\":\"https:\/\/www.suno.com.br\/noticias\/#\/schema\/logo\/image\/\"},\"sameAs\":[\"https:\/\/facebook.com\/sunoresearch\",\"https:\/\/x.com\/sunoresearch\",\"https:\/\/www.instagram.com\/suno\",\"https:\/\/www.linkedin.com\/company\/suno-research\/\",\"https:\/\/www.youtube.com\/c\/sunoresearch\"]},{\"@type\":\"Person\",\"@id\":\"https:\/\/www.suno.com.br\/noticias\/#\/schema\/person\/32d4feb215afe4b317d446bb442400dd\",\"name\":\"Murilo Melo\",\"image\":{\"@type\":\"ImageObject\",\"inLanguage\":\"pt-BR\",\"@id\":\"https:\/\/www.suno.com.br\/noticias\/#\/schema\/person\/image\/\",\"url\":\"https:\/\/secure.gravatar.com\/avatar\/af7a693198b592028493c0e8b0583d4f?s=96&r=g\",\"contentUrl\":\"https:\/\/secure.gravatar.com\/avatar\/af7a693198b592028493c0e8b0583d4f?s=96&r=g\",\"caption\":\"Murilo Melo\"},\"description\":\"\u00c9 um jornalista e letr\u00f3logo com vasta experi\u00eancia em economia, finan\u00e7as e mercado. J\u00e1 foi rep\u00f3rter de jornais, revistas e sites noticiosos como A Tarde, Correio e Folha de S.Paulo. No Suno Not\u00edcias, escreve sobre neg\u00f3cios\",\"url\":\"https:\/\/www.suno.com.br\/noticias\/author\/murilomelo-jornalismogmail-com\/\"}]}<\/script>\n<!-- \/ Yoast SEO plugin. -->","yoast_head_json":{"title":"UBS BB projeta taxa Selic a 8,5% no fim do ano","description":"Na contram\u00e3o do Comit\u00ea de Pol\u00edtica Monet\u00e1ria (Copom), a UBS BB revisou sua proje\u00e7\u00e3o para a taxa terminal da Selic para 8,5%.","robots":{"index":"index","follow":"follow","max-snippet":"max-snippet:-1","max-image-preview":"max-image-preview:large","max-video-preview":"max-video-preview:-1"},"canonical":"https:\/\/www.suno.com.br\/noticias\/copom-ubsbb-selic-taxa-juros-projecao-mm\/","og_locale":"pt_BR","og_type":"article","og_title":"UBS BB projeta taxa Selic a 8,5% no fim do ano","og_description":"Na contram\u00e3o do Comit\u00ea de Pol\u00edtica Monet\u00e1ria (Copom), a UBS BB revisou sua proje\u00e7\u00e3o para a taxa terminal da Selic para 8,5%.","og_url":"https:\/\/www.suno.com.br\/noticias\/copom-ubsbb-selic-taxa-juros-projecao-mm\/","og_site_name":"Suno Not\u00edcias","article_publisher":"https:\/\/facebook.com\/sunoresearch","og_image":[{"width":1200,"height":800,"url":"https:\/\/files.sunoresearch.com.br\/n\/uploads\/2023\/05\/agenda-copom-natura-ntco3-braskem-cpi-eua.jpg","type":"image\/jpeg"}],"author":"Murilo Melo","twitter_card":"summary_large_image","twitter_creator":"@sunoresearch","twitter_site":"@sunoresearch","twitter_misc":{"Escrito por":"Murilo Melo","Est. tempo de leitura":"4 minutos"},"schema":{"@context":"https:\/\/schema.org","@graph":[{"@type":"NewsArticle","@id":"https:\/\/www.suno.com.br\/noticias\/copom-ubsbb-selic-taxa-juros-projecao-mm\/#article","isPartOf":{"@id":"https:\/\/www.suno.com.br\/noticias\/copom-ubsbb-selic-taxa-juros-projecao-mm\/"},"author":{"name":"Murilo Melo","@id":"https:\/\/www.suno.com.br\/noticias\/#\/schema\/person\/32d4feb215afe4b317d446bb442400dd"},"headline":"Selic: UBS BB projeta taxa de juros a 8,5%, abaixo da expectativa do mercado","datePublished":"2024-04-03T23:20:45+00:00","dateModified":"2024-04-03T23:29:18+00:00","mainEntityOfPage":{"@id":"https:\/\/www.suno.com.br\/noticias\/copom-ubsbb-selic-taxa-juros-projecao-mm\/"},"wordCount":633,"publisher":{"@id":"https:\/\/www.suno.com.br\/noticias\/#organization"},"image":{"@id":"https:\/\/www.suno.com.br\/noticias\/copom-ubsbb-selic-taxa-juros-projecao-mm\/#primaryimage"},"thumbnailUrl":"https:\/\/files.sunoresearch.com.br\/n\/uploads\/2023\/05\/agenda-copom-natura-ntco3-braskem-cpi-eua.jpg","keywords":["Copom","taxa de juros","Taxa Selic"],"articleSection":["Mercado"],"inLanguage":"pt-BR"},{"@type":"WebPage","@id":"https:\/\/www.suno.com.br\/noticias\/copom-ubsbb-selic-taxa-juros-projecao-mm\/","url":"https:\/\/www.suno.com.br\/noticias\/copom-ubsbb-selic-taxa-juros-projecao-mm\/","name":"UBS BB projeta taxa Selic a 8,5% no fim do ano","isPartOf":{"@id":"https:\/\/www.suno.com.br\/noticias\/#website"},"primaryImageOfPage":{"@id":"https:\/\/www.suno.com.br\/noticias\/copom-ubsbb-selic-taxa-juros-projecao-mm\/#primaryimage"},"image":{"@id":"https:\/\/www.suno.com.br\/noticias\/copom-ubsbb-selic-taxa-juros-projecao-mm\/#primaryimage"},"thumbnailUrl":"https:\/\/files.sunoresearch.com.br\/n\/uploads\/2023\/05\/agenda-copom-natura-ntco3-braskem-cpi-eua.jpg","datePublished":"2024-04-03T23:20:45+00:00","dateModified":"2024-04-03T23:29:18+00:00","description":"Na contram\u00e3o do Comit\u00ea de Pol\u00edtica Monet\u00e1ria (Copom), a UBS BB revisou sua proje\u00e7\u00e3o para a taxa terminal da Selic para 8,5%.","breadcrumb":{"@id":"https:\/\/www.suno.com.br\/noticias\/copom-ubsbb-selic-taxa-juros-projecao-mm\/#breadcrumb"},"inLanguage":"pt-BR","potentialAction":[{"@type":"ReadAction","target":["https:\/\/www.suno.com.br\/noticias\/copom-ubsbb-selic-taxa-juros-projecao-mm\/"]}]},{"@type":"ImageObject","inLanguage":"pt-BR","@id":"https:\/\/www.suno.com.br\/noticias\/copom-ubsbb-selic-taxa-juros-projecao-mm\/#primaryimage","url":"https:\/\/files.sunoresearch.com.br\/n\/uploads\/2023\/05\/agenda-copom-natura-ntco3-braskem-cpi-eua.jpg","contentUrl":"https:\/\/files.sunoresearch.com.br\/n\/uploads\/2023\/05\/agenda-copom-natura-ntco3-braskem-cpi-eua.jpg","width":1200,"height":800,"caption":"Reuni\u00e3o do Copom - Foto: Copom \/Divulga\u00e7\u00e3o"},{"@type":"BreadcrumbList","@id":"https:\/\/www.suno.com.br\/noticias\/copom-ubsbb-selic-taxa-juros-projecao-mm\/#breadcrumb","itemListElement":[{"@type":"ListItem","position":1,"name":"Not\u00edcias","item":"https:\/\/www.suno.com.br\/noticias\/"},{"@type":"ListItem","position":2,"name":"Mercado","item":"https:\/\/www.suno.com.br\/noticias\/mercado\/"},{"@type":"ListItem","position":3,"name":"Selic: UBS BB projeta taxa de juros a 8,5%, abaixo da expectativa do mercado"}]},{"@type":"WebSite","@id":"https:\/\/www.suno.com.br\/noticias\/#website","url":"https:\/\/www.suno.com.br\/noticias\/","name":"Suno Not\u00edcias","description":"Seu portal de informa\u00e7\u00e3o sobre o mundo dos investimentos","publisher":{"@id":"https:\/\/www.suno.com.br\/noticias\/#organization"},"potentialAction":[{"@type":"SearchAction","target":{"@type":"EntryPoint","urlTemplate":"https:\/\/www.suno.com.br\/noticias\/?s={search_term_string}"},"query-input":{"@type":"PropertyValueSpecification","valueRequired":true,"valueName":"search_term_string"}}],"inLanguage":"pt-BR"},{"@type":"Organization","@id":"https:\/\/www.suno.com.br\/noticias\/#organization","name":"Suno Not\u00edcias","url":"https:\/\/www.suno.com.br\/noticias\/","logo":{"@type":"ImageObject","inLanguage":"pt-BR","@id":"https:\/\/www.suno.com.br\/noticias\/#\/schema\/logo\/image\/","url":"https:\/\/files.sunoresearch.com.br\/n\/uploads\/2021\/09\/suno-logo.png","contentUrl":"https:\/\/files.sunoresearch.com.br\/n\/uploads\/2021\/09\/suno-logo.png","width":180,"height":180,"caption":"Suno Not\u00edcias"},"image":{"@id":"https:\/\/www.suno.com.br\/noticias\/#\/schema\/logo\/image\/"},"sameAs":["https:\/\/facebook.com\/sunoresearch","https:\/\/x.com\/sunoresearch","https:\/\/www.instagram.com\/suno","https:\/\/www.linkedin.com\/company\/suno-research\/","https:\/\/www.youtube.com\/c\/sunoresearch"]},{"@type":"Person","@id":"https:\/\/www.suno.com.br\/noticias\/#\/schema\/person\/32d4feb215afe4b317d446bb442400dd","name":"Murilo Melo","image":{"@type":"ImageObject","inLanguage":"pt-BR","@id":"https:\/\/www.suno.com.br\/noticias\/#\/schema\/person\/image\/","url":"https:\/\/secure.gravatar.com\/avatar\/af7a693198b592028493c0e8b0583d4f?s=96&r=g","contentUrl":"https:\/\/secure.gravatar.com\/avatar\/af7a693198b592028493c0e8b0583d4f?s=96&r=g","caption":"Murilo Melo"},"description":"\u00c9 um jornalista e letr\u00f3logo com vasta experi\u00eancia em economia, finan\u00e7as e mercado. J\u00e1 foi rep\u00f3rter de jornais, revistas e sites noticiosos como A Tarde, Correio e Folha de S.Paulo. No Suno Not\u00edcias, escreve sobre neg\u00f3cios","url":"https:\/\/www.suno.com.br\/noticias\/author\/murilomelo-jornalismogmail-com\/"}]}},"default_loop_html":"<div class=\"cardsPage__listCard__boxs\"><div class=\"cardsPage__listCard__boxs__img\"><a href=\"https:\/\/www.suno.com.br\/noticias\/copom-ubsbb-selic-taxa-juros-projecao-mm\/\"><img class=\"mask\" src=\"https:\/\/www.suno.com.br\/noticias\/wp-content\/themes\/suno\/resources\/images\/spotlight\/spotlight1img\/bg-mask.png\" alt=\"Image Mask\"\/><img src=\"https:\/\/files.sunoresearch.com.br\/n\/uploads\/2023\/05\/agenda-copom-natura-ntco3-braskem-cpi-eua-400x200.jpg\" alt=\"Selic: UBS BB projeta taxa de juros a 8,5%, abaixo da expectativa do mercado\"\/><\/a><span class=\"spotlightCategory\"><a href=\"https:\/\/www.suno.com.br\/noticias\/mercado\/\">Mercado<\/a><\/span><\/div><div class=\"cardsPage__listCard__boxs__content\"><a href=\"https:\/\/www.suno.com.br\/noticias\/copom-ubsbb-selic-taxa-juros-projecao-mm\/\"><h2 class=\"content__title\">Selic: UBS BB projeta taxa de juros a 8,5%, abaixo da expectativa do mercado<\/h2><\/a><div class=\"newsContent__article__meta\"><div class=\"newsContent__article__meta__authorBox\"><a href=\"https:\/\/www.suno.com.br\/noticias\/author\/murilomelo-jornalismogmail-com\/\" class=\"authorBox__avatar noMobi\"><img src=\"https:\/\/files.sunoresearch.com.br\/n\/uploads\/2024\/02\/Murilo_Melo_Jornalista-e1708476456132-150x150.jpeg\" alt=\"Murilo Melo\"><\/a><div class=\"authorBox__name\"><span>por\n\t\t\t<a href=\"https:\/\/www.suno.com.br\/noticias\/author\/murilomelo-jornalismogmail-com\/\"><span itemprop=\"author\">Murilo Melo<\/span><\/a><\/span><time datetime=\"2024-04-03T20:20:45-03:00\" itemprop=\"datePublished\">03\/04\/2024 20:20<\/time><\/div><\/div><\/div><\/div><\/div>","single_layout":"posts","amp_enabled":true,"_links":{"self":[{"href":"https:\/\/www.suno.com.br\/noticias\/wp-json\/wp\/v2\/posts\/540627"}],"collection":[{"href":"https:\/\/www.suno.com.br\/noticias\/wp-json\/wp\/v2\/posts"}],"about":[{"href":"https:\/\/www.suno.com.br\/noticias\/wp-json\/wp\/v2\/types\/post"}],"author":[{"embeddable":true,"href":"https:\/\/www.suno.com.br\/noticias\/wp-json\/wp\/v2\/users\/345"}],"replies":[{"embeddable":true,"href":"https:\/\/www.suno.com.br\/noticias\/wp-json\/wp\/v2\/comments?post=540627"}],"version-history":[{"count":3,"href":"https:\/\/www.suno.com.br\/noticias\/wp-json\/wp\/v2\/posts\/540627\/revisions"}],"predecessor-version":[{"id":540660,"href":"https:\/\/www.suno.com.br\/noticias\/wp-json\/wp\/v2\/posts\/540627\/revisions\/540660"}],"wp:featuredmedia":[{"embeddable":true,"href":"https:\/\/www.suno.com.br\/noticias\/wp-json\/wp\/v2\/media\/402006"}],"wp:attachment":[{"href":"https:\/\/www.suno.com.br\/noticias\/wp-json\/wp\/v2\/media?parent=540627"}],"wp:term":[{"taxonomy":"category","embeddable":true,"href":"https:\/\/www.suno.com.br\/noticias\/wp-json\/wp\/v2\/categories?post=540627"},{"taxonomy":"post_tag","embeddable":true,"href":"https:\/\/www.suno.com.br\/noticias\/wp-json\/wp\/v2\/tags?post=540627"},{"taxonomy":"suno_strategy","embeddable":true,"href":"https:\/\/www.suno.com.br\/noticias\/wp-json\/wp\/v2\/suno_strategy?post=540627"}],"curies":[{"name":"wp","href":"https:\/\/api.w.org\/{rel}","templated":true}]}}