{"id":540598,"date":"2024-04-03T19:02:13","date_gmt":"2024-04-03T22:02:13","guid":{"rendered":"https:\/\/www.suno.com.br\/noticias\/?p=540598"},"modified":"2024-04-03T19:02:16","modified_gmt":"2024-04-03T22:02:16","slug":"dolar-recua-falas-powell","status":"publish","type":"post","link":"https:\/\/www.suno.com.br\/noticias\/dolar-recua-falas-powell\/","title":{"rendered":"D\u00f3lar recua 0,35% com fala de Powell no radar"},"content":{"rendered":"<p>O<strong> d\u00f3lar<\/strong> \u00e0 vista perdeu f\u00f4lego ao longo da tarde em meio a declara\u00e7\u00f5es do presidente do Federal Reserve, <a class=\"suno-keyword\" target=\"_blank\" data-force=\"no\" data-priority=\"2\" href=\"https:\/\/www.suno.com.br\/tudo-sobre\/jerome-powell\/\" rel=\"noopener\">Jerome Powell<\/a>, e encerrou a sess\u00e3o desta quarta-feira, 3, em baixa de 0,35%, cotado a R$ 5,0405, com m\u00ednima a R$ 5,0368. Pela manh\u00e3, a divisa operou descolada do sinal predominante de baixa da moeda americana no exterior e se aproximou R$ 5,10 na m\u00e1xima (R$ 5,0918), com relatos de sa\u00eddas de recursos do mercado dom\u00e9stico.<\/p>\t<div class=\"wrapper-featured-image\">\n\t\t<figure class=\"spotlightImg\">\n\n\t\t\t<picture>\n\t\t\t\t<source media=\"(max-width: 768px)\" srcset=\"https:\/\/files.sunoresearch.com.br\/n\/uploads\/2023\/10\/adam-nir-wTO6MWpMrJk-unsplash-400x200.jpg\">\n\t\t\t\t<img loading=\"lazy\" decoding=\"async\" class=\"newsContent__article__imgCapa lazyloadDisabled \" src=\"https:\/\/files.sunoresearch.com.br\/n\/uploads\/2023\/10\/adam-nir-wTO6MWpMrJk-unsplash-800x450.jpg\" width=\"800\" height=\"450\" alt=\"D\u00f3lar recua 0,35% com fala de Powell no radar\" fetchpriority=high \/>\n\t\t\t<\/picture>\n\n\t\t\t<figcaption class=\"wp-caption-text wp-caption-text--show\">D\u00f3lar. Foto: Unsplash.<\/figcaption>\n\t\t<\/figure>\n\t<\/div>\n\n\n\n\n\n\t<p>\n\t\t<a href=\"\" target=\"_blank\" data-element=\"shortcode-suno-banner\" title=\"Banner SUNO, clique e saiba mais\">\n\t\t\t<picture>\n\t\t\t\t<source media=\"(max-width: 500px)\" srcset=\"\">\n\t\t\t\t<img class=\"newsContent__article__imgCapa newsContent__article__imgCapa--banner\"\n\t\t\t\t\tsrc=\"\"\n\t\t\t\t\tdata-promo-id=\"240038\"\t\t\t\t\t\t\t\t\t\t\t\t\t\t\talt=\"\"\n\t\t\t\t>\n\t\t\t<\/picture>\n\t\t<\/a>\n\t<\/p>\n\n\n\n\n\n\n\n<p>Powell desfez parte do mau humor que reinou pela manh\u00e3 com a divulga\u00e7\u00e3o dados fortes do mercado de trabalho americano. Relat\u00f3rio ADP mostrou cria\u00e7\u00e3o de 184 mil vagas no setor privado americano em mar\u00e7o, bem acima do esperado (150 mil) &#8211; o que levou as taxas dos Treasuries aos maiores n\u00edveis desde novembro de 2023, com a T-note de 10 anos tocando 4,42% na m\u00e1xima.<\/p>\n\n\n\n<p>As taxas longas dos Treasuries desaceleraram com a fala de Powell e o retorno da T-note de 2 anos &#8211; mais ligada \u00e0s expectativas para o rumo da <a class=\"suno-keyword\" target=\"_blank\" data-force=\"no\" data-priority=\"2\" href=\"https:\/\/www.suno.com.br\/artigos\/juros\/\" rel=\"noopener\">taxa de juros<\/a> no <a class=\"suno-keyword\" target=\"_blank\" data-force=\"no\" data-priority=\"1\" href=\"https:\/\/www.suno.com.br\/artigos\/curto-prazo\/\" rel=\"noopener\">curto prazo<\/a> &#8211; passou a cair. J\u00e1 em baixa pela manh\u00e3, o <a class=\"suno-keyword\" target=\"_blank\" data-force=\"no\" data-priority=\"1\" href=\"https:\/\/www.suno.com.br\/artigos\/dxy\/\" rel=\"noopener\">\u00edndice DXY<\/a> &#8211; que mede o <strong>desempenho do d\u00f3lar<\/strong> em rela\u00e7\u00e3o a uma cesta de seis divisas fortes &#8211; acelerou a queda e tocou m\u00ednima aos 104,231 pontos.<\/p>\n\n\n\n<p>O <strong>real <\/strong>&#8211; que ontem amargou o pior desempenho entre pares &#8211; hoje se recuperou, apresentando o segundo maior ganho em rela\u00e7\u00e3o ao d\u00f3lar entre as divisas latino-americanas. A lideran\u00e7a ficou com o peso chileno, que exibiu alta superior a 2%, gra\u00e7as \u00e0 escalada da cota\u00e7\u00e3o do cobre para o maior n\u00edvel em um ano e \u00e0 decis\u00e3o do BC chileno ontem de reduzir o ritmo de cortes de juros.<\/p>\n\n\n\n<h2 class=\"wp-block-heading\">D\u00f3lar e fala de Powell<\/h2>\n\n\n\n<p>&#8220;A fala de Powell n\u00e3o trouxe nada de muito novo, mas o mercado estava estressado com a pesquisa ADP. O mercado de trabalho americano continua aquecido e a expectativa \u00e9 que o payroll venha forte na sexta-feira, voltando a pressionar o d\u00f3lar&#8221;, afirma o economista Andr\u00e9 Galhardo, consultor econ\u00f4mico da Remessa Online, para quem a taxa de c\u00e2mbio deve permanecer acima do n\u00edvel de R$ 5,00. &#8220;N\u00e3o vejo uma desvaloriza\u00e7\u00e3o grande do real, mas o quadro \u00e9 de cautela com o exterior. A alta do petr\u00f3leo pode pressionar a infla\u00e7\u00e3o americana em abril.&#8221;<\/p>\n\n\n\n<p>Em discurso na Universidade de Stanford, o <strong>presidente do Fed<\/strong> reiterou que a <a class=\"suno-keyword\" target=\"_blank\" data-force=\"no\" data-priority=\"2\" href=\"https:\/\/www.suno.com.br\/artigos\/juros\/\" rel=\"noopener\">taxa de juros<\/a> j\u00e1 atingiu seu pico e que a maioria dos integrantes do Comit\u00ea Federal de Mercado Aberto (Fomc, na sigla em ingl\u00eas) espera que os juros comecem a cair em algum momento neste ano. Mais uma vez, Powell afirmou que o Fed est\u00e1 no modo &#8220;data dependente&#8221; e que necessita de &#8220;mais confian\u00e7a&#8221; no processo de desinfla\u00e7\u00e3o para come\u00e7ar a cortar a taxa b\u00e1sica.<\/p>\n\n\n\t<p>\n\t\t<a href=\"https:\/\/lp.suno.com.br\/ebook-gratuito-investindo-no-exterior\/\" target=\"_blank\" data-element=\"shortcode-suno-banner\" title=\"Banner SUNO, clique e saiba mais\">\n\t\t\t<picture>\n\t\t\t\t<source media=\"(max-width: 500px)\" srcset=\"https:\/\/files.sunoresearch.com.br\/n\/uploads\/2023\/03\/400x300-Investindo-no-exterior.png\">\n\t\t\t\t<img class=\"newsContent__article__imgCapa newsContent__article__imgCapa--banner\"\n\t\t\t\t\tsrc=\"https:\/\/files.sunoresearch.com.br\/n\/uploads\/2023\/03\/1420x240-Investindo-no-exterior.png\"\n\t\t\t\t\tdata-promo-id=\"383161\"\t\t\t\t\t\t\t\t\t\twidth='1420' height='240'\t\t\t\t\talt=\"https:\/\/files.sunoresearch.com.br\/n\/uploads\/2023\/03\/1420x240-Investindo-no-exterior.png\"\n\t\t\t\t>\n\t\t\t<\/picture>\n\t\t<\/a>\n\t<\/p>\n\n\n\n\n\n<p>Por aqui, as aten\u00e7\u00f5es se voltam \u00e0 din\u00e2mica no <a class=\"suno-keyword\" target=\"_blank\" data-force=\"no\" data-priority=\"1\" href=\"https:\/\/www.suno.com.br\/artigos\/contrato-futuro\/\" rel=\"noopener\">mercado futuro<\/a>, diante da expectativa de que o Banco Central possa voltar a intervir. Investidores absorveram ontem a oferta total de US$ 1 bilh\u00e3o em swaps cambiais, que equivale \u00e0 venda de <a class=\"suno-keyword\" target=\"_blank\" data-force=\"no\" data-priority=\"1\" href=\"https:\/\/www.suno.com.br\/artigos\/dolar-futuro\/\" rel=\"noopener\">d\u00f3lar futuro<\/a>. O objetivo da opera\u00e7\u00e3o, segundo o BC, era manter o &#8220;funcionamento regular do mercado de c\u00e2mbio&#8221; em meio a resgates de NTN-A3 em 15 de abril.<\/p>\n\n\n\n<p>Quando esses t\u00edtulos vencem, os detentores podem ir ao mercado para recompor sua posi\u00e7\u00e3o, o que aumenta a demanda por compra no segmento futuro.<\/p>\n\n\n\n<p>Em evento na cidade de S\u00e3o Paulo, o presidente do Banco Central, Roberto Campos Neto, disse hoje que a oferta adiciona de swaps n\u00e3o foi provocada pelo movimento da<strong> taxa de c\u00e2mbio<\/strong>. &#8220;Est\u00e1vamos vendo que poderia ter uma disfun\u00e7\u00e3o e foi feita uma interven\u00e7\u00e3o, colocamos no texto da interven\u00e7\u00e3o isso&#8221;, disse Campos Neto, acrescentando que o BC voltar\u00e1 a atuar se houver &#8220;disfuncionalidade&#8221; no mercado.<\/p>\n\n\n\n<p>Para o consultor da Remessa Online, ao promover a oferta extra de swaps, o BC passou ao mercado o &#8220;recado&#8221; de que est\u00e1 atento \u00e0 din\u00e2mica do c\u00e2mbio e n\u00e3o vai deixar o real se descolar de seus pares. &#8220;H\u00e1 a explica\u00e7\u00e3o mais t\u00e9cnica do vencimento da NTN-A3, mas o fato \u00e9 que a cota\u00e7\u00e3o do<strong> d\u00f3lar<\/strong> saiu do corredor entre R$ 4,80 e R$ 5,00 e se estabeleceu firmemente acima de R$ 5,00&#8243;, afirma.<\/p>\n\n\n\n<p><em>Com Estad\u00e3o Conte\u00fado<\/em><\/p>\n\n\n\t<p>\n\t\t<a href=\"https:\/\/lp.suno.com.br\/planilha-da-vida-financeira\/\" target=\"_blank\" data-element=\"shortcode-suno-banner\" title=\"Banner SUNO, clique e saiba mais\">\n\t\t\t<picture>\n\t\t\t\t<source media=\"(max-width: 500px)\" srcset=\"https:\/\/files.sunoresearch.com.br\/n\/uploads\/2023\/04\/400x300-Planilha-vida-financeira-true.png\">\n\t\t\t\t<img class=\"newsContent__article__imgCapa newsContent__article__imgCapa--banner\"\n\t\t\t\t\tsrc=\"https:\/\/files.sunoresearch.com.br\/n\/uploads\/2023\/04\/1420x240-Planilha-vida-financeira-true.png\"\n\t\t\t\t\tdata-promo-id=\"383123\"\t\t\t\t\t\t\t\t\t\twidth='1420' height='240'\t\t\t\t\talt=\"https:\/\/files.sunoresearch.com.br\/n\/uploads\/2023\/04\/1420x240-Planilha-vida-financeira-true.png\"\n\t\t\t\t>\n\t\t\t<\/picture>\n\t\t<\/a>\n\t<\/p>\n\n\n","protected":false},"excerpt":{"rendered":"<p>O d\u00f3lar \u00e0 vista perdeu f\u00f4lego ao longo da tarde em meio a declara\u00e7\u00f5es do presidente do Federal Reserve, Jerome Powell, e encerrou a sess\u00e3o desta quarta-feira, 3, em baixa de 0,35%, cotado a R$ 5,0405, com m\u00ednima a R$ 5,0368. Pela manh\u00e3, a divisa operou descolada do sinal predominante de baixa da moeda americana [&hellip;]<\/p>\n","protected":false},"author":43,"featured_media":474027,"comment_status":"closed","ping_status":"closed","sticky":false,"template":"","format":"standard","meta":[],"categories":[60],"tags":[326,1852],"suno_strategy":[],"class_list":["post-540598","post","type-post","status-publish","format-standard","has-post-thumbnail","hentry","category-mercado","tag-dolar","tag-dolar-futuro"],"yoast_head":"<!-- This site is optimized with the Yoast SEO plugin v24.4 - https:\/\/yoast.com\/wordpress\/plugins\/seo\/ -->\n<title>D\u00f3lar recua 0,35% com fala de Powell no radar<\/title>\n<meta name=\"description\" content=\"O d\u00f3lar \u00e0 vista perdeu f\u00f4lego ao longo da tarde em meio a declara\u00e7\u00f5es do presidente do Federal Reserve, Jerome Powell. Entenda o que houve\" \/>\n<meta name=\"robots\" content=\"index, follow, max-snippet:-1, max-image-preview:large, max-video-preview:-1\" \/>\n<link rel=\"canonical\" href=\"https:\/\/www.suno.com.br\/noticias\/dolar-recua-falas-powell\/\" \/>\n<meta property=\"og:locale\" content=\"pt_BR\" \/>\n<meta property=\"og:type\" content=\"article\" \/>\n<meta property=\"og:title\" content=\"D\u00f3lar recua 0,35% com fala de Powell no radar\" \/>\n<meta property=\"og:description\" content=\"O d\u00f3lar \u00e0 vista perdeu f\u00f4lego ao longo da tarde em meio a declara\u00e7\u00f5es do presidente do Federal Reserve, Jerome Powell. Entenda o que houve\" \/>\n<meta property=\"og:url\" content=\"https:\/\/www.suno.com.br\/noticias\/dolar-recua-falas-powell\/\" \/>\n<meta property=\"og:site_name\" content=\"Suno Not\u00edcias\" \/>\n<meta property=\"article:publisher\" content=\"https:\/\/facebook.com\/sunoresearch\" \/>\n<meta property=\"article:author\" content=\"https:\/\/www.facebook.com\/sunonoticias\/\" \/>\n<meta property=\"og:image\" content=\"https:\/\/files.sunoresearch.com.br\/n\/uploads\/2023\/10\/adam-nir-wTO6MWpMrJk-unsplash-scaled.jpg\" \/>\n\t<meta property=\"og:image:width\" content=\"2560\" \/>\n\t<meta property=\"og:image:height\" content=\"1707\" \/>\n\t<meta property=\"og:image:type\" content=\"image\/jpeg\" \/>\n<meta name=\"author\" content=\"Reda\u00e7\u00e3o Suno Not\u00edcias\" \/>\n<meta name=\"twitter:card\" content=\"summary_large_image\" \/>\n<meta name=\"twitter:creator\" content=\"@https:\/\/twitter.com\/sunoresearch\" \/>\n<meta name=\"twitter:site\" content=\"@sunoresearch\" \/>\n<meta name=\"twitter:label1\" content=\"Escrito por\" \/>\n\t<meta name=\"twitter:data1\" content=\"Reda\u00e7\u00e3o Suno Not\u00edcias\" \/>\n\t<meta name=\"twitter:label2\" content=\"Est. tempo de leitura\" \/>\n\t<meta name=\"twitter:data2\" content=\"4 minutos\" \/>\n<script type=\"application\/ld+json\" class=\"yoast-schema-graph\">{\"@context\":\"https:\/\/schema.org\",\"@graph\":[{\"@type\":\"NewsArticle\",\"@id\":\"https:\/\/www.suno.com.br\/noticias\/dolar-recua-falas-powell\/#article\",\"isPartOf\":{\"@id\":\"https:\/\/www.suno.com.br\/noticias\/dolar-recua-falas-powell\/\"},\"author\":{\"name\":\"Reda\u00e7\u00e3o Suno Not\u00edcias\",\"@id\":\"https:\/\/www.suno.com.br\/noticias\/#\/schema\/person\/c1b1bd3727fa852bd045e9dbff3673ea\"},\"headline\":\"D\u00f3lar recua 0,35% com fala de Powell no radar\",\"datePublished\":\"2024-04-03T22:02:13+00:00\",\"dateModified\":\"2024-04-03T22:02:16+00:00\",\"mainEntityOfPage\":{\"@id\":\"https:\/\/www.suno.com.br\/noticias\/dolar-recua-falas-powell\/\"},\"wordCount\":747,\"publisher\":{\"@id\":\"https:\/\/www.suno.com.br\/noticias\/#organization\"},\"image\":{\"@id\":\"https:\/\/www.suno.com.br\/noticias\/dolar-recua-falas-powell\/#primaryimage\"},\"thumbnailUrl\":\"https:\/\/files.sunoresearch.com.br\/n\/uploads\/2023\/10\/adam-nir-wTO6MWpMrJk-unsplash-scaled.jpg\",\"keywords\":[\"d\u00f3lar\",\"d\u00f3lar futuro\"],\"articleSection\":[\"Mercado\"],\"inLanguage\":\"pt-BR\"},{\"@type\":\"WebPage\",\"@id\":\"https:\/\/www.suno.com.br\/noticias\/dolar-recua-falas-powell\/\",\"url\":\"https:\/\/www.suno.com.br\/noticias\/dolar-recua-falas-powell\/\",\"name\":\"D\u00f3lar recua 0,35% com fala de Powell no radar\",\"isPartOf\":{\"@id\":\"https:\/\/www.suno.com.br\/noticias\/#website\"},\"primaryImageOfPage\":{\"@id\":\"https:\/\/www.suno.com.br\/noticias\/dolar-recua-falas-powell\/#primaryimage\"},\"image\":{\"@id\":\"https:\/\/www.suno.com.br\/noticias\/dolar-recua-falas-powell\/#primaryimage\"},\"thumbnailUrl\":\"https:\/\/files.sunoresearch.com.br\/n\/uploads\/2023\/10\/adam-nir-wTO6MWpMrJk-unsplash-scaled.jpg\",\"datePublished\":\"2024-04-03T22:02:13+00:00\",\"dateModified\":\"2024-04-03T22:02:16+00:00\",\"description\":\"O d\u00f3lar \u00e0 vista perdeu f\u00f4lego ao longo da tarde em meio a declara\u00e7\u00f5es do presidente do Federal Reserve, Jerome Powell. Entenda o que houve\",\"breadcrumb\":{\"@id\":\"https:\/\/www.suno.com.br\/noticias\/dolar-recua-falas-powell\/#breadcrumb\"},\"inLanguage\":\"pt-BR\",\"potentialAction\":[{\"@type\":\"ReadAction\",\"target\":[\"https:\/\/www.suno.com.br\/noticias\/dolar-recua-falas-powell\/\"]}]},{\"@type\":\"ImageObject\",\"inLanguage\":\"pt-BR\",\"@id\":\"https:\/\/www.suno.com.br\/noticias\/dolar-recua-falas-powell\/#primaryimage\",\"url\":\"https:\/\/files.sunoresearch.com.br\/n\/uploads\/2023\/10\/adam-nir-wTO6MWpMrJk-unsplash-scaled.jpg\",\"contentUrl\":\"https:\/\/files.sunoresearch.com.br\/n\/uploads\/2023\/10\/adam-nir-wTO6MWpMrJk-unsplash-scaled.jpg\",\"width\":2560,\"height\":1707,\"caption\":\"D\u00f3lar. Foto: Unsplash.\"},{\"@type\":\"BreadcrumbList\",\"@id\":\"https:\/\/www.suno.com.br\/noticias\/dolar-recua-falas-powell\/#breadcrumb\",\"itemListElement\":[{\"@type\":\"ListItem\",\"position\":1,\"name\":\"Not\u00edcias\",\"item\":\"https:\/\/www.suno.com.br\/noticias\/\"},{\"@type\":\"ListItem\",\"position\":2,\"name\":\"Mercado\",\"item\":\"https:\/\/www.suno.com.br\/noticias\/mercado\/\"},{\"@type\":\"ListItem\",\"position\":3,\"name\":\"D\u00f3lar recua 0,35% com fala de Powell no radar\"}]},{\"@type\":\"WebSite\",\"@id\":\"https:\/\/www.suno.com.br\/noticias\/#website\",\"url\":\"https:\/\/www.suno.com.br\/noticias\/\",\"name\":\"Suno Not\u00edcias\",\"description\":\"Seu portal de informa\u00e7\u00e3o sobre o mundo dos investimentos\",\"publisher\":{\"@id\":\"https:\/\/www.suno.com.br\/noticias\/#organization\"},\"potentialAction\":[{\"@type\":\"SearchAction\",\"target\":{\"@type\":\"EntryPoint\",\"urlTemplate\":\"https:\/\/www.suno.com.br\/noticias\/?s={search_term_string}\"},\"query-input\":{\"@type\":\"PropertyValueSpecification\",\"valueRequired\":true,\"valueName\":\"search_term_string\"}}],\"inLanguage\":\"pt-BR\"},{\"@type\":\"Organization\",\"@id\":\"https:\/\/www.suno.com.br\/noticias\/#organization\",\"name\":\"Suno Not\u00edcias\",\"url\":\"https:\/\/www.suno.com.br\/noticias\/\",\"logo\":{\"@type\":\"ImageObject\",\"inLanguage\":\"pt-BR\",\"@id\":\"https:\/\/www.suno.com.br\/noticias\/#\/schema\/logo\/image\/\",\"url\":\"https:\/\/files.sunoresearch.com.br\/n\/uploads\/2021\/09\/suno-logo.png\",\"contentUrl\":\"https:\/\/files.sunoresearch.com.br\/n\/uploads\/2021\/09\/suno-logo.png\",\"width\":180,\"height\":180,\"caption\":\"Suno Not\u00edcias\"},\"image\":{\"@id\":\"https:\/\/www.suno.com.br\/noticias\/#\/schema\/logo\/image\/\"},\"sameAs\":[\"https:\/\/facebook.com\/sunoresearch\",\"https:\/\/x.com\/sunoresearch\",\"https:\/\/www.instagram.com\/suno\",\"https:\/\/www.linkedin.com\/company\/suno-research\/\",\"https:\/\/www.youtube.com\/c\/sunoresearch\"]},{\"@type\":\"Person\",\"@id\":\"https:\/\/www.suno.com.br\/noticias\/#\/schema\/person\/c1b1bd3727fa852bd045e9dbff3673ea\",\"name\":\"Reda\u00e7\u00e3o Suno Not\u00edcias\",\"image\":{\"@type\":\"ImageObject\",\"inLanguage\":\"pt-BR\",\"@id\":\"https:\/\/www.suno.com.br\/noticias\/#\/schema\/person\/image\/\",\"url\":\"https:\/\/secure.gravatar.com\/avatar\/b8104b9b5a71985d5238ee59fbe418af?s=96&r=g\",\"contentUrl\":\"https:\/\/secure.gravatar.com\/avatar\/b8104b9b5a71985d5238ee59fbe418af?s=96&r=g\",\"caption\":\"Reda\u00e7\u00e3o Suno Not\u00edcias\"},\"description\":\"O Suno Not\u00edcias \u00e9 um portal de informa\u00e7\u00f5es sobre Mercado Financeiro, Pol\u00edtica, Neg\u00f3cios, Economia e Finan\u00e7as Pessoais.\",\"sameAs\":[\"https:\/\/www.suno.com.br\/noticias\",\"https:\/\/www.facebook.com\/sunonoticias\/\",\"https:\/\/www.instagram.com\/sunonoticias\/\",\"https:\/\/x.com\/https:\/\/twitter.com\/sunoresearch\",\"https:\/\/www.youtube.com\/sunonoticias\"],\"url\":\"https:\/\/www.suno.com.br\/noticias\/author\/redacao-suno\/\"}]}<\/script>\n<!-- \/ Yoast SEO plugin. -->","yoast_head_json":{"title":"D\u00f3lar recua 0,35% com fala de Powell no radar","description":"O d\u00f3lar \u00e0 vista perdeu f\u00f4lego ao longo da tarde em meio a declara\u00e7\u00f5es do presidente do Federal Reserve, Jerome Powell. Entenda o que houve","robots":{"index":"index","follow":"follow","max-snippet":"max-snippet:-1","max-image-preview":"max-image-preview:large","max-video-preview":"max-video-preview:-1"},"canonical":"https:\/\/www.suno.com.br\/noticias\/dolar-recua-falas-powell\/","og_locale":"pt_BR","og_type":"article","og_title":"D\u00f3lar recua 0,35% com fala de Powell no radar","og_description":"O d\u00f3lar \u00e0 vista perdeu f\u00f4lego ao longo da tarde em meio a declara\u00e7\u00f5es do presidente do Federal Reserve, Jerome Powell. Entenda o que houve","og_url":"https:\/\/www.suno.com.br\/noticias\/dolar-recua-falas-powell\/","og_site_name":"Suno Not\u00edcias","article_publisher":"https:\/\/facebook.com\/sunoresearch","article_author":"https:\/\/www.facebook.com\/sunonoticias\/","og_image":[{"width":2560,"height":1707,"url":"https:\/\/files.sunoresearch.com.br\/n\/uploads\/2023\/10\/adam-nir-wTO6MWpMrJk-unsplash-scaled.jpg","type":"image\/jpeg"}],"author":"Reda\u00e7\u00e3o Suno Not\u00edcias","twitter_card":"summary_large_image","twitter_creator":"@https:\/\/twitter.com\/sunoresearch","twitter_site":"@sunoresearch","twitter_misc":{"Escrito por":"Reda\u00e7\u00e3o Suno Not\u00edcias","Est. tempo de leitura":"4 minutos"},"schema":{"@context":"https:\/\/schema.org","@graph":[{"@type":"NewsArticle","@id":"https:\/\/www.suno.com.br\/noticias\/dolar-recua-falas-powell\/#article","isPartOf":{"@id":"https:\/\/www.suno.com.br\/noticias\/dolar-recua-falas-powell\/"},"author":{"name":"Reda\u00e7\u00e3o Suno Not\u00edcias","@id":"https:\/\/www.suno.com.br\/noticias\/#\/schema\/person\/c1b1bd3727fa852bd045e9dbff3673ea"},"headline":"D\u00f3lar recua 0,35% com fala de Powell no radar","datePublished":"2024-04-03T22:02:13+00:00","dateModified":"2024-04-03T22:02:16+00:00","mainEntityOfPage":{"@id":"https:\/\/www.suno.com.br\/noticias\/dolar-recua-falas-powell\/"},"wordCount":747,"publisher":{"@id":"https:\/\/www.suno.com.br\/noticias\/#organization"},"image":{"@id":"https:\/\/www.suno.com.br\/noticias\/dolar-recua-falas-powell\/#primaryimage"},"thumbnailUrl":"https:\/\/files.sunoresearch.com.br\/n\/uploads\/2023\/10\/adam-nir-wTO6MWpMrJk-unsplash-scaled.jpg","keywords":["d\u00f3lar","d\u00f3lar futuro"],"articleSection":["Mercado"],"inLanguage":"pt-BR"},{"@type":"WebPage","@id":"https:\/\/www.suno.com.br\/noticias\/dolar-recua-falas-powell\/","url":"https:\/\/www.suno.com.br\/noticias\/dolar-recua-falas-powell\/","name":"D\u00f3lar recua 0,35% com fala de Powell no radar","isPartOf":{"@id":"https:\/\/www.suno.com.br\/noticias\/#website"},"primaryImageOfPage":{"@id":"https:\/\/www.suno.com.br\/noticias\/dolar-recua-falas-powell\/#primaryimage"},"image":{"@id":"https:\/\/www.suno.com.br\/noticias\/dolar-recua-falas-powell\/#primaryimage"},"thumbnailUrl":"https:\/\/files.sunoresearch.com.br\/n\/uploads\/2023\/10\/adam-nir-wTO6MWpMrJk-unsplash-scaled.jpg","datePublished":"2024-04-03T22:02:13+00:00","dateModified":"2024-04-03T22:02:16+00:00","description":"O d\u00f3lar \u00e0 vista perdeu f\u00f4lego ao longo da tarde em meio a declara\u00e7\u00f5es do presidente do Federal Reserve, Jerome Powell. Entenda o que houve","breadcrumb":{"@id":"https:\/\/www.suno.com.br\/noticias\/dolar-recua-falas-powell\/#breadcrumb"},"inLanguage":"pt-BR","potentialAction":[{"@type":"ReadAction","target":["https:\/\/www.suno.com.br\/noticias\/dolar-recua-falas-powell\/"]}]},{"@type":"ImageObject","inLanguage":"pt-BR","@id":"https:\/\/www.suno.com.br\/noticias\/dolar-recua-falas-powell\/#primaryimage","url":"https:\/\/files.sunoresearch.com.br\/n\/uploads\/2023\/10\/adam-nir-wTO6MWpMrJk-unsplash-scaled.jpg","contentUrl":"https:\/\/files.sunoresearch.com.br\/n\/uploads\/2023\/10\/adam-nir-wTO6MWpMrJk-unsplash-scaled.jpg","width":2560,"height":1707,"caption":"D\u00f3lar. Foto: Unsplash."},{"@type":"BreadcrumbList","@id":"https:\/\/www.suno.com.br\/noticias\/dolar-recua-falas-powell\/#breadcrumb","itemListElement":[{"@type":"ListItem","position":1,"name":"Not\u00edcias","item":"https:\/\/www.suno.com.br\/noticias\/"},{"@type":"ListItem","position":2,"name":"Mercado","item":"https:\/\/www.suno.com.br\/noticias\/mercado\/"},{"@type":"ListItem","position":3,"name":"D\u00f3lar recua 0,35% com fala de Powell no radar"}]},{"@type":"WebSite","@id":"https:\/\/www.suno.com.br\/noticias\/#website","url":"https:\/\/www.suno.com.br\/noticias\/","name":"Suno Not\u00edcias","description":"Seu portal de informa\u00e7\u00e3o sobre o mundo dos investimentos","publisher":{"@id":"https:\/\/www.suno.com.br\/noticias\/#organization"},"potentialAction":[{"@type":"SearchAction","target":{"@type":"EntryPoint","urlTemplate":"https:\/\/www.suno.com.br\/noticias\/?s={search_term_string}"},"query-input":{"@type":"PropertyValueSpecification","valueRequired":true,"valueName":"search_term_string"}}],"inLanguage":"pt-BR"},{"@type":"Organization","@id":"https:\/\/www.suno.com.br\/noticias\/#organization","name":"Suno Not\u00edcias","url":"https:\/\/www.suno.com.br\/noticias\/","logo":{"@type":"ImageObject","inLanguage":"pt-BR","@id":"https:\/\/www.suno.com.br\/noticias\/#\/schema\/logo\/image\/","url":"https:\/\/files.sunoresearch.com.br\/n\/uploads\/2021\/09\/suno-logo.png","contentUrl":"https:\/\/files.sunoresearch.com.br\/n\/uploads\/2021\/09\/suno-logo.png","width":180,"height":180,"caption":"Suno Not\u00edcias"},"image":{"@id":"https:\/\/www.suno.com.br\/noticias\/#\/schema\/logo\/image\/"},"sameAs":["https:\/\/facebook.com\/sunoresearch","https:\/\/x.com\/sunoresearch","https:\/\/www.instagram.com\/suno","https:\/\/www.linkedin.com\/company\/suno-research\/","https:\/\/www.youtube.com\/c\/sunoresearch"]},{"@type":"Person","@id":"https:\/\/www.suno.com.br\/noticias\/#\/schema\/person\/c1b1bd3727fa852bd045e9dbff3673ea","name":"Reda\u00e7\u00e3o Suno Not\u00edcias","image":{"@type":"ImageObject","inLanguage":"pt-BR","@id":"https:\/\/www.suno.com.br\/noticias\/#\/schema\/person\/image\/","url":"https:\/\/secure.gravatar.com\/avatar\/b8104b9b5a71985d5238ee59fbe418af?s=96&r=g","contentUrl":"https:\/\/secure.gravatar.com\/avatar\/b8104b9b5a71985d5238ee59fbe418af?s=96&r=g","caption":"Reda\u00e7\u00e3o Suno Not\u00edcias"},"description":"O Suno Not\u00edcias \u00e9 um portal de informa\u00e7\u00f5es sobre Mercado Financeiro, Pol\u00edtica, Neg\u00f3cios, Economia e Finan\u00e7as Pessoais.","sameAs":["https:\/\/www.suno.com.br\/noticias","https:\/\/www.facebook.com\/sunonoticias\/","https:\/\/www.instagram.com\/sunonoticias\/","https:\/\/x.com\/https:\/\/twitter.com\/sunoresearch","https:\/\/www.youtube.com\/sunonoticias"],"url":"https:\/\/www.suno.com.br\/noticias\/author\/redacao-suno\/"}]}},"default_loop_html":"<div class=\"cardsPage__listCard__boxs\"><div class=\"cardsPage__listCard__boxs__img\"><a href=\"https:\/\/www.suno.com.br\/noticias\/dolar-recua-falas-powell\/\"><img class=\"mask\" src=\"https:\/\/www.suno.com.br\/noticias\/wp-content\/themes\/suno\/resources\/images\/spotlight\/spotlight1img\/bg-mask.png\" alt=\"Image Mask\"\/><img src=\"https:\/\/files.sunoresearch.com.br\/n\/uploads\/2023\/10\/adam-nir-wTO6MWpMrJk-unsplash-400x200.jpg\" alt=\"D\u00f3lar recua 0,35% com fala de Powell no radar\"\/><\/a><span class=\"spotlightCategory\"><a href=\"https:\/\/www.suno.com.br\/noticias\/mercado\/\">Mercado<\/a><\/span><\/div><div class=\"cardsPage__listCard__boxs__content\"><a href=\"https:\/\/www.suno.com.br\/noticias\/dolar-recua-falas-powell\/\"><h2 class=\"content__title\">D\u00f3lar recua 0,35% com fala de Powell no radar<\/h2><\/a><div class=\"newsContent__article__meta\"><div class=\"newsContent__article__meta__authorBox\"><a href=\"https:\/\/www.suno.com.br\/noticias\/author\/redacao-suno\/\" class=\"authorBox__avatar noMobi\"><img src=\"https:\/\/files.sunoresearch.com.br\/n\/uploads\/2020\/08\/0ace682d-redacao-1-150x150.webp\" alt=\"Reda\u00e7\u00e3o Suno Not\u00edcias\"><\/a><div class=\"authorBox__name\"><span>por\n\t\t\t<a href=\"https:\/\/www.suno.com.br\/noticias\/author\/redacao-suno\/\"><span itemprop=\"author\">Reda\u00e7\u00e3o Suno Not\u00edcias<\/span><\/a><\/span><time datetime=\"2024-04-03T19:02:13-03:00\" itemprop=\"datePublished\">03\/04\/2024 19:02<\/time><\/div><\/div><\/div><\/div><\/div>","single_layout":"posts","amp_enabled":true,"_links":{"self":[{"href":"https:\/\/www.suno.com.br\/noticias\/wp-json\/wp\/v2\/posts\/540598"}],"collection":[{"href":"https:\/\/www.suno.com.br\/noticias\/wp-json\/wp\/v2\/posts"}],"about":[{"href":"https:\/\/www.suno.com.br\/noticias\/wp-json\/wp\/v2\/types\/post"}],"author":[{"embeddable":true,"href":"https:\/\/www.suno.com.br\/noticias\/wp-json\/wp\/v2\/users\/43"}],"replies":[{"embeddable":true,"href":"https:\/\/www.suno.com.br\/noticias\/wp-json\/wp\/v2\/comments?post=540598"}],"version-history":[{"count":2,"href":"https:\/\/www.suno.com.br\/noticias\/wp-json\/wp\/v2\/posts\/540598\/revisions"}],"predecessor-version":[{"id":540631,"href":"https:\/\/www.suno.com.br\/noticias\/wp-json\/wp\/v2\/posts\/540598\/revisions\/540631"}],"wp:featuredmedia":[{"embeddable":true,"href":"https:\/\/www.suno.com.br\/noticias\/wp-json\/wp\/v2\/media\/474027"}],"wp:attachment":[{"href":"https:\/\/www.suno.com.br\/noticias\/wp-json\/wp\/v2\/media?parent=540598"}],"wp:term":[{"taxonomy":"category","embeddable":true,"href":"https:\/\/www.suno.com.br\/noticias\/wp-json\/wp\/v2\/categories?post=540598"},{"taxonomy":"post_tag","embeddable":true,"href":"https:\/\/www.suno.com.br\/noticias\/wp-json\/wp\/v2\/tags?post=540598"},{"taxonomy":"suno_strategy","embeddable":true,"href":"https:\/\/www.suno.com.br\/noticias\/wp-json\/wp\/v2\/suno_strategy?post=540598"}],"curies":[{"name":"wp","href":"https:\/\/api.w.org\/{rel}","templated":true}]}}