{"id":540458,"date":"2024-04-03T13:53:35","date_gmt":"2024-04-03T16:53:35","guid":{"rendered":"https:\/\/www.suno.com.br\/noticias\/?p=540458"},"modified":"2024-04-03T13:53:44","modified_gmt":"2024-04-03T16:53:44","slug":"selic-queda-varejo-2024-balancos-gpj","status":"publish","type":"post","link":"https:\/\/www.suno.com.br\/noticias\/selic-queda-varejo-2024-balancos-gpj\/","title":{"rendered":"Com Selic em queda, setor de varejo vai melhorar nos pr\u00f3ximos meses?"},"content":{"rendered":"<p>Considerado um dos setores mais sens\u00edveis \u00e0s mudan\u00e7as na <a href=\"https:\/\/www.suno.com.br\/artigos\/juros\/\">taxa de juros<\/a> (<strong>Selic<\/strong>), o varejo encerrou a temporada de balan\u00e7os do 4T23 impactado negativamente pela press\u00e3o sobre o consumo das fam\u00edlias. Por outro lado, o segmento tem perspectivas de melhora ao longo do ano de 2024, com alguns especialistas projetando que as varejistas ter\u00e3o um desempenho superior ao do Ibovespa.<\/p>\t<div class=\"wrapper-featured-image\">\n\t\t<figure class=\"spotlightImg\">\n\n\t\t\t<picture>\n\t\t\t\t<source media=\"(max-width: 768px)\" srcset=\"https:\/\/files.sunoresearch.com.br\/n\/uploads\/2024\/04\/markus-spiske-wL7pwimB78Q-unsplash-1-400x200.jpg\">\n\t\t\t\t<img loading=\"lazy\" decoding=\"async\" class=\"newsContent__article__imgCapa lazyloadDisabled \" src=\"https:\/\/files.sunoresearch.com.br\/n\/uploads\/2024\/04\/markus-spiske-wL7pwimB78Q-unsplash-1-800x450.jpg\" width=\"800\" height=\"450\" alt=\"Com Selic em queda, setor de varejo vai melhorar nos pr\u00f3ximos meses?\" fetchpriority=high \/>\n\t\t\t<\/picture>\n\n\t\t\t<figcaption class=\"wp-caption-text wp-caption-text--show\">Selic e varejo. Foto: Unsplash.<\/figcaption>\n\t\t<\/figure>\n\t<\/div>\n\n\n\n\n\n\n\n\t<p>\n\t\t<a href=\"https:\/\/lp.suno.com.br\/planilha-da-vida-financeira\/\" target=\"_blank\" data-element=\"shortcode-suno-banner\" title=\"Banner SUNO, clique e saiba mais\">\n\t\t\t<picture>\n\t\t\t\t<source media=\"(max-width: 500px)\" srcset=\"https:\/\/files.sunoresearch.com.br\/n\/uploads\/2023\/04\/400x300-Planilha-vida-financeira-true.png\">\n\t\t\t\t<img class=\"newsContent__article__imgCapa newsContent__article__imgCapa--banner\"\n\t\t\t\t\tsrc=\"https:\/\/files.sunoresearch.com.br\/n\/uploads\/2023\/04\/1420x240-Planilha-vida-financeira-true.png\"\n\t\t\t\t\tdata-promo-id=\"106682\"\t\t\t\t\t\t\t\t\t\twidth='1420' height='240'\t\t\t\t\talt=\"https:\/\/files.sunoresearch.com.br\/n\/uploads\/2023\/04\/1420x240-Planilha-vida-financeira-true.png\"\n\t\t\t\t>\n\t\t\t<\/picture>\n\t\t<\/a>\n\t<\/p>\n\n\n\n\n\n<p>De um modo geral, analistas concordam que o ano come\u00e7ou pior do que o esperado para as a\u00e7\u00f5es brasileiras. As perspectivas de cortes nas <strong>taxas de juros dos EUA<\/strong> n\u00e3o melhoraram, ao passo que uma press\u00e3o maior na <strong>infla\u00e7\u00e3o do Brasil<\/strong> pode levar o Banco Central (BC) a reduzir o ritmo dos cortes na <strong>Taxa Selic<\/strong>.<\/p>\n\n\n\n<p>A \u00faltima decis\u00e3o do <a href=\"https:\/\/www.suno.com.br\/artigos\/copom\/\">Comit\u00ea de Pol\u00edtica Monet\u00e1ria (Copom)<\/a>, que foi un\u00e2nime e amplamente aguardada pelo mercado, reduziu a <a href=\"https:\/\/www.suno.com.br\/artigos\/taxa-de-juros\/\">taxa b\u00e1sica de juros<\/a> brasileira caiu para 10,75%, com o grupo indicando \u201celeva\u00e7\u00e3o da incerteza e necessidade de maior flexibilidade na condu\u00e7\u00e3o da <a href=\"https:\/\/www.suno.com.br\/artigos\/politica-monetaria\/\">pol\u00edtica monet\u00e1ria<\/a>\u201d.<\/p>\n\n\n\n<p>No caso do <strong>varejo<\/strong>, os balan\u00e7os das empresas do setor mostraram que os gastos do consumidor estiveram sob press\u00e3o no 4T23, carregando o peso de um cen\u00e1rio de consumo ainda adverso, segundo avalia\u00e7\u00e3o do BTG Pactual.<\/p>\n\n\n\n<p>Para o banco, \u00e9 preciso considerar a din\u00e2mica do <strong>segmento de varejo<\/strong>, que ainda \u00e9 ditado pelo fluxo de not\u00edcias pol\u00edticas\/econ\u00f4micas. Apesar dos sinais de melhoria, os investidores ainda evitam elevar muito as suas posi\u00e7\u00f5es.<\/p>\n\n\n\n<p>Al\u00e9m disso, o BTG acredita que ap\u00f3s a redu\u00e7\u00e3o das estimativas de lucro no final do ano passado, em resposta a uma perspectiva de taxas de juros mais elevadas, h\u00e1 pouco espa\u00e7o para revis\u00f5es altistas neste in\u00edcio de 2024.<\/p>\n\n\n\n<p>O Suno Not\u00edcias reuniu as perspectivas para as principais varejistas no radar dos investidores para este ano. Confira:<\/p>\n\n\n\n<h2 class=\"wp-block-heading\">Mercado Livre (MELI34) \u00e9 \u2018vencedor\u2019 no segmento de e-commerce, diz BTG<\/h2>\n\n\n\n<p>Considerada a maior empresa de com\u00e9rcio online do Brasil, o <strong>Mercado Livre <\/strong>(<a href=\"https:\/\/www.suno.com.br\/bdrs\/meli34\/\"><strong>MELI34<\/strong><\/a>) \u00e9 uma das varejistas mais bem vistas pelos investidores, sobretudo ap\u00f3s anunciar que vai investir R$ 23 bilh\u00f5es no Brasil em 2024, n\u00famero 21% maior em rela\u00e7\u00e3o ao ano anterior, e pouco mais do que o dobro do investimento realizado em 2021.<\/p>\n\n\n\n<p>A companhia quer ampliar a \u00e1rea de log\u00edstica, segmento no qual as plataformas rivais estrangeiras, como <strong>Amazon<\/strong> e <strong>Shopee<\/strong>, v\u00eam aumentando gastos nos \u00faltimos anos, mas tamb\u00e9m deseja competir com grandes varejistas locais, como <strong>Casas Bahia<\/strong> (<strong>BHIA3<\/strong>) e <a href=\"https:\/\/www.suno.com.br\/acoes\/MGLU3\/\"><strong>Magazine Luiza <\/strong>(<strong>MGLU3<\/strong>)<\/a>, por exemplo.<\/p>\n\n\n\n<p>No caso do e-commerce brasileiro, a perspectiva do mercado \u00e9 de crescimento secular nos pr\u00f3ximos anos, com GMV (sigla em ingl\u00eas para volume bruto de mercadorias) muito superior aos n\u00edveis pr\u00e9-pandemia, ainda que um custo de financiamento mais elevado impe\u00e7a a maioria dos players de manter os ritmos de crescimento dos \u00faltimos anos, abrindo caminho para uma maior consolida\u00e7\u00e3o. \u201cContinuamos vendo o <strong>MELI <\/strong>como vencedor nos segmentos de e-commerce e pagamentos na Am\u00e9rica Latina\u201d, escreve o BTG Pactual.<\/p>\n\n\n\t<p>\n\t\t<a href=\"https:\/\/lp.suno.com.br\/ebook-como-analisar-uma-acao\/\" target=\"_blank\" data-element=\"shortcode-suno-banner\" title=\"Banner SUNO, clique e saiba mais\">\n\t\t\t<picture>\n\t\t\t\t<source media=\"(max-width: 500px)\" srcset=\"https:\/\/files.sunoresearch.com.br\/n\/uploads\/2023\/03\/Ebook-Acoes-Mobile.jpg\">\n\t\t\t\t<img class=\"newsContent__article__imgCapa newsContent__article__imgCapa--banner\"\n\t\t\t\t\tsrc=\"https:\/\/files.sunoresearch.com.br\/n\/uploads\/2023\/03\/Ebook-Acoes-Desktop.jpg\"\n\t\t\t\t\tdata-promo-id=\"378302\"\t\t\t\t\t\t\t\t\t\twidth='1420' height='286'\t\t\t\t\talt=\"https:\/\/files.sunoresearch.com.br\/n\/uploads\/2023\/03\/Ebook-Acoes-Desktop.jpg\"\n\t\t\t\t>\n\t\t\t<\/picture>\n\t\t<\/a>\n\t<\/p>\n\n\n\n\n\n<h2 class=\"wp-block-heading\">BTG: Lojas Renner (LREN3) est\u00e1 bem posicionada para ganhar participa\u00e7\u00e3o de mercado<\/h2>\n\n\n\n<p>Uma outra varejista que tamb\u00e9m tem sido acompanhada de perto pelo mercado \u00e9 a <a href=\"https:\/\/www.suno.com.br\/acoes\/lren3\/\"><strong>Lojas Renner<\/strong> (<strong>LREN3<\/strong>)<\/a>. Apesar da desacelera\u00e7\u00e3o nas vendas nos \u00faltimos trimestres devido a uma base forte de compara\u00e7\u00e3o e uma perspectiva mais desafiadora para o consumo discricion\u00e1rio, a empresa ainda \u00e9 bem vista por analistas, visando um ganho de participa\u00e7\u00e3o de mercado no setor de vestu\u00e1rio.<\/p>\n\n\n\n<p>\u201cAl\u00e9m de uma melhoria gradual na rentabilidade e na posi\u00e7\u00e3o de caixa l\u00edquido, vemos o neg\u00f3cio de financiamento ao consumidor da <strong>LREN<\/strong> como um benefici\u00e1rio de potenciais cortes nas taxas de juros. As preocupa\u00e7\u00f5es estruturais dependem da concorr\u00eancia de players puramente digitais como a <strong>Shein<\/strong> \u2013 apesar da crescente discuss\u00e3o sobre a tributa\u00e7\u00e3o das plataformas internacionais \u2013 e dos n\u00fameros da Realize\u201d, destacam os analistas do BTG.<\/p>\n\n\n\n<p>Na \u00faltima ter\u00e7a-feira (2), inclusive, as <strong>a\u00e7\u00f5es da Renner <\/strong>dispararam mais de 4%, impulsionadas pela revis\u00e3o na orienta\u00e7\u00e3o e metas de pre\u00e7o pelo Bank of America (BofA). Para a casa, a varejista demonstrou avan\u00e7os significativos em gest\u00e3o de cr\u00e9dito, rentabilidade e ades\u00e3o ao programa de subscri\u00e7\u00e3o, al\u00e9m de um aumento no caixa, conforme relatado no \u00faltimo balan\u00e7o referente ao 4T23.<\/p>\n\n\n\n<h2 class=\"wp-block-heading\">Grupo Soma (SOMA3): Ita\u00fa BBA v\u00ea melhora em tend\u00eancias de rentabilidade<\/h2>\n\n\n\n<p>Ap\u00f3s ter a a\u00e7\u00e3o penalizada em 2023 sobretudo por quest\u00f5es fiscais, o Ita\u00fa BBA passou a ter uma vis\u00e3o construtiva em rela\u00e7\u00e3o ao <a href=\"https:\/\/www.suno.com.br\/acoes\/soma3\/\"><strong>Grupo Soma <\/strong>(<strong>SOMA3<\/strong>)<\/a> para o ano de 2024. O banco enxerga uma melhoria nas tend\u00eancias de lucratividade da companhia, que devem crescer ao longo do ano.<\/p>\n\n\n\n<p>\u201cNossa vis\u00e3o construtiva com a evolu\u00e7\u00e3o da rentabilidade em 2024 \u00e9 impulsionada pela evolu\u00e7\u00e3o do projeto de efici\u00eancia na f\u00e1brica da <strong>Hering<\/strong>, ganhos de efici\u00eancia (advindos de cortes de despesas realizados no \u00faltimo trimestre de 2023), e normaliza\u00e7\u00e3o da rentabilidade da <strong>Farm <\/strong>Global\u201d, avalia o banco.<\/p>\n\n\n\n<p>O banco tamb\u00e9m enxerga um grande potencial de valoriza\u00e7\u00e3o na tese com o reconhecimento de sinergias vindo da fus\u00e3o com a<strong> <\/strong><a href=\"https:\/\/www.suno.com.br\/acoes\/ARZZ3\/\"><strong>Arezzo<\/strong> (<strong>ARZZ3<\/strong>)<\/a>, especialmente na gera\u00e7\u00e3o de receitas adicionais pela explora\u00e7\u00e3o de cal\u00e7ados e acess\u00f3rios das marcas do Grupo Soma. \u201cEsperamos mais granularidade no potencial de gera\u00e7\u00e3o de valor vindo das sinergias durante os pr\u00f3ximos meses\u201d, pontua o Ita\u00fa BBA.<\/p>\n\n\n\n<h2 class=\"wp-block-heading\">Casas Bahia (BHIA3) e Magazine Luiza (MGLU3) ainda s\u00e3o motivo de aten\u00e7\u00e3o, diz BB-BI<\/h2>\n\n\n\n<p>Dentro das companhias do universo de cobertura do BB Investimentos, a casa observou que no m\u00eas de mar\u00e7o &#8211; per\u00edodo em que a temporada de balan\u00e7os do 4T23 foi encerrada &#8211; a Casas Bahia (BHIA3) viu seu papel despencar, refletindo os resultados abaixo das estimativas do mercado.<\/p>\n\n\n\n<p>As <strong>a\u00e7\u00f5es da Casas Bahia<\/strong> fecharam o m\u00eas de mar\u00e7o em queda de 25%, sendo o segundo principal destaque de baixa do <strong>Ibovespa<\/strong>. Assim, os pap\u00e9is reverteram a valoriza\u00e7\u00e3o de 14,58% registrada em fevereiro.<\/p>\n\n\n\n<p>Ap\u00f3s um ano de 2023 dif\u00edcil, a Casas Bahia continua em contexto desafiador, segundo diversos analistas. No quarto trimestre de 2023 (4T23), a companhia apresentou um preju\u00edzo cont\u00e1bil de cerca de R$ 1 bilh\u00e3o, aumentando as perdas em 513,5% na compara\u00e7\u00e3o anual.<\/p>\n\n\n\n<p>No caso de sua principal concorrente, a <a href=\"https:\/\/www.suno.com.br\/acoes\/MGLU3\/\">Magazine Luiza (MGLU3)<\/a>, o BB-BI observou que apesar de ter apresentado melhoria na rentabilidade, o crescimento moderado das vendas da varejista preocupou o mercado. No per\u00edodo, o <a href=\"https:\/\/www.suno.com.br\/artigos\/lucro-liquido\/\">lucro l\u00edquido<\/a> ajustado do <strong>Magalu<\/strong> foi de R$ 101,5 milh\u00f5es, revertendo o preju\u00edzo de R$ 15,2 milh\u00f5es registrado no mesmo per\u00edodo do ano passado. Com isso, a administra\u00e7\u00e3o chamou o per\u00edodo de \u201ctrimestre da virada\u201d.<\/p>\n\n\n\n<p>No geral, para o BB Investimentos, o cen\u00e1rio macroecon\u00f4mico continua positivo para o <strong>setor de varejo<\/strong>, e as expectativas para o segmento s\u00e3o de uma evolu\u00e7\u00e3o em rela\u00e7\u00e3o ao mesmo trimestre do ano anterior, com os pap\u00e9is seguindo um movimento superior ao apresentado pelo Ibovespa.<\/p>\n\n\n\n<p>\u201cA inflex\u00e3o da curva de <a href=\"https:\/\/www.suno.com.br\/artigos\/concessao-de-credito\/\">concess\u00e3o de cr\u00e9dito<\/a>, a infla\u00e7\u00e3o sob controle, a taxa <strong>Selic<\/strong> e a inadimpl\u00eancia em queda s\u00e3o alguns dos fatores que est\u00e3o impactando positivamente as varejistas, o que pode levar o mercado a revisar para cima as proje\u00e7\u00f5es de lucro das companhias\u201d, escreve.<\/p>\n\n\n\t<p>\n\t\t<a href=\"https:\/\/lp.suno.com.br\/planilha-da-vida-financeira\/\" target=\"_blank\" data-element=\"shortcode-suno-banner\" title=\"Banner SUNO, clique e saiba mais\">\n\t\t\t<picture>\n\t\t\t\t<source media=\"(max-width: 500px)\" srcset=\"https:\/\/files.sunoresearch.com.br\/n\/uploads\/2023\/04\/400x300-Planilha-vida-financeira-true.png\">\n\t\t\t\t<img class=\"newsContent__article__imgCapa newsContent__article__imgCapa--banner\"\n\t\t\t\t\tsrc=\"https:\/\/files.sunoresearch.com.br\/n\/uploads\/2023\/04\/1420x240-Planilha-vida-financeira-true.png\"\n\t\t\t\t\tdata-promo-id=\"383123\"\t\t\t\t\t\t\t\t\t\twidth='1420' height='240'\t\t\t\t\talt=\"https:\/\/files.sunoresearch.com.br\/n\/uploads\/2023\/04\/1420x240-Planilha-vida-financeira-true.png\"\n\t\t\t\t>\n\t\t\t<\/picture>\n\t\t<\/a>\n\t<\/p>\n\n\n","protected":false},"excerpt":{"rendered":"<p>Considerado um dos setores mais sens\u00edveis \u00e0s mudan\u00e7as na taxa de juros (Selic), o varejo encerrou a temporada de balan\u00e7os do 4T23 impactado negativamente pela press\u00e3o sobre o consumo das fam\u00edlias. Por outro lado, o segmento tem perspectivas de melhora ao longo do ano de 2024, com alguns especialistas projetando que as varejistas ter\u00e3o um [&hellip;]<\/p>\n","protected":false},"author":313,"featured_media":540466,"comment_status":"closed","ping_status":"closed","sticky":false,"template":"","format":"standard","meta":[],"categories":[64],"tags":[286,362,1842,399,107138,1104,105816,2686,721,542,548,1235,290],"suno_strategy":[],"class_list":["post-540458","post","type-post","status-publish","format-standard","has-post-thumbnail","hentry","category-negocios","tag-acoes","tag-arezzo-arzz3","tag-banco-central-bc","tag-btg-pactual-bpac11-bpac3-bpac5","tag-casas-bahia-bhia3","tag-copom","tag-especialistas","tag-grupo-soma-soma3","tag-ibovespa","tag-lojas-renner-lren3","tag-magazine-luiza-mglu3","tag-mercado-livre-meli34","tag-taxa-selic"],"yoast_head":"<!-- This site is optimized with the Yoast SEO plugin v24.4 - https:\/\/yoast.com\/wordpress\/plugins\/seo\/ -->\n<title>Com Selic em queda, varejo vai melhorar nos pr\u00f3ximos meses?<\/title>\n<meta name=\"description\" content=\"Considerado sens\u00edvel \u00e0s mudan\u00e7as da Selic, o varejo est\u00e1 no foco dos investidores. Confira perspectivas para Selic e varejo em 2024.\" \/>\n<meta name=\"robots\" content=\"index, follow, max-snippet:-1, max-image-preview:large, max-video-preview:-1\" \/>\n<link rel=\"canonical\" href=\"https:\/\/www.suno.com.br\/noticias\/selic-queda-varejo-2024-balancos-gpj\/\" \/>\n<meta property=\"og:locale\" content=\"pt_BR\" \/>\n<meta property=\"og:type\" content=\"article\" \/>\n<meta property=\"og:title\" content=\"Com Selic em queda, varejo vai melhorar nos pr\u00f3ximos meses?\" \/>\n<meta property=\"og:description\" content=\"Considerado sens\u00edvel \u00e0s mudan\u00e7as da Selic, o varejo est\u00e1 no foco dos investidores. Confira perspectivas para Selic e varejo em 2024.\" \/>\n<meta property=\"og:url\" content=\"https:\/\/www.suno.com.br\/noticias\/selic-queda-varejo-2024-balancos-gpj\/\" \/>\n<meta property=\"og:site_name\" content=\"Suno Not\u00edcias\" \/>\n<meta property=\"article:publisher\" content=\"https:\/\/facebook.com\/sunoresearch\" \/>\n<meta property=\"og:image\" content=\"https:\/\/files.sunoresearch.com.br\/n\/uploads\/2024\/04\/markus-spiske-wL7pwimB78Q-unsplash-1-scaled.jpg\" \/>\n\t<meta property=\"og:image:width\" content=\"2560\" \/>\n\t<meta property=\"og:image:height\" content=\"1707\" \/>\n\t<meta property=\"og:image:type\" content=\"image\/jpeg\" \/>\n<meta name=\"author\" content=\"Giovanni Porf\u00edrio Jacomino\" \/>\n<meta name=\"twitter:card\" content=\"summary_large_image\" \/>\n<meta name=\"twitter:creator\" content=\"@sunoresearch\" \/>\n<meta name=\"twitter:site\" content=\"@sunoresearch\" \/>\n<meta name=\"twitter:label1\" content=\"Escrito por\" \/>\n\t<meta name=\"twitter:data1\" content=\"Giovanni Porf\u00edrio Jacomino\" \/>\n\t<meta name=\"twitter:label2\" content=\"Est. tempo de leitura\" \/>\n\t<meta name=\"twitter:data2\" content=\"7 minutos\" \/>\n<script type=\"application\/ld+json\" class=\"yoast-schema-graph\">{\"@context\":\"https:\/\/schema.org\",\"@graph\":[{\"@type\":\"NewsArticle\",\"@id\":\"https:\/\/www.suno.com.br\/noticias\/selic-queda-varejo-2024-balancos-gpj\/#article\",\"isPartOf\":{\"@id\":\"https:\/\/www.suno.com.br\/noticias\/selic-queda-varejo-2024-balancos-gpj\/\"},\"author\":{\"name\":\"Giovanni Porf\u00edrio Jacomino\",\"@id\":\"https:\/\/www.suno.com.br\/noticias\/#\/schema\/person\/d0f32748bbca4bee871fa191ee4e2d40\"},\"headline\":\"Com Selic em queda, setor de varejo vai melhorar nos pr\u00f3ximos meses?\",\"datePublished\":\"2024-04-03T16:53:35+00:00\",\"dateModified\":\"2024-04-03T16:53:44+00:00\",\"mainEntityOfPage\":{\"@id\":\"https:\/\/www.suno.com.br\/noticias\/selic-queda-varejo-2024-balancos-gpj\/\"},\"wordCount\":1272,\"publisher\":{\"@id\":\"https:\/\/www.suno.com.br\/noticias\/#organization\"},\"image\":{\"@id\":\"https:\/\/www.suno.com.br\/noticias\/selic-queda-varejo-2024-balancos-gpj\/#primaryimage\"},\"thumbnailUrl\":\"https:\/\/files.sunoresearch.com.br\/n\/uploads\/2024\/04\/markus-spiske-wL7pwimB78Q-unsplash-1-scaled.jpg\",\"keywords\":[\"A\u00e7\u00f5es\",\"Arezzo (ARZZ3)\",\"Banco Central (BC)\",\"BTG Pactual (BPAC11\/BPAC3\/BPAC5)\",\"Casas Bahia (BHIA3)\",\"Copom\",\"Especialistas\",\"Grupo Soma (SOMA3)\",\"Ibovespa\",\"Lojas Renner (LREN3)\",\"Magazine Luiza (MGLU3)\",\"Mercado Livre (MELI34)\",\"Taxa Selic\"],\"articleSection\":[\"Neg\u00f3cios\"],\"inLanguage\":\"pt-BR\"},{\"@type\":\"WebPage\",\"@id\":\"https:\/\/www.suno.com.br\/noticias\/selic-queda-varejo-2024-balancos-gpj\/\",\"url\":\"https:\/\/www.suno.com.br\/noticias\/selic-queda-varejo-2024-balancos-gpj\/\",\"name\":\"Com Selic em queda, varejo vai melhorar nos pr\u00f3ximos meses?\",\"isPartOf\":{\"@id\":\"https:\/\/www.suno.com.br\/noticias\/#website\"},\"primaryImageOfPage\":{\"@id\":\"https:\/\/www.suno.com.br\/noticias\/selic-queda-varejo-2024-balancos-gpj\/#primaryimage\"},\"image\":{\"@id\":\"https:\/\/www.suno.com.br\/noticias\/selic-queda-varejo-2024-balancos-gpj\/#primaryimage\"},\"thumbnailUrl\":\"https:\/\/files.sunoresearch.com.br\/n\/uploads\/2024\/04\/markus-spiske-wL7pwimB78Q-unsplash-1-scaled.jpg\",\"datePublished\":\"2024-04-03T16:53:35+00:00\",\"dateModified\":\"2024-04-03T16:53:44+00:00\",\"description\":\"Considerado sens\u00edvel \u00e0s mudan\u00e7as da Selic, o varejo est\u00e1 no foco dos investidores. Confira perspectivas para Selic e varejo em 2024.\",\"breadcrumb\":{\"@id\":\"https:\/\/www.suno.com.br\/noticias\/selic-queda-varejo-2024-balancos-gpj\/#breadcrumb\"},\"inLanguage\":\"pt-BR\",\"potentialAction\":[{\"@type\":\"ReadAction\",\"target\":[\"https:\/\/www.suno.com.br\/noticias\/selic-queda-varejo-2024-balancos-gpj\/\"]}]},{\"@type\":\"ImageObject\",\"inLanguage\":\"pt-BR\",\"@id\":\"https:\/\/www.suno.com.br\/noticias\/selic-queda-varejo-2024-balancos-gpj\/#primaryimage\",\"url\":\"https:\/\/files.sunoresearch.com.br\/n\/uploads\/2024\/04\/markus-spiske-wL7pwimB78Q-unsplash-1-scaled.jpg\",\"contentUrl\":\"https:\/\/files.sunoresearch.com.br\/n\/uploads\/2024\/04\/markus-spiske-wL7pwimB78Q-unsplash-1-scaled.jpg\",\"width\":2560,\"height\":1707,\"caption\":\"Selic e varejo. Foto: Unsplash.\"},{\"@type\":\"BreadcrumbList\",\"@id\":\"https:\/\/www.suno.com.br\/noticias\/selic-queda-varejo-2024-balancos-gpj\/#breadcrumb\",\"itemListElement\":[{\"@type\":\"ListItem\",\"position\":1,\"name\":\"Not\u00edcias\",\"item\":\"https:\/\/www.suno.com.br\/noticias\/\"},{\"@type\":\"ListItem\",\"position\":2,\"name\":\"Neg\u00f3cios\",\"item\":\"https:\/\/www.suno.com.br\/noticias\/negocios\/\"},{\"@type\":\"ListItem\",\"position\":3,\"name\":\"Com Selic em queda, setor de varejo vai melhorar nos pr\u00f3ximos meses?\"}]},{\"@type\":\"WebSite\",\"@id\":\"https:\/\/www.suno.com.br\/noticias\/#website\",\"url\":\"https:\/\/www.suno.com.br\/noticias\/\",\"name\":\"Suno Not\u00edcias\",\"description\":\"Seu portal de informa\u00e7\u00e3o sobre o mundo dos investimentos\",\"publisher\":{\"@id\":\"https:\/\/www.suno.com.br\/noticias\/#organization\"},\"potentialAction\":[{\"@type\":\"SearchAction\",\"target\":{\"@type\":\"EntryPoint\",\"urlTemplate\":\"https:\/\/www.suno.com.br\/noticias\/?s={search_term_string}\"},\"query-input\":{\"@type\":\"PropertyValueSpecification\",\"valueRequired\":true,\"valueName\":\"search_term_string\"}}],\"inLanguage\":\"pt-BR\"},{\"@type\":\"Organization\",\"@id\":\"https:\/\/www.suno.com.br\/noticias\/#organization\",\"name\":\"Suno Not\u00edcias\",\"url\":\"https:\/\/www.suno.com.br\/noticias\/\",\"logo\":{\"@type\":\"ImageObject\",\"inLanguage\":\"pt-BR\",\"@id\":\"https:\/\/www.suno.com.br\/noticias\/#\/schema\/logo\/image\/\",\"url\":\"https:\/\/files.sunoresearch.com.br\/n\/uploads\/2021\/09\/suno-logo.png\",\"contentUrl\":\"https:\/\/files.sunoresearch.com.br\/n\/uploads\/2021\/09\/suno-logo.png\",\"width\":180,\"height\":180,\"caption\":\"Suno Not\u00edcias\"},\"image\":{\"@id\":\"https:\/\/www.suno.com.br\/noticias\/#\/schema\/logo\/image\/\"},\"sameAs\":[\"https:\/\/facebook.com\/sunoresearch\",\"https:\/\/x.com\/sunoresearch\",\"https:\/\/www.instagram.com\/suno\",\"https:\/\/www.linkedin.com\/company\/suno-research\/\",\"https:\/\/www.youtube.com\/c\/sunoresearch\"]},{\"@type\":\"Person\",\"@id\":\"https:\/\/www.suno.com.br\/noticias\/#\/schema\/person\/d0f32748bbca4bee871fa191ee4e2d40\",\"name\":\"Giovanni Porf\u00edrio Jacomino\",\"image\":{\"@type\":\"ImageObject\",\"inLanguage\":\"pt-BR\",\"@id\":\"https:\/\/www.suno.com.br\/noticias\/#\/schema\/person\/image\/\",\"url\":\"https:\/\/secure.gravatar.com\/avatar\/efb32e19b730a121cb7a80f41ffec01a?s=96&r=g\",\"contentUrl\":\"https:\/\/secure.gravatar.com\/avatar\/efb32e19b730a121cb7a80f41ffec01a?s=96&r=g\",\"caption\":\"Giovanni Porf\u00edrio Jacomino\"},\"description\":\"Giovanni Porf\u00edrio Jacomino \u00e9 jornalista formado pela Universidade Estadual de Londrina (UEL) e p\u00f3s-graduado em Produ\u00e7\u00e3o e Pr\u00e1ticas Jornal\u00edsticas na Contemporaneidade na Faculdade C\u00e1sper L\u00edbero (FCL). Foi editor web no Startupi e no Finsiders, atuando ainda como editor no TC Mover, portal de not\u00edcias da TradersClub, fazendo a cobertura de assuntos relacionados ao mercado financeiro interno e externo. Atualmente, \u00e9 Rep\u00f3rter do Suno Not\u00edcias.\",\"url\":\"https:\/\/www.suno.com.br\/noticias\/author\/giovanni-porfiriosuno-com-br\/\"}]}<\/script>\n<!-- \/ Yoast SEO plugin. -->","yoast_head_json":{"title":"Com Selic em queda, varejo vai melhorar nos pr\u00f3ximos meses?","description":"Considerado sens\u00edvel \u00e0s mudan\u00e7as da Selic, o varejo est\u00e1 no foco dos investidores. Confira perspectivas para Selic e varejo em 2024.","robots":{"index":"index","follow":"follow","max-snippet":"max-snippet:-1","max-image-preview":"max-image-preview:large","max-video-preview":"max-video-preview:-1"},"canonical":"https:\/\/www.suno.com.br\/noticias\/selic-queda-varejo-2024-balancos-gpj\/","og_locale":"pt_BR","og_type":"article","og_title":"Com Selic em queda, varejo vai melhorar nos pr\u00f3ximos meses?","og_description":"Considerado sens\u00edvel \u00e0s mudan\u00e7as da Selic, o varejo est\u00e1 no foco dos investidores. Confira perspectivas para Selic e varejo em 2024.","og_url":"https:\/\/www.suno.com.br\/noticias\/selic-queda-varejo-2024-balancos-gpj\/","og_site_name":"Suno Not\u00edcias","article_publisher":"https:\/\/facebook.com\/sunoresearch","og_image":[{"width":2560,"height":1707,"url":"https:\/\/files.sunoresearch.com.br\/n\/uploads\/2024\/04\/markus-spiske-wL7pwimB78Q-unsplash-1-scaled.jpg","type":"image\/jpeg"}],"author":"Giovanni Porf\u00edrio Jacomino","twitter_card":"summary_large_image","twitter_creator":"@sunoresearch","twitter_site":"@sunoresearch","twitter_misc":{"Escrito por":"Giovanni Porf\u00edrio Jacomino","Est. tempo de leitura":"7 minutos"},"schema":{"@context":"https:\/\/schema.org","@graph":[{"@type":"NewsArticle","@id":"https:\/\/www.suno.com.br\/noticias\/selic-queda-varejo-2024-balancos-gpj\/#article","isPartOf":{"@id":"https:\/\/www.suno.com.br\/noticias\/selic-queda-varejo-2024-balancos-gpj\/"},"author":{"name":"Giovanni Porf\u00edrio Jacomino","@id":"https:\/\/www.suno.com.br\/noticias\/#\/schema\/person\/d0f32748bbca4bee871fa191ee4e2d40"},"headline":"Com Selic em queda, setor de varejo vai melhorar nos pr\u00f3ximos meses?","datePublished":"2024-04-03T16:53:35+00:00","dateModified":"2024-04-03T16:53:44+00:00","mainEntityOfPage":{"@id":"https:\/\/www.suno.com.br\/noticias\/selic-queda-varejo-2024-balancos-gpj\/"},"wordCount":1272,"publisher":{"@id":"https:\/\/www.suno.com.br\/noticias\/#organization"},"image":{"@id":"https:\/\/www.suno.com.br\/noticias\/selic-queda-varejo-2024-balancos-gpj\/#primaryimage"},"thumbnailUrl":"https:\/\/files.sunoresearch.com.br\/n\/uploads\/2024\/04\/markus-spiske-wL7pwimB78Q-unsplash-1-scaled.jpg","keywords":["A\u00e7\u00f5es","Arezzo (ARZZ3)","Banco Central (BC)","BTG Pactual (BPAC11\/BPAC3\/BPAC5)","Casas Bahia (BHIA3)","Copom","Especialistas","Grupo Soma (SOMA3)","Ibovespa","Lojas Renner (LREN3)","Magazine Luiza (MGLU3)","Mercado Livre (MELI34)","Taxa Selic"],"articleSection":["Neg\u00f3cios"],"inLanguage":"pt-BR"},{"@type":"WebPage","@id":"https:\/\/www.suno.com.br\/noticias\/selic-queda-varejo-2024-balancos-gpj\/","url":"https:\/\/www.suno.com.br\/noticias\/selic-queda-varejo-2024-balancos-gpj\/","name":"Com Selic em queda, varejo vai melhorar nos pr\u00f3ximos meses?","isPartOf":{"@id":"https:\/\/www.suno.com.br\/noticias\/#website"},"primaryImageOfPage":{"@id":"https:\/\/www.suno.com.br\/noticias\/selic-queda-varejo-2024-balancos-gpj\/#primaryimage"},"image":{"@id":"https:\/\/www.suno.com.br\/noticias\/selic-queda-varejo-2024-balancos-gpj\/#primaryimage"},"thumbnailUrl":"https:\/\/files.sunoresearch.com.br\/n\/uploads\/2024\/04\/markus-spiske-wL7pwimB78Q-unsplash-1-scaled.jpg","datePublished":"2024-04-03T16:53:35+00:00","dateModified":"2024-04-03T16:53:44+00:00","description":"Considerado sens\u00edvel \u00e0s mudan\u00e7as da Selic, o varejo est\u00e1 no foco dos investidores. Confira perspectivas para Selic e varejo em 2024.","breadcrumb":{"@id":"https:\/\/www.suno.com.br\/noticias\/selic-queda-varejo-2024-balancos-gpj\/#breadcrumb"},"inLanguage":"pt-BR","potentialAction":[{"@type":"ReadAction","target":["https:\/\/www.suno.com.br\/noticias\/selic-queda-varejo-2024-balancos-gpj\/"]}]},{"@type":"ImageObject","inLanguage":"pt-BR","@id":"https:\/\/www.suno.com.br\/noticias\/selic-queda-varejo-2024-balancos-gpj\/#primaryimage","url":"https:\/\/files.sunoresearch.com.br\/n\/uploads\/2024\/04\/markus-spiske-wL7pwimB78Q-unsplash-1-scaled.jpg","contentUrl":"https:\/\/files.sunoresearch.com.br\/n\/uploads\/2024\/04\/markus-spiske-wL7pwimB78Q-unsplash-1-scaled.jpg","width":2560,"height":1707,"caption":"Selic e varejo. Foto: Unsplash."},{"@type":"BreadcrumbList","@id":"https:\/\/www.suno.com.br\/noticias\/selic-queda-varejo-2024-balancos-gpj\/#breadcrumb","itemListElement":[{"@type":"ListItem","position":1,"name":"Not\u00edcias","item":"https:\/\/www.suno.com.br\/noticias\/"},{"@type":"ListItem","position":2,"name":"Neg\u00f3cios","item":"https:\/\/www.suno.com.br\/noticias\/negocios\/"},{"@type":"ListItem","position":3,"name":"Com Selic em queda, setor de varejo vai melhorar nos pr\u00f3ximos meses?"}]},{"@type":"WebSite","@id":"https:\/\/www.suno.com.br\/noticias\/#website","url":"https:\/\/www.suno.com.br\/noticias\/","name":"Suno Not\u00edcias","description":"Seu portal de informa\u00e7\u00e3o sobre o mundo dos investimentos","publisher":{"@id":"https:\/\/www.suno.com.br\/noticias\/#organization"},"potentialAction":[{"@type":"SearchAction","target":{"@type":"EntryPoint","urlTemplate":"https:\/\/www.suno.com.br\/noticias\/?s={search_term_string}"},"query-input":{"@type":"PropertyValueSpecification","valueRequired":true,"valueName":"search_term_string"}}],"inLanguage":"pt-BR"},{"@type":"Organization","@id":"https:\/\/www.suno.com.br\/noticias\/#organization","name":"Suno Not\u00edcias","url":"https:\/\/www.suno.com.br\/noticias\/","logo":{"@type":"ImageObject","inLanguage":"pt-BR","@id":"https:\/\/www.suno.com.br\/noticias\/#\/schema\/logo\/image\/","url":"https:\/\/files.sunoresearch.com.br\/n\/uploads\/2021\/09\/suno-logo.png","contentUrl":"https:\/\/files.sunoresearch.com.br\/n\/uploads\/2021\/09\/suno-logo.png","width":180,"height":180,"caption":"Suno Not\u00edcias"},"image":{"@id":"https:\/\/www.suno.com.br\/noticias\/#\/schema\/logo\/image\/"},"sameAs":["https:\/\/facebook.com\/sunoresearch","https:\/\/x.com\/sunoresearch","https:\/\/www.instagram.com\/suno","https:\/\/www.linkedin.com\/company\/suno-research\/","https:\/\/www.youtube.com\/c\/sunoresearch"]},{"@type":"Person","@id":"https:\/\/www.suno.com.br\/noticias\/#\/schema\/person\/d0f32748bbca4bee871fa191ee4e2d40","name":"Giovanni Porf\u00edrio Jacomino","image":{"@type":"ImageObject","inLanguage":"pt-BR","@id":"https:\/\/www.suno.com.br\/noticias\/#\/schema\/person\/image\/","url":"https:\/\/secure.gravatar.com\/avatar\/efb32e19b730a121cb7a80f41ffec01a?s=96&r=g","contentUrl":"https:\/\/secure.gravatar.com\/avatar\/efb32e19b730a121cb7a80f41ffec01a?s=96&r=g","caption":"Giovanni Porf\u00edrio Jacomino"},"description":"Giovanni Porf\u00edrio Jacomino \u00e9 jornalista formado pela Universidade Estadual de Londrina (UEL) e p\u00f3s-graduado em Produ\u00e7\u00e3o e Pr\u00e1ticas Jornal\u00edsticas na Contemporaneidade na Faculdade C\u00e1sper L\u00edbero (FCL). Foi editor web no Startupi e no Finsiders, atuando ainda como editor no TC Mover, portal de not\u00edcias da TradersClub, fazendo a cobertura de assuntos relacionados ao mercado financeiro interno e externo. Atualmente, \u00e9 Rep\u00f3rter do Suno Not\u00edcias.","url":"https:\/\/www.suno.com.br\/noticias\/author\/giovanni-porfiriosuno-com-br\/"}]}},"default_loop_html":"<div class=\"cardsPage__listCard__boxs\"><div class=\"cardsPage__listCard__boxs__img\"><a href=\"https:\/\/www.suno.com.br\/noticias\/selic-queda-varejo-2024-balancos-gpj\/\"><img class=\"mask\" src=\"https:\/\/www.suno.com.br\/noticias\/wp-content\/themes\/suno\/resources\/images\/spotlight\/spotlight1img\/bg-mask.png\" alt=\"Image Mask\"\/><img src=\"https:\/\/files.sunoresearch.com.br\/n\/uploads\/2024\/04\/markus-spiske-wL7pwimB78Q-unsplash-1-400x200.jpg\" alt=\"Com Selic em queda, setor de varejo vai melhorar nos pr\u00f3ximos meses?\"\/><\/a><span class=\"spotlightCategory\"><a href=\"https:\/\/www.suno.com.br\/noticias\/negocios\/\">Neg\u00f3cios<\/a><\/span><\/div><div class=\"cardsPage__listCard__boxs__content\"><a href=\"https:\/\/www.suno.com.br\/noticias\/selic-queda-varejo-2024-balancos-gpj\/\"><h2 class=\"content__title\">Com Selic em queda, setor de varejo vai melhorar nos pr\u00f3ximos meses?<\/h2><\/a><div class=\"newsContent__article__meta\"><div class=\"newsContent__article__meta__authorBox\"><a href=\"https:\/\/www.suno.com.br\/noticias\/author\/giovanni-porfiriosuno-com-br\/\" class=\"authorBox__avatar noMobi\"><img src=\"https:\/\/files.sunoresearch.com.br\/n\/uploads\/2024\/05\/DSCF4115-1-1-150x150.webp\" alt=\"Giovanni Porf\u00edrio Jacomino\"><\/a><div class=\"authorBox__name\"><span>por\n\t\t\t<a href=\"https:\/\/www.suno.com.br\/noticias\/author\/giovanni-porfiriosuno-com-br\/\"><span itemprop=\"author\">Giovanni Porf\u00edrio Jacomino<\/span><\/a><\/span><time datetime=\"2024-04-03T13:53:35-03:00\" itemprop=\"datePublished\">03\/04\/2024 13:53<\/time><\/div><\/div><\/div><\/div><\/div>","single_layout":"posts","amp_enabled":true,"_links":{"self":[{"href":"https:\/\/www.suno.com.br\/noticias\/wp-json\/wp\/v2\/posts\/540458"}],"collection":[{"href":"https:\/\/www.suno.com.br\/noticias\/wp-json\/wp\/v2\/posts"}],"about":[{"href":"https:\/\/www.suno.com.br\/noticias\/wp-json\/wp\/v2\/types\/post"}],"author":[{"embeddable":true,"href":"https:\/\/www.suno.com.br\/noticias\/wp-json\/wp\/v2\/users\/313"}],"replies":[{"embeddable":true,"href":"https:\/\/www.suno.com.br\/noticias\/wp-json\/wp\/v2\/comments?post=540458"}],"version-history":[{"count":2,"href":"https:\/\/www.suno.com.br\/noticias\/wp-json\/wp\/v2\/posts\/540458\/revisions"}],"predecessor-version":[{"id":540491,"href":"https:\/\/www.suno.com.br\/noticias\/wp-json\/wp\/v2\/posts\/540458\/revisions\/540491"}],"wp:featuredmedia":[{"embeddable":true,"href":"https:\/\/www.suno.com.br\/noticias\/wp-json\/wp\/v2\/media\/540466"}],"wp:attachment":[{"href":"https:\/\/www.suno.com.br\/noticias\/wp-json\/wp\/v2\/media?parent=540458"}],"wp:term":[{"taxonomy":"category","embeddable":true,"href":"https:\/\/www.suno.com.br\/noticias\/wp-json\/wp\/v2\/categories?post=540458"},{"taxonomy":"post_tag","embeddable":true,"href":"https:\/\/www.suno.com.br\/noticias\/wp-json\/wp\/v2\/tags?post=540458"},{"taxonomy":"suno_strategy","embeddable":true,"href":"https:\/\/www.suno.com.br\/noticias\/wp-json\/wp\/v2\/suno_strategy?post=540458"}],"curies":[{"name":"wp","href":"https:\/\/api.w.org\/{rel}","templated":true}]}}