{"id":539885,"date":"2024-04-02T08:44:10","date_gmt":"2024-04-02T11:44:10","guid":{"rendered":"https:\/\/www.suno.com.br\/noticias\/?p=539885"},"modified":"2024-04-02T08:44:17","modified_gmt":"2024-04-02T11:44:17","slug":"boletim-focus-taxa-selic-inalterada-pib-alta-cpf","status":"publish","type":"post","link":"https:\/\/www.suno.com.br\/noticias\/boletim-focus-taxa-selic-inalterada-pib-alta-cpf\/","title":{"rendered":"Selic inalterada e PIB em alta: veja as proje\u00e7\u00f5es do Boletim Focus da semana"},"content":{"rendered":"<p>O mercado financeiro segurou a sua proje\u00e7\u00e3o para a <a class=\"suno-keyword\" data-force=\"no\" data-priority=\"1\" href=\"https:\/\/www.suno.com.br\/artigos\/taxa-de-juros\/\" target=\"_blank\" rel=\"noopener\">taxa b\u00e1sica de juros<\/a>, a <strong>Selic<\/strong>, inalterada no Boletim Focus desta semana. O mesmo aconteceu com a infla\u00e7\u00e3o oficial (IPCA) e o c\u00e2mbio, havendo apenas alta nas expectativas para o Produto Interno Bruto (PIB).<\/p>\t<div class=\"wrapper-featured-image\">\n\t\t<figure class=\"spotlightImg\">\n\n\t\t\t<picture>\n\t\t\t\t<source media=\"(max-width: 768px)\" srcset=\"https:\/\/files.sunoresearch.com.br\/n\/uploads\/2024\/03\/iStock-1318470769-e1746708668201-400x200.webp\">\n\t\t\t\t<img loading=\"lazy\" decoding=\"async\" class=\"newsContent__article__imgCapa lazyloadDisabled \" src=\"https:\/\/files.sunoresearch.com.br\/n\/uploads\/2024\/03\/iStock-1318470769-e1746708668201-800x450.webp\" width=\"800\" height=\"450\" alt=\"Selic inalterada e PIB em alta: veja as proje\u00e7\u00f5es do Boletim Focus da semana\" fetchpriority=high \/>\n\t\t\t<\/picture>\n\n\t\t\t<figcaption class=\"wp-caption-text wp-caption-text--show\">Selic. Foto: iStock.<\/figcaption>\n\t\t<\/figure>\n\t<\/div>\n\n\n\n\n\n\t<p>\n\t\t<a href=\"\" target=\"_blank\" data-element=\"shortcode-suno-banner\" title=\"Banner SUNO, clique e saiba mais\">\n\t\t\t<picture>\n\t\t\t\t<source media=\"(max-width: 500px)\" srcset=\"\">\n\t\t\t\t<img class=\"newsContent__article__imgCapa newsContent__article__imgCapa--banner\"\n\t\t\t\t\tsrc=\"\"\n\t\t\t\t\tdata-promo-id=\"240038\"\t\t\t\t\t\t\t\t\t\t\t\t\t\t\talt=\"\"\n\t\t\t\t>\n\t\t\t<\/picture>\n\t\t<\/a>\n\t<\/p>\n\n\n\n\n\n<p>Segundo&nbsp;Relat\u00f3rio de Mercado Focus&nbsp;divulgado nesta ter\u00e7a-feira (26) pelo&nbsp;Banco Central&nbsp;(BC) as expectativas para a<strong>&nbsp;taxa Selic<\/strong> permanece em 9,00% at\u00e9 o final deste ano. Essa taxa j\u00e1 \u00e9 refor\u00e7ada pelo relat\u00f3rio h\u00e1 mais de 10 semanas.<\/p>\n\n\n\n<p>De acordo com a pesquisa, para 2025, a torcida do mercado \u00e9 de que a&nbsp;<strong>taxa de juros<\/strong>&nbsp;consiga chegar ao patamar de 8,50% e que mantenha o mesmo valor em 2026.<\/p>\n\n\n\n<p>Paralelamente, ainda conforme o&nbsp;<strong>Focus&nbsp;<\/strong>desta semana, o mercado espera que o&nbsp;<a class=\"suno-keyword\" target=\"_blank\" data-force=\"no\" data-priority=\"2\" href=\"https:\/\/www.suno.com.br\/guias\/ipca\/\" rel=\"noopener\">\u00cdndice Nacional de Pre\u00e7os ao Consumidor Amplo (IPCA)<\/a>, principal indicador de <strong>infla\u00e7\u00e3o<\/strong>, termine 2024 em 3,75%, mesmo dado da semana passada.<\/p>\n\n\n\n<p>Al\u00e9m disso, o mercado financeiro elevou as suas estimativas do PIB deste ano, para 1,89%, ante 1,85% na semana anterior. H\u00e1 quatro semanas, a previs\u00e3o era de 1,77%. Para os pr\u00f3ximos dois anos, a proje\u00e7\u00e3o segue fixada em 2,00%.<\/p>\n\n\n\n<p>No caso do d\u00f3lar, o <a class=\"suno-keyword\" target=\"_blank\" data-force=\"no\" data-priority=\"2\" href=\"https:\/\/www.suno.com.br\/guias\/mercado-financeiro\/\" rel=\"noopener\">mercado financeiro<\/a> manteve sua expectativa para R$ 4,95 para um <strong>d\u00f3lar <\/strong>em 2024 nesta semana. H\u00e1 quatro semanas, a previs\u00e3o era de R$ 4,93. Para 2025, a proje\u00e7\u00e3o \u00e9 que a moeda chegue em R$ 5,00 para um <strong>d\u00f3lar americano<\/strong>.<\/p>\n\n\n\n<p>Na semana anterior, na ter\u00e7a (19) e quarta-feira (20) teve continuidade mais uma reuni\u00e3o do Comit\u00ea de <a class=\"suno-keyword\" target=\"_blank\" data-force=\"no\" data-priority=\"1\" href=\"https:\/\/www.suno.com.br\/artigos\/politica-monetaria\/\" rel=\"noopener\">Pol\u00edtica Monet\u00e1ria<\/a> (Copom) para definir mais <strong>cortes na taxa Selic<\/strong>. Com mais um corte de 50 pontos-base, o indicador est\u00e1 em 10,75% ao ano.<\/p>\n\n\n\t<p>\n\t\t<a href=\"https:\/\/lp.suno.com.br\/ebook-gratuito-investindo-no-exterior\/\" target=\"_blank\" data-element=\"shortcode-suno-banner\" title=\"Banner SUNO, clique e saiba mais\">\n\t\t\t<picture>\n\t\t\t\t<source media=\"(max-width: 500px)\" srcset=\"https:\/\/files.sunoresearch.com.br\/n\/uploads\/2023\/03\/400x300-Investindo-no-exterior.png\">\n\t\t\t\t<img class=\"newsContent__article__imgCapa newsContent__article__imgCapa--banner\"\n\t\t\t\t\tsrc=\"https:\/\/files.sunoresearch.com.br\/n\/uploads\/2023\/03\/1420x240-Investindo-no-exterior.png\"\n\t\t\t\t\tdata-promo-id=\"383161\"\t\t\t\t\t\t\t\t\t\twidth='1420' height='240'\t\t\t\t\talt=\"https:\/\/files.sunoresearch.com.br\/n\/uploads\/2023\/03\/1420x240-Investindo-no-exterior.png\"\n\t\t\t\t>\n\t\t\t<\/picture>\n\t\t<\/a>\n\t<\/p>\n\n\n\n\n\n<h2 class=\"wp-block-heading\">Resumo do Boletim Focus<\/h2>\n\n\n\n<p>Veja, em detalhes, as proje\u00e7\u00f5es mais importantes para 2024 e 2025:<\/p>\n\n\n\n<p><strong>Proje\u00e7\u00f5es Focus 2024<\/strong><\/p>\n\n\n\n<ul class=\"wp-block-list\">\n<li>IPCA: a proje\u00e7\u00e3o manteve em 3,75%<\/li>\n\n\n\n<li>PIB: a proje\u00e7\u00e3o subiu para 1,89%<\/li>\n\n\n\n<li>D\u00f3lar: a previs\u00e3o do c\u00e2mbio se manteve em R$ 4,95<\/li>\n\n\n\n<li>Taxa Selic: a previs\u00e3o se manteve em 9,00%<\/li>\n\n\n\n<li>Balan\u00e7a Comercial: a expectativa para o super\u00e1vit cresceu para US$ 82,00 bilh\u00f5es<\/li>\n\n\n\n<li>Investimento Estrangeiro Direto: a previs\u00e3o caiu para US$ 65,00 bilh\u00f5es<\/li>\n\n\n\n<li>D\u00edvida do Setor P\u00fablico: a previs\u00e3o diminuiu para 63,85% do PIB<\/li>\n<\/ul>\n\n\n\n<p><strong>Proje\u00e7\u00f5es Focus 2025<\/strong><\/p>\n\n\n\n<ul class=\"wp-block-list\">\n<li>IPCA: a proje\u00e7\u00e3o estabilizou em 3,51%<\/li>\n\n\n\n<li>PIB: a proje\u00e7\u00e3o se manteve em 2,00%<\/li>\n\n\n\n<li>D\u00f3lar: a previs\u00e3o do c\u00e2mbio se manteve em R$ 5,00<\/li>\n\n\n\n<li>Taxa Selic: a previs\u00e3o se manteve em 8,50%<\/li>\n\n\n\n<li>Balan\u00e7a Comercial: a expectativa para o super\u00e1vit se manteve em US$ 74,55 bilh\u00f5es<\/li>\n\n\n\n<li>Investimento Estrangeiro Direto: a previs\u00e3o permaneceu inalterada em US$ 73,10 bilh\u00f5es<\/li>\n\n\n\n<li>D\u00edvida do Setor P\u00fablico: a previs\u00e3o se manteve em 66,42% do PIB<\/li>\n<\/ul>\n\n\n\n<p>O<strong> Boletim Focus<\/strong> \u00e9 elaborado semanalmente pelo <strong>Banco Central (BC)<\/strong>. A&nbsp;divulga\u00e7\u00e3o do&nbsp;Relat\u00f3rio de Mercado, que costuma ocorrer sempre \u00e0s segundas-feiras, agora tem ocorrido nas ter\u00e7as-feiras em fun\u00e7\u00e3o da mobiliza\u00e7\u00e3o de servidores do&nbsp;BC em opera\u00e7\u00e3o-padr\u00e3o, informou a institui\u00e7\u00e3o.<\/p>\n\n\n\n<p>Para a composi\u00e7\u00e3o do boletim, s\u00e3o utilizadas as proje\u00e7\u00f5es dos especialistas das 100 principais institui\u00e7\u00f5es ligadas ao mercado financeiro do Brasil para juros, IPCA, c\u00e2mbio, taxa <strong>Selic <\/strong>e outros indicadores.<\/p>\n\n\n\t<p>\n\t\t<a href=\"https:\/\/lp.suno.com.br\/planilha-da-vida-financeira\/\" target=\"_blank\" data-element=\"shortcode-suno-banner\" title=\"Banner SUNO, clique e saiba mais\">\n\t\t\t<picture>\n\t\t\t\t<source media=\"(max-width: 500px)\" srcset=\"https:\/\/files.sunoresearch.com.br\/n\/uploads\/2023\/04\/400x300-Planilha-vida-financeira-true.png\">\n\t\t\t\t<img class=\"newsContent__article__imgCapa newsContent__article__imgCapa--banner\"\n\t\t\t\t\tsrc=\"https:\/\/files.sunoresearch.com.br\/n\/uploads\/2023\/04\/1420x240-Planilha-vida-financeira-true.png\"\n\t\t\t\t\tdata-promo-id=\"383123\"\t\t\t\t\t\t\t\t\t\twidth='1420' height='240'\t\t\t\t\talt=\"https:\/\/files.sunoresearch.com.br\/n\/uploads\/2023\/04\/1420x240-Planilha-vida-financeira-true.png\"\n\t\t\t\t>\n\t\t\t<\/picture>\n\t\t<\/a>\n\t<\/p>\n\n\n","protected":false},"excerpt":{"rendered":"<p>O mercado financeiro segurou a sua proje\u00e7\u00e3o para a taxa b\u00e1sica de juros, a Selic, inalterada no Boletim Focus desta semana. O mesmo aconteceu com a infla\u00e7\u00e3o oficial (IPCA) e o c\u00e2mbio, havendo apenas alta nas expectativas para o Produto Interno Bruto (PIB). Selic. Foto: iStock. Segundo&nbsp;Relat\u00f3rio de Mercado Focus&nbsp;divulgado nesta ter\u00e7a-feira (26) pelo&nbsp;Banco Central&nbsp;(BC) [&hellip;]<\/p>\n","protected":false},"author":283,"featured_media":532434,"comment_status":"closed","ping_status":"closed","sticky":false,"template":"","format":"standard","meta":[],"categories":[62],"tags":[1842,834,326,850,966,807,290],"suno_strategy":[],"class_list":["post-539885","post","type-post","status-publish","format-standard","has-post-thumbnail","hentry","category-economia","tag-banco-central-bc","tag-boletim-focus","tag-dolar","tag-inflacao","tag-ipca","tag-produto-interno-bruto-pib","tag-taxa-selic"],"yoast_head":"<!-- This site is optimized with the Yoast SEO plugin v24.4 - https:\/\/yoast.com\/wordpress\/plugins\/seo\/ -->\n<title>Selic inalterada e PIB em alta: veja as proje\u00e7\u00f5es do Boletim Focus<\/title>\n<meta name=\"description\" content=\"No Relat\u00f3rio Focus de mercado, a Selic se manteve como nas semanas anteriores, enquanto o PIB demonstrou expectativas de alta. Veja mais.\" \/>\n<meta name=\"robots\" content=\"index, follow, max-snippet:-1, max-image-preview:large, max-video-preview:-1\" \/>\n<link rel=\"canonical\" href=\"https:\/\/www.suno.com.br\/noticias\/boletim-focus-taxa-selic-inalterada-pib-alta-cpf\/\" \/>\n<meta property=\"og:locale\" content=\"pt_BR\" \/>\n<meta property=\"og:type\" content=\"article\" \/>\n<meta property=\"og:title\" content=\"Selic inalterada e PIB em alta: veja as proje\u00e7\u00f5es do Boletim Focus\" \/>\n<meta property=\"og:description\" content=\"No Relat\u00f3rio Focus de mercado, a Selic se manteve como nas semanas anteriores, enquanto o PIB demonstrou expectativas de alta. Veja mais.\" \/>\n<meta property=\"og:url\" content=\"https:\/\/www.suno.com.br\/noticias\/boletim-focus-taxa-selic-inalterada-pib-alta-cpf\/\" \/>\n<meta property=\"og:site_name\" content=\"Suno Not\u00edcias\" \/>\n<meta property=\"article:publisher\" content=\"https:\/\/facebook.com\/sunoresearch\" \/>\n<meta property=\"og:image\" content=\"https:\/\/files.sunoresearch.com.br\/n\/uploads\/2024\/03\/iStock-1318470769.jpg\" \/>\n\t<meta property=\"og:image:width\" content=\"2345\" \/>\n\t<meta property=\"og:image:height\" content=\"1279\" \/>\n\t<meta property=\"og:image:type\" content=\"image\/jpeg\" \/>\n<meta name=\"author\" content=\"Camila Paim\" \/>\n<meta name=\"twitter:card\" content=\"summary_large_image\" \/>\n<meta name=\"twitter:creator\" content=\"@sunoresearch\" \/>\n<meta name=\"twitter:site\" content=\"@sunoresearch\" \/>\n<meta name=\"twitter:label1\" content=\"Escrito por\" \/>\n\t<meta name=\"twitter:data1\" content=\"Camila Paim\" \/>\n\t<meta name=\"twitter:label2\" content=\"Est. tempo de leitura\" \/>\n\t<meta name=\"twitter:data2\" content=\"3 minutos\" \/>\n<script type=\"application\/ld+json\" class=\"yoast-schema-graph\">{\"@context\":\"https:\/\/schema.org\",\"@graph\":[{\"@type\":\"NewsArticle\",\"@id\":\"https:\/\/www.suno.com.br\/noticias\/boletim-focus-taxa-selic-inalterada-pib-alta-cpf\/#article\",\"isPartOf\":{\"@id\":\"https:\/\/www.suno.com.br\/noticias\/boletim-focus-taxa-selic-inalterada-pib-alta-cpf\/\"},\"author\":{\"name\":\"Camila Paim\",\"@id\":\"https:\/\/www.suno.com.br\/noticias\/#\/schema\/person\/f341d3ae5d1cc685176c9a5327cdfdbb\"},\"headline\":\"Selic inalterada e PIB em alta: veja as proje\u00e7\u00f5es do Boletim Focus da semana\",\"datePublished\":\"2024-04-02T11:44:10+00:00\",\"dateModified\":\"2024-04-02T11:44:17+00:00\",\"mainEntityOfPage\":{\"@id\":\"https:\/\/www.suno.com.br\/noticias\/boletim-focus-taxa-selic-inalterada-pib-alta-cpf\/\"},\"wordCount\":553,\"publisher\":{\"@id\":\"https:\/\/www.suno.com.br\/noticias\/#organization\"},\"image\":{\"@id\":\"https:\/\/www.suno.com.br\/noticias\/boletim-focus-taxa-selic-inalterada-pib-alta-cpf\/#primaryimage\"},\"thumbnailUrl\":\"https:\/\/files.sunoresearch.com.br\/n\/uploads\/2024\/03\/iStock-1318470769-e1746708668201-jpg.webp\",\"keywords\":[\"Banco Central (BC)\",\"Boletim Focus\",\"d\u00f3lar\",\"infla\u00e7\u00e3o\",\"IPCA\",\"Produto Interno Bruto (PIB)\",\"Taxa Selic\"],\"articleSection\":[\"Economia\"],\"inLanguage\":\"pt-BR\"},{\"@type\":\"WebPage\",\"@id\":\"https:\/\/www.suno.com.br\/noticias\/boletim-focus-taxa-selic-inalterada-pib-alta-cpf\/\",\"url\":\"https:\/\/www.suno.com.br\/noticias\/boletim-focus-taxa-selic-inalterada-pib-alta-cpf\/\",\"name\":\"Selic inalterada e PIB em alta: veja as proje\u00e7\u00f5es do Boletim Focus\",\"isPartOf\":{\"@id\":\"https:\/\/www.suno.com.br\/noticias\/#website\"},\"primaryImageOfPage\":{\"@id\":\"https:\/\/www.suno.com.br\/noticias\/boletim-focus-taxa-selic-inalterada-pib-alta-cpf\/#primaryimage\"},\"image\":{\"@id\":\"https:\/\/www.suno.com.br\/noticias\/boletim-focus-taxa-selic-inalterada-pib-alta-cpf\/#primaryimage\"},\"thumbnailUrl\":\"https:\/\/files.sunoresearch.com.br\/n\/uploads\/2024\/03\/iStock-1318470769-e1746708668201-jpg.webp\",\"datePublished\":\"2024-04-02T11:44:10+00:00\",\"dateModified\":\"2024-04-02T11:44:17+00:00\",\"description\":\"No Relat\u00f3rio Focus de mercado, a Selic se manteve como nas semanas anteriores, enquanto o PIB demonstrou expectativas de alta. Veja mais.\",\"breadcrumb\":{\"@id\":\"https:\/\/www.suno.com.br\/noticias\/boletim-focus-taxa-selic-inalterada-pib-alta-cpf\/#breadcrumb\"},\"inLanguage\":\"pt-BR\",\"potentialAction\":[{\"@type\":\"ReadAction\",\"target\":[\"https:\/\/www.suno.com.br\/noticias\/boletim-focus-taxa-selic-inalterada-pib-alta-cpf\/\"]}]},{\"@type\":\"ImageObject\",\"inLanguage\":\"pt-BR\",\"@id\":\"https:\/\/www.suno.com.br\/noticias\/boletim-focus-taxa-selic-inalterada-pib-alta-cpf\/#primaryimage\",\"url\":\"https:\/\/files.sunoresearch.com.br\/n\/uploads\/2024\/03\/iStock-1318470769-e1746708668201-jpg.webp\",\"contentUrl\":\"https:\/\/files.sunoresearch.com.br\/n\/uploads\/2024\/03\/iStock-1318470769-e1746708668201-jpg.webp\",\"width\":1400,\"height\":764,\"caption\":\"Selic. Foto: iStock.\"},{\"@type\":\"BreadcrumbList\",\"@id\":\"https:\/\/www.suno.com.br\/noticias\/boletim-focus-taxa-selic-inalterada-pib-alta-cpf\/#breadcrumb\",\"itemListElement\":[{\"@type\":\"ListItem\",\"position\":1,\"name\":\"Not\u00edcias\",\"item\":\"https:\/\/www.suno.com.br\/noticias\/\"},{\"@type\":\"ListItem\",\"position\":2,\"name\":\"Economia\",\"item\":\"https:\/\/www.suno.com.br\/noticias\/economia\/\"},{\"@type\":\"ListItem\",\"position\":3,\"name\":\"Selic inalterada e PIB em alta: veja as proje\u00e7\u00f5es do Boletim Focus da semana\"}]},{\"@type\":\"WebSite\",\"@id\":\"https:\/\/www.suno.com.br\/noticias\/#website\",\"url\":\"https:\/\/www.suno.com.br\/noticias\/\",\"name\":\"Suno Not\u00edcias\",\"description\":\"Seu portal de informa\u00e7\u00e3o sobre o mundo dos investimentos\",\"publisher\":{\"@id\":\"https:\/\/www.suno.com.br\/noticias\/#organization\"},\"potentialAction\":[{\"@type\":\"SearchAction\",\"target\":{\"@type\":\"EntryPoint\",\"urlTemplate\":\"https:\/\/www.suno.com.br\/noticias\/?s={search_term_string}\"},\"query-input\":{\"@type\":\"PropertyValueSpecification\",\"valueRequired\":true,\"valueName\":\"search_term_string\"}}],\"inLanguage\":\"pt-BR\"},{\"@type\":\"Organization\",\"@id\":\"https:\/\/www.suno.com.br\/noticias\/#organization\",\"name\":\"Suno Not\u00edcias\",\"url\":\"https:\/\/www.suno.com.br\/noticias\/\",\"logo\":{\"@type\":\"ImageObject\",\"inLanguage\":\"pt-BR\",\"@id\":\"https:\/\/www.suno.com.br\/noticias\/#\/schema\/logo\/image\/\",\"url\":\"https:\/\/files.sunoresearch.com.br\/n\/uploads\/2021\/09\/suno-logo.png\",\"contentUrl\":\"https:\/\/files.sunoresearch.com.br\/n\/uploads\/2021\/09\/suno-logo.png\",\"width\":180,\"height\":180,\"caption\":\"Suno Not\u00edcias\"},\"image\":{\"@id\":\"https:\/\/www.suno.com.br\/noticias\/#\/schema\/logo\/image\/\"},\"sameAs\":[\"https:\/\/facebook.com\/sunoresearch\",\"https:\/\/x.com\/sunoresearch\",\"https:\/\/www.instagram.com\/suno\",\"https:\/\/www.linkedin.com\/company\/suno-research\/\",\"https:\/\/www.youtube.com\/c\/sunoresearch\"]},{\"@type\":\"Person\",\"@id\":\"https:\/\/www.suno.com.br\/noticias\/#\/schema\/person\/f341d3ae5d1cc685176c9a5327cdfdbb\",\"name\":\"Camila Paim\",\"image\":{\"@type\":\"ImageObject\",\"inLanguage\":\"pt-BR\",\"@id\":\"https:\/\/www.suno.com.br\/noticias\/#\/schema\/person\/image\/\",\"url\":\"https:\/\/secure.gravatar.com\/avatar\/f33728e65febb1aa7ecf6792956f9b20?s=96&r=g\",\"contentUrl\":\"https:\/\/secure.gravatar.com\/avatar\/f33728e65febb1aa7ecf6792956f9b20?s=96&r=g\",\"caption\":\"Camila Paim\"},\"description\":\"Jornalista formada pela USP, tem experi\u00eancia em reda\u00e7\u00f5es, SEO, Branded Content e Webdesign. Com passagem pelo Jornal da USP, Empiricus e C6 Bank, hoje \u00e9 rep\u00f3rter no Suno Not\u00edcias cobrindo macroeconomia, finan\u00e7as pessoais e startups.\",\"url\":\"https:\/\/www.suno.com.br\/noticias\/author\/camila-figueiredosuno-com-br\/\"}]}<\/script>\n<!-- \/ Yoast SEO plugin. -->","yoast_head_json":{"title":"Selic inalterada e PIB em alta: veja as proje\u00e7\u00f5es do Boletim Focus","description":"No Relat\u00f3rio Focus de mercado, a Selic se manteve como nas semanas anteriores, enquanto o PIB demonstrou expectativas de alta. Veja mais.","robots":{"index":"index","follow":"follow","max-snippet":"max-snippet:-1","max-image-preview":"max-image-preview:large","max-video-preview":"max-video-preview:-1"},"canonical":"https:\/\/www.suno.com.br\/noticias\/boletim-focus-taxa-selic-inalterada-pib-alta-cpf\/","og_locale":"pt_BR","og_type":"article","og_title":"Selic inalterada e PIB em alta: veja as proje\u00e7\u00f5es do Boletim Focus","og_description":"No Relat\u00f3rio Focus de mercado, a Selic se manteve como nas semanas anteriores, enquanto o PIB demonstrou expectativas de alta. Veja mais.","og_url":"https:\/\/www.suno.com.br\/noticias\/boletim-focus-taxa-selic-inalterada-pib-alta-cpf\/","og_site_name":"Suno Not\u00edcias","article_publisher":"https:\/\/facebook.com\/sunoresearch","og_image":[{"width":2345,"height":1279,"url":"https:\/\/files.sunoresearch.com.br\/n\/uploads\/2024\/03\/iStock-1318470769.jpg","type":"image\/jpeg"}],"author":"Camila Paim","twitter_card":"summary_large_image","twitter_creator":"@sunoresearch","twitter_site":"@sunoresearch","twitter_misc":{"Escrito por":"Camila Paim","Est. tempo de leitura":"3 minutos"},"schema":{"@context":"https:\/\/schema.org","@graph":[{"@type":"NewsArticle","@id":"https:\/\/www.suno.com.br\/noticias\/boletim-focus-taxa-selic-inalterada-pib-alta-cpf\/#article","isPartOf":{"@id":"https:\/\/www.suno.com.br\/noticias\/boletim-focus-taxa-selic-inalterada-pib-alta-cpf\/"},"author":{"name":"Camila Paim","@id":"https:\/\/www.suno.com.br\/noticias\/#\/schema\/person\/f341d3ae5d1cc685176c9a5327cdfdbb"},"headline":"Selic inalterada e PIB em alta: veja as proje\u00e7\u00f5es do Boletim Focus da semana","datePublished":"2024-04-02T11:44:10+00:00","dateModified":"2024-04-02T11:44:17+00:00","mainEntityOfPage":{"@id":"https:\/\/www.suno.com.br\/noticias\/boletim-focus-taxa-selic-inalterada-pib-alta-cpf\/"},"wordCount":553,"publisher":{"@id":"https:\/\/www.suno.com.br\/noticias\/#organization"},"image":{"@id":"https:\/\/www.suno.com.br\/noticias\/boletim-focus-taxa-selic-inalterada-pib-alta-cpf\/#primaryimage"},"thumbnailUrl":"https:\/\/files.sunoresearch.com.br\/n\/uploads\/2024\/03\/iStock-1318470769-e1746708668201-jpg.webp","keywords":["Banco Central (BC)","Boletim Focus","d\u00f3lar","infla\u00e7\u00e3o","IPCA","Produto Interno Bruto (PIB)","Taxa Selic"],"articleSection":["Economia"],"inLanguage":"pt-BR"},{"@type":"WebPage","@id":"https:\/\/www.suno.com.br\/noticias\/boletim-focus-taxa-selic-inalterada-pib-alta-cpf\/","url":"https:\/\/www.suno.com.br\/noticias\/boletim-focus-taxa-selic-inalterada-pib-alta-cpf\/","name":"Selic inalterada e PIB em alta: veja as proje\u00e7\u00f5es do Boletim Focus","isPartOf":{"@id":"https:\/\/www.suno.com.br\/noticias\/#website"},"primaryImageOfPage":{"@id":"https:\/\/www.suno.com.br\/noticias\/boletim-focus-taxa-selic-inalterada-pib-alta-cpf\/#primaryimage"},"image":{"@id":"https:\/\/www.suno.com.br\/noticias\/boletim-focus-taxa-selic-inalterada-pib-alta-cpf\/#primaryimage"},"thumbnailUrl":"https:\/\/files.sunoresearch.com.br\/n\/uploads\/2024\/03\/iStock-1318470769-e1746708668201-jpg.webp","datePublished":"2024-04-02T11:44:10+00:00","dateModified":"2024-04-02T11:44:17+00:00","description":"No Relat\u00f3rio Focus de mercado, a Selic se manteve como nas semanas anteriores, enquanto o PIB demonstrou expectativas de alta. Veja mais.","breadcrumb":{"@id":"https:\/\/www.suno.com.br\/noticias\/boletim-focus-taxa-selic-inalterada-pib-alta-cpf\/#breadcrumb"},"inLanguage":"pt-BR","potentialAction":[{"@type":"ReadAction","target":["https:\/\/www.suno.com.br\/noticias\/boletim-focus-taxa-selic-inalterada-pib-alta-cpf\/"]}]},{"@type":"ImageObject","inLanguage":"pt-BR","@id":"https:\/\/www.suno.com.br\/noticias\/boletim-focus-taxa-selic-inalterada-pib-alta-cpf\/#primaryimage","url":"https:\/\/files.sunoresearch.com.br\/n\/uploads\/2024\/03\/iStock-1318470769-e1746708668201-jpg.webp","contentUrl":"https:\/\/files.sunoresearch.com.br\/n\/uploads\/2024\/03\/iStock-1318470769-e1746708668201-jpg.webp","width":1400,"height":764,"caption":"Selic. Foto: iStock."},{"@type":"BreadcrumbList","@id":"https:\/\/www.suno.com.br\/noticias\/boletim-focus-taxa-selic-inalterada-pib-alta-cpf\/#breadcrumb","itemListElement":[{"@type":"ListItem","position":1,"name":"Not\u00edcias","item":"https:\/\/www.suno.com.br\/noticias\/"},{"@type":"ListItem","position":2,"name":"Economia","item":"https:\/\/www.suno.com.br\/noticias\/economia\/"},{"@type":"ListItem","position":3,"name":"Selic inalterada e PIB em alta: veja as proje\u00e7\u00f5es do Boletim Focus da semana"}]},{"@type":"WebSite","@id":"https:\/\/www.suno.com.br\/noticias\/#website","url":"https:\/\/www.suno.com.br\/noticias\/","name":"Suno Not\u00edcias","description":"Seu portal de informa\u00e7\u00e3o sobre o mundo dos investimentos","publisher":{"@id":"https:\/\/www.suno.com.br\/noticias\/#organization"},"potentialAction":[{"@type":"SearchAction","target":{"@type":"EntryPoint","urlTemplate":"https:\/\/www.suno.com.br\/noticias\/?s={search_term_string}"},"query-input":{"@type":"PropertyValueSpecification","valueRequired":true,"valueName":"search_term_string"}}],"inLanguage":"pt-BR"},{"@type":"Organization","@id":"https:\/\/www.suno.com.br\/noticias\/#organization","name":"Suno Not\u00edcias","url":"https:\/\/www.suno.com.br\/noticias\/","logo":{"@type":"ImageObject","inLanguage":"pt-BR","@id":"https:\/\/www.suno.com.br\/noticias\/#\/schema\/logo\/image\/","url":"https:\/\/files.sunoresearch.com.br\/n\/uploads\/2021\/09\/suno-logo.png","contentUrl":"https:\/\/files.sunoresearch.com.br\/n\/uploads\/2021\/09\/suno-logo.png","width":180,"height":180,"caption":"Suno Not\u00edcias"},"image":{"@id":"https:\/\/www.suno.com.br\/noticias\/#\/schema\/logo\/image\/"},"sameAs":["https:\/\/facebook.com\/sunoresearch","https:\/\/x.com\/sunoresearch","https:\/\/www.instagram.com\/suno","https:\/\/www.linkedin.com\/company\/suno-research\/","https:\/\/www.youtube.com\/c\/sunoresearch"]},{"@type":"Person","@id":"https:\/\/www.suno.com.br\/noticias\/#\/schema\/person\/f341d3ae5d1cc685176c9a5327cdfdbb","name":"Camila Paim","image":{"@type":"ImageObject","inLanguage":"pt-BR","@id":"https:\/\/www.suno.com.br\/noticias\/#\/schema\/person\/image\/","url":"https:\/\/secure.gravatar.com\/avatar\/f33728e65febb1aa7ecf6792956f9b20?s=96&r=g","contentUrl":"https:\/\/secure.gravatar.com\/avatar\/f33728e65febb1aa7ecf6792956f9b20?s=96&r=g","caption":"Camila Paim"},"description":"Jornalista formada pela USP, tem experi\u00eancia em reda\u00e7\u00f5es, SEO, Branded Content e Webdesign. Com passagem pelo Jornal da USP, Empiricus e C6 Bank, hoje \u00e9 rep\u00f3rter no Suno Not\u00edcias cobrindo macroeconomia, finan\u00e7as pessoais e startups.","url":"https:\/\/www.suno.com.br\/noticias\/author\/camila-figueiredosuno-com-br\/"}]}},"default_loop_html":"<div class=\"cardsPage__listCard__boxs\"><div class=\"cardsPage__listCard__boxs__img\"><a href=\"https:\/\/www.suno.com.br\/noticias\/boletim-focus-taxa-selic-inalterada-pib-alta-cpf\/\"><img class=\"mask\" src=\"https:\/\/www.suno.com.br\/noticias\/wp-content\/themes\/suno\/resources\/images\/spotlight\/spotlight1img\/bg-mask.png\" alt=\"Image Mask\"\/><img src=\"https:\/\/files.sunoresearch.com.br\/n\/uploads\/2024\/03\/iStock-1318470769-e1746708668201-400x200.webp\" alt=\"Selic inalterada e PIB em alta: veja as proje\u00e7\u00f5es do Boletim Focus da semana\"\/><\/a><span class=\"spotlightCategory\"><a href=\"https:\/\/www.suno.com.br\/noticias\/economia\/\">Economia<\/a><\/span><\/div><div class=\"cardsPage__listCard__boxs__content\"><a href=\"https:\/\/www.suno.com.br\/noticias\/boletim-focus-taxa-selic-inalterada-pib-alta-cpf\/\"><h2 class=\"content__title\">Selic inalterada e PIB em alta: veja as proje\u00e7\u00f5es do Boletim Focus da semana<\/h2><\/a><div class=\"newsContent__article__meta\"><div class=\"newsContent__article__meta__authorBox\"><a href=\"https:\/\/www.suno.com.br\/noticias\/author\/camila-figueiredosuno-com-br\/\" class=\"authorBox__avatar noMobi\"><img src=\"https:\/\/files.sunoresearch.com.br\/n\/uploads\/2024\/05\/camila-paim-square-150x150.jpg\" alt=\"Camila Paim\"><\/a><div class=\"authorBox__name\"><span>por\n\t\t\t<a href=\"https:\/\/www.suno.com.br\/noticias\/author\/camila-figueiredosuno-com-br\/\"><span itemprop=\"author\">Camila Paim<\/span><\/a><\/span><time datetime=\"2024-04-02T08:44:10-03:00\" itemprop=\"datePublished\">02\/04\/2024 08:44<\/time><\/div><\/div><\/div><\/div><\/div>","single_layout":"posts","amp_enabled":true,"_links":{"self":[{"href":"https:\/\/www.suno.com.br\/noticias\/wp-json\/wp\/v2\/posts\/539885"}],"collection":[{"href":"https:\/\/www.suno.com.br\/noticias\/wp-json\/wp\/v2\/posts"}],"about":[{"href":"https:\/\/www.suno.com.br\/noticias\/wp-json\/wp\/v2\/types\/post"}],"author":[{"embeddable":true,"href":"https:\/\/www.suno.com.br\/noticias\/wp-json\/wp\/v2\/users\/283"}],"replies":[{"embeddable":true,"href":"https:\/\/www.suno.com.br\/noticias\/wp-json\/wp\/v2\/comments?post=539885"}],"version-history":[{"count":3,"href":"https:\/\/www.suno.com.br\/noticias\/wp-json\/wp\/v2\/posts\/539885\/revisions"}],"predecessor-version":[{"id":539899,"href":"https:\/\/www.suno.com.br\/noticias\/wp-json\/wp\/v2\/posts\/539885\/revisions\/539899"}],"wp:featuredmedia":[{"embeddable":true,"href":"https:\/\/www.suno.com.br\/noticias\/wp-json\/wp\/v2\/media\/532434"}],"wp:attachment":[{"href":"https:\/\/www.suno.com.br\/noticias\/wp-json\/wp\/v2\/media?parent=539885"}],"wp:term":[{"taxonomy":"category","embeddable":true,"href":"https:\/\/www.suno.com.br\/noticias\/wp-json\/wp\/v2\/categories?post=539885"},{"taxonomy":"post_tag","embeddable":true,"href":"https:\/\/www.suno.com.br\/noticias\/wp-json\/wp\/v2\/tags?post=539885"},{"taxonomy":"suno_strategy","embeddable":true,"href":"https:\/\/www.suno.com.br\/noticias\/wp-json\/wp\/v2\/suno_strategy?post=539885"}],"curies":[{"name":"wp","href":"https:\/\/api.w.org\/{rel}","templated":true}]}}