{"id":539797,"date":"2024-04-01T20:25:19","date_gmt":"2024-04-01T23:25:19","guid":{"rendered":"https:\/\/www.suno.com.br\/noticias\/?p=539797"},"modified":"2024-04-01T20:43:20","modified_gmt":"2024-04-01T23:43:20","slug":"sequoia-seql3-aprova-grupamento-acoes-jvj","status":"publish","type":"post","link":"https:\/\/www.suno.com.br\/noticias\/sequoia-seql3-aprova-grupamento-acoes-jvj\/","title":{"rendered":"Sequoia (SEQL3) aprova novo grupamento de a\u00e7\u00f5es; o que muda?"},"content":{"rendered":"<p>O <a class=\"suno-keyword\" data-force=\"no\" data-priority=\"1\" href=\"https:\/\/www.suno.com.br\/artigos\/conselho-administracao\/\" target=\"_blank\" rel=\"noopener\">conselho de administra\u00e7\u00e3o<\/a> da <a class=\"suno-keyword\" data-force=\"yes\" data-priority=\"2\" href=\"https:\/\/www.suno.com.br\/acoes\/SEQL3\/\" target=\"_blank\" rel=\"noopener\"><strong>Sequoia<\/strong> (SEQL3)<\/a> aprovou a proposta para realiza\u00e7\u00e3o de um novo <a class=\"suno-keyword\" data-force=\"no\" data-priority=\"1\" href=\"https:\/\/www.suno.com.br\/artigos\/grupamento-de-acoes\/\" target=\"_blank\" rel=\"noopener\">grupamento de a\u00e7\u00f5es<\/a>, na propor\u00e7\u00e3o de 20 para 1, conforme comunicado nesta segunda-feira (1\u00ba).<\/p>\t<div class=\"wrapper-featured-image\">\n\t\t<figure class=\"spotlightImg\">\n\n\t\t\t<picture>\n\t\t\t\t<source media=\"(max-width: 768px)\" srcset=\"https:\/\/files.sunoresearch.com.br\/n\/uploads\/2024\/04\/Sequoia-400x200.jpg\">\n\t\t\t\t<img loading=\"lazy\" decoding=\"async\" class=\"newsContent__article__imgCapa lazyloadDisabled \" src=\"https:\/\/files.sunoresearch.com.br\/n\/uploads\/2024\/04\/Sequoia-800x450.jpg\" width=\"800\" height=\"450\" alt=\"Sequoia (SEQL3) aprova novo grupamento de a\u00e7\u00f5es; o que muda?\" fetchpriority=high \/>\n\t\t\t<\/picture>\n\n\t\t\t<figcaption class=\"wp-caption-text wp-caption-text--show\">Sequoia (SEQL3). Foto: Pixabay<\/figcaption>\n\t\t<\/figure>\n\t<\/div>\n\n\n\n\n\n\t<p>\n\t\t<a href=\"https:\/\/lp.suno.com.br\/ebook-como-analisar-uma-acao\/\" target=\"_blank\" data-element=\"shortcode-suno-banner\" title=\"Banner SUNO, clique e saiba mais\">\n\t\t\t<picture>\n\t\t\t\t<source media=\"(max-width: 500px)\" srcset=\"https:\/\/files.sunoresearch.com.br\/n\/uploads\/2023\/12\/Ebook-Acoes-Mobile.jpg\">\n\t\t\t\t<img class=\"newsContent__article__imgCapa newsContent__article__imgCapa--banner\"\n\t\t\t\t\tsrc=\"https:\/\/files.sunoresearch.com.br\/n\/uploads\/2023\/12\/Ebook-Acoes-Desktop.webp\"\n\t\t\t\t\tdata-promo-id=\"311260\"\t\t\t\t\t\t\t\t\t\twidth='1420' height='286'\t\t\t\t\talt=\"https:\/\/files.sunoresearch.com.br\/n\/uploads\/2023\/12\/Ebook-Acoes-Desktop.webp\"\n\t\t\t\t>\n\t\t\t<\/picture>\n\t\t<\/a>\n\t<\/p>\n\n\n\n\n\n<p>A Sequoia prev\u00ea o grupamento de quase 389,649 milh\u00f5es de <a class=\"suno-keyword\" target=\"_blank\" data-force=\"no\" data-priority=\"1\" href=\"https:\/\/www.suno.com.br\/artigos\/o-que-sao-acoes-ordinarias-preferenciais-e-units\/\" rel=\"noopener\">a\u00e7\u00f5es ordin\u00e1rias<\/a>. O grupamento se refere \u00e0s <a class=\"suno-keyword\" target=\"_blank\" data-force=\"no\" data-priority=\"1\" href=\"https:\/\/www.suno.com.br\/artigos\/acoes-nominativas\/\" rel=\"noopener\">a\u00e7\u00f5es nominativas<\/a>, escriturais e sem <a class=\"suno-keyword\" target=\"_blank\" data-force=\"no\" data-priority=\"1\" href=\"https:\/\/www.suno.com.br\/artigos\/valor-nominal\/\" rel=\"noopener\">valor nominal<\/a>, n\u00e3o estando prevista qualquer mudan\u00e7a no valor do capital social da empresa.<\/p>\n\n\n\n<p>Conforme explicado pela companhia em seu comunicado, o <strong>grupamento de a\u00e7\u00f5es da Sequoia<\/strong> pretende cumprir com o of\u00edcio enviado em setembro de 2023 pela Superintend\u00eancia de Listagem e Supervis\u00e3o de Emissores da B3, assim como enquadrar a <strong>a\u00e7\u00e3o SEQL3<\/strong> em pre\u00e7o igual ou acima de R$ 1,00.<\/p>\n\n\n\t<div data-element=\"shortcode-read-more\" class=\"knowMore\">\n\t\t\t\t<span class=\"knowMore__title\">Leia mais<\/span>\n\t\t\t\t<a class=\"knowMore__link\" href=\"https:\/\/www.suno.com.br\/noticias\/ibovespa-analistas-bolsa-otimismo-mm\/\">\n\t\t\tIbovespa: por que analistas se mant\u00eam otimistas com a Bolsa, apesar da queda no 1T24\t\t<\/a>\n\t<\/div>\n\n\n\n\n<p>Caso seja aprovado, o <strong>grupamento da Sequoia<\/strong> vai ser feito na propor\u00e7\u00e3o de 20 para 1. Isso significa que cada conjunto de 20 a\u00e7\u00f5es ordin\u00e1rias v\u00e3o ser agrupadas em 1 a\u00e7\u00e3o ordin\u00e1ria da companhia.<\/p>\n\n\n\n<p>Desde que aconte\u00e7a, o grupamento de a\u00e7\u00f5es n\u00e3o vai alterar a participa\u00e7\u00e3o dos investidores no capital social da empresa, trazendo a garantia de que os acionistas continuem com os mesmos direitos patrimoniais e pol\u00edticos.<\/p>\n\n\n\n<h2 class=\"wp-block-heading\"><a><\/a>Detalhes sobre o grupamento de a\u00e7\u00f5es da Sequoia<\/h2>\n\n\n\n<p>Os investidores que det\u00e9m <strong>a\u00e7\u00f5es da Sequoia<\/strong> em n\u00famero abaixo de 20 ou em quantidade que n\u00e3o seja m\u00faltiplo de 20, v\u00e3o ter 30 dias para ajustar suas posi\u00e7\u00f5es acion\u00e1rias, por meio da negocia\u00e7\u00e3o dos pap\u00e9is, de maneira que as a\u00e7\u00f5es n\u00e3o resultem em fra\u00e7\u00f5es depois de acontecer o grupamento.<\/p>\n\n\n\n<p>Depois do per\u00edodo para ajustar as posi\u00e7\u00f5es acion\u00e1rias, as a\u00e7\u00f5es<strong> SEQL3<\/strong> v\u00e3o passar a negociar de maneira exclusiva na forma grupada, sem que seja preciso qualquer outra formalidade adicional.<\/p>\n\n\n\n<p>Caso existam fra\u00e7\u00f5es de a\u00e7\u00f5es depois do grupamento, ou seja, que n\u00e3o tenham sido ajustadas pelos investidores durante o per\u00edodo de ajuste, elas ser\u00e3o agrupadas em n\u00fameros inteiros e, ap\u00f3s isso, vendidas pela Sequoia por meio de leil\u00e3o na B3.<\/p>\n\n\n\n<p>As a\u00e7\u00f5es da <strong>Sequoia<\/strong> encerraram a sess\u00e3o desta segunda-feira (1\u00ba) em queda de 4,88%, cotadas a R$ 0,39, revertendo os ganhos de 5,13% registrados na quinta-feira (28). Em mar\u00e7o, o desempenho da companhia na <a class=\"suno-keyword\" target=\"_blank\" data-force=\"no\" data-priority=\"3\" href=\"https:\/\/www.suno.com.br\/guias\/bolsa-de-valores\/\" rel=\"noopener\">Bolsa de Valores<\/a> foi negativo em 6,82%.<\/p>\n\n\n\t<p>\n\t\t<a href=\"https:\/\/lp2.suno.com.br\/cl\/black-friday-2025\/?utm_campaign=_SNCDF0E4858_\" target=\"_blank\" data-element=\"shortcode-suno-banner\" title=\"Banner SUNO, clique e saiba mais\">\n\t\t\t<picture>\n\t\t\t\t<source media=\"(max-width: 500px)\" srcset=\"https:\/\/files.sunoresearch.com.br\/n\/uploads\/2025\/10\/Artigos-e-Noticias-Banner-Home-artigos-01-Mobile_-400x300-1-png.webp\">\n\t\t\t\t<img class=\"newsContent__article__imgCapa newsContent__article__imgCapa--banner\"\n\t\t\t\t\tsrc=\"https:\/\/files.sunoresearch.com.br\/n\/uploads\/2025\/10\/Artigos-e-Noticias-Banner-Home-artigos-01-Desktop_-1420x240-1-png.webp\"\n\t\t\t\t\tdata-promo-id=\"311259\"\t\t\t\t\t\t\t\t\t\twidth='1420' height='240'\t\t\t\t\talt=\"https:\/\/files.sunoresearch.com.br\/n\/uploads\/2025\/10\/Artigos-e-Noticias-Banner-Home-artigos-01-Desktop_-1420x240-1-png.webp\"\n\t\t\t\t>\n\t\t\t<\/picture>\n\t\t<\/a>\n\t<\/p>\n\n\n","protected":false},"excerpt":{"rendered":"<p>O conselho de administra\u00e7\u00e3o da Sequoia (SEQL3) aprovou a proposta para realiza\u00e7\u00e3o de um novo grupamento de a\u00e7\u00f5es, na propor\u00e7\u00e3o de 20 para 1, conforme comunicado nesta segunda-feira (1\u00ba). Sequoia (SEQL3). Foto: Pixabay A Sequoia prev\u00ea o grupamento de quase 389,649 milh\u00f5es de a\u00e7\u00f5es ordin\u00e1rias. O grupamento se refere \u00e0s a\u00e7\u00f5es nominativas, escriturais e sem [&hellip;]<\/p>\n","protected":false},"author":173,"featured_media":539798,"comment_status":"closed","ping_status":"closed","sticky":false,"template":"","format":"standard","meta":[],"categories":[64],"tags":[105858],"suno_strategy":[],"class_list":["post-539797","post","type-post","status-publish","format-standard","has-post-thumbnail","hentry","category-negocios","tag-sequoia-seql3"],"yoast_head":"<!-- This site is optimized with the Yoast SEO plugin v24.4 - https:\/\/yoast.com\/wordpress\/plugins\/seo\/ -->\n<title>Sequoia (SEQL3) aprova novo grupamento de a\u00e7\u00f5es; o que muda?<\/title>\n<meta name=\"description\" content=\"A Sequoia (SEQL3) aprovou um novo grupamento de a\u00e7\u00f5es. Mas o que isso muda para a empresa e para o investidor? Confira agora.\" \/>\n<meta name=\"robots\" content=\"index, follow, max-snippet:-1, max-image-preview:large, max-video-preview:-1\" \/>\n<link rel=\"canonical\" href=\"https:\/\/www.suno.com.br\/noticias\/sequoia-seql3-aprova-grupamento-acoes-jvj\/\" \/>\n<meta property=\"og:locale\" content=\"pt_BR\" \/>\n<meta property=\"og:type\" content=\"article\" \/>\n<meta property=\"og:title\" content=\"Sequoia (SEQL3) aprova novo grupamento de a\u00e7\u00f5es; o que muda?\" \/>\n<meta property=\"og:description\" content=\"A Sequoia (SEQL3) aprovou um novo grupamento de a\u00e7\u00f5es. Mas o que isso muda para a empresa e para o investidor? Confira agora.\" \/>\n<meta property=\"og:url\" content=\"https:\/\/www.suno.com.br\/noticias\/sequoia-seql3-aprova-grupamento-acoes-jvj\/\" \/>\n<meta property=\"og:site_name\" content=\"Suno Not\u00edcias\" \/>\n<meta property=\"article:publisher\" content=\"https:\/\/facebook.com\/sunoresearch\" \/>\n<meta property=\"og:image\" content=\"https:\/\/files.sunoresearch.com.br\/n\/uploads\/2024\/04\/Sequoia.jpg\" \/>\n\t<meta property=\"og:image:width\" content=\"1280\" \/>\n\t<meta property=\"og:image:height\" content=\"853\" \/>\n\t<meta property=\"og:image:type\" content=\"image\/jpeg\" \/>\n<meta name=\"author\" content=\"Jo\u00e3o Vitor\" \/>\n<meta name=\"twitter:card\" content=\"summary_large_image\" \/>\n<meta name=\"twitter:creator\" content=\"@sunoresearch\" \/>\n<meta name=\"twitter:site\" content=\"@sunoresearch\" \/>\n<meta name=\"twitter:label1\" content=\"Escrito por\" \/>\n\t<meta name=\"twitter:data1\" content=\"Jo\u00e3o Vitor\" \/>\n\t<meta name=\"twitter:label2\" content=\"Est. tempo de leitura\" \/>\n\t<meta name=\"twitter:data2\" content=\"2 minutos\" \/>\n<script type=\"application\/ld+json\" class=\"yoast-schema-graph\">{\"@context\":\"https:\/\/schema.org\",\"@graph\":[{\"@type\":\"NewsArticle\",\"@id\":\"https:\/\/www.suno.com.br\/noticias\/sequoia-seql3-aprova-grupamento-acoes-jvj\/#article\",\"isPartOf\":{\"@id\":\"https:\/\/www.suno.com.br\/noticias\/sequoia-seql3-aprova-grupamento-acoes-jvj\/\"},\"author\":{\"name\":\"Jo\u00e3o Vitor\",\"@id\":\"https:\/\/www.suno.com.br\/noticias\/#\/schema\/person\/87fc6973867c52dd884811905c43afba\"},\"headline\":\"Sequoia (SEQL3) aprova novo grupamento de a\u00e7\u00f5es; o que muda?\",\"datePublished\":\"2024-04-01T23:25:19+00:00\",\"dateModified\":\"2024-04-01T23:43:20+00:00\",\"mainEntityOfPage\":{\"@id\":\"https:\/\/www.suno.com.br\/noticias\/sequoia-seql3-aprova-grupamento-acoes-jvj\/\"},\"wordCount\":403,\"publisher\":{\"@id\":\"https:\/\/www.suno.com.br\/noticias\/#organization\"},\"image\":{\"@id\":\"https:\/\/www.suno.com.br\/noticias\/sequoia-seql3-aprova-grupamento-acoes-jvj\/#primaryimage\"},\"thumbnailUrl\":\"https:\/\/files.sunoresearch.com.br\/n\/uploads\/2024\/04\/Sequoia.jpg\",\"keywords\":[\"Sequoia (SEQL3)\"],\"articleSection\":[\"Neg\u00f3cios\"],\"inLanguage\":\"pt-BR\"},{\"@type\":\"WebPage\",\"@id\":\"https:\/\/www.suno.com.br\/noticias\/sequoia-seql3-aprova-grupamento-acoes-jvj\/\",\"url\":\"https:\/\/www.suno.com.br\/noticias\/sequoia-seql3-aprova-grupamento-acoes-jvj\/\",\"name\":\"Sequoia (SEQL3) aprova novo grupamento de a\u00e7\u00f5es; o que muda?\",\"isPartOf\":{\"@id\":\"https:\/\/www.suno.com.br\/noticias\/#website\"},\"primaryImageOfPage\":{\"@id\":\"https:\/\/www.suno.com.br\/noticias\/sequoia-seql3-aprova-grupamento-acoes-jvj\/#primaryimage\"},\"image\":{\"@id\":\"https:\/\/www.suno.com.br\/noticias\/sequoia-seql3-aprova-grupamento-acoes-jvj\/#primaryimage\"},\"thumbnailUrl\":\"https:\/\/files.sunoresearch.com.br\/n\/uploads\/2024\/04\/Sequoia.jpg\",\"datePublished\":\"2024-04-01T23:25:19+00:00\",\"dateModified\":\"2024-04-01T23:43:20+00:00\",\"description\":\"A Sequoia (SEQL3) aprovou um novo grupamento de a\u00e7\u00f5es. Mas o que isso muda para a empresa e para o investidor? Confira agora.\",\"breadcrumb\":{\"@id\":\"https:\/\/www.suno.com.br\/noticias\/sequoia-seql3-aprova-grupamento-acoes-jvj\/#breadcrumb\"},\"inLanguage\":\"pt-BR\",\"potentialAction\":[{\"@type\":\"ReadAction\",\"target\":[\"https:\/\/www.suno.com.br\/noticias\/sequoia-seql3-aprova-grupamento-acoes-jvj\/\"]}]},{\"@type\":\"ImageObject\",\"inLanguage\":\"pt-BR\",\"@id\":\"https:\/\/www.suno.com.br\/noticias\/sequoia-seql3-aprova-grupamento-acoes-jvj\/#primaryimage\",\"url\":\"https:\/\/files.sunoresearch.com.br\/n\/uploads\/2024\/04\/Sequoia.jpg\",\"contentUrl\":\"https:\/\/files.sunoresearch.com.br\/n\/uploads\/2024\/04\/Sequoia.jpg\",\"width\":1280,\"height\":853,\"caption\":\"Sequoia (SEQL3). Foto: Pixabay\"},{\"@type\":\"BreadcrumbList\",\"@id\":\"https:\/\/www.suno.com.br\/noticias\/sequoia-seql3-aprova-grupamento-acoes-jvj\/#breadcrumb\",\"itemListElement\":[{\"@type\":\"ListItem\",\"position\":1,\"name\":\"Not\u00edcias\",\"item\":\"https:\/\/www.suno.com.br\/noticias\/\"},{\"@type\":\"ListItem\",\"position\":2,\"name\":\"Neg\u00f3cios\",\"item\":\"https:\/\/www.suno.com.br\/noticias\/negocios\/\"},{\"@type\":\"ListItem\",\"position\":3,\"name\":\"Sequoia (SEQL3) aprova novo grupamento de a\u00e7\u00f5es; o que muda?\"}]},{\"@type\":\"WebSite\",\"@id\":\"https:\/\/www.suno.com.br\/noticias\/#website\",\"url\":\"https:\/\/www.suno.com.br\/noticias\/\",\"name\":\"Suno Not\u00edcias\",\"description\":\"Seu portal de informa\u00e7\u00e3o sobre o mundo dos investimentos\",\"publisher\":{\"@id\":\"https:\/\/www.suno.com.br\/noticias\/#organization\"},\"potentialAction\":[{\"@type\":\"SearchAction\",\"target\":{\"@type\":\"EntryPoint\",\"urlTemplate\":\"https:\/\/www.suno.com.br\/noticias\/?s={search_term_string}\"},\"query-input\":{\"@type\":\"PropertyValueSpecification\",\"valueRequired\":true,\"valueName\":\"search_term_string\"}}],\"inLanguage\":\"pt-BR\"},{\"@type\":\"Organization\",\"@id\":\"https:\/\/www.suno.com.br\/noticias\/#organization\",\"name\":\"Suno Not\u00edcias\",\"url\":\"https:\/\/www.suno.com.br\/noticias\/\",\"logo\":{\"@type\":\"ImageObject\",\"inLanguage\":\"pt-BR\",\"@id\":\"https:\/\/www.suno.com.br\/noticias\/#\/schema\/logo\/image\/\",\"url\":\"https:\/\/files.sunoresearch.com.br\/n\/uploads\/2021\/09\/suno-logo.png\",\"contentUrl\":\"https:\/\/files.sunoresearch.com.br\/n\/uploads\/2021\/09\/suno-logo.png\",\"width\":180,\"height\":180,\"caption\":\"Suno Not\u00edcias\"},\"image\":{\"@id\":\"https:\/\/www.suno.com.br\/noticias\/#\/schema\/logo\/image\/\"},\"sameAs\":[\"https:\/\/facebook.com\/sunoresearch\",\"https:\/\/x.com\/sunoresearch\",\"https:\/\/www.instagram.com\/suno\",\"https:\/\/www.linkedin.com\/company\/suno-research\/\",\"https:\/\/www.youtube.com\/c\/sunoresearch\"]},{\"@type\":\"Person\",\"@id\":\"https:\/\/www.suno.com.br\/noticias\/#\/schema\/person\/87fc6973867c52dd884811905c43afba\",\"name\":\"Jo\u00e3o Vitor\",\"image\":{\"@type\":\"ImageObject\",\"inLanguage\":\"pt-BR\",\"@id\":\"https:\/\/www.suno.com.br\/noticias\/#\/schema\/person\/image\/\",\"url\":\"https:\/\/secure.gravatar.com\/avatar\/2843227ca03ccf8cc7ccca45204c127e?s=96&r=g\",\"contentUrl\":\"https:\/\/secure.gravatar.com\/avatar\/2843227ca03ccf8cc7ccca45204c127e?s=96&r=g\",\"caption\":\"Jo\u00e3o Vitor\"},\"description\":\"Redator profissional, com atua\u00e7\u00e3o no mercado editorial na produ\u00e7\u00e3o de not\u00edcias e conte\u00fados sobre o mercado de a\u00e7\u00f5es, fundos imobili\u00e1rios e economia popular. Graduando em Engenharia Qu\u00edmica pela Unesp, tamb\u00e9m j\u00e1 atuou como consultor financeiro.\",\"url\":\"https:\/\/www.suno.com.br\/noticias\/author\/joao-vitor-jacintho\/\"}]}<\/script>\n<!-- \/ Yoast SEO plugin. -->","yoast_head_json":{"title":"Sequoia (SEQL3) aprova novo grupamento de a\u00e7\u00f5es; o que muda?","description":"A Sequoia (SEQL3) aprovou um novo grupamento de a\u00e7\u00f5es. Mas o que isso muda para a empresa e para o investidor? Confira agora.","robots":{"index":"index","follow":"follow","max-snippet":"max-snippet:-1","max-image-preview":"max-image-preview:large","max-video-preview":"max-video-preview:-1"},"canonical":"https:\/\/www.suno.com.br\/noticias\/sequoia-seql3-aprova-grupamento-acoes-jvj\/","og_locale":"pt_BR","og_type":"article","og_title":"Sequoia (SEQL3) aprova novo grupamento de a\u00e7\u00f5es; o que muda?","og_description":"A Sequoia (SEQL3) aprovou um novo grupamento de a\u00e7\u00f5es. Mas o que isso muda para a empresa e para o investidor? Confira agora.","og_url":"https:\/\/www.suno.com.br\/noticias\/sequoia-seql3-aprova-grupamento-acoes-jvj\/","og_site_name":"Suno Not\u00edcias","article_publisher":"https:\/\/facebook.com\/sunoresearch","og_image":[{"width":1280,"height":853,"url":"https:\/\/files.sunoresearch.com.br\/n\/uploads\/2024\/04\/Sequoia.jpg","type":"image\/jpeg"}],"author":"Jo\u00e3o Vitor","twitter_card":"summary_large_image","twitter_creator":"@sunoresearch","twitter_site":"@sunoresearch","twitter_misc":{"Escrito por":"Jo\u00e3o Vitor","Est. tempo de leitura":"2 minutos"},"schema":{"@context":"https:\/\/schema.org","@graph":[{"@type":"NewsArticle","@id":"https:\/\/www.suno.com.br\/noticias\/sequoia-seql3-aprova-grupamento-acoes-jvj\/#article","isPartOf":{"@id":"https:\/\/www.suno.com.br\/noticias\/sequoia-seql3-aprova-grupamento-acoes-jvj\/"},"author":{"name":"Jo\u00e3o Vitor","@id":"https:\/\/www.suno.com.br\/noticias\/#\/schema\/person\/87fc6973867c52dd884811905c43afba"},"headline":"Sequoia (SEQL3) aprova novo grupamento de a\u00e7\u00f5es; o que muda?","datePublished":"2024-04-01T23:25:19+00:00","dateModified":"2024-04-01T23:43:20+00:00","mainEntityOfPage":{"@id":"https:\/\/www.suno.com.br\/noticias\/sequoia-seql3-aprova-grupamento-acoes-jvj\/"},"wordCount":403,"publisher":{"@id":"https:\/\/www.suno.com.br\/noticias\/#organization"},"image":{"@id":"https:\/\/www.suno.com.br\/noticias\/sequoia-seql3-aprova-grupamento-acoes-jvj\/#primaryimage"},"thumbnailUrl":"https:\/\/files.sunoresearch.com.br\/n\/uploads\/2024\/04\/Sequoia.jpg","keywords":["Sequoia (SEQL3)"],"articleSection":["Neg\u00f3cios"],"inLanguage":"pt-BR"},{"@type":"WebPage","@id":"https:\/\/www.suno.com.br\/noticias\/sequoia-seql3-aprova-grupamento-acoes-jvj\/","url":"https:\/\/www.suno.com.br\/noticias\/sequoia-seql3-aprova-grupamento-acoes-jvj\/","name":"Sequoia (SEQL3) aprova novo grupamento de a\u00e7\u00f5es; o que muda?","isPartOf":{"@id":"https:\/\/www.suno.com.br\/noticias\/#website"},"primaryImageOfPage":{"@id":"https:\/\/www.suno.com.br\/noticias\/sequoia-seql3-aprova-grupamento-acoes-jvj\/#primaryimage"},"image":{"@id":"https:\/\/www.suno.com.br\/noticias\/sequoia-seql3-aprova-grupamento-acoes-jvj\/#primaryimage"},"thumbnailUrl":"https:\/\/files.sunoresearch.com.br\/n\/uploads\/2024\/04\/Sequoia.jpg","datePublished":"2024-04-01T23:25:19+00:00","dateModified":"2024-04-01T23:43:20+00:00","description":"A Sequoia (SEQL3) aprovou um novo grupamento de a\u00e7\u00f5es. Mas o que isso muda para a empresa e para o investidor? Confira agora.","breadcrumb":{"@id":"https:\/\/www.suno.com.br\/noticias\/sequoia-seql3-aprova-grupamento-acoes-jvj\/#breadcrumb"},"inLanguage":"pt-BR","potentialAction":[{"@type":"ReadAction","target":["https:\/\/www.suno.com.br\/noticias\/sequoia-seql3-aprova-grupamento-acoes-jvj\/"]}]},{"@type":"ImageObject","inLanguage":"pt-BR","@id":"https:\/\/www.suno.com.br\/noticias\/sequoia-seql3-aprova-grupamento-acoes-jvj\/#primaryimage","url":"https:\/\/files.sunoresearch.com.br\/n\/uploads\/2024\/04\/Sequoia.jpg","contentUrl":"https:\/\/files.sunoresearch.com.br\/n\/uploads\/2024\/04\/Sequoia.jpg","width":1280,"height":853,"caption":"Sequoia (SEQL3). Foto: Pixabay"},{"@type":"BreadcrumbList","@id":"https:\/\/www.suno.com.br\/noticias\/sequoia-seql3-aprova-grupamento-acoes-jvj\/#breadcrumb","itemListElement":[{"@type":"ListItem","position":1,"name":"Not\u00edcias","item":"https:\/\/www.suno.com.br\/noticias\/"},{"@type":"ListItem","position":2,"name":"Neg\u00f3cios","item":"https:\/\/www.suno.com.br\/noticias\/negocios\/"},{"@type":"ListItem","position":3,"name":"Sequoia (SEQL3) aprova novo grupamento de a\u00e7\u00f5es; o que muda?"}]},{"@type":"WebSite","@id":"https:\/\/www.suno.com.br\/noticias\/#website","url":"https:\/\/www.suno.com.br\/noticias\/","name":"Suno Not\u00edcias","description":"Seu portal de informa\u00e7\u00e3o sobre o mundo dos investimentos","publisher":{"@id":"https:\/\/www.suno.com.br\/noticias\/#organization"},"potentialAction":[{"@type":"SearchAction","target":{"@type":"EntryPoint","urlTemplate":"https:\/\/www.suno.com.br\/noticias\/?s={search_term_string}"},"query-input":{"@type":"PropertyValueSpecification","valueRequired":true,"valueName":"search_term_string"}}],"inLanguage":"pt-BR"},{"@type":"Organization","@id":"https:\/\/www.suno.com.br\/noticias\/#organization","name":"Suno Not\u00edcias","url":"https:\/\/www.suno.com.br\/noticias\/","logo":{"@type":"ImageObject","inLanguage":"pt-BR","@id":"https:\/\/www.suno.com.br\/noticias\/#\/schema\/logo\/image\/","url":"https:\/\/files.sunoresearch.com.br\/n\/uploads\/2021\/09\/suno-logo.png","contentUrl":"https:\/\/files.sunoresearch.com.br\/n\/uploads\/2021\/09\/suno-logo.png","width":180,"height":180,"caption":"Suno Not\u00edcias"},"image":{"@id":"https:\/\/www.suno.com.br\/noticias\/#\/schema\/logo\/image\/"},"sameAs":["https:\/\/facebook.com\/sunoresearch","https:\/\/x.com\/sunoresearch","https:\/\/www.instagram.com\/suno","https:\/\/www.linkedin.com\/company\/suno-research\/","https:\/\/www.youtube.com\/c\/sunoresearch"]},{"@type":"Person","@id":"https:\/\/www.suno.com.br\/noticias\/#\/schema\/person\/87fc6973867c52dd884811905c43afba","name":"Jo\u00e3o Vitor","image":{"@type":"ImageObject","inLanguage":"pt-BR","@id":"https:\/\/www.suno.com.br\/noticias\/#\/schema\/person\/image\/","url":"https:\/\/secure.gravatar.com\/avatar\/2843227ca03ccf8cc7ccca45204c127e?s=96&r=g","contentUrl":"https:\/\/secure.gravatar.com\/avatar\/2843227ca03ccf8cc7ccca45204c127e?s=96&r=g","caption":"Jo\u00e3o Vitor"},"description":"Redator profissional, com atua\u00e7\u00e3o no mercado editorial na produ\u00e7\u00e3o de not\u00edcias e conte\u00fados sobre o mercado de a\u00e7\u00f5es, fundos imobili\u00e1rios e economia popular. Graduando em Engenharia Qu\u00edmica pela Unesp, tamb\u00e9m j\u00e1 atuou como consultor financeiro.","url":"https:\/\/www.suno.com.br\/noticias\/author\/joao-vitor-jacintho\/"}]}},"default_loop_html":"<div class=\"cardsPage__listCard__boxs\"><div class=\"cardsPage__listCard__boxs__img\"><a href=\"https:\/\/www.suno.com.br\/noticias\/sequoia-seql3-aprova-grupamento-acoes-jvj\/\"><img class=\"mask\" src=\"https:\/\/www.suno.com.br\/noticias\/wp-content\/themes\/suno\/resources\/images\/spotlight\/spotlight1img\/bg-mask.png\" alt=\"Image Mask\"\/><img src=\"https:\/\/files.sunoresearch.com.br\/n\/uploads\/2024\/04\/Sequoia-400x200.jpg\" alt=\"Sequoia (SEQL3) aprova novo grupamento de a\u00e7\u00f5es; o que muda?\"\/><\/a><span class=\"spotlightCategory\"><a href=\"https:\/\/www.suno.com.br\/noticias\/negocios\/\">Neg\u00f3cios<\/a><\/span><\/div><div class=\"cardsPage__listCard__boxs__content\"><a href=\"https:\/\/www.suno.com.br\/noticias\/sequoia-seql3-aprova-grupamento-acoes-jvj\/\"><h2 class=\"content__title\">Sequoia (SEQL3) aprova novo grupamento de a\u00e7\u00f5es; o que muda?<\/h2><\/a><div class=\"newsContent__article__meta\"><div class=\"newsContent__article__meta__authorBox\"><a href=\"https:\/\/www.suno.com.br\/noticias\/author\/joao-vitor-jacintho\/\" class=\"authorBox__avatar noMobi\"><img src=\"https:\/\/secure.gravatar.com\/avatar\/2843227ca03ccf8cc7ccca45204c127e?s=96&#038;r=g\" alt=\"Jo\u00e3o Vitor Jacintho\"><\/a><div class=\"authorBox__name\"><span>por\n\t\t\t<a href=\"https:\/\/www.suno.com.br\/noticias\/author\/joao-vitor-jacintho\/\"><span itemprop=\"author\">Jo\u00e3o Vitor Jacintho<\/span><\/a><\/span><time datetime=\"2024-04-01T20:25:19-03:00\" itemprop=\"datePublished\">01\/04\/2024 20:25<\/time><\/div><\/div><\/div><\/div><\/div>","single_layout":"posts","amp_enabled":true,"_links":{"self":[{"href":"https:\/\/www.suno.com.br\/noticias\/wp-json\/wp\/v2\/posts\/539797"}],"collection":[{"href":"https:\/\/www.suno.com.br\/noticias\/wp-json\/wp\/v2\/posts"}],"about":[{"href":"https:\/\/www.suno.com.br\/noticias\/wp-json\/wp\/v2\/types\/post"}],"author":[{"embeddable":true,"href":"https:\/\/www.suno.com.br\/noticias\/wp-json\/wp\/v2\/users\/173"}],"replies":[{"embeddable":true,"href":"https:\/\/www.suno.com.br\/noticias\/wp-json\/wp\/v2\/comments?post=539797"}],"version-history":[{"count":2,"href":"https:\/\/www.suno.com.br\/noticias\/wp-json\/wp\/v2\/posts\/539797\/revisions"}],"predecessor-version":[{"id":539810,"href":"https:\/\/www.suno.com.br\/noticias\/wp-json\/wp\/v2\/posts\/539797\/revisions\/539810"}],"wp:featuredmedia":[{"embeddable":true,"href":"https:\/\/www.suno.com.br\/noticias\/wp-json\/wp\/v2\/media\/539798"}],"wp:attachment":[{"href":"https:\/\/www.suno.com.br\/noticias\/wp-json\/wp\/v2\/media?parent=539797"}],"wp:term":[{"taxonomy":"category","embeddable":true,"href":"https:\/\/www.suno.com.br\/noticias\/wp-json\/wp\/v2\/categories?post=539797"},{"taxonomy":"post_tag","embeddable":true,"href":"https:\/\/www.suno.com.br\/noticias\/wp-json\/wp\/v2\/tags?post=539797"},{"taxonomy":"suno_strategy","embeddable":true,"href":"https:\/\/www.suno.com.br\/noticias\/wp-json\/wp\/v2\/suno_strategy?post=539797"}],"curies":[{"name":"wp","href":"https:\/\/api.w.org\/{rel}","templated":true}]}}