{"id":539796,"date":"2024-04-01T21:37:04","date_gmt":"2024-04-02T00:37:04","guid":{"rendered":"https:\/\/www.suno.com.br\/noticias\/?p=539796"},"modified":"2024-04-01T21:40:08","modified_gmt":"2024-04-02T00:40:08","slug":"aesbrasil-aesb3-ubsbb-acao-rebeixada-dividendos-mm","status":"publish","type":"post","link":"https:\/\/www.suno.com.br\/noticias\/aesbrasil-aesb3-ubsbb-acao-rebeixada-dividendos-mm\/","title":{"rendered":"AES Brasil (AESB3) derrete: UBS-BB rebaixa empresa por alta alavancagem e desempenho fraco. E como ficam os dividendos?"},"content":{"rendered":"<p>Preocupada com a capacidade da <strong>AES Brasil<\/strong> (AESB3) em gerar caixa de forma consistente, o UBS-BB, um dos maiores <a class=\"suno-keyword\" data-force=\"no\" data-priority=\"1\" href=\"https:\/\/www.suno.com.br\/artigos\/bancos-de-investimento\/\" target=\"_blank\" rel=\"noopener\">bancos de investimento<\/a> do mundo, rebaixou a companhia para \u201cvenda\u201d e cortou o pre\u00e7o-alvo de R$ 12 para R$ 9 por a\u00e7\u00e3o. No preg\u00e3o desta segunda-feira (1\u00ba), as a\u00e7\u00f5es da AES Brasil registraram uma significativa queda em resposta \u00e0 not\u00edcia, encerrando o dia com uma baixa de 6,37%, sendo negociadas a R$ 9,55. No acumulado deste ano, a desvaloriza\u00e7\u00e3o j\u00e1 atinge 22%.<\/p>\t<div class=\"wrapper-featured-image\">\n\t\t<figure class=\"spotlightImg\">\n\n\t\t\t<picture>\n\t\t\t\t<source media=\"(max-width: 768px)\" srcset=\"https:\/\/files.sunoresearch.com.br\/n\/uploads\/2023\/05\/eletricas-empresa-energia-400x200.jpg\">\n\t\t\t\t<img loading=\"lazy\" decoding=\"async\" class=\"newsContent__article__imgCapa lazyloadDisabled \" src=\"https:\/\/files.sunoresearch.com.br\/n\/uploads\/2023\/05\/eletricas-empresa-energia-800x450.jpg\" width=\"800\" height=\"450\" alt=\"AES Brasil (AESB3) derrete: UBS-BB rebaixa empresa por alta alavancagem e desempenho fraco. E como ficam os dividendos?\" fetchpriority=high \/>\n\t\t\t<\/picture>\n\n\t\t\t<figcaption class=\"wp-caption-text wp-caption-text--show\">Empresas de energia. Foto: iStock<\/figcaption>\n\t\t<\/figure>\n\t<\/div>\n\n\n\n\n\n\t<p>\n\t\t<a href=\"https:\/\/lp.suno.com.br\/planilha-da-vida-financeira\/\" target=\"_blank\" data-element=\"shortcode-suno-banner\" title=\"Banner SUNO, clique e saiba mais\">\n\t\t\t<picture>\n\t\t\t\t<source media=\"(max-width: 500px)\" srcset=\"https:\/\/files.sunoresearch.com.br\/n\/uploads\/2023\/04\/400x300-Planilha-vida-financeira-true.png\">\n\t\t\t\t<img class=\"newsContent__article__imgCapa newsContent__article__imgCapa--banner\"\n\t\t\t\t\tsrc=\"https:\/\/files.sunoresearch.com.br\/n\/uploads\/2023\/04\/1420x240-Planilha-vida-financeira-true.png\"\n\t\t\t\t\tdata-promo-id=\"106682\"\t\t\t\t\t\t\t\t\t\twidth='1420' height='240'\t\t\t\t\talt=\"https:\/\/files.sunoresearch.com.br\/n\/uploads\/2023\/04\/1420x240-Planilha-vida-financeira-true.png\"\n\t\t\t\t>\n\t\t\t<\/picture>\n\t\t<\/a>\n\t<\/p>\n\n\n\n\n\n<p>&#8220;Estamos rebaixando a AES para venda devido \u00e0 alta alavancagem, ao fraco desempenho operacional dos <strong>ativos da AES<\/strong>, \u00e0 baixa vida \u00fatil do portf\u00f3lio e \u00e0 volatilidade impulsionada pelas not\u00edcias de venda de ativos&#8221;, diz o relat\u00f3rio do banco.<\/p>\n\n\n\n<p>No texto, os estrategistas afirmam que, embora prevejam o crescimento operacional para a empresa no futuro, os fatores negativos, como o desempenho ruim dos ativos da <strong>AES <\/strong>a somar com o efeito de restri\u00e7\u00e3o e as altas <a class=\"suno-keyword\" target=\"_blank\" data-force=\"no\" data-priority=\"1\" href=\"https:\/\/www.suno.com.br\/artigos\/despesas-financeiras\/\" rel=\"noopener\">despesas financeiras<\/a>, levaram a essa mudan\u00e7a de classifica\u00e7\u00e3o. Atualmente, a AES est\u00e1 sendo negociada com uma <a class=\"suno-keyword\" target=\"_blank\" data-force=\"no\" data-priority=\"1\" href=\"https:\/\/www.suno.com.br\/artigos\/taxa-interna-de-retorno\/\" rel=\"noopener\">Taxa Interna de Retorno<\/a> (TIR) real de 8,1%, enquanto a m\u00e9dia das empresas que a UBS-BB \u00e9 de 10,5%.<\/p>\n\n\n\n<h2 class=\"wp-block-heading\">Mudan\u00e7as financeiras impactam perspectivas da AES Brasil<\/h2>\n\n\n\n<p>A revis\u00e3o<strong> <\/strong>do<strong> <\/strong>modelo financeiro da companhia trouxe uma s\u00e9rie de mudan\u00e7as significativas nos <strong>resultados da AES Brasil<\/strong>, segundo o <strong>UBS-BB<\/strong>. As estimativas de <a class=\"suno-keyword\" data-force=\"no\" data-priority=\"1\" href=\"https:\/\/www.suno.com.br\/artigos\/o-que-receita-liquida\/\" target=\"_blank\" rel=\"noopener\">receita l\u00edquida<\/a> foram ajustadas, refletindo suposi\u00e7\u00f5es mais altas em rela\u00e7\u00e3o aos pre\u00e7os de energia. No entanto, o Ebitda (lucro Antes de Juros, Impostos, <a class=\"suno-keyword\" data-force=\"no\" data-priority=\"1\" href=\"https:\/\/www.suno.com.br\/artigos\/depreciacao-amortizacao\/\" target=\"_blank\" rel=\"noopener\">Deprecia\u00e7\u00e3o e Amortiza\u00e7\u00e3o<\/a>) foi impactado negativamente devido \u00e0 atualiza\u00e7\u00e3o das restri\u00e7\u00f5es e suposi\u00e7\u00f5es de gera\u00e7\u00e3o de energia.<\/p>\n\n\n\n<p>A revis\u00e3o tamb\u00e9m influenciou o <a class=\"suno-keyword\" data-force=\"no\" data-priority=\"1\" href=\"https:\/\/www.suno.com.br\/artigos\/lucro-liquido\/\" target=\"_blank\" rel=\"noopener\">lucro l\u00edquido<\/a> da empresa, impulsionado por dois fatores principais: uma nova al\u00edquota de imposto assumida para o futuro e a incorpora\u00e7\u00e3o da \u00faltima programa\u00e7\u00e3o de amortiza\u00e7\u00e3o da AES. Como resultado dessas mudan\u00e7as, dizem os analistas, espera-se que o <a class=\"suno-keyword\" data-force=\"no\" data-priority=\"1\" href=\"https:\/\/www.suno.com.br\/artigos\/lpa-lucro-por-acao\/\" target=\"_blank\" rel=\"noopener\">Lucro por A\u00e7\u00e3o<\/a> (EPS) aumente em 2026 e 2027, apesar do decl\u00ednio do Ebitda, principalmente devido a estimativas otimistas de resultados financeiros.<\/p>\n\n\n\n<p>Al\u00e9m disso, as proje\u00e7\u00f5es indicam uma queda nos <strong>dividendos da AES Brasil por A\u00e7\u00e3o <\/strong>(DPS) a partir deste ano at\u00e9 2026, devido a um pagamento de <a class=\"suno-keyword\" data-force=\"no\" data-priority=\"1\" href=\"https:\/\/www.suno.com.br\/guias\/dividendos\/\" target=\"_blank\" rel=\"noopener\">dividendos<\/a> menor previsto pela empresa, em virtude de sua alta alavancagem. No entanto, a partir de 2027, os estrategistas esperam um aumento nos DPS, conforme proje\u00e7\u00f5es de <a class=\"suno-keyword\" data-force=\"no\" data-priority=\"1\" href=\"https:\/\/www.suno.com.br\/artigos\/lucro-liquido\/\" target=\"_blank\" rel=\"noopener\">lucro l\u00edquido<\/a> mais elevado.<\/p>\n\n\n\n<p>Uma das mudan\u00e7as mais not\u00e1veis na revis\u00e3o do modelo financeiro \u00e9 a introdu\u00e7\u00e3o de uma penalidade de 10% para a gera\u00e7\u00e3o renov\u00e1vel da <strong>AES Brasil<\/strong>, atribu\u00edda \u00e0 inefici\u00eancia operacional da empresa em seus ativos renov\u00e1veis, juntamente com o efeito das restri\u00e7\u00f5es de gera\u00e7\u00e3o de energia. A compara\u00e7\u00e3o da garantia f\u00edsica de 2023 da AES com a energia gerada real revelou uma disparidade de aproximadamente 10%, levando \u00e0 suposi\u00e7\u00e3o de que essa penalidade persistir\u00e1 ao longo do tempo.<\/p>\n\n\n\t<p>\n\t\t<a href=\"https:\/\/lp.suno.com.br\/ebook-como-analisar-uma-acao\/\" target=\"_blank\" data-element=\"shortcode-suno-banner\" title=\"Banner SUNO, clique e saiba mais\">\n\t\t\t<picture>\n\t\t\t\t<source media=\"(max-width: 500px)\" srcset=\"https:\/\/files.sunoresearch.com.br\/n\/uploads\/2023\/03\/Ebook-Acoes-Mobile.jpg\">\n\t\t\t\t<img class=\"newsContent__article__imgCapa newsContent__article__imgCapa--banner\"\n\t\t\t\t\tsrc=\"https:\/\/files.sunoresearch.com.br\/n\/uploads\/2023\/03\/Ebook-Acoes-Desktop.jpg\"\n\t\t\t\t\tdata-promo-id=\"378302\"\t\t\t\t\t\t\t\t\t\twidth='1420' height='286'\t\t\t\t\talt=\"https:\/\/files.sunoresearch.com.br\/n\/uploads\/2023\/03\/Ebook-Acoes-Desktop.jpg\"\n\t\t\t\t>\n\t\t\t<\/picture>\n\t\t<\/a>\n\t<\/p>\n\n\n\n\n\n<h2 class=\"wp-block-heading\">O que acontece agora com a companhia?<\/h2>\n\n\n\n<p>Com o rebaixamento para &#8220;venda&#8221;, <strong>a a\u00e7\u00e3o da AES Brasil <\/strong>enfrenta um cen\u00e1rio desafiador. Os investidores est\u00e3o preocupados com a capacidade de a empresa em lidar com sua alta alavancagem e melhorar o desempenho operacional de seus ativos. Al\u00e9m disso, a volatilidade do mercado e a baixa vida \u00fatil de seu portf\u00f3lio adicionam incerteza ao futuro da empresa.<\/p>\n\n\n\n<p>N\u00e3o \u00e9 poss\u00edvel determinar at\u00e9 quando a <strong>AES Brasil<\/strong> deve permanecer rebaixada sem uma an\u00e1lise cont\u00ednua de fatores como o desempenho operacional da empresa, condi\u00e7\u00f5es de mercado, mudan\u00e7as regulat\u00f3rias e outros eventos relevantes. Os rebaixamentos de classifica\u00e7\u00e3o s\u00e3o geralmente revisados periodicamente por ag\u00eancias de classifica\u00e7\u00e3o de cr\u00e9dito ou por analistas de mercado com base em novas informa\u00e7\u00f5es e desenvolvimentos na empresa e no mercado em geral.<\/p>\n\n\n\t<p>\n\t\t<a href=\"https:\/\/lp.suno.com.br\/planilha-da-vida-financeira\/\" target=\"_blank\" data-element=\"shortcode-suno-banner\" title=\"Banner SUNO, clique e saiba mais\">\n\t\t\t<picture>\n\t\t\t\t<source media=\"(max-width: 500px)\" srcset=\"https:\/\/files.sunoresearch.com.br\/n\/uploads\/2023\/04\/400x300-Planilha-vida-financeira-true.png\">\n\t\t\t\t<img class=\"newsContent__article__imgCapa newsContent__article__imgCapa--banner\"\n\t\t\t\t\tsrc=\"https:\/\/files.sunoresearch.com.br\/n\/uploads\/2023\/04\/1420x240-Planilha-vida-financeira-true.png\"\n\t\t\t\t\tdata-promo-id=\"383123\"\t\t\t\t\t\t\t\t\t\twidth='1420' height='240'\t\t\t\t\talt=\"https:\/\/files.sunoresearch.com.br\/n\/uploads\/2023\/04\/1420x240-Planilha-vida-financeira-true.png\"\n\t\t\t\t>\n\t\t\t<\/picture>\n\t\t<\/a>\n\t<\/p>\n\n\n","protected":false},"excerpt":{"rendered":"<p>Preocupada com a capacidade da AES Brasil (AESB3) em gerar caixa de forma consistente, o UBS-BB, um dos maiores bancos de investimento do mundo, rebaixou a companhia para \u201cvenda\u201d e cortou o pre\u00e7o-alvo de R$ 12 para R$ 9 por a\u00e7\u00e3o. No preg\u00e3o desta segunda-feira (1\u00ba), as a\u00e7\u00f5es da AES Brasil registraram uma significativa queda [&hellip;]<\/p>\n","protected":false},"author":345,"featured_media":408465,"comment_status":"closed","ping_status":"closed","sticky":false,"template":"","format":"standard","meta":[],"categories":[64],"tags":[286,106075,295],"suno_strategy":[],"class_list":["post-539796","post","type-post","status-publish","format-standard","has-post-thumbnail","hentry","category-negocios","tag-acoes","tag-aes-brasil-aesb3","tag-dividendos"],"yoast_head":"<!-- This site is optimized with the Yoast SEO plugin v24.4 - https:\/\/yoast.com\/wordpress\/plugins\/seo\/ -->\n<title>AES Brasil (AESB3): por que a UBS-BB rebaixou para &quot;venda&quot;<\/title>\n<meta name=\"description\" content=\"Preocupada com a capacidade da AES Brasil (AESB3) de gerar caixa de forma consistente, a UBS-BB cortou o pre\u00e7o-alvo de R$ 12 para R$ 9.\" \/>\n<meta name=\"robots\" content=\"index, follow, max-snippet:-1, max-image-preview:large, max-video-preview:-1\" \/>\n<link rel=\"canonical\" href=\"https:\/\/www.suno.com.br\/noticias\/aesbrasil-aesb3-ubsbb-acao-rebeixada-dividendos-mm\/\" \/>\n<meta property=\"og:locale\" content=\"pt_BR\" \/>\n<meta property=\"og:type\" content=\"article\" \/>\n<meta property=\"og:title\" content=\"AES Brasil (AESB3): por que a UBS-BB rebaixou para &quot;venda&quot;\" \/>\n<meta property=\"og:description\" content=\"Preocupada com a capacidade da AES Brasil (AESB3) de gerar caixa de forma consistente, a UBS-BB cortou o pre\u00e7o-alvo de R$ 12 para R$ 9.\" \/>\n<meta property=\"og:url\" content=\"https:\/\/www.suno.com.br\/noticias\/aesbrasil-aesb3-ubsbb-acao-rebeixada-dividendos-mm\/\" \/>\n<meta property=\"og:site_name\" content=\"Suno Not\u00edcias\" \/>\n<meta property=\"article:publisher\" content=\"https:\/\/facebook.com\/sunoresearch\" \/>\n<meta property=\"og:image\" content=\"https:\/\/files.sunoresearch.com.br\/n\/uploads\/2023\/05\/eletricas-empresa-energia.jpg\" \/>\n\t<meta property=\"og:image:width\" content=\"1200\" \/>\n\t<meta property=\"og:image:height\" content=\"800\" \/>\n\t<meta property=\"og:image:type\" content=\"image\/jpeg\" \/>\n<meta name=\"author\" content=\"Murilo Melo\" \/>\n<meta name=\"twitter:card\" content=\"summary_large_image\" \/>\n<meta name=\"twitter:creator\" content=\"@sunoresearch\" \/>\n<meta name=\"twitter:site\" content=\"@sunoresearch\" \/>\n<meta name=\"twitter:label1\" content=\"Escrito por\" \/>\n\t<meta name=\"twitter:data1\" content=\"Murilo Melo\" \/>\n\t<meta name=\"twitter:label2\" content=\"Est. tempo de leitura\" \/>\n\t<meta name=\"twitter:data2\" content=\"4 minutos\" \/>\n<script type=\"application\/ld+json\" class=\"yoast-schema-graph\">{\"@context\":\"https:\/\/schema.org\",\"@graph\":[{\"@type\":\"NewsArticle\",\"@id\":\"https:\/\/www.suno.com.br\/noticias\/aesbrasil-aesb3-ubsbb-acao-rebeixada-dividendos-mm\/#article\",\"isPartOf\":{\"@id\":\"https:\/\/www.suno.com.br\/noticias\/aesbrasil-aesb3-ubsbb-acao-rebeixada-dividendos-mm\/\"},\"author\":{\"name\":\"Murilo Melo\",\"@id\":\"https:\/\/www.suno.com.br\/noticias\/#\/schema\/person\/32d4feb215afe4b317d446bb442400dd\"},\"headline\":\"AES Brasil (AESB3) derrete: UBS-BB rebaixa empresa por alta alavancagem e desempenho fraco. E como ficam os dividendos?\",\"datePublished\":\"2024-04-02T00:37:04+00:00\",\"dateModified\":\"2024-04-02T00:40:08+00:00\",\"mainEntityOfPage\":{\"@id\":\"https:\/\/www.suno.com.br\/noticias\/aesbrasil-aesb3-ubsbb-acao-rebeixada-dividendos-mm\/\"},\"wordCount\":669,\"publisher\":{\"@id\":\"https:\/\/www.suno.com.br\/noticias\/#organization\"},\"image\":{\"@id\":\"https:\/\/www.suno.com.br\/noticias\/aesbrasil-aesb3-ubsbb-acao-rebeixada-dividendos-mm\/#primaryimage\"},\"thumbnailUrl\":\"https:\/\/files.sunoresearch.com.br\/n\/uploads\/2023\/05\/eletricas-empresa-energia.jpg\",\"keywords\":[\"A\u00e7\u00f5es\",\"AES Brasil (AESB3)\",\"dividendos\"],\"articleSection\":[\"Neg\u00f3cios\"],\"inLanguage\":\"pt-BR\"},{\"@type\":\"WebPage\",\"@id\":\"https:\/\/www.suno.com.br\/noticias\/aesbrasil-aesb3-ubsbb-acao-rebeixada-dividendos-mm\/\",\"url\":\"https:\/\/www.suno.com.br\/noticias\/aesbrasil-aesb3-ubsbb-acao-rebeixada-dividendos-mm\/\",\"name\":\"AES Brasil (AESB3): por que a UBS-BB rebaixou para \\\"venda\\\"\",\"isPartOf\":{\"@id\":\"https:\/\/www.suno.com.br\/noticias\/#website\"},\"primaryImageOfPage\":{\"@id\":\"https:\/\/www.suno.com.br\/noticias\/aesbrasil-aesb3-ubsbb-acao-rebeixada-dividendos-mm\/#primaryimage\"},\"image\":{\"@id\":\"https:\/\/www.suno.com.br\/noticias\/aesbrasil-aesb3-ubsbb-acao-rebeixada-dividendos-mm\/#primaryimage\"},\"thumbnailUrl\":\"https:\/\/files.sunoresearch.com.br\/n\/uploads\/2023\/05\/eletricas-empresa-energia.jpg\",\"datePublished\":\"2024-04-02T00:37:04+00:00\",\"dateModified\":\"2024-04-02T00:40:08+00:00\",\"description\":\"Preocupada com a capacidade da AES Brasil (AESB3) de gerar caixa de forma consistente, a UBS-BB cortou o pre\u00e7o-alvo de R$ 12 para R$ 9.\",\"breadcrumb\":{\"@id\":\"https:\/\/www.suno.com.br\/noticias\/aesbrasil-aesb3-ubsbb-acao-rebeixada-dividendos-mm\/#breadcrumb\"},\"inLanguage\":\"pt-BR\",\"potentialAction\":[{\"@type\":\"ReadAction\",\"target\":[\"https:\/\/www.suno.com.br\/noticias\/aesbrasil-aesb3-ubsbb-acao-rebeixada-dividendos-mm\/\"]}]},{\"@type\":\"ImageObject\",\"inLanguage\":\"pt-BR\",\"@id\":\"https:\/\/www.suno.com.br\/noticias\/aesbrasil-aesb3-ubsbb-acao-rebeixada-dividendos-mm\/#primaryimage\",\"url\":\"https:\/\/files.sunoresearch.com.br\/n\/uploads\/2023\/05\/eletricas-empresa-energia.jpg\",\"contentUrl\":\"https:\/\/files.sunoresearch.com.br\/n\/uploads\/2023\/05\/eletricas-empresa-energia.jpg\",\"width\":1200,\"height\":800,\"caption\":\"Empresas de energia. Foto: iStock\"},{\"@type\":\"BreadcrumbList\",\"@id\":\"https:\/\/www.suno.com.br\/noticias\/aesbrasil-aesb3-ubsbb-acao-rebeixada-dividendos-mm\/#breadcrumb\",\"itemListElement\":[{\"@type\":\"ListItem\",\"position\":1,\"name\":\"Not\u00edcias\",\"item\":\"https:\/\/www.suno.com.br\/noticias\/\"},{\"@type\":\"ListItem\",\"position\":2,\"name\":\"Neg\u00f3cios\",\"item\":\"https:\/\/www.suno.com.br\/noticias\/negocios\/\"},{\"@type\":\"ListItem\",\"position\":3,\"name\":\"AES Brasil (AESB3) derrete: UBS-BB rebaixa empresa por alta alavancagem e desempenho fraco. E como ficam os dividendos?\"}]},{\"@type\":\"WebSite\",\"@id\":\"https:\/\/www.suno.com.br\/noticias\/#website\",\"url\":\"https:\/\/www.suno.com.br\/noticias\/\",\"name\":\"Suno Not\u00edcias\",\"description\":\"Seu portal de informa\u00e7\u00e3o sobre o mundo dos investimentos\",\"publisher\":{\"@id\":\"https:\/\/www.suno.com.br\/noticias\/#organization\"},\"potentialAction\":[{\"@type\":\"SearchAction\",\"target\":{\"@type\":\"EntryPoint\",\"urlTemplate\":\"https:\/\/www.suno.com.br\/noticias\/?s={search_term_string}\"},\"query-input\":{\"@type\":\"PropertyValueSpecification\",\"valueRequired\":true,\"valueName\":\"search_term_string\"}}],\"inLanguage\":\"pt-BR\"},{\"@type\":\"Organization\",\"@id\":\"https:\/\/www.suno.com.br\/noticias\/#organization\",\"name\":\"Suno Not\u00edcias\",\"url\":\"https:\/\/www.suno.com.br\/noticias\/\",\"logo\":{\"@type\":\"ImageObject\",\"inLanguage\":\"pt-BR\",\"@id\":\"https:\/\/www.suno.com.br\/noticias\/#\/schema\/logo\/image\/\",\"url\":\"https:\/\/files.sunoresearch.com.br\/n\/uploads\/2021\/09\/suno-logo.png\",\"contentUrl\":\"https:\/\/files.sunoresearch.com.br\/n\/uploads\/2021\/09\/suno-logo.png\",\"width\":180,\"height\":180,\"caption\":\"Suno Not\u00edcias\"},\"image\":{\"@id\":\"https:\/\/www.suno.com.br\/noticias\/#\/schema\/logo\/image\/\"},\"sameAs\":[\"https:\/\/facebook.com\/sunoresearch\",\"https:\/\/x.com\/sunoresearch\",\"https:\/\/www.instagram.com\/suno\",\"https:\/\/www.linkedin.com\/company\/suno-research\/\",\"https:\/\/www.youtube.com\/c\/sunoresearch\"]},{\"@type\":\"Person\",\"@id\":\"https:\/\/www.suno.com.br\/noticias\/#\/schema\/person\/32d4feb215afe4b317d446bb442400dd\",\"name\":\"Murilo Melo\",\"image\":{\"@type\":\"ImageObject\",\"inLanguage\":\"pt-BR\",\"@id\":\"https:\/\/www.suno.com.br\/noticias\/#\/schema\/person\/image\/\",\"url\":\"https:\/\/secure.gravatar.com\/avatar\/af7a693198b592028493c0e8b0583d4f?s=96&r=g\",\"contentUrl\":\"https:\/\/secure.gravatar.com\/avatar\/af7a693198b592028493c0e8b0583d4f?s=96&r=g\",\"caption\":\"Murilo Melo\"},\"description\":\"\u00c9 um jornalista e letr\u00f3logo com vasta experi\u00eancia em economia, finan\u00e7as e mercado. J\u00e1 foi rep\u00f3rter de jornais, revistas e sites noticiosos como A Tarde, Correio e Folha de S.Paulo. No Suno Not\u00edcias, escreve sobre neg\u00f3cios\",\"url\":\"https:\/\/www.suno.com.br\/noticias\/author\/murilomelo-jornalismogmail-com\/\"}]}<\/script>\n<!-- \/ Yoast SEO plugin. -->","yoast_head_json":{"title":"AES Brasil (AESB3): por que a UBS-BB rebaixou para \"venda\"","description":"Preocupada com a capacidade da AES Brasil (AESB3) de gerar caixa de forma consistente, a UBS-BB cortou o pre\u00e7o-alvo de R$ 12 para R$ 9.","robots":{"index":"index","follow":"follow","max-snippet":"max-snippet:-1","max-image-preview":"max-image-preview:large","max-video-preview":"max-video-preview:-1"},"canonical":"https:\/\/www.suno.com.br\/noticias\/aesbrasil-aesb3-ubsbb-acao-rebeixada-dividendos-mm\/","og_locale":"pt_BR","og_type":"article","og_title":"AES Brasil (AESB3): por que a UBS-BB rebaixou para \"venda\"","og_description":"Preocupada com a capacidade da AES Brasil (AESB3) de gerar caixa de forma consistente, a UBS-BB cortou o pre\u00e7o-alvo de R$ 12 para R$ 9.","og_url":"https:\/\/www.suno.com.br\/noticias\/aesbrasil-aesb3-ubsbb-acao-rebeixada-dividendos-mm\/","og_site_name":"Suno Not\u00edcias","article_publisher":"https:\/\/facebook.com\/sunoresearch","og_image":[{"width":1200,"height":800,"url":"https:\/\/files.sunoresearch.com.br\/n\/uploads\/2023\/05\/eletricas-empresa-energia.jpg","type":"image\/jpeg"}],"author":"Murilo Melo","twitter_card":"summary_large_image","twitter_creator":"@sunoresearch","twitter_site":"@sunoresearch","twitter_misc":{"Escrito por":"Murilo Melo","Est. tempo de leitura":"4 minutos"},"schema":{"@context":"https:\/\/schema.org","@graph":[{"@type":"NewsArticle","@id":"https:\/\/www.suno.com.br\/noticias\/aesbrasil-aesb3-ubsbb-acao-rebeixada-dividendos-mm\/#article","isPartOf":{"@id":"https:\/\/www.suno.com.br\/noticias\/aesbrasil-aesb3-ubsbb-acao-rebeixada-dividendos-mm\/"},"author":{"name":"Murilo Melo","@id":"https:\/\/www.suno.com.br\/noticias\/#\/schema\/person\/32d4feb215afe4b317d446bb442400dd"},"headline":"AES Brasil (AESB3) derrete: UBS-BB rebaixa empresa por alta alavancagem e desempenho fraco. E como ficam os dividendos?","datePublished":"2024-04-02T00:37:04+00:00","dateModified":"2024-04-02T00:40:08+00:00","mainEntityOfPage":{"@id":"https:\/\/www.suno.com.br\/noticias\/aesbrasil-aesb3-ubsbb-acao-rebeixada-dividendos-mm\/"},"wordCount":669,"publisher":{"@id":"https:\/\/www.suno.com.br\/noticias\/#organization"},"image":{"@id":"https:\/\/www.suno.com.br\/noticias\/aesbrasil-aesb3-ubsbb-acao-rebeixada-dividendos-mm\/#primaryimage"},"thumbnailUrl":"https:\/\/files.sunoresearch.com.br\/n\/uploads\/2023\/05\/eletricas-empresa-energia.jpg","keywords":["A\u00e7\u00f5es","AES Brasil (AESB3)","dividendos"],"articleSection":["Neg\u00f3cios"],"inLanguage":"pt-BR"},{"@type":"WebPage","@id":"https:\/\/www.suno.com.br\/noticias\/aesbrasil-aesb3-ubsbb-acao-rebeixada-dividendos-mm\/","url":"https:\/\/www.suno.com.br\/noticias\/aesbrasil-aesb3-ubsbb-acao-rebeixada-dividendos-mm\/","name":"AES Brasil (AESB3): por que a UBS-BB rebaixou para \"venda\"","isPartOf":{"@id":"https:\/\/www.suno.com.br\/noticias\/#website"},"primaryImageOfPage":{"@id":"https:\/\/www.suno.com.br\/noticias\/aesbrasil-aesb3-ubsbb-acao-rebeixada-dividendos-mm\/#primaryimage"},"image":{"@id":"https:\/\/www.suno.com.br\/noticias\/aesbrasil-aesb3-ubsbb-acao-rebeixada-dividendos-mm\/#primaryimage"},"thumbnailUrl":"https:\/\/files.sunoresearch.com.br\/n\/uploads\/2023\/05\/eletricas-empresa-energia.jpg","datePublished":"2024-04-02T00:37:04+00:00","dateModified":"2024-04-02T00:40:08+00:00","description":"Preocupada com a capacidade da AES Brasil (AESB3) de gerar caixa de forma consistente, a UBS-BB cortou o pre\u00e7o-alvo de R$ 12 para R$ 9.","breadcrumb":{"@id":"https:\/\/www.suno.com.br\/noticias\/aesbrasil-aesb3-ubsbb-acao-rebeixada-dividendos-mm\/#breadcrumb"},"inLanguage":"pt-BR","potentialAction":[{"@type":"ReadAction","target":["https:\/\/www.suno.com.br\/noticias\/aesbrasil-aesb3-ubsbb-acao-rebeixada-dividendos-mm\/"]}]},{"@type":"ImageObject","inLanguage":"pt-BR","@id":"https:\/\/www.suno.com.br\/noticias\/aesbrasil-aesb3-ubsbb-acao-rebeixada-dividendos-mm\/#primaryimage","url":"https:\/\/files.sunoresearch.com.br\/n\/uploads\/2023\/05\/eletricas-empresa-energia.jpg","contentUrl":"https:\/\/files.sunoresearch.com.br\/n\/uploads\/2023\/05\/eletricas-empresa-energia.jpg","width":1200,"height":800,"caption":"Empresas de energia. Foto: iStock"},{"@type":"BreadcrumbList","@id":"https:\/\/www.suno.com.br\/noticias\/aesbrasil-aesb3-ubsbb-acao-rebeixada-dividendos-mm\/#breadcrumb","itemListElement":[{"@type":"ListItem","position":1,"name":"Not\u00edcias","item":"https:\/\/www.suno.com.br\/noticias\/"},{"@type":"ListItem","position":2,"name":"Neg\u00f3cios","item":"https:\/\/www.suno.com.br\/noticias\/negocios\/"},{"@type":"ListItem","position":3,"name":"AES Brasil (AESB3) derrete: UBS-BB rebaixa empresa por alta alavancagem e desempenho fraco. E como ficam os dividendos?"}]},{"@type":"WebSite","@id":"https:\/\/www.suno.com.br\/noticias\/#website","url":"https:\/\/www.suno.com.br\/noticias\/","name":"Suno Not\u00edcias","description":"Seu portal de informa\u00e7\u00e3o sobre o mundo dos investimentos","publisher":{"@id":"https:\/\/www.suno.com.br\/noticias\/#organization"},"potentialAction":[{"@type":"SearchAction","target":{"@type":"EntryPoint","urlTemplate":"https:\/\/www.suno.com.br\/noticias\/?s={search_term_string}"},"query-input":{"@type":"PropertyValueSpecification","valueRequired":true,"valueName":"search_term_string"}}],"inLanguage":"pt-BR"},{"@type":"Organization","@id":"https:\/\/www.suno.com.br\/noticias\/#organization","name":"Suno Not\u00edcias","url":"https:\/\/www.suno.com.br\/noticias\/","logo":{"@type":"ImageObject","inLanguage":"pt-BR","@id":"https:\/\/www.suno.com.br\/noticias\/#\/schema\/logo\/image\/","url":"https:\/\/files.sunoresearch.com.br\/n\/uploads\/2021\/09\/suno-logo.png","contentUrl":"https:\/\/files.sunoresearch.com.br\/n\/uploads\/2021\/09\/suno-logo.png","width":180,"height":180,"caption":"Suno Not\u00edcias"},"image":{"@id":"https:\/\/www.suno.com.br\/noticias\/#\/schema\/logo\/image\/"},"sameAs":["https:\/\/facebook.com\/sunoresearch","https:\/\/x.com\/sunoresearch","https:\/\/www.instagram.com\/suno","https:\/\/www.linkedin.com\/company\/suno-research\/","https:\/\/www.youtube.com\/c\/sunoresearch"]},{"@type":"Person","@id":"https:\/\/www.suno.com.br\/noticias\/#\/schema\/person\/32d4feb215afe4b317d446bb442400dd","name":"Murilo Melo","image":{"@type":"ImageObject","inLanguage":"pt-BR","@id":"https:\/\/www.suno.com.br\/noticias\/#\/schema\/person\/image\/","url":"https:\/\/secure.gravatar.com\/avatar\/af7a693198b592028493c0e8b0583d4f?s=96&r=g","contentUrl":"https:\/\/secure.gravatar.com\/avatar\/af7a693198b592028493c0e8b0583d4f?s=96&r=g","caption":"Murilo Melo"},"description":"\u00c9 um jornalista e letr\u00f3logo com vasta experi\u00eancia em economia, finan\u00e7as e mercado. J\u00e1 foi rep\u00f3rter de jornais, revistas e sites noticiosos como A Tarde, Correio e Folha de S.Paulo. No Suno Not\u00edcias, escreve sobre neg\u00f3cios","url":"https:\/\/www.suno.com.br\/noticias\/author\/murilomelo-jornalismogmail-com\/"}]}},"default_loop_html":"<div class=\"cardsPage__listCard__boxs\"><div class=\"cardsPage__listCard__boxs__img\"><a href=\"https:\/\/www.suno.com.br\/noticias\/aesbrasil-aesb3-ubsbb-acao-rebeixada-dividendos-mm\/\"><img class=\"mask\" src=\"https:\/\/www.suno.com.br\/noticias\/wp-content\/themes\/suno\/resources\/images\/spotlight\/spotlight1img\/bg-mask.png\" alt=\"Image Mask\"\/><img src=\"https:\/\/files.sunoresearch.com.br\/n\/uploads\/2023\/05\/eletricas-empresa-energia-400x200.jpg\" alt=\"AES Brasil (AESB3) derrete: UBS-BB rebaixa empresa por alta alavancagem e desempenho fraco. E como ficam os dividendos?\"\/><\/a><span class=\"spotlightCategory\"><a href=\"https:\/\/www.suno.com.br\/noticias\/negocios\/\">Neg\u00f3cios<\/a><\/span><\/div><div class=\"cardsPage__listCard__boxs__content\"><a href=\"https:\/\/www.suno.com.br\/noticias\/aesbrasil-aesb3-ubsbb-acao-rebeixada-dividendos-mm\/\"><h2 class=\"content__title\">AES Brasil (AESB3) derrete: UBS-BB rebaixa empresa por alta alavancagem e desempenho fraco. E como ficam os dividendos?<\/h2><\/a><div class=\"newsContent__article__meta\"><div class=\"newsContent__article__meta__authorBox\"><a href=\"https:\/\/www.suno.com.br\/noticias\/author\/murilomelo-jornalismogmail-com\/\" class=\"authorBox__avatar noMobi\"><img src=\"https:\/\/files.sunoresearch.com.br\/n\/uploads\/2024\/02\/Murilo_Melo_Jornalista-e1708476456132-150x150.jpeg\" alt=\"Murilo Melo\"><\/a><div class=\"authorBox__name\"><span>por\n\t\t\t<a href=\"https:\/\/www.suno.com.br\/noticias\/author\/murilomelo-jornalismogmail-com\/\"><span itemprop=\"author\">Murilo Melo<\/span><\/a><\/span><time datetime=\"2024-04-01T21:37:04-03:00\" itemprop=\"datePublished\">01\/04\/2024 21:37<\/time><\/div><\/div><\/div><\/div><\/div>","single_layout":"posts","amp_enabled":true,"_links":{"self":[{"href":"https:\/\/www.suno.com.br\/noticias\/wp-json\/wp\/v2\/posts\/539796"}],"collection":[{"href":"https:\/\/www.suno.com.br\/noticias\/wp-json\/wp\/v2\/posts"}],"about":[{"href":"https:\/\/www.suno.com.br\/noticias\/wp-json\/wp\/v2\/types\/post"}],"author":[{"embeddable":true,"href":"https:\/\/www.suno.com.br\/noticias\/wp-json\/wp\/v2\/users\/345"}],"replies":[{"embeddable":true,"href":"https:\/\/www.suno.com.br\/noticias\/wp-json\/wp\/v2\/comments?post=539796"}],"version-history":[{"count":2,"href":"https:\/\/www.suno.com.br\/noticias\/wp-json\/wp\/v2\/posts\/539796\/revisions"}],"predecessor-version":[{"id":539830,"href":"https:\/\/www.suno.com.br\/noticias\/wp-json\/wp\/v2\/posts\/539796\/revisions\/539830"}],"wp:featuredmedia":[{"embeddable":true,"href":"https:\/\/www.suno.com.br\/noticias\/wp-json\/wp\/v2\/media\/408465"}],"wp:attachment":[{"href":"https:\/\/www.suno.com.br\/noticias\/wp-json\/wp\/v2\/media?parent=539796"}],"wp:term":[{"taxonomy":"category","embeddable":true,"href":"https:\/\/www.suno.com.br\/noticias\/wp-json\/wp\/v2\/categories?post=539796"},{"taxonomy":"post_tag","embeddable":true,"href":"https:\/\/www.suno.com.br\/noticias\/wp-json\/wp\/v2\/tags?post=539796"},{"taxonomy":"suno_strategy","embeddable":true,"href":"https:\/\/www.suno.com.br\/noticias\/wp-json\/wp\/v2\/suno_strategy?post=539796"}],"curies":[{"name":"wp","href":"https:\/\/api.w.org\/{rel}","templated":true}]}}