{"id":539740,"date":"2024-04-02T10:23:59","date_gmt":"2024-04-02T13:23:59","guid":{"rendered":"https:\/\/www.suno.com.br\/noticias\/?p=539740"},"modified":"2024-04-02T10:24:04","modified_gmt":"2024-04-02T13:24:04","slug":"vendas-do-varejo-caem-pascoa-2024-gpj","status":"publish","type":"post","link":"https:\/\/www.suno.com.br\/noticias\/vendas-do-varejo-caem-pascoa-2024-gpj\/","title":{"rendered":"P\u00e1scoa: vendas do varejo caem 5% na compara\u00e7\u00e3o anual, diz \u00edndice da Cielo (CIEL3)"},"content":{"rendered":"<p>As <strong>vendas do<\/strong> <strong>varejo<\/strong> brasileiro ca\u00edram 5% na P\u00e1scoa deste ano na compara\u00e7\u00e3o com o mesmo per\u00edodo do ano passado, de acordo com o \u00cdndice Cielo de Varejo Ampliado (ICVA). Os n\u00fameros apontam, segundo a companhia, os efeitos do calend\u00e1rio: neste ano, a celebra\u00e7\u00e3o aconteceu no final do m\u00eas, per\u00edodo em que os recursos dispon\u00edveis para as fam\u00edlias s\u00e3o mais escassos.<\/p>\t<div class=\"wrapper-featured-image\">\n\t\t<figure class=\"spotlightImg\">\n\n\t\t\t<picture>\n\t\t\t\t<source media=\"(max-width: 768px)\" srcset=\"https:\/\/files.sunoresearch.com.br\/n\/uploads\/2024\/04\/pexels-jill-wellington-3979241-400x200.jpg\">\n\t\t\t\t<img loading=\"lazy\" decoding=\"async\" class=\"newsContent__article__imgCapa lazyloadDisabled \" src=\"https:\/\/files.sunoresearch.com.br\/n\/uploads\/2024\/04\/pexels-jill-wellington-3979241-800x450.jpg\" width=\"800\" height=\"450\" alt=\"P\u00e1scoa: vendas do varejo caem 5% na compara\u00e7\u00e3o anual, diz \u00edndice da Cielo (CIEL3)\" fetchpriority=high \/>\n\t\t\t<\/picture>\n\n\t\t\t<figcaption class=\"wp-caption-text wp-caption-text--show\">P\u00e1scoa. Foto: Pexels.<\/figcaption>\n\t\t<\/figure>\n\t<\/div>\n\n\n\n\n\n\n\n\t<p>\n\t\t<a href=\"https:\/\/lp.suno.com.br\/planilha-da-vida-financeira\/\" target=\"_blank\" data-element=\"shortcode-suno-banner\" title=\"Banner SUNO, clique e saiba mais\">\n\t\t\t<picture>\n\t\t\t\t<source media=\"(max-width: 500px)\" srcset=\"https:\/\/files.sunoresearch.com.br\/n\/uploads\/2023\/04\/400x300-Planilha-vida-financeira-true.png\">\n\t\t\t\t<img class=\"newsContent__article__imgCapa newsContent__article__imgCapa--banner\"\n\t\t\t\t\tsrc=\"https:\/\/files.sunoresearch.com.br\/n\/uploads\/2023\/04\/1420x240-Planilha-vida-financeira-true.png\"\n\t\t\t\t\tdata-promo-id=\"106682\"\t\t\t\t\t\t\t\t\t\twidth='1420' height='240'\t\t\t\t\talt=\"https:\/\/files.sunoresearch.com.br\/n\/uploads\/2023\/04\/1420x240-Planilha-vida-financeira-true.png\"\n\t\t\t\t>\n\t\t\t<\/picture>\n\t\t<\/a>\n\t<\/p>\n\n\n\n\n\n<p>&#8220;No ano passado, a P\u00e1scoa caiu no in\u00edcio do m\u00eas, per\u00edodo em que o com\u00e9rcio est\u00e1 mais aquecido por causa dos dep\u00f3sitos dos sal\u00e1rios&#8221;, afirma o vice-presidente de Tecnologia e Neg\u00f3cios da <a href=\"https:\/\/www.suno.com.br\/acoes\/CIEL3\/\"><strong>Cielo <\/strong>(CIEL3)<\/a>, Carlos Alves.<\/p>\n\n\n\n<p>O <strong>ICVA<\/strong> mediu as <strong>vendas realizadas pelo varejo<\/strong> entre os dias 25 e 31 de mar\u00e7o deste ano, e os comparou com as da semana de P\u00e1scoa de 2023, que aconteceu entre 3 e 9 de abril do ano passado.<\/p>\n\n\n\n<p>No setor de Supermercados e Hipermercados, o <strong>\u00edndice da Cielo<\/strong> revelou que as vendas ca\u00edram 3,9% nesse per\u00edodo. As chocolaterias, por\u00e9m, cresceram 3,8%, com alta de 4% para as localizadas em shoppings, e de 3,7% nas chocolaterias de rua.<\/p>\n\n\n\n<p>Ainda de acordo com o <strong>levantamento da Cielo<\/strong>, houve queda de vendas em todas as regi\u00f5es do Pa\u00eds, sendo que a mais acentuada foi no Centro-Oeste (-8,5%). No Sudeste, a baixa foi de 5,5%. <\/p>\n\n\n\n<p>O Estado em que houve a maior queda de vendas foi o Paran\u00e1, com redu\u00e7\u00e3o de 8,8%, sendo que no comparativo com 2023, nenhum Estado teve <strong>vendas do varejo<\/strong> mais fortes na P\u00e1scoa. O ICVA \u00e9 calculado pela Cielo com base nas vendas de 18 setores mapeados pela companhia, com lojistas de todos os portes. Os dados respondem por mais de 870 mil varejistas ligados \u00e0 companhia, e o peso de cada setor no indicador \u00e9 dado por seu desempenho no m\u00eas.<\/p>\n\n\n\n<p><em>*Com informa\u00e7\u00f5es de Estad\u00e3o Conte\u00fado<\/em><\/p>\n\n\n\t<p>\n\t\t<a href=\"https:\/\/lp.suno.com.br\/ebook-como-analisar-uma-acao\/\" target=\"_blank\" data-element=\"shortcode-suno-banner\" title=\"Banner SUNO, clique e saiba mais\">\n\t\t\t<picture>\n\t\t\t\t<source media=\"(max-width: 500px)\" srcset=\"https:\/\/files.sunoresearch.com.br\/n\/uploads\/2023\/03\/Ebook-Acoes-Mobile.jpg\">\n\t\t\t\t<img class=\"newsContent__article__imgCapa newsContent__article__imgCapa--banner\"\n\t\t\t\t\tsrc=\"https:\/\/files.sunoresearch.com.br\/n\/uploads\/2023\/03\/Ebook-Acoes-Desktop.jpg\"\n\t\t\t\t\tdata-promo-id=\"378302\"\t\t\t\t\t\t\t\t\t\twidth='1420' height='286'\t\t\t\t\talt=\"https:\/\/files.sunoresearch.com.br\/n\/uploads\/2023\/03\/Ebook-Acoes-Desktop.jpg\"\n\t\t\t\t>\n\t\t\t<\/picture>\n\t\t<\/a>\n\t<\/p>\n\n\n","protected":false},"excerpt":{"rendered":"<p>As vendas do varejo brasileiro ca\u00edram 5% na P\u00e1scoa deste ano na compara\u00e7\u00e3o com o mesmo per\u00edodo do ano passado, de acordo com o \u00cdndice Cielo de Varejo Ampliado (ICVA). Os n\u00fameros apontam, segundo a companhia, os efeitos do calend\u00e1rio: neste ano, a celebra\u00e7\u00e3o aconteceu no final do m\u00eas, per\u00edodo em que os recursos dispon\u00edveis [&hellip;]<\/p>\n","protected":false},"author":313,"featured_media":539939,"comment_status":"closed","ping_status":"closed","sticky":false,"template":"","format":"standard","meta":[],"categories":[64],"tags":[423,803],"suno_strategy":[],"class_list":["post-539740","post","type-post","status-publish","format-standard","has-post-thumbnail","hentry","category-negocios","tag-cielo-ciel3","tag-varejo"],"yoast_head":"<!-- This site is optimized with the Yoast SEO plugin v24.4 - https:\/\/yoast.com\/wordpress\/plugins\/seo\/ -->\n<title>Vendas do varejo caem 5% na P\u00e1scoa na base anual, diz ICVA<\/title>\n<meta name=\"description\" content=\"As vendas do varejo brasileiro ca\u00edram 5% na P\u00e1scoa deste ano na compara\u00e7\u00e3o com o mesmo per\u00edodo de 2023. Saiba mais sobre as vendas da P\u00e1scoa.\" \/>\n<meta name=\"robots\" content=\"index, follow, max-snippet:-1, max-image-preview:large, max-video-preview:-1\" \/>\n<link rel=\"canonical\" href=\"https:\/\/www.suno.com.br\/noticias\/vendas-do-varejo-caem-pascoa-2024-gpj\/\" \/>\n<meta property=\"og:locale\" content=\"pt_BR\" \/>\n<meta property=\"og:type\" content=\"article\" \/>\n<meta property=\"og:title\" content=\"Vendas do varejo caem 5% na P\u00e1scoa na base anual, diz ICVA\" \/>\n<meta property=\"og:description\" content=\"As vendas do varejo brasileiro ca\u00edram 5% na P\u00e1scoa deste ano na compara\u00e7\u00e3o com o mesmo per\u00edodo de 2023. Saiba mais sobre as vendas da P\u00e1scoa.\" \/>\n<meta property=\"og:url\" content=\"https:\/\/www.suno.com.br\/noticias\/vendas-do-varejo-caem-pascoa-2024-gpj\/\" \/>\n<meta property=\"og:site_name\" content=\"Suno Not\u00edcias\" \/>\n<meta property=\"article:publisher\" content=\"https:\/\/facebook.com\/sunoresearch\" \/>\n<meta property=\"og:image\" content=\"https:\/\/files.sunoresearch.com.br\/n\/uploads\/2024\/04\/pexels-jill-wellington-3979241-scaled.jpg\" \/>\n\t<meta property=\"og:image:width\" content=\"2560\" \/>\n\t<meta property=\"og:image:height\" content=\"1706\" \/>\n\t<meta property=\"og:image:type\" content=\"image\/jpeg\" \/>\n<meta name=\"author\" content=\"Giovanni Porf\u00edrio Jacomino\" \/>\n<meta name=\"twitter:card\" content=\"summary_large_image\" \/>\n<meta name=\"twitter:creator\" content=\"@sunoresearch\" \/>\n<meta name=\"twitter:site\" content=\"@sunoresearch\" \/>\n<meta name=\"twitter:label1\" content=\"Escrito por\" \/>\n\t<meta name=\"twitter:data1\" content=\"Giovanni Porf\u00edrio Jacomino\" \/>\n\t<meta name=\"twitter:label2\" content=\"Est. tempo de leitura\" \/>\n\t<meta name=\"twitter:data2\" content=\"2 minutos\" \/>\n<script type=\"application\/ld+json\" class=\"yoast-schema-graph\">{\"@context\":\"https:\/\/schema.org\",\"@graph\":[{\"@type\":\"NewsArticle\",\"@id\":\"https:\/\/www.suno.com.br\/noticias\/vendas-do-varejo-caem-pascoa-2024-gpj\/#article\",\"isPartOf\":{\"@id\":\"https:\/\/www.suno.com.br\/noticias\/vendas-do-varejo-caem-pascoa-2024-gpj\/\"},\"author\":{\"name\":\"Giovanni Porf\u00edrio Jacomino\",\"@id\":\"https:\/\/www.suno.com.br\/noticias\/#\/schema\/person\/d0f32748bbca4bee871fa191ee4e2d40\"},\"headline\":\"P\u00e1scoa: vendas do varejo caem 5% na compara\u00e7\u00e3o anual, diz \u00edndice da Cielo (CIEL3)\",\"datePublished\":\"2024-04-02T13:23:59+00:00\",\"dateModified\":\"2024-04-02T13:24:04+00:00\",\"mainEntityOfPage\":{\"@id\":\"https:\/\/www.suno.com.br\/noticias\/vendas-do-varejo-caem-pascoa-2024-gpj\/\"},\"wordCount\":333,\"publisher\":{\"@id\":\"https:\/\/www.suno.com.br\/noticias\/#organization\"},\"image\":{\"@id\":\"https:\/\/www.suno.com.br\/noticias\/vendas-do-varejo-caem-pascoa-2024-gpj\/#primaryimage\"},\"thumbnailUrl\":\"https:\/\/files.sunoresearch.com.br\/n\/uploads\/2024\/04\/pexels-jill-wellington-3979241-scaled.jpg\",\"keywords\":[\"Cielo (CIEL3)\",\"varejo\"],\"articleSection\":[\"Neg\u00f3cios\"],\"inLanguage\":\"pt-BR\"},{\"@type\":\"WebPage\",\"@id\":\"https:\/\/www.suno.com.br\/noticias\/vendas-do-varejo-caem-pascoa-2024-gpj\/\",\"url\":\"https:\/\/www.suno.com.br\/noticias\/vendas-do-varejo-caem-pascoa-2024-gpj\/\",\"name\":\"Vendas do varejo caem 5% na P\u00e1scoa na base anual, diz ICVA\",\"isPartOf\":{\"@id\":\"https:\/\/www.suno.com.br\/noticias\/#website\"},\"primaryImageOfPage\":{\"@id\":\"https:\/\/www.suno.com.br\/noticias\/vendas-do-varejo-caem-pascoa-2024-gpj\/#primaryimage\"},\"image\":{\"@id\":\"https:\/\/www.suno.com.br\/noticias\/vendas-do-varejo-caem-pascoa-2024-gpj\/#primaryimage\"},\"thumbnailUrl\":\"https:\/\/files.sunoresearch.com.br\/n\/uploads\/2024\/04\/pexels-jill-wellington-3979241-scaled.jpg\",\"datePublished\":\"2024-04-02T13:23:59+00:00\",\"dateModified\":\"2024-04-02T13:24:04+00:00\",\"description\":\"As vendas do varejo brasileiro ca\u00edram 5% na P\u00e1scoa deste ano na compara\u00e7\u00e3o com o mesmo per\u00edodo de 2023. Saiba mais sobre as vendas da P\u00e1scoa.\",\"breadcrumb\":{\"@id\":\"https:\/\/www.suno.com.br\/noticias\/vendas-do-varejo-caem-pascoa-2024-gpj\/#breadcrumb\"},\"inLanguage\":\"pt-BR\",\"potentialAction\":[{\"@type\":\"ReadAction\",\"target\":[\"https:\/\/www.suno.com.br\/noticias\/vendas-do-varejo-caem-pascoa-2024-gpj\/\"]}]},{\"@type\":\"ImageObject\",\"inLanguage\":\"pt-BR\",\"@id\":\"https:\/\/www.suno.com.br\/noticias\/vendas-do-varejo-caem-pascoa-2024-gpj\/#primaryimage\",\"url\":\"https:\/\/files.sunoresearch.com.br\/n\/uploads\/2024\/04\/pexels-jill-wellington-3979241-scaled.jpg\",\"contentUrl\":\"https:\/\/files.sunoresearch.com.br\/n\/uploads\/2024\/04\/pexels-jill-wellington-3979241-scaled.jpg\",\"width\":2560,\"height\":1706,\"caption\":\"P\u00e1scoa. Foto: Pexels.\"},{\"@type\":\"BreadcrumbList\",\"@id\":\"https:\/\/www.suno.com.br\/noticias\/vendas-do-varejo-caem-pascoa-2024-gpj\/#breadcrumb\",\"itemListElement\":[{\"@type\":\"ListItem\",\"position\":1,\"name\":\"Not\u00edcias\",\"item\":\"https:\/\/www.suno.com.br\/noticias\/\"},{\"@type\":\"ListItem\",\"position\":2,\"name\":\"Neg\u00f3cios\",\"item\":\"https:\/\/www.suno.com.br\/noticias\/negocios\/\"},{\"@type\":\"ListItem\",\"position\":3,\"name\":\"P\u00e1scoa: vendas do varejo caem 5% na compara\u00e7\u00e3o anual, diz \u00edndice da Cielo (CIEL3)\"}]},{\"@type\":\"WebSite\",\"@id\":\"https:\/\/www.suno.com.br\/noticias\/#website\",\"url\":\"https:\/\/www.suno.com.br\/noticias\/\",\"name\":\"Suno Not\u00edcias\",\"description\":\"Seu portal de informa\u00e7\u00e3o sobre o mundo dos investimentos\",\"publisher\":{\"@id\":\"https:\/\/www.suno.com.br\/noticias\/#organization\"},\"potentialAction\":[{\"@type\":\"SearchAction\",\"target\":{\"@type\":\"EntryPoint\",\"urlTemplate\":\"https:\/\/www.suno.com.br\/noticias\/?s={search_term_string}\"},\"query-input\":{\"@type\":\"PropertyValueSpecification\",\"valueRequired\":true,\"valueName\":\"search_term_string\"}}],\"inLanguage\":\"pt-BR\"},{\"@type\":\"Organization\",\"@id\":\"https:\/\/www.suno.com.br\/noticias\/#organization\",\"name\":\"Suno Not\u00edcias\",\"url\":\"https:\/\/www.suno.com.br\/noticias\/\",\"logo\":{\"@type\":\"ImageObject\",\"inLanguage\":\"pt-BR\",\"@id\":\"https:\/\/www.suno.com.br\/noticias\/#\/schema\/logo\/image\/\",\"url\":\"https:\/\/files.sunoresearch.com.br\/n\/uploads\/2021\/09\/suno-logo.png\",\"contentUrl\":\"https:\/\/files.sunoresearch.com.br\/n\/uploads\/2021\/09\/suno-logo.png\",\"width\":180,\"height\":180,\"caption\":\"Suno Not\u00edcias\"},\"image\":{\"@id\":\"https:\/\/www.suno.com.br\/noticias\/#\/schema\/logo\/image\/\"},\"sameAs\":[\"https:\/\/facebook.com\/sunoresearch\",\"https:\/\/x.com\/sunoresearch\",\"https:\/\/www.instagram.com\/suno\",\"https:\/\/www.linkedin.com\/company\/suno-research\/\",\"https:\/\/www.youtube.com\/c\/sunoresearch\"]},{\"@type\":\"Person\",\"@id\":\"https:\/\/www.suno.com.br\/noticias\/#\/schema\/person\/d0f32748bbca4bee871fa191ee4e2d40\",\"name\":\"Giovanni Porf\u00edrio Jacomino\",\"image\":{\"@type\":\"ImageObject\",\"inLanguage\":\"pt-BR\",\"@id\":\"https:\/\/www.suno.com.br\/noticias\/#\/schema\/person\/image\/\",\"url\":\"https:\/\/secure.gravatar.com\/avatar\/efb32e19b730a121cb7a80f41ffec01a?s=96&r=g\",\"contentUrl\":\"https:\/\/secure.gravatar.com\/avatar\/efb32e19b730a121cb7a80f41ffec01a?s=96&r=g\",\"caption\":\"Giovanni Porf\u00edrio Jacomino\"},\"description\":\"Giovanni Porf\u00edrio Jacomino \u00e9 jornalista formado pela Universidade Estadual de Londrina (UEL) e p\u00f3s-graduado em Produ\u00e7\u00e3o e Pr\u00e1ticas Jornal\u00edsticas na Contemporaneidade na Faculdade C\u00e1sper L\u00edbero (FCL). Foi editor web no Startupi e no Finsiders, atuando ainda como editor no TC Mover, portal de not\u00edcias da TradersClub, fazendo a cobertura de assuntos relacionados ao mercado financeiro interno e externo. Atualmente, \u00e9 Rep\u00f3rter do Suno Not\u00edcias.\",\"url\":\"https:\/\/www.suno.com.br\/noticias\/author\/giovanni-porfiriosuno-com-br\/\"}]}<\/script>\n<!-- \/ Yoast SEO plugin. -->","yoast_head_json":{"title":"Vendas do varejo caem 5% na P\u00e1scoa na base anual, diz ICVA","description":"As vendas do varejo brasileiro ca\u00edram 5% na P\u00e1scoa deste ano na compara\u00e7\u00e3o com o mesmo per\u00edodo de 2023. Saiba mais sobre as vendas da P\u00e1scoa.","robots":{"index":"index","follow":"follow","max-snippet":"max-snippet:-1","max-image-preview":"max-image-preview:large","max-video-preview":"max-video-preview:-1"},"canonical":"https:\/\/www.suno.com.br\/noticias\/vendas-do-varejo-caem-pascoa-2024-gpj\/","og_locale":"pt_BR","og_type":"article","og_title":"Vendas do varejo caem 5% na P\u00e1scoa na base anual, diz ICVA","og_description":"As vendas do varejo brasileiro ca\u00edram 5% na P\u00e1scoa deste ano na compara\u00e7\u00e3o com o mesmo per\u00edodo de 2023. Saiba mais sobre as vendas da P\u00e1scoa.","og_url":"https:\/\/www.suno.com.br\/noticias\/vendas-do-varejo-caem-pascoa-2024-gpj\/","og_site_name":"Suno Not\u00edcias","article_publisher":"https:\/\/facebook.com\/sunoresearch","og_image":[{"width":2560,"height":1706,"url":"https:\/\/files.sunoresearch.com.br\/n\/uploads\/2024\/04\/pexels-jill-wellington-3979241-scaled.jpg","type":"image\/jpeg"}],"author":"Giovanni Porf\u00edrio Jacomino","twitter_card":"summary_large_image","twitter_creator":"@sunoresearch","twitter_site":"@sunoresearch","twitter_misc":{"Escrito por":"Giovanni Porf\u00edrio Jacomino","Est. tempo de leitura":"2 minutos"},"schema":{"@context":"https:\/\/schema.org","@graph":[{"@type":"NewsArticle","@id":"https:\/\/www.suno.com.br\/noticias\/vendas-do-varejo-caem-pascoa-2024-gpj\/#article","isPartOf":{"@id":"https:\/\/www.suno.com.br\/noticias\/vendas-do-varejo-caem-pascoa-2024-gpj\/"},"author":{"name":"Giovanni Porf\u00edrio Jacomino","@id":"https:\/\/www.suno.com.br\/noticias\/#\/schema\/person\/d0f32748bbca4bee871fa191ee4e2d40"},"headline":"P\u00e1scoa: vendas do varejo caem 5% na compara\u00e7\u00e3o anual, diz \u00edndice da Cielo (CIEL3)","datePublished":"2024-04-02T13:23:59+00:00","dateModified":"2024-04-02T13:24:04+00:00","mainEntityOfPage":{"@id":"https:\/\/www.suno.com.br\/noticias\/vendas-do-varejo-caem-pascoa-2024-gpj\/"},"wordCount":333,"publisher":{"@id":"https:\/\/www.suno.com.br\/noticias\/#organization"},"image":{"@id":"https:\/\/www.suno.com.br\/noticias\/vendas-do-varejo-caem-pascoa-2024-gpj\/#primaryimage"},"thumbnailUrl":"https:\/\/files.sunoresearch.com.br\/n\/uploads\/2024\/04\/pexels-jill-wellington-3979241-scaled.jpg","keywords":["Cielo (CIEL3)","varejo"],"articleSection":["Neg\u00f3cios"],"inLanguage":"pt-BR"},{"@type":"WebPage","@id":"https:\/\/www.suno.com.br\/noticias\/vendas-do-varejo-caem-pascoa-2024-gpj\/","url":"https:\/\/www.suno.com.br\/noticias\/vendas-do-varejo-caem-pascoa-2024-gpj\/","name":"Vendas do varejo caem 5% na P\u00e1scoa na base anual, diz ICVA","isPartOf":{"@id":"https:\/\/www.suno.com.br\/noticias\/#website"},"primaryImageOfPage":{"@id":"https:\/\/www.suno.com.br\/noticias\/vendas-do-varejo-caem-pascoa-2024-gpj\/#primaryimage"},"image":{"@id":"https:\/\/www.suno.com.br\/noticias\/vendas-do-varejo-caem-pascoa-2024-gpj\/#primaryimage"},"thumbnailUrl":"https:\/\/files.sunoresearch.com.br\/n\/uploads\/2024\/04\/pexels-jill-wellington-3979241-scaled.jpg","datePublished":"2024-04-02T13:23:59+00:00","dateModified":"2024-04-02T13:24:04+00:00","description":"As vendas do varejo brasileiro ca\u00edram 5% na P\u00e1scoa deste ano na compara\u00e7\u00e3o com o mesmo per\u00edodo de 2023. Saiba mais sobre as vendas da P\u00e1scoa.","breadcrumb":{"@id":"https:\/\/www.suno.com.br\/noticias\/vendas-do-varejo-caem-pascoa-2024-gpj\/#breadcrumb"},"inLanguage":"pt-BR","potentialAction":[{"@type":"ReadAction","target":["https:\/\/www.suno.com.br\/noticias\/vendas-do-varejo-caem-pascoa-2024-gpj\/"]}]},{"@type":"ImageObject","inLanguage":"pt-BR","@id":"https:\/\/www.suno.com.br\/noticias\/vendas-do-varejo-caem-pascoa-2024-gpj\/#primaryimage","url":"https:\/\/files.sunoresearch.com.br\/n\/uploads\/2024\/04\/pexels-jill-wellington-3979241-scaled.jpg","contentUrl":"https:\/\/files.sunoresearch.com.br\/n\/uploads\/2024\/04\/pexels-jill-wellington-3979241-scaled.jpg","width":2560,"height":1706,"caption":"P\u00e1scoa. Foto: Pexels."},{"@type":"BreadcrumbList","@id":"https:\/\/www.suno.com.br\/noticias\/vendas-do-varejo-caem-pascoa-2024-gpj\/#breadcrumb","itemListElement":[{"@type":"ListItem","position":1,"name":"Not\u00edcias","item":"https:\/\/www.suno.com.br\/noticias\/"},{"@type":"ListItem","position":2,"name":"Neg\u00f3cios","item":"https:\/\/www.suno.com.br\/noticias\/negocios\/"},{"@type":"ListItem","position":3,"name":"P\u00e1scoa: vendas do varejo caem 5% na compara\u00e7\u00e3o anual, diz \u00edndice da Cielo (CIEL3)"}]},{"@type":"WebSite","@id":"https:\/\/www.suno.com.br\/noticias\/#website","url":"https:\/\/www.suno.com.br\/noticias\/","name":"Suno Not\u00edcias","description":"Seu portal de informa\u00e7\u00e3o sobre o mundo dos investimentos","publisher":{"@id":"https:\/\/www.suno.com.br\/noticias\/#organization"},"potentialAction":[{"@type":"SearchAction","target":{"@type":"EntryPoint","urlTemplate":"https:\/\/www.suno.com.br\/noticias\/?s={search_term_string}"},"query-input":{"@type":"PropertyValueSpecification","valueRequired":true,"valueName":"search_term_string"}}],"inLanguage":"pt-BR"},{"@type":"Organization","@id":"https:\/\/www.suno.com.br\/noticias\/#organization","name":"Suno Not\u00edcias","url":"https:\/\/www.suno.com.br\/noticias\/","logo":{"@type":"ImageObject","inLanguage":"pt-BR","@id":"https:\/\/www.suno.com.br\/noticias\/#\/schema\/logo\/image\/","url":"https:\/\/files.sunoresearch.com.br\/n\/uploads\/2021\/09\/suno-logo.png","contentUrl":"https:\/\/files.sunoresearch.com.br\/n\/uploads\/2021\/09\/suno-logo.png","width":180,"height":180,"caption":"Suno Not\u00edcias"},"image":{"@id":"https:\/\/www.suno.com.br\/noticias\/#\/schema\/logo\/image\/"},"sameAs":["https:\/\/facebook.com\/sunoresearch","https:\/\/x.com\/sunoresearch","https:\/\/www.instagram.com\/suno","https:\/\/www.linkedin.com\/company\/suno-research\/","https:\/\/www.youtube.com\/c\/sunoresearch"]},{"@type":"Person","@id":"https:\/\/www.suno.com.br\/noticias\/#\/schema\/person\/d0f32748bbca4bee871fa191ee4e2d40","name":"Giovanni Porf\u00edrio Jacomino","image":{"@type":"ImageObject","inLanguage":"pt-BR","@id":"https:\/\/www.suno.com.br\/noticias\/#\/schema\/person\/image\/","url":"https:\/\/secure.gravatar.com\/avatar\/efb32e19b730a121cb7a80f41ffec01a?s=96&r=g","contentUrl":"https:\/\/secure.gravatar.com\/avatar\/efb32e19b730a121cb7a80f41ffec01a?s=96&r=g","caption":"Giovanni Porf\u00edrio Jacomino"},"description":"Giovanni Porf\u00edrio Jacomino \u00e9 jornalista formado pela Universidade Estadual de Londrina (UEL) e p\u00f3s-graduado em Produ\u00e7\u00e3o e Pr\u00e1ticas Jornal\u00edsticas na Contemporaneidade na Faculdade C\u00e1sper L\u00edbero (FCL). Foi editor web no Startupi e no Finsiders, atuando ainda como editor no TC Mover, portal de not\u00edcias da TradersClub, fazendo a cobertura de assuntos relacionados ao mercado financeiro interno e externo. Atualmente, \u00e9 Rep\u00f3rter do Suno Not\u00edcias.","url":"https:\/\/www.suno.com.br\/noticias\/author\/giovanni-porfiriosuno-com-br\/"}]}},"default_loop_html":"<div class=\"cardsPage__listCard__boxs\"><div class=\"cardsPage__listCard__boxs__img\"><a href=\"https:\/\/www.suno.com.br\/noticias\/vendas-do-varejo-caem-pascoa-2024-gpj\/\"><img class=\"mask\" src=\"https:\/\/www.suno.com.br\/noticias\/wp-content\/themes\/suno\/resources\/images\/spotlight\/spotlight1img\/bg-mask.png\" alt=\"Image Mask\"\/><img src=\"https:\/\/files.sunoresearch.com.br\/n\/uploads\/2024\/04\/pexels-jill-wellington-3979241-400x200.jpg\" alt=\"P\u00e1scoa: vendas do varejo caem 5% na compara\u00e7\u00e3o anual, diz \u00edndice da Cielo (CIEL3)\"\/><\/a><span class=\"spotlightCategory\"><a href=\"https:\/\/www.suno.com.br\/noticias\/negocios\/\">Neg\u00f3cios<\/a><\/span><\/div><div class=\"cardsPage__listCard__boxs__content\"><a href=\"https:\/\/www.suno.com.br\/noticias\/vendas-do-varejo-caem-pascoa-2024-gpj\/\"><h2 class=\"content__title\">P\u00e1scoa: vendas do varejo caem 5% na compara\u00e7\u00e3o anual, diz \u00edndice da Cielo (CIEL3)<\/h2><\/a><div class=\"newsContent__article__meta\"><div class=\"newsContent__article__meta__authorBox\"><a href=\"https:\/\/www.suno.com.br\/noticias\/author\/giovanni-porfiriosuno-com-br\/\" class=\"authorBox__avatar noMobi\"><img src=\"https:\/\/files.sunoresearch.com.br\/n\/uploads\/2024\/05\/DSCF4115-1-1-150x150.webp\" alt=\"Giovanni Porf\u00edrio Jacomino\"><\/a><div class=\"authorBox__name\"><span>por\n\t\t\t<a href=\"https:\/\/www.suno.com.br\/noticias\/author\/giovanni-porfiriosuno-com-br\/\"><span itemprop=\"author\">Giovanni Porf\u00edrio Jacomino<\/span><\/a><\/span><time datetime=\"2024-04-02T10:23:59-03:00\" itemprop=\"datePublished\">02\/04\/2024 10:23<\/time><\/div><\/div><\/div><\/div><\/div>","single_layout":"posts","amp_enabled":true,"_links":{"self":[{"href":"https:\/\/www.suno.com.br\/noticias\/wp-json\/wp\/v2\/posts\/539740"}],"collection":[{"href":"https:\/\/www.suno.com.br\/noticias\/wp-json\/wp\/v2\/posts"}],"about":[{"href":"https:\/\/www.suno.com.br\/noticias\/wp-json\/wp\/v2\/types\/post"}],"author":[{"embeddable":true,"href":"https:\/\/www.suno.com.br\/noticias\/wp-json\/wp\/v2\/users\/313"}],"replies":[{"embeddable":true,"href":"https:\/\/www.suno.com.br\/noticias\/wp-json\/wp\/v2\/comments?post=539740"}],"version-history":[{"count":2,"href":"https:\/\/www.suno.com.br\/noticias\/wp-json\/wp\/v2\/posts\/539740\/revisions"}],"predecessor-version":[{"id":539959,"href":"https:\/\/www.suno.com.br\/noticias\/wp-json\/wp\/v2\/posts\/539740\/revisions\/539959"}],"wp:featuredmedia":[{"embeddable":true,"href":"https:\/\/www.suno.com.br\/noticias\/wp-json\/wp\/v2\/media\/539939"}],"wp:attachment":[{"href":"https:\/\/www.suno.com.br\/noticias\/wp-json\/wp\/v2\/media?parent=539740"}],"wp:term":[{"taxonomy":"category","embeddable":true,"href":"https:\/\/www.suno.com.br\/noticias\/wp-json\/wp\/v2\/categories?post=539740"},{"taxonomy":"post_tag","embeddable":true,"href":"https:\/\/www.suno.com.br\/noticias\/wp-json\/wp\/v2\/tags?post=539740"},{"taxonomy":"suno_strategy","embeddable":true,"href":"https:\/\/www.suno.com.br\/noticias\/wp-json\/wp\/v2\/suno_strategy?post=539740"}],"curies":[{"name":"wp","href":"https:\/\/api.w.org\/{rel}","templated":true}]}}