{"id":539472,"date":"2024-04-01T11:15:33","date_gmt":"2024-04-01T14:15:33","guid":{"rendered":"https:\/\/www.suno.com.br\/noticias\/?p=539472"},"modified":"2024-04-01T11:15:40","modified_gmt":"2024-04-01T14:15:40","slug":"dolar-sobe-ajuste-pce-powell-gpj","status":"publish","type":"post","link":"https:\/\/www.suno.com.br\/noticias\/dolar-sobe-ajuste-pce-powell-gpj\/","title":{"rendered":"D\u00f3lar abre em queda com min\u00e9rio e China, mas sobe por ajustes p\u00f3s PCE dos EUA e Powell"},"content":{"rendered":"<p>O <strong>d\u00f3lar<\/strong> sobe na manh\u00e3 desta segunda-feira (1), renovando m\u00e1xima no mercado \u00e0 vista, ap\u00f3s abertura em baixa respondendo a uma leve realiza\u00e7\u00e3o de lucros na esteira de ganho de 0,86% em mar\u00e7o e de 3,34% no primeiro trimestre do ano.<\/p>\t<div class=\"wrapper-featured-image\">\n\t\t<figure class=\"spotlightImg\">\n\n\t\t\t<picture>\n\t\t\t\t<source media=\"(max-width: 768px)\" srcset=\"https:\/\/files.sunoresearch.com.br\/n\/uploads\/2023\/12\/dolar-cotacao-400x200.jpg\">\n\t\t\t\t<img loading=\"lazy\" decoding=\"async\" class=\"newsContent__article__imgCapa lazyloadDisabled \" src=\"https:\/\/files.sunoresearch.com.br\/n\/uploads\/2023\/12\/dolar-cotacao-800x450.jpg\" width=\"800\" height=\"450\" alt=\"D\u00f3lar abre em queda com min\u00e9rio e China, mas sobe por ajustes p\u00f3s PCE dos EUA e Powell\" fetchpriority=high \/>\n\t\t\t<\/picture>\n\n\t\t\t<figcaption class=\"wp-caption-text wp-caption-text--show\">D\u00f3lar. Foto: iStock<\/figcaption>\n\t\t<\/figure>\n\t<\/div>\n\n\n\n\n\n\n\n\t<p>\n\t\t<a href=\"https:\/\/lp.suno.com.br\/ebook-como-analisar-uma-acao\/\" target=\"_blank\" data-element=\"shortcode-suno-banner\" title=\"Banner SUNO, clique e saiba mais\">\n\t\t\t<picture>\n\t\t\t\t<source media=\"(max-width: 500px)\" srcset=\"https:\/\/files.sunoresearch.com.br\/n\/uploads\/2023\/03\/Ebook-Acoes-Mobile.jpg\">\n\t\t\t\t<img class=\"newsContent__article__imgCapa newsContent__article__imgCapa--banner\"\n\t\t\t\t\tsrc=\"https:\/\/files.sunoresearch.com.br\/n\/uploads\/2023\/03\/Ebook-Acoes-Desktop.jpg\"\n\t\t\t\t\tdata-promo-id=\"378302\"\t\t\t\t\t\t\t\t\t\twidth='1420' height='286'\t\t\t\t\talt=\"https:\/\/files.sunoresearch.com.br\/n\/uploads\/2023\/03\/Ebook-Acoes-Desktop.jpg\"\n\t\t\t\t>\n\t\t\t<\/picture>\n\t\t<\/a>\n\t<\/p>\n\n\n\n\n\n<p>O <a href=\"https:\/\/www.suno.com.br\/artigos\/cambio\/\">mercado de c\u00e2mbio<\/a> ajusta-se ao fortalecimento do d\u00f3lar e dos rendimentos intermedi\u00e1rios e longos dos Treasuries ap\u00f3s a divulga\u00e7\u00e3o da <strong>infla\u00e7\u00e3o PCE dos EUA<\/strong> em fevereiro e do discurso do presidente do <strong>Federal Reserve<\/strong> (<strong>Fed<\/strong>, o banco central norte-americano), Jerome Powell, durante a sexta-feira de feriado nos Estados Unidos e Brasil. <\/p>\n\n\n\n<p>Os investidores est\u00e3o na expectativa tamb\u00e9m pelos PMIs industriais americanos em mar\u00e7o e brasileiro.<\/p>\n\n\n\n<p>Exportadores podem ter vendido d\u00f3lar nos primeiros neg\u00f3cios, estimulados pelo avan\u00e7o de 2,61% do<strong> min\u00e9rio de ferro em Dalian<\/strong> nesta segunda-feira e dados de PMIs industriais na China em mar\u00e7o acima das expectativas. No radar global, na semana, est\u00e1 o <strong>relat\u00f3rio de empregos dos EUA<\/strong> em mar\u00e7o, o <strong>payroll<\/strong>, na sexta-feira (5).<\/p>\n\n\n\n<p>Na \u00faltima sexta-feira, o <strong>PCE dos EUA <\/strong>avan\u00e7ou 0,3% em fevereiro ante janeiro, abaixo da previs\u00e3o de alta de 0,4%, e o n\u00facleo, que exclui itens vol\u00e1teis como alimentos e energia, subiu 0,3% no mesmo per\u00edodo, em linha com a proje\u00e7\u00e3o. Na compara\u00e7\u00e3o anual, o PCE avan\u00e7ou 2,5% em fevereiro, ante 2,4% em janeiro, e o n\u00facleo subiu 2,8%, ante 2,9% revisado. Os dados alimentam esperan\u00e7as de que o Fed<strong> <\/strong>deve come\u00e7ar a reduzir juros a partir de junho.<\/p>\n\n\n\n<p>Powell afirmou que depender\u00e1 exclusivamente dos dados e do desempenho da economia a defini\u00e7\u00e3o sobre o momento para cortes de juros, e n\u00e3o de calend\u00e1rios pol\u00edticos, alertando que o Fed pode, inclusive, estender o per\u00edodo de manuten\u00e7\u00e3o da pol\u00edtica restritiva, se n\u00e3o houver progresso na redu\u00e7\u00e3o da infla\u00e7\u00e3o.<\/p>\n\n\n\n<p>Na China, o PMI industrial oficial do pa\u00eds aumentou para 50,8 em mar\u00e7o, apontando a primeira expans\u00e3o na manufatura ap\u00f3s cinco meses de contra\u00e7\u00e3o, enquanto a leitura da S&amp;P Global\/Caixin subiu para 51,1 no m\u00eas passado, atingindo o maior patamar desde fevereiro de 2023.<\/p>\n\n\n\n<p>No Brasil, nos pr\u00f3ximos dias, est\u00e3o programados o <strong>boletim Focus<\/strong>, na ter\u00e7a; a produ\u00e7\u00e3o industrial de fevereiro e o IPC-Fipe de mar\u00e7o, na quarta; o <a href=\"https:\/\/www.suno.com.br\/artigos\/fluxo-cambial\/\">fluxo cambial<\/a>, a balan\u00e7a comercial em mar\u00e7o, o saldo da conta corrente e o IDP de fevereiro, na quinta; o IGP-DI de abril e os dados do setor p\u00fablico consolidado em fevereiro, na sexta-feira.<\/p>\n\n\n\n<p>Mais cedo, a Funda\u00e7\u00e3o Get\u00falio Vargas (FGV) informou que o \u00cdndice de Pre\u00e7os ao Consumidor Semanal (IPC-S) arrefeceu a 0,10% no encerramento de mar\u00e7o, ap\u00f3s fechar fevereiro com varia\u00e7\u00e3o de 0,55%. Na terceira quadrissemana de mar\u00e7o, a alta foi de 0,22%. Com o resultado, o \u00edndice acumula alta de 2,93% em 12 meses. A varia\u00e7\u00e3o do <strong>IPC-S<\/strong> no m\u00eas veio no piso do intervalo das estimativas do Proje\u00e7\u00f5es Broadcast.<\/p>\n\n\n\n<h2 class=\"wp-block-heading\">D\u00f3lar hoje<\/h2>\n\n\n\n<p>\u00c0s 11h00, o <strong>d\u00f3lar <\/strong>\u00e0 vista subia 0,60%, a R$ 5,0461.<\/p>\n\n\n\n<p><em>*Com informa\u00e7\u00f5es de Estad\u00e3o Conte\u00fado<\/em><\/p>\n\n\n\t<p>\n\t\t<a href=\"https:\/\/lp.suno.com.br\/ebook-gratuito-investindo-no-exterior\/\" target=\"_blank\" data-element=\"shortcode-suno-banner\" title=\"Banner SUNO, clique e saiba mais\">\n\t\t\t<picture>\n\t\t\t\t<source media=\"(max-width: 500px)\" srcset=\"https:\/\/files.sunoresearch.com.br\/n\/uploads\/2023\/03\/400x300-Investindo-no-exterior.png\">\n\t\t\t\t<img class=\"newsContent__article__imgCapa newsContent__article__imgCapa--banner\"\n\t\t\t\t\tsrc=\"https:\/\/files.sunoresearch.com.br\/n\/uploads\/2023\/03\/1420x240-Investindo-no-exterior.png\"\n\t\t\t\t\tdata-promo-id=\"383161\"\t\t\t\t\t\t\t\t\t\twidth='1420' height='240'\t\t\t\t\talt=\"https:\/\/files.sunoresearch.com.br\/n\/uploads\/2023\/03\/1420x240-Investindo-no-exterior.png\"\n\t\t\t\t>\n\t\t\t<\/picture>\n\t\t<\/a>\n\t<\/p>\n\n\n","protected":false},"excerpt":{"rendered":"<p>O d\u00f3lar sobe na manh\u00e3 desta segunda-feira (1), renovando m\u00e1xima no mercado \u00e0 vista, ap\u00f3s abertura em baixa respondendo a uma leve realiza\u00e7\u00e3o de lucros na esteira de ganho de 0,86% em mar\u00e7o e de 3,34% no primeiro trimestre do ano. D\u00f3lar. Foto: iStock O mercado de c\u00e2mbio ajusta-se ao fortalecimento do d\u00f3lar e dos [&hellip;]<\/p>\n","protected":false},"author":313,"featured_media":495020,"comment_status":"closed","ping_status":"closed","sticky":false,"template":"","format":"standard","meta":[],"categories":[60],"tags":[326,1852],"suno_strategy":[],"class_list":["post-539472","post","type-post","status-publish","format-standard","has-post-thumbnail","hentry","category-mercado","tag-dolar","tag-dolar-futuro"],"yoast_head":"<!-- This site is optimized with the Yoast SEO plugin v24.4 - https:\/\/yoast.com\/wordpress\/plugins\/seo\/ -->\n<title>D\u00f3lar sobe com ajustes p\u00f3s PCE dos EUA e Powell; confira<\/title>\n<meta name=\"description\" content=\"O d\u00f3lar sobe na manh\u00e3 desta segunda-feira (1), renovando m\u00e1xima no mercado \u00e0 vista, ap\u00f3s abertura em baixa. Veja a cota\u00e7\u00e3o do d\u00f3lar.\" \/>\n<meta name=\"robots\" content=\"index, follow, max-snippet:-1, max-image-preview:large, max-video-preview:-1\" \/>\n<link rel=\"canonical\" href=\"https:\/\/www.suno.com.br\/noticias\/dolar-sobe-ajuste-pce-powell-gpj\/\" \/>\n<meta property=\"og:locale\" content=\"pt_BR\" \/>\n<meta property=\"og:type\" content=\"article\" \/>\n<meta property=\"og:title\" content=\"D\u00f3lar sobe com ajustes p\u00f3s PCE dos EUA e Powell; confira\" \/>\n<meta property=\"og:description\" content=\"O d\u00f3lar sobe na manh\u00e3 desta segunda-feira (1), renovando m\u00e1xima no mercado \u00e0 vista, ap\u00f3s abertura em baixa. Veja a cota\u00e7\u00e3o do d\u00f3lar.\" \/>\n<meta property=\"og:url\" content=\"https:\/\/www.suno.com.br\/noticias\/dolar-sobe-ajuste-pce-powell-gpj\/\" \/>\n<meta property=\"og:site_name\" content=\"Suno Not\u00edcias\" \/>\n<meta property=\"article:publisher\" content=\"https:\/\/facebook.com\/sunoresearch\" \/>\n<meta property=\"og:image\" content=\"https:\/\/files.sunoresearch.com.br\/n\/uploads\/2023\/12\/dolar-cotacao.jpg\" \/>\n\t<meta property=\"og:image:width\" content=\"1200\" \/>\n\t<meta property=\"og:image:height\" content=\"800\" \/>\n\t<meta property=\"og:image:type\" content=\"image\/jpeg\" \/>\n<meta name=\"author\" content=\"Giovanni Porf\u00edrio Jacomino\" \/>\n<meta name=\"twitter:card\" content=\"summary_large_image\" \/>\n<meta name=\"twitter:creator\" content=\"@sunoresearch\" \/>\n<meta name=\"twitter:site\" content=\"@sunoresearch\" \/>\n<meta name=\"twitter:label1\" content=\"Escrito por\" \/>\n\t<meta name=\"twitter:data1\" content=\"Giovanni Porf\u00edrio Jacomino\" \/>\n\t<meta name=\"twitter:label2\" content=\"Est. tempo de leitura\" \/>\n\t<meta name=\"twitter:data2\" content=\"3 minutos\" \/>\n<script type=\"application\/ld+json\" class=\"yoast-schema-graph\">{\"@context\":\"https:\/\/schema.org\",\"@graph\":[{\"@type\":\"NewsArticle\",\"@id\":\"https:\/\/www.suno.com.br\/noticias\/dolar-sobe-ajuste-pce-powell-gpj\/#article\",\"isPartOf\":{\"@id\":\"https:\/\/www.suno.com.br\/noticias\/dolar-sobe-ajuste-pce-powell-gpj\/\"},\"author\":{\"name\":\"Giovanni Porf\u00edrio Jacomino\",\"@id\":\"https:\/\/www.suno.com.br\/noticias\/#\/schema\/person\/d0f32748bbca4bee871fa191ee4e2d40\"},\"headline\":\"D\u00f3lar abre em queda com min\u00e9rio e China, mas sobe por ajustes p\u00f3s PCE dos EUA e Powell\",\"datePublished\":\"2024-04-01T14:15:33+00:00\",\"dateModified\":\"2024-04-01T14:15:40+00:00\",\"mainEntityOfPage\":{\"@id\":\"https:\/\/www.suno.com.br\/noticias\/dolar-sobe-ajuste-pce-powell-gpj\/\"},\"wordCount\":553,\"publisher\":{\"@id\":\"https:\/\/www.suno.com.br\/noticias\/#organization\"},\"image\":{\"@id\":\"https:\/\/www.suno.com.br\/noticias\/dolar-sobe-ajuste-pce-powell-gpj\/#primaryimage\"},\"thumbnailUrl\":\"https:\/\/files.sunoresearch.com.br\/n\/uploads\/2023\/12\/dolar-cotacao.jpg\",\"keywords\":[\"d\u00f3lar\",\"d\u00f3lar futuro\"],\"articleSection\":[\"Mercado\"],\"inLanguage\":\"pt-BR\"},{\"@type\":\"WebPage\",\"@id\":\"https:\/\/www.suno.com.br\/noticias\/dolar-sobe-ajuste-pce-powell-gpj\/\",\"url\":\"https:\/\/www.suno.com.br\/noticias\/dolar-sobe-ajuste-pce-powell-gpj\/\",\"name\":\"D\u00f3lar sobe com ajustes p\u00f3s PCE dos EUA e Powell; confira\",\"isPartOf\":{\"@id\":\"https:\/\/www.suno.com.br\/noticias\/#website\"},\"primaryImageOfPage\":{\"@id\":\"https:\/\/www.suno.com.br\/noticias\/dolar-sobe-ajuste-pce-powell-gpj\/#primaryimage\"},\"image\":{\"@id\":\"https:\/\/www.suno.com.br\/noticias\/dolar-sobe-ajuste-pce-powell-gpj\/#primaryimage\"},\"thumbnailUrl\":\"https:\/\/files.sunoresearch.com.br\/n\/uploads\/2023\/12\/dolar-cotacao.jpg\",\"datePublished\":\"2024-04-01T14:15:33+00:00\",\"dateModified\":\"2024-04-01T14:15:40+00:00\",\"description\":\"O d\u00f3lar sobe na manh\u00e3 desta segunda-feira (1), renovando m\u00e1xima no mercado \u00e0 vista, ap\u00f3s abertura em baixa. Veja a cota\u00e7\u00e3o do d\u00f3lar.\",\"breadcrumb\":{\"@id\":\"https:\/\/www.suno.com.br\/noticias\/dolar-sobe-ajuste-pce-powell-gpj\/#breadcrumb\"},\"inLanguage\":\"pt-BR\",\"potentialAction\":[{\"@type\":\"ReadAction\",\"target\":[\"https:\/\/www.suno.com.br\/noticias\/dolar-sobe-ajuste-pce-powell-gpj\/\"]}]},{\"@type\":\"ImageObject\",\"inLanguage\":\"pt-BR\",\"@id\":\"https:\/\/www.suno.com.br\/noticias\/dolar-sobe-ajuste-pce-powell-gpj\/#primaryimage\",\"url\":\"https:\/\/files.sunoresearch.com.br\/n\/uploads\/2023\/12\/dolar-cotacao.jpg\",\"contentUrl\":\"https:\/\/files.sunoresearch.com.br\/n\/uploads\/2023\/12\/dolar-cotacao.jpg\",\"width\":1200,\"height\":800,\"caption\":\"D\u00f3lar. Foto: iStock\"},{\"@type\":\"BreadcrumbList\",\"@id\":\"https:\/\/www.suno.com.br\/noticias\/dolar-sobe-ajuste-pce-powell-gpj\/#breadcrumb\",\"itemListElement\":[{\"@type\":\"ListItem\",\"position\":1,\"name\":\"Not\u00edcias\",\"item\":\"https:\/\/www.suno.com.br\/noticias\/\"},{\"@type\":\"ListItem\",\"position\":2,\"name\":\"Mercado\",\"item\":\"https:\/\/www.suno.com.br\/noticias\/mercado\/\"},{\"@type\":\"ListItem\",\"position\":3,\"name\":\"D\u00f3lar abre em queda com min\u00e9rio e China, mas sobe por ajustes p\u00f3s PCE dos EUA e Powell\"}]},{\"@type\":\"WebSite\",\"@id\":\"https:\/\/www.suno.com.br\/noticias\/#website\",\"url\":\"https:\/\/www.suno.com.br\/noticias\/\",\"name\":\"Suno Not\u00edcias\",\"description\":\"Seu portal de informa\u00e7\u00e3o sobre o mundo dos investimentos\",\"publisher\":{\"@id\":\"https:\/\/www.suno.com.br\/noticias\/#organization\"},\"potentialAction\":[{\"@type\":\"SearchAction\",\"target\":{\"@type\":\"EntryPoint\",\"urlTemplate\":\"https:\/\/www.suno.com.br\/noticias\/?s={search_term_string}\"},\"query-input\":{\"@type\":\"PropertyValueSpecification\",\"valueRequired\":true,\"valueName\":\"search_term_string\"}}],\"inLanguage\":\"pt-BR\"},{\"@type\":\"Organization\",\"@id\":\"https:\/\/www.suno.com.br\/noticias\/#organization\",\"name\":\"Suno Not\u00edcias\",\"url\":\"https:\/\/www.suno.com.br\/noticias\/\",\"logo\":{\"@type\":\"ImageObject\",\"inLanguage\":\"pt-BR\",\"@id\":\"https:\/\/www.suno.com.br\/noticias\/#\/schema\/logo\/image\/\",\"url\":\"https:\/\/files.sunoresearch.com.br\/n\/uploads\/2021\/09\/suno-logo.png\",\"contentUrl\":\"https:\/\/files.sunoresearch.com.br\/n\/uploads\/2021\/09\/suno-logo.png\",\"width\":180,\"height\":180,\"caption\":\"Suno Not\u00edcias\"},\"image\":{\"@id\":\"https:\/\/www.suno.com.br\/noticias\/#\/schema\/logo\/image\/\"},\"sameAs\":[\"https:\/\/facebook.com\/sunoresearch\",\"https:\/\/x.com\/sunoresearch\",\"https:\/\/www.instagram.com\/suno\",\"https:\/\/www.linkedin.com\/company\/suno-research\/\",\"https:\/\/www.youtube.com\/c\/sunoresearch\"]},{\"@type\":\"Person\",\"@id\":\"https:\/\/www.suno.com.br\/noticias\/#\/schema\/person\/d0f32748bbca4bee871fa191ee4e2d40\",\"name\":\"Giovanni Porf\u00edrio Jacomino\",\"image\":{\"@type\":\"ImageObject\",\"inLanguage\":\"pt-BR\",\"@id\":\"https:\/\/www.suno.com.br\/noticias\/#\/schema\/person\/image\/\",\"url\":\"https:\/\/secure.gravatar.com\/avatar\/efb32e19b730a121cb7a80f41ffec01a?s=96&r=g\",\"contentUrl\":\"https:\/\/secure.gravatar.com\/avatar\/efb32e19b730a121cb7a80f41ffec01a?s=96&r=g\",\"caption\":\"Giovanni Porf\u00edrio Jacomino\"},\"description\":\"Giovanni Porf\u00edrio Jacomino \u00e9 jornalista formado pela Universidade Estadual de Londrina (UEL) e p\u00f3s-graduado em Produ\u00e7\u00e3o e Pr\u00e1ticas Jornal\u00edsticas na Contemporaneidade na Faculdade C\u00e1sper L\u00edbero (FCL). Foi editor web no Startupi e no Finsiders, atuando ainda como editor no TC Mover, portal de not\u00edcias da TradersClub, fazendo a cobertura de assuntos relacionados ao mercado financeiro interno e externo. Atualmente, \u00e9 Rep\u00f3rter do Suno Not\u00edcias.\",\"url\":\"https:\/\/www.suno.com.br\/noticias\/author\/giovanni-porfiriosuno-com-br\/\"}]}<\/script>\n<!-- \/ Yoast SEO plugin. -->","yoast_head_json":{"title":"D\u00f3lar sobe com ajustes p\u00f3s PCE dos EUA e Powell; confira","description":"O d\u00f3lar sobe na manh\u00e3 desta segunda-feira (1), renovando m\u00e1xima no mercado \u00e0 vista, ap\u00f3s abertura em baixa. Veja a cota\u00e7\u00e3o do d\u00f3lar.","robots":{"index":"index","follow":"follow","max-snippet":"max-snippet:-1","max-image-preview":"max-image-preview:large","max-video-preview":"max-video-preview:-1"},"canonical":"https:\/\/www.suno.com.br\/noticias\/dolar-sobe-ajuste-pce-powell-gpj\/","og_locale":"pt_BR","og_type":"article","og_title":"D\u00f3lar sobe com ajustes p\u00f3s PCE dos EUA e Powell; confira","og_description":"O d\u00f3lar sobe na manh\u00e3 desta segunda-feira (1), renovando m\u00e1xima no mercado \u00e0 vista, ap\u00f3s abertura em baixa. Veja a cota\u00e7\u00e3o do d\u00f3lar.","og_url":"https:\/\/www.suno.com.br\/noticias\/dolar-sobe-ajuste-pce-powell-gpj\/","og_site_name":"Suno Not\u00edcias","article_publisher":"https:\/\/facebook.com\/sunoresearch","og_image":[{"width":1200,"height":800,"url":"https:\/\/files.sunoresearch.com.br\/n\/uploads\/2023\/12\/dolar-cotacao.jpg","type":"image\/jpeg"}],"author":"Giovanni Porf\u00edrio Jacomino","twitter_card":"summary_large_image","twitter_creator":"@sunoresearch","twitter_site":"@sunoresearch","twitter_misc":{"Escrito por":"Giovanni Porf\u00edrio Jacomino","Est. tempo de leitura":"3 minutos"},"schema":{"@context":"https:\/\/schema.org","@graph":[{"@type":"NewsArticle","@id":"https:\/\/www.suno.com.br\/noticias\/dolar-sobe-ajuste-pce-powell-gpj\/#article","isPartOf":{"@id":"https:\/\/www.suno.com.br\/noticias\/dolar-sobe-ajuste-pce-powell-gpj\/"},"author":{"name":"Giovanni Porf\u00edrio Jacomino","@id":"https:\/\/www.suno.com.br\/noticias\/#\/schema\/person\/d0f32748bbca4bee871fa191ee4e2d40"},"headline":"D\u00f3lar abre em queda com min\u00e9rio e China, mas sobe por ajustes p\u00f3s PCE dos EUA e Powell","datePublished":"2024-04-01T14:15:33+00:00","dateModified":"2024-04-01T14:15:40+00:00","mainEntityOfPage":{"@id":"https:\/\/www.suno.com.br\/noticias\/dolar-sobe-ajuste-pce-powell-gpj\/"},"wordCount":553,"publisher":{"@id":"https:\/\/www.suno.com.br\/noticias\/#organization"},"image":{"@id":"https:\/\/www.suno.com.br\/noticias\/dolar-sobe-ajuste-pce-powell-gpj\/#primaryimage"},"thumbnailUrl":"https:\/\/files.sunoresearch.com.br\/n\/uploads\/2023\/12\/dolar-cotacao.jpg","keywords":["d\u00f3lar","d\u00f3lar futuro"],"articleSection":["Mercado"],"inLanguage":"pt-BR"},{"@type":"WebPage","@id":"https:\/\/www.suno.com.br\/noticias\/dolar-sobe-ajuste-pce-powell-gpj\/","url":"https:\/\/www.suno.com.br\/noticias\/dolar-sobe-ajuste-pce-powell-gpj\/","name":"D\u00f3lar sobe com ajustes p\u00f3s PCE dos EUA e Powell; confira","isPartOf":{"@id":"https:\/\/www.suno.com.br\/noticias\/#website"},"primaryImageOfPage":{"@id":"https:\/\/www.suno.com.br\/noticias\/dolar-sobe-ajuste-pce-powell-gpj\/#primaryimage"},"image":{"@id":"https:\/\/www.suno.com.br\/noticias\/dolar-sobe-ajuste-pce-powell-gpj\/#primaryimage"},"thumbnailUrl":"https:\/\/files.sunoresearch.com.br\/n\/uploads\/2023\/12\/dolar-cotacao.jpg","datePublished":"2024-04-01T14:15:33+00:00","dateModified":"2024-04-01T14:15:40+00:00","description":"O d\u00f3lar sobe na manh\u00e3 desta segunda-feira (1), renovando m\u00e1xima no mercado \u00e0 vista, ap\u00f3s abertura em baixa. Veja a cota\u00e7\u00e3o do d\u00f3lar.","breadcrumb":{"@id":"https:\/\/www.suno.com.br\/noticias\/dolar-sobe-ajuste-pce-powell-gpj\/#breadcrumb"},"inLanguage":"pt-BR","potentialAction":[{"@type":"ReadAction","target":["https:\/\/www.suno.com.br\/noticias\/dolar-sobe-ajuste-pce-powell-gpj\/"]}]},{"@type":"ImageObject","inLanguage":"pt-BR","@id":"https:\/\/www.suno.com.br\/noticias\/dolar-sobe-ajuste-pce-powell-gpj\/#primaryimage","url":"https:\/\/files.sunoresearch.com.br\/n\/uploads\/2023\/12\/dolar-cotacao.jpg","contentUrl":"https:\/\/files.sunoresearch.com.br\/n\/uploads\/2023\/12\/dolar-cotacao.jpg","width":1200,"height":800,"caption":"D\u00f3lar. Foto: iStock"},{"@type":"BreadcrumbList","@id":"https:\/\/www.suno.com.br\/noticias\/dolar-sobe-ajuste-pce-powell-gpj\/#breadcrumb","itemListElement":[{"@type":"ListItem","position":1,"name":"Not\u00edcias","item":"https:\/\/www.suno.com.br\/noticias\/"},{"@type":"ListItem","position":2,"name":"Mercado","item":"https:\/\/www.suno.com.br\/noticias\/mercado\/"},{"@type":"ListItem","position":3,"name":"D\u00f3lar abre em queda com min\u00e9rio e China, mas sobe por ajustes p\u00f3s PCE dos EUA e Powell"}]},{"@type":"WebSite","@id":"https:\/\/www.suno.com.br\/noticias\/#website","url":"https:\/\/www.suno.com.br\/noticias\/","name":"Suno Not\u00edcias","description":"Seu portal de informa\u00e7\u00e3o sobre o mundo dos investimentos","publisher":{"@id":"https:\/\/www.suno.com.br\/noticias\/#organization"},"potentialAction":[{"@type":"SearchAction","target":{"@type":"EntryPoint","urlTemplate":"https:\/\/www.suno.com.br\/noticias\/?s={search_term_string}"},"query-input":{"@type":"PropertyValueSpecification","valueRequired":true,"valueName":"search_term_string"}}],"inLanguage":"pt-BR"},{"@type":"Organization","@id":"https:\/\/www.suno.com.br\/noticias\/#organization","name":"Suno Not\u00edcias","url":"https:\/\/www.suno.com.br\/noticias\/","logo":{"@type":"ImageObject","inLanguage":"pt-BR","@id":"https:\/\/www.suno.com.br\/noticias\/#\/schema\/logo\/image\/","url":"https:\/\/files.sunoresearch.com.br\/n\/uploads\/2021\/09\/suno-logo.png","contentUrl":"https:\/\/files.sunoresearch.com.br\/n\/uploads\/2021\/09\/suno-logo.png","width":180,"height":180,"caption":"Suno Not\u00edcias"},"image":{"@id":"https:\/\/www.suno.com.br\/noticias\/#\/schema\/logo\/image\/"},"sameAs":["https:\/\/facebook.com\/sunoresearch","https:\/\/x.com\/sunoresearch","https:\/\/www.instagram.com\/suno","https:\/\/www.linkedin.com\/company\/suno-research\/","https:\/\/www.youtube.com\/c\/sunoresearch"]},{"@type":"Person","@id":"https:\/\/www.suno.com.br\/noticias\/#\/schema\/person\/d0f32748bbca4bee871fa191ee4e2d40","name":"Giovanni Porf\u00edrio Jacomino","image":{"@type":"ImageObject","inLanguage":"pt-BR","@id":"https:\/\/www.suno.com.br\/noticias\/#\/schema\/person\/image\/","url":"https:\/\/secure.gravatar.com\/avatar\/efb32e19b730a121cb7a80f41ffec01a?s=96&r=g","contentUrl":"https:\/\/secure.gravatar.com\/avatar\/efb32e19b730a121cb7a80f41ffec01a?s=96&r=g","caption":"Giovanni Porf\u00edrio Jacomino"},"description":"Giovanni Porf\u00edrio Jacomino \u00e9 jornalista formado pela Universidade Estadual de Londrina (UEL) e p\u00f3s-graduado em Produ\u00e7\u00e3o e Pr\u00e1ticas Jornal\u00edsticas na Contemporaneidade na Faculdade C\u00e1sper L\u00edbero (FCL). Foi editor web no Startupi e no Finsiders, atuando ainda como editor no TC Mover, portal de not\u00edcias da TradersClub, fazendo a cobertura de assuntos relacionados ao mercado financeiro interno e externo. Atualmente, \u00e9 Rep\u00f3rter do Suno Not\u00edcias.","url":"https:\/\/www.suno.com.br\/noticias\/author\/giovanni-porfiriosuno-com-br\/"}]}},"default_loop_html":"<div class=\"cardsPage__listCard__boxs\"><div class=\"cardsPage__listCard__boxs__img\"><a href=\"https:\/\/www.suno.com.br\/noticias\/dolar-sobe-ajuste-pce-powell-gpj\/\"><img class=\"mask\" src=\"https:\/\/www.suno.com.br\/noticias\/wp-content\/themes\/suno\/resources\/images\/spotlight\/spotlight1img\/bg-mask.png\" alt=\"Image Mask\"\/><img src=\"https:\/\/files.sunoresearch.com.br\/n\/uploads\/2023\/12\/dolar-cotacao-400x200.jpg\" alt=\"D\u00f3lar abre em queda com min\u00e9rio e China, mas sobe por ajustes p\u00f3s PCE dos EUA e Powell\"\/><\/a><span class=\"spotlightCategory\"><a href=\"https:\/\/www.suno.com.br\/noticias\/mercado\/\">Mercado<\/a><\/span><\/div><div class=\"cardsPage__listCard__boxs__content\"><a href=\"https:\/\/www.suno.com.br\/noticias\/dolar-sobe-ajuste-pce-powell-gpj\/\"><h2 class=\"content__title\">D\u00f3lar abre em queda com min\u00e9rio e China, mas sobe por ajustes p\u00f3s PCE dos EUA e Powell<\/h2><\/a><div class=\"newsContent__article__meta\"><div class=\"newsContent__article__meta__authorBox\"><a href=\"https:\/\/www.suno.com.br\/noticias\/author\/giovanni-porfiriosuno-com-br\/\" class=\"authorBox__avatar noMobi\"><img src=\"https:\/\/files.sunoresearch.com.br\/n\/uploads\/2024\/05\/DSCF4115-1-1-150x150.webp\" alt=\"Giovanni Porf\u00edrio Jacomino\"><\/a><div class=\"authorBox__name\"><span>por\n\t\t\t<a href=\"https:\/\/www.suno.com.br\/noticias\/author\/giovanni-porfiriosuno-com-br\/\"><span itemprop=\"author\">Giovanni Porf\u00edrio Jacomino<\/span><\/a><\/span><time datetime=\"2024-04-01T11:15:33-03:00\" itemprop=\"datePublished\">01\/04\/2024 11:15<\/time><\/div><\/div><\/div><\/div><\/div>","single_layout":"posts","amp_enabled":true,"_links":{"self":[{"href":"https:\/\/www.suno.com.br\/noticias\/wp-json\/wp\/v2\/posts\/539472"}],"collection":[{"href":"https:\/\/www.suno.com.br\/noticias\/wp-json\/wp\/v2\/posts"}],"about":[{"href":"https:\/\/www.suno.com.br\/noticias\/wp-json\/wp\/v2\/types\/post"}],"author":[{"embeddable":true,"href":"https:\/\/www.suno.com.br\/noticias\/wp-json\/wp\/v2\/users\/313"}],"replies":[{"embeddable":true,"href":"https:\/\/www.suno.com.br\/noticias\/wp-json\/wp\/v2\/comments?post=539472"}],"version-history":[{"count":3,"href":"https:\/\/www.suno.com.br\/noticias\/wp-json\/wp\/v2\/posts\/539472\/revisions"}],"predecessor-version":[{"id":539514,"href":"https:\/\/www.suno.com.br\/noticias\/wp-json\/wp\/v2\/posts\/539472\/revisions\/539514"}],"wp:featuredmedia":[{"embeddable":true,"href":"https:\/\/www.suno.com.br\/noticias\/wp-json\/wp\/v2\/media\/495020"}],"wp:attachment":[{"href":"https:\/\/www.suno.com.br\/noticias\/wp-json\/wp\/v2\/media?parent=539472"}],"wp:term":[{"taxonomy":"category","embeddable":true,"href":"https:\/\/www.suno.com.br\/noticias\/wp-json\/wp\/v2\/categories?post=539472"},{"taxonomy":"post_tag","embeddable":true,"href":"https:\/\/www.suno.com.br\/noticias\/wp-json\/wp\/v2\/tags?post=539472"},{"taxonomy":"suno_strategy","embeddable":true,"href":"https:\/\/www.suno.com.br\/noticias\/wp-json\/wp\/v2\/suno_strategy?post=539472"}],"curies":[{"name":"wp","href":"https:\/\/api.w.org\/{rel}","templated":true}]}}