{"id":539229,"date":"2024-03-31T16:53:54","date_gmt":"2024-03-31T19:53:54","guid":{"rendered":"https:\/\/www.suno.com.br\/noticias\/?p=539229"},"modified":"2024-03-31T16:53:57","modified_gmt":"2024-03-31T19:53:57","slug":"filho-bilionario-apartamento-carro-2015-jvj","status":"publish","type":"post","link":"https:\/\/www.suno.com.br\/noticias\/filho-bilionario-apartamento-carro-2015-jvj\/","title":{"rendered":"Filho de bilion\u00e1rio da tecnologia vive em apartamento de dois quartos e tem carro de 2015"},"content":{"rendered":"<p>Filho de um dos homens mais ricos do mundo, o comediante Pete Ballmer, aos 29 anos, tem uma vida que poderia ser extremamente luxuosa. Mas a realidade, por\u00e9m, \u00e9 mais modesta: o filho de <strong>bilion\u00e1rio <\/strong>mora em apartamento de dois quartos e tem um carro com quase 10 anos de uso.<\/p>\t<div class=\"wrapper-featured-image\">\n\t\t<figure class=\"spotlightImg\">\n\n\t\t\t<picture>\n\t\t\t\t<source media=\"(max-width: 768px)\" srcset=\"https:\/\/files.sunoresearch.com.br\/n\/uploads\/2023\/12\/bilionarios-400x200.jpg\">\n\t\t\t\t<img loading=\"lazy\" decoding=\"async\" class=\"newsContent__article__imgCapa lazyloadDisabled \" src=\"https:\/\/files.sunoresearch.com.br\/n\/uploads\/2023\/12\/bilionarios-800x450.jpg\" width=\"800\" height=\"450\" alt=\"Filho de bilion\u00e1rio da tecnologia vive em apartamento de dois quartos e tem carro de 2015\" fetchpriority=high \/>\n\t\t\t<\/picture>\n\n\t\t\t<figcaption class=\"wp-caption-text wp-caption-text--show\">Filho de bilion\u00e1rio da tecnologia vive em apartamento de dois quartos e tem carro de 2015. Foto: Pixabay<\/figcaption>\n\t\t<\/figure>\n\t<\/div>\n\n\n\n\n\n\t<p>\n\t\t<a href=\"https:\/\/lp.suno.com.br\/ebook-como-analisar-uma-acao\/\" target=\"_blank\" data-element=\"shortcode-suno-banner\" title=\"Banner SUNO, clique e saiba mais\">\n\t\t\t<picture>\n\t\t\t\t<source media=\"(max-width: 500px)\" srcset=\"https:\/\/files.sunoresearch.com.br\/n\/uploads\/2023\/12\/Ebook-Acoes-Mobile.jpg\">\n\t\t\t\t<img class=\"newsContent__article__imgCapa newsContent__article__imgCapa--banner\"\n\t\t\t\t\tsrc=\"https:\/\/files.sunoresearch.com.br\/n\/uploads\/2023\/12\/Ebook-Acoes-Desktop.webp\"\n\t\t\t\t\tdata-promo-id=\"311260\"\t\t\t\t\t\t\t\t\t\twidth='1420' height='286'\t\t\t\t\talt=\"https:\/\/files.sunoresearch.com.br\/n\/uploads\/2023\/12\/Ebook-Acoes-Desktop.webp\"\n\t\t\t\t>\n\t\t\t<\/picture>\n\t\t<\/a>\n\t<\/p>\n\n\n\n\n\n<p>O sobrenome do comediante n\u00e3o permite esconder: ele \u00e9 um dos tr\u00eas herdeiros do bilion\u00e1rio <a class=\"suno-keyword\" data-force=\"no\" data-priority=\"2\" href=\"https:\/\/www.suno.com.br\/tudo-sobre\/steve-ballmer\/\" target=\"_blank\" rel=\"noopener\">Steve Ballmer<\/a>, ex-CEO da <strong>Microsoft<\/strong> e um dos homens mais ricos do mundo, com uma fortuna estimada em US$ 120,5 bilh\u00f5es, de acordo com a <i>Forbes<\/i>. Em uma entrevista ao Business Insider, ele revelou como sua educa\u00e7\u00e3o resultou em uma vida bem mais modesta.<\/p>\n\n\n\n<p>&#8220;Moro em um apartamento de dois quartos e um banheiro com minha namorada e \u00e9 perfeito para nossos prop\u00f3sitos; n\u00e3o \u00e9 maior do que deveria ser. [&#8230;] Eu dirijo um Ford Focus 2015 que meus pais compraram para meu irm\u00e3o mais novo&#8221;, disse ele.<\/p>\n\n\n\t<div data-element=\"shortcode-read-more\" class=\"knowMore\">\n\t\t\t\t<span class=\"knowMore__title\">Leia mais<\/span>\n\t\t\t\t<a class=\"knowMore__link\" href=\"https:\/\/www.suno.com.br\/noticias\/epe-consumo-energia-brasil-aumentou-jvj\/\">\n\t\t\tConsumo de energia no Brasil salta 8,0% em fevereiro; veja os dados atuais\t\t<\/a>\n\t<\/div>\n\n\n\n\n<p>No papo, o <strong>filho do bilion\u00e1rio<\/strong> contou que aprendeu com seus pais a import\u00e2ncia de n\u00e3o desperdi\u00e7ar dinheiro. Mesmo tendo uma boa condi\u00e7\u00e3o de vida, ele e seus irm\u00e3os n\u00e3o eram mimados com presentes caros. Ele afirma que esse princ\u00edpio foi fundamental para moldar sua rela\u00e7\u00e3o com a riqueza ao longo da vida.<\/p>\n\n\n\n<p>&#8220;Ter muito dinheiro era uma experi\u00eancia relativamente nova para os meus pais, assim como criar os filhos. Eles nos criaram de acordo com a forma como seus pais os criaram e, como n\u00e3o cresceram falando sobre riqueza, tamb\u00e9m n\u00e3o falaram sobre isso conosco&#8221;, disse na entrevista.<\/p>\n\n\n\n<p>Enquanto crescia, Pete lembra que come\u00e7ou a sentir o peso de pertencer a uma fam\u00edlia mais rica que seus colegas e que queria se distanciar o m\u00e1ximo poss\u00edvel de estere\u00f3tipos. &#8220;Passei a sentir orgulho do fato de n\u00e3o ser t\u00e3o mimado quanto poderia ser, de n\u00e3o ter muito dinheiro jogado sobre mim. As pessoas passaram a dizer coisas boas sobre a maneira como meus irm\u00e3os e eu abord\u00e1vamos o dinheiro&#8221;, explicou Pete.<\/p>\n\n\n\n<p>Durante seus anos na escola, <strong>Pete Ballmer<\/strong> contou que trabalhou para conquistar suas pr\u00f3prias coisas. No ensino fundamental, ele explicou que recebia apenas US$ 10 de mesada e que, depois do nono ano, disse que aprendeu o valor do trabalho ap\u00f3s buscar empregos tempor\u00e1rios e fundar uma pequena &#8220;empresa&#8221; de paisagismo com seus amigos.<\/p>\n\n\n\n<p>Apesar de receber uma heran\u00e7a de seu av\u00f4 aos 25 anos, o filho do bilion\u00e1rio optou por seguir uma carreira independente, trabalhando como gerente de produto e investindo em sua paix\u00e3o pela com\u00e9dia de stand-up. &#8220;Entre o que recebo dos meus investimentos herdados e a renda da com\u00e9dia, meu dinheiro permaneceu bastante est\u00e1vel por causa dos meus h\u00e1bitos de consumo&#8221;, contou.<\/p>\n\n\n\n<p>Al\u00e9m de manter um estilo de vida aparentemente simples, Pete tamb\u00e9m dedica parte de seus <a class=\"suno-keyword\" target=\"_blank\" data-force=\"no\" data-priority=\"1\" href=\"https:\/\/www.suno.com.br\/artigos\/recursos-financeiros\/\" rel=\"noopener\">recursos financeiros<\/a> a doa\u00e7\u00f5es. Ele disse que nunca mais pediu dinheiro aos pais ap\u00f3s a idade adulta, e que optou por buscar sua pr\u00f3pria independ\u00eancia financeira.<\/p>\n\n\n\n<p>&#8220;Depois de me formar, pedi emprestado US$ 1 mil aos meus pais para uma viagem internacional que havia planejado com alguns amigos. Mas isso n\u00e3o foi suficiente para cobrir tudo, ent\u00e3o pedi emprestados mais US$ 1 mil para um dos meus colegas de quarto porque n\u00e3o queria pedir mais dinheiro aos meus pais. A experi\u00eancia de n\u00e3o querer voltar para os pais para pedir mais \u00e9 bastante humana e universal; voc\u00ea n\u00e3o quer ser visto como irrespons\u00e1vel&#8221;, justificou o herdeiro.<\/p>\n\n\n\n<p>Para Pete, a verdadeira riqueza est\u00e1 na capacidade de encontrar felicidade e realiza\u00e7\u00e3o al\u00e9m das posses materiais. Al\u00e9m disso, o filho do <strong>bilion\u00e1rio<\/strong> explicou que sabe que poderia ter coisas melhores, mas que percebe ter uma rotina mais simples por medo de uma vida sem sentido e superficial.<\/p>\n\n\n\n<p>&#8220;Obviamente, o dinheiro pode fazer muito por uma pessoa. Crescendo com uma vida confort\u00e1vel (e estando perto de pessoas que tinham vidas confort\u00e1veis), experimentei por mim mesmo e observei nos outros o fato de que voc\u00ea ainda pode ser infeliz apesar de ter muito dinheiro&#8221;, completou Pete.<\/p>\n\n\n\n<p><i>*Alice Labate \u00e9 estagi\u00e1ria sob supervis\u00e3o do editor Bruno Romani<\/i><\/p>\n\n\n\n<p>(Com informa\u00e7\u00f5es de Estad\u00e3o Conte\u00fado)<\/p>\n\n\n\t<p>\n\t\t<a href=\"https:\/\/lp2.suno.com.br\/cl\/black-friday-2025\/?utm_campaign=_SNCDF0E4858_\" target=\"_blank\" data-element=\"shortcode-suno-banner\" title=\"Banner SUNO, clique e saiba mais\">\n\t\t\t<picture>\n\t\t\t\t<source media=\"(max-width: 500px)\" srcset=\"https:\/\/files.sunoresearch.com.br\/n\/uploads\/2025\/10\/Artigos-e-Noticias-Banner-Home-artigos-01-Mobile_-400x300-1-png.webp\">\n\t\t\t\t<img class=\"newsContent__article__imgCapa newsContent__article__imgCapa--banner\"\n\t\t\t\t\tsrc=\"https:\/\/files.sunoresearch.com.br\/n\/uploads\/2025\/10\/Artigos-e-Noticias-Banner-Home-artigos-01-Desktop_-1420x240-1-png.webp\"\n\t\t\t\t\tdata-promo-id=\"311259\"\t\t\t\t\t\t\t\t\t\twidth='1420' height='240'\t\t\t\t\talt=\"https:\/\/files.sunoresearch.com.br\/n\/uploads\/2025\/10\/Artigos-e-Noticias-Banner-Home-artigos-01-Desktop_-1420x240-1-png.webp\"\n\t\t\t\t>\n\t\t\t<\/picture>\n\t\t<\/a>\n\t<\/p>\n\n\n","protected":false},"excerpt":{"rendered":"<p>Filho de um dos homens mais ricos do mundo, o comediante Pete Ballmer, aos 29 anos, tem uma vida que poderia ser extremamente luxuosa. Mas a realidade, por\u00e9m, \u00e9 mais modesta: o filho de bilion\u00e1rio mora em apartamento de dois quartos e tem um carro com quase 10 anos de uso. Filho de bilion\u00e1rio da [&hellip;]<\/p>\n","protected":false},"author":173,"featured_media":503317,"comment_status":"closed","ping_status":"closed","sticky":false,"template":"","format":"standard","meta":[],"categories":[64],"tags":[2388],"suno_strategy":[],"class_list":["post-539229","post","type-post","status-publish","format-standard","has-post-thumbnail","hentry","category-negocios","tag-bilionarios"],"yoast_head":"<!-- This site is optimized with the Yoast SEO plugin v24.4 - https:\/\/yoast.com\/wordpress\/plugins\/seo\/ -->\n<title>Filho de bilion\u00e1rio vive em im\u00f3vel de 2 quartos e carro de 2015<\/title>\n<meta name=\"description\" content=\"O filho de um bilion\u00e1rio da tecnologia vive em um apartamento de dois quartos e possui um carro de 2015. Veja detalhes.\" \/>\n<meta name=\"robots\" content=\"index, follow, max-snippet:-1, max-image-preview:large, max-video-preview:-1\" \/>\n<link rel=\"canonical\" href=\"https:\/\/www.suno.com.br\/noticias\/filho-bilionario-apartamento-carro-2015-jvj\/\" \/>\n<meta property=\"og:locale\" content=\"pt_BR\" \/>\n<meta property=\"og:type\" content=\"article\" \/>\n<meta property=\"og:title\" content=\"Filho de bilion\u00e1rio vive em im\u00f3vel de 2 quartos e carro de 2015\" \/>\n<meta property=\"og:description\" content=\"O filho de um bilion\u00e1rio da tecnologia vive em um apartamento de dois quartos e possui um carro de 2015. Veja detalhes.\" \/>\n<meta property=\"og:url\" content=\"https:\/\/www.suno.com.br\/noticias\/filho-bilionario-apartamento-carro-2015-jvj\/\" \/>\n<meta property=\"og:site_name\" content=\"Suno Not\u00edcias\" \/>\n<meta property=\"article:publisher\" content=\"https:\/\/facebook.com\/sunoresearch\" \/>\n<meta property=\"og:image\" content=\"https:\/\/files.sunoresearch.com.br\/n\/uploads\/2023\/12\/bilionarios.jpg\" \/>\n\t<meta property=\"og:image:width\" content=\"1280\" \/>\n\t<meta property=\"og:image:height\" content=\"853\" \/>\n\t<meta property=\"og:image:type\" content=\"image\/jpeg\" \/>\n<meta name=\"author\" content=\"Jo\u00e3o Vitor\" \/>\n<meta name=\"twitter:card\" content=\"summary_large_image\" \/>\n<meta name=\"twitter:creator\" content=\"@sunoresearch\" \/>\n<meta name=\"twitter:site\" content=\"@sunoresearch\" \/>\n<meta name=\"twitter:label1\" content=\"Escrito por\" \/>\n\t<meta name=\"twitter:data1\" content=\"Jo\u00e3o Vitor\" \/>\n\t<meta name=\"twitter:label2\" content=\"Est. tempo de leitura\" \/>\n\t<meta name=\"twitter:data2\" content=\"4 minutos\" \/>\n<script type=\"application\/ld+json\" class=\"yoast-schema-graph\">{\"@context\":\"https:\/\/schema.org\",\"@graph\":[{\"@type\":\"NewsArticle\",\"@id\":\"https:\/\/www.suno.com.br\/noticias\/filho-bilionario-apartamento-carro-2015-jvj\/#article\",\"isPartOf\":{\"@id\":\"https:\/\/www.suno.com.br\/noticias\/filho-bilionario-apartamento-carro-2015-jvj\/\"},\"author\":{\"name\":\"Jo\u00e3o Vitor\",\"@id\":\"https:\/\/www.suno.com.br\/noticias\/#\/schema\/person\/87fc6973867c52dd884811905c43afba\"},\"headline\":\"Filho de bilion\u00e1rio da tecnologia vive em apartamento de dois quartos e tem carro de 2015\",\"datePublished\":\"2024-03-31T19:53:54+00:00\",\"dateModified\":\"2024-03-31T19:53:57+00:00\",\"mainEntityOfPage\":{\"@id\":\"https:\/\/www.suno.com.br\/noticias\/filho-bilionario-apartamento-carro-2015-jvj\/\"},\"wordCount\":745,\"publisher\":{\"@id\":\"https:\/\/www.suno.com.br\/noticias\/#organization\"},\"image\":{\"@id\":\"https:\/\/www.suno.com.br\/noticias\/filho-bilionario-apartamento-carro-2015-jvj\/#primaryimage\"},\"thumbnailUrl\":\"https:\/\/files.sunoresearch.com.br\/n\/uploads\/2023\/12\/bilionarios.jpg\",\"keywords\":[\"bilion\u00e1rios\"],\"articleSection\":[\"Neg\u00f3cios\"],\"inLanguage\":\"pt-BR\"},{\"@type\":\"WebPage\",\"@id\":\"https:\/\/www.suno.com.br\/noticias\/filho-bilionario-apartamento-carro-2015-jvj\/\",\"url\":\"https:\/\/www.suno.com.br\/noticias\/filho-bilionario-apartamento-carro-2015-jvj\/\",\"name\":\"Filho de bilion\u00e1rio vive em im\u00f3vel de 2 quartos e carro de 2015\",\"isPartOf\":{\"@id\":\"https:\/\/www.suno.com.br\/noticias\/#website\"},\"primaryImageOfPage\":{\"@id\":\"https:\/\/www.suno.com.br\/noticias\/filho-bilionario-apartamento-carro-2015-jvj\/#primaryimage\"},\"image\":{\"@id\":\"https:\/\/www.suno.com.br\/noticias\/filho-bilionario-apartamento-carro-2015-jvj\/#primaryimage\"},\"thumbnailUrl\":\"https:\/\/files.sunoresearch.com.br\/n\/uploads\/2023\/12\/bilionarios.jpg\",\"datePublished\":\"2024-03-31T19:53:54+00:00\",\"dateModified\":\"2024-03-31T19:53:57+00:00\",\"description\":\"O filho de um bilion\u00e1rio da tecnologia vive em um apartamento de dois quartos e possui um carro de 2015. Veja detalhes.\",\"breadcrumb\":{\"@id\":\"https:\/\/www.suno.com.br\/noticias\/filho-bilionario-apartamento-carro-2015-jvj\/#breadcrumb\"},\"inLanguage\":\"pt-BR\",\"potentialAction\":[{\"@type\":\"ReadAction\",\"target\":[\"https:\/\/www.suno.com.br\/noticias\/filho-bilionario-apartamento-carro-2015-jvj\/\"]}]},{\"@type\":\"ImageObject\",\"inLanguage\":\"pt-BR\",\"@id\":\"https:\/\/www.suno.com.br\/noticias\/filho-bilionario-apartamento-carro-2015-jvj\/#primaryimage\",\"url\":\"https:\/\/files.sunoresearch.com.br\/n\/uploads\/2023\/12\/bilionarios.jpg\",\"contentUrl\":\"https:\/\/files.sunoresearch.com.br\/n\/uploads\/2023\/12\/bilionarios.jpg\",\"width\":1280,\"height\":853,\"caption\":\"Filho de bilion\u00e1rio da tecnologia vive em apartamento de dois quartos e tem carro de 2015. Foto: Pixabay\"},{\"@type\":\"BreadcrumbList\",\"@id\":\"https:\/\/www.suno.com.br\/noticias\/filho-bilionario-apartamento-carro-2015-jvj\/#breadcrumb\",\"itemListElement\":[{\"@type\":\"ListItem\",\"position\":1,\"name\":\"Not\u00edcias\",\"item\":\"https:\/\/www.suno.com.br\/noticias\/\"},{\"@type\":\"ListItem\",\"position\":2,\"name\":\"Neg\u00f3cios\",\"item\":\"https:\/\/www.suno.com.br\/noticias\/negocios\/\"},{\"@type\":\"ListItem\",\"position\":3,\"name\":\"Filho de bilion\u00e1rio da tecnologia vive em apartamento de dois quartos e tem carro de 2015\"}]},{\"@type\":\"WebSite\",\"@id\":\"https:\/\/www.suno.com.br\/noticias\/#website\",\"url\":\"https:\/\/www.suno.com.br\/noticias\/\",\"name\":\"Suno Not\u00edcias\",\"description\":\"Seu portal de informa\u00e7\u00e3o sobre o mundo dos investimentos\",\"publisher\":{\"@id\":\"https:\/\/www.suno.com.br\/noticias\/#organization\"},\"potentialAction\":[{\"@type\":\"SearchAction\",\"target\":{\"@type\":\"EntryPoint\",\"urlTemplate\":\"https:\/\/www.suno.com.br\/noticias\/?s={search_term_string}\"},\"query-input\":{\"@type\":\"PropertyValueSpecification\",\"valueRequired\":true,\"valueName\":\"search_term_string\"}}],\"inLanguage\":\"pt-BR\"},{\"@type\":\"Organization\",\"@id\":\"https:\/\/www.suno.com.br\/noticias\/#organization\",\"name\":\"Suno Not\u00edcias\",\"url\":\"https:\/\/www.suno.com.br\/noticias\/\",\"logo\":{\"@type\":\"ImageObject\",\"inLanguage\":\"pt-BR\",\"@id\":\"https:\/\/www.suno.com.br\/noticias\/#\/schema\/logo\/image\/\",\"url\":\"https:\/\/files.sunoresearch.com.br\/n\/uploads\/2021\/09\/suno-logo.png\",\"contentUrl\":\"https:\/\/files.sunoresearch.com.br\/n\/uploads\/2021\/09\/suno-logo.png\",\"width\":180,\"height\":180,\"caption\":\"Suno Not\u00edcias\"},\"image\":{\"@id\":\"https:\/\/www.suno.com.br\/noticias\/#\/schema\/logo\/image\/\"},\"sameAs\":[\"https:\/\/facebook.com\/sunoresearch\",\"https:\/\/x.com\/sunoresearch\",\"https:\/\/www.instagram.com\/suno\",\"https:\/\/www.linkedin.com\/company\/suno-research\/\",\"https:\/\/www.youtube.com\/c\/sunoresearch\"]},{\"@type\":\"Person\",\"@id\":\"https:\/\/www.suno.com.br\/noticias\/#\/schema\/person\/87fc6973867c52dd884811905c43afba\",\"name\":\"Jo\u00e3o Vitor\",\"image\":{\"@type\":\"ImageObject\",\"inLanguage\":\"pt-BR\",\"@id\":\"https:\/\/www.suno.com.br\/noticias\/#\/schema\/person\/image\/\",\"url\":\"https:\/\/secure.gravatar.com\/avatar\/2843227ca03ccf8cc7ccca45204c127e?s=96&r=g\",\"contentUrl\":\"https:\/\/secure.gravatar.com\/avatar\/2843227ca03ccf8cc7ccca45204c127e?s=96&r=g\",\"caption\":\"Jo\u00e3o Vitor\"},\"description\":\"Redator profissional, com atua\u00e7\u00e3o no mercado editorial na produ\u00e7\u00e3o de not\u00edcias e conte\u00fados sobre o mercado de a\u00e7\u00f5es, fundos imobili\u00e1rios e economia popular. Graduando em Engenharia Qu\u00edmica pela Unesp, tamb\u00e9m j\u00e1 atuou como consultor financeiro.\",\"url\":\"https:\/\/www.suno.com.br\/noticias\/author\/joao-vitor-jacintho\/\"}]}<\/script>\n<!-- \/ Yoast SEO plugin. -->","yoast_head_json":{"title":"Filho de bilion\u00e1rio vive em im\u00f3vel de 2 quartos e carro de 2015","description":"O filho de um bilion\u00e1rio da tecnologia vive em um apartamento de dois quartos e possui um carro de 2015. Veja detalhes.","robots":{"index":"index","follow":"follow","max-snippet":"max-snippet:-1","max-image-preview":"max-image-preview:large","max-video-preview":"max-video-preview:-1"},"canonical":"https:\/\/www.suno.com.br\/noticias\/filho-bilionario-apartamento-carro-2015-jvj\/","og_locale":"pt_BR","og_type":"article","og_title":"Filho de bilion\u00e1rio vive em im\u00f3vel de 2 quartos e carro de 2015","og_description":"O filho de um bilion\u00e1rio da tecnologia vive em um apartamento de dois quartos e possui um carro de 2015. Veja detalhes.","og_url":"https:\/\/www.suno.com.br\/noticias\/filho-bilionario-apartamento-carro-2015-jvj\/","og_site_name":"Suno Not\u00edcias","article_publisher":"https:\/\/facebook.com\/sunoresearch","og_image":[{"width":1280,"height":853,"url":"https:\/\/files.sunoresearch.com.br\/n\/uploads\/2023\/12\/bilionarios.jpg","type":"image\/jpeg"}],"author":"Jo\u00e3o Vitor","twitter_card":"summary_large_image","twitter_creator":"@sunoresearch","twitter_site":"@sunoresearch","twitter_misc":{"Escrito por":"Jo\u00e3o Vitor","Est. tempo de leitura":"4 minutos"},"schema":{"@context":"https:\/\/schema.org","@graph":[{"@type":"NewsArticle","@id":"https:\/\/www.suno.com.br\/noticias\/filho-bilionario-apartamento-carro-2015-jvj\/#article","isPartOf":{"@id":"https:\/\/www.suno.com.br\/noticias\/filho-bilionario-apartamento-carro-2015-jvj\/"},"author":{"name":"Jo\u00e3o Vitor","@id":"https:\/\/www.suno.com.br\/noticias\/#\/schema\/person\/87fc6973867c52dd884811905c43afba"},"headline":"Filho de bilion\u00e1rio da tecnologia vive em apartamento de dois quartos e tem carro de 2015","datePublished":"2024-03-31T19:53:54+00:00","dateModified":"2024-03-31T19:53:57+00:00","mainEntityOfPage":{"@id":"https:\/\/www.suno.com.br\/noticias\/filho-bilionario-apartamento-carro-2015-jvj\/"},"wordCount":745,"publisher":{"@id":"https:\/\/www.suno.com.br\/noticias\/#organization"},"image":{"@id":"https:\/\/www.suno.com.br\/noticias\/filho-bilionario-apartamento-carro-2015-jvj\/#primaryimage"},"thumbnailUrl":"https:\/\/files.sunoresearch.com.br\/n\/uploads\/2023\/12\/bilionarios.jpg","keywords":["bilion\u00e1rios"],"articleSection":["Neg\u00f3cios"],"inLanguage":"pt-BR"},{"@type":"WebPage","@id":"https:\/\/www.suno.com.br\/noticias\/filho-bilionario-apartamento-carro-2015-jvj\/","url":"https:\/\/www.suno.com.br\/noticias\/filho-bilionario-apartamento-carro-2015-jvj\/","name":"Filho de bilion\u00e1rio vive em im\u00f3vel de 2 quartos e carro de 2015","isPartOf":{"@id":"https:\/\/www.suno.com.br\/noticias\/#website"},"primaryImageOfPage":{"@id":"https:\/\/www.suno.com.br\/noticias\/filho-bilionario-apartamento-carro-2015-jvj\/#primaryimage"},"image":{"@id":"https:\/\/www.suno.com.br\/noticias\/filho-bilionario-apartamento-carro-2015-jvj\/#primaryimage"},"thumbnailUrl":"https:\/\/files.sunoresearch.com.br\/n\/uploads\/2023\/12\/bilionarios.jpg","datePublished":"2024-03-31T19:53:54+00:00","dateModified":"2024-03-31T19:53:57+00:00","description":"O filho de um bilion\u00e1rio da tecnologia vive em um apartamento de dois quartos e possui um carro de 2015. Veja detalhes.","breadcrumb":{"@id":"https:\/\/www.suno.com.br\/noticias\/filho-bilionario-apartamento-carro-2015-jvj\/#breadcrumb"},"inLanguage":"pt-BR","potentialAction":[{"@type":"ReadAction","target":["https:\/\/www.suno.com.br\/noticias\/filho-bilionario-apartamento-carro-2015-jvj\/"]}]},{"@type":"ImageObject","inLanguage":"pt-BR","@id":"https:\/\/www.suno.com.br\/noticias\/filho-bilionario-apartamento-carro-2015-jvj\/#primaryimage","url":"https:\/\/files.sunoresearch.com.br\/n\/uploads\/2023\/12\/bilionarios.jpg","contentUrl":"https:\/\/files.sunoresearch.com.br\/n\/uploads\/2023\/12\/bilionarios.jpg","width":1280,"height":853,"caption":"Filho de bilion\u00e1rio da tecnologia vive em apartamento de dois quartos e tem carro de 2015. Foto: Pixabay"},{"@type":"BreadcrumbList","@id":"https:\/\/www.suno.com.br\/noticias\/filho-bilionario-apartamento-carro-2015-jvj\/#breadcrumb","itemListElement":[{"@type":"ListItem","position":1,"name":"Not\u00edcias","item":"https:\/\/www.suno.com.br\/noticias\/"},{"@type":"ListItem","position":2,"name":"Neg\u00f3cios","item":"https:\/\/www.suno.com.br\/noticias\/negocios\/"},{"@type":"ListItem","position":3,"name":"Filho de bilion\u00e1rio da tecnologia vive em apartamento de dois quartos e tem carro de 2015"}]},{"@type":"WebSite","@id":"https:\/\/www.suno.com.br\/noticias\/#website","url":"https:\/\/www.suno.com.br\/noticias\/","name":"Suno Not\u00edcias","description":"Seu portal de informa\u00e7\u00e3o sobre o mundo dos investimentos","publisher":{"@id":"https:\/\/www.suno.com.br\/noticias\/#organization"},"potentialAction":[{"@type":"SearchAction","target":{"@type":"EntryPoint","urlTemplate":"https:\/\/www.suno.com.br\/noticias\/?s={search_term_string}"},"query-input":{"@type":"PropertyValueSpecification","valueRequired":true,"valueName":"search_term_string"}}],"inLanguage":"pt-BR"},{"@type":"Organization","@id":"https:\/\/www.suno.com.br\/noticias\/#organization","name":"Suno Not\u00edcias","url":"https:\/\/www.suno.com.br\/noticias\/","logo":{"@type":"ImageObject","inLanguage":"pt-BR","@id":"https:\/\/www.suno.com.br\/noticias\/#\/schema\/logo\/image\/","url":"https:\/\/files.sunoresearch.com.br\/n\/uploads\/2021\/09\/suno-logo.png","contentUrl":"https:\/\/files.sunoresearch.com.br\/n\/uploads\/2021\/09\/suno-logo.png","width":180,"height":180,"caption":"Suno Not\u00edcias"},"image":{"@id":"https:\/\/www.suno.com.br\/noticias\/#\/schema\/logo\/image\/"},"sameAs":["https:\/\/facebook.com\/sunoresearch","https:\/\/x.com\/sunoresearch","https:\/\/www.instagram.com\/suno","https:\/\/www.linkedin.com\/company\/suno-research\/","https:\/\/www.youtube.com\/c\/sunoresearch"]},{"@type":"Person","@id":"https:\/\/www.suno.com.br\/noticias\/#\/schema\/person\/87fc6973867c52dd884811905c43afba","name":"Jo\u00e3o Vitor","image":{"@type":"ImageObject","inLanguage":"pt-BR","@id":"https:\/\/www.suno.com.br\/noticias\/#\/schema\/person\/image\/","url":"https:\/\/secure.gravatar.com\/avatar\/2843227ca03ccf8cc7ccca45204c127e?s=96&r=g","contentUrl":"https:\/\/secure.gravatar.com\/avatar\/2843227ca03ccf8cc7ccca45204c127e?s=96&r=g","caption":"Jo\u00e3o Vitor"},"description":"Redator profissional, com atua\u00e7\u00e3o no mercado editorial na produ\u00e7\u00e3o de not\u00edcias e conte\u00fados sobre o mercado de a\u00e7\u00f5es, fundos imobili\u00e1rios e economia popular. Graduando em Engenharia Qu\u00edmica pela Unesp, tamb\u00e9m j\u00e1 atuou como consultor financeiro.","url":"https:\/\/www.suno.com.br\/noticias\/author\/joao-vitor-jacintho\/"}]}},"default_loop_html":"<div class=\"cardsPage__listCard__boxs\"><div class=\"cardsPage__listCard__boxs__img\"><a href=\"https:\/\/www.suno.com.br\/noticias\/filho-bilionario-apartamento-carro-2015-jvj\/\"><img class=\"mask\" src=\"https:\/\/www.suno.com.br\/noticias\/wp-content\/themes\/suno\/resources\/images\/spotlight\/spotlight1img\/bg-mask.png\" alt=\"Image Mask\"\/><img src=\"https:\/\/files.sunoresearch.com.br\/n\/uploads\/2023\/12\/bilionarios-400x200.jpg\" alt=\"Filho de bilion\u00e1rio da tecnologia vive em apartamento de dois quartos e tem carro de 2015\"\/><\/a><span class=\"spotlightCategory\"><a href=\"https:\/\/www.suno.com.br\/noticias\/negocios\/\">Neg\u00f3cios<\/a><\/span><\/div><div class=\"cardsPage__listCard__boxs__content\"><a href=\"https:\/\/www.suno.com.br\/noticias\/filho-bilionario-apartamento-carro-2015-jvj\/\"><h2 class=\"content__title\">Filho de bilion\u00e1rio da tecnologia vive em apartamento de dois quartos e tem carro de 2015<\/h2><\/a><div class=\"newsContent__article__meta\"><div class=\"newsContent__article__meta__authorBox\"><a href=\"https:\/\/www.suno.com.br\/noticias\/author\/joao-vitor-jacintho\/\" class=\"authorBox__avatar noMobi\"><img src=\"https:\/\/secure.gravatar.com\/avatar\/2843227ca03ccf8cc7ccca45204c127e?s=96&#038;r=g\" alt=\"Jo\u00e3o Vitor Jacintho\"><\/a><div class=\"authorBox__name\"><span>por\n\t\t\t<a href=\"https:\/\/www.suno.com.br\/noticias\/author\/joao-vitor-jacintho\/\"><span itemprop=\"author\">Jo\u00e3o Vitor Jacintho<\/span><\/a><\/span><time datetime=\"2024-03-31T16:53:54-03:00\" itemprop=\"datePublished\">31\/03\/2024 16:53<\/time><\/div><\/div><\/div><\/div><\/div>","single_layout":"posts","amp_enabled":true,"_links":{"self":[{"href":"https:\/\/www.suno.com.br\/noticias\/wp-json\/wp\/v2\/posts\/539229"}],"collection":[{"href":"https:\/\/www.suno.com.br\/noticias\/wp-json\/wp\/v2\/posts"}],"about":[{"href":"https:\/\/www.suno.com.br\/noticias\/wp-json\/wp\/v2\/types\/post"}],"author":[{"embeddable":true,"href":"https:\/\/www.suno.com.br\/noticias\/wp-json\/wp\/v2\/users\/173"}],"replies":[{"embeddable":true,"href":"https:\/\/www.suno.com.br\/noticias\/wp-json\/wp\/v2\/comments?post=539229"}],"version-history":[{"count":3,"href":"https:\/\/www.suno.com.br\/noticias\/wp-json\/wp\/v2\/posts\/539229\/revisions"}],"predecessor-version":[{"id":539332,"href":"https:\/\/www.suno.com.br\/noticias\/wp-json\/wp\/v2\/posts\/539229\/revisions\/539332"}],"wp:featuredmedia":[{"embeddable":true,"href":"https:\/\/www.suno.com.br\/noticias\/wp-json\/wp\/v2\/media\/503317"}],"wp:attachment":[{"href":"https:\/\/www.suno.com.br\/noticias\/wp-json\/wp\/v2\/media?parent=539229"}],"wp:term":[{"taxonomy":"category","embeddable":true,"href":"https:\/\/www.suno.com.br\/noticias\/wp-json\/wp\/v2\/categories?post=539229"},{"taxonomy":"post_tag","embeddable":true,"href":"https:\/\/www.suno.com.br\/noticias\/wp-json\/wp\/v2\/tags?post=539229"},{"taxonomy":"suno_strategy","embeddable":true,"href":"https:\/\/www.suno.com.br\/noticias\/wp-json\/wp\/v2\/suno_strategy?post=539229"}],"curies":[{"name":"wp","href":"https:\/\/api.w.org\/{rel}","templated":true}]}}