{"id":538560,"date":"2024-03-28T07:52:33","date_gmt":"2024-03-28T10:52:33","guid":{"rendered":"https:\/\/www.suno.com.br\/noticias\/?p=538560"},"modified":"2024-03-28T07:52:39","modified_gmt":"2024-03-28T10:52:39","slug":"casas-bahia-bhia3-jp-aumenta-fatia-gpj","status":"publish","type":"post","link":"https:\/\/www.suno.com.br\/noticias\/casas-bahia-bhia3-jp-aumenta-fatia-gpj\/","title":{"rendered":"Casas Bahia (BHIA3): JP Morgan aumenta participa\u00e7\u00e3o na empresa; confira"},"content":{"rendered":"<p>A <strong>Casas Bahia<\/strong> (BHIA3), antiga Via, informou que o JP Morgan (<a href=\"https:\/\/www.suno.com.br\/bdrs\/jpmc34\/\">JPMC34<\/a>) aumentou sua participa\u00e7\u00e3o para 5,86% do n\u00famero total de <a href=\"https:\/\/www.suno.com.br\/artigos\/o-que-sao-acoes-ordinarias-preferenciais-e-units\/\">a\u00e7\u00f5es ordin\u00e1rias<\/a> da companhia, segundo comunicado anexado \u00e0 Comiss\u00e3o de Valores Mobili\u00e1rios (CVM).<\/p>\t<div class=\"wrapper-featured-image\">\n\t\t<figure class=\"spotlightImg\">\n\n\t\t\t<picture>\n\t\t\t\t<source media=\"(max-width: 768px)\" srcset=\"https:\/\/files.sunoresearch.com.br\/n\/uploads\/2024\/03\/iStock-1422632274-400x200.jpg\">\n\t\t\t\t<img loading=\"lazy\" decoding=\"async\" class=\"newsContent__article__imgCapa lazyloadDisabled \" src=\"https:\/\/files.sunoresearch.com.br\/n\/uploads\/2024\/03\/iStock-1422632274-800x450.jpg\" width=\"800\" height=\"450\" alt=\"Casas Bahia (BHIA3): JP Morgan aumenta participa\u00e7\u00e3o na empresa; confira\" fetchpriority=high \/>\n\t\t\t<\/picture>\n\n\t\t\t<figcaption class=\"wp-caption-text wp-caption-text--show\">Casas Bahia (BHIA3). Foto: iStock<\/figcaption>\n\t\t<\/figure>\n\t<\/div>\n\n\n\n\n\n\n\n\t<p>\n\t\t<a href=\"\" target=\"_blank\" data-element=\"shortcode-suno-banner\" title=\"Banner SUNO, clique e saiba mais\">\n\t\t\t<picture>\n\t\t\t\t<source media=\"(max-width: 500px)\" srcset=\"\">\n\t\t\t\t<img class=\"newsContent__article__imgCapa newsContent__article__imgCapa--banner\"\n\t\t\t\t\tsrc=\"\"\n\t\t\t\t\tdata-promo-id=\"250707\"\t\t\t\t\t\t\t\t\t\t\t\t\t\t\talt=\"\"\n\t\t\t\t>\n\t\t\t<\/picture>\n\t\t<\/a>\n\t<\/p>\n\n\n\n\n\n<p>Segundo comunicado, a porcentagem atingida pelo <strong>JP Morgan<\/strong> corresponde a 898.973 pap\u00e9is ordin\u00e1rios da companhia. A institui\u00e7\u00e3o det\u00e9m 5.571.948 instrumentos derivativos com previs\u00e3o de liquida\u00e7\u00e3o f\u00edsica em posi\u00e7\u00e3o comprada.<\/p>\n\n\n\n<p>&#8220;O aumento da participa\u00e7\u00e3o teve motiva\u00e7\u00e3o exclusiva de investimento e de prote\u00e7\u00e3o de <a href=\"https:\/\/www.suno.com.br\/artigos\/riscos-financeiros\/\">riscos financeiros<\/a> assumidos em opera\u00e7\u00f5es celebradas com clientes e n\u00e3o visa, portanto, alterar a composi\u00e7\u00e3o do controle ou da estrutura administrativa da companhia, sem preju\u00edzo do regular exerc\u00edcio de direito de voto pelos referidos investidores&#8221;, escreveu o JP Morgan.<\/p>\n\n\n\n<h2 class=\"wp-block-heading\">Casas Bahia (BHIA3) perde R$ 2,6 bilh\u00f5es em 2023 com reestrutura\u00e7\u00e3o<\/h2>\n\n\n\n<p>O grupo Casas Bahia registrou preju\u00edzo de R$ 1 bilh\u00e3o no quarto trimestre, 513,5% maior do que as perdas no mesmo per\u00edodo de 2022.<\/p>\n\n\n\n<p>Esse foi o sexto trimestre consecutivo em que o resultado l\u00edquido da Casas Bahia foi negativo. A \u00faltima vez em que registrou lucro foi no segundo trimestre de 2022 \u2013 de R$ 16 milh\u00f5es. No ano de 2023, o preju\u00edzo acumulado chegou a R$ 2,62 bilh\u00f5es, ante perda de R$ 342 milh\u00f5es no ano anterior.<\/p>\n\n\n\n<p>No comunicado que acompanha o balan\u00e7o, a varejista diz que os n\u00fameros vieram ainda impactados por ajustes do seu plano de transforma\u00e7\u00e3o.<\/p>\n\n\n\n<p>\u201cO quarto trimestre de 2023 marca a continuidade do plano de transforma\u00e7\u00e3o apresentado no segundo trimestre de 2023 e refor\u00e7a a alta capacidade de entrega das iniciativas, que seguem dentro do planejado e ter\u00e3o captura gradual ao longo de 2024 e 2025\u201d, diz a empresa.<\/p>\n\n\n\n<p>De acordo com o presidente da Casas Bahia, <a href=\"https:\/\/www.suno.com.br\/tudo-sobre\/renato-franklin\/\">Renato Franklin<\/a>, a empresa executou at\u00e9 agora cerca de 35% do plano de transforma\u00e7\u00e3o.<\/p>\n\n\n\n<p>O maior impacto dos ajustes da reestrutura\u00e7\u00e3o reca\u00edram justamente sobre o trimestre passado e no imediatamente anterior, segundo o executivo.<\/p>\n\n\n\n<p>\u201cN\u00e3o enxergamos os n\u00edveis de impacto daqui para frente. O primeiro trimestre de 2024 j\u00e1 vem muito mais limpo. Por isso, falamos para o mercado que olhar o in\u00edcio de 2024 ser\u00e1 enxergar um carro com motor novo\u201d, disse Franklin, em teleconfer\u00eancia com investidores.<\/p>\n\n\n\n<p>As receitas brutas tiveram queda de 15,5% em rela\u00e7\u00e3o ao quarto trimestre de 2022, fechando em R$ 8,8 bilh\u00f5es. E o Ebitda (lucros antes de juros, impostos, <a href=\"https:\/\/www.suno.com.br\/artigos\/depreciacao-amortizacao\/\">deprecia\u00e7\u00e3o e amortiza\u00e7\u00e3o<\/a>) ajustado foi negativo em R$ 163 milh\u00f5es, recuo de 74% ante um ano antes.<\/p>\n\n\n\n<p>Nos \u00faltimos tr\u00eas meses do ano passado, a Casas Bahia realizou o fechamento de 17 lojas. Mas desde o in\u00edcio da reestrutura\u00e7\u00e3o, foram 55 unidades encerradas e quatro centros de distribui\u00e7\u00e3o \u201creadequados\u201d.<\/p>\n\n\n\n<p>De acordo com o CEO das <strong>Casas Bahia<\/strong>, a partir deste ano o resultado operacional (Ebitda) ajustado ficar\u00e1 muito mais pr\u00f3ximo do cont\u00e1bil. \u201cSer\u00e1 mais f\u00e1cil de enxergar a realidade da companhia\u201d.<\/p>\n\n\n\n<h2 class=\"wp-block-heading\">Desempenho das a\u00e7\u00f5es de Casas Bahia<\/h2>\n\n\n\n<div class=\"pluginQuotation\">\n  <p class=\"ticker\">\n    Cota\u00e7\u00e3o <span>BHIA3<\/span>\n  <\/p>\n  <div class=\"info\">\n    <div class=\"leftSide\">\n      Gr\u00e1fico gerado em: 28\/03\/2024    <\/div>\n\t\t\t\t\t<div class=\"rightSide\">\n\t\t\t\t\t<span class=\"period\">\n\t\t\t\t\t\t5 Dias\t\t\t\t\t<\/span>\n\t\t\t<\/div>\n\t\t  <\/div>\n\n  <div id=\"chart-9f001073637402724ebfb52120972417\" data-block-hash=\"9f001073637402724ebfb52120972417\"  class=\"chart\" style=\"width:100%;height:400px;\"><\/div>\n\n  <div class=\"pluginQuotation__footer\">\n    <div class=\"dataChart\">\n\n      <div class=\"dataChart__div1 variation\">\n        <div class=\"value-negative\">\n          -5,56 (-0,37%)        <\/div>\n        <div class=\"text\">\n          Varia\u00e7\u00e3o do per\u00edodo\n        <\/div>\n      <\/div>\n\n      <div class=\"dataChart__div2 minMax\">\n        <div class=\"value\">\n          R$\u00a06,22        <\/div>\n        <div class=\"text\">\n          M\u00ednima\n        <\/div>\n      <\/div>\n\n      <div class=\"dataChart__div3 minMax\">\n        <div class=\"value\">\n          R$\u00a06,68        <\/div>\n        <div class=\"text\">\n          M\u00e1xima\n        <\/div>\n      <\/div>\n\n\t\t\t<div class=\"dataChart__div4 rightSide\">\n\t\t\t\t<div class=\"analiticaSource\">\n\t\t\t\t\t<span>\n\t\t\t\t\t\tFonte:\n\t\t\t\t\t<\/span>\n\t\t\t\t\t<img decoding=\"async\" class=\"analiticaLogo\" src=\"https:\/\/www.suno.com.br\/noticias\/wp-content\/plugins\/suno-block-ticker-quotation\/src\/suno-analitica-logo.png\" alt=\"Logo Suno Anal\u00edtica\" \/>\n\t\t\t\t<\/div>\n\n\t\t\t\t<a href=\"https:\/\/www.suno.com.br\/analitica\/acoes\/BHIA3\" target=\"_blank\">\n\t\t\t\t\t<span>\n\t\t\t\t\t\tVer mais cota\u00e7\u00f5es\n\t\t\t\t\t<\/span>\n\t\t\t\t\t<svg xmlns=\"http:\/\/www.w3.org\/2000\/svg\" width=\"9\" height=\"8\" viewBox=\"0 0 9 8\" fill=\"none\">\n\t\t\t\t\t\t<path d=\"M4.20996 0L3.50496 0.705L6.29496 3.5H0.209961V4.5H6.29496L3.50496 7.295L4.20996 8L8.20996 4L4.20996 0Z\" fill=\"#D42126\" \/>\n\t\t\t\t\t<\/svg>\n\t\t\t\t<\/a>\n    <\/div>\n\n    <\/div>\n  <\/div>\n<\/div>\n\n\n<script type=\"text\/javascript\">\n  let chart_9f001073637402724ebfb52120972417 = document.getElementById('chart-9f001073637402724ebfb52120972417');\n  let data_json_9f001073637402724ebfb52120972417 = \"[{\\\"date\\\":\\\"25\\\\\\\/03\\\\\\\/24 11:20\\\",\\\"value\\\":6.66},{\\\"date\\\":\\\"25\\\\\\\/03\\\\\\\/24 11:30\\\",\\\"value\\\":6.66},{\\\"date\\\":\\\"25\\\\\\\/03\\\\\\\/24 11:40\\\",\\\"value\\\":6.68},{\\\"date\\\":\\\"25\\\\\\\/03\\\\\\\/24 11:50\\\",\\\"value\\\":6.68},{\\\"date\\\":\\\"25\\\\\\\/03\\\\\\\/24 12:00\\\",\\\"value\\\":6.66},{\\\"date\\\":\\\"25\\\\\\\/03\\\\\\\/24 15:30\\\",\\\"value\\\":6.55},{\\\"date\\\":\\\"25\\\\\\\/03\\\\\\\/24 15:40\\\",\\\"value\\\":6.56},{\\\"date\\\":\\\"25\\\\\\\/03\\\\\\\/24 15:50\\\",\\\"value\\\":6.58},{\\\"date\\\":\\\"25\\\\\\\/03\\\\\\\/24 16:00\\\",\\\"value\\\":6.56},{\\\"date\\\":\\\"25\\\\\\\/03\\\\\\\/24 16:10\\\",\\\"value\\\":6.57},{\\\"date\\\":\\\"26\\\\\\\/03\\\\\\\/24 14:40\\\",\\\"value\\\":6.32},{\\\"date\\\":\\\"26\\\\\\\/03\\\\\\\/24 14:50\\\",\\\"value\\\":6.3},{\\\"date\\\":\\\"26\\\\\\\/03\\\\\\\/24 15:00\\\",\\\"value\\\":6.27},{\\\"date\\\":\\\"26\\\\\\\/03\\\\\\\/24 15:10\\\",\\\"value\\\":6.22},{\\\"date\\\":\\\"26\\\\\\\/03\\\\\\\/24 15:20\\\",\\\"value\\\":6.25},{\\\"date\\\":\\\"27\\\\\\\/03\\\\\\\/24 13:00\\\",\\\"value\\\":6.29},{\\\"date\\\":\\\"27\\\\\\\/03\\\\\\\/24 13:10\\\",\\\"value\\\":6.31},{\\\"date\\\":\\\"27\\\\\\\/03\\\\\\\/24 13:20\\\",\\\"value\\\":6.36},{\\\"date\\\":\\\"27\\\\\\\/03\\\\\\\/24 13:30\\\",\\\"value\\\":6.33},{\\\"date\\\":\\\"27\\\\\\\/03\\\\\\\/24 13:40\\\",\\\"value\\\":6.29}]\";\n  let isPositive_9f001073637402724ebfb52120972417 = \"\";\n\n  let color_9f001073637402724ebfb52120972417 = isPositive_9f001073637402724ebfb52120972417 ? '#3AB53A' : '#D92C2D';\n\n  let data_9f001073637402724ebfb52120972417 = JSON.parse(data_json_9f001073637402724ebfb52120972417);\n\n  const result_9f001073637402724ebfb52120972417 = {\n    date: [],\n    value: [],\n  };\n\n  data_9f001073637402724ebfb52120972417.forEach((item) => {\n    result_9f001073637402724ebfb52120972417.date.push(item.date);\n    result_9f001073637402724ebfb52120972417.value.push(Number(item.value));\n  });\n\n  let option_9f001073637402724ebfb52120972417 = {\n    \/\/ variavel de cor global\n    color: [color_9f001073637402724ebfb52120972417],\n    title: {\n      text: '',\n    },\n    tooltip: {\n      trigger: 'axis',\n      axisPointer: {\n        type: 'cross',\n        label: {\n          \/\/ cor dos valores em X e Y\n          backgroundColor: color_9f001073637402724ebfb52120972417,\n          formatter: (value) => {\n            if (typeof value.value === 'number') {\n              return Number(value.value).toLocaleString('pt-br', {\n                style: 'currency',\n                currency: 'BRL'\n              });\n            }\n            return value.value;\n          },\n        },\n      },\n      valueFormatter: (value) => Number(value).toLocaleString('pt-br', {\n        style: 'currency',\n        currency: 'BRL'\n      }),\n    },\n    legend: {\n      \/\/ data: ['Valor de Fechamento'],\n      show: false,\n    },\n    toolbox: {\n      feature: {\n        saveAsImage: {\n          show: false,\n        },\n      },\n    },\n    grid: {\n      left: '0px',\n      right: '0px',\n      bottom: '0px',\n      containLabel: true,\n    },\n    xAxis: [{\n      type: 'category',\n      data: result_9f001073637402724ebfb52120972417.date,\n      boundaryGap: true,\n    }],\n    yAxis: [{\n      type: 'value',\n      min: Math.min(...result_9f001073637402724ebfb52120972417.value),\n      max: Math.max(...result_9f001073637402724ebfb52120972417.value),\n      axisLabel: {\n        formatter: (value) => value.toLocaleString('pt-br', {\n          style: 'currency',\n          currency: 'BRL'\n        }),\n      },\n    }],\n    series: [{\n      name: 'Valor de Fechamento',\n      type: 'line',\n      stack: 'Total',\n      \/\/ cor do grafico\n      areaStyle: {},\n      emphasis: {\n        focus: 'series',\n      },\n      data: result_9f001073637402724ebfb52120972417.value,\n      \/\/ cor da linha\n      lineStyle: {\n        color: color_9f001073637402724ebfb52120972417,\n      },\n    }, ],\n  };\n\n\twindow.chart_9f001073637402724ebfb52120972417 = {\n\t\tel: chart_9f001073637402724ebfb52120972417,\n\t\toption: option_9f001073637402724ebfb52120972417\t};\n\n\n<\/script>\n\n\n\n<p><em>*Com informa\u00e7\u00f5es de Estad\u00e3o Conte\u00fado<\/em><\/p>\n\n\n\t<p>\n\t\t<a href=\"https:\/\/lp.suno.com.br\/planilha-controle-gastos\/\" target=\"_blank\" data-element=\"shortcode-suno-banner\" title=\"Banner SUNO, clique e saiba mais\">\n\t\t\t<picture>\n\t\t\t\t<source media=\"(max-width: 500px)\" srcset=\"https:\/\/files.sunoresearch.com.br\/n\/uploads\/2023\/03\/400x300-Planilha-controle-de-gastos.png\">\n\t\t\t\t<img class=\"newsContent__article__imgCapa newsContent__article__imgCapa--banner\"\n\t\t\t\t\tsrc=\"https:\/\/files.sunoresearch.com.br\/n\/uploads\/2023\/03\/1420x240-Planilha-controle-de-gastos.png\"\n\t\t\t\t\tdata-promo-id=\"101751\"\t\t\t\t\t\t\t\t\t\twidth='1420' height='240'\t\t\t\t\talt=\"https:\/\/files.sunoresearch.com.br\/n\/uploads\/2023\/03\/1420x240-Planilha-controle-de-gastos.png\"\n\t\t\t\t>\n\t\t\t<\/picture>\n\t\t<\/a>\n\t<\/p>\n\n\n","protected":false},"excerpt":{"rendered":"<p>A Casas Bahia (BHIA3), antiga Via, informou que o JP Morgan (JPMC34) aumentou sua participa\u00e7\u00e3o para 5,86% do n\u00famero total de a\u00e7\u00f5es ordin\u00e1rias da companhia, segundo comunicado anexado \u00e0 Comiss\u00e3o de Valores Mobili\u00e1rios (CVM). Casas Bahia (BHIA3). Foto: iStock Segundo comunicado, a porcentagem atingida pelo JP Morgan corresponde a 898.973 pap\u00e9is ordin\u00e1rios da companhia. A [&hellip;]<\/p>\n","protected":false},"author":313,"featured_media":533083,"comment_status":"closed","ping_status":"closed","sticky":false,"template":"","format":"standard","meta":[],"categories":[64],"tags":[286,107138],"suno_strategy":[],"class_list":["post-538560","post","type-post","status-publish","format-standard","has-post-thumbnail","hentry","category-negocios","tag-acoes","tag-casas-bahia-bhia3"],"yoast_head":"<!-- This site is optimized with the Yoast SEO plugin v24.4 - https:\/\/yoast.com\/wordpress\/plugins\/seo\/ -->\n<title>Casas Bahia (BHIA3): JP Morgan aumenta fatia na empresa<\/title>\n<meta name=\"description\" content=\"O JP Morgan anunciou que aumentou sua participa\u00e7\u00e3o na Casas Bahia. Saiba mais sobre o aumento de participa\u00e7\u00e3o do JP Morgan na Casas Bahia.\" \/>\n<meta name=\"robots\" content=\"index, follow, max-snippet:-1, max-image-preview:large, max-video-preview:-1\" \/>\n<link rel=\"canonical\" href=\"https:\/\/www.suno.com.br\/noticias\/casas-bahia-bhia3-jp-aumenta-fatia-gpj\/\" \/>\n<meta property=\"og:locale\" content=\"pt_BR\" \/>\n<meta property=\"og:type\" content=\"article\" \/>\n<meta property=\"og:title\" content=\"Casas Bahia (BHIA3): JP Morgan aumenta fatia na empresa\" \/>\n<meta property=\"og:description\" content=\"O JP Morgan anunciou que aumentou sua participa\u00e7\u00e3o na Casas Bahia. Saiba mais sobre o aumento de participa\u00e7\u00e3o do JP Morgan na Casas Bahia.\" \/>\n<meta property=\"og:url\" content=\"https:\/\/www.suno.com.br\/noticias\/casas-bahia-bhia3-jp-aumenta-fatia-gpj\/\" \/>\n<meta property=\"og:site_name\" content=\"Suno Not\u00edcias\" \/>\n<meta property=\"article:publisher\" content=\"https:\/\/facebook.com\/sunoresearch\" \/>\n<meta property=\"og:image\" content=\"https:\/\/files.sunoresearch.com.br\/n\/uploads\/2024\/03\/iStock-1422632274-scaled.jpg\" \/>\n\t<meta property=\"og:image:width\" content=\"2560\" \/>\n\t<meta property=\"og:image:height\" content=\"1873\" \/>\n\t<meta property=\"og:image:type\" content=\"image\/jpeg\" \/>\n<meta name=\"author\" content=\"Giovanni Porf\u00edrio Jacomino\" \/>\n<meta name=\"twitter:card\" content=\"summary_large_image\" \/>\n<meta name=\"twitter:creator\" content=\"@sunoresearch\" \/>\n<meta name=\"twitter:site\" content=\"@sunoresearch\" \/>\n<meta name=\"twitter:label1\" content=\"Escrito por\" \/>\n\t<meta name=\"twitter:data1\" content=\"Giovanni Porf\u00edrio Jacomino\" \/>\n\t<meta name=\"twitter:label2\" content=\"Est. tempo de leitura\" \/>\n\t<meta name=\"twitter:data2\" content=\"3 minutos\" \/>\n<script type=\"application\/ld+json\" class=\"yoast-schema-graph\">{\"@context\":\"https:\/\/schema.org\",\"@graph\":[{\"@type\":\"NewsArticle\",\"@id\":\"https:\/\/www.suno.com.br\/noticias\/casas-bahia-bhia3-jp-aumenta-fatia-gpj\/#article\",\"isPartOf\":{\"@id\":\"https:\/\/www.suno.com.br\/noticias\/casas-bahia-bhia3-jp-aumenta-fatia-gpj\/\"},\"author\":{\"name\":\"Giovanni Porf\u00edrio Jacomino\",\"@id\":\"https:\/\/www.suno.com.br\/noticias\/#\/schema\/person\/d0f32748bbca4bee871fa191ee4e2d40\"},\"headline\":\"Casas Bahia (BHIA3): JP Morgan aumenta participa\u00e7\u00e3o na empresa; confira\",\"datePublished\":\"2024-03-28T10:52:33+00:00\",\"dateModified\":\"2024-03-28T10:52:39+00:00\",\"mainEntityOfPage\":{\"@id\":\"https:\/\/www.suno.com.br\/noticias\/casas-bahia-bhia3-jp-aumenta-fatia-gpj\/\"},\"wordCount\":526,\"publisher\":{\"@id\":\"https:\/\/www.suno.com.br\/noticias\/#organization\"},\"image\":{\"@id\":\"https:\/\/www.suno.com.br\/noticias\/casas-bahia-bhia3-jp-aumenta-fatia-gpj\/#primaryimage\"},\"thumbnailUrl\":\"https:\/\/files.sunoresearch.com.br\/n\/uploads\/2024\/03\/iStock-1422632274-scaled.jpg\",\"keywords\":[\"A\u00e7\u00f5es\",\"Casas Bahia (BHIA3)\"],\"articleSection\":[\"Neg\u00f3cios\"],\"inLanguage\":\"pt-BR\"},{\"@type\":\"WebPage\",\"@id\":\"https:\/\/www.suno.com.br\/noticias\/casas-bahia-bhia3-jp-aumenta-fatia-gpj\/\",\"url\":\"https:\/\/www.suno.com.br\/noticias\/casas-bahia-bhia3-jp-aumenta-fatia-gpj\/\",\"name\":\"Casas Bahia (BHIA3): JP Morgan aumenta fatia na empresa\",\"isPartOf\":{\"@id\":\"https:\/\/www.suno.com.br\/noticias\/#website\"},\"primaryImageOfPage\":{\"@id\":\"https:\/\/www.suno.com.br\/noticias\/casas-bahia-bhia3-jp-aumenta-fatia-gpj\/#primaryimage\"},\"image\":{\"@id\":\"https:\/\/www.suno.com.br\/noticias\/casas-bahia-bhia3-jp-aumenta-fatia-gpj\/#primaryimage\"},\"thumbnailUrl\":\"https:\/\/files.sunoresearch.com.br\/n\/uploads\/2024\/03\/iStock-1422632274-scaled.jpg\",\"datePublished\":\"2024-03-28T10:52:33+00:00\",\"dateModified\":\"2024-03-28T10:52:39+00:00\",\"description\":\"O JP Morgan anunciou que aumentou sua participa\u00e7\u00e3o na Casas Bahia. Saiba mais sobre o aumento de participa\u00e7\u00e3o do JP Morgan na Casas Bahia.\",\"breadcrumb\":{\"@id\":\"https:\/\/www.suno.com.br\/noticias\/casas-bahia-bhia3-jp-aumenta-fatia-gpj\/#breadcrumb\"},\"inLanguage\":\"pt-BR\",\"potentialAction\":[{\"@type\":\"ReadAction\",\"target\":[\"https:\/\/www.suno.com.br\/noticias\/casas-bahia-bhia3-jp-aumenta-fatia-gpj\/\"]}]},{\"@type\":\"ImageObject\",\"inLanguage\":\"pt-BR\",\"@id\":\"https:\/\/www.suno.com.br\/noticias\/casas-bahia-bhia3-jp-aumenta-fatia-gpj\/#primaryimage\",\"url\":\"https:\/\/files.sunoresearch.com.br\/n\/uploads\/2024\/03\/iStock-1422632274-scaled.jpg\",\"contentUrl\":\"https:\/\/files.sunoresearch.com.br\/n\/uploads\/2024\/03\/iStock-1422632274-scaled.jpg\",\"width\":2560,\"height\":1873,\"caption\":\"Casas Bahia (BHIA3). Foto: iStock\"},{\"@type\":\"BreadcrumbList\",\"@id\":\"https:\/\/www.suno.com.br\/noticias\/casas-bahia-bhia3-jp-aumenta-fatia-gpj\/#breadcrumb\",\"itemListElement\":[{\"@type\":\"ListItem\",\"position\":1,\"name\":\"Not\u00edcias\",\"item\":\"https:\/\/www.suno.com.br\/noticias\/\"},{\"@type\":\"ListItem\",\"position\":2,\"name\":\"Neg\u00f3cios\",\"item\":\"https:\/\/www.suno.com.br\/noticias\/negocios\/\"},{\"@type\":\"ListItem\",\"position\":3,\"name\":\"Casas Bahia (BHIA3): JP Morgan aumenta participa\u00e7\u00e3o na empresa; confira\"}]},{\"@type\":\"WebSite\",\"@id\":\"https:\/\/www.suno.com.br\/noticias\/#website\",\"url\":\"https:\/\/www.suno.com.br\/noticias\/\",\"name\":\"Suno Not\u00edcias\",\"description\":\"Seu portal de informa\u00e7\u00e3o sobre o mundo dos investimentos\",\"publisher\":{\"@id\":\"https:\/\/www.suno.com.br\/noticias\/#organization\"},\"potentialAction\":[{\"@type\":\"SearchAction\",\"target\":{\"@type\":\"EntryPoint\",\"urlTemplate\":\"https:\/\/www.suno.com.br\/noticias\/?s={search_term_string}\"},\"query-input\":{\"@type\":\"PropertyValueSpecification\",\"valueRequired\":true,\"valueName\":\"search_term_string\"}}],\"inLanguage\":\"pt-BR\"},{\"@type\":\"Organization\",\"@id\":\"https:\/\/www.suno.com.br\/noticias\/#organization\",\"name\":\"Suno Not\u00edcias\",\"url\":\"https:\/\/www.suno.com.br\/noticias\/\",\"logo\":{\"@type\":\"ImageObject\",\"inLanguage\":\"pt-BR\",\"@id\":\"https:\/\/www.suno.com.br\/noticias\/#\/schema\/logo\/image\/\",\"url\":\"https:\/\/files.sunoresearch.com.br\/n\/uploads\/2021\/09\/suno-logo.png\",\"contentUrl\":\"https:\/\/files.sunoresearch.com.br\/n\/uploads\/2021\/09\/suno-logo.png\",\"width\":180,\"height\":180,\"caption\":\"Suno Not\u00edcias\"},\"image\":{\"@id\":\"https:\/\/www.suno.com.br\/noticias\/#\/schema\/logo\/image\/\"},\"sameAs\":[\"https:\/\/facebook.com\/sunoresearch\",\"https:\/\/x.com\/sunoresearch\",\"https:\/\/www.instagram.com\/suno\",\"https:\/\/www.linkedin.com\/company\/suno-research\/\",\"https:\/\/www.youtube.com\/c\/sunoresearch\"]},{\"@type\":\"Person\",\"@id\":\"https:\/\/www.suno.com.br\/noticias\/#\/schema\/person\/d0f32748bbca4bee871fa191ee4e2d40\",\"name\":\"Giovanni Porf\u00edrio Jacomino\",\"image\":{\"@type\":\"ImageObject\",\"inLanguage\":\"pt-BR\",\"@id\":\"https:\/\/www.suno.com.br\/noticias\/#\/schema\/person\/image\/\",\"url\":\"https:\/\/secure.gravatar.com\/avatar\/efb32e19b730a121cb7a80f41ffec01a?s=96&r=g\",\"contentUrl\":\"https:\/\/secure.gravatar.com\/avatar\/efb32e19b730a121cb7a80f41ffec01a?s=96&r=g\",\"caption\":\"Giovanni Porf\u00edrio Jacomino\"},\"description\":\"Giovanni Porf\u00edrio Jacomino \u00e9 jornalista formado pela Universidade Estadual de Londrina (UEL) e p\u00f3s-graduado em Produ\u00e7\u00e3o e Pr\u00e1ticas Jornal\u00edsticas na Contemporaneidade na Faculdade C\u00e1sper L\u00edbero (FCL). Foi editor web no Startupi e no Finsiders, atuando ainda como editor no TC Mover, portal de not\u00edcias da TradersClub, fazendo a cobertura de assuntos relacionados ao mercado financeiro interno e externo. Atualmente, \u00e9 Rep\u00f3rter do Suno Not\u00edcias.\",\"url\":\"https:\/\/www.suno.com.br\/noticias\/author\/giovanni-porfiriosuno-com-br\/\"}]}<\/script>\n<!-- \/ Yoast SEO plugin. -->","yoast_head_json":{"title":"Casas Bahia (BHIA3): JP Morgan aumenta fatia na empresa","description":"O JP Morgan anunciou que aumentou sua participa\u00e7\u00e3o na Casas Bahia. Saiba mais sobre o aumento de participa\u00e7\u00e3o do JP Morgan na Casas Bahia.","robots":{"index":"index","follow":"follow","max-snippet":"max-snippet:-1","max-image-preview":"max-image-preview:large","max-video-preview":"max-video-preview:-1"},"canonical":"https:\/\/www.suno.com.br\/noticias\/casas-bahia-bhia3-jp-aumenta-fatia-gpj\/","og_locale":"pt_BR","og_type":"article","og_title":"Casas Bahia (BHIA3): JP Morgan aumenta fatia na empresa","og_description":"O JP Morgan anunciou que aumentou sua participa\u00e7\u00e3o na Casas Bahia. Saiba mais sobre o aumento de participa\u00e7\u00e3o do JP Morgan na Casas Bahia.","og_url":"https:\/\/www.suno.com.br\/noticias\/casas-bahia-bhia3-jp-aumenta-fatia-gpj\/","og_site_name":"Suno Not\u00edcias","article_publisher":"https:\/\/facebook.com\/sunoresearch","og_image":[{"width":2560,"height":1873,"url":"https:\/\/files.sunoresearch.com.br\/n\/uploads\/2024\/03\/iStock-1422632274-scaled.jpg","type":"image\/jpeg"}],"author":"Giovanni Porf\u00edrio Jacomino","twitter_card":"summary_large_image","twitter_creator":"@sunoresearch","twitter_site":"@sunoresearch","twitter_misc":{"Escrito por":"Giovanni Porf\u00edrio Jacomino","Est. tempo de leitura":"3 minutos"},"schema":{"@context":"https:\/\/schema.org","@graph":[{"@type":"NewsArticle","@id":"https:\/\/www.suno.com.br\/noticias\/casas-bahia-bhia3-jp-aumenta-fatia-gpj\/#article","isPartOf":{"@id":"https:\/\/www.suno.com.br\/noticias\/casas-bahia-bhia3-jp-aumenta-fatia-gpj\/"},"author":{"name":"Giovanni Porf\u00edrio Jacomino","@id":"https:\/\/www.suno.com.br\/noticias\/#\/schema\/person\/d0f32748bbca4bee871fa191ee4e2d40"},"headline":"Casas Bahia (BHIA3): JP Morgan aumenta participa\u00e7\u00e3o na empresa; confira","datePublished":"2024-03-28T10:52:33+00:00","dateModified":"2024-03-28T10:52:39+00:00","mainEntityOfPage":{"@id":"https:\/\/www.suno.com.br\/noticias\/casas-bahia-bhia3-jp-aumenta-fatia-gpj\/"},"wordCount":526,"publisher":{"@id":"https:\/\/www.suno.com.br\/noticias\/#organization"},"image":{"@id":"https:\/\/www.suno.com.br\/noticias\/casas-bahia-bhia3-jp-aumenta-fatia-gpj\/#primaryimage"},"thumbnailUrl":"https:\/\/files.sunoresearch.com.br\/n\/uploads\/2024\/03\/iStock-1422632274-scaled.jpg","keywords":["A\u00e7\u00f5es","Casas Bahia (BHIA3)"],"articleSection":["Neg\u00f3cios"],"inLanguage":"pt-BR"},{"@type":"WebPage","@id":"https:\/\/www.suno.com.br\/noticias\/casas-bahia-bhia3-jp-aumenta-fatia-gpj\/","url":"https:\/\/www.suno.com.br\/noticias\/casas-bahia-bhia3-jp-aumenta-fatia-gpj\/","name":"Casas Bahia (BHIA3): JP Morgan aumenta fatia na empresa","isPartOf":{"@id":"https:\/\/www.suno.com.br\/noticias\/#website"},"primaryImageOfPage":{"@id":"https:\/\/www.suno.com.br\/noticias\/casas-bahia-bhia3-jp-aumenta-fatia-gpj\/#primaryimage"},"image":{"@id":"https:\/\/www.suno.com.br\/noticias\/casas-bahia-bhia3-jp-aumenta-fatia-gpj\/#primaryimage"},"thumbnailUrl":"https:\/\/files.sunoresearch.com.br\/n\/uploads\/2024\/03\/iStock-1422632274-scaled.jpg","datePublished":"2024-03-28T10:52:33+00:00","dateModified":"2024-03-28T10:52:39+00:00","description":"O JP Morgan anunciou que aumentou sua participa\u00e7\u00e3o na Casas Bahia. Saiba mais sobre o aumento de participa\u00e7\u00e3o do JP Morgan na Casas Bahia.","breadcrumb":{"@id":"https:\/\/www.suno.com.br\/noticias\/casas-bahia-bhia3-jp-aumenta-fatia-gpj\/#breadcrumb"},"inLanguage":"pt-BR","potentialAction":[{"@type":"ReadAction","target":["https:\/\/www.suno.com.br\/noticias\/casas-bahia-bhia3-jp-aumenta-fatia-gpj\/"]}]},{"@type":"ImageObject","inLanguage":"pt-BR","@id":"https:\/\/www.suno.com.br\/noticias\/casas-bahia-bhia3-jp-aumenta-fatia-gpj\/#primaryimage","url":"https:\/\/files.sunoresearch.com.br\/n\/uploads\/2024\/03\/iStock-1422632274-scaled.jpg","contentUrl":"https:\/\/files.sunoresearch.com.br\/n\/uploads\/2024\/03\/iStock-1422632274-scaled.jpg","width":2560,"height":1873,"caption":"Casas Bahia (BHIA3). Foto: iStock"},{"@type":"BreadcrumbList","@id":"https:\/\/www.suno.com.br\/noticias\/casas-bahia-bhia3-jp-aumenta-fatia-gpj\/#breadcrumb","itemListElement":[{"@type":"ListItem","position":1,"name":"Not\u00edcias","item":"https:\/\/www.suno.com.br\/noticias\/"},{"@type":"ListItem","position":2,"name":"Neg\u00f3cios","item":"https:\/\/www.suno.com.br\/noticias\/negocios\/"},{"@type":"ListItem","position":3,"name":"Casas Bahia (BHIA3): JP Morgan aumenta participa\u00e7\u00e3o na empresa; confira"}]},{"@type":"WebSite","@id":"https:\/\/www.suno.com.br\/noticias\/#website","url":"https:\/\/www.suno.com.br\/noticias\/","name":"Suno Not\u00edcias","description":"Seu portal de informa\u00e7\u00e3o sobre o mundo dos investimentos","publisher":{"@id":"https:\/\/www.suno.com.br\/noticias\/#organization"},"potentialAction":[{"@type":"SearchAction","target":{"@type":"EntryPoint","urlTemplate":"https:\/\/www.suno.com.br\/noticias\/?s={search_term_string}"},"query-input":{"@type":"PropertyValueSpecification","valueRequired":true,"valueName":"search_term_string"}}],"inLanguage":"pt-BR"},{"@type":"Organization","@id":"https:\/\/www.suno.com.br\/noticias\/#organization","name":"Suno Not\u00edcias","url":"https:\/\/www.suno.com.br\/noticias\/","logo":{"@type":"ImageObject","inLanguage":"pt-BR","@id":"https:\/\/www.suno.com.br\/noticias\/#\/schema\/logo\/image\/","url":"https:\/\/files.sunoresearch.com.br\/n\/uploads\/2021\/09\/suno-logo.png","contentUrl":"https:\/\/files.sunoresearch.com.br\/n\/uploads\/2021\/09\/suno-logo.png","width":180,"height":180,"caption":"Suno Not\u00edcias"},"image":{"@id":"https:\/\/www.suno.com.br\/noticias\/#\/schema\/logo\/image\/"},"sameAs":["https:\/\/facebook.com\/sunoresearch","https:\/\/x.com\/sunoresearch","https:\/\/www.instagram.com\/suno","https:\/\/www.linkedin.com\/company\/suno-research\/","https:\/\/www.youtube.com\/c\/sunoresearch"]},{"@type":"Person","@id":"https:\/\/www.suno.com.br\/noticias\/#\/schema\/person\/d0f32748bbca4bee871fa191ee4e2d40","name":"Giovanni Porf\u00edrio Jacomino","image":{"@type":"ImageObject","inLanguage":"pt-BR","@id":"https:\/\/www.suno.com.br\/noticias\/#\/schema\/person\/image\/","url":"https:\/\/secure.gravatar.com\/avatar\/efb32e19b730a121cb7a80f41ffec01a?s=96&r=g","contentUrl":"https:\/\/secure.gravatar.com\/avatar\/efb32e19b730a121cb7a80f41ffec01a?s=96&r=g","caption":"Giovanni Porf\u00edrio Jacomino"},"description":"Giovanni Porf\u00edrio Jacomino \u00e9 jornalista formado pela Universidade Estadual de Londrina (UEL) e p\u00f3s-graduado em Produ\u00e7\u00e3o e Pr\u00e1ticas Jornal\u00edsticas na Contemporaneidade na Faculdade C\u00e1sper L\u00edbero (FCL). Foi editor web no Startupi e no Finsiders, atuando ainda como editor no TC Mover, portal de not\u00edcias da TradersClub, fazendo a cobertura de assuntos relacionados ao mercado financeiro interno e externo. Atualmente, \u00e9 Rep\u00f3rter do Suno Not\u00edcias.","url":"https:\/\/www.suno.com.br\/noticias\/author\/giovanni-porfiriosuno-com-br\/"}]}},"default_loop_html":"<div class=\"cardsPage__listCard__boxs\"><div class=\"cardsPage__listCard__boxs__img\"><a href=\"https:\/\/www.suno.com.br\/noticias\/casas-bahia-bhia3-jp-aumenta-fatia-gpj\/\"><img class=\"mask\" src=\"https:\/\/www.suno.com.br\/noticias\/wp-content\/themes\/suno\/resources\/images\/spotlight\/spotlight1img\/bg-mask.png\" alt=\"Image Mask\"\/><img src=\"https:\/\/files.sunoresearch.com.br\/n\/uploads\/2024\/03\/iStock-1422632274-400x200.jpg\" alt=\"Casas Bahia (BHIA3): JP Morgan aumenta participa\u00e7\u00e3o na empresa; confira\"\/><\/a><span class=\"spotlightCategory\"><a href=\"https:\/\/www.suno.com.br\/noticias\/negocios\/\">Neg\u00f3cios<\/a><\/span><\/div><div class=\"cardsPage__listCard__boxs__content\"><a href=\"https:\/\/www.suno.com.br\/noticias\/casas-bahia-bhia3-jp-aumenta-fatia-gpj\/\"><h2 class=\"content__title\">Casas Bahia (BHIA3): JP Morgan aumenta participa\u00e7\u00e3o na empresa; confira<\/h2><\/a><div class=\"newsContent__article__meta\"><div class=\"newsContent__article__meta__authorBox\"><a href=\"https:\/\/www.suno.com.br\/noticias\/author\/giovanni-porfiriosuno-com-br\/\" class=\"authorBox__avatar noMobi\"><img src=\"https:\/\/files.sunoresearch.com.br\/n\/uploads\/2024\/05\/DSCF4115-1-1-150x150.webp\" alt=\"Giovanni Porf\u00edrio Jacomino\"><\/a><div class=\"authorBox__name\"><span>por\n\t\t\t<a href=\"https:\/\/www.suno.com.br\/noticias\/author\/giovanni-porfiriosuno-com-br\/\"><span itemprop=\"author\">Giovanni Porf\u00edrio Jacomino<\/span><\/a><\/span><time datetime=\"2024-03-28T07:52:33-03:00\" itemprop=\"datePublished\">28\/03\/2024 07:52<\/time><\/div><\/div><\/div><\/div><\/div>","single_layout":"posts","amp_enabled":true,"_links":{"self":[{"href":"https:\/\/www.suno.com.br\/noticias\/wp-json\/wp\/v2\/posts\/538560"}],"collection":[{"href":"https:\/\/www.suno.com.br\/noticias\/wp-json\/wp\/v2\/posts"}],"about":[{"href":"https:\/\/www.suno.com.br\/noticias\/wp-json\/wp\/v2\/types\/post"}],"author":[{"embeddable":true,"href":"https:\/\/www.suno.com.br\/noticias\/wp-json\/wp\/v2\/users\/313"}],"replies":[{"embeddable":true,"href":"https:\/\/www.suno.com.br\/noticias\/wp-json\/wp\/v2\/comments?post=538560"}],"version-history":[{"count":2,"href":"https:\/\/www.suno.com.br\/noticias\/wp-json\/wp\/v2\/posts\/538560\/revisions"}],"predecessor-version":[{"id":538579,"href":"https:\/\/www.suno.com.br\/noticias\/wp-json\/wp\/v2\/posts\/538560\/revisions\/538579"}],"wp:featuredmedia":[{"embeddable":true,"href":"https:\/\/www.suno.com.br\/noticias\/wp-json\/wp\/v2\/media\/533083"}],"wp:attachment":[{"href":"https:\/\/www.suno.com.br\/noticias\/wp-json\/wp\/v2\/media?parent=538560"}],"wp:term":[{"taxonomy":"category","embeddable":true,"href":"https:\/\/www.suno.com.br\/noticias\/wp-json\/wp\/v2\/categories?post=538560"},{"taxonomy":"post_tag","embeddable":true,"href":"https:\/\/www.suno.com.br\/noticias\/wp-json\/wp\/v2\/tags?post=538560"},{"taxonomy":"suno_strategy","embeddable":true,"href":"https:\/\/www.suno.com.br\/noticias\/wp-json\/wp\/v2\/suno_strategy?post=538560"}],"curies":[{"name":"wp","href":"https:\/\/api.w.org\/{rel}","templated":true}]}}