{"id":53834,"date":"2020-02-20T17:30:46","date_gmt":"2020-02-20T20:30:46","guid":{"rendered":"https:\/\/www.suno.com.br\/noticias\/?p=53834"},"modified":"2020-02-20T19:36:17","modified_gmt":"2020-02-20T22:36:17","slug":"gol-pretende-incorporar-smiles-maio","status":"publish","type":"post","link":"https:\/\/www.suno.com.br\/noticias\/gol-pretende-incorporar-smiles-maio\/","title":{"rendered":"Gol (GOLL4) pretende incorporar Smiles em maio, diz vice-presidente"},"content":{"rendered":"<p>A <a href=\"https:\/\/www.suno.com.br\/acoes\/goll4\/\"><strong>Gol<\/strong> (GOLL4)<\/a> informou nesta quinta-feira (20) que pretende incorporar a empresa de fidelidade <a href=\"https:\/\/www.suno.com.br\/acoes\/smls3\/\">Smiles (SMLS3)<\/a> em maio.<\/p>\t<div class=\"wrapper-featured-image\">\n\t\t<figure class=\"spotlightImg\">\n\n\t\t\t<picture>\n\t\t\t\t<source media=\"(max-width: 768px)\" srcset=\"https:\/\/files.sunoresearch.com.br\/n\/uploads\/2019\/03\/1ef17a77-gol-400x200.webp\">\n\t\t\t\t<img loading=\"lazy\" decoding=\"async\" class=\"newsContent__article__imgCapa lazyloadDisabled newsContent__article__imgCapa--noCaption\" src=\"https:\/\/files.sunoresearch.com.br\/n\/uploads\/2019\/03\/1ef17a77-gol-800x450.webp\" width=\"800\" height=\"450\" alt=\"Gol (GOLL4) pretende incorporar Smiles em maio, diz vice-presidente\" fetchpriority=high \/>\n\t\t\t<\/picture>\n\n\t\t\t<figcaption class=\"wp-caption-text wp-caption-text--hide\">A Gol (GOLL4) aprovou a cria\u00e7\u00e3o de uma holding com a Avianca, e companhia pode ter capital fechado<\/figcaption>\n\t\t<\/figure>\n\t<\/div>\n\n\n\n<p>Durante a teleconfer\u00eancia apresentando o balan\u00e7o de resultados de 2019, o vice-presidente financeiro da Gol, Richard Lark, afirmou que uma assembleia entre acionistas da a\u00e9rea e da <strong>Smiles<\/strong> ocorrer\u00e1 em 5 de mar\u00e7o. Na ocasi\u00e3o, as empresas devem decidir sobre a fus\u00e3o.<\/p>\n<p>\u201c\u00c9 prov\u00e1vel que a Gol liquide a incorpora\u00e7\u00e3o da Smiles em maio. A incorpora\u00e7\u00e3o vai gerar melhorias em gastos tribut\u00e1rios e nos rendimentos. A gera\u00e7\u00e3o de caixa ser\u00e1 maior\u201d, afirmou o executivo.<\/p>\n<p>Desde o final de janeiro, a companhia j\u00e1 det\u00e9m o controle da empresa de fidelidade de forma indireta. Isso porque a GLA, subsidi\u00e1ria da Gol, adquiriu as a\u00e7\u00f5es da Smiles no m\u00eas passado.<\/p>\n<p>Segundo Lark, a proje\u00e7\u00e3o de obter R$ 15,4 bilh\u00f5es de <a href=\"https:\/\/www.suno.com.br\/artigos\/o-que-receita-liquida\/\">receita<\/a> em 2020, divulgada nesta quinta-feira, considera a incorpora\u00e7\u00e3o da Smiles. No ano passado, a receita da companhia foi de R$ 13,9 bilh\u00f5es.<\/p>\n<h2>Despesas com deprecia\u00e7\u00e3o<\/h2>\n<p>Durante a teleconfer\u00eancia, a a\u00e9rea informou ainda que dever\u00e1 registrar um gasto n\u00e3o recorrente entre R$ 3 milh\u00f5es a R$ 5 milh\u00f5es com deprecia\u00e7\u00e3o no primeiro semestre deste ano. O valor corresponde a perda de valor de avi\u00f5es e motores.<\/p>\n\t<p>\n\t\t<a href=\"https:\/\/lp2.suno.com.br\/lm\/minicurso-construindo-um-portfolio-milionario?utm_campaign=_SNCEBB048DA_sc.mcpm26&#038;utm_source=suno.com.br&#038;utm_medium=banner.noticias\" target=\"_blank\" data-element=\"shortcode-suno-banner\" title=\"Banner SUNO, clique e saiba mais\">\n\t\t\t<picture>\n\t\t\t\t<source media=\"(max-width: 500px)\" srcset=\"https:\/\/files.sunoresearch.com.br\/n\/uploads\/2026\/01\/MB-PS-HOME-DE-ARTIGOS-400x300-ID_01_x1-jpg.webp\">\n\t\t\t\t<img class=\"newsContent__article__imgCapa newsContent__article__imgCapa--banner\"\n\t\t\t\t\tsrc=\"https:\/\/files.sunoresearch.com.br\/n\/uploads\/2026\/01\/DT-PS-HOME-DE-ARTIGOS-1420x240-ID_01_x1-jpg.webp\"\n\t\t\t\t\tdata-promo-id=\"638432\"\t\t\t\t\t\t\t\t\t\twidth='1420' height='240'\t\t\t\t\talt=\"https:\/\/files.sunoresearch.com.br\/n\/uploads\/2026\/01\/DT-PS-HOME-DE-ARTIGOS-1420x240-ID_01_x1-jpg.webp\"\n\t\t\t\t>\n\t\t\t<\/picture>\n\t\t<\/a>\n\t<\/p>\n\n\n<p>Segundo Lark, o gasto extra com deprecia\u00e7\u00e3o no quarto trimestre do ano passado estava entre R$ 3 milh\u00f5es e R$ 4 milh\u00f5es. As despesas foram causadas por conta de aeronaves do modelo 737 Max, da Boeing, que tiveram suas opera\u00e7\u00f5es paralisadas.<\/p>\n<p>\u201cEsses gastos s\u00e3o extraordin\u00e1rios e ter\u00e3o efeito tempor\u00e1rio\u201d, afirmou o executivo.<\/p>\n<h2>Queda no lucro da Gol<\/h2>\n<p>A Gol registrou um <a href=\"https:\/\/www.suno.com.br\/artigos\/lucro-liquido\/\">lu<\/a><a href=\"https:\/\/www.suno.com.br\/artigos\/lucro-liquido\/\">cro<\/a><a href=\"https:\/\/www.suno.com.br\/artigos\/lucro-liquido\/\"> l\u00edquido<\/a> de R$ 436,3 milh\u00f5es no quarto trimestre de 2019. O valor representa uma queda de 42,1% em compara\u00e7\u00e3o com o mesmo per\u00edodo de 2018. Esse resultado refere-se ao lucro atribu\u00eddo aos acionistas, antes da participa\u00e7\u00e3o minorit\u00e1ria.<\/p>\n<p><a href=\"https:\/\/www.suno.com.br\/noticias\/gol-reporta-queda-lucro-liquido\/\">Saiba mais: GOL (GOLL4) reporta queda de 42,1% no lucro l\u00edquido no 4T19<\/a><\/p>\n<p>Por outro lado, ap\u00f3s a participa\u00e7\u00e3o minorit\u00e1ria, o lucro da companhia no quarto trimestre cai para R$ 351,9 milh\u00f5es, sendo 47,9% menos do que o quarto trimestre de 2018. Nesse caso entram as despesas n\u00e3o recorrentes.<\/p>\n<p>Em 2019, com base nos mesmos par\u00e2metros, a <strong>Gol<\/strong> reportou um lucro l\u00edquido R$ 179,3 milh\u00f5es, enquanto, um ano antes, havia reportado um preju\u00edzo de R$ 1,33 bilh\u00e3o. O <a href=\"https:\/\/www.suno.com.br\/artigos\/ebitda\/\">Ebitda (lucro antes de juros, impostos, deprecia\u00e7\u00e3o e amortiza\u00e7\u00e3o)<\/a> cresceu 180,5%, atingindo R$ 1,46 bilh\u00e3o.<\/p>\n\n","protected":false},"excerpt":{"rendered":"<p>A Gol (GOLL4) informou nesta quinta-feira (20) que pretende incorporar a empresa de fidelidade Smiles (SMLS3) em maio. A Gol (GOLL4) aprovou a cria\u00e7\u00e3o de uma holding com a Avianca, e companhia pode ter capital fechado Durante a teleconfer\u00eancia apresentando o balan\u00e7o de resultados de 2019, o vice-presidente financeiro da Gol, Richard Lark, afirmou que [&hellip;]<\/p>\n","protected":false},"author":18,"featured_media":17745,"comment_status":"closed","ping_status":"closed","sticky":false,"template":"","format":"standard","meta":[],"categories":[64],"tags":[489,637],"suno_strategy":[],"class_list":["post-53834","post","type-post","status-publish","format-standard","has-post-thumbnail","hentry","category-negocios","tag-gol-linhas-aereas-goll11-goll4","tag-smiles-smls3"],"yoast_head":"<!-- This site is optimized with the Yoast SEO plugin v24.4 - https:\/\/yoast.com\/wordpress\/plugins\/seo\/ -->\n<title>Gol (GOLL4) pretende incorporar Smiles em maio, diz executivo<\/title>\n<meta name=\"description\" content=\"A Gol (GOLL4) informou nesta quinta-feira que pretende incorporar a empresa de fidelidade Smiles (SMLS3) em maio. Clique para saber mais.\" \/>\n<meta name=\"robots\" content=\"index, follow, max-snippet:-1, max-image-preview:large, max-video-preview:-1\" \/>\n<link rel=\"canonical\" href=\"https:\/\/www.suno.com.br\/noticias\/gol-pretende-incorporar-smiles-maio\/\" \/>\n<meta property=\"og:locale\" content=\"pt_BR\" \/>\n<meta property=\"og:type\" content=\"article\" \/>\n<meta property=\"og:title\" content=\"Gol (GOLL4) pretende incorporar Smiles em maio, diz executivo\" \/>\n<meta property=\"og:description\" content=\"A Gol (GOLL4) informou nesta quinta-feira que pretende incorporar a empresa de fidelidade Smiles (SMLS3) em maio. Clique para saber mais.\" \/>\n<meta property=\"og:url\" content=\"https:\/\/www.suno.com.br\/noticias\/gol-pretende-incorporar-smiles-maio\/\" \/>\n<meta property=\"og:site_name\" content=\"Suno Not\u00edcias\" \/>\n<meta property=\"article:publisher\" content=\"https:\/\/facebook.com\/sunoresearch\" \/>\n<meta property=\"og:image\" content=\"https:\/\/files.sunoresearch.com.br\/n\/uploads\/2019\/03\/1ef17a77-gol.jpg\" \/>\n\t<meta property=\"og:image:width\" content=\"1536\" \/>\n\t<meta property=\"og:image:height\" content=\"1024\" \/>\n\t<meta property=\"og:image:type\" content=\"image\/jpeg\" \/>\n<meta name=\"author\" content=\"Giovanna Oliveira\" \/>\n<meta name=\"twitter:card\" content=\"summary_large_image\" \/>\n<meta name=\"twitter:creator\" content=\"@sunoresearch\" \/>\n<meta name=\"twitter:site\" content=\"@sunoresearch\" \/>\n<meta name=\"twitter:label1\" content=\"Escrito por\" \/>\n\t<meta name=\"twitter:data1\" content=\"Giovanna Oliveira\" \/>\n\t<meta name=\"twitter:label2\" content=\"Est. tempo de leitura\" \/>\n\t<meta name=\"twitter:data2\" content=\"2 minutos\" \/>\n<script type=\"application\/ld+json\" class=\"yoast-schema-graph\">{\"@context\":\"https:\/\/schema.org\",\"@graph\":[{\"@type\":\"NewsArticle\",\"@id\":\"https:\/\/www.suno.com.br\/noticias\/gol-pretende-incorporar-smiles-maio\/#article\",\"isPartOf\":{\"@id\":\"https:\/\/www.suno.com.br\/noticias\/gol-pretende-incorporar-smiles-maio\/\"},\"author\":{\"name\":\"Giovanna Oliveira\",\"@id\":\"https:\/\/www.suno.com.br\/noticias\/#\/schema\/person\/4e19e3d2575736e5283d58eb3199d120\"},\"headline\":\"Gol (GOLL4) pretende incorporar Smiles em maio, diz vice-presidente\",\"datePublished\":\"2020-02-20T20:30:46+00:00\",\"dateModified\":\"2020-02-20T22:36:17+00:00\",\"mainEntityOfPage\":{\"@id\":\"https:\/\/www.suno.com.br\/noticias\/gol-pretende-incorporar-smiles-maio\/\"},\"wordCount\":445,\"publisher\":{\"@id\":\"https:\/\/www.suno.com.br\/noticias\/#organization\"},\"image\":{\"@id\":\"https:\/\/www.suno.com.br\/noticias\/gol-pretende-incorporar-smiles-maio\/#primaryimage\"},\"thumbnailUrl\":\"https:\/\/files.sunoresearch.com.br\/n\/uploads\/2019\/03\/1ef17a77-gol-jpg.webp\",\"keywords\":[\"Gol Linhas A\u00e9reas (GOLL11\/GOLL4)\",\"Smiles (SMLS3)\"],\"articleSection\":[\"Neg\u00f3cios\"],\"inLanguage\":\"pt-BR\"},{\"@type\":\"WebPage\",\"@id\":\"https:\/\/www.suno.com.br\/noticias\/gol-pretende-incorporar-smiles-maio\/\",\"url\":\"https:\/\/www.suno.com.br\/noticias\/gol-pretende-incorporar-smiles-maio\/\",\"name\":\"Gol (GOLL4) pretende incorporar Smiles em maio, diz executivo\",\"isPartOf\":{\"@id\":\"https:\/\/www.suno.com.br\/noticias\/#website\"},\"primaryImageOfPage\":{\"@id\":\"https:\/\/www.suno.com.br\/noticias\/gol-pretende-incorporar-smiles-maio\/#primaryimage\"},\"image\":{\"@id\":\"https:\/\/www.suno.com.br\/noticias\/gol-pretende-incorporar-smiles-maio\/#primaryimage\"},\"thumbnailUrl\":\"https:\/\/files.sunoresearch.com.br\/n\/uploads\/2019\/03\/1ef17a77-gol-jpg.webp\",\"datePublished\":\"2020-02-20T20:30:46+00:00\",\"dateModified\":\"2020-02-20T22:36:17+00:00\",\"description\":\"A Gol (GOLL4) informou nesta quinta-feira que pretende incorporar a empresa de fidelidade Smiles (SMLS3) em maio. Clique para saber mais.\",\"breadcrumb\":{\"@id\":\"https:\/\/www.suno.com.br\/noticias\/gol-pretende-incorporar-smiles-maio\/#breadcrumb\"},\"inLanguage\":\"pt-BR\",\"potentialAction\":[{\"@type\":\"ReadAction\",\"target\":[\"https:\/\/www.suno.com.br\/noticias\/gol-pretende-incorporar-smiles-maio\/\"]}]},{\"@type\":\"ImageObject\",\"inLanguage\":\"pt-BR\",\"@id\":\"https:\/\/www.suno.com.br\/noticias\/gol-pretende-incorporar-smiles-maio\/#primaryimage\",\"url\":\"https:\/\/files.sunoresearch.com.br\/n\/uploads\/2019\/03\/1ef17a77-gol-jpg.webp\",\"contentUrl\":\"https:\/\/files.sunoresearch.com.br\/n\/uploads\/2019\/03\/1ef17a77-gol-jpg.webp\",\"width\":1536,\"height\":1024,\"caption\":\"A Gol (GOLL4) aprovou a cria\u00e7\u00e3o de uma holding com a Avianca, e companhia pode ter capital fechado\"},{\"@type\":\"BreadcrumbList\",\"@id\":\"https:\/\/www.suno.com.br\/noticias\/gol-pretende-incorporar-smiles-maio\/#breadcrumb\",\"itemListElement\":[{\"@type\":\"ListItem\",\"position\":1,\"name\":\"Not\u00edcias\",\"item\":\"https:\/\/www.suno.com.br\/noticias\/\"},{\"@type\":\"ListItem\",\"position\":2,\"name\":\"Neg\u00f3cios\",\"item\":\"https:\/\/www.suno.com.br\/noticias\/negocios\/\"},{\"@type\":\"ListItem\",\"position\":3,\"name\":\"Gol (GOLL4) pretende incorporar Smiles em maio, diz vice-presidente\"}]},{\"@type\":\"WebSite\",\"@id\":\"https:\/\/www.suno.com.br\/noticias\/#website\",\"url\":\"https:\/\/www.suno.com.br\/noticias\/\",\"name\":\"Suno Not\u00edcias\",\"description\":\"Seu portal de informa\u00e7\u00e3o sobre o mundo dos investimentos\",\"publisher\":{\"@id\":\"https:\/\/www.suno.com.br\/noticias\/#organization\"},\"potentialAction\":[{\"@type\":\"SearchAction\",\"target\":{\"@type\":\"EntryPoint\",\"urlTemplate\":\"https:\/\/www.suno.com.br\/noticias\/?s={search_term_string}\"},\"query-input\":{\"@type\":\"PropertyValueSpecification\",\"valueRequired\":true,\"valueName\":\"search_term_string\"}}],\"inLanguage\":\"pt-BR\"},{\"@type\":\"Organization\",\"@id\":\"https:\/\/www.suno.com.br\/noticias\/#organization\",\"name\":\"Suno Not\u00edcias\",\"url\":\"https:\/\/www.suno.com.br\/noticias\/\",\"logo\":{\"@type\":\"ImageObject\",\"inLanguage\":\"pt-BR\",\"@id\":\"https:\/\/www.suno.com.br\/noticias\/#\/schema\/logo\/image\/\",\"url\":\"https:\/\/files.sunoresearch.com.br\/n\/uploads\/2021\/09\/suno-logo.png\",\"contentUrl\":\"https:\/\/files.sunoresearch.com.br\/n\/uploads\/2021\/09\/suno-logo.png\",\"width\":180,\"height\":180,\"caption\":\"Suno Not\u00edcias\"},\"image\":{\"@id\":\"https:\/\/www.suno.com.br\/noticias\/#\/schema\/logo\/image\/\"},\"sameAs\":[\"https:\/\/facebook.com\/sunoresearch\",\"https:\/\/x.com\/sunoresearch\",\"https:\/\/www.instagram.com\/suno\",\"https:\/\/www.linkedin.com\/company\/suno-research\/\",\"https:\/\/www.youtube.com\/c\/sunoresearch\"]},{\"@type\":\"Person\",\"@id\":\"https:\/\/www.suno.com.br\/noticias\/#\/schema\/person\/4e19e3d2575736e5283d58eb3199d120\",\"name\":\"Giovanna Oliveira\",\"image\":{\"@type\":\"ImageObject\",\"inLanguage\":\"pt-BR\",\"@id\":\"https:\/\/www.suno.com.br\/noticias\/#\/schema\/person\/image\/\",\"url\":\"https:\/\/secure.gravatar.com\/avatar\/9a37b3ae208962ac568992d0ffdbc2eb?s=96&r=g\",\"contentUrl\":\"https:\/\/secure.gravatar.com\/avatar\/9a37b3ae208962ac568992d0ffdbc2eb?s=96&r=g\",\"caption\":\"Giovanna Oliveira\"},\"description\":\"Giovanna Oliveira escreve sobre economia e pol\u00edtica. Foi rep\u00f3rter do portal de jornalismo da ESPM-SP e produziu conte\u00fado para a Corinthians TV. \u00c9 estudante da ESPM.\",\"url\":\"https:\/\/www.suno.com.br\/noticias\/author\/giovanna\/\"}]}<\/script>\n<!-- \/ Yoast SEO plugin. -->","yoast_head_json":{"title":"Gol (GOLL4) pretende incorporar Smiles em maio, diz executivo","description":"A Gol (GOLL4) informou nesta quinta-feira que pretende incorporar a empresa de fidelidade Smiles (SMLS3) em maio. Clique para saber mais.","robots":{"index":"index","follow":"follow","max-snippet":"max-snippet:-1","max-image-preview":"max-image-preview:large","max-video-preview":"max-video-preview:-1"},"canonical":"https:\/\/www.suno.com.br\/noticias\/gol-pretende-incorporar-smiles-maio\/","og_locale":"pt_BR","og_type":"article","og_title":"Gol (GOLL4) pretende incorporar Smiles em maio, diz executivo","og_description":"A Gol (GOLL4) informou nesta quinta-feira que pretende incorporar a empresa de fidelidade Smiles (SMLS3) em maio. Clique para saber mais.","og_url":"https:\/\/www.suno.com.br\/noticias\/gol-pretende-incorporar-smiles-maio\/","og_site_name":"Suno Not\u00edcias","article_publisher":"https:\/\/facebook.com\/sunoresearch","og_image":[{"width":1536,"height":1024,"url":"https:\/\/files.sunoresearch.com.br\/n\/uploads\/2019\/03\/1ef17a77-gol.jpg","type":"image\/jpeg"}],"author":"Giovanna Oliveira","twitter_card":"summary_large_image","twitter_creator":"@sunoresearch","twitter_site":"@sunoresearch","twitter_misc":{"Escrito por":"Giovanna Oliveira","Est. tempo de leitura":"2 minutos"},"schema":{"@context":"https:\/\/schema.org","@graph":[{"@type":"NewsArticle","@id":"https:\/\/www.suno.com.br\/noticias\/gol-pretende-incorporar-smiles-maio\/#article","isPartOf":{"@id":"https:\/\/www.suno.com.br\/noticias\/gol-pretende-incorporar-smiles-maio\/"},"author":{"name":"Giovanna Oliveira","@id":"https:\/\/www.suno.com.br\/noticias\/#\/schema\/person\/4e19e3d2575736e5283d58eb3199d120"},"headline":"Gol (GOLL4) pretende incorporar Smiles em maio, diz vice-presidente","datePublished":"2020-02-20T20:30:46+00:00","dateModified":"2020-02-20T22:36:17+00:00","mainEntityOfPage":{"@id":"https:\/\/www.suno.com.br\/noticias\/gol-pretende-incorporar-smiles-maio\/"},"wordCount":445,"publisher":{"@id":"https:\/\/www.suno.com.br\/noticias\/#organization"},"image":{"@id":"https:\/\/www.suno.com.br\/noticias\/gol-pretende-incorporar-smiles-maio\/#primaryimage"},"thumbnailUrl":"https:\/\/files.sunoresearch.com.br\/n\/uploads\/2019\/03\/1ef17a77-gol-jpg.webp","keywords":["Gol Linhas A\u00e9reas (GOLL11\/GOLL4)","Smiles (SMLS3)"],"articleSection":["Neg\u00f3cios"],"inLanguage":"pt-BR"},{"@type":"WebPage","@id":"https:\/\/www.suno.com.br\/noticias\/gol-pretende-incorporar-smiles-maio\/","url":"https:\/\/www.suno.com.br\/noticias\/gol-pretende-incorporar-smiles-maio\/","name":"Gol (GOLL4) pretende incorporar Smiles em maio, diz executivo","isPartOf":{"@id":"https:\/\/www.suno.com.br\/noticias\/#website"},"primaryImageOfPage":{"@id":"https:\/\/www.suno.com.br\/noticias\/gol-pretende-incorporar-smiles-maio\/#primaryimage"},"image":{"@id":"https:\/\/www.suno.com.br\/noticias\/gol-pretende-incorporar-smiles-maio\/#primaryimage"},"thumbnailUrl":"https:\/\/files.sunoresearch.com.br\/n\/uploads\/2019\/03\/1ef17a77-gol-jpg.webp","datePublished":"2020-02-20T20:30:46+00:00","dateModified":"2020-02-20T22:36:17+00:00","description":"A Gol (GOLL4) informou nesta quinta-feira que pretende incorporar a empresa de fidelidade Smiles (SMLS3) em maio. Clique para saber mais.","breadcrumb":{"@id":"https:\/\/www.suno.com.br\/noticias\/gol-pretende-incorporar-smiles-maio\/#breadcrumb"},"inLanguage":"pt-BR","potentialAction":[{"@type":"ReadAction","target":["https:\/\/www.suno.com.br\/noticias\/gol-pretende-incorporar-smiles-maio\/"]}]},{"@type":"ImageObject","inLanguage":"pt-BR","@id":"https:\/\/www.suno.com.br\/noticias\/gol-pretende-incorporar-smiles-maio\/#primaryimage","url":"https:\/\/files.sunoresearch.com.br\/n\/uploads\/2019\/03\/1ef17a77-gol-jpg.webp","contentUrl":"https:\/\/files.sunoresearch.com.br\/n\/uploads\/2019\/03\/1ef17a77-gol-jpg.webp","width":1536,"height":1024,"caption":"A Gol (GOLL4) aprovou a cria\u00e7\u00e3o de uma holding com a Avianca, e companhia pode ter capital fechado"},{"@type":"BreadcrumbList","@id":"https:\/\/www.suno.com.br\/noticias\/gol-pretende-incorporar-smiles-maio\/#breadcrumb","itemListElement":[{"@type":"ListItem","position":1,"name":"Not\u00edcias","item":"https:\/\/www.suno.com.br\/noticias\/"},{"@type":"ListItem","position":2,"name":"Neg\u00f3cios","item":"https:\/\/www.suno.com.br\/noticias\/negocios\/"},{"@type":"ListItem","position":3,"name":"Gol (GOLL4) pretende incorporar Smiles em maio, diz vice-presidente"}]},{"@type":"WebSite","@id":"https:\/\/www.suno.com.br\/noticias\/#website","url":"https:\/\/www.suno.com.br\/noticias\/","name":"Suno Not\u00edcias","description":"Seu portal de informa\u00e7\u00e3o sobre o mundo dos investimentos","publisher":{"@id":"https:\/\/www.suno.com.br\/noticias\/#organization"},"potentialAction":[{"@type":"SearchAction","target":{"@type":"EntryPoint","urlTemplate":"https:\/\/www.suno.com.br\/noticias\/?s={search_term_string}"},"query-input":{"@type":"PropertyValueSpecification","valueRequired":true,"valueName":"search_term_string"}}],"inLanguage":"pt-BR"},{"@type":"Organization","@id":"https:\/\/www.suno.com.br\/noticias\/#organization","name":"Suno Not\u00edcias","url":"https:\/\/www.suno.com.br\/noticias\/","logo":{"@type":"ImageObject","inLanguage":"pt-BR","@id":"https:\/\/www.suno.com.br\/noticias\/#\/schema\/logo\/image\/","url":"https:\/\/files.sunoresearch.com.br\/n\/uploads\/2021\/09\/suno-logo.png","contentUrl":"https:\/\/files.sunoresearch.com.br\/n\/uploads\/2021\/09\/suno-logo.png","width":180,"height":180,"caption":"Suno Not\u00edcias"},"image":{"@id":"https:\/\/www.suno.com.br\/noticias\/#\/schema\/logo\/image\/"},"sameAs":["https:\/\/facebook.com\/sunoresearch","https:\/\/x.com\/sunoresearch","https:\/\/www.instagram.com\/suno","https:\/\/www.linkedin.com\/company\/suno-research\/","https:\/\/www.youtube.com\/c\/sunoresearch"]},{"@type":"Person","@id":"https:\/\/www.suno.com.br\/noticias\/#\/schema\/person\/4e19e3d2575736e5283d58eb3199d120","name":"Giovanna Oliveira","image":{"@type":"ImageObject","inLanguage":"pt-BR","@id":"https:\/\/www.suno.com.br\/noticias\/#\/schema\/person\/image\/","url":"https:\/\/secure.gravatar.com\/avatar\/9a37b3ae208962ac568992d0ffdbc2eb?s=96&r=g","contentUrl":"https:\/\/secure.gravatar.com\/avatar\/9a37b3ae208962ac568992d0ffdbc2eb?s=96&r=g","caption":"Giovanna Oliveira"},"description":"Giovanna Oliveira escreve sobre economia e pol\u00edtica. Foi rep\u00f3rter do portal de jornalismo da ESPM-SP e produziu conte\u00fado para a Corinthians TV. \u00c9 estudante da ESPM.","url":"https:\/\/www.suno.com.br\/noticias\/author\/giovanna\/"}]}},"default_loop_html":"<div class=\"cardsPage__listCard__boxs\"><div class=\"cardsPage__listCard__boxs__img\"><a href=\"https:\/\/www.suno.com.br\/noticias\/gol-pretende-incorporar-smiles-maio\/\"><img class=\"mask\" src=\"https:\/\/www.suno.com.br\/noticias\/wp-content\/themes\/suno\/resources\/images\/spotlight\/spotlight1img\/bg-mask.png\" alt=\"Image Mask\"\/><img src=\"https:\/\/files.sunoresearch.com.br\/n\/uploads\/2019\/03\/1ef17a77-gol-400x200.webp\" alt=\"Gol (GOLL4) pretende incorporar Smiles em maio, diz vice-presidente\"\/><\/a><span class=\"spotlightCategory\"><a href=\"https:\/\/www.suno.com.br\/noticias\/negocios\/\">Neg\u00f3cios<\/a><\/span><\/div><div class=\"cardsPage__listCard__boxs__content\"><a href=\"https:\/\/www.suno.com.br\/noticias\/gol-pretende-incorporar-smiles-maio\/\"><h2 class=\"content__title\">Gol (GOLL4) pretende incorporar Smiles em maio, diz vice-presidente<\/h2><\/a><div class=\"newsContent__article__meta\"><div class=\"newsContent__article__meta__authorBox\"><a href=\"https:\/\/www.suno.com.br\/noticias\/author\/giovanna\/\" class=\"authorBox__avatar noMobi\"><img src=\"https:\/\/files.sunoresearch.com.br\/n\/uploads\/2019\/06\/952a89ca-screenshot_20190608-171507-150x150.webp\" alt=\"Giovanna Oliveira\"><\/a><div class=\"authorBox__name\"><span>por\n\t\t\t<a href=\"https:\/\/www.suno.com.br\/noticias\/author\/giovanna\/\"><span itemprop=\"author\">Giovanna Oliveira<\/span><\/a><\/span><time datetime=\"2020-02-20T17:30:46-03:00\" itemprop=\"datePublished\">20\/02\/2020 17:30<\/time><\/div><\/div><\/div><\/div><\/div>","single_layout":"posts","amp_enabled":true,"_links":{"self":[{"href":"https:\/\/www.suno.com.br\/noticias\/wp-json\/wp\/v2\/posts\/53834"}],"collection":[{"href":"https:\/\/www.suno.com.br\/noticias\/wp-json\/wp\/v2\/posts"}],"about":[{"href":"https:\/\/www.suno.com.br\/noticias\/wp-json\/wp\/v2\/types\/post"}],"author":[{"embeddable":true,"href":"https:\/\/www.suno.com.br\/noticias\/wp-json\/wp\/v2\/users\/18"}],"replies":[{"embeddable":true,"href":"https:\/\/www.suno.com.br\/noticias\/wp-json\/wp\/v2\/comments?post=53834"}],"version-history":[{"count":0,"href":"https:\/\/www.suno.com.br\/noticias\/wp-json\/wp\/v2\/posts\/53834\/revisions"}],"wp:featuredmedia":[{"embeddable":true,"href":"https:\/\/www.suno.com.br\/noticias\/wp-json\/wp\/v2\/media\/17745"}],"wp:attachment":[{"href":"https:\/\/www.suno.com.br\/noticias\/wp-json\/wp\/v2\/media?parent=53834"}],"wp:term":[{"taxonomy":"category","embeddable":true,"href":"https:\/\/www.suno.com.br\/noticias\/wp-json\/wp\/v2\/categories?post=53834"},{"taxonomy":"post_tag","embeddable":true,"href":"https:\/\/www.suno.com.br\/noticias\/wp-json\/wp\/v2\/tags?post=53834"},{"taxonomy":"suno_strategy","embeddable":true,"href":"https:\/\/www.suno.com.br\/noticias\/wp-json\/wp\/v2\/suno_strategy?post=53834"}],"curies":[{"name":"wp","href":"https:\/\/api.w.org\/{rel}","templated":true}]}}