{"id":538268,"date":"2024-03-27T13:24:42","date_gmt":"2024-03-27T16:24:42","guid":{"rendered":"https:\/\/www.suno.com.br\/noticias\/?p=538268"},"modified":"2024-03-27T13:27:14","modified_gmt":"2024-03-27T16:27:14","slug":"weg-wege3-producao-turbinas-gpj","status":"publish","type":"post","link":"https:\/\/www.suno.com.br\/noticias\/weg-wege3-producao-turbinas-gpj\/","title":{"rendered":"Weg (WEGE3): BTG avalia not\u00edcia sobre paralisa\u00e7\u00e3o de produ\u00e7\u00e3o de turbinas e\u00f3licas e define recomenda\u00e7\u00e3o para as a\u00e7\u00f5es"},"content":{"rendered":"<p>Em seu relat\u00f3rio mais recente sobre a <a href=\"https:\/\/www.suno.com.br\/acoes\/WEGE3\/\"><strong>Weg<\/strong> (WEGE3)<\/a>, ap\u00f3s questionamento por parte de investidores, o <a href=\"https:\/\/www.suno.com.br\/acoes\/bpac11\/\">BTG Pactual (BPAC11)<\/a> comentou sobre uma mat\u00e9ria veiculada pelo jornal Valor Econ\u00f4mico de que a fabricante de equipamentos catarinense vai paralisar temporariamente a produ\u00e7\u00e3o de turbinas e\u00f3licas em Jaragu\u00e1 do Sul.<\/p>\t<div class=\"wrapper-featured-image\">\n\t\t<figure class=\"spotlightImg\">\n\n\t\t\t<picture>\n\t\t\t\t<source media=\"(max-width: 768px)\" srcset=\"https:\/\/files.sunoresearch.com.br\/n\/uploads\/2022\/12\/Weg-wege3-400x200.jpg\">\n\t\t\t\t<img loading=\"lazy\" decoding=\"async\" class=\"newsContent__article__imgCapa lazyloadDisabled \" src=\"https:\/\/files.sunoresearch.com.br\/n\/uploads\/2022\/12\/Weg-wege3-800x450.jpg\" width=\"800\" height=\"450\" alt=\"Weg (WEGE3): BTG avalia not\u00edcia sobre paralisa\u00e7\u00e3o de produ\u00e7\u00e3o de turbinas e\u00f3licas e define recomenda\u00e7\u00e3o para as a\u00e7\u00f5es\" fetchpriority=high \/>\n\t\t\t<\/picture>\n\n\t\t\t<figcaption class=\"wp-caption-text wp-caption-text--show\">Weg (WEGE3) - Foto: Divulga\u00e7\u00e3o\n<\/figcaption>\n\t\t<\/figure>\n\t<\/div>\n\n\n\n\n\n\n\n\t<p>\n\t\t<a href=\"\" target=\"_blank\" data-element=\"shortcode-suno-banner\" title=\"Banner SUNO, clique e saiba mais\">\n\t\t\t<picture>\n\t\t\t\t<source media=\"(max-width: 500px)\" srcset=\"\">\n\t\t\t\t<img class=\"newsContent__article__imgCapa newsContent__article__imgCapa--banner\"\n\t\t\t\t\tsrc=\"\"\n\t\t\t\t\tdata-promo-id=\"250708\"\t\t\t\t\t\t\t\t\t\t\t\t\t\t\talt=\"\"\n\t\t\t\t>\n\t\t\t<\/picture>\n\t\t<\/a>\n\t<\/p>\n\n\n\n\n\n<p>Segundo a publica\u00e7\u00e3o, a paralisa\u00e7\u00e3o de produ\u00e7\u00e3o de <strong>turbinas e\u00f3licas da Weg<\/strong> se dar\u00e1 a partir do segundo semestre de 2024, e tem como motivo a baixa demanda por equipamentos no Brasil, associada \u00e0 sobre oferta no mercado de energia.<\/p>\n\n\n\n<p>Ao Valor, o diretor superintendente da <strong>Weg Energia<\/strong>, Jo\u00e3o Paulo Gualberto da Silva, explicou que o setor passa por dificuldades e h\u00e1 mais de um ano nenhuma fabricante fecha contrato no Brasil.<\/p>\n\n\n\n<p>Ainda de acordo com o jornal, o executivo informou que a empresa n\u00e3o precisar\u00e1 demitir funcion\u00e1rios, j\u00e1 que o neg\u00f3cio de <strong>energia e\u00f3lica da Weg<\/strong> representa pouco dentro do portf\u00f3lio da companhia. <\/p>\n\n\n\n<p>Disse tamb\u00e9m que apesar da produ\u00e7\u00e3o interrompida, a <strong>f\u00e1brica da Weg<\/strong> continua produzindo geradores, motores e turbinas hidr\u00e1ulicas para neg\u00f3cios relacionados a outros projetos, e o pessoal deve ser realocado para outras \u00e1reas.<\/p>\n\n\n\n\t<div data-element=\"shortcode-read-more\" class=\"readToo\">\n\t\t\t\t<span class=\"readToo__title\">Leia mais<\/span>\n\t\t\t\t<ul class=\"readToo__list\">\n\t\t\t<li><a href=\"https:\/\/www.suno.com.br\/noticias\/declarar-pix-imposto-de-renda-cpf\/\">\u00c9 preciso declarar as transa\u00e7\u00f5es via Pix no Imposto de Renda?<\/a><\/li><li><a href=\"https:\/\/www.suno.com.br\/noticias\/brasilagro-agro3-vende-parte-fazenda-gpj\/\">BrasilAgro (AGRO3) vende parte de fazenda na Bahia por R$ 364,5 milh\u00f5es<\/a><\/li><li><a href=\"https:\/\/www.suno.com.br\/noticias\/gpa-pcar3-morgan-stanley-reduz-participacao-gpj\/\">GPA (PCAR3): Morgan Stanley reduz participa\u00e7\u00e3o na companhia; confira<\/a><\/li>\t\t<\/ul>\n\t<\/div>\n\n\n\n\n<h2 class=\"wp-block-heading\">Setores passar\u00e3o por ajuste em 2024, mas devem se recuperar em 2025, diz BTG<\/h2>\n\n\n\n<p>Em relat\u00f3rio, o<strong> BTG Pactual <\/strong>lembrou que a Weg j\u00e1 estava esperando uma desacelera\u00e7\u00e3o no segmento de turbinas e\u00f3licas. A participa\u00e7\u00e3o no mercado nacional caiu nos \u00faltimos dois anos. Para o banco, os setores de energia e\u00f3lica e solar passar\u00e3o por um fase de ajuste em 2024, mas espera que eles se recuperem a partir de 2025.<\/p>\n\n\n\n<p>Sobre a continuidade da produ\u00e7\u00e3o de equipamentos, a casa ressalta que esta \u00e9 a mesma estrat\u00e9gia adotada pela Weg no ciclo 2019-20, quando o segmento de energia e\u00f3lica tamb\u00e9m passava por uma desacelera\u00e7\u00e3o tempor\u00e1ria. <\/p>\n\n\n\n<p>&#8220;Esta solu\u00e7\u00e3o refor\u00e7a uma das principais <a href=\"https:\/\/www.suno.com.br\/artigos\/duas-empresas-com-vantagens-competitivas-que-pagam-altos-dividendos\/\">vantagens competitivas<\/a> da Weg: a capacidade de mudar rapidamente seu foco de produ\u00e7\u00e3o para outros segmentos, alocando capacidade para setores mais fortes com aloca\u00e7\u00e3o m\u00ednima de capital. As vendas mais baixas de turbinas e\u00f3licas este ano j\u00e1 refletem o crescimento mais fraco esperado para a empresa em 2024&#8243;, acrescentam os analistas do banco.<\/p>\n\n\n\n<p>A recomenda\u00e7\u00e3o do BTG para as <strong>a\u00e7\u00f5es da Weg<\/strong> \u00e9 neutra, com pre\u00e7o-alvo pata doze meses definido em R$ 50.<\/p>\n\n\n\n<p>Nesta quarta os pap\u00e9is da <strong>Weg<\/strong> caem 1,03% no intradia, cotados a R$ 38,38.  <\/p>\n\n\n\t<p>\n\t\t<a href=\"https:\/\/lp.suno.com.br\/ebook-como-analisar-uma-acao\/\" target=\"_blank\" data-element=\"shortcode-suno-banner\" title=\"Banner SUNO, clique e saiba mais\">\n\t\t\t<picture>\n\t\t\t\t<source media=\"(max-width: 500px)\" srcset=\"https:\/\/files.sunoresearch.com.br\/n\/uploads\/2023\/03\/Ebook-Acoes-Mobile.jpg\">\n\t\t\t\t<img class=\"newsContent__article__imgCapa newsContent__article__imgCapa--banner\"\n\t\t\t\t\tsrc=\"https:\/\/files.sunoresearch.com.br\/n\/uploads\/2023\/03\/Ebook-Acoes-Desktop.jpg\"\n\t\t\t\t\tdata-promo-id=\"378302\"\t\t\t\t\t\t\t\t\t\twidth='1420' height='286'\t\t\t\t\talt=\"https:\/\/files.sunoresearch.com.br\/n\/uploads\/2023\/03\/Ebook-Acoes-Desktop.jpg\"\n\t\t\t\t>\n\t\t\t<\/picture>\n\t\t<\/a>\n\t<\/p>\n\n\n","protected":false},"excerpt":{"rendered":"<p>Em seu relat\u00f3rio mais recente sobre a Weg (WEGE3), ap\u00f3s questionamento por parte de investidores, o BTG Pactual (BPAC11) comentou sobre uma mat\u00e9ria veiculada pelo jornal Valor Econ\u00f4mico de que a fabricante de equipamentos catarinense vai paralisar temporariamente a produ\u00e7\u00e3o de turbinas e\u00f3licas em Jaragu\u00e1 do Sul. Weg (WEGE3) &#8211; Foto: Divulga\u00e7\u00e3o Segundo a publica\u00e7\u00e3o, [&hellip;]<\/p>\n","protected":false},"author":313,"featured_media":336059,"comment_status":"closed","ping_status":"closed","sticky":false,"template":"","format":"standard","meta":[],"categories":[64],"tags":[286,105816,681],"suno_strategy":[],"class_list":["post-538268","post","type-post","status-publish","format-standard","has-post-thumbnail","hentry","category-negocios","tag-acoes","tag-especialistas","tag-weg-wege3"],"yoast_head":"<!-- This site is optimized with the Yoast SEO plugin v24.4 - https:\/\/yoast.com\/wordpress\/plugins\/seo\/ -->\n<title>Weg (WEGE3) vai parar produ\u00e7\u00e3o de turbinas e\u00f3licas, diz jornal<\/title>\n<meta name=\"description\" content=\"O BTG comentou a not\u00edcia de que a Weg vai paralisar a produ\u00e7\u00e3o de turbinas e\u00f3licas. Saiba mais sobre o assunto envolvendo a Weg.\" \/>\n<meta name=\"robots\" content=\"index, follow, max-snippet:-1, max-image-preview:large, max-video-preview:-1\" \/>\n<link rel=\"canonical\" href=\"https:\/\/www.suno.com.br\/noticias\/weg-wege3-producao-turbinas-gpj\/\" \/>\n<meta property=\"og:locale\" content=\"pt_BR\" \/>\n<meta property=\"og:type\" content=\"article\" \/>\n<meta property=\"og:title\" content=\"Weg (WEGE3) vai parar produ\u00e7\u00e3o de turbinas e\u00f3licas, diz jornal\" \/>\n<meta property=\"og:description\" content=\"O BTG comentou a not\u00edcia de que a Weg vai paralisar a produ\u00e7\u00e3o de turbinas e\u00f3licas. Saiba mais sobre o assunto envolvendo a Weg.\" \/>\n<meta property=\"og:url\" content=\"https:\/\/www.suno.com.br\/noticias\/weg-wege3-producao-turbinas-gpj\/\" \/>\n<meta property=\"og:site_name\" content=\"Suno Not\u00edcias\" \/>\n<meta property=\"article:publisher\" content=\"https:\/\/facebook.com\/sunoresearch\" \/>\n<meta property=\"og:image\" content=\"https:\/\/files.sunoresearch.com.br\/n\/uploads\/2022\/12\/Weg-wege3.jpg\" \/>\n\t<meta property=\"og:image:width\" content=\"2560\" \/>\n\t<meta property=\"og:image:height\" content=\"1708\" \/>\n\t<meta property=\"og:image:type\" content=\"image\/jpeg\" \/>\n<meta name=\"author\" content=\"Giovanni Porf\u00edrio Jacomino\" \/>\n<meta name=\"twitter:card\" content=\"summary_large_image\" \/>\n<meta name=\"twitter:creator\" content=\"@sunoresearch\" \/>\n<meta name=\"twitter:site\" content=\"@sunoresearch\" \/>\n<meta name=\"twitter:label1\" content=\"Escrito por\" \/>\n\t<meta name=\"twitter:data1\" content=\"Giovanni Porf\u00edrio Jacomino\" \/>\n\t<meta name=\"twitter:label2\" content=\"Est. tempo de leitura\" \/>\n\t<meta name=\"twitter:data2\" content=\"3 minutos\" \/>\n<script type=\"application\/ld+json\" class=\"yoast-schema-graph\">{\"@context\":\"https:\/\/schema.org\",\"@graph\":[{\"@type\":\"NewsArticle\",\"@id\":\"https:\/\/www.suno.com.br\/noticias\/weg-wege3-producao-turbinas-gpj\/#article\",\"isPartOf\":{\"@id\":\"https:\/\/www.suno.com.br\/noticias\/weg-wege3-producao-turbinas-gpj\/\"},\"author\":{\"name\":\"Giovanni Porf\u00edrio Jacomino\",\"@id\":\"https:\/\/www.suno.com.br\/noticias\/#\/schema\/person\/d0f32748bbca4bee871fa191ee4e2d40\"},\"headline\":\"Weg (WEGE3): BTG avalia not\u00edcia sobre paralisa\u00e7\u00e3o de produ\u00e7\u00e3o de turbinas e\u00f3licas e define recomenda\u00e7\u00e3o para as a\u00e7\u00f5es\",\"datePublished\":\"2024-03-27T16:24:42+00:00\",\"dateModified\":\"2024-03-27T16:27:14+00:00\",\"mainEntityOfPage\":{\"@id\":\"https:\/\/www.suno.com.br\/noticias\/weg-wege3-producao-turbinas-gpj\/\"},\"wordCount\":444,\"publisher\":{\"@id\":\"https:\/\/www.suno.com.br\/noticias\/#organization\"},\"image\":{\"@id\":\"https:\/\/www.suno.com.br\/noticias\/weg-wege3-producao-turbinas-gpj\/#primaryimage\"},\"thumbnailUrl\":\"https:\/\/files.sunoresearch.com.br\/n\/uploads\/2022\/12\/Weg-wege3.jpg\",\"keywords\":[\"A\u00e7\u00f5es\",\"Especialistas\",\"Weg (WEGE3)\"],\"articleSection\":[\"Neg\u00f3cios\"],\"inLanguage\":\"pt-BR\"},{\"@type\":\"WebPage\",\"@id\":\"https:\/\/www.suno.com.br\/noticias\/weg-wege3-producao-turbinas-gpj\/\",\"url\":\"https:\/\/www.suno.com.br\/noticias\/weg-wege3-producao-turbinas-gpj\/\",\"name\":\"Weg (WEGE3) vai parar produ\u00e7\u00e3o de turbinas e\u00f3licas, diz jornal\",\"isPartOf\":{\"@id\":\"https:\/\/www.suno.com.br\/noticias\/#website\"},\"primaryImageOfPage\":{\"@id\":\"https:\/\/www.suno.com.br\/noticias\/weg-wege3-producao-turbinas-gpj\/#primaryimage\"},\"image\":{\"@id\":\"https:\/\/www.suno.com.br\/noticias\/weg-wege3-producao-turbinas-gpj\/#primaryimage\"},\"thumbnailUrl\":\"https:\/\/files.sunoresearch.com.br\/n\/uploads\/2022\/12\/Weg-wege3.jpg\",\"datePublished\":\"2024-03-27T16:24:42+00:00\",\"dateModified\":\"2024-03-27T16:27:14+00:00\",\"description\":\"O BTG comentou a not\u00edcia de que a Weg vai paralisar a produ\u00e7\u00e3o de turbinas e\u00f3licas. Saiba mais sobre o assunto envolvendo a Weg.\",\"breadcrumb\":{\"@id\":\"https:\/\/www.suno.com.br\/noticias\/weg-wege3-producao-turbinas-gpj\/#breadcrumb\"},\"inLanguage\":\"pt-BR\",\"potentialAction\":[{\"@type\":\"ReadAction\",\"target\":[\"https:\/\/www.suno.com.br\/noticias\/weg-wege3-producao-turbinas-gpj\/\"]}]},{\"@type\":\"ImageObject\",\"inLanguage\":\"pt-BR\",\"@id\":\"https:\/\/www.suno.com.br\/noticias\/weg-wege3-producao-turbinas-gpj\/#primaryimage\",\"url\":\"https:\/\/files.sunoresearch.com.br\/n\/uploads\/2022\/12\/Weg-wege3.jpg\",\"contentUrl\":\"https:\/\/files.sunoresearch.com.br\/n\/uploads\/2022\/12\/Weg-wege3.jpg\",\"width\":2560,\"height\":1708,\"caption\":\"Weg (WEGE3) - Foto: Divulga\u00e7\u00e3o\"},{\"@type\":\"BreadcrumbList\",\"@id\":\"https:\/\/www.suno.com.br\/noticias\/weg-wege3-producao-turbinas-gpj\/#breadcrumb\",\"itemListElement\":[{\"@type\":\"ListItem\",\"position\":1,\"name\":\"Not\u00edcias\",\"item\":\"https:\/\/www.suno.com.br\/noticias\/\"},{\"@type\":\"ListItem\",\"position\":2,\"name\":\"Neg\u00f3cios\",\"item\":\"https:\/\/www.suno.com.br\/noticias\/negocios\/\"},{\"@type\":\"ListItem\",\"position\":3,\"name\":\"Weg (WEGE3): BTG avalia not\u00edcia sobre paralisa\u00e7\u00e3o de produ\u00e7\u00e3o de turbinas e\u00f3licas e define recomenda\u00e7\u00e3o para as a\u00e7\u00f5es\"}]},{\"@type\":\"WebSite\",\"@id\":\"https:\/\/www.suno.com.br\/noticias\/#website\",\"url\":\"https:\/\/www.suno.com.br\/noticias\/\",\"name\":\"Suno Not\u00edcias\",\"description\":\"Seu portal de informa\u00e7\u00e3o sobre o mundo dos investimentos\",\"publisher\":{\"@id\":\"https:\/\/www.suno.com.br\/noticias\/#organization\"},\"potentialAction\":[{\"@type\":\"SearchAction\",\"target\":{\"@type\":\"EntryPoint\",\"urlTemplate\":\"https:\/\/www.suno.com.br\/noticias\/?s={search_term_string}\"},\"query-input\":{\"@type\":\"PropertyValueSpecification\",\"valueRequired\":true,\"valueName\":\"search_term_string\"}}],\"inLanguage\":\"pt-BR\"},{\"@type\":\"Organization\",\"@id\":\"https:\/\/www.suno.com.br\/noticias\/#organization\",\"name\":\"Suno Not\u00edcias\",\"url\":\"https:\/\/www.suno.com.br\/noticias\/\",\"logo\":{\"@type\":\"ImageObject\",\"inLanguage\":\"pt-BR\",\"@id\":\"https:\/\/www.suno.com.br\/noticias\/#\/schema\/logo\/image\/\",\"url\":\"https:\/\/files.sunoresearch.com.br\/n\/uploads\/2021\/09\/suno-logo.png\",\"contentUrl\":\"https:\/\/files.sunoresearch.com.br\/n\/uploads\/2021\/09\/suno-logo.png\",\"width\":180,\"height\":180,\"caption\":\"Suno Not\u00edcias\"},\"image\":{\"@id\":\"https:\/\/www.suno.com.br\/noticias\/#\/schema\/logo\/image\/\"},\"sameAs\":[\"https:\/\/facebook.com\/sunoresearch\",\"https:\/\/x.com\/sunoresearch\",\"https:\/\/www.instagram.com\/suno\",\"https:\/\/www.linkedin.com\/company\/suno-research\/\",\"https:\/\/www.youtube.com\/c\/sunoresearch\"]},{\"@type\":\"Person\",\"@id\":\"https:\/\/www.suno.com.br\/noticias\/#\/schema\/person\/d0f32748bbca4bee871fa191ee4e2d40\",\"name\":\"Giovanni Porf\u00edrio Jacomino\",\"image\":{\"@type\":\"ImageObject\",\"inLanguage\":\"pt-BR\",\"@id\":\"https:\/\/www.suno.com.br\/noticias\/#\/schema\/person\/image\/\",\"url\":\"https:\/\/secure.gravatar.com\/avatar\/efb32e19b730a121cb7a80f41ffec01a?s=96&r=g\",\"contentUrl\":\"https:\/\/secure.gravatar.com\/avatar\/efb32e19b730a121cb7a80f41ffec01a?s=96&r=g\",\"caption\":\"Giovanni Porf\u00edrio Jacomino\"},\"description\":\"Giovanni Porf\u00edrio Jacomino \u00e9 jornalista formado pela Universidade Estadual de Londrina (UEL) e p\u00f3s-graduado em Produ\u00e7\u00e3o e Pr\u00e1ticas Jornal\u00edsticas na Contemporaneidade na Faculdade C\u00e1sper L\u00edbero (FCL). Foi editor web no Startupi e no Finsiders, atuando ainda como editor no TC Mover, portal de not\u00edcias da TradersClub, fazendo a cobertura de assuntos relacionados ao mercado financeiro interno e externo. Atualmente, \u00e9 Rep\u00f3rter do Suno Not\u00edcias.\",\"url\":\"https:\/\/www.suno.com.br\/noticias\/author\/giovanni-porfiriosuno-com-br\/\"}]}<\/script>\n<!-- \/ Yoast SEO plugin. -->","yoast_head_json":{"title":"Weg (WEGE3) vai parar produ\u00e7\u00e3o de turbinas e\u00f3licas, diz jornal","description":"O BTG comentou a not\u00edcia de que a Weg vai paralisar a produ\u00e7\u00e3o de turbinas e\u00f3licas. Saiba mais sobre o assunto envolvendo a Weg.","robots":{"index":"index","follow":"follow","max-snippet":"max-snippet:-1","max-image-preview":"max-image-preview:large","max-video-preview":"max-video-preview:-1"},"canonical":"https:\/\/www.suno.com.br\/noticias\/weg-wege3-producao-turbinas-gpj\/","og_locale":"pt_BR","og_type":"article","og_title":"Weg (WEGE3) vai parar produ\u00e7\u00e3o de turbinas e\u00f3licas, diz jornal","og_description":"O BTG comentou a not\u00edcia de que a Weg vai paralisar a produ\u00e7\u00e3o de turbinas e\u00f3licas. Saiba mais sobre o assunto envolvendo a Weg.","og_url":"https:\/\/www.suno.com.br\/noticias\/weg-wege3-producao-turbinas-gpj\/","og_site_name":"Suno Not\u00edcias","article_publisher":"https:\/\/facebook.com\/sunoresearch","og_image":[{"width":2560,"height":1708,"url":"https:\/\/files.sunoresearch.com.br\/n\/uploads\/2022\/12\/Weg-wege3.jpg","type":"image\/jpeg"}],"author":"Giovanni Porf\u00edrio Jacomino","twitter_card":"summary_large_image","twitter_creator":"@sunoresearch","twitter_site":"@sunoresearch","twitter_misc":{"Escrito por":"Giovanni Porf\u00edrio Jacomino","Est. tempo de leitura":"3 minutos"},"schema":{"@context":"https:\/\/schema.org","@graph":[{"@type":"NewsArticle","@id":"https:\/\/www.suno.com.br\/noticias\/weg-wege3-producao-turbinas-gpj\/#article","isPartOf":{"@id":"https:\/\/www.suno.com.br\/noticias\/weg-wege3-producao-turbinas-gpj\/"},"author":{"name":"Giovanni Porf\u00edrio Jacomino","@id":"https:\/\/www.suno.com.br\/noticias\/#\/schema\/person\/d0f32748bbca4bee871fa191ee4e2d40"},"headline":"Weg (WEGE3): BTG avalia not\u00edcia sobre paralisa\u00e7\u00e3o de produ\u00e7\u00e3o de turbinas e\u00f3licas e define recomenda\u00e7\u00e3o para as a\u00e7\u00f5es","datePublished":"2024-03-27T16:24:42+00:00","dateModified":"2024-03-27T16:27:14+00:00","mainEntityOfPage":{"@id":"https:\/\/www.suno.com.br\/noticias\/weg-wege3-producao-turbinas-gpj\/"},"wordCount":444,"publisher":{"@id":"https:\/\/www.suno.com.br\/noticias\/#organization"},"image":{"@id":"https:\/\/www.suno.com.br\/noticias\/weg-wege3-producao-turbinas-gpj\/#primaryimage"},"thumbnailUrl":"https:\/\/files.sunoresearch.com.br\/n\/uploads\/2022\/12\/Weg-wege3.jpg","keywords":["A\u00e7\u00f5es","Especialistas","Weg (WEGE3)"],"articleSection":["Neg\u00f3cios"],"inLanguage":"pt-BR"},{"@type":"WebPage","@id":"https:\/\/www.suno.com.br\/noticias\/weg-wege3-producao-turbinas-gpj\/","url":"https:\/\/www.suno.com.br\/noticias\/weg-wege3-producao-turbinas-gpj\/","name":"Weg (WEGE3) vai parar produ\u00e7\u00e3o de turbinas e\u00f3licas, diz jornal","isPartOf":{"@id":"https:\/\/www.suno.com.br\/noticias\/#website"},"primaryImageOfPage":{"@id":"https:\/\/www.suno.com.br\/noticias\/weg-wege3-producao-turbinas-gpj\/#primaryimage"},"image":{"@id":"https:\/\/www.suno.com.br\/noticias\/weg-wege3-producao-turbinas-gpj\/#primaryimage"},"thumbnailUrl":"https:\/\/files.sunoresearch.com.br\/n\/uploads\/2022\/12\/Weg-wege3.jpg","datePublished":"2024-03-27T16:24:42+00:00","dateModified":"2024-03-27T16:27:14+00:00","description":"O BTG comentou a not\u00edcia de que a Weg vai paralisar a produ\u00e7\u00e3o de turbinas e\u00f3licas. Saiba mais sobre o assunto envolvendo a Weg.","breadcrumb":{"@id":"https:\/\/www.suno.com.br\/noticias\/weg-wege3-producao-turbinas-gpj\/#breadcrumb"},"inLanguage":"pt-BR","potentialAction":[{"@type":"ReadAction","target":["https:\/\/www.suno.com.br\/noticias\/weg-wege3-producao-turbinas-gpj\/"]}]},{"@type":"ImageObject","inLanguage":"pt-BR","@id":"https:\/\/www.suno.com.br\/noticias\/weg-wege3-producao-turbinas-gpj\/#primaryimage","url":"https:\/\/files.sunoresearch.com.br\/n\/uploads\/2022\/12\/Weg-wege3.jpg","contentUrl":"https:\/\/files.sunoresearch.com.br\/n\/uploads\/2022\/12\/Weg-wege3.jpg","width":2560,"height":1708,"caption":"Weg (WEGE3) - Foto: Divulga\u00e7\u00e3o"},{"@type":"BreadcrumbList","@id":"https:\/\/www.suno.com.br\/noticias\/weg-wege3-producao-turbinas-gpj\/#breadcrumb","itemListElement":[{"@type":"ListItem","position":1,"name":"Not\u00edcias","item":"https:\/\/www.suno.com.br\/noticias\/"},{"@type":"ListItem","position":2,"name":"Neg\u00f3cios","item":"https:\/\/www.suno.com.br\/noticias\/negocios\/"},{"@type":"ListItem","position":3,"name":"Weg (WEGE3): BTG avalia not\u00edcia sobre paralisa\u00e7\u00e3o de produ\u00e7\u00e3o de turbinas e\u00f3licas e define recomenda\u00e7\u00e3o para as a\u00e7\u00f5es"}]},{"@type":"WebSite","@id":"https:\/\/www.suno.com.br\/noticias\/#website","url":"https:\/\/www.suno.com.br\/noticias\/","name":"Suno Not\u00edcias","description":"Seu portal de informa\u00e7\u00e3o sobre o mundo dos investimentos","publisher":{"@id":"https:\/\/www.suno.com.br\/noticias\/#organization"},"potentialAction":[{"@type":"SearchAction","target":{"@type":"EntryPoint","urlTemplate":"https:\/\/www.suno.com.br\/noticias\/?s={search_term_string}"},"query-input":{"@type":"PropertyValueSpecification","valueRequired":true,"valueName":"search_term_string"}}],"inLanguage":"pt-BR"},{"@type":"Organization","@id":"https:\/\/www.suno.com.br\/noticias\/#organization","name":"Suno Not\u00edcias","url":"https:\/\/www.suno.com.br\/noticias\/","logo":{"@type":"ImageObject","inLanguage":"pt-BR","@id":"https:\/\/www.suno.com.br\/noticias\/#\/schema\/logo\/image\/","url":"https:\/\/files.sunoresearch.com.br\/n\/uploads\/2021\/09\/suno-logo.png","contentUrl":"https:\/\/files.sunoresearch.com.br\/n\/uploads\/2021\/09\/suno-logo.png","width":180,"height":180,"caption":"Suno Not\u00edcias"},"image":{"@id":"https:\/\/www.suno.com.br\/noticias\/#\/schema\/logo\/image\/"},"sameAs":["https:\/\/facebook.com\/sunoresearch","https:\/\/x.com\/sunoresearch","https:\/\/www.instagram.com\/suno","https:\/\/www.linkedin.com\/company\/suno-research\/","https:\/\/www.youtube.com\/c\/sunoresearch"]},{"@type":"Person","@id":"https:\/\/www.suno.com.br\/noticias\/#\/schema\/person\/d0f32748bbca4bee871fa191ee4e2d40","name":"Giovanni Porf\u00edrio Jacomino","image":{"@type":"ImageObject","inLanguage":"pt-BR","@id":"https:\/\/www.suno.com.br\/noticias\/#\/schema\/person\/image\/","url":"https:\/\/secure.gravatar.com\/avatar\/efb32e19b730a121cb7a80f41ffec01a?s=96&r=g","contentUrl":"https:\/\/secure.gravatar.com\/avatar\/efb32e19b730a121cb7a80f41ffec01a?s=96&r=g","caption":"Giovanni Porf\u00edrio Jacomino"},"description":"Giovanni Porf\u00edrio Jacomino \u00e9 jornalista formado pela Universidade Estadual de Londrina (UEL) e p\u00f3s-graduado em Produ\u00e7\u00e3o e Pr\u00e1ticas Jornal\u00edsticas na Contemporaneidade na Faculdade C\u00e1sper L\u00edbero (FCL). Foi editor web no Startupi e no Finsiders, atuando ainda como editor no TC Mover, portal de not\u00edcias da TradersClub, fazendo a cobertura de assuntos relacionados ao mercado financeiro interno e externo. Atualmente, \u00e9 Rep\u00f3rter do Suno Not\u00edcias.","url":"https:\/\/www.suno.com.br\/noticias\/author\/giovanni-porfiriosuno-com-br\/"}]}},"default_loop_html":"<div class=\"cardsPage__listCard__boxs\"><div class=\"cardsPage__listCard__boxs__img\"><a href=\"https:\/\/www.suno.com.br\/noticias\/weg-wege3-producao-turbinas-gpj\/\"><img class=\"mask\" src=\"https:\/\/www.suno.com.br\/noticias\/wp-content\/themes\/suno\/resources\/images\/spotlight\/spotlight1img\/bg-mask.png\" alt=\"Image Mask\"\/><img src=\"https:\/\/files.sunoresearch.com.br\/n\/uploads\/2022\/12\/Weg-wege3-400x200.jpg\" alt=\"Weg (WEGE3): BTG avalia not\u00edcia sobre paralisa\u00e7\u00e3o de produ\u00e7\u00e3o de turbinas e\u00f3licas e define recomenda\u00e7\u00e3o para as a\u00e7\u00f5es\"\/><\/a><span class=\"spotlightCategory\"><a href=\"https:\/\/www.suno.com.br\/noticias\/negocios\/\">Neg\u00f3cios<\/a><\/span><\/div><div class=\"cardsPage__listCard__boxs__content\"><a href=\"https:\/\/www.suno.com.br\/noticias\/weg-wege3-producao-turbinas-gpj\/\"><h2 class=\"content__title\">Weg (WEGE3): BTG avalia not\u00edcia sobre paralisa\u00e7\u00e3o de produ\u00e7\u00e3o de turbinas e\u00f3licas e define recomenda\u00e7\u00e3o para as a\u00e7\u00f5es<\/h2><\/a><div class=\"newsContent__article__meta\"><div class=\"newsContent__article__meta__authorBox\"><a href=\"https:\/\/www.suno.com.br\/noticias\/author\/giovanni-porfiriosuno-com-br\/\" class=\"authorBox__avatar noMobi\"><img src=\"https:\/\/files.sunoresearch.com.br\/n\/uploads\/2024\/05\/DSCF4115-1-1-150x150.webp\" alt=\"Giovanni Porf\u00edrio Jacomino\"><\/a><div class=\"authorBox__name\"><span>por\n\t\t\t<a href=\"https:\/\/www.suno.com.br\/noticias\/author\/giovanni-porfiriosuno-com-br\/\"><span itemprop=\"author\">Giovanni Porf\u00edrio Jacomino<\/span><\/a><\/span><time datetime=\"2024-03-27T13:24:42-03:00\" itemprop=\"datePublished\">27\/03\/2024 13:24<\/time><\/div><\/div><\/div><\/div><\/div>","single_layout":"posts","amp_enabled":true,"_links":{"self":[{"href":"https:\/\/www.suno.com.br\/noticias\/wp-json\/wp\/v2\/posts\/538268"}],"collection":[{"href":"https:\/\/www.suno.com.br\/noticias\/wp-json\/wp\/v2\/posts"}],"about":[{"href":"https:\/\/www.suno.com.br\/noticias\/wp-json\/wp\/v2\/types\/post"}],"author":[{"embeddable":true,"href":"https:\/\/www.suno.com.br\/noticias\/wp-json\/wp\/v2\/users\/313"}],"replies":[{"embeddable":true,"href":"https:\/\/www.suno.com.br\/noticias\/wp-json\/wp\/v2\/comments?post=538268"}],"version-history":[{"count":2,"href":"https:\/\/www.suno.com.br\/noticias\/wp-json\/wp\/v2\/posts\/538268\/revisions"}],"predecessor-version":[{"id":538329,"href":"https:\/\/www.suno.com.br\/noticias\/wp-json\/wp\/v2\/posts\/538268\/revisions\/538329"}],"wp:featuredmedia":[{"embeddable":true,"href":"https:\/\/www.suno.com.br\/noticias\/wp-json\/wp\/v2\/media\/336059"}],"wp:attachment":[{"href":"https:\/\/www.suno.com.br\/noticias\/wp-json\/wp\/v2\/media?parent=538268"}],"wp:term":[{"taxonomy":"category","embeddable":true,"href":"https:\/\/www.suno.com.br\/noticias\/wp-json\/wp\/v2\/categories?post=538268"},{"taxonomy":"post_tag","embeddable":true,"href":"https:\/\/www.suno.com.br\/noticias\/wp-json\/wp\/v2\/tags?post=538268"},{"taxonomy":"suno_strategy","embeddable":true,"href":"https:\/\/www.suno.com.br\/noticias\/wp-json\/wp\/v2\/suno_strategy?post=538268"}],"curies":[{"name":"wp","href":"https:\/\/api.w.org\/{rel}","templated":true}]}}