{"id":53786,"date":"2020-02-20T14:17:11","date_gmt":"2020-02-20T17:17:11","guid":{"rendered":"https:\/\/www.suno.com.br\/noticias\/?p=53786"},"modified":"2020-02-20T14:17:11","modified_gmt":"2020-02-20T17:17:11","slug":"tesla-fabrica-brasil","status":"publish","type":"post","link":"https:\/\/www.suno.com.br\/noticias\/tesla-fabrica-brasil\/","title":{"rendered":"Tesla: supervaloriza\u00e7\u00e3o, problema de entrega e at\u00e9 f\u00e1brica no Brasil"},"content":{"rendered":"<p>Se o mercado acion\u00e1rio fosse uma corrida, o carro da <strong>Tesla (TSLA)<\/strong> poderia ser considerado aquele ve\u00edculo, meio azar\u00e3o, que apostaria tudo para chegar na frente. Come\u00e7aria andando no pelot\u00e3o da frente. Mas, ser\u00e1 que ao fim da corrida, a Tesla continuar\u00e1 em uma das posi\u00e7\u00f5es de lideran\u00e7a?<\/p>\t<div class=\"wrapper-featured-image\">\n\t\t<figure class=\"spotlightImg\">\n\n\t\t\t<picture>\n\t\t\t\t<source media=\"(max-width: 768px)\" srcset=\"https:\/\/files.sunoresearch.com.br\/n\/uploads\/2020\/02\/f991cb4c-whatsapp-image-2020-02-04-at-16.55.57-400x200.webp\">\n\t\t\t\t<img loading=\"lazy\" decoding=\"async\" class=\"newsContent__article__imgCapa lazyloadDisabled newsContent__article__imgCapa--noCaption\" src=\"https:\/\/files.sunoresearch.com.br\/n\/uploads\/2020\/02\/f991cb4c-whatsapp-image-2020-02-04-at-16.55.57-800x450.webp\" width=\"800\" height=\"450\" alt=\"Tesla: supervaloriza\u00e7\u00e3o, problema de entrega e at\u00e9 f\u00e1brica no Brasil\" fetchpriority=high \/>\n\t\t\t<\/picture>\n\n\t\t\t<figcaption class=\"wp-caption-text wp-caption-text--hide\">Tesla (TSLA34)<\/figcaption>\n\t\t<\/figure>\n\t<\/div>\n\n\n\n<p><a href=\"https:\/\/www.suno.com.br\/noticias\/tesla-comeca-bem-2020\/\">O ano de 2020 promete<\/a> ser um tira-teima a essa prova. Com o valor de mercado supervalorizado, a Tesla, fundada pelo exc\u00eantrico sul-africano <a href=\"https:\/\/www.suno.com.br\/tudo-sobre\/elon-musk\/\">Elon Musk<\/a>, precisa enfrentar as dificuldades no desenvolvimento dos carros h\u00edbridos e el\u00e9tricos e os perrengues resultados e at\u00e9 rumores de uma f\u00e1brica no Brasil para, finalmente, se tornar uma companhia que apresente resultados.<\/p>\n<h2>A\u00e7\u00f5es se valorizam nos \u00faltimos meses<\/h2>\n<p>Os \u00faltimos dois meses marcaram uma corrida aos pap\u00e9is da Tesla listados na <a href=\"https:\/\/www.suno.com.br\/artigos\/nasdaq\/\"><strong>Nasdaq<\/strong><\/a>. S\u00f3 em um dia, as a\u00e7\u00f5es chegaram a fechar em alta de 16%. Muito expressiva em um mercado maduro com o americano. S\u00f3 em 2020, os pap\u00e9is acumularam uma valoriza\u00e7\u00e3o de mais de 100%.<\/p>\n<p>Essa alta fez com que a montadora atingisse um valor de mercado de US$ 170 bilh\u00f5es. Se tornando assim a segunda montadora mais valiosa do mundo, ficando apenas atr\u00e1s da Toyota nesta corrida. Atualmente, cada a\u00e7\u00e3o da empresa tem um valor de US$ 903.<\/p>\n\t<p>\n\t\t<a href=\"https:\/\/lp.suno.com.br\/ao\/cadastro-whatsapp\/\" target=\"_blank\" data-element=\"shortcode-suno-banner\" title=\"Banner SUNO, clique e saiba mais\">\n\t\t\t<picture>\n\t\t\t\t<source media=\"(max-width: 500px)\" srcset=\"https:\/\/files.sunoresearch.com.br\/n\/uploads\/2024\/03\/400x300-whatsapp-Suno.png\">\n\t\t\t\t<img class=\"newsContent__article__imgCapa newsContent__article__imgCapa--banner\"\n\t\t\t\t\tsrc=\"https:\/\/files.sunoresearch.com.br\/n\/uploads\/2024\/03\/1420x240-whatsapp-Suno.png\"\n\t\t\t\t\tdata-promo-id=\"101743\"\t\t\t\t\t\t\t\t\t\twidth='1420' height='240'\t\t\t\t\talt=\"https:\/\/files.sunoresearch.com.br\/n\/uploads\/2024\/03\/1420x240-whatsapp-Suno.png\"\n\t\t\t\t>\n\t\t\t<\/picture>\n\t\t<\/a>\n\t<\/p>\n\n\n<p>O desempenho ocorreu, entre outros fatores, pelo lucro reportado pela Tesla em 2019, contra os preju\u00edzos registrados no passado, e a abertura e pleno funcionamento de uma f\u00e1brica em Xangai, na China. Algo que, na vis\u00e3o dos investidores, coloca a Tesla com vantagens de entrar forte no maior mercado do mundo e pode triplicar a produ\u00e7\u00e3o.<\/p>\n<p>Segundo a <em>Bloomberg<\/em>, o lucro por a\u00e7\u00e3o da Tesla foi de US$ 2,14, com uma receita de cerca de US$ 7,4 bilh\u00f5es, enquanto analistas esperavam cerca de US$ 300 milh\u00f5es a menos.<\/p>\n<p><a href=\"https:\/\/www.suno.com.br\/noticias\/tesla-empresa-emitira-ate-us-2-bilhoes-follow-on\/\">Veja tamb\u00e9m: Tesla: Montadora emitir\u00e1 at\u00e9 US$ 2 bilh\u00f5es em follow-on<\/a><\/p>\n<p>Com essas premissas, a empresa de Musk j\u00e1 tem o valor de mercado maior que o da General Motors (GM) e Ford somados. O n\u00famero, contudo, n\u00e3o representa a ordem de grandeza das coisas. Enquanto a GM comercializa cerca de oito milh\u00f5es ve\u00edculos por ano e a Ford seis milh\u00f5es, a Tesla pretende alcan\u00e7ar 500 mil vendas neste ano.<\/p>\n<p>A aposta dos investidores, portanto, est\u00e1 menos nos resultados atuais e sim no futuro a companhia, que aposta na lideran\u00e7a do promissor e inovador setor dos carros el\u00e9tricos.<\/p>\n<p>\u201cCom o excesso de liquidez nos mercados, investidores se d\u00e3o ao luxo de buscar empresas que ainda n\u00e3o geram caixa mais acreditando em um futuro, que ainda n\u00e3o chegou\u201d, disse Alberto Amparo, analista de mercados internacionais da <strong>SUNO<\/strong>\u00a0<strong>Research.<\/strong><\/p>\n<p>Dessa forma, a valoriza\u00e7\u00e3o dos pap\u00e9is, no entanto, ainda esconde problemas que a Tesla precisa enfrentar para que seu carro n\u00e3o perca a corrida nas voltas finais, sendo 2020 a volta mais importante da companhia. O mercado aposta, ent\u00e3o, que em um futuro pr\u00f3ximo, com uma mudan\u00e7a nos paradigmas do consumo de carros, a companhia de Musk largue na frente dessa vez.<\/p>\n<h2>Problemas nas entregas<\/h2>\n<p>Apesar da alta das a\u00e7\u00f5es da Tesla, a empresa enfrenta problemas b\u00e1sicos e que ainda est\u00e3o longe de serem resolvidos. A imagem de que a companhia n\u00e3o consegue entregar seus carros a tempo a acompanha ao menos desde 2010.<\/p>\n<p><a href=\"https:\/\/www.suno.com.br\/noticias\/tesla-fracasso-lancamento-novo-carro\/\">Saiba mais: Tesla: a\u00e7\u00f5es caem ap\u00f3s fracasso em lan\u00e7amento de novo carro<\/a><\/p>\n<p>Tanto os modelos Model S e Model X sofreram com atrasos de anos para o in\u00edcio da produ\u00e7\u00e3o. J\u00e1 o Model 3 sofreu milhares de cancelamentos de pedidos pois n\u00e3o ficou pronto a tempo de atender a demanda.<\/p>\n<p>O fechamento tempor\u00e1rio da f\u00e1brica chinesa, causado pelos temores com o coronav\u00edrus, tamb\u00e9m come\u00e7aram a impactar a produ\u00e7\u00e3o. Mesmo assim, os consumidores ainda parecem dispostos a esperar por um Tesla (enquanto o mercado se pergunta, at\u00e9 quando?).<\/p>\n\t<p>\n\t\t<a href=\"https:\/\/lp2.suno.com.br\/pv\/bolsa-para-iniciantes?utm_campaign=_SNC757A2733_rs.mpr26---meu-primeiro-rendimento---venda---not\u00edcias&#038;utm_source=suno-not\u00edcias&#038;utm_medium=banner.noticias\" target=\"_blank\" data-element=\"shortcode-suno-banner\" title=\"Banner SUNO, clique e saiba mais\">\n\t\t\t<picture>\n\t\t\t\t<source media=\"(max-width: 500px)\" srcset=\"https:\/\/files.sunoresearch.com.br\/n\/uploads\/2026\/04\/400x300-Banner-Materias-01-png.webp\">\n\t\t\t\t<img class=\"newsContent__article__imgCapa newsContent__article__imgCapa--banner\"\n\t\t\t\t\tsrc=\"https:\/\/files.sunoresearch.com.br\/n\/uploads\/2026\/04\/1420x240-Banner-Materias-01-png.webp\"\n\t\t\t\t\tdata-promo-id=\"647482\"\t\t\t\t\t\t\t\t\t\twidth='1420' height='240'\t\t\t\t\talt=\"https:\/\/files.sunoresearch.com.br\/n\/uploads\/2026\/04\/1420x240-Banner-Materias-01-png.webp\"\n\t\t\t\t>\n\t\t\t<\/picture>\n\t\t<\/a>\n\t<\/p>\n\n\n<p>Mesmo antes do lan\u00e7amento oficial, o modelo Cybertruck, um ve\u00edculo grande com design diferenciado, j\u00e1 conta cerca de 200 mil pedidos, o que pode ser um indicativo do futuro da companhia.<\/p>\n<h2>F\u00e1brica da Tesla no Brasil<\/h2>\n<p>Com todo esse \u00edmpeto da companhia, rumores de uma f\u00e1brica da Tesla no Brasil, mais precisamente em Santa Catarina, tomaram conta da internet ap\u00f3s um colunista do site <em>NSC Total<\/em> afirmar que haveria um in\u00edcio de uma negocia\u00e7\u00e3o para atrair uma f\u00e1brica de carros el\u00e9tricos \u00e0 regi\u00e3o.<\/p>\n<p>O <strong>SUNO Not\u00edcias<\/strong> apurou, no entanto, que n\u00e3o h\u00e1 por enquanto nada de concreto. \u201c\u00c9 algo puramente especulativo. De concreto mesmo, n\u00e3o h\u00e1 nada\u201d, disse uma fonte com conhecimentos do setor.<\/p>\n<p>\u201cAl\u00e9m de que, na minha concep\u00e7\u00e3o, n\u00e3o h\u00e1 motivos para a escolha do Brasil por parte da empresa\u201d, afirmou.<\/p>\n<p>A falta de infraestrutura para carros el\u00e9tricos no Brasil, al\u00e9m do custo e da falta de m\u00e3o de obra qualificada no Pa\u00eds tamb\u00e9m pesam contra uma instala\u00e7\u00e3o do parque fabril por aqui. Dessa forma, uma f\u00e1brica da <strong>Tesla<\/strong> no Brasil parece invi\u00e1vel, ao menos por enquanto.<\/p>\n\n","protected":false},"excerpt":{"rendered":"<p>Se o mercado acion\u00e1rio fosse uma corrida, o carro da Tesla (TSLA) poderia ser considerado aquele ve\u00edculo, meio azar\u00e3o, que apostaria tudo para chegar na frente. Come\u00e7aria andando no pelot\u00e3o da frente. Mas, ser\u00e1 que ao fim da corrida, a Tesla continuar\u00e1 em uma das posi\u00e7\u00f5es de lideran\u00e7a? Tesla (TSLA34) O ano de 2020 promete [&hellip;]<\/p>\n","protected":false},"author":27,"featured_media":51971,"comment_status":"closed","ping_status":"closed","sticky":false,"template":"","format":"standard","meta":[],"categories":[64],"tags":[1376,726,727],"suno_strategy":[],"class_list":["post-53786","post","type-post","status-publish","format-standard","has-post-thumbnail","hentry","category-negocios","tag-carros-eletricos","tag-elon-musk","tag-tesla-tsla34"],"yoast_head":"<!-- This site is optimized with the Yoast SEO plugin v24.4 - https:\/\/yoast.com\/wordpress\/plugins\/seo\/ -->\n<title>Tesla em 2020: supervaloriza\u00e7\u00e3o, dificuldades de entrega e at\u00e9 Brasil<\/title>\n<meta name=\"description\" content=\"A Tesla enfrenta grandes pontos em 2020 para se tornar rent\u00e1vel e mercado cogita f\u00e1brica no Brasil. Clique para saber mais.\" \/>\n<meta name=\"robots\" content=\"index, follow, max-snippet:-1, max-image-preview:large, max-video-preview:-1\" \/>\n<link rel=\"canonical\" href=\"https:\/\/www.suno.com.br\/noticias\/tesla-fabrica-brasil\/\" \/>\n<meta property=\"og:locale\" content=\"pt_BR\" \/>\n<meta property=\"og:type\" content=\"article\" \/>\n<meta property=\"og:title\" content=\"Tesla em 2020: supervaloriza\u00e7\u00e3o, dificuldades de entrega e at\u00e9 Brasil\" \/>\n<meta property=\"og:description\" content=\"A Tesla enfrenta grandes pontos em 2020 para se tornar rent\u00e1vel e mercado cogita f\u00e1brica no Brasil. Clique para saber mais.\" \/>\n<meta property=\"og:url\" content=\"https:\/\/www.suno.com.br\/noticias\/tesla-fabrica-brasil\/\" \/>\n<meta property=\"og:site_name\" content=\"Suno Not\u00edcias\" \/>\n<meta property=\"article:publisher\" content=\"https:\/\/facebook.com\/sunoresearch\" \/>\n<meta property=\"og:image\" content=\"https:\/\/files.sunoresearch.com.br\/n\/uploads\/2020\/02\/f991cb4c-whatsapp-image-2020-02-04-at-16.55.57.jpeg\" \/>\n\t<meta property=\"og:image:width\" content=\"1024\" \/>\n\t<meta property=\"og:image:height\" content=\"831\" \/>\n\t<meta property=\"og:image:type\" content=\"image\/jpeg\" \/>\n<meta name=\"author\" content=\"Vinicius Pereira\" \/>\n<meta name=\"twitter:card\" content=\"summary_large_image\" \/>\n<meta name=\"twitter:creator\" content=\"@https:\/\/twitter.com\/viniciuspjornal\" \/>\n<meta name=\"twitter:site\" content=\"@sunoresearch\" \/>\n<meta name=\"twitter:label1\" content=\"Escrito por\" \/>\n\t<meta name=\"twitter:data1\" content=\"Vinicius Pereira\" \/>\n\t<meta name=\"twitter:label2\" content=\"Est. tempo de leitura\" \/>\n\t<meta name=\"twitter:data2\" content=\"4 minutos\" \/>\n<script type=\"application\/ld+json\" class=\"yoast-schema-graph\">{\"@context\":\"https:\/\/schema.org\",\"@graph\":[{\"@type\":\"NewsArticle\",\"@id\":\"https:\/\/www.suno.com.br\/noticias\/tesla-fabrica-brasil\/#article\",\"isPartOf\":{\"@id\":\"https:\/\/www.suno.com.br\/noticias\/tesla-fabrica-brasil\/\"},\"author\":{\"name\":\"Vinicius Pereira\",\"@id\":\"https:\/\/www.suno.com.br\/noticias\/#\/schema\/person\/a20761b96e4df7eb57f1f9e41be1dbf3\"},\"headline\":\"Tesla: supervaloriza\u00e7\u00e3o, problema de entrega e at\u00e9 f\u00e1brica no Brasil\",\"datePublished\":\"2020-02-20T17:17:11+00:00\",\"mainEntityOfPage\":{\"@id\":\"https:\/\/www.suno.com.br\/noticias\/tesla-fabrica-brasil\/\"},\"wordCount\":891,\"publisher\":{\"@id\":\"https:\/\/www.suno.com.br\/noticias\/#organization\"},\"image\":{\"@id\":\"https:\/\/www.suno.com.br\/noticias\/tesla-fabrica-brasil\/#primaryimage\"},\"thumbnailUrl\":\"https:\/\/files.sunoresearch.com.br\/n\/uploads\/2020\/02\/f991cb4c-whatsapp-image-2020-02-04-at-16.55.57-jpeg.webp\",\"keywords\":[\"carros el\u00e9tricos\",\"Elon Musk\",\"Tesla (TSLA34)\"],\"articleSection\":[\"Neg\u00f3cios\"],\"inLanguage\":\"pt-BR\"},{\"@type\":\"WebPage\",\"@id\":\"https:\/\/www.suno.com.br\/noticias\/tesla-fabrica-brasil\/\",\"url\":\"https:\/\/www.suno.com.br\/noticias\/tesla-fabrica-brasil\/\",\"name\":\"Tesla em 2020: supervaloriza\u00e7\u00e3o, dificuldades de entrega e at\u00e9 Brasil\",\"isPartOf\":{\"@id\":\"https:\/\/www.suno.com.br\/noticias\/#website\"},\"primaryImageOfPage\":{\"@id\":\"https:\/\/www.suno.com.br\/noticias\/tesla-fabrica-brasil\/#primaryimage\"},\"image\":{\"@id\":\"https:\/\/www.suno.com.br\/noticias\/tesla-fabrica-brasil\/#primaryimage\"},\"thumbnailUrl\":\"https:\/\/files.sunoresearch.com.br\/n\/uploads\/2020\/02\/f991cb4c-whatsapp-image-2020-02-04-at-16.55.57-jpeg.webp\",\"datePublished\":\"2020-02-20T17:17:11+00:00\",\"description\":\"A Tesla enfrenta grandes pontos em 2020 para se tornar rent\u00e1vel e mercado cogita f\u00e1brica no Brasil. Clique para saber mais.\",\"breadcrumb\":{\"@id\":\"https:\/\/www.suno.com.br\/noticias\/tesla-fabrica-brasil\/#breadcrumb\"},\"inLanguage\":\"pt-BR\",\"potentialAction\":[{\"@type\":\"ReadAction\",\"target\":[\"https:\/\/www.suno.com.br\/noticias\/tesla-fabrica-brasil\/\"]}]},{\"@type\":\"ImageObject\",\"inLanguage\":\"pt-BR\",\"@id\":\"https:\/\/www.suno.com.br\/noticias\/tesla-fabrica-brasil\/#primaryimage\",\"url\":\"https:\/\/files.sunoresearch.com.br\/n\/uploads\/2020\/02\/f991cb4c-whatsapp-image-2020-02-04-at-16.55.57-jpeg.webp\",\"contentUrl\":\"https:\/\/files.sunoresearch.com.br\/n\/uploads\/2020\/02\/f991cb4c-whatsapp-image-2020-02-04-at-16.55.57-jpeg.webp\",\"width\":1024,\"height\":831,\"caption\":\"Tesla (TSLA34)\"},{\"@type\":\"BreadcrumbList\",\"@id\":\"https:\/\/www.suno.com.br\/noticias\/tesla-fabrica-brasil\/#breadcrumb\",\"itemListElement\":[{\"@type\":\"ListItem\",\"position\":1,\"name\":\"Not\u00edcias\",\"item\":\"https:\/\/www.suno.com.br\/noticias\/\"},{\"@type\":\"ListItem\",\"position\":2,\"name\":\"Neg\u00f3cios\",\"item\":\"https:\/\/www.suno.com.br\/noticias\/negocios\/\"},{\"@type\":\"ListItem\",\"position\":3,\"name\":\"Tesla: supervaloriza\u00e7\u00e3o, problema de entrega e at\u00e9 f\u00e1brica no Brasil\"}]},{\"@type\":\"WebSite\",\"@id\":\"https:\/\/www.suno.com.br\/noticias\/#website\",\"url\":\"https:\/\/www.suno.com.br\/noticias\/\",\"name\":\"Suno Not\u00edcias\",\"description\":\"Seu portal de informa\u00e7\u00e3o sobre o mundo dos investimentos\",\"publisher\":{\"@id\":\"https:\/\/www.suno.com.br\/noticias\/#organization\"},\"potentialAction\":[{\"@type\":\"SearchAction\",\"target\":{\"@type\":\"EntryPoint\",\"urlTemplate\":\"https:\/\/www.suno.com.br\/noticias\/?s={search_term_string}\"},\"query-input\":{\"@type\":\"PropertyValueSpecification\",\"valueRequired\":true,\"valueName\":\"search_term_string\"}}],\"inLanguage\":\"pt-BR\"},{\"@type\":\"Organization\",\"@id\":\"https:\/\/www.suno.com.br\/noticias\/#organization\",\"name\":\"Suno Not\u00edcias\",\"url\":\"https:\/\/www.suno.com.br\/noticias\/\",\"logo\":{\"@type\":\"ImageObject\",\"inLanguage\":\"pt-BR\",\"@id\":\"https:\/\/www.suno.com.br\/noticias\/#\/schema\/logo\/image\/\",\"url\":\"https:\/\/files.sunoresearch.com.br\/n\/uploads\/2021\/09\/suno-logo.png\",\"contentUrl\":\"https:\/\/files.sunoresearch.com.br\/n\/uploads\/2021\/09\/suno-logo.png\",\"width\":180,\"height\":180,\"caption\":\"Suno Not\u00edcias\"},\"image\":{\"@id\":\"https:\/\/www.suno.com.br\/noticias\/#\/schema\/logo\/image\/\"},\"sameAs\":[\"https:\/\/facebook.com\/sunoresearch\",\"https:\/\/x.com\/sunoresearch\",\"https:\/\/www.instagram.com\/suno\",\"https:\/\/www.linkedin.com\/company\/suno-research\/\",\"https:\/\/www.youtube.com\/c\/sunoresearch\"]},{\"@type\":\"Person\",\"@id\":\"https:\/\/www.suno.com.br\/noticias\/#\/schema\/person\/a20761b96e4df7eb57f1f9e41be1dbf3\",\"name\":\"Vinicius Pereira\",\"image\":{\"@type\":\"ImageObject\",\"inLanguage\":\"pt-BR\",\"@id\":\"https:\/\/www.suno.com.br\/noticias\/#\/schema\/person\/image\/\",\"url\":\"https:\/\/secure.gravatar.com\/avatar\/783866b933198f5cc4c5d03fcc8b1301?s=96&r=g\",\"contentUrl\":\"https:\/\/secure.gravatar.com\/avatar\/783866b933198f5cc4c5d03fcc8b1301?s=96&r=g\",\"caption\":\"Vinicius Pereira\"},\"description\":\"Vinicius Pereira foi rep\u00f3rter de economia da Folha de S.Paulo, stringer do jornal no Canad\u00e1 e colaborador de VEJA. J\u00e1 escreveu tamb\u00e9m para BBC Brasil, The Intercept Brasil e UOL. Tem MBA em Informa\u00e7\u00f5es Econ\u00f4mico-Financeiras e Mercado de Capitais pela FIA\/B3.\",\"sameAs\":[\"https:\/\/x.com\/https:\/\/twitter.com\/viniciuspjornal\"],\"url\":\"https:\/\/www.suno.com.br\/noticias\/author\/vinicius-pereira\/\"}]}<\/script>\n<!-- \/ Yoast SEO plugin. -->","yoast_head_json":{"title":"Tesla em 2020: supervaloriza\u00e7\u00e3o, dificuldades de entrega e at\u00e9 Brasil","description":"A Tesla enfrenta grandes pontos em 2020 para se tornar rent\u00e1vel e mercado cogita f\u00e1brica no Brasil. Clique para saber mais.","robots":{"index":"index","follow":"follow","max-snippet":"max-snippet:-1","max-image-preview":"max-image-preview:large","max-video-preview":"max-video-preview:-1"},"canonical":"https:\/\/www.suno.com.br\/noticias\/tesla-fabrica-brasil\/","og_locale":"pt_BR","og_type":"article","og_title":"Tesla em 2020: supervaloriza\u00e7\u00e3o, dificuldades de entrega e at\u00e9 Brasil","og_description":"A Tesla enfrenta grandes pontos em 2020 para se tornar rent\u00e1vel e mercado cogita f\u00e1brica no Brasil. Clique para saber mais.","og_url":"https:\/\/www.suno.com.br\/noticias\/tesla-fabrica-brasil\/","og_site_name":"Suno Not\u00edcias","article_publisher":"https:\/\/facebook.com\/sunoresearch","og_image":[{"width":1024,"height":831,"url":"https:\/\/files.sunoresearch.com.br\/n\/uploads\/2020\/02\/f991cb4c-whatsapp-image-2020-02-04-at-16.55.57.jpeg","type":"image\/jpeg"}],"author":"Vinicius Pereira","twitter_card":"summary_large_image","twitter_creator":"@https:\/\/twitter.com\/viniciuspjornal","twitter_site":"@sunoresearch","twitter_misc":{"Escrito por":"Vinicius Pereira","Est. tempo de leitura":"4 minutos"},"schema":{"@context":"https:\/\/schema.org","@graph":[{"@type":"NewsArticle","@id":"https:\/\/www.suno.com.br\/noticias\/tesla-fabrica-brasil\/#article","isPartOf":{"@id":"https:\/\/www.suno.com.br\/noticias\/tesla-fabrica-brasil\/"},"author":{"name":"Vinicius Pereira","@id":"https:\/\/www.suno.com.br\/noticias\/#\/schema\/person\/a20761b96e4df7eb57f1f9e41be1dbf3"},"headline":"Tesla: supervaloriza\u00e7\u00e3o, problema de entrega e at\u00e9 f\u00e1brica no Brasil","datePublished":"2020-02-20T17:17:11+00:00","mainEntityOfPage":{"@id":"https:\/\/www.suno.com.br\/noticias\/tesla-fabrica-brasil\/"},"wordCount":891,"publisher":{"@id":"https:\/\/www.suno.com.br\/noticias\/#organization"},"image":{"@id":"https:\/\/www.suno.com.br\/noticias\/tesla-fabrica-brasil\/#primaryimage"},"thumbnailUrl":"https:\/\/files.sunoresearch.com.br\/n\/uploads\/2020\/02\/f991cb4c-whatsapp-image-2020-02-04-at-16.55.57-jpeg.webp","keywords":["carros el\u00e9tricos","Elon Musk","Tesla (TSLA34)"],"articleSection":["Neg\u00f3cios"],"inLanguage":"pt-BR"},{"@type":"WebPage","@id":"https:\/\/www.suno.com.br\/noticias\/tesla-fabrica-brasil\/","url":"https:\/\/www.suno.com.br\/noticias\/tesla-fabrica-brasil\/","name":"Tesla em 2020: supervaloriza\u00e7\u00e3o, dificuldades de entrega e at\u00e9 Brasil","isPartOf":{"@id":"https:\/\/www.suno.com.br\/noticias\/#website"},"primaryImageOfPage":{"@id":"https:\/\/www.suno.com.br\/noticias\/tesla-fabrica-brasil\/#primaryimage"},"image":{"@id":"https:\/\/www.suno.com.br\/noticias\/tesla-fabrica-brasil\/#primaryimage"},"thumbnailUrl":"https:\/\/files.sunoresearch.com.br\/n\/uploads\/2020\/02\/f991cb4c-whatsapp-image-2020-02-04-at-16.55.57-jpeg.webp","datePublished":"2020-02-20T17:17:11+00:00","description":"A Tesla enfrenta grandes pontos em 2020 para se tornar rent\u00e1vel e mercado cogita f\u00e1brica no Brasil. Clique para saber mais.","breadcrumb":{"@id":"https:\/\/www.suno.com.br\/noticias\/tesla-fabrica-brasil\/#breadcrumb"},"inLanguage":"pt-BR","potentialAction":[{"@type":"ReadAction","target":["https:\/\/www.suno.com.br\/noticias\/tesla-fabrica-brasil\/"]}]},{"@type":"ImageObject","inLanguage":"pt-BR","@id":"https:\/\/www.suno.com.br\/noticias\/tesla-fabrica-brasil\/#primaryimage","url":"https:\/\/files.sunoresearch.com.br\/n\/uploads\/2020\/02\/f991cb4c-whatsapp-image-2020-02-04-at-16.55.57-jpeg.webp","contentUrl":"https:\/\/files.sunoresearch.com.br\/n\/uploads\/2020\/02\/f991cb4c-whatsapp-image-2020-02-04-at-16.55.57-jpeg.webp","width":1024,"height":831,"caption":"Tesla (TSLA34)"},{"@type":"BreadcrumbList","@id":"https:\/\/www.suno.com.br\/noticias\/tesla-fabrica-brasil\/#breadcrumb","itemListElement":[{"@type":"ListItem","position":1,"name":"Not\u00edcias","item":"https:\/\/www.suno.com.br\/noticias\/"},{"@type":"ListItem","position":2,"name":"Neg\u00f3cios","item":"https:\/\/www.suno.com.br\/noticias\/negocios\/"},{"@type":"ListItem","position":3,"name":"Tesla: supervaloriza\u00e7\u00e3o, problema de entrega e at\u00e9 f\u00e1brica no Brasil"}]},{"@type":"WebSite","@id":"https:\/\/www.suno.com.br\/noticias\/#website","url":"https:\/\/www.suno.com.br\/noticias\/","name":"Suno Not\u00edcias","description":"Seu portal de informa\u00e7\u00e3o sobre o mundo dos investimentos","publisher":{"@id":"https:\/\/www.suno.com.br\/noticias\/#organization"},"potentialAction":[{"@type":"SearchAction","target":{"@type":"EntryPoint","urlTemplate":"https:\/\/www.suno.com.br\/noticias\/?s={search_term_string}"},"query-input":{"@type":"PropertyValueSpecification","valueRequired":true,"valueName":"search_term_string"}}],"inLanguage":"pt-BR"},{"@type":"Organization","@id":"https:\/\/www.suno.com.br\/noticias\/#organization","name":"Suno Not\u00edcias","url":"https:\/\/www.suno.com.br\/noticias\/","logo":{"@type":"ImageObject","inLanguage":"pt-BR","@id":"https:\/\/www.suno.com.br\/noticias\/#\/schema\/logo\/image\/","url":"https:\/\/files.sunoresearch.com.br\/n\/uploads\/2021\/09\/suno-logo.png","contentUrl":"https:\/\/files.sunoresearch.com.br\/n\/uploads\/2021\/09\/suno-logo.png","width":180,"height":180,"caption":"Suno Not\u00edcias"},"image":{"@id":"https:\/\/www.suno.com.br\/noticias\/#\/schema\/logo\/image\/"},"sameAs":["https:\/\/facebook.com\/sunoresearch","https:\/\/x.com\/sunoresearch","https:\/\/www.instagram.com\/suno","https:\/\/www.linkedin.com\/company\/suno-research\/","https:\/\/www.youtube.com\/c\/sunoresearch"]},{"@type":"Person","@id":"https:\/\/www.suno.com.br\/noticias\/#\/schema\/person\/a20761b96e4df7eb57f1f9e41be1dbf3","name":"Vinicius Pereira","image":{"@type":"ImageObject","inLanguage":"pt-BR","@id":"https:\/\/www.suno.com.br\/noticias\/#\/schema\/person\/image\/","url":"https:\/\/secure.gravatar.com\/avatar\/783866b933198f5cc4c5d03fcc8b1301?s=96&r=g","contentUrl":"https:\/\/secure.gravatar.com\/avatar\/783866b933198f5cc4c5d03fcc8b1301?s=96&r=g","caption":"Vinicius Pereira"},"description":"Vinicius Pereira foi rep\u00f3rter de economia da Folha de S.Paulo, stringer do jornal no Canad\u00e1 e colaborador de VEJA. J\u00e1 escreveu tamb\u00e9m para BBC Brasil, The Intercept Brasil e UOL. Tem MBA em Informa\u00e7\u00f5es Econ\u00f4mico-Financeiras e Mercado de Capitais pela FIA\/B3.","sameAs":["https:\/\/x.com\/https:\/\/twitter.com\/viniciuspjornal"],"url":"https:\/\/www.suno.com.br\/noticias\/author\/vinicius-pereira\/"}]}},"default_loop_html":"<div class=\"cardsPage__listCard__boxs\"><div class=\"cardsPage__listCard__boxs__img\"><a href=\"https:\/\/www.suno.com.br\/noticias\/tesla-fabrica-brasil\/\"><img class=\"mask\" src=\"https:\/\/www.suno.com.br\/noticias\/wp-content\/themes\/suno\/resources\/images\/spotlight\/spotlight1img\/bg-mask.png\" alt=\"Image Mask\"\/><img src=\"https:\/\/files.sunoresearch.com.br\/n\/uploads\/2020\/02\/f991cb4c-whatsapp-image-2020-02-04-at-16.55.57-400x200.webp\" alt=\"Tesla: supervaloriza\u00e7\u00e3o, problema de entrega e at\u00e9 f\u00e1brica no Brasil\"\/><\/a><span class=\"spotlightCategory\"><a href=\"https:\/\/www.suno.com.br\/noticias\/negocios\/\">Neg\u00f3cios<\/a><\/span><\/div><div class=\"cardsPage__listCard__boxs__content\"><a href=\"https:\/\/www.suno.com.br\/noticias\/tesla-fabrica-brasil\/\"><h2 class=\"content__title\">Tesla: supervaloriza\u00e7\u00e3o, problema de entrega e at\u00e9 f\u00e1brica no Brasil<\/h2><\/a><div class=\"newsContent__article__meta\"><div class=\"newsContent__article__meta__authorBox\"><a href=\"https:\/\/www.suno.com.br\/noticias\/author\/vinicius-pereira\/\" class=\"authorBox__avatar noMobi\"><img src=\"https:\/\/files.sunoresearch.com.br\/n\/uploads\/2020\/08\/77510613-whatsapp-image-2020-08-03-at-13.40.40-150x150.webp\" alt=\"Vinicius Pereira\"><\/a><div class=\"authorBox__name\"><span>por\n\t\t\t<a href=\"https:\/\/www.suno.com.br\/noticias\/author\/vinicius-pereira\/\"><span itemprop=\"author\">Vinicius Pereira<\/span><\/a><\/span><time datetime=\"2020-02-20T14:17:11-03:00\" itemprop=\"datePublished\">20\/02\/2020 14:17<\/time><\/div><\/div><\/div><\/div><\/div>","single_layout":"posts","amp_enabled":true,"_links":{"self":[{"href":"https:\/\/www.suno.com.br\/noticias\/wp-json\/wp\/v2\/posts\/53786"}],"collection":[{"href":"https:\/\/www.suno.com.br\/noticias\/wp-json\/wp\/v2\/posts"}],"about":[{"href":"https:\/\/www.suno.com.br\/noticias\/wp-json\/wp\/v2\/types\/post"}],"author":[{"embeddable":true,"href":"https:\/\/www.suno.com.br\/noticias\/wp-json\/wp\/v2\/users\/27"}],"replies":[{"embeddable":true,"href":"https:\/\/www.suno.com.br\/noticias\/wp-json\/wp\/v2\/comments?post=53786"}],"version-history":[{"count":0,"href":"https:\/\/www.suno.com.br\/noticias\/wp-json\/wp\/v2\/posts\/53786\/revisions"}],"wp:featuredmedia":[{"embeddable":true,"href":"https:\/\/www.suno.com.br\/noticias\/wp-json\/wp\/v2\/media\/51971"}],"wp:attachment":[{"href":"https:\/\/www.suno.com.br\/noticias\/wp-json\/wp\/v2\/media?parent=53786"}],"wp:term":[{"taxonomy":"category","embeddable":true,"href":"https:\/\/www.suno.com.br\/noticias\/wp-json\/wp\/v2\/categories?post=53786"},{"taxonomy":"post_tag","embeddable":true,"href":"https:\/\/www.suno.com.br\/noticias\/wp-json\/wp\/v2\/tags?post=53786"},{"taxonomy":"suno_strategy","embeddable":true,"href":"https:\/\/www.suno.com.br\/noticias\/wp-json\/wp\/v2\/suno_strategy?post=53786"}],"curies":[{"name":"wp","href":"https:\/\/api.w.org\/{rel}","templated":true}]}}