{"id":537571,"date":"2024-03-25T21:49:58","date_gmt":"2024-03-26T00:49:58","guid":{"rendered":"https:\/\/www.suno.com.br\/noticias\/?p=537571"},"modified":"2024-03-25T23:45:01","modified_gmt":"2024-03-26T02:45:01","slug":"fundo-imobiliario-gare11-compra-imoveis-843-milhoes-reais-jvj","status":"publish","type":"post","link":"https:\/\/www.suno.com.br\/noticias\/fundo-imobiliario-gare11-compra-imoveis-843-milhoes-reais-jvj\/","title":{"rendered":"GARE11: fundo imobili\u00e1rio fecha acordo para comprar 21 im\u00f3veis de R$ 843 milh\u00f5es; veja detalhes"},"content":{"rendered":"<p>O fundo imobili\u00e1rio <strong>GARE11<\/strong>, antes conhecido como GALG11, fechou um acordo para a compra de 21 ativos, cujo valor total somado \u00e9 de R$ 843 milh\u00f5es. Os im\u00f3veis contam com uma \u00c1rea Bruta Loc\u00e1vel (ABL) de 140 mil m\u00b2.  A proposta conta com um Memorando de Entendimentos, mas sua conclus\u00e3o ainda est\u00e1 sujeita a tr\u00e2mites operacionais.<\/p>\t<div class=\"wrapper-featured-image\">\n\t\t<figure class=\"spotlightImg\">\n\n\t\t\t<picture>\n\t\t\t\t<source media=\"(max-width: 768px)\" srcset=\"https:\/\/files.sunoresearch.com.br\/n\/uploads\/2023\/07\/fundos-imobiliarios-400x200.jpg\">\n\t\t\t\t<img loading=\"lazy\" decoding=\"async\" class=\"newsContent__article__imgCapa lazyloadDisabled \" src=\"https:\/\/files.sunoresearch.com.br\/n\/uploads\/2023\/07\/fundos-imobiliarios-800x450.jpg\" width=\"800\" height=\"450\" alt=\"GARE11: fundo imobili\u00e1rio fecha acordo para comprar 21 im\u00f3veis de R$ 843 milh\u00f5es; veja detalhes\" fetchpriority=high \/>\n\t\t\t<\/picture>\n\n\t\t\t<figcaption class=\"wp-caption-text wp-caption-text--show\">Fundos imobili\u00e1rios. Foto: Pixabay<\/figcaption>\n\t\t<\/figure>\n\t<\/div>\n\n\n\n\n\n\t<p>\n\t\t<a href=\"https:\/\/lp.suno.com.br\/ebook-como-analisar-uma-acao\/\" target=\"_blank\" data-element=\"shortcode-suno-banner\" title=\"Banner SUNO, clique e saiba mais\">\n\t\t\t<picture>\n\t\t\t\t<source media=\"(max-width: 500px)\" srcset=\"https:\/\/files.sunoresearch.com.br\/n\/uploads\/2023\/12\/Ebook-Acoes-Mobile.jpg\">\n\t\t\t\t<img class=\"newsContent__article__imgCapa newsContent__article__imgCapa--banner\"\n\t\t\t\t\tsrc=\"https:\/\/files.sunoresearch.com.br\/n\/uploads\/2023\/12\/Ebook-Acoes-Desktop.webp\"\n\t\t\t\t\tdata-promo-id=\"311260\"\t\t\t\t\t\t\t\t\t\twidth='1420' height='286'\t\t\t\t\talt=\"https:\/\/files.sunoresearch.com.br\/n\/uploads\/2023\/12\/Ebook-Acoes-Desktop.webp\"\n\t\t\t\t>\n\t\t\t<\/picture>\n\t\t<\/a>\n\t<\/p>\n\n\n\n\n\n<p>Conforme destacado nesta segunda-feira (25), a compra do <strong>fundo imobili\u00e1rio GARE11<\/strong> inclui im\u00f3veis destacados no per\u00edodo de realiza\u00e7\u00e3o da 5\u00aa emiss\u00e3o de cotas do FII, que aconteceu na etapa final do ano passado.<\/p>\n\n\n\n<p>A carteira imobili\u00e1ria conta com 21 ativos, dos quais 20 deles (96%) s\u00e3o destinados ao setor de renda urbana e 1 deles \u00e9 do setor log\u00edstico. Em rela\u00e7\u00e3o ao portf\u00f3lio de im\u00f3veis de renda urbana, 11 s\u00e3o lojas do Grupo P\u00e3o de A\u00e7\u00facar (PCAR3) e 9 s\u00e3o lojas do Grupo Mateus (GMAT3).<\/p>\n\n\n\t<div data-element=\"shortcode-read-more\" class=\"knowMore\">\n\t\t\t\t<span class=\"knowMore__title\">Leia mais<\/span>\n\t\t\t\t<a class=\"knowMore__link\" href=\"https:\/\/www.suno.com.br\/noticias\/fundo-imobiliario-vrta11-lucro-maior-dividendos-jvj\/\">\n\t\t\tVRTA11 tem lucro 19% maior e paga dividendos de 141,83% do CDI; saiba o valor\t\t<\/a>\n\t<\/div>\n\n\n\n\n<p>A maioria das lojas est\u00e1 situada no estado de S\u00e3o Paulo, que representa cerca de 33% do total. Apesar disso, a compra desses im\u00f3veis representaria um acr\u00e9scimo de 7 estados que antes n\u00e3o faziam parte da diversifica\u00e7\u00e3o geogr\u00e1fica da carteira do <strong>FII GARE11<\/strong>.<\/p>\n\n\n\n<p>Todos os contratos de loca\u00e7\u00e3o vigentes sobre esses ativos da proposta s\u00e3o at\u00edpicos. J\u00e1 o prazo de vencimento m\u00e9dio \u00e9 de 19 anos.<\/p>\n\n\n\n<h2 class=\"wp-block-heading\"><a><\/a>Como vai funcionar a compra de ativos do GARE11?<\/h2>\n\n\n\n<p>A compra dos im\u00f3veis ser\u00e1 por meio da aquisi\u00e7\u00e3o de todas as cotas do FII Artemis, que \u00e9 o dono de todos esses ativos. O pre\u00e7o total dos im\u00f3veis leva em conta uma carteira de ativos de renda urbana com um cap rate anual de 8%, enquanto o cap rate do im\u00f3vel de log\u00edstica \u00e9 de 10,0% ao ano, com base no faturamento de aluguel dos contratos vigentes.<\/p>\n\n\n\n<p>De acordo com Gustavo Asdourian, s\u00f3cio fundador da Gestora, a entrada dos ativos na carteira do <strong>fundo GARE11<\/strong> indica uma nova fase do FII.<\/p>\n\n\n\n<p>\u201cEsta nova carteira de im\u00f3veis amplia sensivelmente nossa capacidade de absorver oportunidades de venda de ativos com lucro para o fundo e distribui\u00e7\u00e3o para o cotista. Este ano realizamos uma das opera\u00e7\u00f5es mais rent\u00e1veis do mercado nos \u00faltimos tempos com a venda do Galp\u00e3o da BRF em Salvador, um ativo de R$ 280 milh\u00f5es\u201d, explicou Asdourian.<\/p>\n\n\n\n<p>\u201cAgora teremos excelentes lojas nas principais cidades de atua\u00e7\u00e3o destes varejistas com pre\u00e7os entre R$ 20 e R$ 60 milh\u00f5es. Inclusive j\u00e1 temos proposta avan\u00e7adas para venda de tr\u00eas destas lojas que ingressar\u00e3o no <strong>GARE11<\/strong>, com mais de 20% de lucro. Estamos extremamente atentos a essas oportunidades\u201d, completa.<\/p>\n\n\n\t<p>\n\t\t<a href=\"https:\/\/lp2.suno.com.br\/cl\/black-friday-2025\/?utm_campaign=_SNCDF0E4858_\" target=\"_blank\" data-element=\"shortcode-suno-banner\" title=\"Banner SUNO, clique e saiba mais\">\n\t\t\t<picture>\n\t\t\t\t<source media=\"(max-width: 500px)\" srcset=\"https:\/\/files.sunoresearch.com.br\/n\/uploads\/2025\/10\/Artigos-e-Noticias-Banner-Home-artigos-01-Mobile_-400x300-1-png.webp\">\n\t\t\t\t<img class=\"newsContent__article__imgCapa newsContent__article__imgCapa--banner\"\n\t\t\t\t\tsrc=\"https:\/\/files.sunoresearch.com.br\/n\/uploads\/2025\/10\/Artigos-e-Noticias-Banner-Home-artigos-01-Desktop_-1420x240-1-png.webp\"\n\t\t\t\t\tdata-promo-id=\"311259\"\t\t\t\t\t\t\t\t\t\twidth='1420' height='240'\t\t\t\t\talt=\"https:\/\/files.sunoresearch.com.br\/n\/uploads\/2025\/10\/Artigos-e-Noticias-Banner-Home-artigos-01-Desktop_-1420x240-1-png.webp\"\n\t\t\t\t>\n\t\t\t<\/picture>\n\t\t<\/a>\n\t<\/p>\n\n\n","protected":false},"excerpt":{"rendered":"<p>O fundo imobili\u00e1rio GARE11, antes conhecido como GALG11, fechou um acordo para a compra de 21 ativos, cujo valor total somado \u00e9 de R$ 843 milh\u00f5es. Os im\u00f3veis contam com uma \u00c1rea Bruta Loc\u00e1vel (ABL) de 140 mil m\u00b2. A proposta conta com um Memorando de Entendimentos, mas sua conclus\u00e3o ainda est\u00e1 sujeita a tr\u00e2mites [&hellip;]<\/p>\n","protected":false},"author":173,"featured_media":430843,"comment_status":"closed","ping_status":"closed","sticky":false,"template":"","format":"standard","meta":[],"categories":[64],"tags":[315],"suno_strategy":[],"class_list":["post-537571","post","type-post","status-publish","format-standard","has-post-thumbnail","hentry","category-negocios","tag-fundos-imobiliarios-fiis"],"yoast_head":"<!-- This site is optimized with the Yoast SEO plugin v24.4 - https:\/\/yoast.com\/wordpress\/plugins\/seo\/ -->\n<title>GARE11 fecha acordo para comprar 21 im\u00f3veis de R$ 843 milh\u00f5es<\/title>\n<meta name=\"description\" content=\"O fundo imobili\u00e1rio GARE11 fechou um acordo para comprar 21 im\u00f3veis de R$ 843 milh\u00f5es. Confira detalhes da opera\u00e7\u00e3o.\" \/>\n<meta name=\"robots\" content=\"index, follow, max-snippet:-1, max-image-preview:large, max-video-preview:-1\" \/>\n<link rel=\"canonical\" href=\"https:\/\/www.suno.com.br\/noticias\/fundo-imobiliario-gare11-compra-imoveis-843-milhoes-reais-jvj\/\" \/>\n<meta property=\"og:locale\" content=\"pt_BR\" \/>\n<meta property=\"og:type\" content=\"article\" \/>\n<meta property=\"og:title\" content=\"GARE11 fecha acordo para comprar 21 im\u00f3veis de R$ 843 milh\u00f5es\" \/>\n<meta property=\"og:description\" content=\"O fundo imobili\u00e1rio GARE11 fechou um acordo para comprar 21 im\u00f3veis de R$ 843 milh\u00f5es. Confira detalhes da opera\u00e7\u00e3o.\" \/>\n<meta property=\"og:url\" content=\"https:\/\/www.suno.com.br\/noticias\/fundo-imobiliario-gare11-compra-imoveis-843-milhoes-reais-jvj\/\" \/>\n<meta property=\"og:site_name\" content=\"Suno Not\u00edcias\" \/>\n<meta property=\"article:publisher\" content=\"https:\/\/facebook.com\/sunoresearch\" \/>\n<meta property=\"og:image\" content=\"https:\/\/files.sunoresearch.com.br\/n\/uploads\/2023\/07\/fundos-imobiliarios.jpg\" \/>\n\t<meta property=\"og:image:width\" content=\"1280\" \/>\n\t<meta property=\"og:image:height\" content=\"851\" \/>\n\t<meta property=\"og:image:type\" content=\"image\/jpeg\" \/>\n<meta name=\"author\" content=\"Jo\u00e3o Vitor\" \/>\n<meta name=\"twitter:card\" content=\"summary_large_image\" \/>\n<meta name=\"twitter:creator\" content=\"@sunoresearch\" \/>\n<meta name=\"twitter:site\" content=\"@sunoresearch\" \/>\n<meta name=\"twitter:label1\" content=\"Escrito por\" \/>\n\t<meta name=\"twitter:data1\" content=\"Jo\u00e3o Vitor\" \/>\n\t<meta name=\"twitter:label2\" content=\"Est. tempo de leitura\" \/>\n\t<meta name=\"twitter:data2\" content=\"3 minutos\" \/>\n<script type=\"application\/ld+json\" class=\"yoast-schema-graph\">{\"@context\":\"https:\/\/schema.org\",\"@graph\":[{\"@type\":\"NewsArticle\",\"@id\":\"https:\/\/www.suno.com.br\/noticias\/fundo-imobiliario-gare11-compra-imoveis-843-milhoes-reais-jvj\/#article\",\"isPartOf\":{\"@id\":\"https:\/\/www.suno.com.br\/noticias\/fundo-imobiliario-gare11-compra-imoveis-843-milhoes-reais-jvj\/\"},\"author\":{\"name\":\"Jo\u00e3o Vitor\",\"@id\":\"https:\/\/www.suno.com.br\/noticias\/#\/schema\/person\/87fc6973867c52dd884811905c43afba\"},\"headline\":\"GARE11: fundo imobili\u00e1rio fecha acordo para comprar 21 im\u00f3veis de R$ 843 milh\u00f5es; veja detalhes\",\"datePublished\":\"2024-03-26T00:49:58+00:00\",\"dateModified\":\"2024-03-26T02:45:01+00:00\",\"mainEntityOfPage\":{\"@id\":\"https:\/\/www.suno.com.br\/noticias\/fundo-imobiliario-gare11-compra-imoveis-843-milhoes-reais-jvj\/\"},\"wordCount\":459,\"publisher\":{\"@id\":\"https:\/\/www.suno.com.br\/noticias\/#organization\"},\"image\":{\"@id\":\"https:\/\/www.suno.com.br\/noticias\/fundo-imobiliario-gare11-compra-imoveis-843-milhoes-reais-jvj\/#primaryimage\"},\"thumbnailUrl\":\"https:\/\/files.sunoresearch.com.br\/n\/uploads\/2023\/07\/fundos-imobiliarios.jpg\",\"keywords\":[\"Fundos Imobili\u00e1rios (FIIs)\"],\"articleSection\":[\"Neg\u00f3cios\"],\"inLanguage\":\"pt-BR\"},{\"@type\":\"WebPage\",\"@id\":\"https:\/\/www.suno.com.br\/noticias\/fundo-imobiliario-gare11-compra-imoveis-843-milhoes-reais-jvj\/\",\"url\":\"https:\/\/www.suno.com.br\/noticias\/fundo-imobiliario-gare11-compra-imoveis-843-milhoes-reais-jvj\/\",\"name\":\"GARE11 fecha acordo para comprar 21 im\u00f3veis de R$ 843 milh\u00f5es\",\"isPartOf\":{\"@id\":\"https:\/\/www.suno.com.br\/noticias\/#website\"},\"primaryImageOfPage\":{\"@id\":\"https:\/\/www.suno.com.br\/noticias\/fundo-imobiliario-gare11-compra-imoveis-843-milhoes-reais-jvj\/#primaryimage\"},\"image\":{\"@id\":\"https:\/\/www.suno.com.br\/noticias\/fundo-imobiliario-gare11-compra-imoveis-843-milhoes-reais-jvj\/#primaryimage\"},\"thumbnailUrl\":\"https:\/\/files.sunoresearch.com.br\/n\/uploads\/2023\/07\/fundos-imobiliarios.jpg\",\"datePublished\":\"2024-03-26T00:49:58+00:00\",\"dateModified\":\"2024-03-26T02:45:01+00:00\",\"description\":\"O fundo imobili\u00e1rio GARE11 fechou um acordo para comprar 21 im\u00f3veis de R$ 843 milh\u00f5es. Confira detalhes da opera\u00e7\u00e3o.\",\"breadcrumb\":{\"@id\":\"https:\/\/www.suno.com.br\/noticias\/fundo-imobiliario-gare11-compra-imoveis-843-milhoes-reais-jvj\/#breadcrumb\"},\"inLanguage\":\"pt-BR\",\"potentialAction\":[{\"@type\":\"ReadAction\",\"target\":[\"https:\/\/www.suno.com.br\/noticias\/fundo-imobiliario-gare11-compra-imoveis-843-milhoes-reais-jvj\/\"]}]},{\"@type\":\"ImageObject\",\"inLanguage\":\"pt-BR\",\"@id\":\"https:\/\/www.suno.com.br\/noticias\/fundo-imobiliario-gare11-compra-imoveis-843-milhoes-reais-jvj\/#primaryimage\",\"url\":\"https:\/\/files.sunoresearch.com.br\/n\/uploads\/2023\/07\/fundos-imobiliarios.jpg\",\"contentUrl\":\"https:\/\/files.sunoresearch.com.br\/n\/uploads\/2023\/07\/fundos-imobiliarios.jpg\",\"width\":1280,\"height\":851,\"caption\":\"Fundos imobili\u00e1rios. Foto: Pixabay\"},{\"@type\":\"BreadcrumbList\",\"@id\":\"https:\/\/www.suno.com.br\/noticias\/fundo-imobiliario-gare11-compra-imoveis-843-milhoes-reais-jvj\/#breadcrumb\",\"itemListElement\":[{\"@type\":\"ListItem\",\"position\":1,\"name\":\"Not\u00edcias\",\"item\":\"https:\/\/www.suno.com.br\/noticias\/\"},{\"@type\":\"ListItem\",\"position\":2,\"name\":\"Neg\u00f3cios\",\"item\":\"https:\/\/www.suno.com.br\/noticias\/negocios\/\"},{\"@type\":\"ListItem\",\"position\":3,\"name\":\"GARE11: fundo imobili\u00e1rio fecha acordo para comprar 21 im\u00f3veis de R$ 843 milh\u00f5es; veja detalhes\"}]},{\"@type\":\"WebSite\",\"@id\":\"https:\/\/www.suno.com.br\/noticias\/#website\",\"url\":\"https:\/\/www.suno.com.br\/noticias\/\",\"name\":\"Suno Not\u00edcias\",\"description\":\"Seu portal de informa\u00e7\u00e3o sobre o mundo dos investimentos\",\"publisher\":{\"@id\":\"https:\/\/www.suno.com.br\/noticias\/#organization\"},\"potentialAction\":[{\"@type\":\"SearchAction\",\"target\":{\"@type\":\"EntryPoint\",\"urlTemplate\":\"https:\/\/www.suno.com.br\/noticias\/?s={search_term_string}\"},\"query-input\":{\"@type\":\"PropertyValueSpecification\",\"valueRequired\":true,\"valueName\":\"search_term_string\"}}],\"inLanguage\":\"pt-BR\"},{\"@type\":\"Organization\",\"@id\":\"https:\/\/www.suno.com.br\/noticias\/#organization\",\"name\":\"Suno Not\u00edcias\",\"url\":\"https:\/\/www.suno.com.br\/noticias\/\",\"logo\":{\"@type\":\"ImageObject\",\"inLanguage\":\"pt-BR\",\"@id\":\"https:\/\/www.suno.com.br\/noticias\/#\/schema\/logo\/image\/\",\"url\":\"https:\/\/files.sunoresearch.com.br\/n\/uploads\/2021\/09\/suno-logo.png\",\"contentUrl\":\"https:\/\/files.sunoresearch.com.br\/n\/uploads\/2021\/09\/suno-logo.png\",\"width\":180,\"height\":180,\"caption\":\"Suno Not\u00edcias\"},\"image\":{\"@id\":\"https:\/\/www.suno.com.br\/noticias\/#\/schema\/logo\/image\/\"},\"sameAs\":[\"https:\/\/facebook.com\/sunoresearch\",\"https:\/\/x.com\/sunoresearch\",\"https:\/\/www.instagram.com\/suno\",\"https:\/\/www.linkedin.com\/company\/suno-research\/\",\"https:\/\/www.youtube.com\/c\/sunoresearch\"]},{\"@type\":\"Person\",\"@id\":\"https:\/\/www.suno.com.br\/noticias\/#\/schema\/person\/87fc6973867c52dd884811905c43afba\",\"name\":\"Jo\u00e3o Vitor\",\"image\":{\"@type\":\"ImageObject\",\"inLanguage\":\"pt-BR\",\"@id\":\"https:\/\/www.suno.com.br\/noticias\/#\/schema\/person\/image\/\",\"url\":\"https:\/\/secure.gravatar.com\/avatar\/2843227ca03ccf8cc7ccca45204c127e?s=96&r=g\",\"contentUrl\":\"https:\/\/secure.gravatar.com\/avatar\/2843227ca03ccf8cc7ccca45204c127e?s=96&r=g\",\"caption\":\"Jo\u00e3o Vitor\"},\"description\":\"Redator profissional, com atua\u00e7\u00e3o no mercado editorial na produ\u00e7\u00e3o de not\u00edcias e conte\u00fados sobre o mercado de a\u00e7\u00f5es, fundos imobili\u00e1rios e economia popular. Graduando em Engenharia Qu\u00edmica pela Unesp, tamb\u00e9m j\u00e1 atuou como consultor financeiro.\",\"url\":\"https:\/\/www.suno.com.br\/noticias\/author\/joao-vitor-jacintho\/\"}]}<\/script>\n<!-- \/ Yoast SEO plugin. -->","yoast_head_json":{"title":"GARE11 fecha acordo para comprar 21 im\u00f3veis de R$ 843 milh\u00f5es","description":"O fundo imobili\u00e1rio GARE11 fechou um acordo para comprar 21 im\u00f3veis de R$ 843 milh\u00f5es. Confira detalhes da opera\u00e7\u00e3o.","robots":{"index":"index","follow":"follow","max-snippet":"max-snippet:-1","max-image-preview":"max-image-preview:large","max-video-preview":"max-video-preview:-1"},"canonical":"https:\/\/www.suno.com.br\/noticias\/fundo-imobiliario-gare11-compra-imoveis-843-milhoes-reais-jvj\/","og_locale":"pt_BR","og_type":"article","og_title":"GARE11 fecha acordo para comprar 21 im\u00f3veis de R$ 843 milh\u00f5es","og_description":"O fundo imobili\u00e1rio GARE11 fechou um acordo para comprar 21 im\u00f3veis de R$ 843 milh\u00f5es. Confira detalhes da opera\u00e7\u00e3o.","og_url":"https:\/\/www.suno.com.br\/noticias\/fundo-imobiliario-gare11-compra-imoveis-843-milhoes-reais-jvj\/","og_site_name":"Suno Not\u00edcias","article_publisher":"https:\/\/facebook.com\/sunoresearch","og_image":[{"width":1280,"height":851,"url":"https:\/\/files.sunoresearch.com.br\/n\/uploads\/2023\/07\/fundos-imobiliarios.jpg","type":"image\/jpeg"}],"author":"Jo\u00e3o Vitor","twitter_card":"summary_large_image","twitter_creator":"@sunoresearch","twitter_site":"@sunoresearch","twitter_misc":{"Escrito por":"Jo\u00e3o Vitor","Est. tempo de leitura":"3 minutos"},"schema":{"@context":"https:\/\/schema.org","@graph":[{"@type":"NewsArticle","@id":"https:\/\/www.suno.com.br\/noticias\/fundo-imobiliario-gare11-compra-imoveis-843-milhoes-reais-jvj\/#article","isPartOf":{"@id":"https:\/\/www.suno.com.br\/noticias\/fundo-imobiliario-gare11-compra-imoveis-843-milhoes-reais-jvj\/"},"author":{"name":"Jo\u00e3o Vitor","@id":"https:\/\/www.suno.com.br\/noticias\/#\/schema\/person\/87fc6973867c52dd884811905c43afba"},"headline":"GARE11: fundo imobili\u00e1rio fecha acordo para comprar 21 im\u00f3veis de R$ 843 milh\u00f5es; veja detalhes","datePublished":"2024-03-26T00:49:58+00:00","dateModified":"2024-03-26T02:45:01+00:00","mainEntityOfPage":{"@id":"https:\/\/www.suno.com.br\/noticias\/fundo-imobiliario-gare11-compra-imoveis-843-milhoes-reais-jvj\/"},"wordCount":459,"publisher":{"@id":"https:\/\/www.suno.com.br\/noticias\/#organization"},"image":{"@id":"https:\/\/www.suno.com.br\/noticias\/fundo-imobiliario-gare11-compra-imoveis-843-milhoes-reais-jvj\/#primaryimage"},"thumbnailUrl":"https:\/\/files.sunoresearch.com.br\/n\/uploads\/2023\/07\/fundos-imobiliarios.jpg","keywords":["Fundos Imobili\u00e1rios (FIIs)"],"articleSection":["Neg\u00f3cios"],"inLanguage":"pt-BR"},{"@type":"WebPage","@id":"https:\/\/www.suno.com.br\/noticias\/fundo-imobiliario-gare11-compra-imoveis-843-milhoes-reais-jvj\/","url":"https:\/\/www.suno.com.br\/noticias\/fundo-imobiliario-gare11-compra-imoveis-843-milhoes-reais-jvj\/","name":"GARE11 fecha acordo para comprar 21 im\u00f3veis de R$ 843 milh\u00f5es","isPartOf":{"@id":"https:\/\/www.suno.com.br\/noticias\/#website"},"primaryImageOfPage":{"@id":"https:\/\/www.suno.com.br\/noticias\/fundo-imobiliario-gare11-compra-imoveis-843-milhoes-reais-jvj\/#primaryimage"},"image":{"@id":"https:\/\/www.suno.com.br\/noticias\/fundo-imobiliario-gare11-compra-imoveis-843-milhoes-reais-jvj\/#primaryimage"},"thumbnailUrl":"https:\/\/files.sunoresearch.com.br\/n\/uploads\/2023\/07\/fundos-imobiliarios.jpg","datePublished":"2024-03-26T00:49:58+00:00","dateModified":"2024-03-26T02:45:01+00:00","description":"O fundo imobili\u00e1rio GARE11 fechou um acordo para comprar 21 im\u00f3veis de R$ 843 milh\u00f5es. Confira detalhes da opera\u00e7\u00e3o.","breadcrumb":{"@id":"https:\/\/www.suno.com.br\/noticias\/fundo-imobiliario-gare11-compra-imoveis-843-milhoes-reais-jvj\/#breadcrumb"},"inLanguage":"pt-BR","potentialAction":[{"@type":"ReadAction","target":["https:\/\/www.suno.com.br\/noticias\/fundo-imobiliario-gare11-compra-imoveis-843-milhoes-reais-jvj\/"]}]},{"@type":"ImageObject","inLanguage":"pt-BR","@id":"https:\/\/www.suno.com.br\/noticias\/fundo-imobiliario-gare11-compra-imoveis-843-milhoes-reais-jvj\/#primaryimage","url":"https:\/\/files.sunoresearch.com.br\/n\/uploads\/2023\/07\/fundos-imobiliarios.jpg","contentUrl":"https:\/\/files.sunoresearch.com.br\/n\/uploads\/2023\/07\/fundos-imobiliarios.jpg","width":1280,"height":851,"caption":"Fundos imobili\u00e1rios. Foto: Pixabay"},{"@type":"BreadcrumbList","@id":"https:\/\/www.suno.com.br\/noticias\/fundo-imobiliario-gare11-compra-imoveis-843-milhoes-reais-jvj\/#breadcrumb","itemListElement":[{"@type":"ListItem","position":1,"name":"Not\u00edcias","item":"https:\/\/www.suno.com.br\/noticias\/"},{"@type":"ListItem","position":2,"name":"Neg\u00f3cios","item":"https:\/\/www.suno.com.br\/noticias\/negocios\/"},{"@type":"ListItem","position":3,"name":"GARE11: fundo imobili\u00e1rio fecha acordo para comprar 21 im\u00f3veis de R$ 843 milh\u00f5es; veja detalhes"}]},{"@type":"WebSite","@id":"https:\/\/www.suno.com.br\/noticias\/#website","url":"https:\/\/www.suno.com.br\/noticias\/","name":"Suno Not\u00edcias","description":"Seu portal de informa\u00e7\u00e3o sobre o mundo dos investimentos","publisher":{"@id":"https:\/\/www.suno.com.br\/noticias\/#organization"},"potentialAction":[{"@type":"SearchAction","target":{"@type":"EntryPoint","urlTemplate":"https:\/\/www.suno.com.br\/noticias\/?s={search_term_string}"},"query-input":{"@type":"PropertyValueSpecification","valueRequired":true,"valueName":"search_term_string"}}],"inLanguage":"pt-BR"},{"@type":"Organization","@id":"https:\/\/www.suno.com.br\/noticias\/#organization","name":"Suno Not\u00edcias","url":"https:\/\/www.suno.com.br\/noticias\/","logo":{"@type":"ImageObject","inLanguage":"pt-BR","@id":"https:\/\/www.suno.com.br\/noticias\/#\/schema\/logo\/image\/","url":"https:\/\/files.sunoresearch.com.br\/n\/uploads\/2021\/09\/suno-logo.png","contentUrl":"https:\/\/files.sunoresearch.com.br\/n\/uploads\/2021\/09\/suno-logo.png","width":180,"height":180,"caption":"Suno Not\u00edcias"},"image":{"@id":"https:\/\/www.suno.com.br\/noticias\/#\/schema\/logo\/image\/"},"sameAs":["https:\/\/facebook.com\/sunoresearch","https:\/\/x.com\/sunoresearch","https:\/\/www.instagram.com\/suno","https:\/\/www.linkedin.com\/company\/suno-research\/","https:\/\/www.youtube.com\/c\/sunoresearch"]},{"@type":"Person","@id":"https:\/\/www.suno.com.br\/noticias\/#\/schema\/person\/87fc6973867c52dd884811905c43afba","name":"Jo\u00e3o Vitor","image":{"@type":"ImageObject","inLanguage":"pt-BR","@id":"https:\/\/www.suno.com.br\/noticias\/#\/schema\/person\/image\/","url":"https:\/\/secure.gravatar.com\/avatar\/2843227ca03ccf8cc7ccca45204c127e?s=96&r=g","contentUrl":"https:\/\/secure.gravatar.com\/avatar\/2843227ca03ccf8cc7ccca45204c127e?s=96&r=g","caption":"Jo\u00e3o Vitor"},"description":"Redator profissional, com atua\u00e7\u00e3o no mercado editorial na produ\u00e7\u00e3o de not\u00edcias e conte\u00fados sobre o mercado de a\u00e7\u00f5es, fundos imobili\u00e1rios e economia popular. Graduando em Engenharia Qu\u00edmica pela Unesp, tamb\u00e9m j\u00e1 atuou como consultor financeiro.","url":"https:\/\/www.suno.com.br\/noticias\/author\/joao-vitor-jacintho\/"}]}},"default_loop_html":"<div class=\"cardsPage__listCard__boxs\"><div class=\"cardsPage__listCard__boxs__img\"><a href=\"https:\/\/www.suno.com.br\/noticias\/fundo-imobiliario-gare11-compra-imoveis-843-milhoes-reais-jvj\/\"><img class=\"mask\" src=\"https:\/\/www.suno.com.br\/noticias\/wp-content\/themes\/suno\/resources\/images\/spotlight\/spotlight1img\/bg-mask.png\" alt=\"Image Mask\"\/><img src=\"https:\/\/files.sunoresearch.com.br\/n\/uploads\/2023\/07\/fundos-imobiliarios-400x200.jpg\" alt=\"GARE11: fundo imobili\u00e1rio fecha acordo para comprar 21 im\u00f3veis de R$ 843 milh\u00f5es; veja detalhes\"\/><\/a><span class=\"spotlightCategory\"><a href=\"https:\/\/www.suno.com.br\/noticias\/negocios\/\">Neg\u00f3cios<\/a><\/span><\/div><div class=\"cardsPage__listCard__boxs__content\"><a href=\"https:\/\/www.suno.com.br\/noticias\/fundo-imobiliario-gare11-compra-imoveis-843-milhoes-reais-jvj\/\"><h2 class=\"content__title\">GARE11: fundo imobili\u00e1rio fecha acordo para comprar 21 im\u00f3veis de R$ 843 milh\u00f5es; veja detalhes<\/h2><\/a><div class=\"newsContent__article__meta\"><div class=\"newsContent__article__meta__authorBox\"><a href=\"https:\/\/www.suno.com.br\/noticias\/author\/joao-vitor-jacintho\/\" class=\"authorBox__avatar noMobi\"><img src=\"https:\/\/secure.gravatar.com\/avatar\/2843227ca03ccf8cc7ccca45204c127e?s=96&#038;r=g\" alt=\"Jo\u00e3o Vitor Jacintho\"><\/a><div class=\"authorBox__name\"><span>por\n\t\t\t<a href=\"https:\/\/www.suno.com.br\/noticias\/author\/joao-vitor-jacintho\/\"><span itemprop=\"author\">Jo\u00e3o Vitor Jacintho<\/span><\/a><\/span><time datetime=\"2024-03-25T21:49:58-03:00\" itemprop=\"datePublished\">25\/03\/2024 21:49<\/time><\/div><\/div><\/div><\/div><\/div>","single_layout":"posts","amp_enabled":true,"_links":{"self":[{"href":"https:\/\/www.suno.com.br\/noticias\/wp-json\/wp\/v2\/posts\/537571"}],"collection":[{"href":"https:\/\/www.suno.com.br\/noticias\/wp-json\/wp\/v2\/posts"}],"about":[{"href":"https:\/\/www.suno.com.br\/noticias\/wp-json\/wp\/v2\/types\/post"}],"author":[{"embeddable":true,"href":"https:\/\/www.suno.com.br\/noticias\/wp-json\/wp\/v2\/users\/173"}],"replies":[{"embeddable":true,"href":"https:\/\/www.suno.com.br\/noticias\/wp-json\/wp\/v2\/comments?post=537571"}],"version-history":[{"count":2,"href":"https:\/\/www.suno.com.br\/noticias\/wp-json\/wp\/v2\/posts\/537571\/revisions"}],"predecessor-version":[{"id":537596,"href":"https:\/\/www.suno.com.br\/noticias\/wp-json\/wp\/v2\/posts\/537571\/revisions\/537596"}],"wp:featuredmedia":[{"embeddable":true,"href":"https:\/\/www.suno.com.br\/noticias\/wp-json\/wp\/v2\/media\/430843"}],"wp:attachment":[{"href":"https:\/\/www.suno.com.br\/noticias\/wp-json\/wp\/v2\/media?parent=537571"}],"wp:term":[{"taxonomy":"category","embeddable":true,"href":"https:\/\/www.suno.com.br\/noticias\/wp-json\/wp\/v2\/categories?post=537571"},{"taxonomy":"post_tag","embeddable":true,"href":"https:\/\/www.suno.com.br\/noticias\/wp-json\/wp\/v2\/tags?post=537571"},{"taxonomy":"suno_strategy","embeddable":true,"href":"https:\/\/www.suno.com.br\/noticias\/wp-json\/wp\/v2\/suno_strategy?post=537571"}],"curies":[{"name":"wp","href":"https:\/\/api.w.org\/{rel}","templated":true}]}}