{"id":537507,"date":"2024-03-25T20:44:12","date_gmt":"2024-03-25T23:44:12","guid":{"rendered":"https:\/\/www.suno.com.br\/noticias\/?p=537507"},"modified":"2024-03-25T20:44:18","modified_gmt":"2024-03-25T23:44:18","slug":"shein-vendas-brasil-locais-meta-mm","status":"publish","type":"post","link":"https:\/\/www.suno.com.br\/noticias\/shein-vendas-brasil-locais-meta-mm\/","title":{"rendered":"Shein diz que 55% do faturamento no Brasil vem de vendedores locais; meta \u00e9 de 85% at\u00e9 2026"},"content":{"rendered":"<p>A varejista chinesa <strong>Shein<\/strong> est\u00e1 empenhada em acelerar a nacionaliza\u00e7\u00e3o das opera\u00e7\u00f5es no Brasil como parte de um plano que visa atingir 85% das vendas locais at\u00e9 o final de 2026. At\u00e9 o primeiro trimestre deste ano, a empresa j\u00e1 conquistou um marco significativo, com 55% do seu faturamento total no pa\u00eds, proveniente das vendas realizadas via marketplace apenas no estado de S\u00e3o Paulo. <\/p>\t<div class=\"wrapper-featured-image\">\n\t\t<figure class=\"spotlightImg\">\n\n\t\t\t<picture>\n\t\t\t\t<source media=\"(max-width: 768px)\" srcset=\"https:\/\/files.sunoresearch.com.br\/n\/uploads\/2023\/04\/Shein-400x200.jpg\">\n\t\t\t\t<img loading=\"lazy\" decoding=\"async\" class=\"newsContent__article__imgCapa lazyloadDisabled \" src=\"https:\/\/files.sunoresearch.com.br\/n\/uploads\/2023\/04\/Shein-800x450.jpg\" width=\"800\" height=\"450\" alt=\"Shein diz que 55% do faturamento no Brasil vem de vendedores locais; meta \u00e9 de 85% at\u00e9 2026\" fetchpriority=high \/>\n\t\t\t<\/picture>\n\n\t\t\t<figcaption class=\"wp-caption-text wp-caption-text--show\">Shein. Foto: Divulga\u00e7\u00e3o<\/figcaption>\n\t\t<\/figure>\n\t<\/div>\n\n\n\n\n\n\t<p>\n\t\t<a href=\"https:\/\/lp.suno.com.br\/planilha-da-vida-financeira\/\" target=\"_blank\" data-element=\"shortcode-suno-banner\" title=\"Banner SUNO, clique e saiba mais\">\n\t\t\t<picture>\n\t\t\t\t<source media=\"(max-width: 500px)\" srcset=\"https:\/\/files.sunoresearch.com.br\/n\/uploads\/2023\/04\/400x300-Planilha-vida-financeira-true.png\">\n\t\t\t\t<img class=\"newsContent__article__imgCapa newsContent__article__imgCapa--banner\"\n\t\t\t\t\tsrc=\"https:\/\/files.sunoresearch.com.br\/n\/uploads\/2023\/04\/1420x240-Planilha-vida-financeira-true.png\"\n\t\t\t\t\tdata-promo-id=\"106682\"\t\t\t\t\t\t\t\t\t\twidth='1420' height='240'\t\t\t\t\talt=\"https:\/\/files.sunoresearch.com.br\/n\/uploads\/2023\/04\/1420x240-Planilha-vida-financeira-true.png\"\n\t\t\t\t>\n\t\t\t<\/picture>\n\t\t<\/a>\n\t<\/p>\n\n\n\n\n\n\n\n<p>Enquanto as cifras exatas permanecem em sigilo, a empresa chinesa tem avan\u00e7ado na persuas\u00e3o de produtores, atacadistas e varejistas brasileiros a aderirem \u00e0 <strong>plataforma online da Shein<\/strong>. Esses esfor\u00e7os ocorrem em meio a pol\u00eamicas sobre tributa\u00e7\u00e3o de remessas internacionais, com entidades empresariais brasileiras contestando recentemente a isen\u00e7\u00e3o do Imposto de Importa\u00e7\u00e3o para bens adquiridos em plataformas internacionais de <strong>com\u00e9rcio eletr\u00f4nico<\/strong>.<\/p>\n\n\n\n<p>A empresa, no entanto, demonstrou disposi\u00e7\u00e3o em dialogar com o governo brasileiro, comprometendo-se com a nacionaliza\u00e7\u00e3o das opera\u00e7\u00f5es para lidar com as preocupa\u00e7\u00f5es de varejistas e industriais locais sobre a concorr\u00eancia com produtos importados mais baratos. Raul Jacob, diretor de <strong>marketplace da Shein<\/strong>, em entrevista ao jornal Estado de S. Paulo, enfatizou o compromisso da empresa em oferecer produtos competitivos a pre\u00e7os atrativos no mercado brasileiro.<\/p>\n\n\n\n<p>Se em S\u00e3o Paulo o marketplace faz sucesso, agora, com os olhos voltados para o futuro, Jacob diz que a Shein planeja expandir esse modelo de opera\u00e7\u00e3o para outros estados, incluindo Rio de Janeiro, Minas Gerais, Paran\u00e1, Santa Catarina e Rio Grande do Sul, enquanto continua sua jornada em dire\u00e7\u00e3o \u00e0 completa nacionaliza\u00e7\u00e3o das suas opera\u00e7\u00f5es no pa\u00eds.<\/p>\n\n\n\t<p>\n\t\t<a href=\"https:\/\/lp.suno.com.br\/ebook-como-analisar-uma-acao\/\" target=\"_blank\" data-element=\"shortcode-suno-banner\" title=\"Banner SUNO, clique e saiba mais\">\n\t\t\t<picture>\n\t\t\t\t<source media=\"(max-width: 500px)\" srcset=\"https:\/\/files.sunoresearch.com.br\/n\/uploads\/2023\/03\/Ebook-Acoes-Mobile.jpg\">\n\t\t\t\t<img class=\"newsContent__article__imgCapa newsContent__article__imgCapa--banner\"\n\t\t\t\t\tsrc=\"https:\/\/files.sunoresearch.com.br\/n\/uploads\/2023\/03\/Ebook-Acoes-Desktop.jpg\"\n\t\t\t\t\tdata-promo-id=\"378302\"\t\t\t\t\t\t\t\t\t\twidth='1420' height='286'\t\t\t\t\talt=\"https:\/\/files.sunoresearch.com.br\/n\/uploads\/2023\/03\/Ebook-Acoes-Desktop.jpg\"\n\t\t\t\t>\n\t\t\t<\/picture>\n\t\t<\/a>\n\t<\/p>\n\n\n\n\n\n<h2 class=\"wp-block-heading\">Shein: faturamento chega em R$ 10 bilh\u00f5es, segundo BTG<\/h2>\n\n\n\n<p>De acordo com um relat\u00f3rio do BTG Pactual, divulgado no in\u00edcio deste ano, a Shein registrou um faturamento de R$ 10 bilh\u00f5es em 2023. Essa marca representa uma expans\u00e3o significativa de mais de 40% em compara\u00e7\u00e3o ao ano anterior, quando suas receitas alcan\u00e7aram R$ 7 bilh\u00f5es.<\/p>\n\n\n\n<p>O relat\u00f3rio do BTG Pactual destaca que, com exce\u00e7\u00e3o da Renner (LREN3), cujo faturamento foi de R$ 11,7 bilh\u00f5es, a <strong>Shein<\/strong> superou em n\u00fameros outras empresas importantes do setor. Entre elas, est\u00e3o a <a class=\"suno-keyword\" target=\"_blank\" data-force=\"yes\" data-priority=\"2\" href=\"https:\/\/www.suno.com.br\/acoes\/CEAB3\/\" rel=\"noopener\">C&amp;A (CEAB3)<\/a>, com R$ 6,6 bilh\u00f5es, o <a class=\"suno-keyword\" target=\"_blank\" data-force=\"yes\" data-priority=\"2\" href=\"https:\/\/www.suno.com.br\/acoes\/SOMA3\/\" rel=\"noopener\">Grupo Soma (SOMA3)<\/a>, que inclui marcas como Farm e Animale), com R$ 5,4 bilh\u00f5es, e a <a class=\"suno-keyword\" target=\"_blank\" data-force=\"yes\" data-priority=\"2\" href=\"https:\/\/www.suno.com.br\/acoes\/ARZZ3\/\" rel=\"noopener\">Arezzo (ARZZ3)<\/a>, com R$ 4,8 bilh\u00f5es em receitas.<\/p>\n\n\n\t<p>\n\t\t<a href=\"https:\/\/lp.suno.com.br\/planilha-da-vida-financeira\/\" target=\"_blank\" data-element=\"shortcode-suno-banner\" title=\"Banner SUNO, clique e saiba mais\">\n\t\t\t<picture>\n\t\t\t\t<source media=\"(max-width: 500px)\" srcset=\"https:\/\/files.sunoresearch.com.br\/n\/uploads\/2023\/04\/400x300-Planilha-vida-financeira-true.png\">\n\t\t\t\t<img class=\"newsContent__article__imgCapa newsContent__article__imgCapa--banner\"\n\t\t\t\t\tsrc=\"https:\/\/files.sunoresearch.com.br\/n\/uploads\/2023\/04\/1420x240-Planilha-vida-financeira-true.png\"\n\t\t\t\t\tdata-promo-id=\"383123\"\t\t\t\t\t\t\t\t\t\twidth='1420' height='240'\t\t\t\t\talt=\"https:\/\/files.sunoresearch.com.br\/n\/uploads\/2023\/04\/1420x240-Planilha-vida-financeira-true.png\"\n\t\t\t\t>\n\t\t\t<\/picture>\n\t\t<\/a>\n\t<\/p>\n\n\n","protected":false},"excerpt":{"rendered":"<p>A varejista chinesa Shein est\u00e1 empenhada em acelerar a nacionaliza\u00e7\u00e3o das opera\u00e7\u00f5es no Brasil como parte de um plano que visa atingir 85% das vendas locais at\u00e9 o final de 2026. At\u00e9 o primeiro trimestre deste ano, a empresa j\u00e1 conquistou um marco significativo, com 55% do seu faturamento total no pa\u00eds, proveniente das vendas [&hellip;]<\/p>\n","protected":false},"author":345,"featured_media":393264,"comment_status":"closed","ping_status":"closed","sticky":false,"template":"","format":"standard","meta":[],"categories":[64],"tags":[2073,107140],"suno_strategy":[],"class_list":["post-537507","post","type-post","status-publish","format-standard","has-post-thumbnail","hentry","category-negocios","tag-e-commerce","tag-shein"],"yoast_head":"<!-- This site is optimized with the Yoast SEO plugin v24.4 - https:\/\/yoast.com\/wordpress\/plugins\/seo\/ -->\n<title>Shein: 55% do faturamento no Brasil vem de vendedores locais<\/title>\n<meta name=\"description\" content=\"A chinesa Shein quer acelerar a nacionaliza\u00e7\u00e3o das opera\u00e7\u00f5es no Brasil que visa atingir 85% das vendas locais at\u00e9 o final de 2026\" \/>\n<meta name=\"robots\" content=\"index, follow, max-snippet:-1, max-image-preview:large, max-video-preview:-1\" \/>\n<link rel=\"canonical\" href=\"https:\/\/www.suno.com.br\/noticias\/shein-vendas-brasil-locais-meta-mm\/\" \/>\n<meta property=\"og:locale\" content=\"pt_BR\" \/>\n<meta property=\"og:type\" content=\"article\" \/>\n<meta property=\"og:title\" content=\"Shein: 55% do faturamento no Brasil vem de vendedores locais\" \/>\n<meta property=\"og:description\" content=\"A chinesa Shein quer acelerar a nacionaliza\u00e7\u00e3o das opera\u00e7\u00f5es no Brasil que visa atingir 85% das vendas locais at\u00e9 o final de 2026\" \/>\n<meta property=\"og:url\" content=\"https:\/\/www.suno.com.br\/noticias\/shein-vendas-brasil-locais-meta-mm\/\" \/>\n<meta property=\"og:site_name\" content=\"Suno Not\u00edcias\" \/>\n<meta property=\"article:publisher\" content=\"https:\/\/facebook.com\/sunoresearch\" \/>\n<meta property=\"og:image\" content=\"https:\/\/files.sunoresearch.com.br\/n\/uploads\/2023\/04\/Shein.jpg\" \/>\n\t<meta property=\"og:image:width\" content=\"1500\" \/>\n\t<meta property=\"og:image:height\" content=\"1000\" \/>\n\t<meta property=\"og:image:type\" content=\"image\/jpeg\" \/>\n<meta name=\"author\" content=\"Murilo Melo\" \/>\n<meta name=\"twitter:card\" content=\"summary_large_image\" \/>\n<meta name=\"twitter:creator\" content=\"@sunoresearch\" \/>\n<meta name=\"twitter:site\" content=\"@sunoresearch\" \/>\n<meta name=\"twitter:label1\" content=\"Escrito por\" \/>\n\t<meta name=\"twitter:data1\" content=\"Murilo Melo\" \/>\n\t<meta name=\"twitter:label2\" content=\"Est. tempo de leitura\" \/>\n\t<meta name=\"twitter:data2\" content=\"3 minutos\" \/>\n<script type=\"application\/ld+json\" class=\"yoast-schema-graph\">{\"@context\":\"https:\/\/schema.org\",\"@graph\":[{\"@type\":\"NewsArticle\",\"@id\":\"https:\/\/www.suno.com.br\/noticias\/shein-vendas-brasil-locais-meta-mm\/#article\",\"isPartOf\":{\"@id\":\"https:\/\/www.suno.com.br\/noticias\/shein-vendas-brasil-locais-meta-mm\/\"},\"author\":{\"name\":\"Murilo Melo\",\"@id\":\"https:\/\/www.suno.com.br\/noticias\/#\/schema\/person\/32d4feb215afe4b317d446bb442400dd\"},\"headline\":\"Shein diz que 55% do faturamento no Brasil vem de vendedores locais; meta \u00e9 de 85% at\u00e9 2026\",\"datePublished\":\"2024-03-25T23:44:12+00:00\",\"dateModified\":\"2024-03-25T23:44:18+00:00\",\"mainEntityOfPage\":{\"@id\":\"https:\/\/www.suno.com.br\/noticias\/shein-vendas-brasil-locais-meta-mm\/\"},\"wordCount\":419,\"publisher\":{\"@id\":\"https:\/\/www.suno.com.br\/noticias\/#organization\"},\"image\":{\"@id\":\"https:\/\/www.suno.com.br\/noticias\/shein-vendas-brasil-locais-meta-mm\/#primaryimage\"},\"thumbnailUrl\":\"https:\/\/files.sunoresearch.com.br\/n\/uploads\/2023\/04\/Shein.jpg\",\"keywords\":[\"e-commerce\",\"Shein\"],\"articleSection\":[\"Neg\u00f3cios\"],\"inLanguage\":\"pt-BR\"},{\"@type\":\"WebPage\",\"@id\":\"https:\/\/www.suno.com.br\/noticias\/shein-vendas-brasil-locais-meta-mm\/\",\"url\":\"https:\/\/www.suno.com.br\/noticias\/shein-vendas-brasil-locais-meta-mm\/\",\"name\":\"Shein: 55% do faturamento no Brasil vem de vendedores locais\",\"isPartOf\":{\"@id\":\"https:\/\/www.suno.com.br\/noticias\/#website\"},\"primaryImageOfPage\":{\"@id\":\"https:\/\/www.suno.com.br\/noticias\/shein-vendas-brasil-locais-meta-mm\/#primaryimage\"},\"image\":{\"@id\":\"https:\/\/www.suno.com.br\/noticias\/shein-vendas-brasil-locais-meta-mm\/#primaryimage\"},\"thumbnailUrl\":\"https:\/\/files.sunoresearch.com.br\/n\/uploads\/2023\/04\/Shein.jpg\",\"datePublished\":\"2024-03-25T23:44:12+00:00\",\"dateModified\":\"2024-03-25T23:44:18+00:00\",\"description\":\"A chinesa Shein quer acelerar a nacionaliza\u00e7\u00e3o das opera\u00e7\u00f5es no Brasil que visa atingir 85% das vendas locais at\u00e9 o final de 2026\",\"breadcrumb\":{\"@id\":\"https:\/\/www.suno.com.br\/noticias\/shein-vendas-brasil-locais-meta-mm\/#breadcrumb\"},\"inLanguage\":\"pt-BR\",\"potentialAction\":[{\"@type\":\"ReadAction\",\"target\":[\"https:\/\/www.suno.com.br\/noticias\/shein-vendas-brasil-locais-meta-mm\/\"]}]},{\"@type\":\"ImageObject\",\"inLanguage\":\"pt-BR\",\"@id\":\"https:\/\/www.suno.com.br\/noticias\/shein-vendas-brasil-locais-meta-mm\/#primaryimage\",\"url\":\"https:\/\/files.sunoresearch.com.br\/n\/uploads\/2023\/04\/Shein.jpg\",\"contentUrl\":\"https:\/\/files.sunoresearch.com.br\/n\/uploads\/2023\/04\/Shein.jpg\",\"width\":1500,\"height\":1000,\"caption\":\"Shein. Foto: Divulga\u00e7\u00e3o\"},{\"@type\":\"BreadcrumbList\",\"@id\":\"https:\/\/www.suno.com.br\/noticias\/shein-vendas-brasil-locais-meta-mm\/#breadcrumb\",\"itemListElement\":[{\"@type\":\"ListItem\",\"position\":1,\"name\":\"Not\u00edcias\",\"item\":\"https:\/\/www.suno.com.br\/noticias\/\"},{\"@type\":\"ListItem\",\"position\":2,\"name\":\"Neg\u00f3cios\",\"item\":\"https:\/\/www.suno.com.br\/noticias\/negocios\/\"},{\"@type\":\"ListItem\",\"position\":3,\"name\":\"Shein diz que 55% do faturamento no Brasil vem de vendedores locais; meta \u00e9 de 85% at\u00e9 2026\"}]},{\"@type\":\"WebSite\",\"@id\":\"https:\/\/www.suno.com.br\/noticias\/#website\",\"url\":\"https:\/\/www.suno.com.br\/noticias\/\",\"name\":\"Suno Not\u00edcias\",\"description\":\"Seu portal de informa\u00e7\u00e3o sobre o mundo dos investimentos\",\"publisher\":{\"@id\":\"https:\/\/www.suno.com.br\/noticias\/#organization\"},\"potentialAction\":[{\"@type\":\"SearchAction\",\"target\":{\"@type\":\"EntryPoint\",\"urlTemplate\":\"https:\/\/www.suno.com.br\/noticias\/?s={search_term_string}\"},\"query-input\":{\"@type\":\"PropertyValueSpecification\",\"valueRequired\":true,\"valueName\":\"search_term_string\"}}],\"inLanguage\":\"pt-BR\"},{\"@type\":\"Organization\",\"@id\":\"https:\/\/www.suno.com.br\/noticias\/#organization\",\"name\":\"Suno Not\u00edcias\",\"url\":\"https:\/\/www.suno.com.br\/noticias\/\",\"logo\":{\"@type\":\"ImageObject\",\"inLanguage\":\"pt-BR\",\"@id\":\"https:\/\/www.suno.com.br\/noticias\/#\/schema\/logo\/image\/\",\"url\":\"https:\/\/files.sunoresearch.com.br\/n\/uploads\/2021\/09\/suno-logo.png\",\"contentUrl\":\"https:\/\/files.sunoresearch.com.br\/n\/uploads\/2021\/09\/suno-logo.png\",\"width\":180,\"height\":180,\"caption\":\"Suno Not\u00edcias\"},\"image\":{\"@id\":\"https:\/\/www.suno.com.br\/noticias\/#\/schema\/logo\/image\/\"},\"sameAs\":[\"https:\/\/facebook.com\/sunoresearch\",\"https:\/\/x.com\/sunoresearch\",\"https:\/\/www.instagram.com\/suno\",\"https:\/\/www.linkedin.com\/company\/suno-research\/\",\"https:\/\/www.youtube.com\/c\/sunoresearch\"]},{\"@type\":\"Person\",\"@id\":\"https:\/\/www.suno.com.br\/noticias\/#\/schema\/person\/32d4feb215afe4b317d446bb442400dd\",\"name\":\"Murilo Melo\",\"image\":{\"@type\":\"ImageObject\",\"inLanguage\":\"pt-BR\",\"@id\":\"https:\/\/www.suno.com.br\/noticias\/#\/schema\/person\/image\/\",\"url\":\"https:\/\/secure.gravatar.com\/avatar\/af7a693198b592028493c0e8b0583d4f?s=96&r=g\",\"contentUrl\":\"https:\/\/secure.gravatar.com\/avatar\/af7a693198b592028493c0e8b0583d4f?s=96&r=g\",\"caption\":\"Murilo Melo\"},\"description\":\"\u00c9 um jornalista e letr\u00f3logo com vasta experi\u00eancia em economia, finan\u00e7as e mercado. J\u00e1 foi rep\u00f3rter de jornais, revistas e sites noticiosos como A Tarde, Correio e Folha de S.Paulo. No Suno Not\u00edcias, escreve sobre neg\u00f3cios\",\"url\":\"https:\/\/www.suno.com.br\/noticias\/author\/murilomelo-jornalismogmail-com\/\"}]}<\/script>\n<!-- \/ Yoast SEO plugin. -->","yoast_head_json":{"title":"Shein: 55% do faturamento no Brasil vem de vendedores locais","description":"A chinesa Shein quer acelerar a nacionaliza\u00e7\u00e3o das opera\u00e7\u00f5es no Brasil que visa atingir 85% das vendas locais at\u00e9 o final de 2026","robots":{"index":"index","follow":"follow","max-snippet":"max-snippet:-1","max-image-preview":"max-image-preview:large","max-video-preview":"max-video-preview:-1"},"canonical":"https:\/\/www.suno.com.br\/noticias\/shein-vendas-brasil-locais-meta-mm\/","og_locale":"pt_BR","og_type":"article","og_title":"Shein: 55% do faturamento no Brasil vem de vendedores locais","og_description":"A chinesa Shein quer acelerar a nacionaliza\u00e7\u00e3o das opera\u00e7\u00f5es no Brasil que visa atingir 85% das vendas locais at\u00e9 o final de 2026","og_url":"https:\/\/www.suno.com.br\/noticias\/shein-vendas-brasil-locais-meta-mm\/","og_site_name":"Suno Not\u00edcias","article_publisher":"https:\/\/facebook.com\/sunoresearch","og_image":[{"width":1500,"height":1000,"url":"https:\/\/files.sunoresearch.com.br\/n\/uploads\/2023\/04\/Shein.jpg","type":"image\/jpeg"}],"author":"Murilo Melo","twitter_card":"summary_large_image","twitter_creator":"@sunoresearch","twitter_site":"@sunoresearch","twitter_misc":{"Escrito por":"Murilo Melo","Est. tempo de leitura":"3 minutos"},"schema":{"@context":"https:\/\/schema.org","@graph":[{"@type":"NewsArticle","@id":"https:\/\/www.suno.com.br\/noticias\/shein-vendas-brasil-locais-meta-mm\/#article","isPartOf":{"@id":"https:\/\/www.suno.com.br\/noticias\/shein-vendas-brasil-locais-meta-mm\/"},"author":{"name":"Murilo Melo","@id":"https:\/\/www.suno.com.br\/noticias\/#\/schema\/person\/32d4feb215afe4b317d446bb442400dd"},"headline":"Shein diz que 55% do faturamento no Brasil vem de vendedores locais; meta \u00e9 de 85% at\u00e9 2026","datePublished":"2024-03-25T23:44:12+00:00","dateModified":"2024-03-25T23:44:18+00:00","mainEntityOfPage":{"@id":"https:\/\/www.suno.com.br\/noticias\/shein-vendas-brasil-locais-meta-mm\/"},"wordCount":419,"publisher":{"@id":"https:\/\/www.suno.com.br\/noticias\/#organization"},"image":{"@id":"https:\/\/www.suno.com.br\/noticias\/shein-vendas-brasil-locais-meta-mm\/#primaryimage"},"thumbnailUrl":"https:\/\/files.sunoresearch.com.br\/n\/uploads\/2023\/04\/Shein.jpg","keywords":["e-commerce","Shein"],"articleSection":["Neg\u00f3cios"],"inLanguage":"pt-BR"},{"@type":"WebPage","@id":"https:\/\/www.suno.com.br\/noticias\/shein-vendas-brasil-locais-meta-mm\/","url":"https:\/\/www.suno.com.br\/noticias\/shein-vendas-brasil-locais-meta-mm\/","name":"Shein: 55% do faturamento no Brasil vem de vendedores locais","isPartOf":{"@id":"https:\/\/www.suno.com.br\/noticias\/#website"},"primaryImageOfPage":{"@id":"https:\/\/www.suno.com.br\/noticias\/shein-vendas-brasil-locais-meta-mm\/#primaryimage"},"image":{"@id":"https:\/\/www.suno.com.br\/noticias\/shein-vendas-brasil-locais-meta-mm\/#primaryimage"},"thumbnailUrl":"https:\/\/files.sunoresearch.com.br\/n\/uploads\/2023\/04\/Shein.jpg","datePublished":"2024-03-25T23:44:12+00:00","dateModified":"2024-03-25T23:44:18+00:00","description":"A chinesa Shein quer acelerar a nacionaliza\u00e7\u00e3o das opera\u00e7\u00f5es no Brasil que visa atingir 85% das vendas locais at\u00e9 o final de 2026","breadcrumb":{"@id":"https:\/\/www.suno.com.br\/noticias\/shein-vendas-brasil-locais-meta-mm\/#breadcrumb"},"inLanguage":"pt-BR","potentialAction":[{"@type":"ReadAction","target":["https:\/\/www.suno.com.br\/noticias\/shein-vendas-brasil-locais-meta-mm\/"]}]},{"@type":"ImageObject","inLanguage":"pt-BR","@id":"https:\/\/www.suno.com.br\/noticias\/shein-vendas-brasil-locais-meta-mm\/#primaryimage","url":"https:\/\/files.sunoresearch.com.br\/n\/uploads\/2023\/04\/Shein.jpg","contentUrl":"https:\/\/files.sunoresearch.com.br\/n\/uploads\/2023\/04\/Shein.jpg","width":1500,"height":1000,"caption":"Shein. Foto: Divulga\u00e7\u00e3o"},{"@type":"BreadcrumbList","@id":"https:\/\/www.suno.com.br\/noticias\/shein-vendas-brasil-locais-meta-mm\/#breadcrumb","itemListElement":[{"@type":"ListItem","position":1,"name":"Not\u00edcias","item":"https:\/\/www.suno.com.br\/noticias\/"},{"@type":"ListItem","position":2,"name":"Neg\u00f3cios","item":"https:\/\/www.suno.com.br\/noticias\/negocios\/"},{"@type":"ListItem","position":3,"name":"Shein diz que 55% do faturamento no Brasil vem de vendedores locais; meta \u00e9 de 85% at\u00e9 2026"}]},{"@type":"WebSite","@id":"https:\/\/www.suno.com.br\/noticias\/#website","url":"https:\/\/www.suno.com.br\/noticias\/","name":"Suno Not\u00edcias","description":"Seu portal de informa\u00e7\u00e3o sobre o mundo dos investimentos","publisher":{"@id":"https:\/\/www.suno.com.br\/noticias\/#organization"},"potentialAction":[{"@type":"SearchAction","target":{"@type":"EntryPoint","urlTemplate":"https:\/\/www.suno.com.br\/noticias\/?s={search_term_string}"},"query-input":{"@type":"PropertyValueSpecification","valueRequired":true,"valueName":"search_term_string"}}],"inLanguage":"pt-BR"},{"@type":"Organization","@id":"https:\/\/www.suno.com.br\/noticias\/#organization","name":"Suno Not\u00edcias","url":"https:\/\/www.suno.com.br\/noticias\/","logo":{"@type":"ImageObject","inLanguage":"pt-BR","@id":"https:\/\/www.suno.com.br\/noticias\/#\/schema\/logo\/image\/","url":"https:\/\/files.sunoresearch.com.br\/n\/uploads\/2021\/09\/suno-logo.png","contentUrl":"https:\/\/files.sunoresearch.com.br\/n\/uploads\/2021\/09\/suno-logo.png","width":180,"height":180,"caption":"Suno Not\u00edcias"},"image":{"@id":"https:\/\/www.suno.com.br\/noticias\/#\/schema\/logo\/image\/"},"sameAs":["https:\/\/facebook.com\/sunoresearch","https:\/\/x.com\/sunoresearch","https:\/\/www.instagram.com\/suno","https:\/\/www.linkedin.com\/company\/suno-research\/","https:\/\/www.youtube.com\/c\/sunoresearch"]},{"@type":"Person","@id":"https:\/\/www.suno.com.br\/noticias\/#\/schema\/person\/32d4feb215afe4b317d446bb442400dd","name":"Murilo Melo","image":{"@type":"ImageObject","inLanguage":"pt-BR","@id":"https:\/\/www.suno.com.br\/noticias\/#\/schema\/person\/image\/","url":"https:\/\/secure.gravatar.com\/avatar\/af7a693198b592028493c0e8b0583d4f?s=96&r=g","contentUrl":"https:\/\/secure.gravatar.com\/avatar\/af7a693198b592028493c0e8b0583d4f?s=96&r=g","caption":"Murilo Melo"},"description":"\u00c9 um jornalista e letr\u00f3logo com vasta experi\u00eancia em economia, finan\u00e7as e mercado. J\u00e1 foi rep\u00f3rter de jornais, revistas e sites noticiosos como A Tarde, Correio e Folha de S.Paulo. No Suno Not\u00edcias, escreve sobre neg\u00f3cios","url":"https:\/\/www.suno.com.br\/noticias\/author\/murilomelo-jornalismogmail-com\/"}]}},"default_loop_html":"<div class=\"cardsPage__listCard__boxs\"><div class=\"cardsPage__listCard__boxs__img\"><a href=\"https:\/\/www.suno.com.br\/noticias\/shein-vendas-brasil-locais-meta-mm\/\"><img class=\"mask\" src=\"https:\/\/www.suno.com.br\/noticias\/wp-content\/themes\/suno\/resources\/images\/spotlight\/spotlight1img\/bg-mask.png\" alt=\"Image Mask\"\/><img src=\"https:\/\/files.sunoresearch.com.br\/n\/uploads\/2023\/04\/Shein-400x200.jpg\" alt=\"Shein diz que 55% do faturamento no Brasil vem de vendedores locais; meta \u00e9 de 85% at\u00e9 2026\"\/><\/a><span class=\"spotlightCategory\"><a href=\"https:\/\/www.suno.com.br\/noticias\/negocios\/\">Neg\u00f3cios<\/a><\/span><\/div><div class=\"cardsPage__listCard__boxs__content\"><a href=\"https:\/\/www.suno.com.br\/noticias\/shein-vendas-brasil-locais-meta-mm\/\"><h2 class=\"content__title\">Shein diz que 55% do faturamento no Brasil vem de vendedores locais; meta \u00e9 de 85% at\u00e9 2026<\/h2><\/a><div class=\"newsContent__article__meta\"><div class=\"newsContent__article__meta__authorBox\"><a href=\"https:\/\/www.suno.com.br\/noticias\/author\/murilomelo-jornalismogmail-com\/\" class=\"authorBox__avatar noMobi\"><img src=\"https:\/\/files.sunoresearch.com.br\/n\/uploads\/2024\/02\/Murilo_Melo_Jornalista-e1708476456132-150x150.jpeg\" alt=\"Murilo Melo\"><\/a><div class=\"authorBox__name\"><span>por\n\t\t\t<a href=\"https:\/\/www.suno.com.br\/noticias\/author\/murilomelo-jornalismogmail-com\/\"><span itemprop=\"author\">Murilo Melo<\/span><\/a><\/span><time datetime=\"2024-03-25T20:44:12-03:00\" itemprop=\"datePublished\">25\/03\/2024 20:44<\/time><\/div><\/div><\/div><\/div><\/div>","single_layout":"posts","amp_enabled":true,"_links":{"self":[{"href":"https:\/\/www.suno.com.br\/noticias\/wp-json\/wp\/v2\/posts\/537507"}],"collection":[{"href":"https:\/\/www.suno.com.br\/noticias\/wp-json\/wp\/v2\/posts"}],"about":[{"href":"https:\/\/www.suno.com.br\/noticias\/wp-json\/wp\/v2\/types\/post"}],"author":[{"embeddable":true,"href":"https:\/\/www.suno.com.br\/noticias\/wp-json\/wp\/v2\/users\/345"}],"replies":[{"embeddable":true,"href":"https:\/\/www.suno.com.br\/noticias\/wp-json\/wp\/v2\/comments?post=537507"}],"version-history":[{"count":2,"href":"https:\/\/www.suno.com.br\/noticias\/wp-json\/wp\/v2\/posts\/537507\/revisions"}],"predecessor-version":[{"id":537555,"href":"https:\/\/www.suno.com.br\/noticias\/wp-json\/wp\/v2\/posts\/537507\/revisions\/537555"}],"wp:featuredmedia":[{"embeddable":true,"href":"https:\/\/www.suno.com.br\/noticias\/wp-json\/wp\/v2\/media\/393264"}],"wp:attachment":[{"href":"https:\/\/www.suno.com.br\/noticias\/wp-json\/wp\/v2\/media?parent=537507"}],"wp:term":[{"taxonomy":"category","embeddable":true,"href":"https:\/\/www.suno.com.br\/noticias\/wp-json\/wp\/v2\/categories?post=537507"},{"taxonomy":"post_tag","embeddable":true,"href":"https:\/\/www.suno.com.br\/noticias\/wp-json\/wp\/v2\/tags?post=537507"},{"taxonomy":"suno_strategy","embeddable":true,"href":"https:\/\/www.suno.com.br\/noticias\/wp-json\/wp\/v2\/suno_strategy?post=537507"}],"curies":[{"name":"wp","href":"https:\/\/api.w.org\/{rel}","templated":true}]}}