{"id":537194,"date":"2024-03-25T10:39:36","date_gmt":"2024-03-25T13:39:36","guid":{"rendered":"https:\/\/www.suno.com.br\/noticias\/?p=537194"},"modified":"2024-03-25T10:39:42","modified_gmt":"2024-03-25T13:39:42","slug":"dolar-queda-minerio-ferro-treasuries-cpf","status":"publish","type":"post","link":"https:\/\/www.suno.com.br\/noticias\/dolar-queda-minerio-ferro-treasuries-cpf\/","title":{"rendered":"D\u00f3lar abre em queda, com alta do min\u00e9rio e valoriza\u00e7\u00e3o dos Treasuries"},"content":{"rendered":"<p>O <strong>d\u00f3lar <\/strong>come\u00e7a esta semana operando em baixa moderada, em semana de forma\u00e7\u00e3o da taxa Ptax do fim de mar\u00e7o, na quinta-feira (28).<\/p>\t<div class=\"wrapper-featured-image\">\n\t\t<figure class=\"spotlightImg\">\n\n\t\t\t<picture>\n\t\t\t\t<source media=\"(max-width: 768px)\" srcset=\"https:\/\/files.sunoresearch.com.br\/n\/uploads\/2024\/03\/cedula-de-dolar-usd-400x200.jpg\">\n\t\t\t\t<img loading=\"lazy\" decoding=\"async\" class=\"newsContent__article__imgCapa lazyloadDisabled \" src=\"https:\/\/files.sunoresearch.com.br\/n\/uploads\/2024\/03\/cedula-de-dolar-usd-800x450.jpg\" width=\"800\" height=\"450\" alt=\"D\u00f3lar abre em queda, com alta do min\u00e9rio e valoriza\u00e7\u00e3o dos Treasuries\" fetchpriority=high \/>\n\t\t\t<\/picture>\n\n\t\t\t<figcaption class=\"wp-caption-text wp-caption-text--show\">D\u00f3lar - Foto: Unsplash<\/figcaption>\n\t\t<\/figure>\n\t<\/div>\n\n\n\n\n\n\t<p>\n\t\t<a href=\"https:\/\/lp.suno.com.br\/ebook-como-analisar-uma-acao\/\" target=\"_blank\" data-element=\"shortcode-suno-banner\" title=\"Banner SUNO, clique e saiba mais\">\n\t\t\t<picture>\n\t\t\t\t<source media=\"(max-width: 500px)\" srcset=\"https:\/\/files.sunoresearch.com.br\/n\/uploads\/2023\/03\/Ebook-Acoes-Mobile.jpg\">\n\t\t\t\t<img class=\"newsContent__article__imgCapa newsContent__article__imgCapa--banner\"\n\t\t\t\t\tsrc=\"https:\/\/files.sunoresearch.com.br\/n\/uploads\/2023\/03\/Ebook-Acoes-Desktop.jpg\"\n\t\t\t\t\tdata-promo-id=\"378302\"\t\t\t\t\t\t\t\t\t\twidth='1420' height='286'\t\t\t\t\talt=\"https:\/\/files.sunoresearch.com.br\/n\/uploads\/2023\/03\/Ebook-Acoes-Desktop.jpg\"\n\t\t\t\t>\n\t\t\t<\/picture>\n\t\t<\/a>\n\t<\/p>\n\n\n\n\n\n<p>Na manh\u00e3 desta segunda-feira (25), o <strong>c\u00e2mbio do d\u00f3lar<\/strong> se alinha \u00e0 tend\u00eancia externa em meio \u00e0 alta leve do min\u00e9rio na China e dos pre\u00e7os do petr\u00f3leo. <\/p>\n\n\n\n<p>A valoriza\u00e7\u00e3o dos rendimentos dos Treasuries \u00e9 contraponto para a <strong>cota\u00e7\u00e3o do d\u00f3lar<\/strong>.<\/p>\n\n\n\n<h2 class=\"wp-block-heading\">Agenda da semana: dados Brasil e EUA<\/h2>\n\n\n\n<p>Investidores aguardam discursos de dois dirigentes do<strong> Federal Reserve<\/strong> (Fed, o banco central norte-americano) e novos dados nesta segunda-feira, antes da publica\u00e7\u00e3o do <strong>PIB dos Estados Unidos<\/strong> do quarto trimestre, na quinta (28).<\/p>\n\n\n\n<p>Na sexta-feira (29), ser\u00e1 divulgada a infla\u00e7\u00e3o PCE e haver\u00e1 discurso do presidente do Fed,<strong> Jerome Powell<\/strong>. <\/p>\n\n\n\n<p>Os mercados fecham no Brasil, Estados Unidos e Europa por conta do feriado de Sexta-feira Santa. <\/p>\n\n\n\n<p>Por enquanto, o mercado opera sob a premissa de que o Fed continua planejando cortar seus juros tr\u00eas vezes este ano.<\/p>\n\n\n\n<p>No radar local est\u00e3o a ata do Copom e o IPCA-15, amanh\u00e3, e o Relat\u00f3rio de Infla\u00e7\u00e3o do primeiro trimestre, na quinta-feira.<\/p>\n\n\n\n<p>Os investidores aguardam mais explica\u00e7\u00f5es na ata sobre as mudan\u00e7as em sua comunica\u00e7\u00e3o, sobretudo a retirada do plural no &#8220;<a class=\"suno-keyword\" target=\"_blank\" data-force=\"no\" data-priority=\"1\" href=\"https:\/\/www.suno.com.br\/artigos\/forward-guidance\/\" rel=\"noopener\">forward guidance<\/a>&#8220;, levantando discuss\u00f5es no mercado sobre o poss\u00edvel momento da redu\u00e7\u00e3o do ritmo de cortes da <strong>Selic <\/strong>e principalmente sobre a taxa terminal do juro b\u00e1sico, a Selic. Para o IPCA-15, \u00e9 esperada desacelera\u00e7\u00e3o.<\/p>\n\n\n\n<p>Mais cedo, a Funda\u00e7\u00e3o Getulio Vargas (FGV) informou que o IPC-S arrefeceu a 0,22% na terceira quadrissemana de mar\u00e7o, ap\u00f3s alta de 0,38% na segunda leitura. Com o resultado, o \u00edndice acumula alta de 3,05% em 12 meses, ante 3,21% na leitura anterior.<\/p>\n\n\n\n<p>O \u00cdndice Nacional de Custo da Constru\u00e7\u00e3o (INCC-M) acelerou a 0,24% em mar\u00e7o, ante alta de 0,20% em fevereiro. Com o resultado, o indicador acumula valoriza\u00e7\u00e3o de 3,29% em 12 meses. E o <a class=\"suno-keyword\" target=\"_blank\" data-force=\"no\" data-priority=\"1\" href=\"https:\/\/www.suno.com.br\/artigos\/indice-de-confianca\/\" rel=\"noopener\">\u00cdndice de Confian\u00e7a<\/a> da Constru\u00e7\u00e3o (ICST) caiu 1,0 ponto em mar\u00e7o, para 96,6 pontos. Em m\u00e9dias m\u00f3veis trimestrais, o ICST variou 0,2 ponto.<\/p>\n\n\n\t<p>\n\t\t<a href=\"https:\/\/lp.suno.com.br\/ebook-gratuito-investindo-no-exterior\/\" target=\"_blank\" data-element=\"shortcode-suno-banner\" title=\"Banner SUNO, clique e saiba mais\">\n\t\t\t<picture>\n\t\t\t\t<source media=\"(max-width: 500px)\" srcset=\"https:\/\/files.sunoresearch.com.br\/n\/uploads\/2023\/03\/400x300-Investindo-no-exterior.png\">\n\t\t\t\t<img class=\"newsContent__article__imgCapa newsContent__article__imgCapa--banner\"\n\t\t\t\t\tsrc=\"https:\/\/files.sunoresearch.com.br\/n\/uploads\/2023\/03\/1420x240-Investindo-no-exterior.png\"\n\t\t\t\t\tdata-promo-id=\"383161\"\t\t\t\t\t\t\t\t\t\twidth='1420' height='240'\t\t\t\t\talt=\"https:\/\/files.sunoresearch.com.br\/n\/uploads\/2023\/03\/1420x240-Investindo-no-exterior.png\"\n\t\t\t\t>\n\t\t\t<\/picture>\n\t\t<\/a>\n\t<\/p>\n\n\n\n\n\n<h2 class=\"wp-block-heading\">Juros na Europa e cota\u00e7\u00e3o do d\u00f3lar hoje<\/h2>\n\n\n\n<p>Na Europa, o<strong> Banco Central Europeu <\/strong>(BCE) est\u00e1 se movendo em dire\u00e7\u00e3o a um corte na taxa de juros, j\u00e1 que a infla\u00e7\u00e3o est\u00e1 caindo rapidamente e se aproximando da meta de 2%, afirmou o dirigente da institui\u00e7\u00e3o e presidente do BC da It\u00e1lia, Fabio Panetta. &#8220;O consenso que est\u00e1 surgindo &#8211; especialmente nas \u00faltimas semanas &#8211; dentro do conselho do BCE aponta nessa dire\u00e7\u00e3o&#8221;, disse Panetta, nesta segunda-feira, durante um evento em Roma, segundo a Reuters.<\/p>\n\n\n\n<p>\u00c0s 9h37, o <strong>d\u00f3lar \u00e0 vista<\/strong> ca\u00eda 0,13%, a R$ 4,9919. <\/p>\n\n\n\n<p>O <strong>d\u00f3lar <\/strong>para abril cedia 0,24%, a R$ 4,9920. <\/p>\n\n\n\n<p>Em Nova York, o juro da T-note 2 anos subia a 4,610% (ante 4,598% no fim da tarde de sexta-feira) e o da T-Note 10 anos, a 4,224% (ante 4,212%).<\/p>\n\n\n\n<p><em>Com informa\u00e7\u00f5es de Estad\u00e3o Conte\u00fado.<\/em><\/p>\n\n\n\n\n\t<p>\n\t\t<a href=\"https:\/\/lp.suno.com.br\/planilha-da-vida-financeira\/\" target=\"_blank\" data-element=\"shortcode-suno-banner\" title=\"Banner SUNO, clique e saiba mais\">\n\t\t\t<picture>\n\t\t\t\t<source media=\"(max-width: 500px)\" srcset=\"https:\/\/files.sunoresearch.com.br\/n\/uploads\/2023\/04\/400x300-Planilha-vida-financeira-true.png\">\n\t\t\t\t<img class=\"newsContent__article__imgCapa newsContent__article__imgCapa--banner\"\n\t\t\t\t\tsrc=\"https:\/\/files.sunoresearch.com.br\/n\/uploads\/2023\/04\/1420x240-Planilha-vida-financeira-true.png\"\n\t\t\t\t\tdata-promo-id=\"383123\"\t\t\t\t\t\t\t\t\t\twidth='1420' height='240'\t\t\t\t\talt=\"https:\/\/files.sunoresearch.com.br\/n\/uploads\/2023\/04\/1420x240-Planilha-vida-financeira-true.png\"\n\t\t\t\t>\n\t\t\t<\/picture>\n\t\t<\/a>\n\t<\/p>\n\n\n","protected":false},"excerpt":{"rendered":"<p>O d\u00f3lar come\u00e7a esta semana operando em baixa moderada, em semana de forma\u00e7\u00e3o da taxa Ptax do fim de mar\u00e7o, na quinta-feira (28). D\u00f3lar &#8211; Foto: Unsplash Na manh\u00e3 desta segunda-feira (25), o c\u00e2mbio do d\u00f3lar se alinha \u00e0 tend\u00eancia externa em meio \u00e0 alta leve do min\u00e9rio na China e dos pre\u00e7os do petr\u00f3leo. [&hellip;]<\/p>\n","protected":false},"author":283,"featured_media":534878,"comment_status":"closed","ping_status":"closed","sticky":false,"template":"","format":"standard","meta":[],"categories":[64],"tags":[326,1852],"suno_strategy":[],"class_list":["post-537194","post","type-post","status-publish","format-standard","has-post-thumbnail","hentry","category-negocios","tag-dolar","tag-dolar-futuro"],"yoast_head":"<!-- This site is optimized with the Yoast SEO plugin v24.4 - https:\/\/yoast.com\/wordpress\/plugins\/seo\/ -->\n<title>D\u00f3lar em queda, com alta do min\u00e9rio e valoriza\u00e7\u00e3o dos Treasuries<\/title>\n<meta name=\"description\" content=\"O c\u00e2mbio do d\u00f3lar abriu em queda nesta manh\u00e3 acompanhando expectativas para a taxa Ptax dos EUA e a alta do min\u00e9rio e petr\u00f3leo.\" \/>\n<meta name=\"robots\" content=\"index, follow, max-snippet:-1, max-image-preview:large, max-video-preview:-1\" \/>\n<link rel=\"canonical\" href=\"https:\/\/www.suno.com.br\/noticias\/dolar-queda-minerio-ferro-treasuries-cpf\/\" \/>\n<meta property=\"og:locale\" content=\"pt_BR\" \/>\n<meta property=\"og:type\" content=\"article\" \/>\n<meta property=\"og:title\" content=\"D\u00f3lar em queda, com alta do min\u00e9rio e valoriza\u00e7\u00e3o dos Treasuries\" \/>\n<meta property=\"og:description\" content=\"O c\u00e2mbio do d\u00f3lar abriu em queda nesta manh\u00e3 acompanhando expectativas para a taxa Ptax dos EUA e a alta do min\u00e9rio e petr\u00f3leo.\" \/>\n<meta property=\"og:url\" content=\"https:\/\/www.suno.com.br\/noticias\/dolar-queda-minerio-ferro-treasuries-cpf\/\" \/>\n<meta property=\"og:site_name\" content=\"Suno Not\u00edcias\" \/>\n<meta property=\"article:publisher\" content=\"https:\/\/facebook.com\/sunoresearch\" \/>\n<meta property=\"og:image\" content=\"https:\/\/files.sunoresearch.com.br\/n\/uploads\/2024\/03\/cedula-de-dolar-usd.jpg\" \/>\n\t<meta property=\"og:image:width\" content=\"1200\" \/>\n\t<meta property=\"og:image:height\" content=\"800\" \/>\n\t<meta property=\"og:image:type\" content=\"image\/jpeg\" \/>\n<meta name=\"author\" content=\"Camila Paim\" \/>\n<meta name=\"twitter:card\" content=\"summary_large_image\" \/>\n<meta name=\"twitter:creator\" content=\"@sunoresearch\" \/>\n<meta name=\"twitter:site\" content=\"@sunoresearch\" \/>\n<meta name=\"twitter:label1\" content=\"Escrito por\" \/>\n\t<meta name=\"twitter:data1\" content=\"Camila Paim\" \/>\n\t<meta name=\"twitter:label2\" content=\"Est. tempo de leitura\" \/>\n\t<meta name=\"twitter:data2\" content=\"3 minutos\" \/>\n<script type=\"application\/ld+json\" class=\"yoast-schema-graph\">{\"@context\":\"https:\/\/schema.org\",\"@graph\":[{\"@type\":\"NewsArticle\",\"@id\":\"https:\/\/www.suno.com.br\/noticias\/dolar-queda-minerio-ferro-treasuries-cpf\/#article\",\"isPartOf\":{\"@id\":\"https:\/\/www.suno.com.br\/noticias\/dolar-queda-minerio-ferro-treasuries-cpf\/\"},\"author\":{\"name\":\"Camila Paim\",\"@id\":\"https:\/\/www.suno.com.br\/noticias\/#\/schema\/person\/f341d3ae5d1cc685176c9a5327cdfdbb\"},\"headline\":\"D\u00f3lar abre em queda, com alta do min\u00e9rio e valoriza\u00e7\u00e3o dos Treasuries\",\"datePublished\":\"2024-03-25T13:39:36+00:00\",\"dateModified\":\"2024-03-25T13:39:42+00:00\",\"mainEntityOfPage\":{\"@id\":\"https:\/\/www.suno.com.br\/noticias\/dolar-queda-minerio-ferro-treasuries-cpf\/\"},\"wordCount\":516,\"publisher\":{\"@id\":\"https:\/\/www.suno.com.br\/noticias\/#organization\"},\"image\":{\"@id\":\"https:\/\/www.suno.com.br\/noticias\/dolar-queda-minerio-ferro-treasuries-cpf\/#primaryimage\"},\"thumbnailUrl\":\"https:\/\/files.sunoresearch.com.br\/n\/uploads\/2024\/03\/cedula-de-dolar-usd.jpg\",\"keywords\":[\"d\u00f3lar\",\"d\u00f3lar futuro\"],\"articleSection\":[\"Neg\u00f3cios\"],\"inLanguage\":\"pt-BR\"},{\"@type\":\"WebPage\",\"@id\":\"https:\/\/www.suno.com.br\/noticias\/dolar-queda-minerio-ferro-treasuries-cpf\/\",\"url\":\"https:\/\/www.suno.com.br\/noticias\/dolar-queda-minerio-ferro-treasuries-cpf\/\",\"name\":\"D\u00f3lar em queda, com alta do min\u00e9rio e valoriza\u00e7\u00e3o dos Treasuries\",\"isPartOf\":{\"@id\":\"https:\/\/www.suno.com.br\/noticias\/#website\"},\"primaryImageOfPage\":{\"@id\":\"https:\/\/www.suno.com.br\/noticias\/dolar-queda-minerio-ferro-treasuries-cpf\/#primaryimage\"},\"image\":{\"@id\":\"https:\/\/www.suno.com.br\/noticias\/dolar-queda-minerio-ferro-treasuries-cpf\/#primaryimage\"},\"thumbnailUrl\":\"https:\/\/files.sunoresearch.com.br\/n\/uploads\/2024\/03\/cedula-de-dolar-usd.jpg\",\"datePublished\":\"2024-03-25T13:39:36+00:00\",\"dateModified\":\"2024-03-25T13:39:42+00:00\",\"description\":\"O c\u00e2mbio do d\u00f3lar abriu em queda nesta manh\u00e3 acompanhando expectativas para a taxa Ptax dos EUA e a alta do min\u00e9rio e petr\u00f3leo.\",\"breadcrumb\":{\"@id\":\"https:\/\/www.suno.com.br\/noticias\/dolar-queda-minerio-ferro-treasuries-cpf\/#breadcrumb\"},\"inLanguage\":\"pt-BR\",\"potentialAction\":[{\"@type\":\"ReadAction\",\"target\":[\"https:\/\/www.suno.com.br\/noticias\/dolar-queda-minerio-ferro-treasuries-cpf\/\"]}]},{\"@type\":\"ImageObject\",\"inLanguage\":\"pt-BR\",\"@id\":\"https:\/\/www.suno.com.br\/noticias\/dolar-queda-minerio-ferro-treasuries-cpf\/#primaryimage\",\"url\":\"https:\/\/files.sunoresearch.com.br\/n\/uploads\/2024\/03\/cedula-de-dolar-usd.jpg\",\"contentUrl\":\"https:\/\/files.sunoresearch.com.br\/n\/uploads\/2024\/03\/cedula-de-dolar-usd.jpg\",\"width\":1200,\"height\":800,\"caption\":\"D\u00f3lar - Foto: Unsplash\"},{\"@type\":\"BreadcrumbList\",\"@id\":\"https:\/\/www.suno.com.br\/noticias\/dolar-queda-minerio-ferro-treasuries-cpf\/#breadcrumb\",\"itemListElement\":[{\"@type\":\"ListItem\",\"position\":1,\"name\":\"Not\u00edcias\",\"item\":\"https:\/\/www.suno.com.br\/noticias\/\"},{\"@type\":\"ListItem\",\"position\":2,\"name\":\"Neg\u00f3cios\",\"item\":\"https:\/\/www.suno.com.br\/noticias\/negocios\/\"},{\"@type\":\"ListItem\",\"position\":3,\"name\":\"D\u00f3lar abre em queda, com alta do min\u00e9rio e valoriza\u00e7\u00e3o dos Treasuries\"}]},{\"@type\":\"WebSite\",\"@id\":\"https:\/\/www.suno.com.br\/noticias\/#website\",\"url\":\"https:\/\/www.suno.com.br\/noticias\/\",\"name\":\"Suno Not\u00edcias\",\"description\":\"Seu portal de informa\u00e7\u00e3o sobre o mundo dos investimentos\",\"publisher\":{\"@id\":\"https:\/\/www.suno.com.br\/noticias\/#organization\"},\"potentialAction\":[{\"@type\":\"SearchAction\",\"target\":{\"@type\":\"EntryPoint\",\"urlTemplate\":\"https:\/\/www.suno.com.br\/noticias\/?s={search_term_string}\"},\"query-input\":{\"@type\":\"PropertyValueSpecification\",\"valueRequired\":true,\"valueName\":\"search_term_string\"}}],\"inLanguage\":\"pt-BR\"},{\"@type\":\"Organization\",\"@id\":\"https:\/\/www.suno.com.br\/noticias\/#organization\",\"name\":\"Suno Not\u00edcias\",\"url\":\"https:\/\/www.suno.com.br\/noticias\/\",\"logo\":{\"@type\":\"ImageObject\",\"inLanguage\":\"pt-BR\",\"@id\":\"https:\/\/www.suno.com.br\/noticias\/#\/schema\/logo\/image\/\",\"url\":\"https:\/\/files.sunoresearch.com.br\/n\/uploads\/2021\/09\/suno-logo.png\",\"contentUrl\":\"https:\/\/files.sunoresearch.com.br\/n\/uploads\/2021\/09\/suno-logo.png\",\"width\":180,\"height\":180,\"caption\":\"Suno Not\u00edcias\"},\"image\":{\"@id\":\"https:\/\/www.suno.com.br\/noticias\/#\/schema\/logo\/image\/\"},\"sameAs\":[\"https:\/\/facebook.com\/sunoresearch\",\"https:\/\/x.com\/sunoresearch\",\"https:\/\/www.instagram.com\/suno\",\"https:\/\/www.linkedin.com\/company\/suno-research\/\",\"https:\/\/www.youtube.com\/c\/sunoresearch\"]},{\"@type\":\"Person\",\"@id\":\"https:\/\/www.suno.com.br\/noticias\/#\/schema\/person\/f341d3ae5d1cc685176c9a5327cdfdbb\",\"name\":\"Camila Paim\",\"image\":{\"@type\":\"ImageObject\",\"inLanguage\":\"pt-BR\",\"@id\":\"https:\/\/www.suno.com.br\/noticias\/#\/schema\/person\/image\/\",\"url\":\"https:\/\/secure.gravatar.com\/avatar\/f33728e65febb1aa7ecf6792956f9b20?s=96&r=g\",\"contentUrl\":\"https:\/\/secure.gravatar.com\/avatar\/f33728e65febb1aa7ecf6792956f9b20?s=96&r=g\",\"caption\":\"Camila Paim\"},\"description\":\"Jornalista formada pela USP, tem experi\u00eancia em reda\u00e7\u00f5es, SEO, Branded Content e Webdesign. Com passagem pelo Jornal da USP, Empiricus e C6 Bank, hoje \u00e9 rep\u00f3rter no Suno Not\u00edcias cobrindo macroeconomia, finan\u00e7as pessoais e startups.\",\"url\":\"https:\/\/www.suno.com.br\/noticias\/author\/camila-figueiredosuno-com-br\/\"}]}<\/script>\n<!-- \/ Yoast SEO plugin. -->","yoast_head_json":{"title":"D\u00f3lar em queda, com alta do min\u00e9rio e valoriza\u00e7\u00e3o dos Treasuries","description":"O c\u00e2mbio do d\u00f3lar abriu em queda nesta manh\u00e3 acompanhando expectativas para a taxa Ptax dos EUA e a alta do min\u00e9rio e petr\u00f3leo.","robots":{"index":"index","follow":"follow","max-snippet":"max-snippet:-1","max-image-preview":"max-image-preview:large","max-video-preview":"max-video-preview:-1"},"canonical":"https:\/\/www.suno.com.br\/noticias\/dolar-queda-minerio-ferro-treasuries-cpf\/","og_locale":"pt_BR","og_type":"article","og_title":"D\u00f3lar em queda, com alta do min\u00e9rio e valoriza\u00e7\u00e3o dos Treasuries","og_description":"O c\u00e2mbio do d\u00f3lar abriu em queda nesta manh\u00e3 acompanhando expectativas para a taxa Ptax dos EUA e a alta do min\u00e9rio e petr\u00f3leo.","og_url":"https:\/\/www.suno.com.br\/noticias\/dolar-queda-minerio-ferro-treasuries-cpf\/","og_site_name":"Suno Not\u00edcias","article_publisher":"https:\/\/facebook.com\/sunoresearch","og_image":[{"width":1200,"height":800,"url":"https:\/\/files.sunoresearch.com.br\/n\/uploads\/2024\/03\/cedula-de-dolar-usd.jpg","type":"image\/jpeg"}],"author":"Camila Paim","twitter_card":"summary_large_image","twitter_creator":"@sunoresearch","twitter_site":"@sunoresearch","twitter_misc":{"Escrito por":"Camila Paim","Est. tempo de leitura":"3 minutos"},"schema":{"@context":"https:\/\/schema.org","@graph":[{"@type":"NewsArticle","@id":"https:\/\/www.suno.com.br\/noticias\/dolar-queda-minerio-ferro-treasuries-cpf\/#article","isPartOf":{"@id":"https:\/\/www.suno.com.br\/noticias\/dolar-queda-minerio-ferro-treasuries-cpf\/"},"author":{"name":"Camila Paim","@id":"https:\/\/www.suno.com.br\/noticias\/#\/schema\/person\/f341d3ae5d1cc685176c9a5327cdfdbb"},"headline":"D\u00f3lar abre em queda, com alta do min\u00e9rio e valoriza\u00e7\u00e3o dos Treasuries","datePublished":"2024-03-25T13:39:36+00:00","dateModified":"2024-03-25T13:39:42+00:00","mainEntityOfPage":{"@id":"https:\/\/www.suno.com.br\/noticias\/dolar-queda-minerio-ferro-treasuries-cpf\/"},"wordCount":516,"publisher":{"@id":"https:\/\/www.suno.com.br\/noticias\/#organization"},"image":{"@id":"https:\/\/www.suno.com.br\/noticias\/dolar-queda-minerio-ferro-treasuries-cpf\/#primaryimage"},"thumbnailUrl":"https:\/\/files.sunoresearch.com.br\/n\/uploads\/2024\/03\/cedula-de-dolar-usd.jpg","keywords":["d\u00f3lar","d\u00f3lar futuro"],"articleSection":["Neg\u00f3cios"],"inLanguage":"pt-BR"},{"@type":"WebPage","@id":"https:\/\/www.suno.com.br\/noticias\/dolar-queda-minerio-ferro-treasuries-cpf\/","url":"https:\/\/www.suno.com.br\/noticias\/dolar-queda-minerio-ferro-treasuries-cpf\/","name":"D\u00f3lar em queda, com alta do min\u00e9rio e valoriza\u00e7\u00e3o dos Treasuries","isPartOf":{"@id":"https:\/\/www.suno.com.br\/noticias\/#website"},"primaryImageOfPage":{"@id":"https:\/\/www.suno.com.br\/noticias\/dolar-queda-minerio-ferro-treasuries-cpf\/#primaryimage"},"image":{"@id":"https:\/\/www.suno.com.br\/noticias\/dolar-queda-minerio-ferro-treasuries-cpf\/#primaryimage"},"thumbnailUrl":"https:\/\/files.sunoresearch.com.br\/n\/uploads\/2024\/03\/cedula-de-dolar-usd.jpg","datePublished":"2024-03-25T13:39:36+00:00","dateModified":"2024-03-25T13:39:42+00:00","description":"O c\u00e2mbio do d\u00f3lar abriu em queda nesta manh\u00e3 acompanhando expectativas para a taxa Ptax dos EUA e a alta do min\u00e9rio e petr\u00f3leo.","breadcrumb":{"@id":"https:\/\/www.suno.com.br\/noticias\/dolar-queda-minerio-ferro-treasuries-cpf\/#breadcrumb"},"inLanguage":"pt-BR","potentialAction":[{"@type":"ReadAction","target":["https:\/\/www.suno.com.br\/noticias\/dolar-queda-minerio-ferro-treasuries-cpf\/"]}]},{"@type":"ImageObject","inLanguage":"pt-BR","@id":"https:\/\/www.suno.com.br\/noticias\/dolar-queda-minerio-ferro-treasuries-cpf\/#primaryimage","url":"https:\/\/files.sunoresearch.com.br\/n\/uploads\/2024\/03\/cedula-de-dolar-usd.jpg","contentUrl":"https:\/\/files.sunoresearch.com.br\/n\/uploads\/2024\/03\/cedula-de-dolar-usd.jpg","width":1200,"height":800,"caption":"D\u00f3lar - Foto: Unsplash"},{"@type":"BreadcrumbList","@id":"https:\/\/www.suno.com.br\/noticias\/dolar-queda-minerio-ferro-treasuries-cpf\/#breadcrumb","itemListElement":[{"@type":"ListItem","position":1,"name":"Not\u00edcias","item":"https:\/\/www.suno.com.br\/noticias\/"},{"@type":"ListItem","position":2,"name":"Neg\u00f3cios","item":"https:\/\/www.suno.com.br\/noticias\/negocios\/"},{"@type":"ListItem","position":3,"name":"D\u00f3lar abre em queda, com alta do min\u00e9rio e valoriza\u00e7\u00e3o dos Treasuries"}]},{"@type":"WebSite","@id":"https:\/\/www.suno.com.br\/noticias\/#website","url":"https:\/\/www.suno.com.br\/noticias\/","name":"Suno Not\u00edcias","description":"Seu portal de informa\u00e7\u00e3o sobre o mundo dos investimentos","publisher":{"@id":"https:\/\/www.suno.com.br\/noticias\/#organization"},"potentialAction":[{"@type":"SearchAction","target":{"@type":"EntryPoint","urlTemplate":"https:\/\/www.suno.com.br\/noticias\/?s={search_term_string}"},"query-input":{"@type":"PropertyValueSpecification","valueRequired":true,"valueName":"search_term_string"}}],"inLanguage":"pt-BR"},{"@type":"Organization","@id":"https:\/\/www.suno.com.br\/noticias\/#organization","name":"Suno Not\u00edcias","url":"https:\/\/www.suno.com.br\/noticias\/","logo":{"@type":"ImageObject","inLanguage":"pt-BR","@id":"https:\/\/www.suno.com.br\/noticias\/#\/schema\/logo\/image\/","url":"https:\/\/files.sunoresearch.com.br\/n\/uploads\/2021\/09\/suno-logo.png","contentUrl":"https:\/\/files.sunoresearch.com.br\/n\/uploads\/2021\/09\/suno-logo.png","width":180,"height":180,"caption":"Suno Not\u00edcias"},"image":{"@id":"https:\/\/www.suno.com.br\/noticias\/#\/schema\/logo\/image\/"},"sameAs":["https:\/\/facebook.com\/sunoresearch","https:\/\/x.com\/sunoresearch","https:\/\/www.instagram.com\/suno","https:\/\/www.linkedin.com\/company\/suno-research\/","https:\/\/www.youtube.com\/c\/sunoresearch"]},{"@type":"Person","@id":"https:\/\/www.suno.com.br\/noticias\/#\/schema\/person\/f341d3ae5d1cc685176c9a5327cdfdbb","name":"Camila Paim","image":{"@type":"ImageObject","inLanguage":"pt-BR","@id":"https:\/\/www.suno.com.br\/noticias\/#\/schema\/person\/image\/","url":"https:\/\/secure.gravatar.com\/avatar\/f33728e65febb1aa7ecf6792956f9b20?s=96&r=g","contentUrl":"https:\/\/secure.gravatar.com\/avatar\/f33728e65febb1aa7ecf6792956f9b20?s=96&r=g","caption":"Camila Paim"},"description":"Jornalista formada pela USP, tem experi\u00eancia em reda\u00e7\u00f5es, SEO, Branded Content e Webdesign. Com passagem pelo Jornal da USP, Empiricus e C6 Bank, hoje \u00e9 rep\u00f3rter no Suno Not\u00edcias cobrindo macroeconomia, finan\u00e7as pessoais e startups.","url":"https:\/\/www.suno.com.br\/noticias\/author\/camila-figueiredosuno-com-br\/"}]}},"default_loop_html":"<div class=\"cardsPage__listCard__boxs\"><div class=\"cardsPage__listCard__boxs__img\"><a href=\"https:\/\/www.suno.com.br\/noticias\/dolar-queda-minerio-ferro-treasuries-cpf\/\"><img class=\"mask\" src=\"https:\/\/www.suno.com.br\/noticias\/wp-content\/themes\/suno\/resources\/images\/spotlight\/spotlight1img\/bg-mask.png\" alt=\"Image Mask\"\/><img src=\"https:\/\/files.sunoresearch.com.br\/n\/uploads\/2024\/03\/cedula-de-dolar-usd-400x200.jpg\" alt=\"D\u00f3lar abre em queda, com alta do min\u00e9rio e valoriza\u00e7\u00e3o dos Treasuries\"\/><\/a><span class=\"spotlightCategory\"><a href=\"https:\/\/www.suno.com.br\/noticias\/negocios\/\">Neg\u00f3cios<\/a><\/span><\/div><div class=\"cardsPage__listCard__boxs__content\"><a href=\"https:\/\/www.suno.com.br\/noticias\/dolar-queda-minerio-ferro-treasuries-cpf\/\"><h2 class=\"content__title\">D\u00f3lar abre em queda, com alta do min\u00e9rio e valoriza\u00e7\u00e3o dos Treasuries<\/h2><\/a><div class=\"newsContent__article__meta\"><div class=\"newsContent__article__meta__authorBox\"><a href=\"https:\/\/www.suno.com.br\/noticias\/author\/camila-figueiredosuno-com-br\/\" class=\"authorBox__avatar noMobi\"><img src=\"https:\/\/files.sunoresearch.com.br\/n\/uploads\/2024\/05\/camila-paim-square-150x150.jpg\" alt=\"Camila Paim\"><\/a><div class=\"authorBox__name\"><span>por\n\t\t\t<a href=\"https:\/\/www.suno.com.br\/noticias\/author\/camila-figueiredosuno-com-br\/\"><span itemprop=\"author\">Camila Paim<\/span><\/a><\/span><time datetime=\"2024-03-25T10:39:36-03:00\" itemprop=\"datePublished\">25\/03\/2024 10:39<\/time><\/div><\/div><\/div><\/div><\/div>","single_layout":"posts","amp_enabled":true,"_links":{"self":[{"href":"https:\/\/www.suno.com.br\/noticias\/wp-json\/wp\/v2\/posts\/537194"}],"collection":[{"href":"https:\/\/www.suno.com.br\/noticias\/wp-json\/wp\/v2\/posts"}],"about":[{"href":"https:\/\/www.suno.com.br\/noticias\/wp-json\/wp\/v2\/types\/post"}],"author":[{"embeddable":true,"href":"https:\/\/www.suno.com.br\/noticias\/wp-json\/wp\/v2\/users\/283"}],"replies":[{"embeddable":true,"href":"https:\/\/www.suno.com.br\/noticias\/wp-json\/wp\/v2\/comments?post=537194"}],"version-history":[{"count":2,"href":"https:\/\/www.suno.com.br\/noticias\/wp-json\/wp\/v2\/posts\/537194\/revisions"}],"predecessor-version":[{"id":537224,"href":"https:\/\/www.suno.com.br\/noticias\/wp-json\/wp\/v2\/posts\/537194\/revisions\/537224"}],"wp:featuredmedia":[{"embeddable":true,"href":"https:\/\/www.suno.com.br\/noticias\/wp-json\/wp\/v2\/media\/534878"}],"wp:attachment":[{"href":"https:\/\/www.suno.com.br\/noticias\/wp-json\/wp\/v2\/media?parent=537194"}],"wp:term":[{"taxonomy":"category","embeddable":true,"href":"https:\/\/www.suno.com.br\/noticias\/wp-json\/wp\/v2\/categories?post=537194"},{"taxonomy":"post_tag","embeddable":true,"href":"https:\/\/www.suno.com.br\/noticias\/wp-json\/wp\/v2\/tags?post=537194"},{"taxonomy":"suno_strategy","embeddable":true,"href":"https:\/\/www.suno.com.br\/noticias\/wp-json\/wp\/v2\/suno_strategy?post=537194"}],"curies":[{"name":"wp","href":"https:\/\/api.w.org\/{rel}","templated":true}]}}