{"id":537090,"date":"2024-03-25T09:03:37","date_gmt":"2024-03-25T12:03:37","guid":{"rendered":"https:\/\/www.suno.com.br\/noticias\/?p=537090"},"modified":"2024-03-25T09:03:45","modified_gmt":"2024-03-25T12:03:45","slug":"news-agenda-ofertas-bpml11-brco11-marco-cpf","status":"publish","type":"post","link":"https:\/\/www.suno.com.br\/noticias\/news-agenda-ofertas-bpml11-brco11-marco-cpf\/","title":{"rendered":"BPML11, BRCO11: Veja a agenda de ofertas de fundos imobili\u00e1rios desta semana"},"content":{"rendered":"<p>Entre os destaques do mercado de fundos imobili\u00e1rios desta semana est\u00e3o os FIIs <strong>BPML11<\/strong> e <a class=\"suno-keyword\" data-force=\"yes\" data-priority=\"2\" href=\"https:\/\/www.suno.com.br\/fundos-imobiliarios\/brco11\/\" target=\"_blank\" rel=\"noopener\">BRCO11<\/a>, que est\u00e3o preparando emiss\u00f5es de cotas.<\/p>\t<div class=\"wrapper-featured-image\">\n\t\t<figure class=\"spotlightImg\">\n\n\t\t\t<picture>\n\t\t\t\t<source media=\"(max-width: 768px)\" srcset=\"https:\/\/files.sunoresearch.com.br\/n\/uploads\/2024\/01\/fundos-infraestrutura-400x200.webp\">\n\t\t\t\t<img loading=\"lazy\" decoding=\"async\" class=\"newsContent__article__imgCapa lazyloadDisabled \" src=\"https:\/\/files.sunoresearch.com.br\/n\/uploads\/2024\/01\/fundos-infraestrutura-800x450.webp\" width=\"800\" height=\"450\" alt=\"BPML11, BRCO11: Veja a agenda de ofertas de fundos imobili\u00e1rios desta semana\" fetchpriority=high \/>\n\t\t\t<\/picture>\n\n\t\t\t<figcaption class=\"wp-caption-text wp-caption-text--show\">Fundos imobili\u00e1rios - Foto: Unsplash<\/figcaption>\n\t\t<\/figure>\n\t<\/div>\n\n\n\n\n\n\t<p>\n\t\t<a href=\"\" target=\"_blank\" data-element=\"shortcode-suno-banner\" title=\"Banner SUNO, clique e saiba mais\">\n\t\t\t<picture>\n\t\t\t\t<source media=\"(max-width: 500px)\" srcset=\"\">\n\t\t\t\t<img class=\"newsContent__article__imgCapa newsContent__article__imgCapa--banner\"\n\t\t\t\t\tsrc=\"\"\n\t\t\t\t\tdata-promo-id=\"77050\"\t\t\t\t\t\t\t\t\t\t\t\t\t\t\talt=\"\"\n\t\t\t\t>\n\t\t\t<\/picture>\n\t\t<\/a>\n\t<\/p>\n\n\n\n\n\n<p>Para n\u00e3o perder os prazos de prefer\u00eancia das emiss\u00f5es dos<strong> fundos imobili\u00e1rios<\/strong>, o investidor deve ficar atento ao in\u00edcio dos per\u00edodos de prefer\u00eancia.<\/p>\n\n\n\n<p>Confira a agenda de <strong>ofertas de FIIs<\/strong> desta semana:<\/p>\n\n\n\n<h2 class=\"wp-block-heading\">In\u00edcio do per\u00edodo de prefer\u00eancia dos FIIs<\/h2>\n\n\n\n<p>N\u00e3o h\u00e1 nenhuma <strong>oferta de fundo imobili\u00e1rio<\/strong> cujo per\u00edodo de prefer\u00eancia ter\u00e1 in\u00edcio nesta semana.<\/p>\n\n\n\n<p>O per\u00edodo prefer\u00eancia nas ofertas \u00e9 importante para os atuais cotistas que desejam adquirir mais cotas do FII durante a emiss\u00e3o.<\/p>\n\n\n\n<h2 class=\"wp-block-heading\">Per\u00edodos de prefer\u00eancia que terminam essa semana<\/h2>\n\n\n\n<p><strong>BPML11<\/strong><\/p>\n\n\n\n<p>O FII <a class=\"suno-keyword\" target=\"_blank\" data-force=\"yes\" data-priority=\"2\" href=\"https:\/\/www.suno.com.br\/fundos-imobiliarios\/bpml11\/\" rel=\"noopener\">BPML11<\/a> \u00e9 um fundo de Shoppings, com investimentos em Fundo de Tijolo.<\/p>\n\n\n\n<p>Essa \u00e9 a 2\u00aa emiss\u00e3o de cotas do fundo imobili\u00e1rio BPML11, que est\u00e1 ofertando 7.798.690 novas cotas.<\/p>\n\n\n\n<p>A oferta p\u00fablica quer captar R$ 750.000.017,30.A data de prefer\u00eancia ficou definida de 13\/03\/2024 a 25\/03\/2024.<br>A propor\u00e7\u00e3o do per\u00edodo de prefer\u00eancia soma 144,92.<br>A taxa de emiss\u00e3o ficou em 4,11% e o coordenador-l\u00edder \u00e9 BTG.<\/p>\n\n\n\n<p><strong>BRCO11<\/strong><\/p>\n\n\n\n<p>O FII BRCO11 \u00e9 um fundo de Im\u00f3veis Industriais e Log\u00edsticos, com investimentos em Fundo de Tijolo.<\/p>\n\n\n\n<p>Essa \u00e9 a 5\u00aa emiss\u00e3o de cotas do fundo imobili\u00e1rio <a class=\"suno-keyword\" target=\"_blank\" data-force=\"yes\" data-priority=\"2\" href=\"https:\/\/www.suno.com.br\/fundos-imobiliarios\/brco11\/\" rel=\"noopener\">BRCO11<\/a>, que est\u00e1 ofertando 3.126.303 novas cotas.<\/p>\n\n\n\n<p>A <a class=\"suno-keyword\" data-force=\"no\" data-priority=\"1\" href=\"https:\/\/www.suno.com.br\/artigos\/oferta-restrita\/\" target=\"_blank\" rel=\"noopener\">oferta restrita<\/a> quer captar R$ 375.000.044,85.A data de prefer\u00eancia ficou definida de 20\/03\/2024 a 26\/03\/2024.<br>A propor\u00e7\u00e3o do per\u00edodo de prefer\u00eancia soma 16,92.<br>A taxa de emiss\u00e3o ficou em 1,29% e o coordenador-l\u00edder \u00e9 XP.<\/p>\n\n\n\n<p><strong>NEWL11<\/strong><\/p>\n\n\n\n<p>O FII <a class=\"suno-keyword\" target=\"_blank\" data-force=\"yes\" data-priority=\"2\" href=\"https:\/\/www.suno.com.br\/fundos-imobiliarios\/newl11\/\" rel=\"noopener\">NEWL11<\/a> \u00e9 um fundo de Im\u00f3veis Industriais e Log\u00edsticos, com investimentos em Fundo de Tijolo.<\/p>\n\n\n\n<p>Essa \u00e9 a 3\u00aa emiss\u00e3o de cotas do fundo imobili\u00e1rio NEWL11, que est\u00e1 ofertando 4.456.328 novas cotas.<\/p>\n\n\n\n<p>A oferta p\u00fablica quer captar R$ 500.000.001,60.A data de prefer\u00eancia ficou definida de 15\/03\/2024 a 28\/03\/2024.<br>A propor\u00e7\u00e3o do per\u00edodo de prefer\u00eancia soma 175,35.<br>A taxa de emiss\u00e3o ficou em 2,97% e o coordenador-l\u00edder \u00e9 Guide.<\/p>\n\n\n\t<p>\n\t\t<a href=\"https:\/\/lp.suno.com.br\/planilha-controle-gastos\/\" target=\"_blank\" data-element=\"shortcode-suno-banner\" title=\"Banner SUNO, clique e saiba mais\">\n\t\t\t<picture>\n\t\t\t\t<source media=\"(max-width: 500px)\" srcset=\"https:\/\/files.sunoresearch.com.br\/n\/uploads\/2023\/03\/400x300-Planilha-controle-de-gastos.png\">\n\t\t\t\t<img class=\"newsContent__article__imgCapa newsContent__article__imgCapa--banner\"\n\t\t\t\t\tsrc=\"https:\/\/files.sunoresearch.com.br\/n\/uploads\/2023\/03\/1420x240-Planilha-controle-de-gastos.png\"\n\t\t\t\t\tdata-promo-id=\"101751\"\t\t\t\t\t\t\t\t\t\twidth='1420' height='240'\t\t\t\t\talt=\"https:\/\/files.sunoresearch.com.br\/n\/uploads\/2023\/03\/1420x240-Planilha-controle-de-gastos.png\"\n\t\t\t\t>\n\t\t\t<\/picture>\n\t\t<\/a>\n\t<\/p>\n\n\n\n\n\n<h2 class=\"wp-block-heading\">Per\u00edodos de sobra de ofertas de FII que come\u00e7am essa semana<\/h2>\n\n\n\n<p>Nesta semana n\u00e3o est\u00e1 previsto o in\u00edcio do per\u00edodo de sobras de nenhuma oferta de fundo imobili\u00e1rio.<\/p>\n\n\n\n<h2 class=\"wp-block-heading\">Fim do per\u00edodo de sobra de ofertas de fundos imobili\u00e1rios<\/h2>\n\n\n\n<p><strong>LVBI11<\/strong><\/p>\n\n\n\n<p>O FII <a class=\"suno-keyword\" target=\"_blank\" data-force=\"yes\" data-priority=\"2\" href=\"https:\/\/www.suno.com.br\/fundos-imobiliarios\/lvbi11\/\" rel=\"noopener\">LVBI11<\/a> \u00e9 um fundo de Im\u00f3veis Industriais e Log\u00edsticos, com investimentos em Fundo de Tijolo.<\/p>\n\n\n\n<p>Essa \u00e9 a 5\u00aa emiss\u00e3o de cotas do fundo imobili\u00e1rio LVBI11, que est\u00e1 ofertando 1.874.893 novas cotas.<\/p>\n\n\n\n<p>A <a class=\"suno-keyword\" data-force=\"no\" data-priority=\"1\" href=\"https:\/\/www.suno.com.br\/artigos\/oferta-restrita\/\" target=\"_blank\" rel=\"noopener\">oferta restrita<\/a> quer captar R$ 219.793.706,39.A data de prefer\u00eancia ficou definida de 22\/03\/2024 a 27\/03\/2024.<br>A propor\u00e7\u00e3o do per\u00edodo de prefer\u00eancia soma 13,16.<br>A taxa de emiss\u00e3o ficou em 0,09% e o coordenador-l\u00edder \u00e9 Ita\u00fa BBA.<\/p>\n\n\n\n<p><strong>MFII11<\/strong><\/p>\n\n\n\n<p>O FII <a class=\"suno-keyword\" target=\"_blank\" data-force=\"yes\" data-priority=\"2\" href=\"https:\/\/www.suno.com.br\/fundos-imobiliarios\/mfii11\/\" rel=\"noopener\">MFII11<\/a> \u00e9 um fundo de Fundo de Desenvolvimento, com investimentos em Fundo Misto.<\/p>\n\n\n\n<p>Essa \u00e9 a 9\u00aa emiss\u00e3o de cotas do fundo imobili\u00e1rio MFII11.<\/p>\n\n\n\n<p>A <a class=\"suno-keyword\" data-force=\"no\" data-priority=\"1\" href=\"https:\/\/www.suno.com.br\/artigos\/oferta-restrita\/\" target=\"_blank\" rel=\"noopener\">oferta restrita<\/a> quer captar R$ 0,00.A data de prefer\u00eancia ficou definida de 22\/03\/2024 a 27\/03\/2024.<br>A propor\u00e7\u00e3o do per\u00edodo de prefer\u00eancia soma 35,01.<br>A taxa de emiss\u00e3o ficou em 2,97% e o coordenador-l\u00edder \u00e9 a definir.<\/p>\n\n\n\n<h2 class=\"wp-block-heading\">Fim do per\u00edodo de ofertas p\u00fablica de FIIs<\/h2>\n\n\n\n<p><strong>ASMT11<\/strong><\/p>\n\n\n\n<p>O FII ASMT11 \u00e9 um fundo de <a class=\"suno-keyword\" target=\"_blank\" data-force=\"no\" data-priority=\"1\" href=\"https:\/\/www.suno.com.br\/artigos\/lajes-corporativas\/\" rel=\"noopener\">Lajes Corporativas<\/a>, com investimentos em Fundo de Tijolo.<\/p>\n\n\n\n<p>Essa \u00e9 a 3\u00aa emiss\u00e3o de cotas do fundo imobili\u00e1rio ASMT11, que est\u00e1 ofertando 743.605 novas cotas.<\/p>\n\n\n\n<p>A oferta p\u00fablica quer captar R$ 50.000.000,20.<\/p>\n\n\n\n<p>A data de prefer\u00eancia ficou definida de 19\/12\/2023 a 03\/01\/2024.<br>A propor\u00e7\u00e3o do per\u00edodo de prefer\u00eancia soma 73,09.<br>A taxa de emiss\u00e3o ficou em 3,90%.<\/p>\n\n\n\n<h2 class=\"wp-block-heading\">Emiss\u00f5es de FIIs<\/h2>\n\n\n\n<p>Emitir <strong>novas cotas<\/strong> \u00e9 um movimento muito comum entre fundos imobili\u00e1rios. Normalmente, essa opera\u00e7\u00e3o ocorre quando um FII deseja aumentar seu capital, ou ent\u00e3o quando est\u00e1 sendo estruturado.<\/p>\n\n\n\n<p>Para isso, o fundo emite novas cotas e as vende. Com o dinheiro oriundo da oferta, o FII pode investir em novos ativos ou reformar os que est\u00e3o em seu portf\u00f3lio.<\/p>\n\n\n\n<p>Esta mat\u00e9ria n\u00e3o \u00e9 uma recomenda\u00e7\u00e3o de<strong> investimento em Fundos imobili\u00e1rios.<\/strong> Antes de qualquer investimento em <a class=\"suno-keyword\" target=\"_blank\" data-force=\"no\" data-priority=\"2\" href=\"https:\/\/www.suno.com.br\/artigos\/renda-variavel-7-dicas\/\" rel=\"noopener\">renda vari\u00e1vel<\/a> \u00e9 importante ressaltar que quitar as d\u00edvidas e fazer uma reserva de emerg\u00eancia deve sempre ser a prioridade.<\/p>\n\n\n\n<p>Os analistas da SUNO Research sempre salientam que \u00e9 necess\u00e1rio antes poupar dinheiro para depois investir, e nunca se endividar para investir ou investir endividado.<\/p>\n\n\n\t<p>\n\t\t<a href=\"https:\/\/lp.suno.com.br\/ebook-como-analisar-uma-acao\/\" target=\"_blank\" data-element=\"shortcode-suno-banner\" title=\"Banner SUNO, clique e saiba mais\">\n\t\t\t<picture>\n\t\t\t\t<source media=\"(max-width: 500px)\" srcset=\"https:\/\/files.sunoresearch.com.br\/n\/uploads\/2023\/03\/Ebook-Acoes-Mobile-1.jpg\">\n\t\t\t\t<img class=\"newsContent__article__imgCapa newsContent__article__imgCapa--banner\"\n\t\t\t\t\tsrc=\"https:\/\/files.sunoresearch.com.br\/n\/uploads\/2023\/03\/Ebook-Acoes-Desktop-1.jpg\"\n\t\t\t\t\tdata-promo-id=\"171998\"\t\t\t\t\t\t\t\t\t\twidth='1420' height='286'\t\t\t\t\talt=\"https:\/\/files.sunoresearch.com.br\/n\/uploads\/2023\/03\/Ebook-Acoes-Desktop-1.jpg\"\n\t\t\t\t>\n\t\t\t<\/picture>\n\t\t<\/a>\n\t<\/p>\n\n\n","protected":false},"excerpt":{"rendered":"<p>Entre os destaques do mercado de fundos imobili\u00e1rios desta semana est\u00e3o os FIIs BPML11 e BRCO11, que est\u00e3o preparando emiss\u00f5es de cotas. Fundos imobili\u00e1rios &#8211; Foto: Unsplash Para n\u00e3o perder os prazos de prefer\u00eancia das emiss\u00f5es dos fundos imobili\u00e1rios, o investidor deve ficar atento ao in\u00edcio dos per\u00edodos de prefer\u00eancia. Confira a agenda de ofertas [&hellip;]<\/p>\n","protected":false},"author":283,"featured_media":518095,"comment_status":"closed","ping_status":"closed","sticky":false,"template":"","format":"standard","meta":[],"categories":[66],"tags":[105817,106084,315,105805,106085,106453],"suno_strategy":[],"class_list":["post-537090","post","type-post","status-publish","format-standard","has-post-thumbnail","hentry","category-fiis","tag-bpml11","tag-brco11","tag-fundos-imobiliarios-fiis","tag-lvbi11","tag-mfii11","tag-newl11"],"yoast_head":"<!-- This site is optimized with the Yoast SEO plugin v24.4 - https:\/\/yoast.com\/wordpress\/plugins\/seo\/ -->\n<title>BPML11, BRCO11: Veja a agenda de ofertas de fundos imobili\u00e1rios<\/title>\n<meta name=\"description\" content=\"A agenda de ofertas de fundos imobili\u00e1rios desta semana conta com o BPML11 e BRCO11. Veja mais sobre as emiss\u00f5es p\u00fablicas do BPML11 e BRCO11.\" \/>\n<meta name=\"robots\" content=\"index, follow, max-snippet:-1, max-image-preview:large, max-video-preview:-1\" \/>\n<link rel=\"canonical\" href=\"https:\/\/www.suno.com.br\/noticias\/news-agenda-ofertas-bpml11-brco11-marco-cpf\/\" \/>\n<meta property=\"og:locale\" content=\"pt_BR\" \/>\n<meta property=\"og:type\" content=\"article\" \/>\n<meta property=\"og:title\" content=\"BPML11, BRCO11: Veja a agenda de ofertas de fundos imobili\u00e1rios\" \/>\n<meta property=\"og:description\" content=\"A agenda de ofertas de fundos imobili\u00e1rios desta semana conta com o BPML11 e BRCO11. Veja mais sobre as emiss\u00f5es p\u00fablicas do BPML11 e BRCO11.\" \/>\n<meta property=\"og:url\" content=\"https:\/\/www.suno.com.br\/noticias\/news-agenda-ofertas-bpml11-brco11-marco-cpf\/\" \/>\n<meta property=\"og:site_name\" content=\"Suno Not\u00edcias\" \/>\n<meta property=\"article:publisher\" content=\"https:\/\/facebook.com\/sunoresearch\" \/>\n<meta property=\"og:image\" content=\"https:\/\/files.sunoresearch.com.br\/n\/uploads\/2024\/01\/fundos-infraestrutura-scaled-e1706698398249.jpg\" \/>\n\t<meta property=\"og:image:width\" content=\"1300\" \/>\n\t<meta property=\"og:image:height\" content=\"974\" \/>\n\t<meta property=\"og:image:type\" content=\"image\/jpeg\" \/>\n<meta name=\"author\" content=\"Camila Paim\" \/>\n<meta name=\"twitter:card\" content=\"summary_large_image\" \/>\n<meta name=\"twitter:creator\" content=\"@sunoresearch\" \/>\n<meta name=\"twitter:site\" content=\"@sunoresearch\" \/>\n<meta name=\"twitter:label1\" content=\"Escrito por\" \/>\n\t<meta name=\"twitter:data1\" content=\"Camila Paim\" \/>\n\t<meta name=\"twitter:label2\" content=\"Est. tempo de leitura\" \/>\n\t<meta name=\"twitter:data2\" content=\"4 minutos\" \/>\n<script type=\"application\/ld+json\" class=\"yoast-schema-graph\">{\"@context\":\"https:\/\/schema.org\",\"@graph\":[{\"@type\":\"NewsArticle\",\"@id\":\"https:\/\/www.suno.com.br\/noticias\/news-agenda-ofertas-bpml11-brco11-marco-cpf\/#article\",\"isPartOf\":{\"@id\":\"https:\/\/www.suno.com.br\/noticias\/news-agenda-ofertas-bpml11-brco11-marco-cpf\/\"},\"author\":{\"name\":\"Camila Paim\",\"@id\":\"https:\/\/www.suno.com.br\/noticias\/#\/schema\/person\/f341d3ae5d1cc685176c9a5327cdfdbb\"},\"headline\":\"BPML11, BRCO11: Veja a agenda de ofertas de fundos imobili\u00e1rios desta semana\",\"datePublished\":\"2024-03-25T12:03:37+00:00\",\"dateModified\":\"2024-03-25T12:03:45+00:00\",\"mainEntityOfPage\":{\"@id\":\"https:\/\/www.suno.com.br\/noticias\/news-agenda-ofertas-bpml11-brco11-marco-cpf\/\"},\"wordCount\":752,\"publisher\":{\"@id\":\"https:\/\/www.suno.com.br\/noticias\/#organization\"},\"image\":{\"@id\":\"https:\/\/www.suno.com.br\/noticias\/news-agenda-ofertas-bpml11-brco11-marco-cpf\/#primaryimage\"},\"thumbnailUrl\":\"https:\/\/files.sunoresearch.com.br\/n\/uploads\/2024\/01\/fundos-infraestrutura-scaled.webp\",\"keywords\":[\"BPML11\",\"BRCO11\",\"Fundos Imobili\u00e1rios (FIIs)\",\"LVBI11\",\"MFII11\",\"NEWL11\"],\"articleSection\":[\"FIIs\"],\"inLanguage\":\"pt-BR\"},{\"@type\":\"WebPage\",\"@id\":\"https:\/\/www.suno.com.br\/noticias\/news-agenda-ofertas-bpml11-brco11-marco-cpf\/\",\"url\":\"https:\/\/www.suno.com.br\/noticias\/news-agenda-ofertas-bpml11-brco11-marco-cpf\/\",\"name\":\"BPML11, BRCO11: Veja a agenda de ofertas de fundos imobili\u00e1rios\",\"isPartOf\":{\"@id\":\"https:\/\/www.suno.com.br\/noticias\/#website\"},\"primaryImageOfPage\":{\"@id\":\"https:\/\/www.suno.com.br\/noticias\/news-agenda-ofertas-bpml11-brco11-marco-cpf\/#primaryimage\"},\"image\":{\"@id\":\"https:\/\/www.suno.com.br\/noticias\/news-agenda-ofertas-bpml11-brco11-marco-cpf\/#primaryimage\"},\"thumbnailUrl\":\"https:\/\/files.sunoresearch.com.br\/n\/uploads\/2024\/01\/fundos-infraestrutura-scaled.webp\",\"datePublished\":\"2024-03-25T12:03:37+00:00\",\"dateModified\":\"2024-03-25T12:03:45+00:00\",\"description\":\"A agenda de ofertas de fundos imobili\u00e1rios desta semana conta com o BPML11 e BRCO11. Veja mais sobre as emiss\u00f5es p\u00fablicas do BPML11 e BRCO11.\",\"breadcrumb\":{\"@id\":\"https:\/\/www.suno.com.br\/noticias\/news-agenda-ofertas-bpml11-brco11-marco-cpf\/#breadcrumb\"},\"inLanguage\":\"pt-BR\",\"potentialAction\":[{\"@type\":\"ReadAction\",\"target\":[\"https:\/\/www.suno.com.br\/noticias\/news-agenda-ofertas-bpml11-brco11-marco-cpf\/\"]}]},{\"@type\":\"ImageObject\",\"inLanguage\":\"pt-BR\",\"@id\":\"https:\/\/www.suno.com.br\/noticias\/news-agenda-ofertas-bpml11-brco11-marco-cpf\/#primaryimage\",\"url\":\"https:\/\/files.sunoresearch.com.br\/n\/uploads\/2024\/01\/fundos-infraestrutura-scaled.webp\",\"contentUrl\":\"https:\/\/files.sunoresearch.com.br\/n\/uploads\/2024\/01\/fundos-infraestrutura-scaled.webp\",\"width\":2560,\"height\":1919,\"caption\":\"Fundos imobili\u00e1rios - Foto: Unsplash\"},{\"@type\":\"BreadcrumbList\",\"@id\":\"https:\/\/www.suno.com.br\/noticias\/news-agenda-ofertas-bpml11-brco11-marco-cpf\/#breadcrumb\",\"itemListElement\":[{\"@type\":\"ListItem\",\"position\":1,\"name\":\"Not\u00edcias\",\"item\":\"https:\/\/www.suno.com.br\/noticias\/\"},{\"@type\":\"ListItem\",\"position\":2,\"name\":\"FIIs\",\"item\":\"https:\/\/www.suno.com.br\/noticias\/fiis\/\"},{\"@type\":\"ListItem\",\"position\":3,\"name\":\"BPML11, BRCO11: Veja a agenda de ofertas de fundos imobili\u00e1rios desta semana\"}]},{\"@type\":\"WebSite\",\"@id\":\"https:\/\/www.suno.com.br\/noticias\/#website\",\"url\":\"https:\/\/www.suno.com.br\/noticias\/\",\"name\":\"Suno Not\u00edcias\",\"description\":\"Seu portal de informa\u00e7\u00e3o sobre o mundo dos investimentos\",\"publisher\":{\"@id\":\"https:\/\/www.suno.com.br\/noticias\/#organization\"},\"potentialAction\":[{\"@type\":\"SearchAction\",\"target\":{\"@type\":\"EntryPoint\",\"urlTemplate\":\"https:\/\/www.suno.com.br\/noticias\/?s={search_term_string}\"},\"query-input\":{\"@type\":\"PropertyValueSpecification\",\"valueRequired\":true,\"valueName\":\"search_term_string\"}}],\"inLanguage\":\"pt-BR\"},{\"@type\":\"Organization\",\"@id\":\"https:\/\/www.suno.com.br\/noticias\/#organization\",\"name\":\"Suno Not\u00edcias\",\"url\":\"https:\/\/www.suno.com.br\/noticias\/\",\"logo\":{\"@type\":\"ImageObject\",\"inLanguage\":\"pt-BR\",\"@id\":\"https:\/\/www.suno.com.br\/noticias\/#\/schema\/logo\/image\/\",\"url\":\"https:\/\/files.sunoresearch.com.br\/n\/uploads\/2021\/09\/suno-logo.png\",\"contentUrl\":\"https:\/\/files.sunoresearch.com.br\/n\/uploads\/2021\/09\/suno-logo.png\",\"width\":180,\"height\":180,\"caption\":\"Suno Not\u00edcias\"},\"image\":{\"@id\":\"https:\/\/www.suno.com.br\/noticias\/#\/schema\/logo\/image\/\"},\"sameAs\":[\"https:\/\/facebook.com\/sunoresearch\",\"https:\/\/x.com\/sunoresearch\",\"https:\/\/www.instagram.com\/suno\",\"https:\/\/www.linkedin.com\/company\/suno-research\/\",\"https:\/\/www.youtube.com\/c\/sunoresearch\"]},{\"@type\":\"Person\",\"@id\":\"https:\/\/www.suno.com.br\/noticias\/#\/schema\/person\/f341d3ae5d1cc685176c9a5327cdfdbb\",\"name\":\"Camila Paim\",\"image\":{\"@type\":\"ImageObject\",\"inLanguage\":\"pt-BR\",\"@id\":\"https:\/\/www.suno.com.br\/noticias\/#\/schema\/person\/image\/\",\"url\":\"https:\/\/secure.gravatar.com\/avatar\/f33728e65febb1aa7ecf6792956f9b20?s=96&r=g\",\"contentUrl\":\"https:\/\/secure.gravatar.com\/avatar\/f33728e65febb1aa7ecf6792956f9b20?s=96&r=g\",\"caption\":\"Camila Paim\"},\"description\":\"Jornalista formada pela USP, tem experi\u00eancia em reda\u00e7\u00f5es, SEO, Branded Content e Webdesign. Com passagem pelo Jornal da USP, Empiricus e C6 Bank, hoje \u00e9 rep\u00f3rter no Suno Not\u00edcias cobrindo macroeconomia, finan\u00e7as pessoais e startups.\",\"url\":\"https:\/\/www.suno.com.br\/noticias\/author\/camila-figueiredosuno-com-br\/\"}]}<\/script>\n<!-- \/ Yoast SEO plugin. -->","yoast_head_json":{"title":"BPML11, BRCO11: Veja a agenda de ofertas de fundos imobili\u00e1rios","description":"A agenda de ofertas de fundos imobili\u00e1rios desta semana conta com o BPML11 e BRCO11. Veja mais sobre as emiss\u00f5es p\u00fablicas do BPML11 e BRCO11.","robots":{"index":"index","follow":"follow","max-snippet":"max-snippet:-1","max-image-preview":"max-image-preview:large","max-video-preview":"max-video-preview:-1"},"canonical":"https:\/\/www.suno.com.br\/noticias\/news-agenda-ofertas-bpml11-brco11-marco-cpf\/","og_locale":"pt_BR","og_type":"article","og_title":"BPML11, BRCO11: Veja a agenda de ofertas de fundos imobili\u00e1rios","og_description":"A agenda de ofertas de fundos imobili\u00e1rios desta semana conta com o BPML11 e BRCO11. Veja mais sobre as emiss\u00f5es p\u00fablicas do BPML11 e BRCO11.","og_url":"https:\/\/www.suno.com.br\/noticias\/news-agenda-ofertas-bpml11-brco11-marco-cpf\/","og_site_name":"Suno Not\u00edcias","article_publisher":"https:\/\/facebook.com\/sunoresearch","og_image":[{"width":1300,"height":974,"url":"https:\/\/files.sunoresearch.com.br\/n\/uploads\/2024\/01\/fundos-infraestrutura-scaled-e1706698398249.jpg","type":"image\/jpeg"}],"author":"Camila Paim","twitter_card":"summary_large_image","twitter_creator":"@sunoresearch","twitter_site":"@sunoresearch","twitter_misc":{"Escrito por":"Camila Paim","Est. tempo de leitura":"4 minutos"},"schema":{"@context":"https:\/\/schema.org","@graph":[{"@type":"NewsArticle","@id":"https:\/\/www.suno.com.br\/noticias\/news-agenda-ofertas-bpml11-brco11-marco-cpf\/#article","isPartOf":{"@id":"https:\/\/www.suno.com.br\/noticias\/news-agenda-ofertas-bpml11-brco11-marco-cpf\/"},"author":{"name":"Camila Paim","@id":"https:\/\/www.suno.com.br\/noticias\/#\/schema\/person\/f341d3ae5d1cc685176c9a5327cdfdbb"},"headline":"BPML11, BRCO11: Veja a agenda de ofertas de fundos imobili\u00e1rios desta semana","datePublished":"2024-03-25T12:03:37+00:00","dateModified":"2024-03-25T12:03:45+00:00","mainEntityOfPage":{"@id":"https:\/\/www.suno.com.br\/noticias\/news-agenda-ofertas-bpml11-brco11-marco-cpf\/"},"wordCount":752,"publisher":{"@id":"https:\/\/www.suno.com.br\/noticias\/#organization"},"image":{"@id":"https:\/\/www.suno.com.br\/noticias\/news-agenda-ofertas-bpml11-brco11-marco-cpf\/#primaryimage"},"thumbnailUrl":"https:\/\/files.sunoresearch.com.br\/n\/uploads\/2024\/01\/fundos-infraestrutura-scaled.webp","keywords":["BPML11","BRCO11","Fundos Imobili\u00e1rios (FIIs)","LVBI11","MFII11","NEWL11"],"articleSection":["FIIs"],"inLanguage":"pt-BR"},{"@type":"WebPage","@id":"https:\/\/www.suno.com.br\/noticias\/news-agenda-ofertas-bpml11-brco11-marco-cpf\/","url":"https:\/\/www.suno.com.br\/noticias\/news-agenda-ofertas-bpml11-brco11-marco-cpf\/","name":"BPML11, BRCO11: Veja a agenda de ofertas de fundos imobili\u00e1rios","isPartOf":{"@id":"https:\/\/www.suno.com.br\/noticias\/#website"},"primaryImageOfPage":{"@id":"https:\/\/www.suno.com.br\/noticias\/news-agenda-ofertas-bpml11-brco11-marco-cpf\/#primaryimage"},"image":{"@id":"https:\/\/www.suno.com.br\/noticias\/news-agenda-ofertas-bpml11-brco11-marco-cpf\/#primaryimage"},"thumbnailUrl":"https:\/\/files.sunoresearch.com.br\/n\/uploads\/2024\/01\/fundos-infraestrutura-scaled.webp","datePublished":"2024-03-25T12:03:37+00:00","dateModified":"2024-03-25T12:03:45+00:00","description":"A agenda de ofertas de fundos imobili\u00e1rios desta semana conta com o BPML11 e BRCO11. Veja mais sobre as emiss\u00f5es p\u00fablicas do BPML11 e BRCO11.","breadcrumb":{"@id":"https:\/\/www.suno.com.br\/noticias\/news-agenda-ofertas-bpml11-brco11-marco-cpf\/#breadcrumb"},"inLanguage":"pt-BR","potentialAction":[{"@type":"ReadAction","target":["https:\/\/www.suno.com.br\/noticias\/news-agenda-ofertas-bpml11-brco11-marco-cpf\/"]}]},{"@type":"ImageObject","inLanguage":"pt-BR","@id":"https:\/\/www.suno.com.br\/noticias\/news-agenda-ofertas-bpml11-brco11-marco-cpf\/#primaryimage","url":"https:\/\/files.sunoresearch.com.br\/n\/uploads\/2024\/01\/fundos-infraestrutura-scaled.webp","contentUrl":"https:\/\/files.sunoresearch.com.br\/n\/uploads\/2024\/01\/fundos-infraestrutura-scaled.webp","width":2560,"height":1919,"caption":"Fundos imobili\u00e1rios - Foto: Unsplash"},{"@type":"BreadcrumbList","@id":"https:\/\/www.suno.com.br\/noticias\/news-agenda-ofertas-bpml11-brco11-marco-cpf\/#breadcrumb","itemListElement":[{"@type":"ListItem","position":1,"name":"Not\u00edcias","item":"https:\/\/www.suno.com.br\/noticias\/"},{"@type":"ListItem","position":2,"name":"FIIs","item":"https:\/\/www.suno.com.br\/noticias\/fiis\/"},{"@type":"ListItem","position":3,"name":"BPML11, BRCO11: Veja a agenda de ofertas de fundos imobili\u00e1rios desta semana"}]},{"@type":"WebSite","@id":"https:\/\/www.suno.com.br\/noticias\/#website","url":"https:\/\/www.suno.com.br\/noticias\/","name":"Suno Not\u00edcias","description":"Seu portal de informa\u00e7\u00e3o sobre o mundo dos investimentos","publisher":{"@id":"https:\/\/www.suno.com.br\/noticias\/#organization"},"potentialAction":[{"@type":"SearchAction","target":{"@type":"EntryPoint","urlTemplate":"https:\/\/www.suno.com.br\/noticias\/?s={search_term_string}"},"query-input":{"@type":"PropertyValueSpecification","valueRequired":true,"valueName":"search_term_string"}}],"inLanguage":"pt-BR"},{"@type":"Organization","@id":"https:\/\/www.suno.com.br\/noticias\/#organization","name":"Suno Not\u00edcias","url":"https:\/\/www.suno.com.br\/noticias\/","logo":{"@type":"ImageObject","inLanguage":"pt-BR","@id":"https:\/\/www.suno.com.br\/noticias\/#\/schema\/logo\/image\/","url":"https:\/\/files.sunoresearch.com.br\/n\/uploads\/2021\/09\/suno-logo.png","contentUrl":"https:\/\/files.sunoresearch.com.br\/n\/uploads\/2021\/09\/suno-logo.png","width":180,"height":180,"caption":"Suno Not\u00edcias"},"image":{"@id":"https:\/\/www.suno.com.br\/noticias\/#\/schema\/logo\/image\/"},"sameAs":["https:\/\/facebook.com\/sunoresearch","https:\/\/x.com\/sunoresearch","https:\/\/www.instagram.com\/suno","https:\/\/www.linkedin.com\/company\/suno-research\/","https:\/\/www.youtube.com\/c\/sunoresearch"]},{"@type":"Person","@id":"https:\/\/www.suno.com.br\/noticias\/#\/schema\/person\/f341d3ae5d1cc685176c9a5327cdfdbb","name":"Camila Paim","image":{"@type":"ImageObject","inLanguage":"pt-BR","@id":"https:\/\/www.suno.com.br\/noticias\/#\/schema\/person\/image\/","url":"https:\/\/secure.gravatar.com\/avatar\/f33728e65febb1aa7ecf6792956f9b20?s=96&r=g","contentUrl":"https:\/\/secure.gravatar.com\/avatar\/f33728e65febb1aa7ecf6792956f9b20?s=96&r=g","caption":"Camila Paim"},"description":"Jornalista formada pela USP, tem experi\u00eancia em reda\u00e7\u00f5es, SEO, Branded Content e Webdesign. Com passagem pelo Jornal da USP, Empiricus e C6 Bank, hoje \u00e9 rep\u00f3rter no Suno Not\u00edcias cobrindo macroeconomia, finan\u00e7as pessoais e startups.","url":"https:\/\/www.suno.com.br\/noticias\/author\/camila-figueiredosuno-com-br\/"}]}},"default_loop_html":"<div class=\"cardsPage__listCard__boxs\"><div class=\"cardsPage__listCard__boxs__img\"><a href=\"https:\/\/www.suno.com.br\/noticias\/news-agenda-ofertas-bpml11-brco11-marco-cpf\/\"><img class=\"mask\" src=\"https:\/\/www.suno.com.br\/noticias\/wp-content\/themes\/suno\/resources\/images\/spotlight\/spotlight1img\/bg-mask.png\" alt=\"Image Mask\"\/><img src=\"https:\/\/files.sunoresearch.com.br\/n\/uploads\/2024\/01\/fundos-infraestrutura-400x200.webp\" alt=\"BPML11, BRCO11: Veja a agenda de ofertas de fundos imobili\u00e1rios desta semana\"\/><\/a><span class=\"spotlightCategory\"><a href=\"https:\/\/www.suno.com.br\/noticias\/fiis\/\">FIIs<\/a><\/span><\/div><div class=\"cardsPage__listCard__boxs__content\"><a href=\"https:\/\/www.suno.com.br\/noticias\/news-agenda-ofertas-bpml11-brco11-marco-cpf\/\"><h2 class=\"content__title\">BPML11, BRCO11: Veja a agenda de ofertas de fundos imobili\u00e1rios desta semana<\/h2><\/a><div class=\"newsContent__article__meta\"><div class=\"newsContent__article__meta__authorBox\"><a href=\"https:\/\/www.suno.com.br\/noticias\/author\/camila-figueiredosuno-com-br\/\" class=\"authorBox__avatar noMobi\"><img src=\"https:\/\/files.sunoresearch.com.br\/n\/uploads\/2024\/05\/camila-paim-square-150x150.jpg\" alt=\"Camila Paim\"><\/a><div class=\"authorBox__name\"><span>por\n\t\t\t<a href=\"https:\/\/www.suno.com.br\/noticias\/author\/camila-figueiredosuno-com-br\/\"><span itemprop=\"author\">Camila Paim<\/span><\/a><\/span><time datetime=\"2024-03-25T09:03:37-03:00\" itemprop=\"datePublished\">25\/03\/2024 09:03<\/time><\/div><\/div><\/div><\/div><\/div>","single_layout":"posts","amp_enabled":true,"_links":{"self":[{"href":"https:\/\/www.suno.com.br\/noticias\/wp-json\/wp\/v2\/posts\/537090"}],"collection":[{"href":"https:\/\/www.suno.com.br\/noticias\/wp-json\/wp\/v2\/posts"}],"about":[{"href":"https:\/\/www.suno.com.br\/noticias\/wp-json\/wp\/v2\/types\/post"}],"author":[{"embeddable":true,"href":"https:\/\/www.suno.com.br\/noticias\/wp-json\/wp\/v2\/users\/283"}],"replies":[{"embeddable":true,"href":"https:\/\/www.suno.com.br\/noticias\/wp-json\/wp\/v2\/comments?post=537090"}],"version-history":[{"count":3,"href":"https:\/\/www.suno.com.br\/noticias\/wp-json\/wp\/v2\/posts\/537090\/revisions"}],"predecessor-version":[{"id":537164,"href":"https:\/\/www.suno.com.br\/noticias\/wp-json\/wp\/v2\/posts\/537090\/revisions\/537164"}],"wp:featuredmedia":[{"embeddable":true,"href":"https:\/\/www.suno.com.br\/noticias\/wp-json\/wp\/v2\/media\/518095"}],"wp:attachment":[{"href":"https:\/\/www.suno.com.br\/noticias\/wp-json\/wp\/v2\/media?parent=537090"}],"wp:term":[{"taxonomy":"category","embeddable":true,"href":"https:\/\/www.suno.com.br\/noticias\/wp-json\/wp\/v2\/categories?post=537090"},{"taxonomy":"post_tag","embeddable":true,"href":"https:\/\/www.suno.com.br\/noticias\/wp-json\/wp\/v2\/tags?post=537090"},{"taxonomy":"suno_strategy","embeddable":true,"href":"https:\/\/www.suno.com.br\/noticias\/wp-json\/wp\/v2\/suno_strategy?post=537090"}],"curies":[{"name":"wp","href":"https:\/\/api.w.org\/{rel}","templated":true}]}}