{"id":53677,"date":"2020-02-19T17:30:53","date_gmt":"2020-02-19T20:30:53","guid":{"rendered":"https:\/\/www.suno.com.br\/noticias\/?p=53677"},"modified":"2020-02-19T17:32:12","modified_gmt":"2020-02-19T20:32:12","slug":"imposto-de-renda-regras-para-declarar","status":"publish","type":"post","link":"https:\/\/www.suno.com.br\/noticias\/imposto-de-renda-regras-para-declarar\/","title":{"rendered":"Imposto de Renda: confira as novas regras para declarar"},"content":{"rendered":"<p>A Receita Federal divulgou nesta quarta-feira (19) as regras para a declarar o <strong>Imposto de Renda<\/strong> 2020. O per\u00edodo para a declara\u00e7\u00e3o come\u00e7a no dia 2 de mar\u00e7o e encerra em 30 de abril.<\/p>\t<div class=\"wrapper-featured-image\">\n\t\t<figure class=\"spotlightImg\">\n\n\t\t\t<picture>\n\t\t\t\t<source media=\"(max-width: 768px)\" srcset=\"https:\/\/files.sunoresearch.com.br\/n\/uploads\/2018\/12\/cf102ca9-receita-federal-400x200.webp\">\n\t\t\t\t<img loading=\"lazy\" decoding=\"async\" class=\"newsContent__article__imgCapa lazyloadDisabled newsContent__article__imgCapa--noCaption\" src=\"https:\/\/files.sunoresearch.com.br\/n\/uploads\/2018\/12\/cf102ca9-receita-federal-800x450.webp\" width=\"800\" height=\"450\" alt=\"Imposto de Renda: confira as novas regras para declarar\" fetchpriority=high \/>\n\t\t\t<\/picture>\n\n\t\t\t<figcaption class=\"wp-caption-text wp-caption-text--hide\">Foto: Divulga\u00e7\u00e3o<\/figcaption>\n\t\t<\/figure>\n\t<\/div>\n\n\n\n<p>O programa de declara\u00e7\u00e3o e entrega do Imposto de Renda poder\u00e1 ser baixado no site da <strong>Receita Federal<\/strong> a partir da pr\u00f3xima quinta-feira (20). A expectativa \u00e9 que 32 milh\u00f5es de contribuintes fa\u00e7am suas declara\u00e7\u00f5es neste ano.<\/p>\n<p>As restitui\u00e7\u00f5es do IR ser\u00e3o pagas em cinco lotes. O primeiro ser\u00e1 liberado em 29 de maio. Os lotes restantes ser\u00e3o pagos em 30 de junho, 31 de julho, 31 de agosto e 30 de setembro. At\u00e9 o ano passado, os pagamentos eram divididos em sete partes.<\/p>\n<p><a href=\"https:\/\/www.suno.com.br\/noticias\/anbima-estuda-acabar-com-rotulacao-por-patrimonio\/\">Leia tamb\u00e9m: Anbima estuda acabar com rotula\u00e7\u00e3o de investidor por patrim\u00f4nio<\/a><\/p>\n<p>Os contribuintes que atrasarem a entrega dever\u00e3o pagar uma multa de 1% sobre o imposto devido ao m\u00eas. O valor m\u00ednimo \u00e9 de R$ 165,74. J\u00e1 o valor m\u00e1ximo corresponde a 20% do imposto devido.<\/p>\n<h2>Quem deve declarar o Imposto de Renda<\/h2>\n<p>Para ser obrigado a declarar o IR 2020, \u00e9 necess\u00e1rio se encaixar em alguma das seguintes categorias:<\/p>\n<ul>\n<li>Recebeu mais de R$ 28.559,70 em rendimentos tribut\u00e1veis (sal\u00e1rio, aposentadoria, alugu\u00e9is, etc) em 2019;<\/li>\n<li>Ganhou mais de R$ 40 mil em rendimentos isentos, n\u00e3o tribut\u00e1veis ou tributados exclusivamente na fonte (indeniza\u00e7\u00e3o trabalhista, rendimento de poupan\u00e7a, etc);<\/li>\n<li>Obteve ganhos de capital com aliena\u00e7\u00e3o de bens ou direitos;<\/li>\n<li>Teve receita bruta superior a R$ 142.798,20 em atividade rural no ano passado;<\/li>\n<li>Tinha a posse ou a propriedade de bens ou direitos de valor total superior a R$ 300 mil at\u00e9 31 de dezembro de 2019;<\/li>\n<li>Se tornou residente do Brasil em qualquer m\u00eas de 2019 e ficou no Pa\u00eds at\u00e9 o dia 31 de dezembro;<\/li>\n<li>Possui mais de R$ 300 mil em bens;<\/li>\n<li>Comprou ou vendeu a\u00e7\u00f5es na Bolsa de Valores;<\/li>\n<li>Vendeu um im\u00f3vel e adquiriu outra propriedade em um per\u00edodo de 180 dias, utilizando a isen\u00e7\u00e3o do IR durante a venda.<\/li>\n<\/ul>\n<p>As pessoas que possuem a\u00e7\u00f5es ou outro ativo financeiro com valor inferior a R$ 1 mil n\u00e3o precisam declarar estes valores no <strong>Imposto de Renda<\/strong>. Os saldos em contas correntes menores que R$ 140 tamb\u00e9m est\u00e3o dispensados. Al\u00e9m disso, as d\u00edvidas dos contribuintes que estavam abaixo de R$ 5 mil em 31 de dezembro de 2019 n\u00e3o precisar\u00e3o ser declaradas.<\/p>\n\n","protected":false},"excerpt":{"rendered":"<p>A Receita Federal divulgou nesta quarta-feira (19) as regras para a declarar o Imposto de Renda 2020. O per\u00edodo para a declara\u00e7\u00e3o come\u00e7a no dia 2 de mar\u00e7o e encerra em 30 de abril. Foto: Divulga\u00e7\u00e3o O programa de declara\u00e7\u00e3o e entrega do Imposto de Renda poder\u00e1 ser baixado no site da Receita Federal a [&hellip;]<\/p>\n","protected":false},"author":18,"featured_media":8310,"comment_status":"closed","ping_status":"closed","sticky":false,"template":"","format":"standard","meta":[],"categories":[65],"tags":[303,847],"suno_strategy":[],"class_list":["post-53677","post","type-post","status-publish","format-standard","has-post-thumbnail","hentry","category-financas-pessoais","tag-imposto-de-renda","tag-receita-federal"],"yoast_head":"<!-- This site is optimized with the Yoast SEO plugin v24.4 - https:\/\/yoast.com\/wordpress\/plugins\/seo\/ -->\n<title>Imposto de Renda: confira as novas regras para declarar<\/title>\n<meta name=\"description\" content=\"A Receita Federal divulgou nesta quarta-feira (19) as regras para a declarar o Imposto de Renda 2020. Clique para saber mais.\" \/>\n<meta name=\"robots\" content=\"index, follow, max-snippet:-1, max-image-preview:large, max-video-preview:-1\" \/>\n<link rel=\"canonical\" href=\"https:\/\/www.suno.com.br\/noticias\/imposto-de-renda-regras-para-declarar\/\" \/>\n<meta property=\"og:locale\" content=\"pt_BR\" \/>\n<meta property=\"og:type\" content=\"article\" \/>\n<meta property=\"og:title\" content=\"Imposto de Renda: confira as novas regras para declarar\" \/>\n<meta property=\"og:description\" content=\"A Receita Federal divulgou nesta quarta-feira (19) as regras para a declarar o Imposto de Renda 2020. Clique para saber mais.\" \/>\n<meta property=\"og:url\" content=\"https:\/\/www.suno.com.br\/noticias\/imposto-de-renda-regras-para-declarar\/\" \/>\n<meta property=\"og:site_name\" content=\"Suno Not\u00edcias\" \/>\n<meta property=\"article:publisher\" content=\"https:\/\/facebook.com\/sunoresearch\" \/>\n<meta property=\"og:image\" content=\"https:\/\/files.sunoresearch.com.br\/n\/uploads\/2018\/12\/cf102ca9-receita-federal.jpg\" \/>\n\t<meta property=\"og:image:width\" content=\"1500\" \/>\n\t<meta property=\"og:image:height\" content=\"1000\" \/>\n\t<meta property=\"og:image:type\" content=\"image\/jpeg\" \/>\n<meta name=\"author\" content=\"Giovanna Oliveira\" \/>\n<meta name=\"twitter:card\" content=\"summary_large_image\" \/>\n<meta name=\"twitter:creator\" content=\"@sunoresearch\" \/>\n<meta name=\"twitter:site\" content=\"@sunoresearch\" \/>\n<meta name=\"twitter:label1\" content=\"Escrito por\" \/>\n\t<meta name=\"twitter:data1\" content=\"Giovanna Oliveira\" \/>\n\t<meta name=\"twitter:label2\" content=\"Est. tempo de leitura\" \/>\n\t<meta name=\"twitter:data2\" content=\"2 minutos\" \/>\n<script type=\"application\/ld+json\" class=\"yoast-schema-graph\">{\"@context\":\"https:\/\/schema.org\",\"@graph\":[{\"@type\":\"NewsArticle\",\"@id\":\"https:\/\/www.suno.com.br\/noticias\/imposto-de-renda-regras-para-declarar\/#article\",\"isPartOf\":{\"@id\":\"https:\/\/www.suno.com.br\/noticias\/imposto-de-renda-regras-para-declarar\/\"},\"author\":{\"name\":\"Giovanna Oliveira\",\"@id\":\"https:\/\/www.suno.com.br\/noticias\/#\/schema\/person\/4e19e3d2575736e5283d58eb3199d120\"},\"headline\":\"Imposto de Renda: confira as novas regras para declarar\",\"datePublished\":\"2020-02-19T20:30:53+00:00\",\"dateModified\":\"2020-02-19T20:32:12+00:00\",\"mainEntityOfPage\":{\"@id\":\"https:\/\/www.suno.com.br\/noticias\/imposto-de-renda-regras-para-declarar\/\"},\"wordCount\":413,\"publisher\":{\"@id\":\"https:\/\/www.suno.com.br\/noticias\/#organization\"},\"image\":{\"@id\":\"https:\/\/www.suno.com.br\/noticias\/imposto-de-renda-regras-para-declarar\/#primaryimage\"},\"thumbnailUrl\":\"https:\/\/files.sunoresearch.com.br\/n\/uploads\/2018\/12\/cf102ca9-receita-federal-jpg.webp\",\"keywords\":[\"Imposto de Renda\",\"Receita Federal\"],\"articleSection\":[\"Finan\u00e7as Pessoais\"],\"inLanguage\":\"pt-BR\"},{\"@type\":\"WebPage\",\"@id\":\"https:\/\/www.suno.com.br\/noticias\/imposto-de-renda-regras-para-declarar\/\",\"url\":\"https:\/\/www.suno.com.br\/noticias\/imposto-de-renda-regras-para-declarar\/\",\"name\":\"Imposto de Renda: confira as novas regras para declarar\",\"isPartOf\":{\"@id\":\"https:\/\/www.suno.com.br\/noticias\/#website\"},\"primaryImageOfPage\":{\"@id\":\"https:\/\/www.suno.com.br\/noticias\/imposto-de-renda-regras-para-declarar\/#primaryimage\"},\"image\":{\"@id\":\"https:\/\/www.suno.com.br\/noticias\/imposto-de-renda-regras-para-declarar\/#primaryimage\"},\"thumbnailUrl\":\"https:\/\/files.sunoresearch.com.br\/n\/uploads\/2018\/12\/cf102ca9-receita-federal-jpg.webp\",\"datePublished\":\"2020-02-19T20:30:53+00:00\",\"dateModified\":\"2020-02-19T20:32:12+00:00\",\"description\":\"A Receita Federal divulgou nesta quarta-feira (19) as regras para a declarar o Imposto de Renda 2020. Clique para saber mais.\",\"breadcrumb\":{\"@id\":\"https:\/\/www.suno.com.br\/noticias\/imposto-de-renda-regras-para-declarar\/#breadcrumb\"},\"inLanguage\":\"pt-BR\",\"potentialAction\":[{\"@type\":\"ReadAction\",\"target\":[\"https:\/\/www.suno.com.br\/noticias\/imposto-de-renda-regras-para-declarar\/\"]}]},{\"@type\":\"ImageObject\",\"inLanguage\":\"pt-BR\",\"@id\":\"https:\/\/www.suno.com.br\/noticias\/imposto-de-renda-regras-para-declarar\/#primaryimage\",\"url\":\"https:\/\/files.sunoresearch.com.br\/n\/uploads\/2018\/12\/cf102ca9-receita-federal-jpg.webp\",\"contentUrl\":\"https:\/\/files.sunoresearch.com.br\/n\/uploads\/2018\/12\/cf102ca9-receita-federal-jpg.webp\",\"width\":1500,\"height\":1000,\"caption\":\"Foto: Divulga\u00e7\u00e3o\"},{\"@type\":\"BreadcrumbList\",\"@id\":\"https:\/\/www.suno.com.br\/noticias\/imposto-de-renda-regras-para-declarar\/#breadcrumb\",\"itemListElement\":[{\"@type\":\"ListItem\",\"position\":1,\"name\":\"Not\u00edcias\",\"item\":\"https:\/\/www.suno.com.br\/noticias\/\"},{\"@type\":\"ListItem\",\"position\":2,\"name\":\"Finan\u00e7as Pessoais\",\"item\":\"https:\/\/www.suno.com.br\/noticias\/financas-pessoais\/\"},{\"@type\":\"ListItem\",\"position\":3,\"name\":\"Imposto de Renda: confira as novas regras para declarar\"}]},{\"@type\":\"WebSite\",\"@id\":\"https:\/\/www.suno.com.br\/noticias\/#website\",\"url\":\"https:\/\/www.suno.com.br\/noticias\/\",\"name\":\"Suno Not\u00edcias\",\"description\":\"Seu portal de informa\u00e7\u00e3o sobre o mundo dos investimentos\",\"publisher\":{\"@id\":\"https:\/\/www.suno.com.br\/noticias\/#organization\"},\"potentialAction\":[{\"@type\":\"SearchAction\",\"target\":{\"@type\":\"EntryPoint\",\"urlTemplate\":\"https:\/\/www.suno.com.br\/noticias\/?s={search_term_string}\"},\"query-input\":{\"@type\":\"PropertyValueSpecification\",\"valueRequired\":true,\"valueName\":\"search_term_string\"}}],\"inLanguage\":\"pt-BR\"},{\"@type\":\"Organization\",\"@id\":\"https:\/\/www.suno.com.br\/noticias\/#organization\",\"name\":\"Suno Not\u00edcias\",\"url\":\"https:\/\/www.suno.com.br\/noticias\/\",\"logo\":{\"@type\":\"ImageObject\",\"inLanguage\":\"pt-BR\",\"@id\":\"https:\/\/www.suno.com.br\/noticias\/#\/schema\/logo\/image\/\",\"url\":\"https:\/\/files.sunoresearch.com.br\/n\/uploads\/2021\/09\/suno-logo.png\",\"contentUrl\":\"https:\/\/files.sunoresearch.com.br\/n\/uploads\/2021\/09\/suno-logo.png\",\"width\":180,\"height\":180,\"caption\":\"Suno Not\u00edcias\"},\"image\":{\"@id\":\"https:\/\/www.suno.com.br\/noticias\/#\/schema\/logo\/image\/\"},\"sameAs\":[\"https:\/\/facebook.com\/sunoresearch\",\"https:\/\/x.com\/sunoresearch\",\"https:\/\/www.instagram.com\/suno\",\"https:\/\/www.linkedin.com\/company\/suno-research\/\",\"https:\/\/www.youtube.com\/c\/sunoresearch\"]},{\"@type\":\"Person\",\"@id\":\"https:\/\/www.suno.com.br\/noticias\/#\/schema\/person\/4e19e3d2575736e5283d58eb3199d120\",\"name\":\"Giovanna Oliveira\",\"image\":{\"@type\":\"ImageObject\",\"inLanguage\":\"pt-BR\",\"@id\":\"https:\/\/www.suno.com.br\/noticias\/#\/schema\/person\/image\/\",\"url\":\"https:\/\/secure.gravatar.com\/avatar\/9a37b3ae208962ac568992d0ffdbc2eb?s=96&r=g\",\"contentUrl\":\"https:\/\/secure.gravatar.com\/avatar\/9a37b3ae208962ac568992d0ffdbc2eb?s=96&r=g\",\"caption\":\"Giovanna Oliveira\"},\"description\":\"Giovanna Oliveira escreve sobre economia e pol\u00edtica. Foi rep\u00f3rter do portal de jornalismo da ESPM-SP e produziu conte\u00fado para a Corinthians TV. \u00c9 estudante da ESPM.\",\"url\":\"https:\/\/www.suno.com.br\/noticias\/author\/giovanna\/\"}]}<\/script>\n<!-- \/ Yoast SEO plugin. -->","yoast_head_json":{"title":"Imposto de Renda: confira as novas regras para declarar","description":"A Receita Federal divulgou nesta quarta-feira (19) as regras para a declarar o Imposto de Renda 2020. Clique para saber mais.","robots":{"index":"index","follow":"follow","max-snippet":"max-snippet:-1","max-image-preview":"max-image-preview:large","max-video-preview":"max-video-preview:-1"},"canonical":"https:\/\/www.suno.com.br\/noticias\/imposto-de-renda-regras-para-declarar\/","og_locale":"pt_BR","og_type":"article","og_title":"Imposto de Renda: confira as novas regras para declarar","og_description":"A Receita Federal divulgou nesta quarta-feira (19) as regras para a declarar o Imposto de Renda 2020. Clique para saber mais.","og_url":"https:\/\/www.suno.com.br\/noticias\/imposto-de-renda-regras-para-declarar\/","og_site_name":"Suno Not\u00edcias","article_publisher":"https:\/\/facebook.com\/sunoresearch","og_image":[{"width":1500,"height":1000,"url":"https:\/\/files.sunoresearch.com.br\/n\/uploads\/2018\/12\/cf102ca9-receita-federal.jpg","type":"image\/jpeg"}],"author":"Giovanna Oliveira","twitter_card":"summary_large_image","twitter_creator":"@sunoresearch","twitter_site":"@sunoresearch","twitter_misc":{"Escrito por":"Giovanna Oliveira","Est. tempo de leitura":"2 minutos"},"schema":{"@context":"https:\/\/schema.org","@graph":[{"@type":"NewsArticle","@id":"https:\/\/www.suno.com.br\/noticias\/imposto-de-renda-regras-para-declarar\/#article","isPartOf":{"@id":"https:\/\/www.suno.com.br\/noticias\/imposto-de-renda-regras-para-declarar\/"},"author":{"name":"Giovanna Oliveira","@id":"https:\/\/www.suno.com.br\/noticias\/#\/schema\/person\/4e19e3d2575736e5283d58eb3199d120"},"headline":"Imposto de Renda: confira as novas regras para declarar","datePublished":"2020-02-19T20:30:53+00:00","dateModified":"2020-02-19T20:32:12+00:00","mainEntityOfPage":{"@id":"https:\/\/www.suno.com.br\/noticias\/imposto-de-renda-regras-para-declarar\/"},"wordCount":413,"publisher":{"@id":"https:\/\/www.suno.com.br\/noticias\/#organization"},"image":{"@id":"https:\/\/www.suno.com.br\/noticias\/imposto-de-renda-regras-para-declarar\/#primaryimage"},"thumbnailUrl":"https:\/\/files.sunoresearch.com.br\/n\/uploads\/2018\/12\/cf102ca9-receita-federal-jpg.webp","keywords":["Imposto de Renda","Receita Federal"],"articleSection":["Finan\u00e7as Pessoais"],"inLanguage":"pt-BR"},{"@type":"WebPage","@id":"https:\/\/www.suno.com.br\/noticias\/imposto-de-renda-regras-para-declarar\/","url":"https:\/\/www.suno.com.br\/noticias\/imposto-de-renda-regras-para-declarar\/","name":"Imposto de Renda: confira as novas regras para declarar","isPartOf":{"@id":"https:\/\/www.suno.com.br\/noticias\/#website"},"primaryImageOfPage":{"@id":"https:\/\/www.suno.com.br\/noticias\/imposto-de-renda-regras-para-declarar\/#primaryimage"},"image":{"@id":"https:\/\/www.suno.com.br\/noticias\/imposto-de-renda-regras-para-declarar\/#primaryimage"},"thumbnailUrl":"https:\/\/files.sunoresearch.com.br\/n\/uploads\/2018\/12\/cf102ca9-receita-federal-jpg.webp","datePublished":"2020-02-19T20:30:53+00:00","dateModified":"2020-02-19T20:32:12+00:00","description":"A Receita Federal divulgou nesta quarta-feira (19) as regras para a declarar o Imposto de Renda 2020. Clique para saber mais.","breadcrumb":{"@id":"https:\/\/www.suno.com.br\/noticias\/imposto-de-renda-regras-para-declarar\/#breadcrumb"},"inLanguage":"pt-BR","potentialAction":[{"@type":"ReadAction","target":["https:\/\/www.suno.com.br\/noticias\/imposto-de-renda-regras-para-declarar\/"]}]},{"@type":"ImageObject","inLanguage":"pt-BR","@id":"https:\/\/www.suno.com.br\/noticias\/imposto-de-renda-regras-para-declarar\/#primaryimage","url":"https:\/\/files.sunoresearch.com.br\/n\/uploads\/2018\/12\/cf102ca9-receita-federal-jpg.webp","contentUrl":"https:\/\/files.sunoresearch.com.br\/n\/uploads\/2018\/12\/cf102ca9-receita-federal-jpg.webp","width":1500,"height":1000,"caption":"Foto: Divulga\u00e7\u00e3o"},{"@type":"BreadcrumbList","@id":"https:\/\/www.suno.com.br\/noticias\/imposto-de-renda-regras-para-declarar\/#breadcrumb","itemListElement":[{"@type":"ListItem","position":1,"name":"Not\u00edcias","item":"https:\/\/www.suno.com.br\/noticias\/"},{"@type":"ListItem","position":2,"name":"Finan\u00e7as Pessoais","item":"https:\/\/www.suno.com.br\/noticias\/financas-pessoais\/"},{"@type":"ListItem","position":3,"name":"Imposto de Renda: confira as novas regras para declarar"}]},{"@type":"WebSite","@id":"https:\/\/www.suno.com.br\/noticias\/#website","url":"https:\/\/www.suno.com.br\/noticias\/","name":"Suno Not\u00edcias","description":"Seu portal de informa\u00e7\u00e3o sobre o mundo dos investimentos","publisher":{"@id":"https:\/\/www.suno.com.br\/noticias\/#organization"},"potentialAction":[{"@type":"SearchAction","target":{"@type":"EntryPoint","urlTemplate":"https:\/\/www.suno.com.br\/noticias\/?s={search_term_string}"},"query-input":{"@type":"PropertyValueSpecification","valueRequired":true,"valueName":"search_term_string"}}],"inLanguage":"pt-BR"},{"@type":"Organization","@id":"https:\/\/www.suno.com.br\/noticias\/#organization","name":"Suno Not\u00edcias","url":"https:\/\/www.suno.com.br\/noticias\/","logo":{"@type":"ImageObject","inLanguage":"pt-BR","@id":"https:\/\/www.suno.com.br\/noticias\/#\/schema\/logo\/image\/","url":"https:\/\/files.sunoresearch.com.br\/n\/uploads\/2021\/09\/suno-logo.png","contentUrl":"https:\/\/files.sunoresearch.com.br\/n\/uploads\/2021\/09\/suno-logo.png","width":180,"height":180,"caption":"Suno Not\u00edcias"},"image":{"@id":"https:\/\/www.suno.com.br\/noticias\/#\/schema\/logo\/image\/"},"sameAs":["https:\/\/facebook.com\/sunoresearch","https:\/\/x.com\/sunoresearch","https:\/\/www.instagram.com\/suno","https:\/\/www.linkedin.com\/company\/suno-research\/","https:\/\/www.youtube.com\/c\/sunoresearch"]},{"@type":"Person","@id":"https:\/\/www.suno.com.br\/noticias\/#\/schema\/person\/4e19e3d2575736e5283d58eb3199d120","name":"Giovanna Oliveira","image":{"@type":"ImageObject","inLanguage":"pt-BR","@id":"https:\/\/www.suno.com.br\/noticias\/#\/schema\/person\/image\/","url":"https:\/\/secure.gravatar.com\/avatar\/9a37b3ae208962ac568992d0ffdbc2eb?s=96&r=g","contentUrl":"https:\/\/secure.gravatar.com\/avatar\/9a37b3ae208962ac568992d0ffdbc2eb?s=96&r=g","caption":"Giovanna Oliveira"},"description":"Giovanna Oliveira escreve sobre economia e pol\u00edtica. Foi rep\u00f3rter do portal de jornalismo da ESPM-SP e produziu conte\u00fado para a Corinthians TV. \u00c9 estudante da ESPM.","url":"https:\/\/www.suno.com.br\/noticias\/author\/giovanna\/"}]}},"default_loop_html":"<div class=\"cardsPage__listCard__boxs\"><div class=\"cardsPage__listCard__boxs__img\"><a href=\"https:\/\/www.suno.com.br\/noticias\/imposto-de-renda-regras-para-declarar\/\"><img class=\"mask\" src=\"https:\/\/www.suno.com.br\/noticias\/wp-content\/themes\/suno\/resources\/images\/spotlight\/spotlight1img\/bg-mask.png\" alt=\"Image Mask\"\/><img src=\"https:\/\/files.sunoresearch.com.br\/n\/uploads\/2018\/12\/cf102ca9-receita-federal-400x200.webp\" alt=\"Imposto de Renda: confira as novas regras para declarar\"\/><\/a><span class=\"spotlightCategory\"><a href=\"https:\/\/www.suno.com.br\/noticias\/financas-pessoais\/\">Finan\u00e7as Pessoais<\/a><\/span><\/div><div class=\"cardsPage__listCard__boxs__content\"><a href=\"https:\/\/www.suno.com.br\/noticias\/imposto-de-renda-regras-para-declarar\/\"><h2 class=\"content__title\">Imposto de Renda: confira as novas regras para declarar<\/h2><\/a><div class=\"newsContent__article__meta\"><div class=\"newsContent__article__meta__authorBox\"><a href=\"https:\/\/www.suno.com.br\/noticias\/author\/giovanna\/\" class=\"authorBox__avatar noMobi\"><img src=\"https:\/\/files.sunoresearch.com.br\/n\/uploads\/2019\/06\/952a89ca-screenshot_20190608-171507-150x150.webp\" alt=\"Giovanna Oliveira\"><\/a><div class=\"authorBox__name\"><span>por\n\t\t\t<a href=\"https:\/\/www.suno.com.br\/noticias\/author\/giovanna\/\"><span itemprop=\"author\">Giovanna Oliveira<\/span><\/a><\/span><time datetime=\"2020-02-19T17:30:53-03:00\" itemprop=\"datePublished\">19\/02\/2020 17:30<\/time><\/div><\/div><\/div><\/div><\/div>","single_layout":"posts","amp_enabled":true,"_links":{"self":[{"href":"https:\/\/www.suno.com.br\/noticias\/wp-json\/wp\/v2\/posts\/53677"}],"collection":[{"href":"https:\/\/www.suno.com.br\/noticias\/wp-json\/wp\/v2\/posts"}],"about":[{"href":"https:\/\/www.suno.com.br\/noticias\/wp-json\/wp\/v2\/types\/post"}],"author":[{"embeddable":true,"href":"https:\/\/www.suno.com.br\/noticias\/wp-json\/wp\/v2\/users\/18"}],"replies":[{"embeddable":true,"href":"https:\/\/www.suno.com.br\/noticias\/wp-json\/wp\/v2\/comments?post=53677"}],"version-history":[{"count":0,"href":"https:\/\/www.suno.com.br\/noticias\/wp-json\/wp\/v2\/posts\/53677\/revisions"}],"wp:featuredmedia":[{"embeddable":true,"href":"https:\/\/www.suno.com.br\/noticias\/wp-json\/wp\/v2\/media\/8310"}],"wp:attachment":[{"href":"https:\/\/www.suno.com.br\/noticias\/wp-json\/wp\/v2\/media?parent=53677"}],"wp:term":[{"taxonomy":"category","embeddable":true,"href":"https:\/\/www.suno.com.br\/noticias\/wp-json\/wp\/v2\/categories?post=53677"},{"taxonomy":"post_tag","embeddable":true,"href":"https:\/\/www.suno.com.br\/noticias\/wp-json\/wp\/v2\/tags?post=53677"},{"taxonomy":"suno_strategy","embeddable":true,"href":"https:\/\/www.suno.com.br\/noticias\/wp-json\/wp\/v2\/suno_strategy?post=53677"}],"curies":[{"name":"wp","href":"https:\/\/api.w.org\/{rel}","templated":true}]}}