{"id":536435,"date":"2024-03-21T19:10:48","date_gmt":"2024-03-21T22:10:48","guid":{"rendered":"https:\/\/www.suno.com.br\/noticias\/?p=536435"},"modified":"2024-03-21T19:10:53","modified_gmt":"2024-03-21T22:10:53","slug":"eletrobras-elet3-impasse-angra-mm","status":"publish","type":"post","link":"https:\/\/www.suno.com.br\/noticias\/eletrobras-elet3-impasse-angra-mm\/","title":{"rendered":"Impasse entre governo e Eletrobras (ELET3) pode prejudicar renova\u00e7\u00e3o da concess\u00e3o de Angra 1"},"content":{"rendered":"<p>Membros da ala privada da <strong>Eletrobras<\/strong> (ELET3) n\u00e3o aprovaram o plano de investimentos de Angra 1, estimado em cerca de R$ 880 milh\u00f5es. A incerteza pode prejudicar a renova\u00e7\u00e3o da concess\u00e3o da usina nuclear de Angra dos Reis no <a class=\"suno-keyword\" data-force=\"no\" data-priority=\"1\" href=\"https:\/\/www.suno.com.br\/artigos\/conselho-administracao\/\" target=\"_blank\" rel=\"noopener\">conselho de administra\u00e7\u00e3o<\/a> da empresa. O prazo de revalida\u00e7\u00e3o acaba em dezembro deste ano, conforme a empresa.<\/p>\t<div class=\"wrapper-featured-image\">\n\t\t<figure class=\"spotlightImg\">\n\n\t\t\t<picture>\n\t\t\t\t<source media=\"(max-width: 768px)\" srcset=\"https:\/\/files.sunoresearch.com.br\/n\/uploads\/2024\/03\/Around_Paraty_Brazil_2018_247-400x200.jpg\">\n\t\t\t\t<img loading=\"lazy\" decoding=\"async\" class=\"newsContent__article__imgCapa lazyloadDisabled \" src=\"https:\/\/files.sunoresearch.com.br\/n\/uploads\/2024\/03\/Around_Paraty_Brazil_2018_247-800x450.jpg\" width=\"800\" height=\"450\" alt=\"Impasse entre governo e Eletrobras (ELET3) pode prejudicar renova\u00e7\u00e3o da concess\u00e3o de Angra 1\" fetchpriority=high \/>\n\t\t\t<\/picture>\n\n\t\t\t<figcaption class=\"wp-caption-text wp-caption-text--show\">Eletrobras Angra 1. Foto: Wikipedia Commons.<\/figcaption>\n\t\t<\/figure>\n\t<\/div>\n\n\n\n\n\n\n\n\t<p>\n\t\t<a href=\"https:\/\/lp.suno.com.br\/planilha-da-vida-financeira\/\" target=\"_blank\" data-element=\"shortcode-suno-banner\" title=\"Banner SUNO, clique e saiba mais\">\n\t\t\t<picture>\n\t\t\t\t<source media=\"(max-width: 500px)\" srcset=\"https:\/\/files.sunoresearch.com.br\/n\/uploads\/2023\/04\/400x300-Planilha-vida-financeira-true.png\">\n\t\t\t\t<img class=\"newsContent__article__imgCapa newsContent__article__imgCapa--banner\"\n\t\t\t\t\tsrc=\"https:\/\/files.sunoresearch.com.br\/n\/uploads\/2023\/04\/1420x240-Planilha-vida-financeira-true.png\"\n\t\t\t\t\tdata-promo-id=\"106682\"\t\t\t\t\t\t\t\t\t\twidth='1420' height='240'\t\t\t\t\talt=\"https:\/\/files.sunoresearch.com.br\/n\/uploads\/2023\/04\/1420x240-Planilha-vida-financeira-true.png\"\n\t\t\t\t>\n\t\t\t<\/picture>\n\t\t<\/a>\n\t<\/p>\n\n\n\n\n\n<p>O Supremo Tribunal Federal (STF) vai definir o peso do voto do governo na Eletrobras. Isso porque o governo tem 43% das a\u00e7\u00f5es, mas vota como se fosse dono de apenas 10% dos pap\u00e9is da ex-estatal.<\/p>\n\n\n\n<p>Na a\u00e7\u00e3o judicial, o governo pediu para ter voto proporcional \u00e0s a\u00e7\u00f5es que det\u00e9m. O relator do caso no STF \u00e9 o ministro Kassio Nunes Marques, indicado pelo ex-presidente Jair Bolsonaro. As informa\u00e7\u00f5es foram publicadas na coluna Radar Econ\u00f4mico, da Veja.<\/p>\n\n\n\n<h2 class=\"wp-block-heading\">Entenda o impasse entre o governo e a Eletrobras (ELET3)<\/h2>\n\n\n\n<p>O primeiro desentendimento entre o governo e a Eletrobras ocorreu ano passado devido ao n\u00famero de cadeiras do governo no <a class=\"suno-keyword\" target=\"_blank\" data-force=\"no\" data-priority=\"1\" href=\"https:\/\/www.suno.com.br\/artigos\/conselho-administracao\/\" rel=\"noopener\">conselho de administra\u00e7\u00e3o<\/a> da empresa. Agora, a controv\u00e9rsia est\u00e1 centrada na usina nuclear de<strong> Angra 1<\/strong>, que est\u00e1 chegando ao fim de sua vida \u00fatil em dezembro de 2024.<\/p>\n\n\n\n<p>O pedido oficial de prorroga\u00e7\u00e3o de sua opera\u00e7\u00e3o por mais 20 anos j\u00e1 foi encaminhado \u00e0 Comiss\u00e3o Nacional de Energia Nuclear (CNEN), o \u00f3rg\u00e3o regulador do setor.<\/p>\n\n\n\t<p>\n\t\t<a href=\"https:\/\/lp.suno.com.br\/ebook-como-analisar-uma-acao\/\" target=\"_blank\" data-element=\"shortcode-suno-banner\" title=\"Banner SUNO, clique e saiba mais\">\n\t\t\t<picture>\n\t\t\t\t<source media=\"(max-width: 500px)\" srcset=\"https:\/\/files.sunoresearch.com.br\/n\/uploads\/2023\/03\/Ebook-Acoes-Mobile.jpg\">\n\t\t\t\t<img class=\"newsContent__article__imgCapa newsContent__article__imgCapa--banner\"\n\t\t\t\t\tsrc=\"https:\/\/files.sunoresearch.com.br\/n\/uploads\/2023\/03\/Ebook-Acoes-Desktop.jpg\"\n\t\t\t\t\tdata-promo-id=\"378302\"\t\t\t\t\t\t\t\t\t\twidth='1420' height='286'\t\t\t\t\talt=\"https:\/\/files.sunoresearch.com.br\/n\/uploads\/2023\/03\/Ebook-Acoes-Desktop.jpg\"\n\t\t\t\t>\n\t\t\t<\/picture>\n\t\t<\/a>\n\t<\/p>\n\n\n\n\n\n<p>Entretanto, para que isso seja vi\u00e1vel, ser\u00e1 necess\u00e1rio implementar um programa de &#8220;retrofit&#8221; (moderniza\u00e7\u00e3o) da usina, visando garantir sua efici\u00eancia e seguran\u00e7a operacional ao longo das pr\u00f3ximas duas d\u00e9cadas.<\/p>\n\n\n\n<p>Estima-se que ser\u00e3o necess\u00e1rios investimentos entre R$ 2 bilh\u00f5es e R$ 2,5 bilh\u00f5es para cumprir tais exig\u00eancias. Por causa desse dinheiro, surge o desacordo. O governo pretende dividir os custos desse aporte com a Eletrobras, mas a empresa est\u00e1 resistindo a essa proposta.<\/p>\n\n\n\n<p>Sem uma resolu\u00e7\u00e3o sobre esse investimento, a obten\u00e7\u00e3o da nova licen\u00e7a fica em impasse, colocando em risco a opera\u00e7\u00e3o cont\u00ednua da <strong>usina de Angra 1<\/strong> a partir de dezembro.<\/p>\n\n\n\n<p>Inaugurada em 1985, ela contribui com 640 megawatts (MW) de pot\u00eancia para o <a class=\"suno-keyword\" target=\"_blank\" data-force=\"no\" data-priority=\"1\" href=\"https:\/\/www.suno.com.br\/artigos\/sistema-interligado-nacional\/\" rel=\"noopener\">sistema interligado nacional<\/a>.<\/p>\n\n\n\n<h2 class=\"wp-block-heading\">Desempenho das a\u00e7\u00f5es da Eletrobras<\/h2>\n\n\n\n<p>Confira o desempenho recente dos pap\u00e9is da <strong>Eletrobras<\/strong> (ELET3):<\/p>\n\n\n\n<div class=\"pluginQuotation\">\n  <p class=\"ticker\">\n    Cota\u00e7\u00e3o <span>ELET3<\/span>\n  <\/p>\n  <div class=\"info\">\n    <div class=\"leftSide\">\n      Gr\u00e1fico gerado em: 21\/03\/2024    <\/div>\n\t\t\t\t\t<div class=\"rightSide\">\n\t\t\t\t\t<span class=\"period\">\n\t\t\t\t\t\t1 Dia\t\t\t\t\t<\/span>\n\t\t\t<\/div>\n\t\t  <\/div>\n\n  <div id=\"chart-f49a9054655b54e80ca75a58c0345163\" data-block-hash=\"f49a9054655b54e80ca75a58c0345163\"  class=\"chart\" style=\"width:100%;height:400px;\"><\/div>\n\n  <div class=\"pluginQuotation__footer\">\n    <div class=\"dataChart\">\n\n      <div class=\"dataChart__div1 variation\">\n        <div class=\"value-positive\">\n          0,69 (+0,29%)        <\/div>\n        <div class=\"text\">\n          Varia\u00e7\u00e3o do per\u00edodo\n        <\/div>\n      <\/div>\n\n      <div class=\"dataChart__div2 minMax\">\n        <div class=\"value\">\n          R$\u00a042,22        <\/div>\n        <div class=\"text\">\n          M\u00ednima\n        <\/div>\n      <\/div>\n\n      <div class=\"dataChart__div3 minMax\">\n        <div class=\"value\">\n          R$\u00a042,68        <\/div>\n        <div class=\"text\">\n          M\u00e1xima\n        <\/div>\n      <\/div>\n\n\t\t\t<div class=\"dataChart__div4 rightSide\">\n\t\t\t\t<div class=\"analiticaSource\">\n\t\t\t\t\t<span>\n\t\t\t\t\t\tFonte:\n\t\t\t\t\t<\/span>\n\t\t\t\t\t<img decoding=\"async\" class=\"analiticaLogo\" src=\"https:\/\/www.suno.com.br\/noticias\/wp-content\/plugins\/suno-block-ticker-quotation\/src\/suno-analitica-logo.png\" alt=\"Logo Suno Anal\u00edtica\" \/>\n\t\t\t\t<\/div>\n\n\t\t\t\t<a href=\"https:\/\/www.suno.com.br\/analitica\/acoes\/ELET3\" target=\"_blank\">\n\t\t\t\t\t<span>\n\t\t\t\t\t\tVer mais cota\u00e7\u00f5es\n\t\t\t\t\t<\/span>\n\t\t\t\t\t<svg xmlns=\"http:\/\/www.w3.org\/2000\/svg\" width=\"9\" height=\"8\" viewBox=\"0 0 9 8\" fill=\"none\">\n\t\t\t\t\t\t<path d=\"M4.20996 0L3.50496 0.705L6.29496 3.5H0.209961V4.5H6.29496L3.50496 7.295L4.20996 8L8.20996 4L4.20996 0Z\" fill=\"#D42126\" \/>\n\t\t\t\t\t<\/svg>\n\t\t\t\t<\/a>\n    <\/div>\n\n    <\/div>\n  <\/div>\n<\/div>\n\n\n<script type=\"text\/javascript\">\n  let chart_f49a9054655b54e80ca75a58c0345163 = document.getElementById('chart-f49a9054655b54e80ca75a58c0345163');\n  let data_json_f49a9054655b54e80ca75a58c0345163 = \"[{\\\"date\\\":\\\"21\\\\\\\/03\\\\\\\/24 10:02\\\",\\\"value\\\":42.3},{\\\"date\\\":\\\"21\\\\\\\/03\\\\\\\/24 10:04\\\",\\\"value\\\":42.41},{\\\"date\\\":\\\"21\\\\\\\/03\\\\\\\/24 10:06\\\",\\\"value\\\":42.4},{\\\"date\\\":\\\"21\\\\\\\/03\\\\\\\/24 10:08\\\",\\\"value\\\":42.25},{\\\"date\\\":\\\"21\\\\\\\/03\\\\\\\/24 10:10\\\",\\\"value\\\":42.3},{\\\"date\\\":\\\"21\\\\\\\/03\\\\\\\/24 10:12\\\",\\\"value\\\":42.48},{\\\"date\\\":\\\"21\\\\\\\/03\\\\\\\/24 10:14\\\",\\\"value\\\":42.33},{\\\"date\\\":\\\"21\\\\\\\/03\\\\\\\/24 10:16\\\",\\\"value\\\":42.34},{\\\"date\\\":\\\"21\\\\\\\/03\\\\\\\/24 10:18\\\",\\\"value\\\":42.31},{\\\"date\\\":\\\"21\\\\\\\/03\\\\\\\/24 10:20\\\",\\\"value\\\":42.22},{\\\"date\\\":\\\"21\\\\\\\/03\\\\\\\/24 10:22\\\",\\\"value\\\":42.24},{\\\"date\\\":\\\"21\\\\\\\/03\\\\\\\/24 10:24\\\",\\\"value\\\":42.26},{\\\"date\\\":\\\"21\\\\\\\/03\\\\\\\/24 13:46\\\",\\\"value\\\":42.48},{\\\"date\\\":\\\"21\\\\\\\/03\\\\\\\/24 13:48\\\",\\\"value\\\":42.56},{\\\"date\\\":\\\"21\\\\\\\/03\\\\\\\/24 13:50\\\",\\\"value\\\":42.53},{\\\"date\\\":\\\"21\\\\\\\/03\\\\\\\/24 13:52\\\",\\\"value\\\":42.51},{\\\"date\\\":\\\"21\\\\\\\/03\\\\\\\/24 13:54\\\",\\\"value\\\":42.57},{\\\"date\\\":\\\"21\\\\\\\/03\\\\\\\/24 13:56\\\",\\\"value\\\":42.59},{\\\"date\\\":\\\"21\\\\\\\/03\\\\\\\/24 13:58\\\",\\\"value\\\":42.64},{\\\"date\\\":\\\"21\\\\\\\/03\\\\\\\/24 14:00\\\",\\\"value\\\":42.62},{\\\"date\\\":\\\"21\\\\\\\/03\\\\\\\/24 14:02\\\",\\\"value\\\":42.61},{\\\"date\\\":\\\"21\\\\\\\/03\\\\\\\/24 14:04\\\",\\\"value\\\":42.63},{\\\"date\\\":\\\"21\\\\\\\/03\\\\\\\/24 14:06\\\",\\\"value\\\":42.63},{\\\"date\\\":\\\"21\\\\\\\/03\\\\\\\/24 14:08\\\",\\\"value\\\":42.62},{\\\"date\\\":\\\"21\\\\\\\/03\\\\\\\/24 14:10\\\",\\\"value\\\":42.61},{\\\"date\\\":\\\"21\\\\\\\/03\\\\\\\/24 14:12\\\",\\\"value\\\":42.67},{\\\"date\\\":\\\"21\\\\\\\/03\\\\\\\/24 14:14\\\",\\\"value\\\":42.66},{\\\"date\\\":\\\"21\\\\\\\/03\\\\\\\/24 14:16\\\",\\\"value\\\":42.68},{\\\"date\\\":\\\"21\\\\\\\/03\\\\\\\/24 14:18\\\",\\\"value\\\":42.63},{\\\"date\\\":\\\"21\\\\\\\/03\\\\\\\/24 14:20\\\",\\\"value\\\":42.65},{\\\"date\\\":\\\"21\\\\\\\/03\\\\\\\/24 14:22\\\",\\\"value\\\":42.64},{\\\"date\\\":\\\"21\\\\\\\/03\\\\\\\/24 14:24\\\",\\\"value\\\":42.62},{\\\"date\\\":\\\"21\\\\\\\/03\\\\\\\/24 14:26\\\",\\\"value\\\":42.6},{\\\"date\\\":\\\"21\\\\\\\/03\\\\\\\/24 14:28\\\",\\\"value\\\":42.62},{\\\"date\\\":\\\"21\\\\\\\/03\\\\\\\/24 14:30\\\",\\\"value\\\":42.59},{\\\"date\\\":\\\"21\\\\\\\/03\\\\\\\/24 14:32\\\",\\\"value\\\":42.59}]\";\n  let isPositive_f49a9054655b54e80ca75a58c0345163 = true;\n\n  let color_f49a9054655b54e80ca75a58c0345163 = isPositive_f49a9054655b54e80ca75a58c0345163 ? '#3AB53A' : '#D92C2D';\n\n  let data_f49a9054655b54e80ca75a58c0345163 = JSON.parse(data_json_f49a9054655b54e80ca75a58c0345163);\n\n  const result_f49a9054655b54e80ca75a58c0345163 = {\n    date: [],\n    value: [],\n  };\n\n  data_f49a9054655b54e80ca75a58c0345163.forEach((item) => {\n    result_f49a9054655b54e80ca75a58c0345163.date.push(item.date);\n    result_f49a9054655b54e80ca75a58c0345163.value.push(Number(item.value));\n  });\n\n  let option_f49a9054655b54e80ca75a58c0345163 = {\n    \/\/ variavel de cor global\n    color: [color_f49a9054655b54e80ca75a58c0345163],\n    title: {\n      text: '',\n    },\n    tooltip: {\n      trigger: 'axis',\n      axisPointer: {\n        type: 'cross',\n        label: {\n          \/\/ cor dos valores em X e Y\n          backgroundColor: color_f49a9054655b54e80ca75a58c0345163,\n          formatter: (value) => {\n            if (typeof value.value === 'number') {\n              return Number(value.value).toLocaleString('pt-br', {\n                style: 'currency',\n                currency: 'BRL'\n              });\n            }\n            return value.value;\n          },\n        },\n      },\n      valueFormatter: (value) => Number(value).toLocaleString('pt-br', {\n        style: 'currency',\n        currency: 'BRL'\n      }),\n    },\n    legend: {\n      \/\/ data: ['Valor de Fechamento'],\n      show: false,\n    },\n    toolbox: {\n      feature: {\n        saveAsImage: {\n          show: false,\n        },\n      },\n    },\n    grid: {\n      left: '0px',\n      right: '0px',\n      bottom: '0px',\n      containLabel: true,\n    },\n    xAxis: [{\n      type: 'category',\n      data: result_f49a9054655b54e80ca75a58c0345163.date,\n      boundaryGap: true,\n    }],\n    yAxis: [{\n      type: 'value',\n      min: Math.min(...result_f49a9054655b54e80ca75a58c0345163.value),\n      max: Math.max(...result_f49a9054655b54e80ca75a58c0345163.value),\n      axisLabel: {\n        formatter: (value) => value.toLocaleString('pt-br', {\n          style: 'currency',\n          currency: 'BRL'\n        }),\n      },\n    }],\n    series: [{\n      name: 'Valor de Fechamento',\n      type: 'line',\n      stack: 'Total',\n      \/\/ cor do grafico\n      areaStyle: {},\n      emphasis: {\n        focus: 'series',\n      },\n      data: result_f49a9054655b54e80ca75a58c0345163.value,\n      \/\/ cor da linha\n      lineStyle: {\n        color: color_f49a9054655b54e80ca75a58c0345163,\n      },\n    }, ],\n  };\n\n\twindow.chart_f49a9054655b54e80ca75a58c0345163 = {\n\t\tel: chart_f49a9054655b54e80ca75a58c0345163,\n\t\toption: option_f49a9054655b54e80ca75a58c0345163\t};\n\n\n<\/script>\n\n\n\t<p>\n\t\t<a href=\"https:\/\/lp.suno.com.br\/planilha-da-vida-financeira\/\" target=\"_blank\" data-element=\"shortcode-suno-banner\" title=\"Banner SUNO, clique e saiba mais\">\n\t\t\t<picture>\n\t\t\t\t<source media=\"(max-width: 500px)\" srcset=\"https:\/\/files.sunoresearch.com.br\/n\/uploads\/2023\/04\/400x300-Planilha-vida-financeira-true.png\">\n\t\t\t\t<img class=\"newsContent__article__imgCapa newsContent__article__imgCapa--banner\"\n\t\t\t\t\tsrc=\"https:\/\/files.sunoresearch.com.br\/n\/uploads\/2023\/04\/1420x240-Planilha-vida-financeira-true.png\"\n\t\t\t\t\tdata-promo-id=\"383123\"\t\t\t\t\t\t\t\t\t\twidth='1420' height='240'\t\t\t\t\talt=\"https:\/\/files.sunoresearch.com.br\/n\/uploads\/2023\/04\/1420x240-Planilha-vida-financeira-true.png\"\n\t\t\t\t>\n\t\t\t<\/picture>\n\t\t<\/a>\n\t<\/p>\n\n\n","protected":false},"excerpt":{"rendered":"<p>Membros da ala privada da Eletrobras (ELET3) n\u00e3o aprovaram o plano de investimentos de Angra 1, estimado em cerca de R$ 880 milh\u00f5es. A incerteza pode prejudicar a renova\u00e7\u00e3o da concess\u00e3o da usina nuclear de Angra dos Reis no conselho de administra\u00e7\u00e3o da empresa. O prazo de revalida\u00e7\u00e3o acaba em dezembro deste ano, conforme a [&hellip;]<\/p>\n","protected":false},"author":345,"featured_media":536456,"comment_status":"closed","ping_status":"closed","sticky":false,"template":"","format":"standard","meta":[],"categories":[64],"tags":[455],"suno_strategy":[],"class_list":["post-536435","post","type-post","status-publish","format-standard","has-post-thumbnail","hentry","category-negocios","tag-eletrobras-elet3-elet5-elet6"],"yoast_head":"<!-- This site is optimized with the Yoast SEO plugin v24.4 - https:\/\/yoast.com\/wordpress\/plugins\/seo\/ -->\n<title>Eletrobras (ELET3): impasse com governo pode prejudicar Angra 1<\/title>\n<meta name=\"description\" content=\"Membros da ala privada da Eletrobras (ELET3) n\u00e3o aprovaram o plano de investimentos de Angra 1. Saiba mais sobre a Eletrobras e Angra 1.\" \/>\n<meta name=\"robots\" content=\"index, follow, max-snippet:-1, max-image-preview:large, max-video-preview:-1\" \/>\n<link rel=\"canonical\" href=\"https:\/\/www.suno.com.br\/noticias\/eletrobras-elet3-impasse-angra-mm\/\" \/>\n<meta property=\"og:locale\" content=\"pt_BR\" \/>\n<meta property=\"og:type\" content=\"article\" \/>\n<meta property=\"og:title\" content=\"Eletrobras (ELET3): impasse com governo pode prejudicar Angra 1\" \/>\n<meta property=\"og:description\" content=\"Membros da ala privada da Eletrobras (ELET3) n\u00e3o aprovaram o plano de investimentos de Angra 1. Saiba mais sobre a Eletrobras e Angra 1.\" \/>\n<meta property=\"og:url\" content=\"https:\/\/www.suno.com.br\/noticias\/eletrobras-elet3-impasse-angra-mm\/\" \/>\n<meta property=\"og:site_name\" content=\"Suno Not\u00edcias\" \/>\n<meta property=\"article:publisher\" content=\"https:\/\/facebook.com\/sunoresearch\" \/>\n<meta property=\"og:image\" content=\"https:\/\/files.sunoresearch.com.br\/n\/uploads\/2024\/03\/Around_Paraty_Brazil_2018_247-scaled.jpg\" \/>\n\t<meta property=\"og:image:width\" content=\"2560\" \/>\n\t<meta property=\"og:image:height\" content=\"1707\" \/>\n\t<meta property=\"og:image:type\" content=\"image\/jpeg\" \/>\n<meta name=\"author\" content=\"Murilo Melo\" \/>\n<meta name=\"twitter:card\" content=\"summary_large_image\" \/>\n<meta name=\"twitter:creator\" content=\"@sunoresearch\" \/>\n<meta name=\"twitter:site\" content=\"@sunoresearch\" \/>\n<meta name=\"twitter:label1\" content=\"Escrito por\" \/>\n\t<meta name=\"twitter:data1\" content=\"Murilo Melo\" \/>\n\t<meta name=\"twitter:label2\" content=\"Est. tempo de leitura\" \/>\n\t<meta name=\"twitter:data2\" content=\"2 minutos\" \/>\n<script type=\"application\/ld+json\" class=\"yoast-schema-graph\">{\"@context\":\"https:\/\/schema.org\",\"@graph\":[{\"@type\":\"NewsArticle\",\"@id\":\"https:\/\/www.suno.com.br\/noticias\/eletrobras-elet3-impasse-angra-mm\/#article\",\"isPartOf\":{\"@id\":\"https:\/\/www.suno.com.br\/noticias\/eletrobras-elet3-impasse-angra-mm\/\"},\"author\":{\"name\":\"Murilo Melo\",\"@id\":\"https:\/\/www.suno.com.br\/noticias\/#\/schema\/person\/32d4feb215afe4b317d446bb442400dd\"},\"headline\":\"Impasse entre governo e Eletrobras (ELET3) pode prejudicar renova\u00e7\u00e3o da concess\u00e3o de Angra 1\",\"datePublished\":\"2024-03-21T22:10:48+00:00\",\"dateModified\":\"2024-03-21T22:10:53+00:00\",\"mainEntityOfPage\":{\"@id\":\"https:\/\/www.suno.com.br\/noticias\/eletrobras-elet3-impasse-angra-mm\/\"},\"wordCount\":400,\"publisher\":{\"@id\":\"https:\/\/www.suno.com.br\/noticias\/#organization\"},\"image\":{\"@id\":\"https:\/\/www.suno.com.br\/noticias\/eletrobras-elet3-impasse-angra-mm\/#primaryimage\"},\"thumbnailUrl\":\"https:\/\/files.sunoresearch.com.br\/n\/uploads\/2024\/03\/Around_Paraty_Brazil_2018_247-scaled.jpg\",\"keywords\":[\"Eletrobras (ELET3\/ELET5\/ELET6)\"],\"articleSection\":[\"Neg\u00f3cios\"],\"inLanguage\":\"pt-BR\"},{\"@type\":\"WebPage\",\"@id\":\"https:\/\/www.suno.com.br\/noticias\/eletrobras-elet3-impasse-angra-mm\/\",\"url\":\"https:\/\/www.suno.com.br\/noticias\/eletrobras-elet3-impasse-angra-mm\/\",\"name\":\"Eletrobras (ELET3): impasse com governo pode prejudicar Angra 1\",\"isPartOf\":{\"@id\":\"https:\/\/www.suno.com.br\/noticias\/#website\"},\"primaryImageOfPage\":{\"@id\":\"https:\/\/www.suno.com.br\/noticias\/eletrobras-elet3-impasse-angra-mm\/#primaryimage\"},\"image\":{\"@id\":\"https:\/\/www.suno.com.br\/noticias\/eletrobras-elet3-impasse-angra-mm\/#primaryimage\"},\"thumbnailUrl\":\"https:\/\/files.sunoresearch.com.br\/n\/uploads\/2024\/03\/Around_Paraty_Brazil_2018_247-scaled.jpg\",\"datePublished\":\"2024-03-21T22:10:48+00:00\",\"dateModified\":\"2024-03-21T22:10:53+00:00\",\"description\":\"Membros da ala privada da Eletrobras (ELET3) n\u00e3o aprovaram o plano de investimentos de Angra 1. Saiba mais sobre a Eletrobras e Angra 1.\",\"breadcrumb\":{\"@id\":\"https:\/\/www.suno.com.br\/noticias\/eletrobras-elet3-impasse-angra-mm\/#breadcrumb\"},\"inLanguage\":\"pt-BR\",\"potentialAction\":[{\"@type\":\"ReadAction\",\"target\":[\"https:\/\/www.suno.com.br\/noticias\/eletrobras-elet3-impasse-angra-mm\/\"]}]},{\"@type\":\"ImageObject\",\"inLanguage\":\"pt-BR\",\"@id\":\"https:\/\/www.suno.com.br\/noticias\/eletrobras-elet3-impasse-angra-mm\/#primaryimage\",\"url\":\"https:\/\/files.sunoresearch.com.br\/n\/uploads\/2024\/03\/Around_Paraty_Brazil_2018_247-scaled.jpg\",\"contentUrl\":\"https:\/\/files.sunoresearch.com.br\/n\/uploads\/2024\/03\/Around_Paraty_Brazil_2018_247-scaled.jpg\",\"width\":2560,\"height\":1707,\"caption\":\"Eletrobras Angra 1. Foto: Wikipedia Commons.\"},{\"@type\":\"BreadcrumbList\",\"@id\":\"https:\/\/www.suno.com.br\/noticias\/eletrobras-elet3-impasse-angra-mm\/#breadcrumb\",\"itemListElement\":[{\"@type\":\"ListItem\",\"position\":1,\"name\":\"Not\u00edcias\",\"item\":\"https:\/\/www.suno.com.br\/noticias\/\"},{\"@type\":\"ListItem\",\"position\":2,\"name\":\"Neg\u00f3cios\",\"item\":\"https:\/\/www.suno.com.br\/noticias\/negocios\/\"},{\"@type\":\"ListItem\",\"position\":3,\"name\":\"Impasse entre governo e Eletrobras (ELET3) pode prejudicar renova\u00e7\u00e3o da concess\u00e3o de Angra 1\"}]},{\"@type\":\"WebSite\",\"@id\":\"https:\/\/www.suno.com.br\/noticias\/#website\",\"url\":\"https:\/\/www.suno.com.br\/noticias\/\",\"name\":\"Suno Not\u00edcias\",\"description\":\"Seu portal de informa\u00e7\u00e3o sobre o mundo dos investimentos\",\"publisher\":{\"@id\":\"https:\/\/www.suno.com.br\/noticias\/#organization\"},\"potentialAction\":[{\"@type\":\"SearchAction\",\"target\":{\"@type\":\"EntryPoint\",\"urlTemplate\":\"https:\/\/www.suno.com.br\/noticias\/?s={search_term_string}\"},\"query-input\":{\"@type\":\"PropertyValueSpecification\",\"valueRequired\":true,\"valueName\":\"search_term_string\"}}],\"inLanguage\":\"pt-BR\"},{\"@type\":\"Organization\",\"@id\":\"https:\/\/www.suno.com.br\/noticias\/#organization\",\"name\":\"Suno Not\u00edcias\",\"url\":\"https:\/\/www.suno.com.br\/noticias\/\",\"logo\":{\"@type\":\"ImageObject\",\"inLanguage\":\"pt-BR\",\"@id\":\"https:\/\/www.suno.com.br\/noticias\/#\/schema\/logo\/image\/\",\"url\":\"https:\/\/files.sunoresearch.com.br\/n\/uploads\/2021\/09\/suno-logo.png\",\"contentUrl\":\"https:\/\/files.sunoresearch.com.br\/n\/uploads\/2021\/09\/suno-logo.png\",\"width\":180,\"height\":180,\"caption\":\"Suno Not\u00edcias\"},\"image\":{\"@id\":\"https:\/\/www.suno.com.br\/noticias\/#\/schema\/logo\/image\/\"},\"sameAs\":[\"https:\/\/facebook.com\/sunoresearch\",\"https:\/\/x.com\/sunoresearch\",\"https:\/\/www.instagram.com\/suno\",\"https:\/\/www.linkedin.com\/company\/suno-research\/\",\"https:\/\/www.youtube.com\/c\/sunoresearch\"]},{\"@type\":\"Person\",\"@id\":\"https:\/\/www.suno.com.br\/noticias\/#\/schema\/person\/32d4feb215afe4b317d446bb442400dd\",\"name\":\"Murilo Melo\",\"image\":{\"@type\":\"ImageObject\",\"inLanguage\":\"pt-BR\",\"@id\":\"https:\/\/www.suno.com.br\/noticias\/#\/schema\/person\/image\/\",\"url\":\"https:\/\/secure.gravatar.com\/avatar\/af7a693198b592028493c0e8b0583d4f?s=96&r=g\",\"contentUrl\":\"https:\/\/secure.gravatar.com\/avatar\/af7a693198b592028493c0e8b0583d4f?s=96&r=g\",\"caption\":\"Murilo Melo\"},\"description\":\"\u00c9 um jornalista e letr\u00f3logo com vasta experi\u00eancia em economia, finan\u00e7as e mercado. J\u00e1 foi rep\u00f3rter de jornais, revistas e sites noticiosos como A Tarde, Correio e Folha de S.Paulo. No Suno Not\u00edcias, escreve sobre neg\u00f3cios\",\"url\":\"https:\/\/www.suno.com.br\/noticias\/author\/murilomelo-jornalismogmail-com\/\"}]}<\/script>\n<!-- \/ Yoast SEO plugin. -->","yoast_head_json":{"title":"Eletrobras (ELET3): impasse com governo pode prejudicar Angra 1","description":"Membros da ala privada da Eletrobras (ELET3) n\u00e3o aprovaram o plano de investimentos de Angra 1. Saiba mais sobre a Eletrobras e Angra 1.","robots":{"index":"index","follow":"follow","max-snippet":"max-snippet:-1","max-image-preview":"max-image-preview:large","max-video-preview":"max-video-preview:-1"},"canonical":"https:\/\/www.suno.com.br\/noticias\/eletrobras-elet3-impasse-angra-mm\/","og_locale":"pt_BR","og_type":"article","og_title":"Eletrobras (ELET3): impasse com governo pode prejudicar Angra 1","og_description":"Membros da ala privada da Eletrobras (ELET3) n\u00e3o aprovaram o plano de investimentos de Angra 1. Saiba mais sobre a Eletrobras e Angra 1.","og_url":"https:\/\/www.suno.com.br\/noticias\/eletrobras-elet3-impasse-angra-mm\/","og_site_name":"Suno Not\u00edcias","article_publisher":"https:\/\/facebook.com\/sunoresearch","og_image":[{"width":2560,"height":1707,"url":"https:\/\/files.sunoresearch.com.br\/n\/uploads\/2024\/03\/Around_Paraty_Brazil_2018_247-scaled.jpg","type":"image\/jpeg"}],"author":"Murilo Melo","twitter_card":"summary_large_image","twitter_creator":"@sunoresearch","twitter_site":"@sunoresearch","twitter_misc":{"Escrito por":"Murilo Melo","Est. tempo de leitura":"2 minutos"},"schema":{"@context":"https:\/\/schema.org","@graph":[{"@type":"NewsArticle","@id":"https:\/\/www.suno.com.br\/noticias\/eletrobras-elet3-impasse-angra-mm\/#article","isPartOf":{"@id":"https:\/\/www.suno.com.br\/noticias\/eletrobras-elet3-impasse-angra-mm\/"},"author":{"name":"Murilo Melo","@id":"https:\/\/www.suno.com.br\/noticias\/#\/schema\/person\/32d4feb215afe4b317d446bb442400dd"},"headline":"Impasse entre governo e Eletrobras (ELET3) pode prejudicar renova\u00e7\u00e3o da concess\u00e3o de Angra 1","datePublished":"2024-03-21T22:10:48+00:00","dateModified":"2024-03-21T22:10:53+00:00","mainEntityOfPage":{"@id":"https:\/\/www.suno.com.br\/noticias\/eletrobras-elet3-impasse-angra-mm\/"},"wordCount":400,"publisher":{"@id":"https:\/\/www.suno.com.br\/noticias\/#organization"},"image":{"@id":"https:\/\/www.suno.com.br\/noticias\/eletrobras-elet3-impasse-angra-mm\/#primaryimage"},"thumbnailUrl":"https:\/\/files.sunoresearch.com.br\/n\/uploads\/2024\/03\/Around_Paraty_Brazil_2018_247-scaled.jpg","keywords":["Eletrobras (ELET3\/ELET5\/ELET6)"],"articleSection":["Neg\u00f3cios"],"inLanguage":"pt-BR"},{"@type":"WebPage","@id":"https:\/\/www.suno.com.br\/noticias\/eletrobras-elet3-impasse-angra-mm\/","url":"https:\/\/www.suno.com.br\/noticias\/eletrobras-elet3-impasse-angra-mm\/","name":"Eletrobras (ELET3): impasse com governo pode prejudicar Angra 1","isPartOf":{"@id":"https:\/\/www.suno.com.br\/noticias\/#website"},"primaryImageOfPage":{"@id":"https:\/\/www.suno.com.br\/noticias\/eletrobras-elet3-impasse-angra-mm\/#primaryimage"},"image":{"@id":"https:\/\/www.suno.com.br\/noticias\/eletrobras-elet3-impasse-angra-mm\/#primaryimage"},"thumbnailUrl":"https:\/\/files.sunoresearch.com.br\/n\/uploads\/2024\/03\/Around_Paraty_Brazil_2018_247-scaled.jpg","datePublished":"2024-03-21T22:10:48+00:00","dateModified":"2024-03-21T22:10:53+00:00","description":"Membros da ala privada da Eletrobras (ELET3) n\u00e3o aprovaram o plano de investimentos de Angra 1. Saiba mais sobre a Eletrobras e Angra 1.","breadcrumb":{"@id":"https:\/\/www.suno.com.br\/noticias\/eletrobras-elet3-impasse-angra-mm\/#breadcrumb"},"inLanguage":"pt-BR","potentialAction":[{"@type":"ReadAction","target":["https:\/\/www.suno.com.br\/noticias\/eletrobras-elet3-impasse-angra-mm\/"]}]},{"@type":"ImageObject","inLanguage":"pt-BR","@id":"https:\/\/www.suno.com.br\/noticias\/eletrobras-elet3-impasse-angra-mm\/#primaryimage","url":"https:\/\/files.sunoresearch.com.br\/n\/uploads\/2024\/03\/Around_Paraty_Brazil_2018_247-scaled.jpg","contentUrl":"https:\/\/files.sunoresearch.com.br\/n\/uploads\/2024\/03\/Around_Paraty_Brazil_2018_247-scaled.jpg","width":2560,"height":1707,"caption":"Eletrobras Angra 1. Foto: Wikipedia Commons."},{"@type":"BreadcrumbList","@id":"https:\/\/www.suno.com.br\/noticias\/eletrobras-elet3-impasse-angra-mm\/#breadcrumb","itemListElement":[{"@type":"ListItem","position":1,"name":"Not\u00edcias","item":"https:\/\/www.suno.com.br\/noticias\/"},{"@type":"ListItem","position":2,"name":"Neg\u00f3cios","item":"https:\/\/www.suno.com.br\/noticias\/negocios\/"},{"@type":"ListItem","position":3,"name":"Impasse entre governo e Eletrobras (ELET3) pode prejudicar renova\u00e7\u00e3o da concess\u00e3o de Angra 1"}]},{"@type":"WebSite","@id":"https:\/\/www.suno.com.br\/noticias\/#website","url":"https:\/\/www.suno.com.br\/noticias\/","name":"Suno Not\u00edcias","description":"Seu portal de informa\u00e7\u00e3o sobre o mundo dos investimentos","publisher":{"@id":"https:\/\/www.suno.com.br\/noticias\/#organization"},"potentialAction":[{"@type":"SearchAction","target":{"@type":"EntryPoint","urlTemplate":"https:\/\/www.suno.com.br\/noticias\/?s={search_term_string}"},"query-input":{"@type":"PropertyValueSpecification","valueRequired":true,"valueName":"search_term_string"}}],"inLanguage":"pt-BR"},{"@type":"Organization","@id":"https:\/\/www.suno.com.br\/noticias\/#organization","name":"Suno Not\u00edcias","url":"https:\/\/www.suno.com.br\/noticias\/","logo":{"@type":"ImageObject","inLanguage":"pt-BR","@id":"https:\/\/www.suno.com.br\/noticias\/#\/schema\/logo\/image\/","url":"https:\/\/files.sunoresearch.com.br\/n\/uploads\/2021\/09\/suno-logo.png","contentUrl":"https:\/\/files.sunoresearch.com.br\/n\/uploads\/2021\/09\/suno-logo.png","width":180,"height":180,"caption":"Suno Not\u00edcias"},"image":{"@id":"https:\/\/www.suno.com.br\/noticias\/#\/schema\/logo\/image\/"},"sameAs":["https:\/\/facebook.com\/sunoresearch","https:\/\/x.com\/sunoresearch","https:\/\/www.instagram.com\/suno","https:\/\/www.linkedin.com\/company\/suno-research\/","https:\/\/www.youtube.com\/c\/sunoresearch"]},{"@type":"Person","@id":"https:\/\/www.suno.com.br\/noticias\/#\/schema\/person\/32d4feb215afe4b317d446bb442400dd","name":"Murilo Melo","image":{"@type":"ImageObject","inLanguage":"pt-BR","@id":"https:\/\/www.suno.com.br\/noticias\/#\/schema\/person\/image\/","url":"https:\/\/secure.gravatar.com\/avatar\/af7a693198b592028493c0e8b0583d4f?s=96&r=g","contentUrl":"https:\/\/secure.gravatar.com\/avatar\/af7a693198b592028493c0e8b0583d4f?s=96&r=g","caption":"Murilo Melo"},"description":"\u00c9 um jornalista e letr\u00f3logo com vasta experi\u00eancia em economia, finan\u00e7as e mercado. J\u00e1 foi rep\u00f3rter de jornais, revistas e sites noticiosos como A Tarde, Correio e Folha de S.Paulo. No Suno Not\u00edcias, escreve sobre neg\u00f3cios","url":"https:\/\/www.suno.com.br\/noticias\/author\/murilomelo-jornalismogmail-com\/"}]}},"default_loop_html":"<div class=\"cardsPage__listCard__boxs\"><div class=\"cardsPage__listCard__boxs__img\"><a href=\"https:\/\/www.suno.com.br\/noticias\/eletrobras-elet3-impasse-angra-mm\/\"><img class=\"mask\" src=\"https:\/\/www.suno.com.br\/noticias\/wp-content\/themes\/suno\/resources\/images\/spotlight\/spotlight1img\/bg-mask.png\" alt=\"Image Mask\"\/><img src=\"https:\/\/files.sunoresearch.com.br\/n\/uploads\/2024\/03\/Around_Paraty_Brazil_2018_247-400x200.jpg\" alt=\"Impasse entre governo e Eletrobras (ELET3) pode prejudicar renova\u00e7\u00e3o da concess\u00e3o de Angra 1\"\/><\/a><span class=\"spotlightCategory\"><a href=\"https:\/\/www.suno.com.br\/noticias\/negocios\/\">Neg\u00f3cios<\/a><\/span><\/div><div class=\"cardsPage__listCard__boxs__content\"><a href=\"https:\/\/www.suno.com.br\/noticias\/eletrobras-elet3-impasse-angra-mm\/\"><h2 class=\"content__title\">Impasse entre governo e Eletrobras (ELET3) pode prejudicar renova\u00e7\u00e3o da concess\u00e3o de Angra 1<\/h2><\/a><div class=\"newsContent__article__meta\"><div class=\"newsContent__article__meta__authorBox\"><a href=\"https:\/\/www.suno.com.br\/noticias\/author\/murilomelo-jornalismogmail-com\/\" class=\"authorBox__avatar noMobi\"><img src=\"https:\/\/files.sunoresearch.com.br\/n\/uploads\/2024\/02\/Murilo_Melo_Jornalista-e1708476456132-150x150.jpeg\" alt=\"Murilo Melo\"><\/a><div class=\"authorBox__name\"><span>por\n\t\t\t<a href=\"https:\/\/www.suno.com.br\/noticias\/author\/murilomelo-jornalismogmail-com\/\"><span itemprop=\"author\">Murilo Melo<\/span><\/a><\/span><time datetime=\"2024-03-21T19:10:48-03:00\" itemprop=\"datePublished\">21\/03\/2024 19:10<\/time><\/div><\/div><\/div><\/div><\/div>","single_layout":"posts","amp_enabled":true,"_links":{"self":[{"href":"https:\/\/www.suno.com.br\/noticias\/wp-json\/wp\/v2\/posts\/536435"}],"collection":[{"href":"https:\/\/www.suno.com.br\/noticias\/wp-json\/wp\/v2\/posts"}],"about":[{"href":"https:\/\/www.suno.com.br\/noticias\/wp-json\/wp\/v2\/types\/post"}],"author":[{"embeddable":true,"href":"https:\/\/www.suno.com.br\/noticias\/wp-json\/wp\/v2\/users\/345"}],"replies":[{"embeddable":true,"href":"https:\/\/www.suno.com.br\/noticias\/wp-json\/wp\/v2\/comments?post=536435"}],"version-history":[{"count":2,"href":"https:\/\/www.suno.com.br\/noticias\/wp-json\/wp\/v2\/posts\/536435\/revisions"}],"predecessor-version":[{"id":536458,"href":"https:\/\/www.suno.com.br\/noticias\/wp-json\/wp\/v2\/posts\/536435\/revisions\/536458"}],"wp:featuredmedia":[{"embeddable":true,"href":"https:\/\/www.suno.com.br\/noticias\/wp-json\/wp\/v2\/media\/536456"}],"wp:attachment":[{"href":"https:\/\/www.suno.com.br\/noticias\/wp-json\/wp\/v2\/media?parent=536435"}],"wp:term":[{"taxonomy":"category","embeddable":true,"href":"https:\/\/www.suno.com.br\/noticias\/wp-json\/wp\/v2\/categories?post=536435"},{"taxonomy":"post_tag","embeddable":true,"href":"https:\/\/www.suno.com.br\/noticias\/wp-json\/wp\/v2\/tags?post=536435"},{"taxonomy":"suno_strategy","embeddable":true,"href":"https:\/\/www.suno.com.br\/noticias\/wp-json\/wp\/v2\/suno_strategy?post=536435"}],"curies":[{"name":"wp","href":"https:\/\/api.w.org\/{rel}","templated":true}]}}